{"id":203,"date":"2004-11-23T17:28:24","date_gmt":"2004-11-23T16:28:24","guid":{"rendered":""},"modified":"2025-07-02T16:50:59","modified_gmt":"2025-07-02T14:50:59","slug":"il-caso-mortara","status":"publish","type":"post","link":"https:\/\/www.rassegnastampa-totustuus.it\/cattolica\/il-caso-mortara\/","title":{"rendered":"Il &#8221;caso Mortara&#8221;"},"content":{"rendered":"\n<p class=\"has-text-align-center\"><strong><a href=\"https:\/\/www.sugarcoedizioni.it\/cose-della-vita-levittorio-messori\/\" target=\"_blank\" rel=\"noreferrer noopener\">Le cose della vita<\/a><\/strong>, San Paolo, Milano 1995, p. 322<\/p>\n\n\n\n<p><em>Riemp\u00ec le gazzette ottocentesche di mezzo mondo e provoc\u00f2 addirittura passi diplomatici e interventi infiammati nei parlamenti d&#8217;Europa e delle Americhe. Ora l&#8217;episodio sembra dimenticato, ma di tanto in tanto c\u00e0pita di ritrovarlo evocato. Non sar\u00e0 dunque inutile informare i lettori dei dati corretti di un &#8220;caso&#8221; doloroso e drammatico, ma con un finale a sorpresa che &#8211; guarda caso &#8211; non \u00e8 mai citato dagli accusatori.<\/em><\/p>\n\n\n\n<p class=\"has-text-align-center\">di <strong>Vittorio Messori<\/strong><\/p>\n\n\n<div class=\"wp-block-image\">\n<figure class=\"aligncenter size-full is-resized\"><a href=\"https:\/\/www.rassegnastampa-totustuus.it\/cattolica\/wp-content\/uploads\/2004\/11\/caso_Mortara.jpg\"><img loading=\"lazy\" decoding=\"async\" width=\"256\" height=\"195\" src=\"https:\/\/www.rassegnastampa-totustuus.it\/cattolica\/wp-content\/uploads\/2004\/11\/caso_Mortara.jpg\" alt=\"\" class=\"wp-image-30970\" style=\"width:396px;height:auto\"\/><\/a><\/figure><\/div>\n\n\n<!--more-->\n\n\n\n<p><strong>Scorro una di quelle <\/strong>pubblicazioni presentate come di &#8220;incontro&#8221; tra cristianesimo ed ebraismo, mentre spesso si risolvono in un affannarsi di cristiani di oggi per attribuire ai cristiani di ieri tutte le infamie antisemite della storia. Gi\u00e0 l&#8217;osservammo, qui: proprio quelli che pi\u00f9 dicono di avere a cuore la giustizia si preoccupano solo dei loro contemporanei, dimenticando che c&#8217;\u00e8 un dovere di giustizia anche verso coloro che ci hanno preceduti. Occorre essere giusti non solo verso i vivi, ma anche verso i morti: anzi, pi\u00f9 che mai verso questi, perch\u00e9 non possono difendersi; e soprattutto se si tratta di fratelli in una fede della quale non solo noi (checch\u00e9 ne pensi la nostra risibile superbia di moderni) abbiamo capito da poco le esigenze.<\/p>\n\n\n\n<p>Nella pubblicazione cui mi riferisco, dei cattolici inveiscono tra l&#8217;altro contro la Chiesa ottocentesca che avrebbe compiuto scelleratezze come, testualmente, &#8220;il sequestro del figlio agli sventurati coniugi Mortara&#8221;. Si dice che si tratta di una ignominia, per la quale si chiede perdono, promettendo che questo non potr\u00e0 pi\u00f9 avvenire. Ma allora, proprio per amore di verit\u00e0 e, dunque di giustizia, andiamo a vedere che cosa fu esattamente questo &#8220;caso Mortara&#8221; che riemp\u00ec le gazzette ottocentesche di mezzo mondo e provoc\u00f2 addirittura passi diplomatici e interventi infiammati nei parlamenti d&#8217;Europa e delle Americhe. Ora l&#8217;episodio sembra dimenticato, ma di tanto in tanto c\u00e0pita di ritrovarlo evocato. Non sar\u00e0 dunque inutile informare i lettori dei dati corretti di un &#8220;caso&#8221; doloroso e drammatico, ma con un finale a sorpresa che &#8211; guarda caso &#8211; non \u00e8 mai citato dagli accusatori.<\/p>\n\n\n\n<p><strong>Girolamo Mortara <\/strong>Levi, ricco mercante ebreo di Bologna (allora negli Stati pontifici) ebbe nel 1851 dalla moglie, anch&#8217;essa ebrea, un figlio cui fu dato il nome di Edgardo. A undici mesi il bambino fu colpito da una gravissima malattia, per cui fu dato per ormai spacciato. Credendo che la morte fosse questione di ore, una domestica cattolica al servizio dei Mortara amministr\u00f2 di nascosto (e di sua iniziativa, senza consultare alcuno) il battesimo al piccolo. Il quale ebbe per\u00f2 una sorprendente ripresa e torn\u00f2 alla salute. Nel 1858 &#8211; quando Edgardo aveva 7 anni &#8211; una donna si present\u00f2 spontaneamente all&#8217;autorit\u00e0 ecclesiastica di Bologna per informare del caso.<\/p>\n\n\n\n<p>L&#8217;arcivescovo fece svolgere un&#8217;inchiesta minuziosa che constat\u00f2 che il battesimo era s\u00ec <em>illecito <\/em>perch\u00e9 amministrato senza il consenso dei genitori, ma era <em>valido, <\/em>secondo la teologia e il diritto canonico. Dunque, con quel &#8220;segno oggettivo&#8221; che \u00e8 il battesimo, il piccolo Edgardo era stato inserito &#8211; mistericamente ma realmente &#8211; nella comunit\u00e0 cristiana. Cos\u00ec, il bambino fu tolto ai genitori (cui fu data peraltro ogni facolt\u00e0 di visitarlo quando volessero) e, a spese del papa stesso Pio IX, fu ospitato in un collegio romano. Gli ebrei piemontesi denunciarono il caso all&#8217;opinione pubblica prima interna e poi internazionale. La protesta, violentissima, part\u00ec dal Regno di Sardegna, perch\u00e9 il caso faceva molto comodo alla polemica contro il potere temporale dei papi: &#8220;Fino a quando i preti avranno responsabilit\u00e0 di governo saranno possibili barbarie del genere&#8221;.<\/p>\n\n\n\n<p><strong>Anche fuori d&#8217;Italia <\/strong>il caso, come accennammo, ebbe risonanze immense e gli ambasciatori facevano pressione su Pio IX, il quale, pur confessando la sua sofferenza, rispondeva di non poter agire diversamente, rimarcando tra l&#8217;altro che il caso increscioso aveva avuto origine da una illegalit\u00e0 dei Mortara. In effetti, le leggi dello Stato pontificio proibivano agli ebrei di assumere personale di servizio cattolico: e non certo (come sar\u00e0 per nazisti e fascisti) per questioni &#8220;razziali&#8221;, ma perch\u00e9 l&#8217;esperienza aveva dimostrato che in simili casi potevano nascere non solo pericoli per la fede dei domestici cristiani, ma anche situazioni drammatiche come quella verificatasi appunto a Bologna.<\/p>\n\n\n\n<p>Conformandosi al pensiero dei Padri, e poi d\u00ec san Tommaso, la Chiesa aveva sempre proibito che i figli minorenni di ebrei fossero battezzati senza il consenso dei genitori: l&#8217;autorit\u00e0 paterna (quale che sia la fede dei genitori) \u00e8 un principio del diritto naturale che \u00e8 tra i capisaldi del sistema cattolico. Ma il caso Mortara investiva il diritto soprannaturale: il battesimo validamente amministrato rende &#8220;cristiani&#8221; <em>ex opere operato, <\/em>imprime il carattere indelebile di &#8220;figlio della Chiesa&#8221;. Non \u00e8 la fede dei genitori, \u00e8 la fede della Chiesa che &#8211; nel battesimo &#8211; \u00e8 imputata al bambino.<\/p>\n\n\n\n<p>Dunque, poich\u00e9 <em>valida <\/em>anche se <em>illecita, <\/em>l&#8217;azione di quella domestica (convinta che il piccolo stesse per morire) rendeva la Chiesa stessa come prigioniera del suo dovere di non respingere quel suo figlio inaspettato e di assicurargli un&#8217;educazione cristiana. Proprio per evitare questi casi, i papi avevano moltiplicato le condanne contro &#8220;battezzatori&#8221; irresponsabili e avevano preso cautele.<\/p>\n\n\n\n<p><strong>Nel 1860, Bologna era <\/strong>annessa al Piemonte con un colpo di mano e il colonnello della gendarmeria pontificia che aveva materialmente tolto Edgardo ai genitori veniva arrestato e tratto in giudizio. Ma il piccolo era ormai a Roma e non s\u00ec poteva dunque liberarlo. L&#8217;occasione venne dieci anni dopo, con la breccia del venti settembre. Il giovane Mortara aveva ormai 19 anni, ma ai &#8220;piemontesi&#8221; precipitatisi nel convento dove pensavano fosse prigioniero, toccava la delusione d\u00ec sentirlo affermare che non solo non intendeva rinunciare alla sua vita cristiana, ma aveva deciso di farsi religioso nei Canonici Regolari Lateranensi.<\/p>\n\n\n\n<p>Risult\u00f2 anche che due anni prima le autorit\u00e0 pontificie intendevano rimandarlo presso la sua famiglia, avendo ormai conosciuto bene il cristianesimo e potendo dunque scegliere liberamente. Ma era stato lui stesso a rifiutare. Anzi, proprio nella Roma dove i &#8220;liberali&#8221; che volevano prendere le sue difese sopprimevano le congregazioni religiose e i monasteri erano trasformati in stalle, caserme, prigioni, Edgardo Mortara (che aveva aggiunto al suo nome quello di Pio, in omaggio al papa che lo aveva fatto allevare nella Chiesa) sceglieva liberamente la via del sacerdozio.<\/p>\n\n\n\n<p>Ancor pi\u00f9: la sua insofferenza verso i &#8220;liberatori&#8221; fu tale che rifiut\u00f2 ostinatamente di rispondere alla chiamata di leva nell&#8217;esercito italiano. I superiori dovettero farlo riparare all&#8217;estero, dove divenne apprezzato insegnante d\u00ec teologia e famoso predicatore. In grado di parlare in nove lingue moderne, fu instancabile annunciatore del vangelo in molti Paesi, tanto che alla sua morte qualcuno propose il processo di beatificazione. In particolare, dedic\u00f2 i suoi sforzi alla conversione degli ebrei.<\/p>\n\n\n\n<p>In occasione del cinquantesimo anniversario della sua ordinazione sacerdotale, nel 1933, indirizz\u00f2 proprio al popolo nel quale era nato un appello perch\u00e9 riconoscesse la verit\u00e0 del vangelo, dove diceva di avere trovato ci\u00f2 che la sua anima religiosa di ebreo andava cercando. Mor\u00ec a quasi novant&#8217;anni, nel 1940, in un monastero del Belgio. Sin sul letto di morte ebbe espressioni di tenerezza per i fratelli in Abramo e di ansia perch\u00e9 tardava il loro ingresso nella Chiesa.<\/p>\n\n\n\n<p><strong>Storia drammatica e singolare, dunque, <\/strong>ma con un lieto fine, malgrado tutto. Una di quelle vicende in cui sembra di vedere all&#8217;opera un Dio che &#8220;sa scrivere dritto anche su righe storte&#8221;. Non sar\u00e0 inutile, per finire, ricordare le parole di Giacomo Martina, storico attento e pacato: &#8220;Mentre alcuni cattolici e quasi tutti i protestanti si stracciavano le vesti per la ferma volont\u00e0 di Pio IX di educare nella religione cattolica chi vi era stato battezzato, nessuno protestava per l&#8217;aperta e violenta coazione nei territori polacchi soggetti alla Russia (ma anche in Inghilterra e nei Paesi scandinavi) a danno della libert\u00e0 religiosa dei cattolici&#8221;.<\/p>\n\n\n\n<p>____________________<\/p>\n\n\n\n<p><strong>Leggi anche:<\/strong><\/p>\n\n\n\n<p><a href=\"https:\/\/www.rassegnastampa-totustuus.it\/cattolica\/?p=204\" target=\"_blank\" rel=\"noopener\">La testimonianza del fanciullo &#8220;rapito&#8221; da Pio IX<\/a><\/p>\n","protected":false},"excerpt":{"rendered":"<p>Le cose della vita, San Paolo, Milano 1995, p. 322 Riemp\u00ec le gazzette ottocentesche di mezzo mondo e provoc\u00f2 addirittura passi diplomatici e interventi infiammati nei parlamenti d&#8217;Europa e delle Americhe. Ora l&#8217;episodio sembra dimenticato, ma di tanto in tanto c\u00e0pita di ritrovarlo evocato. Non sar\u00e0 dunque inutile informare i lettori dei dati corretti di &hellip; <\/p>\n<p><a class=\"more-link btn\" href=\"https:\/\/www.rassegnastampa-totustuus.it\/cattolica\/il-caso-mortara\/\">Continua a leggere<\/a><\/p>\n","protected":false},"author":6,"featured_media":30970,"comment_status":"closed","ping_status":"open","sticky":false,"template":"","format":"standard","meta":{"footnotes":""},"categories":[5,28,24],"tags":[403],"class_list":["post-203","post","type-post","status-publish","format-standard","has-post-thumbnail","hentry","category-chiesa","category-chiesa-ed-ebrei","category-storia","tag-pio-ix","item-wrap"],"yoast_head":"<!-- This site is optimized with the Yoast SEO plugin v27.5 - https:\/\/yoast.com\/product\/yoast-seo-wordpress\/ -->\n<title>Il &#039;&#039;caso Mortara&#039;&#039; - Rassegna Stampa Cattolica<\/title>\n<meta name=\"description\" content=\"Il &#039;&#039;caso Mortara&#039;&#039; riemp\u00ec le gazzette ottocentesche di mezzo mondo e provoc\u00f2 addirittura passi diplomatici\" \/>\n<meta name=\"robots\" content=\"index, follow, max-snippet:-1, max-image-preview:large, max-video-preview:-1\" \/>\n<link rel=\"canonical\" href=\"https:\/\/www.rassegnastampa-totustuus.it\/cattolica\/il-caso-mortara\/\" \/>\n<meta property=\"og:locale\" content=\"it_IT\" \/>\n<meta property=\"og:type\" content=\"article\" \/>\n<meta property=\"og:title\" content=\"Il &#039;&#039;caso Mortara&#039;&#039; - Rassegna Stampa Cattolica\" \/>\n<meta property=\"og:description\" content=\"Il &#039;&#039;caso Mortara&#039;&#039; riemp\u00ec le gazzette ottocentesche di mezzo mondo e provoc\u00f2 addirittura passi diplomatici\" \/>\n<meta property=\"og:url\" content=\"https:\/\/www.rassegnastampa-totustuus.it\/cattolica\/il-caso-mortara\/\" \/>\n<meta property=\"og:site_name\" content=\"Rassegna Stampa Cattolica\" \/>\n<meta property=\"article:publisher\" content=\"https:\/\/www.facebook.com\/rassegnastampacattolica\" \/>\n<meta property=\"article:published_time\" content=\"2004-11-23T16:28:24+00:00\" \/>\n<meta property=\"article:modified_time\" content=\"2025-07-02T14:50:59+00:00\" \/>\n<meta property=\"og:image\" content=\"https:\/\/www.rassegnastampa-totustuus.it\/cattolica\/wp-content\/uploads\/2004\/11\/caso_Mortara.jpg\" \/>\n\t<meta property=\"og:image:width\" content=\"256\" \/>\n\t<meta property=\"og:image:height\" content=\"195\" \/>\n\t<meta property=\"og:image:type\" content=\"image\/jpeg\" \/>\n<meta name=\"author\" content=\"Redazione\" \/>\n<meta name=\"twitter:card\" content=\"summary_large_image\" \/>\n<meta name=\"twitter:creator\" content=\"@rassegnastampa9\" \/>\n<meta name=\"twitter:site\" content=\"@rassegnastampa9\" \/>\n<meta name=\"twitter:label1\" content=\"Scritto da\" \/>\n\t<meta name=\"twitter:data1\" content=\"Redazione\" \/>\n\t<meta name=\"twitter:label2\" content=\"Tempo di lettura stimato\" \/>\n\t<meta name=\"twitter:data2\" content=\"8 minuti\" \/>\n<script type=\"application\/ld+json\" class=\"yoast-schema-graph\">{\"@context\":\"https:\\\/\\\/schema.org\",\"@graph\":[{\"@type\":\"Article\",\"@id\":\"https:\\\/\\\/www.rassegnastampa-totustuus.it\\\/cattolica\\\/il-caso-mortara\\\/#article\",\"isPartOf\":{\"@id\":\"https:\\\/\\\/www.rassegnastampa-totustuus.it\\\/cattolica\\\/il-caso-mortara\\\/\"},\"author\":{\"name\":\"Redazione\",\"@id\":\"https:\\\/\\\/www.rassegnastampa-totustuus.it\\\/cattolica\\\/#\\\/schema\\\/person\\\/08f319d2bd1a0904ad9e2bfb7b15e5c3\"},\"headline\":\"Il &#8221;caso Mortara&#8221;\",\"datePublished\":\"2004-11-23T16:28:24+00:00\",\"dateModified\":\"2025-07-02T14:50:59+00:00\",\"mainEntityOfPage\":{\"@id\":\"https:\\\/\\\/www.rassegnastampa-totustuus.it\\\/cattolica\\\/il-caso-mortara\\\/\"},\"wordCount\":1298,\"publisher\":{\"@id\":\"https:\\\/\\\/www.rassegnastampa-totustuus.it\\\/cattolica\\\/#organization\"},\"image\":{\"@id\":\"https:\\\/\\\/www.rassegnastampa-totustuus.it\\\/cattolica\\\/il-caso-mortara\\\/#primaryimage\"},\"thumbnailUrl\":\"https:\\\/\\\/www.rassegnastampa-totustuus.it\\\/cattolica\\\/wp-content\\\/uploads\\\/2004\\\/11\\\/caso_Mortara.jpg\",\"keywords\":[\"Pio IX\"],\"articleSection\":[\"Chiesa\",\"Chiesa ed ebrei\",\"Storia\"],\"inLanguage\":\"it-IT\"},{\"@type\":\"WebPage\",\"@id\":\"https:\\\/\\\/www.rassegnastampa-totustuus.it\\\/cattolica\\\/il-caso-mortara\\\/\",\"url\":\"https:\\\/\\\/www.rassegnastampa-totustuus.it\\\/cattolica\\\/il-caso-mortara\\\/\",\"name\":\"Il ''caso Mortara'' - Rassegna Stampa Cattolica\",\"isPartOf\":{\"@id\":\"https:\\\/\\\/www.rassegnastampa-totustuus.it\\\/cattolica\\\/#website\"},\"primaryImageOfPage\":{\"@id\":\"https:\\\/\\\/www.rassegnastampa-totustuus.it\\\/cattolica\\\/il-caso-mortara\\\/#primaryimage\"},\"image\":{\"@id\":\"https:\\\/\\\/www.rassegnastampa-totustuus.it\\\/cattolica\\\/il-caso-mortara\\\/#primaryimage\"},\"thumbnailUrl\":\"https:\\\/\\\/www.rassegnastampa-totustuus.it\\\/cattolica\\\/wp-content\\\/uploads\\\/2004\\\/11\\\/caso_Mortara.jpg\",\"datePublished\":\"2004-11-23T16:28:24+00:00\",\"dateModified\":\"2025-07-02T14:50:59+00:00\",\"description\":\"Il ''caso Mortara'' riemp\u00ec le gazzette ottocentesche di mezzo mondo e provoc\u00f2 addirittura passi diplomatici\",\"breadcrumb\":{\"@id\":\"https:\\\/\\\/www.rassegnastampa-totustuus.it\\\/cattolica\\\/il-caso-mortara\\\/#breadcrumb\"},\"inLanguage\":\"it-IT\",\"potentialAction\":[{\"@type\":\"ReadAction\",\"target\":[\"https:\\\/\\\/www.rassegnastampa-totustuus.it\\\/cattolica\\\/il-caso-mortara\\\/\"]}]},{\"@type\":\"ImageObject\",\"inLanguage\":\"it-IT\",\"@id\":\"https:\\\/\\\/www.rassegnastampa-totustuus.it\\\/cattolica\\\/il-caso-mortara\\\/#primaryimage\",\"url\":\"https:\\\/\\\/www.rassegnastampa-totustuus.it\\\/cattolica\\\/wp-content\\\/uploads\\\/2004\\\/11\\\/caso_Mortara.jpg\",\"contentUrl\":\"https:\\\/\\\/www.rassegnastampa-totustuus.it\\\/cattolica\\\/wp-content\\\/uploads\\\/2004\\\/11\\\/caso_Mortara.jpg\",\"width\":256,\"height\":195},{\"@type\":\"BreadcrumbList\",\"@id\":\"https:\\\/\\\/www.rassegnastampa-totustuus.it\\\/cattolica\\\/il-caso-mortara\\\/#breadcrumb\",\"itemListElement\":[{\"@type\":\"ListItem\",\"position\":1,\"name\":\"Home\",\"item\":\"https:\\\/\\\/www.rassegnastampa-totustuus.it\\\/cattolica\\\/\"},{\"@type\":\"ListItem\",\"position\":2,\"name\":\"Il &#8221;caso Mortara&#8221;\"}]},{\"@type\":\"WebSite\",\"@id\":\"https:\\\/\\\/www.rassegnastampa-totustuus.it\\\/cattolica\\\/#website\",\"url\":\"https:\\\/\\\/www.rassegnastampa-totustuus.it\\\/cattolica\\\/\",\"name\":\"Rassegna Stampa Cattolica\",\"description\":\"Per una cultura che nasce dalla Rivelazione cristiana in conformit\u00e0 alla tradizione e al Magistero della Chiesa in opposizione ad ogni relativismo e totalitarismo\",\"publisher\":{\"@id\":\"https:\\\/\\\/www.rassegnastampa-totustuus.it\\\/cattolica\\\/#organization\"},\"alternateName\":\"Rass. Cattolica\",\"potentialAction\":[{\"@type\":\"SearchAction\",\"target\":{\"@type\":\"EntryPoint\",\"urlTemplate\":\"https:\\\/\\\/www.rassegnastampa-totustuus.it\\\/cattolica\\\/?s={search_term_string}\"},\"query-input\":{\"@type\":\"PropertyValueSpecification\",\"valueRequired\":true,\"valueName\":\"search_term_string\"}}],\"inLanguage\":\"it-IT\"},{\"@type\":\"Organization\",\"@id\":\"https:\\\/\\\/www.rassegnastampa-totustuus.it\\\/cattolica\\\/#organization\",\"name\":\"Rassegna Stampa Cattolica\",\"url\":\"https:\\\/\\\/www.rassegnastampa-totustuus.it\\\/cattolica\\\/\",\"logo\":{\"@type\":\"ImageObject\",\"inLanguage\":\"it-IT\",\"@id\":\"https:\\\/\\\/www.rassegnastampa-totustuus.it\\\/cattolica\\\/#\\\/schema\\\/logo\\\/image\\\/\",\"url\":\"https:\\\/\\\/www.rassegnastampa-totustuus.it\\\/cattolica\\\/wp-content\\\/uploads\\\/2014\\\/04\\\/logo-rassegna1.gif\",\"contentUrl\":\"https:\\\/\\\/www.rassegnastampa-totustuus.it\\\/cattolica\\\/wp-content\\\/uploads\\\/2014\\\/04\\\/logo-rassegna1.gif\",\"width\":600,\"height\":163,\"caption\":\"Rassegna Stampa Cattolica\"},\"image\":{\"@id\":\"https:\\\/\\\/www.rassegnastampa-totustuus.it\\\/cattolica\\\/#\\\/schema\\\/logo\\\/image\\\/\"},\"sameAs\":[\"https:\\\/\\\/www.facebook.com\\\/rassegnastampacattolica\",\"https:\\\/\\\/x.com\\\/rassegnastampa9\"]},{\"@type\":\"Person\",\"@id\":\"https:\\\/\\\/www.rassegnastampa-totustuus.it\\\/cattolica\\\/#\\\/schema\\\/person\\\/08f319d2bd1a0904ad9e2bfb7b15e5c3\",\"name\":\"Redazione\",\"image\":{\"@type\":\"ImageObject\",\"inLanguage\":\"it-IT\",\"@id\":\"https:\\\/\\\/secure.gravatar.com\\\/avatar\\\/2fcdf27c78ea025fbdb44e914cc63c72249ffec9dc8aafd5c82b26240ef3f346?s=96&d=mm&r=g\",\"url\":\"https:\\\/\\\/secure.gravatar.com\\\/avatar\\\/2fcdf27c78ea025fbdb44e914cc63c72249ffec9dc8aafd5c82b26240ef3f346?s=96&d=mm&r=g\",\"contentUrl\":\"https:\\\/\\\/secure.gravatar.com\\\/avatar\\\/2fcdf27c78ea025fbdb44e914cc63c72249ffec9dc8aafd5c82b26240ef3f346?s=96&d=mm&r=g\",\"caption\":\"Redazione\"},\"url\":\"https:\\\/\\\/www.rassegnastampa-totustuus.it\\\/cattolica\\\/author\\\/pietroelle\\\/\"}]}<\/script>\n<!-- \/ Yoast SEO plugin. -->","yoast_head_json":{"title":"Il ''caso Mortara'' - Rassegna Stampa Cattolica","description":"Il ''caso Mortara'' riemp\u00ec le gazzette ottocentesche di mezzo mondo e provoc\u00f2 addirittura passi diplomatici","robots":{"index":"index","follow":"follow","max-snippet":"max-snippet:-1","max-image-preview":"max-image-preview:large","max-video-preview":"max-video-preview:-1"},"canonical":"https:\/\/www.rassegnastampa-totustuus.it\/cattolica\/il-caso-mortara\/","og_locale":"it_IT","og_type":"article","og_title":"Il ''caso Mortara'' - Rassegna Stampa Cattolica","og_description":"Il ''caso Mortara'' riemp\u00ec le gazzette ottocentesche di mezzo mondo e provoc\u00f2 addirittura passi diplomatici","og_url":"https:\/\/www.rassegnastampa-totustuus.it\/cattolica\/il-caso-mortara\/","og_site_name":"Rassegna Stampa Cattolica","article_publisher":"https:\/\/www.facebook.com\/rassegnastampacattolica","article_published_time":"2004-11-23T16:28:24+00:00","article_modified_time":"2025-07-02T14:50:59+00:00","og_image":[{"width":256,"height":195,"url":"https:\/\/www.rassegnastampa-totustuus.it\/cattolica\/wp-content\/uploads\/2004\/11\/caso_Mortara.jpg","type":"image\/jpeg"}],"author":"Redazione","twitter_card":"summary_large_image","twitter_creator":"@rassegnastampa9","twitter_site":"@rassegnastampa9","twitter_misc":{"Scritto da":"Redazione","Tempo di lettura stimato":"8 minuti"},"schema":{"@context":"https:\/\/schema.org","@graph":[{"@type":"Article","@id":"https:\/\/www.rassegnastampa-totustuus.it\/cattolica\/il-caso-mortara\/#article","isPartOf":{"@id":"https:\/\/www.rassegnastampa-totustuus.it\/cattolica\/il-caso-mortara\/"},"author":{"name":"Redazione","@id":"https:\/\/www.rassegnastampa-totustuus.it\/cattolica\/#\/schema\/person\/08f319d2bd1a0904ad9e2bfb7b15e5c3"},"headline":"Il &#8221;caso Mortara&#8221;","datePublished":"2004-11-23T16:28:24+00:00","dateModified":"2025-07-02T14:50:59+00:00","mainEntityOfPage":{"@id":"https:\/\/www.rassegnastampa-totustuus.it\/cattolica\/il-caso-mortara\/"},"wordCount":1298,"publisher":{"@id":"https:\/\/www.rassegnastampa-totustuus.it\/cattolica\/#organization"},"image":{"@id":"https:\/\/www.rassegnastampa-totustuus.it\/cattolica\/il-caso-mortara\/#primaryimage"},"thumbnailUrl":"https:\/\/www.rassegnastampa-totustuus.it\/cattolica\/wp-content\/uploads\/2004\/11\/caso_Mortara.jpg","keywords":["Pio IX"],"articleSection":["Chiesa","Chiesa ed ebrei","Storia"],"inLanguage":"it-IT"},{"@type":"WebPage","@id":"https:\/\/www.rassegnastampa-totustuus.it\/cattolica\/il-caso-mortara\/","url":"https:\/\/www.rassegnastampa-totustuus.it\/cattolica\/il-caso-mortara\/","name":"Il ''caso Mortara'' - Rassegna Stampa Cattolica","isPartOf":{"@id":"https:\/\/www.rassegnastampa-totustuus.it\/cattolica\/#website"},"primaryImageOfPage":{"@id":"https:\/\/www.rassegnastampa-totustuus.it\/cattolica\/il-caso-mortara\/#primaryimage"},"image":{"@id":"https:\/\/www.rassegnastampa-totustuus.it\/cattolica\/il-caso-mortara\/#primaryimage"},"thumbnailUrl":"https:\/\/www.rassegnastampa-totustuus.it\/cattolica\/wp-content\/uploads\/2004\/11\/caso_Mortara.jpg","datePublished":"2004-11-23T16:28:24+00:00","dateModified":"2025-07-02T14:50:59+00:00","description":"Il ''caso Mortara'' riemp\u00ec le gazzette ottocentesche di mezzo mondo e provoc\u00f2 addirittura passi diplomatici","breadcrumb":{"@id":"https:\/\/www.rassegnastampa-totustuus.it\/cattolica\/il-caso-mortara\/#breadcrumb"},"inLanguage":"it-IT","potentialAction":[{"@type":"ReadAction","target":["https:\/\/www.rassegnastampa-totustuus.it\/cattolica\/il-caso-mortara\/"]}]},{"@type":"ImageObject","inLanguage":"it-IT","@id":"https:\/\/www.rassegnastampa-totustuus.it\/cattolica\/il-caso-mortara\/#primaryimage","url":"https:\/\/www.rassegnastampa-totustuus.it\/cattolica\/wp-content\/uploads\/2004\/11\/caso_Mortara.jpg","contentUrl":"https:\/\/www.rassegnastampa-totustuus.it\/cattolica\/wp-content\/uploads\/2004\/11\/caso_Mortara.jpg","width":256,"height":195},{"@type":"BreadcrumbList","@id":"https:\/\/www.rassegnastampa-totustuus.it\/cattolica\/il-caso-mortara\/#breadcrumb","itemListElement":[{"@type":"ListItem","position":1,"name":"Home","item":"https:\/\/www.rassegnastampa-totustuus.it\/cattolica\/"},{"@type":"ListItem","position":2,"name":"Il &#8221;caso Mortara&#8221;"}]},{"@type":"WebSite","@id":"https:\/\/www.rassegnastampa-totustuus.it\/cattolica\/#website","url":"https:\/\/www.rassegnastampa-totustuus.it\/cattolica\/","name":"Rassegna Stampa Cattolica","description":"Per una cultura che nasce dalla Rivelazione cristiana in conformit\u00e0 alla tradizione e al Magistero della Chiesa in opposizione ad ogni relativismo e totalitarismo","publisher":{"@id":"https:\/\/www.rassegnastampa-totustuus.it\/cattolica\/#organization"},"alternateName":"Rass. Cattolica","potentialAction":[{"@type":"SearchAction","target":{"@type":"EntryPoint","urlTemplate":"https:\/\/www.rassegnastampa-totustuus.it\/cattolica\/?s={search_term_string}"},"query-input":{"@type":"PropertyValueSpecification","valueRequired":true,"valueName":"search_term_string"}}],"inLanguage":"it-IT"},{"@type":"Organization","@id":"https:\/\/www.rassegnastampa-totustuus.it\/cattolica\/#organization","name":"Rassegna Stampa Cattolica","url":"https:\/\/www.rassegnastampa-totustuus.it\/cattolica\/","logo":{"@type":"ImageObject","inLanguage":"it-IT","@id":"https:\/\/www.rassegnastampa-totustuus.it\/cattolica\/#\/schema\/logo\/image\/","url":"https:\/\/www.rassegnastampa-totustuus.it\/cattolica\/wp-content\/uploads\/2014\/04\/logo-rassegna1.gif","contentUrl":"https:\/\/www.rassegnastampa-totustuus.it\/cattolica\/wp-content\/uploads\/2014\/04\/logo-rassegna1.gif","width":600,"height":163,"caption":"Rassegna Stampa Cattolica"},"image":{"@id":"https:\/\/www.rassegnastampa-totustuus.it\/cattolica\/#\/schema\/logo\/image\/"},"sameAs":["https:\/\/www.facebook.com\/rassegnastampacattolica","https:\/\/x.com\/rassegnastampa9"]},{"@type":"Person","@id":"https:\/\/www.rassegnastampa-totustuus.it\/cattolica\/#\/schema\/person\/08f319d2bd1a0904ad9e2bfb7b15e5c3","name":"Redazione","image":{"@type":"ImageObject","inLanguage":"it-IT","@id":"https:\/\/secure.gravatar.com\/avatar\/2fcdf27c78ea025fbdb44e914cc63c72249ffec9dc8aafd5c82b26240ef3f346?s=96&d=mm&r=g","url":"https:\/\/secure.gravatar.com\/avatar\/2fcdf27c78ea025fbdb44e914cc63c72249ffec9dc8aafd5c82b26240ef3f346?s=96&d=mm&r=g","contentUrl":"https:\/\/secure.gravatar.com\/avatar\/2fcdf27c78ea025fbdb44e914cc63c72249ffec9dc8aafd5c82b26240ef3f346?s=96&d=mm&r=g","caption":"Redazione"},"url":"https:\/\/www.rassegnastampa-totustuus.it\/cattolica\/author\/pietroelle\/"}]}},"_links":{"self":[{"href":"https:\/\/www.rassegnastampa-totustuus.it\/cattolica\/wp-json\/wp\/v2\/posts\/203","targetHints":{"allow":["GET"]}}],"collection":[{"href":"https:\/\/www.rassegnastampa-totustuus.it\/cattolica\/wp-json\/wp\/v2\/posts"}],"about":[{"href":"https:\/\/www.rassegnastampa-totustuus.it\/cattolica\/wp-json\/wp\/v2\/types\/post"}],"author":[{"embeddable":true,"href":"https:\/\/www.rassegnastampa-totustuus.it\/cattolica\/wp-json\/wp\/v2\/users\/6"}],"replies":[{"embeddable":true,"href":"https:\/\/www.rassegnastampa-totustuus.it\/cattolica\/wp-json\/wp\/v2\/comments?post=203"}],"version-history":[{"count":3,"href":"https:\/\/www.rassegnastampa-totustuus.it\/cattolica\/wp-json\/wp\/v2\/posts\/203\/revisions"}],"predecessor-version":[{"id":62832,"href":"https:\/\/www.rassegnastampa-totustuus.it\/cattolica\/wp-json\/wp\/v2\/posts\/203\/revisions\/62832"}],"wp:featuredmedia":[{"embeddable":true,"href":"https:\/\/www.rassegnastampa-totustuus.it\/cattolica\/wp-json\/wp\/v2\/media\/30970"}],"wp:attachment":[{"href":"https:\/\/www.rassegnastampa-totustuus.it\/cattolica\/wp-json\/wp\/v2\/media?parent=203"}],"wp:term":[{"taxonomy":"category","embeddable":true,"href":"https:\/\/www.rassegnastampa-totustuus.it\/cattolica\/wp-json\/wp\/v2\/categories?post=203"},{"taxonomy":"post_tag","embeddable":true,"href":"https:\/\/www.rassegnastampa-totustuus.it\/cattolica\/wp-json\/wp\/v2\/tags?post=203"}],"curies":[{"name":"wp","href":"https:\/\/api.w.org\/{rel}","templated":true}]}}