{"id":2029,"date":"2006-05-11T00:00:00","date_gmt":"2006-05-10T22:00:00","guid":{"rendered":""},"modified":"2016-04-20T16:38:05","modified_gmt":"2016-04-20T14:38:05","slug":"pi-buono-di-quanto-chieda-cristo-la-malia-della-bontagra","status":"publish","type":"post","link":"https:\/\/www.rassegnastampa-totustuus.it\/cattolica\/pi-buono-di-quanto-chieda-cristo-la-malia-della-bontagra\/","title":{"rendered":"Pi&ugrave; &laquo;buono&raquo; di quanto chieda Cristo\u2026 La malia della bont\u00e0"},"content":{"rendered":"<div style=\"text-align: center;\"><strong><img loading=\"lazy\" decoding=\"async\" class=\"alignright wp-image-33215 size-full\" src=\"https:\/\/www.rassegnastampa-totustuus.it\/cattolica\/wp-content\/uploads\/2006\/05\/card_Martini.jpg\" alt=\"card_Martini\" width=\"212\" height=\"152\" \/>Il Foglio<\/strong> 27 marzo 2006<\/div>\n<p><em>Una Chiesa dura sui principi e mite nella pratica, e cardinali pi\u00f9 buoni di quanto Cristo stesso chieda&#8230;<\/em><\/p>\n<p style=\"text-align: center;\">di <strong>Francesco Agnoli<\/strong><\/p>\n<p><!--more--><\/p>\n<div style=\"text-align: justify;\"><strong>Il cardinal Carlo Maria Martini<\/strong>, non ci sta: non vuole essere annoverato, lui, con fama di cattolico progressista, adulto, gi\u00e0 aspirante Papa, tra i cattivi, i duri di cervice, che si oppongono con fermezza all\u2019avanzare della modernit\u00e0. Tutto \u00e8 in forse, per lui, dal preservativo, all\u2019aborto, all\u2019eutanasia, alla fecondazione artificiale: non bisogna \u201ccondannare\u201d, ma solo aprire la porta, non si sa quanto, n\u00e9 come, n\u00e9 in base a quali principi.<\/div>\n<p style=\"text-align: justify;\">L\u2019importante \u00e8 dire che la porta \u00e8 aperta, e che tutti, in qualche modo, potranno prima o poi entrarci, in nome di questa o quella peculiarit\u00e0, di questo o di quel caso pietoso. Martini affida il suo pensiero, totalmente altro da quello della chiesa, non a un dialogo interno ad essa, ma a una intervista <em>coram populo<\/em>, all\u2019<em>Espresso<\/em>, l\u00ec dove lo ospitano volentieri. L\u00ec, forse, lo avrebbero voluto Papa. L\u00ec sono illuminati, e sanno dare spazio ai cattolici, basta che dicano esattamente ci\u00f2 che a loro piace.<\/p>\n<p style=\"text-align: justify;\">Il mondo, in senso evangelico, \u00e8 astuto, ma Martini non lo sa. Lui, al contrario, \u00e8 solo puro come colomba, non astuto come serpente: pi\u00f9 buono ancora di quanto Cristo stesso richieda. E\u2019 facile, in realt\u00e0, apparire buoni. Ogni padre, ogni maestro saprebbe come fare, per non essere contestato, n\u00e9 ingiuriato (ma, alla fine, neppure amato). Si sa come agire, per non dover portare la fatica dell\u2019educazione: <em>\u201cLasciate fare, lasciate passare\u2026\u201d.<\/em> Alla scuola di Pilato, tutti noi abbiamo imparato a non essere fastidiosi: cos\u00ec \u00e8 se vi pare, altrimenti, fate vobis, io non me la sento\u2026<\/p>\n<p style=\"text-align: justify;\">Questo il problema: la modernit\u00e0 ci ha insegnato che il bene \u00e8 forse bello, ma sempre con misura, abilmente mescolato a un po\u2019 di male. Non crediamo cio\u00e8, anzitutto noi cattolici (io e Martini compresi), che il bene sia fatto per noi, per la nostra felicit\u00e0: che ci\u00f2 che la legge morale ci chiede sia ordinato alla nostra salvezza, non solo eterna, ma anche terrena. Non siamo pi\u00f9 neppure pagani: la virt\u00f9 \u00e8 parola noiosa, evoca salite, difficolt\u00e0, sacrifici, e basta.<\/p>\n<p style=\"text-align: justify;\">Non esalta, non stimola il nostro spirito, non fa cantare il nostro cuore. Eppure gi\u00e0 Cicerone scriveva che <em>\u201cnon vi \u00e8 mai alcunch\u00e9 di vantaggioso, se in pari tempo non sia moralmente buono; e non perch\u00e9 \u00e8 vantaggioso \u00e8 moralmente buono, ma perch\u00e9 moralmente buono \u00e8 anche vantaggioso\u201d<\/em>. \u201cVantaggioso\u201d, per i cattolici, dovrebbe essere tutto ci\u00f2 che Cristo ci ha insegnato, anche se faticoso: <em>\u201cIl mio giogo \u00e8 leggero\u201d<\/em>.<\/p>\n<p style=\"text-align: justify;\">Leggero perch\u00e9, se lui \u00e8 Padre, non pu\u00f2 chiederci nulla che non siamo in grado di sopportare: se ci chiede la castit\u00e0, la sofferenza, se non ci dona la gioia dei figli, rimane pur sempre il Salvatore, colui che d\u00e0 infinitamente pi\u00f9 di quanto prenda. Noi invece, mancando di fede, siamo spesso convinti che il giogo del mondo sia pi\u00f9 sopportabile, pi\u00f9 leggero, e che le strade larghe, le pianure aperte, siano pi\u00f9 riposanti e pi\u00f9 belle delle colline e delle montagne che portano in alto.<\/p>\n<p style=\"text-align: justify;\"><strong>Il paradosso dell\u2019amore <\/strong><\/p>\n<p style=\"text-align: justify;\">Ma Martini, che della Chiesa \u00e8 un principe, dovrebbe sapere quale \u00e8 il pensiero e l\u2019azione della sposa di Cristo. Come ha scritto qualcuno, <em>\u201cla Chiesa \u00e8 per principio intransigente, perch\u00e9 crede; nella pratica \u00e8 tollerante, perch\u00e9 ama\u201d<\/em>, mentre spesso il mondo \u00e8 tollerante per principio, perch\u00e9 non crede, e intransigente nella pratica, perch\u00e9 non ama.<\/p>\n<p style=\"text-align: justify;\">Chi \u00e8 contro l\u2019aborto? I cattolici, per lo pi\u00f9. E chi aiuta, ogni giorno, centinaia di donne che hanno bisogno di sostegno, non solo per partorire, ma anche per superare il dolore del post aborto? Gli stessi di cui sopra. Non \u00e8 un vanto, ma una responsabilit\u00e0. Non si \u00e8 buoni cedendo sui principi, ma amando nella pratica: difficilissimo, terribile, e per questo nessuno pu\u00f2 veramente sentirsi a posto, con le parole.<\/p>\n<p style=\"text-align: justify;\">E per il preservativo, l\u2019Africa, l\u2019Aids? Possiamo, senza mentire, insegnare agli africani che la loro salvezza viene dal caucci\u00f9? I missionari, pi\u00f9 aperti di Martini nella pratica, pi\u00f9 intransigenti di lui nei principi, sanno che ci\u00f2 che conta \u00e8 educare all\u2019amore: questo \u00e8 tutto. L\u00e0 dove il maschio fa spesso quello che vuole, dove vigono la poligamia, la promiscuit\u00e0, la mancanza di igiene, possiamo affidarci a un po\u2019 di plastica, da usarsi in un certo modo, con tante precauzioni, e che ha, nonostante tutto, un\u2019alta percentuale di fallimenti?<\/p>\n<p style=\"text-align: justify;\">Il preservativo, prescindendo da qualsiasi degradazione accidentale, ha gi\u00e0 di per s\u00e9 fessure, plissettature, cavit\u00e0, porosit\u00e0, che lo rendono non di rado inefficace, anche come contraccettivo (Massimo Pelliconi, <em>\u201cDiventerete come dei\u201d<\/em>, Itaca). Come pu\u00f2 proteggere dal virus dell\u2019Hiv, che \u00e8 450 volte pi\u00f9 piccolo di uno spermatozoo?<\/p>\n","protected":false},"excerpt":{"rendered":"<p>Il Foglio 27 marzo 2006 Una Chiesa dura sui principi e mite nella pratica, e cardinali pi\u00f9 buoni di quanto Cristo stesso chieda&#8230; di Francesco Agnoli<\/p><p><a class=\"more-link btn\" href=\"https:\/\/www.rassegnastampa-totustuus.it\/cattolica\/pi-buono-di-quanto-chieda-cristo-la-malia-della-bontagra\/\">Continua a leggere<\/a><\/p>\n","protected":false},"author":6,"featured_media":33215,"comment_status":"closed","ping_status":"open","sticky":false,"template":"","format":"standard","meta":{"footnotes":""},"categories":[5,45],"tags":[789],"class_list":["post-2029","post","type-post","status-publish","format-standard","has-post-thumbnail","hentry","category-chiesa","category-progressismo-cattolico","tag-progressismo-cattolico-2","item-wrap"],"yoast_head":"<!-- This site is optimized with the Yoast SEO plugin v27.5 - https:\/\/yoast.com\/product\/yoast-seo-wordpress\/ -->\n<title>Pi&ugrave; &laquo;buono&raquo; di quanto chieda Cristo\u2026 La malia della bont\u00e0 - Rassegna Stampa Cattolica<\/title>\n<meta name=\"description\" content=\"Rassegna Stampa Cattolica - Per una cultura che nasce dalla Rivelazione cristiana in conformit\u00e0 alla tradizione e al Magistero della Chiesa in opposizione ad ogni relativismo e totalitarismo\" \/>\n<meta name=\"robots\" content=\"index, follow, max-snippet:-1, max-image-preview:large, max-video-preview:-1\" \/>\n<link rel=\"canonical\" href=\"https:\/\/www.rassegnastampa-totustuus.it\/cattolica\/pi-buono-di-quanto-chieda-cristo-la-malia-della-bontagra\/\" \/>\n<meta property=\"og:locale\" content=\"it_IT\" \/>\n<meta property=\"og:type\" content=\"article\" \/>\n<meta property=\"og:title\" content=\"Pi&ugrave; &laquo;buono&raquo; di quanto chieda Cristo\u2026 La malia della bont\u00e0 - Rassegna Stampa Cattolica\" \/>\n<meta property=\"og:description\" content=\"Rassegna Stampa Cattolica - Per una cultura che nasce dalla Rivelazione cristiana in conformit\u00e0 alla tradizione e al Magistero della Chiesa in opposizione ad ogni relativismo e totalitarismo\" \/>\n<meta property=\"og:url\" content=\"https:\/\/www.rassegnastampa-totustuus.it\/cattolica\/pi-buono-di-quanto-chieda-cristo-la-malia-della-bontagra\/\" \/>\n<meta property=\"og:site_name\" content=\"Rassegna Stampa Cattolica\" \/>\n<meta property=\"article:publisher\" content=\"https:\/\/www.facebook.com\/rassegnastampacattolica\" \/>\n<meta property=\"article:published_time\" content=\"2006-05-10T22:00:00+00:00\" \/>\n<meta property=\"article:modified_time\" content=\"2016-04-20T14:38:05+00:00\" \/>\n<meta property=\"og:image\" content=\"https:\/\/www.rassegnastampa-totustuus.it\/cattolica\/wp-content\/uploads\/2006\/05\/card_Martini.jpg\" \/>\n\t<meta property=\"og:image:width\" content=\"212\" \/>\n\t<meta property=\"og:image:height\" content=\"152\" \/>\n\t<meta property=\"og:image:type\" content=\"image\/jpeg\" \/>\n<meta name=\"author\" content=\"Redazione\" \/>\n<meta name=\"twitter:card\" content=\"summary_large_image\" \/>\n<meta name=\"twitter:creator\" content=\"@rassegnastampa9\" \/>\n<meta name=\"twitter:site\" content=\"@rassegnastampa9\" \/>\n<meta name=\"twitter:label1\" content=\"Scritto da\" \/>\n\t<meta name=\"twitter:data1\" content=\"Redazione\" \/>\n\t<meta name=\"twitter:label2\" content=\"Tempo di lettura stimato\" \/>\n\t<meta name=\"twitter:data2\" content=\"4 minuti\" \/>\n<script type=\"application\/ld+json\" class=\"yoast-schema-graph\">{\"@context\":\"https:\\\/\\\/schema.org\",\"@graph\":[{\"@type\":\"Article\",\"@id\":\"https:\\\/\\\/www.rassegnastampa-totustuus.it\\\/cattolica\\\/pi-buono-di-quanto-chieda-cristo-la-malia-della-bontagra\\\/#article\",\"isPartOf\":{\"@id\":\"https:\\\/\\\/www.rassegnastampa-totustuus.it\\\/cattolica\\\/pi-buono-di-quanto-chieda-cristo-la-malia-della-bontagra\\\/\"},\"author\":{\"name\":\"Redazione\",\"@id\":\"https:\\\/\\\/www.rassegnastampa-totustuus.it\\\/cattolica\\\/#\\\/schema\\\/person\\\/08f319d2bd1a0904ad9e2bfb7b15e5c3\"},\"headline\":\"Pi&ugrave; &laquo;buono&raquo; di quanto chieda Cristo\u2026 La malia della bont\u00e0\",\"datePublished\":\"2006-05-10T22:00:00+00:00\",\"dateModified\":\"2016-04-20T14:38:05+00:00\",\"mainEntityOfPage\":{\"@id\":\"https:\\\/\\\/www.rassegnastampa-totustuus.it\\\/cattolica\\\/pi-buono-di-quanto-chieda-cristo-la-malia-della-bontagra\\\/\"},\"wordCount\":780,\"publisher\":{\"@id\":\"https:\\\/\\\/www.rassegnastampa-totustuus.it\\\/cattolica\\\/#organization\"},\"image\":{\"@id\":\"https:\\\/\\\/www.rassegnastampa-totustuus.it\\\/cattolica\\\/pi-buono-di-quanto-chieda-cristo-la-malia-della-bontagra\\\/#primaryimage\"},\"thumbnailUrl\":\"https:\\\/\\\/www.rassegnastampa-totustuus.it\\\/cattolica\\\/wp-content\\\/uploads\\\/2006\\\/05\\\/card_Martini.jpg\",\"keywords\":[\"progressismo cattolico\"],\"articleSection\":[\"Chiesa\",\"Progressismo\"],\"inLanguage\":\"it-IT\"},{\"@type\":\"WebPage\",\"@id\":\"https:\\\/\\\/www.rassegnastampa-totustuus.it\\\/cattolica\\\/pi-buono-di-quanto-chieda-cristo-la-malia-della-bontagra\\\/\",\"url\":\"https:\\\/\\\/www.rassegnastampa-totustuus.it\\\/cattolica\\\/pi-buono-di-quanto-chieda-cristo-la-malia-della-bontagra\\\/\",\"name\":\"Pi&ugrave; &laquo;buono&raquo; di quanto chieda Cristo\u2026 La malia della bont\u00e0 - Rassegna Stampa Cattolica\",\"isPartOf\":{\"@id\":\"https:\\\/\\\/www.rassegnastampa-totustuus.it\\\/cattolica\\\/#website\"},\"primaryImageOfPage\":{\"@id\":\"https:\\\/\\\/www.rassegnastampa-totustuus.it\\\/cattolica\\\/pi-buono-di-quanto-chieda-cristo-la-malia-della-bontagra\\\/#primaryimage\"},\"image\":{\"@id\":\"https:\\\/\\\/www.rassegnastampa-totustuus.it\\\/cattolica\\\/pi-buono-di-quanto-chieda-cristo-la-malia-della-bontagra\\\/#primaryimage\"},\"thumbnailUrl\":\"https:\\\/\\\/www.rassegnastampa-totustuus.it\\\/cattolica\\\/wp-content\\\/uploads\\\/2006\\\/05\\\/card_Martini.jpg\",\"datePublished\":\"2006-05-10T22:00:00+00:00\",\"dateModified\":\"2016-04-20T14:38:05+00:00\",\"description\":\"Rassegna Stampa Cattolica - Per una cultura che nasce dalla Rivelazione cristiana in conformit\u00e0 alla tradizione e al Magistero della Chiesa in opposizione ad ogni relativismo e totalitarismo\",\"breadcrumb\":{\"@id\":\"https:\\\/\\\/www.rassegnastampa-totustuus.it\\\/cattolica\\\/pi-buono-di-quanto-chieda-cristo-la-malia-della-bontagra\\\/#breadcrumb\"},\"inLanguage\":\"it-IT\",\"potentialAction\":[{\"@type\":\"ReadAction\",\"target\":[\"https:\\\/\\\/www.rassegnastampa-totustuus.it\\\/cattolica\\\/pi-buono-di-quanto-chieda-cristo-la-malia-della-bontagra\\\/\"]}]},{\"@type\":\"ImageObject\",\"inLanguage\":\"it-IT\",\"@id\":\"https:\\\/\\\/www.rassegnastampa-totustuus.it\\\/cattolica\\\/pi-buono-di-quanto-chieda-cristo-la-malia-della-bontagra\\\/#primaryimage\",\"url\":\"https:\\\/\\\/www.rassegnastampa-totustuus.it\\\/cattolica\\\/wp-content\\\/uploads\\\/2006\\\/05\\\/card_Martini.jpg\",\"contentUrl\":\"https:\\\/\\\/www.rassegnastampa-totustuus.it\\\/cattolica\\\/wp-content\\\/uploads\\\/2006\\\/05\\\/card_Martini.jpg\",\"width\":212,\"height\":152},{\"@type\":\"BreadcrumbList\",\"@id\":\"https:\\\/\\\/www.rassegnastampa-totustuus.it\\\/cattolica\\\/pi-buono-di-quanto-chieda-cristo-la-malia-della-bontagra\\\/#breadcrumb\",\"itemListElement\":[{\"@type\":\"ListItem\",\"position\":1,\"name\":\"Home\",\"item\":\"https:\\\/\\\/www.rassegnastampa-totustuus.it\\\/cattolica\\\/\"},{\"@type\":\"ListItem\",\"position\":2,\"name\":\"Pi&ugrave; &laquo;buono&raquo; di quanto chieda Cristo\u2026 La malia della bont\u00e0\"}]},{\"@type\":\"WebSite\",\"@id\":\"https:\\\/\\\/www.rassegnastampa-totustuus.it\\\/cattolica\\\/#website\",\"url\":\"https:\\\/\\\/www.rassegnastampa-totustuus.it\\\/cattolica\\\/\",\"name\":\"Rassegna Stampa Cattolica\",\"description\":\"Per una cultura che nasce dalla Rivelazione cristiana in conformit\u00e0 alla tradizione e al Magistero della Chiesa in opposizione ad ogni relativismo e totalitarismo\",\"publisher\":{\"@id\":\"https:\\\/\\\/www.rassegnastampa-totustuus.it\\\/cattolica\\\/#organization\"},\"alternateName\":\"Rass. Cattolica\",\"potentialAction\":[{\"@type\":\"SearchAction\",\"target\":{\"@type\":\"EntryPoint\",\"urlTemplate\":\"https:\\\/\\\/www.rassegnastampa-totustuus.it\\\/cattolica\\\/?s={search_term_string}\"},\"query-input\":{\"@type\":\"PropertyValueSpecification\",\"valueRequired\":true,\"valueName\":\"search_term_string\"}}],\"inLanguage\":\"it-IT\"},{\"@type\":\"Organization\",\"@id\":\"https:\\\/\\\/www.rassegnastampa-totustuus.it\\\/cattolica\\\/#organization\",\"name\":\"Rassegna Stampa Cattolica\",\"url\":\"https:\\\/\\\/www.rassegnastampa-totustuus.it\\\/cattolica\\\/\",\"logo\":{\"@type\":\"ImageObject\",\"inLanguage\":\"it-IT\",\"@id\":\"https:\\\/\\\/www.rassegnastampa-totustuus.it\\\/cattolica\\\/#\\\/schema\\\/logo\\\/image\\\/\",\"url\":\"https:\\\/\\\/www.rassegnastampa-totustuus.it\\\/cattolica\\\/wp-content\\\/uploads\\\/2014\\\/04\\\/logo-rassegna1.gif\",\"contentUrl\":\"https:\\\/\\\/www.rassegnastampa-totustuus.it\\\/cattolica\\\/wp-content\\\/uploads\\\/2014\\\/04\\\/logo-rassegna1.gif\",\"width\":600,\"height\":163,\"caption\":\"Rassegna Stampa Cattolica\"},\"image\":{\"@id\":\"https:\\\/\\\/www.rassegnastampa-totustuus.it\\\/cattolica\\\/#\\\/schema\\\/logo\\\/image\\\/\"},\"sameAs\":[\"https:\\\/\\\/www.facebook.com\\\/rassegnastampacattolica\",\"https:\\\/\\\/x.com\\\/rassegnastampa9\"]},{\"@type\":\"Person\",\"@id\":\"https:\\\/\\\/www.rassegnastampa-totustuus.it\\\/cattolica\\\/#\\\/schema\\\/person\\\/08f319d2bd1a0904ad9e2bfb7b15e5c3\",\"name\":\"Redazione\",\"image\":{\"@type\":\"ImageObject\",\"inLanguage\":\"it-IT\",\"@id\":\"https:\\\/\\\/secure.gravatar.com\\\/avatar\\\/2fcdf27c78ea025fbdb44e914cc63c72249ffec9dc8aafd5c82b26240ef3f346?s=96&d=mm&r=g\",\"url\":\"https:\\\/\\\/secure.gravatar.com\\\/avatar\\\/2fcdf27c78ea025fbdb44e914cc63c72249ffec9dc8aafd5c82b26240ef3f346?s=96&d=mm&r=g\",\"contentUrl\":\"https:\\\/\\\/secure.gravatar.com\\\/avatar\\\/2fcdf27c78ea025fbdb44e914cc63c72249ffec9dc8aafd5c82b26240ef3f346?s=96&d=mm&r=g\",\"caption\":\"Redazione\"},\"url\":\"https:\\\/\\\/www.rassegnastampa-totustuus.it\\\/cattolica\\\/author\\\/pietroelle\\\/\"}]}<\/script>\n<!-- \/ Yoast SEO plugin. -->","yoast_head_json":{"title":"Pi&ugrave; &laquo;buono&raquo; di quanto chieda Cristo\u2026 La malia della bont\u00e0 - Rassegna Stampa Cattolica","description":"Rassegna Stampa Cattolica - Per una cultura che nasce dalla Rivelazione cristiana in conformit\u00e0 alla tradizione e al Magistero della Chiesa in opposizione ad ogni relativismo e totalitarismo","robots":{"index":"index","follow":"follow","max-snippet":"max-snippet:-1","max-image-preview":"max-image-preview:large","max-video-preview":"max-video-preview:-1"},"canonical":"https:\/\/www.rassegnastampa-totustuus.it\/cattolica\/pi-buono-di-quanto-chieda-cristo-la-malia-della-bontagra\/","og_locale":"it_IT","og_type":"article","og_title":"Pi&ugrave; &laquo;buono&raquo; di quanto chieda Cristo\u2026 La malia della bont\u00e0 - Rassegna Stampa Cattolica","og_description":"Rassegna Stampa Cattolica - Per una cultura che nasce dalla Rivelazione cristiana in conformit\u00e0 alla tradizione e al Magistero della Chiesa in opposizione ad ogni relativismo e totalitarismo","og_url":"https:\/\/www.rassegnastampa-totustuus.it\/cattolica\/pi-buono-di-quanto-chieda-cristo-la-malia-della-bontagra\/","og_site_name":"Rassegna Stampa Cattolica","article_publisher":"https:\/\/www.facebook.com\/rassegnastampacattolica","article_published_time":"2006-05-10T22:00:00+00:00","article_modified_time":"2016-04-20T14:38:05+00:00","og_image":[{"width":212,"height":152,"url":"https:\/\/www.rassegnastampa-totustuus.it\/cattolica\/wp-content\/uploads\/2006\/05\/card_Martini.jpg","type":"image\/jpeg"}],"author":"Redazione","twitter_card":"summary_large_image","twitter_creator":"@rassegnastampa9","twitter_site":"@rassegnastampa9","twitter_misc":{"Scritto da":"Redazione","Tempo di lettura stimato":"4 minuti"},"schema":{"@context":"https:\/\/schema.org","@graph":[{"@type":"Article","@id":"https:\/\/www.rassegnastampa-totustuus.it\/cattolica\/pi-buono-di-quanto-chieda-cristo-la-malia-della-bontagra\/#article","isPartOf":{"@id":"https:\/\/www.rassegnastampa-totustuus.it\/cattolica\/pi-buono-di-quanto-chieda-cristo-la-malia-della-bontagra\/"},"author":{"name":"Redazione","@id":"https:\/\/www.rassegnastampa-totustuus.it\/cattolica\/#\/schema\/person\/08f319d2bd1a0904ad9e2bfb7b15e5c3"},"headline":"Pi&ugrave; &laquo;buono&raquo; di quanto chieda Cristo\u2026 La malia della bont\u00e0","datePublished":"2006-05-10T22:00:00+00:00","dateModified":"2016-04-20T14:38:05+00:00","mainEntityOfPage":{"@id":"https:\/\/www.rassegnastampa-totustuus.it\/cattolica\/pi-buono-di-quanto-chieda-cristo-la-malia-della-bontagra\/"},"wordCount":780,"publisher":{"@id":"https:\/\/www.rassegnastampa-totustuus.it\/cattolica\/#organization"},"image":{"@id":"https:\/\/www.rassegnastampa-totustuus.it\/cattolica\/pi-buono-di-quanto-chieda-cristo-la-malia-della-bontagra\/#primaryimage"},"thumbnailUrl":"https:\/\/www.rassegnastampa-totustuus.it\/cattolica\/wp-content\/uploads\/2006\/05\/card_Martini.jpg","keywords":["progressismo cattolico"],"articleSection":["Chiesa","Progressismo"],"inLanguage":"it-IT"},{"@type":"WebPage","@id":"https:\/\/www.rassegnastampa-totustuus.it\/cattolica\/pi-buono-di-quanto-chieda-cristo-la-malia-della-bontagra\/","url":"https:\/\/www.rassegnastampa-totustuus.it\/cattolica\/pi-buono-di-quanto-chieda-cristo-la-malia-della-bontagra\/","name":"Pi&ugrave; &laquo;buono&raquo; di quanto chieda Cristo\u2026 La malia della bont\u00e0 - Rassegna Stampa Cattolica","isPartOf":{"@id":"https:\/\/www.rassegnastampa-totustuus.it\/cattolica\/#website"},"primaryImageOfPage":{"@id":"https:\/\/www.rassegnastampa-totustuus.it\/cattolica\/pi-buono-di-quanto-chieda-cristo-la-malia-della-bontagra\/#primaryimage"},"image":{"@id":"https:\/\/www.rassegnastampa-totustuus.it\/cattolica\/pi-buono-di-quanto-chieda-cristo-la-malia-della-bontagra\/#primaryimage"},"thumbnailUrl":"https:\/\/www.rassegnastampa-totustuus.it\/cattolica\/wp-content\/uploads\/2006\/05\/card_Martini.jpg","datePublished":"2006-05-10T22:00:00+00:00","dateModified":"2016-04-20T14:38:05+00:00","description":"Rassegna Stampa Cattolica - Per una cultura che nasce dalla Rivelazione cristiana in conformit\u00e0 alla tradizione e al Magistero della Chiesa in opposizione ad ogni relativismo e totalitarismo","breadcrumb":{"@id":"https:\/\/www.rassegnastampa-totustuus.it\/cattolica\/pi-buono-di-quanto-chieda-cristo-la-malia-della-bontagra\/#breadcrumb"},"inLanguage":"it-IT","potentialAction":[{"@type":"ReadAction","target":["https:\/\/www.rassegnastampa-totustuus.it\/cattolica\/pi-buono-di-quanto-chieda-cristo-la-malia-della-bontagra\/"]}]},{"@type":"ImageObject","inLanguage":"it-IT","@id":"https:\/\/www.rassegnastampa-totustuus.it\/cattolica\/pi-buono-di-quanto-chieda-cristo-la-malia-della-bontagra\/#primaryimage","url":"https:\/\/www.rassegnastampa-totustuus.it\/cattolica\/wp-content\/uploads\/2006\/05\/card_Martini.jpg","contentUrl":"https:\/\/www.rassegnastampa-totustuus.it\/cattolica\/wp-content\/uploads\/2006\/05\/card_Martini.jpg","width":212,"height":152},{"@type":"BreadcrumbList","@id":"https:\/\/www.rassegnastampa-totustuus.it\/cattolica\/pi-buono-di-quanto-chieda-cristo-la-malia-della-bontagra\/#breadcrumb","itemListElement":[{"@type":"ListItem","position":1,"name":"Home","item":"https:\/\/www.rassegnastampa-totustuus.it\/cattolica\/"},{"@type":"ListItem","position":2,"name":"Pi&ugrave; &laquo;buono&raquo; di quanto chieda Cristo\u2026 La malia della bont\u00e0"}]},{"@type":"WebSite","@id":"https:\/\/www.rassegnastampa-totustuus.it\/cattolica\/#website","url":"https:\/\/www.rassegnastampa-totustuus.it\/cattolica\/","name":"Rassegna Stampa Cattolica","description":"Per una cultura che nasce dalla Rivelazione cristiana in conformit\u00e0 alla tradizione e al Magistero della Chiesa in opposizione ad ogni relativismo e totalitarismo","publisher":{"@id":"https:\/\/www.rassegnastampa-totustuus.it\/cattolica\/#organization"},"alternateName":"Rass. Cattolica","potentialAction":[{"@type":"SearchAction","target":{"@type":"EntryPoint","urlTemplate":"https:\/\/www.rassegnastampa-totustuus.it\/cattolica\/?s={search_term_string}"},"query-input":{"@type":"PropertyValueSpecification","valueRequired":true,"valueName":"search_term_string"}}],"inLanguage":"it-IT"},{"@type":"Organization","@id":"https:\/\/www.rassegnastampa-totustuus.it\/cattolica\/#organization","name":"Rassegna Stampa Cattolica","url":"https:\/\/www.rassegnastampa-totustuus.it\/cattolica\/","logo":{"@type":"ImageObject","inLanguage":"it-IT","@id":"https:\/\/www.rassegnastampa-totustuus.it\/cattolica\/#\/schema\/logo\/image\/","url":"https:\/\/www.rassegnastampa-totustuus.it\/cattolica\/wp-content\/uploads\/2014\/04\/logo-rassegna1.gif","contentUrl":"https:\/\/www.rassegnastampa-totustuus.it\/cattolica\/wp-content\/uploads\/2014\/04\/logo-rassegna1.gif","width":600,"height":163,"caption":"Rassegna Stampa Cattolica"},"image":{"@id":"https:\/\/www.rassegnastampa-totustuus.it\/cattolica\/#\/schema\/logo\/image\/"},"sameAs":["https:\/\/www.facebook.com\/rassegnastampacattolica","https:\/\/x.com\/rassegnastampa9"]},{"@type":"Person","@id":"https:\/\/www.rassegnastampa-totustuus.it\/cattolica\/#\/schema\/person\/08f319d2bd1a0904ad9e2bfb7b15e5c3","name":"Redazione","image":{"@type":"ImageObject","inLanguage":"it-IT","@id":"https:\/\/secure.gravatar.com\/avatar\/2fcdf27c78ea025fbdb44e914cc63c72249ffec9dc8aafd5c82b26240ef3f346?s=96&d=mm&r=g","url":"https:\/\/secure.gravatar.com\/avatar\/2fcdf27c78ea025fbdb44e914cc63c72249ffec9dc8aafd5c82b26240ef3f346?s=96&d=mm&r=g","contentUrl":"https:\/\/secure.gravatar.com\/avatar\/2fcdf27c78ea025fbdb44e914cc63c72249ffec9dc8aafd5c82b26240ef3f346?s=96&d=mm&r=g","caption":"Redazione"},"url":"https:\/\/www.rassegnastampa-totustuus.it\/cattolica\/author\/pietroelle\/"}]}},"_links":{"self":[{"href":"https:\/\/www.rassegnastampa-totustuus.it\/cattolica\/wp-json\/wp\/v2\/posts\/2029","targetHints":{"allow":["GET"]}}],"collection":[{"href":"https:\/\/www.rassegnastampa-totustuus.it\/cattolica\/wp-json\/wp\/v2\/posts"}],"about":[{"href":"https:\/\/www.rassegnastampa-totustuus.it\/cattolica\/wp-json\/wp\/v2\/types\/post"}],"author":[{"embeddable":true,"href":"https:\/\/www.rassegnastampa-totustuus.it\/cattolica\/wp-json\/wp\/v2\/users\/6"}],"replies":[{"embeddable":true,"href":"https:\/\/www.rassegnastampa-totustuus.it\/cattolica\/wp-json\/wp\/v2\/comments?post=2029"}],"version-history":[{"count":4,"href":"https:\/\/www.rassegnastampa-totustuus.it\/cattolica\/wp-json\/wp\/v2\/posts\/2029\/revisions"}],"predecessor-version":[{"id":33216,"href":"https:\/\/www.rassegnastampa-totustuus.it\/cattolica\/wp-json\/wp\/v2\/posts\/2029\/revisions\/33216"}],"wp:featuredmedia":[{"embeddable":true,"href":"https:\/\/www.rassegnastampa-totustuus.it\/cattolica\/wp-json\/wp\/v2\/media\/33215"}],"wp:attachment":[{"href":"https:\/\/www.rassegnastampa-totustuus.it\/cattolica\/wp-json\/wp\/v2\/media?parent=2029"}],"wp:term":[{"taxonomy":"category","embeddable":true,"href":"https:\/\/www.rassegnastampa-totustuus.it\/cattolica\/wp-json\/wp\/v2\/categories?post=2029"},{"taxonomy":"post_tag","embeddable":true,"href":"https:\/\/www.rassegnastampa-totustuus.it\/cattolica\/wp-json\/wp\/v2\/tags?post=2029"}],"curies":[{"name":"wp","href":"https:\/\/api.w.org\/{rel}","templated":true}]}}