{"id":2028,"date":"2006-05-11T00:00:00","date_gmt":"2006-05-10T22:00:00","guid":{"rendered":""},"modified":"2016-03-22T09:49:10","modified_gmt":"2016-03-22T08:49:10","slug":"europa-laica-s-ma-non-atea","status":"publish","type":"post","link":"https:\/\/www.rassegnastampa-totustuus.it\/cattolica\/europa-laica-s-ma-non-atea\/","title":{"rendered":"Europa: laica s&igrave;, ma non atea"},"content":{"rendered":"<div style=\"text-align: center;\"><strong><img loading=\"lazy\" decoding=\"async\" class=\"alignleft wp-image-32000\" src=\"https:\/\/www.rassegnastampa-totustuus.it\/cattolica\/wp-content\/uploads\/2006\/05\/europa.jpg\" alt=\"europa\" width=\"240\" height=\"180\" \/>Avvenire<\/strong>, 28 aprile 2006<\/div>\n<p style=\"text-align: justify;\"><em>Il Vecchio Continente \u00e8 in decadenza come l\u2019Impero romano? Per Marcello Pera si pu\u00f2 evitare, se credenti e non collaboreranno per arginare la crisi morale e spirituale<\/em><\/p>\n<p style=\"text-align: center;\">di <strong>Marcello Pera<\/strong><\/p>\n<p><!--more--><\/p>\n<div style=\"text-align: justify;\">Personamente, non sono ateo. Non nego l&#8217;esistenza di Dio e mi oppongo a tutte quelle filosofie che hanno dichiarato la &#8220;morte di Dio&#8221; o &#8220;l&#8217;inutilit\u00e0 di Dio&#8221;, da Feuerbach a Marx a Comte a Nietzsche a Freud. \u00c8 per questo che, dei due temi che mi sono stati assegnati, mi occuper\u00f2 del secondo &#8211; la crisi della civilt\u00e0 europea &#8211; e non del primo, l&#8217;umanesimo ateistico.<\/div>\n<div style=\"text-align: justify;\"><\/div>\n<div style=\"text-align: justify;\">Questo umanesimo, supposto che sia mai stato un umanesimo, \u00e8 per me morto e sepolto, anche se l&#8217;odore di questi cadaveri intellettuali continua ad ammorbare la cultura europea. Feuerbach e Marx esalano ancora secolarismo, Nietzsche il nichilismo, e Freud l&#8217;idolatria della scienza ridotta ad un tranquillante per le coscienze.<\/div>\n<p style=\"text-align: justify;\">Per ragioni che non \u00e8 il caso qui di spiegare, non posso definirmi un cristiano credente. Seguo Pascal, secondo cui Dio \u00e8 una scommessa, e Kant, secondo cui Dio \u00e8 un postulato della vita morale. Credo che si debba vivere <em>velut si Deus daretur<\/em>, o pi\u00f9 precisamente, <em>velut si Christus daretur<\/em>.<\/p>\n<p style=\"text-align: justify;\">Senza l&#8217;idea di Dio, quale limite avrebbe la nostra vita morale? Quale giudice resterebbe delle nostre azioni? Di fronte a chi risponderemmo dei nostri comportamenti? Parlando in positivo, mi considero un credente nei valori fondamentali del cristianesimo, la dignit\u00e0 della persona, la vita, l&#8217;uguaglianza, la fratellanza, la solidariet\u00e0.<\/p>\n<p style=\"text-align: justify;\">Per completare questa breve auto-presentazione, posso aggiungere i tre fatti principali che mi hanno portato alla convinzione che esiste una grave crisi morale e spirituale dell&#8217;Europa.<\/p>\n<p style=\"text-align: justify;\">Il primo fatto \u00e8 la reazione dell&#8217;Europa di fronte alla fine del comunismo. Il sentimento pi\u00f9 diffuso fra le \u00e9lite culturali non comuniste dell&#8217;Europa occidentale fu pi\u00f9 di rimpianto che di soddisfazione, pi\u00f9 di nostalgia che di speranza. Si disse: non crediate che tutti i problemi siano risolti. Oppure: non pensiate che gli ideali di giustizia, uguaglianza, miglioramento, autogoverno, che stanno alla base del comunismo si siano dissolti. Pi\u00f9 che sentirsi vittoriosa, l&#8217;Europa si sent\u00ec orfana. Aveva gi\u00e0 perso l&#8217;identit\u00e0 positiva cristiana e ora non aveva neanche quella negativa anticomunista.<\/p>\n<p style=\"text-align: justify;\">Il secondo fatto che menziono \u00e8 la reazione dell&#8217;Europa all&#8217;11 settembre e al fondamentalismo islamico. Il primo giorno dopo l&#8217;attacco alle Torri gemelle e al Pentagono eravamo tutti americani. Il secondo giorno lo eravamo solo nei necrologi. Il terzo giorno non c&#8217;era pi\u00f9 un americano in Europa.<\/p>\n<p style=\"text-align: justify;\">Non mi riferisco alle divisioni sulla guerra in Iraq, mi riferisco a quella strana &#8220;sindrome di colpevolezza&#8221; da cui siamo affetti, secondo la quale tutto ci\u00f2 che ci accade, compreso gli attacchi del fondamentalismo e del terrorismo islamico &#8211; supposto che ci sia consentito di chiamarlo &#8220;islamico&#8221; &#8211; sono giustificati dalle nostre colpe ed errori.<\/p>\n<p style=\"text-align: justify;\">Il terzo fatto cui mi riferisco \u00e8 pi\u00f9 personale. Si tratta del mio incontro, prima intellettuale e poi personale, con il cardinale Ratzinger poi Benedetto XVI. Quando ho letto che, secondo lui, \u00abil confronto [fra l&#8217;Europa] e l&#8217;Impero romano al tramonto si impone\u00bb, la mia convinzione si \u00e8 rafforzata.<\/p>\n<p style=\"text-align: justify;\">I sintomi della crisi spirituale dell&#8217;Europa &#8211; della sua \u00abcollisione con la sua stessa storia\u00bb, come dice Benedetto XVI &#8211; a me sembrano evidenti. I principali sono: il mancato riferimento alle radici cristiane dell&#8217;Europa in una Costituzione che inizia citando Tucidide e prosegue riferendosi a tradizioni mai menzionate col loro nome; una fioritura di legislazioni nazionali contrarie ai valori fondamentali del cristianesimo, come la vita, la dignit\u00e0 umana, il matrimonio; la secolarizzazione assunta come ideologia o come una sorta di religione di stato; il rifiuto, quale non si vede in America, di consentire alla religione di giocare un ruolo nella sfera pubblica; il multiculturalismo, che \u00e8 una forma di integrazione degli immigrati che non attribuisce valore particolare alla tradizione autoctona; il relativismo, che \u00e8 la dottrina secondo cui nessuna cultura o civilt\u00e0 pu\u00f2 essere compara ta con alcun&#8217;altra, per cui tutte hanno la stessa dignit\u00e0.<\/p>\n<p style=\"text-align: justify;\">Se questa \u00e8 la crisi, qual \u00e8 il rimedio? La mia risposta \u00e8 duplice: un progetto culturale a favore di una religione civile cristiana, e l&#8217;adozione di politiche coerenti con questo progetto. Ho avanzato l&#8217;idea di una religione civile cristiana nel libro<em> Senza radici <\/em>scritto con l&#8217;allora cardinale Ratzinger.<\/p>\n<p style=\"text-align: justify;\">Quando dico &#8220;religione&#8221; mi riferisco ad una fede, un credo. Come tutte le religioni, essa \u00e8 un atteggiamento antecedente alle nostre decisioni culturali e politiche, \u00e8 una cornice o una guida delle nostre scelte di vita. &#8220;Civile&#8221; significa che essa \u00e8 un costume collettivo, il quale fornisce un <em>ethos<\/em>, cio\u00e8 un&#8217;identit\u00e0 a individui e popoli. In questo senso, &#8220;civile&#8221; non solo non \u00e8 incompatibile con le varie confessioni religiose cristiane professate in Europa, ma si accorda con i fondamenti di ciascuna di esse. Questo spiega perch\u00e9 una religione siffatta deve essere &#8220;cristiana&#8221;. Nel senso che i suoi valori sono quelli che, in Europa, sono stati tramandati dalla tradizione giudaico-cristiana.<\/p>\n<p style=\"text-align: justify;\">C&#8217;\u00e8 ora da chiedersi: chi pu\u00f2 impegnarsi in questo progetto culturale? In primo luogo, ovviamente, dovrebbero farlo i cristiani credenti e perci\u00f2 la Chiesa cattolica e le varie Chiese cristiane europee. In secondo luogo, alla religione civile cristiana dovrebbero essere interessati anche i non credenti, perch\u00e9 essa non implica necessariamente una fede trascendente. In terzo luogo, il progetto dovrebbe essere perseguito da tutti coloro che si richiamano ai princ\u00ecpi del conservatorismo politico, in particolare la difesa della tradizione, che in Europa, nonostante la cattiva coscienza di coloro che abbozzarono la Costituzione, \u00e8 la tradizione cristiana. (&#8230;)<\/p>\n<p style=\"text-align: justify;\">Nella sua replica al mio scritto, il Papa non rigetta la mia tesi, ma avanza due condizioni: che credenti e non credenti dovrebbero impegnarsi in un vero dialogo, senza barriere; che i non credenti non dovrebbero escludere che la ragione a cui si riferiscono possa essere aperta alla dimensione religiosa. Personalmente, penso che entrambe le condizioni possano essere accettate.<\/p>\n<p style=\"text-align: justify;\">Pi\u00f9 precisamente, penso che gi\u00e0 esista un terreno comune su cui sia possibile iniziare a lavorare: i diritti umani fondamentali. Il problema che essi pongono \u00e8: se, come dicono anche le nostre costituzioni nazionali, questi diritti non sono &#8220;creati&#8221; dagli Stati, ma da essi &#8220;riconosciuti&#8221;, da dove derivano?<\/p>\n<p style=\"text-align: justify;\">La risposta dei credenti, come dice il Papa, deriva dalla \u00abfede cristiana [che] vede il mistero del Creatore e la condizione dell&#8217;uomo fatto a sua immagine\u00bb. La risposta dei non credenti non pu\u00f2 fare riferimento alla rivelazione cristiana. Tuttavia, se essi vogliono usare la forza della sola ragione e assicurarsi che questi diritti siano garantiti a tutti e ciascuno, allora \u00e8 dovere dei non credenti sviluppare una teoria razionale dei diritti umani fondamentali, cio\u00e8 un&#8217;antropologia o etica universale in cui questi diritti siano l&#8217;impronta di ogni uomo in quanto uomo. (&#8230;)<\/p>\n<p style=\"text-align: justify;\">Concludo con una domanda. Ci sono ancora &#8211; fra i credenti, i non credenti, gli intellettuali, i politici, gli opinionisti, le Chiese europee &#8211; uomini di volont\u00e0 e di coraggio, non timidi, non arrendevoli, non inclini solo al quieto vivere, non acquiescenti all&#8217;ipocrisia del linguaggio intellettualmente corretto ma politicamente suicida, i quali vogliano invertire il corso della crisi europea? Credo &#8211; voglio credere &#8211; che ci siano.<\/p>\n<p style=\"text-align: justify;\">Ma se la risposta dovesse essere negativa, allora il confronto fra l&#8217;Europa di oggi e l&#8217;Impero romano al tramonto, di cui parlava il cardinale Ratzinger, diverrebbe di tragica attualit\u00e0.<\/p>\n","protected":false},"excerpt":{"rendered":"<p>Avvenire, 28 aprile 2006 Il Vecchio Continente \u00e8 in decadenza come l\u2019Impero romano? Per Marcello Pera si pu\u00f2 evitare, se credenti e non collaboreranno per arginare la crisi morale e spirituale di Marcello Pera<\/p><p><a class=\"more-link btn\" href=\"https:\/\/www.rassegnastampa-totustuus.it\/cattolica\/europa-laica-s-ma-non-atea\/\">Continua a leggere<\/a><\/p>\n","protected":false},"author":6,"featured_media":32000,"comment_status":"closed","ping_status":"open","sticky":false,"template":"","format":"standard","meta":{"footnotes":""},"categories":[14],"tags":[467],"class_list":["post-2028","post","type-post","status-publish","format-standard","has-post-thumbnail","hentry","category-europa-e-ue","tag-radici-cristiane-ue-2","item-wrap"],"yoast_head":"<!-- This site is optimized with the Yoast SEO plugin v27.5 - https:\/\/yoast.com\/product\/yoast-seo-wordpress\/ -->\n<title>Europa: laica s&igrave;, ma non atea - Rassegna Stampa Cattolica<\/title>\n<meta name=\"description\" content=\"Rassegna Stampa Cattolica - Per una cultura che nasce dalla Rivelazione cristiana in conformit\u00e0 alla tradizione e al Magistero della Chiesa in opposizione ad ogni relativismo e totalitarismo\" \/>\n<meta name=\"robots\" content=\"index, follow, max-snippet:-1, max-image-preview:large, max-video-preview:-1\" \/>\n<link rel=\"canonical\" href=\"https:\/\/www.rassegnastampa-totustuus.it\/cattolica\/europa-laica-s-ma-non-atea\/\" \/>\n<meta property=\"og:locale\" content=\"it_IT\" \/>\n<meta property=\"og:type\" content=\"article\" \/>\n<meta property=\"og:title\" content=\"Europa: laica s&igrave;, ma non atea - Rassegna Stampa Cattolica\" \/>\n<meta property=\"og:description\" content=\"Rassegna Stampa Cattolica - Per una cultura che nasce dalla Rivelazione cristiana in conformit\u00e0 alla tradizione e al Magistero della Chiesa in opposizione ad ogni relativismo e totalitarismo\" \/>\n<meta property=\"og:url\" content=\"https:\/\/www.rassegnastampa-totustuus.it\/cattolica\/europa-laica-s-ma-non-atea\/\" \/>\n<meta property=\"og:site_name\" content=\"Rassegna Stampa Cattolica\" \/>\n<meta property=\"article:publisher\" content=\"https:\/\/www.facebook.com\/rassegnastampacattolica\" \/>\n<meta property=\"article:published_time\" content=\"2006-05-10T22:00:00+00:00\" \/>\n<meta property=\"article:modified_time\" content=\"2016-03-22T08:49:10+00:00\" \/>\n<meta property=\"og:image\" content=\"https:\/\/www.rassegnastampa-totustuus.it\/cattolica\/wp-content\/uploads\/2006\/05\/europa.jpg\" \/>\n\t<meta property=\"og:image:width\" content=\"259\" \/>\n\t<meta property=\"og:image:height\" content=\"194\" \/>\n\t<meta property=\"og:image:type\" content=\"image\/jpeg\" \/>\n<meta name=\"author\" content=\"Redazione\" \/>\n<meta name=\"twitter:card\" content=\"summary_large_image\" \/>\n<meta name=\"twitter:creator\" content=\"@rassegnastampa9\" \/>\n<meta name=\"twitter:site\" content=\"@rassegnastampa9\" \/>\n<meta name=\"twitter:label1\" content=\"Scritto da\" \/>\n\t<meta name=\"twitter:data1\" content=\"Redazione\" \/>\n\t<meta name=\"twitter:label2\" content=\"Tempo di lettura stimato\" \/>\n\t<meta name=\"twitter:data2\" content=\"6 minuti\" \/>\n<script type=\"application\/ld+json\" class=\"yoast-schema-graph\">{\"@context\":\"https:\\\/\\\/schema.org\",\"@graph\":[{\"@type\":\"Article\",\"@id\":\"https:\\\/\\\/www.rassegnastampa-totustuus.it\\\/cattolica\\\/europa-laica-s-ma-non-atea\\\/#article\",\"isPartOf\":{\"@id\":\"https:\\\/\\\/www.rassegnastampa-totustuus.it\\\/cattolica\\\/europa-laica-s-ma-non-atea\\\/\"},\"author\":{\"name\":\"Redazione\",\"@id\":\"https:\\\/\\\/www.rassegnastampa-totustuus.it\\\/cattolica\\\/#\\\/schema\\\/person\\\/08f319d2bd1a0904ad9e2bfb7b15e5c3\"},\"headline\":\"Europa: laica s&igrave;, ma non atea\",\"datePublished\":\"2006-05-10T22:00:00+00:00\",\"dateModified\":\"2016-03-22T08:49:10+00:00\",\"mainEntityOfPage\":{\"@id\":\"https:\\\/\\\/www.rassegnastampa-totustuus.it\\\/cattolica\\\/europa-laica-s-ma-non-atea\\\/\"},\"wordCount\":1221,\"publisher\":{\"@id\":\"https:\\\/\\\/www.rassegnastampa-totustuus.it\\\/cattolica\\\/#organization\"},\"image\":{\"@id\":\"https:\\\/\\\/www.rassegnastampa-totustuus.it\\\/cattolica\\\/europa-laica-s-ma-non-atea\\\/#primaryimage\"},\"thumbnailUrl\":\"https:\\\/\\\/www.rassegnastampa-totustuus.it\\\/cattolica\\\/wp-content\\\/uploads\\\/2006\\\/05\\\/europa.jpg\",\"keywords\":[\"radici cristiane Ue\"],\"articleSection\":[\"Europa e UE\"],\"inLanguage\":\"it-IT\"},{\"@type\":\"WebPage\",\"@id\":\"https:\\\/\\\/www.rassegnastampa-totustuus.it\\\/cattolica\\\/europa-laica-s-ma-non-atea\\\/\",\"url\":\"https:\\\/\\\/www.rassegnastampa-totustuus.it\\\/cattolica\\\/europa-laica-s-ma-non-atea\\\/\",\"name\":\"Europa: laica s&igrave;, ma non atea - Rassegna Stampa Cattolica\",\"isPartOf\":{\"@id\":\"https:\\\/\\\/www.rassegnastampa-totustuus.it\\\/cattolica\\\/#website\"},\"primaryImageOfPage\":{\"@id\":\"https:\\\/\\\/www.rassegnastampa-totustuus.it\\\/cattolica\\\/europa-laica-s-ma-non-atea\\\/#primaryimage\"},\"image\":{\"@id\":\"https:\\\/\\\/www.rassegnastampa-totustuus.it\\\/cattolica\\\/europa-laica-s-ma-non-atea\\\/#primaryimage\"},\"thumbnailUrl\":\"https:\\\/\\\/www.rassegnastampa-totustuus.it\\\/cattolica\\\/wp-content\\\/uploads\\\/2006\\\/05\\\/europa.jpg\",\"datePublished\":\"2006-05-10T22:00:00+00:00\",\"dateModified\":\"2016-03-22T08:49:10+00:00\",\"description\":\"Rassegna Stampa Cattolica - Per una cultura che nasce dalla Rivelazione cristiana in conformit\u00e0 alla tradizione e al Magistero della Chiesa in opposizione ad ogni relativismo e totalitarismo\",\"breadcrumb\":{\"@id\":\"https:\\\/\\\/www.rassegnastampa-totustuus.it\\\/cattolica\\\/europa-laica-s-ma-non-atea\\\/#breadcrumb\"},\"inLanguage\":\"it-IT\",\"potentialAction\":[{\"@type\":\"ReadAction\",\"target\":[\"https:\\\/\\\/www.rassegnastampa-totustuus.it\\\/cattolica\\\/europa-laica-s-ma-non-atea\\\/\"]}]},{\"@type\":\"ImageObject\",\"inLanguage\":\"it-IT\",\"@id\":\"https:\\\/\\\/www.rassegnastampa-totustuus.it\\\/cattolica\\\/europa-laica-s-ma-non-atea\\\/#primaryimage\",\"url\":\"https:\\\/\\\/www.rassegnastampa-totustuus.it\\\/cattolica\\\/wp-content\\\/uploads\\\/2006\\\/05\\\/europa.jpg\",\"contentUrl\":\"https:\\\/\\\/www.rassegnastampa-totustuus.it\\\/cattolica\\\/wp-content\\\/uploads\\\/2006\\\/05\\\/europa.jpg\",\"width\":259,\"height\":194},{\"@type\":\"BreadcrumbList\",\"@id\":\"https:\\\/\\\/www.rassegnastampa-totustuus.it\\\/cattolica\\\/europa-laica-s-ma-non-atea\\\/#breadcrumb\",\"itemListElement\":[{\"@type\":\"ListItem\",\"position\":1,\"name\":\"Home\",\"item\":\"https:\\\/\\\/www.rassegnastampa-totustuus.it\\\/cattolica\\\/\"},{\"@type\":\"ListItem\",\"position\":2,\"name\":\"Europa: laica s&igrave;, ma non atea\"}]},{\"@type\":\"WebSite\",\"@id\":\"https:\\\/\\\/www.rassegnastampa-totustuus.it\\\/cattolica\\\/#website\",\"url\":\"https:\\\/\\\/www.rassegnastampa-totustuus.it\\\/cattolica\\\/\",\"name\":\"Rassegna Stampa Cattolica\",\"description\":\"Per una cultura che nasce dalla Rivelazione cristiana in conformit\u00e0 alla tradizione e al Magistero della Chiesa in opposizione ad ogni relativismo e totalitarismo\",\"publisher\":{\"@id\":\"https:\\\/\\\/www.rassegnastampa-totustuus.it\\\/cattolica\\\/#organization\"},\"alternateName\":\"Rass. Cattolica\",\"potentialAction\":[{\"@type\":\"SearchAction\",\"target\":{\"@type\":\"EntryPoint\",\"urlTemplate\":\"https:\\\/\\\/www.rassegnastampa-totustuus.it\\\/cattolica\\\/?s={search_term_string}\"},\"query-input\":{\"@type\":\"PropertyValueSpecification\",\"valueRequired\":true,\"valueName\":\"search_term_string\"}}],\"inLanguage\":\"it-IT\"},{\"@type\":\"Organization\",\"@id\":\"https:\\\/\\\/www.rassegnastampa-totustuus.it\\\/cattolica\\\/#organization\",\"name\":\"Rassegna Stampa Cattolica\",\"url\":\"https:\\\/\\\/www.rassegnastampa-totustuus.it\\\/cattolica\\\/\",\"logo\":{\"@type\":\"ImageObject\",\"inLanguage\":\"it-IT\",\"@id\":\"https:\\\/\\\/www.rassegnastampa-totustuus.it\\\/cattolica\\\/#\\\/schema\\\/logo\\\/image\\\/\",\"url\":\"https:\\\/\\\/www.rassegnastampa-totustuus.it\\\/cattolica\\\/wp-content\\\/uploads\\\/2014\\\/04\\\/logo-rassegna1.gif\",\"contentUrl\":\"https:\\\/\\\/www.rassegnastampa-totustuus.it\\\/cattolica\\\/wp-content\\\/uploads\\\/2014\\\/04\\\/logo-rassegna1.gif\",\"width\":600,\"height\":163,\"caption\":\"Rassegna Stampa Cattolica\"},\"image\":{\"@id\":\"https:\\\/\\\/www.rassegnastampa-totustuus.it\\\/cattolica\\\/#\\\/schema\\\/logo\\\/image\\\/\"},\"sameAs\":[\"https:\\\/\\\/www.facebook.com\\\/rassegnastampacattolica\",\"https:\\\/\\\/x.com\\\/rassegnastampa9\"]},{\"@type\":\"Person\",\"@id\":\"https:\\\/\\\/www.rassegnastampa-totustuus.it\\\/cattolica\\\/#\\\/schema\\\/person\\\/08f319d2bd1a0904ad9e2bfb7b15e5c3\",\"name\":\"Redazione\",\"image\":{\"@type\":\"ImageObject\",\"inLanguage\":\"it-IT\",\"@id\":\"https:\\\/\\\/secure.gravatar.com\\\/avatar\\\/2fcdf27c78ea025fbdb44e914cc63c72249ffec9dc8aafd5c82b26240ef3f346?s=96&d=mm&r=g\",\"url\":\"https:\\\/\\\/secure.gravatar.com\\\/avatar\\\/2fcdf27c78ea025fbdb44e914cc63c72249ffec9dc8aafd5c82b26240ef3f346?s=96&d=mm&r=g\",\"contentUrl\":\"https:\\\/\\\/secure.gravatar.com\\\/avatar\\\/2fcdf27c78ea025fbdb44e914cc63c72249ffec9dc8aafd5c82b26240ef3f346?s=96&d=mm&r=g\",\"caption\":\"Redazione\"},\"url\":\"https:\\\/\\\/www.rassegnastampa-totustuus.it\\\/cattolica\\\/author\\\/pietroelle\\\/\"}]}<\/script>\n<!-- \/ Yoast SEO plugin. -->","yoast_head_json":{"title":"Europa: laica s&igrave;, ma non atea - Rassegna Stampa Cattolica","description":"Rassegna Stampa Cattolica - Per una cultura che nasce dalla Rivelazione cristiana in conformit\u00e0 alla tradizione e al Magistero della Chiesa in opposizione ad ogni relativismo e totalitarismo","robots":{"index":"index","follow":"follow","max-snippet":"max-snippet:-1","max-image-preview":"max-image-preview:large","max-video-preview":"max-video-preview:-1"},"canonical":"https:\/\/www.rassegnastampa-totustuus.it\/cattolica\/europa-laica-s-ma-non-atea\/","og_locale":"it_IT","og_type":"article","og_title":"Europa: laica s&igrave;, ma non atea - Rassegna Stampa Cattolica","og_description":"Rassegna Stampa Cattolica - Per una cultura che nasce dalla Rivelazione cristiana in conformit\u00e0 alla tradizione e al Magistero della Chiesa in opposizione ad ogni relativismo e totalitarismo","og_url":"https:\/\/www.rassegnastampa-totustuus.it\/cattolica\/europa-laica-s-ma-non-atea\/","og_site_name":"Rassegna Stampa Cattolica","article_publisher":"https:\/\/www.facebook.com\/rassegnastampacattolica","article_published_time":"2006-05-10T22:00:00+00:00","article_modified_time":"2016-03-22T08:49:10+00:00","og_image":[{"width":259,"height":194,"url":"https:\/\/www.rassegnastampa-totustuus.it\/cattolica\/wp-content\/uploads\/2006\/05\/europa.jpg","type":"image\/jpeg"}],"author":"Redazione","twitter_card":"summary_large_image","twitter_creator":"@rassegnastampa9","twitter_site":"@rassegnastampa9","twitter_misc":{"Scritto da":"Redazione","Tempo di lettura stimato":"6 minuti"},"schema":{"@context":"https:\/\/schema.org","@graph":[{"@type":"Article","@id":"https:\/\/www.rassegnastampa-totustuus.it\/cattolica\/europa-laica-s-ma-non-atea\/#article","isPartOf":{"@id":"https:\/\/www.rassegnastampa-totustuus.it\/cattolica\/europa-laica-s-ma-non-atea\/"},"author":{"name":"Redazione","@id":"https:\/\/www.rassegnastampa-totustuus.it\/cattolica\/#\/schema\/person\/08f319d2bd1a0904ad9e2bfb7b15e5c3"},"headline":"Europa: laica s&igrave;, ma non atea","datePublished":"2006-05-10T22:00:00+00:00","dateModified":"2016-03-22T08:49:10+00:00","mainEntityOfPage":{"@id":"https:\/\/www.rassegnastampa-totustuus.it\/cattolica\/europa-laica-s-ma-non-atea\/"},"wordCount":1221,"publisher":{"@id":"https:\/\/www.rassegnastampa-totustuus.it\/cattolica\/#organization"},"image":{"@id":"https:\/\/www.rassegnastampa-totustuus.it\/cattolica\/europa-laica-s-ma-non-atea\/#primaryimage"},"thumbnailUrl":"https:\/\/www.rassegnastampa-totustuus.it\/cattolica\/wp-content\/uploads\/2006\/05\/europa.jpg","keywords":["radici cristiane Ue"],"articleSection":["Europa e UE"],"inLanguage":"it-IT"},{"@type":"WebPage","@id":"https:\/\/www.rassegnastampa-totustuus.it\/cattolica\/europa-laica-s-ma-non-atea\/","url":"https:\/\/www.rassegnastampa-totustuus.it\/cattolica\/europa-laica-s-ma-non-atea\/","name":"Europa: laica s&igrave;, ma non atea - Rassegna Stampa Cattolica","isPartOf":{"@id":"https:\/\/www.rassegnastampa-totustuus.it\/cattolica\/#website"},"primaryImageOfPage":{"@id":"https:\/\/www.rassegnastampa-totustuus.it\/cattolica\/europa-laica-s-ma-non-atea\/#primaryimage"},"image":{"@id":"https:\/\/www.rassegnastampa-totustuus.it\/cattolica\/europa-laica-s-ma-non-atea\/#primaryimage"},"thumbnailUrl":"https:\/\/www.rassegnastampa-totustuus.it\/cattolica\/wp-content\/uploads\/2006\/05\/europa.jpg","datePublished":"2006-05-10T22:00:00+00:00","dateModified":"2016-03-22T08:49:10+00:00","description":"Rassegna Stampa Cattolica - Per una cultura che nasce dalla Rivelazione cristiana in conformit\u00e0 alla tradizione e al Magistero della Chiesa in opposizione ad ogni relativismo e totalitarismo","breadcrumb":{"@id":"https:\/\/www.rassegnastampa-totustuus.it\/cattolica\/europa-laica-s-ma-non-atea\/#breadcrumb"},"inLanguage":"it-IT","potentialAction":[{"@type":"ReadAction","target":["https:\/\/www.rassegnastampa-totustuus.it\/cattolica\/europa-laica-s-ma-non-atea\/"]}]},{"@type":"ImageObject","inLanguage":"it-IT","@id":"https:\/\/www.rassegnastampa-totustuus.it\/cattolica\/europa-laica-s-ma-non-atea\/#primaryimage","url":"https:\/\/www.rassegnastampa-totustuus.it\/cattolica\/wp-content\/uploads\/2006\/05\/europa.jpg","contentUrl":"https:\/\/www.rassegnastampa-totustuus.it\/cattolica\/wp-content\/uploads\/2006\/05\/europa.jpg","width":259,"height":194},{"@type":"BreadcrumbList","@id":"https:\/\/www.rassegnastampa-totustuus.it\/cattolica\/europa-laica-s-ma-non-atea\/#breadcrumb","itemListElement":[{"@type":"ListItem","position":1,"name":"Home","item":"https:\/\/www.rassegnastampa-totustuus.it\/cattolica\/"},{"@type":"ListItem","position":2,"name":"Europa: laica s&igrave;, ma non atea"}]},{"@type":"WebSite","@id":"https:\/\/www.rassegnastampa-totustuus.it\/cattolica\/#website","url":"https:\/\/www.rassegnastampa-totustuus.it\/cattolica\/","name":"Rassegna Stampa Cattolica","description":"Per una cultura che nasce dalla Rivelazione cristiana in conformit\u00e0 alla tradizione e al Magistero della Chiesa in opposizione ad ogni relativismo e totalitarismo","publisher":{"@id":"https:\/\/www.rassegnastampa-totustuus.it\/cattolica\/#organization"},"alternateName":"Rass. Cattolica","potentialAction":[{"@type":"SearchAction","target":{"@type":"EntryPoint","urlTemplate":"https:\/\/www.rassegnastampa-totustuus.it\/cattolica\/?s={search_term_string}"},"query-input":{"@type":"PropertyValueSpecification","valueRequired":true,"valueName":"search_term_string"}}],"inLanguage":"it-IT"},{"@type":"Organization","@id":"https:\/\/www.rassegnastampa-totustuus.it\/cattolica\/#organization","name":"Rassegna Stampa Cattolica","url":"https:\/\/www.rassegnastampa-totustuus.it\/cattolica\/","logo":{"@type":"ImageObject","inLanguage":"it-IT","@id":"https:\/\/www.rassegnastampa-totustuus.it\/cattolica\/#\/schema\/logo\/image\/","url":"https:\/\/www.rassegnastampa-totustuus.it\/cattolica\/wp-content\/uploads\/2014\/04\/logo-rassegna1.gif","contentUrl":"https:\/\/www.rassegnastampa-totustuus.it\/cattolica\/wp-content\/uploads\/2014\/04\/logo-rassegna1.gif","width":600,"height":163,"caption":"Rassegna Stampa Cattolica"},"image":{"@id":"https:\/\/www.rassegnastampa-totustuus.it\/cattolica\/#\/schema\/logo\/image\/"},"sameAs":["https:\/\/www.facebook.com\/rassegnastampacattolica","https:\/\/x.com\/rassegnastampa9"]},{"@type":"Person","@id":"https:\/\/www.rassegnastampa-totustuus.it\/cattolica\/#\/schema\/person\/08f319d2bd1a0904ad9e2bfb7b15e5c3","name":"Redazione","image":{"@type":"ImageObject","inLanguage":"it-IT","@id":"https:\/\/secure.gravatar.com\/avatar\/2fcdf27c78ea025fbdb44e914cc63c72249ffec9dc8aafd5c82b26240ef3f346?s=96&d=mm&r=g","url":"https:\/\/secure.gravatar.com\/avatar\/2fcdf27c78ea025fbdb44e914cc63c72249ffec9dc8aafd5c82b26240ef3f346?s=96&d=mm&r=g","contentUrl":"https:\/\/secure.gravatar.com\/avatar\/2fcdf27c78ea025fbdb44e914cc63c72249ffec9dc8aafd5c82b26240ef3f346?s=96&d=mm&r=g","caption":"Redazione"},"url":"https:\/\/www.rassegnastampa-totustuus.it\/cattolica\/author\/pietroelle\/"}]}},"_links":{"self":[{"href":"https:\/\/www.rassegnastampa-totustuus.it\/cattolica\/wp-json\/wp\/v2\/posts\/2028","targetHints":{"allow":["GET"]}}],"collection":[{"href":"https:\/\/www.rassegnastampa-totustuus.it\/cattolica\/wp-json\/wp\/v2\/posts"}],"about":[{"href":"https:\/\/www.rassegnastampa-totustuus.it\/cattolica\/wp-json\/wp\/v2\/types\/post"}],"author":[{"embeddable":true,"href":"https:\/\/www.rassegnastampa-totustuus.it\/cattolica\/wp-json\/wp\/v2\/users\/6"}],"replies":[{"embeddable":true,"href":"https:\/\/www.rassegnastampa-totustuus.it\/cattolica\/wp-json\/wp\/v2\/comments?post=2028"}],"version-history":[{"count":4,"href":"https:\/\/www.rassegnastampa-totustuus.it\/cattolica\/wp-json\/wp\/v2\/posts\/2028\/revisions"}],"predecessor-version":[{"id":32001,"href":"https:\/\/www.rassegnastampa-totustuus.it\/cattolica\/wp-json\/wp\/v2\/posts\/2028\/revisions\/32001"}],"wp:featuredmedia":[{"embeddable":true,"href":"https:\/\/www.rassegnastampa-totustuus.it\/cattolica\/wp-json\/wp\/v2\/media\/32000"}],"wp:attachment":[{"href":"https:\/\/www.rassegnastampa-totustuus.it\/cattolica\/wp-json\/wp\/v2\/media?parent=2028"}],"wp:term":[{"taxonomy":"category","embeddable":true,"href":"https:\/\/www.rassegnastampa-totustuus.it\/cattolica\/wp-json\/wp\/v2\/categories?post=2028"},{"taxonomy":"post_tag","embeddable":true,"href":"https:\/\/www.rassegnastampa-totustuus.it\/cattolica\/wp-json\/wp\/v2\/tags?post=2028"}],"curies":[{"name":"wp","href":"https:\/\/api.w.org\/{rel}","templated":true}]}}