{"id":2026,"date":"2006-05-11T00:00:00","date_gmt":"2006-05-10T22:00:00","guid":{"rendered":""},"modified":"2016-05-09T12:24:37","modified_gmt":"2016-05-09T10:24:37","slug":"la-visione-cristiana-delluomo","status":"publish","type":"post","link":"https:\/\/www.rassegnastampa-totustuus.it\/cattolica\/la-visione-cristiana-delluomo\/","title":{"rendered":"La visione cristiana dell&#8217;uomo"},"content":{"rendered":"<div style=\"text-align: center;\"><strong><img loading=\"lazy\" decoding=\"async\" class=\"alignleft wp-image-34015\" src=\"https:\/\/www.rassegnastampa-totustuus.it\/cattolica\/wp-content\/uploads\/2006\/05\/uomo_Leonardo.jpg\" alt=\"uomo_Leonardo\" width=\"185\" height=\"200\" \/>Docete<\/strong>\u00a0 anno LXI n.584 &#8211; 7 aprile 2006<\/div>\n<p style=\"text-align: justify;\"><em>La questione antropologica \u00e8 ormai il nodo centrale di tutto il dibattito contemporaneo poich\u00e9 l&#8217;uomo ha acquisito un potere cos\u00ec smisurato che \u00e8 capace di ridefinire e manipolare la sua umanit\u00e0. Su questo problema l&#8217;incontro della ragione e della fede non \u00e8 solo possibile, ma auspicabile come superiore garanzia della dignit\u00e0 dell&#8217;uomo<\/em><\/p>\n<p style=\"text-align: center;\"><strong>Carlo Caffarra<\/strong><\/p>\n<p><!--more--><\/p>\n<div style=\"text-align: justify;\">Mi propongo di rispondere alle seguente domanda: quale visione dell&#8217;uomo \u00e8 veicolata nella fede cristiana? Le ragioni che mi hanno indotto a trattare questo tema sono principalmente due.<\/div>\n<p style=\"text-align: justify;\">La prima \u00e8 che la &#8220;<em>quaestio de homine<\/em>&#8221; costituisce ormai il nodo centrale di tutto il dibattito contemporaneo. Una centralit\u00e0 non ultimamente dovuta al fatto che l&#8217;uomo oggi ha acquisito un potere tale di ri-definire l&#8217;humanum, quale lungo la sua storia non aveva mai avuto. In tale situazione sarebbe un errore che potrebbe avere conseguenze devastanti, porre subito al centro il problema delle &#8220;regole&#8221; che devono limitare o non quel potere. Queste infatti trovano &#8211; devono trovare &#8211; la loro ultima giustificazione, nella risposta che noi diamo alla domanda &#8220;che cosa \u00e8 l&#8217;uomo?&#8221;.<\/p>\n<p style=\"text-align: justify;\">La seconda ragione della mia scelta \u00e8 quella di proporre una base di incontro fra ragione e fede, fra chi non va oltre all&#8217;uso della ragione nella ricerca della verit\u00e0 sull&#8217;uomo e chi accoglie anche la luce della Rivelazione divina. Sono infatti ogni giorno sempre pi\u00f9 convinto che una tale base esista e sia costituita da una visione dell&#8217;uomo che proposta storicamente dalla Rivelazione cristiana, \u00e8 tuttavia capace di esibire una ragionevolezza tale da essere assentita anche da chi non \u00e8 cristiano.<\/p>\n<p style=\"text-align: justify;\">Che la costituzione teoretica di questa base sia oggi un&#8217;esigenza urgente e prioritaria \u00e8 mostrato dal pericolo in cui versa l&#8217;uomo oggi, pericolo cosi grave da meritare la vigilanza di tutti, credenti e non.<\/p>\n<p style=\"text-align: justify;\">La mia riflessione seguente pertanto non \u00e8 un riflessione teologica in senso stretto, e pertanto la visione dell&#8217;uomo che presenter\u00f2 \u00e8 dal punto di vista teologico sostanzialmente incompleta: non \u00e8 un corso di antropologia teologica. Si tratta di una riflessione sull&#8217;uomo che \u00e8 certamente desunta dalla fede cristiana, ma che pu\u00f2 essere esibita anche come ragionevolmente condivisibile perch\u00e9 razionalmente dimostrabile. Insomma, ci muoveremo in un terreno in cui coabitano e ragione e fede [&#8230;] senza eccessivi liti di condominio. E ci\u00f2 per evitare &#8220;separazioni in casa&#8221;: separazioni nella comune dimora che \u00e8 il vissuto umano, che \u00e8 l&#8217;esperienza umana, la vita dell&#8217;uomo.<\/p>\n<p style=\"text-align: justify;\"><strong>Le tesi fondamentali<\/strong><\/p>\n<p style=\"text-align: justify;\">Prima di addentrarmi nel tema, a modo di proemio vorrei indicarvi che esiste come una sorta di &#8220;<em>magna charta humanitatis<\/em>&#8220;, una pagina cio\u00e8 che lungo i secoli ha ispirato e come nutrito la riflessione dell&#8217;uomo sull&#8217;uomo. \u00c8 il capitolo secondo del libro della Genesi: pi\u00f9 precisamente dal v. 15 alla fine.<\/p>\n<p style=\"text-align: justify;\">Ad una lettura attenta della pagina biblica noi possiamo verificare che la visione dell&#8217;uomo in essa presentata sussiste in tre convinzioni di fondo: l&#8217;uomo \u00e8 posto in un rapporto dialogico col Signore Iddio; l&#8217;uomo \u00e8 diverso dagli animali ed \u00e8 pi\u00f9 che gli animali; l&#8217;uomo \u00e8 costitutivamente sociale. A modo di proemio cercher\u00f2 di chiarire brevemente il contenuto essenziale di ciascuna di queste tre convinzioni.<\/p>\n<p style=\"text-align: justify;\">La prima denota un rapporto fra l&#8217;uomo e Dio istituito da un atto sovrano del Signore, ma che chiede all&#8217;uomo una risposta libera. \u00c8 abbozzata cosi la dimensione religiosa della persona come dimensione originaria, costitutiva dell&#8217;umanit\u00e0 dell&#8217;uomo. La seconda convinzione denota un rapporto fra l&#8217;uomo e la &#8220;natura&#8221; tale che l&#8217;uomo non \u00e8 pienamente riducibile alla natura medesima.<\/p>\n<p style=\"text-align: justify;\">La persona umana appare nell&#8217;universo della natura in una solitudine originaria, dovuta al ratto di non trovare nulla di simile a lui. L&#8217;uomo \u00e8 qualcosa di unico! La terza convinzione afferma che questa condizione di originaria solitudine non \u00e8 una condizione buona. Da essa l&#8217;uomo esce originariamente nell&#8217;incontro con l&#8217;altro [<em>alius e non aliud<\/em>]. Per brevit\u00e0 e chiarezza espongo subito le due idee centrali corrispondenti: l&#8217;uomo \u00e8 persona, prima idea; l&#8217;uomo \u00e8 comunione interpersonale, seconda idea.<\/p>\n<p style=\"text-align: justify;\"><strong>L&#8217;uomo \u00e8 persona<\/strong><\/p>\n<p style=\"text-align: justify;\">Sono almeno cinque le ragioni che oggi rendono particolarmente urgente e non pi\u00f9 rinviabile una rigorosa riflessione sul concetto di persona.<\/p>\n<p style=\"text-align: justify;\">Una vera filosofia della persona \u00e8 la sola via per non naufragare dentro a quel riduzionismo materialista che oggi sembra dominare la visione occidentale dell&#8217;uomo.<\/p>\n<p style=\"text-align: justify;\">Solo una visione chiara dell&#8217;essere\u00a0 personale consente all&#8217;uomo di vedere il vertice dell&#8217;universo dell&#8217;essere, il suo punto pi\u00f9 alto; non si pu\u00f2 essere pi\u00f9 che persona, ma si pu\u00f2 essere solamente meno che persona. Tommaso scrive: &#8220;<em>persona significat id quod est perfectissimum in tota natura<\/em>&#8221; [1, q.29,a.3]. Insomma, chi non ha il concetto di persona si preclude la visione della parte pi\u00f9 bella dell&#8217;universo.<\/p>\n<p style=\"text-align: justify;\">Una visione ed una filosofia della persona \u00e8 il fondamento dell&#8217;etica, <em>Il primum anthropologicum <\/em>[l&#8217;uomo \u00e8 una persona] \u00e8 anche il <em>primum ethicum<\/em>, secondo l&#8217;enunciazione kantiana dell&#8217;imperativo categorico: la persona non deve mai essere trattata solo come un mezzo, ma anche come fine in se stesso. Etica e bioetica senza il concetto di persona sono costruzioni molto fragili.<\/p>\n<p style=\"text-align: justify;\">In quarto luogo \u00e8 l&#8217;idea di persona che alla fine scrimina una religione ragionevole da una religione perennemente insidiata dalla superstizione. Un Dio non personale denota piuttosto &#8220;il divino&#8221;, col quale seriamente \u00e8 impossibile istituire un rapporto vero e proprio. Ancora Tommaso dice: &#8220;conveniens est ut hoc nomen persona de Deo dicatur [&#8230;] excellentiori modo&#8221; [ibid.]. Dio \u00e8 persona in grado eminente.<\/p>\n<p style=\"text-align: justify;\">Infine se l&#8217;uomo non fosse persona tutta la seriet\u00e0 del cristianesimo sarebbe distrutta. Su questo Kierkegaard aveva visto bene: se dal discorso cristiano scompare la categoria del &#8220;singolo&#8221;, \u00e8 tutto il discorso cristiano che perde senso. Scomparsa l&#8217;idea di persona, il cristianesimo diventa un mito, e neanche dei migliori.<\/p>\n<p style=\"text-align: justify;\">Una seconda premessa di carattere storico. \u00c8 pacificamente ammesso da tutti gli storici delle idee che la nozione di persona, e la definizione di uomo in termini personalistici \u00e8 stata opera del cristianesimo. Ed \u00e8 inoltre ben noto che anche oggi quella nozione e definizione \u00e8 assente dalle culture che non hanno ancora avuto un incontro profondo colla proposta cristiana.<\/p>\n<p style=\"text-align: justify;\">Il pensiero cristiano \u00e8 stato costretto ad una fatica teoretica immane in quanto solo l&#8217;idea di persona in relazione all&#8217;idea di natura o essenza poteva consentire una confessione cristiana ortodossa dei due principali misteri della sua fede, il mistero trinitario ed il mistero cristologia).<\/p>\n<p style=\"text-align: justify;\">Non \u00e8 questo il luogo, n\u00e9 rientra nei nostri obiettivi, ripercorrere questo affascinante cammino teoretico, esposto per altro oggi anche nei manuali di teologia. A me preme di fare una riflessione rigorosamente teoretica, dividendola in due parti, nella prima cercher\u00f2 di elaborare il concetto di persona; nella seconda cercher\u00f2 di riflettere su una nozione fondamentale per capire l&#8217;essere personale, quella di dignit\u00e0.<\/p>\n<p style=\"text-align: justify;\"><strong>Elaborazione del concetto di persona<\/strong><\/p>\n<p style=\"text-align: justify;\">Anzich\u00e9 partire da una definizione di persona e poi deduttivamente mostrarne le implicazioni, preferisco percorrere un cammino pi\u00f9 fenomenologico, iniziando da ci\u00f2 che caratterizza l\u2019essere-persona. Percorreremo questo cammino in due tappe, corrispondenti alla risposta a due domande: che cosa vivo quando dico &#8220;io&#8221;? che cosa denoto quando dico &#8220;tu&#8221;? percorrendo queste due tappe giungeremo dentro all&#8217;essere personale.<\/p>\n<p style=\"text-align: justify;\">Il proprio io si manifesta a se stessi in grado eminente nell&#8217;atto libero di scelta. Ne abbiamo lungamente parlato lo scorso anno. Nel presente contesto lo facciamo pi\u00f9 brevemente ed in una prospettiva un poco diversa.<\/p>\n<p style=\"text-align: justify;\">Non \u00e8 difficile prendere coscienza della propria libert\u00e0 come della facolt\u00e0 mediante la quale l&#8217;uomo determina se stesso ad agire in vista del raggiungimento di scopi che si \u00e8 prefisso. Nell&#8217;atto libero, nell&#8217;esercizio della propria libert\u00e0 l&#8217;io diventa consapevole di se stesso come causa in senso vero e proprio delle proprie azioni. S. Tommaso usa una formula filosoficamente assai audace quando insegna che l&#8217;uomo libero \u00e8 causa sui, non nel senso che uno \u00e8 causa del suo esserci, ma nel senso che mediante i propri atti configura se stesso.<\/p>\n<p style=\"text-align: justify;\">La consapevolezza che l&#8217;uomo ha di essere causa dei suoi atti genera l&#8217;esperienza della responsabilit\u00e0, dell&#8217;imputabilit\u00e0 morale e giuridica dell&#8217;atto a chi lo ha compiuto, di esperienze spirituali come il rimorso ed il pentimento. Se riflettiamo seriamente su questo fatto, noi vediamo che causalit\u00e0 dei propri atti, responsabilit\u00e0, imputabilit\u00e0, pentimento e rimorso sono come linee che convergono tutte su un punto; sono come tanti sentieri che conducono allo stesso luogo: la soggettivit\u00e0 o meglio la sostanzialit\u00e0 della persona. Mi spiego, poich\u00e9 questo \u00e8 il punto centrale.<\/p>\n<p style=\"text-align: justify;\">Riflettiamo sul concetto di imputabilit\u00e0. Esso connota un rapporto di appartenenza dell&#8217;atto a chi lo ha compiuto, senza possibilit\u00e0 di &#8220;procedere ulteriormente&#8221;. Se infatti la persona in questione potesse dire: &#8220;io ho compiuto questa azione perch\u00e9 sono stato costretto a farlo da x o y&#8221;, l&#8217;atto non sarebbe pi\u00f9 imputabile in senso pieno a chi lo ha effettivamente compiuto. Si dovrebbe &#8220;procedere oltre&#8221; l&#8217;agente ed attribuire l&#8217;azione precisamente a x o y.<\/p>\n<p style=\"text-align: justify;\">Ma che cosa significa veramente il dire che l&#8217;esperienza dell&#8217;imputabilit\u00e0 ci fa arrivare ad un &#8220;punto&#8221; oltre il quale non si pu\u00f2 procedere? Rispondo partendo da un esempio semplice. Non esistono i colori, esistono sempre superfici colorate. Il colore cio\u00e8 pu\u00f2 esistere solo inerendo ad una superficie estesa.<\/p>\n<p style=\"text-align: justify;\">L&#8217;imputabilit\u00e0 dell&#8217;atto ci manifesta che esso non &#8230; \u00e8 sospeso per aria ma \u00e8 radicato e come inerente alla persona che lo ha compiuto: &#8220;le loro [degli uomini] opere li seguono&#8221;, dice la Scrittura. Dunque, l&#8217;azione inerisce alla persona. E la persona a che cosa inerisce? A niente altro che a se stessa. Essa cio\u00e8 \u00e8 in s\u00e9. Per indicare questa modalit\u00e0 di esistere [in s\u00e9 e non in un altro] il vocabolario filosofia) cristiano ha usato la parola &#8220;sussistenza&#8221;.<\/p>\n<p style=\"text-align: justify;\"><strong>Essere sussistente<\/strong><\/p>\n<p style=\"text-align: justify;\">Siamo arrivati ad una prima fondamentale determinazione dell&#8217;essere-persona: \u00e8 un essere sussistente. Si potrebbe mostrare come percorrendo anche gli altri raggi giungeremmo alla stessa conclusione, all&#8217;io come essere che \u00e8 in se stesso, cio\u00e8 sussistente.<\/p>\n<p style=\"text-align: justify;\">Non possiamo prolungare oltre il discorso. Dobbiamo ora chiederci di che natura \u00e8 questo essere sussistente che \u00e8 il nostro io. La risposta possiamo trovarla approfondendo l\u2019esperienza della nostra libert\u00e0; prolungando con pi\u00f9 attenzione la riflessione precedente. La tesi che ora cercher\u00f2 di dimostrare \u00e8 la seguente: dall&#8217;esistenza della libert\u00e0 si deve indurre con certezza che l&#8217;io \u00e8 di natura spirituale.<\/p>\n<p style=\"text-align: justify;\">Se prendiamo coscienza profonda di ci\u00f2 che accade in ciascuno di noi quando diciamo &#8220;io scelgo &#8211; io agisco&#8221;, ci rendiamo conto che l&#8217;atto libero implica un auto-possesso tale, un auto-determinazione all&#8217;agire tale da contraddire la dipendenza causale dell&#8217;agire, meglio dell&#8217;io che agisce, dalle leggi e dai fatti del mondo materiale.<\/p>\n<p style=\"text-align: justify;\">L&#8217;atto implica un&#8217;auto-possesso ed un auto-determinazione tale da contraddire la dipendenza causale [si noti bene: causale] dai processi cerebrali, da contraddire una causazione estrema all&#8217;io sia nel senso di causazione proveniente dalla natura sia di causazione proveniente dai processi cerebrali. L&#8217;io dunque non \u00e8 n\u00e9 semplicemente &#8220;la serie ben legata delle sue manifestazioni, n\u00e9 semplicemente identico ai suoi processi cerebrali&#8221;.<\/p>\n<p style=\"text-align: justify;\">&#8220;Nella libert\u00e0 non solo la natura immateriale ma anche l&#8217;essere spirituale autonomo, autosufficiente e sostanziale della persona [dell&#8217;anima] rivela se stesso. Un semplice accidente di una sostanza non potrebbe mai compiere atti liberi&#8221; [J. Seifert, Anima, morie e immortalit\u00e0, in Anima, A. Mondadori editore, Milano 2004, pag. 164],<\/p>\n<p style=\"text-align: justify;\">Siamo cos\u00ec arrivati alla definizione fondamentale di persona: la persona \u00e8 una sostanza spirituale; oppure equivalentemente: \u00e8 una sostanza individuale sussistente in una natura spirituale. Ho usato la parola &#8220;sostanza&#8221;. Ne do la descrizione con le parole di J. Maritain; &#8220;La sostanza \u00e8 la prima radice ontologica di qualcosa, nella sua permanente attualit\u00e0.<\/p>\n<p style=\"text-align: justify;\">La sostanza non \u00e8 n\u00e9 vuota n\u00e9 inerte, ma al contrario, grazie alla sua essenziale unit\u00e0, alla sua irriducibile realt\u00e0 e alla sua originalit\u00e0 specifica ed individuale, essa \u00e8 la sorgente di tutte le facolt\u00e0, di tutte le operazioni, di tutta l&#8217;attivit\u00e0 e la causalit\u00e0 del soggetto&#8221;. La persona \u00e8 una sostanza individuale spirituale che \u00e8 capace di pensiero, libert\u00e0, consapevolezza, autocoscienza.<\/p>\n<p style=\"text-align: justify;\">Sembra tuttavia che la nostra riflessione ci abbia condotto ad una conclusione un po&#8217; strana&#8230; Se l&#8217;io \u00e8 una sostanza spirituale, allora il mio corpo non entra nella costituzione della mia persona. Io non sono, ma semplicemente ho il mio corpo. Fra persone e corpo non esiste una relazione di essere, ma di avere.<\/p>\n<p style=\"text-align: justify;\">Come sappiamo questo modo di pensare ha accompagnato per secoli l&#8217;uomo occidentale, n\u00e9 lo ha abbandonato neppure oggi. Su questo punto la fede cristiana ha generato una visione del corpo umano in rapporto alla persona umana di grande novit\u00e0 ed attualit\u00e0, che posso esprimere nel modo seguente: lo spirito non \u00e8 l&#8217;intera sostanza della persona umana, la quale \u00e8 anche il suo corpo.<\/p>\n<p style=\"text-align: justify;\">Lo spirito non \u00e8 il soggetto umano completo. Perch\u00e9 ci sia l&#8217;intera persona umana, l&#8217;intero soggetto umano, si richiede anche il corpo. Il corpo entra nella costituzione della persona umana: l&#8217;io \u00e8 anche il suo corpo. Chi nel pensiero cristiano ha espresso con maggior rigore teoretico questa tesi \u00e8 stato Tommaso d&#8217;Aquino.<\/p>\n<p style=\"text-align: justify;\">Egli l&#8217;ha formulata nel modo seguente: &#8220;principium quo primum intelligimus, sive dicatur intellectus sive anima intellectiva, est forma corporis&#8221; [l,q.76, a.l]. La formulazione \u00e8 molto tecnica ed esige di essere spiegata. Significa che &#8220;l&#8217;io che si coglie come corporeo negli stati affettivi (in certi stati affettivi) \u00e8 lo stesso io che, riflettendo, ha coscienza di conoscere, di contemplare la bellezza, di fare metafisica&#8230; L&#8217;uomo si coglie come uno&#8221;. Scrive Tommaso: &#8220;ipse idem homo est qui percepit se et intelligere et sentire&#8221; [ibid.]. Dunque, la tesi dell&#8217;unit\u00e0 sostanziale intende descrivere in primo luogo un&#8217;esperienza fondamentale dell&#8217;uomo: l&#8217;esperienza dell&#8217;unit\u00e0 del proprio io nella pluralit\u00e0 specifica delle sue operazioni.<\/p>\n<p style=\"text-align: justify;\">Quell&#8217;affermazione non \u00e8 banale. &#8220;Significa infatti che, anche partendo dal punto di vista dell&#8217; &#8220;io&#8221;, ossia del &#8220;soggetto pensante&#8221; consapevole di s\u00e9 proprio in quanto &#8220;pensante&#8221;, dobbiamo concludere che l&#8217;oggetto di questa consapevolezza non \u00e8 solo l&#8217;anima. Comprende anima e corpo insieme&#8221;. Ma la tesi non ha solo un carattere descrittivo, ma anche e soprattutto fondativo-esplicativo: essa cio\u00e8 \u00e8 l&#8217;unica spiegazione vera &#8211; secondo Tommaso &#8211; del fatto che &#8220;ipse idem homo est qui percipit se et intelligere et sentire&#8221;, in quanto \u00e8 l&#8217;unit\u00e0 sostanziale della persona che causa quel fatto.<\/p>\n<p style=\"text-align: justify;\">\u00c8 necessario a questo punto che passiamo dal significato &#8220;fenomenologico&#8221; al significato &#8220;ontologico&#8221; della tesi, per capire che cosa essa dice dell&#8217;essere della persona umana. Il testo pi\u00f9 rigoroso dal punto di vista concettuale mi sembra il seguente: &#8220;anima illud esse in quo ipsa subsist\u00ect, communicat materiae corporali, ex qua et anima intellectiva fit unum, ita quod illud esse quod est totius compositi, est etiam ipsius animae&#8221;.<\/p>\n<p style=\"text-align: justify;\">L&#8217;anima spirituale dell&#8217;uomo \u00e8 sostanza; sussiste in se stessa. Non nel senso che sia completa nella sua natura specifica o che esista come singolo individuo. E neppure nel senso che esista come completa natura specifica [= quale quid, dice Tommaso] non in se stessa ma in singoli individui molteplici [come l&#8217;umanit\u00e0 esiste nei singoli uomini].<\/p>\n<p style=\"text-align: justify;\">\u00c8 sostanza, qualcosa di determinato [hoc aliquid], capace di sussistere in se stessa, &#8220;non quasi habens in se completam speciem, sed quasi perficiens speciem humanam ut forma corporis&#8221; [Q. disp. <em>De Anima<\/em>, a. 1e.].<\/p>\n<p style=\"text-align: justify;\"><strong>Unicit\u00e0 di corpo e anima<\/strong><\/p>\n<p style=\"text-align: justify;\">L&#8217;essere della persona \u00e8 dunque uno perch\u00e9 \u00e8 lo stesso essere dell&#8217;anima partecipato anche al corpo a livello di causalit\u00e0 formale ovviamente, non efficiente [cfr ibid. ad 1 um]. &#8220;L&#8217;anima perci\u00f2 esiste nella persona come parte autonoma dotata di un proprio essere ed operare, ma esiste anche come forma sostanziale (principio che da unit\u00e0 formale e determinazione alla materia di una sostanza fisica) della sostanza personale &#8220;prima&#8221; del singolo individuo umano&#8221; [G Basti, <em>Filosofia dell&#8217;uomo<\/em>, ESD, Bologna 1995, pag. 355].<\/p>\n<p style=\"text-align: justify;\">Il principio intellettivo o anima possiede l&#8217;atto ai essere in proprio rispetto al corpo ma non in assoluto, in quanto non l&#8217;intelletto \u00e8, ma la persona che sussiste nell&#8217;unit\u00e0 dell&#8217;anima e del corpo.<\/p>\n<p style=\"text-align: justify;\">Sulla base di che cosa Tommaso afferma che l&#8217;atto d&#8217;essere dell&#8217;anima \u00e8 atto d&#8217;essere della persona pi\u00f9 che e prima che atto di essere dell&#8217;anima? S. Tommaso rimanda sempre al seguente fatto: &#8220;experitur [&#8230;] unusquisque seipsum esse qui intelligit&#8221; [I, q.57, a. 1 ]. So, cio\u00e8, che sono io che penso ed esisto.<\/p>\n<p style=\"text-align: justify;\">&#8220;Dunque il fondamento d&#8217;essere, lo \u00e8 che precede e rende possibile il mio atto di pensare, in realt\u00e0 precede e rende possibile il mio atto di esistere come persona. E io so che continuo ad esistere e a essere io, persona, anche quando non penso. Dunque l&#8217;atto d&#8217;essere, prima che fondamento de! mio pensiero, \u00e8 fondamento del mio esistere proprio come persona&#8221; [P.P. Ruffinengo, <em>Outonoesis. Introduzione alla metaf\u00ecsica<\/em>, Genova 2002]. Poich\u00e9 infine l&#8217;io \u00e8 mediante la forma [cfr. 1, q.76, a.4] e alla &#8220;forma umana&#8221; [cio\u00e8 all&#8217;anima umana] pertiene l&#8217;essere come la rotondit\u00e0 al cerchio, l&#8217;io o la persona umana \u00e8 incorruttibile o eterna: eterna per partecipazione.<\/p>\n<p style=\"text-align: justify;\">Ho cercato di spiegare il significato ontologico della tesi dell&#8217;unit\u00e0 sostanziale della persona umana. Ora dobbiamo esplicitare alcune fondamentali implicazioni di quel significato. La prima \u00e8 l&#8217;affermazione dell&#8217;assoluta spiritualit\u00e0 della forma sostanziale, o anima, della persona umana.<\/p>\n<p style=\"text-align: justify;\">L&#8217;unica composizione presente in essa (forma sostanziale) \u00e8 quella fra essenza ed atto di essere, non fra materia e forma [cfr. 1, q.75, a.3. ad 4; Q. disp. De anima, a.6]. La spiritualit\u00e0 della forma sostanziale umana non esclude la necessit\u00e0 del corpo per l&#8217;attuazione delle sue attivit\u00e0 proprie, il pensare ed il deliberare. Ha per\u00f2 bisogno del corpo &#8220;non tamen sicut instrumento, sed sicut obiecto tantum&#8221; [in <em>De Anima<\/em> I, 2, 19-20].<\/p>\n<p style=\"text-align: justify;\">La seconda \u00e8 l&#8217;affermazione che per l&#8217;anima spirituale l&#8217;unione al corpo \u00e8 naturale e benefica. Lo spirito umano si distingue nel mondo degli spiriti perch\u00e9 dice ordine ad un corpo, cosi come la persona umana nell&#8217;universo delle persone si distingue per essere propriamente una persona-corpo; e reciprocamente, nell&#8217;universo materiale il corpo umano si distingue da ogni corpo per essere un corpo-persona.<\/p>\n<p style=\"text-align: justify;\">Dato che questa \u00e8 la persona umana, &#8220;anima corpori unita plus assimilatur Deo quam a corpore separata, quia perfectius habet suam naturam&#8221; [Qd de potentia, q.5, a.10, ad 5um]. \u00c8 una unione benefica: &#8220;proptcr melius animae est ut corpori uniatur et intelligat per conversionem ad phantasmata&#8221; [1, q.89, a.I].<\/p>\n<p style=\"text-align: justify;\">La terza e pi\u00f9 importante implicazione \u00e8 l&#8217;unicit\u00e0 della forma sostanziale. Questa tesi \u00e8 decisiva in ordine all&#8217;affermazione dell&#8217;unicit\u00e0 della persona umana. [Cfr. 1, q.76, a.3: &#8220;si [&#8230;] homo ab alia forma haberet quod sit vivum, scilicet ab anima vegetabili; et ab alia quod si animal, scilicet ab anima sensibili; et ab alia quod sit homo, scilicet ab anima rationali: sequeretur quod homo non esset unum simpliciter&#8221;].<\/p>\n<p style=\"text-align: justify;\">Secondo la suggestiva tesi tommasiana, la forma sostanziale spirituale \u00e8 virtualmente sensibile e vegetativa: &#8220;sicut [&#8230;] superficies quae habet figuram pentagonam [&#8230;] non per aliam figuram est tetragona et per aliam pentagona &#8221; [cfr. la pi\u00f9 elaborata esposizione in Quodl. IX, q.5]. L&#8217;unit\u00e0 della persona umana fa si che niente nell&#8217;uomo sia puramente animale o puramente spirituale: \u00e8 semplicemente umano.<\/p>\n<p style=\"text-align: justify;\">Abbiamo concluso il nostro primo percorso. Alla domanda che cosa \u00e8 la persona umana rispondiamo: \u00e8 una sostanza che sussiste in una natura spirituale-corporale &#8211; \u00e8 soggetto sussistente in una natura spirituale-corporale: \u00e8 l&#8217;io spirituale-corporeo.<\/p>\n","protected":false},"excerpt":{"rendered":"<p>Docete\u00a0 anno LXI n.584 &#8211; 7 aprile 2006 La questione antropologica \u00e8 ormai il nodo centrale di tutto il dibattito contemporaneo poich\u00e9 l&#8217;uomo ha acquisito un potere cos\u00ec smisurato che \u00e8 capace di ridefinire e manipolare la sua umanit\u00e0. Su questo problema l&#8217;incontro della ragione e della fede non \u00e8 solo possibile, ma auspicabile come &hellip; <\/p>\n<p><a class=\"more-link btn\" href=\"https:\/\/www.rassegnastampa-totustuus.it\/cattolica\/la-visione-cristiana-delluomo\/\">Continua a leggere<\/a><\/p>\n","protected":false},"author":6,"featured_media":34015,"comment_status":"closed","ping_status":"open","sticky":false,"template":"","format":"standard","meta":{"footnotes":""},"categories":[25],"tags":[1270],"class_list":["post-2026","post","type-post","status-publish","format-standard","has-post-thumbnail","hentry","category-sguardo-sul-nostro-tempo","tag-antropologia","item-wrap"],"yoast_head":"<!-- This site is optimized with the Yoast SEO plugin v27.5 - https:\/\/yoast.com\/product\/yoast-seo-wordpress\/ -->\n<title>La visione cristiana dell&#039;uomo - Rassegna Stampa Cattolica<\/title>\n<meta name=\"description\" content=\"Rassegna Stampa Cattolica - Per una cultura che nasce dalla Rivelazione cristiana in conformit\u00e0 alla tradizione e al Magistero della Chiesa in opposizione ad ogni relativismo e totalitarismo\" \/>\n<meta name=\"robots\" content=\"index, follow, max-snippet:-1, max-image-preview:large, max-video-preview:-1\" \/>\n<link rel=\"canonical\" href=\"https:\/\/www.rassegnastampa-totustuus.it\/cattolica\/la-visione-cristiana-delluomo\/\" \/>\n<meta property=\"og:locale\" content=\"it_IT\" \/>\n<meta property=\"og:type\" content=\"article\" \/>\n<meta property=\"og:title\" content=\"La visione cristiana dell&#039;uomo - Rassegna Stampa Cattolica\" \/>\n<meta property=\"og:description\" content=\"Rassegna Stampa Cattolica - Per una cultura che nasce dalla Rivelazione cristiana in conformit\u00e0 alla tradizione e al Magistero della Chiesa in opposizione ad ogni relativismo e totalitarismo\" \/>\n<meta property=\"og:url\" content=\"https:\/\/www.rassegnastampa-totustuus.it\/cattolica\/la-visione-cristiana-delluomo\/\" \/>\n<meta property=\"og:site_name\" content=\"Rassegna Stampa Cattolica\" \/>\n<meta property=\"article:publisher\" content=\"https:\/\/www.facebook.com\/rassegnastampacattolica\" \/>\n<meta property=\"article:published_time\" content=\"2006-05-10T22:00:00+00:00\" \/>\n<meta property=\"article:modified_time\" content=\"2016-05-09T10:24:37+00:00\" \/>\n<meta property=\"og:image\" content=\"https:\/\/www.rassegnastampa-totustuus.it\/cattolica\/wp-content\/uploads\/2006\/05\/uomo_Leonardo.jpg\" \/>\n\t<meta property=\"og:image:width\" content=\"216\" \/>\n\t<meta property=\"og:image:height\" content=\"234\" \/>\n\t<meta property=\"og:image:type\" content=\"image\/jpeg\" \/>\n<meta name=\"author\" content=\"Redazione\" \/>\n<meta name=\"twitter:card\" content=\"summary_large_image\" \/>\n<meta name=\"twitter:creator\" content=\"@rassegnastampa9\" \/>\n<meta name=\"twitter:site\" content=\"@rassegnastampa9\" \/>\n<meta name=\"twitter:label1\" content=\"Scritto da\" \/>\n\t<meta name=\"twitter:data1\" content=\"Redazione\" \/>\n\t<meta name=\"twitter:label2\" content=\"Tempo di lettura stimato\" \/>\n\t<meta name=\"twitter:data2\" content=\"15 minuti\" \/>\n<script type=\"application\/ld+json\" class=\"yoast-schema-graph\">{\"@context\":\"https:\\\/\\\/schema.org\",\"@graph\":[{\"@type\":\"Article\",\"@id\":\"https:\\\/\\\/www.rassegnastampa-totustuus.it\\\/cattolica\\\/la-visione-cristiana-delluomo\\\/#article\",\"isPartOf\":{\"@id\":\"https:\\\/\\\/www.rassegnastampa-totustuus.it\\\/cattolica\\\/la-visione-cristiana-delluomo\\\/\"},\"author\":{\"name\":\"Redazione\",\"@id\":\"https:\\\/\\\/www.rassegnastampa-totustuus.it\\\/cattolica\\\/#\\\/schema\\\/person\\\/08f319d2bd1a0904ad9e2bfb7b15e5c3\"},\"headline\":\"La visione cristiana dell&#8217;uomo\",\"datePublished\":\"2006-05-10T22:00:00+00:00\",\"dateModified\":\"2016-05-09T10:24:37+00:00\",\"mainEntityOfPage\":{\"@id\":\"https:\\\/\\\/www.rassegnastampa-totustuus.it\\\/cattolica\\\/la-visione-cristiana-delluomo\\\/\"},\"wordCount\":3162,\"publisher\":{\"@id\":\"https:\\\/\\\/www.rassegnastampa-totustuus.it\\\/cattolica\\\/#organization\"},\"image\":{\"@id\":\"https:\\\/\\\/www.rassegnastampa-totustuus.it\\\/cattolica\\\/la-visione-cristiana-delluomo\\\/#primaryimage\"},\"thumbnailUrl\":\"https:\\\/\\\/www.rassegnastampa-totustuus.it\\\/cattolica\\\/wp-content\\\/uploads\\\/2006\\\/05\\\/uomo_Leonardo.jpg\",\"keywords\":[\"antropologia\"],\"articleSection\":[\"Sguardo sul nostro tempo\"],\"inLanguage\":\"it-IT\"},{\"@type\":\"WebPage\",\"@id\":\"https:\\\/\\\/www.rassegnastampa-totustuus.it\\\/cattolica\\\/la-visione-cristiana-delluomo\\\/\",\"url\":\"https:\\\/\\\/www.rassegnastampa-totustuus.it\\\/cattolica\\\/la-visione-cristiana-delluomo\\\/\",\"name\":\"La visione cristiana dell'uomo - Rassegna Stampa Cattolica\",\"isPartOf\":{\"@id\":\"https:\\\/\\\/www.rassegnastampa-totustuus.it\\\/cattolica\\\/#website\"},\"primaryImageOfPage\":{\"@id\":\"https:\\\/\\\/www.rassegnastampa-totustuus.it\\\/cattolica\\\/la-visione-cristiana-delluomo\\\/#primaryimage\"},\"image\":{\"@id\":\"https:\\\/\\\/www.rassegnastampa-totustuus.it\\\/cattolica\\\/la-visione-cristiana-delluomo\\\/#primaryimage\"},\"thumbnailUrl\":\"https:\\\/\\\/www.rassegnastampa-totustuus.it\\\/cattolica\\\/wp-content\\\/uploads\\\/2006\\\/05\\\/uomo_Leonardo.jpg\",\"datePublished\":\"2006-05-10T22:00:00+00:00\",\"dateModified\":\"2016-05-09T10:24:37+00:00\",\"description\":\"Rassegna Stampa Cattolica - Per una cultura che nasce dalla Rivelazione cristiana in conformit\u00e0 alla tradizione e al Magistero della Chiesa in opposizione ad ogni relativismo e totalitarismo\",\"breadcrumb\":{\"@id\":\"https:\\\/\\\/www.rassegnastampa-totustuus.it\\\/cattolica\\\/la-visione-cristiana-delluomo\\\/#breadcrumb\"},\"inLanguage\":\"it-IT\",\"potentialAction\":[{\"@type\":\"ReadAction\",\"target\":[\"https:\\\/\\\/www.rassegnastampa-totustuus.it\\\/cattolica\\\/la-visione-cristiana-delluomo\\\/\"]}]},{\"@type\":\"ImageObject\",\"inLanguage\":\"it-IT\",\"@id\":\"https:\\\/\\\/www.rassegnastampa-totustuus.it\\\/cattolica\\\/la-visione-cristiana-delluomo\\\/#primaryimage\",\"url\":\"https:\\\/\\\/www.rassegnastampa-totustuus.it\\\/cattolica\\\/wp-content\\\/uploads\\\/2006\\\/05\\\/uomo_Leonardo.jpg\",\"contentUrl\":\"https:\\\/\\\/www.rassegnastampa-totustuus.it\\\/cattolica\\\/wp-content\\\/uploads\\\/2006\\\/05\\\/uomo_Leonardo.jpg\",\"width\":216,\"height\":234},{\"@type\":\"BreadcrumbList\",\"@id\":\"https:\\\/\\\/www.rassegnastampa-totustuus.it\\\/cattolica\\\/la-visione-cristiana-delluomo\\\/#breadcrumb\",\"itemListElement\":[{\"@type\":\"ListItem\",\"position\":1,\"name\":\"Home\",\"item\":\"https:\\\/\\\/www.rassegnastampa-totustuus.it\\\/cattolica\\\/\"},{\"@type\":\"ListItem\",\"position\":2,\"name\":\"La visione cristiana dell&#8217;uomo\"}]},{\"@type\":\"WebSite\",\"@id\":\"https:\\\/\\\/www.rassegnastampa-totustuus.it\\\/cattolica\\\/#website\",\"url\":\"https:\\\/\\\/www.rassegnastampa-totustuus.it\\\/cattolica\\\/\",\"name\":\"Rassegna Stampa Cattolica\",\"description\":\"Per una cultura che nasce dalla Rivelazione cristiana in conformit\u00e0 alla tradizione e al Magistero della Chiesa in opposizione ad ogni relativismo e totalitarismo\",\"publisher\":{\"@id\":\"https:\\\/\\\/www.rassegnastampa-totustuus.it\\\/cattolica\\\/#organization\"},\"alternateName\":\"Rass. Cattolica\",\"potentialAction\":[{\"@type\":\"SearchAction\",\"target\":{\"@type\":\"EntryPoint\",\"urlTemplate\":\"https:\\\/\\\/www.rassegnastampa-totustuus.it\\\/cattolica\\\/?s={search_term_string}\"},\"query-input\":{\"@type\":\"PropertyValueSpecification\",\"valueRequired\":true,\"valueName\":\"search_term_string\"}}],\"inLanguage\":\"it-IT\"},{\"@type\":\"Organization\",\"@id\":\"https:\\\/\\\/www.rassegnastampa-totustuus.it\\\/cattolica\\\/#organization\",\"name\":\"Rassegna Stampa Cattolica\",\"url\":\"https:\\\/\\\/www.rassegnastampa-totustuus.it\\\/cattolica\\\/\",\"logo\":{\"@type\":\"ImageObject\",\"inLanguage\":\"it-IT\",\"@id\":\"https:\\\/\\\/www.rassegnastampa-totustuus.it\\\/cattolica\\\/#\\\/schema\\\/logo\\\/image\\\/\",\"url\":\"https:\\\/\\\/www.rassegnastampa-totustuus.it\\\/cattolica\\\/wp-content\\\/uploads\\\/2014\\\/04\\\/logo-rassegna1.gif\",\"contentUrl\":\"https:\\\/\\\/www.rassegnastampa-totustuus.it\\\/cattolica\\\/wp-content\\\/uploads\\\/2014\\\/04\\\/logo-rassegna1.gif\",\"width\":600,\"height\":163,\"caption\":\"Rassegna Stampa Cattolica\"},\"image\":{\"@id\":\"https:\\\/\\\/www.rassegnastampa-totustuus.it\\\/cattolica\\\/#\\\/schema\\\/logo\\\/image\\\/\"},\"sameAs\":[\"https:\\\/\\\/www.facebook.com\\\/rassegnastampacattolica\",\"https:\\\/\\\/x.com\\\/rassegnastampa9\"]},{\"@type\":\"Person\",\"@id\":\"https:\\\/\\\/www.rassegnastampa-totustuus.it\\\/cattolica\\\/#\\\/schema\\\/person\\\/08f319d2bd1a0904ad9e2bfb7b15e5c3\",\"name\":\"Redazione\",\"image\":{\"@type\":\"ImageObject\",\"inLanguage\":\"it-IT\",\"@id\":\"https:\\\/\\\/secure.gravatar.com\\\/avatar\\\/2fcdf27c78ea025fbdb44e914cc63c72249ffec9dc8aafd5c82b26240ef3f346?s=96&d=mm&r=g\",\"url\":\"https:\\\/\\\/secure.gravatar.com\\\/avatar\\\/2fcdf27c78ea025fbdb44e914cc63c72249ffec9dc8aafd5c82b26240ef3f346?s=96&d=mm&r=g\",\"contentUrl\":\"https:\\\/\\\/secure.gravatar.com\\\/avatar\\\/2fcdf27c78ea025fbdb44e914cc63c72249ffec9dc8aafd5c82b26240ef3f346?s=96&d=mm&r=g\",\"caption\":\"Redazione\"},\"url\":\"https:\\\/\\\/www.rassegnastampa-totustuus.it\\\/cattolica\\\/author\\\/pietroelle\\\/\"}]}<\/script>\n<!-- \/ Yoast SEO plugin. -->","yoast_head_json":{"title":"La visione cristiana dell'uomo - Rassegna Stampa Cattolica","description":"Rassegna Stampa Cattolica - Per una cultura che nasce dalla Rivelazione cristiana in conformit\u00e0 alla tradizione e al Magistero della Chiesa in opposizione ad ogni relativismo e totalitarismo","robots":{"index":"index","follow":"follow","max-snippet":"max-snippet:-1","max-image-preview":"max-image-preview:large","max-video-preview":"max-video-preview:-1"},"canonical":"https:\/\/www.rassegnastampa-totustuus.it\/cattolica\/la-visione-cristiana-delluomo\/","og_locale":"it_IT","og_type":"article","og_title":"La visione cristiana dell'uomo - Rassegna Stampa Cattolica","og_description":"Rassegna Stampa Cattolica - Per una cultura che nasce dalla Rivelazione cristiana in conformit\u00e0 alla tradizione e al Magistero della Chiesa in opposizione ad ogni relativismo e totalitarismo","og_url":"https:\/\/www.rassegnastampa-totustuus.it\/cattolica\/la-visione-cristiana-delluomo\/","og_site_name":"Rassegna Stampa Cattolica","article_publisher":"https:\/\/www.facebook.com\/rassegnastampacattolica","article_published_time":"2006-05-10T22:00:00+00:00","article_modified_time":"2016-05-09T10:24:37+00:00","og_image":[{"width":216,"height":234,"url":"https:\/\/www.rassegnastampa-totustuus.it\/cattolica\/wp-content\/uploads\/2006\/05\/uomo_Leonardo.jpg","type":"image\/jpeg"}],"author":"Redazione","twitter_card":"summary_large_image","twitter_creator":"@rassegnastampa9","twitter_site":"@rassegnastampa9","twitter_misc":{"Scritto da":"Redazione","Tempo di lettura stimato":"15 minuti"},"schema":{"@context":"https:\/\/schema.org","@graph":[{"@type":"Article","@id":"https:\/\/www.rassegnastampa-totustuus.it\/cattolica\/la-visione-cristiana-delluomo\/#article","isPartOf":{"@id":"https:\/\/www.rassegnastampa-totustuus.it\/cattolica\/la-visione-cristiana-delluomo\/"},"author":{"name":"Redazione","@id":"https:\/\/www.rassegnastampa-totustuus.it\/cattolica\/#\/schema\/person\/08f319d2bd1a0904ad9e2bfb7b15e5c3"},"headline":"La visione cristiana dell&#8217;uomo","datePublished":"2006-05-10T22:00:00+00:00","dateModified":"2016-05-09T10:24:37+00:00","mainEntityOfPage":{"@id":"https:\/\/www.rassegnastampa-totustuus.it\/cattolica\/la-visione-cristiana-delluomo\/"},"wordCount":3162,"publisher":{"@id":"https:\/\/www.rassegnastampa-totustuus.it\/cattolica\/#organization"},"image":{"@id":"https:\/\/www.rassegnastampa-totustuus.it\/cattolica\/la-visione-cristiana-delluomo\/#primaryimage"},"thumbnailUrl":"https:\/\/www.rassegnastampa-totustuus.it\/cattolica\/wp-content\/uploads\/2006\/05\/uomo_Leonardo.jpg","keywords":["antropologia"],"articleSection":["Sguardo sul nostro tempo"],"inLanguage":"it-IT"},{"@type":"WebPage","@id":"https:\/\/www.rassegnastampa-totustuus.it\/cattolica\/la-visione-cristiana-delluomo\/","url":"https:\/\/www.rassegnastampa-totustuus.it\/cattolica\/la-visione-cristiana-delluomo\/","name":"La visione cristiana dell'uomo - Rassegna Stampa Cattolica","isPartOf":{"@id":"https:\/\/www.rassegnastampa-totustuus.it\/cattolica\/#website"},"primaryImageOfPage":{"@id":"https:\/\/www.rassegnastampa-totustuus.it\/cattolica\/la-visione-cristiana-delluomo\/#primaryimage"},"image":{"@id":"https:\/\/www.rassegnastampa-totustuus.it\/cattolica\/la-visione-cristiana-delluomo\/#primaryimage"},"thumbnailUrl":"https:\/\/www.rassegnastampa-totustuus.it\/cattolica\/wp-content\/uploads\/2006\/05\/uomo_Leonardo.jpg","datePublished":"2006-05-10T22:00:00+00:00","dateModified":"2016-05-09T10:24:37+00:00","description":"Rassegna Stampa Cattolica - Per una cultura che nasce dalla Rivelazione cristiana in conformit\u00e0 alla tradizione e al Magistero della Chiesa in opposizione ad ogni relativismo e totalitarismo","breadcrumb":{"@id":"https:\/\/www.rassegnastampa-totustuus.it\/cattolica\/la-visione-cristiana-delluomo\/#breadcrumb"},"inLanguage":"it-IT","potentialAction":[{"@type":"ReadAction","target":["https:\/\/www.rassegnastampa-totustuus.it\/cattolica\/la-visione-cristiana-delluomo\/"]}]},{"@type":"ImageObject","inLanguage":"it-IT","@id":"https:\/\/www.rassegnastampa-totustuus.it\/cattolica\/la-visione-cristiana-delluomo\/#primaryimage","url":"https:\/\/www.rassegnastampa-totustuus.it\/cattolica\/wp-content\/uploads\/2006\/05\/uomo_Leonardo.jpg","contentUrl":"https:\/\/www.rassegnastampa-totustuus.it\/cattolica\/wp-content\/uploads\/2006\/05\/uomo_Leonardo.jpg","width":216,"height":234},{"@type":"BreadcrumbList","@id":"https:\/\/www.rassegnastampa-totustuus.it\/cattolica\/la-visione-cristiana-delluomo\/#breadcrumb","itemListElement":[{"@type":"ListItem","position":1,"name":"Home","item":"https:\/\/www.rassegnastampa-totustuus.it\/cattolica\/"},{"@type":"ListItem","position":2,"name":"La visione cristiana dell&#8217;uomo"}]},{"@type":"WebSite","@id":"https:\/\/www.rassegnastampa-totustuus.it\/cattolica\/#website","url":"https:\/\/www.rassegnastampa-totustuus.it\/cattolica\/","name":"Rassegna Stampa Cattolica","description":"Per una cultura che nasce dalla Rivelazione cristiana in conformit\u00e0 alla tradizione e al Magistero della Chiesa in opposizione ad ogni relativismo e totalitarismo","publisher":{"@id":"https:\/\/www.rassegnastampa-totustuus.it\/cattolica\/#organization"},"alternateName":"Rass. Cattolica","potentialAction":[{"@type":"SearchAction","target":{"@type":"EntryPoint","urlTemplate":"https:\/\/www.rassegnastampa-totustuus.it\/cattolica\/?s={search_term_string}"},"query-input":{"@type":"PropertyValueSpecification","valueRequired":true,"valueName":"search_term_string"}}],"inLanguage":"it-IT"},{"@type":"Organization","@id":"https:\/\/www.rassegnastampa-totustuus.it\/cattolica\/#organization","name":"Rassegna Stampa Cattolica","url":"https:\/\/www.rassegnastampa-totustuus.it\/cattolica\/","logo":{"@type":"ImageObject","inLanguage":"it-IT","@id":"https:\/\/www.rassegnastampa-totustuus.it\/cattolica\/#\/schema\/logo\/image\/","url":"https:\/\/www.rassegnastampa-totustuus.it\/cattolica\/wp-content\/uploads\/2014\/04\/logo-rassegna1.gif","contentUrl":"https:\/\/www.rassegnastampa-totustuus.it\/cattolica\/wp-content\/uploads\/2014\/04\/logo-rassegna1.gif","width":600,"height":163,"caption":"Rassegna Stampa Cattolica"},"image":{"@id":"https:\/\/www.rassegnastampa-totustuus.it\/cattolica\/#\/schema\/logo\/image\/"},"sameAs":["https:\/\/www.facebook.com\/rassegnastampacattolica","https:\/\/x.com\/rassegnastampa9"]},{"@type":"Person","@id":"https:\/\/www.rassegnastampa-totustuus.it\/cattolica\/#\/schema\/person\/08f319d2bd1a0904ad9e2bfb7b15e5c3","name":"Redazione","image":{"@type":"ImageObject","inLanguage":"it-IT","@id":"https:\/\/secure.gravatar.com\/avatar\/2fcdf27c78ea025fbdb44e914cc63c72249ffec9dc8aafd5c82b26240ef3f346?s=96&d=mm&r=g","url":"https:\/\/secure.gravatar.com\/avatar\/2fcdf27c78ea025fbdb44e914cc63c72249ffec9dc8aafd5c82b26240ef3f346?s=96&d=mm&r=g","contentUrl":"https:\/\/secure.gravatar.com\/avatar\/2fcdf27c78ea025fbdb44e914cc63c72249ffec9dc8aafd5c82b26240ef3f346?s=96&d=mm&r=g","caption":"Redazione"},"url":"https:\/\/www.rassegnastampa-totustuus.it\/cattolica\/author\/pietroelle\/"}]}},"_links":{"self":[{"href":"https:\/\/www.rassegnastampa-totustuus.it\/cattolica\/wp-json\/wp\/v2\/posts\/2026","targetHints":{"allow":["GET"]}}],"collection":[{"href":"https:\/\/www.rassegnastampa-totustuus.it\/cattolica\/wp-json\/wp\/v2\/posts"}],"about":[{"href":"https:\/\/www.rassegnastampa-totustuus.it\/cattolica\/wp-json\/wp\/v2\/types\/post"}],"author":[{"embeddable":true,"href":"https:\/\/www.rassegnastampa-totustuus.it\/cattolica\/wp-json\/wp\/v2\/users\/6"}],"replies":[{"embeddable":true,"href":"https:\/\/www.rassegnastampa-totustuus.it\/cattolica\/wp-json\/wp\/v2\/comments?post=2026"}],"version-history":[{"count":4,"href":"https:\/\/www.rassegnastampa-totustuus.it\/cattolica\/wp-json\/wp\/v2\/posts\/2026\/revisions"}],"predecessor-version":[{"id":34016,"href":"https:\/\/www.rassegnastampa-totustuus.it\/cattolica\/wp-json\/wp\/v2\/posts\/2026\/revisions\/34016"}],"wp:featuredmedia":[{"embeddable":true,"href":"https:\/\/www.rassegnastampa-totustuus.it\/cattolica\/wp-json\/wp\/v2\/media\/34015"}],"wp:attachment":[{"href":"https:\/\/www.rassegnastampa-totustuus.it\/cattolica\/wp-json\/wp\/v2\/media?parent=2026"}],"wp:term":[{"taxonomy":"category","embeddable":true,"href":"https:\/\/www.rassegnastampa-totustuus.it\/cattolica\/wp-json\/wp\/v2\/categories?post=2026"},{"taxonomy":"post_tag","embeddable":true,"href":"https:\/\/www.rassegnastampa-totustuus.it\/cattolica\/wp-json\/wp\/v2\/tags?post=2026"}],"curies":[{"name":"wp","href":"https:\/\/api.w.org\/{rel}","templated":true}]}}