{"id":20211,"date":"2015-03-12T00:00:27","date_gmt":"2015-03-11T23:00:27","guid":{"rendered":"http:\/\/www.rassegnastampa-totustuus.it\/cattolica\/?p=20211"},"modified":"2015-03-02T09:08:28","modified_gmt":"2015-03-02T08:08:28","slug":"abbiamo-ragioni-forti-affinche-san-pietro-non-conosca-la-stessa-sorte-di-santa-sofia","status":"publish","type":"post","link":"https:\/\/www.rassegnastampa-totustuus.it\/cattolica\/abbiamo-ragioni-forti-affinche-san-pietro-non-conosca-la-stessa-sorte-di-santa-sofia\/","title":{"rendered":"Abbiamo ragioni forti affinch\u00e9 San Pietro non conosca la stessa sorte di Santa Sofia?"},"content":{"rendered":"<p style=\"text-align: center;\"><strong><a href=\"https:\/\/www.rassegnastampa-totustuus.it\/cattolica\/wp-content\/uploads\/2015\/03\/isi_s_Pietro.jpg\"><img loading=\"lazy\" decoding=\"async\" class=\"alignright wp-image-20212\" src=\"https:\/\/www.rassegnastampa-totustuus.it\/cattolica\/wp-content\/uploads\/2015\/03\/isi_s_Pietro-300x160.jpg\" alt=\"isi_s_Pietro\" width=\"250\" height=\"134\" srcset=\"https:\/\/www.rassegnastampa-totustuus.it\/cattolica\/wp-content\/uploads\/2015\/03\/isi_s_Pietro-300x160.jpg 300w, https:\/\/www.rassegnastampa-totustuus.it\/cattolica\/wp-content\/uploads\/2015\/03\/isi_s_Pietro.jpg 307w\" sizes=\"auto, (max-width: 250px) 100vw, 250px\" \/><\/a>Tempi<\/strong> 16 Febbraio 2015<\/p>\n<p style=\"text-align: justify;\"><em>La sottomissione dei jihadisti di Parigi all\u2019islamismo non \u00e8 solo una reazione al vuoto culturale e spirituale della R\u00e9publique. \u00c8 una continuit\u00e0 con quel vuoto<\/em><\/p>\n<p style=\"text-align: center;\"><strong>Fabrice Hadjadj<\/strong><\/p>\n<p style=\"text-align: justify;\"><!--more--><\/p>\n<p style=\"text-align: justify;\"><em>Cari Jihadisti<\/em>, \u00e8 il titolo di una lettera aperta pubblicata da Philippe Muray \u2013 uno dei pi\u00f9 grandi polemisti francesi \u2013 poco dopo gli attentati dell\u201911 settembre 2001. La lettera si conclude con una serie di avvertimenti ai terroristi islamici, ma a esser presi di mira, di riflesso e ironicamente, sono in verit\u00e0 gli occidentali fanatici del comfort e del supermercato. Cito un passaggio da cui si pu\u00f2 facilmente cogliere lo scherno pungente e sarcastico:<\/p>\n<p style=\"text-align: justify;\">\u00ab[Cari Jihadisti], temete la collera del consumatore, del turista, del vacanziere che smonta dal suo camper! Voi ci immaginate rotolati nei piaceri e nei passatempi che ci hanno rammolliti? Ebbene noi lotteremo come leoni per proteggere il nostro rammollimento. Ci batteremo per ogni cosa, per le parole che non hanno pi\u00f9 senso e per la vita che queste si portano appresso\u00bb. E oggi possiamo aggiungere: ci batteremo specialmente per Charlie Hebdo, giornale ieri moribondo e privo di qualsiasi spirito critico \u2013 perch\u00e9 criticare \u00e8 discernere, e Charlie metteva nello stesso calderone jihadisti, rabbini, poliziotti, cattolici e francesi medi \u2013 ma proprio per questo ne faremo il simbolo della confusione e del nulla che ci animano!<\/p>\n<p style=\"text-align: justify;\">Ecco pressappoco lo stato dello Stato francese. Invece di lasciarsi interrogare dagli avvenimenti, parla e parla, ne approfitta per lavarsi coscienza, risalire nei sondaggi, disporsi accanto alle vittime innocenti, alla libert\u00e0 schernita, alla moralit\u00e0 oltraggiata, purch\u00e9 non si ammetta il vuoto umano della politica condotta da parecchi decenni, n\u00e9 l\u2019errore di un certo modello eurocentrico che prevedeva la necessaria evoluzione del mondo verso la secolarizzazione, mentre altrove, quasi ovunque e almeno dal 1979, si assiste ad un ritorno della religione nella sfera politica.<\/p>\n<p style=\"text-align: justify;\">Ma ecco: questa coscienza lavata e questo accecamento ideologico stanno preparando per molto presto, se non la guerra civile, perlomeno il suicidio dell\u2019Europa.<\/p>\n<p style=\"text-align: justify;\">La prima cosa che bisogna constatare \u00e8 che i terroristi dei recenti attentati di Parigi sono francesi, che sono cresciuti in Francia e non sono incidenti di percorso e neppure mostri, ma prodotti dell\u2019integrazione alla francese, veri figli della Repubblica attuale, con tutta la rivolta che tale discendenza pu\u00f2 indurre.<\/p>\n<p style=\"text-align: justify;\">Nel 2009, Amedy Coulibaly, l\u2019autore degli attentati di Montrouge e del supermercato kosher di Saint-Mand\u00e9, era stato ricevuto all\u2019Eliseo da Nicolas Sarkozy con altri nove giovani scelti dai loro datori di lavoro per manifestare i benefici del percorso studio-lavoro: a quel tempo lavorava con un contratto di formazione nella fabbrica della Coca-Cola della sua citt\u00e0 natale di Grigny.<\/p>\n<p style=\"text-align: justify;\">I fratelli Kouachi, orfani, figli di immigrati, erano stati accolti dal 1994 fino al 2000 in un centro educativo della Corr\u00e8ze, centro che appartiene alla fondazione Claude-Pompidou. All\u2019indomani della sparatoria alla sede di Charlie Hebdo, il direttore del centro educativo si diceva stupefatto: \u00abSiamo tutti scioccati da questa storia perch\u00e9 conosciamo quei giovani. Si fa fatica a immaginare che quei ragazzi, che erano perfettamente integrati (giocavano a calcio nei club locali), abbiano potuto uccidere deliberatamente in quel modo. Si fa fatica a crederci. Durante il loro percorso da noi non hanno mai dato luogo a problemi di comportamento. Sa\u00efd Kouachi [\u2026] era completamente pronto per la vita socio-professionale\u00bb.<\/p>\n<p style=\"text-align: justify;\">Queste affermazioni rimandano a quelle del sindaco di Lunel \u2013 piccola cittadina del Sud della Francia \u2013 che si stupiva del fatto che dieci giovani del suo comune fossero partiti per unirsi alla jihad in Siria, proprio adesso che la municipalit\u00e0 aveva risistemato una magnifica pista da skateboard nel loro quartiere\u2026<\/p>\n<p style=\"text-align: justify;\"><strong>Il legame tra martirio e maternit\u00e0<\/strong><\/p>\n<p style=\"text-align: justify;\">Che ingratitudine! Come \u00e8 possibile che questi giovani non abbiano veduto le loro aspirazioni pi\u00f9 profonde compiute lavorando per Coca-Cola, facendo dello skateboard o giocando nella squadra di calcio locale? Come mai il loro desiderio di eroicit\u00e0, di contemplazione e di libert\u00e0 non si \u00e8 sentito soddisfatto dall\u2019offerta cos\u00ec generosa di poter scegliere tra due piatti surgelati, guardare una serie tv americana o astenersi alle elezioni?<\/p>\n<p style=\"text-align: justify;\">E perch\u00e9 le loro speranze di pensiero e di amore non si sono realizzate con tutti i progressi in corso, e cio\u00e8 con la crisi economica, il matrimonio gay e la legalizzazione dell\u2019eutanasia? Perch\u00e9 era precisamente questo il dibattito che interessava il governo francese fino al giorno prima degli attentati: la <em>R\u00e9publique<\/em> era tutta tesa verso un\u2019altra grande conquista umana, l\u2019ultima senza dubbio, e cio\u00e8 il diritto di essere assistiti nel suicidio o essere finiti da un boia la cui delicatezza sia attestata da un titolo di studio in medicina\u2026<\/p>\n<p style=\"text-align: justify;\">Mi spiego: i fratelli Kouachi e Coulibaly erano \u00abperfettamente integrati\u00bb, ma integrati al nulla, alla negazione di ogni slancio storico e spirituale, ed \u00e8 per questo che alla fine si sono sottomessi a un islamismo che era non soltanto la reazione a tale vuoto, ma era anche in continuit\u00e0 con quel vuoto, con la sua logistica di sradicamento mondiale, di perdita della tradizione familiare, di miglioramento tecnico del corpo per farne un super-strumento connesso a un dispositivo senz\u2019anima\u2026<\/p>\n<p style=\"text-align: justify;\">Un giovane non cerca soltanto ragioni per vivere, ma anche e soprattutto \u2013 giacch\u00e9 non possiamo vivere per sempre \u2013 ragioni per dare la propria vita. Ora, ci sono ancora in Europa ragioni per dare la propria vita? La libert\u00e0 di espressione? Va bene! Ma cosa abbiamo di cosi importante da esprimere? Quale Buona Novella abbiamo da annunciare al mondo?<\/p>\n<p style=\"text-align: justify;\">Sapere se l\u2019Europa sia ancora capace di portare una trascendenza che dia senso alle nostre azioni \u2013 dico che questa \u00e8 la questione pi\u00f9 spirituale e per ci\u00f2 stesso anche la pi\u00f9 carnale. Non si tratta solo di dare la propria vita; si tratta anche di dare la vita. Curiosamente, o provvidenzialmente, nell\u2019udienza del 7 gennaio, il giorno stesso dei primi attentati, papa Francesco indicava, citando un\u2019omelia di Oscar Romero, il legame tra martirio e maternit\u00e0, tra l\u2019essere pronti a dare la propria vita e l\u2019essere pronti a dare la vita.<\/p>\n<p style=\"text-align: justify;\">E\u2019 un\u2019evidenza innegabile: la nostra debolezza spirituale si ripercuote sulla demografia ; che lo si voglia oppure no la fecondit\u00e0 biologica \u00e8 sempre segno di una speranza vissuta (anche quando tale speranza \u00e8 disordinata, come nel natalismo nazionalista o imperialista).<\/p>\n<p style=\"text-align: justify;\"><strong>L\u2019insegnamento di De Gaulle<\/strong><\/p>\n<p style=\"text-align: justify;\">Se si adotta un punto di vista totalmente darwinista, bisogna allora ammettere che il darwinismo non \u00e8 un vantaggio selettivo. Credere che l\u2019uomo sia il risultato mortale del casuale bricolage dell\u2019evoluzione non incoraggia granch\u00e9 a fare figli. Meglio un gatto o un cagnolino. O forse uno o due piccoli <em>sapiens sapiens, <\/em>per inerzia, per convenzione sociale, alla fine non tanto come figli ma come giocattoli adatti a esercitare il proprio dispotismo e per distrarsi dall\u2019angoscia (prima di aggravarla radicalmente).<\/p>\n<p style=\"text-align: justify;\">Il successo teorico del darwinismo conduce inevitabilmente al successo pratico dei fondamendalisti che negano tale teoria ma che, loro, fanno tanti figli. Un\u2019amica islamologa, Annie Laurent, mi ha detto a questo proposito una frase illuminante : \u00abIl parto \u00e8 la jihad delle donne\u00bb.<\/p>\n<p style=\"text-align: justify;\">Ci\u00f2 che a suo tempo spinse il generale de Gaulle a concedere l\u2019indipendenza all\u2019Algeria fu precisamente la questione demografica. Mantenere l\u2019Algeria francese con giustizia avrebbe voluto dire accordare la cittadinanza a tutti, ma essendo la democrazia francese sottoposta alla legge della maggioranza e dunque a quella della demografia, essa avrebbe finito con il sottomettersi alla legge coranica. Il 5 marzo 1959 de Gaulle confidava a Alain Peyrefitte: \u00abLei crede che il corpo francese possa assorbire dieci milioni di mussulmani che domani saranno venti milioni e dopodomani quaranta? Se facessimo l\u2019integrazione, se tutti gli arabi e i berberi di Algeria fossero considerati francesi, come impedirgli di venire a stabilirsi in Francia metropolitana dove il tenore di vita \u00e8 talmente pi\u00f9 elevato? Il mio paesino non si chiamerebbe pi\u00f9 Colombey-les-Deux-\u00c9glises, ma Colombey-les-Deux-Mosqu\u00e9es!\u00bb<\/p>\n<p style=\"text-align: justify;\">Certo, c\u2019\u00e8 una liberazione della donna di cui possiamo essere fieri, ma quando tale liberazione si risolve nella militanza contraccettiva e abortiva, e la maternit\u00e0 e la paternit\u00e0 sono concepite come pesi insopportabili per individui che hanno dimenticato di essere prima di tutto figli e figlie, tale liberazione non pu\u00f2 che fare posto, dopo qualche generazione, al dominio numerico delle donne col burqa, perch\u00e9 le donne con la minigonna si riproducono molto di meno.<\/p>\n<p style=\"text-align: justify;\">E\u2019 facile protestare: \u00abOh! il burqa ! che usanze barbare !\u00bb Quelle usanze barbare unite a un\u2019immigrazione che compensa la denatalit\u00e0 europea capovolgeranno la nostra civilizzazione del futuro \u2013 di un futuro, infine, senza posterit\u00e0\u2026<\/p>\n<p style=\"text-align: justify;\">In fondo, i jihadisti commettono un grave errore strategico: provocando reazioni indignate finiscono col rallentare l\u2019islamizzazione dolce dell\u2019Europa, quella che Michel Houellebecq presenta nel suo ultimo romanzo (pubblicato anch\u2019esso il 7 gennaio) e che si realizza a causa della nostra doppia astenia religiosa e sessuale. A meno che la nostra insistenza sul non confondere le cose, e sul ripetere che l\u2019islam non c\u2019entra niente con l\u2019islamismo (mentre sia il presidente egiziano Al-Sissi che i fratelli mussulmani ci dicono il contrario) e a colpevolizzarci del nostro passato coloniale \u2013 a meno che tutta questa confusione non ci consegni con ancor pi\u00f9 grande quanto vana ossequiosit\u00e0 al processo in atto.<\/p>\n<p style=\"text-align: justify;\">C\u2019\u00e8 in ogni caso una vanit\u00e0 che dobbiamo smettere di avere ed \u00e8 di credere che i movimenti islamisti siano movimenti pre<em>-Lumi\u00e8res<\/em>, barbari come dicevo prima, e che diverranno moderati non appena scopriranno gli splendori del consumismo. In verit\u00e0 sono movimenti post<em>-Lumi\u00e8res<\/em>. Essi sanno che le utopie umaniste che si erano sostituite alla fede religiosa sono crollate. E dunque ci si pu\u00f2 chiedere con qualche ragione se l\u2019islam non sia il termine dialettico di un\u2019Europa tecno-liberale che ha rifiutato le sue radici greco-latine e le sue ali giudaico-cristiane: e siccome questa Europa non pu\u00f2 vivere troppo a lungo senza Dio e senza madri, ma come un bambino viziato non riesce tornare da sua madre la Chiesa, essa acconsente finalmente a darsi a un monoteismo facile, dove il rapporto con la ricchezza \u00e8 sdrammatizzato, dove la morale sessuale \u00e8 pi\u00f9 debole, dove la postmodernit\u00e0 hi-tech costruisce citt\u00e0 radiose come quelle del Qatar. Dio e il capitalismo, le huri dell\u2019harem e i guru del computer, perch\u00e9 non potrebbe essere questo l\u2019ultimo compromesso, la vera fine della storia?<\/p>\n<p style=\"text-align: justify;\">Una cosa mi sembra certa: ci\u00f2 che c\u2019\u00e8 di buono nel secolo dei Lumi ormai non pu\u00f2 pi\u00f9 sussistere senza il Lume dei secoli. Ma riconosceremo che quella Luce \u00e8 quella del Verbo fatto carne, del Dio fatto uomo, e cio\u00e8 di una Divinit\u00e0 che non schiaccia l\u2019umano, ma che lo accoglie nella sua libert\u00e0 e nella sua debolezza? Questa \u00e8 la domanda che pongo a voi alla fine: siete romani, ma avete ragioni forti affinch\u00e9 San Pietro non conosca la stessa sorte di Santa-Sofia? Siete italiani, ma siete capaci di battervi per la Divina Commedia, o ne avrete vergogna, visto che Dante, nel XXVIII canto dell\u2019Inferno, osa mettere Maometto nella nona bolgia dell\u2019ottavo girone?<\/p>\n<p style=\"text-align: justify;\">Infine, siamo europei, ma siamo fieri della nostra bandiera con le sue dodici stelle? Ci ricordiamo ancora del senso di quelle dodici stelle, che rimandano all\u2019Apocalisse di San Giovanni ed alla fede di Schuman e De Gasperi? Bisogna rispondere, o siamo morti: per quale Europa siamo pronti a dare la vita?<\/p>\n<p style=\"text-align: justify;\"><em>Traduzione di Ugo Moschella<\/em><\/p>\n","protected":false},"excerpt":{"rendered":"<p>Tempi 16 Febbraio 2015 La sottomissione dei jihadisti di Parigi all\u2019islamismo non \u00e8 solo una reazione al vuoto culturale e spirituale della R\u00e9publique. \u00c8 una continuit\u00e0 con quel vuoto Fabrice Hadjadj<\/p><p><a class=\"more-link btn\" href=\"https:\/\/www.rassegnastampa-totustuus.it\/cattolica\/abbiamo-ragioni-forti-affinche-san-pietro-non-conosca-la-stessa-sorte-di-santa-sofia\/\">Continua a leggere<\/a><\/p>\n","protected":false},"author":6,"featured_media":0,"comment_status":"closed","ping_status":"closed","sticky":false,"template":"","format":"standard","meta":{"footnotes":""},"categories":[14,111],"tags":[1280],"class_list":["post-20211","post","type-post","status-publish","format-standard","hentry","category-europa-e-ue","category-islam-in-europa","tag-declino-europeo","item-wrap"],"yoast_head":"<!-- This site is optimized with the Yoast SEO plugin v27.4 - https:\/\/yoast.com\/product\/yoast-seo-wordpress\/ -->\n<title>Abbiamo ragioni forti affinch\u00e9 San Pietro non conosca la stessa sorte di Santa Sofia? - Rassegna Stampa Cattolica<\/title>\n<meta name=\"description\" content=\"Rassegna Stampa Cattolica - Per una cultura che nasce dalla Rivelazione cristiana in conformit\u00e0 alla tradizione e al Magistero della Chiesa in opposizione ad ogni relativismo e totalitarismo\" \/>\n<meta name=\"robots\" content=\"index, follow, max-snippet:-1, max-image-preview:large, max-video-preview:-1\" \/>\n<link rel=\"canonical\" href=\"https:\/\/www.rassegnastampa-totustuus.it\/cattolica\/abbiamo-ragioni-forti-affinche-san-pietro-non-conosca-la-stessa-sorte-di-santa-sofia\/\" \/>\n<meta property=\"og:locale\" content=\"it_IT\" \/>\n<meta property=\"og:type\" content=\"article\" \/>\n<meta property=\"og:title\" content=\"Abbiamo ragioni forti affinch\u00e9 San Pietro non conosca la stessa sorte di Santa Sofia? - Rassegna Stampa Cattolica\" \/>\n<meta property=\"og:description\" content=\"Rassegna Stampa Cattolica - Per una cultura che nasce dalla Rivelazione cristiana in conformit\u00e0 alla tradizione e al Magistero della Chiesa in opposizione ad ogni relativismo e totalitarismo\" \/>\n<meta property=\"og:url\" content=\"https:\/\/www.rassegnastampa-totustuus.it\/cattolica\/abbiamo-ragioni-forti-affinche-san-pietro-non-conosca-la-stessa-sorte-di-santa-sofia\/\" \/>\n<meta property=\"og:site_name\" content=\"Rassegna Stampa Cattolica\" \/>\n<meta property=\"article:publisher\" content=\"https:\/\/www.facebook.com\/rassegnastampacattolica\" \/>\n<meta property=\"article:published_time\" content=\"2015-03-11T23:00:27+00:00\" \/>\n<meta property=\"og:image\" content=\"http:\/\/www.rassegnastampa-totustuus.it\/cattolica\/wp-content\/uploads\/2015\/03\/isi_s_Pietro-300x160.jpg\" \/>\n<meta name=\"author\" content=\"Redazione\" \/>\n<meta name=\"twitter:card\" content=\"summary_large_image\" \/>\n<meta name=\"twitter:creator\" content=\"@rassegnastampa9\" \/>\n<meta name=\"twitter:site\" content=\"@rassegnastampa9\" \/>\n<meta name=\"twitter:label1\" content=\"Scritto da\" \/>\n\t<meta name=\"twitter:data1\" content=\"Redazione\" \/>\n\t<meta name=\"twitter:label2\" content=\"Tempo di lettura stimato\" \/>\n\t<meta name=\"twitter:data2\" content=\"9 minuti\" \/>\n<script type=\"application\/ld+json\" class=\"yoast-schema-graph\">{\"@context\":\"https:\\\/\\\/schema.org\",\"@graph\":[{\"@type\":\"Article\",\"@id\":\"https:\\\/\\\/www.rassegnastampa-totustuus.it\\\/cattolica\\\/abbiamo-ragioni-forti-affinche-san-pietro-non-conosca-la-stessa-sorte-di-santa-sofia\\\/#article\",\"isPartOf\":{\"@id\":\"https:\\\/\\\/www.rassegnastampa-totustuus.it\\\/cattolica\\\/abbiamo-ragioni-forti-affinche-san-pietro-non-conosca-la-stessa-sorte-di-santa-sofia\\\/\"},\"author\":{\"name\":\"Redazione\",\"@id\":\"https:\\\/\\\/www.rassegnastampa-totustuus.it\\\/cattolica\\\/#\\\/schema\\\/person\\\/08f319d2bd1a0904ad9e2bfb7b15e5c3\"},\"headline\":\"Abbiamo ragioni forti affinch\u00e9 San Pietro non conosca la stessa sorte di Santa Sofia?\",\"datePublished\":\"2015-03-11T23:00:27+00:00\",\"mainEntityOfPage\":{\"@id\":\"https:\\\/\\\/www.rassegnastampa-totustuus.it\\\/cattolica\\\/abbiamo-ragioni-forti-affinche-san-pietro-non-conosca-la-stessa-sorte-di-santa-sofia\\\/\"},\"wordCount\":1861,\"publisher\":{\"@id\":\"https:\\\/\\\/www.rassegnastampa-totustuus.it\\\/cattolica\\\/#organization\"},\"image\":{\"@id\":\"https:\\\/\\\/www.rassegnastampa-totustuus.it\\\/cattolica\\\/abbiamo-ragioni-forti-affinche-san-pietro-non-conosca-la-stessa-sorte-di-santa-sofia\\\/#primaryimage\"},\"thumbnailUrl\":\"http:\\\/\\\/www.rassegnastampa-totustuus.it\\\/cattolica\\\/wp-content\\\/uploads\\\/2015\\\/03\\\/isi_s_Pietro-300x160.jpg\",\"keywords\":[\"declino europeo\"],\"articleSection\":[\"Europa e UE\",\"Islam in Europa\"],\"inLanguage\":\"it-IT\"},{\"@type\":\"WebPage\",\"@id\":\"https:\\\/\\\/www.rassegnastampa-totustuus.it\\\/cattolica\\\/abbiamo-ragioni-forti-affinche-san-pietro-non-conosca-la-stessa-sorte-di-santa-sofia\\\/\",\"url\":\"https:\\\/\\\/www.rassegnastampa-totustuus.it\\\/cattolica\\\/abbiamo-ragioni-forti-affinche-san-pietro-non-conosca-la-stessa-sorte-di-santa-sofia\\\/\",\"name\":\"Abbiamo ragioni forti affinch\u00e9 San Pietro non conosca la stessa sorte di Santa Sofia? - Rassegna Stampa Cattolica\",\"isPartOf\":{\"@id\":\"https:\\\/\\\/www.rassegnastampa-totustuus.it\\\/cattolica\\\/#website\"},\"primaryImageOfPage\":{\"@id\":\"https:\\\/\\\/www.rassegnastampa-totustuus.it\\\/cattolica\\\/abbiamo-ragioni-forti-affinche-san-pietro-non-conosca-la-stessa-sorte-di-santa-sofia\\\/#primaryimage\"},\"image\":{\"@id\":\"https:\\\/\\\/www.rassegnastampa-totustuus.it\\\/cattolica\\\/abbiamo-ragioni-forti-affinche-san-pietro-non-conosca-la-stessa-sorte-di-santa-sofia\\\/#primaryimage\"},\"thumbnailUrl\":\"http:\\\/\\\/www.rassegnastampa-totustuus.it\\\/cattolica\\\/wp-content\\\/uploads\\\/2015\\\/03\\\/isi_s_Pietro-300x160.jpg\",\"datePublished\":\"2015-03-11T23:00:27+00:00\",\"description\":\"Rassegna Stampa Cattolica - Per una cultura che nasce dalla Rivelazione cristiana in conformit\u00e0 alla tradizione e al Magistero della Chiesa in opposizione ad ogni relativismo e totalitarismo\",\"breadcrumb\":{\"@id\":\"https:\\\/\\\/www.rassegnastampa-totustuus.it\\\/cattolica\\\/abbiamo-ragioni-forti-affinche-san-pietro-non-conosca-la-stessa-sorte-di-santa-sofia\\\/#breadcrumb\"},\"inLanguage\":\"it-IT\",\"potentialAction\":[{\"@type\":\"ReadAction\",\"target\":[\"https:\\\/\\\/www.rassegnastampa-totustuus.it\\\/cattolica\\\/abbiamo-ragioni-forti-affinche-san-pietro-non-conosca-la-stessa-sorte-di-santa-sofia\\\/\"]}]},{\"@type\":\"ImageObject\",\"inLanguage\":\"it-IT\",\"@id\":\"https:\\\/\\\/www.rassegnastampa-totustuus.it\\\/cattolica\\\/abbiamo-ragioni-forti-affinche-san-pietro-non-conosca-la-stessa-sorte-di-santa-sofia\\\/#primaryimage\",\"url\":\"http:\\\/\\\/www.rassegnastampa-totustuus.it\\\/cattolica\\\/wp-content\\\/uploads\\\/2015\\\/03\\\/isi_s_Pietro-300x160.jpg\",\"contentUrl\":\"http:\\\/\\\/www.rassegnastampa-totustuus.it\\\/cattolica\\\/wp-content\\\/uploads\\\/2015\\\/03\\\/isi_s_Pietro-300x160.jpg\"},{\"@type\":\"BreadcrumbList\",\"@id\":\"https:\\\/\\\/www.rassegnastampa-totustuus.it\\\/cattolica\\\/abbiamo-ragioni-forti-affinche-san-pietro-non-conosca-la-stessa-sorte-di-santa-sofia\\\/#breadcrumb\",\"itemListElement\":[{\"@type\":\"ListItem\",\"position\":1,\"name\":\"Home\",\"item\":\"https:\\\/\\\/www.rassegnastampa-totustuus.it\\\/cattolica\\\/\"},{\"@type\":\"ListItem\",\"position\":2,\"name\":\"Abbiamo ragioni forti affinch\u00e9 San Pietro non conosca la stessa sorte di Santa Sofia?\"}]},{\"@type\":\"WebSite\",\"@id\":\"https:\\\/\\\/www.rassegnastampa-totustuus.it\\\/cattolica\\\/#website\",\"url\":\"https:\\\/\\\/www.rassegnastampa-totustuus.it\\\/cattolica\\\/\",\"name\":\"Rassegna Stampa Cattolica\",\"description\":\"Per una cultura che nasce dalla Rivelazione cristiana in conformit\u00e0 alla tradizione e al Magistero della Chiesa in opposizione ad ogni relativismo e totalitarismo\",\"publisher\":{\"@id\":\"https:\\\/\\\/www.rassegnastampa-totustuus.it\\\/cattolica\\\/#organization\"},\"alternateName\":\"Rass. Cattolica\",\"potentialAction\":[{\"@type\":\"SearchAction\",\"target\":{\"@type\":\"EntryPoint\",\"urlTemplate\":\"https:\\\/\\\/www.rassegnastampa-totustuus.it\\\/cattolica\\\/?s={search_term_string}\"},\"query-input\":{\"@type\":\"PropertyValueSpecification\",\"valueRequired\":true,\"valueName\":\"search_term_string\"}}],\"inLanguage\":\"it-IT\"},{\"@type\":\"Organization\",\"@id\":\"https:\\\/\\\/www.rassegnastampa-totustuus.it\\\/cattolica\\\/#organization\",\"name\":\"Rassegna Stampa Cattolica\",\"url\":\"https:\\\/\\\/www.rassegnastampa-totustuus.it\\\/cattolica\\\/\",\"logo\":{\"@type\":\"ImageObject\",\"inLanguage\":\"it-IT\",\"@id\":\"https:\\\/\\\/www.rassegnastampa-totustuus.it\\\/cattolica\\\/#\\\/schema\\\/logo\\\/image\\\/\",\"url\":\"https:\\\/\\\/www.rassegnastampa-totustuus.it\\\/cattolica\\\/wp-content\\\/uploads\\\/2014\\\/04\\\/logo-rassegna1.gif\",\"contentUrl\":\"https:\\\/\\\/www.rassegnastampa-totustuus.it\\\/cattolica\\\/wp-content\\\/uploads\\\/2014\\\/04\\\/logo-rassegna1.gif\",\"width\":600,\"height\":163,\"caption\":\"Rassegna Stampa Cattolica\"},\"image\":{\"@id\":\"https:\\\/\\\/www.rassegnastampa-totustuus.it\\\/cattolica\\\/#\\\/schema\\\/logo\\\/image\\\/\"},\"sameAs\":[\"https:\\\/\\\/www.facebook.com\\\/rassegnastampacattolica\",\"https:\\\/\\\/x.com\\\/rassegnastampa9\"]},{\"@type\":\"Person\",\"@id\":\"https:\\\/\\\/www.rassegnastampa-totustuus.it\\\/cattolica\\\/#\\\/schema\\\/person\\\/08f319d2bd1a0904ad9e2bfb7b15e5c3\",\"name\":\"Redazione\",\"image\":{\"@type\":\"ImageObject\",\"inLanguage\":\"it-IT\",\"@id\":\"https:\\\/\\\/secure.gravatar.com\\\/avatar\\\/2fcdf27c78ea025fbdb44e914cc63c72249ffec9dc8aafd5c82b26240ef3f346?s=96&d=mm&r=g\",\"url\":\"https:\\\/\\\/secure.gravatar.com\\\/avatar\\\/2fcdf27c78ea025fbdb44e914cc63c72249ffec9dc8aafd5c82b26240ef3f346?s=96&d=mm&r=g\",\"contentUrl\":\"https:\\\/\\\/secure.gravatar.com\\\/avatar\\\/2fcdf27c78ea025fbdb44e914cc63c72249ffec9dc8aafd5c82b26240ef3f346?s=96&d=mm&r=g\",\"caption\":\"Redazione\"},\"url\":\"https:\\\/\\\/www.rassegnastampa-totustuus.it\\\/cattolica\\\/author\\\/pietroelle\\\/\"}]}<\/script>\n<!-- \/ Yoast SEO plugin. -->","yoast_head_json":{"title":"Abbiamo ragioni forti affinch\u00e9 San Pietro non conosca la stessa sorte di Santa Sofia? - Rassegna Stampa Cattolica","description":"Rassegna Stampa Cattolica - Per una cultura che nasce dalla Rivelazione cristiana in conformit\u00e0 alla tradizione e al Magistero della Chiesa in opposizione ad ogni relativismo e totalitarismo","robots":{"index":"index","follow":"follow","max-snippet":"max-snippet:-1","max-image-preview":"max-image-preview:large","max-video-preview":"max-video-preview:-1"},"canonical":"https:\/\/www.rassegnastampa-totustuus.it\/cattolica\/abbiamo-ragioni-forti-affinche-san-pietro-non-conosca-la-stessa-sorte-di-santa-sofia\/","og_locale":"it_IT","og_type":"article","og_title":"Abbiamo ragioni forti affinch\u00e9 San Pietro non conosca la stessa sorte di Santa Sofia? - Rassegna Stampa Cattolica","og_description":"Rassegna Stampa Cattolica - Per una cultura che nasce dalla Rivelazione cristiana in conformit\u00e0 alla tradizione e al Magistero della Chiesa in opposizione ad ogni relativismo e totalitarismo","og_url":"https:\/\/www.rassegnastampa-totustuus.it\/cattolica\/abbiamo-ragioni-forti-affinche-san-pietro-non-conosca-la-stessa-sorte-di-santa-sofia\/","og_site_name":"Rassegna Stampa Cattolica","article_publisher":"https:\/\/www.facebook.com\/rassegnastampacattolica","article_published_time":"2015-03-11T23:00:27+00:00","og_image":[{"url":"http:\/\/www.rassegnastampa-totustuus.it\/cattolica\/wp-content\/uploads\/2015\/03\/isi_s_Pietro-300x160.jpg","type":"","width":"","height":""}],"author":"Redazione","twitter_card":"summary_large_image","twitter_creator":"@rassegnastampa9","twitter_site":"@rassegnastampa9","twitter_misc":{"Scritto da":"Redazione","Tempo di lettura stimato":"9 minuti"},"schema":{"@context":"https:\/\/schema.org","@graph":[{"@type":"Article","@id":"https:\/\/www.rassegnastampa-totustuus.it\/cattolica\/abbiamo-ragioni-forti-affinche-san-pietro-non-conosca-la-stessa-sorte-di-santa-sofia\/#article","isPartOf":{"@id":"https:\/\/www.rassegnastampa-totustuus.it\/cattolica\/abbiamo-ragioni-forti-affinche-san-pietro-non-conosca-la-stessa-sorte-di-santa-sofia\/"},"author":{"name":"Redazione","@id":"https:\/\/www.rassegnastampa-totustuus.it\/cattolica\/#\/schema\/person\/08f319d2bd1a0904ad9e2bfb7b15e5c3"},"headline":"Abbiamo ragioni forti affinch\u00e9 San Pietro non conosca la stessa sorte di Santa Sofia?","datePublished":"2015-03-11T23:00:27+00:00","mainEntityOfPage":{"@id":"https:\/\/www.rassegnastampa-totustuus.it\/cattolica\/abbiamo-ragioni-forti-affinche-san-pietro-non-conosca-la-stessa-sorte-di-santa-sofia\/"},"wordCount":1861,"publisher":{"@id":"https:\/\/www.rassegnastampa-totustuus.it\/cattolica\/#organization"},"image":{"@id":"https:\/\/www.rassegnastampa-totustuus.it\/cattolica\/abbiamo-ragioni-forti-affinche-san-pietro-non-conosca-la-stessa-sorte-di-santa-sofia\/#primaryimage"},"thumbnailUrl":"http:\/\/www.rassegnastampa-totustuus.it\/cattolica\/wp-content\/uploads\/2015\/03\/isi_s_Pietro-300x160.jpg","keywords":["declino europeo"],"articleSection":["Europa e UE","Islam in Europa"],"inLanguage":"it-IT"},{"@type":"WebPage","@id":"https:\/\/www.rassegnastampa-totustuus.it\/cattolica\/abbiamo-ragioni-forti-affinche-san-pietro-non-conosca-la-stessa-sorte-di-santa-sofia\/","url":"https:\/\/www.rassegnastampa-totustuus.it\/cattolica\/abbiamo-ragioni-forti-affinche-san-pietro-non-conosca-la-stessa-sorte-di-santa-sofia\/","name":"Abbiamo ragioni forti affinch\u00e9 San Pietro non conosca la stessa sorte di Santa Sofia? - Rassegna Stampa Cattolica","isPartOf":{"@id":"https:\/\/www.rassegnastampa-totustuus.it\/cattolica\/#website"},"primaryImageOfPage":{"@id":"https:\/\/www.rassegnastampa-totustuus.it\/cattolica\/abbiamo-ragioni-forti-affinche-san-pietro-non-conosca-la-stessa-sorte-di-santa-sofia\/#primaryimage"},"image":{"@id":"https:\/\/www.rassegnastampa-totustuus.it\/cattolica\/abbiamo-ragioni-forti-affinche-san-pietro-non-conosca-la-stessa-sorte-di-santa-sofia\/#primaryimage"},"thumbnailUrl":"http:\/\/www.rassegnastampa-totustuus.it\/cattolica\/wp-content\/uploads\/2015\/03\/isi_s_Pietro-300x160.jpg","datePublished":"2015-03-11T23:00:27+00:00","description":"Rassegna Stampa Cattolica - Per una cultura che nasce dalla Rivelazione cristiana in conformit\u00e0 alla tradizione e al Magistero della Chiesa in opposizione ad ogni relativismo e totalitarismo","breadcrumb":{"@id":"https:\/\/www.rassegnastampa-totustuus.it\/cattolica\/abbiamo-ragioni-forti-affinche-san-pietro-non-conosca-la-stessa-sorte-di-santa-sofia\/#breadcrumb"},"inLanguage":"it-IT","potentialAction":[{"@type":"ReadAction","target":["https:\/\/www.rassegnastampa-totustuus.it\/cattolica\/abbiamo-ragioni-forti-affinche-san-pietro-non-conosca-la-stessa-sorte-di-santa-sofia\/"]}]},{"@type":"ImageObject","inLanguage":"it-IT","@id":"https:\/\/www.rassegnastampa-totustuus.it\/cattolica\/abbiamo-ragioni-forti-affinche-san-pietro-non-conosca-la-stessa-sorte-di-santa-sofia\/#primaryimage","url":"http:\/\/www.rassegnastampa-totustuus.it\/cattolica\/wp-content\/uploads\/2015\/03\/isi_s_Pietro-300x160.jpg","contentUrl":"http:\/\/www.rassegnastampa-totustuus.it\/cattolica\/wp-content\/uploads\/2015\/03\/isi_s_Pietro-300x160.jpg"},{"@type":"BreadcrumbList","@id":"https:\/\/www.rassegnastampa-totustuus.it\/cattolica\/abbiamo-ragioni-forti-affinche-san-pietro-non-conosca-la-stessa-sorte-di-santa-sofia\/#breadcrumb","itemListElement":[{"@type":"ListItem","position":1,"name":"Home","item":"https:\/\/www.rassegnastampa-totustuus.it\/cattolica\/"},{"@type":"ListItem","position":2,"name":"Abbiamo ragioni forti affinch\u00e9 San Pietro non conosca la stessa sorte di Santa Sofia?"}]},{"@type":"WebSite","@id":"https:\/\/www.rassegnastampa-totustuus.it\/cattolica\/#website","url":"https:\/\/www.rassegnastampa-totustuus.it\/cattolica\/","name":"Rassegna Stampa Cattolica","description":"Per una cultura che nasce dalla Rivelazione cristiana in conformit\u00e0 alla tradizione e al Magistero della Chiesa in opposizione ad ogni relativismo e totalitarismo","publisher":{"@id":"https:\/\/www.rassegnastampa-totustuus.it\/cattolica\/#organization"},"alternateName":"Rass. Cattolica","potentialAction":[{"@type":"SearchAction","target":{"@type":"EntryPoint","urlTemplate":"https:\/\/www.rassegnastampa-totustuus.it\/cattolica\/?s={search_term_string}"},"query-input":{"@type":"PropertyValueSpecification","valueRequired":true,"valueName":"search_term_string"}}],"inLanguage":"it-IT"},{"@type":"Organization","@id":"https:\/\/www.rassegnastampa-totustuus.it\/cattolica\/#organization","name":"Rassegna Stampa Cattolica","url":"https:\/\/www.rassegnastampa-totustuus.it\/cattolica\/","logo":{"@type":"ImageObject","inLanguage":"it-IT","@id":"https:\/\/www.rassegnastampa-totustuus.it\/cattolica\/#\/schema\/logo\/image\/","url":"https:\/\/www.rassegnastampa-totustuus.it\/cattolica\/wp-content\/uploads\/2014\/04\/logo-rassegna1.gif","contentUrl":"https:\/\/www.rassegnastampa-totustuus.it\/cattolica\/wp-content\/uploads\/2014\/04\/logo-rassegna1.gif","width":600,"height":163,"caption":"Rassegna Stampa Cattolica"},"image":{"@id":"https:\/\/www.rassegnastampa-totustuus.it\/cattolica\/#\/schema\/logo\/image\/"},"sameAs":["https:\/\/www.facebook.com\/rassegnastampacattolica","https:\/\/x.com\/rassegnastampa9"]},{"@type":"Person","@id":"https:\/\/www.rassegnastampa-totustuus.it\/cattolica\/#\/schema\/person\/08f319d2bd1a0904ad9e2bfb7b15e5c3","name":"Redazione","image":{"@type":"ImageObject","inLanguage":"it-IT","@id":"https:\/\/secure.gravatar.com\/avatar\/2fcdf27c78ea025fbdb44e914cc63c72249ffec9dc8aafd5c82b26240ef3f346?s=96&d=mm&r=g","url":"https:\/\/secure.gravatar.com\/avatar\/2fcdf27c78ea025fbdb44e914cc63c72249ffec9dc8aafd5c82b26240ef3f346?s=96&d=mm&r=g","contentUrl":"https:\/\/secure.gravatar.com\/avatar\/2fcdf27c78ea025fbdb44e914cc63c72249ffec9dc8aafd5c82b26240ef3f346?s=96&d=mm&r=g","caption":"Redazione"},"url":"https:\/\/www.rassegnastampa-totustuus.it\/cattolica\/author\/pietroelle\/"}]}},"_links":{"self":[{"href":"https:\/\/www.rassegnastampa-totustuus.it\/cattolica\/wp-json\/wp\/v2\/posts\/20211","targetHints":{"allow":["GET"]}}],"collection":[{"href":"https:\/\/www.rassegnastampa-totustuus.it\/cattolica\/wp-json\/wp\/v2\/posts"}],"about":[{"href":"https:\/\/www.rassegnastampa-totustuus.it\/cattolica\/wp-json\/wp\/v2\/types\/post"}],"author":[{"embeddable":true,"href":"https:\/\/www.rassegnastampa-totustuus.it\/cattolica\/wp-json\/wp\/v2\/users\/6"}],"replies":[{"embeddable":true,"href":"https:\/\/www.rassegnastampa-totustuus.it\/cattolica\/wp-json\/wp\/v2\/comments?post=20211"}],"version-history":[{"count":1,"href":"https:\/\/www.rassegnastampa-totustuus.it\/cattolica\/wp-json\/wp\/v2\/posts\/20211\/revisions"}],"predecessor-version":[{"id":20213,"href":"https:\/\/www.rassegnastampa-totustuus.it\/cattolica\/wp-json\/wp\/v2\/posts\/20211\/revisions\/20213"}],"wp:attachment":[{"href":"https:\/\/www.rassegnastampa-totustuus.it\/cattolica\/wp-json\/wp\/v2\/media?parent=20211"}],"wp:term":[{"taxonomy":"category","embeddable":true,"href":"https:\/\/www.rassegnastampa-totustuus.it\/cattolica\/wp-json\/wp\/v2\/categories?post=20211"},{"taxonomy":"post_tag","embeddable":true,"href":"https:\/\/www.rassegnastampa-totustuus.it\/cattolica\/wp-json\/wp\/v2\/tags?post=20211"}],"curies":[{"name":"wp","href":"https:\/\/api.w.org\/{rel}","templated":true}]}}