{"id":2011,"date":"2006-05-04T00:00:00","date_gmt":"2006-05-03T22:00:00","guid":{"rendered":""},"modified":"2015-12-04T13:31:02","modified_gmt":"2015-12-04T12:31:02","slug":"apostasia-nellislam-dibattito-acceso","status":"publish","type":"post","link":"https:\/\/www.rassegnastampa-totustuus.it\/cattolica\/apostasia-nellislam-dibattito-acceso\/","title":{"rendered":"Apostasia, nell&#8217;islam dibattito acceso"},"content":{"rendered":"<div style=\"text-align: center;\"><strong><a href=\"https:\/\/www.rassegnastampa-totustuus.it\/cattolica\/wp-content\/uploads\/2006\/05\/conversioni.jpg\"><img loading=\"lazy\" decoding=\"async\" class=\"alignright wp-image-28683 size-full\" src=\"https:\/\/www.rassegnastampa-totustuus.it\/cattolica\/wp-content\/uploads\/2006\/05\/conversioni.jpg\" alt=\"conversioni\" width=\"240\" height=\"146\" \/><\/a>Mondo e Missione<\/strong> n.5 maggio 2006<\/div>\n<p style=\"text-align: center;\"><em>La vicenda della conversione di Abdul Rahman fa discutere anche il mondo arabo<\/em><\/p>\n<p style=\"text-align: center;\"><strong>Samir Khalil Samir<\/strong><\/p>\n<p><!--more--><\/p>\n<div style=\"text-align: justify;\">La vicenda di Abdur Rahman, l\u2019afgano che ha proclamato la sua fede cristiana davanti al tribunale, rischiando la vita, ha fatto molto parlare anche nel mondo arabo in vari forum. Avendo letto circa 400 interventi, ne ho scelti alcuni dal sito della Bbc in arabo. A differenza del sito della tv Al-Arabiyya di Dubai, dove le opinioni a favore dell\u2019applicazione della sharia sono pi\u00f9 numerose, sul sito della Bbc la tendenza \u00e8 pi\u00f9 aperta.<\/div>\n<p style=\"text-align: justify;\">Si cerca di mostrare un volto pi\u00f9 tollerante dell\u2019islam per renderlo attraente. Qualcuno suggerisce d\u2019integrare elementi positivi dalle altre fedi, senza per questo cambiare religione. Altri, affermano chiaramente il loro diritto a scegliere la propria fede. L\u2019islam dei giovani non \u00e8 monolitico, ma pluralista. Eccone alcuni esempi.<\/p>\n<p style=\"text-align: justify;\">Scrive Jimmy Yussuf dall\u2019Egitto: \u00abIl Creatore ha dato alla creatura ragionevole la libert\u00e0 di scelta. Non ha distrutto Adamo ed Eva, ma li ha espulsi dal paradiso. Questa \u00e8 la giustizia! Uccidere chiunque a causa del suo rapporto con Dio \u00e8 contrario alla giustizia divina!\u00bb.<\/p>\n<p style=\"text-align: justify;\">Dal Kuwait, ecco Bassam: \u00abGuardate i musulmani in Occidente: vivono bene, acquistano la cittadinanza e sono proprietari, e c\u2019\u00e8 pure chi siede in Parlamento. Qui invece, vivi e muori e non ottieni un soggiorno permanente. I diritti pi\u00f9 naturali non sono garantiti: puoi nascere e vivere cinquant\u2019anni nel Paese e poi essere espulso!\u00bb<\/p>\n<p style=\"text-align: justify;\">Incalza San\u00e2\u2019 \u2018Azar, dalla Siria: \u00abPerch\u00e9 il musulmano che si fa cristiano diviene miscredente e deve essere ucciso, e il cristiano che si fa musulmano non lo \u00e8? Quale religione autorizza l\u2019uccisione? Interrogatevi sul motivo della conversione, prima di esigere l\u2019uccisione!\u00bb.<\/p>\n<p style=\"text-align: justify;\">Non manca la testimonianza di un convertito, Layth, da Baghdad: \u00abAnch\u2019io ero musulmano e mi sono fatto cristiano, ma in segreto, ovviamente per paura d\u2019essere ucciso! Dico a tutti i musulmani: se fossi tornato all\u2019islam per paura che mi uccideste, sarei stato nel mio cuore un credente musulmano? Adottare una religione pu\u00f2 essere frutto di minaccia, oppure di una scelta esistenziale?\u00bb.<\/p>\n<p style=\"text-align: justify;\">C\u2019\u00e8 per\u00f2 chi &#8211; come N\u00e2fi\u2019 al-Nadd\u00e2wi, che interviene da Baghdad &#8211; la pensa molto diversamente: \u00abL\u2019islam \u00e8 venuto a portare a compimento le religioni che l\u2019hanno preceduto. Perci\u00f2 il musulmano pu\u00f2, se lo vuole, prendere dal cristianesimo o dal giudaismo ci\u00f2 che gli sembra utile e che non trova nell\u2019islam. Ma la conversione non fa parte della libert\u00e0 di scelta, perch\u00e9 la religione non \u00e8 un partito, ma \u00e8 una legge divina che deve essere osservata\u00bb.<\/p>\n<p style=\"text-align: justify;\">Islam Mahmud, che sta ad Alessandria d\u2019Egitto, afferma di voler chiarire alcuni punti. \u00abNel Corano ci sono decine di versetti che affermano la libert\u00e0 di credere, lasciando a Dio di castigare chi pecca. Aderire a una religione \u00e8 un atto libero, e abbandonarla \u00e8 un diritto. Il Profeta non ha punito gli ipocriti miscredenti, malgrado i versetti del Corano contro di loro: si \u00e8 accontentato di non pregare per loro. Quanto alle guerre dell\u2019apostasia intraprese dal califfo Abu Bakr, erano guerre politiche, non religiose!\u00bb.<\/p>\n<p style=\"text-align: justify;\">\u00ab\u00c8 da molto tempo che studio il problema dell\u2019apostasia\u00bb, afferma Ragi Hassan, dal Cairo. \u00abLa mia convinzione personale \u00e8 che non \u00e8 lecito uccidere l\u2019apostata, per due motivi. Primo: non esiste un testo rivelato chiaro che lo dice, anzi: afferma il contrario \u201cnon c\u2019\u00e8 costrizione in religione\u201d. Secondo motivo: quanti occidentali saranno scandalizzati se un uomo viene ucciso? Se cos\u00ec accade, avremo perso noi. Per me, \u00e8 l\u2019occasione per far sapere al mondo che l\u2019islam \u00e8 la religione della tolleranza\u00bb.<\/p>\n<p style=\"text-align: justify;\">Dall\u2019Iraq interviene Umar Muhammad \u2018Abdallah: \u00abSono musulmano. In possesso di tutte le mie facolt\u00e0 mentali, voglio passare al buddhismo che \u00e8 pi\u00f9 conforme moralmente alle mie convinzioni e alla mia educazione umana. Che ne dicono i fratelli wahhabiti e salafiti che condannano gli altri come miscredenti?\u00bb.<\/p>\n<p style=\"text-align: justify;\">Dal confronto tra queste varie opinioni, si pu\u00f2 rilevare che all\u2019interno del mondo islamico sono ben vivi gli interrogativi a proposito della conversione dall\u2019islam a un\u2019altra religione. In questo senso, la vicenda di Abdur Rahman, in s\u00e9 amara, si rivela un\u2019occasione preziosa per l\u2019islam, nel suo cammino di elaborazione di un rapporto con la modernit\u00e0. Quanto a noi cristiani, tale vicenda ci fa capire la necessit\u00e0 di dare testimonianza del Vangelo, con chiarezza e dolcezza, senza offendere nessuno e senza aver paura delle conseguenze\u2026 proprio come Abdul.<\/p>\n","protected":false},"excerpt":{"rendered":"<p>Mondo e Missione n.5 maggio 2006 La vicenda della conversione di Abdul Rahman fa discutere anche il mondo arabo Samir Khalil Samir<\/p><p><a class=\"more-link btn\" href=\"https:\/\/www.rassegnastampa-totustuus.it\/cattolica\/apostasia-nellislam-dibattito-acceso\/\">Continua a leggere<\/a><\/p>\n","protected":false},"author":6,"featured_media":28683,"comment_status":"closed","ping_status":"open","sticky":false,"template":"","format":"standard","meta":{"footnotes":""},"categories":[33,16],"tags":[259],"class_list":["post-2011","post","type-post","status-publish","format-standard","has-post-thumbnail","hentry","category-cristiani-nell-islam","category-islam","tag-conversioni","item-wrap"],"yoast_head":"<!-- This site is optimized with the Yoast SEO plugin v27.4 - https:\/\/yoast.com\/product\/yoast-seo-wordpress\/ -->\n<title>Apostasia, nell&#039;islam dibattito acceso - Rassegna Stampa Cattolica<\/title>\n<meta name=\"description\" content=\"Rassegna Stampa Cattolica - Per una cultura che nasce dalla Rivelazione cristiana in conformit\u00e0 alla tradizione e al Magistero della Chiesa in opposizione ad ogni relativismo e totalitarismo\" \/>\n<meta name=\"robots\" content=\"index, follow, max-snippet:-1, max-image-preview:large, max-video-preview:-1\" \/>\n<link rel=\"canonical\" href=\"https:\/\/www.rassegnastampa-totustuus.it\/cattolica\/apostasia-nellislam-dibattito-acceso\/\" \/>\n<meta property=\"og:locale\" content=\"it_IT\" \/>\n<meta property=\"og:type\" content=\"article\" \/>\n<meta property=\"og:title\" content=\"Apostasia, nell&#039;islam dibattito acceso - Rassegna Stampa Cattolica\" \/>\n<meta property=\"og:description\" content=\"Rassegna Stampa Cattolica - Per una cultura che nasce dalla Rivelazione cristiana in conformit\u00e0 alla tradizione e al Magistero della Chiesa in opposizione ad ogni relativismo e totalitarismo\" \/>\n<meta property=\"og:url\" content=\"https:\/\/www.rassegnastampa-totustuus.it\/cattolica\/apostasia-nellislam-dibattito-acceso\/\" \/>\n<meta property=\"og:site_name\" content=\"Rassegna Stampa Cattolica\" \/>\n<meta property=\"article:publisher\" content=\"https:\/\/www.facebook.com\/rassegnastampacattolica\" \/>\n<meta property=\"article:published_time\" content=\"2006-05-03T22:00:00+00:00\" \/>\n<meta property=\"article:modified_time\" content=\"2015-12-04T12:31:02+00:00\" \/>\n<meta property=\"og:image\" content=\"https:\/\/www.rassegnastampa-totustuus.it\/cattolica\/wp-content\/uploads\/2006\/05\/conversioni.jpg\" \/>\n\t<meta property=\"og:image:width\" content=\"240\" \/>\n\t<meta property=\"og:image:height\" content=\"146\" \/>\n\t<meta property=\"og:image:type\" content=\"image\/jpeg\" \/>\n<meta name=\"author\" content=\"Redazione\" \/>\n<meta name=\"twitter:card\" content=\"summary_large_image\" \/>\n<meta name=\"twitter:creator\" content=\"@rassegnastampa9\" \/>\n<meta name=\"twitter:site\" content=\"@rassegnastampa9\" \/>\n<meta name=\"twitter:label1\" content=\"Scritto da\" \/>\n\t<meta name=\"twitter:data1\" content=\"Redazione\" \/>\n\t<meta name=\"twitter:label2\" content=\"Tempo di lettura stimato\" \/>\n\t<meta name=\"twitter:data2\" content=\"4 minuti\" \/>\n<script type=\"application\/ld+json\" class=\"yoast-schema-graph\">{\"@context\":\"https:\\\/\\\/schema.org\",\"@graph\":[{\"@type\":\"Article\",\"@id\":\"https:\\\/\\\/www.rassegnastampa-totustuus.it\\\/cattolica\\\/apostasia-nellislam-dibattito-acceso\\\/#article\",\"isPartOf\":{\"@id\":\"https:\\\/\\\/www.rassegnastampa-totustuus.it\\\/cattolica\\\/apostasia-nellislam-dibattito-acceso\\\/\"},\"author\":{\"name\":\"Redazione\",\"@id\":\"https:\\\/\\\/www.rassegnastampa-totustuus.it\\\/cattolica\\\/#\\\/schema\\\/person\\\/08f319d2bd1a0904ad9e2bfb7b15e5c3\"},\"headline\":\"Apostasia, nell&#8217;islam dibattito acceso\",\"datePublished\":\"2006-05-03T22:00:00+00:00\",\"dateModified\":\"2015-12-04T12:31:02+00:00\",\"mainEntityOfPage\":{\"@id\":\"https:\\\/\\\/www.rassegnastampa-totustuus.it\\\/cattolica\\\/apostasia-nellislam-dibattito-acceso\\\/\"},\"wordCount\":732,\"publisher\":{\"@id\":\"https:\\\/\\\/www.rassegnastampa-totustuus.it\\\/cattolica\\\/#organization\"},\"image\":{\"@id\":\"https:\\\/\\\/www.rassegnastampa-totustuus.it\\\/cattolica\\\/apostasia-nellislam-dibattito-acceso\\\/#primaryimage\"},\"thumbnailUrl\":\"https:\\\/\\\/www.rassegnastampa-totustuus.it\\\/cattolica\\\/wp-content\\\/uploads\\\/2006\\\/05\\\/conversioni.jpg\",\"keywords\":[\"conversioni\"],\"articleSection\":[\"Cristiani nell'islam\",\"Islam\"],\"inLanguage\":\"it-IT\"},{\"@type\":\"WebPage\",\"@id\":\"https:\\\/\\\/www.rassegnastampa-totustuus.it\\\/cattolica\\\/apostasia-nellislam-dibattito-acceso\\\/\",\"url\":\"https:\\\/\\\/www.rassegnastampa-totustuus.it\\\/cattolica\\\/apostasia-nellislam-dibattito-acceso\\\/\",\"name\":\"Apostasia, nell'islam dibattito acceso - Rassegna Stampa Cattolica\",\"isPartOf\":{\"@id\":\"https:\\\/\\\/www.rassegnastampa-totustuus.it\\\/cattolica\\\/#website\"},\"primaryImageOfPage\":{\"@id\":\"https:\\\/\\\/www.rassegnastampa-totustuus.it\\\/cattolica\\\/apostasia-nellislam-dibattito-acceso\\\/#primaryimage\"},\"image\":{\"@id\":\"https:\\\/\\\/www.rassegnastampa-totustuus.it\\\/cattolica\\\/apostasia-nellislam-dibattito-acceso\\\/#primaryimage\"},\"thumbnailUrl\":\"https:\\\/\\\/www.rassegnastampa-totustuus.it\\\/cattolica\\\/wp-content\\\/uploads\\\/2006\\\/05\\\/conversioni.jpg\",\"datePublished\":\"2006-05-03T22:00:00+00:00\",\"dateModified\":\"2015-12-04T12:31:02+00:00\",\"description\":\"Rassegna Stampa Cattolica - Per una cultura che nasce dalla Rivelazione cristiana in conformit\u00e0 alla tradizione e al Magistero della Chiesa in opposizione ad ogni relativismo e totalitarismo\",\"breadcrumb\":{\"@id\":\"https:\\\/\\\/www.rassegnastampa-totustuus.it\\\/cattolica\\\/apostasia-nellislam-dibattito-acceso\\\/#breadcrumb\"},\"inLanguage\":\"it-IT\",\"potentialAction\":[{\"@type\":\"ReadAction\",\"target\":[\"https:\\\/\\\/www.rassegnastampa-totustuus.it\\\/cattolica\\\/apostasia-nellislam-dibattito-acceso\\\/\"]}]},{\"@type\":\"ImageObject\",\"inLanguage\":\"it-IT\",\"@id\":\"https:\\\/\\\/www.rassegnastampa-totustuus.it\\\/cattolica\\\/apostasia-nellislam-dibattito-acceso\\\/#primaryimage\",\"url\":\"https:\\\/\\\/www.rassegnastampa-totustuus.it\\\/cattolica\\\/wp-content\\\/uploads\\\/2006\\\/05\\\/conversioni.jpg\",\"contentUrl\":\"https:\\\/\\\/www.rassegnastampa-totustuus.it\\\/cattolica\\\/wp-content\\\/uploads\\\/2006\\\/05\\\/conversioni.jpg\",\"width\":240,\"height\":146},{\"@type\":\"BreadcrumbList\",\"@id\":\"https:\\\/\\\/www.rassegnastampa-totustuus.it\\\/cattolica\\\/apostasia-nellislam-dibattito-acceso\\\/#breadcrumb\",\"itemListElement\":[{\"@type\":\"ListItem\",\"position\":1,\"name\":\"Home\",\"item\":\"https:\\\/\\\/www.rassegnastampa-totustuus.it\\\/cattolica\\\/\"},{\"@type\":\"ListItem\",\"position\":2,\"name\":\"Apostasia, nell&#8217;islam dibattito acceso\"}]},{\"@type\":\"WebSite\",\"@id\":\"https:\\\/\\\/www.rassegnastampa-totustuus.it\\\/cattolica\\\/#website\",\"url\":\"https:\\\/\\\/www.rassegnastampa-totustuus.it\\\/cattolica\\\/\",\"name\":\"Rassegna Stampa Cattolica\",\"description\":\"Per una cultura che nasce dalla Rivelazione cristiana in conformit\u00e0 alla tradizione e al Magistero della Chiesa in opposizione ad ogni relativismo e totalitarismo\",\"publisher\":{\"@id\":\"https:\\\/\\\/www.rassegnastampa-totustuus.it\\\/cattolica\\\/#organization\"},\"alternateName\":\"Rass. Cattolica\",\"potentialAction\":[{\"@type\":\"SearchAction\",\"target\":{\"@type\":\"EntryPoint\",\"urlTemplate\":\"https:\\\/\\\/www.rassegnastampa-totustuus.it\\\/cattolica\\\/?s={search_term_string}\"},\"query-input\":{\"@type\":\"PropertyValueSpecification\",\"valueRequired\":true,\"valueName\":\"search_term_string\"}}],\"inLanguage\":\"it-IT\"},{\"@type\":\"Organization\",\"@id\":\"https:\\\/\\\/www.rassegnastampa-totustuus.it\\\/cattolica\\\/#organization\",\"name\":\"Rassegna Stampa Cattolica\",\"url\":\"https:\\\/\\\/www.rassegnastampa-totustuus.it\\\/cattolica\\\/\",\"logo\":{\"@type\":\"ImageObject\",\"inLanguage\":\"it-IT\",\"@id\":\"https:\\\/\\\/www.rassegnastampa-totustuus.it\\\/cattolica\\\/#\\\/schema\\\/logo\\\/image\\\/\",\"url\":\"https:\\\/\\\/www.rassegnastampa-totustuus.it\\\/cattolica\\\/wp-content\\\/uploads\\\/2014\\\/04\\\/logo-rassegna1.gif\",\"contentUrl\":\"https:\\\/\\\/www.rassegnastampa-totustuus.it\\\/cattolica\\\/wp-content\\\/uploads\\\/2014\\\/04\\\/logo-rassegna1.gif\",\"width\":600,\"height\":163,\"caption\":\"Rassegna Stampa Cattolica\"},\"image\":{\"@id\":\"https:\\\/\\\/www.rassegnastampa-totustuus.it\\\/cattolica\\\/#\\\/schema\\\/logo\\\/image\\\/\"},\"sameAs\":[\"https:\\\/\\\/www.facebook.com\\\/rassegnastampacattolica\",\"https:\\\/\\\/x.com\\\/rassegnastampa9\"]},{\"@type\":\"Person\",\"@id\":\"https:\\\/\\\/www.rassegnastampa-totustuus.it\\\/cattolica\\\/#\\\/schema\\\/person\\\/08f319d2bd1a0904ad9e2bfb7b15e5c3\",\"name\":\"Redazione\",\"image\":{\"@type\":\"ImageObject\",\"inLanguage\":\"it-IT\",\"@id\":\"https:\\\/\\\/secure.gravatar.com\\\/avatar\\\/2fcdf27c78ea025fbdb44e914cc63c72249ffec9dc8aafd5c82b26240ef3f346?s=96&d=mm&r=g\",\"url\":\"https:\\\/\\\/secure.gravatar.com\\\/avatar\\\/2fcdf27c78ea025fbdb44e914cc63c72249ffec9dc8aafd5c82b26240ef3f346?s=96&d=mm&r=g\",\"contentUrl\":\"https:\\\/\\\/secure.gravatar.com\\\/avatar\\\/2fcdf27c78ea025fbdb44e914cc63c72249ffec9dc8aafd5c82b26240ef3f346?s=96&d=mm&r=g\",\"caption\":\"Redazione\"},\"url\":\"https:\\\/\\\/www.rassegnastampa-totustuus.it\\\/cattolica\\\/author\\\/pietroelle\\\/\"}]}<\/script>\n<!-- \/ Yoast SEO plugin. -->","yoast_head_json":{"title":"Apostasia, nell'islam dibattito acceso - Rassegna Stampa Cattolica","description":"Rassegna Stampa Cattolica - Per una cultura che nasce dalla Rivelazione cristiana in conformit\u00e0 alla tradizione e al Magistero della Chiesa in opposizione ad ogni relativismo e totalitarismo","robots":{"index":"index","follow":"follow","max-snippet":"max-snippet:-1","max-image-preview":"max-image-preview:large","max-video-preview":"max-video-preview:-1"},"canonical":"https:\/\/www.rassegnastampa-totustuus.it\/cattolica\/apostasia-nellislam-dibattito-acceso\/","og_locale":"it_IT","og_type":"article","og_title":"Apostasia, nell'islam dibattito acceso - Rassegna Stampa Cattolica","og_description":"Rassegna Stampa Cattolica - Per una cultura che nasce dalla Rivelazione cristiana in conformit\u00e0 alla tradizione e al Magistero della Chiesa in opposizione ad ogni relativismo e totalitarismo","og_url":"https:\/\/www.rassegnastampa-totustuus.it\/cattolica\/apostasia-nellislam-dibattito-acceso\/","og_site_name":"Rassegna Stampa Cattolica","article_publisher":"https:\/\/www.facebook.com\/rassegnastampacattolica","article_published_time":"2006-05-03T22:00:00+00:00","article_modified_time":"2015-12-04T12:31:02+00:00","og_image":[{"width":240,"height":146,"url":"https:\/\/www.rassegnastampa-totustuus.it\/cattolica\/wp-content\/uploads\/2006\/05\/conversioni.jpg","type":"image\/jpeg"}],"author":"Redazione","twitter_card":"summary_large_image","twitter_creator":"@rassegnastampa9","twitter_site":"@rassegnastampa9","twitter_misc":{"Scritto da":"Redazione","Tempo di lettura stimato":"4 minuti"},"schema":{"@context":"https:\/\/schema.org","@graph":[{"@type":"Article","@id":"https:\/\/www.rassegnastampa-totustuus.it\/cattolica\/apostasia-nellislam-dibattito-acceso\/#article","isPartOf":{"@id":"https:\/\/www.rassegnastampa-totustuus.it\/cattolica\/apostasia-nellislam-dibattito-acceso\/"},"author":{"name":"Redazione","@id":"https:\/\/www.rassegnastampa-totustuus.it\/cattolica\/#\/schema\/person\/08f319d2bd1a0904ad9e2bfb7b15e5c3"},"headline":"Apostasia, nell&#8217;islam dibattito acceso","datePublished":"2006-05-03T22:00:00+00:00","dateModified":"2015-12-04T12:31:02+00:00","mainEntityOfPage":{"@id":"https:\/\/www.rassegnastampa-totustuus.it\/cattolica\/apostasia-nellislam-dibattito-acceso\/"},"wordCount":732,"publisher":{"@id":"https:\/\/www.rassegnastampa-totustuus.it\/cattolica\/#organization"},"image":{"@id":"https:\/\/www.rassegnastampa-totustuus.it\/cattolica\/apostasia-nellislam-dibattito-acceso\/#primaryimage"},"thumbnailUrl":"https:\/\/www.rassegnastampa-totustuus.it\/cattolica\/wp-content\/uploads\/2006\/05\/conversioni.jpg","keywords":["conversioni"],"articleSection":["Cristiani nell'islam","Islam"],"inLanguage":"it-IT"},{"@type":"WebPage","@id":"https:\/\/www.rassegnastampa-totustuus.it\/cattolica\/apostasia-nellislam-dibattito-acceso\/","url":"https:\/\/www.rassegnastampa-totustuus.it\/cattolica\/apostasia-nellislam-dibattito-acceso\/","name":"Apostasia, nell'islam dibattito acceso - Rassegna Stampa Cattolica","isPartOf":{"@id":"https:\/\/www.rassegnastampa-totustuus.it\/cattolica\/#website"},"primaryImageOfPage":{"@id":"https:\/\/www.rassegnastampa-totustuus.it\/cattolica\/apostasia-nellislam-dibattito-acceso\/#primaryimage"},"image":{"@id":"https:\/\/www.rassegnastampa-totustuus.it\/cattolica\/apostasia-nellislam-dibattito-acceso\/#primaryimage"},"thumbnailUrl":"https:\/\/www.rassegnastampa-totustuus.it\/cattolica\/wp-content\/uploads\/2006\/05\/conversioni.jpg","datePublished":"2006-05-03T22:00:00+00:00","dateModified":"2015-12-04T12:31:02+00:00","description":"Rassegna Stampa Cattolica - Per una cultura che nasce dalla Rivelazione cristiana in conformit\u00e0 alla tradizione e al Magistero della Chiesa in opposizione ad ogni relativismo e totalitarismo","breadcrumb":{"@id":"https:\/\/www.rassegnastampa-totustuus.it\/cattolica\/apostasia-nellislam-dibattito-acceso\/#breadcrumb"},"inLanguage":"it-IT","potentialAction":[{"@type":"ReadAction","target":["https:\/\/www.rassegnastampa-totustuus.it\/cattolica\/apostasia-nellislam-dibattito-acceso\/"]}]},{"@type":"ImageObject","inLanguage":"it-IT","@id":"https:\/\/www.rassegnastampa-totustuus.it\/cattolica\/apostasia-nellislam-dibattito-acceso\/#primaryimage","url":"https:\/\/www.rassegnastampa-totustuus.it\/cattolica\/wp-content\/uploads\/2006\/05\/conversioni.jpg","contentUrl":"https:\/\/www.rassegnastampa-totustuus.it\/cattolica\/wp-content\/uploads\/2006\/05\/conversioni.jpg","width":240,"height":146},{"@type":"BreadcrumbList","@id":"https:\/\/www.rassegnastampa-totustuus.it\/cattolica\/apostasia-nellislam-dibattito-acceso\/#breadcrumb","itemListElement":[{"@type":"ListItem","position":1,"name":"Home","item":"https:\/\/www.rassegnastampa-totustuus.it\/cattolica\/"},{"@type":"ListItem","position":2,"name":"Apostasia, nell&#8217;islam dibattito acceso"}]},{"@type":"WebSite","@id":"https:\/\/www.rassegnastampa-totustuus.it\/cattolica\/#website","url":"https:\/\/www.rassegnastampa-totustuus.it\/cattolica\/","name":"Rassegna Stampa Cattolica","description":"Per una cultura che nasce dalla Rivelazione cristiana in conformit\u00e0 alla tradizione e al Magistero della Chiesa in opposizione ad ogni relativismo e totalitarismo","publisher":{"@id":"https:\/\/www.rassegnastampa-totustuus.it\/cattolica\/#organization"},"alternateName":"Rass. Cattolica","potentialAction":[{"@type":"SearchAction","target":{"@type":"EntryPoint","urlTemplate":"https:\/\/www.rassegnastampa-totustuus.it\/cattolica\/?s={search_term_string}"},"query-input":{"@type":"PropertyValueSpecification","valueRequired":true,"valueName":"search_term_string"}}],"inLanguage":"it-IT"},{"@type":"Organization","@id":"https:\/\/www.rassegnastampa-totustuus.it\/cattolica\/#organization","name":"Rassegna Stampa Cattolica","url":"https:\/\/www.rassegnastampa-totustuus.it\/cattolica\/","logo":{"@type":"ImageObject","inLanguage":"it-IT","@id":"https:\/\/www.rassegnastampa-totustuus.it\/cattolica\/#\/schema\/logo\/image\/","url":"https:\/\/www.rassegnastampa-totustuus.it\/cattolica\/wp-content\/uploads\/2014\/04\/logo-rassegna1.gif","contentUrl":"https:\/\/www.rassegnastampa-totustuus.it\/cattolica\/wp-content\/uploads\/2014\/04\/logo-rassegna1.gif","width":600,"height":163,"caption":"Rassegna Stampa Cattolica"},"image":{"@id":"https:\/\/www.rassegnastampa-totustuus.it\/cattolica\/#\/schema\/logo\/image\/"},"sameAs":["https:\/\/www.facebook.com\/rassegnastampacattolica","https:\/\/x.com\/rassegnastampa9"]},{"@type":"Person","@id":"https:\/\/www.rassegnastampa-totustuus.it\/cattolica\/#\/schema\/person\/08f319d2bd1a0904ad9e2bfb7b15e5c3","name":"Redazione","image":{"@type":"ImageObject","inLanguage":"it-IT","@id":"https:\/\/secure.gravatar.com\/avatar\/2fcdf27c78ea025fbdb44e914cc63c72249ffec9dc8aafd5c82b26240ef3f346?s=96&d=mm&r=g","url":"https:\/\/secure.gravatar.com\/avatar\/2fcdf27c78ea025fbdb44e914cc63c72249ffec9dc8aafd5c82b26240ef3f346?s=96&d=mm&r=g","contentUrl":"https:\/\/secure.gravatar.com\/avatar\/2fcdf27c78ea025fbdb44e914cc63c72249ffec9dc8aafd5c82b26240ef3f346?s=96&d=mm&r=g","caption":"Redazione"},"url":"https:\/\/www.rassegnastampa-totustuus.it\/cattolica\/author\/pietroelle\/"}]}},"_links":{"self":[{"href":"https:\/\/www.rassegnastampa-totustuus.it\/cattolica\/wp-json\/wp\/v2\/posts\/2011","targetHints":{"allow":["GET"]}}],"collection":[{"href":"https:\/\/www.rassegnastampa-totustuus.it\/cattolica\/wp-json\/wp\/v2\/posts"}],"about":[{"href":"https:\/\/www.rassegnastampa-totustuus.it\/cattolica\/wp-json\/wp\/v2\/types\/post"}],"author":[{"embeddable":true,"href":"https:\/\/www.rassegnastampa-totustuus.it\/cattolica\/wp-json\/wp\/v2\/users\/6"}],"replies":[{"embeddable":true,"href":"https:\/\/www.rassegnastampa-totustuus.it\/cattolica\/wp-json\/wp\/v2\/comments?post=2011"}],"version-history":[{"count":4,"href":"https:\/\/www.rassegnastampa-totustuus.it\/cattolica\/wp-json\/wp\/v2\/posts\/2011\/revisions"}],"predecessor-version":[{"id":28684,"href":"https:\/\/www.rassegnastampa-totustuus.it\/cattolica\/wp-json\/wp\/v2\/posts\/2011\/revisions\/28684"}],"wp:featuredmedia":[{"embeddable":true,"href":"https:\/\/www.rassegnastampa-totustuus.it\/cattolica\/wp-json\/wp\/v2\/media\/28683"}],"wp:attachment":[{"href":"https:\/\/www.rassegnastampa-totustuus.it\/cattolica\/wp-json\/wp\/v2\/media?parent=2011"}],"wp:term":[{"taxonomy":"category","embeddable":true,"href":"https:\/\/www.rassegnastampa-totustuus.it\/cattolica\/wp-json\/wp\/v2\/categories?post=2011"},{"taxonomy":"post_tag","embeddable":true,"href":"https:\/\/www.rassegnastampa-totustuus.it\/cattolica\/wp-json\/wp\/v2\/tags?post=2011"}],"curies":[{"name":"wp","href":"https:\/\/api.w.org\/{rel}","templated":true}]}}