{"id":201,"date":"2004-11-23T17:14:41","date_gmt":"2004-11-23T16:14:41","guid":{"rendered":""},"modified":"2025-07-02T17:00:23","modified_gmt":"2025-07-02T15:00:23","slug":"papi-ed-ebrei-verit-e-menzogne","status":"publish","type":"post","link":"https:\/\/www.rassegnastampa-totustuus.it\/cattolica\/papi-ed-ebrei-verit-e-menzogne\/","title":{"rendered":"Papi ed ebrei. Verit\u00e0 e menzogne"},"content":{"rendered":"\n<p class=\"has-text-align-center\"><strong>&nbsp;<\/strong>The <strong>Weekly Standard<\/strong>, 29 Ottobre 2001<\/p>\n\n\n\n<h3 class=\"wp-block-heading has-text-align-center\">Papi ed ebrei. Verit\u00e0 e menzogne <\/h3>\n\n\n\n<h3 class=\"wp-block-heading has-text-align-center\">nella storia delle relazioni tra cristiani ed ebrei<\/h3>\n\n\n\n<p class=\"has-text-align-center\">(le note sono del traduttore: adamantium_skeleton@yahoo.it)<\/p>\n\n\n<div class=\"wp-block-image\">\n<figure class=\"aligncenter\"><a href=\"https:\/\/www.rassegnastampa-totustuus.it\/cattolica\/wp-content\/uploads\/2004\/11\/cover.jpg\"><img loading=\"lazy\" decoding=\"async\" width=\"179\" height=\"276\" src=\"https:\/\/www.rassegnastampa-totustuus.it\/cattolica\/wp-content\/uploads\/2004\/11\/cover.jpg\" alt=\"cover\" class=\"wp-image-30973\"\/><\/a><\/figure><\/div>\n\n\n<p class=\"has-text-align-center\"><\/p>\n\n\n\n<p class=\"has-text-align-center\">di <strong>David G. Dalin<\/strong><\/p>\n\n\n\n<!--more-->\n\n\n\n<p class=\"has-text-align-center\"><em><strong>The Popes Against the Jews<\/strong> <strong>The Vatican&#8217;s Role in the Rise of Modern Anti\/Semitism,<\/strong><\/em><\/p>\n\n\n\n<p class=\"has-text-align-center\">di David I. Kertzer, Knopf, pp. 355. (1)<\/p>\n\n\n\n<p>Durante gli ultimi anni le relazioni tra cattolici ed ebrei e il ruolo dei papi nell&#8217;antisemitismo europeo a quanto pare sono stati l&#8217;argomento di innumerevoli libri. La maggior parte di queste polemiche anti-papali &#8211; da parte di Cornwell, Garry Wills, e altri &#8211; hanno focalizzato i loro attacchi sul presunto silenzio durante l&#8217;Olocausto di Pio XII, che \u00e8 stato denigrato come &#8220;Papa di Hitler&#8221;. Tuttavia, nel suo &#8220;I Papi contro gli ebrei&#8221;, lo storico della Brown University David Kertzer scavalca Pio XII per attaccare l&#8217;intero papato moderno dal 1814 fino al 1939.<\/p>\n\n\n\n<p>Che alcuni papi, tanto medievali quanto moderni, fossero antisemiti, \u00e8 una verit\u00e0 storica. La pi\u00f9 famigerata azione papale dei tempi moderni \u00e8 stata il rapimento nel 1858 di Edgardo Mortara, un ragazzino ebreo di sei anni di Bologna nello Stato pontificio, sul quale Kertzer, uno specialista del XIX secolo della storia italiana, ha scritto un libro nel 1997. Su ordine di papa Pio IX, Edgardo fu levato a forza dalla casa dei suoi genitori, dopo che una delle domestiche cattoliche dei Mortara raccont\u00f2 alle autorit\u00e0 di aver segretamente battezzato il ragazzino.<\/p>\n\n\n\n<p>Guarda caso, nessuna azione papale dei tempi moderni ha prodotto una reazione pubblica tanto diffusa e indignata, perfino tra i cattolici, come nel rapimento di Mortara, un fatto che Kertzer stesso documenta nel suo precedente libro. Ma quel che pi\u00f9 conta ai fini della questione &#8211; e contrariamente alla tesi sottostante il nuovo volume di Kertzer &#8211; l&#8217;azione di Pio IX nel caso Mortara fu tragicamente unica, piuttosto che storicamente rappresentativa del papato.<\/p>\n\n\n\n<p>A partire dal XIV secolo, cominci\u00f2 ad emergere una tradizione di sostegno papale nei confronti degli ebrei d&#8217;Europa. Kertzer e altri recenti critici dei papi hanno largamente trascurato questa tradizione &#8220;filo-semita&#8221;. Nel dipingere le relazioni tra cattolici ed ebrei come una storia dei papi contro gli ebrei, affermando che il papato ha svolto un ruolo sproporzionato nell&#8217;ascesa dell&#8217;antisemitismo moderno, Kertzer ignora il fatto che durante il periodo di intensificate persecuzioni antisemite diversi papi funsero da protettori degli ebrei &#8211; specialmente gli ebrei di Roma &#8211; sostenendo il diritto degli ebrei di celebrare liberamente nelle loro sinagoghe e difendendo pubblicamente gli ebrei contro una moltitudine di dichiarazioni antisemite.<\/p>\n\n\n\n<p>Cos\u00ec, per esempio, Kertzer dedica tre capitoli all&#8217;orrenda affermazione secondo la quale durante la festa della Pasqua ebraica ebrei dediti all&#8217;omicidio rituale di bambini cristiani utilizzassero il loro sangue nella cottura del pane azzimo consumato durante il pasto della Pasqua ebraica. Tuttavia, fa poca menzione del fatto rilevante che una serie di papi a partire dal XII secolo (quando l&#8217;accusa di omicidio rituale venne mossa per la prima volta) furono eloquenti nella loro condanna di questa calunnia. Nel 1247 Papa Innocenzo IV promulg\u00f2 la prima della diverse bolle papali dedicate alla confutazione della calunnia dell&#8217;omicidio rituale.<\/p>\n\n\n\n<p>La bolla di Innocenzo pone un importante precedente che i papi successivi seguiranno durante i secoli. Come ha fatto notare lo storico Marc Saperstein, ogni volta che &#8220;accuse di omicidio rituale furono portate all&#8217;attenzione dei papi, questi regolarmente le condannarono in quanto prive di fondamento e incongruenti con l&#8217;insegnamento religioso ebraico&#8221;. Nel 1758, in risposta a un appello proveniente dalla comunit\u00e0 ebraica in Polonia, il papa Benedetto XIV incaric\u00f2 il Cardinal Lorenzo Ganganelli (che pi\u00f9 tardi sarebbe divenuto papa Clemente XIV) di investigare sulle accuse di omicidio rituale.<\/p>\n\n\n\n<p>Dopo aver investigato per pi\u00f9 di un anno, il Cardinal Ganganelli produsse un rapporto che esonerava gli ebrei &#8211; un documento che Cecil Roth, un preminente studioso della storia dell&#8217;ebraismo italiano, ha chiamato &#8220;uno dei documenti pi\u00f9 notevoli, di pi\u00f9 larghe vedute e pi\u00f9 umani nella storia della Chiesa Cattolica&#8221;. Lo storico rapporto fu citato pi\u00f9 tardi da Papa Pio X, che ripudi\u00f2 l&#8217; &#8220;infame fanatismo&#8221; dell&#8217;accusa di omicidio rituale. Infatti, nonostante le insinuazioni di Kertzer, l&#8217;accusa di omicidio rituale non fu appoggiata da Papa Pio X, che denunci\u00f2 pubblicamente l&#8217;accusa nel pi\u00f9 famoso caso di omicidio rituale dei tempi moderni, il processo nel 1913 dell&#8217;ebreo russo Mendel Beilis.<\/p>\n\n\n\n<p>Sebbene Kertzer sia corretto nel sostenere che alcuni preti e giornali cattolici prestarono il loro sostegno alla calunnia, il papato vi si oppose persistentemente. E&#8217; questa specie di uso selettivo delle prove l&#8217;aspetto pi\u00f9 irritante de &#8220;I Papi contro gli ebrei&#8221;. Molte volte ancora, Kertzer omette di citare o di discutere dichiarazioni e azioni che rivelano una opposizione pubblica dei papi nei confronti dell&#8217;antisemitismo o una difesa del popolo ebraico. Cos\u00ec, per esempio, non menziona mai che Leone XIII parl\u00f2 chiaramente in difesa del capitano Alfred Dreyfus, l&#8217;ufficiale ebreo francese accusato di tradimento nel 1894, e condann\u00f2 pubblicamente la campagna antisemita contro di lui &#8211; un fatto rilevato dallo storico inglese Owen Chadwick nel suo decisivo &#8220;A History of the Popes, 1830-1914&#8221; (2) (un volume mai citato da Kertzer). E sebbene Kertzer ammetta che nel 1892 &#8211; due anni prima che iniziasse l&#8217;Affare Dreyfus &#8211; Leone XIII difese fortemente gli ebrei in un&#8217;intervista giornalistica ampiamente circolata, lo nasconde in una nota in calce e tenta di minimizzarne il significato.<\/p>\n\n\n\n<p>Kertzer in maniera simile si abbandona ad una discussione unilaterale e incompleta di Benedetto XV, che fu pi\u00f9 favorevolmente disposto verso gli ebrei di molti suoi predecessori nel XIX secolo. Lungi dal sancire l&#8217;antisemitismo, Benedetto XV lo condann\u00f2 vigorosamente in una dichiarazione del 1916, pubblicata in risposta a una petizione dell&#8217;American Jewish Comitee, che domand\u00f2 al papa di protestare per la persecuzione degli ebrei polacchi durante la prima guerra mondiale.<\/p>\n\n\n\n<p>Il capo d&#8217;accusa di Kertzer nei confronti di Pio XII \u00e8 ugualmente compromesso dalle citazioni selettive delle prove disponibili, come pure dai suoi seri errori fattuali. Monsignor Achille Ratti, il futuro Pio XI, ebbe cordiali relazioni con i responsabili ebrei italiani durante gli anni iniziali del suo sacerdozio. E durante la sua carica di nunzio apostolico in Polonia dopo la prima guerra mondiale, in mezzo alla pi\u00f9 grande popolazione ebraica in Europa, affront\u00f2 per la prima volta la persecuzione sperimentata dagli ebrei d&#8217;Europa.<\/p>\n\n\n\n<p>L&#8217;esperienza di prima mano condusse il futuro papa &#8211; contrariamente a ci\u00f2 che sostiene Kertzer &#8211; a condannare l&#8217;antisemitismo polacco. Il disgusto di Ratti verso l&#8217;antisemitismo polacco \u00e8 ampiamente documentato nella biografia di Sir William Clonmore, &#8220;Pope Pius XI and World Peace&#8221; (3) (ancora un altro volume che Kertzer non cita mai). &#8220;Ratti mise perfettamente in chiaro&#8221; nota Clonmore, &#8220;che ogni esplosione di antisemitismo sarebbe stata severamente condannata dalla Santa Sede&#8221;. Ratti aiut\u00f2 le vittime dell&#8217;antisemitismo polacco in un modo anche pi\u00f9 tangibile: ricevuto ordine da Papa Benedetto XV di dirigere la distribuzione dei soccorsi cattolici nella Polonia del dopoguerra, forn\u00ec considerevoli fondi non solo ai cattolici ma anche agli ebrei impoveriti, che avevano perduto le loro abitazioni e i loro affari nei pogrom.<\/p>\n\n\n\n<p>Da questo cattivo inizio, Kertzer muove verso una peggiore conclusione quando si volge al regno di Ratti come Pio XI. Non viene menzionato il fatto che fin dall&#8217;inizio del novembre 1931 il rabbino capo di Milano, in una visita personale al Vaticano, ringrazi\u00f2 il papa per i suoi appelli contro l&#8217;antisemitismo e il suo continuo sostegno agli ebrei italiani. &#8220;I Papi contro gli ebrei&#8221; dedica sorprendentemente poca attenzione alla famosa enciclica antinazista di Pio XI, la &#8220;Mit Brennender Sorge&#8221; (&#8220;Con ardente trepidazione&#8221;), pubblicata nel marzo 1937, che produsse una furiosa risposta da parte dei gerarchi nazisti a Berlino, che la videro (correttamente) come un documento a favore degli ebrei.<\/p>\n\n\n\n<p>Lo sforzo quasi monomaniacale di Kertzer di volgere ogni cosa contro i papi risulter\u00e0 insopportabile perfino per i lettori che hanno poca simpatia per la Chiesa cattolica. Che ci fossero cattolici antisemiti in Europa tra il 1814 e il 1939, nessuno lo nega. Che il loro antisemitismo abbia fornito uno dei canali attraverso i quali il male dei nazisti ha trovato un passaggio, anche questo \u00e8 innegabile, un fatto orrendo che l&#8217;attuale papa, Giovanni Paolo II, e la moderna Chiesa cattolica hanno iniziato almeno a cercare di comprendere. Ma che cosa, esattamente, si ottiene con i tentativi di Kertzer di deformare la storia secondo il suo assoluto anti-papismo? Quale nuova comprensione otteniamo, denunciando come antisemiti alcuni dei personaggi meno antisemiti del loro tempo?<\/p>\n\n\n\n<p>Benedetto XV a Pio XI erano conosciuti dai loro contemporanei come oppositori dell&#8217;antisemitismo e amici nei confronti degli ebrei. Cos\u00ec, per esempio, il 6 settembre 1938, Pio XI ricord\u00f2 a un gruppo di pellegrini belgi che l&#8217;antisemitismo \u00e8 &#8220;un movimento odioso, un movimento al quale, come cristiani, non possiamo prendere parte alcuna&#8221;. E, con le lacrime agli occhi come pensasse alla situazione critica degli ebrei, concluse in maniera celebre: &#8220;L&#8217;antisemitismo \u00e8 inaccettabile. Spiritualmente siamo tutti semiti&#8221;. Questo non venne detto nel 1998, quando sarebbe stato di poca importanza. Venne detto nel 1938, quando la pi\u00f9 potente nazione in Europa aveva un governo ufficialmente antisemita e stava protesa solo poche centinaia di miglia a nord di Roma. Chi pu\u00f2 non capire cosa significasse questo in quel momento?<\/p>\n\n\n\n<p>I contemporanei di Pio XI lo capirono. Dopo la pubblicazione della &#8220;Mit brennender Sorge&#8221; i nazisti lanciarono un contrattacco al vetriolo verso il &#8220;Dio ebreo e il Suo vicario a Roma&#8221;, mentre nel numero del febbraio 1939 del mensile ebraico nazionale del B&#8217;nai B&#8217;rith, il papa figurava sulla copertina. &#8220;Nonostante le sue personali credenze religiose&#8221;, scrivevano i redattori, &#8220;gli uomini e le donne di ogni luogo che credono nella democrazia e nei diritti dell&#8217;uomo, hanno salutato la resistenza ferma e senza compromessi del Papa Pio XI contro la brutalit\u00e0 fascista, il paganesimo e le teorie della razza.<\/p>\n\n\n\n<p>Nel suo messaggio annuale di Natale al Collegio cardinalizio, il grande Pontefice denunci\u00f2 vigorosamente il Fascismo tanto nella variante italiana quanto in quella tedesca \u2026 e descrisse la svastica nazista come &#8216;una croce ostile alla croce di Cristo&#8217; \u2026 La prima voce internazionale nel mondo che si sia levata a severa condanna dell&#8217;orrenda ingiustizia perpetrata verso il popolo ebraico da tiranni brutali, fu Papa Pio XI&#8221;.<\/p>\n\n\n\n<p>Nel suo sforzo di denigrare il moderno papato &#8211; e di ritenere ciascuno e ogni pontefice responsabile per tutto l&#8217;antisemitismo da Napoleone a Hitler &#8211; Kertzer deve scartare o ignorare i molti esempi di sostegno papale agli ebrei e il lascito di quei papi moderni che erano conosciuti per le loro politiche e pronunciamenti decisamente filo-semiti. Peggio, deve scartare o ignorare la testimonianza di coloro che furono realmente l\u00ec in quel periodo. &#8220;I Papi contro gli ebrei&#8221; di Kertzer \u00e8 tanto falso quanto poco convincente.<\/p>\n\n\n\n<p class=\"has-text-align-center\"><strong>* * *<\/strong><\/p>\n\n\n\n<p><strong>(1) <\/strong>Trad. it., D. Kertzer, I Papi contro gli ebrei. Il ruolo del vaticano nell&#8217;ascesa dell&#8217;antisemitismo moderno, Rizzoli, Milano 2002, pp. 368.<\/p>\n\n\n\n<p><strong>(2)<\/strong> Cfr. Owen Chadwick, A History of the Popes, 1830-1914 [Una storia dei Papi, 1830-1914], Clarendon Press, Oxford 1981.<\/p>\n\n\n\n<p><strong>(3)<\/strong> Cfr. William Clonmore, Pope Pius XI and World Peace [Papa Pio XI e la pace nel mondo], The Catholic Book Club 1938.<\/p>\n\n\n\n<p class=\"has-text-align-center\">_________________________________<\/p>\n\n\n\n<p><em>Sul news group cultura.cattolica.it, il commento del prof.<\/em><strong> Matteo Luigi Napolitano<\/strong>, <em>docente di Storia dei rapporti fra Stato e Chiesa presso la Facolt\u00e0 di Scienze Politiche dell&#8217;Universit\u00e0 di Urbino e autore del volume Pio XII tra guerra e pace, Citt\u00e0 Nuova, Roma 2002:<\/em><\/p>\n\n\n\n<p>Questo doppio aspetto dell&#8217;uso selettivo delle fonti e di un uso &#8220;ancillare&#8221; delle stesse, ossia al servizio di una tesi precostituita, \u00e8 ricorrente in Kertzer.<\/p>\n\n\n\n<p>Kertzer non ha visto materiale archivistico materiale archivistico su Pio XII; e infatti il suo libro si ferma praticamente al 1938 (&#8220;Antichamber of the Holocaust&#8221;).&nbsp;Ho poi avuto modo di dire, in una recente conferenza tenuta al Serra International Club di Livorno, che quello dell&#8217;accesso ai documenti della Santa Sede \u00e8 un falso problema. La Santa Sede ha infatti una vita di relazione con altri paesi e la sua attivit\u00e0 \u00e8 pertanto documentata anche sulla base degli archivi stranieri.<\/p>\n\n\n\n<p>Ora, Kertzer \u00e8 americano, ma non ha consultato i National Archives. Sarebbe bastato recarsi a College Park, nel Maryland, a due passi da Washington D.C.. Se l&#8217;ho fatto io muovendomi dall&#8217;Italia, poteva farlo anche lui muovendosi dalla Brown University.<\/p>\n\n\n\n<p>Kertzer si \u00e8 recato in Archivio Segreto Vaticano per scrivere il suo libro ed esso \u00e8 stato pubblicato in italiano da Rizzoli. Di Kertzer si sono anche occupate di recente le cronache italiane per indicare l&#8217;esempio da non seguire quando si fa ricerca storica.<\/p>\n\n\n\n<p>&#8220;Alcuni degli studiosi che sono stati ammessi nel nostro Archivio &#8211; ha dichiarato il prefetto dell&#8217;Archivio Segreto Vaticano, padre Sergio Pagano &#8211; gi\u00e0 in passato hanno scelto soltanto le carte favorevoli alla loro tesi, ignorando altri documenti positivi per la Santa Sede che si trovavano nella stessa busta e nella stessa cartella! [&#8230;] In un recente libro sul rapporto tra i Papi e gli ebrei, si cita il famoso processo Beilis, celebrato a Kiev nel 1913 contro un ebreo accusato di omicidio, ma si riporta soltanto un documento con le accuse rivolte contro Pio X, che in quella occasione difese gli ebrei. Nella stessa cartella, che in quel momento l&#8217;autore stava consultando, c&#8217;erano anche diverse lettere con i ringraziamenti di personalit\u00e0 ebraiche rivolte a papa Sarto [ovvero Pio X], che sono state sistematicamente ignorate e delle quali non si trova traccia nel libro. E&#8217; questa la maniera di fare storia?&#8221; (Il Giornale, 26 febbraio 2003, p. 33).<\/p>\n\n\n\n<p>Padre Pagano \u00e8 stato troppo buono da tacere il nome della persona cui si riferiva. Io lo sono di meno. La persona cui egli si riferiva \u00e8 appunto David I. Kertzer, autore del libro &#8220;The Popes against the Jews. The Vatican&#8217;s Role in the Rise of Modern Anti-semitism&#8221;.<\/p>\n\n\n\n<p>Kertzer in un certo punto del libro parla del caso Beilis (sarebbe interessante vedere come, dato che le sue argomentazioni in tralice suggeriscono in questo caso un giudizio positivo su Pio X; ma per ora sorvoliamo). Nel 1913, il governo zarista organizza un processo-farsa contro l&#8217;ebreo M. Beilis, accusato di aver compiuto un &#8220;omicidio religioso&#8221;, uccidendo un russo ortodosso. Dopo tre anni, l&#8217;inchiesta-farsa si arena sull&#8217;onda della protesta generale in tutta Europa. Poco dopo l&#8217;imputato \u00e8 scarcerato. Kertzer sostiene che in questo caso la Chiesa Cattolica si mostr\u00f2 antisemita, ossia &#8220;colpevolista&#8221; (pp. 227-228 e 230-232 dell&#8217;edizione inglese). Il fascicolo dell&#8217;Archivio Segreto Vaticano da lui citato &#8220;pro domo sua&#8221; (ossia riportando a pezzi e a bocconi non pi\u00f9 di sei documenti sul caso Beilis, solo uno dei quali \u00e8 rappresentativo della posizione della Santa Sede: la lettera del cardinale Merry del Val a Lord Leopold Rotschild, del 18 ottobre 1913) \u00e8 il seguente: SV, EM, SS, a. 1913, r. 66, fascicolo unico.<\/p>\n\n\n\n<p>Le pagine che Kertzer ha estratto da questo fascicolo sono dieci in tutto: di un fascicolo che, per il caso di specie, ne contiene oltre cinquanta. Fermo restando che quelle che cita Kertzer non costituiscono una prova d&#8217;accusa contro la Santa Sede per il caso Beilis, che cosa dicono le altre pagine di questo fascicolo, visibile da chiunque all&#8217;Archivio Segreto Vaticano? Dimostrano davvero quello che Kertzer vuole dimostrare? No.<\/p>\n\n\n\n<p>L&#8217;esatto contrario delle tesi di Kerzer dimostra anche un interessantissimo documento interno al Vaticano, da me trovato nell&#8217;Archivio Segreto, circa il rapporto tra &#8220;croce e svastica&#8221;; si tratta di un memorandum che smonta clamorosamente alcune critiche ben temperate di chi talvolta avverte l&#8217;esigenza di sfoggiare cultura anticlericale o banale mangiapretismo.<\/p>\n\n\n\n<p><em>Matteo Luigi Napolitano<\/em><\/p>\n","protected":false},"excerpt":{"rendered":"<p>&nbsp;The Weekly Standard, 29 Ottobre 2001 Papi ed ebrei. Verit\u00e0 e menzogne nella storia delle relazioni tra cristiani ed ebrei (le note sono del traduttore: adamantium_skeleton@yahoo.it) di David G. Dalin<\/p><p><a class=\"more-link btn\" href=\"https:\/\/www.rassegnastampa-totustuus.it\/cattolica\/papi-ed-ebrei-verit-e-menzogne\/\">Continua a leggere<\/a><\/p>\n","protected":false},"author":6,"featured_media":30973,"comment_status":"closed","ping_status":"open","sticky":false,"template":"","format":"standard","meta":{"footnotes":""},"categories":[28,24],"tags":[831],"class_list":["post-201","post","type-post","status-publish","format-standard","has-post-thumbnail","hentry","category-chiesa-ed-ebrei","category-storia","tag-antisemitismo","item-wrap"],"yoast_head":"<!-- This site is optimized with the Yoast SEO plugin v27.5 - https:\/\/yoast.com\/product\/yoast-seo-wordpress\/ -->\n<title>Papi ed ebrei. Verit\u00e0 e menzogne - Rassegna Stampa Cattolica<\/title>\n<meta name=\"description\" content=\"Papi ed ebrei. Verit\u00e0 e menzogne. A partire dal XIV secolo, emerge una tradizione di sostegno papale nei confronti degli ebrei d&#039;Europa.\" \/>\n<meta name=\"robots\" content=\"index, follow, max-snippet:-1, max-image-preview:large, max-video-preview:-1\" \/>\n<link rel=\"canonical\" href=\"https:\/\/www.rassegnastampa-totustuus.it\/cattolica\/papi-ed-ebrei-verit-e-menzogne\/\" \/>\n<meta property=\"og:locale\" content=\"it_IT\" \/>\n<meta property=\"og:type\" content=\"article\" \/>\n<meta property=\"og:title\" content=\"Papi ed ebrei. Verit\u00e0 e menzogne - Rassegna Stampa Cattolica\" \/>\n<meta property=\"og:description\" content=\"Papi ed ebrei. Verit\u00e0 e menzogne. A partire dal XIV secolo, emerge una tradizione di sostegno papale nei confronti degli ebrei d&#039;Europa.\" \/>\n<meta property=\"og:url\" content=\"https:\/\/www.rassegnastampa-totustuus.it\/cattolica\/papi-ed-ebrei-verit-e-menzogne\/\" \/>\n<meta property=\"og:site_name\" content=\"Rassegna Stampa Cattolica\" \/>\n<meta property=\"article:publisher\" content=\"https:\/\/www.facebook.com\/rassegnastampacattolica\" \/>\n<meta property=\"article:published_time\" content=\"2004-11-23T16:14:41+00:00\" \/>\n<meta property=\"article:modified_time\" content=\"2025-07-02T15:00:23+00:00\" \/>\n<meta property=\"og:image\" content=\"https:\/\/www.rassegnastampa-totustuus.it\/cattolica\/wp-content\/uploads\/2004\/11\/cover.jpg\" \/>\n\t<meta property=\"og:image:width\" content=\"179\" \/>\n\t<meta property=\"og:image:height\" content=\"276\" \/>\n\t<meta property=\"og:image:type\" content=\"image\/jpeg\" \/>\n<meta name=\"author\" content=\"Redazione\" \/>\n<meta name=\"twitter:card\" content=\"summary_large_image\" \/>\n<meta name=\"twitter:creator\" content=\"@rassegnastampa9\" \/>\n<meta name=\"twitter:site\" content=\"@rassegnastampa9\" \/>\n<meta name=\"twitter:label1\" content=\"Scritto da\" \/>\n\t<meta name=\"twitter:data1\" content=\"Redazione\" \/>\n\t<meta name=\"twitter:label2\" content=\"Tempo di lettura stimato\" \/>\n\t<meta name=\"twitter:data2\" content=\"14 minuti\" \/>\n<script type=\"application\/ld+json\" class=\"yoast-schema-graph\">{\"@context\":\"https:\\\/\\\/schema.org\",\"@graph\":[{\"@type\":\"Article\",\"@id\":\"https:\\\/\\\/www.rassegnastampa-totustuus.it\\\/cattolica\\\/papi-ed-ebrei-verit-e-menzogne\\\/#article\",\"isPartOf\":{\"@id\":\"https:\\\/\\\/www.rassegnastampa-totustuus.it\\\/cattolica\\\/papi-ed-ebrei-verit-e-menzogne\\\/\"},\"author\":{\"name\":\"Redazione\",\"@id\":\"https:\\\/\\\/www.rassegnastampa-totustuus.it\\\/cattolica\\\/#\\\/schema\\\/person\\\/08f319d2bd1a0904ad9e2bfb7b15e5c3\"},\"headline\":\"Papi ed ebrei. Verit\u00e0 e menzogne\",\"datePublished\":\"2004-11-23T16:14:41+00:00\",\"dateModified\":\"2025-07-02T15:00:23+00:00\",\"mainEntityOfPage\":{\"@id\":\"https:\\\/\\\/www.rassegnastampa-totustuus.it\\\/cattolica\\\/papi-ed-ebrei-verit-e-menzogne\\\/\"},\"wordCount\":2558,\"publisher\":{\"@id\":\"https:\\\/\\\/www.rassegnastampa-totustuus.it\\\/cattolica\\\/#organization\"},\"image\":{\"@id\":\"https:\\\/\\\/www.rassegnastampa-totustuus.it\\\/cattolica\\\/papi-ed-ebrei-verit-e-menzogne\\\/#primaryimage\"},\"thumbnailUrl\":\"https:\\\/\\\/www.rassegnastampa-totustuus.it\\\/cattolica\\\/wp-content\\\/uploads\\\/2004\\\/11\\\/cover.jpg\",\"keywords\":[\"antisemitismo\"],\"articleSection\":[\"Chiesa ed ebrei\",\"Storia\"],\"inLanguage\":\"it-IT\"},{\"@type\":\"WebPage\",\"@id\":\"https:\\\/\\\/www.rassegnastampa-totustuus.it\\\/cattolica\\\/papi-ed-ebrei-verit-e-menzogne\\\/\",\"url\":\"https:\\\/\\\/www.rassegnastampa-totustuus.it\\\/cattolica\\\/papi-ed-ebrei-verit-e-menzogne\\\/\",\"name\":\"Papi ed ebrei. Verit\u00e0 e menzogne - Rassegna Stampa Cattolica\",\"isPartOf\":{\"@id\":\"https:\\\/\\\/www.rassegnastampa-totustuus.it\\\/cattolica\\\/#website\"},\"primaryImageOfPage\":{\"@id\":\"https:\\\/\\\/www.rassegnastampa-totustuus.it\\\/cattolica\\\/papi-ed-ebrei-verit-e-menzogne\\\/#primaryimage\"},\"image\":{\"@id\":\"https:\\\/\\\/www.rassegnastampa-totustuus.it\\\/cattolica\\\/papi-ed-ebrei-verit-e-menzogne\\\/#primaryimage\"},\"thumbnailUrl\":\"https:\\\/\\\/www.rassegnastampa-totustuus.it\\\/cattolica\\\/wp-content\\\/uploads\\\/2004\\\/11\\\/cover.jpg\",\"datePublished\":\"2004-11-23T16:14:41+00:00\",\"dateModified\":\"2025-07-02T15:00:23+00:00\",\"description\":\"Papi ed ebrei. Verit\u00e0 e menzogne. A partire dal XIV secolo, emerge una tradizione di sostegno papale nei confronti degli ebrei d'Europa.\",\"breadcrumb\":{\"@id\":\"https:\\\/\\\/www.rassegnastampa-totustuus.it\\\/cattolica\\\/papi-ed-ebrei-verit-e-menzogne\\\/#breadcrumb\"},\"inLanguage\":\"it-IT\",\"potentialAction\":[{\"@type\":\"ReadAction\",\"target\":[\"https:\\\/\\\/www.rassegnastampa-totustuus.it\\\/cattolica\\\/papi-ed-ebrei-verit-e-menzogne\\\/\"]}]},{\"@type\":\"ImageObject\",\"inLanguage\":\"it-IT\",\"@id\":\"https:\\\/\\\/www.rassegnastampa-totustuus.it\\\/cattolica\\\/papi-ed-ebrei-verit-e-menzogne\\\/#primaryimage\",\"url\":\"https:\\\/\\\/www.rassegnastampa-totustuus.it\\\/cattolica\\\/wp-content\\\/uploads\\\/2004\\\/11\\\/cover.jpg\",\"contentUrl\":\"https:\\\/\\\/www.rassegnastampa-totustuus.it\\\/cattolica\\\/wp-content\\\/uploads\\\/2004\\\/11\\\/cover.jpg\",\"width\":179,\"height\":276},{\"@type\":\"BreadcrumbList\",\"@id\":\"https:\\\/\\\/www.rassegnastampa-totustuus.it\\\/cattolica\\\/papi-ed-ebrei-verit-e-menzogne\\\/#breadcrumb\",\"itemListElement\":[{\"@type\":\"ListItem\",\"position\":1,\"name\":\"Home\",\"item\":\"https:\\\/\\\/www.rassegnastampa-totustuus.it\\\/cattolica\\\/\"},{\"@type\":\"ListItem\",\"position\":2,\"name\":\"Papi ed ebrei. Verit\u00e0 e menzogne\"}]},{\"@type\":\"WebSite\",\"@id\":\"https:\\\/\\\/www.rassegnastampa-totustuus.it\\\/cattolica\\\/#website\",\"url\":\"https:\\\/\\\/www.rassegnastampa-totustuus.it\\\/cattolica\\\/\",\"name\":\"Rassegna Stampa Cattolica\",\"description\":\"Per una cultura che nasce dalla Rivelazione cristiana in conformit\u00e0 alla tradizione e al Magistero della Chiesa in opposizione ad ogni relativismo e totalitarismo\",\"publisher\":{\"@id\":\"https:\\\/\\\/www.rassegnastampa-totustuus.it\\\/cattolica\\\/#organization\"},\"alternateName\":\"Rass. Cattolica\",\"potentialAction\":[{\"@type\":\"SearchAction\",\"target\":{\"@type\":\"EntryPoint\",\"urlTemplate\":\"https:\\\/\\\/www.rassegnastampa-totustuus.it\\\/cattolica\\\/?s={search_term_string}\"},\"query-input\":{\"@type\":\"PropertyValueSpecification\",\"valueRequired\":true,\"valueName\":\"search_term_string\"}}],\"inLanguage\":\"it-IT\"},{\"@type\":\"Organization\",\"@id\":\"https:\\\/\\\/www.rassegnastampa-totustuus.it\\\/cattolica\\\/#organization\",\"name\":\"Rassegna Stampa Cattolica\",\"url\":\"https:\\\/\\\/www.rassegnastampa-totustuus.it\\\/cattolica\\\/\",\"logo\":{\"@type\":\"ImageObject\",\"inLanguage\":\"it-IT\",\"@id\":\"https:\\\/\\\/www.rassegnastampa-totustuus.it\\\/cattolica\\\/#\\\/schema\\\/logo\\\/image\\\/\",\"url\":\"https:\\\/\\\/www.rassegnastampa-totustuus.it\\\/cattolica\\\/wp-content\\\/uploads\\\/2014\\\/04\\\/logo-rassegna1.gif\",\"contentUrl\":\"https:\\\/\\\/www.rassegnastampa-totustuus.it\\\/cattolica\\\/wp-content\\\/uploads\\\/2014\\\/04\\\/logo-rassegna1.gif\",\"width\":600,\"height\":163,\"caption\":\"Rassegna Stampa Cattolica\"},\"image\":{\"@id\":\"https:\\\/\\\/www.rassegnastampa-totustuus.it\\\/cattolica\\\/#\\\/schema\\\/logo\\\/image\\\/\"},\"sameAs\":[\"https:\\\/\\\/www.facebook.com\\\/rassegnastampacattolica\",\"https:\\\/\\\/x.com\\\/rassegnastampa9\"]},{\"@type\":\"Person\",\"@id\":\"https:\\\/\\\/www.rassegnastampa-totustuus.it\\\/cattolica\\\/#\\\/schema\\\/person\\\/08f319d2bd1a0904ad9e2bfb7b15e5c3\",\"name\":\"Redazione\",\"image\":{\"@type\":\"ImageObject\",\"inLanguage\":\"it-IT\",\"@id\":\"https:\\\/\\\/secure.gravatar.com\\\/avatar\\\/2fcdf27c78ea025fbdb44e914cc63c72249ffec9dc8aafd5c82b26240ef3f346?s=96&d=mm&r=g\",\"url\":\"https:\\\/\\\/secure.gravatar.com\\\/avatar\\\/2fcdf27c78ea025fbdb44e914cc63c72249ffec9dc8aafd5c82b26240ef3f346?s=96&d=mm&r=g\",\"contentUrl\":\"https:\\\/\\\/secure.gravatar.com\\\/avatar\\\/2fcdf27c78ea025fbdb44e914cc63c72249ffec9dc8aafd5c82b26240ef3f346?s=96&d=mm&r=g\",\"caption\":\"Redazione\"},\"url\":\"https:\\\/\\\/www.rassegnastampa-totustuus.it\\\/cattolica\\\/author\\\/pietroelle\\\/\"}]}<\/script>\n<!-- \/ Yoast SEO plugin. -->","yoast_head_json":{"title":"Papi ed ebrei. Verit\u00e0 e menzogne - Rassegna Stampa Cattolica","description":"Papi ed ebrei. Verit\u00e0 e menzogne. A partire dal XIV secolo, emerge una tradizione di sostegno papale nei confronti degli ebrei d'Europa.","robots":{"index":"index","follow":"follow","max-snippet":"max-snippet:-1","max-image-preview":"max-image-preview:large","max-video-preview":"max-video-preview:-1"},"canonical":"https:\/\/www.rassegnastampa-totustuus.it\/cattolica\/papi-ed-ebrei-verit-e-menzogne\/","og_locale":"it_IT","og_type":"article","og_title":"Papi ed ebrei. Verit\u00e0 e menzogne - Rassegna Stampa Cattolica","og_description":"Papi ed ebrei. Verit\u00e0 e menzogne. A partire dal XIV secolo, emerge una tradizione di sostegno papale nei confronti degli ebrei d'Europa.","og_url":"https:\/\/www.rassegnastampa-totustuus.it\/cattolica\/papi-ed-ebrei-verit-e-menzogne\/","og_site_name":"Rassegna Stampa Cattolica","article_publisher":"https:\/\/www.facebook.com\/rassegnastampacattolica","article_published_time":"2004-11-23T16:14:41+00:00","article_modified_time":"2025-07-02T15:00:23+00:00","og_image":[{"width":179,"height":276,"url":"https:\/\/www.rassegnastampa-totustuus.it\/cattolica\/wp-content\/uploads\/2004\/11\/cover.jpg","type":"image\/jpeg"}],"author":"Redazione","twitter_card":"summary_large_image","twitter_creator":"@rassegnastampa9","twitter_site":"@rassegnastampa9","twitter_misc":{"Scritto da":"Redazione","Tempo di lettura stimato":"14 minuti"},"schema":{"@context":"https:\/\/schema.org","@graph":[{"@type":"Article","@id":"https:\/\/www.rassegnastampa-totustuus.it\/cattolica\/papi-ed-ebrei-verit-e-menzogne\/#article","isPartOf":{"@id":"https:\/\/www.rassegnastampa-totustuus.it\/cattolica\/papi-ed-ebrei-verit-e-menzogne\/"},"author":{"name":"Redazione","@id":"https:\/\/www.rassegnastampa-totustuus.it\/cattolica\/#\/schema\/person\/08f319d2bd1a0904ad9e2bfb7b15e5c3"},"headline":"Papi ed ebrei. Verit\u00e0 e menzogne","datePublished":"2004-11-23T16:14:41+00:00","dateModified":"2025-07-02T15:00:23+00:00","mainEntityOfPage":{"@id":"https:\/\/www.rassegnastampa-totustuus.it\/cattolica\/papi-ed-ebrei-verit-e-menzogne\/"},"wordCount":2558,"publisher":{"@id":"https:\/\/www.rassegnastampa-totustuus.it\/cattolica\/#organization"},"image":{"@id":"https:\/\/www.rassegnastampa-totustuus.it\/cattolica\/papi-ed-ebrei-verit-e-menzogne\/#primaryimage"},"thumbnailUrl":"https:\/\/www.rassegnastampa-totustuus.it\/cattolica\/wp-content\/uploads\/2004\/11\/cover.jpg","keywords":["antisemitismo"],"articleSection":["Chiesa ed ebrei","Storia"],"inLanguage":"it-IT"},{"@type":"WebPage","@id":"https:\/\/www.rassegnastampa-totustuus.it\/cattolica\/papi-ed-ebrei-verit-e-menzogne\/","url":"https:\/\/www.rassegnastampa-totustuus.it\/cattolica\/papi-ed-ebrei-verit-e-menzogne\/","name":"Papi ed ebrei. Verit\u00e0 e menzogne - Rassegna Stampa Cattolica","isPartOf":{"@id":"https:\/\/www.rassegnastampa-totustuus.it\/cattolica\/#website"},"primaryImageOfPage":{"@id":"https:\/\/www.rassegnastampa-totustuus.it\/cattolica\/papi-ed-ebrei-verit-e-menzogne\/#primaryimage"},"image":{"@id":"https:\/\/www.rassegnastampa-totustuus.it\/cattolica\/papi-ed-ebrei-verit-e-menzogne\/#primaryimage"},"thumbnailUrl":"https:\/\/www.rassegnastampa-totustuus.it\/cattolica\/wp-content\/uploads\/2004\/11\/cover.jpg","datePublished":"2004-11-23T16:14:41+00:00","dateModified":"2025-07-02T15:00:23+00:00","description":"Papi ed ebrei. Verit\u00e0 e menzogne. A partire dal XIV secolo, emerge una tradizione di sostegno papale nei confronti degli ebrei d'Europa.","breadcrumb":{"@id":"https:\/\/www.rassegnastampa-totustuus.it\/cattolica\/papi-ed-ebrei-verit-e-menzogne\/#breadcrumb"},"inLanguage":"it-IT","potentialAction":[{"@type":"ReadAction","target":["https:\/\/www.rassegnastampa-totustuus.it\/cattolica\/papi-ed-ebrei-verit-e-menzogne\/"]}]},{"@type":"ImageObject","inLanguage":"it-IT","@id":"https:\/\/www.rassegnastampa-totustuus.it\/cattolica\/papi-ed-ebrei-verit-e-menzogne\/#primaryimage","url":"https:\/\/www.rassegnastampa-totustuus.it\/cattolica\/wp-content\/uploads\/2004\/11\/cover.jpg","contentUrl":"https:\/\/www.rassegnastampa-totustuus.it\/cattolica\/wp-content\/uploads\/2004\/11\/cover.jpg","width":179,"height":276},{"@type":"BreadcrumbList","@id":"https:\/\/www.rassegnastampa-totustuus.it\/cattolica\/papi-ed-ebrei-verit-e-menzogne\/#breadcrumb","itemListElement":[{"@type":"ListItem","position":1,"name":"Home","item":"https:\/\/www.rassegnastampa-totustuus.it\/cattolica\/"},{"@type":"ListItem","position":2,"name":"Papi ed ebrei. Verit\u00e0 e menzogne"}]},{"@type":"WebSite","@id":"https:\/\/www.rassegnastampa-totustuus.it\/cattolica\/#website","url":"https:\/\/www.rassegnastampa-totustuus.it\/cattolica\/","name":"Rassegna Stampa Cattolica","description":"Per una cultura che nasce dalla Rivelazione cristiana in conformit\u00e0 alla tradizione e al Magistero della Chiesa in opposizione ad ogni relativismo e totalitarismo","publisher":{"@id":"https:\/\/www.rassegnastampa-totustuus.it\/cattolica\/#organization"},"alternateName":"Rass. Cattolica","potentialAction":[{"@type":"SearchAction","target":{"@type":"EntryPoint","urlTemplate":"https:\/\/www.rassegnastampa-totustuus.it\/cattolica\/?s={search_term_string}"},"query-input":{"@type":"PropertyValueSpecification","valueRequired":true,"valueName":"search_term_string"}}],"inLanguage":"it-IT"},{"@type":"Organization","@id":"https:\/\/www.rassegnastampa-totustuus.it\/cattolica\/#organization","name":"Rassegna Stampa Cattolica","url":"https:\/\/www.rassegnastampa-totustuus.it\/cattolica\/","logo":{"@type":"ImageObject","inLanguage":"it-IT","@id":"https:\/\/www.rassegnastampa-totustuus.it\/cattolica\/#\/schema\/logo\/image\/","url":"https:\/\/www.rassegnastampa-totustuus.it\/cattolica\/wp-content\/uploads\/2014\/04\/logo-rassegna1.gif","contentUrl":"https:\/\/www.rassegnastampa-totustuus.it\/cattolica\/wp-content\/uploads\/2014\/04\/logo-rassegna1.gif","width":600,"height":163,"caption":"Rassegna Stampa Cattolica"},"image":{"@id":"https:\/\/www.rassegnastampa-totustuus.it\/cattolica\/#\/schema\/logo\/image\/"},"sameAs":["https:\/\/www.facebook.com\/rassegnastampacattolica","https:\/\/x.com\/rassegnastampa9"]},{"@type":"Person","@id":"https:\/\/www.rassegnastampa-totustuus.it\/cattolica\/#\/schema\/person\/08f319d2bd1a0904ad9e2bfb7b15e5c3","name":"Redazione","image":{"@type":"ImageObject","inLanguage":"it-IT","@id":"https:\/\/secure.gravatar.com\/avatar\/2fcdf27c78ea025fbdb44e914cc63c72249ffec9dc8aafd5c82b26240ef3f346?s=96&d=mm&r=g","url":"https:\/\/secure.gravatar.com\/avatar\/2fcdf27c78ea025fbdb44e914cc63c72249ffec9dc8aafd5c82b26240ef3f346?s=96&d=mm&r=g","contentUrl":"https:\/\/secure.gravatar.com\/avatar\/2fcdf27c78ea025fbdb44e914cc63c72249ffec9dc8aafd5c82b26240ef3f346?s=96&d=mm&r=g","caption":"Redazione"},"url":"https:\/\/www.rassegnastampa-totustuus.it\/cattolica\/author\/pietroelle\/"}]}},"_links":{"self":[{"href":"https:\/\/www.rassegnastampa-totustuus.it\/cattolica\/wp-json\/wp\/v2\/posts\/201","targetHints":{"allow":["GET"]}}],"collection":[{"href":"https:\/\/www.rassegnastampa-totustuus.it\/cattolica\/wp-json\/wp\/v2\/posts"}],"about":[{"href":"https:\/\/www.rassegnastampa-totustuus.it\/cattolica\/wp-json\/wp\/v2\/types\/post"}],"author":[{"embeddable":true,"href":"https:\/\/www.rassegnastampa-totustuus.it\/cattolica\/wp-json\/wp\/v2\/users\/6"}],"replies":[{"embeddable":true,"href":"https:\/\/www.rassegnastampa-totustuus.it\/cattolica\/wp-json\/wp\/v2\/comments?post=201"}],"version-history":[{"count":4,"href":"https:\/\/www.rassegnastampa-totustuus.it\/cattolica\/wp-json\/wp\/v2\/posts\/201\/revisions"}],"predecessor-version":[{"id":62834,"href":"https:\/\/www.rassegnastampa-totustuus.it\/cattolica\/wp-json\/wp\/v2\/posts\/201\/revisions\/62834"}],"wp:featuredmedia":[{"embeddable":true,"href":"https:\/\/www.rassegnastampa-totustuus.it\/cattolica\/wp-json\/wp\/v2\/media\/30973"}],"wp:attachment":[{"href":"https:\/\/www.rassegnastampa-totustuus.it\/cattolica\/wp-json\/wp\/v2\/media?parent=201"}],"wp:term":[{"taxonomy":"category","embeddable":true,"href":"https:\/\/www.rassegnastampa-totustuus.it\/cattolica\/wp-json\/wp\/v2\/categories?post=201"},{"taxonomy":"post_tag","embeddable":true,"href":"https:\/\/www.rassegnastampa-totustuus.it\/cattolica\/wp-json\/wp\/v2\/tags?post=201"}],"curies":[{"name":"wp","href":"https:\/\/api.w.org\/{rel}","templated":true}]}}