{"id":200,"date":"2004-11-23T17:05:00","date_gmt":"2004-11-23T16:05:00","guid":{"rendered":""},"modified":"2025-07-02T17:10:14","modified_gmt":"2025-07-02T15:10:14","slug":"sindrome-olocausto","status":"publish","type":"post","link":"https:\/\/www.rassegnastampa-totustuus.it\/cattolica\/sindrome-olocausto\/","title":{"rendered":"Sindrome Olocausto"},"content":{"rendered":"\n<p class=\"has-text-align-center\"><a href=\"https:\/\/www.jesusonline.it\/\" target=\"_blank\" rel=\"noreferrer noopener\">\u00a0<strong>Jesus<\/strong> &#8211;<\/a> febbraio 2002<\/p>\n\n\n\n<p><em>Nella storiografia del XX secolo si \u00e8 diffusa la tendenza a leggere tutti i fatti e i personaggi del XX secolo in rapporto alla tragedia della Shoah. Questa visione &#8220;giudeocentrica&#8221; non va esente da manipolazioni, a volte in chiave polemica contro la Chiesa cattolica, come dimostra il famoso &#8220;Affaire Dreyfus&#8221;.<\/em><\/p>\n\n\n\n<p class=\"has-text-align-center\">di <strong>Vittorio Messori<\/strong><\/p>\n\n\n<div class=\"wp-block-image\">\n<figure class=\"aligncenter size-full is-resized\"><a href=\"https:\/\/www.rassegnastampa-totustuus.it\/cattolica\/wp-content\/uploads\/2004\/11\/Shoa.jpg\"><img loading=\"lazy\" decoding=\"async\" width=\"265\" height=\"191\" src=\"https:\/\/www.rassegnastampa-totustuus.it\/cattolica\/wp-content\/uploads\/2004\/11\/Shoa.jpg\" alt=\"\" class=\"wp-image-30975\" style=\"width:363px;height:auto\"\/><\/a><\/figure><\/div>\n\n\n<!--more-->\n\n\n\n<p>Sergio Romano, gi\u00e0 ambasciatore in sedi prestigiose (tra l&#8217;altro, a Mosca negli anni della dissoluzione dell&#8217;Urss) \u00e8 tra i pi\u00f9 autorevoli commentatori del <em>Corriere della Sera <\/em>e della Rai, oltre che autore di molti saggi storici. Ebbene, in un suo libro recente, Romano ha osservato che, a partire dagli anni Sessanta del secolo scorso, \u00e8 andata sempre pi\u00f9 crescendo l&#8217;attenzione per il genocidio degli ebrei durante il nazismo.<\/p>\n\n\n\n<p>A differenza di ogni altro evento storico, qui i decenni non hanno portato all&#8217;attenuazione della memoria ma, al contrario, a un suo continuo acuirsi. In tal modo, scrive Romano, \u00absi \u00e8 andata progressivamente affermando una concezione &#8220;giudeocentrica&#8221; della storia del Novecento. Una visione del secolo, cio\u00e8, in cui gli eventi, le iniziative degli Stati, le decisioni delle Chiese, delle istituzioni, delle associazioni e dei semplici cittadini, ruotano come satelliti attorno al sole nero dell&#8217;Olocausto e vengono, nella sua luce, assolti o condannati\u00bb. Insomma, criterio principale del giudizio, per tutti i non ebrei, sembra diventato l&#8217;atteggiamento tenuto durante i dodici anni del nazismo, con le sue teorie e pratiche razziali.<\/p>\n\n\n\n<p>Secondo Romano, questo \u00e8 avvenuto perch\u00e9 \u00abalcuni hanno visto nella rievocazione della tragedia la possibilit\u00e0 di pareggiare i conti della storia, riscattando gli ebrei dalla accusa infamante (il deicidio) che li aveva segnati per molti secoli\u00bb. Altri ancora avrebbero individuato \u00abdel tutto legittimamente nella memoria della Shoah una sorta di baluardo contro la possibilit\u00e0 di nuove persecuzioni\u00bb. Ma anche lo Stato d&#8217;Israele avrebbe \u00abcapito che la letteratura sull&#8217;Olocausto poteva garantirgli, nella gestione del suo contenzioso territoriale con le popolazioni arabe, una sorta di semi-immunit\u00e0 diplomatica\u00bb.<\/p>\n\n\n\n<p>Quali che ne siano le cause, sta di fatto che anche ai cattolici \u00e8 accaduto, e tuttora accade, di essere interpellati &#8211; spesso polemicamente &#8211; sulle vere o presunte responsabilit\u00e0 della loro storia a questo riguardo. E non soltanto a proposito di Pio XII, ma praticamente di ogni momento della vicenda della Chiesa, messa sul banco degli accusati, oggi, soprattutto per i suoi comportamenti nei riguardi del popolo dell&#8217;Antico Testamento. Per questo sar\u00e0 utile ai lettori ritornare su questi temi, con una carrellata attraverso vari periodi storici e dando sudi essi qualche notizia di solito ignorata o sepolta negli archivi.<\/p>\n\n\n\n<p>Se guardo ai miei appunti, ecco allora spuntarne molti sul celeberrimo caso di Alfred Dreyfus, l&#8217;ufficiale francese, ebreo alsaziano, condannato ingiustamente, nel 1894, alla deportazione in Guyana per spionaggio a favore della Germania. Un caso che pu\u00f2 essere accostato all&#8217;altro, quasi altrettanto clamoroso, che cominci\u00f2 nel 1858 quando a Bologna, allora ancora pontificia, un bambino ebreo, Edgardo Mortara, fu tolto alla famiglia per essere allevato come cristiano in quanto si scoperse che era stato battezzato clandestinamente (e abusivamente) dalla domestica cristiana.<\/p>\n\n\n\n<p>Quando al &#8220;caso Mortara&#8221; <a href=\"https:\/\/www.rassegnastampa-totustuus.it\/cattolica\/?p=203\"><strong>dedicai una ricostruzione<\/strong><\/a> il pi\u00f9 possibile oggettiva e minuziosa nella rubrica che tenevo allora sul quotidiano cattolico, qualcuno pens\u00f2 che perdessi tempo nel recupero di curiosit\u00e0 storiche, ormai poco interessanti e magari anche dannose, nell&#8217;attuale clima ecumenico. In realt\u00e0, poco dopo, Giovanni Paolo II proclamava beato il suo predecessore Pio IX ed esplodeva una campagna di odio e di diffamazioni, dove uno dei posti privilegiati per la calunnia era proprio il richiamo non al vero caso Mortara ma alla sua ricostruzione abusiva e faziosa. Cos\u00ec, alcuni lettori mi scrissero o mi telefonarono per ringraziarmi: proprio quell&#8217;articolo (finito, con gli altri, in un libro) ben lungi dall&#8217;essere anacronistico, aveva permesso loro di non cedere al dubbio che la Chiesa avesse glorificato un ignobile sequestratore di bambini.<\/p>\n\n\n\n<p>Per venire ad Alfred Dreyfus: per pi\u00f9 di un decennio, quello che chiamano l&#8217;Affaire per antonomasia spacc\u00f2 la Francia e provoc\u00f2 tali reazioni antisemite che Theodor Herzl, allora a Parigi come giornalista, si convinse che ogni integrazione tra israeliti e &#8220;gentili&#8221; era illusoria e occorreva dunque creare uno Stato ebraico. Nacque cos\u00ec il movimento sionista, che nel 1948 porter\u00e0 alla fondazione di Israele.<\/p>\n\n\n\n<p>Proprio perch\u00e9 accusati di far parte dello schieramento antisemita durante il caso Dreyfus, i cattolici furono &#8220;puniti&#8221; dalle sinistre radicali al governo con le durissime leggi anticlericali del 1905, con la soppressione delle Congregazioni religiose e la separazione radicale tra Stato e Chiesa. Leggi volute dall&#8217;ex seminarista passato alla massoneria Emile Combes. Ancora oggi &#8211; in Francia ma non soltanto &#8211; da ambienti ebraici o laici il fantasma <em>dell&#8217;Affaire <\/em>(che provoc\u00f2 tra l&#8217;altro il celeberrimo <em>J&#8217;Accuse <\/em>dell&#8217;anticlericale, anzi anticristiano tout court, Emile Zola) \u00e8 rievocato tra le voci &#8220;passive&#8221; di cui i cattolici dovrebbero chiedere scusa.<\/p>\n\n\n\n<p>Andranno allora precisate alcune verit\u00e0: alla campagna contro Dreyfus &#8211; che &#8220;doveva&#8221; essere colpevole in quanto ebreo e, dunque, &#8220;traditore per vocazione&#8221; &#8211; parteciparono da protagonisti esponenti sia della destra che della sinistra non solo estranei al cattolicesimo ma a esso duramente ostili. Lo stesso partito socialista si spacc\u00f2 e furono molti che si allinearono alle tesi razziste di uno dei pi\u00f9 virulenti antisemiti della storia, Karl Marx. Del resto, si dimentica troppo spesso il fatto essenziale: il capitano fu mandato nell&#8217;inferno della Guyana (e l\u00ec si cerc\u00f2 di tenerlo sino alla morte, ricorrendo anche a documenti falsi e a processi truccati) dalla classe politica della Terza Repubblica che, come braccio secolare delle Logge, era espressione di una borghesia scientista, radicale, atea.<\/p>\n\n\n\n<p>Quanto ai cattolici, il quotidiano cattolico francese, La Croix, edito dagli Assunzionisti, e il quindicinale dei gesuiti, La civilt\u00e0 cattolica, si schierarono tra gli antidreyfusardi ma non innanzitutto a causa della &#8220;razza&#8221; di Dreyfus, ma perch\u00e9 buona parte dei nemici pi\u00f9 radicali della Chiesa erano schierati a suo favore e perch\u00e9 le alte gerarchie di quell&#8217;esercito al cui prestigio si voleva attentare erano cattoliche o, in ogni caso, fautrici della difesa dei valori morali tradizionali. In un certo immaginario cattolico, ancora legato alla vita rurale, gli ebrei, pi\u00f9 che persone concrete (ce ne erano ben pochi in provincia, nella &#8220;Francia profonda&#8221;) rappresentavano una realt\u00e0 urbana, finanziaria, industriale, cosmopolita di cui si diffidava in quanto giudicata pericolosa per la fede e per la morale che se ne traeva.<\/p>\n\n\n\n<p>E comunque indubbio che negli ambienti cattolici di cui il periodico italiano e il quotidiano francese erano esponenti, rispunt\u00f2, magari virulenta, l&#8217;antica diffidenza antigiudaica i cui inizi sono, peraltro, nel Nuovo Testamento stesso e che nulla ha a che fare (non lo si ripeter\u00e0 mai abbastanza) con l&#8217;antisemitismo postcristiano, &#8220;razziale&#8221;.<\/p>\n\n\n\n<p>La Chiesa istituzionale, comunque, sia francese che universale, non si schier\u00f2 n\u00e9 pro n\u00e9 contro e tacque durante tutto l&#8217;<em>Affaire: <\/em>anzi, allarmata dagli eccessi verbali de <em>La<\/em> <em>Croix, <\/em>Roma allontan\u00f2 gli Assunzionisti da quel giornale, prima che fossero poi cacciati dal mangiapreti Combes.<\/p>\n\n\n\n<p>Si parla spesso del grande poeta e scrittore Charles P\u00e9guy che avrebbe &#8220;salvato l&#8217;onore cattolico&#8221; schierandosi a viso aperto per Dreyfus e ricordando, come scrisse, che \u00abGes\u00f9 non \u00e8 stato crocifisso dagli ebrei ma dai peccati di tutti gli uomini\u00bb. P\u00e9guy, certo: giustamente si ricorda la sua lotta appassionata per la giustizia, ma non fu il solo. Si scorda che un centinaio di cattolici autorevoli, illustri per meriti civili o culturali (e, tra essi, molti sacerdoti) fondarono il <em>Comit\u00e9 caholique pour la d\u00e9fense du droit <\/em>e contrastarono sia l&#8217;ostilit\u00e0 antigiudaica di certi fratelli cattolici sia l&#8217;odio antisemita di tanti &#8220;laici&#8221;.<\/p>\n\n\n\n<p>Ma c&#8217;\u00e8 un paio di altri credenti sconosciuti ai pi\u00f9 e il cui ricordo esemplare non va dimenticato. Il primo \u00e8 l&#8217;avvocato Edgar Demange, cui la famiglia Dreyfus si rivolse disperata, dopo l&#8217;improvviso colpo di fulmine dell&#8217;arresto di Alfred sotto un&#8217;accusa che comportava l&#8217;ergastolo e la deportazione nell&#8217;inferno della Caienna. Va notato che alcuni altri legali &#8211; laicissimi e talvolta ebrei &#8211; rifiutarono un incarico che non giudicavano certo onorevole.<\/p>\n\n\n\n<p>Demange, avvocato austero e rispettato dai suoi colleghi, ascolt\u00f2 l&#8217;appello dei parenti del &#8220;traditore&#8221; precisando per\u00f2, subito, per iscritto: \u00abAccetto l&#8217;incarico con la seguente riserva: sar\u00f2 il primo giudice dell&#8217;imputato. Se trover\u00f2 nel dossier una qualunque accusa che possa farmi dubitare della sua innocenza, rifiuter\u00f2 di difenderlo. Questo che vi dico \u00e8 estremamente grave: il giorno in cui si sapesse che ho rinunciato alla difesa, se ne concluderebbe che il vostro congiunto \u00e8 colpevole ed egli sarebbe perduto. Riflettete prima di accettare. La mia coscienza non mi permette di agire altrimenti\u00bb.<\/p>\n\n\n\n<p>La famiglia Dreyfus raccolse la rischiosa sfida. E accett\u00f2 anche l&#8217;avvocato Demange quando ebbe preso visione dell&#8217;incartamento, da cui risultava la fragilit\u00e0 dell&#8217;accusa e il rischio gravissimo della condanna di un innocente. Per dodici anni, fino al riconoscimento completo dell&#8217;estraneit\u00e0 del capitano ebreo ai fatti addebitatigli, Demange non fu solo il legale agguerrito e abile ma anche l&#8217;amico sincero, il consigliere affettuoso, l&#8217;uomo il cui solo interesse era il trionfo della verit\u00e0. Una missione che pag\u00f2 a caro prezzo: perse gran parte della sua clientela, scandalizzata che difendesse il &#8220;traditore&#8221;; molti suoi colleghi lo isolarono; contro di lui le stesse autorit\u00e0 di governo (impegnate, con l&#8217;inganno e la truffa, a tenere in piedi l&#8217;accusa) scatenarono una campagna di diffamazione e di intimidazione.<\/p>\n\n\n\n<p>Ebbene, questo autentico eroe della giustizia, cui va gran parte del merito del riscatto di un innocente, questo avvocato Edgar Demange, era un cattolico non solo per nascita ma per convinzione: un credente, per giunta tradizionalista, schierato politicamente a destra, militante in associazioni eccleesiali che oggi sospetteremmo di &#8220;integrismo&#8221;, convinto &#8220;papista&#8221;.<\/p>\n\n\n\n<p>Non a caso diffidava di molti dreyfusardi, ai quali non interessava tanto l&#8217;uomo concreto, il povero ufficiale perseguitato, ma il simbolo ideologico e politico nel quale era stato trasformato dalla polemica. Ci\u00f2 che invece a Demange stava a cuore era assistere la vittima sofferente di un gravissimo errore giudiziario, era l&#8217;obbligo di coscienza di impegnarsi a favore di un&#8217;innocenza della quale era convinto. Tanto da mettere questa convinzione, lo abbiamo visto, come condizione necessaria per accettare la difesa.<\/p>\n\n\n\n<p>Come riconoscono tutti gli storici dell&#8217;<em>Affaire, <\/em>senza il suo avvocato cattolico non soltanto l&#8217;imputato ebreo non avrebbe recuperato, dopo tante traversie, la libert\u00e0 e l&#8217;onore, ma probabilmente non avrebbe retto psicologicamente, mancandogli il conforto di un&#8217;amicizia cos\u00ec sincera e salda.<\/p>\n\n\n\n<p>Ma c&#8217;\u00e8 un&#8217;altra figura da aggiungere al quadro. Nel 1899, dopo quattro anni di detenzione, in condizioni disumane, in quella Caienna il cui terribile bagno penale (la &#8220;ghigliottina secca&#8221;) era stata una invenzione della &#8220;umana&#8221; Rivoluzione francese, Dreyfus \u00e8 riportato in Francia, a Rennes, per essere nuovamente giudicato da una corte militare. Anche per merito del pio avvocato, \u00e8 ormai imponente il dossier che scagiona lui e accusa invece un altro militare, l&#8217;avventuriero Estherazy, per salvare il quale l&#8217;esercito, con la connivenza del governo, ha fabbricato documenti falsi.<\/p>\n\n\n\n<p>Mentre tutta l&#8217;Europa si aspetta il riconoscimento dell&#8217;innocenza di Dreyfus, giunge un nuovo, scandaloso verdetto di colpevolezza, con l&#8217;ipocrito <em>escamotage <\/em>delle &#8220;circostanze attenuanti&#8221; e la pena ridotta a dieci anni e, subito dopo, la grazia del Presidente della Repubblica. Una vergogna, di cui sono responsabili cinque giudici su sette: due ufficiali soltanto, infatti, ebbero il coraggio di rifiutare l&#8217;ordine occulto di rinnovare la condanna pur sapendo che l&#8217;imputato era innocente, per salvare l&#8221;&#8216;onore&#8221; dell&#8217;esercito e la reputazione della classe politica. Uno di quei due giudici era il comandante de Br\u00e9on, Egli pure, come l&#8217;avvocato Demange, era un cattolico esplicito e fervente. E al punto da costringere la cattedrale di Rennes ad anticipare la prima messa.<\/p>\n\n\n\n<p>In effetti, le udienze del tribunale cominciavano alle sei del mattino, nella speranza di diminuire l&#8217;assedio di una folla eccitata. Ma il giudice militare de Br\u00e9on voleva restare fedele alla sua abitudine di cominciare la giornata di lavoro accostandosi all&#8217;Eucaristia. Cos\u00ec, per tutta la durata del processo, i canonici del duomo decisero di spostare alle cinque il culto che celebravano, di solito, un&#8217;ora dopo. Maurice Barr\u00e8s, lo scrittore che affettava simpatie per la Chiesa ma non era in realt\u00e0 che un esteta e un nazionalista agnostico, si indign\u00f2 &#8211; da antidreyfusardo accanito &#8211; del fatto che quel comandante cos\u00ec cattolico avesse votato per l&#8217;innocenza di Dreyfus e, in un articolo famoso, ne parl\u00f2 con disprezzo, chiamandolo \u00abun mistico, uno pi\u00f9 cristiano che soldato, un uomo di scrupoli\u00bb. Pensava di insultarlo; e, invece, ne faceva il maggior elogio.<\/p>\n\n\n\n<p>Mi accorgo per\u00f2 che lo spazio \u00e8 esaurito e restano inutilizzati molti altri appunti su molte altre vicende. L&#8217;appuntamento, dunque, \u00e8 alla prossima volta.<\/p>\n","protected":false},"excerpt":{"rendered":"<p>\u00a0Jesus &#8211; febbraio 2002 Nella storiografia del XX secolo si \u00e8 diffusa la tendenza a leggere tutti i fatti e i personaggi del XX secolo in rapporto alla tragedia della Shoah. Questa visione &#8220;giudeocentrica&#8221; non va esente da manipolazioni, a volte in chiave polemica contro la Chiesa cattolica, come dimostra il famoso &#8220;Affaire Dreyfus&#8221;. di &hellip; <\/p>\n<p><a class=\"more-link btn\" href=\"https:\/\/www.rassegnastampa-totustuus.it\/cattolica\/sindrome-olocausto\/\">Continua a leggere<\/a><\/p>\n","protected":false},"author":6,"featured_media":30975,"comment_status":"closed","ping_status":"open","sticky":false,"template":"","format":"standard","meta":{"footnotes":""},"categories":[5,28],"tags":[886,1907],"class_list":["post-200","post","type-post","status-publish","format-standard","has-post-thumbnail","hentry","category-chiesa","category-chiesa-ed-ebrei","tag-olocausto","tag-shoah","item-wrap"],"yoast_head":"<!-- This site is optimized with the Yoast SEO plugin v27.5 - https:\/\/yoast.com\/product\/yoast-seo-wordpress\/ -->\n<title>Sindrome Olocausto - Rassegna Stampa Cattolica<\/title>\n<meta name=\"description\" content=\"Sindrome Olocausto. Nella storiografia del XX secolo si \u00e8 diffusa la tendenza a leggere tutti i fatti in rapporto alla tragedia della Shoah.\" \/>\n<meta name=\"robots\" content=\"index, follow, max-snippet:-1, max-image-preview:large, max-video-preview:-1\" \/>\n<link rel=\"canonical\" href=\"https:\/\/www.rassegnastampa-totustuus.it\/cattolica\/sindrome-olocausto\/\" \/>\n<meta property=\"og:locale\" content=\"it_IT\" \/>\n<meta property=\"og:type\" content=\"article\" \/>\n<meta property=\"og:title\" content=\"Sindrome Olocausto - Rassegna Stampa Cattolica\" \/>\n<meta property=\"og:description\" content=\"Sindrome Olocausto. Nella storiografia del XX secolo si \u00e8 diffusa la tendenza a leggere tutti i fatti in rapporto alla tragedia della Shoah.\" \/>\n<meta property=\"og:url\" content=\"https:\/\/www.rassegnastampa-totustuus.it\/cattolica\/sindrome-olocausto\/\" \/>\n<meta property=\"og:site_name\" content=\"Rassegna Stampa Cattolica\" \/>\n<meta property=\"article:publisher\" content=\"https:\/\/www.facebook.com\/rassegnastampacattolica\" \/>\n<meta property=\"article:published_time\" content=\"2004-11-23T16:05:00+00:00\" \/>\n<meta property=\"article:modified_time\" content=\"2025-07-02T15:10:14+00:00\" \/>\n<meta property=\"og:image\" content=\"https:\/\/www.rassegnastampa-totustuus.it\/cattolica\/wp-content\/uploads\/2004\/11\/Shoa.jpg\" \/>\n\t<meta property=\"og:image:width\" content=\"265\" \/>\n\t<meta property=\"og:image:height\" content=\"191\" \/>\n\t<meta property=\"og:image:type\" content=\"image\/jpeg\" \/>\n<meta name=\"author\" content=\"Redazione\" \/>\n<meta name=\"twitter:card\" content=\"summary_large_image\" \/>\n<meta name=\"twitter:creator\" content=\"@rassegnastampa9\" \/>\n<meta name=\"twitter:site\" content=\"@rassegnastampa9\" \/>\n<meta name=\"twitter:label1\" content=\"Scritto da\" \/>\n\t<meta name=\"twitter:data1\" content=\"Redazione\" \/>\n\t<meta name=\"twitter:label2\" content=\"Tempo di lettura stimato\" \/>\n\t<meta name=\"twitter:data2\" content=\"12 minuti\" \/>\n<script type=\"application\/ld+json\" class=\"yoast-schema-graph\">{\"@context\":\"https:\\\/\\\/schema.org\",\"@graph\":[{\"@type\":\"Article\",\"@id\":\"https:\\\/\\\/www.rassegnastampa-totustuus.it\\\/cattolica\\\/sindrome-olocausto\\\/#article\",\"isPartOf\":{\"@id\":\"https:\\\/\\\/www.rassegnastampa-totustuus.it\\\/cattolica\\\/sindrome-olocausto\\\/\"},\"author\":{\"name\":\"Redazione\",\"@id\":\"https:\\\/\\\/www.rassegnastampa-totustuus.it\\\/cattolica\\\/#\\\/schema\\\/person\\\/08f319d2bd1a0904ad9e2bfb7b15e5c3\"},\"headline\":\"Sindrome Olocausto\",\"datePublished\":\"2004-11-23T16:05:00+00:00\",\"dateModified\":\"2025-07-02T15:10:14+00:00\",\"mainEntityOfPage\":{\"@id\":\"https:\\\/\\\/www.rassegnastampa-totustuus.it\\\/cattolica\\\/sindrome-olocausto\\\/\"},\"wordCount\":2101,\"publisher\":{\"@id\":\"https:\\\/\\\/www.rassegnastampa-totustuus.it\\\/cattolica\\\/#organization\"},\"image\":{\"@id\":\"https:\\\/\\\/www.rassegnastampa-totustuus.it\\\/cattolica\\\/sindrome-olocausto\\\/#primaryimage\"},\"thumbnailUrl\":\"https:\\\/\\\/www.rassegnastampa-totustuus.it\\\/cattolica\\\/wp-content\\\/uploads\\\/2004\\\/11\\\/Shoa.jpg\",\"keywords\":[\"olocausto\",\"shoah\"],\"articleSection\":[\"Chiesa\",\"Chiesa ed ebrei\"],\"inLanguage\":\"it-IT\"},{\"@type\":\"WebPage\",\"@id\":\"https:\\\/\\\/www.rassegnastampa-totustuus.it\\\/cattolica\\\/sindrome-olocausto\\\/\",\"url\":\"https:\\\/\\\/www.rassegnastampa-totustuus.it\\\/cattolica\\\/sindrome-olocausto\\\/\",\"name\":\"Sindrome Olocausto - Rassegna Stampa Cattolica\",\"isPartOf\":{\"@id\":\"https:\\\/\\\/www.rassegnastampa-totustuus.it\\\/cattolica\\\/#website\"},\"primaryImageOfPage\":{\"@id\":\"https:\\\/\\\/www.rassegnastampa-totustuus.it\\\/cattolica\\\/sindrome-olocausto\\\/#primaryimage\"},\"image\":{\"@id\":\"https:\\\/\\\/www.rassegnastampa-totustuus.it\\\/cattolica\\\/sindrome-olocausto\\\/#primaryimage\"},\"thumbnailUrl\":\"https:\\\/\\\/www.rassegnastampa-totustuus.it\\\/cattolica\\\/wp-content\\\/uploads\\\/2004\\\/11\\\/Shoa.jpg\",\"datePublished\":\"2004-11-23T16:05:00+00:00\",\"dateModified\":\"2025-07-02T15:10:14+00:00\",\"description\":\"Sindrome Olocausto. Nella storiografia del XX secolo si \u00e8 diffusa la tendenza a leggere tutti i fatti in rapporto alla tragedia della Shoah.\",\"breadcrumb\":{\"@id\":\"https:\\\/\\\/www.rassegnastampa-totustuus.it\\\/cattolica\\\/sindrome-olocausto\\\/#breadcrumb\"},\"inLanguage\":\"it-IT\",\"potentialAction\":[{\"@type\":\"ReadAction\",\"target\":[\"https:\\\/\\\/www.rassegnastampa-totustuus.it\\\/cattolica\\\/sindrome-olocausto\\\/\"]}]},{\"@type\":\"ImageObject\",\"inLanguage\":\"it-IT\",\"@id\":\"https:\\\/\\\/www.rassegnastampa-totustuus.it\\\/cattolica\\\/sindrome-olocausto\\\/#primaryimage\",\"url\":\"https:\\\/\\\/www.rassegnastampa-totustuus.it\\\/cattolica\\\/wp-content\\\/uploads\\\/2004\\\/11\\\/Shoa.jpg\",\"contentUrl\":\"https:\\\/\\\/www.rassegnastampa-totustuus.it\\\/cattolica\\\/wp-content\\\/uploads\\\/2004\\\/11\\\/Shoa.jpg\",\"width\":265,\"height\":191},{\"@type\":\"BreadcrumbList\",\"@id\":\"https:\\\/\\\/www.rassegnastampa-totustuus.it\\\/cattolica\\\/sindrome-olocausto\\\/#breadcrumb\",\"itemListElement\":[{\"@type\":\"ListItem\",\"position\":1,\"name\":\"Home\",\"item\":\"https:\\\/\\\/www.rassegnastampa-totustuus.it\\\/cattolica\\\/\"},{\"@type\":\"ListItem\",\"position\":2,\"name\":\"Sindrome Olocausto\"}]},{\"@type\":\"WebSite\",\"@id\":\"https:\\\/\\\/www.rassegnastampa-totustuus.it\\\/cattolica\\\/#website\",\"url\":\"https:\\\/\\\/www.rassegnastampa-totustuus.it\\\/cattolica\\\/\",\"name\":\"Rassegna Stampa Cattolica\",\"description\":\"Per una cultura che nasce dalla Rivelazione cristiana in conformit\u00e0 alla tradizione e al Magistero della Chiesa in opposizione ad ogni relativismo e totalitarismo\",\"publisher\":{\"@id\":\"https:\\\/\\\/www.rassegnastampa-totustuus.it\\\/cattolica\\\/#organization\"},\"alternateName\":\"Rass. Cattolica\",\"potentialAction\":[{\"@type\":\"SearchAction\",\"target\":{\"@type\":\"EntryPoint\",\"urlTemplate\":\"https:\\\/\\\/www.rassegnastampa-totustuus.it\\\/cattolica\\\/?s={search_term_string}\"},\"query-input\":{\"@type\":\"PropertyValueSpecification\",\"valueRequired\":true,\"valueName\":\"search_term_string\"}}],\"inLanguage\":\"it-IT\"},{\"@type\":\"Organization\",\"@id\":\"https:\\\/\\\/www.rassegnastampa-totustuus.it\\\/cattolica\\\/#organization\",\"name\":\"Rassegna Stampa Cattolica\",\"url\":\"https:\\\/\\\/www.rassegnastampa-totustuus.it\\\/cattolica\\\/\",\"logo\":{\"@type\":\"ImageObject\",\"inLanguage\":\"it-IT\",\"@id\":\"https:\\\/\\\/www.rassegnastampa-totustuus.it\\\/cattolica\\\/#\\\/schema\\\/logo\\\/image\\\/\",\"url\":\"https:\\\/\\\/www.rassegnastampa-totustuus.it\\\/cattolica\\\/wp-content\\\/uploads\\\/2014\\\/04\\\/logo-rassegna1.gif\",\"contentUrl\":\"https:\\\/\\\/www.rassegnastampa-totustuus.it\\\/cattolica\\\/wp-content\\\/uploads\\\/2014\\\/04\\\/logo-rassegna1.gif\",\"width\":600,\"height\":163,\"caption\":\"Rassegna Stampa Cattolica\"},\"image\":{\"@id\":\"https:\\\/\\\/www.rassegnastampa-totustuus.it\\\/cattolica\\\/#\\\/schema\\\/logo\\\/image\\\/\"},\"sameAs\":[\"https:\\\/\\\/www.facebook.com\\\/rassegnastampacattolica\",\"https:\\\/\\\/x.com\\\/rassegnastampa9\"]},{\"@type\":\"Person\",\"@id\":\"https:\\\/\\\/www.rassegnastampa-totustuus.it\\\/cattolica\\\/#\\\/schema\\\/person\\\/08f319d2bd1a0904ad9e2bfb7b15e5c3\",\"name\":\"Redazione\",\"image\":{\"@type\":\"ImageObject\",\"inLanguage\":\"it-IT\",\"@id\":\"https:\\\/\\\/secure.gravatar.com\\\/avatar\\\/2fcdf27c78ea025fbdb44e914cc63c72249ffec9dc8aafd5c82b26240ef3f346?s=96&d=mm&r=g\",\"url\":\"https:\\\/\\\/secure.gravatar.com\\\/avatar\\\/2fcdf27c78ea025fbdb44e914cc63c72249ffec9dc8aafd5c82b26240ef3f346?s=96&d=mm&r=g\",\"contentUrl\":\"https:\\\/\\\/secure.gravatar.com\\\/avatar\\\/2fcdf27c78ea025fbdb44e914cc63c72249ffec9dc8aafd5c82b26240ef3f346?s=96&d=mm&r=g\",\"caption\":\"Redazione\"},\"url\":\"https:\\\/\\\/www.rassegnastampa-totustuus.it\\\/cattolica\\\/author\\\/pietroelle\\\/\"}]}<\/script>\n<!-- \/ Yoast SEO plugin. -->","yoast_head_json":{"title":"Sindrome Olocausto - Rassegna Stampa Cattolica","description":"Sindrome Olocausto. Nella storiografia del XX secolo si \u00e8 diffusa la tendenza a leggere tutti i fatti in rapporto alla tragedia della Shoah.","robots":{"index":"index","follow":"follow","max-snippet":"max-snippet:-1","max-image-preview":"max-image-preview:large","max-video-preview":"max-video-preview:-1"},"canonical":"https:\/\/www.rassegnastampa-totustuus.it\/cattolica\/sindrome-olocausto\/","og_locale":"it_IT","og_type":"article","og_title":"Sindrome Olocausto - Rassegna Stampa Cattolica","og_description":"Sindrome Olocausto. Nella storiografia del XX secolo si \u00e8 diffusa la tendenza a leggere tutti i fatti in rapporto alla tragedia della Shoah.","og_url":"https:\/\/www.rassegnastampa-totustuus.it\/cattolica\/sindrome-olocausto\/","og_site_name":"Rassegna Stampa Cattolica","article_publisher":"https:\/\/www.facebook.com\/rassegnastampacattolica","article_published_time":"2004-11-23T16:05:00+00:00","article_modified_time":"2025-07-02T15:10:14+00:00","og_image":[{"width":265,"height":191,"url":"https:\/\/www.rassegnastampa-totustuus.it\/cattolica\/wp-content\/uploads\/2004\/11\/Shoa.jpg","type":"image\/jpeg"}],"author":"Redazione","twitter_card":"summary_large_image","twitter_creator":"@rassegnastampa9","twitter_site":"@rassegnastampa9","twitter_misc":{"Scritto da":"Redazione","Tempo di lettura stimato":"12 minuti"},"schema":{"@context":"https:\/\/schema.org","@graph":[{"@type":"Article","@id":"https:\/\/www.rassegnastampa-totustuus.it\/cattolica\/sindrome-olocausto\/#article","isPartOf":{"@id":"https:\/\/www.rassegnastampa-totustuus.it\/cattolica\/sindrome-olocausto\/"},"author":{"name":"Redazione","@id":"https:\/\/www.rassegnastampa-totustuus.it\/cattolica\/#\/schema\/person\/08f319d2bd1a0904ad9e2bfb7b15e5c3"},"headline":"Sindrome Olocausto","datePublished":"2004-11-23T16:05:00+00:00","dateModified":"2025-07-02T15:10:14+00:00","mainEntityOfPage":{"@id":"https:\/\/www.rassegnastampa-totustuus.it\/cattolica\/sindrome-olocausto\/"},"wordCount":2101,"publisher":{"@id":"https:\/\/www.rassegnastampa-totustuus.it\/cattolica\/#organization"},"image":{"@id":"https:\/\/www.rassegnastampa-totustuus.it\/cattolica\/sindrome-olocausto\/#primaryimage"},"thumbnailUrl":"https:\/\/www.rassegnastampa-totustuus.it\/cattolica\/wp-content\/uploads\/2004\/11\/Shoa.jpg","keywords":["olocausto","shoah"],"articleSection":["Chiesa","Chiesa ed ebrei"],"inLanguage":"it-IT"},{"@type":"WebPage","@id":"https:\/\/www.rassegnastampa-totustuus.it\/cattolica\/sindrome-olocausto\/","url":"https:\/\/www.rassegnastampa-totustuus.it\/cattolica\/sindrome-olocausto\/","name":"Sindrome Olocausto - Rassegna Stampa Cattolica","isPartOf":{"@id":"https:\/\/www.rassegnastampa-totustuus.it\/cattolica\/#website"},"primaryImageOfPage":{"@id":"https:\/\/www.rassegnastampa-totustuus.it\/cattolica\/sindrome-olocausto\/#primaryimage"},"image":{"@id":"https:\/\/www.rassegnastampa-totustuus.it\/cattolica\/sindrome-olocausto\/#primaryimage"},"thumbnailUrl":"https:\/\/www.rassegnastampa-totustuus.it\/cattolica\/wp-content\/uploads\/2004\/11\/Shoa.jpg","datePublished":"2004-11-23T16:05:00+00:00","dateModified":"2025-07-02T15:10:14+00:00","description":"Sindrome Olocausto. Nella storiografia del XX secolo si \u00e8 diffusa la tendenza a leggere tutti i fatti in rapporto alla tragedia della Shoah.","breadcrumb":{"@id":"https:\/\/www.rassegnastampa-totustuus.it\/cattolica\/sindrome-olocausto\/#breadcrumb"},"inLanguage":"it-IT","potentialAction":[{"@type":"ReadAction","target":["https:\/\/www.rassegnastampa-totustuus.it\/cattolica\/sindrome-olocausto\/"]}]},{"@type":"ImageObject","inLanguage":"it-IT","@id":"https:\/\/www.rassegnastampa-totustuus.it\/cattolica\/sindrome-olocausto\/#primaryimage","url":"https:\/\/www.rassegnastampa-totustuus.it\/cattolica\/wp-content\/uploads\/2004\/11\/Shoa.jpg","contentUrl":"https:\/\/www.rassegnastampa-totustuus.it\/cattolica\/wp-content\/uploads\/2004\/11\/Shoa.jpg","width":265,"height":191},{"@type":"BreadcrumbList","@id":"https:\/\/www.rassegnastampa-totustuus.it\/cattolica\/sindrome-olocausto\/#breadcrumb","itemListElement":[{"@type":"ListItem","position":1,"name":"Home","item":"https:\/\/www.rassegnastampa-totustuus.it\/cattolica\/"},{"@type":"ListItem","position":2,"name":"Sindrome Olocausto"}]},{"@type":"WebSite","@id":"https:\/\/www.rassegnastampa-totustuus.it\/cattolica\/#website","url":"https:\/\/www.rassegnastampa-totustuus.it\/cattolica\/","name":"Rassegna Stampa Cattolica","description":"Per una cultura che nasce dalla Rivelazione cristiana in conformit\u00e0 alla tradizione e al Magistero della Chiesa in opposizione ad ogni relativismo e totalitarismo","publisher":{"@id":"https:\/\/www.rassegnastampa-totustuus.it\/cattolica\/#organization"},"alternateName":"Rass. Cattolica","potentialAction":[{"@type":"SearchAction","target":{"@type":"EntryPoint","urlTemplate":"https:\/\/www.rassegnastampa-totustuus.it\/cattolica\/?s={search_term_string}"},"query-input":{"@type":"PropertyValueSpecification","valueRequired":true,"valueName":"search_term_string"}}],"inLanguage":"it-IT"},{"@type":"Organization","@id":"https:\/\/www.rassegnastampa-totustuus.it\/cattolica\/#organization","name":"Rassegna Stampa Cattolica","url":"https:\/\/www.rassegnastampa-totustuus.it\/cattolica\/","logo":{"@type":"ImageObject","inLanguage":"it-IT","@id":"https:\/\/www.rassegnastampa-totustuus.it\/cattolica\/#\/schema\/logo\/image\/","url":"https:\/\/www.rassegnastampa-totustuus.it\/cattolica\/wp-content\/uploads\/2014\/04\/logo-rassegna1.gif","contentUrl":"https:\/\/www.rassegnastampa-totustuus.it\/cattolica\/wp-content\/uploads\/2014\/04\/logo-rassegna1.gif","width":600,"height":163,"caption":"Rassegna Stampa Cattolica"},"image":{"@id":"https:\/\/www.rassegnastampa-totustuus.it\/cattolica\/#\/schema\/logo\/image\/"},"sameAs":["https:\/\/www.facebook.com\/rassegnastampacattolica","https:\/\/x.com\/rassegnastampa9"]},{"@type":"Person","@id":"https:\/\/www.rassegnastampa-totustuus.it\/cattolica\/#\/schema\/person\/08f319d2bd1a0904ad9e2bfb7b15e5c3","name":"Redazione","image":{"@type":"ImageObject","inLanguage":"it-IT","@id":"https:\/\/secure.gravatar.com\/avatar\/2fcdf27c78ea025fbdb44e914cc63c72249ffec9dc8aafd5c82b26240ef3f346?s=96&d=mm&r=g","url":"https:\/\/secure.gravatar.com\/avatar\/2fcdf27c78ea025fbdb44e914cc63c72249ffec9dc8aafd5c82b26240ef3f346?s=96&d=mm&r=g","contentUrl":"https:\/\/secure.gravatar.com\/avatar\/2fcdf27c78ea025fbdb44e914cc63c72249ffec9dc8aafd5c82b26240ef3f346?s=96&d=mm&r=g","caption":"Redazione"},"url":"https:\/\/www.rassegnastampa-totustuus.it\/cattolica\/author\/pietroelle\/"}]}},"_links":{"self":[{"href":"https:\/\/www.rassegnastampa-totustuus.it\/cattolica\/wp-json\/wp\/v2\/posts\/200","targetHints":{"allow":["GET"]}}],"collection":[{"href":"https:\/\/www.rassegnastampa-totustuus.it\/cattolica\/wp-json\/wp\/v2\/posts"}],"about":[{"href":"https:\/\/www.rassegnastampa-totustuus.it\/cattolica\/wp-json\/wp\/v2\/types\/post"}],"author":[{"embeddable":true,"href":"https:\/\/www.rassegnastampa-totustuus.it\/cattolica\/wp-json\/wp\/v2\/users\/6"}],"replies":[{"embeddable":true,"href":"https:\/\/www.rassegnastampa-totustuus.it\/cattolica\/wp-json\/wp\/v2\/comments?post=200"}],"version-history":[{"count":4,"href":"https:\/\/www.rassegnastampa-totustuus.it\/cattolica\/wp-json\/wp\/v2\/posts\/200\/revisions"}],"predecessor-version":[{"id":62836,"href":"https:\/\/www.rassegnastampa-totustuus.it\/cattolica\/wp-json\/wp\/v2\/posts\/200\/revisions\/62836"}],"wp:featuredmedia":[{"embeddable":true,"href":"https:\/\/www.rassegnastampa-totustuus.it\/cattolica\/wp-json\/wp\/v2\/media\/30975"}],"wp:attachment":[{"href":"https:\/\/www.rassegnastampa-totustuus.it\/cattolica\/wp-json\/wp\/v2\/media?parent=200"}],"wp:term":[{"taxonomy":"category","embeddable":true,"href":"https:\/\/www.rassegnastampa-totustuus.it\/cattolica\/wp-json\/wp\/v2\/categories?post=200"},{"taxonomy":"post_tag","embeddable":true,"href":"https:\/\/www.rassegnastampa-totustuus.it\/cattolica\/wp-json\/wp\/v2\/tags?post=200"}],"curies":[{"name":"wp","href":"https:\/\/api.w.org\/{rel}","templated":true}]}}