{"id":1993,"date":"2006-04-20T00:00:00","date_gmt":"2006-04-19T22:00:00","guid":{"rendered":""},"modified":"2016-01-23T19:19:40","modified_gmt":"2016-01-23T18:19:40","slug":"il-vangelo-di-giuda-conosciuto-da-1800-anni","status":"publish","type":"post","link":"https:\/\/www.rassegnastampa-totustuus.it\/cattolica\/il-vangelo-di-giuda-conosciuto-da-1800-anni\/","title":{"rendered":"Il Vangelo di Giuda? Conosciuto da 1800 anni"},"content":{"rendered":"<div style=\"text-align: center;\"><a href=\"https:\/\/www.rassegnastampa-totustuus.it\/cattolica\/wp-content\/uploads\/2006\/04\/Vangelo_Giuda.jpg\"><img loading=\"lazy\" decoding=\"async\" class=\"alignright wp-image-29748\" src=\"https:\/\/www.rassegnastampa-totustuus.it\/cattolica\/wp-content\/uploads\/2006\/04\/Vangelo_Giuda.jpg\" alt=\"Vangelo_Giuda\" width=\"250\" height=\"170\" \/><\/a>Pubblicato sul <strong>Corriere della Sera. <\/strong><\/div>\n<div style=\"text-align: center;\">8 aprile 2006<\/div>\n<p style=\"text-align: center;\">di<strong> Vittorio Messori<\/strong><\/p>\n<p style=\"text-align: justify;\">No, non dovremo riscrivere le origini del cristianesimo; e la fede dei credenti non andr\u00e0 in crisi per la pubblicazione di un frammento del cosiddetto \u201cvangelo di Giuda\u201c. Per dirla subito, la clamorosa presentazione a Washington, davanti alla stampa mondiale appositamente convocata, \u00e8 soprattutto un\u2019operazione economica e, probabilmente, anche ideologica. Storia e teologia c\u2019entrano poco, gli specialisti veri sono al massimo incuriositi, non certo frementi di eccitazione per una \u201cnovit\u00e0\u201d che non \u00e8 tale e che, essi, gi\u00e0 conoscevano. Magari da pi\u00f9 di 1800 anni, visto che fu verso il 180 che Ireneo, vescovo di Lione ma greco e gran conoscitore del Medio Oriente, compose il suo <em>Contro le eresie<\/em>.<\/p>\n<p><!--more--><\/p>\n<div style=\"text-align: justify;\">In esso scrive, tra l\u2019altro: \u00abDicono che Giuda conosceva tutte queste cose e proprio perch\u00e9 egli solo conosceva tutta la verit\u00e0 pi\u00f9 degli altri, comp\u00ec il mistero del tradimento. Presentano queste invenzioni chiamandole il vangelo di Giuda\u00bb. Coloro che cos\u00ec insegnavano erano gnostici di una setta detta dei \u201cCainiti\u201c: proprio da Caino, venerato assieme al Serpente che tent\u00f2 Eva, a Cam, ai Sodomiti, a Esa\u00f9 e, appunto, a Giuda. Insomma, tutte le figure negative delle Scritture giudeo-cristiane. Ponendosi simili maestri, i Cainiti giustificavano ogni genere di oscenit\u00e0 e di delitti.<\/div>\n<p style=\"text-align: justify;\">Operazione economica, dunque, quella dell\u2019altro ieri, visto che il <em>National Geographic Magazine<\/em> \u00e8 tra i periodici pi\u00f9 redditizi del mondo, con edizioni in molte lingue, italiano compreso. La sua sponsorizzazione per la traduzione e la pubblicazione del papiro trovato tra le sabbie egiziane non \u00e8 certo disinteressata.<\/p>\n<p style=\"text-align: justify;\">Milioni di dollari verranno dall\u2019aumento delle vendite in edicola, dall\u2019acquisto del volume che sar\u00e0 proposto in combinata col giornale, dal documentario comprato gi\u00e0 da molte televisioni. Senza contare l\u2019enorme pubblicit\u00e0 determinata dal fatto che, ieri, i media di ogni continente hanno citato la testata.Non a caso si sono scelti, per il lancio, i giorni che precedono la Settimana Santa, quando in tutta la cristianit\u00e0 risuoner\u00e0 il nome di Giuda Iscariota e sar\u00e0 pi\u00f9 agevole che si parli di questo suo presunto \u201cVangelo\u201c.<\/p>\n<p style=\"text-align: justify;\">Se \u00e8 lecito un accenno personale: ieri, per tutta la giornata ho dovuto declinare inviti a partecipare a talk-show televisivi proprio su questa presunta scoperta. E alla mia sorpresa (\u00abMa \u00e8 la settimana dopo le elezioni, non sarete concentrati sui commenti? \u00bb) si replicava che, s\u00ec, la politica la far\u00e0 da padrona, ma l\u2019imminenza della Pasqua impone di inserire in palinsesto qualcosa che la riguardi.<\/p>\n<p style=\"text-align: justify;\">Perch\u00e9, dunque, non questa novit\u00e0 sull\u2019apostolo che trad\u00ec?Ma il forte odore di soldi ha aleggiato da subito attorno al papiro emerso negli anni Settanta dalla valle del Nilo, uno dei pochi luoghi (assieme al deserto di Giuda, da cui ci viene la biblioteca essenica di Qumr\u00e0n) dove l\u2019aridit\u00e0 del clima permetta la conservazione di materiali cos\u00ec fragili. Non \u00e8 pi\u00f9 il tempo in cui pastori beduini cedevano ai mercanti di Gerusalemme e del Cairo giare piene di manoscritti in cambio di poche monete d\u2019argento.<\/p>\n<p style=\"text-align: justify;\">Le biblioteche delle universit\u00e0 europee, americane, australiane, persino giapponesi, si affrontano in aste memorabili per assicurasi brandelli di manoscritti dei primi secoli cristiani. Come ormai di norma in simili casi, non sono chiare le vicissitudini commerciali di questo \u201cvangelo di Giuda\u201c, ma sembra certo che il lungo rotolo \u00a0sia stato tagliato in due. Una parte \u00e8 quella presentata a Washington con il massimo clamore mediatico, un\u2019altra parte sarebbe rimasta in cassaforte: il suo prezzo \u00e8 destinato a moltiplicarsi, visto l\u2019interesse con cui \u00e8 stata accolta la primizia.<\/p>\n<p style=\"text-align: justify;\">Operazione economica, dicevamo, ma probabilmente anche ideologica. Il <em>Codice Da Vinci<\/em> di Dan Brown \u00e8 solo l\u2019esempio pi\u00f9 fortunato di un filone che, da qualche anno, sembra un fiume in piena. Una pseudo-storia, una fanta-esegesi strizzano l\u2019occhio al lettore, ammonendolo che uno come lui non pu\u00f2 essere tanto sprovveduto da accettare il racconto delle Chiese \u201cufficiali\u201c \u2013a cominciare da quella cattolica\u2013 sulle origini cristiane.<\/p>\n<p style=\"text-align: justify;\">Mica \u00e8 come ce la contano da troppi secoli i preti, che sanno la verit\u00e0, ma ce la nascondono. Ad esempio, sono disposti a ricorrere all\u2019omicidio piuttosto che a far trapelare i \u201cveri\u201c rapporti tra Ges\u00f9 e Maria di Magdala, con le conseguenze che essi hanno avuto sulla storia dell\u2019Occidente. Il che, come si sa, \u00e8 la tesi centrale di Dan Brown che (come confermano i processi per plagio) non ha fatto altro che mescolare i contenuti di un cocktail stantio che gi\u00e0 nel 1988 Umberto Eco metteva in burla &#8211; ferocemente quanto inutilmente &#8211; nel suo <em>Pendolo di Foucault.<\/em><\/p>\n<p style=\"text-align: justify;\">Se questo, comunque, \u00e8 ci\u00f2 che vuole il mercato, come non approfittare di un autentico \u00abdocumento segreto\u00bb di un pezzo di quei \u00abvangeli apocrifi\u00bb in cui starebbe la verit\u00e0 celata, per ingolosire le masse, spingendole a comprare giornali, libri, vedere film, magari acquistare magliette, berretti, portachiavi ?<\/p>\n<p style=\"text-align: justify;\">I Dan Brown hanno ricostruito per voi la figura \u201cautentica\u201c della Maddalena, altri quella di Pietro, di Simone di Cirene, di Nicodemo, di Ges\u00f9 stesso: ecco a voi un Giuda come non avreste mai pensato, un amicone, un benefattore, un privilegiato da Dio, altro che lo sciagurato traditore di cui vi hanno sempre parlato quelle Chiese che vi menano per il naso. Carta, anzi papiro, canta&#8230;<\/p>\n<p style=\"text-align: justify;\">La strumentalizzazione ideologica del reperto si \u00e8 fatta esplicita, alla presentazione di Washington, quando qualcuno ha detto che \u2013 con il nuovo, benemerito Iscariota\u2013 si taglieranno le unghie all\u2019antigiudaismo cristiano. Questa, ha commentato il quotidiano cattolico, <em>Avvenire<\/em>, se \u00e8 vera non \u00e8 altro che \u00abuna demenziale intenzione di favorire il dialogo con l\u2019ebraismo\u00bb.<\/p>\n<p style=\"text-align: justify;\">Demenziale non solo perch\u00e9 il cristianesimo ha sempre saputo che, se un apostolo israelita trad\u00ec, gli altri undici erano israeliti quanto lui, come lo erano i 72 discepoli e le migliaia di primi seguaci. E molti di quegli ebrei, figli di ebrei, preferirono il martirio al rinnegamento. Ma demenziale anche perch\u00e9 la setta dei Cainiti, da cui viene il frammento, considerava il Dio degli ebrei come il Dio malvagio, in lotta mortale con quello buono, lo gnostico Dio Supremo.<\/p>\n<p style=\"text-align: justify;\">Distruggere lo Jahv\u00e9 delle Scritture era lo scopo finale della storia. E Giuda era da esaltare proprio come campione coraggioso di questa battaglia contro il ripugnante Demiurgo semitico. Insomma, malgrado i furbeschi ammiccamenti al \u201cdialogo\u201c, questo non potr\u00e0 proprio mettere tra i suoi testi fondanti il papiro offerto in vendita dagli editori americani.<\/p>\n<p style=\"text-align: center;\">_______________________<\/p>\n<p style=\"text-align: center;\"><strong>Corriere della Sera<\/strong> 14 aprile 2006<\/p>\n<p style=\"text-align: center;\"><strong>I denari e il potere<\/strong><\/p>\n<p style=\"text-align: center;\">di <strong>Vittorio Messori<\/strong><\/p>\n<p style=\"text-align: justify;\">Smettiamola, innanzitutto, con sciocchezze un po\u2019 ridicole. Come i titoli, ieri, di certi lanci di agenzia o di certi siti di Internet a commento dell\u2019omelia del papa alla liturgia che commemora l\u2019istituzione dell\u2019eucaristia. Titoli come &#8220;Benedetto XVI sconfessa \u201cil vangelo di Giuda\u201c&#8221;; oppure &#8220;Nessuna riabilitazione per l\u2019apostolo che pure non trad\u00ec, come ora sappiamo&#8221;.<\/p>\n<p style=\"text-align: justify;\">Come gi\u00e0 detto su queste stesse colonne, gi\u00e0 oltre diciotto secoli fa la Chiesa condann\u00f2 un\u2019eresia gnostica tra tante, quella dei \u201ccainiti\u201c che, valorizzando in chiave antiebraica le figure negative della Scrittura, ipotizzava un Iscariota benefico, traditore su commissione di Ges\u00f9 stesso.<\/p>\n<p style=\"text-align: justify;\">Da 1800 anni sapevamo della condanna dei Padri della\u00a0 Chiesa di questo pseudo-vangelo e, oltre al nome, ne conoscevano a larghi tratti i contenuti e le intenzioni. Sapevamo, dunque, su che cosa si basava la condanna. Il papiro pubblicato ora a cura del <em>National Geographic Magazine<\/em>, con un clamore mediatico sospettato non a torto di interesse commerciale, non ci rivela nulla di nuovo se non alcuni dei testi precisi sui quali cal\u00f2 l\u2019interdetto cattolico.<\/p>\n<p style=\"text-align: justify;\">Insomma: un frammento di apocrifo come tanti, una curiosit\u00e0 per specialisti sugli infiniti <em>deliramenta<\/em>\u00a0 della capacit\u00e0 orientale di costruire fantasiose eresie, non certo la rivelazione di un \u201caltro modo\u201c di leggere la figura di Giuda all\u2019interno della Chiesa apostolica. Se nessuno parla delle\u00a0\u00a0\u00a0 infinite bizzarrie eterodosse dei testi apocrifi del Nuovo Testamento, \u00a0forse non \u00e8 solo perch\u00e8 i giornalisti ne sanno poco, ma perch\u00e8 nessuna azienda ha pensato di sfruttarli per vendere riviste, libri, dvd. E anche perch\u00e8 non si \u00e8 deciso (almeno per il momento: ma ci stiamo arrivando) di inserire anch\u2019essi nel grottesco filone pseudo-biblico del quale Dan Brown \u00e8 solo lo spacciatore pi\u00f9 fortunato.<\/p>\n<p style=\"text-align: justify;\">Per venire a cose pi\u00f9 concrete: nel suo commento all\u2019apertura del Triduo Pasquale, Benedetto XVI ha mostrato di aderire ad una tra le \u00a0molte ipotesi che \u2013peraltro liberamente e legittimamente\u2013 dividono esegeti e teologi cristiani, non solo cattolici. Il papa, infatti, ha detto che Giuda -.<\/p>\n<p style=\"text-align: justify;\">E ha continuato: Questa dell\u2019attuale pontefice \u00e8 la lettura pi\u00f9 severa del mistero del tradimento. Per altri commentatori, non ci fu, all\u2019origine, il desiderio di soldi: le trenta monete d\u2019argento (non denari, assai preziosi, ma modesti sicli o stateri) non erano un gran somma, equivalevano al prezzo\u00a0\u00a0 di uno schiavo della qualit\u00e0 peggiore, vecchio e poco abile. Poich\u00e8\u00a0 l\u2019apostolo era l\u2019amministratore della comunit\u00e0 itinerante (mantenuta, con generosit\u00e0, da ricche mogli e vedove, oltre che da offerte di devoti e simpatizzanti), sarebbe stato pi\u00f9 proficuo fuggire con la cassa. Secondo alcuni, non il lucro ma proprio l\u2019amore deluso spiega il comportamento di Giuda.<\/p>\n<p style=\"text-align: justify;\">Alla pari dei suoi compagni, e di ogni ebreo del tempo, egli attendeva\u00a0 un Messia vincitore, un Inviato che \u2013in nome di Dio\u2013 liberasse Israele dall\u2019oppressione e gli sottomettesse gli altri popoli. La delusione and\u00f2 crescendo, davanti al rifiuto di Ges\u00f9 di assumere un ruolo politico; davanti al suo rifiuto di difendersi; davanti \u2013addirittura\u2013 al preannuncio della\u00a0 morte.<\/p>\n<p style=\"text-align: justify;\">E che morte, visto che la croce era per i romani il supplizio per gli schiavi e per gli ebrei il segno della maledizione divina! Soltanto per una finta Giuda avrebbe accettato dal sinedrio il modesto compenso per indicare dove il Maestro passasse le notti, cos\u00ec da poterlo arrestare. Era questo il modo \u2013pensava- \u00a0per mettere con le spalle al muro, per snidare\u00a0 quel Messia riluttante e cos\u00ec tardo\u00a0 a svelare il suo potere: per non essere catturato avrebbe finalmente mostrato quale fosse la potenza del Dio che lo aveva inviato.<\/p>\n<p style=\"text-align: justify;\">E, invece, non and\u00f2 cos\u00ec: Ges\u00f9 proib\u00ec agli apostoli ogni difesa con la spada, si lasci\u00f2 legare e percuotere, fu trascinato davanti al tribunale che avrebbe chiesto al governatore romano la sua morte. Da qui, la disperazione di Giuda, il crollo che lo port\u00f2 al suicidio. Ci\u00f2 che lo aveva mosso era, probabilmente, anche l\u2019interesse personale: quello di far parte del gruppo ristretto e intimo dei collaboratori del Messia destinato, finalmente, a trionfare come un grande re. E in questo \u00e8 d\u2019accordo papa Ratzinger, parlando di ricerca di .<\/p>\n<p style=\"text-align: justify;\">Ma poteva esserci anche, lo si diceva, l\u2019amore per quanto distorto, il desiderio di aiutare quel Galileo \u2013che tanto lo aveva attratto da indurlo a seguirlo per anni- a rompere gli indugi, a mostrare chi fosse veramente.<\/p>\n<p style=\"text-align: justify;\">Ipotesi, naturalmente, destinate a rimanere tali: Dio solo sa che cosa sia passato nel cuore di quello sventurato, quali siano state le motivazioni profonde della decisione fatale. Non a caso la Chiesa non prende posizione ufficiale su di esse e lascia libert\u00e0 ai biblisti, ai teologi, ai predicatori. Anche il papa, ovviamente, ha ogni facolt\u00e0 di \u00a0propendere per una congettura o per un\u2019altra, poich\u00e9 ci\u00f2 che conta \u00e8 la conseguenza sia storica che metastorica del gesto dell\u2019Iscariota.<\/p>\n<p style=\"text-align: justify;\">In ogni caso, anche per Giuda la Chiesa non viene meno alla sua convinzione di sempre: sa, cio\u00e8, di avere dal Cristo la possibilit\u00e0\u00a0 di affermare la salvezza eterna di un suo figlio, proclamando beati e santi. Ma sa di non potere affermare di nessuno che si sia perduto per sempre: indica alcuni degli abitanti del Paradiso, si astiene da ogni nome per l\u2019Inferno.<\/p>\n<p style=\"text-align: justify;\">E\u2019 un silenzio che vale per tutti, persino per colui del quale il Maestro disse le parole terribili : &#8220;Meglio per lui se non fosse mai nato&#8221;. Neppure questo, confermano concordi Santi e Dottori, permette agli uomini di porre limiti alla misericordia divina.<\/p>\n","protected":false},"excerpt":{"rendered":"<p>Pubblicato sul Corriere della Sera. 8 aprile 2006 di Vittorio Messori No, non dovremo riscrivere le origini del cristianesimo; e la fede dei credenti non andr\u00e0 in crisi per la pubblicazione di un frammento del cosiddetto \u201cvangelo di Giuda\u201c. Per dirla subito, la clamorosa presentazione a Washington, davanti alla stampa mondiale appositamente convocata, \u00e8 soprattutto &hellip; <\/p>\n<p><a class=\"more-link btn\" href=\"https:\/\/www.rassegnastampa-totustuus.it\/cattolica\/il-vangelo-di-giuda-conosciuto-da-1800-anni\/\">Continua a leggere<\/a><\/p>\n","protected":false},"author":6,"featured_media":29748,"comment_status":"closed","ping_status":"open","sticky":false,"template":"","format":"standard","meta":{"footnotes":""},"categories":[5,29],"tags":[1252],"class_list":["post-1993","post","type-post","status-publish","format-standard","has-post-thumbnail","hentry","category-chiesa","category-eresie-cristiane","tag-vangelo-di-giuda","item-wrap"],"yoast_head":"<!-- This site is optimized with the Yoast SEO plugin v27.5 - https:\/\/yoast.com\/product\/yoast-seo-wordpress\/ -->\n<title>Il Vangelo di Giuda? Conosciuto da 1800 anni - Rassegna Stampa Cattolica<\/title>\n<meta name=\"description\" content=\"Rassegna Stampa Cattolica - Per una cultura che nasce dalla Rivelazione cristiana in conformit\u00e0 alla tradizione e al Magistero della Chiesa in opposizione ad ogni relativismo e totalitarismo\" \/>\n<meta name=\"robots\" content=\"index, follow, max-snippet:-1, max-image-preview:large, max-video-preview:-1\" \/>\n<link rel=\"canonical\" href=\"https:\/\/www.rassegnastampa-totustuus.it\/cattolica\/il-vangelo-di-giuda-conosciuto-da-1800-anni\/\" \/>\n<meta property=\"og:locale\" content=\"it_IT\" \/>\n<meta property=\"og:type\" content=\"article\" \/>\n<meta property=\"og:title\" content=\"Il Vangelo di Giuda? Conosciuto da 1800 anni - Rassegna Stampa Cattolica\" \/>\n<meta property=\"og:description\" content=\"Rassegna Stampa Cattolica - Per una cultura che nasce dalla Rivelazione cristiana in conformit\u00e0 alla tradizione e al Magistero della Chiesa in opposizione ad ogni relativismo e totalitarismo\" \/>\n<meta property=\"og:url\" content=\"https:\/\/www.rassegnastampa-totustuus.it\/cattolica\/il-vangelo-di-giuda-conosciuto-da-1800-anni\/\" \/>\n<meta property=\"og:site_name\" content=\"Rassegna Stampa Cattolica\" \/>\n<meta property=\"article:publisher\" content=\"https:\/\/www.facebook.com\/rassegnastampacattolica\" \/>\n<meta property=\"article:published_time\" content=\"2006-04-19T22:00:00+00:00\" \/>\n<meta property=\"article:modified_time\" content=\"2016-01-23T18:19:40+00:00\" \/>\n<meta property=\"og:image\" content=\"https:\/\/www.rassegnastampa-totustuus.it\/cattolica\/wp-content\/uploads\/2006\/04\/Vangelo_Giuda.jpg\" \/>\n\t<meta property=\"og:image:width\" content=\"272\" \/>\n\t<meta property=\"og:image:height\" content=\"185\" \/>\n\t<meta property=\"og:image:type\" content=\"image\/jpeg\" \/>\n<meta name=\"author\" content=\"Redazione\" \/>\n<meta name=\"twitter:card\" content=\"summary_large_image\" \/>\n<meta name=\"twitter:creator\" content=\"@rassegnastampa9\" \/>\n<meta name=\"twitter:site\" content=\"@rassegnastampa9\" \/>\n<meta name=\"twitter:label1\" content=\"Scritto da\" \/>\n\t<meta name=\"twitter:data1\" content=\"Redazione\" \/>\n\t<meta name=\"twitter:label2\" content=\"Tempo di lettura stimato\" \/>\n\t<meta name=\"twitter:data2\" content=\"10 minuti\" \/>\n<script type=\"application\/ld+json\" class=\"yoast-schema-graph\">{\"@context\":\"https:\\\/\\\/schema.org\",\"@graph\":[{\"@type\":\"Article\",\"@id\":\"https:\\\/\\\/www.rassegnastampa-totustuus.it\\\/cattolica\\\/il-vangelo-di-giuda-conosciuto-da-1800-anni\\\/#article\",\"isPartOf\":{\"@id\":\"https:\\\/\\\/www.rassegnastampa-totustuus.it\\\/cattolica\\\/il-vangelo-di-giuda-conosciuto-da-1800-anni\\\/\"},\"author\":{\"name\":\"Redazione\",\"@id\":\"https:\\\/\\\/www.rassegnastampa-totustuus.it\\\/cattolica\\\/#\\\/schema\\\/person\\\/08f319d2bd1a0904ad9e2bfb7b15e5c3\"},\"headline\":\"Il Vangelo di Giuda? Conosciuto da 1800 anni\",\"datePublished\":\"2006-04-19T22:00:00+00:00\",\"dateModified\":\"2016-01-23T18:19:40+00:00\",\"mainEntityOfPage\":{\"@id\":\"https:\\\/\\\/www.rassegnastampa-totustuus.it\\\/cattolica\\\/il-vangelo-di-giuda-conosciuto-da-1800-anni\\\/\"},\"wordCount\":1950,\"publisher\":{\"@id\":\"https:\\\/\\\/www.rassegnastampa-totustuus.it\\\/cattolica\\\/#organization\"},\"image\":{\"@id\":\"https:\\\/\\\/www.rassegnastampa-totustuus.it\\\/cattolica\\\/il-vangelo-di-giuda-conosciuto-da-1800-anni\\\/#primaryimage\"},\"thumbnailUrl\":\"https:\\\/\\\/www.rassegnastampa-totustuus.it\\\/cattolica\\\/wp-content\\\/uploads\\\/2006\\\/04\\\/Vangelo_Giuda.jpg\",\"keywords\":[\"vangelo di Giuda\"],\"articleSection\":[\"Chiesa\",\"Eresie cristiane\"],\"inLanguage\":\"it-IT\"},{\"@type\":\"WebPage\",\"@id\":\"https:\\\/\\\/www.rassegnastampa-totustuus.it\\\/cattolica\\\/il-vangelo-di-giuda-conosciuto-da-1800-anni\\\/\",\"url\":\"https:\\\/\\\/www.rassegnastampa-totustuus.it\\\/cattolica\\\/il-vangelo-di-giuda-conosciuto-da-1800-anni\\\/\",\"name\":\"Il Vangelo di Giuda? Conosciuto da 1800 anni - Rassegna Stampa Cattolica\",\"isPartOf\":{\"@id\":\"https:\\\/\\\/www.rassegnastampa-totustuus.it\\\/cattolica\\\/#website\"},\"primaryImageOfPage\":{\"@id\":\"https:\\\/\\\/www.rassegnastampa-totustuus.it\\\/cattolica\\\/il-vangelo-di-giuda-conosciuto-da-1800-anni\\\/#primaryimage\"},\"image\":{\"@id\":\"https:\\\/\\\/www.rassegnastampa-totustuus.it\\\/cattolica\\\/il-vangelo-di-giuda-conosciuto-da-1800-anni\\\/#primaryimage\"},\"thumbnailUrl\":\"https:\\\/\\\/www.rassegnastampa-totustuus.it\\\/cattolica\\\/wp-content\\\/uploads\\\/2006\\\/04\\\/Vangelo_Giuda.jpg\",\"datePublished\":\"2006-04-19T22:00:00+00:00\",\"dateModified\":\"2016-01-23T18:19:40+00:00\",\"description\":\"Rassegna Stampa Cattolica - Per una cultura che nasce dalla Rivelazione cristiana in conformit\u00e0 alla tradizione e al Magistero della Chiesa in opposizione ad ogni relativismo e totalitarismo\",\"breadcrumb\":{\"@id\":\"https:\\\/\\\/www.rassegnastampa-totustuus.it\\\/cattolica\\\/il-vangelo-di-giuda-conosciuto-da-1800-anni\\\/#breadcrumb\"},\"inLanguage\":\"it-IT\",\"potentialAction\":[{\"@type\":\"ReadAction\",\"target\":[\"https:\\\/\\\/www.rassegnastampa-totustuus.it\\\/cattolica\\\/il-vangelo-di-giuda-conosciuto-da-1800-anni\\\/\"]}]},{\"@type\":\"ImageObject\",\"inLanguage\":\"it-IT\",\"@id\":\"https:\\\/\\\/www.rassegnastampa-totustuus.it\\\/cattolica\\\/il-vangelo-di-giuda-conosciuto-da-1800-anni\\\/#primaryimage\",\"url\":\"https:\\\/\\\/www.rassegnastampa-totustuus.it\\\/cattolica\\\/wp-content\\\/uploads\\\/2006\\\/04\\\/Vangelo_Giuda.jpg\",\"contentUrl\":\"https:\\\/\\\/www.rassegnastampa-totustuus.it\\\/cattolica\\\/wp-content\\\/uploads\\\/2006\\\/04\\\/Vangelo_Giuda.jpg\",\"width\":272,\"height\":185},{\"@type\":\"BreadcrumbList\",\"@id\":\"https:\\\/\\\/www.rassegnastampa-totustuus.it\\\/cattolica\\\/il-vangelo-di-giuda-conosciuto-da-1800-anni\\\/#breadcrumb\",\"itemListElement\":[{\"@type\":\"ListItem\",\"position\":1,\"name\":\"Home\",\"item\":\"https:\\\/\\\/www.rassegnastampa-totustuus.it\\\/cattolica\\\/\"},{\"@type\":\"ListItem\",\"position\":2,\"name\":\"Il Vangelo di Giuda? Conosciuto da 1800 anni\"}]},{\"@type\":\"WebSite\",\"@id\":\"https:\\\/\\\/www.rassegnastampa-totustuus.it\\\/cattolica\\\/#website\",\"url\":\"https:\\\/\\\/www.rassegnastampa-totustuus.it\\\/cattolica\\\/\",\"name\":\"Rassegna Stampa Cattolica\",\"description\":\"Per una cultura che nasce dalla Rivelazione cristiana in conformit\u00e0 alla tradizione e al Magistero della Chiesa in opposizione ad ogni relativismo e totalitarismo\",\"publisher\":{\"@id\":\"https:\\\/\\\/www.rassegnastampa-totustuus.it\\\/cattolica\\\/#organization\"},\"alternateName\":\"Rass. Cattolica\",\"potentialAction\":[{\"@type\":\"SearchAction\",\"target\":{\"@type\":\"EntryPoint\",\"urlTemplate\":\"https:\\\/\\\/www.rassegnastampa-totustuus.it\\\/cattolica\\\/?s={search_term_string}\"},\"query-input\":{\"@type\":\"PropertyValueSpecification\",\"valueRequired\":true,\"valueName\":\"search_term_string\"}}],\"inLanguage\":\"it-IT\"},{\"@type\":\"Organization\",\"@id\":\"https:\\\/\\\/www.rassegnastampa-totustuus.it\\\/cattolica\\\/#organization\",\"name\":\"Rassegna Stampa Cattolica\",\"url\":\"https:\\\/\\\/www.rassegnastampa-totustuus.it\\\/cattolica\\\/\",\"logo\":{\"@type\":\"ImageObject\",\"inLanguage\":\"it-IT\",\"@id\":\"https:\\\/\\\/www.rassegnastampa-totustuus.it\\\/cattolica\\\/#\\\/schema\\\/logo\\\/image\\\/\",\"url\":\"https:\\\/\\\/www.rassegnastampa-totustuus.it\\\/cattolica\\\/wp-content\\\/uploads\\\/2014\\\/04\\\/logo-rassegna1.gif\",\"contentUrl\":\"https:\\\/\\\/www.rassegnastampa-totustuus.it\\\/cattolica\\\/wp-content\\\/uploads\\\/2014\\\/04\\\/logo-rassegna1.gif\",\"width\":600,\"height\":163,\"caption\":\"Rassegna Stampa Cattolica\"},\"image\":{\"@id\":\"https:\\\/\\\/www.rassegnastampa-totustuus.it\\\/cattolica\\\/#\\\/schema\\\/logo\\\/image\\\/\"},\"sameAs\":[\"https:\\\/\\\/www.facebook.com\\\/rassegnastampacattolica\",\"https:\\\/\\\/x.com\\\/rassegnastampa9\"]},{\"@type\":\"Person\",\"@id\":\"https:\\\/\\\/www.rassegnastampa-totustuus.it\\\/cattolica\\\/#\\\/schema\\\/person\\\/08f319d2bd1a0904ad9e2bfb7b15e5c3\",\"name\":\"Redazione\",\"image\":{\"@type\":\"ImageObject\",\"inLanguage\":\"it-IT\",\"@id\":\"https:\\\/\\\/secure.gravatar.com\\\/avatar\\\/2fcdf27c78ea025fbdb44e914cc63c72249ffec9dc8aafd5c82b26240ef3f346?s=96&d=mm&r=g\",\"url\":\"https:\\\/\\\/secure.gravatar.com\\\/avatar\\\/2fcdf27c78ea025fbdb44e914cc63c72249ffec9dc8aafd5c82b26240ef3f346?s=96&d=mm&r=g\",\"contentUrl\":\"https:\\\/\\\/secure.gravatar.com\\\/avatar\\\/2fcdf27c78ea025fbdb44e914cc63c72249ffec9dc8aafd5c82b26240ef3f346?s=96&d=mm&r=g\",\"caption\":\"Redazione\"},\"url\":\"https:\\\/\\\/www.rassegnastampa-totustuus.it\\\/cattolica\\\/author\\\/pietroelle\\\/\"}]}<\/script>\n<!-- \/ Yoast SEO plugin. -->","yoast_head_json":{"title":"Il Vangelo di Giuda? Conosciuto da 1800 anni - Rassegna Stampa Cattolica","description":"Rassegna Stampa Cattolica - Per una cultura che nasce dalla Rivelazione cristiana in conformit\u00e0 alla tradizione e al Magistero della Chiesa in opposizione ad ogni relativismo e totalitarismo","robots":{"index":"index","follow":"follow","max-snippet":"max-snippet:-1","max-image-preview":"max-image-preview:large","max-video-preview":"max-video-preview:-1"},"canonical":"https:\/\/www.rassegnastampa-totustuus.it\/cattolica\/il-vangelo-di-giuda-conosciuto-da-1800-anni\/","og_locale":"it_IT","og_type":"article","og_title":"Il Vangelo di Giuda? Conosciuto da 1800 anni - Rassegna Stampa Cattolica","og_description":"Rassegna Stampa Cattolica - Per una cultura che nasce dalla Rivelazione cristiana in conformit\u00e0 alla tradizione e al Magistero della Chiesa in opposizione ad ogni relativismo e totalitarismo","og_url":"https:\/\/www.rassegnastampa-totustuus.it\/cattolica\/il-vangelo-di-giuda-conosciuto-da-1800-anni\/","og_site_name":"Rassegna Stampa Cattolica","article_publisher":"https:\/\/www.facebook.com\/rassegnastampacattolica","article_published_time":"2006-04-19T22:00:00+00:00","article_modified_time":"2016-01-23T18:19:40+00:00","og_image":[{"width":272,"height":185,"url":"https:\/\/www.rassegnastampa-totustuus.it\/cattolica\/wp-content\/uploads\/2006\/04\/Vangelo_Giuda.jpg","type":"image\/jpeg"}],"author":"Redazione","twitter_card":"summary_large_image","twitter_creator":"@rassegnastampa9","twitter_site":"@rassegnastampa9","twitter_misc":{"Scritto da":"Redazione","Tempo di lettura stimato":"10 minuti"},"schema":{"@context":"https:\/\/schema.org","@graph":[{"@type":"Article","@id":"https:\/\/www.rassegnastampa-totustuus.it\/cattolica\/il-vangelo-di-giuda-conosciuto-da-1800-anni\/#article","isPartOf":{"@id":"https:\/\/www.rassegnastampa-totustuus.it\/cattolica\/il-vangelo-di-giuda-conosciuto-da-1800-anni\/"},"author":{"name":"Redazione","@id":"https:\/\/www.rassegnastampa-totustuus.it\/cattolica\/#\/schema\/person\/08f319d2bd1a0904ad9e2bfb7b15e5c3"},"headline":"Il Vangelo di Giuda? Conosciuto da 1800 anni","datePublished":"2006-04-19T22:00:00+00:00","dateModified":"2016-01-23T18:19:40+00:00","mainEntityOfPage":{"@id":"https:\/\/www.rassegnastampa-totustuus.it\/cattolica\/il-vangelo-di-giuda-conosciuto-da-1800-anni\/"},"wordCount":1950,"publisher":{"@id":"https:\/\/www.rassegnastampa-totustuus.it\/cattolica\/#organization"},"image":{"@id":"https:\/\/www.rassegnastampa-totustuus.it\/cattolica\/il-vangelo-di-giuda-conosciuto-da-1800-anni\/#primaryimage"},"thumbnailUrl":"https:\/\/www.rassegnastampa-totustuus.it\/cattolica\/wp-content\/uploads\/2006\/04\/Vangelo_Giuda.jpg","keywords":["vangelo di Giuda"],"articleSection":["Chiesa","Eresie cristiane"],"inLanguage":"it-IT"},{"@type":"WebPage","@id":"https:\/\/www.rassegnastampa-totustuus.it\/cattolica\/il-vangelo-di-giuda-conosciuto-da-1800-anni\/","url":"https:\/\/www.rassegnastampa-totustuus.it\/cattolica\/il-vangelo-di-giuda-conosciuto-da-1800-anni\/","name":"Il Vangelo di Giuda? Conosciuto da 1800 anni - Rassegna Stampa Cattolica","isPartOf":{"@id":"https:\/\/www.rassegnastampa-totustuus.it\/cattolica\/#website"},"primaryImageOfPage":{"@id":"https:\/\/www.rassegnastampa-totustuus.it\/cattolica\/il-vangelo-di-giuda-conosciuto-da-1800-anni\/#primaryimage"},"image":{"@id":"https:\/\/www.rassegnastampa-totustuus.it\/cattolica\/il-vangelo-di-giuda-conosciuto-da-1800-anni\/#primaryimage"},"thumbnailUrl":"https:\/\/www.rassegnastampa-totustuus.it\/cattolica\/wp-content\/uploads\/2006\/04\/Vangelo_Giuda.jpg","datePublished":"2006-04-19T22:00:00+00:00","dateModified":"2016-01-23T18:19:40+00:00","description":"Rassegna Stampa Cattolica - Per una cultura che nasce dalla Rivelazione cristiana in conformit\u00e0 alla tradizione e al Magistero della Chiesa in opposizione ad ogni relativismo e totalitarismo","breadcrumb":{"@id":"https:\/\/www.rassegnastampa-totustuus.it\/cattolica\/il-vangelo-di-giuda-conosciuto-da-1800-anni\/#breadcrumb"},"inLanguage":"it-IT","potentialAction":[{"@type":"ReadAction","target":["https:\/\/www.rassegnastampa-totustuus.it\/cattolica\/il-vangelo-di-giuda-conosciuto-da-1800-anni\/"]}]},{"@type":"ImageObject","inLanguage":"it-IT","@id":"https:\/\/www.rassegnastampa-totustuus.it\/cattolica\/il-vangelo-di-giuda-conosciuto-da-1800-anni\/#primaryimage","url":"https:\/\/www.rassegnastampa-totustuus.it\/cattolica\/wp-content\/uploads\/2006\/04\/Vangelo_Giuda.jpg","contentUrl":"https:\/\/www.rassegnastampa-totustuus.it\/cattolica\/wp-content\/uploads\/2006\/04\/Vangelo_Giuda.jpg","width":272,"height":185},{"@type":"BreadcrumbList","@id":"https:\/\/www.rassegnastampa-totustuus.it\/cattolica\/il-vangelo-di-giuda-conosciuto-da-1800-anni\/#breadcrumb","itemListElement":[{"@type":"ListItem","position":1,"name":"Home","item":"https:\/\/www.rassegnastampa-totustuus.it\/cattolica\/"},{"@type":"ListItem","position":2,"name":"Il Vangelo di Giuda? Conosciuto da 1800 anni"}]},{"@type":"WebSite","@id":"https:\/\/www.rassegnastampa-totustuus.it\/cattolica\/#website","url":"https:\/\/www.rassegnastampa-totustuus.it\/cattolica\/","name":"Rassegna Stampa Cattolica","description":"Per una cultura che nasce dalla Rivelazione cristiana in conformit\u00e0 alla tradizione e al Magistero della Chiesa in opposizione ad ogni relativismo e totalitarismo","publisher":{"@id":"https:\/\/www.rassegnastampa-totustuus.it\/cattolica\/#organization"},"alternateName":"Rass. Cattolica","potentialAction":[{"@type":"SearchAction","target":{"@type":"EntryPoint","urlTemplate":"https:\/\/www.rassegnastampa-totustuus.it\/cattolica\/?s={search_term_string}"},"query-input":{"@type":"PropertyValueSpecification","valueRequired":true,"valueName":"search_term_string"}}],"inLanguage":"it-IT"},{"@type":"Organization","@id":"https:\/\/www.rassegnastampa-totustuus.it\/cattolica\/#organization","name":"Rassegna Stampa Cattolica","url":"https:\/\/www.rassegnastampa-totustuus.it\/cattolica\/","logo":{"@type":"ImageObject","inLanguage":"it-IT","@id":"https:\/\/www.rassegnastampa-totustuus.it\/cattolica\/#\/schema\/logo\/image\/","url":"https:\/\/www.rassegnastampa-totustuus.it\/cattolica\/wp-content\/uploads\/2014\/04\/logo-rassegna1.gif","contentUrl":"https:\/\/www.rassegnastampa-totustuus.it\/cattolica\/wp-content\/uploads\/2014\/04\/logo-rassegna1.gif","width":600,"height":163,"caption":"Rassegna Stampa Cattolica"},"image":{"@id":"https:\/\/www.rassegnastampa-totustuus.it\/cattolica\/#\/schema\/logo\/image\/"},"sameAs":["https:\/\/www.facebook.com\/rassegnastampacattolica","https:\/\/x.com\/rassegnastampa9"]},{"@type":"Person","@id":"https:\/\/www.rassegnastampa-totustuus.it\/cattolica\/#\/schema\/person\/08f319d2bd1a0904ad9e2bfb7b15e5c3","name":"Redazione","image":{"@type":"ImageObject","inLanguage":"it-IT","@id":"https:\/\/secure.gravatar.com\/avatar\/2fcdf27c78ea025fbdb44e914cc63c72249ffec9dc8aafd5c82b26240ef3f346?s=96&d=mm&r=g","url":"https:\/\/secure.gravatar.com\/avatar\/2fcdf27c78ea025fbdb44e914cc63c72249ffec9dc8aafd5c82b26240ef3f346?s=96&d=mm&r=g","contentUrl":"https:\/\/secure.gravatar.com\/avatar\/2fcdf27c78ea025fbdb44e914cc63c72249ffec9dc8aafd5c82b26240ef3f346?s=96&d=mm&r=g","caption":"Redazione"},"url":"https:\/\/www.rassegnastampa-totustuus.it\/cattolica\/author\/pietroelle\/"}]}},"_links":{"self":[{"href":"https:\/\/www.rassegnastampa-totustuus.it\/cattolica\/wp-json\/wp\/v2\/posts\/1993","targetHints":{"allow":["GET"]}}],"collection":[{"href":"https:\/\/www.rassegnastampa-totustuus.it\/cattolica\/wp-json\/wp\/v2\/posts"}],"about":[{"href":"https:\/\/www.rassegnastampa-totustuus.it\/cattolica\/wp-json\/wp\/v2\/types\/post"}],"author":[{"embeddable":true,"href":"https:\/\/www.rassegnastampa-totustuus.it\/cattolica\/wp-json\/wp\/v2\/users\/6"}],"replies":[{"embeddable":true,"href":"https:\/\/www.rassegnastampa-totustuus.it\/cattolica\/wp-json\/wp\/v2\/comments?post=1993"}],"version-history":[{"count":4,"href":"https:\/\/www.rassegnastampa-totustuus.it\/cattolica\/wp-json\/wp\/v2\/posts\/1993\/revisions"}],"predecessor-version":[{"id":29749,"href":"https:\/\/www.rassegnastampa-totustuus.it\/cattolica\/wp-json\/wp\/v2\/posts\/1993\/revisions\/29749"}],"wp:featuredmedia":[{"embeddable":true,"href":"https:\/\/www.rassegnastampa-totustuus.it\/cattolica\/wp-json\/wp\/v2\/media\/29748"}],"wp:attachment":[{"href":"https:\/\/www.rassegnastampa-totustuus.it\/cattolica\/wp-json\/wp\/v2\/media?parent=1993"}],"wp:term":[{"taxonomy":"category","embeddable":true,"href":"https:\/\/www.rassegnastampa-totustuus.it\/cattolica\/wp-json\/wp\/v2\/categories?post=1993"},{"taxonomy":"post_tag","embeddable":true,"href":"https:\/\/www.rassegnastampa-totustuus.it\/cattolica\/wp-json\/wp\/v2\/tags?post=1993"}],"curies":[{"name":"wp","href":"https:\/\/api.w.org\/{rel}","templated":true}]}}