{"id":1986,"date":"2006-04-14T00:00:00","date_gmt":"2006-04-13T22:00:00","guid":{"rendered":""},"modified":"2015-11-12T10:00:06","modified_gmt":"2015-11-12T09:00:06","slug":"darwin-e-la-domanda-sulluomo-un-libro-di-robert-spaemann","status":"publish","type":"post","link":"https:\/\/www.rassegnastampa-totustuus.it\/cattolica\/darwin-e-la-domanda-sulluomo-un-libro-di-robert-spaemann\/","title":{"rendered":"Darwin e la domanda sull&#8217;uomo. Un libro di Robert Spaemann"},"content":{"rendered":"<div style=\"text-align: center;\"><a href=\"https:\/\/www.rassegnastampa-totustuus.it\/cattolica\/wp-content\/uploads\/2006\/04\/Spaesman_cover.jpg\"><img loading=\"lazy\" decoding=\"async\" class=\"alignright wp-image-27522\" src=\"https:\/\/www.rassegnastampa-totustuus.it\/cattolica\/wp-content\/uploads\/2006\/04\/Spaesman_cover.jpg\" alt=\"Spaesman_cover\" width=\"134\" height=\"200\" \/><\/a>Agenzia <strong>ZENIT &#8211; Il mondo visto da Roma<\/strong> 27 marzo 2006<\/div>\n<p style=\"text-align: justify;\">ROMA &#8211; \u201cAlla domanda capziosa \u201cche cosa eravamo quando non eravamo ancora quello che siamo?\u201d si d\u00e0 la sola risposta che si merita: non eravamo qualcosa d&#8217;altro, semplicemente non c&#8217;eravamo ancora\u201d.\u00a0 E&#8217; la risposta a cui \u00e8 giunto il filosofo tedesco Robert Spaemann, professore emerito presso la Ludwig-Maximilians-Universit\u00e4t di Monaco di Baviera, in una raccolta di suoi saggi pubblicati dalle Edizioni dell&#8217;Universit\u00e0 Pontificia della Santa Croce (EDUSC) intitolata &#8220;Natura e Ragione&#8221;.<\/p>\n<p style=\"text-align: justify;\">Il testo mira a tornare a porre la domanda sull&#8217;uomo contro ogni altra pretesa del riduzionismo scientista, ed esce in un momento di grande frizione nella cristianit\u00e0 circa l&#8217;eredit\u00e0 di Charles Darwin, spiega un comunicato delle suddette Edizioni.<\/p>\n<p><!--more--><\/p>\n<p style=\"text-align: justify;\">Insieme a quella di Christof Sch\u00f6nborn, Cardinale di Vienna, l&#8217;analisi filosofica di Spaemann \u00e8 tra le pi\u00f9 profonde all&#8217;interno della cultura cattolica.\u201cChiedersi che cos&#8217;\u00e8 l&#8217;uomo \u00e8 diventato difficile in un&#8217;epoca come la nostra, caratterizzata da una visione scientista del mondo \u2013 si legge sulla quarta di copertina \u2013.<\/p>\n<p style=\"text-align: justify;\">La scienza moderna si \u00e8, infatti, proposta di considerare ogni realt\u00e0 naturale semplicemente come oggetto per poter cos\u00ec sottomettere ogni cosa al potere dell&#8217;uomo. Ma dopo aver tolto alla natura ogni somiglianza con l&#8217;umano, lo scientismo pretende di dire all&#8217;uomo che anche lui non \u00e8 altro che una parte di quella stessa natura&#8221;.<\/p>\n<p style=\"text-align: justify;\">Rifiutare il riduzionismo scientifico, per Spaemann, non significa accontentarsi di un&#8217;antropologia filosofica che ne ignori semplicemente la sfida. \u201cLa chiave di un&#8217;antropologia adeguata sta per il filosofo tedesco in un&#8217;idea di natura che ne colga il carattere teleologico e in un&#8217;idea di ragione che non dimentichi il rapporto che c&#8217;\u00e8 tra questa e la natura\u201d, si legge nel comunicato.<\/p>\n<p style=\"text-align: justify;\">Sono queste le idee sviluppate nei quattro saggi che costituiscono &#8220;Natura e Ragione&#8221;.<\/p>\n<p style=\"text-align: justify;\">Dopo aver riflettuto nel primo saggio sul modo in cui la nozione di natura umana pu\u00f2 sfuggire al sempre risorgente dualismo di \u201cnatura\u201d e \u201cspirito\u201d, nel secondo saggio l\u2019autore rivolge la sua attenzione alla teoria dell&#8217;evoluzione. Confrontarsi con questo tema sembra infatti necessario per un&#8217;antropologia che accetta il dialogo con la scienza.<\/p>\n<p style=\"text-align: justify;\">Spaemann si chiede cosa la teoria dell&#8217;evoluzione sia in grado di spiegare e in che senso l&#8217;evoluzionismo sia compatibile con l&#8217;immagine che noi abbiamo di noi stessi.<\/p>\n<p style=\"text-align: justify;\">\u201cSoltanto alla luce di una concezione adeguata della natura umana diventa comprensibile dunque la nozione di dignit\u00e0 dell&#8217;uomo di cui tratta il terzo saggio. L&#8217;ultimo saggio affronta il rapporto di natura e ragione, mostrando come la nozione di natura sia ambigua: ci\u00f2 che \u00e8 \u2018conforme alla natura\u2019 non \u00e8 ci\u00f2 che \u00e8 \u2018allo stato naturale\u2019. Ci\u00f2 che caratterizza l&#8217;uomo come essere ragionevole \u00e8 per\u00f2 proprio la capacit\u00e0 di riconoscere l&#8217;altro nella sua realt\u00e0 aprendosi a lui nell&#8217;amore\u201d.<\/p>\n<p style=\"text-align: justify;\">La nuova sfida rappresentata dall&#8217;evoluzione si presenta dunque in una duplice veste: \u201carrivare per la prima volta a ricostruire nel quadro di una scienza ateleologica proprio la genesi di quella soggettivit\u00e0 di cui parlava Kant e in secondo luogo la pretesa di interpretare in modo realistico quella ricostruzione\u201d.<\/p>\n<p style=\"text-align: justify;\">Dietro gli sforzi per la diffusione dell&#8217;evoluzionismo, secondo Spaemann c\u2019\u00e8 una motivazione di carattere ideologico. \u201cPer l&#8217;evoluzionismo non vi \u00e8 cessazione dell&#8217;essere di qualcosa, ma soltanto cambiamento. Allora \u00e8 chiaro che noi siamo scimmie trasformate e naturalmente questo crea delle difficolt\u00e0 all&#8217;immagine che noi abbiamo di noi stessi. D&#8217;altra parte le scimmie sono i precursori delle scimmie che si sono trasformati e cos\u00ec via: non arriviamo mai all&#8217;ente. Quello che esiste \u00e8 soltanto il processo del divenire\u201d.<\/p>\n<p style=\"text-align: justify;\">Ci\u00f2 che caratterizza allora l&#8217;evoluzionismo \u00e8 \u201cl&#8217;esclusione di ogni somiglianza tra la <em>res extensa<\/em> e la <em>res cogitans<\/em>, il divieto dell&#8217;antropomorfismo in favore di un radicale antropocentrismo\u201d.<\/p>\n<p style=\"text-align: justify;\">\u201dSe noi vogliamo continuare a concepirci come soggetti e vogliamo continuare ad associare un qualche senso alla nozione di dignit\u00e0 umana, allora il compito di un&#8217;ontologia adeguata dovr\u00e0 essere formulato, parafrasando una nota espressione di Hegel, nei seguenti termini: \u2018Quello che importa \u00e8 concepire i soggetti come sostanze\u2019. Affermare che l&#8217;uomo trascende l&#8217;uomo \u00e8 quacosa di pi\u00f9 di una bella frase\u201d.<\/p>\n","protected":false},"excerpt":{"rendered":"<p>Agenzia ZENIT &#8211; Il mondo visto da Roma 27 marzo 2006 ROMA &#8211; \u201cAlla domanda capziosa \u201cche cosa eravamo quando non eravamo ancora quello che siamo?\u201d si d\u00e0 la sola risposta che si merita: non eravamo qualcosa d&#8217;altro, semplicemente non c&#8217;eravamo ancora\u201d.\u00a0 E&#8217; la risposta a cui \u00e8 giunto il filosofo tedesco Robert Spaemann, professore &hellip; <\/p>\n<p><a class=\"more-link btn\" href=\"https:\/\/www.rassegnastampa-totustuus.it\/cattolica\/darwin-e-la-domanda-sulluomo-un-libro-di-robert-spaemann\/\">Continua a leggere<\/a><\/p>\n","protected":false},"author":6,"featured_media":27522,"comment_status":"closed","ping_status":"open","sticky":false,"template":"","format":"standard","meta":{"footnotes":""},"categories":[51,17,22],"tags":[275],"class_list":["post-1986","post","type-post","status-publish","format-standard","has-post-thumbnail","hentry","category-evoluzionismo","category-libri","category-scienza","tag-evoluzionismo-2","item-wrap"],"yoast_head":"<!-- This site is optimized with the Yoast SEO plugin v27.5 - https:\/\/yoast.com\/product\/yoast-seo-wordpress\/ -->\n<title>Darwin e la domanda sull&#039;uomo. Un libro di Robert Spaemann - Rassegna Stampa Cattolica<\/title>\n<meta name=\"description\" content=\"Rassegna Stampa Cattolica - Per una cultura che nasce dalla Rivelazione cristiana in conformit\u00e0 alla tradizione e al Magistero della Chiesa in opposizione ad ogni relativismo e totalitarismo\" \/>\n<meta name=\"robots\" content=\"index, follow, max-snippet:-1, max-image-preview:large, max-video-preview:-1\" \/>\n<link rel=\"canonical\" href=\"https:\/\/www.rassegnastampa-totustuus.it\/cattolica\/darwin-e-la-domanda-sulluomo-un-libro-di-robert-spaemann\/\" \/>\n<meta property=\"og:locale\" content=\"it_IT\" \/>\n<meta property=\"og:type\" content=\"article\" \/>\n<meta property=\"og:title\" content=\"Darwin e la domanda sull&#039;uomo. Un libro di Robert Spaemann - Rassegna Stampa Cattolica\" \/>\n<meta property=\"og:description\" content=\"Rassegna Stampa Cattolica - Per una cultura che nasce dalla Rivelazione cristiana in conformit\u00e0 alla tradizione e al Magistero della Chiesa in opposizione ad ogni relativismo e totalitarismo\" \/>\n<meta property=\"og:url\" content=\"https:\/\/www.rassegnastampa-totustuus.it\/cattolica\/darwin-e-la-domanda-sulluomo-un-libro-di-robert-spaemann\/\" \/>\n<meta property=\"og:site_name\" content=\"Rassegna Stampa Cattolica\" \/>\n<meta property=\"article:publisher\" content=\"https:\/\/www.facebook.com\/rassegnastampacattolica\" \/>\n<meta property=\"article:published_time\" content=\"2006-04-13T22:00:00+00:00\" \/>\n<meta property=\"article:modified_time\" content=\"2015-11-12T09:00:06+00:00\" \/>\n<meta property=\"og:image\" content=\"https:\/\/www.rassegnastampa-totustuus.it\/cattolica\/wp-content\/uploads\/2006\/04\/Spaesman_cover.jpg\" \/>\n\t<meta property=\"og:image:width\" content=\"170\" \/>\n\t<meta property=\"og:image:height\" content=\"254\" \/>\n\t<meta property=\"og:image:type\" content=\"image\/jpeg\" \/>\n<meta name=\"author\" content=\"Redazione\" \/>\n<meta name=\"twitter:card\" content=\"summary_large_image\" \/>\n<meta name=\"twitter:creator\" content=\"@rassegnastampa9\" \/>\n<meta name=\"twitter:site\" content=\"@rassegnastampa9\" \/>\n<meta name=\"twitter:label1\" content=\"Scritto da\" \/>\n\t<meta name=\"twitter:data1\" content=\"Redazione\" \/>\n\t<meta name=\"twitter:label2\" content=\"Tempo di lettura stimato\" \/>\n\t<meta name=\"twitter:data2\" content=\"3 minuti\" \/>\n<script type=\"application\/ld+json\" class=\"yoast-schema-graph\">{\"@context\":\"https:\\\/\\\/schema.org\",\"@graph\":[{\"@type\":\"Article\",\"@id\":\"https:\\\/\\\/www.rassegnastampa-totustuus.it\\\/cattolica\\\/darwin-e-la-domanda-sulluomo-un-libro-di-robert-spaemann\\\/#article\",\"isPartOf\":{\"@id\":\"https:\\\/\\\/www.rassegnastampa-totustuus.it\\\/cattolica\\\/darwin-e-la-domanda-sulluomo-un-libro-di-robert-spaemann\\\/\"},\"author\":{\"name\":\"Redazione\",\"@id\":\"https:\\\/\\\/www.rassegnastampa-totustuus.it\\\/cattolica\\\/#\\\/schema\\\/person\\\/08f319d2bd1a0904ad9e2bfb7b15e5c3\"},\"headline\":\"Darwin e la domanda sull&#8217;uomo. Un libro di Robert Spaemann\",\"datePublished\":\"2006-04-13T22:00:00+00:00\",\"dateModified\":\"2015-11-12T09:00:06+00:00\",\"mainEntityOfPage\":{\"@id\":\"https:\\\/\\\/www.rassegnastampa-totustuus.it\\\/cattolica\\\/darwin-e-la-domanda-sulluomo-un-libro-di-robert-spaemann\\\/\"},\"wordCount\":697,\"publisher\":{\"@id\":\"https:\\\/\\\/www.rassegnastampa-totustuus.it\\\/cattolica\\\/#organization\"},\"image\":{\"@id\":\"https:\\\/\\\/www.rassegnastampa-totustuus.it\\\/cattolica\\\/darwin-e-la-domanda-sulluomo-un-libro-di-robert-spaemann\\\/#primaryimage\"},\"thumbnailUrl\":\"https:\\\/\\\/www.rassegnastampa-totustuus.it\\\/cattolica\\\/wp-content\\\/uploads\\\/2006\\\/04\\\/Spaesman_cover.jpg\",\"keywords\":[\"evoluzionismo\"],\"articleSection\":[\"Evoluzionismo\",\"Libri\",\"Scienza\"],\"inLanguage\":\"it-IT\"},{\"@type\":\"WebPage\",\"@id\":\"https:\\\/\\\/www.rassegnastampa-totustuus.it\\\/cattolica\\\/darwin-e-la-domanda-sulluomo-un-libro-di-robert-spaemann\\\/\",\"url\":\"https:\\\/\\\/www.rassegnastampa-totustuus.it\\\/cattolica\\\/darwin-e-la-domanda-sulluomo-un-libro-di-robert-spaemann\\\/\",\"name\":\"Darwin e la domanda sull'uomo. Un libro di Robert Spaemann - Rassegna Stampa Cattolica\",\"isPartOf\":{\"@id\":\"https:\\\/\\\/www.rassegnastampa-totustuus.it\\\/cattolica\\\/#website\"},\"primaryImageOfPage\":{\"@id\":\"https:\\\/\\\/www.rassegnastampa-totustuus.it\\\/cattolica\\\/darwin-e-la-domanda-sulluomo-un-libro-di-robert-spaemann\\\/#primaryimage\"},\"image\":{\"@id\":\"https:\\\/\\\/www.rassegnastampa-totustuus.it\\\/cattolica\\\/darwin-e-la-domanda-sulluomo-un-libro-di-robert-spaemann\\\/#primaryimage\"},\"thumbnailUrl\":\"https:\\\/\\\/www.rassegnastampa-totustuus.it\\\/cattolica\\\/wp-content\\\/uploads\\\/2006\\\/04\\\/Spaesman_cover.jpg\",\"datePublished\":\"2006-04-13T22:00:00+00:00\",\"dateModified\":\"2015-11-12T09:00:06+00:00\",\"description\":\"Rassegna Stampa Cattolica - Per una cultura che nasce dalla Rivelazione cristiana in conformit\u00e0 alla tradizione e al Magistero della Chiesa in opposizione ad ogni relativismo e totalitarismo\",\"breadcrumb\":{\"@id\":\"https:\\\/\\\/www.rassegnastampa-totustuus.it\\\/cattolica\\\/darwin-e-la-domanda-sulluomo-un-libro-di-robert-spaemann\\\/#breadcrumb\"},\"inLanguage\":\"it-IT\",\"potentialAction\":[{\"@type\":\"ReadAction\",\"target\":[\"https:\\\/\\\/www.rassegnastampa-totustuus.it\\\/cattolica\\\/darwin-e-la-domanda-sulluomo-un-libro-di-robert-spaemann\\\/\"]}]},{\"@type\":\"ImageObject\",\"inLanguage\":\"it-IT\",\"@id\":\"https:\\\/\\\/www.rassegnastampa-totustuus.it\\\/cattolica\\\/darwin-e-la-domanda-sulluomo-un-libro-di-robert-spaemann\\\/#primaryimage\",\"url\":\"https:\\\/\\\/www.rassegnastampa-totustuus.it\\\/cattolica\\\/wp-content\\\/uploads\\\/2006\\\/04\\\/Spaesman_cover.jpg\",\"contentUrl\":\"https:\\\/\\\/www.rassegnastampa-totustuus.it\\\/cattolica\\\/wp-content\\\/uploads\\\/2006\\\/04\\\/Spaesman_cover.jpg\",\"width\":170,\"height\":254},{\"@type\":\"BreadcrumbList\",\"@id\":\"https:\\\/\\\/www.rassegnastampa-totustuus.it\\\/cattolica\\\/darwin-e-la-domanda-sulluomo-un-libro-di-robert-spaemann\\\/#breadcrumb\",\"itemListElement\":[{\"@type\":\"ListItem\",\"position\":1,\"name\":\"Home\",\"item\":\"https:\\\/\\\/www.rassegnastampa-totustuus.it\\\/cattolica\\\/\"},{\"@type\":\"ListItem\",\"position\":2,\"name\":\"Darwin e la domanda sull&#8217;uomo. Un libro di Robert Spaemann\"}]},{\"@type\":\"WebSite\",\"@id\":\"https:\\\/\\\/www.rassegnastampa-totustuus.it\\\/cattolica\\\/#website\",\"url\":\"https:\\\/\\\/www.rassegnastampa-totustuus.it\\\/cattolica\\\/\",\"name\":\"Rassegna Stampa Cattolica\",\"description\":\"Per una cultura che nasce dalla Rivelazione cristiana in conformit\u00e0 alla tradizione e al Magistero della Chiesa in opposizione ad ogni relativismo e totalitarismo\",\"publisher\":{\"@id\":\"https:\\\/\\\/www.rassegnastampa-totustuus.it\\\/cattolica\\\/#organization\"},\"alternateName\":\"Rass. Cattolica\",\"potentialAction\":[{\"@type\":\"SearchAction\",\"target\":{\"@type\":\"EntryPoint\",\"urlTemplate\":\"https:\\\/\\\/www.rassegnastampa-totustuus.it\\\/cattolica\\\/?s={search_term_string}\"},\"query-input\":{\"@type\":\"PropertyValueSpecification\",\"valueRequired\":true,\"valueName\":\"search_term_string\"}}],\"inLanguage\":\"it-IT\"},{\"@type\":\"Organization\",\"@id\":\"https:\\\/\\\/www.rassegnastampa-totustuus.it\\\/cattolica\\\/#organization\",\"name\":\"Rassegna Stampa Cattolica\",\"url\":\"https:\\\/\\\/www.rassegnastampa-totustuus.it\\\/cattolica\\\/\",\"logo\":{\"@type\":\"ImageObject\",\"inLanguage\":\"it-IT\",\"@id\":\"https:\\\/\\\/www.rassegnastampa-totustuus.it\\\/cattolica\\\/#\\\/schema\\\/logo\\\/image\\\/\",\"url\":\"https:\\\/\\\/www.rassegnastampa-totustuus.it\\\/cattolica\\\/wp-content\\\/uploads\\\/2014\\\/04\\\/logo-rassegna1.gif\",\"contentUrl\":\"https:\\\/\\\/www.rassegnastampa-totustuus.it\\\/cattolica\\\/wp-content\\\/uploads\\\/2014\\\/04\\\/logo-rassegna1.gif\",\"width\":600,\"height\":163,\"caption\":\"Rassegna Stampa Cattolica\"},\"image\":{\"@id\":\"https:\\\/\\\/www.rassegnastampa-totustuus.it\\\/cattolica\\\/#\\\/schema\\\/logo\\\/image\\\/\"},\"sameAs\":[\"https:\\\/\\\/www.facebook.com\\\/rassegnastampacattolica\",\"https:\\\/\\\/x.com\\\/rassegnastampa9\"]},{\"@type\":\"Person\",\"@id\":\"https:\\\/\\\/www.rassegnastampa-totustuus.it\\\/cattolica\\\/#\\\/schema\\\/person\\\/08f319d2bd1a0904ad9e2bfb7b15e5c3\",\"name\":\"Redazione\",\"image\":{\"@type\":\"ImageObject\",\"inLanguage\":\"it-IT\",\"@id\":\"https:\\\/\\\/secure.gravatar.com\\\/avatar\\\/2fcdf27c78ea025fbdb44e914cc63c72249ffec9dc8aafd5c82b26240ef3f346?s=96&d=mm&r=g\",\"url\":\"https:\\\/\\\/secure.gravatar.com\\\/avatar\\\/2fcdf27c78ea025fbdb44e914cc63c72249ffec9dc8aafd5c82b26240ef3f346?s=96&d=mm&r=g\",\"contentUrl\":\"https:\\\/\\\/secure.gravatar.com\\\/avatar\\\/2fcdf27c78ea025fbdb44e914cc63c72249ffec9dc8aafd5c82b26240ef3f346?s=96&d=mm&r=g\",\"caption\":\"Redazione\"},\"url\":\"https:\\\/\\\/www.rassegnastampa-totustuus.it\\\/cattolica\\\/author\\\/pietroelle\\\/\"}]}<\/script>\n<!-- \/ Yoast SEO plugin. -->","yoast_head_json":{"title":"Darwin e la domanda sull'uomo. Un libro di Robert Spaemann - Rassegna Stampa Cattolica","description":"Rassegna Stampa Cattolica - Per una cultura che nasce dalla Rivelazione cristiana in conformit\u00e0 alla tradizione e al Magistero della Chiesa in opposizione ad ogni relativismo e totalitarismo","robots":{"index":"index","follow":"follow","max-snippet":"max-snippet:-1","max-image-preview":"max-image-preview:large","max-video-preview":"max-video-preview:-1"},"canonical":"https:\/\/www.rassegnastampa-totustuus.it\/cattolica\/darwin-e-la-domanda-sulluomo-un-libro-di-robert-spaemann\/","og_locale":"it_IT","og_type":"article","og_title":"Darwin e la domanda sull'uomo. Un libro di Robert Spaemann - Rassegna Stampa Cattolica","og_description":"Rassegna Stampa Cattolica - Per una cultura che nasce dalla Rivelazione cristiana in conformit\u00e0 alla tradizione e al Magistero della Chiesa in opposizione ad ogni relativismo e totalitarismo","og_url":"https:\/\/www.rassegnastampa-totustuus.it\/cattolica\/darwin-e-la-domanda-sulluomo-un-libro-di-robert-spaemann\/","og_site_name":"Rassegna Stampa Cattolica","article_publisher":"https:\/\/www.facebook.com\/rassegnastampacattolica","article_published_time":"2006-04-13T22:00:00+00:00","article_modified_time":"2015-11-12T09:00:06+00:00","og_image":[{"width":170,"height":254,"url":"https:\/\/www.rassegnastampa-totustuus.it\/cattolica\/wp-content\/uploads\/2006\/04\/Spaesman_cover.jpg","type":"image\/jpeg"}],"author":"Redazione","twitter_card":"summary_large_image","twitter_creator":"@rassegnastampa9","twitter_site":"@rassegnastampa9","twitter_misc":{"Scritto da":"Redazione","Tempo di lettura stimato":"3 minuti"},"schema":{"@context":"https:\/\/schema.org","@graph":[{"@type":"Article","@id":"https:\/\/www.rassegnastampa-totustuus.it\/cattolica\/darwin-e-la-domanda-sulluomo-un-libro-di-robert-spaemann\/#article","isPartOf":{"@id":"https:\/\/www.rassegnastampa-totustuus.it\/cattolica\/darwin-e-la-domanda-sulluomo-un-libro-di-robert-spaemann\/"},"author":{"name":"Redazione","@id":"https:\/\/www.rassegnastampa-totustuus.it\/cattolica\/#\/schema\/person\/08f319d2bd1a0904ad9e2bfb7b15e5c3"},"headline":"Darwin e la domanda sull&#8217;uomo. Un libro di Robert Spaemann","datePublished":"2006-04-13T22:00:00+00:00","dateModified":"2015-11-12T09:00:06+00:00","mainEntityOfPage":{"@id":"https:\/\/www.rassegnastampa-totustuus.it\/cattolica\/darwin-e-la-domanda-sulluomo-un-libro-di-robert-spaemann\/"},"wordCount":697,"publisher":{"@id":"https:\/\/www.rassegnastampa-totustuus.it\/cattolica\/#organization"},"image":{"@id":"https:\/\/www.rassegnastampa-totustuus.it\/cattolica\/darwin-e-la-domanda-sulluomo-un-libro-di-robert-spaemann\/#primaryimage"},"thumbnailUrl":"https:\/\/www.rassegnastampa-totustuus.it\/cattolica\/wp-content\/uploads\/2006\/04\/Spaesman_cover.jpg","keywords":["evoluzionismo"],"articleSection":["Evoluzionismo","Libri","Scienza"],"inLanguage":"it-IT"},{"@type":"WebPage","@id":"https:\/\/www.rassegnastampa-totustuus.it\/cattolica\/darwin-e-la-domanda-sulluomo-un-libro-di-robert-spaemann\/","url":"https:\/\/www.rassegnastampa-totustuus.it\/cattolica\/darwin-e-la-domanda-sulluomo-un-libro-di-robert-spaemann\/","name":"Darwin e la domanda sull'uomo. Un libro di Robert Spaemann - Rassegna Stampa Cattolica","isPartOf":{"@id":"https:\/\/www.rassegnastampa-totustuus.it\/cattolica\/#website"},"primaryImageOfPage":{"@id":"https:\/\/www.rassegnastampa-totustuus.it\/cattolica\/darwin-e-la-domanda-sulluomo-un-libro-di-robert-spaemann\/#primaryimage"},"image":{"@id":"https:\/\/www.rassegnastampa-totustuus.it\/cattolica\/darwin-e-la-domanda-sulluomo-un-libro-di-robert-spaemann\/#primaryimage"},"thumbnailUrl":"https:\/\/www.rassegnastampa-totustuus.it\/cattolica\/wp-content\/uploads\/2006\/04\/Spaesman_cover.jpg","datePublished":"2006-04-13T22:00:00+00:00","dateModified":"2015-11-12T09:00:06+00:00","description":"Rassegna Stampa Cattolica - Per una cultura che nasce dalla Rivelazione cristiana in conformit\u00e0 alla tradizione e al Magistero della Chiesa in opposizione ad ogni relativismo e totalitarismo","breadcrumb":{"@id":"https:\/\/www.rassegnastampa-totustuus.it\/cattolica\/darwin-e-la-domanda-sulluomo-un-libro-di-robert-spaemann\/#breadcrumb"},"inLanguage":"it-IT","potentialAction":[{"@type":"ReadAction","target":["https:\/\/www.rassegnastampa-totustuus.it\/cattolica\/darwin-e-la-domanda-sulluomo-un-libro-di-robert-spaemann\/"]}]},{"@type":"ImageObject","inLanguage":"it-IT","@id":"https:\/\/www.rassegnastampa-totustuus.it\/cattolica\/darwin-e-la-domanda-sulluomo-un-libro-di-robert-spaemann\/#primaryimage","url":"https:\/\/www.rassegnastampa-totustuus.it\/cattolica\/wp-content\/uploads\/2006\/04\/Spaesman_cover.jpg","contentUrl":"https:\/\/www.rassegnastampa-totustuus.it\/cattolica\/wp-content\/uploads\/2006\/04\/Spaesman_cover.jpg","width":170,"height":254},{"@type":"BreadcrumbList","@id":"https:\/\/www.rassegnastampa-totustuus.it\/cattolica\/darwin-e-la-domanda-sulluomo-un-libro-di-robert-spaemann\/#breadcrumb","itemListElement":[{"@type":"ListItem","position":1,"name":"Home","item":"https:\/\/www.rassegnastampa-totustuus.it\/cattolica\/"},{"@type":"ListItem","position":2,"name":"Darwin e la domanda sull&#8217;uomo. Un libro di Robert Spaemann"}]},{"@type":"WebSite","@id":"https:\/\/www.rassegnastampa-totustuus.it\/cattolica\/#website","url":"https:\/\/www.rassegnastampa-totustuus.it\/cattolica\/","name":"Rassegna Stampa Cattolica","description":"Per una cultura che nasce dalla Rivelazione cristiana in conformit\u00e0 alla tradizione e al Magistero della Chiesa in opposizione ad ogni relativismo e totalitarismo","publisher":{"@id":"https:\/\/www.rassegnastampa-totustuus.it\/cattolica\/#organization"},"alternateName":"Rass. Cattolica","potentialAction":[{"@type":"SearchAction","target":{"@type":"EntryPoint","urlTemplate":"https:\/\/www.rassegnastampa-totustuus.it\/cattolica\/?s={search_term_string}"},"query-input":{"@type":"PropertyValueSpecification","valueRequired":true,"valueName":"search_term_string"}}],"inLanguage":"it-IT"},{"@type":"Organization","@id":"https:\/\/www.rassegnastampa-totustuus.it\/cattolica\/#organization","name":"Rassegna Stampa Cattolica","url":"https:\/\/www.rassegnastampa-totustuus.it\/cattolica\/","logo":{"@type":"ImageObject","inLanguage":"it-IT","@id":"https:\/\/www.rassegnastampa-totustuus.it\/cattolica\/#\/schema\/logo\/image\/","url":"https:\/\/www.rassegnastampa-totustuus.it\/cattolica\/wp-content\/uploads\/2014\/04\/logo-rassegna1.gif","contentUrl":"https:\/\/www.rassegnastampa-totustuus.it\/cattolica\/wp-content\/uploads\/2014\/04\/logo-rassegna1.gif","width":600,"height":163,"caption":"Rassegna Stampa Cattolica"},"image":{"@id":"https:\/\/www.rassegnastampa-totustuus.it\/cattolica\/#\/schema\/logo\/image\/"},"sameAs":["https:\/\/www.facebook.com\/rassegnastampacattolica","https:\/\/x.com\/rassegnastampa9"]},{"@type":"Person","@id":"https:\/\/www.rassegnastampa-totustuus.it\/cattolica\/#\/schema\/person\/08f319d2bd1a0904ad9e2bfb7b15e5c3","name":"Redazione","image":{"@type":"ImageObject","inLanguage":"it-IT","@id":"https:\/\/secure.gravatar.com\/avatar\/2fcdf27c78ea025fbdb44e914cc63c72249ffec9dc8aafd5c82b26240ef3f346?s=96&d=mm&r=g","url":"https:\/\/secure.gravatar.com\/avatar\/2fcdf27c78ea025fbdb44e914cc63c72249ffec9dc8aafd5c82b26240ef3f346?s=96&d=mm&r=g","contentUrl":"https:\/\/secure.gravatar.com\/avatar\/2fcdf27c78ea025fbdb44e914cc63c72249ffec9dc8aafd5c82b26240ef3f346?s=96&d=mm&r=g","caption":"Redazione"},"url":"https:\/\/www.rassegnastampa-totustuus.it\/cattolica\/author\/pietroelle\/"}]}},"_links":{"self":[{"href":"https:\/\/www.rassegnastampa-totustuus.it\/cattolica\/wp-json\/wp\/v2\/posts\/1986","targetHints":{"allow":["GET"]}}],"collection":[{"href":"https:\/\/www.rassegnastampa-totustuus.it\/cattolica\/wp-json\/wp\/v2\/posts"}],"about":[{"href":"https:\/\/www.rassegnastampa-totustuus.it\/cattolica\/wp-json\/wp\/v2\/types\/post"}],"author":[{"embeddable":true,"href":"https:\/\/www.rassegnastampa-totustuus.it\/cattolica\/wp-json\/wp\/v2\/users\/6"}],"replies":[{"embeddable":true,"href":"https:\/\/www.rassegnastampa-totustuus.it\/cattolica\/wp-json\/wp\/v2\/comments?post=1986"}],"version-history":[{"count":4,"href":"https:\/\/www.rassegnastampa-totustuus.it\/cattolica\/wp-json\/wp\/v2\/posts\/1986\/revisions"}],"predecessor-version":[{"id":27523,"href":"https:\/\/www.rassegnastampa-totustuus.it\/cattolica\/wp-json\/wp\/v2\/posts\/1986\/revisions\/27523"}],"wp:featuredmedia":[{"embeddable":true,"href":"https:\/\/www.rassegnastampa-totustuus.it\/cattolica\/wp-json\/wp\/v2\/media\/27522"}],"wp:attachment":[{"href":"https:\/\/www.rassegnastampa-totustuus.it\/cattolica\/wp-json\/wp\/v2\/media?parent=1986"}],"wp:term":[{"taxonomy":"category","embeddable":true,"href":"https:\/\/www.rassegnastampa-totustuus.it\/cattolica\/wp-json\/wp\/v2\/categories?post=1986"},{"taxonomy":"post_tag","embeddable":true,"href":"https:\/\/www.rassegnastampa-totustuus.it\/cattolica\/wp-json\/wp\/v2\/tags?post=1986"}],"curies":[{"name":"wp","href":"https:\/\/api.w.org\/{rel}","templated":true}]}}