{"id":1984,"date":"2006-04-14T00:00:00","date_gmt":"2006-04-13T22:00:00","guid":{"rendered":""},"modified":"2015-12-04T11:48:46","modified_gmt":"2015-12-04T10:48:46","slug":"lirrinunciabile-impegno-cristiano-nella-cultura","status":"publish","type":"post","link":"https:\/\/www.rassegnastampa-totustuus.it\/cattolica\/lirrinunciabile-impegno-cristiano-nella-cultura\/","title":{"rendered":"L\u2019irrinunciabile impegno cristiano nella cultura"},"content":{"rendered":"<div style=\"text-align: center;\"><strong><a href=\"https:\/\/www.rassegnastampa-totustuus.it\/cattolica\/wp-content\/uploads\/2006\/04\/cultura-cattolica.jpg\"><img loading=\"lazy\" decoding=\"async\" class=\"alignleft wp-image-28646\" src=\"https:\/\/www.rassegnastampa-totustuus.it\/cattolica\/wp-content\/uploads\/2006\/04\/cultura-cattolica.jpg\" alt=\"cultura cattolica\" width=\"240\" height=\"172\" \/><\/a>Il Popolo<\/strong> settimanale della diocesi di Tortona del 23 marzo 2006<\/div>\n<p style=\"text-align: justify;\"><em>Mentre la Chiesa italiana s\u2019interroga su come affrontare le urgenze contemporanee e quale contributo dare alle dinamiche socio-culturali del Paese, cresce nei mass media l\u2019eco delle posizioni laiciste che vorrebbero estromettere il pensiero cattolico dal dibattito culturale. Il problema nasce da lontano e disegna la frontiera tra due mondi diversi: quello\u00a0 del diritto naturale classico e cristiano e quello della modernit\u00e0,\u00a0 con la separazione del diritto dall\u2019ordine morale<\/em><\/p>\n<p style=\"text-align: center;\">don <strong>Maurizio Ceriani<\/strong><\/p>\n<p><!--more--><\/p>\n<div style=\"text-align: justify;\">Oggi da molte parti, comprese anche alcune forze politiche e settori della cultura e dell\u2019informazione, si pretenderebbe di relegare la voce della Chiesa nel solo ambito dell\u2019interiorit\u00e0 personale, delle credenze del singolo, della spiritualit\u00e0 dell\u2019individuo, forse nemmeno nell\u2019ambito della coscienza personale (vedasi al proposito le critiche mosse lo scorso mese dall\u2019Unione Europea al Concordato tra Santa Sede e Repubblica Ceca, per il fatto che in esso si prevede la possibilit\u00e0 dell\u2019obiezione di coscienza dei medici cattolici nei confronti dell\u2019aborto).<\/div>\n<p style=\"text-align: justify;\">Anche nei continui dibattiti televisivi pre-elettorali di questo periodo, gli esponenti dei partiti che sponsorizzano pacs e unioni di fatto gridano spesso all\u2019ingerenza della Chiesa nella politica, ogni qual volta i Cattolici ricordano che non si pu\u00f2 equiparare a quella \u201csociet\u00e0 naturale\u201d, che \u00e8 la famiglia fondata sul matrimonio, nessun altro tipo di convivenza.<\/p>\n<p style=\"text-align: justify;\">Diverse autorevoli voci cattoliche hanno invece ricordato che proprio il prossimo Convegno Ecclesiale di Verona sar\u00e0 l\u2019occasione per ribadire la precisa e determinata volont\u00e0 della Chiesa italiana a non rinunciare a fare cultura e ad incidere nelle dinamiche socio-culturali del Paese.<\/p>\n<p style=\"text-align: justify;\">Non si tratta soltanto di un diritto, ma di un preciso dovere del credente in Cristo che, mentre cammina verso la Citt\u00e0 di Dio, non pu\u00f2 rinunciare ad edificare nel tempo la Citt\u00e0 dell\u2019Uomo, secondo gli umanissimi ed umanizzanti criteri del Vangelo.<\/p>\n<p style=\"text-align: justify;\">Tutto questo riporta alla luce uno scontro antico, che attraversa da secoli la cultura occidentale e che pu\u00f2 essere sintetizzato nell\u2019opposizione tra la visione cristiana dell\u2019uomo e quella del pensiero moderno, cio\u00e8 la famosa \u201cquestione antropologica\u201d, sollevata a pi\u00f9 riprese dall\u2019episcopato italiano dopo il Convegno di Palermo di dieci anni fa e posta al centro del progetto culturale della Chiesa italiana.<\/p>\n<p style=\"text-align: justify;\">Questione antropologica, ma anche questione ontologica, gnoseologica e giuridica che oppone la filosofia cristiana, ontologista e realistica, al pensiero contemporaneo, relativistico e ideologistico. Il pensiero moderno, infatti, si articola su tre cardini, l\u2019uno conseguente all\u2019altro, che originano in ultima analisi dal nominalismo di Guglielmo di Occam (1295-1350), che negava la possibilit\u00e0 della conoscenza dei principi universali, poich\u00e9 ai nomi non corrispondeva alcuna sostanza concreta.<\/p>\n<p style=\"text-align: justify;\">Per Occam, se si pu\u00f2 conoscere soltanto l\u2019individuale, ogni presunta verit\u00e0 che vada al di l\u00e0 dell\u2019individuale singolare e provvisorio \u00e8 del tutto malferma; le conseguenze sono devastanti perch\u00e9, in ultima analisi, questo significa che la verit\u00e0 non esiste! Il pensiero moderno ne \u00e8 profondamente convinto e pone il relativismo scettico alla base di ogni suo impianto gnoseologico, combattendo ogni pretesa veritativa che ancora resiste nella filosofia cristiana.<\/p>\n<p style=\"text-align: justify;\">Questo \u00e8 il primo cardine, ben esposto in quel manifesto della modernit\u00e0 che \u00e8 l\u2019opera di Umberto Eco \u201c<em>Il Nome della Rosa<\/em>\u201d; sulle labbra del suo principale personaggio, Guglielmo da Baskerville, appaiono spesso le affermazioni del \u201cpensiero debole\u201d del secolo XX del tipo: \u201cLe uniche verit\u00e0 che servono sono strumenti da buttare\u201d, \u201cl\u2019unica verit\u00e0 \u00e8 imparare a liberarci dalla passione insana per la verit\u00e0\u201d. Fuori dal relativismo vi \u00e8 solo \u201cla passione insana per la verit\u00e0\u201d e di conseguenza chiunque si ostini ad affermare lo \u201c<em>Splendor Veritatis<\/em>\u201d \u00e8 un nemico da combattere, Chiesa Cattolica per prima.<\/p>\n<p style=\"text-align: justify;\">\u00c8 chiaro che se non esiste una verit\u00e0 universale, nemmeno pu\u00f2 esserci un ordine naturale fonte di un diritto naturale, ma fonti del diritto risultano essere soltanto le volont\u00e0 individuali, che al massimo si accordano in compromessi per evitare la lotta di tutti contro tutti. Viene cos\u00ec a terminare, sempre a partire dal pensiero di Guglielmo di Occam, la nozione di \u201c<em>jus<\/em>\u201d come \u201c<em>id quod iustum est<\/em>\u201d, cio\u00e8 la \u201cparte\u201d giusta assegnata secondo equit\u00e0, dove l\u2019equit\u00e0 \u00e8 ci\u00f2 che compete a ciascuno in forza di un ordine naturale che precede la volont\u00e0 dell\u2019individuo. Vi si sostituisce la volont\u00e0 del soggetto come fonte del diritto.<\/p>\n<p style=\"text-align: justify;\">La separazione del diritto dall\u2019ordine morale naturale costituisce il secondo cardine della cultura moderna, quello che, ad esempio, emerge violento nell\u2019attuale dibattito sull\u2019estensione dei diritti familiari alle unioni di fatto. Se la fonte del diritto non \u00e8 pi\u00f9 l\u2019ordine naturale, ma la volont\u00e0 dei singoli, nulla si deve opporre a quest\u2019ultima; guai a chi si oppone, per dirla con Benedetto XVI, alla \u201cdittatura del relativismo\u201d e al criterio \u201cdell\u2019io e delle sue voglie\u201d.<\/p>\n<p style=\"text-align: justify;\">Gli effetti di questi due aspetti fondamentali del pensiero moderno sono particolarmente gravi sul piano del diritto pubblico. Se non esistono verit\u00e0 e valori, non vi \u00e8 nessun criterio o istanza superiore in base a cui giudicare lo Stato e le sue leggi, nemmeno quelli dell\u2019etica e della morale.<\/p>\n<p style=\"text-align: justify;\">Giungiamo cos\u00ec al terzo cardine, cio\u00e8 allo statalismo moderno, che non resta relegato solo nei tristi eventi delle dittature o dei regimi totalitari, ma che inquina anche la cultura degli stati democratici. Lo statalismo non pu\u00f2 che essere contro la Chiesa, perch\u00e9 una Chiesa libera si sentir\u00e0 libera di criticare l\u2019autorit\u00e0 politica, ed \u00e8 una sfida che il potere totalitario non pu\u00f2 tollerare.<\/p>\n<p style=\"text-align: justify;\">L\u2019attuale pensiero laicista non pu\u00f2 che essere, in questi termini, totalitario e illiberale! \u00c8 sempre Eco che ci svela l\u2019arcano, laddove pone in bocca al suo Guglielmo da Baskerville questa volta un\u2019affermazione di Marsilio da Padova (1280 \u2013 1342), il teorizzatore della supremazia del potere temporale su quello spirituale: \u201cSe il pontefice, i vescovi e i preti non fossero sottomessi al potere mondano e coattivo del principe, l\u2019autorit\u00e0 del principe ne verrebbe inficiata\u201d.<\/p>\n<p style=\"text-align: justify;\">Smascherato il filo conduttore di quella cultura che oggi avversa il pensiero cristiano e resi palesi i motivi di tanta avversione, si fa urgente l\u2019impegno di procedere sullo stesso terreno. Infatti ogni battaglia sociale o politica sar\u00e0 persa in partenza senza il supporto di un solido retroterra culturale, nel quale riaffermare che le cose esistono indipendentemente dall\u2019intelletto del singolo e che i valori sussistono autonomamente dalla sua volont\u00e0; ad essi semmai il compito di adeguarsi a ci\u00f2 che le precede, secondo il monito di \u00c9tienne Gilson: \u201c\u00e8 la conoscenza ad essere giudicata a partire dalle cose, non il contrario!\u201d.<\/p>\n","protected":false},"excerpt":{"rendered":"<p>Il Popolo settimanale della diocesi di Tortona del 23 marzo 2006 Mentre la Chiesa italiana s\u2019interroga su come affrontare le urgenze contemporanee e quale contributo dare alle dinamiche socio-culturali del Paese, cresce nei mass media l\u2019eco delle posizioni laiciste che vorrebbero estromettere il pensiero cattolico dal dibattito culturale. Il problema nasce da lontano e disegna &hellip; <\/p>\n<p><a class=\"more-link btn\" href=\"https:\/\/www.rassegnastampa-totustuus.it\/cattolica\/lirrinunciabile-impegno-cristiano-nella-cultura\/\">Continua a leggere<\/a><\/p>\n","protected":false},"author":6,"featured_media":28646,"comment_status":"closed","ping_status":"open","sticky":false,"template":"","format":"standard","meta":{"footnotes":""},"categories":[5,103],"tags":[563],"class_list":["post-1984","post","type-post","status-publish","format-standard","has-post-thumbnail","hentry","category-chiesa","category-laicismo","tag-cultura","item-wrap"],"yoast_head":"<!-- This site is optimized with the Yoast SEO plugin v27.5 - https:\/\/yoast.com\/product\/yoast-seo-wordpress\/ -->\n<title>L\u2019irrinunciabile impegno cristiano nella cultura - Rassegna Stampa Cattolica<\/title>\n<meta name=\"description\" content=\"Rassegna Stampa Cattolica - Per una cultura che nasce dalla Rivelazione cristiana in conformit\u00e0 alla tradizione e al Magistero della Chiesa in opposizione ad ogni relativismo e totalitarismo\" \/>\n<meta name=\"robots\" content=\"index, follow, max-snippet:-1, max-image-preview:large, max-video-preview:-1\" \/>\n<link rel=\"canonical\" href=\"https:\/\/www.rassegnastampa-totustuus.it\/cattolica\/lirrinunciabile-impegno-cristiano-nella-cultura\/\" \/>\n<meta property=\"og:locale\" content=\"it_IT\" \/>\n<meta property=\"og:type\" content=\"article\" \/>\n<meta property=\"og:title\" content=\"L\u2019irrinunciabile impegno cristiano nella cultura - Rassegna Stampa Cattolica\" \/>\n<meta property=\"og:description\" content=\"Rassegna Stampa Cattolica - Per una cultura che nasce dalla Rivelazione cristiana in conformit\u00e0 alla tradizione e al Magistero della Chiesa in opposizione ad ogni relativismo e totalitarismo\" \/>\n<meta property=\"og:url\" content=\"https:\/\/www.rassegnastampa-totustuus.it\/cattolica\/lirrinunciabile-impegno-cristiano-nella-cultura\/\" \/>\n<meta property=\"og:site_name\" content=\"Rassegna Stampa Cattolica\" \/>\n<meta property=\"article:publisher\" content=\"https:\/\/www.facebook.com\/rassegnastampacattolica\" \/>\n<meta property=\"article:published_time\" content=\"2006-04-13T22:00:00+00:00\" \/>\n<meta property=\"article:modified_time\" content=\"2015-12-04T10:48:46+00:00\" \/>\n<meta property=\"og:image\" content=\"https:\/\/www.rassegnastampa-totustuus.it\/cattolica\/wp-content\/uploads\/2006\/04\/cultura-cattolica.jpg\" \/>\n\t<meta property=\"og:image:width\" content=\"265\" \/>\n\t<meta property=\"og:image:height\" content=\"190\" \/>\n\t<meta property=\"og:image:type\" content=\"image\/jpeg\" \/>\n<meta name=\"author\" content=\"Redazione\" \/>\n<meta name=\"twitter:card\" content=\"summary_large_image\" \/>\n<meta name=\"twitter:creator\" content=\"@rassegnastampa9\" \/>\n<meta name=\"twitter:site\" content=\"@rassegnastampa9\" \/>\n<meta name=\"twitter:label1\" content=\"Scritto da\" \/>\n\t<meta name=\"twitter:data1\" content=\"Redazione\" \/>\n\t<meta name=\"twitter:label2\" content=\"Tempo di lettura stimato\" \/>\n\t<meta name=\"twitter:data2\" content=\"5 minuti\" \/>\n<script type=\"application\/ld+json\" class=\"yoast-schema-graph\">{\"@context\":\"https:\\\/\\\/schema.org\",\"@graph\":[{\"@type\":\"Article\",\"@id\":\"https:\\\/\\\/www.rassegnastampa-totustuus.it\\\/cattolica\\\/lirrinunciabile-impegno-cristiano-nella-cultura\\\/#article\",\"isPartOf\":{\"@id\":\"https:\\\/\\\/www.rassegnastampa-totustuus.it\\\/cattolica\\\/lirrinunciabile-impegno-cristiano-nella-cultura\\\/\"},\"author\":{\"name\":\"Redazione\",\"@id\":\"https:\\\/\\\/www.rassegnastampa-totustuus.it\\\/cattolica\\\/#\\\/schema\\\/person\\\/08f319d2bd1a0904ad9e2bfb7b15e5c3\"},\"headline\":\"L\u2019irrinunciabile impegno cristiano nella cultura\",\"datePublished\":\"2006-04-13T22:00:00+00:00\",\"dateModified\":\"2015-12-04T10:48:46+00:00\",\"mainEntityOfPage\":{\"@id\":\"https:\\\/\\\/www.rassegnastampa-totustuus.it\\\/cattolica\\\/lirrinunciabile-impegno-cristiano-nella-cultura\\\/\"},\"wordCount\":1072,\"publisher\":{\"@id\":\"https:\\\/\\\/www.rassegnastampa-totustuus.it\\\/cattolica\\\/#organization\"},\"image\":{\"@id\":\"https:\\\/\\\/www.rassegnastampa-totustuus.it\\\/cattolica\\\/lirrinunciabile-impegno-cristiano-nella-cultura\\\/#primaryimage\"},\"thumbnailUrl\":\"https:\\\/\\\/www.rassegnastampa-totustuus.it\\\/cattolica\\\/wp-content\\\/uploads\\\/2006\\\/04\\\/cultura-cattolica.jpg\",\"keywords\":[\"cultura\"],\"articleSection\":[\"Chiesa\",\"Laicismo\"],\"inLanguage\":\"it-IT\"},{\"@type\":\"WebPage\",\"@id\":\"https:\\\/\\\/www.rassegnastampa-totustuus.it\\\/cattolica\\\/lirrinunciabile-impegno-cristiano-nella-cultura\\\/\",\"url\":\"https:\\\/\\\/www.rassegnastampa-totustuus.it\\\/cattolica\\\/lirrinunciabile-impegno-cristiano-nella-cultura\\\/\",\"name\":\"L\u2019irrinunciabile impegno cristiano nella cultura - Rassegna Stampa Cattolica\",\"isPartOf\":{\"@id\":\"https:\\\/\\\/www.rassegnastampa-totustuus.it\\\/cattolica\\\/#website\"},\"primaryImageOfPage\":{\"@id\":\"https:\\\/\\\/www.rassegnastampa-totustuus.it\\\/cattolica\\\/lirrinunciabile-impegno-cristiano-nella-cultura\\\/#primaryimage\"},\"image\":{\"@id\":\"https:\\\/\\\/www.rassegnastampa-totustuus.it\\\/cattolica\\\/lirrinunciabile-impegno-cristiano-nella-cultura\\\/#primaryimage\"},\"thumbnailUrl\":\"https:\\\/\\\/www.rassegnastampa-totustuus.it\\\/cattolica\\\/wp-content\\\/uploads\\\/2006\\\/04\\\/cultura-cattolica.jpg\",\"datePublished\":\"2006-04-13T22:00:00+00:00\",\"dateModified\":\"2015-12-04T10:48:46+00:00\",\"description\":\"Rassegna Stampa Cattolica - Per una cultura che nasce dalla Rivelazione cristiana in conformit\u00e0 alla tradizione e al Magistero della Chiesa in opposizione ad ogni relativismo e totalitarismo\",\"breadcrumb\":{\"@id\":\"https:\\\/\\\/www.rassegnastampa-totustuus.it\\\/cattolica\\\/lirrinunciabile-impegno-cristiano-nella-cultura\\\/#breadcrumb\"},\"inLanguage\":\"it-IT\",\"potentialAction\":[{\"@type\":\"ReadAction\",\"target\":[\"https:\\\/\\\/www.rassegnastampa-totustuus.it\\\/cattolica\\\/lirrinunciabile-impegno-cristiano-nella-cultura\\\/\"]}]},{\"@type\":\"ImageObject\",\"inLanguage\":\"it-IT\",\"@id\":\"https:\\\/\\\/www.rassegnastampa-totustuus.it\\\/cattolica\\\/lirrinunciabile-impegno-cristiano-nella-cultura\\\/#primaryimage\",\"url\":\"https:\\\/\\\/www.rassegnastampa-totustuus.it\\\/cattolica\\\/wp-content\\\/uploads\\\/2006\\\/04\\\/cultura-cattolica.jpg\",\"contentUrl\":\"https:\\\/\\\/www.rassegnastampa-totustuus.it\\\/cattolica\\\/wp-content\\\/uploads\\\/2006\\\/04\\\/cultura-cattolica.jpg\",\"width\":265,\"height\":190},{\"@type\":\"BreadcrumbList\",\"@id\":\"https:\\\/\\\/www.rassegnastampa-totustuus.it\\\/cattolica\\\/lirrinunciabile-impegno-cristiano-nella-cultura\\\/#breadcrumb\",\"itemListElement\":[{\"@type\":\"ListItem\",\"position\":1,\"name\":\"Home\",\"item\":\"https:\\\/\\\/www.rassegnastampa-totustuus.it\\\/cattolica\\\/\"},{\"@type\":\"ListItem\",\"position\":2,\"name\":\"L\u2019irrinunciabile impegno cristiano nella cultura\"}]},{\"@type\":\"WebSite\",\"@id\":\"https:\\\/\\\/www.rassegnastampa-totustuus.it\\\/cattolica\\\/#website\",\"url\":\"https:\\\/\\\/www.rassegnastampa-totustuus.it\\\/cattolica\\\/\",\"name\":\"Rassegna Stampa Cattolica\",\"description\":\"Per una cultura che nasce dalla Rivelazione cristiana in conformit\u00e0 alla tradizione e al Magistero della Chiesa in opposizione ad ogni relativismo e totalitarismo\",\"publisher\":{\"@id\":\"https:\\\/\\\/www.rassegnastampa-totustuus.it\\\/cattolica\\\/#organization\"},\"alternateName\":\"Rass. Cattolica\",\"potentialAction\":[{\"@type\":\"SearchAction\",\"target\":{\"@type\":\"EntryPoint\",\"urlTemplate\":\"https:\\\/\\\/www.rassegnastampa-totustuus.it\\\/cattolica\\\/?s={search_term_string}\"},\"query-input\":{\"@type\":\"PropertyValueSpecification\",\"valueRequired\":true,\"valueName\":\"search_term_string\"}}],\"inLanguage\":\"it-IT\"},{\"@type\":\"Organization\",\"@id\":\"https:\\\/\\\/www.rassegnastampa-totustuus.it\\\/cattolica\\\/#organization\",\"name\":\"Rassegna Stampa Cattolica\",\"url\":\"https:\\\/\\\/www.rassegnastampa-totustuus.it\\\/cattolica\\\/\",\"logo\":{\"@type\":\"ImageObject\",\"inLanguage\":\"it-IT\",\"@id\":\"https:\\\/\\\/www.rassegnastampa-totustuus.it\\\/cattolica\\\/#\\\/schema\\\/logo\\\/image\\\/\",\"url\":\"https:\\\/\\\/www.rassegnastampa-totustuus.it\\\/cattolica\\\/wp-content\\\/uploads\\\/2014\\\/04\\\/logo-rassegna1.gif\",\"contentUrl\":\"https:\\\/\\\/www.rassegnastampa-totustuus.it\\\/cattolica\\\/wp-content\\\/uploads\\\/2014\\\/04\\\/logo-rassegna1.gif\",\"width\":600,\"height\":163,\"caption\":\"Rassegna Stampa Cattolica\"},\"image\":{\"@id\":\"https:\\\/\\\/www.rassegnastampa-totustuus.it\\\/cattolica\\\/#\\\/schema\\\/logo\\\/image\\\/\"},\"sameAs\":[\"https:\\\/\\\/www.facebook.com\\\/rassegnastampacattolica\",\"https:\\\/\\\/x.com\\\/rassegnastampa9\"]},{\"@type\":\"Person\",\"@id\":\"https:\\\/\\\/www.rassegnastampa-totustuus.it\\\/cattolica\\\/#\\\/schema\\\/person\\\/08f319d2bd1a0904ad9e2bfb7b15e5c3\",\"name\":\"Redazione\",\"image\":{\"@type\":\"ImageObject\",\"inLanguage\":\"it-IT\",\"@id\":\"https:\\\/\\\/secure.gravatar.com\\\/avatar\\\/2fcdf27c78ea025fbdb44e914cc63c72249ffec9dc8aafd5c82b26240ef3f346?s=96&d=mm&r=g\",\"url\":\"https:\\\/\\\/secure.gravatar.com\\\/avatar\\\/2fcdf27c78ea025fbdb44e914cc63c72249ffec9dc8aafd5c82b26240ef3f346?s=96&d=mm&r=g\",\"contentUrl\":\"https:\\\/\\\/secure.gravatar.com\\\/avatar\\\/2fcdf27c78ea025fbdb44e914cc63c72249ffec9dc8aafd5c82b26240ef3f346?s=96&d=mm&r=g\",\"caption\":\"Redazione\"},\"url\":\"https:\\\/\\\/www.rassegnastampa-totustuus.it\\\/cattolica\\\/author\\\/pietroelle\\\/\"}]}<\/script>\n<!-- \/ Yoast SEO plugin. -->","yoast_head_json":{"title":"L\u2019irrinunciabile impegno cristiano nella cultura - Rassegna Stampa Cattolica","description":"Rassegna Stampa Cattolica - Per una cultura che nasce dalla Rivelazione cristiana in conformit\u00e0 alla tradizione e al Magistero della Chiesa in opposizione ad ogni relativismo e totalitarismo","robots":{"index":"index","follow":"follow","max-snippet":"max-snippet:-1","max-image-preview":"max-image-preview:large","max-video-preview":"max-video-preview:-1"},"canonical":"https:\/\/www.rassegnastampa-totustuus.it\/cattolica\/lirrinunciabile-impegno-cristiano-nella-cultura\/","og_locale":"it_IT","og_type":"article","og_title":"L\u2019irrinunciabile impegno cristiano nella cultura - Rassegna Stampa Cattolica","og_description":"Rassegna Stampa Cattolica - Per una cultura che nasce dalla Rivelazione cristiana in conformit\u00e0 alla tradizione e al Magistero della Chiesa in opposizione ad ogni relativismo e totalitarismo","og_url":"https:\/\/www.rassegnastampa-totustuus.it\/cattolica\/lirrinunciabile-impegno-cristiano-nella-cultura\/","og_site_name":"Rassegna Stampa Cattolica","article_publisher":"https:\/\/www.facebook.com\/rassegnastampacattolica","article_published_time":"2006-04-13T22:00:00+00:00","article_modified_time":"2015-12-04T10:48:46+00:00","og_image":[{"width":265,"height":190,"url":"https:\/\/www.rassegnastampa-totustuus.it\/cattolica\/wp-content\/uploads\/2006\/04\/cultura-cattolica.jpg","type":"image\/jpeg"}],"author":"Redazione","twitter_card":"summary_large_image","twitter_creator":"@rassegnastampa9","twitter_site":"@rassegnastampa9","twitter_misc":{"Scritto da":"Redazione","Tempo di lettura stimato":"5 minuti"},"schema":{"@context":"https:\/\/schema.org","@graph":[{"@type":"Article","@id":"https:\/\/www.rassegnastampa-totustuus.it\/cattolica\/lirrinunciabile-impegno-cristiano-nella-cultura\/#article","isPartOf":{"@id":"https:\/\/www.rassegnastampa-totustuus.it\/cattolica\/lirrinunciabile-impegno-cristiano-nella-cultura\/"},"author":{"name":"Redazione","@id":"https:\/\/www.rassegnastampa-totustuus.it\/cattolica\/#\/schema\/person\/08f319d2bd1a0904ad9e2bfb7b15e5c3"},"headline":"L\u2019irrinunciabile impegno cristiano nella cultura","datePublished":"2006-04-13T22:00:00+00:00","dateModified":"2015-12-04T10:48:46+00:00","mainEntityOfPage":{"@id":"https:\/\/www.rassegnastampa-totustuus.it\/cattolica\/lirrinunciabile-impegno-cristiano-nella-cultura\/"},"wordCount":1072,"publisher":{"@id":"https:\/\/www.rassegnastampa-totustuus.it\/cattolica\/#organization"},"image":{"@id":"https:\/\/www.rassegnastampa-totustuus.it\/cattolica\/lirrinunciabile-impegno-cristiano-nella-cultura\/#primaryimage"},"thumbnailUrl":"https:\/\/www.rassegnastampa-totustuus.it\/cattolica\/wp-content\/uploads\/2006\/04\/cultura-cattolica.jpg","keywords":["cultura"],"articleSection":["Chiesa","Laicismo"],"inLanguage":"it-IT"},{"@type":"WebPage","@id":"https:\/\/www.rassegnastampa-totustuus.it\/cattolica\/lirrinunciabile-impegno-cristiano-nella-cultura\/","url":"https:\/\/www.rassegnastampa-totustuus.it\/cattolica\/lirrinunciabile-impegno-cristiano-nella-cultura\/","name":"L\u2019irrinunciabile impegno cristiano nella cultura - Rassegna Stampa Cattolica","isPartOf":{"@id":"https:\/\/www.rassegnastampa-totustuus.it\/cattolica\/#website"},"primaryImageOfPage":{"@id":"https:\/\/www.rassegnastampa-totustuus.it\/cattolica\/lirrinunciabile-impegno-cristiano-nella-cultura\/#primaryimage"},"image":{"@id":"https:\/\/www.rassegnastampa-totustuus.it\/cattolica\/lirrinunciabile-impegno-cristiano-nella-cultura\/#primaryimage"},"thumbnailUrl":"https:\/\/www.rassegnastampa-totustuus.it\/cattolica\/wp-content\/uploads\/2006\/04\/cultura-cattolica.jpg","datePublished":"2006-04-13T22:00:00+00:00","dateModified":"2015-12-04T10:48:46+00:00","description":"Rassegna Stampa Cattolica - Per una cultura che nasce dalla Rivelazione cristiana in conformit\u00e0 alla tradizione e al Magistero della Chiesa in opposizione ad ogni relativismo e totalitarismo","breadcrumb":{"@id":"https:\/\/www.rassegnastampa-totustuus.it\/cattolica\/lirrinunciabile-impegno-cristiano-nella-cultura\/#breadcrumb"},"inLanguage":"it-IT","potentialAction":[{"@type":"ReadAction","target":["https:\/\/www.rassegnastampa-totustuus.it\/cattolica\/lirrinunciabile-impegno-cristiano-nella-cultura\/"]}]},{"@type":"ImageObject","inLanguage":"it-IT","@id":"https:\/\/www.rassegnastampa-totustuus.it\/cattolica\/lirrinunciabile-impegno-cristiano-nella-cultura\/#primaryimage","url":"https:\/\/www.rassegnastampa-totustuus.it\/cattolica\/wp-content\/uploads\/2006\/04\/cultura-cattolica.jpg","contentUrl":"https:\/\/www.rassegnastampa-totustuus.it\/cattolica\/wp-content\/uploads\/2006\/04\/cultura-cattolica.jpg","width":265,"height":190},{"@type":"BreadcrumbList","@id":"https:\/\/www.rassegnastampa-totustuus.it\/cattolica\/lirrinunciabile-impegno-cristiano-nella-cultura\/#breadcrumb","itemListElement":[{"@type":"ListItem","position":1,"name":"Home","item":"https:\/\/www.rassegnastampa-totustuus.it\/cattolica\/"},{"@type":"ListItem","position":2,"name":"L\u2019irrinunciabile impegno cristiano nella cultura"}]},{"@type":"WebSite","@id":"https:\/\/www.rassegnastampa-totustuus.it\/cattolica\/#website","url":"https:\/\/www.rassegnastampa-totustuus.it\/cattolica\/","name":"Rassegna Stampa Cattolica","description":"Per una cultura che nasce dalla Rivelazione cristiana in conformit\u00e0 alla tradizione e al Magistero della Chiesa in opposizione ad ogni relativismo e totalitarismo","publisher":{"@id":"https:\/\/www.rassegnastampa-totustuus.it\/cattolica\/#organization"},"alternateName":"Rass. Cattolica","potentialAction":[{"@type":"SearchAction","target":{"@type":"EntryPoint","urlTemplate":"https:\/\/www.rassegnastampa-totustuus.it\/cattolica\/?s={search_term_string}"},"query-input":{"@type":"PropertyValueSpecification","valueRequired":true,"valueName":"search_term_string"}}],"inLanguage":"it-IT"},{"@type":"Organization","@id":"https:\/\/www.rassegnastampa-totustuus.it\/cattolica\/#organization","name":"Rassegna Stampa Cattolica","url":"https:\/\/www.rassegnastampa-totustuus.it\/cattolica\/","logo":{"@type":"ImageObject","inLanguage":"it-IT","@id":"https:\/\/www.rassegnastampa-totustuus.it\/cattolica\/#\/schema\/logo\/image\/","url":"https:\/\/www.rassegnastampa-totustuus.it\/cattolica\/wp-content\/uploads\/2014\/04\/logo-rassegna1.gif","contentUrl":"https:\/\/www.rassegnastampa-totustuus.it\/cattolica\/wp-content\/uploads\/2014\/04\/logo-rassegna1.gif","width":600,"height":163,"caption":"Rassegna Stampa Cattolica"},"image":{"@id":"https:\/\/www.rassegnastampa-totustuus.it\/cattolica\/#\/schema\/logo\/image\/"},"sameAs":["https:\/\/www.facebook.com\/rassegnastampacattolica","https:\/\/x.com\/rassegnastampa9"]},{"@type":"Person","@id":"https:\/\/www.rassegnastampa-totustuus.it\/cattolica\/#\/schema\/person\/08f319d2bd1a0904ad9e2bfb7b15e5c3","name":"Redazione","image":{"@type":"ImageObject","inLanguage":"it-IT","@id":"https:\/\/secure.gravatar.com\/avatar\/2fcdf27c78ea025fbdb44e914cc63c72249ffec9dc8aafd5c82b26240ef3f346?s=96&d=mm&r=g","url":"https:\/\/secure.gravatar.com\/avatar\/2fcdf27c78ea025fbdb44e914cc63c72249ffec9dc8aafd5c82b26240ef3f346?s=96&d=mm&r=g","contentUrl":"https:\/\/secure.gravatar.com\/avatar\/2fcdf27c78ea025fbdb44e914cc63c72249ffec9dc8aafd5c82b26240ef3f346?s=96&d=mm&r=g","caption":"Redazione"},"url":"https:\/\/www.rassegnastampa-totustuus.it\/cattolica\/author\/pietroelle\/"}]}},"_links":{"self":[{"href":"https:\/\/www.rassegnastampa-totustuus.it\/cattolica\/wp-json\/wp\/v2\/posts\/1984","targetHints":{"allow":["GET"]}}],"collection":[{"href":"https:\/\/www.rassegnastampa-totustuus.it\/cattolica\/wp-json\/wp\/v2\/posts"}],"about":[{"href":"https:\/\/www.rassegnastampa-totustuus.it\/cattolica\/wp-json\/wp\/v2\/types\/post"}],"author":[{"embeddable":true,"href":"https:\/\/www.rassegnastampa-totustuus.it\/cattolica\/wp-json\/wp\/v2\/users\/6"}],"replies":[{"embeddable":true,"href":"https:\/\/www.rassegnastampa-totustuus.it\/cattolica\/wp-json\/wp\/v2\/comments?post=1984"}],"version-history":[{"count":4,"href":"https:\/\/www.rassegnastampa-totustuus.it\/cattolica\/wp-json\/wp\/v2\/posts\/1984\/revisions"}],"predecessor-version":[{"id":28647,"href":"https:\/\/www.rassegnastampa-totustuus.it\/cattolica\/wp-json\/wp\/v2\/posts\/1984\/revisions\/28647"}],"wp:featuredmedia":[{"embeddable":true,"href":"https:\/\/www.rassegnastampa-totustuus.it\/cattolica\/wp-json\/wp\/v2\/media\/28646"}],"wp:attachment":[{"href":"https:\/\/www.rassegnastampa-totustuus.it\/cattolica\/wp-json\/wp\/v2\/media?parent=1984"}],"wp:term":[{"taxonomy":"category","embeddable":true,"href":"https:\/\/www.rassegnastampa-totustuus.it\/cattolica\/wp-json\/wp\/v2\/categories?post=1984"},{"taxonomy":"post_tag","embeddable":true,"href":"https:\/\/www.rassegnastampa-totustuus.it\/cattolica\/wp-json\/wp\/v2\/tags?post=1984"}],"curies":[{"name":"wp","href":"https:\/\/api.w.org\/{rel}","templated":true}]}}