{"id":1977,"date":"2006-04-12T16:00:27","date_gmt":"2006-04-12T14:00:27","guid":{"rendered":""},"modified":"2015-11-12T12:04:58","modified_gmt":"2015-11-12T11:04:58","slug":"il-paradosso-delleutanasia-cristiana","status":"publish","type":"post","link":"https:\/\/www.rassegnastampa-totustuus.it\/cattolica\/il-paradosso-delleutanasia-cristiana\/","title":{"rendered":"Il paradosso dell\u2019eutanasia &#8216;cristiana&#8217;"},"content":{"rendered":"<div style=\"text-align: center;\"><a href=\"https:\/\/www.rassegnastampa-totustuus.it\/cattolica\/wp-content\/uploads\/2006\/04\/eutanasia.jpg\"><img loading=\"lazy\" decoding=\"async\" class=\"alignleft wp-image-27558\" src=\"https:\/\/www.rassegnastampa-totustuus.it\/cattolica\/wp-content\/uploads\/2006\/04\/eutanasia.jpg\" alt=\"eutanasia\" width=\"250\" height=\"155\" \/><\/a>Agenzia<strong> ZENIT <\/strong>9 aprile 2006<\/div>\n<p style=\"text-align: justify;\">Pubblichiamo di seguito per la rubrica di Bioetica l\u2019intervento della dottoressa <strong>Claudia Navarini,<\/strong> docente della Facolt\u00e0 di Bioetica presso l&#8217;Ateneo Pontificio <em>Regina Apostolorum<\/em> di Roma.<\/p>\n<p style=\"text-align: center;\">__________________<\/p>\n<p><!--more--><\/p>\n<div style=\"text-align: justify;\">Nelle ultime settimane il tema dell\u2019eutanasia \u00e8 stato spesso al centro del dibattito internazionale, e numerosi Paesi hanno colto l\u201aoccasione per fare il punto della situazione e per riprendere le discussioni a livello etico, culturale e anche legislativo. Qualche esempio?<\/div>\n<p style=\"text-align: justify;\">In Australia, dove nel Northern Territory era stata emanata una legge a favore dell\u2019eutanasia (1996) &#8211; revocata l\u2019anno dopo &#8211; e dove \u00e8 entrato il vigore lo scorso 6 gennaio il <em>Criminal Code Amendment Act<\/em> &#8211; una legge che proibisce la discussione sui metodi per praticare l&#8217;eutanasia e il suicidio assistito per telefono, fax, e-mail o Internet &#8211; \u00e8 in atto un progetto di disobbedienza civile allo scopo di promuovere l\u2019eutanasia volontaria.<\/p>\n<p style=\"text-align: justify;\">La proposta di legge sul suicidio assistito presentata da Lord Joffe in Gran Bretagna, invece, sar\u00e0 ostacolata da quella che \u00e8 stata definita la pi\u00f9 grande campagna politica della Chiesa Cattolica inglese, sotto la guida dell\u2019Arcivescovo di Cardiff Peter Smith.<\/p>\n<p style=\"text-align: justify;\">In Belgio, il Cardinale Godfried Danneels sta cercando di creare un &#8220;fronte religioso&#8221; (<span style=\"text-decoration: underline;\"><a href=\"http:\/\/www.aduc.it\/dyn\/eutanasia\/noti.php?id=140104\" target=\"_blank\">http:\/\/www.aduc.it\/dyn\/eutanasia\/noti.php?id=140104<\/a><\/span>)\u00a0 che comprenda le tre grandi religioni monoteiste per scongiurare l\u2019estensione della legge belga sull\u2019eutanasia, in vigore dal 2003, ai soggetti dementi.<\/p>\n<p style=\"text-align: justify;\">In Francia Marie Humbert (<span style=\"text-decoration: underline;\"><a href=\"http:\/\/www.aduc.it\/dyn\/eutanasia\/noti.php?id=137783\" target=\"_blank\">http:\/\/www.aduc.it\/dyn\/eutanasia\/noti.php?id=137783<\/a><\/span>), la donna assolta dopo aver aiutato il figlio a morire, ha presentato una proposta di legge per &#8220;l&#8217;assistenza attiva a morire&#8221; insieme all&#8217;<em>Association pour le droit de mourir dans la dignit\u00e9<\/em> (ADMD), che di recente ha svolto un sondaggio secondo cui l\u201a86% dei Francesi sarebbe a favore dell\u2019eutanasia.<\/p>\n<p style=\"text-align: justify;\">Ancora, il Giappone \u00e8 in subbuglio a causa di un medico indagato per sette casi di sospetta eutanasia, in cui &#8211; fra dimissioni e ritiro delle dimissioni del chirurgo in questione &#8211; sono state ribadite le regole da rispettare perch\u00e9 un\u2019eutanasia sia &#8220;praticata correttamente&#8221;. Al contrario in Cile, a fronte di pressioni e rumori dell\u2019opinione pubblica, il Ministro della Salute Soledad Barria ha precisato che il Governo si opporr\u00e0 a qualsiasi legge a favore dell&#8217;eutanasia.<\/p>\n<p style=\"text-align: justify;\">Si parla di eutanasia in Messico, in Spagna, in Cina, negli Stati Uniti. E in Italia il dibattito prosegue da anni.<\/p>\n<p style=\"text-align: justify;\">In tale clima, la rivista &#8220;MicroMega&#8221; ha pubblicato il 6 aprile un articolo di Sergio Rostagno, coordinatore della Commissione per i problemi etici posti dalla scienza della Tavola valdese, con un titolo inquietante: <em>L\u2019eutanasia pu\u00f2 essere cristiana<\/em>. Rostagno, infatti, si cimenta in un\u2019operazione inedita nella cultura italiana, sebbene gi\u00e0 ampiamente illustrata dal &#8220;Gruppo di lavoro sulla bioetica&#8221; della Tavola Valdese nel 1998\u00a0(<span style=\"text-decoration: underline;\"><a href=\"http:\/\/www.chiesavaldese.org\/pages\/archivi\/mater_studio\/eutanasia.pdf\" target=\"_blank\">http:\/\/www.chiesavaldese.org\/pages\/archivi\/mater_studio\/eutanasia.pdf<\/a><\/span>) ; cerca cio\u00e8 di spiegare perch\u00e9 l\u2019eutanasia \u00e8 accettabile da un punto di vista teologico (S. Ristagno, <em>L\u2019eutanasia pu\u00f2 essere cristiana<\/em>, &#8220;MicroMega&#8221;, 6, 6 aprile 2006, pp. 27-31).<\/p>\n<p style=\"text-align: justify;\">La medicina e il diritto, infatti, avrebbero gi\u00e0 risolto i loro problemi: la prima indicando &#8220;se, come e quando&#8221; praticare l\u2019eutanasia, la seconda cercando di &#8220;definire la legittimit\u00e0 della procedura&#8221;. La questione si pone in termini pi\u00f9 complessi quando si parla di Dio, suggerendo a tutti gli uomini di fede che, poich\u00e9 la vita appartiene ultimamente a Lui, non possiamo volontariamente privarcene o privarne altri. La vita \u00e8 in questo senso un bene assolutamente indisponile (cfr. M. Palmaro, <em>Non tocca allo stato stabilire che una vita non \u00e8 degna di essere vissuta.\u00a0 Nove ragioni giuridiche, di buon senso e di memoria storica per dire di no alla legalizzazione della &#8220;dolce morte&#8221;<\/em>, &#8220;Il Foglio&#8221;, 30 marzo 2006).<\/p>\n<p style=\"text-align: justify;\">Rostagno contesta proprio questo punto. Affermare che solo Dio, che \u00e8 il padrone della vita, pu\u00f2 &#8220;dare la morte&#8221; \u00e8 per il teologo valdese cristianamente sbagliato: &#8220;Dio non \u00e8 colui che condanna, ma semmai colui che difende&#8221;. Colui che difende la vita, affidandola alla responsabilit\u00e0. E cos\u00ec, <em>responsabilmente<\/em>, l\u2019uomo potrebbe &#8220;riconsegnarla&#8221;, cio\u00e8 decidere il momento pi\u00f9 opportuno in cui terminare la sua vita, in modo da &#8220;aiutare l\u2019essere umano a morire senza inutili strazi&#8221;.<\/p>\n<p style=\"text-align: justify;\">D\u2019altra parte, prosegue, di fronte alla sofferenza, di fronte al &#8220;caso, prevedibile, di un prolungarsi indefinito del dolore e della terapia, la risposta pi\u00f9 umana, la pi\u00f9 pratica e intelligente \u00e8 anche la pi\u00f9 ovvia. Non si pu\u00f2 vivere la propria morte per settimane o mesi o indefinitamente&#8221;.<\/p>\n<p style=\"text-align: justify;\">L\u2019eutanasia potr\u00e0 essere facilmente la via pi\u00f9 &#8220;pratica&#8221; per uscire dalla sofferenza, ma solo apparentemente \u00e8 la pi\u00f9 umana, e non \u00e8 di certo la pi\u00f9 intelligente. Infatti, non &#8220;legge dentro&#8221; l\u2019uomo per comprenderne il mistero e il valore, n\u00e9 considera davvero in che senso si possa dire cristianamente che la vita \u00e8 un dono.<\/p>\n<p style=\"text-align: justify;\">In primo luogo, nella visione cristiana Dio affida all\u2019uomo la sua vita (e quella del prossimo) come un bene. L\u2019uomo \u00e8 libero nel gestire tale bene; cos\u00ec libero che tecnicamente pu\u00f2 anche andare contro questo bene offendendo o sopprimendo la vita. In questo caso, tuttavia, l\u2019uomo non si comporta <em>responsabilmente<\/em>, cio\u00e8 non risponde correttamente a Dio del bene che gli \u00e8 stato affidato. Usa male la sua libert\u00e0, va contro se stesso e contro Dio. Togliendosi la vita perch\u00e9 fonte di dolore, l\u2019uomo infatti decide di fatto che la sua vita &#8220;non vale pi\u00f9 la pena di essere vissuta&#8221;. In altre parole, l\u2019uomo diventerebbe la fonte del suo proprio valore, e Dio non potrebbe pi\u00f9 essere &#8211; come ammette Rostagno &#8211; il &#8220;garante della vita&#8221;.<\/p>\n<p style=\"text-align: justify;\">In secondo luogo, affermare che non siamo padroni della nostra vita non significa dire che Dio toglie la vita arbitrariamente, quando <em>vuole<\/em>. Propriamente, infatti, Dio non <em>vuole<\/em> la morte di nessuno. L\u2019evento morte fa parte di quel mistero del male che ha invaso la storia umana a motivo della libert\u00e0 personale, e che interessa tutta la finitezza dell\u2019uomo, come pure l\u2019inesorabile concatenazione delle cause seconde.<\/p>\n<p style=\"text-align: justify;\">Dio vuole la vita al punto da avere preparato per ciascuno un destino eterno di partecipazione alla vita divina. Sapendo che la vera vita \u00e8 quella che inizia dopo la morte umana, allora diciamo che Dio &#8220;chiama a S\u00e9&#8221;, ma ci\u00f2 avviene &#8211; ordinariamente &#8211; secondo le cause naturali, senza un diretto intervento soprannaturale. Dunque, per il cristiano, sottostare alla volont\u00e0 di Dio rispetto al momento della morte significa accettare il momento e il modo della morte stabiliti dalla dimensione biologica dell\u2019uomo, dopo avere fatto tutto il possibile per preservare la vita e la salute. Per questo \u00e8 cos\u00ec importante studiare anche scientificamente il problema dell\u2019accertamento della morte.<\/p>\n<p style=\"text-align: justify;\">In terzo luogo, non \u00e8 contraddittorio con la tutela della vita il rifiuto dell\u2019accanimento terapeutico. Purch\u00e9, ancora una volta, tale termine non diventi uno strumento linguistico di manipolazione etica. Rostagno osserva che &#8220;per trovare un accordo tra opinioni diverse basta a volte evitare la parole eutanasia&#8221;. E il &#8220;rifiuto dell\u2019accanimento terapeutico&#8221; si presta magnificamente a suggellare questo accordo. Peccato che per accanimento terapeutico si intenda troppo spesso l\u2019esistenza stessa in condizioni non auspicabili. La parola che risveglia immediatamente la questione \u00e8 <em>prolungamento<\/em> (cfr. l\u2019inglese <em>life prolonging treatment<\/em>).<\/p>\n<p style=\"text-align: justify;\">Spesso i fautori dell\u2019eutanasia &#8211; e i confusi &#8211; si accaniscono contro ogni forma di prolungamento artificiale della vita, ritenendolo comunque &#8220;eccessivo&#8221; e intollerabile per il paziente. Quello che rende eccessivo e sproporzionato un trattamento, in realt\u00e0, \u00e8 il fatto che prolunghi volontariamente l\u2019agonia, in condizioni precarie e penose, e nell\u2019imminenza della morte. Non altro.<\/p>\n<p style=\"text-align: justify;\">Come spiegava Giovanni Paolo II nel discorso <em>Ai partecipanti al Convegno internazionale sull\u2019assistenza ai morenti<\/em>, 18 marzo 1992, l\u2019accanimento terapeutico consiste &#8220;nell\u2019uso di mezzi particolarmente sfibranti e pesanti per il malato, condannandolo di fatto ad un\u201aagonia prolungata artificialmente&#8221; (n. 4).<\/p>\n<p style=\"text-align: justify;\">Il diritto ad una &#8220;morte degna&#8221; non si esplica dunque nel decidere i tempi e i modi della propria morte, sopprimendo la vita quando si ritiene &#8211; per un\u2019orgogliosa quanto indebita estensione dei limiti della nostra autonomia &#8211; che abbia &#8220;perso il suo valore&#8221;. Il valore della nostra (e altrui) vita, infatti, resta intatto in ogni suo istante, poich\u00e9, come gi\u00e0 ricordato, non dipende da noi, che non siamo ontologicamente in grado di fondare tale valore.<\/p>\n<p style=\"text-align: justify;\">Piuttosto, la dignit\u00e0 della morte sar\u00e0 il &#8220;diritto di morire in tutta serenit\u00e0, con dignit\u00e0 umana e cristiana&#8221; (Congregazione per la Dottrina della Fede, <em>Dichiarazione sull\u2019eutanasia<\/em>, 5 maggio 1980), addolcendo il dolore fisico se il paziente lo desidera (nei casi pi\u00f9 gravi al limite anche se ci\u00f2 obnubila la coscienza), curando con attenzione la sofferenza psichica, e favorendo la migliore preparazione spirituale alla morte.<\/p>\n<p style=\"text-align: justify;\">Di fronte alla tentazione di accelerare la morte di chi sta male, valgono sempre le parole di <em>Evangelium vitae<\/em> n. 66: &#8220;Anche se non motivata dal rifiuto egoistico di farsi carico dell&#8217;esistenza di chi soffre, l&#8217;eutanasia deve dirsi una <em>falsa piet\u00e0<\/em>, anzi una preoccupante perversione\u201a di essa: la vera compassione\u201a infatti, rende solidale col dolore altrui, non sopprime colui del quale non si pu\u00f2 sopportare la sofferenza&#8221;.<\/p>\n<p style=\"text-align: justify;\">Inoltre, per l\u2019immenso valore della vita dell\u2019uomo, capace di compiere e di cogliere in ogni momento atti trascendenti di straordinaria portata, proprio gli ultimi tempi (giorni, ore, minuti) potrebbero essere decisivi per l\u2019intero senso dell\u2019esistenza. Ad alcuno spetta dunque decretare la vacuit\u00e0 e l\u201ainutilit\u00e0 di tali momenti.<\/p>\n<p style=\"text-align: justify;\"><em>[I lettori sono invitati a porre domande sui differenti temi di bioetica scrivendo all\u2019indirizzo: <\/em><em><span style=\"text-decoration: underline;\">bioetica@zenit.org<\/span><\/em><em>. La dottoressa Navarini risponder\u00e0 personalmente in forma pubblica e privata ai temi che verranno sollevati. Si prega di indicare il nome, le iniziali del cognome e la citt\u00e0 di provenienza]\u00a0<\/em><\/p>\n","protected":false},"excerpt":{"rendered":"<p>Agenzia ZENIT 9 aprile 2006 Pubblichiamo di seguito per la rubrica di Bioetica l\u2019intervento della dottoressa Claudia Navarini, docente della Facolt\u00e0 di Bioetica presso l&#8217;Ateneo Pontificio Regina Apostolorum di Roma. __________________<\/p><p><a class=\"more-link btn\" href=\"https:\/\/www.rassegnastampa-totustuus.it\/cattolica\/il-paradosso-delleutanasia-cristiana\/\">Continua a leggere<\/a><\/p>\n","protected":false},"author":6,"featured_media":27558,"comment_status":"closed","ping_status":"open","sticky":false,"template":"","format":"standard","meta":{"footnotes":""},"categories":[55],"tags":[141],"class_list":["post-1977","post","type-post","status-publish","format-standard","has-post-thumbnail","hentry","category-eutanasia","tag-eutanasia-2","item-wrap"],"yoast_head":"<!-- This site is optimized with the Yoast SEO plugin v27.5 - https:\/\/yoast.com\/product\/yoast-seo-wordpress\/ -->\n<title>Il paradosso dell\u2019eutanasia &#039;cristiana&#039; - Rassegna Stampa Cattolica<\/title>\n<meta name=\"description\" content=\"Rassegna Stampa Cattolica - Per una cultura che nasce dalla Rivelazione cristiana in conformit\u00e0 alla tradizione e al Magistero della Chiesa in opposizione ad ogni relativismo e totalitarismo\" \/>\n<meta name=\"robots\" content=\"index, follow, max-snippet:-1, max-image-preview:large, max-video-preview:-1\" \/>\n<link rel=\"canonical\" href=\"https:\/\/www.rassegnastampa-totustuus.it\/cattolica\/il-paradosso-delleutanasia-cristiana\/\" \/>\n<meta property=\"og:locale\" content=\"it_IT\" \/>\n<meta property=\"og:type\" content=\"article\" \/>\n<meta property=\"og:title\" content=\"Il paradosso dell\u2019eutanasia &#039;cristiana&#039; - Rassegna Stampa Cattolica\" \/>\n<meta property=\"og:description\" content=\"Rassegna Stampa Cattolica - Per una cultura che nasce dalla Rivelazione cristiana in conformit\u00e0 alla tradizione e al Magistero della Chiesa in opposizione ad ogni relativismo e totalitarismo\" \/>\n<meta property=\"og:url\" content=\"https:\/\/www.rassegnastampa-totustuus.it\/cattolica\/il-paradosso-delleutanasia-cristiana\/\" \/>\n<meta property=\"og:site_name\" content=\"Rassegna Stampa Cattolica\" \/>\n<meta property=\"article:publisher\" content=\"https:\/\/www.facebook.com\/rassegnastampacattolica\" \/>\n<meta property=\"article:published_time\" content=\"2006-04-12T14:00:27+00:00\" \/>\n<meta property=\"article:modified_time\" content=\"2015-11-12T11:04:58+00:00\" \/>\n<meta property=\"og:image\" content=\"https:\/\/www.rassegnastampa-totustuus.it\/cattolica\/wp-content\/uploads\/2006\/04\/eutanasia.jpg\" \/>\n\t<meta property=\"og:image:width\" content=\"285\" \/>\n\t<meta property=\"og:image:height\" content=\"177\" \/>\n\t<meta property=\"og:image:type\" content=\"image\/jpeg\" \/>\n<meta name=\"author\" content=\"Redazione\" \/>\n<meta name=\"twitter:card\" content=\"summary_large_image\" \/>\n<meta name=\"twitter:creator\" content=\"@rassegnastampa9\" \/>\n<meta name=\"twitter:site\" content=\"@rassegnastampa9\" \/>\n<meta name=\"twitter:label1\" content=\"Scritto da\" \/>\n\t<meta name=\"twitter:data1\" content=\"Redazione\" \/>\n\t<meta name=\"twitter:label2\" content=\"Tempo di lettura stimato\" \/>\n\t<meta name=\"twitter:data2\" content=\"8 minuti\" \/>\n<script type=\"application\/ld+json\" class=\"yoast-schema-graph\">{\"@context\":\"https:\\\/\\\/schema.org\",\"@graph\":[{\"@type\":\"Article\",\"@id\":\"https:\\\/\\\/www.rassegnastampa-totustuus.it\\\/cattolica\\\/il-paradosso-delleutanasia-cristiana\\\/#article\",\"isPartOf\":{\"@id\":\"https:\\\/\\\/www.rassegnastampa-totustuus.it\\\/cattolica\\\/il-paradosso-delleutanasia-cristiana\\\/\"},\"author\":{\"name\":\"Redazione\",\"@id\":\"https:\\\/\\\/www.rassegnastampa-totustuus.it\\\/cattolica\\\/#\\\/schema\\\/person\\\/08f319d2bd1a0904ad9e2bfb7b15e5c3\"},\"headline\":\"Il paradosso dell\u2019eutanasia &#8216;cristiana&#8217;\",\"datePublished\":\"2006-04-12T14:00:27+00:00\",\"dateModified\":\"2015-11-12T11:04:58+00:00\",\"mainEntityOfPage\":{\"@id\":\"https:\\\/\\\/www.rassegnastampa-totustuus.it\\\/cattolica\\\/il-paradosso-delleutanasia-cristiana\\\/\"},\"wordCount\":1578,\"publisher\":{\"@id\":\"https:\\\/\\\/www.rassegnastampa-totustuus.it\\\/cattolica\\\/#organization\"},\"image\":{\"@id\":\"https:\\\/\\\/www.rassegnastampa-totustuus.it\\\/cattolica\\\/il-paradosso-delleutanasia-cristiana\\\/#primaryimage\"},\"thumbnailUrl\":\"https:\\\/\\\/www.rassegnastampa-totustuus.it\\\/cattolica\\\/wp-content\\\/uploads\\\/2006\\\/04\\\/eutanasia.jpg\",\"keywords\":[\"eutanasia\"],\"articleSection\":[\"Eutanasia\"],\"inLanguage\":\"it-IT\"},{\"@type\":\"WebPage\",\"@id\":\"https:\\\/\\\/www.rassegnastampa-totustuus.it\\\/cattolica\\\/il-paradosso-delleutanasia-cristiana\\\/\",\"url\":\"https:\\\/\\\/www.rassegnastampa-totustuus.it\\\/cattolica\\\/il-paradosso-delleutanasia-cristiana\\\/\",\"name\":\"Il paradosso dell\u2019eutanasia 'cristiana' - Rassegna Stampa Cattolica\",\"isPartOf\":{\"@id\":\"https:\\\/\\\/www.rassegnastampa-totustuus.it\\\/cattolica\\\/#website\"},\"primaryImageOfPage\":{\"@id\":\"https:\\\/\\\/www.rassegnastampa-totustuus.it\\\/cattolica\\\/il-paradosso-delleutanasia-cristiana\\\/#primaryimage\"},\"image\":{\"@id\":\"https:\\\/\\\/www.rassegnastampa-totustuus.it\\\/cattolica\\\/il-paradosso-delleutanasia-cristiana\\\/#primaryimage\"},\"thumbnailUrl\":\"https:\\\/\\\/www.rassegnastampa-totustuus.it\\\/cattolica\\\/wp-content\\\/uploads\\\/2006\\\/04\\\/eutanasia.jpg\",\"datePublished\":\"2006-04-12T14:00:27+00:00\",\"dateModified\":\"2015-11-12T11:04:58+00:00\",\"description\":\"Rassegna Stampa Cattolica - Per una cultura che nasce dalla Rivelazione cristiana in conformit\u00e0 alla tradizione e al Magistero della Chiesa in opposizione ad ogni relativismo e totalitarismo\",\"breadcrumb\":{\"@id\":\"https:\\\/\\\/www.rassegnastampa-totustuus.it\\\/cattolica\\\/il-paradosso-delleutanasia-cristiana\\\/#breadcrumb\"},\"inLanguage\":\"it-IT\",\"potentialAction\":[{\"@type\":\"ReadAction\",\"target\":[\"https:\\\/\\\/www.rassegnastampa-totustuus.it\\\/cattolica\\\/il-paradosso-delleutanasia-cristiana\\\/\"]}]},{\"@type\":\"ImageObject\",\"inLanguage\":\"it-IT\",\"@id\":\"https:\\\/\\\/www.rassegnastampa-totustuus.it\\\/cattolica\\\/il-paradosso-delleutanasia-cristiana\\\/#primaryimage\",\"url\":\"https:\\\/\\\/www.rassegnastampa-totustuus.it\\\/cattolica\\\/wp-content\\\/uploads\\\/2006\\\/04\\\/eutanasia.jpg\",\"contentUrl\":\"https:\\\/\\\/www.rassegnastampa-totustuus.it\\\/cattolica\\\/wp-content\\\/uploads\\\/2006\\\/04\\\/eutanasia.jpg\",\"width\":285,\"height\":177},{\"@type\":\"BreadcrumbList\",\"@id\":\"https:\\\/\\\/www.rassegnastampa-totustuus.it\\\/cattolica\\\/il-paradosso-delleutanasia-cristiana\\\/#breadcrumb\",\"itemListElement\":[{\"@type\":\"ListItem\",\"position\":1,\"name\":\"Home\",\"item\":\"https:\\\/\\\/www.rassegnastampa-totustuus.it\\\/cattolica\\\/\"},{\"@type\":\"ListItem\",\"position\":2,\"name\":\"Il paradosso dell\u2019eutanasia &#8216;cristiana&#8217;\"}]},{\"@type\":\"WebSite\",\"@id\":\"https:\\\/\\\/www.rassegnastampa-totustuus.it\\\/cattolica\\\/#website\",\"url\":\"https:\\\/\\\/www.rassegnastampa-totustuus.it\\\/cattolica\\\/\",\"name\":\"Rassegna Stampa Cattolica\",\"description\":\"Per una cultura che nasce dalla Rivelazione cristiana in conformit\u00e0 alla tradizione e al Magistero della Chiesa in opposizione ad ogni relativismo e totalitarismo\",\"publisher\":{\"@id\":\"https:\\\/\\\/www.rassegnastampa-totustuus.it\\\/cattolica\\\/#organization\"},\"alternateName\":\"Rass. Cattolica\",\"potentialAction\":[{\"@type\":\"SearchAction\",\"target\":{\"@type\":\"EntryPoint\",\"urlTemplate\":\"https:\\\/\\\/www.rassegnastampa-totustuus.it\\\/cattolica\\\/?s={search_term_string}\"},\"query-input\":{\"@type\":\"PropertyValueSpecification\",\"valueRequired\":true,\"valueName\":\"search_term_string\"}}],\"inLanguage\":\"it-IT\"},{\"@type\":\"Organization\",\"@id\":\"https:\\\/\\\/www.rassegnastampa-totustuus.it\\\/cattolica\\\/#organization\",\"name\":\"Rassegna Stampa Cattolica\",\"url\":\"https:\\\/\\\/www.rassegnastampa-totustuus.it\\\/cattolica\\\/\",\"logo\":{\"@type\":\"ImageObject\",\"inLanguage\":\"it-IT\",\"@id\":\"https:\\\/\\\/www.rassegnastampa-totustuus.it\\\/cattolica\\\/#\\\/schema\\\/logo\\\/image\\\/\",\"url\":\"https:\\\/\\\/www.rassegnastampa-totustuus.it\\\/cattolica\\\/wp-content\\\/uploads\\\/2014\\\/04\\\/logo-rassegna1.gif\",\"contentUrl\":\"https:\\\/\\\/www.rassegnastampa-totustuus.it\\\/cattolica\\\/wp-content\\\/uploads\\\/2014\\\/04\\\/logo-rassegna1.gif\",\"width\":600,\"height\":163,\"caption\":\"Rassegna Stampa Cattolica\"},\"image\":{\"@id\":\"https:\\\/\\\/www.rassegnastampa-totustuus.it\\\/cattolica\\\/#\\\/schema\\\/logo\\\/image\\\/\"},\"sameAs\":[\"https:\\\/\\\/www.facebook.com\\\/rassegnastampacattolica\",\"https:\\\/\\\/x.com\\\/rassegnastampa9\"]},{\"@type\":\"Person\",\"@id\":\"https:\\\/\\\/www.rassegnastampa-totustuus.it\\\/cattolica\\\/#\\\/schema\\\/person\\\/08f319d2bd1a0904ad9e2bfb7b15e5c3\",\"name\":\"Redazione\",\"image\":{\"@type\":\"ImageObject\",\"inLanguage\":\"it-IT\",\"@id\":\"https:\\\/\\\/secure.gravatar.com\\\/avatar\\\/2fcdf27c78ea025fbdb44e914cc63c72249ffec9dc8aafd5c82b26240ef3f346?s=96&d=mm&r=g\",\"url\":\"https:\\\/\\\/secure.gravatar.com\\\/avatar\\\/2fcdf27c78ea025fbdb44e914cc63c72249ffec9dc8aafd5c82b26240ef3f346?s=96&d=mm&r=g\",\"contentUrl\":\"https:\\\/\\\/secure.gravatar.com\\\/avatar\\\/2fcdf27c78ea025fbdb44e914cc63c72249ffec9dc8aafd5c82b26240ef3f346?s=96&d=mm&r=g\",\"caption\":\"Redazione\"},\"url\":\"https:\\\/\\\/www.rassegnastampa-totustuus.it\\\/cattolica\\\/author\\\/pietroelle\\\/\"}]}<\/script>\n<!-- \/ Yoast SEO plugin. -->","yoast_head_json":{"title":"Il paradosso dell\u2019eutanasia 'cristiana' - Rassegna Stampa Cattolica","description":"Rassegna Stampa Cattolica - Per una cultura che nasce dalla Rivelazione cristiana in conformit\u00e0 alla tradizione e al Magistero della Chiesa in opposizione ad ogni relativismo e totalitarismo","robots":{"index":"index","follow":"follow","max-snippet":"max-snippet:-1","max-image-preview":"max-image-preview:large","max-video-preview":"max-video-preview:-1"},"canonical":"https:\/\/www.rassegnastampa-totustuus.it\/cattolica\/il-paradosso-delleutanasia-cristiana\/","og_locale":"it_IT","og_type":"article","og_title":"Il paradosso dell\u2019eutanasia 'cristiana' - Rassegna Stampa Cattolica","og_description":"Rassegna Stampa Cattolica - Per una cultura che nasce dalla Rivelazione cristiana in conformit\u00e0 alla tradizione e al Magistero della Chiesa in opposizione ad ogni relativismo e totalitarismo","og_url":"https:\/\/www.rassegnastampa-totustuus.it\/cattolica\/il-paradosso-delleutanasia-cristiana\/","og_site_name":"Rassegna Stampa Cattolica","article_publisher":"https:\/\/www.facebook.com\/rassegnastampacattolica","article_published_time":"2006-04-12T14:00:27+00:00","article_modified_time":"2015-11-12T11:04:58+00:00","og_image":[{"width":285,"height":177,"url":"https:\/\/www.rassegnastampa-totustuus.it\/cattolica\/wp-content\/uploads\/2006\/04\/eutanasia.jpg","type":"image\/jpeg"}],"author":"Redazione","twitter_card":"summary_large_image","twitter_creator":"@rassegnastampa9","twitter_site":"@rassegnastampa9","twitter_misc":{"Scritto da":"Redazione","Tempo di lettura stimato":"8 minuti"},"schema":{"@context":"https:\/\/schema.org","@graph":[{"@type":"Article","@id":"https:\/\/www.rassegnastampa-totustuus.it\/cattolica\/il-paradosso-delleutanasia-cristiana\/#article","isPartOf":{"@id":"https:\/\/www.rassegnastampa-totustuus.it\/cattolica\/il-paradosso-delleutanasia-cristiana\/"},"author":{"name":"Redazione","@id":"https:\/\/www.rassegnastampa-totustuus.it\/cattolica\/#\/schema\/person\/08f319d2bd1a0904ad9e2bfb7b15e5c3"},"headline":"Il paradosso dell\u2019eutanasia &#8216;cristiana&#8217;","datePublished":"2006-04-12T14:00:27+00:00","dateModified":"2015-11-12T11:04:58+00:00","mainEntityOfPage":{"@id":"https:\/\/www.rassegnastampa-totustuus.it\/cattolica\/il-paradosso-delleutanasia-cristiana\/"},"wordCount":1578,"publisher":{"@id":"https:\/\/www.rassegnastampa-totustuus.it\/cattolica\/#organization"},"image":{"@id":"https:\/\/www.rassegnastampa-totustuus.it\/cattolica\/il-paradosso-delleutanasia-cristiana\/#primaryimage"},"thumbnailUrl":"https:\/\/www.rassegnastampa-totustuus.it\/cattolica\/wp-content\/uploads\/2006\/04\/eutanasia.jpg","keywords":["eutanasia"],"articleSection":["Eutanasia"],"inLanguage":"it-IT"},{"@type":"WebPage","@id":"https:\/\/www.rassegnastampa-totustuus.it\/cattolica\/il-paradosso-delleutanasia-cristiana\/","url":"https:\/\/www.rassegnastampa-totustuus.it\/cattolica\/il-paradosso-delleutanasia-cristiana\/","name":"Il paradosso dell\u2019eutanasia 'cristiana' - Rassegna Stampa Cattolica","isPartOf":{"@id":"https:\/\/www.rassegnastampa-totustuus.it\/cattolica\/#website"},"primaryImageOfPage":{"@id":"https:\/\/www.rassegnastampa-totustuus.it\/cattolica\/il-paradosso-delleutanasia-cristiana\/#primaryimage"},"image":{"@id":"https:\/\/www.rassegnastampa-totustuus.it\/cattolica\/il-paradosso-delleutanasia-cristiana\/#primaryimage"},"thumbnailUrl":"https:\/\/www.rassegnastampa-totustuus.it\/cattolica\/wp-content\/uploads\/2006\/04\/eutanasia.jpg","datePublished":"2006-04-12T14:00:27+00:00","dateModified":"2015-11-12T11:04:58+00:00","description":"Rassegna Stampa Cattolica - Per una cultura che nasce dalla Rivelazione cristiana in conformit\u00e0 alla tradizione e al Magistero della Chiesa in opposizione ad ogni relativismo e totalitarismo","breadcrumb":{"@id":"https:\/\/www.rassegnastampa-totustuus.it\/cattolica\/il-paradosso-delleutanasia-cristiana\/#breadcrumb"},"inLanguage":"it-IT","potentialAction":[{"@type":"ReadAction","target":["https:\/\/www.rassegnastampa-totustuus.it\/cattolica\/il-paradosso-delleutanasia-cristiana\/"]}]},{"@type":"ImageObject","inLanguage":"it-IT","@id":"https:\/\/www.rassegnastampa-totustuus.it\/cattolica\/il-paradosso-delleutanasia-cristiana\/#primaryimage","url":"https:\/\/www.rassegnastampa-totustuus.it\/cattolica\/wp-content\/uploads\/2006\/04\/eutanasia.jpg","contentUrl":"https:\/\/www.rassegnastampa-totustuus.it\/cattolica\/wp-content\/uploads\/2006\/04\/eutanasia.jpg","width":285,"height":177},{"@type":"BreadcrumbList","@id":"https:\/\/www.rassegnastampa-totustuus.it\/cattolica\/il-paradosso-delleutanasia-cristiana\/#breadcrumb","itemListElement":[{"@type":"ListItem","position":1,"name":"Home","item":"https:\/\/www.rassegnastampa-totustuus.it\/cattolica\/"},{"@type":"ListItem","position":2,"name":"Il paradosso dell\u2019eutanasia &#8216;cristiana&#8217;"}]},{"@type":"WebSite","@id":"https:\/\/www.rassegnastampa-totustuus.it\/cattolica\/#website","url":"https:\/\/www.rassegnastampa-totustuus.it\/cattolica\/","name":"Rassegna Stampa Cattolica","description":"Per una cultura che nasce dalla Rivelazione cristiana in conformit\u00e0 alla tradizione e al Magistero della Chiesa in opposizione ad ogni relativismo e totalitarismo","publisher":{"@id":"https:\/\/www.rassegnastampa-totustuus.it\/cattolica\/#organization"},"alternateName":"Rass. Cattolica","potentialAction":[{"@type":"SearchAction","target":{"@type":"EntryPoint","urlTemplate":"https:\/\/www.rassegnastampa-totustuus.it\/cattolica\/?s={search_term_string}"},"query-input":{"@type":"PropertyValueSpecification","valueRequired":true,"valueName":"search_term_string"}}],"inLanguage":"it-IT"},{"@type":"Organization","@id":"https:\/\/www.rassegnastampa-totustuus.it\/cattolica\/#organization","name":"Rassegna Stampa Cattolica","url":"https:\/\/www.rassegnastampa-totustuus.it\/cattolica\/","logo":{"@type":"ImageObject","inLanguage":"it-IT","@id":"https:\/\/www.rassegnastampa-totustuus.it\/cattolica\/#\/schema\/logo\/image\/","url":"https:\/\/www.rassegnastampa-totustuus.it\/cattolica\/wp-content\/uploads\/2014\/04\/logo-rassegna1.gif","contentUrl":"https:\/\/www.rassegnastampa-totustuus.it\/cattolica\/wp-content\/uploads\/2014\/04\/logo-rassegna1.gif","width":600,"height":163,"caption":"Rassegna Stampa Cattolica"},"image":{"@id":"https:\/\/www.rassegnastampa-totustuus.it\/cattolica\/#\/schema\/logo\/image\/"},"sameAs":["https:\/\/www.facebook.com\/rassegnastampacattolica","https:\/\/x.com\/rassegnastampa9"]},{"@type":"Person","@id":"https:\/\/www.rassegnastampa-totustuus.it\/cattolica\/#\/schema\/person\/08f319d2bd1a0904ad9e2bfb7b15e5c3","name":"Redazione","image":{"@type":"ImageObject","inLanguage":"it-IT","@id":"https:\/\/secure.gravatar.com\/avatar\/2fcdf27c78ea025fbdb44e914cc63c72249ffec9dc8aafd5c82b26240ef3f346?s=96&d=mm&r=g","url":"https:\/\/secure.gravatar.com\/avatar\/2fcdf27c78ea025fbdb44e914cc63c72249ffec9dc8aafd5c82b26240ef3f346?s=96&d=mm&r=g","contentUrl":"https:\/\/secure.gravatar.com\/avatar\/2fcdf27c78ea025fbdb44e914cc63c72249ffec9dc8aafd5c82b26240ef3f346?s=96&d=mm&r=g","caption":"Redazione"},"url":"https:\/\/www.rassegnastampa-totustuus.it\/cattolica\/author\/pietroelle\/"}]}},"_links":{"self":[{"href":"https:\/\/www.rassegnastampa-totustuus.it\/cattolica\/wp-json\/wp\/v2\/posts\/1977","targetHints":{"allow":["GET"]}}],"collection":[{"href":"https:\/\/www.rassegnastampa-totustuus.it\/cattolica\/wp-json\/wp\/v2\/posts"}],"about":[{"href":"https:\/\/www.rassegnastampa-totustuus.it\/cattolica\/wp-json\/wp\/v2\/types\/post"}],"author":[{"embeddable":true,"href":"https:\/\/www.rassegnastampa-totustuus.it\/cattolica\/wp-json\/wp\/v2\/users\/6"}],"replies":[{"embeddable":true,"href":"https:\/\/www.rassegnastampa-totustuus.it\/cattolica\/wp-json\/wp\/v2\/comments?post=1977"}],"version-history":[{"count":4,"href":"https:\/\/www.rassegnastampa-totustuus.it\/cattolica\/wp-json\/wp\/v2\/posts\/1977\/revisions"}],"predecessor-version":[{"id":27559,"href":"https:\/\/www.rassegnastampa-totustuus.it\/cattolica\/wp-json\/wp\/v2\/posts\/1977\/revisions\/27559"}],"wp:featuredmedia":[{"embeddable":true,"href":"https:\/\/www.rassegnastampa-totustuus.it\/cattolica\/wp-json\/wp\/v2\/media\/27558"}],"wp:attachment":[{"href":"https:\/\/www.rassegnastampa-totustuus.it\/cattolica\/wp-json\/wp\/v2\/media?parent=1977"}],"wp:term":[{"taxonomy":"category","embeddable":true,"href":"https:\/\/www.rassegnastampa-totustuus.it\/cattolica\/wp-json\/wp\/v2\/categories?post=1977"},{"taxonomy":"post_tag","embeddable":true,"href":"https:\/\/www.rassegnastampa-totustuus.it\/cattolica\/wp-json\/wp\/v2\/tags?post=1977"}],"curies":[{"name":"wp","href":"https:\/\/api.w.org\/{rel}","templated":true}]}}