{"id":1976,"date":"2006-04-12T15:18:08","date_gmt":"2006-04-12T13:18:08","guid":{"rendered":""},"modified":"2014-12-18T17:33:11","modified_gmt":"2014-12-18T16:33:11","slug":"il-peso-dei-cattolici-sulla-rimonta-del-centrodestra","status":"publish","type":"post","link":"https:\/\/www.rassegnastampa-totustuus.it\/cattolica\/il-peso-dei-cattolici-sulla-rimonta-del-centrodestra\/","title":{"rendered":"Il peso dei cattolici sulla rimonta del centrodestra"},"content":{"rendered":"<div style=\"text-align: center;\"><strong>il Giornale<\/strong>, 12 aprile 2006<\/div>\n<p style=\"text-align: justify;\"><em>In quella che &#8211; qualunque sia il governo che si potr\u00e0 o non si potr\u00e0 formare &#8211; rimane la pi\u00f9 incredibile rimonta della storia politica italiana non c&#8217;\u00e8 solo la giustificata paura delle lacrime e sangue fiscali dell&#8217;Unione. C&#8217;\u00e8 anche il timore, del tutto giustificato e alimentato sia dalle ambiguit\u00e0 del programma di Prodi sia dai proclami dei vari Capezzone, Diliberto e Luxuria, che per i cattolici il governo dell&#8217;Unione avrebbe portato un lungo venerd\u00ec santo alla Zapatero<\/em><\/p>\n<p style=\"text-align: center;\"><strong>Massimo Introvigne <\/strong><\/p>\n<p><!--more--><\/p>\n<div style=\"text-align: justify;\">A Torino, da sempre, c&#8217;\u00e8 una straordinaria istituzione di carit\u00e0 che \u00e8 anche un barometro degli umori elettorali dei cattolici. Il Cottolengo ha un seggio interno dove votano suore, infermieri, volontari e qualche ammalato. Feudo della Democrazia cristiana, nella seconda Repubblica il Cottolengo ha votato a sinistra, convinto che l\u00ec si trovassero orecchie pi\u00f9 sensibili alle esigenze degli \u00abultimi\u00bb. Ma stavolta al seggio del Cottolengo l&#8217;Udc con il 56,2% ha conquistato la maggioranza assoluta dei voti e Berlusconi con il 68% ha nettamente battuto Prodi.<\/div>\n<p style=\"text-align: justify;\">Il fatto \u00e8 che al Cottolengo curano i malati terminali di tutte le et\u00e0, compresi quelli affetti da deformit\u00e0 irrimediabili che in Olanda la legge sopprime con l&#8217;eutanasia. Quando il ministro Giovanardi &#8211; ripetendo peraltro le parole di un documento vaticano &#8211; ha definito l&#8217;eutanasia all&#8217;olandese \u00abnazista\u00bb, dall&#8217;Unione si \u00e8 levato un coro di insulti. N\u00e9 si tratta solo dell&#8217;eutanasia.<\/p>\n<p style=\"text-align: justify;\">In Piemonte la governatrice della Regione, la diessina Mercedes Bresso, in pochi mesi si \u00e8 mossa per sopprimere il buono scuola, prospettare l&#8217;introduzione di unioni civili anche omosessuali, battagliare perch\u00e9 in Piemonte si continui a sperimentare la pillola abortiva RU-486. Contro la Bresso \u00e8 sceso in campo in materia di libert\u00e0 di educazione anche il cardinale di Torino &#8211; difficilmente classificabile come un simpatizzante della destra &#8211; accolto in un&#8217;imponente manifestazione da cori da stadio dei militanti cattolici. Cos\u00ec il Piemonte, che sembrava un feudo inespugnabile della sinistra, \u00e8 passato a sorpresa alla Casa delle Libert\u00e0.<\/p>\n<p style=\"text-align: justify;\">E il voto cattolico \u00e8 stato certamente decisivo anche nel Lazio.<\/p>\n<p style=\"text-align: justify;\">In quella che &#8211; qualunque sia il governo che si potr\u00e0 o non si potr\u00e0 formare &#8211; rimane la pi\u00f9 incredibile rimonta della storia politica italiana non c&#8217;\u00e8 solo la giustificata paura delle lacrime e sangue fiscali dell&#8217;Unione. C&#8217;\u00e8 anche il timore, del tutto giustificato e alimentato sia dalle ambiguit\u00e0 del programma di Prodi sia dai proclami dei vari Capezzone, Diliberto e Luxuria, che per i cattolici il governo dell&#8217;Unione avrebbe portato un lungo venerd\u00ec santo alla Zapatero: unioni civili per gli omosessuali, volontari cattolici fuori dei consultori per l&#8217;aborto, RU-486, bioetica selvaggia, guerra alle scuole private e inizio della lunga marcia verso l&#8217;eutanasia all&#8217;olandese.<\/p>\n<p style=\"text-align: justify;\">Ci vorranno settimane perch\u00e9 le analisi dei sociologi confermino quello che il sensibile barometro del Cottolengo e le prese di posizione mai cos\u00ec esplicite di voci tra le pi\u00f9 ascoltate dal popolo cattolico profondo &#8211; dalla Compagnia delle Opere a Radio Maria e al mensile Il Timone &#8211; lasciano gi\u00e0 intuire con chiarezza: i cattolici praticanti hanno votato in maggioranza per la Casa delle Libert\u00e0. Quest&#8217;ultima non deve rimpiangere il mancato arruolamento dei radicali della Rosa nel Pugno che, se ha fatto perdere voti apparentemente decisivi, ne ha fatti guadagnare molti altri di cattolici spaventati da Capezzone.<\/p>\n<p style=\"text-align: justify;\">Perde, ancora una volta, la cupola cattolica progressista che &#8211; dagli appelli via Internet di padre Sorge alle minacce dei banchieri grandi elemosinieri di Prodi e alla discesa in campo di Famiglia Cristiana &#8211; ha provato a far pesare la sua vecchia egemonia di potere e di danaro, che non si \u00e8 per\u00f2 tradotta in consenso. Alla Casa delle Libert\u00e0 i cattolici italiani hanno consegnato un grande patrimonio di voti e di simpatie. Si sarebbe forse potuto coltivarlo ancora meglio prima del voto; ora si tratta di non disperderlo.<\/p>\n","protected":false},"excerpt":{"rendered":"<p>il Giornale, 12 aprile 2006 In quella che &#8211; qualunque sia il governo che si potr\u00e0 o non si potr\u00e0 formare &#8211; rimane la pi\u00f9 incredibile rimonta della storia politica italiana non c&#8217;\u00e8 solo la giustificata paura delle lacrime e sangue fiscali dell&#8217;Unione. C&#8217;\u00e8 anche il timore, del tutto giustificato e alimentato sia dalle ambiguit\u00e0 &hellip; <\/p>\n<p><a class=\"more-link btn\" href=\"https:\/\/www.rassegnastampa-totustuus.it\/cattolica\/il-peso-dei-cattolici-sulla-rimonta-del-centrodestra\/\">Continua a leggere<\/a><\/p>\n","protected":false},"author":6,"featured_media":35302,"comment_status":"closed","ping_status":"open","sticky":false,"template":"","format":"standard","meta":{"footnotes":""},"categories":[20],"tags":[442,1223,1222],"class_list":["post-1976","post","type-post","status-publish","format-standard","has-post-thumbnail","hentry","category-politica-nazionale","tag-centrodestra","tag-sinistra","tag-unione","item-wrap"],"yoast_head":"<!-- This site is optimized with the Yoast SEO plugin v27.5 - https:\/\/yoast.com\/product\/yoast-seo-wordpress\/ -->\n<title>Il peso dei cattolici sulla rimonta del centrodestra - Rassegna Stampa Cattolica<\/title>\n<meta name=\"description\" content=\"Rassegna Stampa Cattolica - Per una cultura che nasce dalla Rivelazione cristiana in conformit\u00e0 alla tradizione e al Magistero della Chiesa in opposizione ad ogni relativismo e totalitarismo\" \/>\n<meta name=\"robots\" content=\"index, follow, max-snippet:-1, max-image-preview:large, max-video-preview:-1\" \/>\n<link rel=\"canonical\" href=\"https:\/\/www.rassegnastampa-totustuus.it\/cattolica\/il-peso-dei-cattolici-sulla-rimonta-del-centrodestra\/\" \/>\n<meta property=\"og:locale\" content=\"it_IT\" \/>\n<meta property=\"og:type\" content=\"article\" \/>\n<meta property=\"og:title\" content=\"Il peso dei cattolici sulla rimonta del centrodestra - Rassegna Stampa Cattolica\" \/>\n<meta property=\"og:description\" content=\"Rassegna Stampa Cattolica - Per una cultura che nasce dalla Rivelazione cristiana in conformit\u00e0 alla tradizione e al Magistero della Chiesa in opposizione ad ogni relativismo e totalitarismo\" \/>\n<meta property=\"og:url\" content=\"https:\/\/www.rassegnastampa-totustuus.it\/cattolica\/il-peso-dei-cattolici-sulla-rimonta-del-centrodestra\/\" \/>\n<meta property=\"og:site_name\" content=\"Rassegna Stampa Cattolica\" \/>\n<meta property=\"article:publisher\" content=\"https:\/\/www.facebook.com\/rassegnastampacattolica\" \/>\n<meta property=\"article:published_time\" content=\"2006-04-12T13:18:08+00:00\" \/>\n<meta property=\"article:modified_time\" content=\"2014-12-18T16:33:11+00:00\" \/>\n<meta property=\"og:image\" content=\"https:\/\/www.rassegnastampa-totustuus.it\/cattolica\/wp-content\/uploads\/2006\/04\/berlusconi_2006.jpg\" \/>\n\t<meta property=\"og:image:width\" content=\"275\" \/>\n\t<meta property=\"og:image:height\" content=\"183\" \/>\n\t<meta property=\"og:image:type\" content=\"image\/jpeg\" \/>\n<meta name=\"author\" content=\"Redazione\" \/>\n<meta name=\"twitter:card\" content=\"summary_large_image\" \/>\n<meta name=\"twitter:creator\" content=\"@rassegnastampa9\" \/>\n<meta name=\"twitter:site\" content=\"@rassegnastampa9\" \/>\n<meta name=\"twitter:label1\" content=\"Scritto da\" \/>\n\t<meta name=\"twitter:data1\" content=\"Redazione\" \/>\n\t<meta name=\"twitter:label2\" content=\"Tempo di lettura stimato\" \/>\n\t<meta name=\"twitter:data2\" content=\"3 minuti\" \/>\n<script type=\"application\/ld+json\" class=\"yoast-schema-graph\">{\"@context\":\"https:\\\/\\\/schema.org\",\"@graph\":[{\"@type\":\"Article\",\"@id\":\"https:\\\/\\\/www.rassegnastampa-totustuus.it\\\/cattolica\\\/il-peso-dei-cattolici-sulla-rimonta-del-centrodestra\\\/#article\",\"isPartOf\":{\"@id\":\"https:\\\/\\\/www.rassegnastampa-totustuus.it\\\/cattolica\\\/il-peso-dei-cattolici-sulla-rimonta-del-centrodestra\\\/\"},\"author\":{\"name\":\"Redazione\",\"@id\":\"https:\\\/\\\/www.rassegnastampa-totustuus.it\\\/cattolica\\\/#\\\/schema\\\/person\\\/08f319d2bd1a0904ad9e2bfb7b15e5c3\"},\"headline\":\"Il peso dei cattolici sulla rimonta del centrodestra\",\"datePublished\":\"2006-04-12T13:18:08+00:00\",\"dateModified\":\"2014-12-18T16:33:11+00:00\",\"mainEntityOfPage\":{\"@id\":\"https:\\\/\\\/www.rassegnastampa-totustuus.it\\\/cattolica\\\/il-peso-dei-cattolici-sulla-rimonta-del-centrodestra\\\/\"},\"wordCount\":640,\"publisher\":{\"@id\":\"https:\\\/\\\/www.rassegnastampa-totustuus.it\\\/cattolica\\\/#organization\"},\"image\":{\"@id\":\"https:\\\/\\\/www.rassegnastampa-totustuus.it\\\/cattolica\\\/il-peso-dei-cattolici-sulla-rimonta-del-centrodestra\\\/#primaryimage\"},\"thumbnailUrl\":\"https:\\\/\\\/www.rassegnastampa-totustuus.it\\\/cattolica\\\/wp-content\\\/uploads\\\/2006\\\/04\\\/berlusconi_2006.jpg\",\"keywords\":[\"centrodestra\",\"sinistra\",\"Unione\"],\"articleSection\":[\"Politica nazionale\"],\"inLanguage\":\"it-IT\"},{\"@type\":\"WebPage\",\"@id\":\"https:\\\/\\\/www.rassegnastampa-totustuus.it\\\/cattolica\\\/il-peso-dei-cattolici-sulla-rimonta-del-centrodestra\\\/\",\"url\":\"https:\\\/\\\/www.rassegnastampa-totustuus.it\\\/cattolica\\\/il-peso-dei-cattolici-sulla-rimonta-del-centrodestra\\\/\",\"name\":\"Il peso dei cattolici sulla rimonta del centrodestra - Rassegna Stampa Cattolica\",\"isPartOf\":{\"@id\":\"https:\\\/\\\/www.rassegnastampa-totustuus.it\\\/cattolica\\\/#website\"},\"primaryImageOfPage\":{\"@id\":\"https:\\\/\\\/www.rassegnastampa-totustuus.it\\\/cattolica\\\/il-peso-dei-cattolici-sulla-rimonta-del-centrodestra\\\/#primaryimage\"},\"image\":{\"@id\":\"https:\\\/\\\/www.rassegnastampa-totustuus.it\\\/cattolica\\\/il-peso-dei-cattolici-sulla-rimonta-del-centrodestra\\\/#primaryimage\"},\"thumbnailUrl\":\"https:\\\/\\\/www.rassegnastampa-totustuus.it\\\/cattolica\\\/wp-content\\\/uploads\\\/2006\\\/04\\\/berlusconi_2006.jpg\",\"datePublished\":\"2006-04-12T13:18:08+00:00\",\"dateModified\":\"2014-12-18T16:33:11+00:00\",\"description\":\"Rassegna Stampa Cattolica - Per una cultura che nasce dalla Rivelazione cristiana in conformit\u00e0 alla tradizione e al Magistero della Chiesa in opposizione ad ogni relativismo e totalitarismo\",\"breadcrumb\":{\"@id\":\"https:\\\/\\\/www.rassegnastampa-totustuus.it\\\/cattolica\\\/il-peso-dei-cattolici-sulla-rimonta-del-centrodestra\\\/#breadcrumb\"},\"inLanguage\":\"it-IT\",\"potentialAction\":[{\"@type\":\"ReadAction\",\"target\":[\"https:\\\/\\\/www.rassegnastampa-totustuus.it\\\/cattolica\\\/il-peso-dei-cattolici-sulla-rimonta-del-centrodestra\\\/\"]}]},{\"@type\":\"ImageObject\",\"inLanguage\":\"it-IT\",\"@id\":\"https:\\\/\\\/www.rassegnastampa-totustuus.it\\\/cattolica\\\/il-peso-dei-cattolici-sulla-rimonta-del-centrodestra\\\/#primaryimage\",\"url\":\"https:\\\/\\\/www.rassegnastampa-totustuus.it\\\/cattolica\\\/wp-content\\\/uploads\\\/2006\\\/04\\\/berlusconi_2006.jpg\",\"contentUrl\":\"https:\\\/\\\/www.rassegnastampa-totustuus.it\\\/cattolica\\\/wp-content\\\/uploads\\\/2006\\\/04\\\/berlusconi_2006.jpg\",\"width\":275,\"height\":183},{\"@type\":\"BreadcrumbList\",\"@id\":\"https:\\\/\\\/www.rassegnastampa-totustuus.it\\\/cattolica\\\/il-peso-dei-cattolici-sulla-rimonta-del-centrodestra\\\/#breadcrumb\",\"itemListElement\":[{\"@type\":\"ListItem\",\"position\":1,\"name\":\"Home\",\"item\":\"https:\\\/\\\/www.rassegnastampa-totustuus.it\\\/cattolica\\\/\"},{\"@type\":\"ListItem\",\"position\":2,\"name\":\"Il peso dei cattolici sulla rimonta del centrodestra\"}]},{\"@type\":\"WebSite\",\"@id\":\"https:\\\/\\\/www.rassegnastampa-totustuus.it\\\/cattolica\\\/#website\",\"url\":\"https:\\\/\\\/www.rassegnastampa-totustuus.it\\\/cattolica\\\/\",\"name\":\"Rassegna Stampa Cattolica\",\"description\":\"Per una cultura che nasce dalla Rivelazione cristiana in conformit\u00e0 alla tradizione e al Magistero della Chiesa in opposizione ad ogni relativismo e totalitarismo\",\"publisher\":{\"@id\":\"https:\\\/\\\/www.rassegnastampa-totustuus.it\\\/cattolica\\\/#organization\"},\"alternateName\":\"Rass. Cattolica\",\"potentialAction\":[{\"@type\":\"SearchAction\",\"target\":{\"@type\":\"EntryPoint\",\"urlTemplate\":\"https:\\\/\\\/www.rassegnastampa-totustuus.it\\\/cattolica\\\/?s={search_term_string}\"},\"query-input\":{\"@type\":\"PropertyValueSpecification\",\"valueRequired\":true,\"valueName\":\"search_term_string\"}}],\"inLanguage\":\"it-IT\"},{\"@type\":\"Organization\",\"@id\":\"https:\\\/\\\/www.rassegnastampa-totustuus.it\\\/cattolica\\\/#organization\",\"name\":\"Rassegna Stampa Cattolica\",\"url\":\"https:\\\/\\\/www.rassegnastampa-totustuus.it\\\/cattolica\\\/\",\"logo\":{\"@type\":\"ImageObject\",\"inLanguage\":\"it-IT\",\"@id\":\"https:\\\/\\\/www.rassegnastampa-totustuus.it\\\/cattolica\\\/#\\\/schema\\\/logo\\\/image\\\/\",\"url\":\"https:\\\/\\\/www.rassegnastampa-totustuus.it\\\/cattolica\\\/wp-content\\\/uploads\\\/2014\\\/04\\\/logo-rassegna1.gif\",\"contentUrl\":\"https:\\\/\\\/www.rassegnastampa-totustuus.it\\\/cattolica\\\/wp-content\\\/uploads\\\/2014\\\/04\\\/logo-rassegna1.gif\",\"width\":600,\"height\":163,\"caption\":\"Rassegna Stampa Cattolica\"},\"image\":{\"@id\":\"https:\\\/\\\/www.rassegnastampa-totustuus.it\\\/cattolica\\\/#\\\/schema\\\/logo\\\/image\\\/\"},\"sameAs\":[\"https:\\\/\\\/www.facebook.com\\\/rassegnastampacattolica\",\"https:\\\/\\\/x.com\\\/rassegnastampa9\"]},{\"@type\":\"Person\",\"@id\":\"https:\\\/\\\/www.rassegnastampa-totustuus.it\\\/cattolica\\\/#\\\/schema\\\/person\\\/08f319d2bd1a0904ad9e2bfb7b15e5c3\",\"name\":\"Redazione\",\"image\":{\"@type\":\"ImageObject\",\"inLanguage\":\"it-IT\",\"@id\":\"https:\\\/\\\/secure.gravatar.com\\\/avatar\\\/2fcdf27c78ea025fbdb44e914cc63c72249ffec9dc8aafd5c82b26240ef3f346?s=96&d=mm&r=g\",\"url\":\"https:\\\/\\\/secure.gravatar.com\\\/avatar\\\/2fcdf27c78ea025fbdb44e914cc63c72249ffec9dc8aafd5c82b26240ef3f346?s=96&d=mm&r=g\",\"contentUrl\":\"https:\\\/\\\/secure.gravatar.com\\\/avatar\\\/2fcdf27c78ea025fbdb44e914cc63c72249ffec9dc8aafd5c82b26240ef3f346?s=96&d=mm&r=g\",\"caption\":\"Redazione\"},\"url\":\"https:\\\/\\\/www.rassegnastampa-totustuus.it\\\/cattolica\\\/author\\\/pietroelle\\\/\"}]}<\/script>\n<!-- \/ Yoast SEO plugin. -->","yoast_head_json":{"title":"Il peso dei cattolici sulla rimonta del centrodestra - Rassegna Stampa Cattolica","description":"Rassegna Stampa Cattolica - Per una cultura che nasce dalla Rivelazione cristiana in conformit\u00e0 alla tradizione e al Magistero della Chiesa in opposizione ad ogni relativismo e totalitarismo","robots":{"index":"index","follow":"follow","max-snippet":"max-snippet:-1","max-image-preview":"max-image-preview:large","max-video-preview":"max-video-preview:-1"},"canonical":"https:\/\/www.rassegnastampa-totustuus.it\/cattolica\/il-peso-dei-cattolici-sulla-rimonta-del-centrodestra\/","og_locale":"it_IT","og_type":"article","og_title":"Il peso dei cattolici sulla rimonta del centrodestra - Rassegna Stampa Cattolica","og_description":"Rassegna Stampa Cattolica - Per una cultura che nasce dalla Rivelazione cristiana in conformit\u00e0 alla tradizione e al Magistero della Chiesa in opposizione ad ogni relativismo e totalitarismo","og_url":"https:\/\/www.rassegnastampa-totustuus.it\/cattolica\/il-peso-dei-cattolici-sulla-rimonta-del-centrodestra\/","og_site_name":"Rassegna Stampa Cattolica","article_publisher":"https:\/\/www.facebook.com\/rassegnastampacattolica","article_published_time":"2006-04-12T13:18:08+00:00","article_modified_time":"2014-12-18T16:33:11+00:00","og_image":[{"width":275,"height":183,"url":"https:\/\/www.rassegnastampa-totustuus.it\/cattolica\/wp-content\/uploads\/2006\/04\/berlusconi_2006.jpg","type":"image\/jpeg"}],"author":"Redazione","twitter_card":"summary_large_image","twitter_creator":"@rassegnastampa9","twitter_site":"@rassegnastampa9","twitter_misc":{"Scritto da":"Redazione","Tempo di lettura stimato":"3 minuti"},"schema":{"@context":"https:\/\/schema.org","@graph":[{"@type":"Article","@id":"https:\/\/www.rassegnastampa-totustuus.it\/cattolica\/il-peso-dei-cattolici-sulla-rimonta-del-centrodestra\/#article","isPartOf":{"@id":"https:\/\/www.rassegnastampa-totustuus.it\/cattolica\/il-peso-dei-cattolici-sulla-rimonta-del-centrodestra\/"},"author":{"name":"Redazione","@id":"https:\/\/www.rassegnastampa-totustuus.it\/cattolica\/#\/schema\/person\/08f319d2bd1a0904ad9e2bfb7b15e5c3"},"headline":"Il peso dei cattolici sulla rimonta del centrodestra","datePublished":"2006-04-12T13:18:08+00:00","dateModified":"2014-12-18T16:33:11+00:00","mainEntityOfPage":{"@id":"https:\/\/www.rassegnastampa-totustuus.it\/cattolica\/il-peso-dei-cattolici-sulla-rimonta-del-centrodestra\/"},"wordCount":640,"publisher":{"@id":"https:\/\/www.rassegnastampa-totustuus.it\/cattolica\/#organization"},"image":{"@id":"https:\/\/www.rassegnastampa-totustuus.it\/cattolica\/il-peso-dei-cattolici-sulla-rimonta-del-centrodestra\/#primaryimage"},"thumbnailUrl":"https:\/\/www.rassegnastampa-totustuus.it\/cattolica\/wp-content\/uploads\/2006\/04\/berlusconi_2006.jpg","keywords":["centrodestra","sinistra","Unione"],"articleSection":["Politica nazionale"],"inLanguage":"it-IT"},{"@type":"WebPage","@id":"https:\/\/www.rassegnastampa-totustuus.it\/cattolica\/il-peso-dei-cattolici-sulla-rimonta-del-centrodestra\/","url":"https:\/\/www.rassegnastampa-totustuus.it\/cattolica\/il-peso-dei-cattolici-sulla-rimonta-del-centrodestra\/","name":"Il peso dei cattolici sulla rimonta del centrodestra - Rassegna Stampa Cattolica","isPartOf":{"@id":"https:\/\/www.rassegnastampa-totustuus.it\/cattolica\/#website"},"primaryImageOfPage":{"@id":"https:\/\/www.rassegnastampa-totustuus.it\/cattolica\/il-peso-dei-cattolici-sulla-rimonta-del-centrodestra\/#primaryimage"},"image":{"@id":"https:\/\/www.rassegnastampa-totustuus.it\/cattolica\/il-peso-dei-cattolici-sulla-rimonta-del-centrodestra\/#primaryimage"},"thumbnailUrl":"https:\/\/www.rassegnastampa-totustuus.it\/cattolica\/wp-content\/uploads\/2006\/04\/berlusconi_2006.jpg","datePublished":"2006-04-12T13:18:08+00:00","dateModified":"2014-12-18T16:33:11+00:00","description":"Rassegna Stampa Cattolica - Per una cultura che nasce dalla Rivelazione cristiana in conformit\u00e0 alla tradizione e al Magistero della Chiesa in opposizione ad ogni relativismo e totalitarismo","breadcrumb":{"@id":"https:\/\/www.rassegnastampa-totustuus.it\/cattolica\/il-peso-dei-cattolici-sulla-rimonta-del-centrodestra\/#breadcrumb"},"inLanguage":"it-IT","potentialAction":[{"@type":"ReadAction","target":["https:\/\/www.rassegnastampa-totustuus.it\/cattolica\/il-peso-dei-cattolici-sulla-rimonta-del-centrodestra\/"]}]},{"@type":"ImageObject","inLanguage":"it-IT","@id":"https:\/\/www.rassegnastampa-totustuus.it\/cattolica\/il-peso-dei-cattolici-sulla-rimonta-del-centrodestra\/#primaryimage","url":"https:\/\/www.rassegnastampa-totustuus.it\/cattolica\/wp-content\/uploads\/2006\/04\/berlusconi_2006.jpg","contentUrl":"https:\/\/www.rassegnastampa-totustuus.it\/cattolica\/wp-content\/uploads\/2006\/04\/berlusconi_2006.jpg","width":275,"height":183},{"@type":"BreadcrumbList","@id":"https:\/\/www.rassegnastampa-totustuus.it\/cattolica\/il-peso-dei-cattolici-sulla-rimonta-del-centrodestra\/#breadcrumb","itemListElement":[{"@type":"ListItem","position":1,"name":"Home","item":"https:\/\/www.rassegnastampa-totustuus.it\/cattolica\/"},{"@type":"ListItem","position":2,"name":"Il peso dei cattolici sulla rimonta del centrodestra"}]},{"@type":"WebSite","@id":"https:\/\/www.rassegnastampa-totustuus.it\/cattolica\/#website","url":"https:\/\/www.rassegnastampa-totustuus.it\/cattolica\/","name":"Rassegna Stampa Cattolica","description":"Per una cultura che nasce dalla Rivelazione cristiana in conformit\u00e0 alla tradizione e al Magistero della Chiesa in opposizione ad ogni relativismo e totalitarismo","publisher":{"@id":"https:\/\/www.rassegnastampa-totustuus.it\/cattolica\/#organization"},"alternateName":"Rass. Cattolica","potentialAction":[{"@type":"SearchAction","target":{"@type":"EntryPoint","urlTemplate":"https:\/\/www.rassegnastampa-totustuus.it\/cattolica\/?s={search_term_string}"},"query-input":{"@type":"PropertyValueSpecification","valueRequired":true,"valueName":"search_term_string"}}],"inLanguage":"it-IT"},{"@type":"Organization","@id":"https:\/\/www.rassegnastampa-totustuus.it\/cattolica\/#organization","name":"Rassegna Stampa Cattolica","url":"https:\/\/www.rassegnastampa-totustuus.it\/cattolica\/","logo":{"@type":"ImageObject","inLanguage":"it-IT","@id":"https:\/\/www.rassegnastampa-totustuus.it\/cattolica\/#\/schema\/logo\/image\/","url":"https:\/\/www.rassegnastampa-totustuus.it\/cattolica\/wp-content\/uploads\/2014\/04\/logo-rassegna1.gif","contentUrl":"https:\/\/www.rassegnastampa-totustuus.it\/cattolica\/wp-content\/uploads\/2014\/04\/logo-rassegna1.gif","width":600,"height":163,"caption":"Rassegna Stampa Cattolica"},"image":{"@id":"https:\/\/www.rassegnastampa-totustuus.it\/cattolica\/#\/schema\/logo\/image\/"},"sameAs":["https:\/\/www.facebook.com\/rassegnastampacattolica","https:\/\/x.com\/rassegnastampa9"]},{"@type":"Person","@id":"https:\/\/www.rassegnastampa-totustuus.it\/cattolica\/#\/schema\/person\/08f319d2bd1a0904ad9e2bfb7b15e5c3","name":"Redazione","image":{"@type":"ImageObject","inLanguage":"it-IT","@id":"https:\/\/secure.gravatar.com\/avatar\/2fcdf27c78ea025fbdb44e914cc63c72249ffec9dc8aafd5c82b26240ef3f346?s=96&d=mm&r=g","url":"https:\/\/secure.gravatar.com\/avatar\/2fcdf27c78ea025fbdb44e914cc63c72249ffec9dc8aafd5c82b26240ef3f346?s=96&d=mm&r=g","contentUrl":"https:\/\/secure.gravatar.com\/avatar\/2fcdf27c78ea025fbdb44e914cc63c72249ffec9dc8aafd5c82b26240ef3f346?s=96&d=mm&r=g","caption":"Redazione"},"url":"https:\/\/www.rassegnastampa-totustuus.it\/cattolica\/author\/pietroelle\/"}]}},"_links":{"self":[{"href":"https:\/\/www.rassegnastampa-totustuus.it\/cattolica\/wp-json\/wp\/v2\/posts\/1976","targetHints":{"allow":["GET"]}}],"collection":[{"href":"https:\/\/www.rassegnastampa-totustuus.it\/cattolica\/wp-json\/wp\/v2\/posts"}],"about":[{"href":"https:\/\/www.rassegnastampa-totustuus.it\/cattolica\/wp-json\/wp\/v2\/types\/post"}],"author":[{"embeddable":true,"href":"https:\/\/www.rassegnastampa-totustuus.it\/cattolica\/wp-json\/wp\/v2\/users\/6"}],"replies":[{"embeddable":true,"href":"https:\/\/www.rassegnastampa-totustuus.it\/cattolica\/wp-json\/wp\/v2\/comments?post=1976"}],"version-history":[{"count":3,"href":"https:\/\/www.rassegnastampa-totustuus.it\/cattolica\/wp-json\/wp\/v2\/posts\/1976\/revisions"}],"predecessor-version":[{"id":15681,"href":"https:\/\/www.rassegnastampa-totustuus.it\/cattolica\/wp-json\/wp\/v2\/posts\/1976\/revisions\/15681"}],"wp:featuredmedia":[{"embeddable":true,"href":"https:\/\/www.rassegnastampa-totustuus.it\/cattolica\/wp-json\/wp\/v2\/media\/35302"}],"wp:attachment":[{"href":"https:\/\/www.rassegnastampa-totustuus.it\/cattolica\/wp-json\/wp\/v2\/media?parent=1976"}],"wp:term":[{"taxonomy":"category","embeddable":true,"href":"https:\/\/www.rassegnastampa-totustuus.it\/cattolica\/wp-json\/wp\/v2\/categories?post=1976"},{"taxonomy":"post_tag","embeddable":true,"href":"https:\/\/www.rassegnastampa-totustuus.it\/cattolica\/wp-json\/wp\/v2\/tags?post=1976"}],"curies":[{"name":"wp","href":"https:\/\/api.w.org\/{rel}","templated":true}]}}