{"id":19690,"date":"2015-03-05T00:00:59","date_gmt":"2015-03-04T23:00:59","guid":{"rendered":"http:\/\/www.rassegnastampa-totustuus.it\/cattolica\/?p=19690"},"modified":"2015-02-23T10:08:39","modified_gmt":"2015-02-23T09:08:39","slug":"genocidio-in-sud-africa","status":"publish","type":"post","link":"https:\/\/www.rassegnastampa-totustuus.it\/cattolica\/genocidio-in-sud-africa\/","title":{"rendered":"Genocidio in Sud Africa"},"content":{"rendered":"<p style=\"text-align: center;\"><strong><a href=\"https:\/\/www.rassegnastampa-totustuus.it\/cattolica\/wp-content\/uploads\/2015\/02\/Mandela_Castro.jpg\"><img loading=\"lazy\" decoding=\"async\" class=\"alignleft wp-image-19691\" src=\"https:\/\/www.rassegnastampa-totustuus.it\/cattolica\/wp-content\/uploads\/2015\/02\/Mandela_Castro.jpg\" alt=\"Mandela_Castro\" width=\"250\" height=\"161\" \/><\/a>Il Borghese<\/strong> Marzo 2015<\/p>\n<p style=\"text-align: center;\">di <strong>Francesco Rossi<\/strong><\/p>\n<p style=\"text-align: justify;\">E se l&#8217;Unione Sovietica si fosse presa un&#8217;indubbia vittoria poco prima della sua immancabile caduta? Di che si tratta? Della vicenda del santo laico Nelson Mandela e del Sud Africa. I fatti emersi subito dopo la morte di Mandela (5 dicembre del 2013) e i pericoli attuali del Sud Africa fanno pensare che tutto quello che ci \u00e8 stato propinato su quest&#8217;uomo sia in grossa misura falso.<\/p>\n<p style=\"text-align: justify;\"><!--more--><\/p>\n<p style=\"text-align: justify;\">Negli ultimi trent&#8217;anni Nelson Mandela ha beneficiato di un&#8217;adulazione pubblica che certamente ha pochi precedenti. Molte figure politiche sono stati circondati dal culto della personalit\u00e0, ma si trattava di culti alimentati dalle dittature di cui erano a capo: Stalin, Hitler, Mao, Fidel Castro, Kim Il-Sung. Nel caso di Mandela, questa idolatria \u00e8 stata creata ed arricchita dai mass media del mondo libero, soprattutto in Europa e negli Stati Uniti. Dal 1990, anno del suo rilascio dalla prigionia. Mandela ha ricevuto i maggiori riconoscimenti mondiali, il Nobel per la pace, la Medaglia Presidenziale dagli Stati Uniti. il Premio Lenin per la Pace dall&#8217;Unione Sovietica ed innumerevoli altri.<\/p>\n<p style=\"text-align: justify;\">Mandela \u00e8 stato il primo Presidente eletto del Sud Africa ed il Segretario del suo partito, il Congresso Nazionale Africano (ANC dal 1991 al 1997. Altrettanto noto \u00e8 il suo lungo periodo scontato in varie celle del paese: dall&#8217;estate del 1962 tino al febbraio del 1990. Per uno che ha dovuto sacrificare parte delia sua vita rinchiuso tra quattro mura, non si pu\u00f2 dire che si sia battuto a favore di chi stava subendo la sua stessa sorte nel mondo.<\/p>\n<p style=\"text-align: justify;\">Quando si tratta di qualificare politicamente Mandela si usano eufemismi tipo \u00absocialista democratico\u00bb, il che \u00e8 indicativo del fatto che non ci si potrebbe limitare a definirlo \u00absocialista\u00bb, perch\u00e9 sospetti sul suo credo politico affiorerebbero subito. Sospetti inevitabilmente richiamati quando si afferma che lui credeva nel fantomatico \u00absocialismo scientifico\u00bb. Che sar\u00e0 mai questo socialismo scientifico ed in che modo si differenzierebbe dal \u00abnormale\u00bb socialismo?<\/p>\n<p style=\"text-align: justify;\">Questi sofismi appaiono per quel che sono, tentativi di nascondere la verit\u00e0: Nelson Mandela era comunista. Nel corso della sua vita Mandela ha ammesso di essere stato influenzato da Marx, ma niente di pi\u00f9; egli ha sempre negato di essere un comunista vero e proprio e pi\u00f9 che mai di essersi iscritto al partito. Lo ha fatto per cinquantanni, sia tramite interviste, sia nei processi subiti. In quello per tradimento, nel 1958, Mandela ha negato e lo ha fatto anche in quello successivo, nel 1962, per sabotaggio, sovversione e terrore.<\/p>\n<p style=\"text-align: justify;\">In occasione di quest&#8217;ultimo processo l&#8217;accusa era riuscita a produrre un saggio scritto di suo pugno dal titolo \u00abCome essere un buon comunista\u00bb. Si trattava di attivit\u00e0 di studio, si \u00e8 difeso, anche se il titolo del suo saggio lo smentisce. Egli comunque non smentisce di aver partecipato in varia misura ad oltre 150 atti di violenza pubblica, compreso, il lancio di bombe sulla Via della Chiesa nel 1983 (dove la partecipazione sar\u00e0 stata ovviamente in qualit\u00e0 di organizzatore), che ha lasciato sul terreno 19 morti ed oltre 200 feriti.<\/p>\n<p style=\"text-align: justify;\">Difficile conciliare l&#8217;aureola di \u00absantit\u00e0\u00bb che ha circondato e che ancora circonda la memoria di Mandela con questi episodi, in qualsiasi modo si reputi di giustificarli. Non \u00e8 un caso che a Mandela, anche qua contrariamente al mito secondo cui egli sarebbe rimasto in prigione per lottare contro il razzismo e le ingiustizie, sia stato pi\u00f9 volte offerto di avere la libert\u00e0 a patto della rinuncia alla violenza. Egli ha sempre rifiutato, non la violenza, ma un simile patto.<\/p>\n<p style=\"text-align: justify;\">L&#8217;appartenenza politica di quest&#8217;uomo \u00e8 rilevante, non soltanto per giudicare lui e di riflesso tutta questa sbornia celebrativa che lo ha accompagnato dal momento del suo rilascio dal carcere, ma soprattutto per capire l&#8217;attuale situazione del Sud Africa. Perch\u00e9 ci sarebbe un legame? Perch\u00e9 lo Stato africano \u00e8 governato da una coalizione tra il partito di Mandela, il Congresso Nazionale Africano, il partito Comunista del Sud Africa (appunto) ed una sorta di cartello che riunisce diversi sindacati e capire i loro veri scopi \u00e8 fondamentale.<\/p>\n<p style=\"text-align: justify;\">All&#8217;Universit\u00e0 di Cape Town, Stephen Ellis, un professore della Libera Universit\u00e0 di Amsterdam, ha recuperato dei documenti che dimostrano la falsit\u00e0 dei dinieghi di Mandela. Ellis ha trovato le minute di un incontro segreto del 1982 dei membri del partito Comunista del Sud Africa. I funzionari discutono dell&#8217;iscrizione di Mandela al loro partito all&#8217;incirca 20 anni prima, ai primi degli anni sessanta, dei processi per i crimini cui aveva partecipato. Soltanto che non si tratta di mera appartenenza. Mandela faceva parte del Comitato Cen\u00adtrale del partito.<\/p>\n<p style=\"text-align: justify;\">Ellis ha cercato di minimizzare la portata della sua scoperta, dicendo che la scelta di Mandela era stata meramente opportunistica, dettata dalla volont\u00e0 di lottare per la sua causa e per questo lui non sarebbe stato un vero convertito al comunismo. E\u2019 una presa di posizione che evidentemente risente del fatto che Ellis fu nominato dallo stesso Mandela alla Commissione da lui istituita per la Riconciliazione nel Sud Africa.<\/p>\n<p style=\"text-align: justify;\">Il Partito comunista si \u00e8 distinto ovunque per essere un&#8217;organizzazione dogmatica. Nessuno potrebbe ritrovarsi a far parte del ristretto organo che ne decide la politica senza essere un vero e proprio comunista che ha dato dimostrazione della sua affidabilit\u00e0. E, infatti, in una dichiarazione rilasciata il 6 di dicembre del 2013, il giorno successivo alla morte di Mandela, il Partito Comunista del Sud Africa (SACP) ha affermato: \u00abAl suo arresto nell&#8217;agosto del 1962, Nelson Mandela non solo era un membro dell&#8217;allora clandestino partito comunista, ma era anche un membro del Comitato Centrale del partito\u00bb.<\/p>\n<p style=\"text-align: justify;\">Questa \u00e8 soltanto una delle prove consistenti che rivelano l&#8217;influenza, se non il controllo da parte dei comunisti (SACP) sul Congresso Nazionale Africano (ANP). Questo controllo port\u00f2 progressivamente ad allontanare o ad eliminare sia gli esponenti che non seguivano la linea comunista, sia le stesse riforme promosse dall\u2019ANP.<\/p>\n<p style=\"text-align: justify;\">Mandela fu uno dei fondatori dall&#8217;ala terroristica del partito, \u00abTrafiggi la nazione\u00bb (Umkhonto we Sizw\u00e9), controllata anch&#8217;essa dal SACP. Va da s\u00e9 che gli appartenenti venivano addestrati in azioni terroristiche nei vicini Stati comunisti. Zambia, Angola, Mozambico. Tanzania, Zimbabwe, da istruttori sovietici, cinesi, della Germania Est, di Cuba e di altri Stati comunisti. L&#8217;addestramento e la fornitura di anni doveva servire a diffondere il terrore, la tortura e l&#8217;omicidio contro la maggioranza nera, pi\u00f9 che contro la minoranza bianca.<\/p>\n<p style=\"text-align: justify;\">L&#8217;ANC, controllata dal partito comunista, ha sfrattato il razzismo ed il colonialismo non per aiutare i neri del Sud Africa, ma per portare avanti gli obiettivi dell&#8217;Unione Sovietica e del movimento comunista mondiale. Mandela ha quindi mentito ed \u00e8 corresponsabile degli innumerevoli atti di violenza e tortura commessi dall&#8217;ANC Egli ha in buona sostanza lasciato il Sud Africa nelle mani di una coalizione tirannica, poich\u00e9 il partito comunista rimane una rigida formazione marxista-leninista, in cui tutti gli appartenenti devono promettere assoluta obbedienza alla volont\u00e0 del partito, cos\u00ec come stabilita dal suo Comitato Centrale; quella formazione sta adesso fomentando il caos, la distruzione economica e non soltanto.<\/p>\n<p style=\"text-align: justify;\">Il Sud Africa sta scendendo verso quella che i suoi estremisti governanti chiamano la \u00abSeconda fase\u00bb della loro rivoluzione comunista, cio\u00e8 si avvicina al genocidio. Potrebbe apparire eccessiva un&#8217;affermazione del genere, perch\u00e9 si tratta di un pericolo mai descritto dai mezzi d&#8217;informazione occidentali, ma l&#8217;organizzazione Osservatorio Genocidio ha pi\u00f9 volte suonato l&#8217;allarme riguardo alla preparazione del regime verso lo sterminio della minoranza bianca, i contadini Afrikaner.<\/p>\n<p style=\"text-align: justify;\">Gregory Stanton, un&#8217;attivista anti-apartheid ed uno dei maggiori esperti sul genocidio nel mondo, ha da tempo messo in guardia sui tremendi pericoli che aspettano i Boeri a seguito della tirannia marxista. Recentemente, su una scala del genocidio sviluppata dall&#8217;Osservatorio, il Sud Africa \u00e8 stato collocato al sesto stadio, che corrisponde alla fase della pianificazione e della preparazione. La fase sette \u00e8 lo sterminio vero e proprio. La fase otto \u00e8 quella finale, il diniego dopo il fatto.<\/p>\n<p style=\"text-align: justify;\">Secondo l&#8217;Osservatorio Genocidio, il tasso di omicidio in Sud Africa \u00e8 di 31 ogni 100.000 persone, il tasso di assassinio dei proprietari terrieri, compresi gli Afrikaner, sarebbe quattro volte tonto. Per avere un&#8217;idea, il tasso omicida negli Stati Uniti \u00e8 di 5 ogni 100.000 persone. \u00abDal 2007. il governo del Sud Africa\u00bb, spiega l&#8217;associazione, \u00abha negato e coperto la crisi non rilasciando alcun documento sulla suddivisione di come questi omicidi sono distribuiti tra i gruppi etnici.\u00bb L&#8217;Osservatorio ha fatto notare come Julius Malema, un ex capo della giovent\u00f9 dell&#8217;ANC, abbia rimesso in uso la canzone \u00abSpara al contadino, Ammazza il Boero\u00bb, che, come \u00e8 facile capire, invita allo sterminio dei contadini bianchi.<\/p>\n<p style=\"text-align: justify;\">Per tutta risposta, l&#8217;attuale Presidente del Sud Africa e capo dell\u2019ANC &#8211; Jacob Zuma, \u00abex\u00bb esponente del partito comunista &#8211; ha ricominciato a cantore questa canzone in pubblico. Anche Nelson Mandela \u00e8 stato filmato mentre canta questa canzone, mentre fa il saluto comunista con il pugno della mano sinistra davanti ad una gigantografia della falce ed il martello ed infine allegro nella compagnia di uno dei pi\u00f9 grandi tiranni. Fidel Castro.<\/p>\n<p style=\"text-align: justify;\">Possibile che nessuno, mezzo d&#8217;informazione, uomo politico, studioso, sia rimasto, per cos\u00ec dire, sorpreso o allarmato dai comportamenti di chi \u00e8 stato definito come probabilmente (e per fortuna \u00e8 stato almeno espresso un dubbio) \u00abuno dei pi\u00f9 grandi eroi della storia\u00bb? Possibile, al tempo stesso, che nessuno risponda agli allarmi sul genocidio della minoranza bianca in Sud Africa?<\/p>\n<p style=\"text-align: justify;\">Quello che \u00e8 possibile \u00e8 che l&#8217;Unione Sovietica abbia orchestrato una gigantesca operazione propagandistica per far liberare uno dei \u00absuoi\u00bb, trasformare politicamente uno Stato e procedere alla maniera propria dei sistemi gemelli dell&#8217;URSS, eliminazione degli avversari, anche presunti, ed instaurazione del regime totalitario.<\/p>\n<p style=\"text-align: justify;\">L&#8217;Occidente, non per la prima volta, ha abboccato all&#8217;ennesimo amo senza porsi alcun limite e senza chiedersi perch\u00e9 altri dissidenti, colpevoli soltanto di aver criticato il regime e senza mai essere ricorsi al terrore per combatterlo, che pur hanno trascorso diversi anni in prigione, non hanno conosciuto la gloria di Nelson Mandela. Ignatius Cardinal Kung, vescovo cattolico di Shangai, \u00e8 stato prigioniero in Cina per 33 anni. Oscar Elias Biscet, medico nero cubano, \u00e8 stato incarcerato prima nel 1999 e poi nel 2003 per \u00abattentato contro la sovranit\u00e0 di Cuba\u00bb; \u00e8 stato rilasciato da Castro nel 2011, ma Mandela non ha sprecato una parola in suo favore. Ormai lo si pu\u00f2 dire, non \u00e8 un caso.<\/p>\n","protected":false},"excerpt":{"rendered":"<p>Il Borghese Marzo 2015 di Francesco Rossi E se l&#8217;Unione Sovietica si fosse presa un&#8217;indubbia vittoria poco prima della sua immancabile caduta? Di che si tratta? Della vicenda del santo laico Nelson Mandela e del Sud Africa. I fatti emersi subito dopo la morte di Mandela (5 dicembre del 2013) e i pericoli attuali del &hellip; <\/p>\n<p><a class=\"more-link btn\" href=\"https:\/\/www.rassegnastampa-totustuus.it\/cattolica\/genocidio-in-sud-africa\/\">Continua a leggere<\/a><\/p>\n","protected":false},"author":6,"featured_media":19691,"comment_status":"closed","ping_status":"closed","sticky":false,"template":"","format":"standard","meta":{"footnotes":""},"categories":[32,108,18],"tags":[1646,262],"class_list":["post-19690","post","type-post","status-publish","format-standard","has-post-thumbnail","hentry","category-filosofia-del-comunismo","category-paesi-e-continenti","category-personaggi","tag-nelson-mandela","tag-sud-africa","item-wrap"],"yoast_head":"<!-- This site is optimized with the Yoast SEO plugin v27.5 - https:\/\/yoast.com\/product\/yoast-seo-wordpress\/ -->\n<title>Genocidio in Sud Africa - Rassegna Stampa Cattolica<\/title>\n<meta name=\"description\" content=\"Rassegna Stampa Cattolica - Per una cultura che nasce dalla Rivelazione cristiana in conformit\u00e0 alla tradizione e al Magistero della Chiesa in opposizione ad ogni relativismo e totalitarismo\" \/>\n<meta name=\"robots\" content=\"index, follow, max-snippet:-1, max-image-preview:large, max-video-preview:-1\" \/>\n<link rel=\"canonical\" href=\"https:\/\/www.rassegnastampa-totustuus.it\/cattolica\/genocidio-in-sud-africa\/\" \/>\n<meta property=\"og:locale\" content=\"it_IT\" \/>\n<meta property=\"og:type\" content=\"article\" \/>\n<meta property=\"og:title\" content=\"Genocidio in Sud Africa - Rassegna Stampa Cattolica\" \/>\n<meta property=\"og:description\" content=\"Rassegna Stampa Cattolica - Per una cultura che nasce dalla Rivelazione cristiana in conformit\u00e0 alla tradizione e al Magistero della Chiesa in opposizione ad ogni relativismo e totalitarismo\" \/>\n<meta property=\"og:url\" content=\"https:\/\/www.rassegnastampa-totustuus.it\/cattolica\/genocidio-in-sud-africa\/\" \/>\n<meta property=\"og:site_name\" content=\"Rassegna Stampa Cattolica\" \/>\n<meta property=\"article:publisher\" content=\"https:\/\/www.facebook.com\/rassegnastampacattolica\" \/>\n<meta property=\"article:published_time\" content=\"2015-03-04T23:00:59+00:00\" \/>\n<meta property=\"og:image\" content=\"https:\/\/www.rassegnastampa-totustuus.it\/cattolica\/wp-content\/uploads\/2015\/02\/Mandela_Castro.jpg\" \/>\n\t<meta property=\"og:image:width\" content=\"280\" \/>\n\t<meta property=\"og:image:height\" content=\"180\" \/>\n\t<meta property=\"og:image:type\" content=\"image\/jpeg\" \/>\n<meta name=\"author\" content=\"Redazione\" \/>\n<meta name=\"twitter:card\" content=\"summary_large_image\" \/>\n<meta name=\"twitter:creator\" content=\"@rassegnastampa9\" \/>\n<meta name=\"twitter:site\" content=\"@rassegnastampa9\" \/>\n<meta name=\"twitter:label1\" content=\"Scritto da\" \/>\n\t<meta name=\"twitter:data1\" content=\"Redazione\" \/>\n\t<meta name=\"twitter:label2\" content=\"Tempo di lettura stimato\" \/>\n\t<meta name=\"twitter:data2\" content=\"8 minuti\" \/>\n<script type=\"application\/ld+json\" class=\"yoast-schema-graph\">{\"@context\":\"https:\\\/\\\/schema.org\",\"@graph\":[{\"@type\":\"Article\",\"@id\":\"https:\\\/\\\/www.rassegnastampa-totustuus.it\\\/cattolica\\\/genocidio-in-sud-africa\\\/#article\",\"isPartOf\":{\"@id\":\"https:\\\/\\\/www.rassegnastampa-totustuus.it\\\/cattolica\\\/genocidio-in-sud-africa\\\/\"},\"author\":{\"name\":\"Redazione\",\"@id\":\"https:\\\/\\\/www.rassegnastampa-totustuus.it\\\/cattolica\\\/#\\\/schema\\\/person\\\/08f319d2bd1a0904ad9e2bfb7b15e5c3\"},\"headline\":\"Genocidio in Sud Africa\",\"datePublished\":\"2015-03-04T23:00:59+00:00\",\"mainEntityOfPage\":{\"@id\":\"https:\\\/\\\/www.rassegnastampa-totustuus.it\\\/cattolica\\\/genocidio-in-sud-africa\\\/\"},\"wordCount\":1688,\"publisher\":{\"@id\":\"https:\\\/\\\/www.rassegnastampa-totustuus.it\\\/cattolica\\\/#organization\"},\"image\":{\"@id\":\"https:\\\/\\\/www.rassegnastampa-totustuus.it\\\/cattolica\\\/genocidio-in-sud-africa\\\/#primaryimage\"},\"thumbnailUrl\":\"https:\\\/\\\/www.rassegnastampa-totustuus.it\\\/cattolica\\\/wp-content\\\/uploads\\\/2015\\\/02\\\/Mandela_Castro.jpg\",\"keywords\":[\"Nelson Mandela\",\"Sud Africa\"],\"articleSection\":[\"Comunismo\",\"Paesi e continenti\",\"Personaggi\"],\"inLanguage\":\"it-IT\"},{\"@type\":\"WebPage\",\"@id\":\"https:\\\/\\\/www.rassegnastampa-totustuus.it\\\/cattolica\\\/genocidio-in-sud-africa\\\/\",\"url\":\"https:\\\/\\\/www.rassegnastampa-totustuus.it\\\/cattolica\\\/genocidio-in-sud-africa\\\/\",\"name\":\"Genocidio in Sud Africa - Rassegna Stampa Cattolica\",\"isPartOf\":{\"@id\":\"https:\\\/\\\/www.rassegnastampa-totustuus.it\\\/cattolica\\\/#website\"},\"primaryImageOfPage\":{\"@id\":\"https:\\\/\\\/www.rassegnastampa-totustuus.it\\\/cattolica\\\/genocidio-in-sud-africa\\\/#primaryimage\"},\"image\":{\"@id\":\"https:\\\/\\\/www.rassegnastampa-totustuus.it\\\/cattolica\\\/genocidio-in-sud-africa\\\/#primaryimage\"},\"thumbnailUrl\":\"https:\\\/\\\/www.rassegnastampa-totustuus.it\\\/cattolica\\\/wp-content\\\/uploads\\\/2015\\\/02\\\/Mandela_Castro.jpg\",\"datePublished\":\"2015-03-04T23:00:59+00:00\",\"description\":\"Rassegna Stampa Cattolica - Per una cultura che nasce dalla Rivelazione cristiana in conformit\u00e0 alla tradizione e al Magistero della Chiesa in opposizione ad ogni relativismo e totalitarismo\",\"breadcrumb\":{\"@id\":\"https:\\\/\\\/www.rassegnastampa-totustuus.it\\\/cattolica\\\/genocidio-in-sud-africa\\\/#breadcrumb\"},\"inLanguage\":\"it-IT\",\"potentialAction\":[{\"@type\":\"ReadAction\",\"target\":[\"https:\\\/\\\/www.rassegnastampa-totustuus.it\\\/cattolica\\\/genocidio-in-sud-africa\\\/\"]}]},{\"@type\":\"ImageObject\",\"inLanguage\":\"it-IT\",\"@id\":\"https:\\\/\\\/www.rassegnastampa-totustuus.it\\\/cattolica\\\/genocidio-in-sud-africa\\\/#primaryimage\",\"url\":\"https:\\\/\\\/www.rassegnastampa-totustuus.it\\\/cattolica\\\/wp-content\\\/uploads\\\/2015\\\/02\\\/Mandela_Castro.jpg\",\"contentUrl\":\"https:\\\/\\\/www.rassegnastampa-totustuus.it\\\/cattolica\\\/wp-content\\\/uploads\\\/2015\\\/02\\\/Mandela_Castro.jpg\",\"width\":280,\"height\":180},{\"@type\":\"BreadcrumbList\",\"@id\":\"https:\\\/\\\/www.rassegnastampa-totustuus.it\\\/cattolica\\\/genocidio-in-sud-africa\\\/#breadcrumb\",\"itemListElement\":[{\"@type\":\"ListItem\",\"position\":1,\"name\":\"Home\",\"item\":\"https:\\\/\\\/www.rassegnastampa-totustuus.it\\\/cattolica\\\/\"},{\"@type\":\"ListItem\",\"position\":2,\"name\":\"Genocidio in Sud Africa\"}]},{\"@type\":\"WebSite\",\"@id\":\"https:\\\/\\\/www.rassegnastampa-totustuus.it\\\/cattolica\\\/#website\",\"url\":\"https:\\\/\\\/www.rassegnastampa-totustuus.it\\\/cattolica\\\/\",\"name\":\"Rassegna Stampa Cattolica\",\"description\":\"Per una cultura che nasce dalla Rivelazione cristiana in conformit\u00e0 alla tradizione e al Magistero della Chiesa in opposizione ad ogni relativismo e totalitarismo\",\"publisher\":{\"@id\":\"https:\\\/\\\/www.rassegnastampa-totustuus.it\\\/cattolica\\\/#organization\"},\"alternateName\":\"Rass. Cattolica\",\"potentialAction\":[{\"@type\":\"SearchAction\",\"target\":{\"@type\":\"EntryPoint\",\"urlTemplate\":\"https:\\\/\\\/www.rassegnastampa-totustuus.it\\\/cattolica\\\/?s={search_term_string}\"},\"query-input\":{\"@type\":\"PropertyValueSpecification\",\"valueRequired\":true,\"valueName\":\"search_term_string\"}}],\"inLanguage\":\"it-IT\"},{\"@type\":\"Organization\",\"@id\":\"https:\\\/\\\/www.rassegnastampa-totustuus.it\\\/cattolica\\\/#organization\",\"name\":\"Rassegna Stampa Cattolica\",\"url\":\"https:\\\/\\\/www.rassegnastampa-totustuus.it\\\/cattolica\\\/\",\"logo\":{\"@type\":\"ImageObject\",\"inLanguage\":\"it-IT\",\"@id\":\"https:\\\/\\\/www.rassegnastampa-totustuus.it\\\/cattolica\\\/#\\\/schema\\\/logo\\\/image\\\/\",\"url\":\"https:\\\/\\\/www.rassegnastampa-totustuus.it\\\/cattolica\\\/wp-content\\\/uploads\\\/2014\\\/04\\\/logo-rassegna1.gif\",\"contentUrl\":\"https:\\\/\\\/www.rassegnastampa-totustuus.it\\\/cattolica\\\/wp-content\\\/uploads\\\/2014\\\/04\\\/logo-rassegna1.gif\",\"width\":600,\"height\":163,\"caption\":\"Rassegna Stampa Cattolica\"},\"image\":{\"@id\":\"https:\\\/\\\/www.rassegnastampa-totustuus.it\\\/cattolica\\\/#\\\/schema\\\/logo\\\/image\\\/\"},\"sameAs\":[\"https:\\\/\\\/www.facebook.com\\\/rassegnastampacattolica\",\"https:\\\/\\\/x.com\\\/rassegnastampa9\"]},{\"@type\":\"Person\",\"@id\":\"https:\\\/\\\/www.rassegnastampa-totustuus.it\\\/cattolica\\\/#\\\/schema\\\/person\\\/08f319d2bd1a0904ad9e2bfb7b15e5c3\",\"name\":\"Redazione\",\"image\":{\"@type\":\"ImageObject\",\"inLanguage\":\"it-IT\",\"@id\":\"https:\\\/\\\/secure.gravatar.com\\\/avatar\\\/2fcdf27c78ea025fbdb44e914cc63c72249ffec9dc8aafd5c82b26240ef3f346?s=96&d=mm&r=g\",\"url\":\"https:\\\/\\\/secure.gravatar.com\\\/avatar\\\/2fcdf27c78ea025fbdb44e914cc63c72249ffec9dc8aafd5c82b26240ef3f346?s=96&d=mm&r=g\",\"contentUrl\":\"https:\\\/\\\/secure.gravatar.com\\\/avatar\\\/2fcdf27c78ea025fbdb44e914cc63c72249ffec9dc8aafd5c82b26240ef3f346?s=96&d=mm&r=g\",\"caption\":\"Redazione\"},\"url\":\"https:\\\/\\\/www.rassegnastampa-totustuus.it\\\/cattolica\\\/author\\\/pietroelle\\\/\"}]}<\/script>\n<!-- \/ Yoast SEO plugin. -->","yoast_head_json":{"title":"Genocidio in Sud Africa - Rassegna Stampa Cattolica","description":"Rassegna Stampa Cattolica - Per una cultura che nasce dalla Rivelazione cristiana in conformit\u00e0 alla tradizione e al Magistero della Chiesa in opposizione ad ogni relativismo e totalitarismo","robots":{"index":"index","follow":"follow","max-snippet":"max-snippet:-1","max-image-preview":"max-image-preview:large","max-video-preview":"max-video-preview:-1"},"canonical":"https:\/\/www.rassegnastampa-totustuus.it\/cattolica\/genocidio-in-sud-africa\/","og_locale":"it_IT","og_type":"article","og_title":"Genocidio in Sud Africa - Rassegna Stampa Cattolica","og_description":"Rassegna Stampa Cattolica - Per una cultura che nasce dalla Rivelazione cristiana in conformit\u00e0 alla tradizione e al Magistero della Chiesa in opposizione ad ogni relativismo e totalitarismo","og_url":"https:\/\/www.rassegnastampa-totustuus.it\/cattolica\/genocidio-in-sud-africa\/","og_site_name":"Rassegna Stampa Cattolica","article_publisher":"https:\/\/www.facebook.com\/rassegnastampacattolica","article_published_time":"2015-03-04T23:00:59+00:00","og_image":[{"width":280,"height":180,"url":"https:\/\/www.rassegnastampa-totustuus.it\/cattolica\/wp-content\/uploads\/2015\/02\/Mandela_Castro.jpg","type":"image\/jpeg"}],"author":"Redazione","twitter_card":"summary_large_image","twitter_creator":"@rassegnastampa9","twitter_site":"@rassegnastampa9","twitter_misc":{"Scritto da":"Redazione","Tempo di lettura stimato":"8 minuti"},"schema":{"@context":"https:\/\/schema.org","@graph":[{"@type":"Article","@id":"https:\/\/www.rassegnastampa-totustuus.it\/cattolica\/genocidio-in-sud-africa\/#article","isPartOf":{"@id":"https:\/\/www.rassegnastampa-totustuus.it\/cattolica\/genocidio-in-sud-africa\/"},"author":{"name":"Redazione","@id":"https:\/\/www.rassegnastampa-totustuus.it\/cattolica\/#\/schema\/person\/08f319d2bd1a0904ad9e2bfb7b15e5c3"},"headline":"Genocidio in Sud Africa","datePublished":"2015-03-04T23:00:59+00:00","mainEntityOfPage":{"@id":"https:\/\/www.rassegnastampa-totustuus.it\/cattolica\/genocidio-in-sud-africa\/"},"wordCount":1688,"publisher":{"@id":"https:\/\/www.rassegnastampa-totustuus.it\/cattolica\/#organization"},"image":{"@id":"https:\/\/www.rassegnastampa-totustuus.it\/cattolica\/genocidio-in-sud-africa\/#primaryimage"},"thumbnailUrl":"https:\/\/www.rassegnastampa-totustuus.it\/cattolica\/wp-content\/uploads\/2015\/02\/Mandela_Castro.jpg","keywords":["Nelson Mandela","Sud Africa"],"articleSection":["Comunismo","Paesi e continenti","Personaggi"],"inLanguage":"it-IT"},{"@type":"WebPage","@id":"https:\/\/www.rassegnastampa-totustuus.it\/cattolica\/genocidio-in-sud-africa\/","url":"https:\/\/www.rassegnastampa-totustuus.it\/cattolica\/genocidio-in-sud-africa\/","name":"Genocidio in Sud Africa - Rassegna Stampa Cattolica","isPartOf":{"@id":"https:\/\/www.rassegnastampa-totustuus.it\/cattolica\/#website"},"primaryImageOfPage":{"@id":"https:\/\/www.rassegnastampa-totustuus.it\/cattolica\/genocidio-in-sud-africa\/#primaryimage"},"image":{"@id":"https:\/\/www.rassegnastampa-totustuus.it\/cattolica\/genocidio-in-sud-africa\/#primaryimage"},"thumbnailUrl":"https:\/\/www.rassegnastampa-totustuus.it\/cattolica\/wp-content\/uploads\/2015\/02\/Mandela_Castro.jpg","datePublished":"2015-03-04T23:00:59+00:00","description":"Rassegna Stampa Cattolica - Per una cultura che nasce dalla Rivelazione cristiana in conformit\u00e0 alla tradizione e al Magistero della Chiesa in opposizione ad ogni relativismo e totalitarismo","breadcrumb":{"@id":"https:\/\/www.rassegnastampa-totustuus.it\/cattolica\/genocidio-in-sud-africa\/#breadcrumb"},"inLanguage":"it-IT","potentialAction":[{"@type":"ReadAction","target":["https:\/\/www.rassegnastampa-totustuus.it\/cattolica\/genocidio-in-sud-africa\/"]}]},{"@type":"ImageObject","inLanguage":"it-IT","@id":"https:\/\/www.rassegnastampa-totustuus.it\/cattolica\/genocidio-in-sud-africa\/#primaryimage","url":"https:\/\/www.rassegnastampa-totustuus.it\/cattolica\/wp-content\/uploads\/2015\/02\/Mandela_Castro.jpg","contentUrl":"https:\/\/www.rassegnastampa-totustuus.it\/cattolica\/wp-content\/uploads\/2015\/02\/Mandela_Castro.jpg","width":280,"height":180},{"@type":"BreadcrumbList","@id":"https:\/\/www.rassegnastampa-totustuus.it\/cattolica\/genocidio-in-sud-africa\/#breadcrumb","itemListElement":[{"@type":"ListItem","position":1,"name":"Home","item":"https:\/\/www.rassegnastampa-totustuus.it\/cattolica\/"},{"@type":"ListItem","position":2,"name":"Genocidio in Sud Africa"}]},{"@type":"WebSite","@id":"https:\/\/www.rassegnastampa-totustuus.it\/cattolica\/#website","url":"https:\/\/www.rassegnastampa-totustuus.it\/cattolica\/","name":"Rassegna Stampa Cattolica","description":"Per una cultura che nasce dalla Rivelazione cristiana in conformit\u00e0 alla tradizione e al Magistero della Chiesa in opposizione ad ogni relativismo e totalitarismo","publisher":{"@id":"https:\/\/www.rassegnastampa-totustuus.it\/cattolica\/#organization"},"alternateName":"Rass. Cattolica","potentialAction":[{"@type":"SearchAction","target":{"@type":"EntryPoint","urlTemplate":"https:\/\/www.rassegnastampa-totustuus.it\/cattolica\/?s={search_term_string}"},"query-input":{"@type":"PropertyValueSpecification","valueRequired":true,"valueName":"search_term_string"}}],"inLanguage":"it-IT"},{"@type":"Organization","@id":"https:\/\/www.rassegnastampa-totustuus.it\/cattolica\/#organization","name":"Rassegna Stampa Cattolica","url":"https:\/\/www.rassegnastampa-totustuus.it\/cattolica\/","logo":{"@type":"ImageObject","inLanguage":"it-IT","@id":"https:\/\/www.rassegnastampa-totustuus.it\/cattolica\/#\/schema\/logo\/image\/","url":"https:\/\/www.rassegnastampa-totustuus.it\/cattolica\/wp-content\/uploads\/2014\/04\/logo-rassegna1.gif","contentUrl":"https:\/\/www.rassegnastampa-totustuus.it\/cattolica\/wp-content\/uploads\/2014\/04\/logo-rassegna1.gif","width":600,"height":163,"caption":"Rassegna Stampa Cattolica"},"image":{"@id":"https:\/\/www.rassegnastampa-totustuus.it\/cattolica\/#\/schema\/logo\/image\/"},"sameAs":["https:\/\/www.facebook.com\/rassegnastampacattolica","https:\/\/x.com\/rassegnastampa9"]},{"@type":"Person","@id":"https:\/\/www.rassegnastampa-totustuus.it\/cattolica\/#\/schema\/person\/08f319d2bd1a0904ad9e2bfb7b15e5c3","name":"Redazione","image":{"@type":"ImageObject","inLanguage":"it-IT","@id":"https:\/\/secure.gravatar.com\/avatar\/2fcdf27c78ea025fbdb44e914cc63c72249ffec9dc8aafd5c82b26240ef3f346?s=96&d=mm&r=g","url":"https:\/\/secure.gravatar.com\/avatar\/2fcdf27c78ea025fbdb44e914cc63c72249ffec9dc8aafd5c82b26240ef3f346?s=96&d=mm&r=g","contentUrl":"https:\/\/secure.gravatar.com\/avatar\/2fcdf27c78ea025fbdb44e914cc63c72249ffec9dc8aafd5c82b26240ef3f346?s=96&d=mm&r=g","caption":"Redazione"},"url":"https:\/\/www.rassegnastampa-totustuus.it\/cattolica\/author\/pietroelle\/"}]}},"_links":{"self":[{"href":"https:\/\/www.rassegnastampa-totustuus.it\/cattolica\/wp-json\/wp\/v2\/posts\/19690","targetHints":{"allow":["GET"]}}],"collection":[{"href":"https:\/\/www.rassegnastampa-totustuus.it\/cattolica\/wp-json\/wp\/v2\/posts"}],"about":[{"href":"https:\/\/www.rassegnastampa-totustuus.it\/cattolica\/wp-json\/wp\/v2\/types\/post"}],"author":[{"embeddable":true,"href":"https:\/\/www.rassegnastampa-totustuus.it\/cattolica\/wp-json\/wp\/v2\/users\/6"}],"replies":[{"embeddable":true,"href":"https:\/\/www.rassegnastampa-totustuus.it\/cattolica\/wp-json\/wp\/v2\/comments?post=19690"}],"version-history":[{"count":1,"href":"https:\/\/www.rassegnastampa-totustuus.it\/cattolica\/wp-json\/wp\/v2\/posts\/19690\/revisions"}],"predecessor-version":[{"id":19692,"href":"https:\/\/www.rassegnastampa-totustuus.it\/cattolica\/wp-json\/wp\/v2\/posts\/19690\/revisions\/19692"}],"wp:featuredmedia":[{"embeddable":true,"href":"https:\/\/www.rassegnastampa-totustuus.it\/cattolica\/wp-json\/wp\/v2\/media\/19691"}],"wp:attachment":[{"href":"https:\/\/www.rassegnastampa-totustuus.it\/cattolica\/wp-json\/wp\/v2\/media?parent=19690"}],"wp:term":[{"taxonomy":"category","embeddable":true,"href":"https:\/\/www.rassegnastampa-totustuus.it\/cattolica\/wp-json\/wp\/v2\/categories?post=19690"},{"taxonomy":"post_tag","embeddable":true,"href":"https:\/\/www.rassegnastampa-totustuus.it\/cattolica\/wp-json\/wp\/v2\/tags?post=19690"}],"curies":[{"name":"wp","href":"https:\/\/api.w.org\/{rel}","templated":true}]}}