{"id":1969,"date":"2006-04-07T00:00:00","date_gmt":"2006-04-06T22:00:00","guid":{"rendered":""},"modified":"2014-12-18T10:51:50","modified_gmt":"2014-12-18T09:51:50","slug":"consegnati-al-silenzio-per-servire-cristo","status":"publish","type":"post","link":"https:\/\/www.rassegnastampa-totustuus.it\/cattolica\/consegnati-al-silenzio-per-servire-cristo\/","title":{"rendered":"Consegnati al silenzio per servire Cristo"},"content":{"rendered":"<div style=\"text-align: center;\"><strong><a href=\"https:\/\/www.rassegnastampa-totustuus.it\/cattolica\/wp-content\/uploads\/2006\/04\/silenzio_locandina.jpg\"><img loading=\"lazy\" decoding=\"async\" class=\"alignleft wp-image-15623\" src=\"https:\/\/www.rassegnastampa-totustuus.it\/cattolica\/wp-content\/uploads\/2006\/04\/silenzio_locandina.jpg\" alt=\"silenzio_locandina\" width=\"137\" height=\"200\" \/><\/a>Corriere della Sera. <\/strong>1 aprile 2006<\/div>\n<p style=\"text-align: justify;\"><em>Dopo il grande successo in patria e in altri Paesi giunge ora anche nelle sale italiane\u00a0 Il grande Silenzio, film del regista tedesco Philip Groening, che descrive la vita dei monaci di Chartreux. Una pellicola da non perdere.<\/em><\/p>\n<p style=\"text-align: center;\">di<strong> Vittorio Messori<\/strong><\/p>\n<p><!--more--><\/p>\n<div style=\"text-align: justify;\">Con alcuni libri gi\u00e0 alle spalle godevo di qualche credito nel mondo cattolico ma, per garanzia, allegai la raccomandazione di un prelato importante. La mia richiesta, poi, era a nome di un giornale \u201csicuro\u201d sul piano dottrinale. Feci recapitare e cominci\u00f2 l\u2019attesa. Dopo mesi mi giunse un biglietto firmato, semplicemente, \u201cUn Certosino\u201c. Sapevo che a nessuno di loro era permesso pubblicare alcunch\u00e9 col proprio nome e che questo non stava\u00a0 neppure sulle tombe, ma ignoravo che si giungesse ad evitare la firma sulle lettere.<\/div>\n<p style=\"text-align: justify;\">Il mio monaco, comunque, mi ricordava la Regola secolare: alla <em>Grande Chartreuse<\/em> \u2013 come, del resto, in ogni casa dell\u2019Ordine \u2013 penetravano solo postulanti che chiedessero una prova per il noviziato.Spiacenti, dunque: non poteva essere accettata la domanda di me, giornalista, per un soggiorno nel \u201cdeserto\u201c alpino \u00a0per dar conto in diretta ai lettori di quella vita reclusa.<\/p>\n<p style=\"text-align: justify;\">Lo stemma sulla carta della lettera confermava la parole inappellabili del Certosino. Un globo sormontato da una croce e la scritta, umile e al contempo orgogliosa: <em>Stat crux dum volvitur orbis<\/em>, la croce sta salda mentre il mondo gira. E\u2019 cos\u00ec da 922 anni, dal 1084, quando san Bruno da Colonia inizi\u00f2 l\u2019avventura che ha uno dei segreti della sua longevit\u00e0 -almeno a viste umane- proprio nel totale isolamento dal fragore e dall\u2019affanno del mondo. Il sito Internet dell\u2019Ordine, peraltro eccellente (<strong><a href=\"http:\/\/www.chartreux.org\/it\/frame.html\" target=\"_blank\"><strong>www.chartreux.org<\/strong><\/a><\/strong>), avverte che \u00abuna corrispondenza continuata \u00e8 incompatibile con la vita contemplativa\u00bb e invita a spedire messaggi solo se indispensabili.<\/p>\n<p style=\"text-align: justify;\">Stando cos\u00ec le cose, ha sorpreso il permesso accordato a Philip Groening, il regista tedesco che \u2013 dopo il grande successo in patria e in altri Paesi- giunge ora anche nelle sale italiane con <em>Il grande Silenzio<\/em>. Probabilmente, i Padri della <em>Chartreuse<\/em> hanno voluto premiare una lunga pazienza.<\/p>\n<p style=\"text-align: justify;\">Fu, in effetti, quattordici anni dopo la sua richiesta che a quell\u2019uomo di cinema giunse una risposta: \u00abSe proprio vuole venga, ma da solo, con i mezzi pi\u00f9 semplici. Potr\u00e0 lavorare ma senza intralciare la vita comunitaria, senza parlare con alcuno e restando qualche mese per capire qualcosa di noi\u00bb. Dai cinque mesi senza mai uscire da quella citt\u00e0 monastica immensa, inaccessibile e gelida (1.200 metri l\u2019altezza), il regista ha salvato per lo schermo 162 minuti, durante i quali il \u201csilenzio\u201c \u00e8 davvero \u201cgrande\u201c, visto che a parte le voci della natura o il rumore di un utensile, il sonoro si riduce alle parole finali di un monaco cieco.<\/p>\n<p style=\"text-align: justify;\">Ho visto il film in anteprima, ma in una sala aperta a un pubblico indifferenziato: per due ore e tre quarti il silenzio dello schermo si \u00e8 accompagnato al silenzio della platea. Alla fine, nessun commento, visi assorti ma non delusi, come se la folla fosse stata trascinata in una dimensione \u201caltra\u201c da cui stentava a ritornare . Forse, ha avuto davvero ragione il regista: \u00abNon ho voluto fare un film su un monastero, ma trasformare un film in un monastero\u00bb.<\/p>\n<p style=\"text-align: justify;\">Il consiglio \u00e8 di non perdere l\u2019occasione: l\u2019opera non ha precedenti ed \u00e8 magistralmente realizzata, la mancanza di ogni artificio ha giovato all\u2019autenticit\u00e0, gi\u00e0 di per s\u00e9 impressionante. Da sempre vocazione rara ed elitaria, vertice della radicalit\u00e0 cristiana, la vita certosina coinvolge oggi soltanto 370 uomini e 75 donne in 24 case (4 in Italia, di cui 2 femminili) in tre Continenti.<\/p>\n<p style=\"text-align: justify;\">Un piccolo pugno di \u201calieni\u201c, dunque: per giunta, molti di essi sono vecchi e malati. Eppure, in una prospettiva di fede, poche persone sono cos\u00ec preziose non solo per la Chiesa ma per il mondo intero. E pochi impegni religiosi sono cos\u00ec radicalmente \u201csociali\u201c quanto quello cui sono stati chiamati questi uomini e donne fattisi \u00absolitari perch\u00e8 solidali\u00bb.<\/p>\n<p style=\"text-align: justify;\">E\u2019 ci\u00f2 che non riesce a comprendere il \u201cmondo\u201c che giudica queste vite inutili e anacronistiche e che, appena pu\u00f2, se ne libera (in Italia, per tre volte: nei domini austriaci con gli Asburgo del Settecento, poi con Napoleone, infine con il Risorgimento).<\/p>\n<p style=\"text-align: justify;\">Per il credente, invece, Dio riserva per S\u00e9, a ogni generazione, un piccolo gruppo di creature che facciano delle loro vite \u2013macerate dall\u2019ascesi e dalla solitudine\u2013 una lode perenne a Lui, una testimonianza della Sua esistenza e presenza, un impegno di intercessione per l\u2019umanit\u00e0 intera. Come dicono gli antichi Statuti, \u00abseparati da tutti, proprio per questo siamo uniti a tutti e stiamo a nome di tutti davanti al Cristo vivo\u00bb.<\/p>\n<p style=\"text-align: justify;\">Cuore nascosto della Chiesa, la Certosa \u00e8 il luogo dove l\u2019osservanza \u201csenza se e senza ma\u201c di una regola sapiente -che unisce eremitismo e vita comunitaria- pu\u00f2 condurre i pochi che vi sono chiamati alla libert\u00e0, poi alla pace, infine alla gioia. La gioia di scoprire che Dio \u00e8 amore; e la gioia di ricordare a quel Padre, ogni giorno e ogni notte, le promesse della Sua misericordia per tanti figli immemori e traviati ma per la salvezza dei quali il Certosino ha fatto dono totale di s\u00e9<\/p>\n","protected":false},"excerpt":{"rendered":"<p>Corriere della Sera. 1 aprile 2006 Dopo il grande successo in patria e in altri Paesi giunge ora anche nelle sale italiane\u00a0 Il grande Silenzio, film del regista tedesco Philip Groening, che descrive la vita dei monaci di Chartreux. Una pellicola da non perdere. di Vittorio Messori<\/p><p><a class=\"more-link btn\" href=\"https:\/\/www.rassegnastampa-totustuus.it\/cattolica\/consegnati-al-silenzio-per-servire-cristo\/\">Continua a leggere<\/a><\/p>\n","protected":false},"author":6,"featured_media":15623,"comment_status":"closed","ping_status":"open","sticky":false,"template":"","format":"standard","meta":{"footnotes":""},"categories":[122],"tags":[1250],"class_list":["post-1969","post","type-post","status-publish","format-standard","has-post-thumbnail","hentry","category-al-cinema","tag-il-grande-silenzio","item-wrap"],"yoast_head":"<!-- This site is optimized with the Yoast SEO plugin v27.5 - https:\/\/yoast.com\/product\/yoast-seo-wordpress\/ -->\n<title>Consegnati al silenzio per servire Cristo - Rassegna Stampa Cattolica<\/title>\n<meta name=\"description\" content=\"Rassegna Stampa Cattolica - Per una cultura che nasce dalla Rivelazione cristiana in conformit\u00e0 alla tradizione e al Magistero della Chiesa in opposizione ad ogni relativismo e totalitarismo\" \/>\n<meta name=\"robots\" content=\"index, follow, max-snippet:-1, max-image-preview:large, max-video-preview:-1\" \/>\n<link rel=\"canonical\" href=\"https:\/\/www.rassegnastampa-totustuus.it\/cattolica\/consegnati-al-silenzio-per-servire-cristo\/\" \/>\n<meta property=\"og:locale\" content=\"it_IT\" \/>\n<meta property=\"og:type\" content=\"article\" \/>\n<meta property=\"og:title\" content=\"Consegnati al silenzio per servire Cristo - Rassegna Stampa Cattolica\" \/>\n<meta property=\"og:description\" content=\"Rassegna Stampa Cattolica - Per una cultura che nasce dalla Rivelazione cristiana in conformit\u00e0 alla tradizione e al Magistero della Chiesa in opposizione ad ogni relativismo e totalitarismo\" \/>\n<meta property=\"og:url\" content=\"https:\/\/www.rassegnastampa-totustuus.it\/cattolica\/consegnati-al-silenzio-per-servire-cristo\/\" \/>\n<meta property=\"og:site_name\" content=\"Rassegna Stampa Cattolica\" \/>\n<meta property=\"article:publisher\" content=\"https:\/\/www.facebook.com\/rassegnastampacattolica\" \/>\n<meta property=\"article:published_time\" content=\"2006-04-06T22:00:00+00:00\" \/>\n<meta property=\"article:modified_time\" content=\"2014-12-18T09:51:50+00:00\" \/>\n<meta property=\"og:image\" content=\"https:\/\/www.rassegnastampa-totustuus.it\/cattolica\/wp-content\/uploads\/2006\/04\/silenzio_locandina.jpg\" \/>\n\t<meta property=\"og:image:width\" content=\"186\" \/>\n\t<meta property=\"og:image:height\" content=\"271\" \/>\n\t<meta property=\"og:image:type\" content=\"image\/jpeg\" \/>\n<meta name=\"author\" content=\"Redazione\" \/>\n<meta name=\"twitter:card\" content=\"summary_large_image\" \/>\n<meta name=\"twitter:creator\" content=\"@rassegnastampa9\" \/>\n<meta name=\"twitter:site\" content=\"@rassegnastampa9\" \/>\n<meta name=\"twitter:label1\" content=\"Scritto da\" \/>\n\t<meta name=\"twitter:data1\" content=\"Redazione\" \/>\n\t<meta name=\"twitter:label2\" content=\"Tempo di lettura stimato\" \/>\n\t<meta name=\"twitter:data2\" content=\"4 minuti\" \/>\n<script type=\"application\/ld+json\" class=\"yoast-schema-graph\">{\"@context\":\"https:\\\/\\\/schema.org\",\"@graph\":[{\"@type\":\"Article\",\"@id\":\"https:\\\/\\\/www.rassegnastampa-totustuus.it\\\/cattolica\\\/consegnati-al-silenzio-per-servire-cristo\\\/#article\",\"isPartOf\":{\"@id\":\"https:\\\/\\\/www.rassegnastampa-totustuus.it\\\/cattolica\\\/consegnati-al-silenzio-per-servire-cristo\\\/\"},\"author\":{\"name\":\"Redazione\",\"@id\":\"https:\\\/\\\/www.rassegnastampa-totustuus.it\\\/cattolica\\\/#\\\/schema\\\/person\\\/08f319d2bd1a0904ad9e2bfb7b15e5c3\"},\"headline\":\"Consegnati al silenzio per servire Cristo\",\"datePublished\":\"2006-04-06T22:00:00+00:00\",\"dateModified\":\"2014-12-18T09:51:50+00:00\",\"mainEntityOfPage\":{\"@id\":\"https:\\\/\\\/www.rassegnastampa-totustuus.it\\\/cattolica\\\/consegnati-al-silenzio-per-servire-cristo\\\/\"},\"wordCount\":849,\"publisher\":{\"@id\":\"https:\\\/\\\/www.rassegnastampa-totustuus.it\\\/cattolica\\\/#organization\"},\"image\":{\"@id\":\"https:\\\/\\\/www.rassegnastampa-totustuus.it\\\/cattolica\\\/consegnati-al-silenzio-per-servire-cristo\\\/#primaryimage\"},\"thumbnailUrl\":\"https:\\\/\\\/www.rassegnastampa-totustuus.it\\\/cattolica\\\/wp-content\\\/uploads\\\/2006\\\/04\\\/silenzio_locandina.jpg\",\"keywords\":[\"Il grande silenzio\"],\"articleSection\":[\"Al cinema\"],\"inLanguage\":\"it-IT\"},{\"@type\":\"WebPage\",\"@id\":\"https:\\\/\\\/www.rassegnastampa-totustuus.it\\\/cattolica\\\/consegnati-al-silenzio-per-servire-cristo\\\/\",\"url\":\"https:\\\/\\\/www.rassegnastampa-totustuus.it\\\/cattolica\\\/consegnati-al-silenzio-per-servire-cristo\\\/\",\"name\":\"Consegnati al silenzio per servire Cristo - Rassegna Stampa Cattolica\",\"isPartOf\":{\"@id\":\"https:\\\/\\\/www.rassegnastampa-totustuus.it\\\/cattolica\\\/#website\"},\"primaryImageOfPage\":{\"@id\":\"https:\\\/\\\/www.rassegnastampa-totustuus.it\\\/cattolica\\\/consegnati-al-silenzio-per-servire-cristo\\\/#primaryimage\"},\"image\":{\"@id\":\"https:\\\/\\\/www.rassegnastampa-totustuus.it\\\/cattolica\\\/consegnati-al-silenzio-per-servire-cristo\\\/#primaryimage\"},\"thumbnailUrl\":\"https:\\\/\\\/www.rassegnastampa-totustuus.it\\\/cattolica\\\/wp-content\\\/uploads\\\/2006\\\/04\\\/silenzio_locandina.jpg\",\"datePublished\":\"2006-04-06T22:00:00+00:00\",\"dateModified\":\"2014-12-18T09:51:50+00:00\",\"description\":\"Rassegna Stampa Cattolica - Per una cultura che nasce dalla Rivelazione cristiana in conformit\u00e0 alla tradizione e al Magistero della Chiesa in opposizione ad ogni relativismo e totalitarismo\",\"breadcrumb\":{\"@id\":\"https:\\\/\\\/www.rassegnastampa-totustuus.it\\\/cattolica\\\/consegnati-al-silenzio-per-servire-cristo\\\/#breadcrumb\"},\"inLanguage\":\"it-IT\",\"potentialAction\":[{\"@type\":\"ReadAction\",\"target\":[\"https:\\\/\\\/www.rassegnastampa-totustuus.it\\\/cattolica\\\/consegnati-al-silenzio-per-servire-cristo\\\/\"]}]},{\"@type\":\"ImageObject\",\"inLanguage\":\"it-IT\",\"@id\":\"https:\\\/\\\/www.rassegnastampa-totustuus.it\\\/cattolica\\\/consegnati-al-silenzio-per-servire-cristo\\\/#primaryimage\",\"url\":\"https:\\\/\\\/www.rassegnastampa-totustuus.it\\\/cattolica\\\/wp-content\\\/uploads\\\/2006\\\/04\\\/silenzio_locandina.jpg\",\"contentUrl\":\"https:\\\/\\\/www.rassegnastampa-totustuus.it\\\/cattolica\\\/wp-content\\\/uploads\\\/2006\\\/04\\\/silenzio_locandina.jpg\",\"width\":186,\"height\":271},{\"@type\":\"BreadcrumbList\",\"@id\":\"https:\\\/\\\/www.rassegnastampa-totustuus.it\\\/cattolica\\\/consegnati-al-silenzio-per-servire-cristo\\\/#breadcrumb\",\"itemListElement\":[{\"@type\":\"ListItem\",\"position\":1,\"name\":\"Home\",\"item\":\"https:\\\/\\\/www.rassegnastampa-totustuus.it\\\/cattolica\\\/\"},{\"@type\":\"ListItem\",\"position\":2,\"name\":\"Consegnati al silenzio per servire Cristo\"}]},{\"@type\":\"WebSite\",\"@id\":\"https:\\\/\\\/www.rassegnastampa-totustuus.it\\\/cattolica\\\/#website\",\"url\":\"https:\\\/\\\/www.rassegnastampa-totustuus.it\\\/cattolica\\\/\",\"name\":\"Rassegna Stampa Cattolica\",\"description\":\"Per una cultura che nasce dalla Rivelazione cristiana in conformit\u00e0 alla tradizione e al Magistero della Chiesa in opposizione ad ogni relativismo e totalitarismo\",\"publisher\":{\"@id\":\"https:\\\/\\\/www.rassegnastampa-totustuus.it\\\/cattolica\\\/#organization\"},\"alternateName\":\"Rass. Cattolica\",\"potentialAction\":[{\"@type\":\"SearchAction\",\"target\":{\"@type\":\"EntryPoint\",\"urlTemplate\":\"https:\\\/\\\/www.rassegnastampa-totustuus.it\\\/cattolica\\\/?s={search_term_string}\"},\"query-input\":{\"@type\":\"PropertyValueSpecification\",\"valueRequired\":true,\"valueName\":\"search_term_string\"}}],\"inLanguage\":\"it-IT\"},{\"@type\":\"Organization\",\"@id\":\"https:\\\/\\\/www.rassegnastampa-totustuus.it\\\/cattolica\\\/#organization\",\"name\":\"Rassegna Stampa Cattolica\",\"url\":\"https:\\\/\\\/www.rassegnastampa-totustuus.it\\\/cattolica\\\/\",\"logo\":{\"@type\":\"ImageObject\",\"inLanguage\":\"it-IT\",\"@id\":\"https:\\\/\\\/www.rassegnastampa-totustuus.it\\\/cattolica\\\/#\\\/schema\\\/logo\\\/image\\\/\",\"url\":\"https:\\\/\\\/www.rassegnastampa-totustuus.it\\\/cattolica\\\/wp-content\\\/uploads\\\/2014\\\/04\\\/logo-rassegna1.gif\",\"contentUrl\":\"https:\\\/\\\/www.rassegnastampa-totustuus.it\\\/cattolica\\\/wp-content\\\/uploads\\\/2014\\\/04\\\/logo-rassegna1.gif\",\"width\":600,\"height\":163,\"caption\":\"Rassegna Stampa Cattolica\"},\"image\":{\"@id\":\"https:\\\/\\\/www.rassegnastampa-totustuus.it\\\/cattolica\\\/#\\\/schema\\\/logo\\\/image\\\/\"},\"sameAs\":[\"https:\\\/\\\/www.facebook.com\\\/rassegnastampacattolica\",\"https:\\\/\\\/x.com\\\/rassegnastampa9\"]},{\"@type\":\"Person\",\"@id\":\"https:\\\/\\\/www.rassegnastampa-totustuus.it\\\/cattolica\\\/#\\\/schema\\\/person\\\/08f319d2bd1a0904ad9e2bfb7b15e5c3\",\"name\":\"Redazione\",\"image\":{\"@type\":\"ImageObject\",\"inLanguage\":\"it-IT\",\"@id\":\"https:\\\/\\\/secure.gravatar.com\\\/avatar\\\/2fcdf27c78ea025fbdb44e914cc63c72249ffec9dc8aafd5c82b26240ef3f346?s=96&d=mm&r=g\",\"url\":\"https:\\\/\\\/secure.gravatar.com\\\/avatar\\\/2fcdf27c78ea025fbdb44e914cc63c72249ffec9dc8aafd5c82b26240ef3f346?s=96&d=mm&r=g\",\"contentUrl\":\"https:\\\/\\\/secure.gravatar.com\\\/avatar\\\/2fcdf27c78ea025fbdb44e914cc63c72249ffec9dc8aafd5c82b26240ef3f346?s=96&d=mm&r=g\",\"caption\":\"Redazione\"},\"url\":\"https:\\\/\\\/www.rassegnastampa-totustuus.it\\\/cattolica\\\/author\\\/pietroelle\\\/\"}]}<\/script>\n<!-- \/ Yoast SEO plugin. -->","yoast_head_json":{"title":"Consegnati al silenzio per servire Cristo - Rassegna Stampa Cattolica","description":"Rassegna Stampa Cattolica - Per una cultura che nasce dalla Rivelazione cristiana in conformit\u00e0 alla tradizione e al Magistero della Chiesa in opposizione ad ogni relativismo e totalitarismo","robots":{"index":"index","follow":"follow","max-snippet":"max-snippet:-1","max-image-preview":"max-image-preview:large","max-video-preview":"max-video-preview:-1"},"canonical":"https:\/\/www.rassegnastampa-totustuus.it\/cattolica\/consegnati-al-silenzio-per-servire-cristo\/","og_locale":"it_IT","og_type":"article","og_title":"Consegnati al silenzio per servire Cristo - Rassegna Stampa Cattolica","og_description":"Rassegna Stampa Cattolica - Per una cultura che nasce dalla Rivelazione cristiana in conformit\u00e0 alla tradizione e al Magistero della Chiesa in opposizione ad ogni relativismo e totalitarismo","og_url":"https:\/\/www.rassegnastampa-totustuus.it\/cattolica\/consegnati-al-silenzio-per-servire-cristo\/","og_site_name":"Rassegna Stampa Cattolica","article_publisher":"https:\/\/www.facebook.com\/rassegnastampacattolica","article_published_time":"2006-04-06T22:00:00+00:00","article_modified_time":"2014-12-18T09:51:50+00:00","og_image":[{"width":186,"height":271,"url":"https:\/\/www.rassegnastampa-totustuus.it\/cattolica\/wp-content\/uploads\/2006\/04\/silenzio_locandina.jpg","type":"image\/jpeg"}],"author":"Redazione","twitter_card":"summary_large_image","twitter_creator":"@rassegnastampa9","twitter_site":"@rassegnastampa9","twitter_misc":{"Scritto da":"Redazione","Tempo di lettura stimato":"4 minuti"},"schema":{"@context":"https:\/\/schema.org","@graph":[{"@type":"Article","@id":"https:\/\/www.rassegnastampa-totustuus.it\/cattolica\/consegnati-al-silenzio-per-servire-cristo\/#article","isPartOf":{"@id":"https:\/\/www.rassegnastampa-totustuus.it\/cattolica\/consegnati-al-silenzio-per-servire-cristo\/"},"author":{"name":"Redazione","@id":"https:\/\/www.rassegnastampa-totustuus.it\/cattolica\/#\/schema\/person\/08f319d2bd1a0904ad9e2bfb7b15e5c3"},"headline":"Consegnati al silenzio per servire Cristo","datePublished":"2006-04-06T22:00:00+00:00","dateModified":"2014-12-18T09:51:50+00:00","mainEntityOfPage":{"@id":"https:\/\/www.rassegnastampa-totustuus.it\/cattolica\/consegnati-al-silenzio-per-servire-cristo\/"},"wordCount":849,"publisher":{"@id":"https:\/\/www.rassegnastampa-totustuus.it\/cattolica\/#organization"},"image":{"@id":"https:\/\/www.rassegnastampa-totustuus.it\/cattolica\/consegnati-al-silenzio-per-servire-cristo\/#primaryimage"},"thumbnailUrl":"https:\/\/www.rassegnastampa-totustuus.it\/cattolica\/wp-content\/uploads\/2006\/04\/silenzio_locandina.jpg","keywords":["Il grande silenzio"],"articleSection":["Al cinema"],"inLanguage":"it-IT"},{"@type":"WebPage","@id":"https:\/\/www.rassegnastampa-totustuus.it\/cattolica\/consegnati-al-silenzio-per-servire-cristo\/","url":"https:\/\/www.rassegnastampa-totustuus.it\/cattolica\/consegnati-al-silenzio-per-servire-cristo\/","name":"Consegnati al silenzio per servire Cristo - Rassegna Stampa Cattolica","isPartOf":{"@id":"https:\/\/www.rassegnastampa-totustuus.it\/cattolica\/#website"},"primaryImageOfPage":{"@id":"https:\/\/www.rassegnastampa-totustuus.it\/cattolica\/consegnati-al-silenzio-per-servire-cristo\/#primaryimage"},"image":{"@id":"https:\/\/www.rassegnastampa-totustuus.it\/cattolica\/consegnati-al-silenzio-per-servire-cristo\/#primaryimage"},"thumbnailUrl":"https:\/\/www.rassegnastampa-totustuus.it\/cattolica\/wp-content\/uploads\/2006\/04\/silenzio_locandina.jpg","datePublished":"2006-04-06T22:00:00+00:00","dateModified":"2014-12-18T09:51:50+00:00","description":"Rassegna Stampa Cattolica - Per una cultura che nasce dalla Rivelazione cristiana in conformit\u00e0 alla tradizione e al Magistero della Chiesa in opposizione ad ogni relativismo e totalitarismo","breadcrumb":{"@id":"https:\/\/www.rassegnastampa-totustuus.it\/cattolica\/consegnati-al-silenzio-per-servire-cristo\/#breadcrumb"},"inLanguage":"it-IT","potentialAction":[{"@type":"ReadAction","target":["https:\/\/www.rassegnastampa-totustuus.it\/cattolica\/consegnati-al-silenzio-per-servire-cristo\/"]}]},{"@type":"ImageObject","inLanguage":"it-IT","@id":"https:\/\/www.rassegnastampa-totustuus.it\/cattolica\/consegnati-al-silenzio-per-servire-cristo\/#primaryimage","url":"https:\/\/www.rassegnastampa-totustuus.it\/cattolica\/wp-content\/uploads\/2006\/04\/silenzio_locandina.jpg","contentUrl":"https:\/\/www.rassegnastampa-totustuus.it\/cattolica\/wp-content\/uploads\/2006\/04\/silenzio_locandina.jpg","width":186,"height":271},{"@type":"BreadcrumbList","@id":"https:\/\/www.rassegnastampa-totustuus.it\/cattolica\/consegnati-al-silenzio-per-servire-cristo\/#breadcrumb","itemListElement":[{"@type":"ListItem","position":1,"name":"Home","item":"https:\/\/www.rassegnastampa-totustuus.it\/cattolica\/"},{"@type":"ListItem","position":2,"name":"Consegnati al silenzio per servire Cristo"}]},{"@type":"WebSite","@id":"https:\/\/www.rassegnastampa-totustuus.it\/cattolica\/#website","url":"https:\/\/www.rassegnastampa-totustuus.it\/cattolica\/","name":"Rassegna Stampa Cattolica","description":"Per una cultura che nasce dalla Rivelazione cristiana in conformit\u00e0 alla tradizione e al Magistero della Chiesa in opposizione ad ogni relativismo e totalitarismo","publisher":{"@id":"https:\/\/www.rassegnastampa-totustuus.it\/cattolica\/#organization"},"alternateName":"Rass. Cattolica","potentialAction":[{"@type":"SearchAction","target":{"@type":"EntryPoint","urlTemplate":"https:\/\/www.rassegnastampa-totustuus.it\/cattolica\/?s={search_term_string}"},"query-input":{"@type":"PropertyValueSpecification","valueRequired":true,"valueName":"search_term_string"}}],"inLanguage":"it-IT"},{"@type":"Organization","@id":"https:\/\/www.rassegnastampa-totustuus.it\/cattolica\/#organization","name":"Rassegna Stampa Cattolica","url":"https:\/\/www.rassegnastampa-totustuus.it\/cattolica\/","logo":{"@type":"ImageObject","inLanguage":"it-IT","@id":"https:\/\/www.rassegnastampa-totustuus.it\/cattolica\/#\/schema\/logo\/image\/","url":"https:\/\/www.rassegnastampa-totustuus.it\/cattolica\/wp-content\/uploads\/2014\/04\/logo-rassegna1.gif","contentUrl":"https:\/\/www.rassegnastampa-totustuus.it\/cattolica\/wp-content\/uploads\/2014\/04\/logo-rassegna1.gif","width":600,"height":163,"caption":"Rassegna Stampa Cattolica"},"image":{"@id":"https:\/\/www.rassegnastampa-totustuus.it\/cattolica\/#\/schema\/logo\/image\/"},"sameAs":["https:\/\/www.facebook.com\/rassegnastampacattolica","https:\/\/x.com\/rassegnastampa9"]},{"@type":"Person","@id":"https:\/\/www.rassegnastampa-totustuus.it\/cattolica\/#\/schema\/person\/08f319d2bd1a0904ad9e2bfb7b15e5c3","name":"Redazione","image":{"@type":"ImageObject","inLanguage":"it-IT","@id":"https:\/\/secure.gravatar.com\/avatar\/2fcdf27c78ea025fbdb44e914cc63c72249ffec9dc8aafd5c82b26240ef3f346?s=96&d=mm&r=g","url":"https:\/\/secure.gravatar.com\/avatar\/2fcdf27c78ea025fbdb44e914cc63c72249ffec9dc8aafd5c82b26240ef3f346?s=96&d=mm&r=g","contentUrl":"https:\/\/secure.gravatar.com\/avatar\/2fcdf27c78ea025fbdb44e914cc63c72249ffec9dc8aafd5c82b26240ef3f346?s=96&d=mm&r=g","caption":"Redazione"},"url":"https:\/\/www.rassegnastampa-totustuus.it\/cattolica\/author\/pietroelle\/"}]}},"_links":{"self":[{"href":"https:\/\/www.rassegnastampa-totustuus.it\/cattolica\/wp-json\/wp\/v2\/posts\/1969","targetHints":{"allow":["GET"]}}],"collection":[{"href":"https:\/\/www.rassegnastampa-totustuus.it\/cattolica\/wp-json\/wp\/v2\/posts"}],"about":[{"href":"https:\/\/www.rassegnastampa-totustuus.it\/cattolica\/wp-json\/wp\/v2\/types\/post"}],"author":[{"embeddable":true,"href":"https:\/\/www.rassegnastampa-totustuus.it\/cattolica\/wp-json\/wp\/v2\/users\/6"}],"replies":[{"embeddable":true,"href":"https:\/\/www.rassegnastampa-totustuus.it\/cattolica\/wp-json\/wp\/v2\/comments?post=1969"}],"version-history":[{"count":3,"href":"https:\/\/www.rassegnastampa-totustuus.it\/cattolica\/wp-json\/wp\/v2\/posts\/1969\/revisions"}],"predecessor-version":[{"id":15624,"href":"https:\/\/www.rassegnastampa-totustuus.it\/cattolica\/wp-json\/wp\/v2\/posts\/1969\/revisions\/15624"}],"wp:featuredmedia":[{"embeddable":true,"href":"https:\/\/www.rassegnastampa-totustuus.it\/cattolica\/wp-json\/wp\/v2\/media\/15623"}],"wp:attachment":[{"href":"https:\/\/www.rassegnastampa-totustuus.it\/cattolica\/wp-json\/wp\/v2\/media?parent=1969"}],"wp:term":[{"taxonomy":"category","embeddable":true,"href":"https:\/\/www.rassegnastampa-totustuus.it\/cattolica\/wp-json\/wp\/v2\/categories?post=1969"},{"taxonomy":"post_tag","embeddable":true,"href":"https:\/\/www.rassegnastampa-totustuus.it\/cattolica\/wp-json\/wp\/v2\/tags?post=1969"}],"curies":[{"name":"wp","href":"https:\/\/api.w.org\/{rel}","templated":true}]}}