{"id":1958,"date":"2006-03-31T00:00:00","date_gmt":"2006-03-30T22:00:00","guid":{"rendered":""},"modified":"2014-12-16T17:07:51","modified_gmt":"2014-12-16T16:07:51","slug":"il-graal-amp-la-sindrome-della-tradizione-occulta","status":"publish","type":"post","link":"https:\/\/www.rassegnastampa-totustuus.it\/cattolica\/il-graal-amp-la-sindrome-della-tradizione-occulta\/","title":{"rendered":"Il Graal &amp;amp; la sindrome della Tradizione occulta"},"content":{"rendered":"<div style=\"text-align: center;\"><strong><a href=\"https:\/\/www.rassegnastampa-totustuus.it\/cattolica\/wp-content\/uploads\/2006\/03\/graal.gif\"><img loading=\"lazy\" decoding=\"async\" class=\"alignright wp-image-15554 size-full\" src=\"https:\/\/www.rassegnastampa-totustuus.it\/cattolica\/wp-content\/uploads\/2006\/03\/graal.gif\" alt=\"graal\" width=\"200\" height=\"203\" \/><\/a>Studi Cattolici<\/strong> n.539 gennaio 2006<\/div>\n<p style=\"text-align: center;\"><strong>\u00a0L&#8217;opera integrale di Robert de Boron<\/strong><\/p>\n<p style=\"text-align: justify;\">\u00a0<em>Testi emblematici per la comprensione della civilt\u00e0 medioevale al meriggio dei suoi ideali religioso-cavaliereschi, i racconti del Graal hanno conosciuto nei secoli della modernit\u00e0 il singolare destino di assurgere a fonti privilegiate di un certo esoterismo gnostico, che in quei documenti letterari ravvisa un nascosto scrigno di verit\u00e0 salvifiche, altre da quelle della Chiesa istituzionale e riservate a esigue cerchie di eletti per virt\u00f9 e sapienza. <\/em><\/p>\n<p style=\"text-align: justify;\"><em>Non sfugge sostanzialmente a questo paradigma interpretativo l&#8217;integrale edizione adelphiana dei poemi sul Graal del borgognone Robert de Boron, con nota introduttiva del filologo romanzo Francesco Zanibon, qui discussa e commentata da Mario Arturo lannaccone, storico del cristianesimo e dei nuovi movimenti religiosi. <\/em><\/p>\n<p style=\"text-align: justify;\"><em>Merito di lannaccone \u00e8 anzitutto di aver liberato i racconti del Graal dagli elementi ideologici che si sono venuti addensando intorno alla sacra reliquia; pi\u00f9 in radice, l&#8217;autore li restituisce alla piena ortodossia ecclesiale, facendo in particolare vedere come essi adombrino il mistero della fede per eccellenza, l&#8217;Eucaristia, in una decisiva svolta storica: il passaggio dell&#8217;Europa settentrionale dalla religiosit\u00e0 celtica al cristianesimo.<\/em><\/p>\n<p style=\"text-align: center;\">di <strong>Mario lannaccone<\/strong><\/p>\n<p><!--more--><\/p>\n<div style=\"text-align: justify;\" align=\"justify\">I testi pi\u00f9 famosi del <em>corpus<\/em> dedicato al Graal sono stati scritti dal francese Chr\u00e9tien de Troyes, alla fine del XII secolo, e dal tedesco Wolfram von Eschenbach attorno al 1240. Gli autori appartenevano al mondo cavalleresco, cos\u00ec come il borgognone Robert de Boron, che si dedic\u00f2 a questo soggetto agli inizi del XIII secolo, e a cui sono attribuiti un&#8217;opera esistente sia in versi sia in prosa, il <em>Giuseppe d&#8217;Arimatea<\/em>; un&#8217;altra in prosa e parzialmente in versi, il<em> Merlino<\/em>; e infine una prosa, <em>Perceva<\/em>l. Complessivamente, questi testi, collegati in una trilogia dalla tradizione manoscritta, sono conosciuti come <em>Il libro del Graal.<\/em><\/div>\n<p><strong>Un&#8217;interpretazione \u00ab\u00e9sot\u00e9risant\u00bb<\/strong><\/p>\n<p style=\"text-align: justify;\">Del <em>Libro del Graal<\/em> esce per i tipi di Adelphi la prima traduzione completa in volume unico con la curatela e la traduzione di Francesco Zambon (Milano 2005, pp. 350, euro 18,00). Si tratta di un&#8217;operazione raffinata, filologicamente accorta &#8211; il curatore insegna filologia romanza all&#8217;Universit\u00e0 di Trento -, ma anche sottilmente fuorviante, che segna un precedente nella tradizione di studi dedicati al tema (1).<\/p>\n<p style=\"text-align: justify;\"><a href=\"https:\/\/www.rassegnastampa-totustuus.it\/cattolica\/wp-content\/uploads\/2006\/03\/graal-1.jpg\"><img loading=\"lazy\" decoding=\"async\" class=\"alignleft wp-image-15555\" src=\"https:\/\/www.rassegnastampa-totustuus.it\/cattolica\/wp-content\/uploads\/2006\/03\/graal-1.jpg\" alt=\"graal-1\" width=\"134\" height=\"200\" \/><\/a>Difatti, se \u00e8 vero che i libri \u00absul Graal\u00bb sono oggi frequentati da scrittori <em>amateur<\/em>, che amano pasticciare coi testi, torchiarli tanto da ricavarne un vino mistico, invariabilmente \u00abesoterico\u00bb, fino a oggi sono mancati avalli autorevoli alle interpretazioni <em>\u00e9sot\u00e9risant<\/em> del tema, soprattutto in Italia. Anche il miglior testo divulgativo dedicato a questo soggetto e fondato sulla letteratura scientifica, Graal di Richard Barber, lascia pochi spazi alla immaginazione.<\/p>\n<p style=\"text-align: justify;\">\u00c8 per questo motivo che la \u00abrete\u00bb dell&#8217;esoterismo popolare si giover\u00e0 della traduzione e della interpretazione di Zambon, cui potrebbe spettare un ruolo di mediazione tra mondo accademico e letteratura di genere, simile a quello di Elaine Pagels per l&#8217;ambito antichistico (2).<\/p>\n<p style=\"text-align: justify;\"><strong>L&#8217;argomento del trittico di Robert de Boron<\/strong><\/p>\n<p style=\"text-align: justify;\">Si sa, il simbolo eucaristico del Graal, legato alla teologia della redenzione, ha caratteristiche fisiche cos\u00ec incerte da costituire un rompicapo eterno per gli esegeti e i curiosi. Nell&#8217;opera di Chr\u00e9tien e di Wolfram soprattutto, si presenta come un esempio di \u00abfigurabilil\u00e0 difforme\u00bb, di qualcosa che non \u00e8, per definizione, comprensibile n\u00e9 figurabile (3). Ci\u00f2 non accade nel libro di Robert, che descrive chiaramente il Graal come il piatto che ha contenuto il sangue di Cristo.<\/p>\n<p style=\"text-align: justify;\">Un breve riassunto giover\u00e0 all&#8217;intelligenza della questione. Il primo <em>roman<\/em> della trilogia, <em>Giuseppe d&#8217;Arimatea<\/em> (pp. 49-103 dell&#8217;edizione Adelphi). incastona episodi di alcuni apocrifi: gli <em>Atti di Pilato<\/em> (o <em>Vangelo di Nicodemo<\/em>), la <em>Guarigione di Tiberio<\/em> e la <em>Vendetta del Salvatore<\/em>. Esso narra delle vicende di Giuseppe d&#8217;Arimatea intrecciate al racconto della passione, morte e risurrezione di Ges\u00f9.<\/p>\n<p style=\"text-align: justify;\">Giuseppe, assieme a Nicodemo, seppellisce il corpo di Ges\u00f9; quando si scopre la tomba vuota, dopo la risurrezione, viene accusato di averne trafugato il corpo e quindi incarcerato. In carcere gli appare Ges\u00f9 che gli affida il Graal, un piatto che era servito a raccogliere il suo sangue.<\/p>\n<p style=\"text-align: justify;\">Il Risorto annuncia brevemente a Giuseppe anche le future vicende del Graal. A fine narrazione, il Graal &#8211; trasportato in Bretagna &#8211; viene affidato a Bron, cognato di Giuseppe.<\/p>\n<p style=\"text-align: justify;\">Il secondo romanzo, <em>Merlino<\/em> (pp. 107-237), ci introduce nella cosiddetta \u00abmateria di Bretagna\u00bb narrando la storia di Merlino dal concepimento sino al nascondimento finale. Generato come oppositore al compimento delle profezie divine, egli ne diviene invece il servitore; fa fallire i piani del male e istituisce la Tavola Rotonda come rappresentazione della cena eucaristica.<\/p>\n<p style=\"text-align: justify;\">Mentre Bron (cognato d\u00ec Giuseppe, il \u00abRicco re pescatore\u00bb) custodisce il Graal in un luogo nascosto, Merlino &#8211; consigliere dei re bretoni &#8211; influisce sulla loro successione al fine di accompagnare un cavaliere eletto, di nome Perceval, a un&#8217;importante impresa che verr\u00e0 narrata nella terza patte della trilogia.<\/p>\n<p style=\"text-align: justify;\"><span style=\"font-size: 12px;\">La funzione di Merlino \u00e8 complessa anche dal punto di vista narrativo: \u00e8 un profeta che narra, a un chierico di nome Blaise, come si \u00e8 dipanata la storia del Graal sino a quel momento, anticipando anche gli sviluppi futuri. Egli, insomma, ricapitola nel suo racconto la materia dei tre romanzi.<\/span><\/p>\n<p style=\"text-align: justify;\"><em>Perceval<\/em>, il terzo romanzo (pp. 241-343), racconta la storia del cavaliere eletto attraverso le tappe della sua formazione cavalleresca (4). Perceval tenta invano di sedersi al \u00abposto pericoloso\u00bb, che rappresenta il luogo in cui si era seduto Giuda durante l&#8217;ultima Cena. Dopo una rivelazione divina, Art\u00f9 apprende che un cavaliere dovr\u00e0 trovare il Graal.<\/p>\n<p style=\"text-align: justify;\">Quel cavaliere \u00e8 Perceval, che viene incaricato di recarsi dal Re Pescatore per interrogarlo sul Graal. Riesce al secondo tentativo, quando guarisce il re, rinsaldando il \u00abposto pericoloso\u00bb e dissolvendo gli incantesimi che gravavano sulla terra di Bretagna. Perceval sembra avere dunque la funzione di cristianizzare la Bretagna con i! misterioso potere eucaristico del Graal.<\/p>\n<p style=\"text-align: justify;\"><strong>II Graal &amp; la gnosi di massa<\/strong><\/p>\n<p style=\"text-align: justify;\">Le storie sul Graal sono divenute da molto tempo uno dei motori della reinterpretazione della storia cristiana come contrapposizione tra due categorie di persone (o di anime): gli \u00abilici\u00bb e gli \u00abspirituali\u00bb, cio\u00e8 tra quanti sarebbero ignari dell&#8217;esistenza di conoscenze segrete ed esoteriche (la gnosi) e quanti invece ne sarebbero consapevoli.<\/p>\n<p style=\"text-align: justify;\">Ormai, molte espressioni culturali, storiche e spirituali del Medioevo vengono riviste &#8211; da una parte del pubblico &#8211; nell&#8217;ottica della coppia concettuale esoterismo\/essoterismo. Il Graal, assieme ai Templari, e al centro di questa dinamica che comprende saggistica pseudostorica, giornalismo scandalistico, narrativa e cinema.<\/p>\n<p style=\"text-align: justify;\">La contrapposizione tra essoterismo ed esoterismo \u00e8 una straordinaria macchina da guerra culturale che, tra l&#8217;altro, ha insinuato l&#8217;idea che nel cristianesimo tutto sia \u00abdogma imposto\u00bb, convenzione truffaldina fra potenti, ordita nei Concili ecumenici ai danni del popolino. Viene inoltre diffusa, da una certa industria culturale, l&#8217;idea che il cristianesimo sia una sorta di guardiano sciocco, custode di tesori che non saprebbe interpretare; un guardiano che avrebbe schiacciato la libert\u00e0 dei pochi gnostici &#8211; tra cui geni della pittura, alchimisti, filosofi eccetera \u2014 i quali, per salvarsi, avrebbero comunicato tra loro in cifra nelle grandi opere dell&#8217;arte e della letteratura.<\/p>\n<p style=\"text-align: justify;\">E&#8217; uno schema semplice, ma di straordinaria forza. In questo senso, il successo del <em>Codice da Vinci<\/em> ha tratto di sorpresa solo quanti erano rimasti ignari dell&#8217;immenso lavoro culturale elaborato negli ultimi decenni, e dell&#8217;ingente produzione libraria, priva di valore scientifico, che \u00e8 riuscita nell&#8217;impresa di operare una nuova evangelizzazione, ma al contrario, sfruttando ignoranze, vuoti culturali e smarrimenti.<\/p>\n<div id=\"attachment_15556\" style=\"width: 192px\" class=\"wp-caption alignright\"><a href=\"https:\/\/www.rassegnastampa-totustuus.it\/cattolica\/wp-content\/uploads\/2006\/03\/Merlino.jpg\"><img loading=\"lazy\" decoding=\"async\" aria-describedby=\"caption-attachment-15556\" class=\"wp-image-15556\" src=\"https:\/\/www.rassegnastampa-totustuus.it\/cattolica\/wp-content\/uploads\/2006\/03\/Merlino.jpg\" alt=\"Merlino\" width=\"192\" height=\"209\" \/><\/a><p id=\"caption-attachment-15556\" class=\"wp-caption-text\">Merlino in una miniatura medievale<\/p><\/div>\n<p style=\"text-align: justify;\">Il risultato \u00e8 che una porzione del pubblico &#8211; \u00e8 il caso di usare questo termine \u2014 legge il passato nello schema della teoria del complotto, da penetrare con un&#8217;investigazione da <em>detective-story<\/em> (non a caso, lo schema principe della narrazione moderna). Tale modello si applica in particolare a quanto non viene compreso, specificamente del Medioevo e del Rinascimento, quando l\u2019<em>\u00f2psis<\/em>, l&#8217;elemento visivo, la raffigurazione strana, e la figura dell&#8217;enigma, erano molto comuni, per significare l&#8217;insufficienza della ragione, come nei \u00abbestiari di Cristo\u00bb (5).<\/p>\n<p style=\"text-align: justify;\">Sarebbe meglio ammettere che moltissimo del Medioevo ci \u00e8 ormai incomprensibile e che, nonostante studi profondi e rispettosi, rester\u00e0 un residuo di significato perso per sempre assieme al mondo che lo gener\u00f2. Purtroppo, per un malvezzo ormai comune, nelle interpretazioni dei testi del Graal s&#8217;includono troppo spesso le categorie della gnosi da mercato di massa con le sue tradizioni \u00absegrete\u00bb ed \u00abesoteriche\u00bb. Il <em>Libro del Graal<\/em> nella versione Adelphi non fa eccezione.<\/p>\n<p style=\"text-align: justify;\"><strong>Gnosi trinitaria &amp; ruolo della cavalleria<\/strong><\/p>\n<p style=\"text-align: justify;\">Per il curatore, quella di Robert \u00e8 la \u00abversione simbolicamente e teologicamente pi\u00f9 complessa del mito, quella in cui pi\u00f9 nitidamente traspare il suo nucleo &#8220;esoterico&#8221;\u00bb (p. 14). Quanto al significato generale, la trilogia sarebbe per Zambon un \u00abtrittico\u00bb d&#8217;ispirazione gioachimita, che rimanderebbe alla dottrina delle tre ere, ovvero dei tre regni temporali del \u00abPadre\u00bb, del \u00abFiglio\u00bb e dello \u00abSpirito Santo\u00bb. Il ritmo trinitario del romanzo del Graal si scandisce in base alle tre tappe narrative, alla successione dei tre custodi e a quella delle tre tavole.<\/p>\n<p style=\"text-align: justify;\">I custodi del Graal sono Giuseppe d&#8217;Arimatea, Bron (il ricco Pescatore) e Alano. A questa successione, spiega Zambon, corrispondono le tre parti della trilogia: la prima incentrata su Giuseppe, la seconda sulla \u00abdolorosa attesa di Bron, il re infermo\u00bb, la terza con la queste di Perceval \u00abche ricever\u00e0 infine dal ricco Pescatore la custodia del Graal e la rivelazione dei suoi segreti\u00bb (6). Nella concezione di Robert l&#8217;avvento del terzo uomo segnerebbe, secondo Zambon, \u00abla conclusione di una sorta di Storia occulta della Salvezza\u00bb (7), dunque esoterica, che si affiancherebbe a quella nota (essoterica, esteriore, buona per gli ilici) per portarla a compimento.<\/p>\n<p style=\"text-align: justify;\">II disegno provvidenziale si compendierebbe nel tema delle tre tavole. La prima \u00e8 la Tavola dell&#8217;ultima Cena. La seconda, quella che Ges\u00f9 ordina a Giuseppe di preparare su cui verr\u00e0 collocato il pesce pescato da Bron e dove si svolger\u00e0 il \u00abservizio del Graal\u00bb. Giuseppe sieder\u00e0 al posto gi\u00e0 occupato da Ges\u00f9 mentre il seggio vuoto, corrispondente a quello occupato da Giuda, sar\u00e0 destinato al \u00abterzo uomo\u00bb, Perceval, al quale \u00e8 affidata una missione di ricomposizione (8). Alla tavola il Signore \u00abinvita tutti coloro che hanno creduto nel Padre, nel Figlio e nello Spirito Santo &#8211; la Santa Trinit\u00e0.- e che sono pronti a obbedire ai suoi comandamenti, a farsi avanti e sedersi alla grazia di Dio\u00bb (9).<\/p>\n<p style=\"text-align: justify;\">Nel <em>Merlino<\/em>, il mago ordina a re Uterpendragon di costruire una terza Tavola, dopo quelle dell&#8217;ultima Cena e di Giuseppe. Si tratta della Tavola Rotonda, attorno alla quale sono disposti dodici posti, uno dei quali \u00e8 chiamato \u00abil posto pericoloso\u00bb a ricordo del tradimento di Giuda. Quel posto &#8211; come racconta la terza parte del trittico, <em>Perceval<\/em> &#8211; verr\u00e0 occupato quando un cavaliere pieno di gloria avr\u00e0 chiesto al Re Pescatore a che cosa serve il Graal. Solo allora, potr\u00e0 prendere in custodia il sangue di Ges\u00f9 e permettere al Re Pescatore di morire in pace.<\/p>\n<p style=\"text-align: justify;\">Sia la scansione trinitaria del trittico, sia il significato delle tre tavole si spiegano, per Zambon, nello schema gioachimita, come si \u00e8 detto. Difatti, la storia del Graal diviene la \u00abmanifestazione o il dispiegamento temporale della Trinit\u00e0\u00bb.<\/p>\n<p style=\"text-align: justify;\">Anche se la suddivisione della Storia della Salvezza in tre fasi era corrente nel pensiero cristiano, il rapporto tra la costruzione romanzesca di Robert de Boron e la teologia della storia di Gioacchino riguarda un punto decisivo: mentre nelle tradizionali visioni trinitarie della storia il terzo momento \u00e8 sempre inteso come uno stato metastatico, quello della \u00abvita eterna\u00bb concessa agli eletti alla fine dei tempi, nella visione gioachimita il terzo Stato o regno \u00e8 concepito come un&#8217;et\u00e0 in tutto e per tutto storica, durante la quale la nuova Gerusalemme, annunciata nell&#8217;<em>Apocalisse<\/em>, comincer\u00e0 gi\u00e0 a scendere dall&#8217;alto e lo Spirito Santo accorder\u00e0 su questa terra agli uomini l&#8217;intelligenza della verit\u00e0 (10).<\/p>\n<p style=\"text-align: justify;\">Eppure, aggiunge Zambon, la rivelazione di Robert contiene una differenza importante anche rispetto a Gioacchino da Fiore: il terzo tempo non \u00e8 il tempo dello Spirito, cio\u00e8 dei contemplativi, dei monaci, &#8211; come nella dottrina gioachimita -, ma quello dei <em>cavalieri<\/em>.<\/p>\n<p style=\"text-align: justify;\">Osserva infatti il nostro interprete che Perceval, colui che deve portare a termine la Storia occulta della Salvezza, \u00e8 un cavaliere, come quel <em>soudoier<\/em> Giuseppe d&#8217;Arimatea che lo \u00abinizia\u00bb. Alla cavalleria viene dunque affidato il compito di portare a termine la Storia occulta, anzi di \u00abcompletarla\u00bb; e infatti, bench\u00e9 la figura del Redentore rimanga il suo perno, \u00abRobert costruisce tutta la sua trilogia sull&#8217;idea che qualcosa deve ancora essere &#8220;compiuto&#8221;, portato a termine, nella Storia della Salvezza\u00bb, dalla cavalleria (11).<\/p>\n<p style=\"text-align: justify;\"><a href=\"https:\/\/www.rassegnastampa-totustuus.it\/cattolica\/wp-content\/uploads\/2006\/03\/perceval.jpg\"><img loading=\"lazy\" decoding=\"async\" class=\"alignleft wp-image-15557\" src=\"https:\/\/www.rassegnastampa-totustuus.it\/cattolica\/wp-content\/uploads\/2006\/03\/perceval.jpg\" alt=\"perceval\" width=\"159\" height=\"250\" \/><\/a>Si adombra insomma una gnosi trinitaria, dove sono gli <em>ch\u00e9valiers<\/em> ad assumersi una funzione sacerdotale (12). Una concezione, peraltro, diffusissima nelle opere ispirate alla storia leggendaria della Massoneria o delle varie cavallerie mistiche, e che assume un&#8217;importanza particolare nelle teorie di Rene Gu\u00e9non e Julius Evola.<\/p>\n<p style=\"text-align: justify;\">L&#8217;interpretazione di Zambon s&#8217;innesta, insomma, nel clima delle rivelazioni sui Templari e sui cavalieri gioanniti, di cui le librerie sono piene. I tre racconti del Graal sono caricati di un significato altissimo, tanto da rivelarsi infine una \u00abscrittura sacra\u00bb, addirittura un <em>Vangelo del Graal<\/em>, cio\u00e8 un annuncio della buona novella mediata dalla letteratura del Graal. Sicch\u00e9 questa rilettura si conclude con lo svelamento di un curioso vangelo apocrifo\u00bb (13)<\/p>\n<p style=\"text-align: justify;\">L&#8217;interpretazione di Zambon presenta tuttavia alcuni problemi. Innanzitutto, il testo di Robert rientra nel solco del romanzo medioevale, concepito per un pubblico che non attendeva rivelazioni religiose, ma sollecitazioni estetiche, la celebrazione del proprio <em>status <\/em>e dei propri valori. La creazione letteraria, all&#8217;epoca, possedeva anche una funzione di edificazione religiosa, che per\u00f2 non pu\u00f2 essere confusa con quell&#8217;annuncio religioso e dottrinario qui ipotizzato.<\/p>\n<p style=\"text-align: justify;\">Del resto, il <em>Giuseppe d&#8217;Arimatea<\/em> inizia con una chiarissima ricapitolazione della fede pienamente cattolica di Robert de Boron, ribadita anche nel <em>Merlino<\/em> e nel <em>Perceval<\/em>. Non si comprende allora come, questa fede, potrebbe conciliarsi con la gnosi trinitaria che renderebbe insufficiente l&#8217;opera della Chiesa.<\/p>\n<p style=\"text-align: justify;\"><strong>La sindrome della tradizione segreta<\/strong><\/p>\n<p style=\"text-align: justify;\">Per risolvere la difficolt\u00e0 si potrebbe ipotizzare che Robert stesse trasmettendo simboli di cui ignorava le implicazioni. Ma sembra un&#8217;ipotesi remotissima; egli aveva un pubblico a cui rendere conto. Sarebbe pi\u00f9 onesto ammettere che noi contemporanei ignoriamo ogni singola implicazione relativa al tema Graal.<\/p>\n<p style=\"text-align: justify;\">Ma non fanno un&#8217;operazione utile quanti elaborano interpretazioni sospettose, che ricorrono al comodo espediente della <em>reificazione<\/em>: l\u2019incompreso viene trasformato in segreto (mistico, politico, religioso) e spostato nell&#8217;ambito concettuale dell&#8217;esoterico, e in quello funzionale della conventicola segreta. Un&#8217;operazione equivalente a quella del maggiordomo pigro che spazza lo sporco sotto il tappeto.<\/p>\n<p style=\"text-align: justify;\">La reinterpretazione dei romanzi del Graal di Robert in chiave di rivelazione spirituale, e di segreto ereticale, introduce inoltre delle gravi contraddizioni; per esempio: perch\u00e9 sviluppare un tema ereticale in un trittico che inizia con una professione di fede del tutto ortodossa? (14). Per trarre in inganno il lettore?<\/p>\n<p style=\"text-align: justify;\">Fortunatamente, la critica storica \u00e8 ancora valida, e un esame del testo e del contesto consente spiegazioni mollo pi\u00f9 solide. Sappiamo che Robert scrisse per Gautier de Montb\u00e9liard (imparentato con i duchi di Borgogna), partito per la Terrasanta nel 1212. Sappiamo anche che il pubblico di Robert era costituito dalle corti signorili di quella regione.<\/p>\n<p style=\"text-align: justify;\">Seguendo le tracce di Chr\u00e9lien, e forse dell&#8217;anonimo della cosiddetta <em>Seconda continuazione<\/em>, il poeta borgognone rielabor\u00f2 il materiale narrativo di apocrifi diffusissimi nel Medioevo, II pubblico di Robert, i suoi committenti, appartenevano alla classe feudale e cavalleresca, la stessa che veniva celebrata nel testo. Robert potrebbe aver scelto il personaggio di Giuseppe d&#8217;Arimatea perch\u00e9 nelle versioni Iatine del Nuovo Testamento appariva come decurione, modello del pubblico cui i poemi erano indirizzati (15).<\/p>\n<p style=\"text-align: justify;\">Questa spiegazione storico-critica viene ovviamente respinta nelle interpretazioni esoteriste del Graal, per le quali Giuseppe d&#8217;Arimatea rappresenta una tradizione spirituale eccentrica e occulta, legata al sangue di Ges\u00f9 Cristo, trasmessa alla cavalleria, in particolare ai Templari (16). Vediamo allora di approfondire la funzione narrativa di Giuseppe nella prima parte del trittico di Robert.<\/p>\n<p style=\"text-align: justify;\"><strong>Giuseppe d&#8217;Arimatea &amp; il Vangelo del Graal<\/strong><\/p>\n<p style=\"text-align: justify;\">Giuseppe d&#8217;Arimatea compare nei Vangeli, insieme a Nicodemo, come imbalsamatore e seppellitore di Ges\u00f9. Come sappiamo, all&#8217;inizio del <em>Giuseppe<\/em> \u00e8 accusato dai giudei di aver sottratto il corpo del Redentore e quindi rinchiuso in una cella (17). Nella scena pi\u00f9 importante al protagonista compare Ges\u00f9, che gli parla. L&#8217;episodio \u00e8 contenuto in un capitolo intitolato: \u00abGes\u00f9 rivela i segreti del Graal a Giuseppe d&#8217;Arimatea\u00bb(18).<\/p>\n<p style=\"text-align: justify;\">Gli insegnamenti del Risorto sono profezie che riguardano il Graal e la sua funzione. Giuseppe riceve da Ges\u00f9 anche il piatto nel quale era stato raccolto il suo sangue divenendo, insomma, un custode del segreto dell&#8217;Eucaristia, un uomo di fede incrollabile che, come gli apostoli, ha visto. Da quello stesso oggetto \u00e8 nutrito, misteriosamente, mentre resta rinchiuso nella cella(19).<\/p>\n<div id=\"attachment_15558\" style=\"width: 150px\" class=\"wp-caption alignright\"><a href=\"https:\/\/www.rassegnastampa-totustuus.it\/cattolica\/wp-content\/uploads\/2006\/03\/Giuseppe-di-Arimatea.jpg\"><img loading=\"lazy\" decoding=\"async\" aria-describedby=\"caption-attachment-15558\" class=\"wp-image-15558\" src=\"https:\/\/www.rassegnastampa-totustuus.it\/cattolica\/wp-content\/uploads\/2006\/03\/Giuseppe-di-Arimatea.jpg\" alt=\"Giuseppe di Arimatea\" width=\"150\" height=\"200\" \/><\/a><p id=\"caption-attachment-15558\" class=\"wp-caption-text\">Giuseppe di Arimatea<\/p><\/div>\n<p style=\"text-align: justify;\">Il Risorto annuncia che tre saranno i custodi del Graal, e Zambon tratta questo \u00abinsegnamento\u00bb come qualcosa che viene tramandato nel segreto da maestro a discepolo. Nel <em>Merlino<\/em> risulta evidente dalla stessa narrazione che la fede cristiana \u00e8 in lotta con la religione celtica.<\/p>\n<p style=\"text-align: justify;\">Merlino detta al chierico Blaise la storia del Graal: \u00abTi riveler\u00f2 cose che nessun altro, eccetto Dio, potrebbe rivelarti; tu dovrai farne un libro. Molti uomini che sentiranno queste parole diventeranno migliori e si asterranno dal peccato. Se scrivi, compirai un&#8217;opera molto caritatevole\u00bb. \u00abScriver\u00f2 volentieri il libro\u00bb, rispose Blaise, \u00abma ti supplico in nome del Padre, del Figlio e dello Spirito Santo &#8211; so e credo fermamente che queste tre persone sono una sola cosa in Dio -, della beata Donna che port\u00f2 in seno il Figlio di Dio \u2014 suo figlio e suo padre insieme -, di tutti gli angeli e gli arcangeli, di tutti gli apostoli, i santi, le sante e i prelati della santa Chiesa: non indurmi con l&#8217;inganno a compiere qualche azione sgradita a Dio\u00bb (20). Gli raccomanda anche di recarsi, alla fine del suo lavoro, \u00abnel luogo misterioso nel quale vive la comunit\u00e0 del Graal portando con s\u00e9 il libro\u00bb(21).<\/p>\n<p style=\"text-align: justify;\">In effetti, il libro di Blaise coincide in tutto con quello di Robert tranne \u00abgl&#8217;insegnamenti segreti\u00bb affidati da Ges\u00f9 a Giuseppe. Robert stesso dichiara di possedere proprio un libro, quel libro, senza il quale non avrebbe potuto scrivere la storia. Qui si rivela, in tutta la sua raffinatezza, la costruzione metaletteraria di Robert e l&#8217;estrema consapevolezza di una cultura che \u00e8 gi\u00e0 una civilt\u00e0 della narrazione, della fascinazione del racconto. Non si possono interpretare alla lettera, questi giochi, quali allusioni a segreti, se non con un grave salto logico, non imposto dal testo n\u00e9 dalla sua cogenza. Qui, ci pare, \u00e8 l&#8217;ideologia che getta i suoi sortilegi sulla poesia e i suoi significati.<\/p>\n<p style=\"text-align: justify;\"><strong>Il segreto &amp; l&#8217;ermeneutica sospettosa<\/strong><\/p>\n<p style=\"text-align: justify;\">Ma c&#8217;\u00e8 di pi\u00f9. Il trittico conterrebbe, in chiave, anche una rivelazione, come ci spiega Zambon: \u00abPoich\u00e9 Giuseppe e costantemente guidato nelle sue azioni da una Voce celeste, e Merlino ha ricevuto da Dio il dono della profezia\u00bb il romanzo si rivela una profezia, anzi, come abbiamo visto, \u00abuna Scrittura sacra, un Vangelo del Graal\u00bb (22).<\/p>\n<p style=\"text-align: justify;\">E quale sarebbe il rapporto tra l&#8217;insegnamento essoterico, degli apostoli, e quello esoterico, del Graal? Anche qui, come nel Giuseppe, Robert de Boron tiene a precisare quale sia il suo rapporto con i Vangeli canonici: \u00abSi parler\u00e0 per sempre\u00bb, spiega Merlino a Blaise, \u00abdella tua fatica e del tuo libro. Ma esso non avr\u00e0 autorit\u00e0, perch\u00e9 tu non sei n\u00e9 puoi essere uno degli apostoli.<\/p>\n<p style=\"text-align: justify;\">Gli apostoli scrissero di nostro Signore soltanto i fatti di cui furono testimoni diretti; tu invece non riporti nulla che tu abbia visto e udito, ma solo quello che ti racconto io. E come io sono e sar\u00f2 oscuro con coloro ai quali non vorr\u00f2 svelarmi, cos\u00ec il tuo libro rimarr\u00e0 segreto, e rari saranno gli uomini che lo apprezzeranno\u00bb (p. 141). Ancora una volta. Merlino \u00e8 immagine di Cristo; la sua \u00aboscurit\u00e0\u00bb corrisponde alla segretezza della rivelazione di Ges\u00f9 a Giuseppe d&#8217;Arimatea, inaccessibile agli evangelisti (23).<\/p>\n<p style=\"text-align: justify;\">Merlino afferma che il libro da lui rivelato rester\u00e0 oscuro, segreto, e apprezzato da pochi, ma esso \u00e8 proprio il libro di Blaise, che coincide con quello di Robert de Boron, lo stesso che tiene in mano il lettore della trilogia. Tale libro, dunque, non \u00e8 rimasto n\u00e9 segreto n\u00e9 oscuro, perch\u00e9 ci\u00f2 avrebbe impedito che esso diventasse letteratura.<\/p>\n<p style=\"text-align: justify;\"><a href=\"https:\/\/www.rassegnastampa-totustuus.it\/cattolica\/wp-content\/uploads\/2006\/03\/Libro-del-Graal.jpg\"><img loading=\"lazy\" decoding=\"async\" class=\"alignleft wp-image-15559\" src=\"https:\/\/www.rassegnastampa-totustuus.it\/cattolica\/wp-content\/uploads\/2006\/03\/Libro-del-Graal.jpg\" alt=\"Libro del Graal\" width=\"127\" height=\"200\" \/><\/a>Egli aggiunge che quel libro non ha autorit\u00e0, perch\u00e9 chi lo ha scritto non \u00e8 n\u00e9 pu\u00f2 essere uno degli apostoli; esso riporta quanto si sa della storia del Graal e lui che lo ha raccontato (e ne \u00e8, in certo senso, l&#8217;autore) ricorda che sar\u00e0 oscuro con coloro ai quali non vorr\u00e0 svelarsi. La dialettica svelamento\/disvelamento, insomma, \u00e8 tutta letteraria, uno squisito gioco di camuffamenti narrativi.<\/p>\n<p style=\"text-align: justify;\">Il segreto \u00e8 sicuramente uno degli impulsi narrativi e simbolici pi\u00f9 importanti dell&#8217;opera di Robert. Ma vediamo meglio il senso di tale segreto rivelato da Ges\u00f9 a Giuseppe. Il Risorto consegna al decurione il piatto, oggetto eucaristico che contiene il proprio sangue, e un insegnamento che poi viene definito \u00absegreto\u00bb e ineffabile. Un ermeneuta sospettoso, dunque, potrebbe elaborare varie teorie a partire da quel \u00absegreto\u00bb solo ignorando che, nel Medioevo, la preghiera di consacrazione dell&#8217;ostia veniva chiamata&#8230; <em>secreta<\/em> (24). Particolare non trascurabile, perch\u00e9 il suo occultamento pu\u00f2 indurre il lettore inesperto a riorganizzare il significato del lesto.<\/p>\n<p style=\"text-align: justify;\">Contrariamente da quanto enunciato dal personaggio di Merlino, il libro non \u00e8 rimasto segreto, \u00e8 stato pubblicato, tradito nei manoscritti. \u00c8 entrato nel gioco della letteratura innescando una serie di fertili continuazioni, e una fluente tradizione leggendaria. Qui Merlino esce dal ruolo di profeta, spezza la convenzione letteraria del racconto e si rivolge al pubblico delle corti, diviene <em>alter ego<\/em> dell&#8217;autore, mago incantatore di letteratura; ci avvisa che i rari uomini che apprezzeranno il libro, secondo le convenzioni della raffinata civilt\u00e0 cavalleresca, che in Francia amava il <em>trobar clus<\/em>, sono i raffinati, i cultori della spiritualit\u00e0 delle lettere, delle eleganti allusioni teologiche. dei rapporti figurati (Merlino e Cristo, Blaise e Giuseppe d&#8217;Arimatea) e poi delle rivelazioni, delle magie, dei prodigi e delle meraviglie.<\/p>\n<p style=\"text-align: justify;\">Merlino \u00e8 in contatto con Dio, come Giuseppe d&#8217;Arimatea, ma a differenza di quest&#8217;ultimo pu\u00f2 raccontare. Giuseppe, cui e apparso Ges\u00f9 Cristo, non pu\u00f2 dire tutto perch\u00e9, come a Dante, gli fa difetto <em>l\u2019alta possa<\/em>. Ha parlalo con Dio incarnato e risorto, ha guardalo nel volto l&#8217;ineffabile.<\/p>\n<p style=\"text-align: justify;\">Ecco il segreto, ecco il <em>myxterium<\/em> irriferibile. La contrapposizione tra Vangeli \u00abortodossi\u00bb e Vangelo del Graal \u00abignoto agli apostoli\u00bb, tra Storia della Salvezza palese e Storia occulta della Salvezza, andrebbe rivoltata in gioco letterario. Se l&#8217;apparizione di Cristo a Giuseppe, e il conferimento degli \u00abinsegnamenti segreti\u00bb andasse realmente interpretata come un&#8217;allusione a correnti segrete, come dovremmo trattare i numerosissimi racconti medioevali nei quali appare Cristo? E perch\u00e8, poi, conferire soltanto alle <em>fabulae<\/em> del Graal un simile valore di rivelazione religiosa, negandolo ad altre in cui compaiono castelli inaccessibili, libri segreti, fratellanze di maghi? Chi potrebbe dire: \u00abQuesto non appartiene alla tradizione segreta, e questo s\u00ec\u00bb?<\/p>\n<p style=\"text-align: justify;\">Ascoltiamo le parole di Richard Barber a proposito del <em>segreto<\/em>: \u00abLa fusione di questi due libri, il vangelo apocrifo (di Nicodemo) e l&#8217;opera da cui \u00e8 tratta l&#8217;allegoria della Messa, costituisce il libro di Robert de Boron sui &#8220;segreti del Graal&#8221;; gli scrittori che ripresero la sua storia e la rielaborarono erano ben consapevoli delle peculiarit\u00e0 di quel libro. I presunti segreti del Graal sono dunque i significati nascosti del rituale della Messa, spiegati da Ges\u00f9 a Giuseppe e si riferiscono ad un&#8217;interpretazione simbolica della rivelazione del sacramento. In queste opere profondamente ortodosse nella loro teologia, il rituale centrale della Chiesa, [&#8230;] \u00e8 il fulcro del mondo cavalleresco, e l&#8217;ordine laico della cavalleria diviene il mezzo per raggiungere l&#8217;esperienza religiosa pi\u00f9 alta nell&#8217;ambito di quel rituale\u00bb (25).<\/p>\n<p style=\"text-align: justify;\"><strong>Un mondo svanisce, l&#8217;altro emerge<\/strong><\/p>\n<p style=\"text-align: justify;\">Merlino appartiene a un mondo che sta svanendo, ma che, prima di svanire, trasmette gli incanti della materia di Bretagna e delle sue leggende a Robert de Boron, che se ne fa cantore. Blaise \u00e8 un <em>alter<\/em> Giuseppe d&#8217;Arimatea. Come lui, infatti, riceve un racconto e una profezia; non dal Risorto, ma dal mago di Bretagna, Merlino, il mediatore che veglia sulla terra del Re Pescatore; il druido. che rappresenta un mondo che sta scomparendo, gi\u00e0 parzialmente convertito; una terra che attende la rigenerante onda del vino eucaristico e un cavaliere che la liberi da un sortilegio.<\/p>\n<p style=\"text-align: justify;\">Il mondo di Merlino e Blaise si rivela fragile, incapace di dare la pienezza di vita al popolo che langue. Non a caso Merlino e il Re Pescatore dovranno sparire, rinunciare a svolgere un ruolo attivo in un mondo nuovo che appartiene loro solo a met\u00e0. Il mago, prima di celarsi al mondo, prega \u00abnostro Signore di avere misericordia di tutti coloro che avrebbero ascoltato con interesse\u00bb il libro (26).<\/p>\n<p style=\"text-align: justify;\">Nessun valore di gnosi viene attribuito a esso, ma chi ne sente con interesse narrare le storie sar\u00e0 degno di ricevere la misericordia del Signore. Anche Bron, il secondo possessore del Graal, pare avere questa funzione simbolica poich\u00e9, tre giorni dopo la consegna del testimone, muore. In definitiva, liberato dall&#8217;ossessione dell&#8217;esoterismo, delle conventicole segrete, dei segreti terribili, il Romanzo del Graal si rivela un racconto della trasformazione e della cristianizzazione del mondo celtico.<\/p>\n<p style=\"text-align: justify;\">Una cronaca simbolica dell&#8217;arrivo della Rivelazione cristiana da Oriente in Occidente, nelle terre pagane, racconto della trasformazione di un mondo: \u00abA quel tempo, in Inghilterra non c&#8217;erano ancora stati re cristiani\u00bb, si legge nel <em>Merlino<\/em>. Ma i tempi cambiano, un nuovo cielo si stende sopra la Bretagna quando fallisce il progetto dei dem\u00f2ni che intendevano contrastare la venuta del cristianesimo proprio con Merlino, figlio di strega e di demone.<\/p>\n<p style=\"text-align: justify;\">Nonostante la discutibile interpretazione in sospetta consonanza con la moda di questi anni, l&#8217;edizione del <em>Libro del Graal<\/em> resta interessante, perch\u00e9 recupera nella sua interezza in italiano un testo di fondamentale importanza per la storia letteraria. E vien da dire che, fortunatamente, le grandi opere letterarie possiedono una propria, gelosa, autonomia di significato, che non accetta di essere forzata dalle mode interpretative.<\/p>\n","protected":false},"excerpt":{"rendered":"<p>Studi Cattolici n.539 gennaio 2006 \u00a0L&#8217;opera integrale di Robert de Boron \u00a0Testi emblematici per la comprensione della civilt\u00e0 medioevale al meriggio dei suoi ideali religioso-cavaliereschi, i racconti del Graal hanno conosciuto nei secoli della modernit\u00e0 il singolare destino di assurgere a fonti privilegiate di un certo esoterismo gnostico, che in quei documenti letterari ravvisa un &hellip; <\/p>\n<p><a class=\"more-link btn\" href=\"https:\/\/www.rassegnastampa-totustuus.it\/cattolica\/il-graal-amp-la-sindrome-della-tradizione-occulta\/\">Continua a leggere<\/a><\/p>\n","protected":false},"author":6,"featured_media":15554,"comment_status":"closed","ping_status":"open","sticky":false,"template":"","format":"standard","meta":{"footnotes":""},"categories":[8,17,91],"tags":[1244],"class_list":["post-1958","post","type-post","status-publish","format-standard","has-post-thumbnail","hentry","category-cultura-e-tradizioni","category-libri","category-medioevo","tag-racconti-del-graal","item-wrap"],"yoast_head":"<!-- This site is optimized with the Yoast SEO plugin v27.5 - https:\/\/yoast.com\/product\/yoast-seo-wordpress\/ -->\n<title>Il Graal &amp;amp; la sindrome della Tradizione occulta - Rassegna Stampa Cattolica<\/title>\n<meta name=\"description\" content=\"Rassegna Stampa Cattolica - Per una cultura che nasce dalla Rivelazione cristiana in conformit\u00e0 alla tradizione e al Magistero della Chiesa in opposizione ad ogni relativismo e totalitarismo\" \/>\n<meta name=\"robots\" content=\"index, follow, max-snippet:-1, max-image-preview:large, max-video-preview:-1\" \/>\n<link rel=\"canonical\" href=\"https:\/\/www.rassegnastampa-totustuus.it\/cattolica\/il-graal-amp-la-sindrome-della-tradizione-occulta\/\" \/>\n<meta property=\"og:locale\" content=\"it_IT\" \/>\n<meta property=\"og:type\" content=\"article\" \/>\n<meta property=\"og:title\" content=\"Il Graal &amp;amp; la sindrome della Tradizione occulta - Rassegna Stampa Cattolica\" \/>\n<meta property=\"og:description\" content=\"Rassegna Stampa Cattolica - Per una cultura che nasce dalla Rivelazione cristiana in conformit\u00e0 alla tradizione e al Magistero della Chiesa in opposizione ad ogni relativismo e totalitarismo\" \/>\n<meta property=\"og:url\" content=\"https:\/\/www.rassegnastampa-totustuus.it\/cattolica\/il-graal-amp-la-sindrome-della-tradizione-occulta\/\" \/>\n<meta property=\"og:site_name\" content=\"Rassegna Stampa Cattolica\" \/>\n<meta property=\"article:publisher\" content=\"https:\/\/www.facebook.com\/rassegnastampacattolica\" \/>\n<meta property=\"article:published_time\" content=\"2006-03-30T22:00:00+00:00\" \/>\n<meta property=\"article:modified_time\" content=\"2014-12-16T16:07:51+00:00\" \/>\n<meta property=\"og:image\" content=\"https:\/\/www.rassegnastampa-totustuus.it\/cattolica\/wp-content\/uploads\/2006\/03\/graal.gif\" \/>\n\t<meta property=\"og:image:width\" content=\"200\" \/>\n\t<meta property=\"og:image:height\" content=\"203\" \/>\n\t<meta property=\"og:image:type\" content=\"image\/gif\" \/>\n<meta name=\"author\" content=\"Redazione\" \/>\n<meta name=\"twitter:card\" content=\"summary_large_image\" \/>\n<meta name=\"twitter:creator\" content=\"@rassegnastampa9\" \/>\n<meta name=\"twitter:site\" content=\"@rassegnastampa9\" \/>\n<meta name=\"twitter:label1\" content=\"Scritto da\" \/>\n\t<meta name=\"twitter:data1\" content=\"Redazione\" \/>\n\t<meta name=\"twitter:label2\" content=\"Tempo di lettura stimato\" \/>\n\t<meta name=\"twitter:data2\" content=\"21 minuti\" \/>\n<script type=\"application\/ld+json\" class=\"yoast-schema-graph\">{\"@context\":\"https:\\\/\\\/schema.org\",\"@graph\":[{\"@type\":\"Article\",\"@id\":\"https:\\\/\\\/www.rassegnastampa-totustuus.it\\\/cattolica\\\/il-graal-amp-la-sindrome-della-tradizione-occulta\\\/#article\",\"isPartOf\":{\"@id\":\"https:\\\/\\\/www.rassegnastampa-totustuus.it\\\/cattolica\\\/il-graal-amp-la-sindrome-della-tradizione-occulta\\\/\"},\"author\":{\"name\":\"Redazione\",\"@id\":\"https:\\\/\\\/www.rassegnastampa-totustuus.it\\\/cattolica\\\/#\\\/schema\\\/person\\\/08f319d2bd1a0904ad9e2bfb7b15e5c3\"},\"headline\":\"Il Graal &amp;amp; la sindrome della Tradizione occulta\",\"datePublished\":\"2006-03-30T22:00:00+00:00\",\"dateModified\":\"2014-12-16T16:07:51+00:00\",\"mainEntityOfPage\":{\"@id\":\"https:\\\/\\\/www.rassegnastampa-totustuus.it\\\/cattolica\\\/il-graal-amp-la-sindrome-della-tradizione-occulta\\\/\"},\"wordCount\":4308,\"publisher\":{\"@id\":\"https:\\\/\\\/www.rassegnastampa-totustuus.it\\\/cattolica\\\/#organization\"},\"image\":{\"@id\":\"https:\\\/\\\/www.rassegnastampa-totustuus.it\\\/cattolica\\\/il-graal-amp-la-sindrome-della-tradizione-occulta\\\/#primaryimage\"},\"thumbnailUrl\":\"https:\\\/\\\/www.rassegnastampa-totustuus.it\\\/cattolica\\\/wp-content\\\/uploads\\\/2006\\\/03\\\/graal.gif\",\"keywords\":[\"racconti del Graal\"],\"articleSection\":[\"Cultura e tradizioni\",\"Libri\",\"Medioevo\"],\"inLanguage\":\"it-IT\"},{\"@type\":\"WebPage\",\"@id\":\"https:\\\/\\\/www.rassegnastampa-totustuus.it\\\/cattolica\\\/il-graal-amp-la-sindrome-della-tradizione-occulta\\\/\",\"url\":\"https:\\\/\\\/www.rassegnastampa-totustuus.it\\\/cattolica\\\/il-graal-amp-la-sindrome-della-tradizione-occulta\\\/\",\"name\":\"Il Graal &amp;amp; la sindrome della Tradizione occulta - Rassegna Stampa Cattolica\",\"isPartOf\":{\"@id\":\"https:\\\/\\\/www.rassegnastampa-totustuus.it\\\/cattolica\\\/#website\"},\"primaryImageOfPage\":{\"@id\":\"https:\\\/\\\/www.rassegnastampa-totustuus.it\\\/cattolica\\\/il-graal-amp-la-sindrome-della-tradizione-occulta\\\/#primaryimage\"},\"image\":{\"@id\":\"https:\\\/\\\/www.rassegnastampa-totustuus.it\\\/cattolica\\\/il-graal-amp-la-sindrome-della-tradizione-occulta\\\/#primaryimage\"},\"thumbnailUrl\":\"https:\\\/\\\/www.rassegnastampa-totustuus.it\\\/cattolica\\\/wp-content\\\/uploads\\\/2006\\\/03\\\/graal.gif\",\"datePublished\":\"2006-03-30T22:00:00+00:00\",\"dateModified\":\"2014-12-16T16:07:51+00:00\",\"description\":\"Rassegna Stampa Cattolica - Per una cultura che nasce dalla Rivelazione cristiana in conformit\u00e0 alla tradizione e al Magistero della Chiesa in opposizione ad ogni relativismo e totalitarismo\",\"breadcrumb\":{\"@id\":\"https:\\\/\\\/www.rassegnastampa-totustuus.it\\\/cattolica\\\/il-graal-amp-la-sindrome-della-tradizione-occulta\\\/#breadcrumb\"},\"inLanguage\":\"it-IT\",\"potentialAction\":[{\"@type\":\"ReadAction\",\"target\":[\"https:\\\/\\\/www.rassegnastampa-totustuus.it\\\/cattolica\\\/il-graal-amp-la-sindrome-della-tradizione-occulta\\\/\"]}]},{\"@type\":\"ImageObject\",\"inLanguage\":\"it-IT\",\"@id\":\"https:\\\/\\\/www.rassegnastampa-totustuus.it\\\/cattolica\\\/il-graal-amp-la-sindrome-della-tradizione-occulta\\\/#primaryimage\",\"url\":\"https:\\\/\\\/www.rassegnastampa-totustuus.it\\\/cattolica\\\/wp-content\\\/uploads\\\/2006\\\/03\\\/graal.gif\",\"contentUrl\":\"https:\\\/\\\/www.rassegnastampa-totustuus.it\\\/cattolica\\\/wp-content\\\/uploads\\\/2006\\\/03\\\/graal.gif\",\"width\":200,\"height\":203},{\"@type\":\"BreadcrumbList\",\"@id\":\"https:\\\/\\\/www.rassegnastampa-totustuus.it\\\/cattolica\\\/il-graal-amp-la-sindrome-della-tradizione-occulta\\\/#breadcrumb\",\"itemListElement\":[{\"@type\":\"ListItem\",\"position\":1,\"name\":\"Home\",\"item\":\"https:\\\/\\\/www.rassegnastampa-totustuus.it\\\/cattolica\\\/\"},{\"@type\":\"ListItem\",\"position\":2,\"name\":\"Il Graal &amp;amp; la sindrome della Tradizione occulta\"}]},{\"@type\":\"WebSite\",\"@id\":\"https:\\\/\\\/www.rassegnastampa-totustuus.it\\\/cattolica\\\/#website\",\"url\":\"https:\\\/\\\/www.rassegnastampa-totustuus.it\\\/cattolica\\\/\",\"name\":\"Rassegna Stampa Cattolica\",\"description\":\"Per una cultura che nasce dalla Rivelazione cristiana in conformit\u00e0 alla tradizione e al Magistero della Chiesa in opposizione ad ogni relativismo e totalitarismo\",\"publisher\":{\"@id\":\"https:\\\/\\\/www.rassegnastampa-totustuus.it\\\/cattolica\\\/#organization\"},\"alternateName\":\"Rass. Cattolica\",\"potentialAction\":[{\"@type\":\"SearchAction\",\"target\":{\"@type\":\"EntryPoint\",\"urlTemplate\":\"https:\\\/\\\/www.rassegnastampa-totustuus.it\\\/cattolica\\\/?s={search_term_string}\"},\"query-input\":{\"@type\":\"PropertyValueSpecification\",\"valueRequired\":true,\"valueName\":\"search_term_string\"}}],\"inLanguage\":\"it-IT\"},{\"@type\":\"Organization\",\"@id\":\"https:\\\/\\\/www.rassegnastampa-totustuus.it\\\/cattolica\\\/#organization\",\"name\":\"Rassegna Stampa Cattolica\",\"url\":\"https:\\\/\\\/www.rassegnastampa-totustuus.it\\\/cattolica\\\/\",\"logo\":{\"@type\":\"ImageObject\",\"inLanguage\":\"it-IT\",\"@id\":\"https:\\\/\\\/www.rassegnastampa-totustuus.it\\\/cattolica\\\/#\\\/schema\\\/logo\\\/image\\\/\",\"url\":\"https:\\\/\\\/www.rassegnastampa-totustuus.it\\\/cattolica\\\/wp-content\\\/uploads\\\/2014\\\/04\\\/logo-rassegna1.gif\",\"contentUrl\":\"https:\\\/\\\/www.rassegnastampa-totustuus.it\\\/cattolica\\\/wp-content\\\/uploads\\\/2014\\\/04\\\/logo-rassegna1.gif\",\"width\":600,\"height\":163,\"caption\":\"Rassegna Stampa Cattolica\"},\"image\":{\"@id\":\"https:\\\/\\\/www.rassegnastampa-totustuus.it\\\/cattolica\\\/#\\\/schema\\\/logo\\\/image\\\/\"},\"sameAs\":[\"https:\\\/\\\/www.facebook.com\\\/rassegnastampacattolica\",\"https:\\\/\\\/x.com\\\/rassegnastampa9\"]},{\"@type\":\"Person\",\"@id\":\"https:\\\/\\\/www.rassegnastampa-totustuus.it\\\/cattolica\\\/#\\\/schema\\\/person\\\/08f319d2bd1a0904ad9e2bfb7b15e5c3\",\"name\":\"Redazione\",\"image\":{\"@type\":\"ImageObject\",\"inLanguage\":\"it-IT\",\"@id\":\"https:\\\/\\\/secure.gravatar.com\\\/avatar\\\/2fcdf27c78ea025fbdb44e914cc63c72249ffec9dc8aafd5c82b26240ef3f346?s=96&d=mm&r=g\",\"url\":\"https:\\\/\\\/secure.gravatar.com\\\/avatar\\\/2fcdf27c78ea025fbdb44e914cc63c72249ffec9dc8aafd5c82b26240ef3f346?s=96&d=mm&r=g\",\"contentUrl\":\"https:\\\/\\\/secure.gravatar.com\\\/avatar\\\/2fcdf27c78ea025fbdb44e914cc63c72249ffec9dc8aafd5c82b26240ef3f346?s=96&d=mm&r=g\",\"caption\":\"Redazione\"},\"url\":\"https:\\\/\\\/www.rassegnastampa-totustuus.it\\\/cattolica\\\/author\\\/pietroelle\\\/\"}]}<\/script>\n<!-- \/ Yoast SEO plugin. -->","yoast_head_json":{"title":"Il Graal &amp;amp; la sindrome della Tradizione occulta - Rassegna Stampa Cattolica","description":"Rassegna Stampa Cattolica - Per una cultura che nasce dalla Rivelazione cristiana in conformit\u00e0 alla tradizione e al Magistero della Chiesa in opposizione ad ogni relativismo e totalitarismo","robots":{"index":"index","follow":"follow","max-snippet":"max-snippet:-1","max-image-preview":"max-image-preview:large","max-video-preview":"max-video-preview:-1"},"canonical":"https:\/\/www.rassegnastampa-totustuus.it\/cattolica\/il-graal-amp-la-sindrome-della-tradizione-occulta\/","og_locale":"it_IT","og_type":"article","og_title":"Il Graal &amp;amp; la sindrome della Tradizione occulta - Rassegna Stampa Cattolica","og_description":"Rassegna Stampa Cattolica - Per una cultura che nasce dalla Rivelazione cristiana in conformit\u00e0 alla tradizione e al Magistero della Chiesa in opposizione ad ogni relativismo e totalitarismo","og_url":"https:\/\/www.rassegnastampa-totustuus.it\/cattolica\/il-graal-amp-la-sindrome-della-tradizione-occulta\/","og_site_name":"Rassegna Stampa Cattolica","article_publisher":"https:\/\/www.facebook.com\/rassegnastampacattolica","article_published_time":"2006-03-30T22:00:00+00:00","article_modified_time":"2014-12-16T16:07:51+00:00","og_image":[{"width":200,"height":203,"url":"https:\/\/www.rassegnastampa-totustuus.it\/cattolica\/wp-content\/uploads\/2006\/03\/graal.gif","type":"image\/gif"}],"author":"Redazione","twitter_card":"summary_large_image","twitter_creator":"@rassegnastampa9","twitter_site":"@rassegnastampa9","twitter_misc":{"Scritto da":"Redazione","Tempo di lettura stimato":"21 minuti"},"schema":{"@context":"https:\/\/schema.org","@graph":[{"@type":"Article","@id":"https:\/\/www.rassegnastampa-totustuus.it\/cattolica\/il-graal-amp-la-sindrome-della-tradizione-occulta\/#article","isPartOf":{"@id":"https:\/\/www.rassegnastampa-totustuus.it\/cattolica\/il-graal-amp-la-sindrome-della-tradizione-occulta\/"},"author":{"name":"Redazione","@id":"https:\/\/www.rassegnastampa-totustuus.it\/cattolica\/#\/schema\/person\/08f319d2bd1a0904ad9e2bfb7b15e5c3"},"headline":"Il Graal &amp;amp; la sindrome della Tradizione occulta","datePublished":"2006-03-30T22:00:00+00:00","dateModified":"2014-12-16T16:07:51+00:00","mainEntityOfPage":{"@id":"https:\/\/www.rassegnastampa-totustuus.it\/cattolica\/il-graal-amp-la-sindrome-della-tradizione-occulta\/"},"wordCount":4308,"publisher":{"@id":"https:\/\/www.rassegnastampa-totustuus.it\/cattolica\/#organization"},"image":{"@id":"https:\/\/www.rassegnastampa-totustuus.it\/cattolica\/il-graal-amp-la-sindrome-della-tradizione-occulta\/#primaryimage"},"thumbnailUrl":"https:\/\/www.rassegnastampa-totustuus.it\/cattolica\/wp-content\/uploads\/2006\/03\/graal.gif","keywords":["racconti del Graal"],"articleSection":["Cultura e tradizioni","Libri","Medioevo"],"inLanguage":"it-IT"},{"@type":"WebPage","@id":"https:\/\/www.rassegnastampa-totustuus.it\/cattolica\/il-graal-amp-la-sindrome-della-tradizione-occulta\/","url":"https:\/\/www.rassegnastampa-totustuus.it\/cattolica\/il-graal-amp-la-sindrome-della-tradizione-occulta\/","name":"Il Graal &amp;amp; la sindrome della Tradizione occulta - Rassegna Stampa Cattolica","isPartOf":{"@id":"https:\/\/www.rassegnastampa-totustuus.it\/cattolica\/#website"},"primaryImageOfPage":{"@id":"https:\/\/www.rassegnastampa-totustuus.it\/cattolica\/il-graal-amp-la-sindrome-della-tradizione-occulta\/#primaryimage"},"image":{"@id":"https:\/\/www.rassegnastampa-totustuus.it\/cattolica\/il-graal-amp-la-sindrome-della-tradizione-occulta\/#primaryimage"},"thumbnailUrl":"https:\/\/www.rassegnastampa-totustuus.it\/cattolica\/wp-content\/uploads\/2006\/03\/graal.gif","datePublished":"2006-03-30T22:00:00+00:00","dateModified":"2014-12-16T16:07:51+00:00","description":"Rassegna Stampa Cattolica - Per una cultura che nasce dalla Rivelazione cristiana in conformit\u00e0 alla tradizione e al Magistero della Chiesa in opposizione ad ogni relativismo e totalitarismo","breadcrumb":{"@id":"https:\/\/www.rassegnastampa-totustuus.it\/cattolica\/il-graal-amp-la-sindrome-della-tradizione-occulta\/#breadcrumb"},"inLanguage":"it-IT","potentialAction":[{"@type":"ReadAction","target":["https:\/\/www.rassegnastampa-totustuus.it\/cattolica\/il-graal-amp-la-sindrome-della-tradizione-occulta\/"]}]},{"@type":"ImageObject","inLanguage":"it-IT","@id":"https:\/\/www.rassegnastampa-totustuus.it\/cattolica\/il-graal-amp-la-sindrome-della-tradizione-occulta\/#primaryimage","url":"https:\/\/www.rassegnastampa-totustuus.it\/cattolica\/wp-content\/uploads\/2006\/03\/graal.gif","contentUrl":"https:\/\/www.rassegnastampa-totustuus.it\/cattolica\/wp-content\/uploads\/2006\/03\/graal.gif","width":200,"height":203},{"@type":"BreadcrumbList","@id":"https:\/\/www.rassegnastampa-totustuus.it\/cattolica\/il-graal-amp-la-sindrome-della-tradizione-occulta\/#breadcrumb","itemListElement":[{"@type":"ListItem","position":1,"name":"Home","item":"https:\/\/www.rassegnastampa-totustuus.it\/cattolica\/"},{"@type":"ListItem","position":2,"name":"Il Graal &amp;amp; la sindrome della Tradizione occulta"}]},{"@type":"WebSite","@id":"https:\/\/www.rassegnastampa-totustuus.it\/cattolica\/#website","url":"https:\/\/www.rassegnastampa-totustuus.it\/cattolica\/","name":"Rassegna Stampa Cattolica","description":"Per una cultura che nasce dalla Rivelazione cristiana in conformit\u00e0 alla tradizione e al Magistero della Chiesa in opposizione ad ogni relativismo e totalitarismo","publisher":{"@id":"https:\/\/www.rassegnastampa-totustuus.it\/cattolica\/#organization"},"alternateName":"Rass. Cattolica","potentialAction":[{"@type":"SearchAction","target":{"@type":"EntryPoint","urlTemplate":"https:\/\/www.rassegnastampa-totustuus.it\/cattolica\/?s={search_term_string}"},"query-input":{"@type":"PropertyValueSpecification","valueRequired":true,"valueName":"search_term_string"}}],"inLanguage":"it-IT"},{"@type":"Organization","@id":"https:\/\/www.rassegnastampa-totustuus.it\/cattolica\/#organization","name":"Rassegna Stampa Cattolica","url":"https:\/\/www.rassegnastampa-totustuus.it\/cattolica\/","logo":{"@type":"ImageObject","inLanguage":"it-IT","@id":"https:\/\/www.rassegnastampa-totustuus.it\/cattolica\/#\/schema\/logo\/image\/","url":"https:\/\/www.rassegnastampa-totustuus.it\/cattolica\/wp-content\/uploads\/2014\/04\/logo-rassegna1.gif","contentUrl":"https:\/\/www.rassegnastampa-totustuus.it\/cattolica\/wp-content\/uploads\/2014\/04\/logo-rassegna1.gif","width":600,"height":163,"caption":"Rassegna Stampa Cattolica"},"image":{"@id":"https:\/\/www.rassegnastampa-totustuus.it\/cattolica\/#\/schema\/logo\/image\/"},"sameAs":["https:\/\/www.facebook.com\/rassegnastampacattolica","https:\/\/x.com\/rassegnastampa9"]},{"@type":"Person","@id":"https:\/\/www.rassegnastampa-totustuus.it\/cattolica\/#\/schema\/person\/08f319d2bd1a0904ad9e2bfb7b15e5c3","name":"Redazione","image":{"@type":"ImageObject","inLanguage":"it-IT","@id":"https:\/\/secure.gravatar.com\/avatar\/2fcdf27c78ea025fbdb44e914cc63c72249ffec9dc8aafd5c82b26240ef3f346?s=96&d=mm&r=g","url":"https:\/\/secure.gravatar.com\/avatar\/2fcdf27c78ea025fbdb44e914cc63c72249ffec9dc8aafd5c82b26240ef3f346?s=96&d=mm&r=g","contentUrl":"https:\/\/secure.gravatar.com\/avatar\/2fcdf27c78ea025fbdb44e914cc63c72249ffec9dc8aafd5c82b26240ef3f346?s=96&d=mm&r=g","caption":"Redazione"},"url":"https:\/\/www.rassegnastampa-totustuus.it\/cattolica\/author\/pietroelle\/"}]}},"_links":{"self":[{"href":"https:\/\/www.rassegnastampa-totustuus.it\/cattolica\/wp-json\/wp\/v2\/posts\/1958","targetHints":{"allow":["GET"]}}],"collection":[{"href":"https:\/\/www.rassegnastampa-totustuus.it\/cattolica\/wp-json\/wp\/v2\/posts"}],"about":[{"href":"https:\/\/www.rassegnastampa-totustuus.it\/cattolica\/wp-json\/wp\/v2\/types\/post"}],"author":[{"embeddable":true,"href":"https:\/\/www.rassegnastampa-totustuus.it\/cattolica\/wp-json\/wp\/v2\/users\/6"}],"replies":[{"embeddable":true,"href":"https:\/\/www.rassegnastampa-totustuus.it\/cattolica\/wp-json\/wp\/v2\/comments?post=1958"}],"version-history":[{"count":3,"href":"https:\/\/www.rassegnastampa-totustuus.it\/cattolica\/wp-json\/wp\/v2\/posts\/1958\/revisions"}],"predecessor-version":[{"id":15560,"href":"https:\/\/www.rassegnastampa-totustuus.it\/cattolica\/wp-json\/wp\/v2\/posts\/1958\/revisions\/15560"}],"wp:featuredmedia":[{"embeddable":true,"href":"https:\/\/www.rassegnastampa-totustuus.it\/cattolica\/wp-json\/wp\/v2\/media\/15554"}],"wp:attachment":[{"href":"https:\/\/www.rassegnastampa-totustuus.it\/cattolica\/wp-json\/wp\/v2\/media?parent=1958"}],"wp:term":[{"taxonomy":"category","embeddable":true,"href":"https:\/\/www.rassegnastampa-totustuus.it\/cattolica\/wp-json\/wp\/v2\/categories?post=1958"},{"taxonomy":"post_tag","embeddable":true,"href":"https:\/\/www.rassegnastampa-totustuus.it\/cattolica\/wp-json\/wp\/v2\/tags?post=1958"}],"curies":[{"name":"wp","href":"https:\/\/api.w.org\/{rel}","templated":true}]}}