{"id":1948,"date":"2006-03-24T00:00:00","date_gmt":"2006-03-23T23:00:00","guid":{"rendered":""},"modified":"2016-03-23T09:45:39","modified_gmt":"2016-03-23T08:45:39","slug":"la-famiglia-un-patto-suicida","status":"publish","type":"post","link":"https:\/\/www.rassegnastampa-totustuus.it\/cattolica\/la-famiglia-un-patto-suicida\/","title":{"rendered":"La famiglia? &laquo;Un patto suicida&#8230;&raquo;"},"content":{"rendered":"<div style=\"text-align: center;\"><img loading=\"lazy\" decoding=\"async\" class=\"alignright wp-image-32065\" src=\"https:\/\/www.rassegnastampa-totustuus.it\/cattolica\/wp-content\/uploads\/2006\/03\/sessantotto.jpg\" alt=\"sessantotto\" width=\"250\" height=\"177\" \/>di<strong> Francesco Agnoli<\/strong><\/div>\n<p style=\"text-align: justify;\">A chi voglia capire l\u2019atmosfera culturale dell\u2019epoca in cui stiamo vivendo pu\u00f2 tornare utile un richiamo alla rivoluzione del 1968: in quel periodo un decadentismo elitario, che aveva caratterizzato personaggi di spicco di tutta Europa \u2013 da Baudelaire a Verlaine, da Huysmans a D\u2019Annunzio, a Oscar Wilde \u2013 esplode a livello di massa. Le esperienze pi\u00f9 stravaganti, pi\u00f9 narcisistiche, pi\u00f9 autodistruttive, per sfuggire allo <em>spleen<\/em> di una vita senza senso, avevano portato queste illustri figure dell\u2019Ottocento a trascinare rabbiosamente la propria vita alla ricerca delle esperienze pi\u00f9 inverosimili, come bramosi cacciatori di sensazioni da consumare.<\/p>\n<p><!--more--><\/p>\n<div style=\"text-align: justify;\">Ma il decadentismo rimaneva un fenomeno di pochi, di coloro che si ritenevano \u00abalbatri con le ali da giganti\u00bb, ma che preferivano poi razzolare nel fango delle cose mondane, per paura dell\u2019altezza. Forse un cantautore di sinistra come Francesco Guccini avrebbe potuto rivolgersi proprio a loro con quei bellissimi versi di una sua canzone: \u00ab&#8230;e voi materialisti\/ col vostro chiodo fisso\/ che Dio \u00e8 morto\/ e l\u2019uomo solo in questo abisso\/ le verit\u00e0 cercate\/ per terra, da maiali\/ tenetevi le ghiande\/ lasciatemi le ali&#8230;\u00bb.<\/div>\n<p style=\"text-align: justify;\">Questi personaggi, materialisti pratici in ogni espressione della loro vita, avevano per\u00f2 una consapevolezza profonda del sentiero che avevano intrapreso: non a caso molti di loro, dopo aver sperimentato il fallimento di una scelta estrema, si avvicinarono poi alla fede divenendone in qualche caso strenui difensori.<\/p>\n<p style=\"text-align: justify;\">Ma i loro eredi, la generazione del Sessantotto, non ebbero molto spesso la medesima coscienza: quel movimento fu l\u2019esplosione di un senso di disgusto, certo motivato, di <em>horror vacui<\/em> non senza ragione. Ma in realt\u00e0 molti fuggirono dallo spirito borghese che li soffocava, per finire poi, nella realt\u00e0, tra le braccia stesse del mostro da cui scappavano. Proprio come molti giovani che nella prima Guerra mondiale si erano tuffati nella battaglia, quella delle trincee e dei mitragliatori, perch\u00e9 credevano cos\u00ec di fuggire alla societ\u00e0 industriale.<\/p>\n<p style=\"text-align: justify;\">Distruggere tutto ci\u00f2 che c\u2019era: questo fu il motto del 1968. Era pi\u00f9 difficile ricostruire ci\u00f2 che rimaneva di buono del passato, ritornare alle radici profonde di una tradizione umana, sofferta, secolare, duratura, al dunque buona.<\/p>\n<p style=\"text-align: justify;\">Ed era forse difficile riconoscere qualcosa di bello in una generazione di adulti che spesso non aveva tramandato ci\u00f2 che aveva ricevuto, per pigrizia, perch\u00e9 in altro affaccendata, perch\u00e9 troppo grigia nel suo modo di vivere freddamente tradizioni antiche e piene di senso. Si ritenne che fosse meglio segare l\u2019albero, tutto intero, senza pensarci, spinti da un odio brutale, irrazionale. Vennero cos\u00ec gli anni di piombo e i giovani uccisi in nome di qualcosa che sembrava un ideale. Il nemico diveniva il senso stesso della vita, sino a cercare la morte.<\/p>\n<p style=\"text-align: justify;\">Ci\u00f2 che andava distrutto era il principio di autorit\u00e0, il richiamo alla responsabilit\u00e0 di dover crescere e costruire: la figura del padre entr\u00f2 in crisi, anche per effetto di libri come \u00abLa morte della famiglia\u00bb di D. Cooper (Einaudi, 1972), in cui il matrimonio \u00e8 presentato come un \u00abpatto suicida\u00bb che porta a dimenticare l\u2019io, mentre noi \u00abapparteniamo solo a noi stessi\u00bb. Si parlava molto di operai, di lotta di classe, di Marx.<\/p>\n<p style=\"text-align: justify;\">Ma come testimonia un protagonista eccellente di quegli anni, Mauro Rostagno, gli interessi erano spesso altri: lo spiritismo, il sesso libero, l\u2019abuso di droghe, l\u2019annullamento nirvanico, il vuoto zen, la new age&#8230; Scriveva Rostagno: \u00abA questi discorsi sulla droga associai quello sulla liberazione sessuale [&#8230;]. Vai in giro a predicare ogni sorta di liberazione e poi, distrutto, torni a casa a picchiare tua moglie e i tuoi figli\u00bb.<\/p>\n<p style=\"text-align: justify;\">Nascono in questi anni le comunit\u00e0 new age di Big Sur in California, Findhorn in Svezia (1962), Auroville (1968) e Poona (1974) in India. Nasce uno spirito, quello <em>underground<\/em>, che adesso qualcuno vorrebbe dimenticare ma che almeno appariva pi\u00f9 chiaro rispetto a tanta ipocrisia di oggi: occorre \u00abfar capire al vecchio proletario che la musica, l\u2019erba, la comune&#8230; sono roba comunista&#8230; Noi dovremo diventare i genitori che dovranno sentirsi in grado di prendere l\u2019acido coi propri figli\u00bb.<\/p>\n<p style=\"text-align: justify;\">Sono parole di Andrea Valcarenghi, amico di Marco Pannella, nel suo \u00abUnderground: a pugno chiuso\u00bb in un\u2019epoca in cui si parlava schietto. Cos\u2019\u00e8 la famiglia? si chiedevano molti giovani. Una struttura oppressiva, come aveva scritto Engels ne \u00abL\u2019origine della famiglia\u00bb? Oppure una egoistica propriet\u00e0 privata degli affetti, come avevano spiegato Tommaso Campanella, o gli illuministi Morelly e dom Deschamps, o il socialista utopista Fourier, veri antesignani dei moderni centri sociali?<\/p>\n<p style=\"text-align: justify;\">Si pensava cio\u00e8 che quella vecchia struttura, in cui loro erano nati, non fosse pi\u00f9 attuale: tutto muta, tutto diviene, significa che nulla \u00e8 vero, che nulla \u00e8 sacro, che nulla ha il diritto di rimanere.<\/p>\n<p style=\"text-align: justify;\">Fu un\u2019illusione vissuta con passione, ma soprattutto senza ipocrisia, almeno nell\u2019uso delle parole, da Cohn Bendit, Lidia Ravera, Rossana Rossanda&#8230; Scriveva quest\u2019ultima che nell\u2019ottica \u00abdi una energica liberazione sessuale&#8230; un movimento comunista deve battersi per la fine della famiglia\u00bb (\u00abCinque lezioni sul \u201968\u00bb, supplemento al n.34 di Rossoscuola, Torino, 1987).<\/p>\n<p style=\"text-align: justify;\">La famiglia tradizionale, si diceva ancora, \u00ab\u00e8 solo un cancro al cuore, l\u2019origine della maggior parte delle alterazioni, perturbazioni e malattie mentali di cui soffre l\u2019adulto; della sua incapacit\u00e0 di amare e della sua sfiducia nei confronti degli altri\u00bb (\u00abArcobaleno: un popolo senza confini\u00bb, Terra Nuova). Il responsabile editoriale di \u00abTerra Nuova\u00bb era un tale Marcello Baraghini, il quale \u2013 guarda caso \u2013 risulta essere poi divenuto responsabile di una sezione dell\u2019editrice \u00abStampa alternativa\u00bb, vicina ai radicali.<\/p>\n<p style=\"text-align: justify;\">Bastano alcuni titoli del catalogo per comprenderne lo stile: \u00abEresie psichedeliche\u00bb, \u00abMarijuana in cucina. 101 ricette\u00bb, \u00abCannabis, non solo fumo\u00bb, \u00abVita morte visioni. Il profeta dell\u2019Lsd si racconta\u00bb, \u00abDiario di un pedofilo\u00bb&#8230; Sulla rivista \u00abQuarto mondo\u00bb (n.1, marzo 1971), per fare un altro esempio, si leggeva: \u00abLa famiglia&#8230; non \u00e8 una &#8220;societ\u00e0 naturale&#8221;; \u00e8 un prodotto storico come qualsiasi altro tipo di famiglia esistita o esistente in altri tempi o in altri luoghi (famiglia poligamica, famiglia poliandrica, famiglia di gruppo, famiglia matrilineare, famiglia patriarcale)\u00bb.<\/p>\n<p style=\"text-align: justify;\">Queste erano le letture, le idee, le innovazioni a cui qualcuno affidava la speranza di una vita pi\u00f9 bella. Da qui, da questa atmosfera culturale, e non da altro, nascono le battaglie di oggi per l\u2019adozione ai gay, per l\u2019aborto reso cosa banale, per l\u2019eutanasia, per le droghe libere, per i Pacs&#8230;<\/p>\n<p style=\"text-align: justify;\">In questo spirito, mentre a suo tempo si urlava che non occorreva un pezzo di carta per volersi bene, oggi si chiede che la societ\u00e0 &#8220;sacralizzi&#8221; per legge ci\u00f2 che \u00e8 per sua stessa scelta precario e provvisorio. Al punto ormai che la nostra civilt\u00e0 rischia di vedersi deprezzare anche una conquista come la monogamia, che significa pari dignit\u00e0 tra uomo e donna.<\/p>\n<p style=\"text-align: justify;\">\u00c8 di questi giorni, infatti, la notizia che in Canada c\u2019\u00e8 chi medita di abolire il reato di poligamia, di fatto riportando le donne a una condizione di minorit\u00e0. Del resto, se il matrimonio monogamico tra uomo e donna non \u00e8 pi\u00f9 riconosciuto come qualcosa di naturale, di buono, perch\u00e9 corrispondente all\u2019essenza dell\u2019uomo, in nome di quale principio allora sarebbe vietato aprire le porte a famiglie gay, poligamia, poliandria, scambismo e quant\u2019altro?<\/p>\n","protected":false},"excerpt":{"rendered":"<p>di Francesco Agnoli A chi voglia capire l\u2019atmosfera culturale dell\u2019epoca in cui stiamo vivendo pu\u00f2 tornare utile un richiamo alla rivoluzione del 1968: in quel periodo un decadentismo elitario, che aveva caratterizzato personaggi di spicco di tutta Europa \u2013 da Baudelaire a Verlaine, da Huysmans a D\u2019Annunzio, a Oscar Wilde \u2013 esplode a livello di &hellip; <\/p>\n<p><a class=\"more-link btn\" href=\"https:\/\/www.rassegnastampa-totustuus.it\/cattolica\/la-famiglia-un-patto-suicida\/\">Continua a leggere<\/a><\/p>\n","protected":false},"author":6,"featured_media":32065,"comment_status":"closed","ping_status":"open","sticky":false,"template":"","format":"standard","meta":{"footnotes":""},"categories":[15,98],"tags":[156],"class_list":["post-1948","post","type-post","status-publish","format-standard","has-post-thumbnail","hentry","category-famiglia","category-il-68","tag-famiglia-2","item-wrap"],"yoast_head":"<!-- This site is optimized with the Yoast SEO plugin v27.5 - https:\/\/yoast.com\/product\/yoast-seo-wordpress\/ -->\n<title>La famiglia? &laquo;Un patto suicida...&raquo; - Rassegna Stampa Cattolica<\/title>\n<meta name=\"description\" content=\"Rassegna Stampa Cattolica - Per una cultura che nasce dalla Rivelazione cristiana in conformit\u00e0 alla tradizione e al Magistero della Chiesa in opposizione ad ogni relativismo e totalitarismo\" \/>\n<meta name=\"robots\" content=\"index, follow, max-snippet:-1, max-image-preview:large, max-video-preview:-1\" \/>\n<link rel=\"canonical\" href=\"https:\/\/www.rassegnastampa-totustuus.it\/cattolica\/la-famiglia-un-patto-suicida\/\" \/>\n<meta property=\"og:locale\" content=\"it_IT\" \/>\n<meta property=\"og:type\" content=\"article\" \/>\n<meta property=\"og:title\" content=\"La famiglia? &laquo;Un patto suicida...&raquo; - Rassegna Stampa Cattolica\" \/>\n<meta property=\"og:description\" content=\"Rassegna Stampa Cattolica - Per una cultura che nasce dalla Rivelazione cristiana in conformit\u00e0 alla tradizione e al Magistero della Chiesa in opposizione ad ogni relativismo e totalitarismo\" \/>\n<meta property=\"og:url\" content=\"https:\/\/www.rassegnastampa-totustuus.it\/cattolica\/la-famiglia-un-patto-suicida\/\" \/>\n<meta property=\"og:site_name\" content=\"Rassegna Stampa Cattolica\" \/>\n<meta property=\"article:publisher\" content=\"https:\/\/www.facebook.com\/rassegnastampacattolica\" \/>\n<meta property=\"article:published_time\" content=\"2006-03-23T23:00:00+00:00\" \/>\n<meta property=\"article:modified_time\" content=\"2016-03-23T08:45:39+00:00\" \/>\n<meta property=\"og:image\" content=\"https:\/\/www.rassegnastampa-totustuus.it\/cattolica\/wp-content\/uploads\/2006\/03\/sessantotto.jpg\" \/>\n\t<meta property=\"og:image:width\" content=\"267\" \/>\n\t<meta property=\"og:image:height\" content=\"189\" \/>\n\t<meta property=\"og:image:type\" content=\"image\/jpeg\" \/>\n<meta name=\"author\" content=\"Redazione\" \/>\n<meta name=\"twitter:card\" content=\"summary_large_image\" \/>\n<meta name=\"twitter:creator\" content=\"@rassegnastampa9\" \/>\n<meta name=\"twitter:site\" content=\"@rassegnastampa9\" \/>\n<meta name=\"twitter:label1\" content=\"Scritto da\" \/>\n\t<meta name=\"twitter:data1\" content=\"Redazione\" \/>\n\t<meta name=\"twitter:label2\" content=\"Tempo di lettura stimato\" \/>\n\t<meta name=\"twitter:data2\" content=\"6 minuti\" \/>\n<script type=\"application\/ld+json\" class=\"yoast-schema-graph\">{\"@context\":\"https:\\\/\\\/schema.org\",\"@graph\":[{\"@type\":\"Article\",\"@id\":\"https:\\\/\\\/www.rassegnastampa-totustuus.it\\\/cattolica\\\/la-famiglia-un-patto-suicida\\\/#article\",\"isPartOf\":{\"@id\":\"https:\\\/\\\/www.rassegnastampa-totustuus.it\\\/cattolica\\\/la-famiglia-un-patto-suicida\\\/\"},\"author\":{\"name\":\"Redazione\",\"@id\":\"https:\\\/\\\/www.rassegnastampa-totustuus.it\\\/cattolica\\\/#\\\/schema\\\/person\\\/08f319d2bd1a0904ad9e2bfb7b15e5c3\"},\"headline\":\"La famiglia? &laquo;Un patto suicida&#8230;&raquo;\",\"datePublished\":\"2006-03-23T23:00:00+00:00\",\"dateModified\":\"2016-03-23T08:45:39+00:00\",\"mainEntityOfPage\":{\"@id\":\"https:\\\/\\\/www.rassegnastampa-totustuus.it\\\/cattolica\\\/la-famiglia-un-patto-suicida\\\/\"},\"wordCount\":1174,\"publisher\":{\"@id\":\"https:\\\/\\\/www.rassegnastampa-totustuus.it\\\/cattolica\\\/#organization\"},\"image\":{\"@id\":\"https:\\\/\\\/www.rassegnastampa-totustuus.it\\\/cattolica\\\/la-famiglia-un-patto-suicida\\\/#primaryimage\"},\"thumbnailUrl\":\"https:\\\/\\\/www.rassegnastampa-totustuus.it\\\/cattolica\\\/wp-content\\\/uploads\\\/2006\\\/03\\\/sessantotto.jpg\",\"keywords\":[\"famiglia\"],\"articleSection\":[\"Famiglia\",\"Il 68\"],\"inLanguage\":\"it-IT\"},{\"@type\":\"WebPage\",\"@id\":\"https:\\\/\\\/www.rassegnastampa-totustuus.it\\\/cattolica\\\/la-famiglia-un-patto-suicida\\\/\",\"url\":\"https:\\\/\\\/www.rassegnastampa-totustuus.it\\\/cattolica\\\/la-famiglia-un-patto-suicida\\\/\",\"name\":\"La famiglia? &laquo;Un patto suicida...&raquo; - Rassegna Stampa Cattolica\",\"isPartOf\":{\"@id\":\"https:\\\/\\\/www.rassegnastampa-totustuus.it\\\/cattolica\\\/#website\"},\"primaryImageOfPage\":{\"@id\":\"https:\\\/\\\/www.rassegnastampa-totustuus.it\\\/cattolica\\\/la-famiglia-un-patto-suicida\\\/#primaryimage\"},\"image\":{\"@id\":\"https:\\\/\\\/www.rassegnastampa-totustuus.it\\\/cattolica\\\/la-famiglia-un-patto-suicida\\\/#primaryimage\"},\"thumbnailUrl\":\"https:\\\/\\\/www.rassegnastampa-totustuus.it\\\/cattolica\\\/wp-content\\\/uploads\\\/2006\\\/03\\\/sessantotto.jpg\",\"datePublished\":\"2006-03-23T23:00:00+00:00\",\"dateModified\":\"2016-03-23T08:45:39+00:00\",\"description\":\"Rassegna Stampa Cattolica - Per una cultura che nasce dalla Rivelazione cristiana in conformit\u00e0 alla tradizione e al Magistero della Chiesa in opposizione ad ogni relativismo e totalitarismo\",\"breadcrumb\":{\"@id\":\"https:\\\/\\\/www.rassegnastampa-totustuus.it\\\/cattolica\\\/la-famiglia-un-patto-suicida\\\/#breadcrumb\"},\"inLanguage\":\"it-IT\",\"potentialAction\":[{\"@type\":\"ReadAction\",\"target\":[\"https:\\\/\\\/www.rassegnastampa-totustuus.it\\\/cattolica\\\/la-famiglia-un-patto-suicida\\\/\"]}]},{\"@type\":\"ImageObject\",\"inLanguage\":\"it-IT\",\"@id\":\"https:\\\/\\\/www.rassegnastampa-totustuus.it\\\/cattolica\\\/la-famiglia-un-patto-suicida\\\/#primaryimage\",\"url\":\"https:\\\/\\\/www.rassegnastampa-totustuus.it\\\/cattolica\\\/wp-content\\\/uploads\\\/2006\\\/03\\\/sessantotto.jpg\",\"contentUrl\":\"https:\\\/\\\/www.rassegnastampa-totustuus.it\\\/cattolica\\\/wp-content\\\/uploads\\\/2006\\\/03\\\/sessantotto.jpg\",\"width\":267,\"height\":189},{\"@type\":\"BreadcrumbList\",\"@id\":\"https:\\\/\\\/www.rassegnastampa-totustuus.it\\\/cattolica\\\/la-famiglia-un-patto-suicida\\\/#breadcrumb\",\"itemListElement\":[{\"@type\":\"ListItem\",\"position\":1,\"name\":\"Home\",\"item\":\"https:\\\/\\\/www.rassegnastampa-totustuus.it\\\/cattolica\\\/\"},{\"@type\":\"ListItem\",\"position\":2,\"name\":\"La famiglia? &laquo;Un patto suicida&#8230;&raquo;\"}]},{\"@type\":\"WebSite\",\"@id\":\"https:\\\/\\\/www.rassegnastampa-totustuus.it\\\/cattolica\\\/#website\",\"url\":\"https:\\\/\\\/www.rassegnastampa-totustuus.it\\\/cattolica\\\/\",\"name\":\"Rassegna Stampa Cattolica\",\"description\":\"Per una cultura che nasce dalla Rivelazione cristiana in conformit\u00e0 alla tradizione e al Magistero della Chiesa in opposizione ad ogni relativismo e totalitarismo\",\"publisher\":{\"@id\":\"https:\\\/\\\/www.rassegnastampa-totustuus.it\\\/cattolica\\\/#organization\"},\"alternateName\":\"Rass. Cattolica\",\"potentialAction\":[{\"@type\":\"SearchAction\",\"target\":{\"@type\":\"EntryPoint\",\"urlTemplate\":\"https:\\\/\\\/www.rassegnastampa-totustuus.it\\\/cattolica\\\/?s={search_term_string}\"},\"query-input\":{\"@type\":\"PropertyValueSpecification\",\"valueRequired\":true,\"valueName\":\"search_term_string\"}}],\"inLanguage\":\"it-IT\"},{\"@type\":\"Organization\",\"@id\":\"https:\\\/\\\/www.rassegnastampa-totustuus.it\\\/cattolica\\\/#organization\",\"name\":\"Rassegna Stampa Cattolica\",\"url\":\"https:\\\/\\\/www.rassegnastampa-totustuus.it\\\/cattolica\\\/\",\"logo\":{\"@type\":\"ImageObject\",\"inLanguage\":\"it-IT\",\"@id\":\"https:\\\/\\\/www.rassegnastampa-totustuus.it\\\/cattolica\\\/#\\\/schema\\\/logo\\\/image\\\/\",\"url\":\"https:\\\/\\\/www.rassegnastampa-totustuus.it\\\/cattolica\\\/wp-content\\\/uploads\\\/2014\\\/04\\\/logo-rassegna1.gif\",\"contentUrl\":\"https:\\\/\\\/www.rassegnastampa-totustuus.it\\\/cattolica\\\/wp-content\\\/uploads\\\/2014\\\/04\\\/logo-rassegna1.gif\",\"width\":600,\"height\":163,\"caption\":\"Rassegna Stampa Cattolica\"},\"image\":{\"@id\":\"https:\\\/\\\/www.rassegnastampa-totustuus.it\\\/cattolica\\\/#\\\/schema\\\/logo\\\/image\\\/\"},\"sameAs\":[\"https:\\\/\\\/www.facebook.com\\\/rassegnastampacattolica\",\"https:\\\/\\\/x.com\\\/rassegnastampa9\"]},{\"@type\":\"Person\",\"@id\":\"https:\\\/\\\/www.rassegnastampa-totustuus.it\\\/cattolica\\\/#\\\/schema\\\/person\\\/08f319d2bd1a0904ad9e2bfb7b15e5c3\",\"name\":\"Redazione\",\"image\":{\"@type\":\"ImageObject\",\"inLanguage\":\"it-IT\",\"@id\":\"https:\\\/\\\/secure.gravatar.com\\\/avatar\\\/2fcdf27c78ea025fbdb44e914cc63c72249ffec9dc8aafd5c82b26240ef3f346?s=96&d=mm&r=g\",\"url\":\"https:\\\/\\\/secure.gravatar.com\\\/avatar\\\/2fcdf27c78ea025fbdb44e914cc63c72249ffec9dc8aafd5c82b26240ef3f346?s=96&d=mm&r=g\",\"contentUrl\":\"https:\\\/\\\/secure.gravatar.com\\\/avatar\\\/2fcdf27c78ea025fbdb44e914cc63c72249ffec9dc8aafd5c82b26240ef3f346?s=96&d=mm&r=g\",\"caption\":\"Redazione\"},\"url\":\"https:\\\/\\\/www.rassegnastampa-totustuus.it\\\/cattolica\\\/author\\\/pietroelle\\\/\"}]}<\/script>\n<!-- \/ Yoast SEO plugin. -->","yoast_head_json":{"title":"La famiglia? &laquo;Un patto suicida...&raquo; - Rassegna Stampa Cattolica","description":"Rassegna Stampa Cattolica - Per una cultura che nasce dalla Rivelazione cristiana in conformit\u00e0 alla tradizione e al Magistero della Chiesa in opposizione ad ogni relativismo e totalitarismo","robots":{"index":"index","follow":"follow","max-snippet":"max-snippet:-1","max-image-preview":"max-image-preview:large","max-video-preview":"max-video-preview:-1"},"canonical":"https:\/\/www.rassegnastampa-totustuus.it\/cattolica\/la-famiglia-un-patto-suicida\/","og_locale":"it_IT","og_type":"article","og_title":"La famiglia? &laquo;Un patto suicida...&raquo; - Rassegna Stampa Cattolica","og_description":"Rassegna Stampa Cattolica - Per una cultura che nasce dalla Rivelazione cristiana in conformit\u00e0 alla tradizione e al Magistero della Chiesa in opposizione ad ogni relativismo e totalitarismo","og_url":"https:\/\/www.rassegnastampa-totustuus.it\/cattolica\/la-famiglia-un-patto-suicida\/","og_site_name":"Rassegna Stampa Cattolica","article_publisher":"https:\/\/www.facebook.com\/rassegnastampacattolica","article_published_time":"2006-03-23T23:00:00+00:00","article_modified_time":"2016-03-23T08:45:39+00:00","og_image":[{"width":267,"height":189,"url":"https:\/\/www.rassegnastampa-totustuus.it\/cattolica\/wp-content\/uploads\/2006\/03\/sessantotto.jpg","type":"image\/jpeg"}],"author":"Redazione","twitter_card":"summary_large_image","twitter_creator":"@rassegnastampa9","twitter_site":"@rassegnastampa9","twitter_misc":{"Scritto da":"Redazione","Tempo di lettura stimato":"6 minuti"},"schema":{"@context":"https:\/\/schema.org","@graph":[{"@type":"Article","@id":"https:\/\/www.rassegnastampa-totustuus.it\/cattolica\/la-famiglia-un-patto-suicida\/#article","isPartOf":{"@id":"https:\/\/www.rassegnastampa-totustuus.it\/cattolica\/la-famiglia-un-patto-suicida\/"},"author":{"name":"Redazione","@id":"https:\/\/www.rassegnastampa-totustuus.it\/cattolica\/#\/schema\/person\/08f319d2bd1a0904ad9e2bfb7b15e5c3"},"headline":"La famiglia? &laquo;Un patto suicida&#8230;&raquo;","datePublished":"2006-03-23T23:00:00+00:00","dateModified":"2016-03-23T08:45:39+00:00","mainEntityOfPage":{"@id":"https:\/\/www.rassegnastampa-totustuus.it\/cattolica\/la-famiglia-un-patto-suicida\/"},"wordCount":1174,"publisher":{"@id":"https:\/\/www.rassegnastampa-totustuus.it\/cattolica\/#organization"},"image":{"@id":"https:\/\/www.rassegnastampa-totustuus.it\/cattolica\/la-famiglia-un-patto-suicida\/#primaryimage"},"thumbnailUrl":"https:\/\/www.rassegnastampa-totustuus.it\/cattolica\/wp-content\/uploads\/2006\/03\/sessantotto.jpg","keywords":["famiglia"],"articleSection":["Famiglia","Il 68"],"inLanguage":"it-IT"},{"@type":"WebPage","@id":"https:\/\/www.rassegnastampa-totustuus.it\/cattolica\/la-famiglia-un-patto-suicida\/","url":"https:\/\/www.rassegnastampa-totustuus.it\/cattolica\/la-famiglia-un-patto-suicida\/","name":"La famiglia? &laquo;Un patto suicida...&raquo; - Rassegna Stampa Cattolica","isPartOf":{"@id":"https:\/\/www.rassegnastampa-totustuus.it\/cattolica\/#website"},"primaryImageOfPage":{"@id":"https:\/\/www.rassegnastampa-totustuus.it\/cattolica\/la-famiglia-un-patto-suicida\/#primaryimage"},"image":{"@id":"https:\/\/www.rassegnastampa-totustuus.it\/cattolica\/la-famiglia-un-patto-suicida\/#primaryimage"},"thumbnailUrl":"https:\/\/www.rassegnastampa-totustuus.it\/cattolica\/wp-content\/uploads\/2006\/03\/sessantotto.jpg","datePublished":"2006-03-23T23:00:00+00:00","dateModified":"2016-03-23T08:45:39+00:00","description":"Rassegna Stampa Cattolica - Per una cultura che nasce dalla Rivelazione cristiana in conformit\u00e0 alla tradizione e al Magistero della Chiesa in opposizione ad ogni relativismo e totalitarismo","breadcrumb":{"@id":"https:\/\/www.rassegnastampa-totustuus.it\/cattolica\/la-famiglia-un-patto-suicida\/#breadcrumb"},"inLanguage":"it-IT","potentialAction":[{"@type":"ReadAction","target":["https:\/\/www.rassegnastampa-totustuus.it\/cattolica\/la-famiglia-un-patto-suicida\/"]}]},{"@type":"ImageObject","inLanguage":"it-IT","@id":"https:\/\/www.rassegnastampa-totustuus.it\/cattolica\/la-famiglia-un-patto-suicida\/#primaryimage","url":"https:\/\/www.rassegnastampa-totustuus.it\/cattolica\/wp-content\/uploads\/2006\/03\/sessantotto.jpg","contentUrl":"https:\/\/www.rassegnastampa-totustuus.it\/cattolica\/wp-content\/uploads\/2006\/03\/sessantotto.jpg","width":267,"height":189},{"@type":"BreadcrumbList","@id":"https:\/\/www.rassegnastampa-totustuus.it\/cattolica\/la-famiglia-un-patto-suicida\/#breadcrumb","itemListElement":[{"@type":"ListItem","position":1,"name":"Home","item":"https:\/\/www.rassegnastampa-totustuus.it\/cattolica\/"},{"@type":"ListItem","position":2,"name":"La famiglia? &laquo;Un patto suicida&#8230;&raquo;"}]},{"@type":"WebSite","@id":"https:\/\/www.rassegnastampa-totustuus.it\/cattolica\/#website","url":"https:\/\/www.rassegnastampa-totustuus.it\/cattolica\/","name":"Rassegna Stampa Cattolica","description":"Per una cultura che nasce dalla Rivelazione cristiana in conformit\u00e0 alla tradizione e al Magistero della Chiesa in opposizione ad ogni relativismo e totalitarismo","publisher":{"@id":"https:\/\/www.rassegnastampa-totustuus.it\/cattolica\/#organization"},"alternateName":"Rass. Cattolica","potentialAction":[{"@type":"SearchAction","target":{"@type":"EntryPoint","urlTemplate":"https:\/\/www.rassegnastampa-totustuus.it\/cattolica\/?s={search_term_string}"},"query-input":{"@type":"PropertyValueSpecification","valueRequired":true,"valueName":"search_term_string"}}],"inLanguage":"it-IT"},{"@type":"Organization","@id":"https:\/\/www.rassegnastampa-totustuus.it\/cattolica\/#organization","name":"Rassegna Stampa Cattolica","url":"https:\/\/www.rassegnastampa-totustuus.it\/cattolica\/","logo":{"@type":"ImageObject","inLanguage":"it-IT","@id":"https:\/\/www.rassegnastampa-totustuus.it\/cattolica\/#\/schema\/logo\/image\/","url":"https:\/\/www.rassegnastampa-totustuus.it\/cattolica\/wp-content\/uploads\/2014\/04\/logo-rassegna1.gif","contentUrl":"https:\/\/www.rassegnastampa-totustuus.it\/cattolica\/wp-content\/uploads\/2014\/04\/logo-rassegna1.gif","width":600,"height":163,"caption":"Rassegna Stampa Cattolica"},"image":{"@id":"https:\/\/www.rassegnastampa-totustuus.it\/cattolica\/#\/schema\/logo\/image\/"},"sameAs":["https:\/\/www.facebook.com\/rassegnastampacattolica","https:\/\/x.com\/rassegnastampa9"]},{"@type":"Person","@id":"https:\/\/www.rassegnastampa-totustuus.it\/cattolica\/#\/schema\/person\/08f319d2bd1a0904ad9e2bfb7b15e5c3","name":"Redazione","image":{"@type":"ImageObject","inLanguage":"it-IT","@id":"https:\/\/secure.gravatar.com\/avatar\/2fcdf27c78ea025fbdb44e914cc63c72249ffec9dc8aafd5c82b26240ef3f346?s=96&d=mm&r=g","url":"https:\/\/secure.gravatar.com\/avatar\/2fcdf27c78ea025fbdb44e914cc63c72249ffec9dc8aafd5c82b26240ef3f346?s=96&d=mm&r=g","contentUrl":"https:\/\/secure.gravatar.com\/avatar\/2fcdf27c78ea025fbdb44e914cc63c72249ffec9dc8aafd5c82b26240ef3f346?s=96&d=mm&r=g","caption":"Redazione"},"url":"https:\/\/www.rassegnastampa-totustuus.it\/cattolica\/author\/pietroelle\/"}]}},"_links":{"self":[{"href":"https:\/\/www.rassegnastampa-totustuus.it\/cattolica\/wp-json\/wp\/v2\/posts\/1948","targetHints":{"allow":["GET"]}}],"collection":[{"href":"https:\/\/www.rassegnastampa-totustuus.it\/cattolica\/wp-json\/wp\/v2\/posts"}],"about":[{"href":"https:\/\/www.rassegnastampa-totustuus.it\/cattolica\/wp-json\/wp\/v2\/types\/post"}],"author":[{"embeddable":true,"href":"https:\/\/www.rassegnastampa-totustuus.it\/cattolica\/wp-json\/wp\/v2\/users\/6"}],"replies":[{"embeddable":true,"href":"https:\/\/www.rassegnastampa-totustuus.it\/cattolica\/wp-json\/wp\/v2\/comments?post=1948"}],"version-history":[{"count":4,"href":"https:\/\/www.rassegnastampa-totustuus.it\/cattolica\/wp-json\/wp\/v2\/posts\/1948\/revisions"}],"predecessor-version":[{"id":32066,"href":"https:\/\/www.rassegnastampa-totustuus.it\/cattolica\/wp-json\/wp\/v2\/posts\/1948\/revisions\/32066"}],"wp:featuredmedia":[{"embeddable":true,"href":"https:\/\/www.rassegnastampa-totustuus.it\/cattolica\/wp-json\/wp\/v2\/media\/32065"}],"wp:attachment":[{"href":"https:\/\/www.rassegnastampa-totustuus.it\/cattolica\/wp-json\/wp\/v2\/media?parent=1948"}],"wp:term":[{"taxonomy":"category","embeddable":true,"href":"https:\/\/www.rassegnastampa-totustuus.it\/cattolica\/wp-json\/wp\/v2\/categories?post=1948"},{"taxonomy":"post_tag","embeddable":true,"href":"https:\/\/www.rassegnastampa-totustuus.it\/cattolica\/wp-json\/wp\/v2\/tags?post=1948"}],"curies":[{"name":"wp","href":"https:\/\/api.w.org\/{rel}","templated":true}]}}