{"id":194,"date":"2004-11-23T16:44:17","date_gmt":"2004-11-23T15:44:17","guid":{"rendered":""},"modified":"2025-07-03T17:34:03","modified_gmt":"2025-07-03T15:34:03","slug":"la-chiesa-e-gli-ebrei-nel-medioevo","status":"publish","type":"post","link":"https:\/\/www.rassegnastampa-totustuus.it\/cattolica\/la-chiesa-e-gli-ebrei-nel-medioevo\/","title":{"rendered":"La Chiesa e gli Ebrei nel Medioevo"},"content":{"rendered":"\n<p class=\"has-text-align-center\">pubblicato su <strong>Crisis\u00a0<\/strong>Vol. 21 n. 1 &#8211; gennaio 2003<\/p>\n\n\n\n<p>Fu nella sua lettera ai Romani che S. Paolo pose le basi dell&#8217;atteggiamento della Chiesa medievale nei confronti degli ebrei. In essa scriveva: <em>Io domando dunque: Dio avrebbe forse ripudiato il suo popolo? Impossibile! Anch&#8217;io infatti sono Israelita, della discendenza di Abramo, della trib\u00f9 di Beniamino. Dio non ha ripudiato il suo popolo, che egli ha scelto fin da principio.<\/em><\/p>\n\n\n\n<p class=\"has-text-align-center\">di <strong>Thomas F. Madden<\/strong><\/p>\n\n\n<div class=\"wp-block-image\">\n<figure class=\"aligncenter size-full is-resized\"><a href=\"https:\/\/www.rassegnastampa-totustuus.it\/cattolica\/wp-content\/uploads\/2004\/11\/ebrei.jpg\"><img loading=\"lazy\" decoding=\"async\" width=\"259\" height=\"194\" src=\"https:\/\/www.rassegnastampa-totustuus.it\/cattolica\/wp-content\/uploads\/2004\/11\/ebrei.jpg\" alt=\"\" class=\"wp-image-27186\" style=\"width:415px;height:auto\"\/><\/a><\/figure><\/div>\n\n\n<!--more-->\n\n\n\n<p>Prima di esaminare il rapporto della Chiesa Cattolica con gli ebrei nel Medioevo, sar\u00e0 utile specificare un fatto ovvio eppure spesso trascurato. Ebbene, il Medioevo era medievale. E&#8217; un errore (quello che gli storici chiamano presentismo) giudicare il passato secondo gli standard del presente. In un mondo moderno, post-illuministico, la credenza religiosa \u00e8 semplicemente una preferenza personale, come il colore preferito. Ma nella maggior parte delle civilt\u00e0 premoderne la religione \u00e8 l&#8217;aspetto centrale, se non predominante, di un&#8217;identit\u00e0 personale e collettiva. Cercare di corrompere o denigrare la religione di una cultura sar\u00e0 quindi equivalente al tradimento dell&#8217;et\u00e0 moderna. In entrambi i casi si penser\u00e0 che i crimini siano sufficientemente gravi da giustificare la pena di morte.<\/p>\n\n\n\n<p>Tutto questo solo per dire che prima del XIX secolo la tolleranza religiosa non era una virt\u00f9. Nessuno dubitava che eretici, bestemmiatori, pagani e infedeli dovessero essere affrontati prontamente per impedire loro di corrompere la fede, sviando altri e attirando la collera divina. Questo era l&#8217;atteggiamento degli ebrei nei periodi biblici e anche di cristiani e musulmani nel Medioevo, sebbene le intenzioni e i metodi fossero differenti per ogni religione. Non \u00e8 troppo sorprendente, allora, che i principali rivali del cristianesimo siano scomparsi dopo essere stato questo nel quarto secolo dichiarato religione ufficiale dell&#8217;Impero romano. Ci\u00f2 che \u00e8 sorprendente \u00e8 che uno di quei rivali, l&#8217;ebraismo, sia stato oggetto della tolleranza e della protezione da parte della Chiesa. Di conseguenza gli antichi culti di Iside, Mitra e Diana scomparvero senza lasciare traccia, mentre l&#8217;ebraismo sopravvive ancora.<\/p>\n\n\n\n<p>Per comprendere l&#8217;atteggiamento della Chiesa medievale nei confronti degli ebrei bisogna iniziare con S. Paolo. In quanto apostolo verso i gentili Paolo sosteneva che l&#8217;osservanza della Legge mosaica, che comportava cose come le regolazioni alimentari e la circoncisione, non fosse pi\u00f9 necessaria. Un nuovo patto aveva soppiantato il vecchio. Infatti S. Paolo ammoniva i cristiani della Galazia per la loro osservanza della Legge, poich\u00e9 l&#8217;osservanza stessa indicava che essi consideravano insufficiente per la salvezza la fede in Cristo (Galati 3, 1-29).<\/p>\n\n\n\n<p>Tuttavia fu nella sua lettera ai Romani che S. Paolo pose le basi dell&#8217;atteggiamento della Chiesa medievale nei confronti degli ebrei. In essa scriveva:<\/p>\n\n\n\n<p>Io domando dunque: Dio avrebbe forse ripudiato il suo popolo? Impossibile! Anch&#8217;io infatti sono Israelita, della discendenza di Abramo, della trib\u00f9 di Beniamino. Dio non ha ripudiato il suo popolo, che egli ha scelto fin da principio.<\/p>\n\n\n\n<p>Se non furono ripudiati allora: <em>&#8230; inciamparono per cadere per sempre? Certamente no. Ma a causa della loro caduta la salvezza \u00e8 giunta ai pagani, per suscitare la loro gelosia. Se pertanto la loro caduta \u00e8 stata ricchezza del mondo e il loro fallimento ricchezza dei pagani, che cosa non sar\u00e0 la loro partecipazione totale!<\/em><\/p>\n\n\n\n<p>In altre parole, a causa del loro rifiuto di accettare Cristo gli ebrei hanno reso possibile che i gentili fossero salvati. Paolo \u00e8 certo per\u00f2 che un giorno gli ebrei vedranno la verit\u00e0 (Romani 11,16-24). Conclude: <em>Quanto al vangelo, essi sono nemici, per vostro vantaggio; ma quanto alla elezione, sono amati, a causa dei padri, perch\u00e9 i doni e la chiamata di Dio sono irrevocabili!<\/em><\/p>\n\n\n\n<p>Queste parole divennero il principio informatore dell&#8217;atteggiamento dei cristiani nei confronti degli ebrei per molti secoli, ma difficilmente si potevano udire nei primi tre secoli del cristianesimo. Gli ebrei consideravano il cristianesimo come una bestemmia contro Dio e una perversione della loro fede. Nei testi rabbinici del terzo secolo Ges\u00f9 veniva descritto come un mago in combutta con Satana, Maria come una prostituta e gli apostoli come criminali che meritavano la morte.<\/p>\n\n\n\n<p>Le preghiere quotidiane ebraiche includevano spesso una supplica affinch\u00e9 Dio distruggesse i &#8220;settari&#8221;, il termine utilizzato per descrivere i cristiani. Le persecuzioni dei romani contro gli ebrei terminarono nel terzo secolo, proprio quando le persecuzioni verso i cristiani cominciavano ad accendersi. Sebbene gli ebrei non fossero responsabili delle persecuzioni dei romani non era insolito che alcuni ebrei vi prendessero parte. Come scrive S. Girolamo, gli ebrei &#8220;nelle loro sinagoghe maledicono il popolo cristiano, e mentre ci uccidono essi decretano la loro stessa distruzione nel fuoco eterno&#8221;.<\/p>\n\n\n\n<p>La reazione di S. Girolamo non era insolita. La maggior parte dei cristiani era profondamente consapevole dell&#8217;antipatia degli ebrei nei propri confronti, tuttavia si attenne saldamente alle parole di S. Paolo. I primi Padri della Chiesa, come Giustino Martire, Tertulliano, Origene, Eusebio, e altri, scrissero trattati contro l&#8217;ebraismo, ma nessuno di loro invoc\u00f2 la persecuzione. Invece ammonirono i fratelli cristiani che persistevano nelle pratiche ebraiche (come i Galati di S. Paolo) e dimostrarono che il cristianesimo non era una nuova religione ma il culmine dell&#8217;ebraismo. L&#8217;ultima affermazione era importante, poich\u00e9 i potenziali convertiti romani misuravano il valore di una religione in rapporto alla sua antichit\u00e0.<\/p>\n\n\n\n<p>Le persecuzioni romane del cristianesimo cessarono bruscamente con la conversione dell&#8217;imperatore Costantino (312-337). In un lampo il cristianesimo pass\u00f2 da religione clandestina in lotta per emergere a fede dell&#8217;aristocrazia. Costantino, che si considerava non solo come imperatore romano ma come il difensore della Chiesa, emise parecchie leggi riguardanti gli ebrei. Proib\u00ec la pratica ebraica di lapidare i convertiti al cristianesimo e ordin\u00f2 agli ebrei di smettere di circoncidere i loro schiavi cristiani. Mise fuori legge anche la conversione dei cristiani all&#8217;ebraismo.<\/p>\n\n\n\n<p>Suo figlio, Costante (337-350), mise fuori legge i matrimoni tra ebrei e cristiani. In ogni altro modo, comunque, gli imperatori lasciarono in pace gli ebrei. Mantennero pieni diritti in quanto cittadini, incluso il diritto di professare liberamente.<\/p>\n\n\n\n<p>Nel resto del quarto secolo, le cose rimasero abbastanza stabili tra ebrei e cristiani. Questo non per dire, tuttavia, che non ci fossero tensioni. Le comunit\u00e0 ebraiche erano naturalmente allarmate dall&#8217;estensione con cui stavano crescendo in forza e numeri questi &#8220;settari&#8221;. Entro la fine del quarto secolo l&#8217;impero romano era prevalentemente cristiano. Nel 392 l&#8217;imperatore Teodosio I (379-395) chiuse l&#8217;ultimo dei templi pagani, facendo del cristianesimo la religione ufficiale dell&#8217;impero, un voltafaccia notevole, dato che lo stesso impero meno di un secolo prima perseguitava vigorosamente i cristiani. Ci\u00f2 nonostante Teodosio prosegu\u00ec la politica di tolleranza verso gli ebrei. Nel 393 dichiar\u00f2 come gli attacchi alle sinagoghe fossero un grave reato.<\/p>\n\n\n\n<p>Tuttavia la vittoria del cristianesimo continu\u00f2 ad essere un punto dolente tra gli ebrei. Nelle citt\u00e0 con delle considerevoli popolazioni ebraiche vi era molta rabbia diretta verso i nuovi dominatori cristiani. Talvolta ci\u00f2 conduceva a spargimenti di sangue. Nel 414 ad Alessandria, per esempio, decenni di tensione esplosero quando una folla di ebrei lanci\u00f2 un attacco ben pianificato contro i fedeli cristiani, uccidendone un gran numero. Le autorit\u00e0 locali risposero espellendo gli ebrei, sradicando una comunit\u00e0 che risaliva alla fondazione della citt\u00e0.<\/p>\n\n\n\n<p>Circa nello stesso periodo in Siria, presso una citt\u00e0 chiamata Inmester, una celebrazione ebraica del Purim si trasform\u00f2 in un minaccioso raduno anticristiano. C&#8217;era la pratica di bruciare o appendere a Purim un&#8217;effigie di Haman, un nemico degli ebrei. Tuttavia gli ebrei di Inmester rapirono invece un ragazzo cristiano, lo legarono a una croce e lo flagellarono a morte. Il mondo romano fu sconvolto dal crimine. L&#8217;imperatore Teodosio II (402-450) rispose escludendo gli ebrei da certe posizioni di governo e proibendo la costruzione di nuove sinagoghe.<\/p>\n\n\n\n<p>Nel Codice di Teodosio furono poste rigide regolamentazioni alla celebrazione del Purim. Ai cristiani veniva anche ordinato di non di non intrattenere rapporti intimi o personali con gli ebrei che potessero condurre a matrimoni misti. Questa legge rispecchiava le restrizioni simili da parte ebraica nei confronti della fraternizzazione con non ebrei. Ci\u00f2 nondimeno il Codice mantenne certamente i diritti e la cittadinanza degli ebrei e protesse le sinagoghe esistenti.<\/p>\n\n\n\n<p>Fu S. Agostino ad elaborare la seconda base dell&#8217;atteggiamento della Chiesa medievale verso gli ebrei. Scrivendo tra la fine del quarto e l&#8217;inizio del quinto secolo, Agostino rigett\u00f2 le affermazioni di alcuni cristiani secondo i quali gli ebrei erano i servi del diavolo. Al centro della filosofia di Agostino sugli ebrei stavano le parole del Salmo 59: &#8220;Non ucciderli, perch\u00e9 il mio popolo non dimentichi, disperdili con la tua potenza e abbattili, Signore, nostro scudo&#8221;. Gli ebrei, scriveva Agostino, erano chiaramente nel torto. Il corso della storia aveva mostrato che la loro fede e i loro rituali erano stati soppiantati.<\/p>\n\n\n\n<p>Tuttavia essi fungevano da costante ricordo dell&#8217;antichit\u00e0 della fede cristiana e del glorioso dono della salvezza che Cristo aveva profuso ai gentili. Aderendo strettamente alle loro scritture gli ebrei erano una testimonianza della veracit\u00e0 del Vecchio Testamento e delle sue profezie sulla venuta di Cristo. Agostino sosteneva che gli ebrei dovessero essere trattati con rispetto poich\u00e9 essi appartenevano a Dio, che un giorno li avrebbe portati alla pienezza della salvezza.<\/p>\n\n\n\n<p>La caduta dell&#8217;impero romano verso la fine del quinto secolo lasci\u00f2 il caos alla sua veglia funebre allorch\u00e9 le trib\u00f9 barbariche si accapigliarono sul cadavere smembrato dell&#8217;antichit\u00e0. La caduta dello Stato romano costrinse la Chiesa cattolica a fare un salto nel vuoto, nutrendo il povero, prendendosi cura del malato, organizzando le difese e tentando di costruire qualche tipo di ordine all&#8217;interno di tanta confusione. I papi di Roma assunsero presto il diretto controllo della citt\u00e0 e della regione, divenendo signori secolari come pure guide spirituali. Lo stesso si verific\u00f2 con gli altri vescovi dell&#8217;Europa occidentale. Cos\u00ec inizi\u00f2 il Medioevo.<\/p>\n\n\n\n<p>Papa Gregorio I (590-604) scrisse la politica della Chiesa verso gli ebrei nel suo decreto <em>Sicut Iudaeis Non<\/em>. Come ci si poteva attendere, fu una sintesi del diritto Romano e della filosofia di S. Paolo e di S. Agostino. Gregorio scriveva: &#8220;Proprio come nelle loro sinagoghe gli ebrei non dovrebbero essere liberi di fare nulla che non sia permesso dalla legge, cos\u00ec anche in quelle cose loro garantite non dovrebbero subire alcuna violazione dei loro diritti&#8221;.<\/p>\n\n\n\n<p>Durante il suo pontificato mise in pratica queste parole intervenendo per proteggere gli ebrei dalla violenza e insistendo perch\u00e9 i riti ebraici venissero rispettati. Tuttavia non aveva alcun potere per costringere i lontani signori barbarici, molti dei quali non erano cattolici, a dar retta ai suoi comandi. Nei suoi domini, tuttavia, Gregorio difese rigorosamente gli ebrei. Infatti, per tutti i mille anni del Medioevo, Roma e gli stati pontifici furono l&#8217;unico luogo nell&#8217;Europa occidentale dove gli ebrei furono sempre esenti da assalti o da espulsioni.<\/p>\n\n\n\n<p>L&#8217;instancabile difesa degli ebrei da parte del papato medievale non veniva sprecata dagli stessi ebrei, che si recavano frequentemente presso il trono di S. Pietro per chiedere giustizia e aiuto contro i loro nemici.<\/p>\n\n\n\n<p>Nonostante i pronunciamenti pontifici in senso contrario, i sovrani secolari e le comunit\u00e0 locali erano talvolta assai ben disposti a perseguitare gli ebrei. I mercanti ebrei che vivevano in citt\u00e0 lungo il Mediterraneo si erano affermati efficacemente nel commercio, particolarmente nel commercio degli schiavi. Questo fece in modo di attizzare la legittima indignazione dei barbari, specialmente di quelli recentemente convertiti al cattolicesimo. Nel 612 Sisebut, il sovrano visigoto della Spagna, ordin\u00f2 agli ebrei del suo regno di rilasciare i loro schiavi e di accettare il battesimo o venire espulsi. In maniera simile nel 629 re Dagoberto dei Franchi ordin\u00f2 l&#8217;espulsione degli ebrei dalle sue terre.<\/p>\n\n\n\n<p>Era naturalmente possibile che i leader della Chiesa accettassero le direttive pontificie riguardanti gli ebrei pur mantenendosi critici nei confronti delle pratiche ebraiche. Nel nono secolo S. Agobardo, vescovo di Lione, scriveva: &#8220;Poich\u00e9 dimorano tra di noi, non dobbiamo essere malevoli verso di loro, n\u00e9 dovremmo minacciare le loro vite, la loro sicurezza o la loro propriet\u00e0. Osserviamo la consuetudine stabilita dalla Chiesa, che definisce esplicitamente come noi dobbiamo essere a un tempo cauti ma umani nei nostri rapporti con essi&#8221;.<\/p>\n\n\n\n<p>Ci\u00f2 nonostante S. Agobardo disapprovava fortemente le politiche dell&#8217;imperatore Luigi il Pio nei confronti degli ebrei. Era particolarmente contrariato dal fatto che l&#8217;imperatore avesse proibito che gli schiavi posseduti dagli ebrei fossero battezzati. Poich\u00e9 il battesimo obbligava all&#8217;emancipazione degli schiavi, questo aveva l&#8217;effetto di privare gli ebrei della loro propriet\u00e0. S Agobardo sosteneva che il decreto di Luigi negasse la salvezza delle anime, quando l&#8217;ovvia risposta era semplicemente quella di pagare gli ebrei per le loro perdite.<\/p>\n\n\n\n<p>S. Agobardo apparentemente aveva stretti contatti con alcuni ebrei, poich\u00e9 conosceva tutto riguardo il Toledot Yeshu, una raccolta di storie riguardanti Ges\u00f9 e i suoi discepoli popolare nelle comunit\u00e0 ebraiche medievali. In esso venivano ripetuti molti dei vecchi insulti ma ve n&#8217;erano inclusi molti altri nuovi: per esempio che Pietro fosse chiamato &#8220;Roccia&#8221; a causa della sua ottusit\u00e0 e durezza di comprendonio e che il corpo di Cristo fosse stato semplicemente trascinato via quando era tracimato l&#8217;acquedotto di Gerusalemme.<\/p>\n\n\n\n<p>Ma S. Agobardo disapprovava particolarmente il fatto che gli ebrei stessero trasformando l&#8217;ebraismo. Sulla base di certi scritti rabbinici stavano adottando nuove credenze e nuove pratiche che egli considerava superstiziose. Fu uno dei primi cristiani ad accorgersi del Talmud, qualcosa che avr\u00e0 potenti ramificazioni negli ultimi secoli. Ci\u00f2 nondimeno Agobardo, nonostante le sue numerose critiche, come i papi non sostenne mai la persecuzione degli ebrei.<\/p>\n\n\n\n<p>I secoli successivi furono secoli rovinosi per la Chiesa. L&#8217;Europa fu colpita duramente da una nuova serie di invasioni che devastarono quel poco di ordine che era stato ripristinato dalla caduta dell&#8217;impero romano. Fu solo nell&#8217;undicesimo secolo che la Chiesa pot\u00e9 sollevare la testa sopra le macerie e cominciare la ricostruzione. Il movimento di riforma di quel secolo riprese velocemente vigore, ripristinando il controllo del Papa sulla Chiesa e estirpando gli abusi clericali. I papi si preoccuparono particolarmente della fine della violenza, non solo contro gli ebrei ma contro tutti i non combattenti. Iniziative come la Pace di Dio e la Tregua di Dio furono escogitate dalla Chiesa per arrestare le uccisioni, ma tale sforzo riscontr\u00f2 un successo limitato.<\/p>\n\n\n\n<p>La rinascita della Chiesa nell&#8217;undicesimo secolo permise anche ai cristiani dell&#8217;Europa occidentale di fare il punto della posizione del cristianesimo nel mondo intero. Non era un quadro felice. Paesi profondamente cristiani come l&#8217;Egitto, la Siria e l&#8217;Asia minore erano caduti di fronte agli invasori musulmani. Anche il luogo di nascita del cristianesimo era stato conquistato. Le crociate iniziarono nel 1095, quando Papa Urbano II chiese ai cavalieri della cristianit\u00e0 occidentale di venire in aiuto dei fratelli orientali e di restituire loro le terre conquistate dai musulmani.<\/p>\n\n\n\n<p>Le crociate sono spesso citate come una prima manifestazione dell&#8217;antisemitismo europeo. Ci\u00f2 \u00e8 semplicemente sbagliato. L&#8217;antisemitismo era vivo e vegeto ben prima delle crociate e sarebbe rimasto a lungo dopo che l&#8217;ultimo crociato avesse appeso la sua spada. Proprio a partire dalle crociate la Chiesa oper\u00f2 una netta distinzione tra musulmani ed ebrei. In una lettera ai vescovi di Spagna Papa Alessandro II proibiva specificamente a chiunque di equiparare le guerre sante contro i musulmani alla violenza contro gli ebrei. Scriveva: &#8220;La questione degli ebrei \u00e8 affatto differente da quella dei musulmani: gli ultimi si impegnano attivamente nella guerra contro i cristiani; i primi ovunque sono disposti a rimanere in pace&#8221;.<\/p>\n\n\n\n<p>Ci\u00f2 nondimeno, molti ebrei furono uccisi durante le crociate. Nel corso della prima, della seconda e della terza crociata ci furono attacchi forviati, disinformati o cinici verso gli ebrei. La Chiesa si oppose attivamente a questi attacchi e il clero locale intervenne spesso in difesa degli ebrei nelle loro comunit\u00e0. S. Bernardo di Clairvaux, nel predicare la seconda crociata disse ai soldati di Cristo: &#8220;Gli ebrei non devono essere perseguitati, uccisi o anche solo messi in fuga&#8221;. Quando un confratello monaco cistercense inizi\u00f2 ad esortare i tedeschi a distruggere gli ebrei prima di muovere guerra ai musulmani, S. Bernardo si rec\u00f2 personalmente per porvi fine. Come scriveva il rabbino Efraim di Bonn:<\/p>\n\n\n\n<p>Bernardo disse loro [ai crociati]: \u00c9 bene che voi andiate contro gli ismaeliti [i musulmani]. Ma chiunque colpisca un ebreo per prendere la sua vita, \u00e8 come uno che danneggia Cristo stesso&#8230; &#8220;. Quando i nostri nemici udirono le sue parole, molti di loro cessarono di congiurare per ucciderci&#8230; Non fosse stato per la misericordia del nostro creatore nel mandarci il summenzionato abate [Bernardo] e le sue ultime lettere, di Israele non sarebbe rimasto alcun alcun resto o vestigia. Benedetto sia il redentore e salvatore, benedetto sia il suo nome.<\/p>\n\n\n\n<p>Le crociate furono una rovina per gli ebrei d&#8217;Europa poich\u00e9 l&#8217;entusiasmo religioso che generavano comportava spesso attacchi popolari agli &#8220;infedeli&#8221; in casa. Ma lo scopo delle crociate non fu mai quello di uccidere gli ebrei.<\/p>\n\n\n\n<p>Il Concilio Laterano IV svoltosi nel 1215 \u00e8 spesso ricordato per i suoi decreti anti-ebraici. \u00c9 vero che il concilio escluse gli ebrei da diverse cariche pubbliche, tuttavia questa non fu che una semplice riaffermazione del diritto Romano esistente. Pi\u00f9 difficoltosa dal punto di vista moderno fu la richiesta che tutti gli ebrei indossassero dei segni identificativi. Ci\u00f2 evoca naturalmente le immagini degli ebrei tedeschi costretti dai nazisti ad indossare distintivi di stoffa.<\/p>\n\n\n\n<p>Ma i sacerdoti del XIII secolo non avevano familiarit\u00e0 con le atrocit\u00e0 del XX. I distintivi medievali erano parte di un pi\u00f9 ampio tentativo di evitare i comportamenti peccaminosi nella societ\u00e0 cristiana. Lo stesso concilio richiese anche ai sacerdoti di indossare un abito identificativo, in modo che anch&#8217;essi potessero essere immediatamente identificati. Questo, speravano, avrebbe prevenuto il comportamento indecente o peccaminoso nei confronti (o da parte) dei preti. Per lo stesso motivo, le insegne degli ebrei erano pensate per avvertire i cristiani che inconsapevolmente potessero in qualche modo diventare intimamente familiari con un ebreo, cosa anch&#8217;essa proibita dalla diritto Romano.<\/p>\n\n\n\n<p>La crescita delle universit\u00e0 nel XIII secolo port\u00f2 a una crescente familiarit\u00e0 con gli ebrei tra gli intellettuali europei. Questo port\u00f2 naturalmente gli studiosi cristiani ad esaminare le sacre scritture degli ebrei. Ci\u00f2 che vi trovarono li preoccup\u00f2. Come S. Agobardo diversi secoli prima, scoprirono che la Torah (i primi cinque libri del Vecchio Testamento, in cui fu stabilita l&#8217;alleanza tra Dio e il Suo popolo) pareva di taglia esigua rispetto al Talmud. Quest&#8217;ultimo consisteva in un altro corpo di leggi, considerato dagli ebrei di eguale antichit\u00e0 rispetto alla Torah, sebbene non messo per iscritto fino ai primi secoli d.C. Il Talmud, quindi, era il mezzo con cui l&#8217;ebraismo rabbinico era cresciuto, si era adattato e trasformato.<\/p>\n\n\n\n<p>Tuttavia l&#8217;esistenza del Talmud pose un vero problema alla Chiesa. Una delle ragioni della tolleranza nei confronti degli ebrei era la loro testimonianza, e la preservazione, delle sacre scritture del Vecchio Testamento. La presenza del Talmud indicava che non facevano n\u00e9 uno n\u00e9 l&#8217;altro. Inoltre se, come credevano i cristiani, l&#8217;unica accettabile continuazione dell&#8217;ebraismo risiedeva nel Vangelo e nella redenzione di Cristo, di conseguenza questi ultimi scritti dovevano essere falsi. Improvvisamente l&#8217;ebraismo apparve molto meno come una testimonianza del passato e molto pi\u00f9 un&#8217;eresia del presente.<\/p>\n\n\n\n<p>Il Talmud venne portato all&#8217;attenzione del papato nel 1239 in modo estremamente vigoroso, quando un ex ebreo, Nicholas Donin, inform\u00f2 Papa Gregorio IX di come esso fosse colmo di errori, bestemmie e eresie. Gregorio sped\u00ec una lettera ordinando ai sovrani secolari di confiscare la letteratura ebraica e consegnarla alle autorit\u00e0 ecclesiastiche affinch\u00e9 fosse studiata. L&#8217;anno successivo S. Luigi IX di Francia convoc\u00f2 presso la sua corte un concilio di rabbini per difendere il Talmud.<\/p>\n\n\n\n<p>Essi non riuscirono a convincere gli studiosi della Chiesa, i quali conclusero che il Talmud aveva soppiantato la Torah, conducendo il popolo ebraico ad abbandonare la Legge mosaica. Luigi ordin\u00f2 la confisca delle copie del Talmud a Parigi. Alcuni anni dopo Papa Innocenzo IV, agendo in risposta ai reclami degli ebrei, ordin\u00f2 una nuova indagine del Talmud. Ma la nuova commissione giunse alla medesima conclusione. Il Talmud era pieno di bestemmie contro Dio e contro la fede cristiana.<\/p>\n\n\n\n<p>A causa di queste conclusioni Innocenzo IV conserv\u00f2 nella legislazione canonica il diritto dei papi di agire per preservare l&#8217;ebraismo dall&#8217;eresia. All&#8217;apparenza ci\u00f2 pu\u00f2 sembrare assurdo, ma era del tutto coerente con la difesa di lunga durata degli ebrei da parte della Chiesa. S. Paolo e S. Agostino concordavano che gli ebrei dovessero essere rispettati, non per qualche anacronistico apprezzamento della diversit\u00e0 religiosa, ma perch\u00e9 erano una testimonianza verso la verit\u00e0 dell&#8217;Antico testamento e il popolo eletto che un giorno sarebbe giunto alla salvezza attraverso Cristo.<\/p>\n\n\n\n<p>Il Talmud colpiva il cuore di queste due giustificazioni. D&#8217;ora in avanti per i papi difendere gli ebrei non signific\u00f2 solo difendere i diritti degli ebrei e le persone, ma anche la purezza della fede degli ebrei. In pratica, comunque, le confische del Talmud sostenute dalla Chiesa furono rare.<\/p>\n\n\n\n<p>Il XIII secolo port\u00f2 anche l&#8217;espansione dell&#8217;inquisizione. L&#8217;inquisizione medievale \u00e8 un grande tema, ma molto poco di esso \u00e8 in relazione con gli ebrei. Gli inquisitori domenicani generalmente erano attenti a non calpestare i diritti degli ebrei. Quando lo facevano, gli ebrei portavano velocemente le loro lagnanze a Roma e i papi erano altrettanto veloci nell&#8217;ammonire gli inquisitori.<\/p>\n\n\n\n<p>L&#8217;unico punto in cui l&#8217;inquisizione medievale e gli ebrei si incrociarono fu in materia d&#8217;apostasia. Secondo il diritto Romano, e quindi il diritto Canonico, era proibito che un cristiano si convertisse all&#8217;ebraismo. Il problema era che per tutto il Medioevo le autorit\u00e0 secolari o le popolazioni locali minacciavano frequentemente di attaccare o espellere gli ebrei a meno che non accettassero il battesimo. La maggior parte degli ebrei si spostava, se poteva. Ma molti altri si sarebbero recati al fonte battesimale piuttosto che perdere le loro vite o le loro propriet\u00e0.<\/p>\n\n\n\n<p>Quando la persecuzione era cessata, questi ebrei battezzati sarebbero ritornati all&#8217;ebraismo o, temendo l&#8217;inquisizione, vissuti in un mondo sotterraneo a cavallo delle due fedi. La Chiesa certamente non riconosceva come valida una conversione forzata, purch\u00e9 la persona ripudiasse il battesimo entro un periodo di tempo ragionevole. Tuttavia se qualcuno riceveva il battesimo senza obiezioni, anche se in risposta ad un&#8217;implicita o dichiarata minaccia, questo era considerato valido. In altre parole, sebbene i papi si opponessero alla violenza anti-ebraica, se questa conduceva ad un&#8217;accettazione silenziosa del battesimo forzato, erano costretti a riconoscere la validit\u00e0 del sacramento. Era quindi il lavoro degli inquisitori accertarsi che questi nuovi cristiani rimanessero cristiani.<\/p>\n\n\n\n<p>Di tutte le istituzioni medievali, la Chiesa rimase la sola in Europa a condannare le persecuzioni degli ebrei. Tuttavia queste si verificarono comunque. L&#8217;Inghilterra espulse tutti gli ebrei nel 1290; la Francia nel 1306; la Spagna nel 1492. Gli europei avversavano gli ebrei a causa della loro ricchezza e della natura chiusa della loro societ\u00e0, che sembrava disprezzare i cristiani.<\/p>\n\n\n\n<p>Si credeva comunemente che gli ebrei utilizzassero il sangue dei cristiani nei loro riti, profanassero l&#8217;ostia e si dedicassero all&#8217;omicidio rituale. I re considerarono in misura crescente gli ebrei come non-soggetti e quindi nocivi per i loro regni. Quando nel XIV secolo giunse in europa la Morte nera, gli ebrei furono accusati di inquinare i pozzi o di attirare lo sfavore divino per mezzo dei loro riti. Nel 1348 Papa Clemente VI pubblic\u00f2 delle bolle che ripudiavano queste credenze ampiamente condivise, sostenendo che le vite e le propriet\u00e0 degli ebrei dovessero essere rispettate. Ma queste parole, e quelle dei suoi successori nel XIV secolo, furono ignorate. All&#8217;inizio del XV secolo l&#8217;unico posto sicuro in Europa per essere un ebreo era nelle terre del Papa.<\/p>\n\n\n\n<p>Potremmo certo desiderare che il rapporto tra la Chiesa cattolica medievale e gli ebrei fosse stato migliore, pi\u00f9 amichevole, pi\u00f9 moderno. Ma non era moderno, n\u00e9 dovremmo attenderci che lo fosse. E&#8217; stato comunque un rapporto segnato dal rispetto reciproco e da un considerevole grado di tolleranza in un&#8217;epoca che conosceva poco di entrambi.<\/p>\n\n\n\n<p><em>Thomas F. Madden \u00e8 professore associato e presiede il Dipartimento di storia presso la Saint Louis University.<\/em><\/p>\n","protected":false},"excerpt":{"rendered":"<p>pubblicato su Crisis\u00a0Vol. 21 n. 1 &#8211; gennaio 2003 Fu nella sua lettera ai Romani che S. Paolo pose le basi dell&#8217;atteggiamento della Chiesa medievale nei confronti degli ebrei. In essa scriveva: Io domando dunque: Dio avrebbe forse ripudiato il suo popolo? Impossibile! Anch&#8217;io infatti sono Israelita, della discendenza di Abramo, della trib\u00f9 di Beniamino. &hellip; <\/p>\n<p><a class=\"more-link btn\" href=\"https:\/\/www.rassegnastampa-totustuus.it\/cattolica\/la-chiesa-e-gli-ebrei-nel-medioevo\/\">Continua a leggere<\/a><\/p>\n","protected":false},"author":6,"featured_media":27186,"comment_status":"closed","ping_status":"open","sticky":false,"template":"","format":"standard","meta":{"footnotes":""},"categories":[28,91,24],"tags":[3176],"class_list":["post-194","post","type-post","status-publish","format-standard","has-post-thumbnail","hentry","category-chiesa-ed-ebrei","category-medioevo","category-storia","tag-tolleranza-religiosa","item-wrap"],"yoast_head":"<!-- This site is optimized with the Yoast SEO plugin v27.5 - https:\/\/yoast.com\/product\/yoast-seo-wordpress\/ -->\n<title>La Chiesa e gli Ebrei nel Medioevo - Rassegna Stampa Cattolica<\/title>\n<meta name=\"description\" content=\"La Chiesa e gli Ebrei nel Medioevo. la tolleranza cristiana e l&#039;intolleranza degli ebrei nei confronti dei &quot;settari&quot;, ovvero i cattolici\" \/>\n<meta name=\"robots\" content=\"index, follow, max-snippet:-1, max-image-preview:large, max-video-preview:-1\" \/>\n<link rel=\"canonical\" href=\"https:\/\/www.rassegnastampa-totustuus.it\/cattolica\/la-chiesa-e-gli-ebrei-nel-medioevo\/\" \/>\n<meta property=\"og:locale\" content=\"it_IT\" \/>\n<meta property=\"og:type\" content=\"article\" \/>\n<meta property=\"og:title\" content=\"La Chiesa e gli Ebrei nel Medioevo - Rassegna Stampa Cattolica\" \/>\n<meta property=\"og:description\" content=\"La Chiesa e gli Ebrei nel Medioevo. la tolleranza cristiana e l&#039;intolleranza degli ebrei nei confronti dei &quot;settari&quot;, ovvero i cattolici\" \/>\n<meta property=\"og:url\" content=\"https:\/\/www.rassegnastampa-totustuus.it\/cattolica\/la-chiesa-e-gli-ebrei-nel-medioevo\/\" \/>\n<meta property=\"og:site_name\" content=\"Rassegna Stampa Cattolica\" \/>\n<meta property=\"article:publisher\" content=\"https:\/\/www.facebook.com\/rassegnastampacattolica\" \/>\n<meta property=\"article:published_time\" content=\"2004-11-23T15:44:17+00:00\" \/>\n<meta property=\"article:modified_time\" content=\"2025-07-03T15:34:03+00:00\" \/>\n<meta property=\"og:image\" content=\"https:\/\/www.rassegnastampa-totustuus.it\/cattolica\/wp-content\/uploads\/2004\/11\/ebrei.jpg\" \/>\n\t<meta property=\"og:image:width\" content=\"259\" \/>\n\t<meta property=\"og:image:height\" content=\"194\" \/>\n\t<meta property=\"og:image:type\" content=\"image\/jpeg\" \/>\n<meta name=\"author\" content=\"Redazione\" \/>\n<meta name=\"twitter:card\" content=\"summary_large_image\" \/>\n<meta name=\"twitter:creator\" content=\"@rassegnastampa9\" \/>\n<meta name=\"twitter:site\" content=\"@rassegnastampa9\" \/>\n<meta name=\"twitter:label1\" content=\"Scritto da\" \/>\n\t<meta name=\"twitter:data1\" content=\"Redazione\" \/>\n\t<meta name=\"twitter:label2\" content=\"Tempo di lettura stimato\" \/>\n\t<meta name=\"twitter:data2\" content=\"22 minuti\" \/>\n<script type=\"application\/ld+json\" class=\"yoast-schema-graph\">{\"@context\":\"https:\\\/\\\/schema.org\",\"@graph\":[{\"@type\":\"Article\",\"@id\":\"https:\\\/\\\/www.rassegnastampa-totustuus.it\\\/cattolica\\\/la-chiesa-e-gli-ebrei-nel-medioevo\\\/#article\",\"isPartOf\":{\"@id\":\"https:\\\/\\\/www.rassegnastampa-totustuus.it\\\/cattolica\\\/la-chiesa-e-gli-ebrei-nel-medioevo\\\/\"},\"author\":{\"name\":\"Redazione\",\"@id\":\"https:\\\/\\\/www.rassegnastampa-totustuus.it\\\/cattolica\\\/#\\\/schema\\\/person\\\/08f319d2bd1a0904ad9e2bfb7b15e5c3\"},\"headline\":\"La Chiesa e gli Ebrei nel Medioevo\",\"datePublished\":\"2004-11-23T15:44:17+00:00\",\"dateModified\":\"2025-07-03T15:34:03+00:00\",\"mainEntityOfPage\":{\"@id\":\"https:\\\/\\\/www.rassegnastampa-totustuus.it\\\/cattolica\\\/la-chiesa-e-gli-ebrei-nel-medioevo\\\/\"},\"wordCount\":3983,\"publisher\":{\"@id\":\"https:\\\/\\\/www.rassegnastampa-totustuus.it\\\/cattolica\\\/#organization\"},\"image\":{\"@id\":\"https:\\\/\\\/www.rassegnastampa-totustuus.it\\\/cattolica\\\/la-chiesa-e-gli-ebrei-nel-medioevo\\\/#primaryimage\"},\"thumbnailUrl\":\"https:\\\/\\\/www.rassegnastampa-totustuus.it\\\/cattolica\\\/wp-content\\\/uploads\\\/2004\\\/11\\\/ebrei.jpg\",\"keywords\":[\"tolleranza religiosa\"],\"articleSection\":[\"Chiesa ed ebrei\",\"Medioevo\",\"Storia\"],\"inLanguage\":\"it-IT\"},{\"@type\":\"WebPage\",\"@id\":\"https:\\\/\\\/www.rassegnastampa-totustuus.it\\\/cattolica\\\/la-chiesa-e-gli-ebrei-nel-medioevo\\\/\",\"url\":\"https:\\\/\\\/www.rassegnastampa-totustuus.it\\\/cattolica\\\/la-chiesa-e-gli-ebrei-nel-medioevo\\\/\",\"name\":\"La Chiesa e gli Ebrei nel Medioevo - Rassegna Stampa Cattolica\",\"isPartOf\":{\"@id\":\"https:\\\/\\\/www.rassegnastampa-totustuus.it\\\/cattolica\\\/#website\"},\"primaryImageOfPage\":{\"@id\":\"https:\\\/\\\/www.rassegnastampa-totustuus.it\\\/cattolica\\\/la-chiesa-e-gli-ebrei-nel-medioevo\\\/#primaryimage\"},\"image\":{\"@id\":\"https:\\\/\\\/www.rassegnastampa-totustuus.it\\\/cattolica\\\/la-chiesa-e-gli-ebrei-nel-medioevo\\\/#primaryimage\"},\"thumbnailUrl\":\"https:\\\/\\\/www.rassegnastampa-totustuus.it\\\/cattolica\\\/wp-content\\\/uploads\\\/2004\\\/11\\\/ebrei.jpg\",\"datePublished\":\"2004-11-23T15:44:17+00:00\",\"dateModified\":\"2025-07-03T15:34:03+00:00\",\"description\":\"La Chiesa e gli Ebrei nel Medioevo. la tolleranza cristiana e l'intolleranza degli ebrei nei confronti dei \\\"settari\\\", ovvero i cattolici\",\"breadcrumb\":{\"@id\":\"https:\\\/\\\/www.rassegnastampa-totustuus.it\\\/cattolica\\\/la-chiesa-e-gli-ebrei-nel-medioevo\\\/#breadcrumb\"},\"inLanguage\":\"it-IT\",\"potentialAction\":[{\"@type\":\"ReadAction\",\"target\":[\"https:\\\/\\\/www.rassegnastampa-totustuus.it\\\/cattolica\\\/la-chiesa-e-gli-ebrei-nel-medioevo\\\/\"]}]},{\"@type\":\"ImageObject\",\"inLanguage\":\"it-IT\",\"@id\":\"https:\\\/\\\/www.rassegnastampa-totustuus.it\\\/cattolica\\\/la-chiesa-e-gli-ebrei-nel-medioevo\\\/#primaryimage\",\"url\":\"https:\\\/\\\/www.rassegnastampa-totustuus.it\\\/cattolica\\\/wp-content\\\/uploads\\\/2004\\\/11\\\/ebrei.jpg\",\"contentUrl\":\"https:\\\/\\\/www.rassegnastampa-totustuus.it\\\/cattolica\\\/wp-content\\\/uploads\\\/2004\\\/11\\\/ebrei.jpg\",\"width\":259,\"height\":194},{\"@type\":\"BreadcrumbList\",\"@id\":\"https:\\\/\\\/www.rassegnastampa-totustuus.it\\\/cattolica\\\/la-chiesa-e-gli-ebrei-nel-medioevo\\\/#breadcrumb\",\"itemListElement\":[{\"@type\":\"ListItem\",\"position\":1,\"name\":\"Home\",\"item\":\"https:\\\/\\\/www.rassegnastampa-totustuus.it\\\/cattolica\\\/\"},{\"@type\":\"ListItem\",\"position\":2,\"name\":\"La Chiesa e gli Ebrei nel Medioevo\"}]},{\"@type\":\"WebSite\",\"@id\":\"https:\\\/\\\/www.rassegnastampa-totustuus.it\\\/cattolica\\\/#website\",\"url\":\"https:\\\/\\\/www.rassegnastampa-totustuus.it\\\/cattolica\\\/\",\"name\":\"Rassegna Stampa Cattolica\",\"description\":\"Per una cultura che nasce dalla Rivelazione cristiana in conformit\u00e0 alla tradizione e al Magistero della Chiesa in opposizione ad ogni relativismo e totalitarismo\",\"publisher\":{\"@id\":\"https:\\\/\\\/www.rassegnastampa-totustuus.it\\\/cattolica\\\/#organization\"},\"alternateName\":\"Rass. Cattolica\",\"potentialAction\":[{\"@type\":\"SearchAction\",\"target\":{\"@type\":\"EntryPoint\",\"urlTemplate\":\"https:\\\/\\\/www.rassegnastampa-totustuus.it\\\/cattolica\\\/?s={search_term_string}\"},\"query-input\":{\"@type\":\"PropertyValueSpecification\",\"valueRequired\":true,\"valueName\":\"search_term_string\"}}],\"inLanguage\":\"it-IT\"},{\"@type\":\"Organization\",\"@id\":\"https:\\\/\\\/www.rassegnastampa-totustuus.it\\\/cattolica\\\/#organization\",\"name\":\"Rassegna Stampa Cattolica\",\"url\":\"https:\\\/\\\/www.rassegnastampa-totustuus.it\\\/cattolica\\\/\",\"logo\":{\"@type\":\"ImageObject\",\"inLanguage\":\"it-IT\",\"@id\":\"https:\\\/\\\/www.rassegnastampa-totustuus.it\\\/cattolica\\\/#\\\/schema\\\/logo\\\/image\\\/\",\"url\":\"https:\\\/\\\/www.rassegnastampa-totustuus.it\\\/cattolica\\\/wp-content\\\/uploads\\\/2014\\\/04\\\/logo-rassegna1.gif\",\"contentUrl\":\"https:\\\/\\\/www.rassegnastampa-totustuus.it\\\/cattolica\\\/wp-content\\\/uploads\\\/2014\\\/04\\\/logo-rassegna1.gif\",\"width\":600,\"height\":163,\"caption\":\"Rassegna Stampa Cattolica\"},\"image\":{\"@id\":\"https:\\\/\\\/www.rassegnastampa-totustuus.it\\\/cattolica\\\/#\\\/schema\\\/logo\\\/image\\\/\"},\"sameAs\":[\"https:\\\/\\\/www.facebook.com\\\/rassegnastampacattolica\",\"https:\\\/\\\/x.com\\\/rassegnastampa9\"]},{\"@type\":\"Person\",\"@id\":\"https:\\\/\\\/www.rassegnastampa-totustuus.it\\\/cattolica\\\/#\\\/schema\\\/person\\\/08f319d2bd1a0904ad9e2bfb7b15e5c3\",\"name\":\"Redazione\",\"image\":{\"@type\":\"ImageObject\",\"inLanguage\":\"it-IT\",\"@id\":\"https:\\\/\\\/secure.gravatar.com\\\/avatar\\\/2fcdf27c78ea025fbdb44e914cc63c72249ffec9dc8aafd5c82b26240ef3f346?s=96&d=mm&r=g\",\"url\":\"https:\\\/\\\/secure.gravatar.com\\\/avatar\\\/2fcdf27c78ea025fbdb44e914cc63c72249ffec9dc8aafd5c82b26240ef3f346?s=96&d=mm&r=g\",\"contentUrl\":\"https:\\\/\\\/secure.gravatar.com\\\/avatar\\\/2fcdf27c78ea025fbdb44e914cc63c72249ffec9dc8aafd5c82b26240ef3f346?s=96&d=mm&r=g\",\"caption\":\"Redazione\"},\"url\":\"https:\\\/\\\/www.rassegnastampa-totustuus.it\\\/cattolica\\\/author\\\/pietroelle\\\/\"}]}<\/script>\n<!-- \/ Yoast SEO plugin. -->","yoast_head_json":{"title":"La Chiesa e gli Ebrei nel Medioevo - Rassegna Stampa Cattolica","description":"La Chiesa e gli Ebrei nel Medioevo. la tolleranza cristiana e l'intolleranza degli ebrei nei confronti dei \"settari\", ovvero i cattolici","robots":{"index":"index","follow":"follow","max-snippet":"max-snippet:-1","max-image-preview":"max-image-preview:large","max-video-preview":"max-video-preview:-1"},"canonical":"https:\/\/www.rassegnastampa-totustuus.it\/cattolica\/la-chiesa-e-gli-ebrei-nel-medioevo\/","og_locale":"it_IT","og_type":"article","og_title":"La Chiesa e gli Ebrei nel Medioevo - Rassegna Stampa Cattolica","og_description":"La Chiesa e gli Ebrei nel Medioevo. la tolleranza cristiana e l'intolleranza degli ebrei nei confronti dei \"settari\", ovvero i cattolici","og_url":"https:\/\/www.rassegnastampa-totustuus.it\/cattolica\/la-chiesa-e-gli-ebrei-nel-medioevo\/","og_site_name":"Rassegna Stampa Cattolica","article_publisher":"https:\/\/www.facebook.com\/rassegnastampacattolica","article_published_time":"2004-11-23T15:44:17+00:00","article_modified_time":"2025-07-03T15:34:03+00:00","og_image":[{"width":259,"height":194,"url":"https:\/\/www.rassegnastampa-totustuus.it\/cattolica\/wp-content\/uploads\/2004\/11\/ebrei.jpg","type":"image\/jpeg"}],"author":"Redazione","twitter_card":"summary_large_image","twitter_creator":"@rassegnastampa9","twitter_site":"@rassegnastampa9","twitter_misc":{"Scritto da":"Redazione","Tempo di lettura stimato":"22 minuti"},"schema":{"@context":"https:\/\/schema.org","@graph":[{"@type":"Article","@id":"https:\/\/www.rassegnastampa-totustuus.it\/cattolica\/la-chiesa-e-gli-ebrei-nel-medioevo\/#article","isPartOf":{"@id":"https:\/\/www.rassegnastampa-totustuus.it\/cattolica\/la-chiesa-e-gli-ebrei-nel-medioevo\/"},"author":{"name":"Redazione","@id":"https:\/\/www.rassegnastampa-totustuus.it\/cattolica\/#\/schema\/person\/08f319d2bd1a0904ad9e2bfb7b15e5c3"},"headline":"La Chiesa e gli Ebrei nel Medioevo","datePublished":"2004-11-23T15:44:17+00:00","dateModified":"2025-07-03T15:34:03+00:00","mainEntityOfPage":{"@id":"https:\/\/www.rassegnastampa-totustuus.it\/cattolica\/la-chiesa-e-gli-ebrei-nel-medioevo\/"},"wordCount":3983,"publisher":{"@id":"https:\/\/www.rassegnastampa-totustuus.it\/cattolica\/#organization"},"image":{"@id":"https:\/\/www.rassegnastampa-totustuus.it\/cattolica\/la-chiesa-e-gli-ebrei-nel-medioevo\/#primaryimage"},"thumbnailUrl":"https:\/\/www.rassegnastampa-totustuus.it\/cattolica\/wp-content\/uploads\/2004\/11\/ebrei.jpg","keywords":["tolleranza religiosa"],"articleSection":["Chiesa ed ebrei","Medioevo","Storia"],"inLanguage":"it-IT"},{"@type":"WebPage","@id":"https:\/\/www.rassegnastampa-totustuus.it\/cattolica\/la-chiesa-e-gli-ebrei-nel-medioevo\/","url":"https:\/\/www.rassegnastampa-totustuus.it\/cattolica\/la-chiesa-e-gli-ebrei-nel-medioevo\/","name":"La Chiesa e gli Ebrei nel Medioevo - Rassegna Stampa Cattolica","isPartOf":{"@id":"https:\/\/www.rassegnastampa-totustuus.it\/cattolica\/#website"},"primaryImageOfPage":{"@id":"https:\/\/www.rassegnastampa-totustuus.it\/cattolica\/la-chiesa-e-gli-ebrei-nel-medioevo\/#primaryimage"},"image":{"@id":"https:\/\/www.rassegnastampa-totustuus.it\/cattolica\/la-chiesa-e-gli-ebrei-nel-medioevo\/#primaryimage"},"thumbnailUrl":"https:\/\/www.rassegnastampa-totustuus.it\/cattolica\/wp-content\/uploads\/2004\/11\/ebrei.jpg","datePublished":"2004-11-23T15:44:17+00:00","dateModified":"2025-07-03T15:34:03+00:00","description":"La Chiesa e gli Ebrei nel Medioevo. la tolleranza cristiana e l'intolleranza degli ebrei nei confronti dei \"settari\", ovvero i cattolici","breadcrumb":{"@id":"https:\/\/www.rassegnastampa-totustuus.it\/cattolica\/la-chiesa-e-gli-ebrei-nel-medioevo\/#breadcrumb"},"inLanguage":"it-IT","potentialAction":[{"@type":"ReadAction","target":["https:\/\/www.rassegnastampa-totustuus.it\/cattolica\/la-chiesa-e-gli-ebrei-nel-medioevo\/"]}]},{"@type":"ImageObject","inLanguage":"it-IT","@id":"https:\/\/www.rassegnastampa-totustuus.it\/cattolica\/la-chiesa-e-gli-ebrei-nel-medioevo\/#primaryimage","url":"https:\/\/www.rassegnastampa-totustuus.it\/cattolica\/wp-content\/uploads\/2004\/11\/ebrei.jpg","contentUrl":"https:\/\/www.rassegnastampa-totustuus.it\/cattolica\/wp-content\/uploads\/2004\/11\/ebrei.jpg","width":259,"height":194},{"@type":"BreadcrumbList","@id":"https:\/\/www.rassegnastampa-totustuus.it\/cattolica\/la-chiesa-e-gli-ebrei-nel-medioevo\/#breadcrumb","itemListElement":[{"@type":"ListItem","position":1,"name":"Home","item":"https:\/\/www.rassegnastampa-totustuus.it\/cattolica\/"},{"@type":"ListItem","position":2,"name":"La Chiesa e gli Ebrei nel Medioevo"}]},{"@type":"WebSite","@id":"https:\/\/www.rassegnastampa-totustuus.it\/cattolica\/#website","url":"https:\/\/www.rassegnastampa-totustuus.it\/cattolica\/","name":"Rassegna Stampa Cattolica","description":"Per una cultura che nasce dalla Rivelazione cristiana in conformit\u00e0 alla tradizione e al Magistero della Chiesa in opposizione ad ogni relativismo e totalitarismo","publisher":{"@id":"https:\/\/www.rassegnastampa-totustuus.it\/cattolica\/#organization"},"alternateName":"Rass. Cattolica","potentialAction":[{"@type":"SearchAction","target":{"@type":"EntryPoint","urlTemplate":"https:\/\/www.rassegnastampa-totustuus.it\/cattolica\/?s={search_term_string}"},"query-input":{"@type":"PropertyValueSpecification","valueRequired":true,"valueName":"search_term_string"}}],"inLanguage":"it-IT"},{"@type":"Organization","@id":"https:\/\/www.rassegnastampa-totustuus.it\/cattolica\/#organization","name":"Rassegna Stampa Cattolica","url":"https:\/\/www.rassegnastampa-totustuus.it\/cattolica\/","logo":{"@type":"ImageObject","inLanguage":"it-IT","@id":"https:\/\/www.rassegnastampa-totustuus.it\/cattolica\/#\/schema\/logo\/image\/","url":"https:\/\/www.rassegnastampa-totustuus.it\/cattolica\/wp-content\/uploads\/2014\/04\/logo-rassegna1.gif","contentUrl":"https:\/\/www.rassegnastampa-totustuus.it\/cattolica\/wp-content\/uploads\/2014\/04\/logo-rassegna1.gif","width":600,"height":163,"caption":"Rassegna Stampa Cattolica"},"image":{"@id":"https:\/\/www.rassegnastampa-totustuus.it\/cattolica\/#\/schema\/logo\/image\/"},"sameAs":["https:\/\/www.facebook.com\/rassegnastampacattolica","https:\/\/x.com\/rassegnastampa9"]},{"@type":"Person","@id":"https:\/\/www.rassegnastampa-totustuus.it\/cattolica\/#\/schema\/person\/08f319d2bd1a0904ad9e2bfb7b15e5c3","name":"Redazione","image":{"@type":"ImageObject","inLanguage":"it-IT","@id":"https:\/\/secure.gravatar.com\/avatar\/2fcdf27c78ea025fbdb44e914cc63c72249ffec9dc8aafd5c82b26240ef3f346?s=96&d=mm&r=g","url":"https:\/\/secure.gravatar.com\/avatar\/2fcdf27c78ea025fbdb44e914cc63c72249ffec9dc8aafd5c82b26240ef3f346?s=96&d=mm&r=g","contentUrl":"https:\/\/secure.gravatar.com\/avatar\/2fcdf27c78ea025fbdb44e914cc63c72249ffec9dc8aafd5c82b26240ef3f346?s=96&d=mm&r=g","caption":"Redazione"},"url":"https:\/\/www.rassegnastampa-totustuus.it\/cattolica\/author\/pietroelle\/"}]}},"_links":{"self":[{"href":"https:\/\/www.rassegnastampa-totustuus.it\/cattolica\/wp-json\/wp\/v2\/posts\/194","targetHints":{"allow":["GET"]}}],"collection":[{"href":"https:\/\/www.rassegnastampa-totustuus.it\/cattolica\/wp-json\/wp\/v2\/posts"}],"about":[{"href":"https:\/\/www.rassegnastampa-totustuus.it\/cattolica\/wp-json\/wp\/v2\/types\/post"}],"author":[{"embeddable":true,"href":"https:\/\/www.rassegnastampa-totustuus.it\/cattolica\/wp-json\/wp\/v2\/users\/6"}],"replies":[{"embeddable":true,"href":"https:\/\/www.rassegnastampa-totustuus.it\/cattolica\/wp-json\/wp\/v2\/comments?post=194"}],"version-history":[{"count":5,"href":"https:\/\/www.rassegnastampa-totustuus.it\/cattolica\/wp-json\/wp\/v2\/posts\/194\/revisions"}],"predecessor-version":[{"id":62847,"href":"https:\/\/www.rassegnastampa-totustuus.it\/cattolica\/wp-json\/wp\/v2\/posts\/194\/revisions\/62847"}],"wp:featuredmedia":[{"embeddable":true,"href":"https:\/\/www.rassegnastampa-totustuus.it\/cattolica\/wp-json\/wp\/v2\/media\/27186"}],"wp:attachment":[{"href":"https:\/\/www.rassegnastampa-totustuus.it\/cattolica\/wp-json\/wp\/v2\/media?parent=194"}],"wp:term":[{"taxonomy":"category","embeddable":true,"href":"https:\/\/www.rassegnastampa-totustuus.it\/cattolica\/wp-json\/wp\/v2\/categories?post=194"},{"taxonomy":"post_tag","embeddable":true,"href":"https:\/\/www.rassegnastampa-totustuus.it\/cattolica\/wp-json\/wp\/v2\/tags?post=194"}],"curies":[{"name":"wp","href":"https:\/\/api.w.org\/{rel}","templated":true}]}}