{"id":1934,"date":"2006-03-13T12:37:33","date_gmt":"2006-03-13T11:37:33","guid":{"rendered":""},"modified":"2016-07-07T15:52:22","modified_gmt":"2016-07-07T13:52:22","slug":"la-cdl-un-problema-ma-la-soluzione-qual","status":"publish","type":"post","link":"https:\/\/www.rassegnastampa-totustuus.it\/cattolica\/la-cdl-un-problema-ma-la-soluzione-qual\/","title":{"rendered":"La Cdl &egrave; un problema, ma la soluzione qual &egrave;?"},"content":{"rendered":"<div style=\"text-align: center;\"><strong><img loading=\"lazy\" decoding=\"async\" class=\"size-full wp-image-35829 alignleft\" src=\"https:\/\/www.rassegnastampa-totustuus.it\/cattolica\/wp-content\/uploads\/2006\/03\/casa_libert\u00e0.png\" alt=\"casa_libert\u00e0\" width=\"120\" height=\"120\" \/>Tempi <\/strong>n.11 del 9 marzo 2006<\/div>\n<p style=\"text-align: center;\">di <strong>Luigi Amicone <\/strong><\/p>\n<p><!--more--><\/p>\n<div style=\"text-align: justify;\">Caro direttore, \u00e8 vero che la magistratura politicizzata e i poteri forti non gli sono mai stati amici. \u00c8 vero che c&#8217;\u00e8 stato l&#8217;11 settembre, la guerra in Irak e in Afghanistan e l&#8217;euro. ma, ci sono tanti &#8220;ma&#8221;.<\/div>\n<p style=\"text-align: justify;\">Mi chiedo perch\u00e9 enormi sforzi, lucida determinazione, intelligenza politica, compattezza di schieramento, scaltrezza, furbizia, tatticismo e una certa dose di sfacciata intransigenza siano stati messi in campo soltanto quando vi erano in gioco interessi personali o d&#8217;azienda, diretti o indiretti. Possibile che tutte le cartucce in termini di credibilit\u00e0 e forza di trattativa sono state spese per la legge Gasparri e leggi sulla giustizia ad hoc (che tra l&#8217;altro ho ritenuto giuste perch\u00e9 ho sempre pensato che Berlusconi si stava difendendo da chi non avrebbe esitato a combattere con qualsiasi mezzo contro di lui)?<\/p>\n<p style=\"text-align: justify;\">C&#8217;\u00e8 stata una lotta estenuante per l&#8217;articolo 18 che ha messo in pericolo una delle poche cose buone fatte da questo governo (anche se l&#8217;interinale e la flessibilit\u00e0 obiettivamente non sono la soluzione per chi deve comprare una casa e mettere su famiglia).<\/p>\n<p style=\"text-align: justify;\">Le banche erogano mutui anche a persone giovani che hanno un lavoro flessibile o pensano solo a spennare i correntisti? Le imprese sono davvero disposte ad assumere gente che per vari motivi \u00e8 stata esclusa dal mercato del lavoro, che \u00e8 giovane e pronta a rientrare? (penso a mia moglie, 35 anni, ingegnere, 3 figli, rimasta a casa perch\u00e9 i ritmi eccessivi di lavoro erano inconciliabili con il ruolo di mamma).<\/p>\n<p style=\"text-align: justify;\">Ho una brutta idea per la testa: andr\u00e0 a finire che la nostra generazione dovr\u00e0 lavorare fino a 70 anni, non avr\u00e0 la pensione per evidenti squilibri demografici e si trover\u00e0 vecchia, fuori mercato, gi\u00e0 a 40. Ma una famiglia monoreddito, 3 figli, una casa di 60 mq di propriet\u00e0, pu\u00f2 pensare contemporaneamente di 1) costruirsi una o pi\u00f9 pensioni, 2) comprare una casa pi\u00f9 grande, 3) mandare i figli nelle scuole libere, 4) vivere assicurando un minimo di benessere ai suoi componenti? Sto parlando di me e di mia moglie, entrambi laureati.<\/p>\n<p style=\"text-align: justify;\">La povert\u00e0 ha tante facce, non solo quella misurata dall&#8217;Istat. Cosa \u00e8 stato fatto per combattere il carovita dell&#8217;euro di Prodi? Sar\u00e0 per deformazione professionale (sono laureato in statistica e mi piace giocare con i numeri) ma gli indizi c&#8217;erano tutti. In realt\u00e0 in tutta Europa c&#8217;\u00e8 stato un livellamento programmato verso l&#8217;alto dei prezzi che nessun governo ha saputo e voluto affrontare. D&#8217;accordo, preservare la fiducia dei consumatori \u00e8 importante. Tuttavia credo che un po&#8217; pi\u00f9 di umilt\u00e0 e sincerit\u00e0 non avrebbero guastato.<\/p>\n<p style=\"text-align: justify;\">Si \u00e8 dovuto aspettare il fenomeno &#8220;furbetti del quartierino&#8221; per scoprire le spaventose speculazioni fatte sugli immobili? Le grandi aziende assicurative e i colossi bancari che li hanno a bilancio, che li comprano e li vendono a tamburo battente, non se ne sono mai accorti? Ci sono giovani coppie che aspettano anni prima di sposarsi (io ne ho aspettati parecchi).<\/p>\n<p style=\"text-align: justify;\">Oppure famiglie che hanno problemi per trovare una casa pi\u00f9 grande e che magari rimandano la nascita di altri figli. Una volta il popolo aveva una percezione migliore di quello che stava accadendo (perlomeno capiva se c&#8217;era una carestia ad esempio), ora naviga a vista.<\/p>\n<p style=\"text-align: justify;\">Sapete che una scuola econometrica che si rif\u00e0 al &#8220;gruppo di Chicago&#8221; non fa alcuna differenza tra il controllo delle nascite della Cina comunista che ammazza i bambini e il controllo delle nascite organizzato in Occidente tramite l&#8217;innalzamento dei costi, monetizzabili e non (specialmente per le donne in termini di costi opportunit\u00e0), per la crescita della prole?<\/p>\n<p style=\"text-align: justify;\">Cosa si \u00e8 fatto realmente per la famiglia e l&#8217;educazione? In Austria (ci vado in vacanza ogni anno due settimane, costa meno dell&#8217;Italia ed \u00e8 bellissima) danno i contributi alle famiglie persino per acquistare la monovolume quando arriva il quarto figlio. Ma qui in Italia c&#8217;\u00e8 qualcuno che vuole realmente il bene del popolo? Il guaio \u00e8 che all&#8217;opposizione c&#8217;\u00e8 il nulla assoluto.<\/p>\n<p style=\"text-align: right;\">Maurizio Borghi, Milano<\/p>\n<p style=\"text-align: justify;\"><em>Vasti problemi. Che esigerebbero vasti interventi. Avete davanti 281 pagine gialle di una Unione che tiene insieme parole e programmi che vanno da Marte a Venere passando dalla costellazione dei Pesci. Dall&#8217;altra, dieci miseri e concreti punticini di Berlusconi. Siamo in piena carestia. Di professionisti della politica e, specialmente, di tutte le altre arti. Non abbiamo risposte neanche noi. Per\u00f2 il guaio \u00e8 quello, caro Borghi. Perci\u00f2 non possiamo non dirci berlusconiani. E che Dio ce la mandi buona<\/em><\/p>\n","protected":false},"excerpt":{"rendered":"<p>Tempi n.11 del 9 marzo 2006 di Luigi Amicone<\/p><p><a class=\"more-link btn\" href=\"https:\/\/www.rassegnastampa-totustuus.it\/cattolica\/la-cdl-un-problema-ma-la-soluzione-qual\/\">Continua a leggere<\/a><\/p>\n","protected":false},"author":6,"featured_media":35829,"comment_status":"closed","ping_status":"open","sticky":false,"template":"","format":"standard","meta":{"footnotes":""},"categories":[20],"tags":[426,1240],"class_list":["post-1934","post","type-post","status-publish","format-standard","has-post-thumbnail","hentry","category-politica-nazionale","tag-berlusconi","tag-cdl","item-wrap"],"yoast_head":"<!-- This site is optimized with the Yoast SEO plugin v27.5 - https:\/\/yoast.com\/product\/yoast-seo-wordpress\/ -->\n<title>La Cdl &egrave; un problema, ma la soluzione qual &egrave;? - Rassegna Stampa Cattolica<\/title>\n<meta name=\"description\" content=\"Rassegna Stampa Cattolica - Per una cultura che nasce dalla Rivelazione cristiana in conformit\u00e0 alla tradizione e al Magistero della Chiesa in opposizione ad ogni relativismo e totalitarismo\" \/>\n<meta name=\"robots\" content=\"index, follow, max-snippet:-1, max-image-preview:large, max-video-preview:-1\" \/>\n<link rel=\"canonical\" href=\"https:\/\/www.rassegnastampa-totustuus.it\/cattolica\/la-cdl-un-problema-ma-la-soluzione-qual\/\" \/>\n<meta property=\"og:locale\" content=\"it_IT\" \/>\n<meta property=\"og:type\" content=\"article\" \/>\n<meta property=\"og:title\" content=\"La Cdl &egrave; un problema, ma la soluzione qual &egrave;? - Rassegna Stampa Cattolica\" \/>\n<meta property=\"og:description\" content=\"Rassegna Stampa Cattolica - Per una cultura che nasce dalla Rivelazione cristiana in conformit\u00e0 alla tradizione e al Magistero della Chiesa in opposizione ad ogni relativismo e totalitarismo\" \/>\n<meta property=\"og:url\" content=\"https:\/\/www.rassegnastampa-totustuus.it\/cattolica\/la-cdl-un-problema-ma-la-soluzione-qual\/\" \/>\n<meta property=\"og:site_name\" content=\"Rassegna Stampa Cattolica\" \/>\n<meta property=\"article:publisher\" content=\"https:\/\/www.facebook.com\/rassegnastampacattolica\" \/>\n<meta property=\"article:published_time\" content=\"2006-03-13T11:37:33+00:00\" \/>\n<meta property=\"article:modified_time\" content=\"2016-07-07T13:52:22+00:00\" \/>\n<meta property=\"og:image\" content=\"https:\/\/www.rassegnastampa-totustuus.it\/cattolica\/wp-content\/uploads\/2006\/03\/casa_libert\u00e0.png\" \/>\n\t<meta property=\"og:image:width\" content=\"120\" \/>\n\t<meta property=\"og:image:height\" content=\"120\" \/>\n\t<meta property=\"og:image:type\" content=\"image\/png\" \/>\n<meta name=\"author\" content=\"Redazione\" \/>\n<meta name=\"twitter:card\" content=\"summary_large_image\" \/>\n<meta name=\"twitter:creator\" content=\"@rassegnastampa9\" \/>\n<meta name=\"twitter:site\" content=\"@rassegnastampa9\" \/>\n<meta name=\"twitter:label1\" content=\"Scritto da\" \/>\n\t<meta name=\"twitter:data1\" content=\"Redazione\" \/>\n\t<meta name=\"twitter:label2\" content=\"Tempo di lettura stimato\" \/>\n\t<meta name=\"twitter:data2\" content=\"4 minuti\" \/>\n<script type=\"application\/ld+json\" class=\"yoast-schema-graph\">{\"@context\":\"https:\\\/\\\/schema.org\",\"@graph\":[{\"@type\":\"Article\",\"@id\":\"https:\\\/\\\/www.rassegnastampa-totustuus.it\\\/cattolica\\\/la-cdl-un-problema-ma-la-soluzione-qual\\\/#article\",\"isPartOf\":{\"@id\":\"https:\\\/\\\/www.rassegnastampa-totustuus.it\\\/cattolica\\\/la-cdl-un-problema-ma-la-soluzione-qual\\\/\"},\"author\":{\"name\":\"Redazione\",\"@id\":\"https:\\\/\\\/www.rassegnastampa-totustuus.it\\\/cattolica\\\/#\\\/schema\\\/person\\\/08f319d2bd1a0904ad9e2bfb7b15e5c3\"},\"headline\":\"La Cdl &egrave; un problema, ma la soluzione qual &egrave;?\",\"datePublished\":\"2006-03-13T11:37:33+00:00\",\"dateModified\":\"2016-07-07T13:52:22+00:00\",\"mainEntityOfPage\":{\"@id\":\"https:\\\/\\\/www.rassegnastampa-totustuus.it\\\/cattolica\\\/la-cdl-un-problema-ma-la-soluzione-qual\\\/\"},\"wordCount\":741,\"publisher\":{\"@id\":\"https:\\\/\\\/www.rassegnastampa-totustuus.it\\\/cattolica\\\/#organization\"},\"image\":{\"@id\":\"https:\\\/\\\/www.rassegnastampa-totustuus.it\\\/cattolica\\\/la-cdl-un-problema-ma-la-soluzione-qual\\\/#primaryimage\"},\"thumbnailUrl\":\"https:\\\/\\\/www.rassegnastampa-totustuus.it\\\/cattolica\\\/wp-content\\\/uploads\\\/2006\\\/03\\\/casa_libert\u00e0.png\",\"keywords\":[\"Berlusconi\",\"Cdl\"],\"articleSection\":[\"Politica nazionale\"],\"inLanguage\":\"it-IT\"},{\"@type\":\"WebPage\",\"@id\":\"https:\\\/\\\/www.rassegnastampa-totustuus.it\\\/cattolica\\\/la-cdl-un-problema-ma-la-soluzione-qual\\\/\",\"url\":\"https:\\\/\\\/www.rassegnastampa-totustuus.it\\\/cattolica\\\/la-cdl-un-problema-ma-la-soluzione-qual\\\/\",\"name\":\"La Cdl &egrave; un problema, ma la soluzione qual &egrave;? - Rassegna Stampa Cattolica\",\"isPartOf\":{\"@id\":\"https:\\\/\\\/www.rassegnastampa-totustuus.it\\\/cattolica\\\/#website\"},\"primaryImageOfPage\":{\"@id\":\"https:\\\/\\\/www.rassegnastampa-totustuus.it\\\/cattolica\\\/la-cdl-un-problema-ma-la-soluzione-qual\\\/#primaryimage\"},\"image\":{\"@id\":\"https:\\\/\\\/www.rassegnastampa-totustuus.it\\\/cattolica\\\/la-cdl-un-problema-ma-la-soluzione-qual\\\/#primaryimage\"},\"thumbnailUrl\":\"https:\\\/\\\/www.rassegnastampa-totustuus.it\\\/cattolica\\\/wp-content\\\/uploads\\\/2006\\\/03\\\/casa_libert\u00e0.png\",\"datePublished\":\"2006-03-13T11:37:33+00:00\",\"dateModified\":\"2016-07-07T13:52:22+00:00\",\"description\":\"Rassegna Stampa Cattolica - Per una cultura che nasce dalla Rivelazione cristiana in conformit\u00e0 alla tradizione e al Magistero della Chiesa in opposizione ad ogni relativismo e totalitarismo\",\"breadcrumb\":{\"@id\":\"https:\\\/\\\/www.rassegnastampa-totustuus.it\\\/cattolica\\\/la-cdl-un-problema-ma-la-soluzione-qual\\\/#breadcrumb\"},\"inLanguage\":\"it-IT\",\"potentialAction\":[{\"@type\":\"ReadAction\",\"target\":[\"https:\\\/\\\/www.rassegnastampa-totustuus.it\\\/cattolica\\\/la-cdl-un-problema-ma-la-soluzione-qual\\\/\"]}]},{\"@type\":\"ImageObject\",\"inLanguage\":\"it-IT\",\"@id\":\"https:\\\/\\\/www.rassegnastampa-totustuus.it\\\/cattolica\\\/la-cdl-un-problema-ma-la-soluzione-qual\\\/#primaryimage\",\"url\":\"https:\\\/\\\/www.rassegnastampa-totustuus.it\\\/cattolica\\\/wp-content\\\/uploads\\\/2006\\\/03\\\/casa_libert\u00e0.png\",\"contentUrl\":\"https:\\\/\\\/www.rassegnastampa-totustuus.it\\\/cattolica\\\/wp-content\\\/uploads\\\/2006\\\/03\\\/casa_libert\u00e0.png\",\"width\":120,\"height\":120},{\"@type\":\"BreadcrumbList\",\"@id\":\"https:\\\/\\\/www.rassegnastampa-totustuus.it\\\/cattolica\\\/la-cdl-un-problema-ma-la-soluzione-qual\\\/#breadcrumb\",\"itemListElement\":[{\"@type\":\"ListItem\",\"position\":1,\"name\":\"Home\",\"item\":\"https:\\\/\\\/www.rassegnastampa-totustuus.it\\\/cattolica\\\/\"},{\"@type\":\"ListItem\",\"position\":2,\"name\":\"La Cdl &egrave; un problema, ma la soluzione qual &egrave;?\"}]},{\"@type\":\"WebSite\",\"@id\":\"https:\\\/\\\/www.rassegnastampa-totustuus.it\\\/cattolica\\\/#website\",\"url\":\"https:\\\/\\\/www.rassegnastampa-totustuus.it\\\/cattolica\\\/\",\"name\":\"Rassegna Stampa Cattolica\",\"description\":\"Per una cultura che nasce dalla Rivelazione cristiana in conformit\u00e0 alla tradizione e al Magistero della Chiesa in opposizione ad ogni relativismo e totalitarismo\",\"publisher\":{\"@id\":\"https:\\\/\\\/www.rassegnastampa-totustuus.it\\\/cattolica\\\/#organization\"},\"alternateName\":\"Rass. Cattolica\",\"potentialAction\":[{\"@type\":\"SearchAction\",\"target\":{\"@type\":\"EntryPoint\",\"urlTemplate\":\"https:\\\/\\\/www.rassegnastampa-totustuus.it\\\/cattolica\\\/?s={search_term_string}\"},\"query-input\":{\"@type\":\"PropertyValueSpecification\",\"valueRequired\":true,\"valueName\":\"search_term_string\"}}],\"inLanguage\":\"it-IT\"},{\"@type\":\"Organization\",\"@id\":\"https:\\\/\\\/www.rassegnastampa-totustuus.it\\\/cattolica\\\/#organization\",\"name\":\"Rassegna Stampa Cattolica\",\"url\":\"https:\\\/\\\/www.rassegnastampa-totustuus.it\\\/cattolica\\\/\",\"logo\":{\"@type\":\"ImageObject\",\"inLanguage\":\"it-IT\",\"@id\":\"https:\\\/\\\/www.rassegnastampa-totustuus.it\\\/cattolica\\\/#\\\/schema\\\/logo\\\/image\\\/\",\"url\":\"https:\\\/\\\/www.rassegnastampa-totustuus.it\\\/cattolica\\\/wp-content\\\/uploads\\\/2014\\\/04\\\/logo-rassegna1.gif\",\"contentUrl\":\"https:\\\/\\\/www.rassegnastampa-totustuus.it\\\/cattolica\\\/wp-content\\\/uploads\\\/2014\\\/04\\\/logo-rassegna1.gif\",\"width\":600,\"height\":163,\"caption\":\"Rassegna Stampa Cattolica\"},\"image\":{\"@id\":\"https:\\\/\\\/www.rassegnastampa-totustuus.it\\\/cattolica\\\/#\\\/schema\\\/logo\\\/image\\\/\"},\"sameAs\":[\"https:\\\/\\\/www.facebook.com\\\/rassegnastampacattolica\",\"https:\\\/\\\/x.com\\\/rassegnastampa9\"]},{\"@type\":\"Person\",\"@id\":\"https:\\\/\\\/www.rassegnastampa-totustuus.it\\\/cattolica\\\/#\\\/schema\\\/person\\\/08f319d2bd1a0904ad9e2bfb7b15e5c3\",\"name\":\"Redazione\",\"image\":{\"@type\":\"ImageObject\",\"inLanguage\":\"it-IT\",\"@id\":\"https:\\\/\\\/secure.gravatar.com\\\/avatar\\\/2fcdf27c78ea025fbdb44e914cc63c72249ffec9dc8aafd5c82b26240ef3f346?s=96&d=mm&r=g\",\"url\":\"https:\\\/\\\/secure.gravatar.com\\\/avatar\\\/2fcdf27c78ea025fbdb44e914cc63c72249ffec9dc8aafd5c82b26240ef3f346?s=96&d=mm&r=g\",\"contentUrl\":\"https:\\\/\\\/secure.gravatar.com\\\/avatar\\\/2fcdf27c78ea025fbdb44e914cc63c72249ffec9dc8aafd5c82b26240ef3f346?s=96&d=mm&r=g\",\"caption\":\"Redazione\"},\"url\":\"https:\\\/\\\/www.rassegnastampa-totustuus.it\\\/cattolica\\\/author\\\/pietroelle\\\/\"}]}<\/script>\n<!-- \/ Yoast SEO plugin. -->","yoast_head_json":{"title":"La Cdl &egrave; un problema, ma la soluzione qual &egrave;? - Rassegna Stampa Cattolica","description":"Rassegna Stampa Cattolica - Per una cultura che nasce dalla Rivelazione cristiana in conformit\u00e0 alla tradizione e al Magistero della Chiesa in opposizione ad ogni relativismo e totalitarismo","robots":{"index":"index","follow":"follow","max-snippet":"max-snippet:-1","max-image-preview":"max-image-preview:large","max-video-preview":"max-video-preview:-1"},"canonical":"https:\/\/www.rassegnastampa-totustuus.it\/cattolica\/la-cdl-un-problema-ma-la-soluzione-qual\/","og_locale":"it_IT","og_type":"article","og_title":"La Cdl &egrave; un problema, ma la soluzione qual &egrave;? - Rassegna Stampa Cattolica","og_description":"Rassegna Stampa Cattolica - Per una cultura che nasce dalla Rivelazione cristiana in conformit\u00e0 alla tradizione e al Magistero della Chiesa in opposizione ad ogni relativismo e totalitarismo","og_url":"https:\/\/www.rassegnastampa-totustuus.it\/cattolica\/la-cdl-un-problema-ma-la-soluzione-qual\/","og_site_name":"Rassegna Stampa Cattolica","article_publisher":"https:\/\/www.facebook.com\/rassegnastampacattolica","article_published_time":"2006-03-13T11:37:33+00:00","article_modified_time":"2016-07-07T13:52:22+00:00","og_image":[{"width":120,"height":120,"url":"https:\/\/www.rassegnastampa-totustuus.it\/cattolica\/wp-content\/uploads\/2006\/03\/casa_libert\u00e0.png","type":"image\/png"}],"author":"Redazione","twitter_card":"summary_large_image","twitter_creator":"@rassegnastampa9","twitter_site":"@rassegnastampa9","twitter_misc":{"Scritto da":"Redazione","Tempo di lettura stimato":"4 minuti"},"schema":{"@context":"https:\/\/schema.org","@graph":[{"@type":"Article","@id":"https:\/\/www.rassegnastampa-totustuus.it\/cattolica\/la-cdl-un-problema-ma-la-soluzione-qual\/#article","isPartOf":{"@id":"https:\/\/www.rassegnastampa-totustuus.it\/cattolica\/la-cdl-un-problema-ma-la-soluzione-qual\/"},"author":{"name":"Redazione","@id":"https:\/\/www.rassegnastampa-totustuus.it\/cattolica\/#\/schema\/person\/08f319d2bd1a0904ad9e2bfb7b15e5c3"},"headline":"La Cdl &egrave; un problema, ma la soluzione qual &egrave;?","datePublished":"2006-03-13T11:37:33+00:00","dateModified":"2016-07-07T13:52:22+00:00","mainEntityOfPage":{"@id":"https:\/\/www.rassegnastampa-totustuus.it\/cattolica\/la-cdl-un-problema-ma-la-soluzione-qual\/"},"wordCount":741,"publisher":{"@id":"https:\/\/www.rassegnastampa-totustuus.it\/cattolica\/#organization"},"image":{"@id":"https:\/\/www.rassegnastampa-totustuus.it\/cattolica\/la-cdl-un-problema-ma-la-soluzione-qual\/#primaryimage"},"thumbnailUrl":"https:\/\/www.rassegnastampa-totustuus.it\/cattolica\/wp-content\/uploads\/2006\/03\/casa_libert\u00e0.png","keywords":["Berlusconi","Cdl"],"articleSection":["Politica nazionale"],"inLanguage":"it-IT"},{"@type":"WebPage","@id":"https:\/\/www.rassegnastampa-totustuus.it\/cattolica\/la-cdl-un-problema-ma-la-soluzione-qual\/","url":"https:\/\/www.rassegnastampa-totustuus.it\/cattolica\/la-cdl-un-problema-ma-la-soluzione-qual\/","name":"La Cdl &egrave; un problema, ma la soluzione qual &egrave;? - Rassegna Stampa Cattolica","isPartOf":{"@id":"https:\/\/www.rassegnastampa-totustuus.it\/cattolica\/#website"},"primaryImageOfPage":{"@id":"https:\/\/www.rassegnastampa-totustuus.it\/cattolica\/la-cdl-un-problema-ma-la-soluzione-qual\/#primaryimage"},"image":{"@id":"https:\/\/www.rassegnastampa-totustuus.it\/cattolica\/la-cdl-un-problema-ma-la-soluzione-qual\/#primaryimage"},"thumbnailUrl":"https:\/\/www.rassegnastampa-totustuus.it\/cattolica\/wp-content\/uploads\/2006\/03\/casa_libert\u00e0.png","datePublished":"2006-03-13T11:37:33+00:00","dateModified":"2016-07-07T13:52:22+00:00","description":"Rassegna Stampa Cattolica - Per una cultura che nasce dalla Rivelazione cristiana in conformit\u00e0 alla tradizione e al Magistero della Chiesa in opposizione ad ogni relativismo e totalitarismo","breadcrumb":{"@id":"https:\/\/www.rassegnastampa-totustuus.it\/cattolica\/la-cdl-un-problema-ma-la-soluzione-qual\/#breadcrumb"},"inLanguage":"it-IT","potentialAction":[{"@type":"ReadAction","target":["https:\/\/www.rassegnastampa-totustuus.it\/cattolica\/la-cdl-un-problema-ma-la-soluzione-qual\/"]}]},{"@type":"ImageObject","inLanguage":"it-IT","@id":"https:\/\/www.rassegnastampa-totustuus.it\/cattolica\/la-cdl-un-problema-ma-la-soluzione-qual\/#primaryimage","url":"https:\/\/www.rassegnastampa-totustuus.it\/cattolica\/wp-content\/uploads\/2006\/03\/casa_libert\u00e0.png","contentUrl":"https:\/\/www.rassegnastampa-totustuus.it\/cattolica\/wp-content\/uploads\/2006\/03\/casa_libert\u00e0.png","width":120,"height":120},{"@type":"BreadcrumbList","@id":"https:\/\/www.rassegnastampa-totustuus.it\/cattolica\/la-cdl-un-problema-ma-la-soluzione-qual\/#breadcrumb","itemListElement":[{"@type":"ListItem","position":1,"name":"Home","item":"https:\/\/www.rassegnastampa-totustuus.it\/cattolica\/"},{"@type":"ListItem","position":2,"name":"La Cdl &egrave; un problema, ma la soluzione qual &egrave;?"}]},{"@type":"WebSite","@id":"https:\/\/www.rassegnastampa-totustuus.it\/cattolica\/#website","url":"https:\/\/www.rassegnastampa-totustuus.it\/cattolica\/","name":"Rassegna Stampa Cattolica","description":"Per una cultura che nasce dalla Rivelazione cristiana in conformit\u00e0 alla tradizione e al Magistero della Chiesa in opposizione ad ogni relativismo e totalitarismo","publisher":{"@id":"https:\/\/www.rassegnastampa-totustuus.it\/cattolica\/#organization"},"alternateName":"Rass. Cattolica","potentialAction":[{"@type":"SearchAction","target":{"@type":"EntryPoint","urlTemplate":"https:\/\/www.rassegnastampa-totustuus.it\/cattolica\/?s={search_term_string}"},"query-input":{"@type":"PropertyValueSpecification","valueRequired":true,"valueName":"search_term_string"}}],"inLanguage":"it-IT"},{"@type":"Organization","@id":"https:\/\/www.rassegnastampa-totustuus.it\/cattolica\/#organization","name":"Rassegna Stampa Cattolica","url":"https:\/\/www.rassegnastampa-totustuus.it\/cattolica\/","logo":{"@type":"ImageObject","inLanguage":"it-IT","@id":"https:\/\/www.rassegnastampa-totustuus.it\/cattolica\/#\/schema\/logo\/image\/","url":"https:\/\/www.rassegnastampa-totustuus.it\/cattolica\/wp-content\/uploads\/2014\/04\/logo-rassegna1.gif","contentUrl":"https:\/\/www.rassegnastampa-totustuus.it\/cattolica\/wp-content\/uploads\/2014\/04\/logo-rassegna1.gif","width":600,"height":163,"caption":"Rassegna Stampa Cattolica"},"image":{"@id":"https:\/\/www.rassegnastampa-totustuus.it\/cattolica\/#\/schema\/logo\/image\/"},"sameAs":["https:\/\/www.facebook.com\/rassegnastampacattolica","https:\/\/x.com\/rassegnastampa9"]},{"@type":"Person","@id":"https:\/\/www.rassegnastampa-totustuus.it\/cattolica\/#\/schema\/person\/08f319d2bd1a0904ad9e2bfb7b15e5c3","name":"Redazione","image":{"@type":"ImageObject","inLanguage":"it-IT","@id":"https:\/\/secure.gravatar.com\/avatar\/2fcdf27c78ea025fbdb44e914cc63c72249ffec9dc8aafd5c82b26240ef3f346?s=96&d=mm&r=g","url":"https:\/\/secure.gravatar.com\/avatar\/2fcdf27c78ea025fbdb44e914cc63c72249ffec9dc8aafd5c82b26240ef3f346?s=96&d=mm&r=g","contentUrl":"https:\/\/secure.gravatar.com\/avatar\/2fcdf27c78ea025fbdb44e914cc63c72249ffec9dc8aafd5c82b26240ef3f346?s=96&d=mm&r=g","caption":"Redazione"},"url":"https:\/\/www.rassegnastampa-totustuus.it\/cattolica\/author\/pietroelle\/"}]}},"_links":{"self":[{"href":"https:\/\/www.rassegnastampa-totustuus.it\/cattolica\/wp-json\/wp\/v2\/posts\/1934","targetHints":{"allow":["GET"]}}],"collection":[{"href":"https:\/\/www.rassegnastampa-totustuus.it\/cattolica\/wp-json\/wp\/v2\/posts"}],"about":[{"href":"https:\/\/www.rassegnastampa-totustuus.it\/cattolica\/wp-json\/wp\/v2\/types\/post"}],"author":[{"embeddable":true,"href":"https:\/\/www.rassegnastampa-totustuus.it\/cattolica\/wp-json\/wp\/v2\/users\/6"}],"replies":[{"embeddable":true,"href":"https:\/\/www.rassegnastampa-totustuus.it\/cattolica\/wp-json\/wp\/v2\/comments?post=1934"}],"version-history":[{"count":4,"href":"https:\/\/www.rassegnastampa-totustuus.it\/cattolica\/wp-json\/wp\/v2\/posts\/1934\/revisions"}],"predecessor-version":[{"id":35830,"href":"https:\/\/www.rassegnastampa-totustuus.it\/cattolica\/wp-json\/wp\/v2\/posts\/1934\/revisions\/35830"}],"wp:featuredmedia":[{"embeddable":true,"href":"https:\/\/www.rassegnastampa-totustuus.it\/cattolica\/wp-json\/wp\/v2\/media\/35829"}],"wp:attachment":[{"href":"https:\/\/www.rassegnastampa-totustuus.it\/cattolica\/wp-json\/wp\/v2\/media?parent=1934"}],"wp:term":[{"taxonomy":"category","embeddable":true,"href":"https:\/\/www.rassegnastampa-totustuus.it\/cattolica\/wp-json\/wp\/v2\/categories?post=1934"},{"taxonomy":"post_tag","embeddable":true,"href":"https:\/\/www.rassegnastampa-totustuus.it\/cattolica\/wp-json\/wp\/v2\/tags?post=1934"}],"curies":[{"name":"wp","href":"https:\/\/api.w.org\/{rel}","templated":true}]}}