{"id":1932,"date":"2006-03-10T14:58:59","date_gmt":"2006-03-10T13:58:59","guid":{"rendered":""},"modified":"2016-03-29T09:51:23","modified_gmt":"2016-03-29T07:51:23","slug":"il-vero-25-aprile","status":"publish","type":"post","link":"https:\/\/www.rassegnastampa-totustuus.it\/cattolica\/il-vero-25-aprile\/","title":{"rendered":"Il vero 25 aprile"},"content":{"rendered":"<div style=\"text-align: center;\"><strong><img loading=\"lazy\" decoding=\"async\" class=\"alignright wp-image-32254\" src=\"https:\/\/www.rassegnastampa-totustuus.it\/cattolica\/wp-content\/uploads\/2006\/03\/cil_liberazione.jpg\" alt=\"cil_liberazione\" width=\"140\" height=\"200\" \/>Il Domenicale<\/strong> 24 aprile 2004<\/div>\n<p style=\"text-align: justify;\"><em>\u00c8 quello dei militari italiani e Alleati che liberarono l\u2019Italia e che oggi si fa fatica a ricordare. Siamo ancora prigionieri della menzogna resistenziale: che solo il PCI lavor\u00f2 per la democrazia <\/em><\/p>\n<p style=\"text-align: center;\">di <strong>Ugo Finetti<\/strong><\/p>\n<p><!--more--><\/p>\n<div style=\"text-align: justify;\">De Gaulle \u2013 esule a Londra e al comando delle truppe francesi a fianco degli Alleati \u2013 quando ebbe la guida della Francia fu decisamente ostile ai britannici e agli americani. Forse influ\u00ec il risentimento per quelli che consider\u00f2 torti subiti durante la lotta contro tedeschi e collaborazionisti francesi: la censura dei suoi discorsi operata dalla BBC inglese e la preferenza accordata a suo danno dagli americani all\u2019ammiraglio Francois Darlan.<\/div>\n<p style=\"text-align: justify;\">A capo della Francia pose il veto all\u2019ingresso della Gran Bretagna nella Comunit\u00e0 Europea, usc\u00ec dalla Nato, fece una \u201csua\u201d politica verso l\u2019Unione Sovietica e nel Mediterraneo. Eppure quando celebrava la Resistenza francese e la cacciata dei tedeschi, non mancava mai di coinvolgere le rappresentanze politico-diplomatico-militari di Londra e Washington esortando i francesi a rendere omaggio al tributo di sangue e all\u2019apporto determinante dei soldati britannici e statunitensi.<\/p>\n<p style=\"text-align: justify;\">I cimiteri degli Alleati sul suolo francese sono terreno sacro e condiviso, parte integrante della memoria e della storia nazionale. In Italia no. Il ricordo della Liberazione dall\u2019occupazione tedesca e dal regime collaborazionista di Sal\u00f2 non prevede celebrazioni per i soldati americani e britannici morti combattendo nazisti e fascisti.<\/p>\n<p style=\"text-align: justify;\">Si fatica persino a commemorare i militari italiani che fecero la guerra al loro fianco e perirono in quei 20 mesi di marcia verso la libert\u00e0. Ha prevalso e tuttora domina una retorica basata su una spregiudicata menzogna storica secondo cui la Liberazione sarebbe stata frutto di una insurrezione popolare, filiata da una Resistenza a sua volta animata prevalentemente dai comunisti e cresciuta nonostante e contro gli Alleati.<\/p>\n<p style=\"text-align: justify;\">Gli americani sono dipinti da storici alla Paul Ginsborg non come forza di liberazione, ma come forza di occupazione, con tinte che ricordano i proclami fascisti: \u00abL\u2019occupazione alleata della citt\u00e0 (Napoli, ndr) fu un disastro assoluto. La citt\u00e0 acquist\u00f2 un aspetto di degradazione e di malessere quale non si conosceva dai tempi delle grandi epidemie del XVII secolo\u00bb. \u00abIl contatto con la civilt\u00e0 americana, o meglio con i suoi aspetti pi\u00f9 appariscenti (cioccolato, boogie-woogie, chewing gum) \u2013 incalza Giovanni De Luna \u2013 non risolvevano certo i gravi problemi di sopravvivenza degli italiani\u00bb.<\/p>\n<p style=\"text-align: justify;\">La celebrazione della Resistenza \u00e8 cos\u00ec diventata idealizzazione di un orgoglio antifascista, polemico nei confronti dell\u2019alleanza occidentale e della democrazia che in quel quadro si consolid\u00f2, democrazia non a caso dipinta nel dopoguerra come \u201ctradimento\u201d degli ideali e degli obiettivi della lotta antifascista. Gli stessi organismi che si impongono oggi come depositari dei valori della Resistenza sono stati denominati a suo tempo dal PCI \u201cIstituti di Storia del Movimento di Liberazione italiano\u201d con la strumentale pretesa di evocare un parallelismo con i \u201cmovimenti di liberazione\u201d antimperialisti, antiamericani e antioccidentali in Africa e Sud America.<\/p>\n<p style=\"text-align: justify;\">Ma come pu\u00f2 sopravvivere ed essere ancora dominante questa impostazione, nonostante il comunismo sia ormai declinato? Di sicuro, perch\u00e9 in Italia \u00e8 mancata non solo una radicale contestazione, ma anche un\u2019effettiva rottura da parte della storiografia con l\u2019impostazione organizzata dal PCI a partire da <em>Un popolo alla macchia<\/em> di Luigi Longo, vice segretario del PCI ed ex comandante delle Brigate Garibaldi, e continuata con la ricostruzione compiuta dal giornalista dell\u2019<em>Unit\u00e0<\/em>, Roberto Battaglia, nel saggio <em>Storia della Resistenza italiana<\/em> edito da Einaudi, primo titolo della collana di studi storici.<\/p>\n<p style=\"text-align: justify;\">Ancora oggi siamo di fronte a una filodrammatica di storici che blindano la Resistenza in sostanziale continuit\u00e0 da Battaglia a Spriano e Ragionieri, da Quazza, Rochat e Collotti fino a Pavone e Tranfaglia: per questo motivo il muro di Berlino nelle scuole italiane non \u00e8 ancora caduto. In che senso? In che cosa consiste questo \u201ccomunismo senza i comunisti\u201d? Nessuno storico infatti si dichiara ancora comunista o marxista.<\/p>\n<p style=\"text-align: justify;\">Si rimane per\u00f2 \u2013 nella ricostruzione e interpretazione dei fatti \u2013 nel solco del \u201cmaterialismo storico\u201d e sull\u2019onda lunga della lettura classista del fascismo, dell\u2019 antifascismo e della Resistenza. Siamo cio\u00e8 di fronte al permanere nella storiografia italiana di una sorta di \u201cstoricismo marxista in un paese solo\u201d che continua l\u2019embargo culturale nei confronti degli studi e delle indicazioni di Furet, De Felice, Nolte, Pipes, Courtois e Conquest.<\/p>\n<p style=\"text-align: justify;\"><strong>La trita lettura classista<\/strong><\/p>\n<p style=\"text-align: justify;\">Permane \u2013 nei principali luoghi di insegnamento della storia \u2013 quello che \u00e8 ormai un irriducibile provincialismo culturale e cio\u00e8 l\u2019ostinazione della lettura del Novecento come teatro di scontro tra capitalismo reazionario e movimento operaio, tra schieramento borghese a deriva fascista da un lato e raggruppamento democratico in difesa delle classi sfruttate imperniato sui comunisti dall\u2019altro. Cos\u00ec il fascismo \u00e8 presentato come una montatura di capitalisti e agrari, l\u2019antifascismo \u201cborghese\u201d come episodio secondario quando non controproducente.<\/p>\n<p style=\"text-align: justify;\">Al contrario, la Resistenza viene rievocata sin dagli inizi attraverso un falso storico e cio\u00e8 come figlia di un movimento sindacale, di uno sciopero operaio, e non fondata, come fu realmente, dalla lotta dei militari italiani contro i tedeschi. Quando le origini della Resistenza vengono per\u00f2 fatte risalire agli scioperi del \u201943 sembra di assistere alla proiezione di film dell\u2019epoca del \u201crealismo socialista\u201d (basti ricordae che quella vertenza, importante, ma circoscritta, si concluse con aumento salariale in coincidenza della celebrazione da parte del regime fascista del Natale di Roma).<\/p>\n<p style=\"text-align: justify;\">L\u2019altra falsificazione consiste nel rappresentare la Resistenza come una \u201ccoda\u201d della politica dei Fronti Popolari (lanciata da Stalin al VII Congresso del Komintern nel 1935) e della Guerra di Spagna. La Resistenza italiana, in realt\u00e0, non pu\u00f2 assolutamente essere avvicinata alla Guerra di Spagna: basti ricordare il ruolo dei cattolici, dello stesso clero, dei tanti sacerdoti che si schierarono a sostegno dei partigiani. In soldoni, del determinante appoggio dato dalla popolazione contadina che, sopportando rappresaglie e massacri, consent\u00ec la sopravvivenza delle formazioni partigiane.<\/p>\n<p style=\"text-align: justify;\">Una delle ragioni della cancellazione dei militari \u00e8 appunto legato all\u2019impossibilit\u00e0 per la tradizione comunista di vedere contraddetto il clich\u00e9 che assimila Resistenza e Guerra di Spagna. E ammettere, di conseguenza, che la lotta partigiana vide in prima fila comandanti militari \u2013 come Montezemolo e Sogno \u2013 che avevano s\u00ec partecipato alla Guerra di Spagna, ma sotto bandiera italiana a sostegno di Franco.<\/p>\n<p style=\"text-align: justify;\">Questa \u00e8 la verit\u00e0 storica. La Resistenza italiana non \u00e8 stata infatti un movimento rivoluzionario di classe, non aveva come obiettivo la dittatura del proletariato e la collettivizzazione. Fu storicamente analoga a quella francese e non identificabile con quella jugoslava. Essa fu animata dai militari italiani che rifiutarono il collaborazionismo nelle giornate del settembre del 1943, da Roma a Cefalonia, e si svilupp\u00f2 come movimento pluralista per la cacciata dei tedeschi affiancando gli Anglo-americani e avendo chiaro e primario obiettivo il ripristino di una democrazia parlamentare pluripartica di stampo occidentale.<\/p>\n<p style=\"text-align: justify;\">Proprio per negare questa verit\u00e0, la storiografia ancora prevalente ha cancellato i nomi dei capi effettivi della Resistenza: il Presidente del CLN dell\u2019Alta Italia, Alfredo Pizzoni, e il Comandante del Corpo dei Volontari, il generale Raffaele Cadorna, a cui facevano capo tutte le formazioni partigiane. \u00c8 significativo che per giustificare questa manipolazione si ricorra all\u2019argomento che Pizzoni e Cadorna erano \u201clegati\u201d agli Alleati. In effetti \u00e8 stato cos\u00ec: la Resistenza non \u00e8 infatti leggibile in contrapposizione con il ruolo degli Alleati.<\/p>\n<p style=\"text-align: justify;\">E la scissione artificiosa tra Resistenza e Alleati ha avuto una conseguenza: in Italia non esiste una storia della Seconda guerra mondiale e si dimentica il ruolo stesso dei militari italiani: 600.000 internati, pi\u00f9 di 78.000 morti nei lager, pi\u00f9 di 35.000 caduti in combattimento con importanti azioni condotte autonomamente contro la <em>Wehrmacht<\/em> come la liberazione della Corsica.<\/p>\n<p style=\"text-align: justify;\"><strong>Lo sbarco in Sicilia: altro che mafia<\/strong><\/p>\n<p style=\"text-align: justify;\">Vediamo a titolo esemplificativo i principali falsi storici imbastiti contro gli anglo-americani. La tesi secondo cui, nello sbarco in Sicilia, gli americani si siano affidati alla mafia \u00e8 ormai un luogo comune consolidato: \u00abDa quando gli alleati sbarcarono in Sicilia \u2013 scrive la Procura di Palermo guidata da Giancarlo Caselli \u2013 legarono la loro trionfante avanzata all\u2019accordo stipulato con alcuni esponenti di Cosa Nostra americana&#8230; Quando la DC si fece alleato sicuro del grande fratello di oltreoceano, il blocco sociale di agrari conservatori e mafia fu cooptato a sostegno dell\u2019anticomunismo\u00bb.<\/p>\n<p style=\"text-align: justify;\">Generazioni di italiani hanno dunque recepito senza ombra di dubbio la folle idea secondo cui Stati Uniti e Gran Bretagna, nel luglio 1943, avrebbero diretto le loro armate da Malta e Gibilterra, migliaia di aerei e carri armati, nonch\u00e9 centinaia di migliaia di uomini, con l\u2019obiettivo di sbaragliare la <em>Wehrmacht<\/em> in Sicilia, senza sapere esattamente dove andare e cosa fare. Mancando la minima documentazione, si dipingono comandanti del calibro di Patton e Montgomery quali sprovveduti che sbarcano in Italia mettendosi nelle mani di una decina di mafiosi alla Calogero Vizzini e Genco Russo.<\/p>\n<p style=\"text-align: justify;\">Il piano di infiltrazione in previsione dello sbarco alleato era in verit\u00e0 nato nell\u2019agosto del \u201942 presso i servizi segreti americani del Si (Secret Intellicence\/Italy). A promuoverlo, italo-americani \u2013 da Max Corvo a Vincent Scamporino e Frank Tarallo \u2013 per nulla coinvolti con ambienti mafiosi che erano animati da un doppio patriottismo: amavano il nostro Paese e operarono affinch\u00e9 gli Stati Uniti non considerassero gli italiani un popolo nemico.<\/p>\n<p style=\"text-align: justify;\"><strong>Parri e Pajetta non parlavano inglese<\/strong><\/p>\n<p style=\"text-align: justify;\">Altro falso storico: come viene tramandato l\u2019appello del generale Alexander che, alla vigilia dell\u2019inverno 1944, invitava i partigiani a una pausa in attesa della primavera 1945 in cui sarebbe scattata l\u2019offensiva finale. Si usa questo testo a prova di una scissione tra Resistenza e Alleati.<\/p>\n<p style=\"text-align: justify;\">Una leggenda assurda basata su due cancellazioni: la missione al Sud del CLN dell\u2019Alta Italia guidato da Pizzoni e il ruolo moderato svolto dal PCI in quelle settimane in cui pensava a un governo senza socialisti e azionisti. Il proclama Alexander venne infatti corretto e superato dal proclama del generale Clark proprio in seguito all\u2019intervento di Pizzoni e Sogno (Parri e Pajetta facevano parte della delegazione del CLNAI, ma \u2013 anche perch\u00e9 non parlavano inglese \u2013 furono una presenza del tutto irrilevante e subalterna).<\/p>\n<p style=\"text-align: justify;\">Pizzoni e Sogno riuscirono dunque a far cambiare idea agli Alleati stabilendo le intese organizzative, militari e finanziarie che rilanciarono la lotta partigiana. In quel novembre-dicembre 1944, perfino Togliatti puntava a diventare vicepresidente del Consiglio del secondo governo Bonomi, spaccando lo schieramento di sinistra in seno al CLN e cercando di accreditare il PCI agli occhi degli Alleati come \u201c<em>veritable instrument d\u2019ordre et de concorde<\/em>\u201d per usare le parole di Marchesi, delegato di Togliatti nell\u2019incontro con il colonnello Roseberry.<\/p>\n<p style=\"text-align: justify;\">La collaborazione tra Alleati e partigiani fu talmente intensa e decisiva che la storiografia marxista per rimuoverla non ha esitato a negare l\u2019esistenza persino dei militari dichiaratamente di sinistra e filocomunisti (in particolare il ruolo svolto durante la lotta di liberazione dai militari americani reduci della Brigata Lincoln che aveva combattuto in Spagna e che svolsero un\u2019intensa attivit\u00e0 di raccordo con le brigate partigiane).<\/p>\n<p style=\"text-align: justify;\">La Resistenza non pu\u00f2 quindi essere raccontata e compresa come una sorta di corpo separato, del tutto avulso dallo schieramento militarmente in lotta contro i tedeschi. Vi fu \u2013 \u00e8 vero \u2013 una resistenza particolare da parte comunista, una sorta di \u201cresistenza parallela\u201d. Che si svolse prescindendo dal CLN, tradendo a favore degli jugoslavi (Porzus), oppure dando vita coi GAP al terrorismo urbano.<\/p>\n<p style=\"text-align: justify;\">Ma va pure ricordato che le principali azioni dei GAP non vennero condivise dagli altri partiti antifascisti: il CLN bocci\u00f2 il documento comunista di appoggio all\u2019attentato di via Rasella e l\u2019uccisione di Giovanni Gentile venne bollata come \u201cassassinio\u201d proprio dai leader degli altri due partiti di sinistra del CLN e cio\u00e8 dall\u2019azionista Tristano Codignola e dal socialista Pietro Nenni.<\/p>\n","protected":false},"excerpt":{"rendered":"<p>Il Domenicale 24 aprile 2004 \u00c8 quello dei militari italiani e Alleati che liberarono l\u2019Italia e che oggi si fa fatica a ricordare. Siamo ancora prigionieri della menzogna resistenziale: che solo il PCI lavor\u00f2 per la democrazia di Ugo Finetti<\/p><p><a class=\"more-link btn\" href=\"https:\/\/www.rassegnastampa-totustuus.it\/cattolica\/il-vero-25-aprile\/\">Continua a leggere<\/a><\/p>\n","protected":false},"author":6,"featured_media":32254,"comment_status":"closed","ping_status":"open","sticky":false,"template":"","format":"standard","meta":{"footnotes":""},"categories":[100,96],"tags":[853],"class_list":["post-1932","post","type-post","status-publish","format-standard","has-post-thumbnail","hentry","category-resistenza","category-storia-italiana","tag-pci","item-wrap"],"yoast_head":"<!-- This site is optimized with the Yoast SEO plugin v27.5 - https:\/\/yoast.com\/product\/yoast-seo-wordpress\/ -->\n<title>Il vero 25 aprile - Rassegna Stampa Cattolica<\/title>\n<meta name=\"description\" content=\"Rassegna Stampa Cattolica - Per una cultura che nasce dalla Rivelazione cristiana in conformit\u00e0 alla tradizione e al Magistero della Chiesa in opposizione ad ogni relativismo e totalitarismo\" \/>\n<meta name=\"robots\" content=\"index, follow, max-snippet:-1, max-image-preview:large, max-video-preview:-1\" \/>\n<link rel=\"canonical\" href=\"https:\/\/www.rassegnastampa-totustuus.it\/cattolica\/il-vero-25-aprile\/\" \/>\n<meta property=\"og:locale\" content=\"it_IT\" \/>\n<meta property=\"og:type\" content=\"article\" \/>\n<meta property=\"og:title\" content=\"Il vero 25 aprile - Rassegna Stampa Cattolica\" \/>\n<meta property=\"og:description\" content=\"Rassegna Stampa Cattolica - Per una cultura che nasce dalla Rivelazione cristiana in conformit\u00e0 alla tradizione e al Magistero della Chiesa in opposizione ad ogni relativismo e totalitarismo\" \/>\n<meta property=\"og:url\" content=\"https:\/\/www.rassegnastampa-totustuus.it\/cattolica\/il-vero-25-aprile\/\" \/>\n<meta property=\"og:site_name\" content=\"Rassegna Stampa Cattolica\" \/>\n<meta property=\"article:publisher\" content=\"https:\/\/www.facebook.com\/rassegnastampacattolica\" \/>\n<meta property=\"article:published_time\" content=\"2006-03-10T13:58:59+00:00\" \/>\n<meta property=\"article:modified_time\" content=\"2016-03-29T07:51:23+00:00\" \/>\n<meta property=\"og:image\" content=\"https:\/\/www.rassegnastampa-totustuus.it\/cattolica\/wp-content\/uploads\/2006\/03\/cil_liberazione.jpg\" \/>\n\t<meta property=\"og:image:width\" content=\"188\" \/>\n\t<meta property=\"og:image:height\" content=\"268\" \/>\n\t<meta property=\"og:image:type\" content=\"image\/jpeg\" \/>\n<meta name=\"author\" content=\"Redazione\" \/>\n<meta name=\"twitter:card\" content=\"summary_large_image\" \/>\n<meta name=\"twitter:creator\" content=\"@rassegnastampa9\" \/>\n<meta name=\"twitter:site\" content=\"@rassegnastampa9\" \/>\n<meta name=\"twitter:label1\" content=\"Scritto da\" \/>\n\t<meta name=\"twitter:data1\" content=\"Redazione\" \/>\n\t<meta name=\"twitter:label2\" content=\"Tempo di lettura stimato\" \/>\n\t<meta name=\"twitter:data2\" content=\"10 minuti\" \/>\n<script type=\"application\/ld+json\" class=\"yoast-schema-graph\">{\"@context\":\"https:\\\/\\\/schema.org\",\"@graph\":[{\"@type\":\"Article\",\"@id\":\"https:\\\/\\\/www.rassegnastampa-totustuus.it\\\/cattolica\\\/il-vero-25-aprile\\\/#article\",\"isPartOf\":{\"@id\":\"https:\\\/\\\/www.rassegnastampa-totustuus.it\\\/cattolica\\\/il-vero-25-aprile\\\/\"},\"author\":{\"name\":\"Redazione\",\"@id\":\"https:\\\/\\\/www.rassegnastampa-totustuus.it\\\/cattolica\\\/#\\\/schema\\\/person\\\/08f319d2bd1a0904ad9e2bfb7b15e5c3\"},\"headline\":\"Il vero 25 aprile\",\"datePublished\":\"2006-03-10T13:58:59+00:00\",\"dateModified\":\"2016-03-29T07:51:23+00:00\",\"mainEntityOfPage\":{\"@id\":\"https:\\\/\\\/www.rassegnastampa-totustuus.it\\\/cattolica\\\/il-vero-25-aprile\\\/\"},\"wordCount\":1903,\"publisher\":{\"@id\":\"https:\\\/\\\/www.rassegnastampa-totustuus.it\\\/cattolica\\\/#organization\"},\"image\":{\"@id\":\"https:\\\/\\\/www.rassegnastampa-totustuus.it\\\/cattolica\\\/il-vero-25-aprile\\\/#primaryimage\"},\"thumbnailUrl\":\"https:\\\/\\\/www.rassegnastampa-totustuus.it\\\/cattolica\\\/wp-content\\\/uploads\\\/2006\\\/03\\\/cil_liberazione.jpg\",\"keywords\":[\"Pci\"],\"articleSection\":[\"Resistenza\",\"Storia italiana\"],\"inLanguage\":\"it-IT\"},{\"@type\":\"WebPage\",\"@id\":\"https:\\\/\\\/www.rassegnastampa-totustuus.it\\\/cattolica\\\/il-vero-25-aprile\\\/\",\"url\":\"https:\\\/\\\/www.rassegnastampa-totustuus.it\\\/cattolica\\\/il-vero-25-aprile\\\/\",\"name\":\"Il vero 25 aprile - Rassegna Stampa Cattolica\",\"isPartOf\":{\"@id\":\"https:\\\/\\\/www.rassegnastampa-totustuus.it\\\/cattolica\\\/#website\"},\"primaryImageOfPage\":{\"@id\":\"https:\\\/\\\/www.rassegnastampa-totustuus.it\\\/cattolica\\\/il-vero-25-aprile\\\/#primaryimage\"},\"image\":{\"@id\":\"https:\\\/\\\/www.rassegnastampa-totustuus.it\\\/cattolica\\\/il-vero-25-aprile\\\/#primaryimage\"},\"thumbnailUrl\":\"https:\\\/\\\/www.rassegnastampa-totustuus.it\\\/cattolica\\\/wp-content\\\/uploads\\\/2006\\\/03\\\/cil_liberazione.jpg\",\"datePublished\":\"2006-03-10T13:58:59+00:00\",\"dateModified\":\"2016-03-29T07:51:23+00:00\",\"description\":\"Rassegna Stampa Cattolica - Per una cultura che nasce dalla Rivelazione cristiana in conformit\u00e0 alla tradizione e al Magistero della Chiesa in opposizione ad ogni relativismo e totalitarismo\",\"breadcrumb\":{\"@id\":\"https:\\\/\\\/www.rassegnastampa-totustuus.it\\\/cattolica\\\/il-vero-25-aprile\\\/#breadcrumb\"},\"inLanguage\":\"it-IT\",\"potentialAction\":[{\"@type\":\"ReadAction\",\"target\":[\"https:\\\/\\\/www.rassegnastampa-totustuus.it\\\/cattolica\\\/il-vero-25-aprile\\\/\"]}]},{\"@type\":\"ImageObject\",\"inLanguage\":\"it-IT\",\"@id\":\"https:\\\/\\\/www.rassegnastampa-totustuus.it\\\/cattolica\\\/il-vero-25-aprile\\\/#primaryimage\",\"url\":\"https:\\\/\\\/www.rassegnastampa-totustuus.it\\\/cattolica\\\/wp-content\\\/uploads\\\/2006\\\/03\\\/cil_liberazione.jpg\",\"contentUrl\":\"https:\\\/\\\/www.rassegnastampa-totustuus.it\\\/cattolica\\\/wp-content\\\/uploads\\\/2006\\\/03\\\/cil_liberazione.jpg\",\"width\":188,\"height\":268},{\"@type\":\"BreadcrumbList\",\"@id\":\"https:\\\/\\\/www.rassegnastampa-totustuus.it\\\/cattolica\\\/il-vero-25-aprile\\\/#breadcrumb\",\"itemListElement\":[{\"@type\":\"ListItem\",\"position\":1,\"name\":\"Home\",\"item\":\"https:\\\/\\\/www.rassegnastampa-totustuus.it\\\/cattolica\\\/\"},{\"@type\":\"ListItem\",\"position\":2,\"name\":\"Il vero 25 aprile\"}]},{\"@type\":\"WebSite\",\"@id\":\"https:\\\/\\\/www.rassegnastampa-totustuus.it\\\/cattolica\\\/#website\",\"url\":\"https:\\\/\\\/www.rassegnastampa-totustuus.it\\\/cattolica\\\/\",\"name\":\"Rassegna Stampa Cattolica\",\"description\":\"Per una cultura che nasce dalla Rivelazione cristiana in conformit\u00e0 alla tradizione e al Magistero della Chiesa in opposizione ad ogni relativismo e totalitarismo\",\"publisher\":{\"@id\":\"https:\\\/\\\/www.rassegnastampa-totustuus.it\\\/cattolica\\\/#organization\"},\"alternateName\":\"Rass. Cattolica\",\"potentialAction\":[{\"@type\":\"SearchAction\",\"target\":{\"@type\":\"EntryPoint\",\"urlTemplate\":\"https:\\\/\\\/www.rassegnastampa-totustuus.it\\\/cattolica\\\/?s={search_term_string}\"},\"query-input\":{\"@type\":\"PropertyValueSpecification\",\"valueRequired\":true,\"valueName\":\"search_term_string\"}}],\"inLanguage\":\"it-IT\"},{\"@type\":\"Organization\",\"@id\":\"https:\\\/\\\/www.rassegnastampa-totustuus.it\\\/cattolica\\\/#organization\",\"name\":\"Rassegna Stampa Cattolica\",\"url\":\"https:\\\/\\\/www.rassegnastampa-totustuus.it\\\/cattolica\\\/\",\"logo\":{\"@type\":\"ImageObject\",\"inLanguage\":\"it-IT\",\"@id\":\"https:\\\/\\\/www.rassegnastampa-totustuus.it\\\/cattolica\\\/#\\\/schema\\\/logo\\\/image\\\/\",\"url\":\"https:\\\/\\\/www.rassegnastampa-totustuus.it\\\/cattolica\\\/wp-content\\\/uploads\\\/2014\\\/04\\\/logo-rassegna1.gif\",\"contentUrl\":\"https:\\\/\\\/www.rassegnastampa-totustuus.it\\\/cattolica\\\/wp-content\\\/uploads\\\/2014\\\/04\\\/logo-rassegna1.gif\",\"width\":600,\"height\":163,\"caption\":\"Rassegna Stampa Cattolica\"},\"image\":{\"@id\":\"https:\\\/\\\/www.rassegnastampa-totustuus.it\\\/cattolica\\\/#\\\/schema\\\/logo\\\/image\\\/\"},\"sameAs\":[\"https:\\\/\\\/www.facebook.com\\\/rassegnastampacattolica\",\"https:\\\/\\\/x.com\\\/rassegnastampa9\"]},{\"@type\":\"Person\",\"@id\":\"https:\\\/\\\/www.rassegnastampa-totustuus.it\\\/cattolica\\\/#\\\/schema\\\/person\\\/08f319d2bd1a0904ad9e2bfb7b15e5c3\",\"name\":\"Redazione\",\"image\":{\"@type\":\"ImageObject\",\"inLanguage\":\"it-IT\",\"@id\":\"https:\\\/\\\/secure.gravatar.com\\\/avatar\\\/2fcdf27c78ea025fbdb44e914cc63c72249ffec9dc8aafd5c82b26240ef3f346?s=96&d=mm&r=g\",\"url\":\"https:\\\/\\\/secure.gravatar.com\\\/avatar\\\/2fcdf27c78ea025fbdb44e914cc63c72249ffec9dc8aafd5c82b26240ef3f346?s=96&d=mm&r=g\",\"contentUrl\":\"https:\\\/\\\/secure.gravatar.com\\\/avatar\\\/2fcdf27c78ea025fbdb44e914cc63c72249ffec9dc8aafd5c82b26240ef3f346?s=96&d=mm&r=g\",\"caption\":\"Redazione\"},\"url\":\"https:\\\/\\\/www.rassegnastampa-totustuus.it\\\/cattolica\\\/author\\\/pietroelle\\\/\"}]}<\/script>\n<!-- \/ Yoast SEO plugin. -->","yoast_head_json":{"title":"Il vero 25 aprile - Rassegna Stampa Cattolica","description":"Rassegna Stampa Cattolica - Per una cultura che nasce dalla Rivelazione cristiana in conformit\u00e0 alla tradizione e al Magistero della Chiesa in opposizione ad ogni relativismo e totalitarismo","robots":{"index":"index","follow":"follow","max-snippet":"max-snippet:-1","max-image-preview":"max-image-preview:large","max-video-preview":"max-video-preview:-1"},"canonical":"https:\/\/www.rassegnastampa-totustuus.it\/cattolica\/il-vero-25-aprile\/","og_locale":"it_IT","og_type":"article","og_title":"Il vero 25 aprile - Rassegna Stampa Cattolica","og_description":"Rassegna Stampa Cattolica - Per una cultura che nasce dalla Rivelazione cristiana in conformit\u00e0 alla tradizione e al Magistero della Chiesa in opposizione ad ogni relativismo e totalitarismo","og_url":"https:\/\/www.rassegnastampa-totustuus.it\/cattolica\/il-vero-25-aprile\/","og_site_name":"Rassegna Stampa Cattolica","article_publisher":"https:\/\/www.facebook.com\/rassegnastampacattolica","article_published_time":"2006-03-10T13:58:59+00:00","article_modified_time":"2016-03-29T07:51:23+00:00","og_image":[{"width":188,"height":268,"url":"https:\/\/www.rassegnastampa-totustuus.it\/cattolica\/wp-content\/uploads\/2006\/03\/cil_liberazione.jpg","type":"image\/jpeg"}],"author":"Redazione","twitter_card":"summary_large_image","twitter_creator":"@rassegnastampa9","twitter_site":"@rassegnastampa9","twitter_misc":{"Scritto da":"Redazione","Tempo di lettura stimato":"10 minuti"},"schema":{"@context":"https:\/\/schema.org","@graph":[{"@type":"Article","@id":"https:\/\/www.rassegnastampa-totustuus.it\/cattolica\/il-vero-25-aprile\/#article","isPartOf":{"@id":"https:\/\/www.rassegnastampa-totustuus.it\/cattolica\/il-vero-25-aprile\/"},"author":{"name":"Redazione","@id":"https:\/\/www.rassegnastampa-totustuus.it\/cattolica\/#\/schema\/person\/08f319d2bd1a0904ad9e2bfb7b15e5c3"},"headline":"Il vero 25 aprile","datePublished":"2006-03-10T13:58:59+00:00","dateModified":"2016-03-29T07:51:23+00:00","mainEntityOfPage":{"@id":"https:\/\/www.rassegnastampa-totustuus.it\/cattolica\/il-vero-25-aprile\/"},"wordCount":1903,"publisher":{"@id":"https:\/\/www.rassegnastampa-totustuus.it\/cattolica\/#organization"},"image":{"@id":"https:\/\/www.rassegnastampa-totustuus.it\/cattolica\/il-vero-25-aprile\/#primaryimage"},"thumbnailUrl":"https:\/\/www.rassegnastampa-totustuus.it\/cattolica\/wp-content\/uploads\/2006\/03\/cil_liberazione.jpg","keywords":["Pci"],"articleSection":["Resistenza","Storia italiana"],"inLanguage":"it-IT"},{"@type":"WebPage","@id":"https:\/\/www.rassegnastampa-totustuus.it\/cattolica\/il-vero-25-aprile\/","url":"https:\/\/www.rassegnastampa-totustuus.it\/cattolica\/il-vero-25-aprile\/","name":"Il vero 25 aprile - Rassegna Stampa Cattolica","isPartOf":{"@id":"https:\/\/www.rassegnastampa-totustuus.it\/cattolica\/#website"},"primaryImageOfPage":{"@id":"https:\/\/www.rassegnastampa-totustuus.it\/cattolica\/il-vero-25-aprile\/#primaryimage"},"image":{"@id":"https:\/\/www.rassegnastampa-totustuus.it\/cattolica\/il-vero-25-aprile\/#primaryimage"},"thumbnailUrl":"https:\/\/www.rassegnastampa-totustuus.it\/cattolica\/wp-content\/uploads\/2006\/03\/cil_liberazione.jpg","datePublished":"2006-03-10T13:58:59+00:00","dateModified":"2016-03-29T07:51:23+00:00","description":"Rassegna Stampa Cattolica - Per una cultura che nasce dalla Rivelazione cristiana in conformit\u00e0 alla tradizione e al Magistero della Chiesa in opposizione ad ogni relativismo e totalitarismo","breadcrumb":{"@id":"https:\/\/www.rassegnastampa-totustuus.it\/cattolica\/il-vero-25-aprile\/#breadcrumb"},"inLanguage":"it-IT","potentialAction":[{"@type":"ReadAction","target":["https:\/\/www.rassegnastampa-totustuus.it\/cattolica\/il-vero-25-aprile\/"]}]},{"@type":"ImageObject","inLanguage":"it-IT","@id":"https:\/\/www.rassegnastampa-totustuus.it\/cattolica\/il-vero-25-aprile\/#primaryimage","url":"https:\/\/www.rassegnastampa-totustuus.it\/cattolica\/wp-content\/uploads\/2006\/03\/cil_liberazione.jpg","contentUrl":"https:\/\/www.rassegnastampa-totustuus.it\/cattolica\/wp-content\/uploads\/2006\/03\/cil_liberazione.jpg","width":188,"height":268},{"@type":"BreadcrumbList","@id":"https:\/\/www.rassegnastampa-totustuus.it\/cattolica\/il-vero-25-aprile\/#breadcrumb","itemListElement":[{"@type":"ListItem","position":1,"name":"Home","item":"https:\/\/www.rassegnastampa-totustuus.it\/cattolica\/"},{"@type":"ListItem","position":2,"name":"Il vero 25 aprile"}]},{"@type":"WebSite","@id":"https:\/\/www.rassegnastampa-totustuus.it\/cattolica\/#website","url":"https:\/\/www.rassegnastampa-totustuus.it\/cattolica\/","name":"Rassegna Stampa Cattolica","description":"Per una cultura che nasce dalla Rivelazione cristiana in conformit\u00e0 alla tradizione e al Magistero della Chiesa in opposizione ad ogni relativismo e totalitarismo","publisher":{"@id":"https:\/\/www.rassegnastampa-totustuus.it\/cattolica\/#organization"},"alternateName":"Rass. Cattolica","potentialAction":[{"@type":"SearchAction","target":{"@type":"EntryPoint","urlTemplate":"https:\/\/www.rassegnastampa-totustuus.it\/cattolica\/?s={search_term_string}"},"query-input":{"@type":"PropertyValueSpecification","valueRequired":true,"valueName":"search_term_string"}}],"inLanguage":"it-IT"},{"@type":"Organization","@id":"https:\/\/www.rassegnastampa-totustuus.it\/cattolica\/#organization","name":"Rassegna Stampa Cattolica","url":"https:\/\/www.rassegnastampa-totustuus.it\/cattolica\/","logo":{"@type":"ImageObject","inLanguage":"it-IT","@id":"https:\/\/www.rassegnastampa-totustuus.it\/cattolica\/#\/schema\/logo\/image\/","url":"https:\/\/www.rassegnastampa-totustuus.it\/cattolica\/wp-content\/uploads\/2014\/04\/logo-rassegna1.gif","contentUrl":"https:\/\/www.rassegnastampa-totustuus.it\/cattolica\/wp-content\/uploads\/2014\/04\/logo-rassegna1.gif","width":600,"height":163,"caption":"Rassegna Stampa Cattolica"},"image":{"@id":"https:\/\/www.rassegnastampa-totustuus.it\/cattolica\/#\/schema\/logo\/image\/"},"sameAs":["https:\/\/www.facebook.com\/rassegnastampacattolica","https:\/\/x.com\/rassegnastampa9"]},{"@type":"Person","@id":"https:\/\/www.rassegnastampa-totustuus.it\/cattolica\/#\/schema\/person\/08f319d2bd1a0904ad9e2bfb7b15e5c3","name":"Redazione","image":{"@type":"ImageObject","inLanguage":"it-IT","@id":"https:\/\/secure.gravatar.com\/avatar\/2fcdf27c78ea025fbdb44e914cc63c72249ffec9dc8aafd5c82b26240ef3f346?s=96&d=mm&r=g","url":"https:\/\/secure.gravatar.com\/avatar\/2fcdf27c78ea025fbdb44e914cc63c72249ffec9dc8aafd5c82b26240ef3f346?s=96&d=mm&r=g","contentUrl":"https:\/\/secure.gravatar.com\/avatar\/2fcdf27c78ea025fbdb44e914cc63c72249ffec9dc8aafd5c82b26240ef3f346?s=96&d=mm&r=g","caption":"Redazione"},"url":"https:\/\/www.rassegnastampa-totustuus.it\/cattolica\/author\/pietroelle\/"}]}},"_links":{"self":[{"href":"https:\/\/www.rassegnastampa-totustuus.it\/cattolica\/wp-json\/wp\/v2\/posts\/1932","targetHints":{"allow":["GET"]}}],"collection":[{"href":"https:\/\/www.rassegnastampa-totustuus.it\/cattolica\/wp-json\/wp\/v2\/posts"}],"about":[{"href":"https:\/\/www.rassegnastampa-totustuus.it\/cattolica\/wp-json\/wp\/v2\/types\/post"}],"author":[{"embeddable":true,"href":"https:\/\/www.rassegnastampa-totustuus.it\/cattolica\/wp-json\/wp\/v2\/users\/6"}],"replies":[{"embeddable":true,"href":"https:\/\/www.rassegnastampa-totustuus.it\/cattolica\/wp-json\/wp\/v2\/comments?post=1932"}],"version-history":[{"count":4,"href":"https:\/\/www.rassegnastampa-totustuus.it\/cattolica\/wp-json\/wp\/v2\/posts\/1932\/revisions"}],"predecessor-version":[{"id":32255,"href":"https:\/\/www.rassegnastampa-totustuus.it\/cattolica\/wp-json\/wp\/v2\/posts\/1932\/revisions\/32255"}],"wp:featuredmedia":[{"embeddable":true,"href":"https:\/\/www.rassegnastampa-totustuus.it\/cattolica\/wp-json\/wp\/v2\/media\/32254"}],"wp:attachment":[{"href":"https:\/\/www.rassegnastampa-totustuus.it\/cattolica\/wp-json\/wp\/v2\/media?parent=1932"}],"wp:term":[{"taxonomy":"category","embeddable":true,"href":"https:\/\/www.rassegnastampa-totustuus.it\/cattolica\/wp-json\/wp\/v2\/categories?post=1932"},{"taxonomy":"post_tag","embeddable":true,"href":"https:\/\/www.rassegnastampa-totustuus.it\/cattolica\/wp-json\/wp\/v2\/tags?post=1932"}],"curies":[{"name":"wp","href":"https:\/\/api.w.org\/{rel}","templated":true}]}}