{"id":1931,"date":"2006-03-10T14:55:34","date_gmt":"2006-03-10T13:55:34","guid":{"rendered":""},"modified":"2016-04-21T11:07:35","modified_gmt":"2016-04-21T09:07:35","slug":"storia-di-alfredo-pizzoni-il-leader-cancellato","status":"publish","type":"post","link":"https:\/\/www.rassegnastampa-totustuus.it\/cattolica\/storia-di-alfredo-pizzoni-il-leader-cancellato\/","title":{"rendered":"Storia di Alfredo Pizzoni, il leader cancellato"},"content":{"rendered":"<div style=\"text-align: center;\"><strong><img loading=\"lazy\" decoding=\"async\" class=\"alignleft wp-image-33253\" src=\"https:\/\/www.rassegnastampa-totustuus.it\/cattolica\/wp-content\/uploads\/2006\/03\/Alfredo_Pizzoni.jpg\" alt=\"Alfredo_Pizzoni\" width=\"250\" height=\"194\" \/>Il Domenicale<\/strong> 5 febbraio 2005<\/div>\n<p style=\"text-align: justify;\"><em>Presiedeva il Comitato di liberazione nazionale in Alta Italia, eppure \u00e8 stato estromesso dalla storiografia con risvolti imbarazzanti: i manuali l\u2019ignorano, perfino chi ha pubblicato le sue memorie le ha in pratica occultate. Altro che \u201crevisionismo\u201d<\/em><\/p>\n<p style=\"text-align: center;\">di <strong>Ugo Finetti<\/strong><\/p>\n<p><!--more--><\/p>\n<div style=\"text-align: justify;\">Questa prima biografia dedicata al leader del Comitato di Liberazione Nazionale dell\u2019Alta Italia dimostra quanto fuorviante sia la polemica condotta contro il \u201crevisionismo\u201d. Scrivendo <em>Il banchiere della Resistenza. Alfredo Pizzoni, il protagonista cancellato della guerra di liberazione<\/em> (Mondadori, Milano 2005, pp.306, \u20ac18,00), Tommaso Piffer non \u201crevisiona\u201d, perch\u00e9 purtroppo non c\u2019\u00e8 nulla da \u201crevisionare\u201d in quanto gli \u201cantirevisionisti\u201d nulla hanno scritto su Alfredo Pizzoni, leader del CLNAI.\/div&gt;<\/div>\n<p style=\"text-align: justify;\">Siamo cio\u00e8 di fronte non a giudizi da correggere, ma a vuoti da colmare, a una spietata cancellazione da parte dell\u2019Accademia storiografica che ha dato vita a quella che De Felice defin\u00ec come la \u00abvulgata\u00bb della Resistenza.\/div&gt;<\/p>\n<p style=\"text-align: justify;\">Il caso Pizzoni \u00e8 particolarmente clamoroso: basti pensare alle traversie della pubblicazione delle sue memorie lasciate ai familiari: una vera e propria cancellazione-persecuzione. Dopo la sua scomparsa, avvenuta a soli 63 anni nel 1957, gli eredi trovarono in un cassetto il manoscritto con la disposizione di non pubblicarlo immediatamente. Quando venne a scadere il lasso di tempo voluto da Pizzoni, all\u2019inizio degli anni \u201990, si rivolsero \u201cincautamente\u201d \u2013 come scrisse lo storico Luciano Garibaldi \u2013 alla Einaudi che provvide non solo a mal pubblicarlo, ma anche a mal distribuirlo.<\/p>\n<p style=\"text-align: justify;\">Fu appunto Luciano Garibaldi nel gennaio 1995 a sollevare il caso su <em>Studi cattolici<\/em>. Il libro di Pizzoni con l\u2019introduzione di Renzo De Felice \u2013 denunci\u00f2 Garibaldi \u2013 \u00ab\u00e8 presentato con un editing assolutamente indecente indegno di una struttura come quella dell\u2019editrice torinese\u00bb, senza note esplicative n\u00e9 indice dei nomi. \u00abMa la cosa pi\u00f9 grave \u2013 rilevava ancora Garibaldi \u2013 \u00e8 che il libro sia uscito in una edizione praticamente clandestina, tirato in pochissimi esemplari, subito nascosti in magazzino, dal momento che \u00e8 praticamente impossibile trovarlo persino nelle pi\u00f9 fornite librerie delle grandi citt\u00e0\u00bb.<\/p>\n<p style=\"text-align: justify;\">Dopo la polemica suscitata da <em>Studi cattolici<\/em>, il libro usc\u00ec pochi mesi pi\u00f9 tardi presso il Mulino (Alfredo Pizzoni, <em>Alla guida del CLNAI<\/em>) trovando destino decisamente migliore anche se accompagnato da un \u201cassordante silenzio\u201d da parte degli storici.<\/p>\n<p style=\"text-align: justify;\">Questa cancellazione di Pizzoni fa parte di una fotografia ritoccata della Resistenza, secondo un\u2019alterazione dei ruoli, del significato politico e dello svolgimento storico dei fatti al fine di esaltare solo quanti sarebbero poi confluiti nel Fronte Popolare del 1948.<\/p>\n<p style=\"text-align: justify;\">La storiografia sulla Resistenza \u2013 dagli anni Cinquanta fino a tutti gli anni Novanta \u2013, dal testo di Roberto Battaglia a quello di Claudio Pavone, ha infatti teso a rappresentare la Resistenza, in sostanza, come un grande scontro sociale, perpetuando quella lettura classista del Novecento che ha come categoria centrale il conflitto tra movimento operaio e capitalismo reazionario.<\/p>\n<p style=\"text-align: justify;\">Il saggio di Piffer riporta quindi la Resistenza alla sua veritiera dimensione storica: un movimento nazionale, frutto di varie componenti, che aveva come fine non una rivoluzione sociale, ma la cacciata dei tedeschi e la sostituzione del fascismo con un regime parlamentare pluripartitico di stampo occidentale.<\/p>\n<p style=\"text-align: justify;\">Un ruolo decisivo fu quello dei militari legittimisti, da Cadorna a Sogno e Montezemolo, e dei partigiani non solo cattolici e socialisti ma anche liberali: basti pensare ai partigiani della \u201cMauri\u201d (oltre 10.000 uomini secondo lo stesso ex vicesegretario del PCI, Pietro Secchia). Rappresentare la Resistenza come movimento promosso dagli scioperi del marzo \u201943 e imperniato sulla classe operaia emarginando l\u2019antifascismo \u201cborghese\u201d e la popolazione contadina (quella che Salvemini defin\u00ec invece come un vero e proprio \u201cterzo esercito\u201d a fianco di quelli rappresentati dagli Alleati e dalle formazioni partigiane del Corpo Volontari della Libert\u00e0) \u00e8 una sostanziale falsificazione politica.<\/p>\n<p style=\"text-align: justify;\"><strong>Agiografia riprovevole<\/strong><\/p>\n<p style=\"text-align: justify;\">Sin dall\u2019inizio essa venne contestata anche a sinistra. Basti pensare alle reazioni polemiche che il testo del Battaglia suscit\u00f2 in seno allo stesso comitato editoriale filo-comunista della Einaudi. In particolare gli si rimproverava \u201cl\u2019agiografia\u201d del PCI: \u00abLa prova del tuo errore di impostazione \u2013 gli scriveva Franco Venturi, del comitato editoriale Einaudi nel settembre del 1952 \u2013 \u00e8 data anche dalla tua interpretazione del 25 luglio.<\/p>\n<p style=\"text-align: justify;\">Pu\u00f2 parere strano ma nel tuo libro si parla di tutto, dei capitalisti, degli scioperi, di Bonomi, ma non si mette al centro lo sbarco alleato in Sicilia. Benedetto Iddio: la causa fondamentale del 25 luglio \u00e8 quello!\u00bb. Altre critiche riguardavano la descrizione del ruolo dei non comunisti dalle formazioni di \u201cGiustizia e Libert\u00e0\u201d all\u2019antifascismo \u201cinterno\u201d che faceva capo a Benedetto Croce.<\/p>\n<p style=\"text-align: justify;\">Pi\u00f9 recentemente anche il saggio di Claudio Pavone \u2013 indicato soprattutto nei manuali scolastici come il testo \u201cdefinitivo\u201d sulla guerra partigiana \u2013 \u00e8 non meno fazioso e pieno di cancellazioni e omissioni. In particolare vanno ricordate le contestazioni che gli furono mosse da un lato da Renzo De Felice a proposito della cancellazione di Edgardo Sogno (di fronte alla quale Pavone cerc\u00f2 di correre ai ripari nell\u2019edizione successiva con un\u2019aggiunta che per\u00f2 distorceva a fini negativi l\u2019unico episodio a lui riferito) e dall\u2019altro da Galli della Loggia per l\u2019omissione di qualsiasi riferimento ai fatti di Cefalonia. Perch\u00e9 in Italia, con gi\u00e0 cinque decennali di celebrazioni tra convegni e libri, il nome di chi guid\u00f2 il Comitato di Liberazione dell\u2019Alta Italia \u00e8 assolutamente sconosciuto?<\/p>\n<p style=\"text-align: justify;\">Pizzoni \u00e8 la dimostrazione storica di quanto siano arbitrarie la lettura classista e la raffigurazione della Resistenza come \u201ccoda\u201d della Guerra di Spagna, e tutta la rappresentazione che inventa e propaganda un complotto anticomunista tra il \u201943 ed il \u201945 che mette insieme Hitler e Churchill: quello che il Battaglia definisce appunto il \u201cpoker d\u2019assi\u201d rappresentato dall\u2019unit\u00e0 di intenti che egli vede tra a) i nazisti, b) i fascisti, c) gli anglo-americani, d) la destra del CLN.<\/p>\n<p style=\"text-align: justify;\">Siamo cio\u00e8 di fronte a una letteratura sulla Resistenza che mette dalla stessa parte il colonnello Montezemolo e quel Kappler che lo fece fucilare alle Fosse Ardeatine. Anche se nessuno pi\u00f9 si dichiara comunista, permane la lettura classista che espelle l\u2019anticomunismo dall\u2019antifascismo. In realt\u00e0 l\u2019antifascismo non comunista e non filosovietico fu una componente fondamentale della Resistenza italiana. Pizzoni ne \u00e8 stato il principale esponente politico e per questo cancellato.<\/p>\n<p style=\"text-align: justify;\"><strong>Protagonista della liberazione<\/strong><\/p>\n<p style=\"text-align: justify;\">Alfredo Pizzoni fu infatti il Presidente del Comitato Antifascista sorto a Milano, all\u2019indomani della caduta di Mussolini a fine luglio 1943, con la partecipazione di liberali, democristiani, comunisti, socialisti e partito d\u2019azione, che poi si trasform\u00f2, dopo l\u20198 settembre, in Comitato di Resistenza e quindi CLN lombardo fino ad assumere il 31 gennaio 1944 \u2013 sempre sotto la guida di Pizzoni \u2013 la denominazione di CLNAI.<\/p>\n<p style=\"text-align: justify;\">\u00c8 stato con Pizzoni Presidente che il Comitato ha guadagnato l\u2019autorit\u00e0 per assicurare \u00abla conduzione concreta della lotta\u00bb e diventare il principale antagonista dei tedeschi e del governo di Mussolini, \u00abcontropotere rispetto alla potenza d\u2019occupazione e della Repubblica Sociale Italiana\u00bb.<\/p>\n<p style=\"text-align: justify;\">Fu quindi protagonista del movimento di liberazione fino al 27 aprile 1945, quando venne estromesso dal CLNAI in quanto possibile candidato alla guida del governo dell\u2019Italia, spianando la strada al presidente del Comitato di Liberazione di Roma, Ivano Bonomi.<\/p>\n<p style=\"text-align: justify;\">Piffer ne ricostruisce l\u2019azione mettendo in luce il suo ruolo chiave in almeno tre momenti decisivi della storia di quel periodo: la tenuta unitaria tra i sei partiti antifascisti, l\u2019organizzazione dei finanziamenti ai partigiani, l\u2019accordo con gli anglo-americani per il rilancio della Resistenza nell\u2019inverno del \u201944 facendo modificare la linea del precedente \u201cProclama Alexander\u201d.<\/p>\n<p style=\"text-align: justify;\">In modo documentato il libro contraddice la lettura prevalente, ma strumentale, della Resistenza volta a dimostrare (come francamente aveva ammesso lo stesso presidente dell\u2019INSMLI, Istituto nazionale per la storia del movimento di liberazione in Italia, Giorgio Rochat, omaggiando il ruolo svolto dal suo predecessore negli studi patrocinati tra il 1972 e il 1996) la tesi della sostanziale identit\u00e0 di tutto ci\u00f2 che si oppone al comunismo senza distinguere tra democrazia occidentale e fascismo e cio\u00e8 \u00abLa sottolineatura della continuit\u00e0 della societ\u00e0 e della politica italiana da Giolitti a De Gasperi attraverso Mussolini: una continuit\u00e0 tra scelte moderate e nazionaliste, in cui la resistenza rappresenta un momento di rottura democratica\u00bb.<\/p>\n<p style=\"text-align: justify;\">Una lettura purtroppo prevalente, soprattutto nel mondo dell\u2019insegnamento, ma frutto essenzialmente di manipolazioni e di cancellazioni.<\/p>\n","protected":false},"excerpt":{"rendered":"<p>Il Domenicale 5 febbraio 2005 Presiedeva il Comitato di liberazione nazionale in Alta Italia, eppure \u00e8 stato estromesso dalla storiografia con risvolti imbarazzanti: i manuali l\u2019ignorano, perfino chi ha pubblicato le sue memorie le ha in pratica occultate. Altro che \u201crevisionismo\u201d di Ugo Finetti<\/p><p><a class=\"more-link btn\" href=\"https:\/\/www.rassegnastampa-totustuus.it\/cattolica\/storia-di-alfredo-pizzoni-il-leader-cancellato\/\">Continua a leggere<\/a><\/p>\n","protected":false},"author":6,"featured_media":33253,"comment_status":"closed","ping_status":"open","sticky":false,"template":"","format":"standard","meta":{"footnotes":""},"categories":[18,100,96],"tags":[1241],"class_list":["post-1931","post","type-post","status-publish","format-standard","has-post-thumbnail","hentry","category-personaggi","category-resistenza","category-storia-italiana","tag-alfredo-pizzoni","item-wrap"],"yoast_head":"<!-- This site is optimized with the Yoast SEO plugin v27.5 - https:\/\/yoast.com\/product\/yoast-seo-wordpress\/ -->\n<title>Storia di Alfredo Pizzoni, il leader cancellato - Rassegna Stampa Cattolica<\/title>\n<meta name=\"description\" content=\"Rassegna Stampa Cattolica - Per una cultura che nasce dalla Rivelazione cristiana in conformit\u00e0 alla tradizione e al Magistero della Chiesa in opposizione ad ogni relativismo e totalitarismo\" \/>\n<meta name=\"robots\" content=\"index, follow, max-snippet:-1, max-image-preview:large, max-video-preview:-1\" \/>\n<link rel=\"canonical\" href=\"https:\/\/www.rassegnastampa-totustuus.it\/cattolica\/storia-di-alfredo-pizzoni-il-leader-cancellato\/\" \/>\n<meta property=\"og:locale\" content=\"it_IT\" \/>\n<meta property=\"og:type\" content=\"article\" \/>\n<meta property=\"og:title\" content=\"Storia di Alfredo Pizzoni, il leader cancellato - Rassegna Stampa Cattolica\" \/>\n<meta property=\"og:description\" content=\"Rassegna Stampa Cattolica - Per una cultura che nasce dalla Rivelazione cristiana in conformit\u00e0 alla tradizione e al Magistero della Chiesa in opposizione ad ogni relativismo e totalitarismo\" \/>\n<meta property=\"og:url\" content=\"https:\/\/www.rassegnastampa-totustuus.it\/cattolica\/storia-di-alfredo-pizzoni-il-leader-cancellato\/\" \/>\n<meta property=\"og:site_name\" content=\"Rassegna Stampa Cattolica\" \/>\n<meta property=\"article:publisher\" content=\"https:\/\/www.facebook.com\/rassegnastampacattolica\" \/>\n<meta property=\"article:published_time\" content=\"2006-03-10T13:55:34+00:00\" \/>\n<meta property=\"article:modified_time\" content=\"2016-04-21T09:07:35+00:00\" \/>\n<meta property=\"og:image\" content=\"https:\/\/www.rassegnastampa-totustuus.it\/cattolica\/wp-content\/uploads\/2006\/03\/Alfredo_Pizzoni.jpg\" \/>\n\t<meta property=\"og:image:width\" content=\"255\" \/>\n\t<meta property=\"og:image:height\" content=\"198\" \/>\n\t<meta property=\"og:image:type\" content=\"image\/jpeg\" \/>\n<meta name=\"author\" content=\"Redazione\" \/>\n<meta name=\"twitter:card\" content=\"summary_large_image\" \/>\n<meta name=\"twitter:creator\" content=\"@rassegnastampa9\" \/>\n<meta name=\"twitter:site\" content=\"@rassegnastampa9\" \/>\n<meta name=\"twitter:label1\" content=\"Scritto da\" \/>\n\t<meta name=\"twitter:data1\" content=\"Redazione\" \/>\n\t<meta name=\"twitter:label2\" content=\"Tempo di lettura stimato\" \/>\n\t<meta name=\"twitter:data2\" content=\"7 minuti\" \/>\n<script type=\"application\/ld+json\" class=\"yoast-schema-graph\">{\"@context\":\"https:\\\/\\\/schema.org\",\"@graph\":[{\"@type\":\"Article\",\"@id\":\"https:\\\/\\\/www.rassegnastampa-totustuus.it\\\/cattolica\\\/storia-di-alfredo-pizzoni-il-leader-cancellato\\\/#article\",\"isPartOf\":{\"@id\":\"https:\\\/\\\/www.rassegnastampa-totustuus.it\\\/cattolica\\\/storia-di-alfredo-pizzoni-il-leader-cancellato\\\/\"},\"author\":{\"name\":\"Redazione\",\"@id\":\"https:\\\/\\\/www.rassegnastampa-totustuus.it\\\/cattolica\\\/#\\\/schema\\\/person\\\/08f319d2bd1a0904ad9e2bfb7b15e5c3\"},\"headline\":\"Storia di Alfredo Pizzoni, il leader cancellato\",\"datePublished\":\"2006-03-10T13:55:34+00:00\",\"dateModified\":\"2016-04-21T09:07:35+00:00\",\"mainEntityOfPage\":{\"@id\":\"https:\\\/\\\/www.rassegnastampa-totustuus.it\\\/cattolica\\\/storia-di-alfredo-pizzoni-il-leader-cancellato\\\/\"},\"wordCount\":1329,\"publisher\":{\"@id\":\"https:\\\/\\\/www.rassegnastampa-totustuus.it\\\/cattolica\\\/#organization\"},\"image\":{\"@id\":\"https:\\\/\\\/www.rassegnastampa-totustuus.it\\\/cattolica\\\/storia-di-alfredo-pizzoni-il-leader-cancellato\\\/#primaryimage\"},\"thumbnailUrl\":\"https:\\\/\\\/www.rassegnastampa-totustuus.it\\\/cattolica\\\/wp-content\\\/uploads\\\/2006\\\/03\\\/Alfredo_Pizzoni.jpg\",\"keywords\":[\"Alfredo Pizzoni\"],\"articleSection\":[\"Personaggi\",\"Resistenza\",\"Storia italiana\"],\"inLanguage\":\"it-IT\"},{\"@type\":\"WebPage\",\"@id\":\"https:\\\/\\\/www.rassegnastampa-totustuus.it\\\/cattolica\\\/storia-di-alfredo-pizzoni-il-leader-cancellato\\\/\",\"url\":\"https:\\\/\\\/www.rassegnastampa-totustuus.it\\\/cattolica\\\/storia-di-alfredo-pizzoni-il-leader-cancellato\\\/\",\"name\":\"Storia di Alfredo Pizzoni, il leader cancellato - Rassegna Stampa Cattolica\",\"isPartOf\":{\"@id\":\"https:\\\/\\\/www.rassegnastampa-totustuus.it\\\/cattolica\\\/#website\"},\"primaryImageOfPage\":{\"@id\":\"https:\\\/\\\/www.rassegnastampa-totustuus.it\\\/cattolica\\\/storia-di-alfredo-pizzoni-il-leader-cancellato\\\/#primaryimage\"},\"image\":{\"@id\":\"https:\\\/\\\/www.rassegnastampa-totustuus.it\\\/cattolica\\\/storia-di-alfredo-pizzoni-il-leader-cancellato\\\/#primaryimage\"},\"thumbnailUrl\":\"https:\\\/\\\/www.rassegnastampa-totustuus.it\\\/cattolica\\\/wp-content\\\/uploads\\\/2006\\\/03\\\/Alfredo_Pizzoni.jpg\",\"datePublished\":\"2006-03-10T13:55:34+00:00\",\"dateModified\":\"2016-04-21T09:07:35+00:00\",\"description\":\"Rassegna Stampa Cattolica - Per una cultura che nasce dalla Rivelazione cristiana in conformit\u00e0 alla tradizione e al Magistero della Chiesa in opposizione ad ogni relativismo e totalitarismo\",\"breadcrumb\":{\"@id\":\"https:\\\/\\\/www.rassegnastampa-totustuus.it\\\/cattolica\\\/storia-di-alfredo-pizzoni-il-leader-cancellato\\\/#breadcrumb\"},\"inLanguage\":\"it-IT\",\"potentialAction\":[{\"@type\":\"ReadAction\",\"target\":[\"https:\\\/\\\/www.rassegnastampa-totustuus.it\\\/cattolica\\\/storia-di-alfredo-pizzoni-il-leader-cancellato\\\/\"]}]},{\"@type\":\"ImageObject\",\"inLanguage\":\"it-IT\",\"@id\":\"https:\\\/\\\/www.rassegnastampa-totustuus.it\\\/cattolica\\\/storia-di-alfredo-pizzoni-il-leader-cancellato\\\/#primaryimage\",\"url\":\"https:\\\/\\\/www.rassegnastampa-totustuus.it\\\/cattolica\\\/wp-content\\\/uploads\\\/2006\\\/03\\\/Alfredo_Pizzoni.jpg\",\"contentUrl\":\"https:\\\/\\\/www.rassegnastampa-totustuus.it\\\/cattolica\\\/wp-content\\\/uploads\\\/2006\\\/03\\\/Alfredo_Pizzoni.jpg\",\"width\":255,\"height\":198},{\"@type\":\"BreadcrumbList\",\"@id\":\"https:\\\/\\\/www.rassegnastampa-totustuus.it\\\/cattolica\\\/storia-di-alfredo-pizzoni-il-leader-cancellato\\\/#breadcrumb\",\"itemListElement\":[{\"@type\":\"ListItem\",\"position\":1,\"name\":\"Home\",\"item\":\"https:\\\/\\\/www.rassegnastampa-totustuus.it\\\/cattolica\\\/\"},{\"@type\":\"ListItem\",\"position\":2,\"name\":\"Storia di Alfredo Pizzoni, il leader cancellato\"}]},{\"@type\":\"WebSite\",\"@id\":\"https:\\\/\\\/www.rassegnastampa-totustuus.it\\\/cattolica\\\/#website\",\"url\":\"https:\\\/\\\/www.rassegnastampa-totustuus.it\\\/cattolica\\\/\",\"name\":\"Rassegna Stampa Cattolica\",\"description\":\"Per una cultura che nasce dalla Rivelazione cristiana in conformit\u00e0 alla tradizione e al Magistero della Chiesa in opposizione ad ogni relativismo e totalitarismo\",\"publisher\":{\"@id\":\"https:\\\/\\\/www.rassegnastampa-totustuus.it\\\/cattolica\\\/#organization\"},\"alternateName\":\"Rass. Cattolica\",\"potentialAction\":[{\"@type\":\"SearchAction\",\"target\":{\"@type\":\"EntryPoint\",\"urlTemplate\":\"https:\\\/\\\/www.rassegnastampa-totustuus.it\\\/cattolica\\\/?s={search_term_string}\"},\"query-input\":{\"@type\":\"PropertyValueSpecification\",\"valueRequired\":true,\"valueName\":\"search_term_string\"}}],\"inLanguage\":\"it-IT\"},{\"@type\":\"Organization\",\"@id\":\"https:\\\/\\\/www.rassegnastampa-totustuus.it\\\/cattolica\\\/#organization\",\"name\":\"Rassegna Stampa Cattolica\",\"url\":\"https:\\\/\\\/www.rassegnastampa-totustuus.it\\\/cattolica\\\/\",\"logo\":{\"@type\":\"ImageObject\",\"inLanguage\":\"it-IT\",\"@id\":\"https:\\\/\\\/www.rassegnastampa-totustuus.it\\\/cattolica\\\/#\\\/schema\\\/logo\\\/image\\\/\",\"url\":\"https:\\\/\\\/www.rassegnastampa-totustuus.it\\\/cattolica\\\/wp-content\\\/uploads\\\/2014\\\/04\\\/logo-rassegna1.gif\",\"contentUrl\":\"https:\\\/\\\/www.rassegnastampa-totustuus.it\\\/cattolica\\\/wp-content\\\/uploads\\\/2014\\\/04\\\/logo-rassegna1.gif\",\"width\":600,\"height\":163,\"caption\":\"Rassegna Stampa Cattolica\"},\"image\":{\"@id\":\"https:\\\/\\\/www.rassegnastampa-totustuus.it\\\/cattolica\\\/#\\\/schema\\\/logo\\\/image\\\/\"},\"sameAs\":[\"https:\\\/\\\/www.facebook.com\\\/rassegnastampacattolica\",\"https:\\\/\\\/x.com\\\/rassegnastampa9\"]},{\"@type\":\"Person\",\"@id\":\"https:\\\/\\\/www.rassegnastampa-totustuus.it\\\/cattolica\\\/#\\\/schema\\\/person\\\/08f319d2bd1a0904ad9e2bfb7b15e5c3\",\"name\":\"Redazione\",\"image\":{\"@type\":\"ImageObject\",\"inLanguage\":\"it-IT\",\"@id\":\"https:\\\/\\\/secure.gravatar.com\\\/avatar\\\/2fcdf27c78ea025fbdb44e914cc63c72249ffec9dc8aafd5c82b26240ef3f346?s=96&d=mm&r=g\",\"url\":\"https:\\\/\\\/secure.gravatar.com\\\/avatar\\\/2fcdf27c78ea025fbdb44e914cc63c72249ffec9dc8aafd5c82b26240ef3f346?s=96&d=mm&r=g\",\"contentUrl\":\"https:\\\/\\\/secure.gravatar.com\\\/avatar\\\/2fcdf27c78ea025fbdb44e914cc63c72249ffec9dc8aafd5c82b26240ef3f346?s=96&d=mm&r=g\",\"caption\":\"Redazione\"},\"url\":\"https:\\\/\\\/www.rassegnastampa-totustuus.it\\\/cattolica\\\/author\\\/pietroelle\\\/\"}]}<\/script>\n<!-- \/ Yoast SEO plugin. -->","yoast_head_json":{"title":"Storia di Alfredo Pizzoni, il leader cancellato - Rassegna Stampa Cattolica","description":"Rassegna Stampa Cattolica - Per una cultura che nasce dalla Rivelazione cristiana in conformit\u00e0 alla tradizione e al Magistero della Chiesa in opposizione ad ogni relativismo e totalitarismo","robots":{"index":"index","follow":"follow","max-snippet":"max-snippet:-1","max-image-preview":"max-image-preview:large","max-video-preview":"max-video-preview:-1"},"canonical":"https:\/\/www.rassegnastampa-totustuus.it\/cattolica\/storia-di-alfredo-pizzoni-il-leader-cancellato\/","og_locale":"it_IT","og_type":"article","og_title":"Storia di Alfredo Pizzoni, il leader cancellato - Rassegna Stampa Cattolica","og_description":"Rassegna Stampa Cattolica - Per una cultura che nasce dalla Rivelazione cristiana in conformit\u00e0 alla tradizione e al Magistero della Chiesa in opposizione ad ogni relativismo e totalitarismo","og_url":"https:\/\/www.rassegnastampa-totustuus.it\/cattolica\/storia-di-alfredo-pizzoni-il-leader-cancellato\/","og_site_name":"Rassegna Stampa Cattolica","article_publisher":"https:\/\/www.facebook.com\/rassegnastampacattolica","article_published_time":"2006-03-10T13:55:34+00:00","article_modified_time":"2016-04-21T09:07:35+00:00","og_image":[{"width":255,"height":198,"url":"https:\/\/www.rassegnastampa-totustuus.it\/cattolica\/wp-content\/uploads\/2006\/03\/Alfredo_Pizzoni.jpg","type":"image\/jpeg"}],"author":"Redazione","twitter_card":"summary_large_image","twitter_creator":"@rassegnastampa9","twitter_site":"@rassegnastampa9","twitter_misc":{"Scritto da":"Redazione","Tempo di lettura stimato":"7 minuti"},"schema":{"@context":"https:\/\/schema.org","@graph":[{"@type":"Article","@id":"https:\/\/www.rassegnastampa-totustuus.it\/cattolica\/storia-di-alfredo-pizzoni-il-leader-cancellato\/#article","isPartOf":{"@id":"https:\/\/www.rassegnastampa-totustuus.it\/cattolica\/storia-di-alfredo-pizzoni-il-leader-cancellato\/"},"author":{"name":"Redazione","@id":"https:\/\/www.rassegnastampa-totustuus.it\/cattolica\/#\/schema\/person\/08f319d2bd1a0904ad9e2bfb7b15e5c3"},"headline":"Storia di Alfredo Pizzoni, il leader cancellato","datePublished":"2006-03-10T13:55:34+00:00","dateModified":"2016-04-21T09:07:35+00:00","mainEntityOfPage":{"@id":"https:\/\/www.rassegnastampa-totustuus.it\/cattolica\/storia-di-alfredo-pizzoni-il-leader-cancellato\/"},"wordCount":1329,"publisher":{"@id":"https:\/\/www.rassegnastampa-totustuus.it\/cattolica\/#organization"},"image":{"@id":"https:\/\/www.rassegnastampa-totustuus.it\/cattolica\/storia-di-alfredo-pizzoni-il-leader-cancellato\/#primaryimage"},"thumbnailUrl":"https:\/\/www.rassegnastampa-totustuus.it\/cattolica\/wp-content\/uploads\/2006\/03\/Alfredo_Pizzoni.jpg","keywords":["Alfredo Pizzoni"],"articleSection":["Personaggi","Resistenza","Storia italiana"],"inLanguage":"it-IT"},{"@type":"WebPage","@id":"https:\/\/www.rassegnastampa-totustuus.it\/cattolica\/storia-di-alfredo-pizzoni-il-leader-cancellato\/","url":"https:\/\/www.rassegnastampa-totustuus.it\/cattolica\/storia-di-alfredo-pizzoni-il-leader-cancellato\/","name":"Storia di Alfredo Pizzoni, il leader cancellato - Rassegna Stampa Cattolica","isPartOf":{"@id":"https:\/\/www.rassegnastampa-totustuus.it\/cattolica\/#website"},"primaryImageOfPage":{"@id":"https:\/\/www.rassegnastampa-totustuus.it\/cattolica\/storia-di-alfredo-pizzoni-il-leader-cancellato\/#primaryimage"},"image":{"@id":"https:\/\/www.rassegnastampa-totustuus.it\/cattolica\/storia-di-alfredo-pizzoni-il-leader-cancellato\/#primaryimage"},"thumbnailUrl":"https:\/\/www.rassegnastampa-totustuus.it\/cattolica\/wp-content\/uploads\/2006\/03\/Alfredo_Pizzoni.jpg","datePublished":"2006-03-10T13:55:34+00:00","dateModified":"2016-04-21T09:07:35+00:00","description":"Rassegna Stampa Cattolica - Per una cultura che nasce dalla Rivelazione cristiana in conformit\u00e0 alla tradizione e al Magistero della Chiesa in opposizione ad ogni relativismo e totalitarismo","breadcrumb":{"@id":"https:\/\/www.rassegnastampa-totustuus.it\/cattolica\/storia-di-alfredo-pizzoni-il-leader-cancellato\/#breadcrumb"},"inLanguage":"it-IT","potentialAction":[{"@type":"ReadAction","target":["https:\/\/www.rassegnastampa-totustuus.it\/cattolica\/storia-di-alfredo-pizzoni-il-leader-cancellato\/"]}]},{"@type":"ImageObject","inLanguage":"it-IT","@id":"https:\/\/www.rassegnastampa-totustuus.it\/cattolica\/storia-di-alfredo-pizzoni-il-leader-cancellato\/#primaryimage","url":"https:\/\/www.rassegnastampa-totustuus.it\/cattolica\/wp-content\/uploads\/2006\/03\/Alfredo_Pizzoni.jpg","contentUrl":"https:\/\/www.rassegnastampa-totustuus.it\/cattolica\/wp-content\/uploads\/2006\/03\/Alfredo_Pizzoni.jpg","width":255,"height":198},{"@type":"BreadcrumbList","@id":"https:\/\/www.rassegnastampa-totustuus.it\/cattolica\/storia-di-alfredo-pizzoni-il-leader-cancellato\/#breadcrumb","itemListElement":[{"@type":"ListItem","position":1,"name":"Home","item":"https:\/\/www.rassegnastampa-totustuus.it\/cattolica\/"},{"@type":"ListItem","position":2,"name":"Storia di Alfredo Pizzoni, il leader cancellato"}]},{"@type":"WebSite","@id":"https:\/\/www.rassegnastampa-totustuus.it\/cattolica\/#website","url":"https:\/\/www.rassegnastampa-totustuus.it\/cattolica\/","name":"Rassegna Stampa Cattolica","description":"Per una cultura che nasce dalla Rivelazione cristiana in conformit\u00e0 alla tradizione e al Magistero della Chiesa in opposizione ad ogni relativismo e totalitarismo","publisher":{"@id":"https:\/\/www.rassegnastampa-totustuus.it\/cattolica\/#organization"},"alternateName":"Rass. Cattolica","potentialAction":[{"@type":"SearchAction","target":{"@type":"EntryPoint","urlTemplate":"https:\/\/www.rassegnastampa-totustuus.it\/cattolica\/?s={search_term_string}"},"query-input":{"@type":"PropertyValueSpecification","valueRequired":true,"valueName":"search_term_string"}}],"inLanguage":"it-IT"},{"@type":"Organization","@id":"https:\/\/www.rassegnastampa-totustuus.it\/cattolica\/#organization","name":"Rassegna Stampa Cattolica","url":"https:\/\/www.rassegnastampa-totustuus.it\/cattolica\/","logo":{"@type":"ImageObject","inLanguage":"it-IT","@id":"https:\/\/www.rassegnastampa-totustuus.it\/cattolica\/#\/schema\/logo\/image\/","url":"https:\/\/www.rassegnastampa-totustuus.it\/cattolica\/wp-content\/uploads\/2014\/04\/logo-rassegna1.gif","contentUrl":"https:\/\/www.rassegnastampa-totustuus.it\/cattolica\/wp-content\/uploads\/2014\/04\/logo-rassegna1.gif","width":600,"height":163,"caption":"Rassegna Stampa Cattolica"},"image":{"@id":"https:\/\/www.rassegnastampa-totustuus.it\/cattolica\/#\/schema\/logo\/image\/"},"sameAs":["https:\/\/www.facebook.com\/rassegnastampacattolica","https:\/\/x.com\/rassegnastampa9"]},{"@type":"Person","@id":"https:\/\/www.rassegnastampa-totustuus.it\/cattolica\/#\/schema\/person\/08f319d2bd1a0904ad9e2bfb7b15e5c3","name":"Redazione","image":{"@type":"ImageObject","inLanguage":"it-IT","@id":"https:\/\/secure.gravatar.com\/avatar\/2fcdf27c78ea025fbdb44e914cc63c72249ffec9dc8aafd5c82b26240ef3f346?s=96&d=mm&r=g","url":"https:\/\/secure.gravatar.com\/avatar\/2fcdf27c78ea025fbdb44e914cc63c72249ffec9dc8aafd5c82b26240ef3f346?s=96&d=mm&r=g","contentUrl":"https:\/\/secure.gravatar.com\/avatar\/2fcdf27c78ea025fbdb44e914cc63c72249ffec9dc8aafd5c82b26240ef3f346?s=96&d=mm&r=g","caption":"Redazione"},"url":"https:\/\/www.rassegnastampa-totustuus.it\/cattolica\/author\/pietroelle\/"}]}},"_links":{"self":[{"href":"https:\/\/www.rassegnastampa-totustuus.it\/cattolica\/wp-json\/wp\/v2\/posts\/1931","targetHints":{"allow":["GET"]}}],"collection":[{"href":"https:\/\/www.rassegnastampa-totustuus.it\/cattolica\/wp-json\/wp\/v2\/posts"}],"about":[{"href":"https:\/\/www.rassegnastampa-totustuus.it\/cattolica\/wp-json\/wp\/v2\/types\/post"}],"author":[{"embeddable":true,"href":"https:\/\/www.rassegnastampa-totustuus.it\/cattolica\/wp-json\/wp\/v2\/users\/6"}],"replies":[{"embeddable":true,"href":"https:\/\/www.rassegnastampa-totustuus.it\/cattolica\/wp-json\/wp\/v2\/comments?post=1931"}],"version-history":[{"count":4,"href":"https:\/\/www.rassegnastampa-totustuus.it\/cattolica\/wp-json\/wp\/v2\/posts\/1931\/revisions"}],"predecessor-version":[{"id":33254,"href":"https:\/\/www.rassegnastampa-totustuus.it\/cattolica\/wp-json\/wp\/v2\/posts\/1931\/revisions\/33254"}],"wp:featuredmedia":[{"embeddable":true,"href":"https:\/\/www.rassegnastampa-totustuus.it\/cattolica\/wp-json\/wp\/v2\/media\/33253"}],"wp:attachment":[{"href":"https:\/\/www.rassegnastampa-totustuus.it\/cattolica\/wp-json\/wp\/v2\/media?parent=1931"}],"wp:term":[{"taxonomy":"category","embeddable":true,"href":"https:\/\/www.rassegnastampa-totustuus.it\/cattolica\/wp-json\/wp\/v2\/categories?post=1931"},{"taxonomy":"post_tag","embeddable":true,"href":"https:\/\/www.rassegnastampa-totustuus.it\/cattolica\/wp-json\/wp\/v2\/tags?post=1931"}],"curies":[{"name":"wp","href":"https:\/\/api.w.org\/{rel}","templated":true}]}}