{"id":193,"date":"2004-11-23T16:39:39","date_gmt":"2004-11-23T15:39:39","guid":{"rendered":""},"modified":"2025-07-03T17:40:17","modified_gmt":"2025-07-03T15:40:17","slug":"antigiudaismo-s-antisemitismo-mai","status":"publish","type":"post","link":"https:\/\/www.rassegnastampa-totustuus.it\/cattolica\/antigiudaismo-s-antisemitismo-mai\/","title":{"rendered":"Antigiudaismo s&igrave;, antisemitismo mai"},"content":{"rendered":"\n<p class=\"has-text-align-center\"><a href=\"https:\/\/www.jesusonline.it\/\" target=\"_blank\" rel=\"noreferrer noopener\">\u00a0<strong>Jesus<\/strong><\/a> &#8211; Giugno 2002<\/p>\n\n\n\n<p><em>Dietro la<\/em> <em>definizione di antigiudaismo non c\u2019\u00e8 alcuna precomprensione ideologica n\u00e9 tanto meno la volont\u00e0 di sminuire responsabilit\u00e0 storiche dietro l\u2019alchimia di definizioni giustificazioniste, ma soltanto la volont\u00e0 di studiare i fatti storici valutandoli per quello che sono<\/em><\/p>\n\n\n\n<p class=\"has-text-align-center\">di <strong>Giovanni Sale s.j.<\/strong><\/p>\n\n\n<div class=\"wp-block-image\">\n<figure class=\"aligncenter size-full\"><a href=\"https:\/\/www.rassegnastampa-totustuus.it\/cattolica\/wp-content\/uploads\/2004\/11\/ebrei_sinagoga_Roma.webp\"><img loading=\"lazy\" decoding=\"async\" width=\"474\" height=\"315\" src=\"https:\/\/www.rassegnastampa-totustuus.it\/cattolica\/wp-content\/uploads\/2004\/11\/ebrei_sinagoga_Roma.webp\" alt=\"\" class=\"wp-image-62849\"\/><\/a><\/figure><\/div>\n\n\n<!--more-->\n\n\n\n<p>La distinzione tra \u00abantigiudaismo\u00bb e \u00abantisemitismo\u00bb \u00e8 comunemente ammessa dalla maggioranza degli storici, cattolici e non. I due concetti sono stati posti alla base del documento sull\u2019Olocausto pubblicato nel 1998, intitolato <em>Noi<\/em> <em>ricordiamo: una riflessione sulla Shoah, <\/em>che distingueva nettamente un antisemitismo razziale &#8211; che la Chiesa ha sempre condannato &#8211; da un antigiudaismo, che nel corso della storia si \u00e8 andato di volta in volta strutturando sulla base di elementi diversi e che nel secolo appena concluso ha assunto \u00abconnotazioni pi\u00f9 sociologiche e politiche che religiose\u00bb.<\/p>\n\n\n\n<p>Dietro la definizione di antigiudaismo non c\u2019\u00e8, come sostengono i professori Ruggero Taradel (<em>La segregazione amichevole <\/em>e <em>L\u2019accusa del sangue, <\/em>pubblicati da Editori Riuniti) e David Kertzer (<em>I Papi contro gli Ebrei, <\/em>Rizzoli), alcuna precomprensione ideologica n\u00e9 tanto meno la volont\u00e0 di sminuire responsabilit\u00e0 storiche dietro l\u2019alchimia di definizioni giustificazioniste, ma soltanto la volont\u00e0 di studiare i fatti storici valutandoli per quello che sono (e su questo \u00e8 possibile legittimamente avere punti di vista differenti) e senza intenti apologetici. All\u2019opposto invece si nota, dietro la pretesa di chi intende \u00abforzare\u00bb determinate definizioni, la volont\u00e0 di strumentalizzare ideologicamente i fatti storici.<\/p>\n\n\n\n<p>La tradizione cristiana, e in particolare quella cattolica, si \u00e8 del resto sempre \u00abcapita\u00bb dentro la definizione di antigiudaismo o simili: <em>La Civilt\u00e0 Cattolica, <\/em>specialmente negli anni Trenta e Quaranta, utilizza spesso questa definizione per indicare il proprio atteggiamento nei confronti degli ebrei, mentre all\u2019opposto utilizza la dizione \u00abantisememitismo\u00bb per indicare le moderne dottrine razziste che essa condannava apertamente ritenendole anticristiane. L\u2019antigiudaismo rispondeva a un\u2019esigenza di tutela dell\u2019antica <em>societas christiana <\/em>&#8211; che di fatto da tempo non esisteva pi\u00f9 in Europa, ma che nella mente di molti uomini di Chiesa continuava ad avere ancora senso &#8211; per cui erano considerate legittime dalla Chiesa legislazioni civili, approvate da Stati a maggioranza cattolica, che, facendo salvi di moderazione e di carit\u00e0 cristiana verso tutti, trattassero in modo differente cristiani ed ebrei.<\/p>\n\n\n\n<p>L&#8217;antisemitismo razziale era invece fondato su un elemento materialistico e biologico: il principio della \u00abrazza ariana\u00bb quale razza superiore e dominante, e quello del culto del sangue e della terra. Chi conosce la teologia cristiana sa che mai la Chiesa approv\u00f2 teorie di questo tipo: per essa non esiste nessuna razza superiore, ma un solo popolo di Dio sparso su tutta la terra, Come \u00e8 noto <em>La Civilt\u00e0 Cattolica, <\/em>su indicazione di Pio XI, si oppose con forza alla teoria neopagana e anticristiana dell\u2019antisemitismo razzista. Con grande meraviglia perci\u00f2 leggiamo nel libro di Kertzer che Papa Ratti fu antisemita e che non fece nulla per ostacolare la legislazione antisemita.<\/p>\n\n\n\n<p>Eppure gi\u00e0 nel 1928 un decreto del Sant\u2019Uffizio, per espresso desiderio del Pontefice, condannava esplicitamente le moderne teorie antisemite, deprecando con forza \u00abl\u2019odio diffuso [dal nazismo] contro un popolo gi\u00e0 eletto da Dio, quell\u2019odio cio\u00e8 che oggi volgarmente suole designarsi antisemitismo\u00bb. Nove anni dopo (1937) nell\u2019enciclica <em>Mit<\/em> <em>brennender Sorge <\/em>diretta ai vescovi tedeschi (redatta dai cardinali Faulhaber e Pacelli) il Papa condannava il nazionalismo esasperato e il culto della razza, nonch\u00e9 le aberrazioni del nazismo e le sue dottrine anticristiane. Lo stesso Pio XI, durante un\u2019udienza concessa agli operatori belgi delle radio cattoliche, nel settembre 1938, con le lacrime agli occhi pronunci\u00f2 la celebre frase \u00abl&#8217;antisemitismo \u00e8 inammissibile. Noi siamo tutti spiritualmente semiti\u00bb. Gi\u00e0 nel mese di giugno aveva dato l\u2019incarico a padre Lafarge di scrivere una bozza di enciclica contro il razzismo professato da diversi regimi totalitari. Essa non fu portata a conclusione a motivo della morte del Papa nel febbraio 1939.<\/p>\n\n\n\n<p>Dal diario delle consulte risulta inoltre che gi\u00e0 dal 1934 Pio XI chiese al direttore della <em>Civilt\u00e0 Cattolica <\/em>\u00abdi illustrare in alcuni articoli le proposizioni antirazziste\u00bb: fu fatto, anche mettendo a repentaglio la propria sopravvivenza a motivo della censura fascista. Lo stesso Pio XII in occasione dell\u2019emanazione della sua prima enciclica, <em>Summi pontificatus, <\/em>nell\u2019ottobre 1939 chiese alla rivista di tener presente negli articoli di commento \u00abgli errori condannati dall\u2019enciclica, in particolare si difenda l\u2019unit\u00e0 del genere umano contro i razzismi\u00bb.<\/p>\n\n\n\n<p>Infine va detto che la Chiesa non intende nascondersi dietro definizioni di comodo o strumentali (quali la distinzione tra antigiudaismo e antisemitismo), come affermano Taradel e Kertzer, per non riconoscere le proprie colpe storiche contro gli ebrei. Anzi si pu\u00f2 dire che l\u2019antigiudaismo professato da molti cattolici durante i secoli ha fortemente nociuto alle comunit\u00e0 ebraiche della diaspora, condannandole a una forma spesso disumana di segregazione e di aperta discriminazione sociale, e che la Chiesa nel riconoscere i propri errori deve chiedere perdono di questo, come del resto Giovanni Paolo II ha gi\u00e0 fatto a Gerusalemme davanti al Muro del pianto. Ma non pu\u00f2 essere accusata di errori (come l\u2019accusa grave di antisemitismo) che non ha commesso, e che anzi ha combattuto e condannato.<\/p>\n","protected":false},"excerpt":{"rendered":"<p>\u00a0Jesus &#8211; Giugno 2002 Dietro la definizione di antigiudaismo non c\u2019\u00e8 alcuna precomprensione ideologica n\u00e9 tanto meno la volont\u00e0 di sminuire responsabilit\u00e0 storiche dietro l\u2019alchimia di definizioni giustificazioniste, ma soltanto la volont\u00e0 di studiare i fatti storici valutandoli per quello che sono di Giovanni Sale s.j.<\/p><p><a class=\"more-link btn\" href=\"https:\/\/www.rassegnastampa-totustuus.it\/cattolica\/antigiudaismo-s-antisemitismo-mai\/\">Continua a leggere<\/a><\/p>\n","protected":false},"author":6,"featured_media":29884,"comment_status":"open","ping_status":"open","sticky":false,"template":"","format":"standard","meta":{"footnotes":""},"categories":[28],"tags":[1105,831],"class_list":["post-193","post","type-post","status-publish","format-standard","has-post-thumbnail","hentry","category-chiesa-ed-ebrei","tag-antigiudaismo","tag-antisemitismo","item-wrap"],"yoast_head":"<!-- This site is optimized with the Yoast SEO plugin v27.5 - https:\/\/yoast.com\/product\/yoast-seo-wordpress\/ -->\n<title>Antigiudaismo s&igrave;, antisemitismo mai - Rassegna Stampa Cattolica<\/title>\n<meta name=\"description\" content=\"Antigiudaismo s\u00ec, antisemitismo mai. Dietro la definizione non c\u2019\u00e8 precomprensione ideologica ma la volont\u00e0 di studiare i fatti storici\" \/>\n<meta name=\"robots\" content=\"index, follow, max-snippet:-1, max-image-preview:large, max-video-preview:-1\" \/>\n<link rel=\"canonical\" href=\"https:\/\/www.rassegnastampa-totustuus.it\/cattolica\/antigiudaismo-s-antisemitismo-mai\/\" \/>\n<meta property=\"og:locale\" content=\"it_IT\" \/>\n<meta property=\"og:type\" content=\"article\" \/>\n<meta property=\"og:title\" content=\"Antigiudaismo s&igrave;, antisemitismo mai - Rassegna Stampa Cattolica\" \/>\n<meta property=\"og:description\" content=\"Antigiudaismo s\u00ec, antisemitismo mai. Dietro la definizione non c\u2019\u00e8 precomprensione ideologica ma la volont\u00e0 di studiare i fatti storici\" \/>\n<meta property=\"og:url\" content=\"https:\/\/www.rassegnastampa-totustuus.it\/cattolica\/antigiudaismo-s-antisemitismo-mai\/\" \/>\n<meta property=\"og:site_name\" content=\"Rassegna Stampa Cattolica\" \/>\n<meta property=\"article:publisher\" content=\"https:\/\/www.facebook.com\/rassegnastampacattolica\" \/>\n<meta property=\"article:published_time\" content=\"2004-11-23T15:39:39+00:00\" \/>\n<meta property=\"article:modified_time\" content=\"2025-07-03T15:40:17+00:00\" \/>\n<meta property=\"og:image\" content=\"https:\/\/www.rassegnastampa-totustuus.it\/cattolica\/wp-content\/uploads\/2004\/11\/sinagoga_Roma.jpg\" \/>\n\t<meta property=\"og:image:width\" content=\"188\" \/>\n\t<meta property=\"og:image:height\" content=\"268\" \/>\n\t<meta property=\"og:image:type\" content=\"image\/jpeg\" \/>\n<meta name=\"author\" content=\"Redazione\" \/>\n<meta name=\"twitter:card\" content=\"summary_large_image\" \/>\n<meta name=\"twitter:creator\" content=\"@rassegnastampa9\" \/>\n<meta name=\"twitter:site\" content=\"@rassegnastampa9\" \/>\n<meta name=\"twitter:label1\" content=\"Scritto da\" \/>\n\t<meta name=\"twitter:data1\" content=\"Redazione\" \/>\n\t<meta name=\"twitter:label2\" content=\"Tempo di lettura stimato\" \/>\n\t<meta name=\"twitter:data2\" content=\"5 minuti\" \/>\n<script type=\"application\/ld+json\" class=\"yoast-schema-graph\">{\"@context\":\"https:\\\/\\\/schema.org\",\"@graph\":[{\"@type\":\"Article\",\"@id\":\"https:\\\/\\\/www.rassegnastampa-totustuus.it\\\/cattolica\\\/antigiudaismo-s-antisemitismo-mai\\\/#article\",\"isPartOf\":{\"@id\":\"https:\\\/\\\/www.rassegnastampa-totustuus.it\\\/cattolica\\\/antigiudaismo-s-antisemitismo-mai\\\/\"},\"author\":{\"name\":\"Redazione\",\"@id\":\"https:\\\/\\\/www.rassegnastampa-totustuus.it\\\/cattolica\\\/#\\\/schema\\\/person\\\/08f319d2bd1a0904ad9e2bfb7b15e5c3\"},\"headline\":\"Antigiudaismo s&igrave;, antisemitismo mai\",\"datePublished\":\"2004-11-23T15:39:39+00:00\",\"dateModified\":\"2025-07-03T15:40:17+00:00\",\"mainEntityOfPage\":{\"@id\":\"https:\\\/\\\/www.rassegnastampa-totustuus.it\\\/cattolica\\\/antigiudaismo-s-antisemitismo-mai\\\/\"},\"wordCount\":844,\"commentCount\":0,\"publisher\":{\"@id\":\"https:\\\/\\\/www.rassegnastampa-totustuus.it\\\/cattolica\\\/#organization\"},\"image\":{\"@id\":\"https:\\\/\\\/www.rassegnastampa-totustuus.it\\\/cattolica\\\/antigiudaismo-s-antisemitismo-mai\\\/#primaryimage\"},\"thumbnailUrl\":\"https:\\\/\\\/www.rassegnastampa-totustuus.it\\\/cattolica\\\/wp-content\\\/uploads\\\/2004\\\/11\\\/sinagoga_Roma.jpg\",\"keywords\":[\"antigiudaismo\",\"antisemitismo\"],\"articleSection\":[\"Chiesa ed ebrei\"],\"inLanguage\":\"it-IT\",\"potentialAction\":[{\"@type\":\"CommentAction\",\"name\":\"Comment\",\"target\":[\"https:\\\/\\\/www.rassegnastampa-totustuus.it\\\/cattolica\\\/antigiudaismo-s-antisemitismo-mai\\\/#respond\"]}]},{\"@type\":\"WebPage\",\"@id\":\"https:\\\/\\\/www.rassegnastampa-totustuus.it\\\/cattolica\\\/antigiudaismo-s-antisemitismo-mai\\\/\",\"url\":\"https:\\\/\\\/www.rassegnastampa-totustuus.it\\\/cattolica\\\/antigiudaismo-s-antisemitismo-mai\\\/\",\"name\":\"Antigiudaismo s&igrave;, antisemitismo mai - Rassegna Stampa Cattolica\",\"isPartOf\":{\"@id\":\"https:\\\/\\\/www.rassegnastampa-totustuus.it\\\/cattolica\\\/#website\"},\"primaryImageOfPage\":{\"@id\":\"https:\\\/\\\/www.rassegnastampa-totustuus.it\\\/cattolica\\\/antigiudaismo-s-antisemitismo-mai\\\/#primaryimage\"},\"image\":{\"@id\":\"https:\\\/\\\/www.rassegnastampa-totustuus.it\\\/cattolica\\\/antigiudaismo-s-antisemitismo-mai\\\/#primaryimage\"},\"thumbnailUrl\":\"https:\\\/\\\/www.rassegnastampa-totustuus.it\\\/cattolica\\\/wp-content\\\/uploads\\\/2004\\\/11\\\/sinagoga_Roma.jpg\",\"datePublished\":\"2004-11-23T15:39:39+00:00\",\"dateModified\":\"2025-07-03T15:40:17+00:00\",\"description\":\"Antigiudaismo s\u00ec, antisemitismo mai. Dietro la definizione non c\u2019\u00e8 precomprensione ideologica ma la volont\u00e0 di studiare i fatti storici\",\"breadcrumb\":{\"@id\":\"https:\\\/\\\/www.rassegnastampa-totustuus.it\\\/cattolica\\\/antigiudaismo-s-antisemitismo-mai\\\/#breadcrumb\"},\"inLanguage\":\"it-IT\",\"potentialAction\":[{\"@type\":\"ReadAction\",\"target\":[\"https:\\\/\\\/www.rassegnastampa-totustuus.it\\\/cattolica\\\/antigiudaismo-s-antisemitismo-mai\\\/\"]}]},{\"@type\":\"ImageObject\",\"inLanguage\":\"it-IT\",\"@id\":\"https:\\\/\\\/www.rassegnastampa-totustuus.it\\\/cattolica\\\/antigiudaismo-s-antisemitismo-mai\\\/#primaryimage\",\"url\":\"https:\\\/\\\/www.rassegnastampa-totustuus.it\\\/cattolica\\\/wp-content\\\/uploads\\\/2004\\\/11\\\/sinagoga_Roma.jpg\",\"contentUrl\":\"https:\\\/\\\/www.rassegnastampa-totustuus.it\\\/cattolica\\\/wp-content\\\/uploads\\\/2004\\\/11\\\/sinagoga_Roma.jpg\",\"width\":188,\"height\":268},{\"@type\":\"BreadcrumbList\",\"@id\":\"https:\\\/\\\/www.rassegnastampa-totustuus.it\\\/cattolica\\\/antigiudaismo-s-antisemitismo-mai\\\/#breadcrumb\",\"itemListElement\":[{\"@type\":\"ListItem\",\"position\":1,\"name\":\"Home\",\"item\":\"https:\\\/\\\/www.rassegnastampa-totustuus.it\\\/cattolica\\\/\"},{\"@type\":\"ListItem\",\"position\":2,\"name\":\"Antigiudaismo s&igrave;, antisemitismo mai\"}]},{\"@type\":\"WebSite\",\"@id\":\"https:\\\/\\\/www.rassegnastampa-totustuus.it\\\/cattolica\\\/#website\",\"url\":\"https:\\\/\\\/www.rassegnastampa-totustuus.it\\\/cattolica\\\/\",\"name\":\"Rassegna Stampa Cattolica\",\"description\":\"Per una cultura che nasce dalla Rivelazione cristiana in conformit\u00e0 alla tradizione e al Magistero della Chiesa in opposizione ad ogni relativismo e totalitarismo\",\"publisher\":{\"@id\":\"https:\\\/\\\/www.rassegnastampa-totustuus.it\\\/cattolica\\\/#organization\"},\"alternateName\":\"Rass. Cattolica\",\"potentialAction\":[{\"@type\":\"SearchAction\",\"target\":{\"@type\":\"EntryPoint\",\"urlTemplate\":\"https:\\\/\\\/www.rassegnastampa-totustuus.it\\\/cattolica\\\/?s={search_term_string}\"},\"query-input\":{\"@type\":\"PropertyValueSpecification\",\"valueRequired\":true,\"valueName\":\"search_term_string\"}}],\"inLanguage\":\"it-IT\"},{\"@type\":\"Organization\",\"@id\":\"https:\\\/\\\/www.rassegnastampa-totustuus.it\\\/cattolica\\\/#organization\",\"name\":\"Rassegna Stampa Cattolica\",\"url\":\"https:\\\/\\\/www.rassegnastampa-totustuus.it\\\/cattolica\\\/\",\"logo\":{\"@type\":\"ImageObject\",\"inLanguage\":\"it-IT\",\"@id\":\"https:\\\/\\\/www.rassegnastampa-totustuus.it\\\/cattolica\\\/#\\\/schema\\\/logo\\\/image\\\/\",\"url\":\"https:\\\/\\\/www.rassegnastampa-totustuus.it\\\/cattolica\\\/wp-content\\\/uploads\\\/2014\\\/04\\\/logo-rassegna1.gif\",\"contentUrl\":\"https:\\\/\\\/www.rassegnastampa-totustuus.it\\\/cattolica\\\/wp-content\\\/uploads\\\/2014\\\/04\\\/logo-rassegna1.gif\",\"width\":600,\"height\":163,\"caption\":\"Rassegna Stampa Cattolica\"},\"image\":{\"@id\":\"https:\\\/\\\/www.rassegnastampa-totustuus.it\\\/cattolica\\\/#\\\/schema\\\/logo\\\/image\\\/\"},\"sameAs\":[\"https:\\\/\\\/www.facebook.com\\\/rassegnastampacattolica\",\"https:\\\/\\\/x.com\\\/rassegnastampa9\"]},{\"@type\":\"Person\",\"@id\":\"https:\\\/\\\/www.rassegnastampa-totustuus.it\\\/cattolica\\\/#\\\/schema\\\/person\\\/08f319d2bd1a0904ad9e2bfb7b15e5c3\",\"name\":\"Redazione\",\"image\":{\"@type\":\"ImageObject\",\"inLanguage\":\"it-IT\",\"@id\":\"https:\\\/\\\/secure.gravatar.com\\\/avatar\\\/2fcdf27c78ea025fbdb44e914cc63c72249ffec9dc8aafd5c82b26240ef3f346?s=96&d=mm&r=g\",\"url\":\"https:\\\/\\\/secure.gravatar.com\\\/avatar\\\/2fcdf27c78ea025fbdb44e914cc63c72249ffec9dc8aafd5c82b26240ef3f346?s=96&d=mm&r=g\",\"contentUrl\":\"https:\\\/\\\/secure.gravatar.com\\\/avatar\\\/2fcdf27c78ea025fbdb44e914cc63c72249ffec9dc8aafd5c82b26240ef3f346?s=96&d=mm&r=g\",\"caption\":\"Redazione\"},\"url\":\"https:\\\/\\\/www.rassegnastampa-totustuus.it\\\/cattolica\\\/author\\\/pietroelle\\\/\"}]}<\/script>\n<!-- \/ Yoast SEO plugin. -->","yoast_head_json":{"title":"Antigiudaismo s&igrave;, antisemitismo mai - Rassegna Stampa Cattolica","description":"Antigiudaismo s\u00ec, antisemitismo mai. Dietro la definizione non c\u2019\u00e8 precomprensione ideologica ma la volont\u00e0 di studiare i fatti storici","robots":{"index":"index","follow":"follow","max-snippet":"max-snippet:-1","max-image-preview":"max-image-preview:large","max-video-preview":"max-video-preview:-1"},"canonical":"https:\/\/www.rassegnastampa-totustuus.it\/cattolica\/antigiudaismo-s-antisemitismo-mai\/","og_locale":"it_IT","og_type":"article","og_title":"Antigiudaismo s&igrave;, antisemitismo mai - Rassegna Stampa Cattolica","og_description":"Antigiudaismo s\u00ec, antisemitismo mai. Dietro la definizione non c\u2019\u00e8 precomprensione ideologica ma la volont\u00e0 di studiare i fatti storici","og_url":"https:\/\/www.rassegnastampa-totustuus.it\/cattolica\/antigiudaismo-s-antisemitismo-mai\/","og_site_name":"Rassegna Stampa Cattolica","article_publisher":"https:\/\/www.facebook.com\/rassegnastampacattolica","article_published_time":"2004-11-23T15:39:39+00:00","article_modified_time":"2025-07-03T15:40:17+00:00","og_image":[{"width":188,"height":268,"url":"https:\/\/www.rassegnastampa-totustuus.it\/cattolica\/wp-content\/uploads\/2004\/11\/sinagoga_Roma.jpg","type":"image\/jpeg"}],"author":"Redazione","twitter_card":"summary_large_image","twitter_creator":"@rassegnastampa9","twitter_site":"@rassegnastampa9","twitter_misc":{"Scritto da":"Redazione","Tempo di lettura stimato":"5 minuti"},"schema":{"@context":"https:\/\/schema.org","@graph":[{"@type":"Article","@id":"https:\/\/www.rassegnastampa-totustuus.it\/cattolica\/antigiudaismo-s-antisemitismo-mai\/#article","isPartOf":{"@id":"https:\/\/www.rassegnastampa-totustuus.it\/cattolica\/antigiudaismo-s-antisemitismo-mai\/"},"author":{"name":"Redazione","@id":"https:\/\/www.rassegnastampa-totustuus.it\/cattolica\/#\/schema\/person\/08f319d2bd1a0904ad9e2bfb7b15e5c3"},"headline":"Antigiudaismo s&igrave;, antisemitismo mai","datePublished":"2004-11-23T15:39:39+00:00","dateModified":"2025-07-03T15:40:17+00:00","mainEntityOfPage":{"@id":"https:\/\/www.rassegnastampa-totustuus.it\/cattolica\/antigiudaismo-s-antisemitismo-mai\/"},"wordCount":844,"commentCount":0,"publisher":{"@id":"https:\/\/www.rassegnastampa-totustuus.it\/cattolica\/#organization"},"image":{"@id":"https:\/\/www.rassegnastampa-totustuus.it\/cattolica\/antigiudaismo-s-antisemitismo-mai\/#primaryimage"},"thumbnailUrl":"https:\/\/www.rassegnastampa-totustuus.it\/cattolica\/wp-content\/uploads\/2004\/11\/sinagoga_Roma.jpg","keywords":["antigiudaismo","antisemitismo"],"articleSection":["Chiesa ed ebrei"],"inLanguage":"it-IT","potentialAction":[{"@type":"CommentAction","name":"Comment","target":["https:\/\/www.rassegnastampa-totustuus.it\/cattolica\/antigiudaismo-s-antisemitismo-mai\/#respond"]}]},{"@type":"WebPage","@id":"https:\/\/www.rassegnastampa-totustuus.it\/cattolica\/antigiudaismo-s-antisemitismo-mai\/","url":"https:\/\/www.rassegnastampa-totustuus.it\/cattolica\/antigiudaismo-s-antisemitismo-mai\/","name":"Antigiudaismo s&igrave;, antisemitismo mai - Rassegna Stampa Cattolica","isPartOf":{"@id":"https:\/\/www.rassegnastampa-totustuus.it\/cattolica\/#website"},"primaryImageOfPage":{"@id":"https:\/\/www.rassegnastampa-totustuus.it\/cattolica\/antigiudaismo-s-antisemitismo-mai\/#primaryimage"},"image":{"@id":"https:\/\/www.rassegnastampa-totustuus.it\/cattolica\/antigiudaismo-s-antisemitismo-mai\/#primaryimage"},"thumbnailUrl":"https:\/\/www.rassegnastampa-totustuus.it\/cattolica\/wp-content\/uploads\/2004\/11\/sinagoga_Roma.jpg","datePublished":"2004-11-23T15:39:39+00:00","dateModified":"2025-07-03T15:40:17+00:00","description":"Antigiudaismo s\u00ec, antisemitismo mai. Dietro la definizione non c\u2019\u00e8 precomprensione ideologica ma la volont\u00e0 di studiare i fatti storici","breadcrumb":{"@id":"https:\/\/www.rassegnastampa-totustuus.it\/cattolica\/antigiudaismo-s-antisemitismo-mai\/#breadcrumb"},"inLanguage":"it-IT","potentialAction":[{"@type":"ReadAction","target":["https:\/\/www.rassegnastampa-totustuus.it\/cattolica\/antigiudaismo-s-antisemitismo-mai\/"]}]},{"@type":"ImageObject","inLanguage":"it-IT","@id":"https:\/\/www.rassegnastampa-totustuus.it\/cattolica\/antigiudaismo-s-antisemitismo-mai\/#primaryimage","url":"https:\/\/www.rassegnastampa-totustuus.it\/cattolica\/wp-content\/uploads\/2004\/11\/sinagoga_Roma.jpg","contentUrl":"https:\/\/www.rassegnastampa-totustuus.it\/cattolica\/wp-content\/uploads\/2004\/11\/sinagoga_Roma.jpg","width":188,"height":268},{"@type":"BreadcrumbList","@id":"https:\/\/www.rassegnastampa-totustuus.it\/cattolica\/antigiudaismo-s-antisemitismo-mai\/#breadcrumb","itemListElement":[{"@type":"ListItem","position":1,"name":"Home","item":"https:\/\/www.rassegnastampa-totustuus.it\/cattolica\/"},{"@type":"ListItem","position":2,"name":"Antigiudaismo s&igrave;, antisemitismo mai"}]},{"@type":"WebSite","@id":"https:\/\/www.rassegnastampa-totustuus.it\/cattolica\/#website","url":"https:\/\/www.rassegnastampa-totustuus.it\/cattolica\/","name":"Rassegna Stampa Cattolica","description":"Per una cultura che nasce dalla Rivelazione cristiana in conformit\u00e0 alla tradizione e al Magistero della Chiesa in opposizione ad ogni relativismo e totalitarismo","publisher":{"@id":"https:\/\/www.rassegnastampa-totustuus.it\/cattolica\/#organization"},"alternateName":"Rass. Cattolica","potentialAction":[{"@type":"SearchAction","target":{"@type":"EntryPoint","urlTemplate":"https:\/\/www.rassegnastampa-totustuus.it\/cattolica\/?s={search_term_string}"},"query-input":{"@type":"PropertyValueSpecification","valueRequired":true,"valueName":"search_term_string"}}],"inLanguage":"it-IT"},{"@type":"Organization","@id":"https:\/\/www.rassegnastampa-totustuus.it\/cattolica\/#organization","name":"Rassegna Stampa Cattolica","url":"https:\/\/www.rassegnastampa-totustuus.it\/cattolica\/","logo":{"@type":"ImageObject","inLanguage":"it-IT","@id":"https:\/\/www.rassegnastampa-totustuus.it\/cattolica\/#\/schema\/logo\/image\/","url":"https:\/\/www.rassegnastampa-totustuus.it\/cattolica\/wp-content\/uploads\/2014\/04\/logo-rassegna1.gif","contentUrl":"https:\/\/www.rassegnastampa-totustuus.it\/cattolica\/wp-content\/uploads\/2014\/04\/logo-rassegna1.gif","width":600,"height":163,"caption":"Rassegna Stampa Cattolica"},"image":{"@id":"https:\/\/www.rassegnastampa-totustuus.it\/cattolica\/#\/schema\/logo\/image\/"},"sameAs":["https:\/\/www.facebook.com\/rassegnastampacattolica","https:\/\/x.com\/rassegnastampa9"]},{"@type":"Person","@id":"https:\/\/www.rassegnastampa-totustuus.it\/cattolica\/#\/schema\/person\/08f319d2bd1a0904ad9e2bfb7b15e5c3","name":"Redazione","image":{"@type":"ImageObject","inLanguage":"it-IT","@id":"https:\/\/secure.gravatar.com\/avatar\/2fcdf27c78ea025fbdb44e914cc63c72249ffec9dc8aafd5c82b26240ef3f346?s=96&d=mm&r=g","url":"https:\/\/secure.gravatar.com\/avatar\/2fcdf27c78ea025fbdb44e914cc63c72249ffec9dc8aafd5c82b26240ef3f346?s=96&d=mm&r=g","contentUrl":"https:\/\/secure.gravatar.com\/avatar\/2fcdf27c78ea025fbdb44e914cc63c72249ffec9dc8aafd5c82b26240ef3f346?s=96&d=mm&r=g","caption":"Redazione"},"url":"https:\/\/www.rassegnastampa-totustuus.it\/cattolica\/author\/pietroelle\/"}]}},"_links":{"self":[{"href":"https:\/\/www.rassegnastampa-totustuus.it\/cattolica\/wp-json\/wp\/v2\/posts\/193","targetHints":{"allow":["GET"]}}],"collection":[{"href":"https:\/\/www.rassegnastampa-totustuus.it\/cattolica\/wp-json\/wp\/v2\/posts"}],"about":[{"href":"https:\/\/www.rassegnastampa-totustuus.it\/cattolica\/wp-json\/wp\/v2\/types\/post"}],"author":[{"embeddable":true,"href":"https:\/\/www.rassegnastampa-totustuus.it\/cattolica\/wp-json\/wp\/v2\/users\/6"}],"replies":[{"embeddable":true,"href":"https:\/\/www.rassegnastampa-totustuus.it\/cattolica\/wp-json\/wp\/v2\/comments?post=193"}],"version-history":[{"count":4,"href":"https:\/\/www.rassegnastampa-totustuus.it\/cattolica\/wp-json\/wp\/v2\/posts\/193\/revisions"}],"predecessor-version":[{"id":62850,"href":"https:\/\/www.rassegnastampa-totustuus.it\/cattolica\/wp-json\/wp\/v2\/posts\/193\/revisions\/62850"}],"wp:featuredmedia":[{"embeddable":true,"href":"https:\/\/www.rassegnastampa-totustuus.it\/cattolica\/wp-json\/wp\/v2\/media\/29884"}],"wp:attachment":[{"href":"https:\/\/www.rassegnastampa-totustuus.it\/cattolica\/wp-json\/wp\/v2\/media?parent=193"}],"wp:term":[{"taxonomy":"category","embeddable":true,"href":"https:\/\/www.rassegnastampa-totustuus.it\/cattolica\/wp-json\/wp\/v2\/categories?post=193"},{"taxonomy":"post_tag","embeddable":true,"href":"https:\/\/www.rassegnastampa-totustuus.it\/cattolica\/wp-json\/wp\/v2\/tags?post=193"}],"curies":[{"name":"wp","href":"https:\/\/api.w.org\/{rel}","templated":true}]}}