{"id":192,"date":"2004-11-23T16:32:27","date_gmt":"2004-11-23T15:32:27","guid":{"rendered":""},"modified":"2025-07-03T17:49:45","modified_gmt":"2025-07-03T15:49:45","slug":"antisemitismo-davvero-tutta-colpa-dei-cattolici","status":"publish","type":"post","link":"https:\/\/www.rassegnastampa-totustuus.it\/cattolica\/antisemitismo-davvero-tutta-colpa-dei-cattolici\/","title":{"rendered":"Antisemitismo, davvero tutta colpa dei cattolici?"},"content":{"rendered":"\n<p class=\"has-text-align-center\"><strong><a href=\"https:\/\/www.avvenire.it\/\" target=\"_blank\" rel=\"noreferrer noopener\">Avvenire<\/a><\/strong> &#8211; 1 Febbraio 1995<\/p>\n\n\n\n<p><em>Ancora una volta, il cristianesimo \u00e8 solo imputato, l&#8217;ebraismo solo giudice. Si pu\u00f2 dialogare, in queste condizioni?<\/em><\/p>\n\n\n\n<p class=\"has-text-align-center\">di <strong>Franco Cardini<\/strong><\/p>\n\n\n<div class=\"wp-block-image\">\n<figure class=\"aligncenter size-full is-resized\"><a href=\"https:\/\/www.rassegnastampa-totustuus.it\/cattolica\/wp-content\/uploads\/2004\/11\/cristiani-ebrei.jpg\"><img loading=\"lazy\" decoding=\"async\" width=\"224\" height=\"225\" src=\"https:\/\/www.rassegnastampa-totustuus.it\/cattolica\/wp-content\/uploads\/2004\/11\/cristiani-ebrei.jpg\" alt=\"\" class=\"wp-image-28211\" style=\"width:300px;height:auto\" srcset=\"https:\/\/www.rassegnastampa-totustuus.it\/cattolica\/wp-content\/uploads\/2004\/11\/cristiani-ebrei.jpg 224w, https:\/\/www.rassegnastampa-totustuus.it\/cattolica\/wp-content\/uploads\/2004\/11\/cristiani-ebrei-150x150.jpg 150w\" sizes=\"auto, (max-width: 224px) 100vw, 224px\" \/><\/a><\/figure><\/div>\n\n\n<!--more-->\n\n\n\n<p>Non c&#8217;\u00e8 dubbio che il mondo dei cristiani abbia, nei confronti di quello degli ebrei, molte e gravi responsabilit\u00e0. Ne abbiamo riflettuto tutti anche di recente, a proposito del cinquantenario della fine dell&#8217;incubo di Auschwitz. Certo, molti cattolici &#8211; e anche i vertici della stessa Chiesa &#8211; sapevano qualcosa della crudelt\u00e0 del sistema concentrazionario. Forse perfino dello sterminio: e hanno taciuto. Perch\u00e9 molti cattolici erano filonazisti, perch\u00e9 c&#8217;era il rischio di attirare anche sulla Chiesa delle persecuzioni, perch\u00e9 era obiettivamente difficile esser creduti. Oggi sappiamo bene che, mentre quasi tutti i tedeschi ignoravano, i governi inglesi e statunitensi sapevano tutto: e hanno taciuto. Ma questo non scagiona i cattolici.<\/p>\n\n\n\n<p>Antica colpa, del resto, la loro. Certo, con l&#8217;antisemitismo &#8211; che \u00e8 una dottrina del tutto &#8220;laica&#8221;, con pretese di scientificit\u00e0 biologica &#8211; non c&#8217;entrano. C&#8217;entrano per\u00f2 con l&#8217;antigiudaismo, la giudeofob\u00eca, l&#8217;antipatia storico-culturale nei confronti degli ebrei, le interdizioni antigiudaiche della legislazione medievale, i <em>pogrom<\/em> dei crociati del 1096, il crescere delle leggende contro gli ebrei (la profanazione dell&#8217;ostia, l&#8217;infanticidio rituale e via dicendo), la cacciata degli ebrei dalla Francia, dall&#8217;Inghilterra e dalla Spagna fra Tre e Quattrocento, la ferocia degli scritti antiebraici di Lutero, il mantenimento delle interdizioni antigiudaiche del Sette-Ottocento.<\/p>\n\n\n\n<p>Ma Patrizia Reinach Sabbadini, nella <em>Lettera ai gentili<\/em>, va oltre. Essa individua, alla base dei rapporti fra cristiani ed ebrei, un costante pregiudizio antigiudaico che sarebbe il fondamento storico-popolare su cui \u00e8 cresciuto l&#8217;antisemitismo.<\/p>\n\n\n\n<p>Il che, a onor del vero, contrasta con l&#8217;evidenza storica: tanto che sono state storicamente le critiche &#8220;razionali&#8221; mosse agli ebrei dal Voltaire a essere riprese dagli antisemiti fra Otto e Novecento: e il Voltaire, nella sua critica contro l&#8217;irrazionalit\u00e0 di miti e di tradizioni religiose, accomunava ad esempio ebraismo e Chiesa cattolica. Strano che la Reinach Sabbadini ignori le accuse che da Lutero ai nazisti sono state mosse alla Chiesa cattolica, rea di essere &#8220;giudaizzante&#8221;. Strano che eviti di contestualizzare storicamente l&#8217;antigiudaismo degli apologisti, motivato dalla necessit\u00e0 di ben distinguere tra cristiani ed ebrei (i quali fra I e IV secolo evidentemente si somigliavano troppo) e di evidenziare come i Padri della Chiesa e tutto l&#8217;Alto Medioevo siano invece tornati alla piena coscienza della continuit\u00e0 tra il Vecchio e il Nuovo Israele.<\/p>\n\n\n\n<p>Ora, non \u00e8 senza interesse e senza divertimento che un cristiano pu\u00f2 leggere il <em>pamphlet<\/em> anticristiano della Reinach Sabbadini. Ma lo si legge &#8211; diciamo la verit\u00e0 &#8211; anche con rammarico: ch\u00e9, se un cristiano osasse scrivere sull&#8217;ebraismo tante e tali inesattezze quante essa ne scrive sul cristianesimo, si beccherebbe una pesante accusa di antisemitismo che lo condannerebbe forse per sempre alla morte civile.<\/p>\n\n\n\n<p>Del resto, le genericit\u00e0 dell&#8217;autrice non hanno per obiettivo il solo cristianesimo. Come si pu\u00f2 ad esempio dire che al &#8220;paganesimo&#8221; mancarono sempre, &#8220;in campo morale, la sicurezza, la purezza, l&#8217;elevatezza e l&#8217;indipendenza&#8221;? A quale paganesimo si allude? Si ignorano forse stoicismo, scetticismo, neoplatonismo, orfismo, misteri eleusini, mithraismo?<\/p>\n\n\n\n<p>Peggio che andar di notte dinanzi alla protesta di Ges\u00f9 di voler adempiere la legge ebraica (ma ci\u00f2 polemicamente si definisce &#8220;pretesa di esserle superiore&#8221;).&nbsp;Ges\u00f9 calunnia o dimentica la legge?, si chiede l&#8217;autrice scandalizzata s\u00ec dall&#8217;idea che i cristiani potessero accusare gli ebrei di deicidio, ma del tutto disposta ad ammettere poi che Ges\u00f9 fosse un millantatore e stupita che si possa pensare a Lui come al Salvatore. Che, in materia di etnocentrismo e d&#8217;incapacit\u00e0 di comprensione dell&#8217;Altro, \u00e8 un bel punto fermo.<\/p>\n\n\n\n<p>La verit\u00e0 si potrebbe forse coglier in tutti i suoi aspetti rileggendo <em>Il Vangelo del ghetto<\/em> d&#8217;un intelligente studioso, il rabbino Riccardo di Segni. Le storie ebraiche sull&#8217;impostore Ges\u00f9, spesso magari divertenti, non meraviglieranno certo chi ben conosce le sofferenze che le comunit\u00e0 ebraiche dovevano sopportare da parte dei cristiani: ma davvero \u00e8 da meravigliarsi che esse provocassero odio e indignazione? Quello fra ebrei e cristiani nell&#8217;<em>ancien r\u00e9gime<\/em> \u00e8 stato un discorso fra sordi: non per\u00f2 tra sordi alla pari, ch\u00e9 questi avevano la societ\u00e0 e il potere nelle mani e quelli no. Ma quando nella storia si danno un persecutore e un perseguitato, si pu\u00f2 ben avere maggior comprensione per il secondo: non si pu\u00f2 tuttavia sostenere ch&#8217;egli abbia sempre e comunque ragione.<\/p>\n\n\n\n<p>Ma l&#8217;ebraismo era concreta adesione alla realt\u00e0 storica, continua la Reinach Sabbadini, laddove il cristianesimo fu utop\u00eca della carit\u00e0 universale. Il fallimento del cristianesimo, essa commenta, \u00e8 &#8220;l&#8217;impossibile amore universale&#8221;; non accettando di ammettere ch&#8217;esso \u00e8 irraggiungibile, il cristianesimo ha dato la colpa del suo insuccesso all&#8217;ebraismo come &#8220;nemico religioso&#8221;. E per questa via \u00e8 pervenuto all&#8217;intolleranza.<\/p>\n\n\n\n<p>A questo si giunge attraverso il sistematico misconoscimento della storia e la programmatica negazione del fatto evidente che il cristianesimo, rampollato dall&#8217;ebraismo, ha nondimeno accolto altre sollecitazioni e altre tradizioni. Ancora una volta, il cristianesimo \u00e8 solo imputato, l&#8217;ebraismo solo giudice. Si pu\u00f2 dialogare, in queste condizioni?<\/p>\n","protected":false},"excerpt":{"rendered":"<p>Avvenire &#8211; 1 Febbraio 1995 Ancora una volta, il cristianesimo \u00e8 solo imputato, l&#8217;ebraismo solo giudice. Si pu\u00f2 dialogare, in queste condizioni? di Franco Cardini<\/p><p><a class=\"more-link btn\" href=\"https:\/\/www.rassegnastampa-totustuus.it\/cattolica\/antisemitismo-davvero-tutta-colpa-dei-cattolici\/\">Continua a leggere<\/a><\/p>\n","protected":false},"author":6,"featured_media":28211,"comment_status":"closed","ping_status":"open","sticky":false,"template":"","format":"standard","meta":{"footnotes":""},"categories":[28],"tags":[831,1599,436],"class_list":["post-192","post","type-post","status-publish","format-standard","has-post-thumbnail","hentry","category-chiesa-ed-ebrei","tag-antisemitismo","tag-cattolici","tag-ebraismo","item-wrap"],"yoast_head":"<!-- This site is optimized with the Yoast SEO plugin v27.5 - https:\/\/yoast.com\/product\/yoast-seo-wordpress\/ -->\n<title>Antisemitismo, davvero tutta colpa dei cattolici? - Rassegna Stampa Cattolica<\/title>\n<meta name=\"description\" content=\"Antisemitismo, davvero tutta colpa dei cattolici? Ancora una volta, il cristianesimo \u00e8 solo imputato, l&#039;ebraismo solo giudice.\" \/>\n<meta name=\"robots\" content=\"index, follow, max-snippet:-1, max-image-preview:large, max-video-preview:-1\" \/>\n<link rel=\"canonical\" href=\"https:\/\/www.rassegnastampa-totustuus.it\/cattolica\/antisemitismo-davvero-tutta-colpa-dei-cattolici\/\" \/>\n<meta property=\"og:locale\" content=\"it_IT\" \/>\n<meta property=\"og:type\" content=\"article\" \/>\n<meta property=\"og:title\" content=\"Antisemitismo, davvero tutta colpa dei cattolici? - Rassegna Stampa Cattolica\" \/>\n<meta property=\"og:description\" content=\"Antisemitismo, davvero tutta colpa dei cattolici? Ancora una volta, il cristianesimo \u00e8 solo imputato, l&#039;ebraismo solo giudice.\" \/>\n<meta property=\"og:url\" content=\"https:\/\/www.rassegnastampa-totustuus.it\/cattolica\/antisemitismo-davvero-tutta-colpa-dei-cattolici\/\" \/>\n<meta property=\"og:site_name\" content=\"Rassegna Stampa Cattolica\" \/>\n<meta property=\"article:publisher\" content=\"https:\/\/www.facebook.com\/rassegnastampacattolica\" \/>\n<meta property=\"article:published_time\" content=\"2004-11-23T15:32:27+00:00\" \/>\n<meta property=\"article:modified_time\" content=\"2025-07-03T15:49:45+00:00\" \/>\n<meta property=\"og:image\" content=\"https:\/\/www.rassegnastampa-totustuus.it\/cattolica\/wp-content\/uploads\/2004\/11\/cristiani-ebrei.jpg\" \/>\n\t<meta property=\"og:image:width\" content=\"224\" \/>\n\t<meta property=\"og:image:height\" content=\"225\" \/>\n\t<meta property=\"og:image:type\" content=\"image\/jpeg\" \/>\n<meta name=\"author\" content=\"Redazione\" \/>\n<meta name=\"twitter:card\" content=\"summary_large_image\" \/>\n<meta name=\"twitter:creator\" content=\"@rassegnastampa9\" \/>\n<meta name=\"twitter:site\" content=\"@rassegnastampa9\" \/>\n<meta name=\"twitter:label1\" content=\"Scritto da\" \/>\n\t<meta name=\"twitter:data1\" content=\"Redazione\" \/>\n\t<meta name=\"twitter:label2\" content=\"Tempo di lettura stimato\" \/>\n\t<meta name=\"twitter:data2\" content=\"5 minuti\" \/>\n<script type=\"application\/ld+json\" class=\"yoast-schema-graph\">{\"@context\":\"https:\\\/\\\/schema.org\",\"@graph\":[{\"@type\":\"Article\",\"@id\":\"https:\\\/\\\/www.rassegnastampa-totustuus.it\\\/cattolica\\\/antisemitismo-davvero-tutta-colpa-dei-cattolici\\\/#article\",\"isPartOf\":{\"@id\":\"https:\\\/\\\/www.rassegnastampa-totustuus.it\\\/cattolica\\\/antisemitismo-davvero-tutta-colpa-dei-cattolici\\\/\"},\"author\":{\"name\":\"Redazione\",\"@id\":\"https:\\\/\\\/www.rassegnastampa-totustuus.it\\\/cattolica\\\/#\\\/schema\\\/person\\\/08f319d2bd1a0904ad9e2bfb7b15e5c3\"},\"headline\":\"Antisemitismo, davvero tutta colpa dei cattolici?\",\"datePublished\":\"2004-11-23T15:32:27+00:00\",\"dateModified\":\"2025-07-03T15:49:45+00:00\",\"mainEntityOfPage\":{\"@id\":\"https:\\\/\\\/www.rassegnastampa-totustuus.it\\\/cattolica\\\/antisemitismo-davvero-tutta-colpa-dei-cattolici\\\/\"},\"wordCount\":848,\"publisher\":{\"@id\":\"https:\\\/\\\/www.rassegnastampa-totustuus.it\\\/cattolica\\\/#organization\"},\"image\":{\"@id\":\"https:\\\/\\\/www.rassegnastampa-totustuus.it\\\/cattolica\\\/antisemitismo-davvero-tutta-colpa-dei-cattolici\\\/#primaryimage\"},\"thumbnailUrl\":\"https:\\\/\\\/www.rassegnastampa-totustuus.it\\\/cattolica\\\/wp-content\\\/uploads\\\/2004\\\/11\\\/cristiani-ebrei.jpg\",\"keywords\":[\"antisemitismo\",\"cattolici\",\"ebraismo\"],\"articleSection\":[\"Chiesa ed ebrei\"],\"inLanguage\":\"it-IT\"},{\"@type\":\"WebPage\",\"@id\":\"https:\\\/\\\/www.rassegnastampa-totustuus.it\\\/cattolica\\\/antisemitismo-davvero-tutta-colpa-dei-cattolici\\\/\",\"url\":\"https:\\\/\\\/www.rassegnastampa-totustuus.it\\\/cattolica\\\/antisemitismo-davvero-tutta-colpa-dei-cattolici\\\/\",\"name\":\"Antisemitismo, davvero tutta colpa dei cattolici? - Rassegna Stampa Cattolica\",\"isPartOf\":{\"@id\":\"https:\\\/\\\/www.rassegnastampa-totustuus.it\\\/cattolica\\\/#website\"},\"primaryImageOfPage\":{\"@id\":\"https:\\\/\\\/www.rassegnastampa-totustuus.it\\\/cattolica\\\/antisemitismo-davvero-tutta-colpa-dei-cattolici\\\/#primaryimage\"},\"image\":{\"@id\":\"https:\\\/\\\/www.rassegnastampa-totustuus.it\\\/cattolica\\\/antisemitismo-davvero-tutta-colpa-dei-cattolici\\\/#primaryimage\"},\"thumbnailUrl\":\"https:\\\/\\\/www.rassegnastampa-totustuus.it\\\/cattolica\\\/wp-content\\\/uploads\\\/2004\\\/11\\\/cristiani-ebrei.jpg\",\"datePublished\":\"2004-11-23T15:32:27+00:00\",\"dateModified\":\"2025-07-03T15:49:45+00:00\",\"description\":\"Antisemitismo, davvero tutta colpa dei cattolici? Ancora una volta, il cristianesimo \u00e8 solo imputato, l'ebraismo solo giudice.\",\"breadcrumb\":{\"@id\":\"https:\\\/\\\/www.rassegnastampa-totustuus.it\\\/cattolica\\\/antisemitismo-davvero-tutta-colpa-dei-cattolici\\\/#breadcrumb\"},\"inLanguage\":\"it-IT\",\"potentialAction\":[{\"@type\":\"ReadAction\",\"target\":[\"https:\\\/\\\/www.rassegnastampa-totustuus.it\\\/cattolica\\\/antisemitismo-davvero-tutta-colpa-dei-cattolici\\\/\"]}]},{\"@type\":\"ImageObject\",\"inLanguage\":\"it-IT\",\"@id\":\"https:\\\/\\\/www.rassegnastampa-totustuus.it\\\/cattolica\\\/antisemitismo-davvero-tutta-colpa-dei-cattolici\\\/#primaryimage\",\"url\":\"https:\\\/\\\/www.rassegnastampa-totustuus.it\\\/cattolica\\\/wp-content\\\/uploads\\\/2004\\\/11\\\/cristiani-ebrei.jpg\",\"contentUrl\":\"https:\\\/\\\/www.rassegnastampa-totustuus.it\\\/cattolica\\\/wp-content\\\/uploads\\\/2004\\\/11\\\/cristiani-ebrei.jpg\",\"width\":224,\"height\":225},{\"@type\":\"BreadcrumbList\",\"@id\":\"https:\\\/\\\/www.rassegnastampa-totustuus.it\\\/cattolica\\\/antisemitismo-davvero-tutta-colpa-dei-cattolici\\\/#breadcrumb\",\"itemListElement\":[{\"@type\":\"ListItem\",\"position\":1,\"name\":\"Home\",\"item\":\"https:\\\/\\\/www.rassegnastampa-totustuus.it\\\/cattolica\\\/\"},{\"@type\":\"ListItem\",\"position\":2,\"name\":\"Antisemitismo, davvero tutta colpa dei cattolici?\"}]},{\"@type\":\"WebSite\",\"@id\":\"https:\\\/\\\/www.rassegnastampa-totustuus.it\\\/cattolica\\\/#website\",\"url\":\"https:\\\/\\\/www.rassegnastampa-totustuus.it\\\/cattolica\\\/\",\"name\":\"Rassegna Stampa Cattolica\",\"description\":\"Per una cultura che nasce dalla Rivelazione cristiana in conformit\u00e0 alla tradizione e al Magistero della Chiesa in opposizione ad ogni relativismo e totalitarismo\",\"publisher\":{\"@id\":\"https:\\\/\\\/www.rassegnastampa-totustuus.it\\\/cattolica\\\/#organization\"},\"alternateName\":\"Rass. Cattolica\",\"potentialAction\":[{\"@type\":\"SearchAction\",\"target\":{\"@type\":\"EntryPoint\",\"urlTemplate\":\"https:\\\/\\\/www.rassegnastampa-totustuus.it\\\/cattolica\\\/?s={search_term_string}\"},\"query-input\":{\"@type\":\"PropertyValueSpecification\",\"valueRequired\":true,\"valueName\":\"search_term_string\"}}],\"inLanguage\":\"it-IT\"},{\"@type\":\"Organization\",\"@id\":\"https:\\\/\\\/www.rassegnastampa-totustuus.it\\\/cattolica\\\/#organization\",\"name\":\"Rassegna Stampa Cattolica\",\"url\":\"https:\\\/\\\/www.rassegnastampa-totustuus.it\\\/cattolica\\\/\",\"logo\":{\"@type\":\"ImageObject\",\"inLanguage\":\"it-IT\",\"@id\":\"https:\\\/\\\/www.rassegnastampa-totustuus.it\\\/cattolica\\\/#\\\/schema\\\/logo\\\/image\\\/\",\"url\":\"https:\\\/\\\/www.rassegnastampa-totustuus.it\\\/cattolica\\\/wp-content\\\/uploads\\\/2014\\\/04\\\/logo-rassegna1.gif\",\"contentUrl\":\"https:\\\/\\\/www.rassegnastampa-totustuus.it\\\/cattolica\\\/wp-content\\\/uploads\\\/2014\\\/04\\\/logo-rassegna1.gif\",\"width\":600,\"height\":163,\"caption\":\"Rassegna Stampa Cattolica\"},\"image\":{\"@id\":\"https:\\\/\\\/www.rassegnastampa-totustuus.it\\\/cattolica\\\/#\\\/schema\\\/logo\\\/image\\\/\"},\"sameAs\":[\"https:\\\/\\\/www.facebook.com\\\/rassegnastampacattolica\",\"https:\\\/\\\/x.com\\\/rassegnastampa9\"]},{\"@type\":\"Person\",\"@id\":\"https:\\\/\\\/www.rassegnastampa-totustuus.it\\\/cattolica\\\/#\\\/schema\\\/person\\\/08f319d2bd1a0904ad9e2bfb7b15e5c3\",\"name\":\"Redazione\",\"image\":{\"@type\":\"ImageObject\",\"inLanguage\":\"it-IT\",\"@id\":\"https:\\\/\\\/secure.gravatar.com\\\/avatar\\\/2fcdf27c78ea025fbdb44e914cc63c72249ffec9dc8aafd5c82b26240ef3f346?s=96&d=mm&r=g\",\"url\":\"https:\\\/\\\/secure.gravatar.com\\\/avatar\\\/2fcdf27c78ea025fbdb44e914cc63c72249ffec9dc8aafd5c82b26240ef3f346?s=96&d=mm&r=g\",\"contentUrl\":\"https:\\\/\\\/secure.gravatar.com\\\/avatar\\\/2fcdf27c78ea025fbdb44e914cc63c72249ffec9dc8aafd5c82b26240ef3f346?s=96&d=mm&r=g\",\"caption\":\"Redazione\"},\"url\":\"https:\\\/\\\/www.rassegnastampa-totustuus.it\\\/cattolica\\\/author\\\/pietroelle\\\/\"}]}<\/script>\n<!-- \/ Yoast SEO plugin. -->","yoast_head_json":{"title":"Antisemitismo, davvero tutta colpa dei cattolici? - Rassegna Stampa Cattolica","description":"Antisemitismo, davvero tutta colpa dei cattolici? Ancora una volta, il cristianesimo \u00e8 solo imputato, l'ebraismo solo giudice.","robots":{"index":"index","follow":"follow","max-snippet":"max-snippet:-1","max-image-preview":"max-image-preview:large","max-video-preview":"max-video-preview:-1"},"canonical":"https:\/\/www.rassegnastampa-totustuus.it\/cattolica\/antisemitismo-davvero-tutta-colpa-dei-cattolici\/","og_locale":"it_IT","og_type":"article","og_title":"Antisemitismo, davvero tutta colpa dei cattolici? - Rassegna Stampa Cattolica","og_description":"Antisemitismo, davvero tutta colpa dei cattolici? Ancora una volta, il cristianesimo \u00e8 solo imputato, l'ebraismo solo giudice.","og_url":"https:\/\/www.rassegnastampa-totustuus.it\/cattolica\/antisemitismo-davvero-tutta-colpa-dei-cattolici\/","og_site_name":"Rassegna Stampa Cattolica","article_publisher":"https:\/\/www.facebook.com\/rassegnastampacattolica","article_published_time":"2004-11-23T15:32:27+00:00","article_modified_time":"2025-07-03T15:49:45+00:00","og_image":[{"width":224,"height":225,"url":"https:\/\/www.rassegnastampa-totustuus.it\/cattolica\/wp-content\/uploads\/2004\/11\/cristiani-ebrei.jpg","type":"image\/jpeg"}],"author":"Redazione","twitter_card":"summary_large_image","twitter_creator":"@rassegnastampa9","twitter_site":"@rassegnastampa9","twitter_misc":{"Scritto da":"Redazione","Tempo di lettura stimato":"5 minuti"},"schema":{"@context":"https:\/\/schema.org","@graph":[{"@type":"Article","@id":"https:\/\/www.rassegnastampa-totustuus.it\/cattolica\/antisemitismo-davvero-tutta-colpa-dei-cattolici\/#article","isPartOf":{"@id":"https:\/\/www.rassegnastampa-totustuus.it\/cattolica\/antisemitismo-davvero-tutta-colpa-dei-cattolici\/"},"author":{"name":"Redazione","@id":"https:\/\/www.rassegnastampa-totustuus.it\/cattolica\/#\/schema\/person\/08f319d2bd1a0904ad9e2bfb7b15e5c3"},"headline":"Antisemitismo, davvero tutta colpa dei cattolici?","datePublished":"2004-11-23T15:32:27+00:00","dateModified":"2025-07-03T15:49:45+00:00","mainEntityOfPage":{"@id":"https:\/\/www.rassegnastampa-totustuus.it\/cattolica\/antisemitismo-davvero-tutta-colpa-dei-cattolici\/"},"wordCount":848,"publisher":{"@id":"https:\/\/www.rassegnastampa-totustuus.it\/cattolica\/#organization"},"image":{"@id":"https:\/\/www.rassegnastampa-totustuus.it\/cattolica\/antisemitismo-davvero-tutta-colpa-dei-cattolici\/#primaryimage"},"thumbnailUrl":"https:\/\/www.rassegnastampa-totustuus.it\/cattolica\/wp-content\/uploads\/2004\/11\/cristiani-ebrei.jpg","keywords":["antisemitismo","cattolici","ebraismo"],"articleSection":["Chiesa ed ebrei"],"inLanguage":"it-IT"},{"@type":"WebPage","@id":"https:\/\/www.rassegnastampa-totustuus.it\/cattolica\/antisemitismo-davvero-tutta-colpa-dei-cattolici\/","url":"https:\/\/www.rassegnastampa-totustuus.it\/cattolica\/antisemitismo-davvero-tutta-colpa-dei-cattolici\/","name":"Antisemitismo, davvero tutta colpa dei cattolici? - Rassegna Stampa Cattolica","isPartOf":{"@id":"https:\/\/www.rassegnastampa-totustuus.it\/cattolica\/#website"},"primaryImageOfPage":{"@id":"https:\/\/www.rassegnastampa-totustuus.it\/cattolica\/antisemitismo-davvero-tutta-colpa-dei-cattolici\/#primaryimage"},"image":{"@id":"https:\/\/www.rassegnastampa-totustuus.it\/cattolica\/antisemitismo-davvero-tutta-colpa-dei-cattolici\/#primaryimage"},"thumbnailUrl":"https:\/\/www.rassegnastampa-totustuus.it\/cattolica\/wp-content\/uploads\/2004\/11\/cristiani-ebrei.jpg","datePublished":"2004-11-23T15:32:27+00:00","dateModified":"2025-07-03T15:49:45+00:00","description":"Antisemitismo, davvero tutta colpa dei cattolici? Ancora una volta, il cristianesimo \u00e8 solo imputato, l'ebraismo solo giudice.","breadcrumb":{"@id":"https:\/\/www.rassegnastampa-totustuus.it\/cattolica\/antisemitismo-davvero-tutta-colpa-dei-cattolici\/#breadcrumb"},"inLanguage":"it-IT","potentialAction":[{"@type":"ReadAction","target":["https:\/\/www.rassegnastampa-totustuus.it\/cattolica\/antisemitismo-davvero-tutta-colpa-dei-cattolici\/"]}]},{"@type":"ImageObject","inLanguage":"it-IT","@id":"https:\/\/www.rassegnastampa-totustuus.it\/cattolica\/antisemitismo-davvero-tutta-colpa-dei-cattolici\/#primaryimage","url":"https:\/\/www.rassegnastampa-totustuus.it\/cattolica\/wp-content\/uploads\/2004\/11\/cristiani-ebrei.jpg","contentUrl":"https:\/\/www.rassegnastampa-totustuus.it\/cattolica\/wp-content\/uploads\/2004\/11\/cristiani-ebrei.jpg","width":224,"height":225},{"@type":"BreadcrumbList","@id":"https:\/\/www.rassegnastampa-totustuus.it\/cattolica\/antisemitismo-davvero-tutta-colpa-dei-cattolici\/#breadcrumb","itemListElement":[{"@type":"ListItem","position":1,"name":"Home","item":"https:\/\/www.rassegnastampa-totustuus.it\/cattolica\/"},{"@type":"ListItem","position":2,"name":"Antisemitismo, davvero tutta colpa dei cattolici?"}]},{"@type":"WebSite","@id":"https:\/\/www.rassegnastampa-totustuus.it\/cattolica\/#website","url":"https:\/\/www.rassegnastampa-totustuus.it\/cattolica\/","name":"Rassegna Stampa Cattolica","description":"Per una cultura che nasce dalla Rivelazione cristiana in conformit\u00e0 alla tradizione e al Magistero della Chiesa in opposizione ad ogni relativismo e totalitarismo","publisher":{"@id":"https:\/\/www.rassegnastampa-totustuus.it\/cattolica\/#organization"},"alternateName":"Rass. Cattolica","potentialAction":[{"@type":"SearchAction","target":{"@type":"EntryPoint","urlTemplate":"https:\/\/www.rassegnastampa-totustuus.it\/cattolica\/?s={search_term_string}"},"query-input":{"@type":"PropertyValueSpecification","valueRequired":true,"valueName":"search_term_string"}}],"inLanguage":"it-IT"},{"@type":"Organization","@id":"https:\/\/www.rassegnastampa-totustuus.it\/cattolica\/#organization","name":"Rassegna Stampa Cattolica","url":"https:\/\/www.rassegnastampa-totustuus.it\/cattolica\/","logo":{"@type":"ImageObject","inLanguage":"it-IT","@id":"https:\/\/www.rassegnastampa-totustuus.it\/cattolica\/#\/schema\/logo\/image\/","url":"https:\/\/www.rassegnastampa-totustuus.it\/cattolica\/wp-content\/uploads\/2014\/04\/logo-rassegna1.gif","contentUrl":"https:\/\/www.rassegnastampa-totustuus.it\/cattolica\/wp-content\/uploads\/2014\/04\/logo-rassegna1.gif","width":600,"height":163,"caption":"Rassegna Stampa Cattolica"},"image":{"@id":"https:\/\/www.rassegnastampa-totustuus.it\/cattolica\/#\/schema\/logo\/image\/"},"sameAs":["https:\/\/www.facebook.com\/rassegnastampacattolica","https:\/\/x.com\/rassegnastampa9"]},{"@type":"Person","@id":"https:\/\/www.rassegnastampa-totustuus.it\/cattolica\/#\/schema\/person\/08f319d2bd1a0904ad9e2bfb7b15e5c3","name":"Redazione","image":{"@type":"ImageObject","inLanguage":"it-IT","@id":"https:\/\/secure.gravatar.com\/avatar\/2fcdf27c78ea025fbdb44e914cc63c72249ffec9dc8aafd5c82b26240ef3f346?s=96&d=mm&r=g","url":"https:\/\/secure.gravatar.com\/avatar\/2fcdf27c78ea025fbdb44e914cc63c72249ffec9dc8aafd5c82b26240ef3f346?s=96&d=mm&r=g","contentUrl":"https:\/\/secure.gravatar.com\/avatar\/2fcdf27c78ea025fbdb44e914cc63c72249ffec9dc8aafd5c82b26240ef3f346?s=96&d=mm&r=g","caption":"Redazione"},"url":"https:\/\/www.rassegnastampa-totustuus.it\/cattolica\/author\/pietroelle\/"}]}},"_links":{"self":[{"href":"https:\/\/www.rassegnastampa-totustuus.it\/cattolica\/wp-json\/wp\/v2\/posts\/192","targetHints":{"allow":["GET"]}}],"collection":[{"href":"https:\/\/www.rassegnastampa-totustuus.it\/cattolica\/wp-json\/wp\/v2\/posts"}],"about":[{"href":"https:\/\/www.rassegnastampa-totustuus.it\/cattolica\/wp-json\/wp\/v2\/types\/post"}],"author":[{"embeddable":true,"href":"https:\/\/www.rassegnastampa-totustuus.it\/cattolica\/wp-json\/wp\/v2\/users\/6"}],"replies":[{"embeddable":true,"href":"https:\/\/www.rassegnastampa-totustuus.it\/cattolica\/wp-json\/wp\/v2\/comments?post=192"}],"version-history":[{"count":3,"href":"https:\/\/www.rassegnastampa-totustuus.it\/cattolica\/wp-json\/wp\/v2\/posts\/192\/revisions"}],"predecessor-version":[{"id":62852,"href":"https:\/\/www.rassegnastampa-totustuus.it\/cattolica\/wp-json\/wp\/v2\/posts\/192\/revisions\/62852"}],"wp:featuredmedia":[{"embeddable":true,"href":"https:\/\/www.rassegnastampa-totustuus.it\/cattolica\/wp-json\/wp\/v2\/media\/28211"}],"wp:attachment":[{"href":"https:\/\/www.rassegnastampa-totustuus.it\/cattolica\/wp-json\/wp\/v2\/media?parent=192"}],"wp:term":[{"taxonomy":"category","embeddable":true,"href":"https:\/\/www.rassegnastampa-totustuus.it\/cattolica\/wp-json\/wp\/v2\/categories?post=192"},{"taxonomy":"post_tag","embeddable":true,"href":"https:\/\/www.rassegnastampa-totustuus.it\/cattolica\/wp-json\/wp\/v2\/tags?post=192"}],"curies":[{"name":"wp","href":"https:\/\/api.w.org\/{rel}","templated":true}]}}