{"id":1906,"date":"2006-03-06T13:15:17","date_gmt":"2006-03-06T12:15:17","guid":{"rendered":""},"modified":"2014-12-15T09:07:39","modified_gmt":"2014-12-15T08:07:39","slug":"cera-una-volta-la-diversit","status":"publish","type":"post","link":"https:\/\/www.rassegnastampa-totustuus.it\/cattolica\/cera-una-volta-la-diversit\/","title":{"rendered":"C&#8217;era una volta la diversit&agrave;"},"content":{"rendered":"<div style=\"text-align: center;\"><strong>Studi Cattolici<\/strong> n.539 gennaio 2006<\/div>\n<p style=\"text-align: center;\">di <strong>Dino Basili<\/strong><\/p>\n<p style=\"text-align: justify;\">II moralismo non piace. Figuriamoci il \u00abmoralismo apocalittico\u00bb praticato dalla sinistra italiana. Imperversa a cicli. L&#8217;ultimo assai rovineggiante (tutto va malissimo) e rovinoso (per il Paese) \u00e8 cominciato con la sconfitta elettorale del 2001, proseguendo senza soste. Con l&#8217;avvicinarsi delle urne il catastrofisimo cresce, si gonfia, arriva anche al ridicolo. Niente paura, per\u00f2. Nel caso di vittoria della coalizione a baricentro Ds saranno rose e fiori nel giro di pochi mesi. Per via della bacchetta magica. Quella capace di seminare artificialmente sdegno ed \u00abevviva\u00bb, di far apparire giusto l&#8217;ingiusto e viceversa, di trasformare in rendita le disgrazie (e le imperizie) altrui.<\/p>\n<p><!--more--><\/p>\n<div style=\"text-align: justify;\">\u00a0Si alzano vibrate proteste (e schiamazzi) quando il centro o la destra picchiano sui tasti dell&#8217;anticomunismo, confinato nel politicamente scorretto. Certo, non incombe pi\u00f9 la potenza militare del Patto di Varsavia, tanto caro alla \u00abquinta colonna\u00bb nostrana. Oggi i pericoli sono d&#8217;altro genere. E provengono anche da un gruppo dirigente d&#8217;intera covata Pci, che si atteggia a padre padrone dell&#8217;alternanza di governo.<\/div>\n<p style=\"text-align: justify;\">Si atteggia, ma forse lo \u00e8 davvero. Tre elmenti incontestabili. Dispone di un apparato esperto e diffuso, neppure lontanamente paragonabile alle modeste strutture dei partiti alleati. Conserva la spregiudicata conduzione della protesta \u00abcomunque e dovunque\u00bb. Scandisce il passo unitario del disarmonico <em>ensemble <\/em>di sinistra-centro, coi partner abilitati alla conquista degli elettorati di frontiera (necessari per andare al potere).<\/p>\n<p style=\"text-align: justify;\">Rischio principale? I vertici diessini, sia pure in maniera felpata, continuano la linea materialista del Pci. Non inganni qualche ossequio formale alla Chiesa. Nei fatti. perseguono un progetto di societ\u00e0 non condivisibile per i cattolici. Parla il tentativo di scardinare la famiglia fondala sul matrimonio, valorizzando altre forme di convivenza. Parla il sostegno alla \u00abcultura antinatalista\u00bb, tant&#8217;\u00e9 che la (malapplicata) 194 \u00e8 penosamente definita, <em>tout court<\/em> \u00abla legge delle donne\u00bb. Parlano l&#8217;accanimento nel referendum sulla procreazione assistita e le scomposte reazioni alla disfatta (bavaglio ai vescovi).<\/p>\n<p style=\"text-align: justify;\">Le iniziative dei radicali sarebbero folclore se non trovassero consistente sponde a sinistra, dove imperversano i capi-scuola del relativismo populista, La Quercia non mira soltanto alla netta separazione tra vita pubblica e religione: bersaglio coperto sono i grandi valori morali che sono a monte della legislazione. Si da per scontato che la voce di Dio, <em>no<\/em> <em>problem<\/em>, pu\u00f2 soccombere a quella degli uomini. II suo corteggiamento ai cattolici \u00e8 strumentale. Acchiappavoti. In verit\u00e0, \u00absiamo\u00bb percepiti come nemici inguaribili dei loro risibili (magnifici) destini progressivi.<\/p>\n<p style=\"text-align: justify;\">Altro che secolarizzazione&#8230; \u00abTocca a noi rimettere in moto l&#8217;Italia\u00bb. Come, con la supponenza? Con il pauperisrno? Non danno alcun affidamento i giochi di parole diessini, spesso ossimori, tra libero mercato e interventi pubblici vecchio stampo. Almeno due ceppi che imprigionano la nostra economia nascono da scelte sbagliate della sinistra. La penuria energetica, con le onerose bollette petrolifere, discende in gran parte dall&#8217;irrazionale rifiuto del \u00abnucleare sicuro\u00bb.<\/p>\n<p style=\"text-align: justify;\">La debolezza delle infrastrutture civili scaturisce anche dai veti, diktat, rallentamenti imposti dalle amministrazioni locali a maggioranza diessina o dalla piazza (tramite il contiguo estremismo: altro che partito democratico&#8230;). \u00c8 vero, questi sono terreni di caccia ambientalista, tuttavia le sortite dei verdi non avrebbero effetti senza il sostegno dei campioni di ostruzionistici \u00abse\u00bb e \u00abma\u00bb.<\/p>\n<p style=\"text-align: justify;\">E certi scioperi cosi dannosi per il sistema produttivo portano in testa la firma congiunta Cgil-Ds (il numero delle ore non lavorate, causa conflittualit\u00e0, \u00e8 salito del 50 per cento nei primi nove mesi del 2005: quanto per mobilitazione pre-elettorale?). Il centro-destra non ha azzeccato varie misure, ma dov&#8217;erano le utili correzioni di un&#8217;opposizione responsabile? Nei Ds funziona soprattutto il meccanismo <em>destruens. <\/em><\/p>\n<p style=\"text-align: justify;\">Infine, due parole sulla vicenda Unipol, \u00c8 facile dichiarare che il \u00abcollateralismo\u00bb non esiste pi\u00f9. Nel rapporto Ds-cooperative rosse si va ben oltre&#8230; C&#8217;\u00e8 un tessuto comune, come con la Cgil. Lungo \u00e8 l&#8217;elenco dei dirigenti coop provenienti dalla Quercia e viceversa. Non \u00e8 azzardato dire che una rete cosi capillare d&#8217;influenze e interessi ha un ruolo non secondario nella pesca elettorale.<\/p>\n<p style=\"text-align: justify;\">Quanto alle indagini su Bancopoli, .solita tecnica. Per le questioni scottanti nel giro Ds, \u00abdel comportamento dei singoli rispondono i singoli\u00bb. Per gli avversari. invece, il biasimo si irraggia sull&#8217;intera area politica. Occhi aperti sulla \u00abdiversit\u00e0\u00bb.<\/p>\n","protected":false},"excerpt":{"rendered":"<p>Studi Cattolici n.539 gennaio 2006 di Dino Basili II moralismo non piace. Figuriamoci il \u00abmoralismo apocalittico\u00bb praticato dalla sinistra italiana. Imperversa a cicli. L&#8217;ultimo assai rovineggiante (tutto va malissimo) e rovinoso (per il Paese) \u00e8 cominciato con la sconfitta elettorale del 2001, proseguendo senza soste. Con l&#8217;avvicinarsi delle urne il catastrofisimo cresce, si gonfia, arriva &hellip; <\/p>\n<p><a class=\"more-link btn\" href=\"https:\/\/www.rassegnastampa-totustuus.it\/cattolica\/cera-una-volta-la-diversit\/\">Continua a leggere<\/a><\/p>\n","protected":false},"author":6,"featured_media":0,"comment_status":"closed","ping_status":"open","sticky":false,"template":"","format":"standard","meta":{"footnotes":""},"categories":[20],"tags":[1223,1222],"class_list":["post-1906","post","type-post","status-publish","format-standard","hentry","category-politica-nazionale","tag-sinistra","tag-unione","item-wrap"],"yoast_head":"<!-- This site is optimized with the Yoast SEO plugin v27.5 - https:\/\/yoast.com\/product\/yoast-seo-wordpress\/ -->\n<title>C&#039;era una volta la diversit&agrave; - Rassegna Stampa Cattolica<\/title>\n<meta name=\"description\" content=\"Rassegna Stampa Cattolica - Per una cultura che nasce dalla Rivelazione cristiana in conformit\u00e0 alla tradizione e al Magistero della Chiesa in opposizione ad ogni relativismo e totalitarismo\" \/>\n<meta name=\"robots\" content=\"index, follow, max-snippet:-1, max-image-preview:large, max-video-preview:-1\" \/>\n<link rel=\"canonical\" href=\"https:\/\/www.rassegnastampa-totustuus.it\/cattolica\/cera-una-volta-la-diversit\/\" \/>\n<meta property=\"og:locale\" content=\"it_IT\" \/>\n<meta property=\"og:type\" content=\"article\" \/>\n<meta property=\"og:title\" content=\"C&#039;era una volta la diversit&agrave; - Rassegna Stampa Cattolica\" \/>\n<meta property=\"og:description\" content=\"Rassegna Stampa Cattolica - Per una cultura che nasce dalla Rivelazione cristiana in conformit\u00e0 alla tradizione e al Magistero della Chiesa in opposizione ad ogni relativismo e totalitarismo\" \/>\n<meta property=\"og:url\" content=\"https:\/\/www.rassegnastampa-totustuus.it\/cattolica\/cera-una-volta-la-diversit\/\" \/>\n<meta property=\"og:site_name\" content=\"Rassegna Stampa Cattolica\" \/>\n<meta property=\"article:publisher\" content=\"https:\/\/www.facebook.com\/rassegnastampacattolica\" \/>\n<meta property=\"article:published_time\" content=\"2006-03-06T12:15:17+00:00\" \/>\n<meta property=\"article:modified_time\" content=\"2014-12-15T08:07:39+00:00\" \/>\n<meta property=\"og:image\" content=\"https:\/\/www.rassegnastampa-totustuus.it\/cattolica\/wp-content\/uploads\/2014\/04\/logo-rassegna.gif\" \/>\n\t<meta property=\"og:image:width\" content=\"600\" \/>\n\t<meta property=\"og:image:height\" content=\"163\" \/>\n\t<meta property=\"og:image:type\" content=\"image\/gif\" \/>\n<meta name=\"author\" content=\"Redazione\" \/>\n<meta name=\"twitter:card\" content=\"summary_large_image\" \/>\n<meta name=\"twitter:creator\" content=\"@rassegnastampa9\" \/>\n<meta name=\"twitter:site\" content=\"@rassegnastampa9\" \/>\n<meta name=\"twitter:label1\" content=\"Scritto da\" \/>\n\t<meta name=\"twitter:data1\" content=\"Redazione\" \/>\n\t<meta name=\"twitter:label2\" content=\"Tempo di lettura stimato\" \/>\n\t<meta name=\"twitter:data2\" content=\"3 minuti\" \/>\n<script type=\"application\/ld+json\" class=\"yoast-schema-graph\">{\"@context\":\"https:\\\/\\\/schema.org\",\"@graph\":[{\"@type\":\"Article\",\"@id\":\"https:\\\/\\\/www.rassegnastampa-totustuus.it\\\/cattolica\\\/cera-una-volta-la-diversit\\\/#article\",\"isPartOf\":{\"@id\":\"https:\\\/\\\/www.rassegnastampa-totustuus.it\\\/cattolica\\\/cera-una-volta-la-diversit\\\/\"},\"author\":{\"name\":\"Redazione\",\"@id\":\"https:\\\/\\\/www.rassegnastampa-totustuus.it\\\/cattolica\\\/#\\\/schema\\\/person\\\/08f319d2bd1a0904ad9e2bfb7b15e5c3\"},\"headline\":\"C&#8217;era una volta la diversit&agrave;\",\"datePublished\":\"2006-03-06T12:15:17+00:00\",\"dateModified\":\"2014-12-15T08:07:39+00:00\",\"mainEntityOfPage\":{\"@id\":\"https:\\\/\\\/www.rassegnastampa-totustuus.it\\\/cattolica\\\/cera-una-volta-la-diversit\\\/\"},\"wordCount\":689,\"publisher\":{\"@id\":\"https:\\\/\\\/www.rassegnastampa-totustuus.it\\\/cattolica\\\/#organization\"},\"keywords\":[\"sinistra\",\"Unione\"],\"articleSection\":[\"Politica nazionale\"],\"inLanguage\":\"it-IT\"},{\"@type\":\"WebPage\",\"@id\":\"https:\\\/\\\/www.rassegnastampa-totustuus.it\\\/cattolica\\\/cera-una-volta-la-diversit\\\/\",\"url\":\"https:\\\/\\\/www.rassegnastampa-totustuus.it\\\/cattolica\\\/cera-una-volta-la-diversit\\\/\",\"name\":\"C'era una volta la diversit&agrave; - Rassegna Stampa Cattolica\",\"isPartOf\":{\"@id\":\"https:\\\/\\\/www.rassegnastampa-totustuus.it\\\/cattolica\\\/#website\"},\"datePublished\":\"2006-03-06T12:15:17+00:00\",\"dateModified\":\"2014-12-15T08:07:39+00:00\",\"description\":\"Rassegna Stampa Cattolica - Per una cultura che nasce dalla Rivelazione cristiana in conformit\u00e0 alla tradizione e al Magistero della Chiesa in opposizione ad ogni relativismo e totalitarismo\",\"breadcrumb\":{\"@id\":\"https:\\\/\\\/www.rassegnastampa-totustuus.it\\\/cattolica\\\/cera-una-volta-la-diversit\\\/#breadcrumb\"},\"inLanguage\":\"it-IT\",\"potentialAction\":[{\"@type\":\"ReadAction\",\"target\":[\"https:\\\/\\\/www.rassegnastampa-totustuus.it\\\/cattolica\\\/cera-una-volta-la-diversit\\\/\"]}]},{\"@type\":\"BreadcrumbList\",\"@id\":\"https:\\\/\\\/www.rassegnastampa-totustuus.it\\\/cattolica\\\/cera-una-volta-la-diversit\\\/#breadcrumb\",\"itemListElement\":[{\"@type\":\"ListItem\",\"position\":1,\"name\":\"Home\",\"item\":\"https:\\\/\\\/www.rassegnastampa-totustuus.it\\\/cattolica\\\/\"},{\"@type\":\"ListItem\",\"position\":2,\"name\":\"C&#8217;era una volta la diversit&agrave;\"}]},{\"@type\":\"WebSite\",\"@id\":\"https:\\\/\\\/www.rassegnastampa-totustuus.it\\\/cattolica\\\/#website\",\"url\":\"https:\\\/\\\/www.rassegnastampa-totustuus.it\\\/cattolica\\\/\",\"name\":\"Rassegna Stampa Cattolica\",\"description\":\"Per una cultura che nasce dalla Rivelazione cristiana in conformit\u00e0 alla tradizione e al Magistero della Chiesa in opposizione ad ogni relativismo e totalitarismo\",\"publisher\":{\"@id\":\"https:\\\/\\\/www.rassegnastampa-totustuus.it\\\/cattolica\\\/#organization\"},\"alternateName\":\"Rass. Cattolica\",\"potentialAction\":[{\"@type\":\"SearchAction\",\"target\":{\"@type\":\"EntryPoint\",\"urlTemplate\":\"https:\\\/\\\/www.rassegnastampa-totustuus.it\\\/cattolica\\\/?s={search_term_string}\"},\"query-input\":{\"@type\":\"PropertyValueSpecification\",\"valueRequired\":true,\"valueName\":\"search_term_string\"}}],\"inLanguage\":\"it-IT\"},{\"@type\":\"Organization\",\"@id\":\"https:\\\/\\\/www.rassegnastampa-totustuus.it\\\/cattolica\\\/#organization\",\"name\":\"Rassegna Stampa Cattolica\",\"url\":\"https:\\\/\\\/www.rassegnastampa-totustuus.it\\\/cattolica\\\/\",\"logo\":{\"@type\":\"ImageObject\",\"inLanguage\":\"it-IT\",\"@id\":\"https:\\\/\\\/www.rassegnastampa-totustuus.it\\\/cattolica\\\/#\\\/schema\\\/logo\\\/image\\\/\",\"url\":\"https:\\\/\\\/www.rassegnastampa-totustuus.it\\\/cattolica\\\/wp-content\\\/uploads\\\/2014\\\/04\\\/logo-rassegna1.gif\",\"contentUrl\":\"https:\\\/\\\/www.rassegnastampa-totustuus.it\\\/cattolica\\\/wp-content\\\/uploads\\\/2014\\\/04\\\/logo-rassegna1.gif\",\"width\":600,\"height\":163,\"caption\":\"Rassegna Stampa Cattolica\"},\"image\":{\"@id\":\"https:\\\/\\\/www.rassegnastampa-totustuus.it\\\/cattolica\\\/#\\\/schema\\\/logo\\\/image\\\/\"},\"sameAs\":[\"https:\\\/\\\/www.facebook.com\\\/rassegnastampacattolica\",\"https:\\\/\\\/x.com\\\/rassegnastampa9\"]},{\"@type\":\"Person\",\"@id\":\"https:\\\/\\\/www.rassegnastampa-totustuus.it\\\/cattolica\\\/#\\\/schema\\\/person\\\/08f319d2bd1a0904ad9e2bfb7b15e5c3\",\"name\":\"Redazione\",\"image\":{\"@type\":\"ImageObject\",\"inLanguage\":\"it-IT\",\"@id\":\"https:\\\/\\\/secure.gravatar.com\\\/avatar\\\/2fcdf27c78ea025fbdb44e914cc63c72249ffec9dc8aafd5c82b26240ef3f346?s=96&d=mm&r=g\",\"url\":\"https:\\\/\\\/secure.gravatar.com\\\/avatar\\\/2fcdf27c78ea025fbdb44e914cc63c72249ffec9dc8aafd5c82b26240ef3f346?s=96&d=mm&r=g\",\"contentUrl\":\"https:\\\/\\\/secure.gravatar.com\\\/avatar\\\/2fcdf27c78ea025fbdb44e914cc63c72249ffec9dc8aafd5c82b26240ef3f346?s=96&d=mm&r=g\",\"caption\":\"Redazione\"},\"url\":\"https:\\\/\\\/www.rassegnastampa-totustuus.it\\\/cattolica\\\/author\\\/pietroelle\\\/\"}]}<\/script>\n<!-- \/ Yoast SEO plugin. -->","yoast_head_json":{"title":"C'era una volta la diversit&agrave; - Rassegna Stampa Cattolica","description":"Rassegna Stampa Cattolica - Per una cultura che nasce dalla Rivelazione cristiana in conformit\u00e0 alla tradizione e al Magistero della Chiesa in opposizione ad ogni relativismo e totalitarismo","robots":{"index":"index","follow":"follow","max-snippet":"max-snippet:-1","max-image-preview":"max-image-preview:large","max-video-preview":"max-video-preview:-1"},"canonical":"https:\/\/www.rassegnastampa-totustuus.it\/cattolica\/cera-una-volta-la-diversit\/","og_locale":"it_IT","og_type":"article","og_title":"C'era una volta la diversit&agrave; - Rassegna Stampa Cattolica","og_description":"Rassegna Stampa Cattolica - Per una cultura che nasce dalla Rivelazione cristiana in conformit\u00e0 alla tradizione e al Magistero della Chiesa in opposizione ad ogni relativismo e totalitarismo","og_url":"https:\/\/www.rassegnastampa-totustuus.it\/cattolica\/cera-una-volta-la-diversit\/","og_site_name":"Rassegna Stampa Cattolica","article_publisher":"https:\/\/www.facebook.com\/rassegnastampacattolica","article_published_time":"2006-03-06T12:15:17+00:00","article_modified_time":"2014-12-15T08:07:39+00:00","og_image":[{"width":600,"height":163,"url":"https:\/\/www.rassegnastampa-totustuus.it\/cattolica\/wp-content\/uploads\/2014\/04\/logo-rassegna.gif","type":"image\/gif"}],"author":"Redazione","twitter_card":"summary_large_image","twitter_creator":"@rassegnastampa9","twitter_site":"@rassegnastampa9","twitter_misc":{"Scritto da":"Redazione","Tempo di lettura stimato":"3 minuti"},"schema":{"@context":"https:\/\/schema.org","@graph":[{"@type":"Article","@id":"https:\/\/www.rassegnastampa-totustuus.it\/cattolica\/cera-una-volta-la-diversit\/#article","isPartOf":{"@id":"https:\/\/www.rassegnastampa-totustuus.it\/cattolica\/cera-una-volta-la-diversit\/"},"author":{"name":"Redazione","@id":"https:\/\/www.rassegnastampa-totustuus.it\/cattolica\/#\/schema\/person\/08f319d2bd1a0904ad9e2bfb7b15e5c3"},"headline":"C&#8217;era una volta la diversit&agrave;","datePublished":"2006-03-06T12:15:17+00:00","dateModified":"2014-12-15T08:07:39+00:00","mainEntityOfPage":{"@id":"https:\/\/www.rassegnastampa-totustuus.it\/cattolica\/cera-una-volta-la-diversit\/"},"wordCount":689,"publisher":{"@id":"https:\/\/www.rassegnastampa-totustuus.it\/cattolica\/#organization"},"keywords":["sinistra","Unione"],"articleSection":["Politica nazionale"],"inLanguage":"it-IT"},{"@type":"WebPage","@id":"https:\/\/www.rassegnastampa-totustuus.it\/cattolica\/cera-una-volta-la-diversit\/","url":"https:\/\/www.rassegnastampa-totustuus.it\/cattolica\/cera-una-volta-la-diversit\/","name":"C'era una volta la diversit&agrave; - Rassegna Stampa Cattolica","isPartOf":{"@id":"https:\/\/www.rassegnastampa-totustuus.it\/cattolica\/#website"},"datePublished":"2006-03-06T12:15:17+00:00","dateModified":"2014-12-15T08:07:39+00:00","description":"Rassegna Stampa Cattolica - Per una cultura che nasce dalla Rivelazione cristiana in conformit\u00e0 alla tradizione e al Magistero della Chiesa in opposizione ad ogni relativismo e totalitarismo","breadcrumb":{"@id":"https:\/\/www.rassegnastampa-totustuus.it\/cattolica\/cera-una-volta-la-diversit\/#breadcrumb"},"inLanguage":"it-IT","potentialAction":[{"@type":"ReadAction","target":["https:\/\/www.rassegnastampa-totustuus.it\/cattolica\/cera-una-volta-la-diversit\/"]}]},{"@type":"BreadcrumbList","@id":"https:\/\/www.rassegnastampa-totustuus.it\/cattolica\/cera-una-volta-la-diversit\/#breadcrumb","itemListElement":[{"@type":"ListItem","position":1,"name":"Home","item":"https:\/\/www.rassegnastampa-totustuus.it\/cattolica\/"},{"@type":"ListItem","position":2,"name":"C&#8217;era una volta la diversit&agrave;"}]},{"@type":"WebSite","@id":"https:\/\/www.rassegnastampa-totustuus.it\/cattolica\/#website","url":"https:\/\/www.rassegnastampa-totustuus.it\/cattolica\/","name":"Rassegna Stampa Cattolica","description":"Per una cultura che nasce dalla Rivelazione cristiana in conformit\u00e0 alla tradizione e al Magistero della Chiesa in opposizione ad ogni relativismo e totalitarismo","publisher":{"@id":"https:\/\/www.rassegnastampa-totustuus.it\/cattolica\/#organization"},"alternateName":"Rass. Cattolica","potentialAction":[{"@type":"SearchAction","target":{"@type":"EntryPoint","urlTemplate":"https:\/\/www.rassegnastampa-totustuus.it\/cattolica\/?s={search_term_string}"},"query-input":{"@type":"PropertyValueSpecification","valueRequired":true,"valueName":"search_term_string"}}],"inLanguage":"it-IT"},{"@type":"Organization","@id":"https:\/\/www.rassegnastampa-totustuus.it\/cattolica\/#organization","name":"Rassegna Stampa Cattolica","url":"https:\/\/www.rassegnastampa-totustuus.it\/cattolica\/","logo":{"@type":"ImageObject","inLanguage":"it-IT","@id":"https:\/\/www.rassegnastampa-totustuus.it\/cattolica\/#\/schema\/logo\/image\/","url":"https:\/\/www.rassegnastampa-totustuus.it\/cattolica\/wp-content\/uploads\/2014\/04\/logo-rassegna1.gif","contentUrl":"https:\/\/www.rassegnastampa-totustuus.it\/cattolica\/wp-content\/uploads\/2014\/04\/logo-rassegna1.gif","width":600,"height":163,"caption":"Rassegna Stampa Cattolica"},"image":{"@id":"https:\/\/www.rassegnastampa-totustuus.it\/cattolica\/#\/schema\/logo\/image\/"},"sameAs":["https:\/\/www.facebook.com\/rassegnastampacattolica","https:\/\/x.com\/rassegnastampa9"]},{"@type":"Person","@id":"https:\/\/www.rassegnastampa-totustuus.it\/cattolica\/#\/schema\/person\/08f319d2bd1a0904ad9e2bfb7b15e5c3","name":"Redazione","image":{"@type":"ImageObject","inLanguage":"it-IT","@id":"https:\/\/secure.gravatar.com\/avatar\/2fcdf27c78ea025fbdb44e914cc63c72249ffec9dc8aafd5c82b26240ef3f346?s=96&d=mm&r=g","url":"https:\/\/secure.gravatar.com\/avatar\/2fcdf27c78ea025fbdb44e914cc63c72249ffec9dc8aafd5c82b26240ef3f346?s=96&d=mm&r=g","contentUrl":"https:\/\/secure.gravatar.com\/avatar\/2fcdf27c78ea025fbdb44e914cc63c72249ffec9dc8aafd5c82b26240ef3f346?s=96&d=mm&r=g","caption":"Redazione"},"url":"https:\/\/www.rassegnastampa-totustuus.it\/cattolica\/author\/pietroelle\/"}]}},"_links":{"self":[{"href":"https:\/\/www.rassegnastampa-totustuus.it\/cattolica\/wp-json\/wp\/v2\/posts\/1906","targetHints":{"allow":["GET"]}}],"collection":[{"href":"https:\/\/www.rassegnastampa-totustuus.it\/cattolica\/wp-json\/wp\/v2\/posts"}],"about":[{"href":"https:\/\/www.rassegnastampa-totustuus.it\/cattolica\/wp-json\/wp\/v2\/types\/post"}],"author":[{"embeddable":true,"href":"https:\/\/www.rassegnastampa-totustuus.it\/cattolica\/wp-json\/wp\/v2\/users\/6"}],"replies":[{"embeddable":true,"href":"https:\/\/www.rassegnastampa-totustuus.it\/cattolica\/wp-json\/wp\/v2\/comments?post=1906"}],"version-history":[{"count":3,"href":"https:\/\/www.rassegnastampa-totustuus.it\/cattolica\/wp-json\/wp\/v2\/posts\/1906\/revisions"}],"predecessor-version":[{"id":15422,"href":"https:\/\/www.rassegnastampa-totustuus.it\/cattolica\/wp-json\/wp\/v2\/posts\/1906\/revisions\/15422"}],"wp:attachment":[{"href":"https:\/\/www.rassegnastampa-totustuus.it\/cattolica\/wp-json\/wp\/v2\/media?parent=1906"}],"wp:term":[{"taxonomy":"category","embeddable":true,"href":"https:\/\/www.rassegnastampa-totustuus.it\/cattolica\/wp-json\/wp\/v2\/categories?post=1906"},{"taxonomy":"post_tag","embeddable":true,"href":"https:\/\/www.rassegnastampa-totustuus.it\/cattolica\/wp-json\/wp\/v2\/tags?post=1906"}],"curies":[{"name":"wp","href":"https:\/\/api.w.org\/{rel}","templated":true}]}}