{"id":1905,"date":"2006-03-06T13:10:50","date_gmt":"2006-03-06T12:10:50","guid":{"rendered":""},"modified":"2016-06-22T10:00:16","modified_gmt":"2016-06-22T08:00:16","slug":"lunione-strafalcioni-e-scopiazzature-anche-per-la-parte-economica","status":"publish","type":"post","link":"https:\/\/www.rassegnastampa-totustuus.it\/cattolica\/lunione-strafalcioni-e-scopiazzature-anche-per-la-parte-economica\/","title":{"rendered":"L&#8217;Unione:  Strafalcioni e scopiazzature anche per la parte economica"},"content":{"rendered":"<div style=\"text-align: center;\"><img loading=\"lazy\" decoding=\"async\" class=\"alignleft wp-image-35261\" src=\"https:\/\/www.rassegnastampa-totustuus.it\/cattolica\/wp-content\/uploads\/2006\/03\/Prodi_programma.jpg\" alt=\"Prodi_programma\" width=\"156\" height=\"200\" \/>Tratto da <strong>Il Domenicale<\/strong><\/div>\n<p style=\"text-align: justify;\"><em>281 pagine per dire tutto e il suo contrario. Perch\u00e9 il programma \u00e8 solo la cornice, poi (parole sue) sar\u00e0 Prodi a disegnare il quadro. Epper\u00f2 gi\u00e0 dalla cornice si capisce che non sar\u00e0 un grande paesaggio: nel burocratese pi\u00f9 antico i sogni della Sinistra, i nostri incubi<\/em><\/p>\n<p style=\"text-align: center;\">di<strong> Massimiliano Longo<\/strong><\/p>\n<p><!--more--><\/p>\n<div style=\"text-align: justify;\">Il denominatore comune del programma economico dell\u2019Unione \u00e8 forse sintetizzabile cos\u00ec: Berlusconi ha sbagliato tutto, \u00e8 tutto da rifare per\u00f2\u2026. forse aveva ragione lui: la strada del federalismo fiscale \u00e8 giusta, la strada del taglio delle tasse e dei contributi sociali \u00e8 corretta, la strada della ricerca di nuove forme di flessibilit\u00e0 e libert\u00e0 \u00e8 da condividere, anzi dobbiamo fare di pi\u00f9.<\/div>\n<p style=\"text-align: justify;\">Insomma, non si capisce se le critiche al Governo siano riconducibili all\u2019idea che si sia sbagliato tutto o che non si sia fatto abbastanza, ma nella direzione giusta. Evidentemente non \u00e8 la stessa cosa. Nel programma d\u2019altronde si legge un po\u2019 di tutto. Del resto sono contraddittori gli stessi slogan usati da questo o quell\u2019esponente politico dell\u2019Unione, divisi tra \u00ab\u00c8 tutto da buttar via, la Legge Biagi al macero!\u00bb e \u00abvalutiamo caso per caso, cerchiamo di migliorare senza distruggere il sistema\u2026\u00bb.<\/p>\n<p style=\"text-align: justify;\">Lasciamo da parte gli slogan e le semplificazioni elettorali, cerchiamo di capire se esiste una strategia di politica economica dell\u2019Unione sulla base del programma appena presentato.<\/p>\n<p style=\"text-align: justify;\"><strong>Federalismo fiscale<\/strong><\/p>\n<p style=\"text-align: justify;\">Leggiamo qua e l\u00e0, avvisando il lettore che nel corposo tomo di 281 pagine si trova un mare magnum di buone intenzioni su \u201ccosa\u201d si dovrebbe realizzare, ma senza traccia del \u201ccome \u201c raggiungere risultati concreti. Anche solo sul \u201ccosa fare\u201d si segnalano intenzioni spesso generiche, talvolta contraddittorie, quasi sempre finalizzate sorprendentemente a perseguire linee di azione gi\u00e0 impostate dal Centro Destra. Cominciamo dal federalismo fiscale, valorizzato nel programma dell\u2019Unione tra le parti iniziali e quindi maggiormente qualificanti la futura azione di governo, (\u00e8 inserito addirittura prima delle proposte sul conflitto di interessi).<\/p>\n<p style=\"text-align: justify;\">Dopo alcune generiche affermazioni di sana demagogia localistica tipo \u00abassicurare una reale partecipazione interistituzionale ai momenti decisionali sulle regole di finanza pubblica\u00bb oppure \u00abattuare l\u2019ampliamento delle forme di partecipazione alla predisposizione dei provvedimenti di Bilancio\u00bb (immaginiamo gi\u00e0 che la Legge Finanziaria venga negoziata su infiniti tavoli di concertazione totalmente improduttivi tra Stato ed enti locali \u2026), si cerca invano qualcosa di concreto.<\/p>\n<p style=\"text-align: justify;\">Ecco i passaggi decisivi: \u00abattribuire alle Regioni e agli Enti locali tributi propri e quote di partecipazione al gettito di tributi erariali\u00bb e anche \u00abattivare gli strumenti di perequazione tra territori ed i finanziamenti di obiettivi straordinari di sviluppo\u00bb.<\/p>\n<p style=\"text-align: justify;\">Se uno studente universitario del secondo anno di una qualsiasi facolt\u00e0 di Economia, in sede di esame, cascasse dalle nuvole dicendo che in Italia \u00aboccorre attribuire tributi propri e quote di tributi erariali agli enti locali e inoltre che occorre attivare meccanismi perequativi\u00bb, sarebbe certamente bocciato: Ici ed Irap non sono gi\u00e0 tributi propri di Comune e Regione? Forse non esistono gi\u00e0 addizionali comunali e regionali dell\u2019Irpef? Forse non esistono gi\u00e0 trasferimenti in chiave perequativa?<\/p>\n<p style=\"text-align: justify;\">Allora o il programma dell\u2019Unione vuole realizzare quello che gi\u00e0 esiste, magari potenziando l\u2019autonomia impositiva locale &#8211; pur senza indicazioni sul \u201ccome\u201d- e quindi la politica dell\u2019attuale Governo \u00e8 giudicata corretta, o forse si ritiene che occorra reimpostare tutto il sistema di finanza locale, magari perch\u00e9 non piace l\u2019Irap. Ma se ricordiamo bene, proprio loro hanno introdotto la famosa imposta regionale che colpisce le imprese su una base imponibile innaturale, data dall\u2019utile di bilancio aumentato del costo del lavoro e dal costo dell\u2019indebitamento.<\/p>\n<p style=\"text-align: justify;\">La proposta di abolirla \u00e8 nel programma del Centro destra; gi\u00e0 sono stati operati consistenti tagli e riduzioni dell\u2019imposta nel corso della legislatura. Forse l\u2019Unione vuole la stessa cosa? Difficile crederlo.<\/p>\n<p style=\"text-align: justify;\">Passiamo al cuore del programma economico. Quanto fatto sin qui non va bene, \u00e8 da buttare, si leggono frasi, peraltro dalla discutibile costruzione ed efficacia, quali: \u00abPer il rilancio del Paese\u2026serve un cambio di paradigma economico e sociale\u00bb affermazione che \u00e8 interpretabile in tutte le direzioni, dal sommovimento anticapitalista di Bertinotti alle posizioni liberiste pi\u00f9 sfrenate. Ma in concreto \u00abquesto cambio di paradigma\u00bb come si realizza?<\/p>\n<p style=\"text-align: justify;\">Sacrifici e crescita insieme, non prima sacrifici e poi crescita. Benissimo, ma come si fa? Non c\u2019\u00e8 una idea. O forse una la si pu\u00f2 trovare, su quello che non va fatto: \u00abLa sfida della concorrenza globale non pu\u00f2 essere affrontata con successo sfruttando la riduzione dei costi, in particolare di quello del lavoro\u00bb.<\/p>\n<p style=\"text-align: justify;\">Qui il lettore ha un sussulto: ho letto bene? Forse c\u2019\u00e8 un refuso e la frase va intesa cos\u00ec: \u00abla sfida\u2026.non pu\u00f2 che essere affrontata sfruttando la riduzione dei costi, in particolare quello del lavoro\u00bb. E invece no, la prima versione \u00e8 quella buona. Ma come, Prodi parla tra gli applausi di riduzione del cuneo fiscale e del costo del lavoro per le aziende di 5 punti percentuali \u2013 ovviamente senza dire come si possa fare, con quale copertura finanziaria, se non parlando di generici aumenti contributivi per gli autonomi &#8211; e il programma ufficiale, quello cui tutti si riferiranno nell\u2019elaborare proposte di governo (c\u2019\u00e8 scritto, si fa, non c\u2019\u00e8 scritto non si fa!) dice l\u2019esatto contrario: non si riducono i costi delle imprese a cominciare da quello del lavoro.<\/p>\n<p style=\"text-align: justify;\"><strong>Sembra copiato dal Centrodestra<\/strong><\/p>\n<p style=\"text-align: justify;\">Anche le critiche politiche al programma sono complicate da impostare: non volete ridurre i costi delle imprese italiane per aumentarne la competitivit\u00e0? La strada del declino per il sistema Italia \u00e8 segnata. Volete ridurre i costi per le imprese? \u00c8 quello che il Centrodestra sta cercando di fare dall\u2019inizio della legislatura, con risultati parziali, ma sempre nella stessa direzione: quindi o volete essere pi\u00f9 di destra di Berlusconi o forse la politica del taglio dei costi aziendali \u00e8 di sinistra moderata e la sta gi\u00e0 facendo il Governo.<\/p>\n<p style=\"text-align: justify;\">Volete un radicale taglio del 5% del costo del lavoro? Benissimo, ma come lo si finanzia? Con incrementi contributivi e fiscali a carico del vasto mondo del lavoro autonomo, dei professionisti, piccoli e micro imprenditori, artigiani, commercianti? Si vuole forse un conflitto di classe su chi si faccia carico dei sacrifici necessari per la ripresa?<\/p>\n<p style=\"text-align: justify;\">Scorrendo il programma gli esempi di contraddizioni sono senza fine. In materia di lavoro e welfare leggiamo: \u00abUno sviluppo di qualit\u00e0 richiede un modello sociale nuovo pi\u00f9 attento alla solidariet\u00e0 ed ai bisogni delle persone\u00bb. La prima reazione \u00e8 di entusiasmo, finalmente ci siamo arrivati: le idee di Tony Blair si stanno facendo strada anche a sinistra, \u00e8 alle porte il nuovo welfare che protegge davvero solo chi ha bisogno e non d\u00e0 tutto a tutti, dando quindi troppo poco a ciascuno! Ma bastano poche righe per deludere ogni speranza: \u00abUn sistema di welfare universalistico e attivo\u2026serve a dare sicurezza\u2026.\u00bb. \u00e8 il solito welfare universalistico all\u2019italiana, tutto a tutti, poco a chi ha davvero bisogno.<\/p>\n<p style=\"text-align: justify;\">Ma torniamo alla politica fiscale, si legge \u201c occorre\u2026.riequilibrare il prelievo fiscale a favore dei redditi bassi, del lavoro e delle imprese innovative, abolendo gli ingiustificati vantaggi per le rendite..\u201d. Benissimo, ma la riduzione del carico fiscale per i redditi bassi, soprattutto per i lavoratori dipendenti, \u00e8 gi\u00e0 stata largamente avviata con la no \u2013 tax area e la family area dal Governo; allora la strada \u00e8 giusta! Si tratta solo di continuarla, ma perch\u00e9 farlo fare a chi l\u2019ha sempre combattuta per 5 anni? E la riduzione del carico fiscale per le imprese innovative non \u00e8 forse stato gi\u00e0 avviato con vari incentivi tra cui la riduzione Irap per le imprese che spendono in ricerca e sviluppo?<\/p>\n<p style=\"text-align: justify;\">Resta il mistero sul punto degli ingiustificati vantaggi per le rendite? Si ricorda che i cosiddetti ingiustificati vantaggi sono legati a scelte di tassazione tendenzialmente uniformi a livello europeo. Li si vuole eliminare? Benissimo, almeno un punto \u00e8 chiaro, l\u2019Unione vuole tassare il risparmio delle famiglie e dei cittadini secondo la impostazione culturale vetero marxista per cui le rendite sono il male assoluto, comunque prodotte.<\/p>\n<p style=\"text-align: justify;\">Peccato che larghissima fetta delle cosiddette rendite sia rappresentato dal risparmio accumulato in anni di lavoro da piccoli risparmiatori e dalla gran parte delle famiglie italiane. Le eventuali modalit\u00e0 di tassazione sono indefinite: con la patrimoniale? Con l\u2019inclusione dei risparmi nella tassazione Irpef, cio\u00e8 progressiva? Con ritenute alla fonte pi\u00f9 alte delle attuali?<\/p>\n<p style=\"text-align: justify;\">Non si sa, e forse non sa \u2013 o fa finta di non sapere l\u2019estensore del programma \u2013 che ci troviamo in un mercato aperto, di libera circolazione dei capitali in Europa, con avanzato grado di coordinamento fiscale proprio sul tema delle rendite finanziarie; in che direzione ci muoveremo? Nel solco o contro le linee comuni europee sulla materia? Vogliamo proprio la fuga di capitali all\u2019estero, aumentando il prelievo sui risparmi?<\/p>\n<p style=\"text-align: justify;\">Di tutto si potrebbe discutere, se si capisse la reale direzione di marcia dell\u2019Unione, ma per farlo il programma non aiuta.<\/p>\n","protected":false},"excerpt":{"rendered":"<p>Tratto da Il Domenicale 281 pagine per dire tutto e il suo contrario. Perch\u00e9 il programma \u00e8 solo la cornice, poi (parole sue) sar\u00e0 Prodi a disegnare il quadro. Epper\u00f2 gi\u00e0 dalla cornice si capisce che non sar\u00e0 un grande paesaggio: nel burocratese pi\u00f9 antico i sogni della Sinistra, i nostri incubi di Massimiliano Longo<\/p><p><a class=\"more-link btn\" href=\"https:\/\/www.rassegnastampa-totustuus.it\/cattolica\/lunione-strafalcioni-e-scopiazzature-anche-per-la-parte-economica\/\">Continua a leggere<\/a><\/p>\n","protected":false},"author":6,"featured_media":35261,"comment_status":"closed","ping_status":"open","sticky":false,"template":"","format":"standard","meta":{"footnotes":""},"categories":[20],"tags":[1223,1222],"class_list":["post-1905","post","type-post","status-publish","format-standard","has-post-thumbnail","hentry","category-politica-nazionale","tag-sinistra","tag-unione","item-wrap"],"yoast_head":"<!-- This site is optimized with the Yoast SEO plugin v27.5 - https:\/\/yoast.com\/product\/yoast-seo-wordpress\/ -->\n<title>L&#039;Unione: Strafalcioni e scopiazzature anche per la parte economica - Rassegna Stampa Cattolica<\/title>\n<meta name=\"description\" content=\"Rassegna Stampa Cattolica - Per una cultura che nasce dalla Rivelazione cristiana in conformit\u00e0 alla tradizione e al Magistero della Chiesa in opposizione ad ogni relativismo e totalitarismo\" \/>\n<meta name=\"robots\" content=\"index, follow, max-snippet:-1, max-image-preview:large, max-video-preview:-1\" \/>\n<link rel=\"canonical\" href=\"https:\/\/www.rassegnastampa-totustuus.it\/cattolica\/lunione-strafalcioni-e-scopiazzature-anche-per-la-parte-economica\/\" \/>\n<meta property=\"og:locale\" content=\"it_IT\" \/>\n<meta property=\"og:type\" content=\"article\" \/>\n<meta property=\"og:title\" content=\"L&#039;Unione: Strafalcioni e scopiazzature anche per la parte economica - Rassegna Stampa Cattolica\" \/>\n<meta property=\"og:description\" content=\"Rassegna Stampa Cattolica - Per una cultura che nasce dalla Rivelazione cristiana in conformit\u00e0 alla tradizione e al Magistero della Chiesa in opposizione ad ogni relativismo e totalitarismo\" \/>\n<meta property=\"og:url\" content=\"https:\/\/www.rassegnastampa-totustuus.it\/cattolica\/lunione-strafalcioni-e-scopiazzature-anche-per-la-parte-economica\/\" \/>\n<meta property=\"og:site_name\" content=\"Rassegna Stampa Cattolica\" \/>\n<meta property=\"article:publisher\" content=\"https:\/\/www.facebook.com\/rassegnastampacattolica\" \/>\n<meta property=\"article:published_time\" content=\"2006-03-06T12:10:50+00:00\" \/>\n<meta property=\"article:modified_time\" content=\"2016-06-22T08:00:16+00:00\" \/>\n<meta property=\"og:image\" content=\"https:\/\/www.rassegnastampa-totustuus.it\/cattolica\/wp-content\/uploads\/2006\/03\/Prodi_programma.jpg\" \/>\n\t<meta property=\"og:image:width\" content=\"200\" \/>\n\t<meta property=\"og:image:height\" content=\"257\" \/>\n\t<meta property=\"og:image:type\" content=\"image\/jpeg\" \/>\n<meta name=\"author\" content=\"Redazione\" \/>\n<meta name=\"twitter:card\" content=\"summary_large_image\" \/>\n<meta name=\"twitter:creator\" content=\"@rassegnastampa9\" \/>\n<meta name=\"twitter:site\" content=\"@rassegnastampa9\" \/>\n<meta name=\"twitter:label1\" content=\"Scritto da\" \/>\n\t<meta name=\"twitter:data1\" content=\"Redazione\" \/>\n\t<meta name=\"twitter:label2\" content=\"Tempo di lettura stimato\" \/>\n\t<meta name=\"twitter:data2\" content=\"7 minuti\" \/>\n<script type=\"application\/ld+json\" class=\"yoast-schema-graph\">{\"@context\":\"https:\\\/\\\/schema.org\",\"@graph\":[{\"@type\":\"Article\",\"@id\":\"https:\\\/\\\/www.rassegnastampa-totustuus.it\\\/cattolica\\\/lunione-strafalcioni-e-scopiazzature-anche-per-la-parte-economica\\\/#article\",\"isPartOf\":{\"@id\":\"https:\\\/\\\/www.rassegnastampa-totustuus.it\\\/cattolica\\\/lunione-strafalcioni-e-scopiazzature-anche-per-la-parte-economica\\\/\"},\"author\":{\"name\":\"Redazione\",\"@id\":\"https:\\\/\\\/www.rassegnastampa-totustuus.it\\\/cattolica\\\/#\\\/schema\\\/person\\\/08f319d2bd1a0904ad9e2bfb7b15e5c3\"},\"headline\":\"L&#8217;Unione: Strafalcioni e scopiazzature anche per la parte economica\",\"datePublished\":\"2006-03-06T12:10:50+00:00\",\"dateModified\":\"2016-06-22T08:00:16+00:00\",\"mainEntityOfPage\":{\"@id\":\"https:\\\/\\\/www.rassegnastampa-totustuus.it\\\/cattolica\\\/lunione-strafalcioni-e-scopiazzature-anche-per-la-parte-economica\\\/\"},\"wordCount\":1455,\"publisher\":{\"@id\":\"https:\\\/\\\/www.rassegnastampa-totustuus.it\\\/cattolica\\\/#organization\"},\"image\":{\"@id\":\"https:\\\/\\\/www.rassegnastampa-totustuus.it\\\/cattolica\\\/lunione-strafalcioni-e-scopiazzature-anche-per-la-parte-economica\\\/#primaryimage\"},\"thumbnailUrl\":\"https:\\\/\\\/www.rassegnastampa-totustuus.it\\\/cattolica\\\/wp-content\\\/uploads\\\/2006\\\/03\\\/Prodi_programma.jpg\",\"keywords\":[\"sinistra\",\"Unione\"],\"articleSection\":[\"Politica nazionale\"],\"inLanguage\":\"it-IT\"},{\"@type\":\"WebPage\",\"@id\":\"https:\\\/\\\/www.rassegnastampa-totustuus.it\\\/cattolica\\\/lunione-strafalcioni-e-scopiazzature-anche-per-la-parte-economica\\\/\",\"url\":\"https:\\\/\\\/www.rassegnastampa-totustuus.it\\\/cattolica\\\/lunione-strafalcioni-e-scopiazzature-anche-per-la-parte-economica\\\/\",\"name\":\"L'Unione: Strafalcioni e scopiazzature anche per la parte economica - Rassegna Stampa Cattolica\",\"isPartOf\":{\"@id\":\"https:\\\/\\\/www.rassegnastampa-totustuus.it\\\/cattolica\\\/#website\"},\"primaryImageOfPage\":{\"@id\":\"https:\\\/\\\/www.rassegnastampa-totustuus.it\\\/cattolica\\\/lunione-strafalcioni-e-scopiazzature-anche-per-la-parte-economica\\\/#primaryimage\"},\"image\":{\"@id\":\"https:\\\/\\\/www.rassegnastampa-totustuus.it\\\/cattolica\\\/lunione-strafalcioni-e-scopiazzature-anche-per-la-parte-economica\\\/#primaryimage\"},\"thumbnailUrl\":\"https:\\\/\\\/www.rassegnastampa-totustuus.it\\\/cattolica\\\/wp-content\\\/uploads\\\/2006\\\/03\\\/Prodi_programma.jpg\",\"datePublished\":\"2006-03-06T12:10:50+00:00\",\"dateModified\":\"2016-06-22T08:00:16+00:00\",\"description\":\"Rassegna Stampa Cattolica - Per una cultura che nasce dalla Rivelazione cristiana in conformit\u00e0 alla tradizione e al Magistero della Chiesa in opposizione ad ogni relativismo e totalitarismo\",\"breadcrumb\":{\"@id\":\"https:\\\/\\\/www.rassegnastampa-totustuus.it\\\/cattolica\\\/lunione-strafalcioni-e-scopiazzature-anche-per-la-parte-economica\\\/#breadcrumb\"},\"inLanguage\":\"it-IT\",\"potentialAction\":[{\"@type\":\"ReadAction\",\"target\":[\"https:\\\/\\\/www.rassegnastampa-totustuus.it\\\/cattolica\\\/lunione-strafalcioni-e-scopiazzature-anche-per-la-parte-economica\\\/\"]}]},{\"@type\":\"ImageObject\",\"inLanguage\":\"it-IT\",\"@id\":\"https:\\\/\\\/www.rassegnastampa-totustuus.it\\\/cattolica\\\/lunione-strafalcioni-e-scopiazzature-anche-per-la-parte-economica\\\/#primaryimage\",\"url\":\"https:\\\/\\\/www.rassegnastampa-totustuus.it\\\/cattolica\\\/wp-content\\\/uploads\\\/2006\\\/03\\\/Prodi_programma.jpg\",\"contentUrl\":\"https:\\\/\\\/www.rassegnastampa-totustuus.it\\\/cattolica\\\/wp-content\\\/uploads\\\/2006\\\/03\\\/Prodi_programma.jpg\",\"width\":200,\"height\":257},{\"@type\":\"BreadcrumbList\",\"@id\":\"https:\\\/\\\/www.rassegnastampa-totustuus.it\\\/cattolica\\\/lunione-strafalcioni-e-scopiazzature-anche-per-la-parte-economica\\\/#breadcrumb\",\"itemListElement\":[{\"@type\":\"ListItem\",\"position\":1,\"name\":\"Home\",\"item\":\"https:\\\/\\\/www.rassegnastampa-totustuus.it\\\/cattolica\\\/\"},{\"@type\":\"ListItem\",\"position\":2,\"name\":\"L&#8217;Unione: Strafalcioni e scopiazzature anche per la parte economica\"}]},{\"@type\":\"WebSite\",\"@id\":\"https:\\\/\\\/www.rassegnastampa-totustuus.it\\\/cattolica\\\/#website\",\"url\":\"https:\\\/\\\/www.rassegnastampa-totustuus.it\\\/cattolica\\\/\",\"name\":\"Rassegna Stampa Cattolica\",\"description\":\"Per una cultura che nasce dalla Rivelazione cristiana in conformit\u00e0 alla tradizione e al Magistero della Chiesa in opposizione ad ogni relativismo e totalitarismo\",\"publisher\":{\"@id\":\"https:\\\/\\\/www.rassegnastampa-totustuus.it\\\/cattolica\\\/#organization\"},\"alternateName\":\"Rass. Cattolica\",\"potentialAction\":[{\"@type\":\"SearchAction\",\"target\":{\"@type\":\"EntryPoint\",\"urlTemplate\":\"https:\\\/\\\/www.rassegnastampa-totustuus.it\\\/cattolica\\\/?s={search_term_string}\"},\"query-input\":{\"@type\":\"PropertyValueSpecification\",\"valueRequired\":true,\"valueName\":\"search_term_string\"}}],\"inLanguage\":\"it-IT\"},{\"@type\":\"Organization\",\"@id\":\"https:\\\/\\\/www.rassegnastampa-totustuus.it\\\/cattolica\\\/#organization\",\"name\":\"Rassegna Stampa Cattolica\",\"url\":\"https:\\\/\\\/www.rassegnastampa-totustuus.it\\\/cattolica\\\/\",\"logo\":{\"@type\":\"ImageObject\",\"inLanguage\":\"it-IT\",\"@id\":\"https:\\\/\\\/www.rassegnastampa-totustuus.it\\\/cattolica\\\/#\\\/schema\\\/logo\\\/image\\\/\",\"url\":\"https:\\\/\\\/www.rassegnastampa-totustuus.it\\\/cattolica\\\/wp-content\\\/uploads\\\/2014\\\/04\\\/logo-rassegna1.gif\",\"contentUrl\":\"https:\\\/\\\/www.rassegnastampa-totustuus.it\\\/cattolica\\\/wp-content\\\/uploads\\\/2014\\\/04\\\/logo-rassegna1.gif\",\"width\":600,\"height\":163,\"caption\":\"Rassegna Stampa Cattolica\"},\"image\":{\"@id\":\"https:\\\/\\\/www.rassegnastampa-totustuus.it\\\/cattolica\\\/#\\\/schema\\\/logo\\\/image\\\/\"},\"sameAs\":[\"https:\\\/\\\/www.facebook.com\\\/rassegnastampacattolica\",\"https:\\\/\\\/x.com\\\/rassegnastampa9\"]},{\"@type\":\"Person\",\"@id\":\"https:\\\/\\\/www.rassegnastampa-totustuus.it\\\/cattolica\\\/#\\\/schema\\\/person\\\/08f319d2bd1a0904ad9e2bfb7b15e5c3\",\"name\":\"Redazione\",\"image\":{\"@type\":\"ImageObject\",\"inLanguage\":\"it-IT\",\"@id\":\"https:\\\/\\\/secure.gravatar.com\\\/avatar\\\/2fcdf27c78ea025fbdb44e914cc63c72249ffec9dc8aafd5c82b26240ef3f346?s=96&d=mm&r=g\",\"url\":\"https:\\\/\\\/secure.gravatar.com\\\/avatar\\\/2fcdf27c78ea025fbdb44e914cc63c72249ffec9dc8aafd5c82b26240ef3f346?s=96&d=mm&r=g\",\"contentUrl\":\"https:\\\/\\\/secure.gravatar.com\\\/avatar\\\/2fcdf27c78ea025fbdb44e914cc63c72249ffec9dc8aafd5c82b26240ef3f346?s=96&d=mm&r=g\",\"caption\":\"Redazione\"},\"url\":\"https:\\\/\\\/www.rassegnastampa-totustuus.it\\\/cattolica\\\/author\\\/pietroelle\\\/\"}]}<\/script>\n<!-- \/ Yoast SEO plugin. -->","yoast_head_json":{"title":"L'Unione: Strafalcioni e scopiazzature anche per la parte economica - Rassegna Stampa Cattolica","description":"Rassegna Stampa Cattolica - Per una cultura che nasce dalla Rivelazione cristiana in conformit\u00e0 alla tradizione e al Magistero della Chiesa in opposizione ad ogni relativismo e totalitarismo","robots":{"index":"index","follow":"follow","max-snippet":"max-snippet:-1","max-image-preview":"max-image-preview:large","max-video-preview":"max-video-preview:-1"},"canonical":"https:\/\/www.rassegnastampa-totustuus.it\/cattolica\/lunione-strafalcioni-e-scopiazzature-anche-per-la-parte-economica\/","og_locale":"it_IT","og_type":"article","og_title":"L'Unione: Strafalcioni e scopiazzature anche per la parte economica - Rassegna Stampa Cattolica","og_description":"Rassegna Stampa Cattolica - Per una cultura che nasce dalla Rivelazione cristiana in conformit\u00e0 alla tradizione e al Magistero della Chiesa in opposizione ad ogni relativismo e totalitarismo","og_url":"https:\/\/www.rassegnastampa-totustuus.it\/cattolica\/lunione-strafalcioni-e-scopiazzature-anche-per-la-parte-economica\/","og_site_name":"Rassegna Stampa Cattolica","article_publisher":"https:\/\/www.facebook.com\/rassegnastampacattolica","article_published_time":"2006-03-06T12:10:50+00:00","article_modified_time":"2016-06-22T08:00:16+00:00","og_image":[{"width":200,"height":257,"url":"https:\/\/www.rassegnastampa-totustuus.it\/cattolica\/wp-content\/uploads\/2006\/03\/Prodi_programma.jpg","type":"image\/jpeg"}],"author":"Redazione","twitter_card":"summary_large_image","twitter_creator":"@rassegnastampa9","twitter_site":"@rassegnastampa9","twitter_misc":{"Scritto da":"Redazione","Tempo di lettura stimato":"7 minuti"},"schema":{"@context":"https:\/\/schema.org","@graph":[{"@type":"Article","@id":"https:\/\/www.rassegnastampa-totustuus.it\/cattolica\/lunione-strafalcioni-e-scopiazzature-anche-per-la-parte-economica\/#article","isPartOf":{"@id":"https:\/\/www.rassegnastampa-totustuus.it\/cattolica\/lunione-strafalcioni-e-scopiazzature-anche-per-la-parte-economica\/"},"author":{"name":"Redazione","@id":"https:\/\/www.rassegnastampa-totustuus.it\/cattolica\/#\/schema\/person\/08f319d2bd1a0904ad9e2bfb7b15e5c3"},"headline":"L&#8217;Unione: Strafalcioni e scopiazzature anche per la parte economica","datePublished":"2006-03-06T12:10:50+00:00","dateModified":"2016-06-22T08:00:16+00:00","mainEntityOfPage":{"@id":"https:\/\/www.rassegnastampa-totustuus.it\/cattolica\/lunione-strafalcioni-e-scopiazzature-anche-per-la-parte-economica\/"},"wordCount":1455,"publisher":{"@id":"https:\/\/www.rassegnastampa-totustuus.it\/cattolica\/#organization"},"image":{"@id":"https:\/\/www.rassegnastampa-totustuus.it\/cattolica\/lunione-strafalcioni-e-scopiazzature-anche-per-la-parte-economica\/#primaryimage"},"thumbnailUrl":"https:\/\/www.rassegnastampa-totustuus.it\/cattolica\/wp-content\/uploads\/2006\/03\/Prodi_programma.jpg","keywords":["sinistra","Unione"],"articleSection":["Politica nazionale"],"inLanguage":"it-IT"},{"@type":"WebPage","@id":"https:\/\/www.rassegnastampa-totustuus.it\/cattolica\/lunione-strafalcioni-e-scopiazzature-anche-per-la-parte-economica\/","url":"https:\/\/www.rassegnastampa-totustuus.it\/cattolica\/lunione-strafalcioni-e-scopiazzature-anche-per-la-parte-economica\/","name":"L'Unione: Strafalcioni e scopiazzature anche per la parte economica - Rassegna Stampa Cattolica","isPartOf":{"@id":"https:\/\/www.rassegnastampa-totustuus.it\/cattolica\/#website"},"primaryImageOfPage":{"@id":"https:\/\/www.rassegnastampa-totustuus.it\/cattolica\/lunione-strafalcioni-e-scopiazzature-anche-per-la-parte-economica\/#primaryimage"},"image":{"@id":"https:\/\/www.rassegnastampa-totustuus.it\/cattolica\/lunione-strafalcioni-e-scopiazzature-anche-per-la-parte-economica\/#primaryimage"},"thumbnailUrl":"https:\/\/www.rassegnastampa-totustuus.it\/cattolica\/wp-content\/uploads\/2006\/03\/Prodi_programma.jpg","datePublished":"2006-03-06T12:10:50+00:00","dateModified":"2016-06-22T08:00:16+00:00","description":"Rassegna Stampa Cattolica - Per una cultura che nasce dalla Rivelazione cristiana in conformit\u00e0 alla tradizione e al Magistero della Chiesa in opposizione ad ogni relativismo e totalitarismo","breadcrumb":{"@id":"https:\/\/www.rassegnastampa-totustuus.it\/cattolica\/lunione-strafalcioni-e-scopiazzature-anche-per-la-parte-economica\/#breadcrumb"},"inLanguage":"it-IT","potentialAction":[{"@type":"ReadAction","target":["https:\/\/www.rassegnastampa-totustuus.it\/cattolica\/lunione-strafalcioni-e-scopiazzature-anche-per-la-parte-economica\/"]}]},{"@type":"ImageObject","inLanguage":"it-IT","@id":"https:\/\/www.rassegnastampa-totustuus.it\/cattolica\/lunione-strafalcioni-e-scopiazzature-anche-per-la-parte-economica\/#primaryimage","url":"https:\/\/www.rassegnastampa-totustuus.it\/cattolica\/wp-content\/uploads\/2006\/03\/Prodi_programma.jpg","contentUrl":"https:\/\/www.rassegnastampa-totustuus.it\/cattolica\/wp-content\/uploads\/2006\/03\/Prodi_programma.jpg","width":200,"height":257},{"@type":"BreadcrumbList","@id":"https:\/\/www.rassegnastampa-totustuus.it\/cattolica\/lunione-strafalcioni-e-scopiazzature-anche-per-la-parte-economica\/#breadcrumb","itemListElement":[{"@type":"ListItem","position":1,"name":"Home","item":"https:\/\/www.rassegnastampa-totustuus.it\/cattolica\/"},{"@type":"ListItem","position":2,"name":"L&#8217;Unione: Strafalcioni e scopiazzature anche per la parte economica"}]},{"@type":"WebSite","@id":"https:\/\/www.rassegnastampa-totustuus.it\/cattolica\/#website","url":"https:\/\/www.rassegnastampa-totustuus.it\/cattolica\/","name":"Rassegna Stampa Cattolica","description":"Per una cultura che nasce dalla Rivelazione cristiana in conformit\u00e0 alla tradizione e al Magistero della Chiesa in opposizione ad ogni relativismo e totalitarismo","publisher":{"@id":"https:\/\/www.rassegnastampa-totustuus.it\/cattolica\/#organization"},"alternateName":"Rass. Cattolica","potentialAction":[{"@type":"SearchAction","target":{"@type":"EntryPoint","urlTemplate":"https:\/\/www.rassegnastampa-totustuus.it\/cattolica\/?s={search_term_string}"},"query-input":{"@type":"PropertyValueSpecification","valueRequired":true,"valueName":"search_term_string"}}],"inLanguage":"it-IT"},{"@type":"Organization","@id":"https:\/\/www.rassegnastampa-totustuus.it\/cattolica\/#organization","name":"Rassegna Stampa Cattolica","url":"https:\/\/www.rassegnastampa-totustuus.it\/cattolica\/","logo":{"@type":"ImageObject","inLanguage":"it-IT","@id":"https:\/\/www.rassegnastampa-totustuus.it\/cattolica\/#\/schema\/logo\/image\/","url":"https:\/\/www.rassegnastampa-totustuus.it\/cattolica\/wp-content\/uploads\/2014\/04\/logo-rassegna1.gif","contentUrl":"https:\/\/www.rassegnastampa-totustuus.it\/cattolica\/wp-content\/uploads\/2014\/04\/logo-rassegna1.gif","width":600,"height":163,"caption":"Rassegna Stampa Cattolica"},"image":{"@id":"https:\/\/www.rassegnastampa-totustuus.it\/cattolica\/#\/schema\/logo\/image\/"},"sameAs":["https:\/\/www.facebook.com\/rassegnastampacattolica","https:\/\/x.com\/rassegnastampa9"]},{"@type":"Person","@id":"https:\/\/www.rassegnastampa-totustuus.it\/cattolica\/#\/schema\/person\/08f319d2bd1a0904ad9e2bfb7b15e5c3","name":"Redazione","image":{"@type":"ImageObject","inLanguage":"it-IT","@id":"https:\/\/secure.gravatar.com\/avatar\/2fcdf27c78ea025fbdb44e914cc63c72249ffec9dc8aafd5c82b26240ef3f346?s=96&d=mm&r=g","url":"https:\/\/secure.gravatar.com\/avatar\/2fcdf27c78ea025fbdb44e914cc63c72249ffec9dc8aafd5c82b26240ef3f346?s=96&d=mm&r=g","contentUrl":"https:\/\/secure.gravatar.com\/avatar\/2fcdf27c78ea025fbdb44e914cc63c72249ffec9dc8aafd5c82b26240ef3f346?s=96&d=mm&r=g","caption":"Redazione"},"url":"https:\/\/www.rassegnastampa-totustuus.it\/cattolica\/author\/pietroelle\/"}]}},"_links":{"self":[{"href":"https:\/\/www.rassegnastampa-totustuus.it\/cattolica\/wp-json\/wp\/v2\/posts\/1905","targetHints":{"allow":["GET"]}}],"collection":[{"href":"https:\/\/www.rassegnastampa-totustuus.it\/cattolica\/wp-json\/wp\/v2\/posts"}],"about":[{"href":"https:\/\/www.rassegnastampa-totustuus.it\/cattolica\/wp-json\/wp\/v2\/types\/post"}],"author":[{"embeddable":true,"href":"https:\/\/www.rassegnastampa-totustuus.it\/cattolica\/wp-json\/wp\/v2\/users\/6"}],"replies":[{"embeddable":true,"href":"https:\/\/www.rassegnastampa-totustuus.it\/cattolica\/wp-json\/wp\/v2\/comments?post=1905"}],"version-history":[{"count":4,"href":"https:\/\/www.rassegnastampa-totustuus.it\/cattolica\/wp-json\/wp\/v2\/posts\/1905\/revisions"}],"predecessor-version":[{"id":35262,"href":"https:\/\/www.rassegnastampa-totustuus.it\/cattolica\/wp-json\/wp\/v2\/posts\/1905\/revisions\/35262"}],"wp:featuredmedia":[{"embeddable":true,"href":"https:\/\/www.rassegnastampa-totustuus.it\/cattolica\/wp-json\/wp\/v2\/media\/35261"}],"wp:attachment":[{"href":"https:\/\/www.rassegnastampa-totustuus.it\/cattolica\/wp-json\/wp\/v2\/media?parent=1905"}],"wp:term":[{"taxonomy":"category","embeddable":true,"href":"https:\/\/www.rassegnastampa-totustuus.it\/cattolica\/wp-json\/wp\/v2\/categories?post=1905"},{"taxonomy":"post_tag","embeddable":true,"href":"https:\/\/www.rassegnastampa-totustuus.it\/cattolica\/wp-json\/wp\/v2\/tags?post=1905"}],"curies":[{"name":"wp","href":"https:\/\/api.w.org\/{rel}","templated":true}]}}