{"id":1896,"date":"2006-02-28T18:07:47","date_gmt":"2006-02-28T17:07:47","guid":{"rendered":""},"modified":"2016-06-17T10:42:36","modified_gmt":"2016-06-17T08:42:36","slug":"sono-trentanni-che-bruciano-streghe-e-che-negano-la-libert-di-inseg","status":"publish","type":"post","link":"https:\/\/www.rassegnastampa-totustuus.it\/cattolica\/sono-trentanni-che-bruciano-streghe-e-che-negano-la-libert-di-inseg\/","title":{"rendered":"Sono trent&#8217;anni che bruciano streghe e che negano la libert&agrave; di insegnare"},"content":{"rendered":"<div style=\"text-align: center;\">\n<div id=\"attachment_35065\" style=\"width: 160px\" class=\"wp-caption alignleft\"><img loading=\"lazy\" decoding=\"async\" aria-describedby=\"caption-attachment-35065\" class=\"wp-image-35065\" src=\"https:\/\/www.rassegnastampa-totustuus.it\/cattolica\/wp-content\/uploads\/2006\/02\/Angela_Pellicciari.jpg\" alt=\"Angela_Pellicciari\" width=\"160\" height=\"200\" \/><p id=\"caption-attachment-35065\" class=\"wp-caption-text\">Angela Pellicciari<\/p><\/div>\n<p><strong>Tempi <\/strong>n. 9 del 23 febbraio 2006<\/div>\n<p style=\"text-align: justify;\"><em>Il caso &#8220;Angela Pellicciari&#8221;, scrupolosa docente che fa studiare consultando le fonti e che \u00e8 stata dipinta come negazionista e nazista <\/em><\/p>\n<p style=\"text-align: center;\">di <strong>Emanuele Boffi<\/strong><\/p>\n<p><!--more--><\/p>\n<div style=\"text-align: justify;\">Nel gap fra la mostrificazione della professoressa che insegna a studiare sui testi e le lezioni sull&#8217;affettivit\u00e0 ridotte a tecniche di penetrazione anale, sta tutta l&#8217;idiosincrasia della scuola italiana per la questione educativa. Perch\u00e9 un&#8217;insegnante che abitua i suoi alunni a confrontarsi coi testi \u00e8 una nazista, mentre uno psicologo che erudisce dei tredicenni alle pi\u00f9 proficue tecniche di masturbazione, contraccezione e kamasutra va considerato come l&#8217;indispensabile contributo dell&#8217;esperto alla corretta istruzione &#8220;sull&#8217;affettivit\u00e0&#8221;? (vedi a pagina 16)<\/div>\n<p style=\"text-align: justify;\">\u00abCerto &#8211; ha scritto Paola Mastracola &#8211; c&#8217;\u00e8 un piccolo problemino che soggiace a tutto questo discorso: bisognerebbe, per educare, sapere almeno in linea di massima che cosa \u00e8 giusto e che cosa \u00e8 sbagliato e quali sono le vie buone dove vorremmo condurre i nostri figli; ma questo \u00e8 esattamente ci\u00f2 che non sappiamo pi\u00f9, e questa \u00e8 esattamente la sfida che ci attende\u00bb (&#8220;Limitare i figli? \u00e8 un dovere dei genitori&#8221;, La Stampa, 27 gennaio). Una sfida che, secondo Giorgio Israel, \u00abpone al centro la parola che dovremmo incidere sulla pietra davanti agli occhi delle famiglie e dei cittadini: &#8220;educazione&#8221;. Educazione e non indottrinamento di nozioni. (&#8230;)<\/p>\n<p style=\"text-align: justify;\">Quell&#8217;appello (&#8220;Se ci fosse un&#8217;educazione del popolo tutti starebbero meglio&#8221;, ndr) dovrebbe tornare al centro del dibattito, fino all&#8217;ossessione, se ancora esiste qualche residua speranza di ridare al nostro paese un sistema educativo degno di questo nome\u00bb (&#8220;Il peccato grave della professoressa Pellicciari \u00e8 di credere ancora alla libert\u00e0 d&#8217;educazione&#8221;, Il Foglio, 16 febbraio).<\/p>\n<p style=\"text-align: justify;\"><strong>Che cosa \u00e8 successo?<\/strong><\/p>\n<p style=\"text-align: justify;\">\u00abL&#8217;attacco contro di me \u00e8 fallito\u00bb dice a Tempi Angela Pellicciari che porta ancora nel linguaggio e nel tono i postumi di una settimana difficile in cui \u00e8 stata dipinta come una strega nazicattolica. \u00abChe far\u00f2 adesso? Non lo so. Per ora ho preso due giorni di aspettativa\u00bb.<\/p>\n<p style=\"text-align: justify;\">Alla trasmissione &#8220;Otto e mezzo&#8221; di gioved\u00ec 16 febbraio ha assicurato di essere intenzionata a \u00abcontinuare a insegnare ancora per un anno e poi andr\u00f2 in pensione. Potevo gi\u00e0 farlo l&#8217;anno scorso, ma poi gli studenti delle mie classi mi hanno chiesto di rimanere. E poi? Non so\u00bb. Angela Pellicciari \u00e8 una insegnante appassionata al suo lavoro, un reperto del paleozoico nel mondo della scuola moderna; una docente ancora convinta che la sua sia una vocazione; una storica di sicuro prestigio che ha anteposto alla carriera nelle aule universitarie quella sui banchi del liceo.<\/p>\n<p style=\"text-align: justify;\">Insegna Storia e Filosofia al liceo romano Lucrezio Caro ed \u00e8 un&#8217;ex sessantottina convertita al cattolicesimo (fa parte del movimento dei Neocatecumenali); ha collaborato a diversi programmi Rai e pubblicato nel 1998 Risorgimento da riscrivere (Ares), un libro che suscit\u00f2 curiosit\u00e0 e apprezzamento fra gli addetti ai lavori. Del 2000 \u00e8 L&#8217;altro risorgimento. Una guerra di religione dimenticata (Piemme) e del 2003 I panni sporchi dei mille (Liberal). Scrive su Avvenire, Studi cattolici, Il Timone e conduce una trasmissione radiofonica su Radio Maria.<\/p>\n<p style=\"text-align: justify;\">Per descrivere il proprio caso ha detto in tv che \u00abuna mattina mi sono svegliata e ho scoperto di essere nazista\u00bb. La mattina \u00e8 quella di domenica 12 febbraio, quando sui quotidiani nazionali si racconta che la professoressa \u00e8 stata accusata di \u00abnegazionismo\u00bb in quanto avrebbe costretto gli studenti della sua V F ad adottare come testo Le conversazioni segrete di Hitler, libro che raccoglie i monologhi privati del F\u00fchrer con i suoi ospiti nel quartier generale di Rastenberg e poi in quello di Vynica, dal &#8217;41 al &#8217;44.<\/p>\n<p style=\"text-align: justify;\">Il volume \u00e8 prefato da Franco Freda, tipetto poco raccomandabile con quindici anni di condanna per associazione sovversiva e bombe sui treni. Secondo quanto riportato dalla stampa, un gruppo di genitori l&#8217;avrebbe accusata di \u00abinsegnamento ideologico\u00bb; il preside, Riccardo Orlanducci, avrebbe fatto ritirare immediatamente il testo rivelando che \u00abgi\u00e0 ad ottobre c&#8217;erano stati problemi nei suoi metodi\u00bb; si sarebbe in attesa di un&#8217;ispezione da parte del Ministero.<\/p>\n<p style=\"text-align: justify;\">Alcuni studenti raccontano che la Pellicciari descriveva il fascismo come un regime che \u00abnon ha mai fatto morti\u00bb e che nei primi giorni di scuola aveva condotto un sondaggio fra di loro per sapere \u00abchi fosse cattolico e chi ateo\u00bb. Ultimo sfregio dell&#8217;impresentabile docente: si sarebbe rifiutata di far intervenire durante le ore di lezione un sopravvissuto della Shoah, Piero Terracina.<\/p>\n<p style=\"text-align: justify;\"><strong>Il solerte Veltroni<\/strong><\/p>\n<p style=\"text-align: justify;\">In quel giorno e nei successivi i quotidiani accostano il suo nome a immagini del F\u00fchrer e a titoli di questo tipo: &#8220;Il preside contro la prof: via i testi di Hitler&#8221; (Corriere della Sera); &#8220;Libro su Hitler, il preside lo ritira&#8221;, &#8220;Hitler in classe, l&#8217;accusa degli storici&#8221; (Repubblica); &#8220;Via il libro di Hitler dalla scuola&#8221; (Il Messaggero).<\/p>\n<p style=\"text-align: justify;\">Il Manifesto propone un&#8217;intervista il cui tono delle domande \u00e8: \u00abAuschwitz la conosce? Le baracche e i forni di Birkenau li ha visti?\u00bb. Su Repubblica esce un&#8217;intervista a Terracina che esprime la sua \u00abprofonda indignazione\u00bb, assicura di \u00abessersi levato un peso dal cuore\u00bb quando ha ricevuto la telefonata del preside che lo invitava a scuola per una testimonianza davanti agli studenti di tutte le classi, si augura di non incontrare la professoressa \u00abch\u00e9 rischierei di prenderla a brutte parole\u00bb.<\/p>\n<p style=\"text-align: justify;\">Il sindaco di Roma, Walter Veltroni, interviene sul caso: \u00abSono molto dispiaciuto per quanto accaduto. Conosco i ragazzi, sono venuti con me ad Auschwitz e sono usciti turbati dall&#8217;immersione nel dolore della shoah\u00bb. Maria Coscia, assessore alla scuola del Campidoglio, si spinge pi\u00f9 in l\u00e0: \u00abCi\u00f2 che \u00e8 successo \u00e8 inaccettabile. \u00e8 necessario che l&#8217;Ufficio scolastico attivi accertamenti\u00bb.<\/p>\n<p style=\"text-align: justify;\">La direttrice dell&#8217;Ufficio scolastico, Maria Maddalena Novelli, dispone un&#8217;ispezione da parte di un&#8217;esperta in storia per valutare i metodi della docente. Il preside, da par suo, senza confrontarsi con la collega, dichiara ai giornali: \u00abQuel libro verr\u00e0 immediatamente tolto. Io non avrei mai dato quel tipo di lettura agli studenti perch\u00e9 non so come avrebbero potuto interpretarla\u00bb.<\/p>\n<p style=\"text-align: justify;\">Gli storici si dividono. Per Vittorio Vidotto \u00abla libert\u00e0 d&#8217;insegnamento deve essere preservata\u00bb; per Nicola Tranfaglia \u00ab\u00e8 una vicenda inquietante. Questa \u00e8 una storiografia che non si pu\u00f2 definire revisionista perch\u00e9 \u00e8 proprio negazionista. La professoressa ha cercato di imporre una sorta di obbligo alla fede cattolica, obbligo al di fuori della nostra Costituzione\u00bb; per Lucio Villari meglio avrebbe fatto la Pellicciari ad usare un&#8217;edizione del testo \u00abdi Longanesi che non quella con la prefazione di Freda\u00bb; Giovanni Sabatucci dice che \u00abnon c&#8217;\u00e8 niente di male a far leggere tali brani. Ma diventa assai grave insegnare cosa \u00e8 stato il nazismo solo sulle frasi di Adolf Hitler\u00bb.<\/p>\n<p style=\"text-align: justify;\"><strong>Come \u00e8 andata veramente<\/strong><\/p>\n<p style=\"text-align: justify;\">La professoressa Pellicciari oggi non ne vuole pi\u00f9 parlare. Dice a Tempi: \u00abQuel che mi \u00e8 sempre interessato \u00e8 cercare di costruire nei miei alunni uno spirito critico, creare in loro anticorpi che li preservino dagli indottrinamenti. I ragazzi d&#8217;oggi non hanno radici, sono anestetizzati, sono vittime della demagogia dominante. Per questo occorre educarli a tenere sempre vigile e allenato il loro spirito critico. La mia insistenza &#8220;all&#8217;andare ai testi&#8221;, a ragionare con la propria testa, \u00e8 proprio per aiutarli a imparare a leggere le parole, formandosi ognuno, a seconda della propria libert\u00e0 e personalit\u00e0, un giudizio su quel che studia\u00bb.<\/p>\n<p style=\"text-align: justify;\">In realt\u00e0 la Pellicciari ci aveva pure provato a spiegarsi e a rintuzzare quell&#8217;immagine da strega nazista che le era stata ritagliata addosso. Aveva scritto una lettera aperta a tutti i quotidiani che avevano trattato il suo caso. Ma solo due su cinque hanno pubblicato la sua missiva. Il Corriere della Sera l&#8217;ha fatto sulle pagine della cronaca romana e non sull&#8217;edizione nazionale, dove l&#8217;articolo era apparso.<\/p>\n<p style=\"text-align: justify;\">Vi si legge, tra l&#8217;altro: \u00abPer spiegare la prova ontologica di Anselmo, ho chiesto agli alunni chi fosse credente e chi ateo perch\u00e9 potessi assegnare le parti in una specie di sceneggiata improvvisata volta a rappresentare il pensiero di Anselmo. (&#8230;) Nazismo: all&#8217;inizio dell&#8217;anno ho proposto agli alunni di affrontare i totalitarismi del XX secolo a partire dalle fonti. Essendo gli alunni d&#8217;accordo, ho assegnato ai tre gruppi di lavoro (comunismo, fascismo, nazismo), liberamente composti, le letture specifiche. Nessuno ha avuto nulla da obiettare. (&#8230;) Ritengo che la storia vada fatta sui documenti. Penso che i documenti che ho assegnato facciano emergere in modo circostanziato l&#8217;orrore dei totalitarismi del XX secolo. (&#8230;) E non ho colpa io se, per leggere Hitler in italiano, bisogna ricorrere ad un&#8217;edizione introdotta da Freda. Un&#8217;ultima precisazione: non ho voluto la presenza in classe di un sopravvissuto ai lager perch\u00e9 la mia azione educativa \u00e8 volta a sviluppare nei ragazzi difese intellettuali, non emotive. (&#8230;) \u00e8 stupefacente che ci sia chi interpreta questo modo di procedere come apologia di idee che condanno con assoluta fermezza\u00bb.<\/p>\n<p style=\"text-align: justify;\"><strong>L&#8217;adorazione degli studenti<\/strong><\/p>\n<p style=\"text-align: justify;\">Man mano che la vicenda si chiarisce, emergono le prove lampanti dell&#8217;assoluta buona fede della professoressa. Che pi\u00f9 che una fanatica cattolica negazionista, assume i connotati di un&#8217;ottima insegnante. La Pellicciari non ha fatto adottare il testo di Freda (l&#8217;unico reperibile al contrario di quello, introvabile, edito da Longanesi), ma ha distribuito le fotocopie di tre conversazioni, quindi senza far leggere la prefazione.<\/p>\n<p style=\"text-align: justify;\">Ventisei suoi alunni (12 di II A e 14 della V F) hanno scritto ai giornali: \u00abNonostante spesso non condividiamo alcune delle idee della professoressa, non ci riteniamo offesi dalle sue parole. Non abbiamo assistito a suoi discorsi filo-fascisti o filo-nazisti, n\u00e9 a episodi di razzismo o discriminazione. (&#8230;) La professoressa ha dato, quando le \u00e8 stato chiesto, il suo consenso ad approfondimenti personali su altri libri non consigliati da lei ma scelti da noi e scritti da studiosi in netto contrasto con il suo pensiero\u00bb.<\/p>\n<p style=\"text-align: justify;\">Alcuni alunni dicono ai giornali che la loro insegnante \u00abnon \u00e8 un mostro. Ha sempre sostenuto che fascismo, nazismo e stalinismo sono l&#8217;ideologia perversa del male\u00bb. E sul fatto che il fascismo non avrebbe fatto morti? Non l&#8217;ha mai sostenuto, ma ha semplicemente fatto notare che \u00abdi fronte ai milioni di morti di comunismo e nazismo, il fascismo ha un bilancio di vittime molto pi\u00f9 basso\u00bb.<\/p>\n<p style=\"text-align: justify;\">L&#8217;alunna che ne prende con maggior vigore le difese \u00e8 Micol Nahon che cos\u00ec s&#8217;esprime sul Foglio: \u00abSono di religione ebraica e leggere di accuse di filonazismo contro la professoressa Pellicciari mi ha fatto rabbrividire. Sono stata sua alunna (&#8230;) e nei tre anni passati assieme la mia cultura e la mia religiosit\u00e0 sono sempre state accolte.<\/p>\n<p style=\"text-align: justify;\">Il suo profondo rispetto e la sua sentita ammirazione per il mondo giudaico, radice e fondamento del cattolicesimo, ci ha avvicinate, pi\u00f9 che porre barriere. Mi ha fatto progredire nel mio percorso ebraico di avvicinamento al mio Dio pi\u00f9 di chiunque altro in quel periodo\u00bb.<\/p>\n<p style=\"text-align: justify;\">Altro suo difensore \u00e8 Pigi Battista che sul Corriere della Sera la definisce \u00abseria studiosa cattolica\u00bb. Un giudizio condiviso dal suo direttore, Paolo Mieli, che il 16 dicembre &#8217;98, al Centro culturale di Milano, present\u00f2 un suo lavoro come \u00abbellissimo oltre che molto ben scritto\u00bb. E sul medesimo valore della persona &#8211; e soprattutto sull&#8217;intangibilit\u00e0 dei princ\u00ecpi della libert\u00e0 d&#8217;insegnamento e della facolt\u00e0 di criticare s\u00ec i testi, ma non di proibirli &#8211; si pronunciano Ernesto Galli Della Loggia, Gianni Berardinelli, Giorgio Rumi, Piero Craveri.<\/p>\n<p style=\"text-align: justify;\">A ben vedere, infatti, sul rogo non \u00e8 stata bruciata solo la strega cattolica, ma soprattutto ci\u00f2 che sancisce il primo articolo del Testo Unico (\u00abAi docenti \u00e8 garantita la libert\u00e0 d&#8217;insegnamento intesa come autonomia didattica e come libera espressione culturale del docente\u00bb). Ci manca solo che siano i genitori, i giornali, un sindaco o un preside a decidere della libert\u00e0 del docente.<\/p>\n<p style=\"text-align: justify;\">Pensateci, che voi siate cattolici, musulmani, fascisti o comunisti.<\/p>\n","protected":false},"excerpt":{"rendered":"<p>Tempi n. 9 del 23 febbraio 2006 Il caso &#8220;Angela Pellicciari&#8221;, scrupolosa docente che fa studiare consultando le fonti e che \u00e8 stata dipinta come negazionista e nazista di Emanuele Boffi<\/p><p><a class=\"more-link btn\" href=\"https:\/\/www.rassegnastampa-totustuus.it\/cattolica\/sono-trentanni-che-bruciano-streghe-e-che-negano-la-libert-di-inseg\/\">Continua a leggere<\/a><\/p>\n","protected":false},"author":6,"featured_media":35065,"comment_status":"closed","ping_status":"open","sticky":false,"template":"","format":"standard","meta":{"footnotes":""},"categories":[23],"tags":[233],"class_list":["post-1896","post","type-post","status-publish","format-standard","has-post-thumbnail","hentry","category-scuola-ed-educazione","tag-scuola","item-wrap"],"yoast_head":"<!-- This site is optimized with the Yoast SEO plugin v27.5 - https:\/\/yoast.com\/product\/yoast-seo-wordpress\/ -->\n<title>Sono trent&#039;anni che bruciano streghe e che negano la libert&agrave; di insegnare - Rassegna Stampa Cattolica<\/title>\n<meta name=\"description\" content=\"Rassegna Stampa Cattolica - Per una cultura che nasce dalla Rivelazione cristiana in conformit\u00e0 alla tradizione e al Magistero della Chiesa in opposizione ad ogni relativismo e totalitarismo\" \/>\n<meta name=\"robots\" content=\"index, follow, max-snippet:-1, max-image-preview:large, max-video-preview:-1\" \/>\n<link rel=\"canonical\" href=\"https:\/\/www.rassegnastampa-totustuus.it\/cattolica\/sono-trentanni-che-bruciano-streghe-e-che-negano-la-libert-di-inseg\/\" \/>\n<meta property=\"og:locale\" content=\"it_IT\" \/>\n<meta property=\"og:type\" content=\"article\" \/>\n<meta property=\"og:title\" content=\"Sono trent&#039;anni che bruciano streghe e che negano la libert&agrave; di insegnare - Rassegna Stampa Cattolica\" \/>\n<meta property=\"og:description\" content=\"Rassegna Stampa Cattolica - Per una cultura che nasce dalla Rivelazione cristiana in conformit\u00e0 alla tradizione e al Magistero della Chiesa in opposizione ad ogni relativismo e totalitarismo\" \/>\n<meta property=\"og:url\" content=\"https:\/\/www.rassegnastampa-totustuus.it\/cattolica\/sono-trentanni-che-bruciano-streghe-e-che-negano-la-libert-di-inseg\/\" \/>\n<meta property=\"og:site_name\" content=\"Rassegna Stampa Cattolica\" \/>\n<meta property=\"article:publisher\" content=\"https:\/\/www.facebook.com\/rassegnastampacattolica\" \/>\n<meta property=\"article:published_time\" content=\"2006-02-28T17:07:47+00:00\" \/>\n<meta property=\"article:modified_time\" content=\"2016-06-17T08:42:36+00:00\" \/>\n<meta property=\"og:image\" content=\"https:\/\/www.rassegnastampa-totustuus.it\/cattolica\/wp-content\/uploads\/2006\/02\/Angela_Pellicciari.jpg\" \/>\n\t<meta property=\"og:image:width\" content=\"201\" \/>\n\t<meta property=\"og:image:height\" content=\"251\" \/>\n\t<meta property=\"og:image:type\" content=\"image\/jpeg\" \/>\n<meta name=\"author\" content=\"Redazione\" \/>\n<meta name=\"twitter:card\" content=\"summary_large_image\" \/>\n<meta name=\"twitter:creator\" content=\"@rassegnastampa9\" \/>\n<meta name=\"twitter:site\" content=\"@rassegnastampa9\" \/>\n<meta name=\"twitter:label1\" content=\"Scritto da\" \/>\n\t<meta name=\"twitter:data1\" content=\"Redazione\" \/>\n\t<meta name=\"twitter:label2\" content=\"Tempo di lettura stimato\" \/>\n\t<meta name=\"twitter:data2\" content=\"9 minuti\" \/>\n<script type=\"application\/ld+json\" class=\"yoast-schema-graph\">{\"@context\":\"https:\\\/\\\/schema.org\",\"@graph\":[{\"@type\":\"Article\",\"@id\":\"https:\\\/\\\/www.rassegnastampa-totustuus.it\\\/cattolica\\\/sono-trentanni-che-bruciano-streghe-e-che-negano-la-libert-di-inseg\\\/#article\",\"isPartOf\":{\"@id\":\"https:\\\/\\\/www.rassegnastampa-totustuus.it\\\/cattolica\\\/sono-trentanni-che-bruciano-streghe-e-che-negano-la-libert-di-inseg\\\/\"},\"author\":{\"name\":\"Redazione\",\"@id\":\"https:\\\/\\\/www.rassegnastampa-totustuus.it\\\/cattolica\\\/#\\\/schema\\\/person\\\/08f319d2bd1a0904ad9e2bfb7b15e5c3\"},\"headline\":\"Sono trent&#8217;anni che bruciano streghe e che negano la libert&agrave; di insegnare\",\"datePublished\":\"2006-02-28T17:07:47+00:00\",\"dateModified\":\"2016-06-17T08:42:36+00:00\",\"mainEntityOfPage\":{\"@id\":\"https:\\\/\\\/www.rassegnastampa-totustuus.it\\\/cattolica\\\/sono-trentanni-che-bruciano-streghe-e-che-negano-la-libert-di-inseg\\\/\"},\"wordCount\":1925,\"publisher\":{\"@id\":\"https:\\\/\\\/www.rassegnastampa-totustuus.it\\\/cattolica\\\/#organization\"},\"image\":{\"@id\":\"https:\\\/\\\/www.rassegnastampa-totustuus.it\\\/cattolica\\\/sono-trentanni-che-bruciano-streghe-e-che-negano-la-libert-di-inseg\\\/#primaryimage\"},\"thumbnailUrl\":\"https:\\\/\\\/www.rassegnastampa-totustuus.it\\\/cattolica\\\/wp-content\\\/uploads\\\/2006\\\/02\\\/Angela_Pellicciari.jpg\",\"keywords\":[\"scuola\"],\"articleSection\":[\"Scuola ed educazione\"],\"inLanguage\":\"it-IT\"},{\"@type\":\"WebPage\",\"@id\":\"https:\\\/\\\/www.rassegnastampa-totustuus.it\\\/cattolica\\\/sono-trentanni-che-bruciano-streghe-e-che-negano-la-libert-di-inseg\\\/\",\"url\":\"https:\\\/\\\/www.rassegnastampa-totustuus.it\\\/cattolica\\\/sono-trentanni-che-bruciano-streghe-e-che-negano-la-libert-di-inseg\\\/\",\"name\":\"Sono trent'anni che bruciano streghe e che negano la libert&agrave; di insegnare - Rassegna Stampa Cattolica\",\"isPartOf\":{\"@id\":\"https:\\\/\\\/www.rassegnastampa-totustuus.it\\\/cattolica\\\/#website\"},\"primaryImageOfPage\":{\"@id\":\"https:\\\/\\\/www.rassegnastampa-totustuus.it\\\/cattolica\\\/sono-trentanni-che-bruciano-streghe-e-che-negano-la-libert-di-inseg\\\/#primaryimage\"},\"image\":{\"@id\":\"https:\\\/\\\/www.rassegnastampa-totustuus.it\\\/cattolica\\\/sono-trentanni-che-bruciano-streghe-e-che-negano-la-libert-di-inseg\\\/#primaryimage\"},\"thumbnailUrl\":\"https:\\\/\\\/www.rassegnastampa-totustuus.it\\\/cattolica\\\/wp-content\\\/uploads\\\/2006\\\/02\\\/Angela_Pellicciari.jpg\",\"datePublished\":\"2006-02-28T17:07:47+00:00\",\"dateModified\":\"2016-06-17T08:42:36+00:00\",\"description\":\"Rassegna Stampa Cattolica - Per una cultura che nasce dalla Rivelazione cristiana in conformit\u00e0 alla tradizione e al Magistero della Chiesa in opposizione ad ogni relativismo e totalitarismo\",\"breadcrumb\":{\"@id\":\"https:\\\/\\\/www.rassegnastampa-totustuus.it\\\/cattolica\\\/sono-trentanni-che-bruciano-streghe-e-che-negano-la-libert-di-inseg\\\/#breadcrumb\"},\"inLanguage\":\"it-IT\",\"potentialAction\":[{\"@type\":\"ReadAction\",\"target\":[\"https:\\\/\\\/www.rassegnastampa-totustuus.it\\\/cattolica\\\/sono-trentanni-che-bruciano-streghe-e-che-negano-la-libert-di-inseg\\\/\"]}]},{\"@type\":\"ImageObject\",\"inLanguage\":\"it-IT\",\"@id\":\"https:\\\/\\\/www.rassegnastampa-totustuus.it\\\/cattolica\\\/sono-trentanni-che-bruciano-streghe-e-che-negano-la-libert-di-inseg\\\/#primaryimage\",\"url\":\"https:\\\/\\\/www.rassegnastampa-totustuus.it\\\/cattolica\\\/wp-content\\\/uploads\\\/2006\\\/02\\\/Angela_Pellicciari.jpg\",\"contentUrl\":\"https:\\\/\\\/www.rassegnastampa-totustuus.it\\\/cattolica\\\/wp-content\\\/uploads\\\/2006\\\/02\\\/Angela_Pellicciari.jpg\",\"width\":201,\"height\":251},{\"@type\":\"BreadcrumbList\",\"@id\":\"https:\\\/\\\/www.rassegnastampa-totustuus.it\\\/cattolica\\\/sono-trentanni-che-bruciano-streghe-e-che-negano-la-libert-di-inseg\\\/#breadcrumb\",\"itemListElement\":[{\"@type\":\"ListItem\",\"position\":1,\"name\":\"Home\",\"item\":\"https:\\\/\\\/www.rassegnastampa-totustuus.it\\\/cattolica\\\/\"},{\"@type\":\"ListItem\",\"position\":2,\"name\":\"Sono trent&#8217;anni che bruciano streghe e che negano la libert&agrave; di insegnare\"}]},{\"@type\":\"WebSite\",\"@id\":\"https:\\\/\\\/www.rassegnastampa-totustuus.it\\\/cattolica\\\/#website\",\"url\":\"https:\\\/\\\/www.rassegnastampa-totustuus.it\\\/cattolica\\\/\",\"name\":\"Rassegna Stampa Cattolica\",\"description\":\"Per una cultura che nasce dalla Rivelazione cristiana in conformit\u00e0 alla tradizione e al Magistero della Chiesa in opposizione ad ogni relativismo e totalitarismo\",\"publisher\":{\"@id\":\"https:\\\/\\\/www.rassegnastampa-totustuus.it\\\/cattolica\\\/#organization\"},\"alternateName\":\"Rass. Cattolica\",\"potentialAction\":[{\"@type\":\"SearchAction\",\"target\":{\"@type\":\"EntryPoint\",\"urlTemplate\":\"https:\\\/\\\/www.rassegnastampa-totustuus.it\\\/cattolica\\\/?s={search_term_string}\"},\"query-input\":{\"@type\":\"PropertyValueSpecification\",\"valueRequired\":true,\"valueName\":\"search_term_string\"}}],\"inLanguage\":\"it-IT\"},{\"@type\":\"Organization\",\"@id\":\"https:\\\/\\\/www.rassegnastampa-totustuus.it\\\/cattolica\\\/#organization\",\"name\":\"Rassegna Stampa Cattolica\",\"url\":\"https:\\\/\\\/www.rassegnastampa-totustuus.it\\\/cattolica\\\/\",\"logo\":{\"@type\":\"ImageObject\",\"inLanguage\":\"it-IT\",\"@id\":\"https:\\\/\\\/www.rassegnastampa-totustuus.it\\\/cattolica\\\/#\\\/schema\\\/logo\\\/image\\\/\",\"url\":\"https:\\\/\\\/www.rassegnastampa-totustuus.it\\\/cattolica\\\/wp-content\\\/uploads\\\/2014\\\/04\\\/logo-rassegna1.gif\",\"contentUrl\":\"https:\\\/\\\/www.rassegnastampa-totustuus.it\\\/cattolica\\\/wp-content\\\/uploads\\\/2014\\\/04\\\/logo-rassegna1.gif\",\"width\":600,\"height\":163,\"caption\":\"Rassegna Stampa Cattolica\"},\"image\":{\"@id\":\"https:\\\/\\\/www.rassegnastampa-totustuus.it\\\/cattolica\\\/#\\\/schema\\\/logo\\\/image\\\/\"},\"sameAs\":[\"https:\\\/\\\/www.facebook.com\\\/rassegnastampacattolica\",\"https:\\\/\\\/x.com\\\/rassegnastampa9\"]},{\"@type\":\"Person\",\"@id\":\"https:\\\/\\\/www.rassegnastampa-totustuus.it\\\/cattolica\\\/#\\\/schema\\\/person\\\/08f319d2bd1a0904ad9e2bfb7b15e5c3\",\"name\":\"Redazione\",\"image\":{\"@type\":\"ImageObject\",\"inLanguage\":\"it-IT\",\"@id\":\"https:\\\/\\\/secure.gravatar.com\\\/avatar\\\/2fcdf27c78ea025fbdb44e914cc63c72249ffec9dc8aafd5c82b26240ef3f346?s=96&d=mm&r=g\",\"url\":\"https:\\\/\\\/secure.gravatar.com\\\/avatar\\\/2fcdf27c78ea025fbdb44e914cc63c72249ffec9dc8aafd5c82b26240ef3f346?s=96&d=mm&r=g\",\"contentUrl\":\"https:\\\/\\\/secure.gravatar.com\\\/avatar\\\/2fcdf27c78ea025fbdb44e914cc63c72249ffec9dc8aafd5c82b26240ef3f346?s=96&d=mm&r=g\",\"caption\":\"Redazione\"},\"url\":\"https:\\\/\\\/www.rassegnastampa-totustuus.it\\\/cattolica\\\/author\\\/pietroelle\\\/\"}]}<\/script>\n<!-- \/ Yoast SEO plugin. -->","yoast_head_json":{"title":"Sono trent'anni che bruciano streghe e che negano la libert&agrave; di insegnare - Rassegna Stampa Cattolica","description":"Rassegna Stampa Cattolica - Per una cultura che nasce dalla Rivelazione cristiana in conformit\u00e0 alla tradizione e al Magistero della Chiesa in opposizione ad ogni relativismo e totalitarismo","robots":{"index":"index","follow":"follow","max-snippet":"max-snippet:-1","max-image-preview":"max-image-preview:large","max-video-preview":"max-video-preview:-1"},"canonical":"https:\/\/www.rassegnastampa-totustuus.it\/cattolica\/sono-trentanni-che-bruciano-streghe-e-che-negano-la-libert-di-inseg\/","og_locale":"it_IT","og_type":"article","og_title":"Sono trent'anni che bruciano streghe e che negano la libert&agrave; di insegnare - Rassegna Stampa Cattolica","og_description":"Rassegna Stampa Cattolica - Per una cultura che nasce dalla Rivelazione cristiana in conformit\u00e0 alla tradizione e al Magistero della Chiesa in opposizione ad ogni relativismo e totalitarismo","og_url":"https:\/\/www.rassegnastampa-totustuus.it\/cattolica\/sono-trentanni-che-bruciano-streghe-e-che-negano-la-libert-di-inseg\/","og_site_name":"Rassegna Stampa Cattolica","article_publisher":"https:\/\/www.facebook.com\/rassegnastampacattolica","article_published_time":"2006-02-28T17:07:47+00:00","article_modified_time":"2016-06-17T08:42:36+00:00","og_image":[{"width":201,"height":251,"url":"https:\/\/www.rassegnastampa-totustuus.it\/cattolica\/wp-content\/uploads\/2006\/02\/Angela_Pellicciari.jpg","type":"image\/jpeg"}],"author":"Redazione","twitter_card":"summary_large_image","twitter_creator":"@rassegnastampa9","twitter_site":"@rassegnastampa9","twitter_misc":{"Scritto da":"Redazione","Tempo di lettura stimato":"9 minuti"},"schema":{"@context":"https:\/\/schema.org","@graph":[{"@type":"Article","@id":"https:\/\/www.rassegnastampa-totustuus.it\/cattolica\/sono-trentanni-che-bruciano-streghe-e-che-negano-la-libert-di-inseg\/#article","isPartOf":{"@id":"https:\/\/www.rassegnastampa-totustuus.it\/cattolica\/sono-trentanni-che-bruciano-streghe-e-che-negano-la-libert-di-inseg\/"},"author":{"name":"Redazione","@id":"https:\/\/www.rassegnastampa-totustuus.it\/cattolica\/#\/schema\/person\/08f319d2bd1a0904ad9e2bfb7b15e5c3"},"headline":"Sono trent&#8217;anni che bruciano streghe e che negano la libert&agrave; di insegnare","datePublished":"2006-02-28T17:07:47+00:00","dateModified":"2016-06-17T08:42:36+00:00","mainEntityOfPage":{"@id":"https:\/\/www.rassegnastampa-totustuus.it\/cattolica\/sono-trentanni-che-bruciano-streghe-e-che-negano-la-libert-di-inseg\/"},"wordCount":1925,"publisher":{"@id":"https:\/\/www.rassegnastampa-totustuus.it\/cattolica\/#organization"},"image":{"@id":"https:\/\/www.rassegnastampa-totustuus.it\/cattolica\/sono-trentanni-che-bruciano-streghe-e-che-negano-la-libert-di-inseg\/#primaryimage"},"thumbnailUrl":"https:\/\/www.rassegnastampa-totustuus.it\/cattolica\/wp-content\/uploads\/2006\/02\/Angela_Pellicciari.jpg","keywords":["scuola"],"articleSection":["Scuola ed educazione"],"inLanguage":"it-IT"},{"@type":"WebPage","@id":"https:\/\/www.rassegnastampa-totustuus.it\/cattolica\/sono-trentanni-che-bruciano-streghe-e-che-negano-la-libert-di-inseg\/","url":"https:\/\/www.rassegnastampa-totustuus.it\/cattolica\/sono-trentanni-che-bruciano-streghe-e-che-negano-la-libert-di-inseg\/","name":"Sono trent'anni che bruciano streghe e che negano la libert&agrave; di insegnare - Rassegna Stampa Cattolica","isPartOf":{"@id":"https:\/\/www.rassegnastampa-totustuus.it\/cattolica\/#website"},"primaryImageOfPage":{"@id":"https:\/\/www.rassegnastampa-totustuus.it\/cattolica\/sono-trentanni-che-bruciano-streghe-e-che-negano-la-libert-di-inseg\/#primaryimage"},"image":{"@id":"https:\/\/www.rassegnastampa-totustuus.it\/cattolica\/sono-trentanni-che-bruciano-streghe-e-che-negano-la-libert-di-inseg\/#primaryimage"},"thumbnailUrl":"https:\/\/www.rassegnastampa-totustuus.it\/cattolica\/wp-content\/uploads\/2006\/02\/Angela_Pellicciari.jpg","datePublished":"2006-02-28T17:07:47+00:00","dateModified":"2016-06-17T08:42:36+00:00","description":"Rassegna Stampa Cattolica - Per una cultura che nasce dalla Rivelazione cristiana in conformit\u00e0 alla tradizione e al Magistero della Chiesa in opposizione ad ogni relativismo e totalitarismo","breadcrumb":{"@id":"https:\/\/www.rassegnastampa-totustuus.it\/cattolica\/sono-trentanni-che-bruciano-streghe-e-che-negano-la-libert-di-inseg\/#breadcrumb"},"inLanguage":"it-IT","potentialAction":[{"@type":"ReadAction","target":["https:\/\/www.rassegnastampa-totustuus.it\/cattolica\/sono-trentanni-che-bruciano-streghe-e-che-negano-la-libert-di-inseg\/"]}]},{"@type":"ImageObject","inLanguage":"it-IT","@id":"https:\/\/www.rassegnastampa-totustuus.it\/cattolica\/sono-trentanni-che-bruciano-streghe-e-che-negano-la-libert-di-inseg\/#primaryimage","url":"https:\/\/www.rassegnastampa-totustuus.it\/cattolica\/wp-content\/uploads\/2006\/02\/Angela_Pellicciari.jpg","contentUrl":"https:\/\/www.rassegnastampa-totustuus.it\/cattolica\/wp-content\/uploads\/2006\/02\/Angela_Pellicciari.jpg","width":201,"height":251},{"@type":"BreadcrumbList","@id":"https:\/\/www.rassegnastampa-totustuus.it\/cattolica\/sono-trentanni-che-bruciano-streghe-e-che-negano-la-libert-di-inseg\/#breadcrumb","itemListElement":[{"@type":"ListItem","position":1,"name":"Home","item":"https:\/\/www.rassegnastampa-totustuus.it\/cattolica\/"},{"@type":"ListItem","position":2,"name":"Sono trent&#8217;anni che bruciano streghe e che negano la libert&agrave; di insegnare"}]},{"@type":"WebSite","@id":"https:\/\/www.rassegnastampa-totustuus.it\/cattolica\/#website","url":"https:\/\/www.rassegnastampa-totustuus.it\/cattolica\/","name":"Rassegna Stampa Cattolica","description":"Per una cultura che nasce dalla Rivelazione cristiana in conformit\u00e0 alla tradizione e al Magistero della Chiesa in opposizione ad ogni relativismo e totalitarismo","publisher":{"@id":"https:\/\/www.rassegnastampa-totustuus.it\/cattolica\/#organization"},"alternateName":"Rass. Cattolica","potentialAction":[{"@type":"SearchAction","target":{"@type":"EntryPoint","urlTemplate":"https:\/\/www.rassegnastampa-totustuus.it\/cattolica\/?s={search_term_string}"},"query-input":{"@type":"PropertyValueSpecification","valueRequired":true,"valueName":"search_term_string"}}],"inLanguage":"it-IT"},{"@type":"Organization","@id":"https:\/\/www.rassegnastampa-totustuus.it\/cattolica\/#organization","name":"Rassegna Stampa Cattolica","url":"https:\/\/www.rassegnastampa-totustuus.it\/cattolica\/","logo":{"@type":"ImageObject","inLanguage":"it-IT","@id":"https:\/\/www.rassegnastampa-totustuus.it\/cattolica\/#\/schema\/logo\/image\/","url":"https:\/\/www.rassegnastampa-totustuus.it\/cattolica\/wp-content\/uploads\/2014\/04\/logo-rassegna1.gif","contentUrl":"https:\/\/www.rassegnastampa-totustuus.it\/cattolica\/wp-content\/uploads\/2014\/04\/logo-rassegna1.gif","width":600,"height":163,"caption":"Rassegna Stampa Cattolica"},"image":{"@id":"https:\/\/www.rassegnastampa-totustuus.it\/cattolica\/#\/schema\/logo\/image\/"},"sameAs":["https:\/\/www.facebook.com\/rassegnastampacattolica","https:\/\/x.com\/rassegnastampa9"]},{"@type":"Person","@id":"https:\/\/www.rassegnastampa-totustuus.it\/cattolica\/#\/schema\/person\/08f319d2bd1a0904ad9e2bfb7b15e5c3","name":"Redazione","image":{"@type":"ImageObject","inLanguage":"it-IT","@id":"https:\/\/secure.gravatar.com\/avatar\/2fcdf27c78ea025fbdb44e914cc63c72249ffec9dc8aafd5c82b26240ef3f346?s=96&d=mm&r=g","url":"https:\/\/secure.gravatar.com\/avatar\/2fcdf27c78ea025fbdb44e914cc63c72249ffec9dc8aafd5c82b26240ef3f346?s=96&d=mm&r=g","contentUrl":"https:\/\/secure.gravatar.com\/avatar\/2fcdf27c78ea025fbdb44e914cc63c72249ffec9dc8aafd5c82b26240ef3f346?s=96&d=mm&r=g","caption":"Redazione"},"url":"https:\/\/www.rassegnastampa-totustuus.it\/cattolica\/author\/pietroelle\/"}]}},"_links":{"self":[{"href":"https:\/\/www.rassegnastampa-totustuus.it\/cattolica\/wp-json\/wp\/v2\/posts\/1896","targetHints":{"allow":["GET"]}}],"collection":[{"href":"https:\/\/www.rassegnastampa-totustuus.it\/cattolica\/wp-json\/wp\/v2\/posts"}],"about":[{"href":"https:\/\/www.rassegnastampa-totustuus.it\/cattolica\/wp-json\/wp\/v2\/types\/post"}],"author":[{"embeddable":true,"href":"https:\/\/www.rassegnastampa-totustuus.it\/cattolica\/wp-json\/wp\/v2\/users\/6"}],"replies":[{"embeddable":true,"href":"https:\/\/www.rassegnastampa-totustuus.it\/cattolica\/wp-json\/wp\/v2\/comments?post=1896"}],"version-history":[{"count":4,"href":"https:\/\/www.rassegnastampa-totustuus.it\/cattolica\/wp-json\/wp\/v2\/posts\/1896\/revisions"}],"predecessor-version":[{"id":35066,"href":"https:\/\/www.rassegnastampa-totustuus.it\/cattolica\/wp-json\/wp\/v2\/posts\/1896\/revisions\/35066"}],"wp:featuredmedia":[{"embeddable":true,"href":"https:\/\/www.rassegnastampa-totustuus.it\/cattolica\/wp-json\/wp\/v2\/media\/35065"}],"wp:attachment":[{"href":"https:\/\/www.rassegnastampa-totustuus.it\/cattolica\/wp-json\/wp\/v2\/media?parent=1896"}],"wp:term":[{"taxonomy":"category","embeddable":true,"href":"https:\/\/www.rassegnastampa-totustuus.it\/cattolica\/wp-json\/wp\/v2\/categories?post=1896"},{"taxonomy":"post_tag","embeddable":true,"href":"https:\/\/www.rassegnastampa-totustuus.it\/cattolica\/wp-json\/wp\/v2\/tags?post=1896"}],"curies":[{"name":"wp","href":"https:\/\/api.w.org\/{rel}","templated":true}]}}