{"id":1881,"date":"2006-02-17T00:00:00","date_gmt":"2006-02-16T23:00:00","guid":{"rendered":""},"modified":"2016-04-28T10:37:32","modified_gmt":"2016-04-28T08:37:32","slug":"il-silenzio-del-cuore","status":"publish","type":"post","link":"https:\/\/www.rassegnastampa-totustuus.it\/cattolica\/il-silenzio-del-cuore\/","title":{"rendered":"Il silenzio del cuore"},"content":{"rendered":"<div style=\"text-align: center;\">\n<div id=\"attachment_33653\" style=\"width: 250px\" class=\"wp-caption alignleft\"><img loading=\"lazy\" decoding=\"async\" aria-describedby=\"caption-attachment-33653\" class=\"wp-image-33653\" src=\"https:\/\/www.rassegnastampa-totustuus.it\/cattolica\/wp-content\/uploads\/2006\/02\/Vassili-Grossman.jpg\" alt=\"Vassili Grossman\" width=\"250\" height=\"168\" \/><p id=\"caption-attachment-33653\" class=\"wp-caption-text\">Vasili Grossman<\/p><\/div>\n<p><strong>Citt\u00e0 Nuova<\/strong> n.3 10 febbraio 2006<\/div>\n<p style=\"text-align: justify;\"><em>Nel centenario della nascita di Vasilij Grossman ritorna l&#8217;interesse su libri immortali e terribili come &#8220;<\/em>Vita e destino<em>&#8221; e &#8220;<\/em>Tutto scorre<em>&#8220;.\u00a0<\/em>Vasilij Grossman<\/p>\n<p style=\"text-align: center;\">di <strong>Giovanni Casoli<\/strong><\/p>\n<p><!--more--><\/p>\n<div style=\"text-align: justify;\">Quando uno nasce grande scrittore, e impara a diventare grande uomo perch\u00e9 cerca tutta la verit\u00e0, ha un bel cominciare come giornalista, di regime sovietico e poi scrittore di parte (<em>Il popolo \u00e8 immortale, Per la giusta causa<\/em>); sopravvengono presto i sospetti, le critiche e le condanne di ogni libert\u00e0 anche solo teorica, filosofica; pi\u00f9 di tutto la condanna a una solitudine crescente, compiuta e resa &#8220;perfetta&#8221; infine dalla malattia, il cancro che uccise Grossman cinquantanovenne (1905-1964); ma quella solitudine proprio nella sua &#8220;perfezione&#8221; distill\u00f2 due libri immortali, il vasto <em>Vita e destino<\/em>, continuazione-palinodia di <em>Per la giusta causa<\/em>, sull&#8217;epopea di Stalingrado, e <em>Tutto scorre<\/em>, certamente uno dei libri pi\u00f9 puri e terribili del Novecento, il pi\u00f9 puro e terribile, tra le narrazioni letterario-storiche, che io abbia letto, pi\u00f9 di <em>Una giornata di Ivan Denisovic<\/em> e <em>Arcipelago Gulag<\/em> di Solgenitsin, pi\u00f9 del <em>Dottor Zivago<\/em> di Pasternak e delle poesie di Mandel&#8217;stam, pi\u00f9 delle memorie dai lager nazisti; perch\u00e9 vi affiorano indelebili due verit\u00e0 assolutamente ripugnanti in tutte le ideologie, di destra o sinistra (o altro): primo, che la rivoluzione totalitaria di Lenin invece di coniugare progresso e libert\u00e0, come bene <em>e male<\/em> era accaduto prima in Occidente, coniug\u00f2 ferramente (volont\u00e0 di) progresso e schiavit\u00f9; secondo, che la rivoluzione totalitaria e antiumana di Lenin, peggio continuata da Stalin, fu il modello deforme a cui deformemente si ispirarono fascismo e poi nazismo: cio\u00e8 il <em>nazionalismo di stato<\/em>.<\/div>\n<p style=\"text-align: justify;\">Infatti in Italia <em>Tutto scorre<\/em> (1971) fu il pi\u00f9 possibile passato sotto silenzio, e <em>Vita e destino<\/em> (1984) ancor pi\u00f9: non facevano certo comodo alla sinistra, disorientavano la destra, e suonavano spiacevoli all&#8217;intera societ\u00e0, prima occupata nei narcisismi ideologici del post-&#8217;68 poi sgomentata &#8211; ma senza vera coscienza, senza vera cultura &#8211; dalla ferocia terroristica cresciutale in seno.<\/p>\n<p style=\"text-align: justify;\">Grossman aveva la tempra ebraica del profeta annunciatore di insostenibili verit\u00e0, aveva il realismo spietato (con s\u00e9 stesso) dello spirito biblico, aveva la libert\u00e0 paurosa, ma non impaurita, dell&#8217;uomo senza pi\u00f9 appartenenze &#8211; politiche, religiose, culturali &#8211; e, per suo merito, senza pi\u00f9 niente da perdere. Il regime tent\u00f2 di distruggergli l&#8217;opera da vivo e da morto, la provvidenza, o per chi non ci crede l&#8217;astuzia della storia, salvarono prodigiosamente i due capolavori; e oggi per chiunque abbia un&#8217;intelligenza non morta e una cultura non anestetizzata da ideologie vecchie e nuove, la sua pagina vive e vive proprio come paradossale testimonianza e prova di speranza e di fiducia, malgrado tutto, nella libert\u00e0 dell&#8217;uomo che sia uomo, cio\u00e8 <em>diventi<\/em> uomo nell&#8217;unico modo in cui si pu\u00f2 diventarlo, controcorrente. \u00abUn uomo cos\u00ec dapprima veniva cancellato dalla vita, raggiungeva gli amci solamente nella memoria, poi perdeva il diritto di soggiornare anche nella memoria, si ritirava nel subcosciente e ne risorgeva ormai di rado\u00bb.<\/p>\n<p style=\"text-align: justify;\">A leggere il capitolo 13\u00b0 di <em>Tutto scorre<\/em>, libro postumo da cui ho tratto la precedente citazione, vengono i brividi e poi i capelli dritti sulla testa, perch\u00e9 il destino della giovane madre Mascia a cui vengono strappati prima il marito poi la figlioletta, e quello di milioni di donne scomparse nei lager delle &#8220;purghe&#8221; staliniane, scomparse da innocenti (per non avere denunciato il marito falsamente accusato!), fino a perdere la speranza, fino a trovare la libert\u00e0 solo nella morte, con \u00abun&#8217;espressione di estasi infantile e di smarrimento\u00bb (e mi viene in mente, come solo possibile commento all&#8217;altezza &#8211; le parole sarebbero intollerabili \u2014 l&#8217;ultimo movimento della nona sinfonia di G. Mahler, vertice del dolore trascritto in musica).<\/p>\n<p style=\"text-align: justify;\">Resta vero che, poich\u00e9 \u00aba! mondo non v&#8217;\u00e8 fine per il quale si possa sacrificare la libert\u00e0 dell&#8217;uomo (&#8230;) l&#8217;uomo \u00e8 personalmente debitore a s\u00e9 stesso della sozzura umana\u00bb, via ogni alibi ideologico, e lo \u00e8 soprattutto quando uccide, per sevizie e per fame, intere popolazioni (ma uomini donne bambini, da contare uno per uno) nell&#8217;intento criminale e colossalmente stupido di &#8220;liberare l&#8217;uomo&#8221;. I capitoli dal 22\u00b0 al 26\u00b0 di <em>Tutto scorre<\/em> sono il pi\u00f9 puro libro di storia del Novecento.<\/p>\n<p style=\"text-align: justify;\">In pagine di <em>Vita e destino<\/em>, che ho antologizzato nel mio <em>Novecento letterario italiano ed europeo<\/em>, si dispiega una fenomenale analisi del &#8220;Bene generale&#8221;, anche quello cristiano, che, dice Grossman, ha prodotto guerre terrori orrori persecuzioni, ed \u00e8 vero; si salva, \u00e8 cio\u00e8 veramente bene, solo la \u00abbont\u00e0, privata di un singolo individuo nei confronti di un suo simile, una bont\u00e0 senza testimoni, una piccola bont\u00e0 senza ideologia. Si potrebbe chiamarle una bont\u00e0 insensata. La bont\u00e0 degli uomini fuori dal Bene religioso o sociale\u00bb.<\/p>\n<p style=\"text-align: justify;\">Grossman giunge ad affermare che essa \u00ab\u00e8 semplice come la vita. Perfino l&#8217;insegnamento di Cristo l&#8217;ha privata di forza: la sua forza \u00e8 racchiusa nel silenzio del cuore umano\u00bb. E qui si pu\u00f2 restare interdetti e perplessi; ma anche qui, proprio qui Grossman ha una profondissima verit\u00e0 da dare, anche se non l&#8217;ha compresa o intuita fino in fondo lui stesso; e cio\u00e8 che non solo ogni istituzione pu\u00f2 irrigidire e contraffare la bont\u00e0, ma che le parole di Cristo non sono vere, salvifiche (e quindi integralmente buone) in s\u00e9 stesse, ma solo in quanto validate nell&#8217;unica-ultima \u00abparola della Croce\u00bb (dice san Paolo), l\u00e0 dove veramente la morte si fa per dono di s\u00e9 \u00absemplice come la vita\u00bb e per amore non istituzionale raggiunge, senza pretese, la profondit\u00e0 di ogni inferno, di ogni \u00absilenzio del cuore umano\u00bb.<\/p>\n","protected":false},"excerpt":{"rendered":"<p>Citt\u00e0 Nuova n.3 10 febbraio 2006 Nel centenario della nascita di Vasilij Grossman ritorna l&#8217;interesse su libri immortali e terribili come &#8220;Vita e destino&#8221; e &#8220;Tutto scorre&#8220;.\u00a0Vasilij Grossman di Giovanni Casoli<\/p><p><a class=\"more-link btn\" href=\"https:\/\/www.rassegnastampa-totustuus.it\/cattolica\/il-silenzio-del-cuore\/\">Continua a leggere<\/a><\/p>\n","protected":false},"author":6,"featured_media":33653,"comment_status":"closed","ping_status":"open","sticky":false,"template":"","format":"standard","meta":{"footnotes":""},"categories":[17,84],"tags":[1216],"class_list":["post-1881","post","type-post","status-publish","format-standard","has-post-thumbnail","hentry","category-libri","category-urss","tag-vasilij-grossman","item-wrap"],"yoast_head":"<!-- This site is optimized with the Yoast SEO plugin v27.5 - https:\/\/yoast.com\/product\/yoast-seo-wordpress\/ -->\n<title>Il silenzio del cuore - Rassegna Stampa Cattolica<\/title>\n<meta name=\"description\" content=\"Rassegna Stampa Cattolica - Per una cultura che nasce dalla Rivelazione cristiana in conformit\u00e0 alla tradizione e al Magistero della Chiesa in opposizione ad ogni relativismo e totalitarismo\" \/>\n<meta name=\"robots\" content=\"index, follow, max-snippet:-1, max-image-preview:large, max-video-preview:-1\" \/>\n<link rel=\"canonical\" href=\"https:\/\/www.rassegnastampa-totustuus.it\/cattolica\/il-silenzio-del-cuore\/\" \/>\n<meta property=\"og:locale\" content=\"it_IT\" \/>\n<meta property=\"og:type\" content=\"article\" \/>\n<meta property=\"og:title\" content=\"Il silenzio del cuore - Rassegna Stampa Cattolica\" \/>\n<meta property=\"og:description\" content=\"Rassegna Stampa Cattolica - Per una cultura che nasce dalla Rivelazione cristiana in conformit\u00e0 alla tradizione e al Magistero della Chiesa in opposizione ad ogni relativismo e totalitarismo\" \/>\n<meta property=\"og:url\" content=\"https:\/\/www.rassegnastampa-totustuus.it\/cattolica\/il-silenzio-del-cuore\/\" \/>\n<meta property=\"og:site_name\" content=\"Rassegna Stampa Cattolica\" \/>\n<meta property=\"article:publisher\" content=\"https:\/\/www.facebook.com\/rassegnastampacattolica\" \/>\n<meta property=\"article:published_time\" content=\"2006-02-16T23:00:00+00:00\" \/>\n<meta property=\"article:modified_time\" content=\"2016-04-28T08:37:32+00:00\" \/>\n<meta property=\"og:image\" content=\"https:\/\/www.rassegnastampa-totustuus.it\/cattolica\/wp-content\/uploads\/2006\/02\/Vassili-Grossman.jpg\" \/>\n\t<meta property=\"og:image:width\" content=\"274\" \/>\n\t<meta property=\"og:image:height\" content=\"184\" \/>\n\t<meta property=\"og:image:type\" content=\"image\/jpeg\" \/>\n<meta name=\"author\" content=\"Redazione\" \/>\n<meta name=\"twitter:card\" content=\"summary_large_image\" \/>\n<meta name=\"twitter:creator\" content=\"@rassegnastampa9\" \/>\n<meta name=\"twitter:site\" content=\"@rassegnastampa9\" \/>\n<meta name=\"twitter:label1\" content=\"Scritto da\" \/>\n\t<meta name=\"twitter:data1\" content=\"Redazione\" \/>\n\t<meta name=\"twitter:label2\" content=\"Tempo di lettura stimato\" \/>\n\t<meta name=\"twitter:data2\" content=\"4 minuti\" \/>\n<script type=\"application\/ld+json\" class=\"yoast-schema-graph\">{\"@context\":\"https:\\\/\\\/schema.org\",\"@graph\":[{\"@type\":\"Article\",\"@id\":\"https:\\\/\\\/www.rassegnastampa-totustuus.it\\\/cattolica\\\/il-silenzio-del-cuore\\\/#article\",\"isPartOf\":{\"@id\":\"https:\\\/\\\/www.rassegnastampa-totustuus.it\\\/cattolica\\\/il-silenzio-del-cuore\\\/\"},\"author\":{\"name\":\"Redazione\",\"@id\":\"https:\\\/\\\/www.rassegnastampa-totustuus.it\\\/cattolica\\\/#\\\/schema\\\/person\\\/08f319d2bd1a0904ad9e2bfb7b15e5c3\"},\"headline\":\"Il silenzio del cuore\",\"datePublished\":\"2006-02-16T23:00:00+00:00\",\"dateModified\":\"2016-04-28T08:37:32+00:00\",\"mainEntityOfPage\":{\"@id\":\"https:\\\/\\\/www.rassegnastampa-totustuus.it\\\/cattolica\\\/il-silenzio-del-cuore\\\/\"},\"wordCount\":923,\"publisher\":{\"@id\":\"https:\\\/\\\/www.rassegnastampa-totustuus.it\\\/cattolica\\\/#organization\"},\"image\":{\"@id\":\"https:\\\/\\\/www.rassegnastampa-totustuus.it\\\/cattolica\\\/il-silenzio-del-cuore\\\/#primaryimage\"},\"thumbnailUrl\":\"https:\\\/\\\/www.rassegnastampa-totustuus.it\\\/cattolica\\\/wp-content\\\/uploads\\\/2006\\\/02\\\/Vassili-Grossman.jpg\",\"keywords\":[\"Vasilij Grossman\"],\"articleSection\":[\"Libri\",\"URSS\"],\"inLanguage\":\"it-IT\"},{\"@type\":\"WebPage\",\"@id\":\"https:\\\/\\\/www.rassegnastampa-totustuus.it\\\/cattolica\\\/il-silenzio-del-cuore\\\/\",\"url\":\"https:\\\/\\\/www.rassegnastampa-totustuus.it\\\/cattolica\\\/il-silenzio-del-cuore\\\/\",\"name\":\"Il silenzio del cuore - Rassegna Stampa Cattolica\",\"isPartOf\":{\"@id\":\"https:\\\/\\\/www.rassegnastampa-totustuus.it\\\/cattolica\\\/#website\"},\"primaryImageOfPage\":{\"@id\":\"https:\\\/\\\/www.rassegnastampa-totustuus.it\\\/cattolica\\\/il-silenzio-del-cuore\\\/#primaryimage\"},\"image\":{\"@id\":\"https:\\\/\\\/www.rassegnastampa-totustuus.it\\\/cattolica\\\/il-silenzio-del-cuore\\\/#primaryimage\"},\"thumbnailUrl\":\"https:\\\/\\\/www.rassegnastampa-totustuus.it\\\/cattolica\\\/wp-content\\\/uploads\\\/2006\\\/02\\\/Vassili-Grossman.jpg\",\"datePublished\":\"2006-02-16T23:00:00+00:00\",\"dateModified\":\"2016-04-28T08:37:32+00:00\",\"description\":\"Rassegna Stampa Cattolica - Per una cultura che nasce dalla Rivelazione cristiana in conformit\u00e0 alla tradizione e al Magistero della Chiesa in opposizione ad ogni relativismo e totalitarismo\",\"breadcrumb\":{\"@id\":\"https:\\\/\\\/www.rassegnastampa-totustuus.it\\\/cattolica\\\/il-silenzio-del-cuore\\\/#breadcrumb\"},\"inLanguage\":\"it-IT\",\"potentialAction\":[{\"@type\":\"ReadAction\",\"target\":[\"https:\\\/\\\/www.rassegnastampa-totustuus.it\\\/cattolica\\\/il-silenzio-del-cuore\\\/\"]}]},{\"@type\":\"ImageObject\",\"inLanguage\":\"it-IT\",\"@id\":\"https:\\\/\\\/www.rassegnastampa-totustuus.it\\\/cattolica\\\/il-silenzio-del-cuore\\\/#primaryimage\",\"url\":\"https:\\\/\\\/www.rassegnastampa-totustuus.it\\\/cattolica\\\/wp-content\\\/uploads\\\/2006\\\/02\\\/Vassili-Grossman.jpg\",\"contentUrl\":\"https:\\\/\\\/www.rassegnastampa-totustuus.it\\\/cattolica\\\/wp-content\\\/uploads\\\/2006\\\/02\\\/Vassili-Grossman.jpg\",\"width\":274,\"height\":184},{\"@type\":\"BreadcrumbList\",\"@id\":\"https:\\\/\\\/www.rassegnastampa-totustuus.it\\\/cattolica\\\/il-silenzio-del-cuore\\\/#breadcrumb\",\"itemListElement\":[{\"@type\":\"ListItem\",\"position\":1,\"name\":\"Home\",\"item\":\"https:\\\/\\\/www.rassegnastampa-totustuus.it\\\/cattolica\\\/\"},{\"@type\":\"ListItem\",\"position\":2,\"name\":\"Il silenzio del cuore\"}]},{\"@type\":\"WebSite\",\"@id\":\"https:\\\/\\\/www.rassegnastampa-totustuus.it\\\/cattolica\\\/#website\",\"url\":\"https:\\\/\\\/www.rassegnastampa-totustuus.it\\\/cattolica\\\/\",\"name\":\"Rassegna Stampa Cattolica\",\"description\":\"Per una cultura che nasce dalla Rivelazione cristiana in conformit\u00e0 alla tradizione e al Magistero della Chiesa in opposizione ad ogni relativismo e totalitarismo\",\"publisher\":{\"@id\":\"https:\\\/\\\/www.rassegnastampa-totustuus.it\\\/cattolica\\\/#organization\"},\"alternateName\":\"Rass. Cattolica\",\"potentialAction\":[{\"@type\":\"SearchAction\",\"target\":{\"@type\":\"EntryPoint\",\"urlTemplate\":\"https:\\\/\\\/www.rassegnastampa-totustuus.it\\\/cattolica\\\/?s={search_term_string}\"},\"query-input\":{\"@type\":\"PropertyValueSpecification\",\"valueRequired\":true,\"valueName\":\"search_term_string\"}}],\"inLanguage\":\"it-IT\"},{\"@type\":\"Organization\",\"@id\":\"https:\\\/\\\/www.rassegnastampa-totustuus.it\\\/cattolica\\\/#organization\",\"name\":\"Rassegna Stampa Cattolica\",\"url\":\"https:\\\/\\\/www.rassegnastampa-totustuus.it\\\/cattolica\\\/\",\"logo\":{\"@type\":\"ImageObject\",\"inLanguage\":\"it-IT\",\"@id\":\"https:\\\/\\\/www.rassegnastampa-totustuus.it\\\/cattolica\\\/#\\\/schema\\\/logo\\\/image\\\/\",\"url\":\"https:\\\/\\\/www.rassegnastampa-totustuus.it\\\/cattolica\\\/wp-content\\\/uploads\\\/2014\\\/04\\\/logo-rassegna1.gif\",\"contentUrl\":\"https:\\\/\\\/www.rassegnastampa-totustuus.it\\\/cattolica\\\/wp-content\\\/uploads\\\/2014\\\/04\\\/logo-rassegna1.gif\",\"width\":600,\"height\":163,\"caption\":\"Rassegna Stampa Cattolica\"},\"image\":{\"@id\":\"https:\\\/\\\/www.rassegnastampa-totustuus.it\\\/cattolica\\\/#\\\/schema\\\/logo\\\/image\\\/\"},\"sameAs\":[\"https:\\\/\\\/www.facebook.com\\\/rassegnastampacattolica\",\"https:\\\/\\\/x.com\\\/rassegnastampa9\"]},{\"@type\":\"Person\",\"@id\":\"https:\\\/\\\/www.rassegnastampa-totustuus.it\\\/cattolica\\\/#\\\/schema\\\/person\\\/08f319d2bd1a0904ad9e2bfb7b15e5c3\",\"name\":\"Redazione\",\"image\":{\"@type\":\"ImageObject\",\"inLanguage\":\"it-IT\",\"@id\":\"https:\\\/\\\/secure.gravatar.com\\\/avatar\\\/2fcdf27c78ea025fbdb44e914cc63c72249ffec9dc8aafd5c82b26240ef3f346?s=96&d=mm&r=g\",\"url\":\"https:\\\/\\\/secure.gravatar.com\\\/avatar\\\/2fcdf27c78ea025fbdb44e914cc63c72249ffec9dc8aafd5c82b26240ef3f346?s=96&d=mm&r=g\",\"contentUrl\":\"https:\\\/\\\/secure.gravatar.com\\\/avatar\\\/2fcdf27c78ea025fbdb44e914cc63c72249ffec9dc8aafd5c82b26240ef3f346?s=96&d=mm&r=g\",\"caption\":\"Redazione\"},\"url\":\"https:\\\/\\\/www.rassegnastampa-totustuus.it\\\/cattolica\\\/author\\\/pietroelle\\\/\"}]}<\/script>\n<!-- \/ Yoast SEO plugin. -->","yoast_head_json":{"title":"Il silenzio del cuore - Rassegna Stampa Cattolica","description":"Rassegna Stampa Cattolica - Per una cultura che nasce dalla Rivelazione cristiana in conformit\u00e0 alla tradizione e al Magistero della Chiesa in opposizione ad ogni relativismo e totalitarismo","robots":{"index":"index","follow":"follow","max-snippet":"max-snippet:-1","max-image-preview":"max-image-preview:large","max-video-preview":"max-video-preview:-1"},"canonical":"https:\/\/www.rassegnastampa-totustuus.it\/cattolica\/il-silenzio-del-cuore\/","og_locale":"it_IT","og_type":"article","og_title":"Il silenzio del cuore - Rassegna Stampa Cattolica","og_description":"Rassegna Stampa Cattolica - Per una cultura che nasce dalla Rivelazione cristiana in conformit\u00e0 alla tradizione e al Magistero della Chiesa in opposizione ad ogni relativismo e totalitarismo","og_url":"https:\/\/www.rassegnastampa-totustuus.it\/cattolica\/il-silenzio-del-cuore\/","og_site_name":"Rassegna Stampa Cattolica","article_publisher":"https:\/\/www.facebook.com\/rassegnastampacattolica","article_published_time":"2006-02-16T23:00:00+00:00","article_modified_time":"2016-04-28T08:37:32+00:00","og_image":[{"width":274,"height":184,"url":"https:\/\/www.rassegnastampa-totustuus.it\/cattolica\/wp-content\/uploads\/2006\/02\/Vassili-Grossman.jpg","type":"image\/jpeg"}],"author":"Redazione","twitter_card":"summary_large_image","twitter_creator":"@rassegnastampa9","twitter_site":"@rassegnastampa9","twitter_misc":{"Scritto da":"Redazione","Tempo di lettura stimato":"4 minuti"},"schema":{"@context":"https:\/\/schema.org","@graph":[{"@type":"Article","@id":"https:\/\/www.rassegnastampa-totustuus.it\/cattolica\/il-silenzio-del-cuore\/#article","isPartOf":{"@id":"https:\/\/www.rassegnastampa-totustuus.it\/cattolica\/il-silenzio-del-cuore\/"},"author":{"name":"Redazione","@id":"https:\/\/www.rassegnastampa-totustuus.it\/cattolica\/#\/schema\/person\/08f319d2bd1a0904ad9e2bfb7b15e5c3"},"headline":"Il silenzio del cuore","datePublished":"2006-02-16T23:00:00+00:00","dateModified":"2016-04-28T08:37:32+00:00","mainEntityOfPage":{"@id":"https:\/\/www.rassegnastampa-totustuus.it\/cattolica\/il-silenzio-del-cuore\/"},"wordCount":923,"publisher":{"@id":"https:\/\/www.rassegnastampa-totustuus.it\/cattolica\/#organization"},"image":{"@id":"https:\/\/www.rassegnastampa-totustuus.it\/cattolica\/il-silenzio-del-cuore\/#primaryimage"},"thumbnailUrl":"https:\/\/www.rassegnastampa-totustuus.it\/cattolica\/wp-content\/uploads\/2006\/02\/Vassili-Grossman.jpg","keywords":["Vasilij Grossman"],"articleSection":["Libri","URSS"],"inLanguage":"it-IT"},{"@type":"WebPage","@id":"https:\/\/www.rassegnastampa-totustuus.it\/cattolica\/il-silenzio-del-cuore\/","url":"https:\/\/www.rassegnastampa-totustuus.it\/cattolica\/il-silenzio-del-cuore\/","name":"Il silenzio del cuore - Rassegna Stampa Cattolica","isPartOf":{"@id":"https:\/\/www.rassegnastampa-totustuus.it\/cattolica\/#website"},"primaryImageOfPage":{"@id":"https:\/\/www.rassegnastampa-totustuus.it\/cattolica\/il-silenzio-del-cuore\/#primaryimage"},"image":{"@id":"https:\/\/www.rassegnastampa-totustuus.it\/cattolica\/il-silenzio-del-cuore\/#primaryimage"},"thumbnailUrl":"https:\/\/www.rassegnastampa-totustuus.it\/cattolica\/wp-content\/uploads\/2006\/02\/Vassili-Grossman.jpg","datePublished":"2006-02-16T23:00:00+00:00","dateModified":"2016-04-28T08:37:32+00:00","description":"Rassegna Stampa Cattolica - Per una cultura che nasce dalla Rivelazione cristiana in conformit\u00e0 alla tradizione e al Magistero della Chiesa in opposizione ad ogni relativismo e totalitarismo","breadcrumb":{"@id":"https:\/\/www.rassegnastampa-totustuus.it\/cattolica\/il-silenzio-del-cuore\/#breadcrumb"},"inLanguage":"it-IT","potentialAction":[{"@type":"ReadAction","target":["https:\/\/www.rassegnastampa-totustuus.it\/cattolica\/il-silenzio-del-cuore\/"]}]},{"@type":"ImageObject","inLanguage":"it-IT","@id":"https:\/\/www.rassegnastampa-totustuus.it\/cattolica\/il-silenzio-del-cuore\/#primaryimage","url":"https:\/\/www.rassegnastampa-totustuus.it\/cattolica\/wp-content\/uploads\/2006\/02\/Vassili-Grossman.jpg","contentUrl":"https:\/\/www.rassegnastampa-totustuus.it\/cattolica\/wp-content\/uploads\/2006\/02\/Vassili-Grossman.jpg","width":274,"height":184},{"@type":"BreadcrumbList","@id":"https:\/\/www.rassegnastampa-totustuus.it\/cattolica\/il-silenzio-del-cuore\/#breadcrumb","itemListElement":[{"@type":"ListItem","position":1,"name":"Home","item":"https:\/\/www.rassegnastampa-totustuus.it\/cattolica\/"},{"@type":"ListItem","position":2,"name":"Il silenzio del cuore"}]},{"@type":"WebSite","@id":"https:\/\/www.rassegnastampa-totustuus.it\/cattolica\/#website","url":"https:\/\/www.rassegnastampa-totustuus.it\/cattolica\/","name":"Rassegna Stampa Cattolica","description":"Per una cultura che nasce dalla Rivelazione cristiana in conformit\u00e0 alla tradizione e al Magistero della Chiesa in opposizione ad ogni relativismo e totalitarismo","publisher":{"@id":"https:\/\/www.rassegnastampa-totustuus.it\/cattolica\/#organization"},"alternateName":"Rass. Cattolica","potentialAction":[{"@type":"SearchAction","target":{"@type":"EntryPoint","urlTemplate":"https:\/\/www.rassegnastampa-totustuus.it\/cattolica\/?s={search_term_string}"},"query-input":{"@type":"PropertyValueSpecification","valueRequired":true,"valueName":"search_term_string"}}],"inLanguage":"it-IT"},{"@type":"Organization","@id":"https:\/\/www.rassegnastampa-totustuus.it\/cattolica\/#organization","name":"Rassegna Stampa Cattolica","url":"https:\/\/www.rassegnastampa-totustuus.it\/cattolica\/","logo":{"@type":"ImageObject","inLanguage":"it-IT","@id":"https:\/\/www.rassegnastampa-totustuus.it\/cattolica\/#\/schema\/logo\/image\/","url":"https:\/\/www.rassegnastampa-totustuus.it\/cattolica\/wp-content\/uploads\/2014\/04\/logo-rassegna1.gif","contentUrl":"https:\/\/www.rassegnastampa-totustuus.it\/cattolica\/wp-content\/uploads\/2014\/04\/logo-rassegna1.gif","width":600,"height":163,"caption":"Rassegna Stampa Cattolica"},"image":{"@id":"https:\/\/www.rassegnastampa-totustuus.it\/cattolica\/#\/schema\/logo\/image\/"},"sameAs":["https:\/\/www.facebook.com\/rassegnastampacattolica","https:\/\/x.com\/rassegnastampa9"]},{"@type":"Person","@id":"https:\/\/www.rassegnastampa-totustuus.it\/cattolica\/#\/schema\/person\/08f319d2bd1a0904ad9e2bfb7b15e5c3","name":"Redazione","image":{"@type":"ImageObject","inLanguage":"it-IT","@id":"https:\/\/secure.gravatar.com\/avatar\/2fcdf27c78ea025fbdb44e914cc63c72249ffec9dc8aafd5c82b26240ef3f346?s=96&d=mm&r=g","url":"https:\/\/secure.gravatar.com\/avatar\/2fcdf27c78ea025fbdb44e914cc63c72249ffec9dc8aafd5c82b26240ef3f346?s=96&d=mm&r=g","contentUrl":"https:\/\/secure.gravatar.com\/avatar\/2fcdf27c78ea025fbdb44e914cc63c72249ffec9dc8aafd5c82b26240ef3f346?s=96&d=mm&r=g","caption":"Redazione"},"url":"https:\/\/www.rassegnastampa-totustuus.it\/cattolica\/author\/pietroelle\/"}]}},"_links":{"self":[{"href":"https:\/\/www.rassegnastampa-totustuus.it\/cattolica\/wp-json\/wp\/v2\/posts\/1881","targetHints":{"allow":["GET"]}}],"collection":[{"href":"https:\/\/www.rassegnastampa-totustuus.it\/cattolica\/wp-json\/wp\/v2\/posts"}],"about":[{"href":"https:\/\/www.rassegnastampa-totustuus.it\/cattolica\/wp-json\/wp\/v2\/types\/post"}],"author":[{"embeddable":true,"href":"https:\/\/www.rassegnastampa-totustuus.it\/cattolica\/wp-json\/wp\/v2\/users\/6"}],"replies":[{"embeddable":true,"href":"https:\/\/www.rassegnastampa-totustuus.it\/cattolica\/wp-json\/wp\/v2\/comments?post=1881"}],"version-history":[{"count":4,"href":"https:\/\/www.rassegnastampa-totustuus.it\/cattolica\/wp-json\/wp\/v2\/posts\/1881\/revisions"}],"predecessor-version":[{"id":33654,"href":"https:\/\/www.rassegnastampa-totustuus.it\/cattolica\/wp-json\/wp\/v2\/posts\/1881\/revisions\/33654"}],"wp:featuredmedia":[{"embeddable":true,"href":"https:\/\/www.rassegnastampa-totustuus.it\/cattolica\/wp-json\/wp\/v2\/media\/33653"}],"wp:attachment":[{"href":"https:\/\/www.rassegnastampa-totustuus.it\/cattolica\/wp-json\/wp\/v2\/media?parent=1881"}],"wp:term":[{"taxonomy":"category","embeddable":true,"href":"https:\/\/www.rassegnastampa-totustuus.it\/cattolica\/wp-json\/wp\/v2\/categories?post=1881"},{"taxonomy":"post_tag","embeddable":true,"href":"https:\/\/www.rassegnastampa-totustuus.it\/cattolica\/wp-json\/wp\/v2\/tags?post=1881"}],"curies":[{"name":"wp","href":"https:\/\/api.w.org\/{rel}","templated":true}]}}