{"id":186,"date":"2004-11-19T13:37:09","date_gmt":"2004-11-19T12:37:09","guid":{"rendered":""},"modified":"2025-07-03T18:45:43","modified_gmt":"2025-07-03T16:45:43","slug":"servizio-militare-vocazione-cristiana-e-disciplina","status":"publish","type":"post","link":"https:\/\/www.rassegnastampa-totustuus.it\/cattolica\/servizio-militare-vocazione-cristiana-e-disciplina\/","title":{"rendered":"Servizio militare, vocazione cristiana e disciplina"},"content":{"rendered":"\n<p class=\"has-text-align-center\"><strong><a href=\"https:\/\/alleanzacattolica.org\/indici-della-rivista-cristianita\/\" target=\"_blank\" rel=\"noreferrer noopener\">Cristianit\u00e0<\/a>,<\/strong> 169 (1989)<\/p>\n\n\n\n<p>Discorso improvvisato in occasione della visita alla chiesa del Presidio romano della Cecchignola, del 2-4-1989, in <em>L&#8217;Osservatore Romano<\/em>, 3\/4-4-1989.<\/p>\n\n\n\n<p class=\"has-text-align-center\"><strong>Giovanni Paolo II<\/strong><\/p>\n\n\n\n<!--more-->\n\n\n\n<p><strong>1.<\/strong> La Chiesa \u00e8 Madre e Vergine. Il Concilio, dopo aver affermato che essa \u00e8 madre sul modello di Maria, le attribuisce il titolo di vergine, spiegandone il significato: <em>&#8220;Essa pure \u00e8 la vergine che custodisce integra e pura la fede data allo Sposo, e ad imitazione della madre del suo Signore, con la virt\u00f9 dello Spirito Santo, conserva verginalmente integra la fede, solida la speranza, sincera la carit\u00e0&#8221; <\/em>(<em>LG<\/em>, 64).<\/p>\n\n\n\n<p>Maria \u00e8 dunque modello anche della verginit\u00e0 della Chiesa. A questo proposito occorre precisare che la verginit\u00e0 non appartiene alla Chiesa in senso stretto, poich\u00e9 non rappresenta lo stato di vita della grande maggioranza dei fedeli. Infatti, in virt\u00f9 del provvidenziale disegno divino, \u00e8 la via del matrimonio la condizione pi\u00f9 diffusa, e potremmo dire, comune di quanti sono chiamati alla fede. Il dono della verginit\u00e0 \u00e8 riservato a un numero limitato di fedeli, chiamati ad una particolare missione all\u2019interno della Comunit\u00e0 ecclesiale<strong>.<\/strong><\/p>\n\n\n\n<p>Tuttavia, riferendo la dottrina di sant\u2019Agostino, il Concilio sostiene che la Chiesa \u00e8 vergine in senso spirituale di integrit\u00e0 nella fede, nella speranza e nella carit\u00e0. Pertanto, la Chiesa non \u00e8 vergine nel corpo di tutti i suoi membri, ma possiede la verginit\u00e0 dello spirito (<em>&#8220;virginitas mentis&#8221;<\/em>), cio\u00e8 <em>&#8220;l\u2019integra fede, la solida speranza, la sincera carit\u00e0&#8221; <\/em>( <em>In Io<\/em>. <em>Tr<\/em>. 13, 12, PL 35, 1499).<\/p>\n\n\n\n<p><strong>2.<\/strong> La Costituzione <em>Lumen gentium <\/em>si premura quindi di ricordare che la verginit\u00e0 di Maria, modello di quella della Chiesa, comporta pure la dimensione fisica, per cui Ella concep\u00ec verginalmente Ges\u00f9 per opera dello Spirito Santo, senza intervento d\u2019uomo.<\/p>\n\n\n\n<p>La Costituzione si premura quindi di ricordare che la verginit\u00e0 di Maria, modello di quella della Chiesa, comporta pure la dimensione fisica, per cui Ella concep\u00ec verginalmente Ges\u00f9 per opera dello Spirito Santo, senza intervento d\u2019uomo.<\/p>\n\n\n\n<p>Maria \u00e8 Vergine nel corpo e Vergine nel cuore, come appare dall\u2019intenzione di vivere in profonda intimit\u00e0 con il Signore, decisamente manifestata al momento dell\u2019Annunciazione. Pertanto, Colei che \u00e8 invocata <em>&#8220;Vergine fra le vergini&#8221;<\/em>, costituisce senza dubbio per tutti un altissimo esempio di purezza e di dono totale al Signore. Ma in modo speciale si ispirano a Lei le vergini cristiane e quanti si dedicano in modo radicale ed esclusivo al Signore nelle varie forme della vita consacrata.<\/p>\n\n\n\n<p>Cos\u00ec, dopo avere svolto un ruolo importante nell\u2019opera di salvezza, la verginit\u00e0 di Maria continua ad influire beneficamente sulla vita della Chiesa.<\/p>\n\n\n\n<p><strong>3.<\/strong> Non dimentichiamo che il primo ed eccelso esemplare di ogni vita casta \u00e8 sicuramente Cristo. Maria tuttavia costituisce lo speciale modello della castit\u00e0 vissuta per amore di Ges\u00f9 Signore. Ella incoraggia tutti i cristiani a vivere con particolare impegno la castit\u00e0 secondo il proprio stato, e ad affidarsi al Signore nelle svariate circostanze dell\u2019esistenza. Colei che \u00e8 per eccellenza Santuario dello Spirito Santo, aiuta i credenti a riscoprire il proprio corpo come tempio di Dio (cfr. <em>1 Cor. <\/em>6, 19) ed a rispettarne la nobilt\u00e0 e la santit\u00e0.<\/p>\n\n\n\n<p>Alla Vergine guardano i giovani in ricerca di un amore autentico ed invocano il suo materno aiuto per perseverare nella purezza.<\/p>\n\n\n\n<p>Maria ricorda ai coniugi i valori fondamentali del matrimonio, aiutandoli a superare la tentazione dello scoraggiamento e a dominare le passioni che tentano di assoggettare il loro cuore. La sua totale dedizione a Dio costituisce per loro un forte stimolo a vivere nella reciproca fedelt\u00e0, per non cedere mai alle difficolt\u00e0 che insidiano la comunione coniugale.<\/p>\n\n\n\n<p><strong>4.<\/strong> Il Concilio esorta i fedeli a guardare a Maria, perch\u00e9 ne imitino la fede <em>&#8220;verginalmente integra&#8221;<\/em>, la speranza e la carit\u00e0. Custodire l\u2019integrit\u00e0 della fede rappresenta un compito impegnativo per la Chiesa, chiamata ad una vigilanza costante, anche a costo di sacrifici e di lotte. Infatti, la fede della Chiesa \u00e8 minacciata, non solo da coloro che respingono il messaggio del Vangelo, ma soprattutto da quanti, accogliendo soltanto una parte della verit\u00e0 rivelata, rifiutano di condividere in modo pieno l\u2019intero patrimonio di fede della Sposa di Cristo.<\/p>\n\n\n\n<p>Tale tentazione, che troviamo sin dalle origini della Chiesa, continua purtroppo ad essere presente nella sua vita, spingendola ad accettare solo in parte la Rivelazione o a dare alla Parola di Dio un\u2019interpretazione ristretta e personale, conforme alla mentalit\u00e0 dominante e ai desideri individuali.<\/p>\n\n\n\n<p>Avendo pienamente aderito alla Parola del Signore, Maria costituisce per la Chiesa un insuperabile modello di fede <em>&#8220;verginalmente integra&#8221;<\/em>, che accoglie con docilit\u00e0 e perseveranza tutta intera la Verit\u00e0 rivelata. E con la sua costante intercessione, ottiene alla Chiesa la luce della speranza e la fiamma della carit\u00e0, virt\u00f9 delle quali, nella sua vita terrena, \u00e8 stata per tutti esempio ineguagliabile.<\/p>\n","protected":false},"excerpt":{"rendered":"<p>Cristianit\u00e0, 169 (1989) Discorso improvvisato in occasione della visita alla chiesa del Presidio romano della Cecchignola, del 2-4-1989, in L&#8217;Osservatore Romano, 3\/4-4-1989. Giovanni Paolo II<\/p><p><a class=\"more-link btn\" href=\"https:\/\/www.rassegnastampa-totustuus.it\/cattolica\/servizio-militare-vocazione-cristiana-e-disciplina\/\">Continua a leggere<\/a><\/p>\n","protected":false},"author":6,"featured_media":31137,"comment_status":"closed","ping_status":"open","sticky":false,"template":"","format":"standard","meta":{"footnotes":""},"categories":[6],"tags":[3177],"class_list":["post-186","post","type-post","status-publish","format-standard","has-post-thumbnail","hentry","category-cristiani-e-guerra","tag-servizio-di-leva","item-wrap"],"yoast_head":"<!-- This site is optimized with the Yoast SEO plugin v27.5 - https:\/\/yoast.com\/product\/yoast-seo-wordpress\/ -->\n<title>Servizio militare, vocazione cristiana e disciplina - Rassegna Stampa Cattolica<\/title>\n<meta name=\"description\" content=\"Servizio militare, vocazione cristiana e disciplina; Discorso in occasione della visita alla chiesa del Presidio romano della Cecchignola\" \/>\n<meta name=\"robots\" content=\"index, follow, max-snippet:-1, max-image-preview:large, max-video-preview:-1\" \/>\n<link rel=\"canonical\" href=\"https:\/\/www.rassegnastampa-totustuus.it\/cattolica\/servizio-militare-vocazione-cristiana-e-disciplina\/\" \/>\n<meta property=\"og:locale\" content=\"it_IT\" \/>\n<meta property=\"og:type\" content=\"article\" \/>\n<meta property=\"og:title\" content=\"Servizio militare, vocazione cristiana e disciplina - Rassegna Stampa Cattolica\" \/>\n<meta property=\"og:description\" content=\"Servizio militare, vocazione cristiana e disciplina; Discorso in occasione della visita alla chiesa del Presidio romano della Cecchignola\" \/>\n<meta property=\"og:url\" content=\"https:\/\/www.rassegnastampa-totustuus.it\/cattolica\/servizio-militare-vocazione-cristiana-e-disciplina\/\" \/>\n<meta property=\"og:site_name\" content=\"Rassegna Stampa Cattolica\" \/>\n<meta property=\"article:publisher\" content=\"https:\/\/www.facebook.com\/rassegnastampacattolica\" \/>\n<meta property=\"article:published_time\" content=\"2004-11-19T12:37:09+00:00\" \/>\n<meta property=\"article:modified_time\" content=\"2025-07-03T16:45:43+00:00\" \/>\n<meta property=\"og:image\" content=\"https:\/\/www.rassegnastampa-totustuus.it\/cattolica\/wp-content\/uploads\/2004\/11\/militari_giuramento.jpg\" \/>\n\t<meta property=\"og:image:width\" content=\"275\" \/>\n\t<meta property=\"og:image:height\" content=\"183\" \/>\n\t<meta property=\"og:image:type\" content=\"image\/jpeg\" \/>\n<meta name=\"author\" content=\"Redazione\" \/>\n<meta name=\"twitter:card\" content=\"summary_large_image\" \/>\n<meta name=\"twitter:creator\" content=\"@rassegnastampa9\" \/>\n<meta name=\"twitter:site\" content=\"@rassegnastampa9\" \/>\n<meta name=\"twitter:label1\" content=\"Scritto da\" \/>\n\t<meta name=\"twitter:data1\" content=\"Redazione\" \/>\n\t<meta name=\"twitter:label2\" content=\"Tempo di lettura stimato\" \/>\n\t<meta name=\"twitter:data2\" content=\"5 minuti\" \/>\n<script type=\"application\/ld+json\" class=\"yoast-schema-graph\">{\"@context\":\"https:\\\/\\\/schema.org\",\"@graph\":[{\"@type\":\"Article\",\"@id\":\"https:\\\/\\\/www.rassegnastampa-totustuus.it\\\/cattolica\\\/servizio-militare-vocazione-cristiana-e-disciplina\\\/#article\",\"isPartOf\":{\"@id\":\"https:\\\/\\\/www.rassegnastampa-totustuus.it\\\/cattolica\\\/servizio-militare-vocazione-cristiana-e-disciplina\\\/\"},\"author\":{\"name\":\"Redazione\",\"@id\":\"https:\\\/\\\/www.rassegnastampa-totustuus.it\\\/cattolica\\\/#\\\/schema\\\/person\\\/08f319d2bd1a0904ad9e2bfb7b15e5c3\"},\"headline\":\"Servizio militare, vocazione cristiana e disciplina\",\"datePublished\":\"2004-11-19T12:37:09+00:00\",\"dateModified\":\"2025-07-03T16:45:43+00:00\",\"mainEntityOfPage\":{\"@id\":\"https:\\\/\\\/www.rassegnastampa-totustuus.it\\\/cattolica\\\/servizio-militare-vocazione-cristiana-e-disciplina\\\/\"},\"wordCount\":770,\"publisher\":{\"@id\":\"https:\\\/\\\/www.rassegnastampa-totustuus.it\\\/cattolica\\\/#organization\"},\"image\":{\"@id\":\"https:\\\/\\\/www.rassegnastampa-totustuus.it\\\/cattolica\\\/servizio-militare-vocazione-cristiana-e-disciplina\\\/#primaryimage\"},\"thumbnailUrl\":\"https:\\\/\\\/www.rassegnastampa-totustuus.it\\\/cattolica\\\/wp-content\\\/uploads\\\/2004\\\/11\\\/militari_giuramento.jpg\",\"keywords\":[\"servizio di leva\"],\"articleSection\":[\"Cristiani e guerra\"],\"inLanguage\":\"it-IT\"},{\"@type\":\"WebPage\",\"@id\":\"https:\\\/\\\/www.rassegnastampa-totustuus.it\\\/cattolica\\\/servizio-militare-vocazione-cristiana-e-disciplina\\\/\",\"url\":\"https:\\\/\\\/www.rassegnastampa-totustuus.it\\\/cattolica\\\/servizio-militare-vocazione-cristiana-e-disciplina\\\/\",\"name\":\"Servizio militare, vocazione cristiana e disciplina - Rassegna Stampa Cattolica\",\"isPartOf\":{\"@id\":\"https:\\\/\\\/www.rassegnastampa-totustuus.it\\\/cattolica\\\/#website\"},\"primaryImageOfPage\":{\"@id\":\"https:\\\/\\\/www.rassegnastampa-totustuus.it\\\/cattolica\\\/servizio-militare-vocazione-cristiana-e-disciplina\\\/#primaryimage\"},\"image\":{\"@id\":\"https:\\\/\\\/www.rassegnastampa-totustuus.it\\\/cattolica\\\/servizio-militare-vocazione-cristiana-e-disciplina\\\/#primaryimage\"},\"thumbnailUrl\":\"https:\\\/\\\/www.rassegnastampa-totustuus.it\\\/cattolica\\\/wp-content\\\/uploads\\\/2004\\\/11\\\/militari_giuramento.jpg\",\"datePublished\":\"2004-11-19T12:37:09+00:00\",\"dateModified\":\"2025-07-03T16:45:43+00:00\",\"description\":\"Servizio militare, vocazione cristiana e disciplina; Discorso in occasione della visita alla chiesa del Presidio romano della Cecchignola\",\"breadcrumb\":{\"@id\":\"https:\\\/\\\/www.rassegnastampa-totustuus.it\\\/cattolica\\\/servizio-militare-vocazione-cristiana-e-disciplina\\\/#breadcrumb\"},\"inLanguage\":\"it-IT\",\"potentialAction\":[{\"@type\":\"ReadAction\",\"target\":[\"https:\\\/\\\/www.rassegnastampa-totustuus.it\\\/cattolica\\\/servizio-militare-vocazione-cristiana-e-disciplina\\\/\"]}]},{\"@type\":\"ImageObject\",\"inLanguage\":\"it-IT\",\"@id\":\"https:\\\/\\\/www.rassegnastampa-totustuus.it\\\/cattolica\\\/servizio-militare-vocazione-cristiana-e-disciplina\\\/#primaryimage\",\"url\":\"https:\\\/\\\/www.rassegnastampa-totustuus.it\\\/cattolica\\\/wp-content\\\/uploads\\\/2004\\\/11\\\/militari_giuramento.jpg\",\"contentUrl\":\"https:\\\/\\\/www.rassegnastampa-totustuus.it\\\/cattolica\\\/wp-content\\\/uploads\\\/2004\\\/11\\\/militari_giuramento.jpg\",\"width\":275,\"height\":183},{\"@type\":\"BreadcrumbList\",\"@id\":\"https:\\\/\\\/www.rassegnastampa-totustuus.it\\\/cattolica\\\/servizio-militare-vocazione-cristiana-e-disciplina\\\/#breadcrumb\",\"itemListElement\":[{\"@type\":\"ListItem\",\"position\":1,\"name\":\"Home\",\"item\":\"https:\\\/\\\/www.rassegnastampa-totustuus.it\\\/cattolica\\\/\"},{\"@type\":\"ListItem\",\"position\":2,\"name\":\"Servizio militare, vocazione cristiana e disciplina\"}]},{\"@type\":\"WebSite\",\"@id\":\"https:\\\/\\\/www.rassegnastampa-totustuus.it\\\/cattolica\\\/#website\",\"url\":\"https:\\\/\\\/www.rassegnastampa-totustuus.it\\\/cattolica\\\/\",\"name\":\"Rassegna Stampa Cattolica\",\"description\":\"Per una cultura che nasce dalla Rivelazione cristiana in conformit\u00e0 alla tradizione e al Magistero della Chiesa in opposizione ad ogni relativismo e totalitarismo\",\"publisher\":{\"@id\":\"https:\\\/\\\/www.rassegnastampa-totustuus.it\\\/cattolica\\\/#organization\"},\"alternateName\":\"Rass. Cattolica\",\"potentialAction\":[{\"@type\":\"SearchAction\",\"target\":{\"@type\":\"EntryPoint\",\"urlTemplate\":\"https:\\\/\\\/www.rassegnastampa-totustuus.it\\\/cattolica\\\/?s={search_term_string}\"},\"query-input\":{\"@type\":\"PropertyValueSpecification\",\"valueRequired\":true,\"valueName\":\"search_term_string\"}}],\"inLanguage\":\"it-IT\"},{\"@type\":\"Organization\",\"@id\":\"https:\\\/\\\/www.rassegnastampa-totustuus.it\\\/cattolica\\\/#organization\",\"name\":\"Rassegna Stampa Cattolica\",\"url\":\"https:\\\/\\\/www.rassegnastampa-totustuus.it\\\/cattolica\\\/\",\"logo\":{\"@type\":\"ImageObject\",\"inLanguage\":\"it-IT\",\"@id\":\"https:\\\/\\\/www.rassegnastampa-totustuus.it\\\/cattolica\\\/#\\\/schema\\\/logo\\\/image\\\/\",\"url\":\"https:\\\/\\\/www.rassegnastampa-totustuus.it\\\/cattolica\\\/wp-content\\\/uploads\\\/2014\\\/04\\\/logo-rassegna1.gif\",\"contentUrl\":\"https:\\\/\\\/www.rassegnastampa-totustuus.it\\\/cattolica\\\/wp-content\\\/uploads\\\/2014\\\/04\\\/logo-rassegna1.gif\",\"width\":600,\"height\":163,\"caption\":\"Rassegna Stampa Cattolica\"},\"image\":{\"@id\":\"https:\\\/\\\/www.rassegnastampa-totustuus.it\\\/cattolica\\\/#\\\/schema\\\/logo\\\/image\\\/\"},\"sameAs\":[\"https:\\\/\\\/www.facebook.com\\\/rassegnastampacattolica\",\"https:\\\/\\\/x.com\\\/rassegnastampa9\"]},{\"@type\":\"Person\",\"@id\":\"https:\\\/\\\/www.rassegnastampa-totustuus.it\\\/cattolica\\\/#\\\/schema\\\/person\\\/08f319d2bd1a0904ad9e2bfb7b15e5c3\",\"name\":\"Redazione\",\"image\":{\"@type\":\"ImageObject\",\"inLanguage\":\"it-IT\",\"@id\":\"https:\\\/\\\/secure.gravatar.com\\\/avatar\\\/2fcdf27c78ea025fbdb44e914cc63c72249ffec9dc8aafd5c82b26240ef3f346?s=96&d=mm&r=g\",\"url\":\"https:\\\/\\\/secure.gravatar.com\\\/avatar\\\/2fcdf27c78ea025fbdb44e914cc63c72249ffec9dc8aafd5c82b26240ef3f346?s=96&d=mm&r=g\",\"contentUrl\":\"https:\\\/\\\/secure.gravatar.com\\\/avatar\\\/2fcdf27c78ea025fbdb44e914cc63c72249ffec9dc8aafd5c82b26240ef3f346?s=96&d=mm&r=g\",\"caption\":\"Redazione\"},\"url\":\"https:\\\/\\\/www.rassegnastampa-totustuus.it\\\/cattolica\\\/author\\\/pietroelle\\\/\"}]}<\/script>\n<!-- \/ Yoast SEO plugin. -->","yoast_head_json":{"title":"Servizio militare, vocazione cristiana e disciplina - Rassegna Stampa Cattolica","description":"Servizio militare, vocazione cristiana e disciplina; Discorso in occasione della visita alla chiesa del Presidio romano della Cecchignola","robots":{"index":"index","follow":"follow","max-snippet":"max-snippet:-1","max-image-preview":"max-image-preview:large","max-video-preview":"max-video-preview:-1"},"canonical":"https:\/\/www.rassegnastampa-totustuus.it\/cattolica\/servizio-militare-vocazione-cristiana-e-disciplina\/","og_locale":"it_IT","og_type":"article","og_title":"Servizio militare, vocazione cristiana e disciplina - Rassegna Stampa Cattolica","og_description":"Servizio militare, vocazione cristiana e disciplina; Discorso in occasione della visita alla chiesa del Presidio romano della Cecchignola","og_url":"https:\/\/www.rassegnastampa-totustuus.it\/cattolica\/servizio-militare-vocazione-cristiana-e-disciplina\/","og_site_name":"Rassegna Stampa Cattolica","article_publisher":"https:\/\/www.facebook.com\/rassegnastampacattolica","article_published_time":"2004-11-19T12:37:09+00:00","article_modified_time":"2025-07-03T16:45:43+00:00","og_image":[{"width":275,"height":183,"url":"https:\/\/www.rassegnastampa-totustuus.it\/cattolica\/wp-content\/uploads\/2004\/11\/militari_giuramento.jpg","type":"image\/jpeg"}],"author":"Redazione","twitter_card":"summary_large_image","twitter_creator":"@rassegnastampa9","twitter_site":"@rassegnastampa9","twitter_misc":{"Scritto da":"Redazione","Tempo di lettura stimato":"5 minuti"},"schema":{"@context":"https:\/\/schema.org","@graph":[{"@type":"Article","@id":"https:\/\/www.rassegnastampa-totustuus.it\/cattolica\/servizio-militare-vocazione-cristiana-e-disciplina\/#article","isPartOf":{"@id":"https:\/\/www.rassegnastampa-totustuus.it\/cattolica\/servizio-militare-vocazione-cristiana-e-disciplina\/"},"author":{"name":"Redazione","@id":"https:\/\/www.rassegnastampa-totustuus.it\/cattolica\/#\/schema\/person\/08f319d2bd1a0904ad9e2bfb7b15e5c3"},"headline":"Servizio militare, vocazione cristiana e disciplina","datePublished":"2004-11-19T12:37:09+00:00","dateModified":"2025-07-03T16:45:43+00:00","mainEntityOfPage":{"@id":"https:\/\/www.rassegnastampa-totustuus.it\/cattolica\/servizio-militare-vocazione-cristiana-e-disciplina\/"},"wordCount":770,"publisher":{"@id":"https:\/\/www.rassegnastampa-totustuus.it\/cattolica\/#organization"},"image":{"@id":"https:\/\/www.rassegnastampa-totustuus.it\/cattolica\/servizio-militare-vocazione-cristiana-e-disciplina\/#primaryimage"},"thumbnailUrl":"https:\/\/www.rassegnastampa-totustuus.it\/cattolica\/wp-content\/uploads\/2004\/11\/militari_giuramento.jpg","keywords":["servizio di leva"],"articleSection":["Cristiani e guerra"],"inLanguage":"it-IT"},{"@type":"WebPage","@id":"https:\/\/www.rassegnastampa-totustuus.it\/cattolica\/servizio-militare-vocazione-cristiana-e-disciplina\/","url":"https:\/\/www.rassegnastampa-totustuus.it\/cattolica\/servizio-militare-vocazione-cristiana-e-disciplina\/","name":"Servizio militare, vocazione cristiana e disciplina - Rassegna Stampa Cattolica","isPartOf":{"@id":"https:\/\/www.rassegnastampa-totustuus.it\/cattolica\/#website"},"primaryImageOfPage":{"@id":"https:\/\/www.rassegnastampa-totustuus.it\/cattolica\/servizio-militare-vocazione-cristiana-e-disciplina\/#primaryimage"},"image":{"@id":"https:\/\/www.rassegnastampa-totustuus.it\/cattolica\/servizio-militare-vocazione-cristiana-e-disciplina\/#primaryimage"},"thumbnailUrl":"https:\/\/www.rassegnastampa-totustuus.it\/cattolica\/wp-content\/uploads\/2004\/11\/militari_giuramento.jpg","datePublished":"2004-11-19T12:37:09+00:00","dateModified":"2025-07-03T16:45:43+00:00","description":"Servizio militare, vocazione cristiana e disciplina; Discorso in occasione della visita alla chiesa del Presidio romano della Cecchignola","breadcrumb":{"@id":"https:\/\/www.rassegnastampa-totustuus.it\/cattolica\/servizio-militare-vocazione-cristiana-e-disciplina\/#breadcrumb"},"inLanguage":"it-IT","potentialAction":[{"@type":"ReadAction","target":["https:\/\/www.rassegnastampa-totustuus.it\/cattolica\/servizio-militare-vocazione-cristiana-e-disciplina\/"]}]},{"@type":"ImageObject","inLanguage":"it-IT","@id":"https:\/\/www.rassegnastampa-totustuus.it\/cattolica\/servizio-militare-vocazione-cristiana-e-disciplina\/#primaryimage","url":"https:\/\/www.rassegnastampa-totustuus.it\/cattolica\/wp-content\/uploads\/2004\/11\/militari_giuramento.jpg","contentUrl":"https:\/\/www.rassegnastampa-totustuus.it\/cattolica\/wp-content\/uploads\/2004\/11\/militari_giuramento.jpg","width":275,"height":183},{"@type":"BreadcrumbList","@id":"https:\/\/www.rassegnastampa-totustuus.it\/cattolica\/servizio-militare-vocazione-cristiana-e-disciplina\/#breadcrumb","itemListElement":[{"@type":"ListItem","position":1,"name":"Home","item":"https:\/\/www.rassegnastampa-totustuus.it\/cattolica\/"},{"@type":"ListItem","position":2,"name":"Servizio militare, vocazione cristiana e disciplina"}]},{"@type":"WebSite","@id":"https:\/\/www.rassegnastampa-totustuus.it\/cattolica\/#website","url":"https:\/\/www.rassegnastampa-totustuus.it\/cattolica\/","name":"Rassegna Stampa Cattolica","description":"Per una cultura che nasce dalla Rivelazione cristiana in conformit\u00e0 alla tradizione e al Magistero della Chiesa in opposizione ad ogni relativismo e totalitarismo","publisher":{"@id":"https:\/\/www.rassegnastampa-totustuus.it\/cattolica\/#organization"},"alternateName":"Rass. Cattolica","potentialAction":[{"@type":"SearchAction","target":{"@type":"EntryPoint","urlTemplate":"https:\/\/www.rassegnastampa-totustuus.it\/cattolica\/?s={search_term_string}"},"query-input":{"@type":"PropertyValueSpecification","valueRequired":true,"valueName":"search_term_string"}}],"inLanguage":"it-IT"},{"@type":"Organization","@id":"https:\/\/www.rassegnastampa-totustuus.it\/cattolica\/#organization","name":"Rassegna Stampa Cattolica","url":"https:\/\/www.rassegnastampa-totustuus.it\/cattolica\/","logo":{"@type":"ImageObject","inLanguage":"it-IT","@id":"https:\/\/www.rassegnastampa-totustuus.it\/cattolica\/#\/schema\/logo\/image\/","url":"https:\/\/www.rassegnastampa-totustuus.it\/cattolica\/wp-content\/uploads\/2014\/04\/logo-rassegna1.gif","contentUrl":"https:\/\/www.rassegnastampa-totustuus.it\/cattolica\/wp-content\/uploads\/2014\/04\/logo-rassegna1.gif","width":600,"height":163,"caption":"Rassegna Stampa Cattolica"},"image":{"@id":"https:\/\/www.rassegnastampa-totustuus.it\/cattolica\/#\/schema\/logo\/image\/"},"sameAs":["https:\/\/www.facebook.com\/rassegnastampacattolica","https:\/\/x.com\/rassegnastampa9"]},{"@type":"Person","@id":"https:\/\/www.rassegnastampa-totustuus.it\/cattolica\/#\/schema\/person\/08f319d2bd1a0904ad9e2bfb7b15e5c3","name":"Redazione","image":{"@type":"ImageObject","inLanguage":"it-IT","@id":"https:\/\/secure.gravatar.com\/avatar\/2fcdf27c78ea025fbdb44e914cc63c72249ffec9dc8aafd5c82b26240ef3f346?s=96&d=mm&r=g","url":"https:\/\/secure.gravatar.com\/avatar\/2fcdf27c78ea025fbdb44e914cc63c72249ffec9dc8aafd5c82b26240ef3f346?s=96&d=mm&r=g","contentUrl":"https:\/\/secure.gravatar.com\/avatar\/2fcdf27c78ea025fbdb44e914cc63c72249ffec9dc8aafd5c82b26240ef3f346?s=96&d=mm&r=g","caption":"Redazione"},"url":"https:\/\/www.rassegnastampa-totustuus.it\/cattolica\/author\/pietroelle\/"}]}},"_links":{"self":[{"href":"https:\/\/www.rassegnastampa-totustuus.it\/cattolica\/wp-json\/wp\/v2\/posts\/186","targetHints":{"allow":["GET"]}}],"collection":[{"href":"https:\/\/www.rassegnastampa-totustuus.it\/cattolica\/wp-json\/wp\/v2\/posts"}],"about":[{"href":"https:\/\/www.rassegnastampa-totustuus.it\/cattolica\/wp-json\/wp\/v2\/types\/post"}],"author":[{"embeddable":true,"href":"https:\/\/www.rassegnastampa-totustuus.it\/cattolica\/wp-json\/wp\/v2\/users\/6"}],"replies":[{"embeddable":true,"href":"https:\/\/www.rassegnastampa-totustuus.it\/cattolica\/wp-json\/wp\/v2\/comments?post=186"}],"version-history":[{"count":4,"href":"https:\/\/www.rassegnastampa-totustuus.it\/cattolica\/wp-json\/wp\/v2\/posts\/186\/revisions"}],"predecessor-version":[{"id":62863,"href":"https:\/\/www.rassegnastampa-totustuus.it\/cattolica\/wp-json\/wp\/v2\/posts\/186\/revisions\/62863"}],"wp:featuredmedia":[{"embeddable":true,"href":"https:\/\/www.rassegnastampa-totustuus.it\/cattolica\/wp-json\/wp\/v2\/media\/31137"}],"wp:attachment":[{"href":"https:\/\/www.rassegnastampa-totustuus.it\/cattolica\/wp-json\/wp\/v2\/media?parent=186"}],"wp:term":[{"taxonomy":"category","embeddable":true,"href":"https:\/\/www.rassegnastampa-totustuus.it\/cattolica\/wp-json\/wp\/v2\/categories?post=186"},{"taxonomy":"post_tag","embeddable":true,"href":"https:\/\/www.rassegnastampa-totustuus.it\/cattolica\/wp-json\/wp\/v2\/tags?post=186"}],"curies":[{"name":"wp","href":"https:\/\/api.w.org\/{rel}","templated":true}]}}