{"id":1845,"date":"2006-02-03T00:00:00","date_gmt":"2006-02-02T23:00:00","guid":{"rendered":""},"modified":"2016-07-13T12:06:10","modified_gmt":"2016-07-13T10:06:10","slug":"limitare-i-figli-e-un-dovere-di-noi-genitori","status":"publish","type":"post","link":"https:\/\/www.rassegnastampa-totustuus.it\/cattolica\/limitare-i-figli-e-un-dovere-di-noi-genitori\/","title":{"rendered":"Limitare i figli? E &#8216; un dovere di noi genitori"},"content":{"rendered":"<div style=\"text-align: center;\"><strong><img loading=\"lazy\" decoding=\"async\" class=\"alignright wp-image-35967\" src=\"https:\/\/www.rassegnastampa-totustuus.it\/cattolica\/wp-content\/uploads\/2006\/02\/genitore.jpg\" alt=\"genitore\" width=\"250\" height=\"152\" \/>La Stampa<\/strong> 27 gennaio 2006<\/div>\n<p style=\"text-align: justify;\"><em>Tolleranti, liberali, mollaccioni, abbiamo paura di imporre regole: un libro di don Giussani sul rischio di educare<\/em><\/p>\n<p style=\"text-align: center;\"><strong>Paola Mastrocola<\/strong><\/p>\n<p><!--more--><\/p>\n<div style=\"text-align: justify;\">CIRCA due mesi fa \u00e8 apparso su alcuni quotidiani un appello sull&#8217; educazione. Era nato sull&#8217;onda del meeting settembrino di CL a Rimini, \u00e8 firmato da intellettuali, giornalisti, scrittori, docenti, scienziati, imprenditori, e ora continua pi\u00f9 o meno visibilmente a girare raccogliendo altre firme.<\/div>\n<p style=\"text-align: justify;\">Al centro c&#8217;\u00e8 il libro di don Giussani. <em>II rischio educativo<\/em>, ripubblicato di recente e presentato in varie citt\u00e0 d&#8217;Italia. Messaggio fondamentale dell&#8217;appello \u00e8 che oggi sia \u00abin crisi la capacit\u00e0 di una generazione di adulti di educare i propri figli\u00bb, e che si tratti di una vera e propria emergenza nazionale, ancor pi\u00f9 grave di quella politica ed economica.<\/p>\n<p style=\"text-align: justify;\">Credo che la maggioranza di noi resti allibita e incredula davanti ad affermazioni simili: ma come, l&#8217;educazione \u00e8 un problema? ma quando mai? Se chiedessero a un campione di noi genitori se stiamo o no educando i nostri figli, quasi tutti risponderemmo in coro: ma s\u00ec, certo.<\/p>\n<p style=\"text-align: justify;\">Penso che abbiamo dell&#8217;educazione un&#8217;idea un po&#8217; vaga, e anche bifronte; da un lato, pensiamo che si tratti solo di insegnare ai figli due o tre cosucce quali proferire qualche strascicato buongiorno e buona-sera, lavarsi i denti e non mettersi le dita nel naso in pubblico; dall&#8217;altro lato, la parola educazione ci suscita immagini truculente, tipo padri feroci che picchiano i figli o anche solo li mandano a letto senza cena. Insomma, per noi l&#8217;educazione o \u00e8 una irrilevante questione formale oppure \u00e8 un macigno di crudelt\u00e0 e quindi la aborriamo come la peste.<\/p>\n<p style=\"text-align: justify;\">Il\u00a0clima postsessantottino, in cui viviamo immersi da circa quarant&#8217;anni e che sembra destinato a durare altri quaranta, non aiuta, impedendoci di vedere alcunch\u00e9 di buono nelle parola educazione. L&#8217;abbiamo per sempre associata a parole &#8220;brutte&#8221; quali autorit\u00e0, autoritarismo, antidemocratico, illiberale, repressivo. Insomma, pare molto scorretto oggi educare un figlio. Fare un gesto violento e autoritario, che limita fortemente la libert\u00e0 del giovane, la sua crescita autonoma e il suo cosiddetto percorso ulteriore. E noi genitori oggi, va da s\u00e9, mai vorremmo in alcun modo limitare un figlio.<\/p>\n<p style=\"text-align: justify;\">E pensare che la parola educazione, di per s\u00e9, e cos\u00ec innocente! Se guardiamo alla sua etimologia, viene da <em>e-ducere<\/em> e vuoi dire condurre via, condurre fuori da. C&#8217;\u00e8 l&#8217;idea di fare uscire, portare all&#8217;aperto. E per far ci\u00f2, certo, bisognerebbe indicare, proporre, forse anche imporre, una via. Ohib\u00f2, e perch\u00e9 mai addirittura imporre? leveranno qui gli scudi alcuni. Semplice: perch\u00e9 se a noi adulti sembra buona una certa via, \u00e8 naturale che vorremmo che nostro figlio la prendesse.<\/p>\n<p style=\"text-align: justify;\">E gliela vorremo indicare con forza, cio\u00e8 anche forzandolo un po&#8217;, almeno all&#8217;inizio. E perch\u00e9 mai faremmo tale violenza a nostro figlio? Perch\u00e9 abbiamo una convinzione. Una convinzione che rischiara cos\u00ec tanto la nostra vita e la fornisce di un senso, che vogliamo condividerla con nostro figlio, vogliamo passargliela, perch\u00e9 illumini anche la sua vita.<\/p>\n<p style=\"text-align: justify;\">Arbitrario, autoritario, violento? Pu\u00f2 darsi. Ma \u00e8 qui che ci soccorre il libro di don Giussani. Non so se senza quell&#8217;appello l&#8217;avrei mai letto (non sono particolarmente legata al mondo cattolico&#8230;). E non so se l&#8217;ho capito nella sua vera essenza. Ma mi piace moltissimo l&#8217;idea che educare voglia dire prendersi un rischio, che l&#8217;adulto indichi con forza una via, ma poi accetti il rischio che il figlio non la scelga, che ne prenda un&#8217;altra tutta diversa.<\/p>\n<p style=\"text-align: justify;\">E&#8217; qui che viene tutelato, anzi, esaltato l&#8217;aspetto democratico dell&#8217; educazione. L&#8217;adulto deve rischiare di essere perdente. Non importa, avr\u00e0 comunque passato al figlio l&#8217;idea che esiste qualcuno che crede in qualcosa, a tal punto da volere che altri ne seguano l&#8217;esempio. Questa \u00e8 l&#8217;idea forte che passer\u00e0 al giovane: che ci sono passioni, preferenze, convinzioni, e che non \u00e8 sempre tutto uguale, intercambiabile, opinabile, indifferente.<\/p>\n<p style=\"text-align: justify;\">Credo che il libro di don Giussani dovrebbero leggerlo proprio i laici. E anche gli intellettuali, e le persone molto colte, e le classi molto alte, e la gente di sinistra soprattutto se ha fatto il sessantotto. Non vorrei mai che il problema educativo interessasse quasi esclusivamente i cattolici, oppure in generale le famiglie che sfortunatamente sono meno agiate, meno colte e vivono in un mondo arretrato di qualche decina d&#8217;anni: mi sembra a volte qua e l\u00e0 di aver notato proprio questo, e cio\u00e8 che solo gli appartenenti a tali categorie sono ancora in grado di sgridare un figlio, persino di punirlo o premiarlo, e di indicargli fortemente la via, esigendo (esigendo!) moltissimo da lui.<\/p>\n<p style=\"text-align: justify;\">A costoro non fa tutto uguale, e non hanno paura di limitare un figlio. Se vedono che fa una cosa che secondo loro \u00e8 sbagliata, gli vietano di farla, tutto qui.<\/p>\n<p style=\"text-align: justify;\">Noi invece tanto colti, laici, di sinistra, noi postsessantotto, postdiluvio, postdatati, postdottori, nonch\u00e9 postumi di noi stessi, ci siamo autoimmobilizzati: non battiamo palpebra di fronte al figlio che non studia, non lavora, non rientra a casa (a un&#8217;ora decente), non aiuta, non legge. Siamo&#8230; rispettosi delle sue scelte, e orgogliosi di non <em>limitarlo<\/em>.<\/p>\n<p style=\"text-align: justify;\">Certo, c&#8217;\u00e8 un piccolo problemino che soggiace a tutto questo discorso bisognerebbe, per educare, sapere almeno in linea di massima che cosa \u00e8 giusto e che cosa e sbagliato e quali sono le vie buone dove vorremmo condurre i nostri figli: ma questo \u00e8 esattamente quel che non sappiamo pi\u00f9, e questa e esattamente la sfida che ci attende.<\/p>\n<p style=\"text-align: justify;\">Siamo lontani persi no dalla certezza pur negativa del montaliano \u00absolo questo oggi possiamo dirti: ci\u00f2 che non siamo, ci\u00f2 che non vogliamo\u00bb. Non sappiamo pi\u00f9 niente, e rimaniamo immobilizzati e dubbiosi. Confusamente sentiamo che non \u00e8 bello che i nostri figli passino il pomeriggio davanti a un videogioco dove il marine trucida il vietcong: non ci piace, non vorremmo che lo facessero, ma non sappiamo bene in nome di quale principio assoluto e condiviso vietarlo.<\/p>\n<p style=\"text-align: justify;\">Inoltre non vogliamo per nulla incrinare la felice beatitudine dei nostri\u00a0 figli, creando motivi di scontro: lavoriamo lutto il giorno, torniamo a casa stanchi morti e ci affaticherebbe non poco combattere e difendere strenuamente le nostre idee; pi\u00f9 comodo\u00a0 abbandonare le mucche al pascolo. Infine, cosi fan tutti&#8230; Dunque, per queste<\/p>\n<p style=\"text-align: justify;\">tre ragioni, se anche &#8211; forzandoci molto &#8211; riusciamo a dare regole e divieti, sono regole e divieti molli, che non hanno dietro niente, nessuna ragione che li motivi. Regole e divieti di cartapesta, come un set di Cinecitt\u00e0. Al massimo, difronte al figlio che si inanella naso orecchie e ombelico, osiamo dire: preferirei di no. Come il famoso scrivano Bartleby&#8230; E cosi approdiamo a quella che mi pare oggi la filosofia trionfante, quella del <em>laisser faire<\/em>. Lasciamo fare, e speriamo che passi. Come l&#8217;influenza.<\/p>\n<p style=\"text-align: justify;\">Mi viene da pensare a Fetonte. Se suo padre, niente meno che il dio Sole, avesse rifiutato d i fargli guidare il carro infuocato, Fetonte sarebbe ancora vivo. Doveva impedirglielo: il figlio era giovane, inesperto, e quel carro troppo pericoloso. Ma tant&#8217;\u00e8, n andata cosi e Fetonte, fulminato da Zeus, \u00e8 precipitato nel Po.<\/p>\n<p style=\"text-align: justify;\">A futura memoria. La domanda ora \u00e8 questa, a cui rispondere crocettando la casella giusta: il dio Sole \u00e8 stato a) un padre debole: e vigliacco, b) un uomo (un dio!) mirabilmente liberale, oppure e) semplicemente <em>politically corract?<\/em><\/p>\n","protected":false},"excerpt":{"rendered":"<p>La Stampa 27 gennaio 2006 Tolleranti, liberali, mollaccioni, abbiamo paura di imporre regole: un libro di don Giussani sul rischio di educare Paola Mastrocola<\/p><p><a class=\"more-link btn\" href=\"https:\/\/www.rassegnastampa-totustuus.it\/cattolica\/limitare-i-figli-e-un-dovere-di-noi-genitori\/\">Continua a leggere<\/a><\/p>\n","protected":false},"author":6,"featured_media":35967,"comment_status":"closed","ping_status":"open","sticky":false,"template":"","format":"standard","meta":{"footnotes":""},"categories":[23],"tags":[234],"class_list":["post-1845","post","type-post","status-publish","format-standard","has-post-thumbnail","hentry","category-scuola-ed-educazione","tag-educazione","item-wrap"],"yoast_head":"<!-- This site is optimized with the Yoast SEO plugin v27.4 - https:\/\/yoast.com\/product\/yoast-seo-wordpress\/ -->\n<title>Limitare i figli? E &#039; un dovere di noi genitori - Rassegna Stampa Cattolica<\/title>\n<meta name=\"description\" content=\"Rassegna Stampa Cattolica - Per una cultura che nasce dalla Rivelazione cristiana in conformit\u00e0 alla tradizione e al Magistero della Chiesa in opposizione ad ogni relativismo e totalitarismo\" \/>\n<meta name=\"robots\" content=\"index, follow, max-snippet:-1, max-image-preview:large, max-video-preview:-1\" \/>\n<link rel=\"canonical\" href=\"https:\/\/www.rassegnastampa-totustuus.it\/cattolica\/limitare-i-figli-e-un-dovere-di-noi-genitori\/\" \/>\n<meta property=\"og:locale\" content=\"it_IT\" \/>\n<meta property=\"og:type\" content=\"article\" \/>\n<meta property=\"og:title\" content=\"Limitare i figli? E &#039; un dovere di noi genitori - Rassegna Stampa Cattolica\" \/>\n<meta property=\"og:description\" content=\"Rassegna Stampa Cattolica - Per una cultura che nasce dalla Rivelazione cristiana in conformit\u00e0 alla tradizione e al Magistero della Chiesa in opposizione ad ogni relativismo e totalitarismo\" \/>\n<meta property=\"og:url\" content=\"https:\/\/www.rassegnastampa-totustuus.it\/cattolica\/limitare-i-figli-e-un-dovere-di-noi-genitori\/\" \/>\n<meta property=\"og:site_name\" content=\"Rassegna Stampa Cattolica\" \/>\n<meta property=\"article:publisher\" content=\"https:\/\/www.facebook.com\/rassegnastampacattolica\" \/>\n<meta property=\"article:published_time\" content=\"2006-02-02T23:00:00+00:00\" \/>\n<meta property=\"article:modified_time\" content=\"2016-07-13T10:06:10+00:00\" \/>\n<meta property=\"og:image\" content=\"https:\/\/www.rassegnastampa-totustuus.it\/cattolica\/wp-content\/uploads\/2006\/02\/genitore.jpg\" \/>\n\t<meta property=\"og:image:width\" content=\"288\" \/>\n\t<meta property=\"og:image:height\" content=\"175\" \/>\n\t<meta property=\"og:image:type\" content=\"image\/jpeg\" \/>\n<meta name=\"author\" content=\"Redazione\" \/>\n<meta name=\"twitter:card\" content=\"summary_large_image\" \/>\n<meta name=\"twitter:creator\" content=\"@rassegnastampa9\" \/>\n<meta name=\"twitter:site\" content=\"@rassegnastampa9\" \/>\n<meta name=\"twitter:label1\" content=\"Scritto da\" \/>\n\t<meta name=\"twitter:data1\" content=\"Redazione\" \/>\n\t<meta name=\"twitter:label2\" content=\"Tempo di lettura stimato\" \/>\n\t<meta name=\"twitter:data2\" content=\"6 minuti\" \/>\n<script type=\"application\/ld+json\" class=\"yoast-schema-graph\">{\"@context\":\"https:\\\/\\\/schema.org\",\"@graph\":[{\"@type\":\"Article\",\"@id\":\"https:\\\/\\\/www.rassegnastampa-totustuus.it\\\/cattolica\\\/limitare-i-figli-e-un-dovere-di-noi-genitori\\\/#article\",\"isPartOf\":{\"@id\":\"https:\\\/\\\/www.rassegnastampa-totustuus.it\\\/cattolica\\\/limitare-i-figli-e-un-dovere-di-noi-genitori\\\/\"},\"author\":{\"name\":\"Redazione\",\"@id\":\"https:\\\/\\\/www.rassegnastampa-totustuus.it\\\/cattolica\\\/#\\\/schema\\\/person\\\/08f319d2bd1a0904ad9e2bfb7b15e5c3\"},\"headline\":\"Limitare i figli? E &#8216; un dovere di noi genitori\",\"datePublished\":\"2006-02-02T23:00:00+00:00\",\"dateModified\":\"2016-07-13T10:06:10+00:00\",\"mainEntityOfPage\":{\"@id\":\"https:\\\/\\\/www.rassegnastampa-totustuus.it\\\/cattolica\\\/limitare-i-figli-e-un-dovere-di-noi-genitori\\\/\"},\"wordCount\":1214,\"publisher\":{\"@id\":\"https:\\\/\\\/www.rassegnastampa-totustuus.it\\\/cattolica\\\/#organization\"},\"image\":{\"@id\":\"https:\\\/\\\/www.rassegnastampa-totustuus.it\\\/cattolica\\\/limitare-i-figli-e-un-dovere-di-noi-genitori\\\/#primaryimage\"},\"thumbnailUrl\":\"https:\\\/\\\/www.rassegnastampa-totustuus.it\\\/cattolica\\\/wp-content\\\/uploads\\\/2006\\\/02\\\/genitore.jpg\",\"keywords\":[\"educazione\"],\"articleSection\":[\"Scuola ed educazione\"],\"inLanguage\":\"it-IT\"},{\"@type\":\"WebPage\",\"@id\":\"https:\\\/\\\/www.rassegnastampa-totustuus.it\\\/cattolica\\\/limitare-i-figli-e-un-dovere-di-noi-genitori\\\/\",\"url\":\"https:\\\/\\\/www.rassegnastampa-totustuus.it\\\/cattolica\\\/limitare-i-figli-e-un-dovere-di-noi-genitori\\\/\",\"name\":\"Limitare i figli? E ' un dovere di noi genitori - Rassegna Stampa Cattolica\",\"isPartOf\":{\"@id\":\"https:\\\/\\\/www.rassegnastampa-totustuus.it\\\/cattolica\\\/#website\"},\"primaryImageOfPage\":{\"@id\":\"https:\\\/\\\/www.rassegnastampa-totustuus.it\\\/cattolica\\\/limitare-i-figli-e-un-dovere-di-noi-genitori\\\/#primaryimage\"},\"image\":{\"@id\":\"https:\\\/\\\/www.rassegnastampa-totustuus.it\\\/cattolica\\\/limitare-i-figli-e-un-dovere-di-noi-genitori\\\/#primaryimage\"},\"thumbnailUrl\":\"https:\\\/\\\/www.rassegnastampa-totustuus.it\\\/cattolica\\\/wp-content\\\/uploads\\\/2006\\\/02\\\/genitore.jpg\",\"datePublished\":\"2006-02-02T23:00:00+00:00\",\"dateModified\":\"2016-07-13T10:06:10+00:00\",\"description\":\"Rassegna Stampa Cattolica - Per una cultura che nasce dalla Rivelazione cristiana in conformit\u00e0 alla tradizione e al Magistero della Chiesa in opposizione ad ogni relativismo e totalitarismo\",\"breadcrumb\":{\"@id\":\"https:\\\/\\\/www.rassegnastampa-totustuus.it\\\/cattolica\\\/limitare-i-figli-e-un-dovere-di-noi-genitori\\\/#breadcrumb\"},\"inLanguage\":\"it-IT\",\"potentialAction\":[{\"@type\":\"ReadAction\",\"target\":[\"https:\\\/\\\/www.rassegnastampa-totustuus.it\\\/cattolica\\\/limitare-i-figli-e-un-dovere-di-noi-genitori\\\/\"]}]},{\"@type\":\"ImageObject\",\"inLanguage\":\"it-IT\",\"@id\":\"https:\\\/\\\/www.rassegnastampa-totustuus.it\\\/cattolica\\\/limitare-i-figli-e-un-dovere-di-noi-genitori\\\/#primaryimage\",\"url\":\"https:\\\/\\\/www.rassegnastampa-totustuus.it\\\/cattolica\\\/wp-content\\\/uploads\\\/2006\\\/02\\\/genitore.jpg\",\"contentUrl\":\"https:\\\/\\\/www.rassegnastampa-totustuus.it\\\/cattolica\\\/wp-content\\\/uploads\\\/2006\\\/02\\\/genitore.jpg\",\"width\":288,\"height\":175},{\"@type\":\"BreadcrumbList\",\"@id\":\"https:\\\/\\\/www.rassegnastampa-totustuus.it\\\/cattolica\\\/limitare-i-figli-e-un-dovere-di-noi-genitori\\\/#breadcrumb\",\"itemListElement\":[{\"@type\":\"ListItem\",\"position\":1,\"name\":\"Home\",\"item\":\"https:\\\/\\\/www.rassegnastampa-totustuus.it\\\/cattolica\\\/\"},{\"@type\":\"ListItem\",\"position\":2,\"name\":\"Limitare i figli? E &#8216; un dovere di noi genitori\"}]},{\"@type\":\"WebSite\",\"@id\":\"https:\\\/\\\/www.rassegnastampa-totustuus.it\\\/cattolica\\\/#website\",\"url\":\"https:\\\/\\\/www.rassegnastampa-totustuus.it\\\/cattolica\\\/\",\"name\":\"Rassegna Stampa Cattolica\",\"description\":\"Per una cultura che nasce dalla Rivelazione cristiana in conformit\u00e0 alla tradizione e al Magistero della Chiesa in opposizione ad ogni relativismo e totalitarismo\",\"publisher\":{\"@id\":\"https:\\\/\\\/www.rassegnastampa-totustuus.it\\\/cattolica\\\/#organization\"},\"alternateName\":\"Rass. Cattolica\",\"potentialAction\":[{\"@type\":\"SearchAction\",\"target\":{\"@type\":\"EntryPoint\",\"urlTemplate\":\"https:\\\/\\\/www.rassegnastampa-totustuus.it\\\/cattolica\\\/?s={search_term_string}\"},\"query-input\":{\"@type\":\"PropertyValueSpecification\",\"valueRequired\":true,\"valueName\":\"search_term_string\"}}],\"inLanguage\":\"it-IT\"},{\"@type\":\"Organization\",\"@id\":\"https:\\\/\\\/www.rassegnastampa-totustuus.it\\\/cattolica\\\/#organization\",\"name\":\"Rassegna Stampa Cattolica\",\"url\":\"https:\\\/\\\/www.rassegnastampa-totustuus.it\\\/cattolica\\\/\",\"logo\":{\"@type\":\"ImageObject\",\"inLanguage\":\"it-IT\",\"@id\":\"https:\\\/\\\/www.rassegnastampa-totustuus.it\\\/cattolica\\\/#\\\/schema\\\/logo\\\/image\\\/\",\"url\":\"https:\\\/\\\/www.rassegnastampa-totustuus.it\\\/cattolica\\\/wp-content\\\/uploads\\\/2014\\\/04\\\/logo-rassegna1.gif\",\"contentUrl\":\"https:\\\/\\\/www.rassegnastampa-totustuus.it\\\/cattolica\\\/wp-content\\\/uploads\\\/2014\\\/04\\\/logo-rassegna1.gif\",\"width\":600,\"height\":163,\"caption\":\"Rassegna Stampa Cattolica\"},\"image\":{\"@id\":\"https:\\\/\\\/www.rassegnastampa-totustuus.it\\\/cattolica\\\/#\\\/schema\\\/logo\\\/image\\\/\"},\"sameAs\":[\"https:\\\/\\\/www.facebook.com\\\/rassegnastampacattolica\",\"https:\\\/\\\/x.com\\\/rassegnastampa9\"]},{\"@type\":\"Person\",\"@id\":\"https:\\\/\\\/www.rassegnastampa-totustuus.it\\\/cattolica\\\/#\\\/schema\\\/person\\\/08f319d2bd1a0904ad9e2bfb7b15e5c3\",\"name\":\"Redazione\",\"image\":{\"@type\":\"ImageObject\",\"inLanguage\":\"it-IT\",\"@id\":\"https:\\\/\\\/secure.gravatar.com\\\/avatar\\\/2fcdf27c78ea025fbdb44e914cc63c72249ffec9dc8aafd5c82b26240ef3f346?s=96&d=mm&r=g\",\"url\":\"https:\\\/\\\/secure.gravatar.com\\\/avatar\\\/2fcdf27c78ea025fbdb44e914cc63c72249ffec9dc8aafd5c82b26240ef3f346?s=96&d=mm&r=g\",\"contentUrl\":\"https:\\\/\\\/secure.gravatar.com\\\/avatar\\\/2fcdf27c78ea025fbdb44e914cc63c72249ffec9dc8aafd5c82b26240ef3f346?s=96&d=mm&r=g\",\"caption\":\"Redazione\"},\"url\":\"https:\\\/\\\/www.rassegnastampa-totustuus.it\\\/cattolica\\\/author\\\/pietroelle\\\/\"}]}<\/script>\n<!-- \/ Yoast SEO plugin. -->","yoast_head_json":{"title":"Limitare i figli? E ' un dovere di noi genitori - Rassegna Stampa Cattolica","description":"Rassegna Stampa Cattolica - Per una cultura che nasce dalla Rivelazione cristiana in conformit\u00e0 alla tradizione e al Magistero della Chiesa in opposizione ad ogni relativismo e totalitarismo","robots":{"index":"index","follow":"follow","max-snippet":"max-snippet:-1","max-image-preview":"max-image-preview:large","max-video-preview":"max-video-preview:-1"},"canonical":"https:\/\/www.rassegnastampa-totustuus.it\/cattolica\/limitare-i-figli-e-un-dovere-di-noi-genitori\/","og_locale":"it_IT","og_type":"article","og_title":"Limitare i figli? E ' un dovere di noi genitori - Rassegna Stampa Cattolica","og_description":"Rassegna Stampa Cattolica - Per una cultura che nasce dalla Rivelazione cristiana in conformit\u00e0 alla tradizione e al Magistero della Chiesa in opposizione ad ogni relativismo e totalitarismo","og_url":"https:\/\/www.rassegnastampa-totustuus.it\/cattolica\/limitare-i-figli-e-un-dovere-di-noi-genitori\/","og_site_name":"Rassegna Stampa Cattolica","article_publisher":"https:\/\/www.facebook.com\/rassegnastampacattolica","article_published_time":"2006-02-02T23:00:00+00:00","article_modified_time":"2016-07-13T10:06:10+00:00","og_image":[{"width":288,"height":175,"url":"https:\/\/www.rassegnastampa-totustuus.it\/cattolica\/wp-content\/uploads\/2006\/02\/genitore.jpg","type":"image\/jpeg"}],"author":"Redazione","twitter_card":"summary_large_image","twitter_creator":"@rassegnastampa9","twitter_site":"@rassegnastampa9","twitter_misc":{"Scritto da":"Redazione","Tempo di lettura stimato":"6 minuti"},"schema":{"@context":"https:\/\/schema.org","@graph":[{"@type":"Article","@id":"https:\/\/www.rassegnastampa-totustuus.it\/cattolica\/limitare-i-figli-e-un-dovere-di-noi-genitori\/#article","isPartOf":{"@id":"https:\/\/www.rassegnastampa-totustuus.it\/cattolica\/limitare-i-figli-e-un-dovere-di-noi-genitori\/"},"author":{"name":"Redazione","@id":"https:\/\/www.rassegnastampa-totustuus.it\/cattolica\/#\/schema\/person\/08f319d2bd1a0904ad9e2bfb7b15e5c3"},"headline":"Limitare i figli? E &#8216; un dovere di noi genitori","datePublished":"2006-02-02T23:00:00+00:00","dateModified":"2016-07-13T10:06:10+00:00","mainEntityOfPage":{"@id":"https:\/\/www.rassegnastampa-totustuus.it\/cattolica\/limitare-i-figli-e-un-dovere-di-noi-genitori\/"},"wordCount":1214,"publisher":{"@id":"https:\/\/www.rassegnastampa-totustuus.it\/cattolica\/#organization"},"image":{"@id":"https:\/\/www.rassegnastampa-totustuus.it\/cattolica\/limitare-i-figli-e-un-dovere-di-noi-genitori\/#primaryimage"},"thumbnailUrl":"https:\/\/www.rassegnastampa-totustuus.it\/cattolica\/wp-content\/uploads\/2006\/02\/genitore.jpg","keywords":["educazione"],"articleSection":["Scuola ed educazione"],"inLanguage":"it-IT"},{"@type":"WebPage","@id":"https:\/\/www.rassegnastampa-totustuus.it\/cattolica\/limitare-i-figli-e-un-dovere-di-noi-genitori\/","url":"https:\/\/www.rassegnastampa-totustuus.it\/cattolica\/limitare-i-figli-e-un-dovere-di-noi-genitori\/","name":"Limitare i figli? E ' un dovere di noi genitori - Rassegna Stampa Cattolica","isPartOf":{"@id":"https:\/\/www.rassegnastampa-totustuus.it\/cattolica\/#website"},"primaryImageOfPage":{"@id":"https:\/\/www.rassegnastampa-totustuus.it\/cattolica\/limitare-i-figli-e-un-dovere-di-noi-genitori\/#primaryimage"},"image":{"@id":"https:\/\/www.rassegnastampa-totustuus.it\/cattolica\/limitare-i-figli-e-un-dovere-di-noi-genitori\/#primaryimage"},"thumbnailUrl":"https:\/\/www.rassegnastampa-totustuus.it\/cattolica\/wp-content\/uploads\/2006\/02\/genitore.jpg","datePublished":"2006-02-02T23:00:00+00:00","dateModified":"2016-07-13T10:06:10+00:00","description":"Rassegna Stampa Cattolica - Per una cultura che nasce dalla Rivelazione cristiana in conformit\u00e0 alla tradizione e al Magistero della Chiesa in opposizione ad ogni relativismo e totalitarismo","breadcrumb":{"@id":"https:\/\/www.rassegnastampa-totustuus.it\/cattolica\/limitare-i-figli-e-un-dovere-di-noi-genitori\/#breadcrumb"},"inLanguage":"it-IT","potentialAction":[{"@type":"ReadAction","target":["https:\/\/www.rassegnastampa-totustuus.it\/cattolica\/limitare-i-figli-e-un-dovere-di-noi-genitori\/"]}]},{"@type":"ImageObject","inLanguage":"it-IT","@id":"https:\/\/www.rassegnastampa-totustuus.it\/cattolica\/limitare-i-figli-e-un-dovere-di-noi-genitori\/#primaryimage","url":"https:\/\/www.rassegnastampa-totustuus.it\/cattolica\/wp-content\/uploads\/2006\/02\/genitore.jpg","contentUrl":"https:\/\/www.rassegnastampa-totustuus.it\/cattolica\/wp-content\/uploads\/2006\/02\/genitore.jpg","width":288,"height":175},{"@type":"BreadcrumbList","@id":"https:\/\/www.rassegnastampa-totustuus.it\/cattolica\/limitare-i-figli-e-un-dovere-di-noi-genitori\/#breadcrumb","itemListElement":[{"@type":"ListItem","position":1,"name":"Home","item":"https:\/\/www.rassegnastampa-totustuus.it\/cattolica\/"},{"@type":"ListItem","position":2,"name":"Limitare i figli? E &#8216; un dovere di noi genitori"}]},{"@type":"WebSite","@id":"https:\/\/www.rassegnastampa-totustuus.it\/cattolica\/#website","url":"https:\/\/www.rassegnastampa-totustuus.it\/cattolica\/","name":"Rassegna Stampa Cattolica","description":"Per una cultura che nasce dalla Rivelazione cristiana in conformit\u00e0 alla tradizione e al Magistero della Chiesa in opposizione ad ogni relativismo e totalitarismo","publisher":{"@id":"https:\/\/www.rassegnastampa-totustuus.it\/cattolica\/#organization"},"alternateName":"Rass. Cattolica","potentialAction":[{"@type":"SearchAction","target":{"@type":"EntryPoint","urlTemplate":"https:\/\/www.rassegnastampa-totustuus.it\/cattolica\/?s={search_term_string}"},"query-input":{"@type":"PropertyValueSpecification","valueRequired":true,"valueName":"search_term_string"}}],"inLanguage":"it-IT"},{"@type":"Organization","@id":"https:\/\/www.rassegnastampa-totustuus.it\/cattolica\/#organization","name":"Rassegna Stampa Cattolica","url":"https:\/\/www.rassegnastampa-totustuus.it\/cattolica\/","logo":{"@type":"ImageObject","inLanguage":"it-IT","@id":"https:\/\/www.rassegnastampa-totustuus.it\/cattolica\/#\/schema\/logo\/image\/","url":"https:\/\/www.rassegnastampa-totustuus.it\/cattolica\/wp-content\/uploads\/2014\/04\/logo-rassegna1.gif","contentUrl":"https:\/\/www.rassegnastampa-totustuus.it\/cattolica\/wp-content\/uploads\/2014\/04\/logo-rassegna1.gif","width":600,"height":163,"caption":"Rassegna Stampa Cattolica"},"image":{"@id":"https:\/\/www.rassegnastampa-totustuus.it\/cattolica\/#\/schema\/logo\/image\/"},"sameAs":["https:\/\/www.facebook.com\/rassegnastampacattolica","https:\/\/x.com\/rassegnastampa9"]},{"@type":"Person","@id":"https:\/\/www.rassegnastampa-totustuus.it\/cattolica\/#\/schema\/person\/08f319d2bd1a0904ad9e2bfb7b15e5c3","name":"Redazione","image":{"@type":"ImageObject","inLanguage":"it-IT","@id":"https:\/\/secure.gravatar.com\/avatar\/2fcdf27c78ea025fbdb44e914cc63c72249ffec9dc8aafd5c82b26240ef3f346?s=96&d=mm&r=g","url":"https:\/\/secure.gravatar.com\/avatar\/2fcdf27c78ea025fbdb44e914cc63c72249ffec9dc8aafd5c82b26240ef3f346?s=96&d=mm&r=g","contentUrl":"https:\/\/secure.gravatar.com\/avatar\/2fcdf27c78ea025fbdb44e914cc63c72249ffec9dc8aafd5c82b26240ef3f346?s=96&d=mm&r=g","caption":"Redazione"},"url":"https:\/\/www.rassegnastampa-totustuus.it\/cattolica\/author\/pietroelle\/"}]}},"_links":{"self":[{"href":"https:\/\/www.rassegnastampa-totustuus.it\/cattolica\/wp-json\/wp\/v2\/posts\/1845","targetHints":{"allow":["GET"]}}],"collection":[{"href":"https:\/\/www.rassegnastampa-totustuus.it\/cattolica\/wp-json\/wp\/v2\/posts"}],"about":[{"href":"https:\/\/www.rassegnastampa-totustuus.it\/cattolica\/wp-json\/wp\/v2\/types\/post"}],"author":[{"embeddable":true,"href":"https:\/\/www.rassegnastampa-totustuus.it\/cattolica\/wp-json\/wp\/v2\/users\/6"}],"replies":[{"embeddable":true,"href":"https:\/\/www.rassegnastampa-totustuus.it\/cattolica\/wp-json\/wp\/v2\/comments?post=1845"}],"version-history":[{"count":4,"href":"https:\/\/www.rassegnastampa-totustuus.it\/cattolica\/wp-json\/wp\/v2\/posts\/1845\/revisions"}],"predecessor-version":[{"id":35968,"href":"https:\/\/www.rassegnastampa-totustuus.it\/cattolica\/wp-json\/wp\/v2\/posts\/1845\/revisions\/35968"}],"wp:featuredmedia":[{"embeddable":true,"href":"https:\/\/www.rassegnastampa-totustuus.it\/cattolica\/wp-json\/wp\/v2\/media\/35967"}],"wp:attachment":[{"href":"https:\/\/www.rassegnastampa-totustuus.it\/cattolica\/wp-json\/wp\/v2\/media?parent=1845"}],"wp:term":[{"taxonomy":"category","embeddable":true,"href":"https:\/\/www.rassegnastampa-totustuus.it\/cattolica\/wp-json\/wp\/v2\/categories?post=1845"},{"taxonomy":"post_tag","embeddable":true,"href":"https:\/\/www.rassegnastampa-totustuus.it\/cattolica\/wp-json\/wp\/v2\/tags?post=1845"}],"curies":[{"name":"wp","href":"https:\/\/api.w.org\/{rel}","templated":true}]}}