{"id":1831,"date":"2006-01-31T16:56:23","date_gmt":"2006-01-31T15:56:23","guid":{"rendered":""},"modified":"2021-11-29T15:28:46","modified_gmt":"2021-11-29T14:28:46","slug":"rolando-rivi-7-gennaio-1931-13-aprile-1945","status":"publish","type":"post","link":"https:\/\/www.rassegnastampa-totustuus.it\/cattolica\/rolando-rivi-7-gennaio-1931-13-aprile-1945\/","title":{"rendered":"Rolando Rivi (7 gennaio 1931 &#8211; 13 aprile 1945)"},"content":{"rendered":"<div style=\"text-align: justify;\"><img loading=\"lazy\" decoding=\"async\" class=\"alignleft wp-image-32257\" src=\"https:\/\/www.rassegnastampa-totustuus.it\/cattolica\/wp-content\/uploads\/2006\/01\/Rolando_Rivi.jpg\" alt=\"Rolando_Rivi\" width=\"241\" height=\"245\" \/><span style=\"color: #000000;\">testo tratto da: P. RISSO, <strong>Rolando Rivi, un ragazzo per Ges\u00f9<\/strong>, Camposampiero (PD): del noce 1997, pp. 47-60. Si possono richidere copie dell&#8217;intera biografia presso le Edizioni del noce, tel: e fax: 049\/9302012.<\/span><\/div>\n<p style=\"text-align: center;\"><span style=\"color: #000000;\"><strong>IL SANGUE PER GES\u00d9<\/strong><\/span><\/p>\n<p style=\"text-align: center;\"><span style=\"color: #000000;\"><em>seminarista quattordicenne ucciso dai partigiani comunisti<\/em><\/span><\/p>\n<p style=\"text-align: justify;\"><span style=\"color: #000000;\">I genitori gli dicevano: \u00abTogliti la veste nera. Non portarla per ora&#8230; \u00bb. Ma Rolando rispondeva: \u00abMa perch\u00e9? Che male faccio a portarla? Non ho motivo di togliermela\u00bb. Gli fecero notare che forse era conveniente farlo in quei momenti, cos\u00ec insicuri. Replic\u00f2 Rolando: \u00abIo studio da prete e la veste \u00e8 il segno che io sono di Ges\u00f9\u00bb<\/span><\/p>\n<p><!--more--><\/p>\n<p style=\"text-align: right;\"><span style=\"color: #000000;\">\u00ab<em>Un Cristo Bambino, con l&#8217;ombra<\/em><\/span><br \/>\n<span style=\"color: #000000;\"><em>della croce sulle spalle delicate,<\/em><\/span><br \/>\n<span style=\"color: #000000;\"><em>\u00e8 atroce, come \u00e8 atroce<br \/>\n<\/em><em>l&#8217;immolazione che il mondo<\/em><\/span><br \/>\n<span style=\"color: #000000;\"><em>richiede agli innocenti.<\/em><\/span><br \/>\n<span style=\"color: #000000;\"><em>Ma la morte \u00e8 un sacrificio<br \/>\n<\/em><em>offerto anche per i carnefici<\/em>\u00bb.<\/span><\/p>\n<p style=\"text-align: right;\"><span style=\"color: #000000;\">PRIMO MAZZOLARI<\/span><\/p>\n<p style=\"text-align: justify;\"><span style=\"color: #000000;\"><strong>Fuori dal seminario<\/strong><\/span><\/p>\n<p style=\"text-align: justify;\"><span style=\"color: #000000;\"><img loading=\"lazy\" decoding=\"async\" class=\" wp-image-34990 alignright\" src=\"https:\/\/www.rassegnastampa-totustuus.it\/cattolica\/wp-content\/uploads\/2006\/01\/seminaristi.jpg\" alt=\"\" width=\"331\" height=\"250\" \/>Al termine della seconda ginnasio, nel giugno del 1944, il seminario di Marola, occupato dai tedeschi, fu chiuso e i seminaristi mandati a casa. Rolando dovette tornare in famiglia, portando con s\u00e9 i libri e proponendosi di studiare latino, italiano, matematica e le altre materie, per non perdere tempo. A casa continu\u00f2 a sentirsi seminarista. Buttato nel mondo, come un fuscello nella bufera, la sua gioia erano la messa quotidiana con la comunione, la meditazione, la visita pomeridiana a Ges\u00f9 Eucaristico, il rosario alla Madonna. Il luogo prediletto era sempre la casa parrocchiale.<\/span><\/p>\n<p style=\"text-align: justify;\"><span style=\"color: #000000;\">Quando poteva posare le mani sulla tastiera dell&#8217;harmonium, quasi si estasiava a suonare. Certamente soffriva, ma si dimostrava sereno, anche allegro. Non abbandonava mai un istante la veste da prete. Mai si era chiuso in se stesso negli anni di seminario; ma sempre vivace si rivelava mite e socievole, cos\u00ec che si stava bene con lui. Ed era talmente simpatico che tutti si fermavano a parlargli.<\/span><\/p>\n<p style=\"text-align: justify;\"><span style=\"color: #000000;\"><img loading=\"lazy\" decoding=\"async\" class=\"size-full wp-image-51494 alignleft\" src=\"https:\/\/www.rassegnastampa-totustuus.it\/cattolica\/wp-content\/uploads\/2021\/06\/fede_preghiera_chiesa.jpg\" alt=\"\" width=\"187\" height=\"269\" \/>Riprese i contatti con i bambini, con i coetanei. In casa, alla sera, guidava lui la preghiera, il rosario, accanto alla nonna.\u00a0 Ai bambini, anche solo di cinque sei anni, insegnava a servire la messa e giocava con i pi\u00f9 piccoli, per diffondere serenit\u00e0 in quei giorni cos\u00ec tristi. Li invitava in chiesa a pregare davanti al tabernacolo e insegnava loro a cantare le lodi del Signore. Con qualcuno pi\u00f9 grande, si propose di imparare l&#8217;esecuzione in canto di una nuova messa. Don Olinto lo guardava compiaciuto.<\/span><\/p>\n<p style=\"text-align: justify;\"><span style=\"color: #000000;\">In quei mesi, lontano dal seminario, nello scontro di diverse fazioni, poteva essere facile per un ragazzo perdere, quasi senza accorgersene, lo stile fervoroso del seminarista. Rolando, invece, continuo a manifestarsi a tutti sempre pi\u00f9 convinto della sua vocazione, buono e sereno anche nelle difficolt\u00e0.\u00a0 \u00abNon diede mai l&#8217;impressione &#8211; ricordano familiari e amici &#8211; di voler lasciare la strada intrapresa\u00bb. E chi lo avvicin\u00f2 in quei giorni dichiarava: \u00abQuesto ragazzo riuscir\u00e0 a diventare prete e sar\u00e0 un prete esemplare\u00bb. Alcuni compagni di seminario dicono di lui: \u00abEra il ragazzo migliore. Non aveva malizia, era un puro di cuore. Un vero agnello\u00bb.<\/span><\/p>\n<p style=\"text-align: justify;\"><span style=\"color: #000000;\"><strong>Nell&#8217;odio: fratello<\/strong><\/span><\/p>\n<p style=\"text-align: justify;\"><span style=\"color: #000000;\"><img loading=\"lazy\" decoding=\"async\" class=\"size-full wp-image-46003 alignright\" src=\"https:\/\/www.rassegnastampa-totustuus.it\/cattolica\/wp-content\/uploads\/2005\/09\/tedeschi_guerra.jpg\" alt=\"\" width=\"270\" height=\"186\" \/>La vita a San Valentino trascorse abbastanza tranquilla per due tre mesi, fino al settembre del 1944. Poi iniziarono scorribande di tedeschi, di fascisti e di partigiani. Si ebbero ruberie, razzie, fatti spiacevoli e violenze anche contro i sacerdoti.\u00a0 \u00abIl sacerdote, servo del Vangelo, era diventato veramente il segno di contraddizione, prima, durante e dopo la guerra. Chiunque negava l&#8217;amore, se la prendeva con questo testimone di Cristo\u00bb (1).<\/span><\/p>\n<p style=\"text-align: justify;\"><span style=\"color: #000000;\">Diventava pertanto sempre pi\u00f9 forte l&#8217;odio contro i preti, che operavano per la pacificazione degli animi e denunciavano le violenze, da qualunque parte venissero compiute.<\/span><\/p>\n<p style=\"text-align: justify;\"><span style=\"color: #000000;\"><img loading=\"lazy\" decoding=\"async\" class=\" wp-image-21293 alignleft\" src=\"https:\/\/www.rassegnastampa-totustuus.it\/cattolica\/wp-content\/uploads\/2010\/07\/partigiani.jpg\" alt=\"\" width=\"318\" height=\"202\" \/>I preti uccisi, e quelli che si volevano eliminare, erano i veri amici del popolo, nel momenti pi\u00f9 oscuri: davanti al bisogno di pane, di protezione, di lavoro e di aiuto, essi sapevano offrire tutto, anche privandosi di persona. Ma il sistema di &#8220;percuotere il pastore per disperdere il gregge&#8221; (Zc 13,7) \u00e8 proprio dei nemici di Dio in qualsiasi paese e di qualsiasi colore, come la storia dimostra (2) .<\/span><\/p>\n<p style=\"text-align: justify;\"><span style=\"color: #000000;\">Rolando speriment\u00f2 questo clima, quando gli capit\u00f2 di essere deriso dai partigiani comunisti che scorrazzavano per le colline. Forse era meno bersagliato di altri seminaristi, perch\u00e9 abitava in un luogo pi\u00f9 isolato; tuttavia cap\u00ec molto bene la situazione&#8230;\u00a0 Ma questo non gli chiuse mai il cuore verso alcuno. Continu\u00f2 ad essere il ragazzo buono e socievole con tutti.<\/span><\/p>\n<p style=\"text-align: justify;\"><span style=\"color: #000000;\">Nella sua semplicit\u00e0, credeva alla bont\u00e0 degli altri, parendogli impossibile che qualcuno potesse far davvero del male. A San Valentino fu preso di mira il parroco don Marzocchini. Una mattina si venne a sapere che durante la notte precedente, alcuni l&#8217;avevano aggredito e umiliato.<\/span><\/p>\n<p style=\"text-align: justify;\"><span style=\"color: #000000;\"><img loading=\"lazy\" decoding=\"async\" class=\"size-medium wp-image-30855 alignright\" src=\"https:\/\/www.rassegnastampa-totustuus.it\/cattolica\/wp-content\/uploads\/2005\/01\/triangolo-rosso-300x184.jpg\" alt=\"\" width=\"300\" height=\"184\" srcset=\"https:\/\/www.rassegnastampa-totustuus.it\/cattolica\/wp-content\/uploads\/2005\/01\/triangolo-rosso-300x184.jpg 300w, https:\/\/www.rassegnastampa-totustuus.it\/cattolica\/wp-content\/uploads\/2005\/01\/triangolo-rosso.jpg 446w\" sizes=\"auto, (max-width: 300px) 100vw, 300px\" \/>Cos\u00ec era stato trattato il padre, che aveva avuto come unica preoccupazione quella di provvedere ai poveri, di condividere con il suo popolo ogni genere di dolore, che &#8220;durante la guerra partecipava alle sofferenze delle famiglie con tanti giovani della comunit\u00e0 sui vari fronti, con in pi\u00f9 il rimpianto accorato per i parrocchiani caduti&#8221; (3).<\/span><\/p>\n<p style=\"text-align: justify;\"><span style=\"color: #000000;\">Qualche giorno dopo, don Marzocchini ripar\u00f2 in un luogo pi\u00f9 sicuro. Questo fatto impressiono tutti i buoni e Rolando soffri per il suo parroco maltrattato, ma non disse parole di odio verso quei partigiani. Le simpatie di Rolando andavano agli uomini delle &#8220;Fiamme Verdi&#8221; della brigata &#8220;Italia&#8221;, partigiani di ispirazione cattolica, organizzati nell&#8217;autunno del 1944 da don Domenico Orlandini (detto &#8220;Carlo&#8221; che si proponeva di agire nel rispetto della dignit\u00e0 umana e con equit\u00e0 verso tutti (4). Ma non si chiuse verso alcuno, e nessuno era escluso dal suo cuore. Parlava con tutti, offrendo la sua parola gentile, il suo sorriso. Per lui non c&#8217;erano nemici, ma solo fratelli da amare.<\/span><\/p>\n<p style=\"text-align: justify;\"><span style=\"color: #000000;\"><strong>\u00abIo sono di Ges\u00f9\u00bb<\/strong><\/span><\/p>\n<p style=\"text-align: justify;\"><span style=\"color: #000000;\"><img loading=\"lazy\" decoding=\"async\" class=\" wp-image-53107 alignleft\" src=\"https:\/\/www.rassegnastampa-totustuus.it\/cattolica\/wp-content\/uploads\/2006\/01\/Rolando_Rivi-1-300x65.jpg\" alt=\"\" width=\"457\" height=\"99\" srcset=\"https:\/\/www.rassegnastampa-totustuus.it\/cattolica\/wp-content\/uploads\/2006\/01\/Rolando_Rivi-1-300x65.jpg 300w, https:\/\/www.rassegnastampa-totustuus.it\/cattolica\/wp-content\/uploads\/2006\/01\/Rolando_Rivi-1.jpg 474w\" sizes=\"auto, (max-width: 457px) 100vw, 457px\" \/>Dopo la partenza del parroco, venne a San Valentino un giovane prete, don Alberto Camellini, assai preparato e molto attivo, verso il quale Rolando dimostr\u00f2 subito grande simpatia.\u00a0 Tutti vedevano passare per la strada il giovane seminarista, tutti conoscevano il suo stile di vita, indicato come &#8220;il pretino&#8221;. I genitori gli dicevano: \u00abTogliti la veste nera. Non portarla per ora &#8230;\u00bb.<\/span><\/p>\n<p style=\"text-align: justify;\"><span style=\"color: #000000;\">Ma Rolando rispondeva: \u00abMa perch\u00e9? Che male faccio a portarla? Non ho motivo di togliermela\u00bb. Gli fecero notare che forse era conveniente farlo in quei momenti, cos\u00ec insicuri. Replic\u00f2 Rolando: \u00abIo studio da prete e la veste \u00e8 il segno che io sono di Ges\u00f9\u00bb.\u00a0 Certo, quella veste, richiamo al Dio eterno e a Cristo che salva e giudica, irritava quelli che non ne volevano sapere. Irrita anche oggi: costringe a pensare a Qualcuno pi\u00f9 facile da bestemmiare che da dimenticare.<\/span><\/p>\n<p style=\"text-align: justify;\"><span style=\"color: #000000;\"><img loading=\"lazy\" decoding=\"async\" class=\" wp-image-17554 alignleft\" src=\"https:\/\/www.rassegnastampa-totustuus.it\/cattolica\/wp-content\/uploads\/2009\/02\/preti_talare.jpg\" alt=\"\" width=\"350\" height=\"227\" \/>Nonostante a rischio, Rolando non volle togliersi mai quell&#8217;abito, che per lui significava gi\u00e0 un impegno per tutta la vita. Affezionatissimo alla talare, riteneva onore e gloria indossarla sempre, senza lasciarla mai, come una dichiarazione di amore e di appartenenza, come se proclamasse: \u00abGes\u00f9 mi chiama ad essere sacerdote. lo sono di Ges\u00f9 e della sua chiesa. lo amo Ges\u00f9 e ho la passione di servirlo nel sacerdozio. lo per Lui sono nel mondo, ma non del mondo\u00bb.\u00a0 Rolando, ragazzo mite e puro, inerme e armato solo di amore, gridava pi\u00f9 con la vita che a parole: \u00abChi \u00e8 come Dio?\u00bb.<\/span><\/p>\n<p style=\"text-align: justify;\"><span style=\"color: #000000;\">I primi due giorni di novembre, festa dei santi e commemorazione dei defunti, c&#8217;era grande mestizia in casa Rivi, per il ricordo struggente dei figli perduti: Rino, Adolfo, Lina. Alla messa, Rolando ascolt\u00f2 la parola di Ges\u00f9 nel vangelo: &#8220;Beati i poveri&#8230; i piangenti&#8230; i puri di cuore&#8230; i portatori di pace&#8230; Beati voi quando vi perseguiteranno per causa mia&#8230; Grande \u00e8 la vostra ricompensa nei cieli&#8221; (<em>Mt<\/em> 5,1-12).<\/span><\/p>\n<p style=\"text-align: justify;\"><span style=\"color: #000000;\"><img loading=\"lazy\" decoding=\"async\" class=\"size-full wp-image-44362 alignright\" src=\"https:\/\/www.rassegnastampa-totustuus.it\/cattolica\/wp-content\/uploads\/2019\/09\/Ges\u00f9_croce.jpg\" alt=\"\" width=\"184\" height=\"274\" \/>Egli sentiva che Ges\u00f9, il Povero, il Piangente, il Puro di cuore, il Pacificatore, il divino Sofferente associava a s\u00e9 in quei giorni tutti i sofferenti. Anche lui era chiamato a seguirlo sulla stessa via, verso la sublime meta indicata: &#8220;Grande sar\u00e0 la tua ricompensa nei cieli&#8221;.<\/span><\/p>\n<p style=\"text-align: justify;\"><span style=\"color: #000000;\">Con i suoi cari, visit\u00f2 in preghiera il cimitero. Poi, nel silenzio della sera, rientr\u00f2 a casa. Gli sembrava pi\u00f9 vuota, pi\u00f9 fredda&#8230; e allora con i familiari preg\u00f2 la Madonna con il rosario, per i suoi defunti, per le vittime della guerra, per la pace. Ora che le giornate erano pi\u00f9 brevi e l&#8217;aria pungente, Rolando dedicava maggior tempo alla lettura e allo studio e faceva compagnia alla mamma, al pap\u00e0, alla nonna; sempre con la segreta speranza di poter presto tornare in seminario. Lontano dal suo \u00abnido&#8221;, non aveva mai dimenticato gli insegnamenti del rettore, anzi li viveva con fedelt\u00e0 &#8220;Per Ges\u00f9 e per i fratelli&#8221;.<\/span><\/p>\n<p style=\"text-align: justify;\"><span style=\"color: #000000;\">Con gli amici, parlava delle cose del momento, ma al di sopra di tutto amava indugiare sui suoi impegni: \u00abDobbiamo studiare anche a casa, per non perdere tempo\u00bb; \u00abPreghiamo ogni giorno, cos\u00ec non dimenticheremo quanto ci hanno insegnato i nostri superiori\u00bb; \u00abSperiamo di tornare presto in seminario\u00bb.\u00a0 Era attirato dalla vita missionaria: \u00abQuando sar\u00f2 prete &#8211; diceva &#8211; partir\u00f2, andr\u00f2 in terre lontane a far conoscere Ges\u00f9. Voglio che Lui sia conosciuto e amato\u00bb. Il progetto che pi\u00f9 lo affascinava era quello di diventare prete per andare missionario.<\/span><\/p>\n<p style=\"text-align: justify;\"><span style=\"color: #000000;\"><strong>Lo sguardo al futuro<\/strong><\/span><\/p>\n<p style=\"text-align: justify;\"><span style=\"color: #000000;\"><img loading=\"lazy\" decoding=\"async\" class=\"size-full wp-image-35669 alignleft\" src=\"https:\/\/www.rassegnastampa-totustuus.it\/cattolica\/wp-content\/uploads\/2005\/01\/natale.jpg\" alt=\"\" width=\"189\" height=\"198\" \/>Nel dicembre del 1944 cadde in abbondanza la neve e tutto quell&#8217;inverno fu particolarmente freddo e nevoso. Rolando partecip\u00f2 alla festa dell&#8217;Immacolata, l&#8217;8 dicembre, come faceva in seminario, affidandosi a Lei, la Tutta Pura. Si avvicinava il natale. Nel giorni della novena, accompagn\u00f2 all&#8217;harmonium il canto delle profezie, unendo la sua voce a quella dei cantori e dei fedeli ad invocare Ges\u00f9: \u00abRegem venturum Dominum: venite, adoremus!\u00bb (Il Signore sta per nascere: venite, adoriamolo!). Alla messa di natale, sent\u00ec l&#8217;anima riempirsi di serenit\u00e0 e di speranza (5).<\/span><\/p>\n<p style=\"text-align: justify;\"><span style=\"color: #000000;\">Capodanno 1945: dopo quasi sei anni di guerra, qualche spiraglio di pace. Il 7 gennaio, tra l&#8217;affetto dei suoi, Rolando comp\u00ec 14 anni. \u00abLa guerra finir\u00e0 presto &#8211; pensavano papa e mamma &#8211; e il nostro ragazzo potr\u00e0 tornare in seminario e diventare prete\u00bb. Nonna Anna lo guardava, piena di speranza: \u00abChiss\u00e0 se ti vedr\u00f2 salire l&#8217;altare?\u00bb. \u00abOh, s\u00ec, nonna! &#8211; rispondeva Rolando &#8211; Canter\u00f2 la messa a San Valentino&#8230; Lo pensi che bello, nonna?\u00bb.<\/span><\/p>\n<p style=\"text-align: justify;\"><span style=\"color: #000000;\"><img loading=\"lazy\" decoding=\"async\" class=\" wp-image-53108 alignright\" src=\"https:\/\/www.rassegnastampa-totustuus.it\/cattolica\/wp-content\/uploads\/2006\/01\/paesaggio_neve.jpg\" alt=\"\" width=\"294\" height=\"207\" \/>Sulle colline coperte di neve gelata torn\u00f2 a splendere il sole. Rolando, con due doghe di botti in disuso prepar\u00f2 un paio di sci e sugger\u00ec l&#8217;idea ad alcuni coetanei, i quali fecero altrettanto. Chiam\u00f2 a godere lo spettacolo &#8211; e a parteciparvi se non avessero avuto troppa paura &#8211; anche i bambini pi\u00f9 piccoli.\u00a0 Poi, dal &#8220;Poggiolo&#8221;, dove abitava, si butt\u00f2 lungo il pendio a sciare, svelto, veloce, nonostante la veste, seguito a distanza dagli amici pi\u00f9 coraggiosi. \u00abSembrava un folletto\u00bb, ricorda qualcuno che era presente a quell&#8217;avventura.<\/span><\/p>\n<p style=\"text-align: justify;\"><span style=\"color: #000000;\">Continuava frattanto a frequentare la casa parrocchiale, dove si intratteneva con gli amici a studiare, a discorrere dei suoi progetti e ad esercitarsi all&#8217;harmonium. Arrivava la primavera. Ancora forte l&#8217;odio ai preti e ai credenti: il sangue degli innocenti sarebbe continuato a scorrere anche dopo la fine della guerra. Il 14 febbraio, mercoled\u00ec delle ceneri, inizio della quaresima e festa di san Valentino, Rolando cominci\u00f2 a prepararsi alla Pasqua, pregando e offrendo a Dio gli impegni e i piccoli sacrifici quotidiani. Aveva dentro una forte nostalgia del seminario.<\/span><\/p>\n<p style=\"text-align: justify;\"><span style=\"color: #000000;\">Lo diceva ai familiari e agli amici seminaristi: \u00abDes\u00eddero tornare in seminario al pi\u00f9 presto. L\u00e0 i nostri superiori mi aiuteranno a diventare prete\u00bb.<\/span><\/p>\n<p style=\"text-align: justify;\"><span style=\"color: #000000;\"><img loading=\"lazy\" decoding=\"async\" class=\"wp-image-53109 alignleft\" src=\"https:\/\/www.rassegnastampa-totustuus.it\/cattolica\/wp-content\/uploads\/2006\/01\/seminario_sacerdoti_preti_chiesa.jpg\" alt=\"\" width=\"380\" height=\"270\" \/>Pregava ogni giorno affinch\u00e9 Ges\u00f9 affrettasse il fortunato giorno del suo rientro in seminario.\u00a0 La sua presenza in quei giorni stupiva: aveva solo 14 anni ed era poco pi\u00f9 di un bambino, ma non si era mai mimetizzato n\u00e9 aveva nascosto la sua chiara identit\u00e0 di aspirante appassionato al sacerdozio.<\/span><\/p>\n<p style=\"text-align: justify;\"><span style=\"color: #000000;\">Continuava ad indossare la veste nera e spesso il cappello da prete. Tutti lo conoscevano e lo incontravano cos\u00ec: sull&#8217;aia di casa, per la strada, in chiesa. Il volto pallido, lo sguardo dolcissimo, gli occhi buoni e penetranti; l&#8217;aspetto sorridente e gioioso, semplice e aperto con tutti, pronto a parlare con intelligenza e coraggio.<\/span><\/p>\n<p style=\"text-align: justify;\"><span style=\"color: #000000;\">Ma quando pregava in chiesa, inginocchiato davanti al tabernacolo, le mani giunte, assorto e come rapito da Dio, sembrava un angelo.\u00a0 Spesso in paese scoppiavano dispute alle quali non era facile rispondere. Era pi\u00f9 conveniente tacere. Capit\u00f2 che in una discussione alcuni attaccarono ingiustamente la Chiesa e l&#8217;attivit\u00e0 dei sacerdoti.<\/span><\/p>\n<p style=\"text-align: justify;\"><span style=\"color: #000000;\">Rolando difese a fronte alta Ges\u00f9, il Papa, la Chiesa e i sacerdoti, senza paura alcuna. Era conosciuto per la sua fede e il suo coraggio; era ammirato, ma anche da taluni malvisto perch\u00e9 aveva apertamente dimostrato che voleva diventare prete.<\/span><\/p>\n<p style=\"text-align: justify;\"><span style=\"color: #000000;\"><strong>Immolato<\/strong><\/span><\/p>\n<p style=\"text-align: justify;\"><span style=\"color: #000000;\"><img loading=\"lazy\" decoding=\"async\" class=\"size-medium wp-image-37539 alignright\" src=\"https:\/\/www.rassegnastampa-totustuus.it\/cattolica\/wp-content\/uploads\/2017\/04\/Passione-300x165.jpg\" alt=\"\" width=\"300\" height=\"165\" srcset=\"https:\/\/www.rassegnastampa-totustuus.it\/cattolica\/wp-content\/uploads\/2017\/04\/Passione-300x165.jpg 300w, https:\/\/www.rassegnastampa-totustuus.it\/cattolica\/wp-content\/uploads\/2017\/04\/Passione.jpg 303w\" sizes=\"auto, (max-width: 300px) 100vw, 300px\" \/>Il primo aprile di quell&#8217;anno, Pasqua di resurrez\u00edone, don Olinto Marzocchini \u00e8 gi\u00e0 rientrato a San Valentino e al suo fianco \u00e8 rimasto il giovane curato. Durante la settimana santa Rolando ha partec\u00edpato alle celebrazioni liturgiche con grande entusiasmo. E gioved\u00ec, davanti all&#8217;altare dell&#8217;Eucaristia, ornato di fiori e di ceri accesi, ha pregato: \u00abGraz\u00ede, Ges\u00f9, perch\u00e9 ci hai donato Te stesso nell&#8217;Ostia santa e rimani sempre con noi&#8230; Aiutami a ritornare presto in seminario e a diventare sacerdote &#8230; \u00bb. Il venerd\u00ec, baciando il Crocifisso, ha ripetuto l&#8217;offerta al suo grande Amico: \u00abTutta la mia vita per Te, o Ges\u00f9, per amarti e farti amare\u00bb.<\/span><\/p>\n<p style=\"text-align: justify;\"><span style=\"color: #000000;\">Il giorno di Pasqua, durante le messe, Rolando suona l&#8217;organo accompagnando i canti. Riceve Ges\u00f9 nella comunione. In sacrestia, il parroco gli dice: \u00abSei stato bravo, Rolando! Per tutti i servizi fatti nella settimana santa, accetta questo piccolo dono&#8230; E che il Signore ti benedica\u00bb, e gli mette in mano una piccola somma.<\/span><\/p>\n<p style=\"text-align: justify;\"><span style=\"color: #000000;\"><img loading=\"lazy\" decoding=\"async\" class=\" wp-image-46005 alignleft\" src=\"https:\/\/www.rassegnastampa-totustuus.it\/cattolica\/wp-content\/uploads\/2005\/09\/partigiani-4.jpg\" alt=\"\" width=\"310\" height=\"178\" \/>Si sente nell&#8217;aria qualcosa di nuovo. C&#8217;\u00e8 ancora guerra, ma tutti sentono che volge alla fine. Nei giorni successivi, Rolando non manca mai alla messa e alla comunione. Poi, tornato a casa, esce con un libro sotto braccio e va a studiare presso un boschetto non lontano dalla sua abitazione.<\/span><\/p>\n<p style=\"text-align: justify;\"><span style=\"color: #000000;\">Il 10 aprile, marted\u00ec dopo la domenica in Albis, al mattino presto, \u00e8 gi\u00e0 in chiesa: si celebra la messa cantata in onore di san V\u00edncenzo Ferreri, che non si \u00e8 potuta celebrare il 5 aprile, giorno anniversario, essendo l&#8217;ottava di pasqua. Suona e accompagna all&#8217;organo i cantori, tra i quali c&#8217;\u00e8 anche il pap\u00e0. Si accosta alla comunione e si raccoglie in preghiera a ringraziare il Signore. Prima di uscire, prende accordi con i cantori, per &#8220;cantare messa&#8221; anche l&#8217;indomani.\u00a0 Torna a casa. I suoi genitori vanno a lavorare nel campi.<\/span><\/p>\n<p style=\"text-align: justify;\"><span style=\"color: #000000;\">Rolando, con i libri sottobraccio, si reca come al solito a studiare nel boschetto a pochi passi da casa. Indossa, come sempre, la sua veste nera. A mezzogiorno, non vedendolo ritornare, i genitori lo vanno a cercare. Tra i libri, sull&#8217;erba, trovano un biglietto: \u00abNon cercatelo. Viene un momento con noi, partigiani\u00bb. Il pap\u00e0 e il curato di San Valentino, in forte ansia, cominciano a girare nei dintorni alla ricerca del ragazzo. Cosa sar\u00e0 mai capitato?&#8230;\u00a0 Alcuni partigiani comunisti lo hanno portato nella loro &#8220;base&#8221;.<\/span><\/p>\n<p style=\"text-align: justify;\"><span style=\"color: #000000;\"><img loading=\"lazy\" decoding=\"async\" class=\"size-medium wp-image-7539 alignright\" src=\"https:\/\/www.rassegnastampa-totustuus.it\/cattolica\/wp-content\/uploads\/2005\/09\/uccisi_da_partigiani-300x226.jpg\" alt=\"\" width=\"300\" height=\"226\" srcset=\"https:\/\/www.rassegnastampa-totustuus.it\/cattolica\/wp-content\/uploads\/2005\/09\/uccisi_da_partigiani-300x226.jpg 300w, https:\/\/www.rassegnastampa-totustuus.it\/cattolica\/wp-content\/uploads\/2005\/09\/uccisi_da_partigiani.jpg 400w\" sizes=\"auto, (max-width: 300px) 100vw, 300px\" \/>Rolando capisce con chi si trova. Quelli lo spogliano della veste talare, che li irrita troppo.\u00a0 Ora hanno davanti a loro un povero ragazzo di quattordici anni, tremante, vestito poveramente, come Ges\u00f9 nel pretorio di Pilato. Alle loro beffe, Rolando risponde: \u00abSono un ragazzo, si, un seminarista&#8230; e non ho fatto nulla di male\u00bb.<\/span><\/p>\n<p style=\"text-align: justify;\"><span style=\"color: #000000;\">Quelli lo insultano, lo percuotono con la cinghia sulle gambe, lo schiaffeggiano. Adesso hanno davanti un ragazzino coperto di lividi, piangente. Cos\u00ec era stato fatto, un giorno lontano, a Ges\u00f9. Rolando, innocente, prega nel suo cuore e chiede piet\u00e0. Qualcuno si commuove e propone di lasciarlo andare, perch\u00e9 \u00e8 soltanto un ragazzo. Ma altri si rifiutano: prevale l&#8217;odio al prete, all&#8217;abito che lo rappresenta. Decidono di ucciderlo.<\/span><\/p>\n<p style=\"text-align: justify;\"><span style=\"color: #000000;\"><img loading=\"lazy\" decoding=\"async\" class=\" wp-image-53110 alignleft\" src=\"https:\/\/www.rassegnastampa-totustuus.it\/cattolica\/wp-content\/uploads\/2006\/01\/bosco_natura_ambiente.jpg\" alt=\"\" width=\"338\" height=\"225\" \/>Lo portano in un bosco presso Piane di Monchio (Modena). Davanti alla fossa gi\u00e0 scavata, Rolando comprende tutto. Singhiozzando implora di essere risparmiato. Gli viene risposto con un calcio. Allora dice: \u00abVoglio pregare per la mia mamma e per il mio pap\u00e0\u00bb. Si inginocchia sull&#8217;orlo della fossa e prega per s\u00e9, per i suoi cari, forse per i suoi stessi uccisori<\/span><\/p>\n<p style=\"text-align: justify;\"><span style=\"color: #000000;\">Due scariche di rivoltella lo rotolano a terra, nel suo sangue. Un ultimo pensiero, un ultimo palpito del cuore per Ges\u00f9, perdutamente amato&#8230; Poi la fine.\u00a0 Quelli lo coprono con poche palate di terra e di foglie secche. La veste da prete diventa un pallone da calciare; poi sara appesa, come trofeo di guerra, sotto il porticato di una casa vicina (6).<\/span><\/p>\n<p style=\"text-align: justify;\"><span style=\"color: #000000;\">Era il 13 aprile 1945, ricorrenza del giovane martire sant&#8217;Ermenegildo (+585 d.C.), venerd\u00ec, come quando Ges\u00f9 si immol\u00f2 sulla croce. Rolando aveva 14 anni e tre mesi.\u00a0 In quell&#8217;istante il cielo si apri e Ges\u00f9 accolse nella sua gloria Rolando Maria Rivi, piccolo angelo, martire della fede. Con la vita, con la parola e perfino con il suo sangue aveva proclamato: \u00abQuanto ho di pi\u00f9 caro al mondo \u00e8 Cristo: Lui stesso e tutto ci\u00f2 che viene da Lui! \u00bb.<\/span><\/p>\n<p style=\"text-align: justify;\"><span style=\"color: #000000;\"><strong>NOTE<\/strong><\/span><\/p>\n<p style=\"text-align: justify;\"><span style=\"color: #000000;\"><strong>(1)<\/strong> Dall&#8217;articolo \u00abTutti ce l&#8217;avevano con il prete\u00bb, in <em>Avvenire<\/em>, 25 gennaio 1992, p. 15.<\/span><\/p>\n<p style=\"text-align: justify;\"><span style=\"color: #000000;\"><strong>(2) <\/strong>Si veda: M. MARTELLI, Una guerra, due resistenze, Ed. Paoline, Bari 1976, pp. 275-277. E inoltre gli articoli: \u00abResistenza partigiana, ultimo atto\u00bb, in Avvenire, 22 febbraio 1992, p. 13; Le ricerche storiche e il martirologio del clero, in Avvenire, 25 gennaio 1992, p. 15.<\/span><\/p>\n<p style=\"text-align: justify;\"><span style=\"color: #000000;\"><strong>(3)<\/strong> AA.VV., Torniamo a San Valentino, 40 anni dopo: 1945-1985, Reggio Emilia 1985; in particolare il capitolo: Una straordinaria figura di sacerdote, don Olinto Marzoccbini, p. 18.<\/span><\/p>\n<p style=\"text-align: justify;\"><span style=\"color: #000000;\">(4) M. MARTELLI, <\/span>Una guerra, due resistenze, cit., pp. 61-62.<\/p>\n<p style=\"text-align: justify;\"><span style=\"color: #000000;\">(5) In quei giorni terribili, l&#8217;Azione Cattolica di Reggio mand\u00f2 ai giovani un messaggio ispirato dal vescovo monsignor Eduardo Brettoni, nel quale si richiamavano, in nome di Cristo, le scelte di legalit\u00e0 e di democrazia attraverso la fraternit\u00e0 e l&#8217;amore (si veda l&#8217;articolo: \u00abResistenza partigiana, ultimo atto\u00bb, cit.). <\/span><\/p>\n<p style=\"text-align: justify;\"><span style=\"color: #000000;\">(6) Sulla tragica fine di Rolando Rivi, si vedano: &#8211; gli articoli su <\/span>Il Mattino dell&#8217;Italia centrale dei giorni 9, 10, 11, 12, 13 gennaio 1951; &#8211; La Libert\u00e0, Reggio Emilia, 7 febbraio 1954. &#8211; A.C.I., Martirologio del clero italiano, 1940-1946, Roma 1963, p. 191. &#8211; E. GORRIERI, La repubblica di Montefiorino, Il Mulino, Bologna 1966, p. 644. &#8211; M. MARTELLI, Una guerra, due resistenze, cit., p. 277. &#8211; AA.VV., Torniamo a San Valentino, cit., pp. 5-6. &#8211; \u00abLa tragica fine di Rolando Rivi\u00bb, in Avvenire, del 25 aprile 1985, p. 9. &#8211; \u00abA 45 anni dall&#8217;uccisione delseminarista Rolando Rivi\u00bb, in La Voce del Seminario (trimestrale &#8211; Modena), gennaio-febbraio-marzo 1990, p. 38. &#8211; \u00abDon Pessina non fu il solo\u00bb, in &gt;Il nostro tempo, Torino, 22 settembre 1991, p. 1.<\/p>\n","protected":false},"excerpt":{"rendered":"<p>testo tratto da: P. RISSO, Rolando Rivi, un ragazzo per Ges\u00f9, Camposampiero (PD): del noce 1997, pp. 47-60. Si possono richidere copie dell&#8217;intera biografia presso le Edizioni del noce, tel: e fax: 049\/9302012. IL SANGUE PER GES\u00d9 seminarista quattordicenne ucciso dai partigiani comunisti I genitori gli dicevano: \u00abTogliti la veste nera. Non portarla per ora&#8230; &hellip; <\/p>\n<p><a class=\"more-link btn\" href=\"https:\/\/www.rassegnastampa-totustuus.it\/cattolica\/rolando-rivi-7-gennaio-1931-13-aprile-1945\/\">Continua a leggere<\/a><\/p>\n","protected":false},"author":6,"featured_media":32257,"comment_status":"closed","ping_status":"open","sticky":false,"template":"","format":"standard","meta":{"footnotes":""},"categories":[5,82,100],"tags":[1196],"class_list":["post-1831","post","type-post","status-publish","format-standard","has-post-thumbnail","hentry","category-chiesa","category-comunismo-in-italia","category-resistenza","tag-rolando-rivi","item-wrap"],"yoast_head":"<!-- This site is optimized with the Yoast SEO plugin v27.5 - https:\/\/yoast.com\/product\/yoast-seo-wordpress\/ -->\n<title>Rolando Rivi (7 gennaio 1931 - 13 aprile 1945) - Rassegna Stampa Cattolica<\/title>\n<meta name=\"description\" content=\"Rassegna Stampa Cattolica - Per una cultura che nasce dalla Rivelazione cristiana in conformit\u00e0 alla tradizione e al Magistero della Chiesa in opposizione ad ogni relativismo e totalitarismo\" \/>\n<meta name=\"robots\" content=\"index, follow, max-snippet:-1, max-image-preview:large, max-video-preview:-1\" \/>\n<link rel=\"canonical\" href=\"https:\/\/www.rassegnastampa-totustuus.it\/cattolica\/rolando-rivi-7-gennaio-1931-13-aprile-1945\/\" \/>\n<meta property=\"og:locale\" content=\"it_IT\" \/>\n<meta property=\"og:type\" content=\"article\" \/>\n<meta property=\"og:title\" content=\"Rolando Rivi (7 gennaio 1931 - 13 aprile 1945) - Rassegna Stampa Cattolica\" \/>\n<meta property=\"og:description\" content=\"Rassegna Stampa Cattolica - Per una cultura che nasce dalla Rivelazione cristiana in conformit\u00e0 alla tradizione e al Magistero della Chiesa in opposizione ad ogni relativismo e totalitarismo\" \/>\n<meta property=\"og:url\" content=\"https:\/\/www.rassegnastampa-totustuus.it\/cattolica\/rolando-rivi-7-gennaio-1931-13-aprile-1945\/\" \/>\n<meta property=\"og:site_name\" content=\"Rassegna Stampa Cattolica\" \/>\n<meta property=\"article:publisher\" content=\"https:\/\/www.facebook.com\/rassegnastampacattolica\" \/>\n<meta property=\"article:published_time\" content=\"2006-01-31T15:56:23+00:00\" \/>\n<meta property=\"article:modified_time\" content=\"2021-11-29T14:28:46+00:00\" \/>\n<meta property=\"og:image\" content=\"https:\/\/www.rassegnastampa-totustuus.it\/cattolica\/wp-content\/uploads\/2006\/01\/Rolando_Rivi.jpg\" \/>\n\t<meta property=\"og:image:width\" content=\"223\" \/>\n\t<meta property=\"og:image:height\" content=\"226\" \/>\n\t<meta property=\"og:image:type\" content=\"image\/jpeg\" \/>\n<meta name=\"author\" content=\"Redazione\" \/>\n<meta name=\"twitter:card\" content=\"summary_large_image\" \/>\n<meta name=\"twitter:creator\" content=\"@rassegnastampa9\" \/>\n<meta name=\"twitter:site\" content=\"@rassegnastampa9\" \/>\n<meta name=\"twitter:label1\" content=\"Scritto da\" \/>\n\t<meta name=\"twitter:data1\" content=\"Redazione\" \/>\n\t<meta name=\"twitter:label2\" content=\"Tempo di lettura stimato\" \/>\n\t<meta name=\"twitter:data2\" content=\"15 minuti\" \/>\n<script type=\"application\/ld+json\" class=\"yoast-schema-graph\">{\"@context\":\"https:\\\/\\\/schema.org\",\"@graph\":[{\"@type\":\"Article\",\"@id\":\"https:\\\/\\\/www.rassegnastampa-totustuus.it\\\/cattolica\\\/rolando-rivi-7-gennaio-1931-13-aprile-1945\\\/#article\",\"isPartOf\":{\"@id\":\"https:\\\/\\\/www.rassegnastampa-totustuus.it\\\/cattolica\\\/rolando-rivi-7-gennaio-1931-13-aprile-1945\\\/\"},\"author\":{\"name\":\"Redazione\",\"@id\":\"https:\\\/\\\/www.rassegnastampa-totustuus.it\\\/cattolica\\\/#\\\/schema\\\/person\\\/08f319d2bd1a0904ad9e2bfb7b15e5c3\"},\"headline\":\"Rolando Rivi (7 gennaio 1931 &#8211; 13 aprile 1945)\",\"datePublished\":\"2006-01-31T15:56:23+00:00\",\"dateModified\":\"2021-11-29T14:28:46+00:00\",\"mainEntityOfPage\":{\"@id\":\"https:\\\/\\\/www.rassegnastampa-totustuus.it\\\/cattolica\\\/rolando-rivi-7-gennaio-1931-13-aprile-1945\\\/\"},\"wordCount\":3010,\"publisher\":{\"@id\":\"https:\\\/\\\/www.rassegnastampa-totustuus.it\\\/cattolica\\\/#organization\"},\"image\":{\"@id\":\"https:\\\/\\\/www.rassegnastampa-totustuus.it\\\/cattolica\\\/rolando-rivi-7-gennaio-1931-13-aprile-1945\\\/#primaryimage\"},\"thumbnailUrl\":\"https:\\\/\\\/www.rassegnastampa-totustuus.it\\\/cattolica\\\/wp-content\\\/uploads\\\/2006\\\/01\\\/Rolando_Rivi.jpg\",\"keywords\":[\"Rolando Rivi\"],\"articleSection\":[\"Chiesa\",\"Comunismo in Italia\",\"Resistenza\"],\"inLanguage\":\"it-IT\"},{\"@type\":\"WebPage\",\"@id\":\"https:\\\/\\\/www.rassegnastampa-totustuus.it\\\/cattolica\\\/rolando-rivi-7-gennaio-1931-13-aprile-1945\\\/\",\"url\":\"https:\\\/\\\/www.rassegnastampa-totustuus.it\\\/cattolica\\\/rolando-rivi-7-gennaio-1931-13-aprile-1945\\\/\",\"name\":\"Rolando Rivi (7 gennaio 1931 - 13 aprile 1945) - Rassegna Stampa Cattolica\",\"isPartOf\":{\"@id\":\"https:\\\/\\\/www.rassegnastampa-totustuus.it\\\/cattolica\\\/#website\"},\"primaryImageOfPage\":{\"@id\":\"https:\\\/\\\/www.rassegnastampa-totustuus.it\\\/cattolica\\\/rolando-rivi-7-gennaio-1931-13-aprile-1945\\\/#primaryimage\"},\"image\":{\"@id\":\"https:\\\/\\\/www.rassegnastampa-totustuus.it\\\/cattolica\\\/rolando-rivi-7-gennaio-1931-13-aprile-1945\\\/#primaryimage\"},\"thumbnailUrl\":\"https:\\\/\\\/www.rassegnastampa-totustuus.it\\\/cattolica\\\/wp-content\\\/uploads\\\/2006\\\/01\\\/Rolando_Rivi.jpg\",\"datePublished\":\"2006-01-31T15:56:23+00:00\",\"dateModified\":\"2021-11-29T14:28:46+00:00\",\"description\":\"Rassegna Stampa Cattolica - Per una cultura che nasce dalla Rivelazione cristiana in conformit\u00e0 alla tradizione e al Magistero della Chiesa in opposizione ad ogni relativismo e totalitarismo\",\"breadcrumb\":{\"@id\":\"https:\\\/\\\/www.rassegnastampa-totustuus.it\\\/cattolica\\\/rolando-rivi-7-gennaio-1931-13-aprile-1945\\\/#breadcrumb\"},\"inLanguage\":\"it-IT\",\"potentialAction\":[{\"@type\":\"ReadAction\",\"target\":[\"https:\\\/\\\/www.rassegnastampa-totustuus.it\\\/cattolica\\\/rolando-rivi-7-gennaio-1931-13-aprile-1945\\\/\"]}]},{\"@type\":\"ImageObject\",\"inLanguage\":\"it-IT\",\"@id\":\"https:\\\/\\\/www.rassegnastampa-totustuus.it\\\/cattolica\\\/rolando-rivi-7-gennaio-1931-13-aprile-1945\\\/#primaryimage\",\"url\":\"https:\\\/\\\/www.rassegnastampa-totustuus.it\\\/cattolica\\\/wp-content\\\/uploads\\\/2006\\\/01\\\/Rolando_Rivi.jpg\",\"contentUrl\":\"https:\\\/\\\/www.rassegnastampa-totustuus.it\\\/cattolica\\\/wp-content\\\/uploads\\\/2006\\\/01\\\/Rolando_Rivi.jpg\",\"width\":223,\"height\":226},{\"@type\":\"BreadcrumbList\",\"@id\":\"https:\\\/\\\/www.rassegnastampa-totustuus.it\\\/cattolica\\\/rolando-rivi-7-gennaio-1931-13-aprile-1945\\\/#breadcrumb\",\"itemListElement\":[{\"@type\":\"ListItem\",\"position\":1,\"name\":\"Home\",\"item\":\"https:\\\/\\\/www.rassegnastampa-totustuus.it\\\/cattolica\\\/\"},{\"@type\":\"ListItem\",\"position\":2,\"name\":\"Rolando Rivi (7 gennaio 1931 &#8211; 13 aprile 1945)\"}]},{\"@type\":\"WebSite\",\"@id\":\"https:\\\/\\\/www.rassegnastampa-totustuus.it\\\/cattolica\\\/#website\",\"url\":\"https:\\\/\\\/www.rassegnastampa-totustuus.it\\\/cattolica\\\/\",\"name\":\"Rassegna Stampa Cattolica\",\"description\":\"Per una cultura che nasce dalla Rivelazione cristiana in conformit\u00e0 alla tradizione e al Magistero della Chiesa in opposizione ad ogni relativismo e totalitarismo\",\"publisher\":{\"@id\":\"https:\\\/\\\/www.rassegnastampa-totustuus.it\\\/cattolica\\\/#organization\"},\"alternateName\":\"Rass. Cattolica\",\"potentialAction\":[{\"@type\":\"SearchAction\",\"target\":{\"@type\":\"EntryPoint\",\"urlTemplate\":\"https:\\\/\\\/www.rassegnastampa-totustuus.it\\\/cattolica\\\/?s={search_term_string}\"},\"query-input\":{\"@type\":\"PropertyValueSpecification\",\"valueRequired\":true,\"valueName\":\"search_term_string\"}}],\"inLanguage\":\"it-IT\"},{\"@type\":\"Organization\",\"@id\":\"https:\\\/\\\/www.rassegnastampa-totustuus.it\\\/cattolica\\\/#organization\",\"name\":\"Rassegna Stampa Cattolica\",\"url\":\"https:\\\/\\\/www.rassegnastampa-totustuus.it\\\/cattolica\\\/\",\"logo\":{\"@type\":\"ImageObject\",\"inLanguage\":\"it-IT\",\"@id\":\"https:\\\/\\\/www.rassegnastampa-totustuus.it\\\/cattolica\\\/#\\\/schema\\\/logo\\\/image\\\/\",\"url\":\"https:\\\/\\\/www.rassegnastampa-totustuus.it\\\/cattolica\\\/wp-content\\\/uploads\\\/2014\\\/04\\\/logo-rassegna1.gif\",\"contentUrl\":\"https:\\\/\\\/www.rassegnastampa-totustuus.it\\\/cattolica\\\/wp-content\\\/uploads\\\/2014\\\/04\\\/logo-rassegna1.gif\",\"width\":600,\"height\":163,\"caption\":\"Rassegna Stampa Cattolica\"},\"image\":{\"@id\":\"https:\\\/\\\/www.rassegnastampa-totustuus.it\\\/cattolica\\\/#\\\/schema\\\/logo\\\/image\\\/\"},\"sameAs\":[\"https:\\\/\\\/www.facebook.com\\\/rassegnastampacattolica\",\"https:\\\/\\\/x.com\\\/rassegnastampa9\"]},{\"@type\":\"Person\",\"@id\":\"https:\\\/\\\/www.rassegnastampa-totustuus.it\\\/cattolica\\\/#\\\/schema\\\/person\\\/08f319d2bd1a0904ad9e2bfb7b15e5c3\",\"name\":\"Redazione\",\"image\":{\"@type\":\"ImageObject\",\"inLanguage\":\"it-IT\",\"@id\":\"https:\\\/\\\/secure.gravatar.com\\\/avatar\\\/2fcdf27c78ea025fbdb44e914cc63c72249ffec9dc8aafd5c82b26240ef3f346?s=96&d=mm&r=g\",\"url\":\"https:\\\/\\\/secure.gravatar.com\\\/avatar\\\/2fcdf27c78ea025fbdb44e914cc63c72249ffec9dc8aafd5c82b26240ef3f346?s=96&d=mm&r=g\",\"contentUrl\":\"https:\\\/\\\/secure.gravatar.com\\\/avatar\\\/2fcdf27c78ea025fbdb44e914cc63c72249ffec9dc8aafd5c82b26240ef3f346?s=96&d=mm&r=g\",\"caption\":\"Redazione\"},\"url\":\"https:\\\/\\\/www.rassegnastampa-totustuus.it\\\/cattolica\\\/author\\\/pietroelle\\\/\"}]}<\/script>\n<!-- \/ Yoast SEO plugin. -->","yoast_head_json":{"title":"Rolando Rivi (7 gennaio 1931 - 13 aprile 1945) - Rassegna Stampa Cattolica","description":"Rassegna Stampa Cattolica - Per una cultura che nasce dalla Rivelazione cristiana in conformit\u00e0 alla tradizione e al Magistero della Chiesa in opposizione ad ogni relativismo e totalitarismo","robots":{"index":"index","follow":"follow","max-snippet":"max-snippet:-1","max-image-preview":"max-image-preview:large","max-video-preview":"max-video-preview:-1"},"canonical":"https:\/\/www.rassegnastampa-totustuus.it\/cattolica\/rolando-rivi-7-gennaio-1931-13-aprile-1945\/","og_locale":"it_IT","og_type":"article","og_title":"Rolando Rivi (7 gennaio 1931 - 13 aprile 1945) - Rassegna Stampa Cattolica","og_description":"Rassegna Stampa Cattolica - Per una cultura che nasce dalla Rivelazione cristiana in conformit\u00e0 alla tradizione e al Magistero della Chiesa in opposizione ad ogni relativismo e totalitarismo","og_url":"https:\/\/www.rassegnastampa-totustuus.it\/cattolica\/rolando-rivi-7-gennaio-1931-13-aprile-1945\/","og_site_name":"Rassegna Stampa Cattolica","article_publisher":"https:\/\/www.facebook.com\/rassegnastampacattolica","article_published_time":"2006-01-31T15:56:23+00:00","article_modified_time":"2021-11-29T14:28:46+00:00","og_image":[{"width":223,"height":226,"url":"https:\/\/www.rassegnastampa-totustuus.it\/cattolica\/wp-content\/uploads\/2006\/01\/Rolando_Rivi.jpg","type":"image\/jpeg"}],"author":"Redazione","twitter_card":"summary_large_image","twitter_creator":"@rassegnastampa9","twitter_site":"@rassegnastampa9","twitter_misc":{"Scritto da":"Redazione","Tempo di lettura stimato":"15 minuti"},"schema":{"@context":"https:\/\/schema.org","@graph":[{"@type":"Article","@id":"https:\/\/www.rassegnastampa-totustuus.it\/cattolica\/rolando-rivi-7-gennaio-1931-13-aprile-1945\/#article","isPartOf":{"@id":"https:\/\/www.rassegnastampa-totustuus.it\/cattolica\/rolando-rivi-7-gennaio-1931-13-aprile-1945\/"},"author":{"name":"Redazione","@id":"https:\/\/www.rassegnastampa-totustuus.it\/cattolica\/#\/schema\/person\/08f319d2bd1a0904ad9e2bfb7b15e5c3"},"headline":"Rolando Rivi (7 gennaio 1931 &#8211; 13 aprile 1945)","datePublished":"2006-01-31T15:56:23+00:00","dateModified":"2021-11-29T14:28:46+00:00","mainEntityOfPage":{"@id":"https:\/\/www.rassegnastampa-totustuus.it\/cattolica\/rolando-rivi-7-gennaio-1931-13-aprile-1945\/"},"wordCount":3010,"publisher":{"@id":"https:\/\/www.rassegnastampa-totustuus.it\/cattolica\/#organization"},"image":{"@id":"https:\/\/www.rassegnastampa-totustuus.it\/cattolica\/rolando-rivi-7-gennaio-1931-13-aprile-1945\/#primaryimage"},"thumbnailUrl":"https:\/\/www.rassegnastampa-totustuus.it\/cattolica\/wp-content\/uploads\/2006\/01\/Rolando_Rivi.jpg","keywords":["Rolando Rivi"],"articleSection":["Chiesa","Comunismo in Italia","Resistenza"],"inLanguage":"it-IT"},{"@type":"WebPage","@id":"https:\/\/www.rassegnastampa-totustuus.it\/cattolica\/rolando-rivi-7-gennaio-1931-13-aprile-1945\/","url":"https:\/\/www.rassegnastampa-totustuus.it\/cattolica\/rolando-rivi-7-gennaio-1931-13-aprile-1945\/","name":"Rolando Rivi (7 gennaio 1931 - 13 aprile 1945) - Rassegna Stampa Cattolica","isPartOf":{"@id":"https:\/\/www.rassegnastampa-totustuus.it\/cattolica\/#website"},"primaryImageOfPage":{"@id":"https:\/\/www.rassegnastampa-totustuus.it\/cattolica\/rolando-rivi-7-gennaio-1931-13-aprile-1945\/#primaryimage"},"image":{"@id":"https:\/\/www.rassegnastampa-totustuus.it\/cattolica\/rolando-rivi-7-gennaio-1931-13-aprile-1945\/#primaryimage"},"thumbnailUrl":"https:\/\/www.rassegnastampa-totustuus.it\/cattolica\/wp-content\/uploads\/2006\/01\/Rolando_Rivi.jpg","datePublished":"2006-01-31T15:56:23+00:00","dateModified":"2021-11-29T14:28:46+00:00","description":"Rassegna Stampa Cattolica - Per una cultura che nasce dalla Rivelazione cristiana in conformit\u00e0 alla tradizione e al Magistero della Chiesa in opposizione ad ogni relativismo e totalitarismo","breadcrumb":{"@id":"https:\/\/www.rassegnastampa-totustuus.it\/cattolica\/rolando-rivi-7-gennaio-1931-13-aprile-1945\/#breadcrumb"},"inLanguage":"it-IT","potentialAction":[{"@type":"ReadAction","target":["https:\/\/www.rassegnastampa-totustuus.it\/cattolica\/rolando-rivi-7-gennaio-1931-13-aprile-1945\/"]}]},{"@type":"ImageObject","inLanguage":"it-IT","@id":"https:\/\/www.rassegnastampa-totustuus.it\/cattolica\/rolando-rivi-7-gennaio-1931-13-aprile-1945\/#primaryimage","url":"https:\/\/www.rassegnastampa-totustuus.it\/cattolica\/wp-content\/uploads\/2006\/01\/Rolando_Rivi.jpg","contentUrl":"https:\/\/www.rassegnastampa-totustuus.it\/cattolica\/wp-content\/uploads\/2006\/01\/Rolando_Rivi.jpg","width":223,"height":226},{"@type":"BreadcrumbList","@id":"https:\/\/www.rassegnastampa-totustuus.it\/cattolica\/rolando-rivi-7-gennaio-1931-13-aprile-1945\/#breadcrumb","itemListElement":[{"@type":"ListItem","position":1,"name":"Home","item":"https:\/\/www.rassegnastampa-totustuus.it\/cattolica\/"},{"@type":"ListItem","position":2,"name":"Rolando Rivi (7 gennaio 1931 &#8211; 13 aprile 1945)"}]},{"@type":"WebSite","@id":"https:\/\/www.rassegnastampa-totustuus.it\/cattolica\/#website","url":"https:\/\/www.rassegnastampa-totustuus.it\/cattolica\/","name":"Rassegna Stampa Cattolica","description":"Per una cultura che nasce dalla Rivelazione cristiana in conformit\u00e0 alla tradizione e al Magistero della Chiesa in opposizione ad ogni relativismo e totalitarismo","publisher":{"@id":"https:\/\/www.rassegnastampa-totustuus.it\/cattolica\/#organization"},"alternateName":"Rass. Cattolica","potentialAction":[{"@type":"SearchAction","target":{"@type":"EntryPoint","urlTemplate":"https:\/\/www.rassegnastampa-totustuus.it\/cattolica\/?s={search_term_string}"},"query-input":{"@type":"PropertyValueSpecification","valueRequired":true,"valueName":"search_term_string"}}],"inLanguage":"it-IT"},{"@type":"Organization","@id":"https:\/\/www.rassegnastampa-totustuus.it\/cattolica\/#organization","name":"Rassegna Stampa Cattolica","url":"https:\/\/www.rassegnastampa-totustuus.it\/cattolica\/","logo":{"@type":"ImageObject","inLanguage":"it-IT","@id":"https:\/\/www.rassegnastampa-totustuus.it\/cattolica\/#\/schema\/logo\/image\/","url":"https:\/\/www.rassegnastampa-totustuus.it\/cattolica\/wp-content\/uploads\/2014\/04\/logo-rassegna1.gif","contentUrl":"https:\/\/www.rassegnastampa-totustuus.it\/cattolica\/wp-content\/uploads\/2014\/04\/logo-rassegna1.gif","width":600,"height":163,"caption":"Rassegna Stampa Cattolica"},"image":{"@id":"https:\/\/www.rassegnastampa-totustuus.it\/cattolica\/#\/schema\/logo\/image\/"},"sameAs":["https:\/\/www.facebook.com\/rassegnastampacattolica","https:\/\/x.com\/rassegnastampa9"]},{"@type":"Person","@id":"https:\/\/www.rassegnastampa-totustuus.it\/cattolica\/#\/schema\/person\/08f319d2bd1a0904ad9e2bfb7b15e5c3","name":"Redazione","image":{"@type":"ImageObject","inLanguage":"it-IT","@id":"https:\/\/secure.gravatar.com\/avatar\/2fcdf27c78ea025fbdb44e914cc63c72249ffec9dc8aafd5c82b26240ef3f346?s=96&d=mm&r=g","url":"https:\/\/secure.gravatar.com\/avatar\/2fcdf27c78ea025fbdb44e914cc63c72249ffec9dc8aafd5c82b26240ef3f346?s=96&d=mm&r=g","contentUrl":"https:\/\/secure.gravatar.com\/avatar\/2fcdf27c78ea025fbdb44e914cc63c72249ffec9dc8aafd5c82b26240ef3f346?s=96&d=mm&r=g","caption":"Redazione"},"url":"https:\/\/www.rassegnastampa-totustuus.it\/cattolica\/author\/pietroelle\/"}]}},"_links":{"self":[{"href":"https:\/\/www.rassegnastampa-totustuus.it\/cattolica\/wp-json\/wp\/v2\/posts\/1831","targetHints":{"allow":["GET"]}}],"collection":[{"href":"https:\/\/www.rassegnastampa-totustuus.it\/cattolica\/wp-json\/wp\/v2\/posts"}],"about":[{"href":"https:\/\/www.rassegnastampa-totustuus.it\/cattolica\/wp-json\/wp\/v2\/types\/post"}],"author":[{"embeddable":true,"href":"https:\/\/www.rassegnastampa-totustuus.it\/cattolica\/wp-json\/wp\/v2\/users\/6"}],"replies":[{"embeddable":true,"href":"https:\/\/www.rassegnastampa-totustuus.it\/cattolica\/wp-json\/wp\/v2\/comments?post=1831"}],"version-history":[{"count":6,"href":"https:\/\/www.rassegnastampa-totustuus.it\/cattolica\/wp-json\/wp\/v2\/posts\/1831\/revisions"}],"predecessor-version":[{"id":53111,"href":"https:\/\/www.rassegnastampa-totustuus.it\/cattolica\/wp-json\/wp\/v2\/posts\/1831\/revisions\/53111"}],"wp:featuredmedia":[{"embeddable":true,"href":"https:\/\/www.rassegnastampa-totustuus.it\/cattolica\/wp-json\/wp\/v2\/media\/32257"}],"wp:attachment":[{"href":"https:\/\/www.rassegnastampa-totustuus.it\/cattolica\/wp-json\/wp\/v2\/media?parent=1831"}],"wp:term":[{"taxonomy":"category","embeddable":true,"href":"https:\/\/www.rassegnastampa-totustuus.it\/cattolica\/wp-json\/wp\/v2\/categories?post=1831"},{"taxonomy":"post_tag","embeddable":true,"href":"https:\/\/www.rassegnastampa-totustuus.it\/cattolica\/wp-json\/wp\/v2\/tags?post=1831"}],"curies":[{"name":"wp","href":"https:\/\/api.w.org\/{rel}","templated":true}]}}