{"id":18202,"date":"2015-02-05T11:29:13","date_gmt":"2015-02-05T10:29:13","guid":{"rendered":"http:\/\/www.rassegnastampa-totustuus.it\/cattolica\/?p=18202"},"modified":"2015-02-05T11:29:13","modified_gmt":"2015-02-05T10:29:13","slug":"quando-le-brigate-rosse-uccisero-il-giudice-alessandrini","status":"publish","type":"post","link":"https:\/\/www.rassegnastampa-totustuus.it\/cattolica\/quando-le-brigate-rosse-uccisero-il-giudice-alessandrini\/","title":{"rendered":"Quando le Brigate Rosse uccisero il giudice Alessandrini"},"content":{"rendered":"<p style=\"text-align: center;\"><strong><a href=\"https:\/\/www.rassegnastampa-totustuus.it\/cattolica\/wp-content\/uploads\/2015\/02\/Emilio-Alessandrini.jpg\"><img loading=\"lazy\" decoding=\"async\" class=\"alignright wp-image-18203\" src=\"https:\/\/www.rassegnastampa-totustuus.it\/cattolica\/wp-content\/uploads\/2015\/02\/Emilio-Alessandrini.jpg\" alt=\"Emilio Alessandrini\" width=\"241\" height=\"209\" \/><\/a>La Nuova Bussola quotidiana<\/strong><\/p>\n<p style=\"text-align: center;\">29 gennaio 2015<\/p>\n<p style=\"text-align: center;\">di <strong>Giuseppe Brienza<\/strong><\/p>\n<p style=\"text-align: justify;\">In un mondo politico-giudiziario nel quale abbondano corrotti ed imboscati, \u00e8 doveroso rievocare l\u2019esempio di dedizione e servizio del giudice Emilio Alessandrini (1942-1979), \u00abuno dei magistrati migliori che Milano abbia mai avuto\u00bb, l\u2019ha definito Mario Calabresi, figlio di un altro grande uomo di Stato come Luigi Calabresi (1937-1972). Il giudice Alessandrini, come l\u2019eroico commissario di Polizia, \u00e8 stato assassinato a Milano il 29 gennaio 1979, a sangue freddo, da un commando di terroristi rossi.<\/p>\n<p style=\"text-align: justify;\"><!--more--><\/p>\n<p style=\"text-align: justify;\"><strong>Uno dei due killer appartenenti al gruppo comunista di <\/strong><em><strong>Prima Linea<\/strong><\/em><strong>, <\/strong>ha anche pubblicato un libro, <em>Miccia corta<\/em>, sulla sua esperienza della \u201clotta armata\u201d. Da questa \u201cepopea\u201d, com\u2019\u00e8 spesso capitato di sentirla definire nel nostro Paese negli ultimi decenni, \u00e8 stato poi tratto un film che, lo stesso figlio del giudice, Marco Alessandrini, ha giudicato \u00absuperficiale, come superficiali erano quei terroristi degli anni Settanta [\u2026]: dei deficienti, degli idioti in senso tecnico che giocavano alla guerra. Solo noi sappiamo quanto devastanti sono state le conseguenze dei loro gesti irresponsabili\u00bb (Io, mio padre e gli eroi sconfitti di <em>Prima Linea<\/em>, in La Stampa, 13 novembre 2009).<\/p>\n<p style=\"text-align: justify;\">L\u2019omicidio del valente giudice di origine abruzzese segn\u00f2 il punto di non ritorno nella storia di sangue del gruppo terrorista artefice dell\u2019attentato, facendogli perdere ogni sostegno perch\u00e9, colpendo la persona di Alessandrini, veniva violato un esempio universalmente riconosciuto di integrit\u00e0 morale e competenza. Ci\u00f2 \u00e8 tanto vero che, nei filmati di repertorio, chiunque pu\u00f2 vedere ancora oggi la folla immensa che accompagna la bara del magistrato portata per i funerali nel Duomo di Milano.<\/p>\n<p style=\"text-align: justify;\"><strong>La morte del giudice suggell\u00f2 il culmine dell\u2019escalation degli omicidi di matrice terroristica in<\/strong> Italia<strong>:<\/strong> dieci furono, infatti, i morti innocenti per mano comunista nel 1976, 13 nel 1977 e, appunto, 35 nel 1978. Tutti omicidi compiuti con una naturalezza e, spesso, senza rimorso. Anzi, a distanza di anni, la mitizzazione prosegue nei film, nelle rievocazioni, diari, interviste etc.<\/p>\n<p style=\"text-align: justify;\">Nella poesia <em>Gli attentatori<\/em> del premio Nobel Wislawa Szymborska (1923-2012), l\u2019animo di questi assassini \u00e8 invece cos\u00ec denunciato con parole tanto evocative quanto realistiche: \u00abPer giorni interi pensano a come uccidere [&#8230;] e a quanti ucciderne [&#8230;]. Oltre a ci\u00f2 mangiano con appetito i loro cibi [&#8230;], si lavano [&#8230;], telefonano [&#8230;], scherzano un po\u2019 [&#8230;], guardano la luna e le stelle [&#8230;] e dormono saporitamente fino all\u2019alba, purch\u00e9 ci\u00f2 che hanno in mente non si debba far di notte\u00bb.<\/p>\n<p style=\"text-align: justify;\"><strong>La scena dell\u2019attentato ad Alessandrini, forse pi\u00f9 di altri, ebbe uno svolgimento davvero terribile.<\/strong> L\u2019abbiamo rivista nella fiction sull\u2019avvocato Giorgio Ambrosoli <em>Qualunque cosa succeda,<\/em> andata in onda su Rai Uno con Pierfrancesco Favino il 1\u00b0 e 2 dicembre 2014. Parte dalla figura di un bambino di scuola elementare che, tutto contento, si vede scendere con la sua cartella blu in spalla da una modesta automobile, una Renault 5. \u00c9 il piccolo Marco Alessandrini, figlio del giudice che sarebbe stato ammazzato di l\u00ec a poco, che ogni mattina lo accompagnava personalmente fino all\u2019ingresso di scuola, prima di recarsi in Procura.<\/p>\n<p style=\"text-align: justify;\">Ecco quindi l\u2019uomo che si china amorevolmente verso il figlio per compiere quel gesto, comune ma indimenticabile, di un bacio e di una parola di incoraggiamento per una giornata di studio che gli servir\u00e0, una volta cresciuto, a sostenere la famiglia ed edificare la comunit\u00e0. Pur pressato da gravosi e pesanti incarichi, Alessandrini non veniva mai meno a questo quotidiano appuntamento con la sua indispensabile missione di marito e padre. Il sostituto procuratore di Milano, che allora aveva appena 39 anni, si dirige quindi in macchina verso l\u2019incrocio dove lo avrebbero ammazzato.<\/p>\n<p style=\"text-align: justify;\"><strong>Nel corso della sua carriera si era occupato delle inchieste pi\u00f9 scottanti, da quelle sul terrorismo di <\/strong>sinistra agli scandali finanziari del Banco Ambrosiano, dalle investigazioni sui servizi segreti \u201cdeviati\u201d alla strage provocata con l\u2019attentato alla sede milanese della Banca Nazionale dell\u2019Agricoltura di Piazza Fontana. Da tutto ci\u00f2 gliene era ritornata una \u201cesposizione\u201d pubblica non indifferente, come testimonia fra l\u2019altro il libro <em>Fiasconaro e Alessandrini accusano: la requisitoria su la strage di piazza Fontana e le bombe del &#8217;69<\/em>, pubblicato nel 1974 dai due giornalisti Roberto Pesenti e Marco Sassano (Marsilio editore).<\/p>\n<p style=\"text-align: justify;\">Chi lo ha conosciuto personalmente lo ricorda come una persona equilibrata e seria, sempre disponibile, un \u201cpunto di riferimento\u201d, specie per i colleghi pi\u00f9 giovani. Chi ha lavorato con lui, ricorda come, nel suo ufficio, Alessandrini teneva gelosamente un Codice di procedura penale commentato dal celebre avvocato Gian Domenico Pisapia (1915-1995). Nella prima pagina c\u2019era una dedica che spesso rivedeva, e che ne riassume l\u2019identit\u00e0 di uomo e Italiano: \u201cAl dott. Alessandrini, maestro di diritto e di vita. G. D. Pisapia\u201d.<\/p>\n<p style=\"text-align: justify;\"><strong>A Penne, in provincia di Pescara, la sua citt\u00e0 natale, gli \u00e8 stata dedicata una piazza. A Trento ad <\/strong>Alessandrini \u00e8 stata intitolata un\u2019aula del Palazzo di Giustizia. Di recente, il presidente dell\u2019Associazione Emilio Alessandrini, Ennio Di Francesco, ha indirizzato all\u2019allora Presidente della Repubblica Giorgio Napolitano una lettera che, in segno di speranza, ha cos\u00ec concluso: \u00abIl nostro Paese pu\u00f2 contare sugli antivirus nati dalla memoria dei Caduti per impuniti tentativi di eversione stragista; sul sacrificio dei Falcone, Cassar\u00e0, Borsellino, Ambrosoli, Dalla Chiesa, Alessandrini, Emanuela Loi, Custra, Varisco e degli altri \u201cServitori dello Stato\u201d che hanno dato la vita per la democrazia; nei magistrati e tutori dell\u2019ordine che ne continuano l\u2019impegno; in quella \u201cpassione eversiva\u201d che papa Francesco spande nelle coscienze con la sua <em>Evangelii Gaudium<\/em>\u00bb.<\/p>\n","protected":false},"excerpt":{"rendered":"<p>La Nuova Bussola quotidiana 29 gennaio 2015 di Giuseppe Brienza In un mondo politico-giudiziario nel quale abbondano corrotti ed imboscati, \u00e8 doveroso rievocare l\u2019esempio di dedizione e servizio del giudice Emilio Alessandrini (1942-1979), \u00abuno dei magistrati migliori che Milano abbia mai avuto\u00bb, l\u2019ha definito Mario Calabresi, figlio di un altro grande uomo di Stato come &hellip; <\/p>\n<p><a class=\"more-link btn\" href=\"https:\/\/www.rassegnastampa-totustuus.it\/cattolica\/quando-le-brigate-rosse-uccisero-il-giudice-alessandrini\/\">Continua a leggere<\/a><\/p>\n","protected":false},"author":6,"featured_media":18203,"comment_status":"closed","ping_status":"closed","sticky":false,"template":"","format":"standard","meta":{"footnotes":""},"categories":[82],"tags":[1141],"class_list":["post-18202","post","type-post","status-publish","format-standard","has-post-thumbnail","hentry","category-comunismo-in-italia","tag-anni-di-piombo","item-wrap"],"yoast_head":"<!-- This site is optimized with the Yoast SEO plugin v27.4 - https:\/\/yoast.com\/product\/yoast-seo-wordpress\/ -->\n<title>Quando le Brigate Rosse uccisero il giudice Alessandrini - Rassegna Stampa Cattolica<\/title>\n<meta name=\"description\" content=\"Rassegna Stampa Cattolica - Per una cultura che nasce dalla Rivelazione cristiana in conformit\u00e0 alla tradizione e al Magistero della Chiesa in opposizione ad ogni relativismo e totalitarismo\" \/>\n<meta name=\"robots\" content=\"index, follow, max-snippet:-1, max-image-preview:large, max-video-preview:-1\" \/>\n<link rel=\"canonical\" href=\"https:\/\/www.rassegnastampa-totustuus.it\/cattolica\/quando-le-brigate-rosse-uccisero-il-giudice-alessandrini\/\" \/>\n<meta property=\"og:locale\" content=\"it_IT\" \/>\n<meta property=\"og:type\" content=\"article\" \/>\n<meta property=\"og:title\" content=\"Quando le Brigate Rosse uccisero il giudice Alessandrini - Rassegna Stampa Cattolica\" \/>\n<meta property=\"og:description\" content=\"Rassegna Stampa Cattolica - Per una cultura che nasce dalla Rivelazione cristiana in conformit\u00e0 alla tradizione e al Magistero della Chiesa in opposizione ad ogni relativismo e totalitarismo\" \/>\n<meta property=\"og:url\" content=\"https:\/\/www.rassegnastampa-totustuus.it\/cattolica\/quando-le-brigate-rosse-uccisero-il-giudice-alessandrini\/\" \/>\n<meta property=\"og:site_name\" content=\"Rassegna Stampa Cattolica\" \/>\n<meta property=\"article:publisher\" content=\"https:\/\/www.facebook.com\/rassegnastampacattolica\" \/>\n<meta property=\"article:published_time\" content=\"2015-02-05T10:29:13+00:00\" \/>\n<meta property=\"og:image\" content=\"https:\/\/www.rassegnastampa-totustuus.it\/cattolica\/wp-content\/uploads\/2015\/02\/Emilio-Alessandrini.jpg\" \/>\n\t<meta property=\"og:image:width\" content=\"241\" \/>\n\t<meta property=\"og:image:height\" content=\"209\" \/>\n\t<meta property=\"og:image:type\" content=\"image\/jpeg\" \/>\n<meta name=\"author\" content=\"Redazione\" \/>\n<meta name=\"twitter:card\" content=\"summary_large_image\" \/>\n<meta name=\"twitter:creator\" content=\"@rassegnastampa9\" \/>\n<meta name=\"twitter:site\" content=\"@rassegnastampa9\" \/>\n<meta name=\"twitter:label1\" content=\"Scritto da\" \/>\n\t<meta name=\"twitter:data1\" content=\"Redazione\" \/>\n\t<meta name=\"twitter:label2\" content=\"Tempo di lettura stimato\" \/>\n\t<meta name=\"twitter:data2\" content=\"4 minuti\" \/>\n<script type=\"application\/ld+json\" class=\"yoast-schema-graph\">{\"@context\":\"https:\\\/\\\/schema.org\",\"@graph\":[{\"@type\":\"Article\",\"@id\":\"https:\\\/\\\/www.rassegnastampa-totustuus.it\\\/cattolica\\\/quando-le-brigate-rosse-uccisero-il-giudice-alessandrini\\\/#article\",\"isPartOf\":{\"@id\":\"https:\\\/\\\/www.rassegnastampa-totustuus.it\\\/cattolica\\\/quando-le-brigate-rosse-uccisero-il-giudice-alessandrini\\\/\"},\"author\":{\"name\":\"Redazione\",\"@id\":\"https:\\\/\\\/www.rassegnastampa-totustuus.it\\\/cattolica\\\/#\\\/schema\\\/person\\\/08f319d2bd1a0904ad9e2bfb7b15e5c3\"},\"headline\":\"Quando le Brigate Rosse uccisero il giudice Alessandrini\",\"datePublished\":\"2015-02-05T10:29:13+00:00\",\"mainEntityOfPage\":{\"@id\":\"https:\\\/\\\/www.rassegnastampa-totustuus.it\\\/cattolica\\\/quando-le-brigate-rosse-uccisero-il-giudice-alessandrini\\\/\"},\"wordCount\":890,\"publisher\":{\"@id\":\"https:\\\/\\\/www.rassegnastampa-totustuus.it\\\/cattolica\\\/#organization\"},\"image\":{\"@id\":\"https:\\\/\\\/www.rassegnastampa-totustuus.it\\\/cattolica\\\/quando-le-brigate-rosse-uccisero-il-giudice-alessandrini\\\/#primaryimage\"},\"thumbnailUrl\":\"https:\\\/\\\/www.rassegnastampa-totustuus.it\\\/cattolica\\\/wp-content\\\/uploads\\\/2015\\\/02\\\/Emilio-Alessandrini.jpg\",\"keywords\":[\"anni di piombo\"],\"articleSection\":[\"Comunismo in Italia\"],\"inLanguage\":\"it-IT\"},{\"@type\":\"WebPage\",\"@id\":\"https:\\\/\\\/www.rassegnastampa-totustuus.it\\\/cattolica\\\/quando-le-brigate-rosse-uccisero-il-giudice-alessandrini\\\/\",\"url\":\"https:\\\/\\\/www.rassegnastampa-totustuus.it\\\/cattolica\\\/quando-le-brigate-rosse-uccisero-il-giudice-alessandrini\\\/\",\"name\":\"Quando le Brigate Rosse uccisero il giudice Alessandrini - Rassegna Stampa Cattolica\",\"isPartOf\":{\"@id\":\"https:\\\/\\\/www.rassegnastampa-totustuus.it\\\/cattolica\\\/#website\"},\"primaryImageOfPage\":{\"@id\":\"https:\\\/\\\/www.rassegnastampa-totustuus.it\\\/cattolica\\\/quando-le-brigate-rosse-uccisero-il-giudice-alessandrini\\\/#primaryimage\"},\"image\":{\"@id\":\"https:\\\/\\\/www.rassegnastampa-totustuus.it\\\/cattolica\\\/quando-le-brigate-rosse-uccisero-il-giudice-alessandrini\\\/#primaryimage\"},\"thumbnailUrl\":\"https:\\\/\\\/www.rassegnastampa-totustuus.it\\\/cattolica\\\/wp-content\\\/uploads\\\/2015\\\/02\\\/Emilio-Alessandrini.jpg\",\"datePublished\":\"2015-02-05T10:29:13+00:00\",\"description\":\"Rassegna Stampa Cattolica - Per una cultura che nasce dalla Rivelazione cristiana in conformit\u00e0 alla tradizione e al Magistero della Chiesa in opposizione ad ogni relativismo e totalitarismo\",\"breadcrumb\":{\"@id\":\"https:\\\/\\\/www.rassegnastampa-totustuus.it\\\/cattolica\\\/quando-le-brigate-rosse-uccisero-il-giudice-alessandrini\\\/#breadcrumb\"},\"inLanguage\":\"it-IT\",\"potentialAction\":[{\"@type\":\"ReadAction\",\"target\":[\"https:\\\/\\\/www.rassegnastampa-totustuus.it\\\/cattolica\\\/quando-le-brigate-rosse-uccisero-il-giudice-alessandrini\\\/\"]}]},{\"@type\":\"ImageObject\",\"inLanguage\":\"it-IT\",\"@id\":\"https:\\\/\\\/www.rassegnastampa-totustuus.it\\\/cattolica\\\/quando-le-brigate-rosse-uccisero-il-giudice-alessandrini\\\/#primaryimage\",\"url\":\"https:\\\/\\\/www.rassegnastampa-totustuus.it\\\/cattolica\\\/wp-content\\\/uploads\\\/2015\\\/02\\\/Emilio-Alessandrini.jpg\",\"contentUrl\":\"https:\\\/\\\/www.rassegnastampa-totustuus.it\\\/cattolica\\\/wp-content\\\/uploads\\\/2015\\\/02\\\/Emilio-Alessandrini.jpg\",\"width\":241,\"height\":209},{\"@type\":\"BreadcrumbList\",\"@id\":\"https:\\\/\\\/www.rassegnastampa-totustuus.it\\\/cattolica\\\/quando-le-brigate-rosse-uccisero-il-giudice-alessandrini\\\/#breadcrumb\",\"itemListElement\":[{\"@type\":\"ListItem\",\"position\":1,\"name\":\"Home\",\"item\":\"https:\\\/\\\/www.rassegnastampa-totustuus.it\\\/cattolica\\\/\"},{\"@type\":\"ListItem\",\"position\":2,\"name\":\"Quando le Brigate Rosse uccisero il giudice Alessandrini\"}]},{\"@type\":\"WebSite\",\"@id\":\"https:\\\/\\\/www.rassegnastampa-totustuus.it\\\/cattolica\\\/#website\",\"url\":\"https:\\\/\\\/www.rassegnastampa-totustuus.it\\\/cattolica\\\/\",\"name\":\"Rassegna Stampa Cattolica\",\"description\":\"Per una cultura che nasce dalla Rivelazione cristiana in conformit\u00e0 alla tradizione e al Magistero della Chiesa in opposizione ad ogni relativismo e totalitarismo\",\"publisher\":{\"@id\":\"https:\\\/\\\/www.rassegnastampa-totustuus.it\\\/cattolica\\\/#organization\"},\"alternateName\":\"Rass. Cattolica\",\"potentialAction\":[{\"@type\":\"SearchAction\",\"target\":{\"@type\":\"EntryPoint\",\"urlTemplate\":\"https:\\\/\\\/www.rassegnastampa-totustuus.it\\\/cattolica\\\/?s={search_term_string}\"},\"query-input\":{\"@type\":\"PropertyValueSpecification\",\"valueRequired\":true,\"valueName\":\"search_term_string\"}}],\"inLanguage\":\"it-IT\"},{\"@type\":\"Organization\",\"@id\":\"https:\\\/\\\/www.rassegnastampa-totustuus.it\\\/cattolica\\\/#organization\",\"name\":\"Rassegna Stampa Cattolica\",\"url\":\"https:\\\/\\\/www.rassegnastampa-totustuus.it\\\/cattolica\\\/\",\"logo\":{\"@type\":\"ImageObject\",\"inLanguage\":\"it-IT\",\"@id\":\"https:\\\/\\\/www.rassegnastampa-totustuus.it\\\/cattolica\\\/#\\\/schema\\\/logo\\\/image\\\/\",\"url\":\"https:\\\/\\\/www.rassegnastampa-totustuus.it\\\/cattolica\\\/wp-content\\\/uploads\\\/2014\\\/04\\\/logo-rassegna1.gif\",\"contentUrl\":\"https:\\\/\\\/www.rassegnastampa-totustuus.it\\\/cattolica\\\/wp-content\\\/uploads\\\/2014\\\/04\\\/logo-rassegna1.gif\",\"width\":600,\"height\":163,\"caption\":\"Rassegna Stampa Cattolica\"},\"image\":{\"@id\":\"https:\\\/\\\/www.rassegnastampa-totustuus.it\\\/cattolica\\\/#\\\/schema\\\/logo\\\/image\\\/\"},\"sameAs\":[\"https:\\\/\\\/www.facebook.com\\\/rassegnastampacattolica\",\"https:\\\/\\\/x.com\\\/rassegnastampa9\"]},{\"@type\":\"Person\",\"@id\":\"https:\\\/\\\/www.rassegnastampa-totustuus.it\\\/cattolica\\\/#\\\/schema\\\/person\\\/08f319d2bd1a0904ad9e2bfb7b15e5c3\",\"name\":\"Redazione\",\"image\":{\"@type\":\"ImageObject\",\"inLanguage\":\"it-IT\",\"@id\":\"https:\\\/\\\/secure.gravatar.com\\\/avatar\\\/2fcdf27c78ea025fbdb44e914cc63c72249ffec9dc8aafd5c82b26240ef3f346?s=96&d=mm&r=g\",\"url\":\"https:\\\/\\\/secure.gravatar.com\\\/avatar\\\/2fcdf27c78ea025fbdb44e914cc63c72249ffec9dc8aafd5c82b26240ef3f346?s=96&d=mm&r=g\",\"contentUrl\":\"https:\\\/\\\/secure.gravatar.com\\\/avatar\\\/2fcdf27c78ea025fbdb44e914cc63c72249ffec9dc8aafd5c82b26240ef3f346?s=96&d=mm&r=g\",\"caption\":\"Redazione\"},\"url\":\"https:\\\/\\\/www.rassegnastampa-totustuus.it\\\/cattolica\\\/author\\\/pietroelle\\\/\"}]}<\/script>\n<!-- \/ Yoast SEO plugin. -->","yoast_head_json":{"title":"Quando le Brigate Rosse uccisero il giudice Alessandrini - Rassegna Stampa Cattolica","description":"Rassegna Stampa Cattolica - Per una cultura che nasce dalla Rivelazione cristiana in conformit\u00e0 alla tradizione e al Magistero della Chiesa in opposizione ad ogni relativismo e totalitarismo","robots":{"index":"index","follow":"follow","max-snippet":"max-snippet:-1","max-image-preview":"max-image-preview:large","max-video-preview":"max-video-preview:-1"},"canonical":"https:\/\/www.rassegnastampa-totustuus.it\/cattolica\/quando-le-brigate-rosse-uccisero-il-giudice-alessandrini\/","og_locale":"it_IT","og_type":"article","og_title":"Quando le Brigate Rosse uccisero il giudice Alessandrini - Rassegna Stampa Cattolica","og_description":"Rassegna Stampa Cattolica - Per una cultura che nasce dalla Rivelazione cristiana in conformit\u00e0 alla tradizione e al Magistero della Chiesa in opposizione ad ogni relativismo e totalitarismo","og_url":"https:\/\/www.rassegnastampa-totustuus.it\/cattolica\/quando-le-brigate-rosse-uccisero-il-giudice-alessandrini\/","og_site_name":"Rassegna Stampa Cattolica","article_publisher":"https:\/\/www.facebook.com\/rassegnastampacattolica","article_published_time":"2015-02-05T10:29:13+00:00","og_image":[{"width":241,"height":209,"url":"https:\/\/www.rassegnastampa-totustuus.it\/cattolica\/wp-content\/uploads\/2015\/02\/Emilio-Alessandrini.jpg","type":"image\/jpeg"}],"author":"Redazione","twitter_card":"summary_large_image","twitter_creator":"@rassegnastampa9","twitter_site":"@rassegnastampa9","twitter_misc":{"Scritto da":"Redazione","Tempo di lettura stimato":"4 minuti"},"schema":{"@context":"https:\/\/schema.org","@graph":[{"@type":"Article","@id":"https:\/\/www.rassegnastampa-totustuus.it\/cattolica\/quando-le-brigate-rosse-uccisero-il-giudice-alessandrini\/#article","isPartOf":{"@id":"https:\/\/www.rassegnastampa-totustuus.it\/cattolica\/quando-le-brigate-rosse-uccisero-il-giudice-alessandrini\/"},"author":{"name":"Redazione","@id":"https:\/\/www.rassegnastampa-totustuus.it\/cattolica\/#\/schema\/person\/08f319d2bd1a0904ad9e2bfb7b15e5c3"},"headline":"Quando le Brigate Rosse uccisero il giudice Alessandrini","datePublished":"2015-02-05T10:29:13+00:00","mainEntityOfPage":{"@id":"https:\/\/www.rassegnastampa-totustuus.it\/cattolica\/quando-le-brigate-rosse-uccisero-il-giudice-alessandrini\/"},"wordCount":890,"publisher":{"@id":"https:\/\/www.rassegnastampa-totustuus.it\/cattolica\/#organization"},"image":{"@id":"https:\/\/www.rassegnastampa-totustuus.it\/cattolica\/quando-le-brigate-rosse-uccisero-il-giudice-alessandrini\/#primaryimage"},"thumbnailUrl":"https:\/\/www.rassegnastampa-totustuus.it\/cattolica\/wp-content\/uploads\/2015\/02\/Emilio-Alessandrini.jpg","keywords":["anni di piombo"],"articleSection":["Comunismo in Italia"],"inLanguage":"it-IT"},{"@type":"WebPage","@id":"https:\/\/www.rassegnastampa-totustuus.it\/cattolica\/quando-le-brigate-rosse-uccisero-il-giudice-alessandrini\/","url":"https:\/\/www.rassegnastampa-totustuus.it\/cattolica\/quando-le-brigate-rosse-uccisero-il-giudice-alessandrini\/","name":"Quando le Brigate Rosse uccisero il giudice Alessandrini - Rassegna Stampa Cattolica","isPartOf":{"@id":"https:\/\/www.rassegnastampa-totustuus.it\/cattolica\/#website"},"primaryImageOfPage":{"@id":"https:\/\/www.rassegnastampa-totustuus.it\/cattolica\/quando-le-brigate-rosse-uccisero-il-giudice-alessandrini\/#primaryimage"},"image":{"@id":"https:\/\/www.rassegnastampa-totustuus.it\/cattolica\/quando-le-brigate-rosse-uccisero-il-giudice-alessandrini\/#primaryimage"},"thumbnailUrl":"https:\/\/www.rassegnastampa-totustuus.it\/cattolica\/wp-content\/uploads\/2015\/02\/Emilio-Alessandrini.jpg","datePublished":"2015-02-05T10:29:13+00:00","description":"Rassegna Stampa Cattolica - Per una cultura che nasce dalla Rivelazione cristiana in conformit\u00e0 alla tradizione e al Magistero della Chiesa in opposizione ad ogni relativismo e totalitarismo","breadcrumb":{"@id":"https:\/\/www.rassegnastampa-totustuus.it\/cattolica\/quando-le-brigate-rosse-uccisero-il-giudice-alessandrini\/#breadcrumb"},"inLanguage":"it-IT","potentialAction":[{"@type":"ReadAction","target":["https:\/\/www.rassegnastampa-totustuus.it\/cattolica\/quando-le-brigate-rosse-uccisero-il-giudice-alessandrini\/"]}]},{"@type":"ImageObject","inLanguage":"it-IT","@id":"https:\/\/www.rassegnastampa-totustuus.it\/cattolica\/quando-le-brigate-rosse-uccisero-il-giudice-alessandrini\/#primaryimage","url":"https:\/\/www.rassegnastampa-totustuus.it\/cattolica\/wp-content\/uploads\/2015\/02\/Emilio-Alessandrini.jpg","contentUrl":"https:\/\/www.rassegnastampa-totustuus.it\/cattolica\/wp-content\/uploads\/2015\/02\/Emilio-Alessandrini.jpg","width":241,"height":209},{"@type":"BreadcrumbList","@id":"https:\/\/www.rassegnastampa-totustuus.it\/cattolica\/quando-le-brigate-rosse-uccisero-il-giudice-alessandrini\/#breadcrumb","itemListElement":[{"@type":"ListItem","position":1,"name":"Home","item":"https:\/\/www.rassegnastampa-totustuus.it\/cattolica\/"},{"@type":"ListItem","position":2,"name":"Quando le Brigate Rosse uccisero il giudice Alessandrini"}]},{"@type":"WebSite","@id":"https:\/\/www.rassegnastampa-totustuus.it\/cattolica\/#website","url":"https:\/\/www.rassegnastampa-totustuus.it\/cattolica\/","name":"Rassegna Stampa Cattolica","description":"Per una cultura che nasce dalla Rivelazione cristiana in conformit\u00e0 alla tradizione e al Magistero della Chiesa in opposizione ad ogni relativismo e totalitarismo","publisher":{"@id":"https:\/\/www.rassegnastampa-totustuus.it\/cattolica\/#organization"},"alternateName":"Rass. Cattolica","potentialAction":[{"@type":"SearchAction","target":{"@type":"EntryPoint","urlTemplate":"https:\/\/www.rassegnastampa-totustuus.it\/cattolica\/?s={search_term_string}"},"query-input":{"@type":"PropertyValueSpecification","valueRequired":true,"valueName":"search_term_string"}}],"inLanguage":"it-IT"},{"@type":"Organization","@id":"https:\/\/www.rassegnastampa-totustuus.it\/cattolica\/#organization","name":"Rassegna Stampa Cattolica","url":"https:\/\/www.rassegnastampa-totustuus.it\/cattolica\/","logo":{"@type":"ImageObject","inLanguage":"it-IT","@id":"https:\/\/www.rassegnastampa-totustuus.it\/cattolica\/#\/schema\/logo\/image\/","url":"https:\/\/www.rassegnastampa-totustuus.it\/cattolica\/wp-content\/uploads\/2014\/04\/logo-rassegna1.gif","contentUrl":"https:\/\/www.rassegnastampa-totustuus.it\/cattolica\/wp-content\/uploads\/2014\/04\/logo-rassegna1.gif","width":600,"height":163,"caption":"Rassegna Stampa Cattolica"},"image":{"@id":"https:\/\/www.rassegnastampa-totustuus.it\/cattolica\/#\/schema\/logo\/image\/"},"sameAs":["https:\/\/www.facebook.com\/rassegnastampacattolica","https:\/\/x.com\/rassegnastampa9"]},{"@type":"Person","@id":"https:\/\/www.rassegnastampa-totustuus.it\/cattolica\/#\/schema\/person\/08f319d2bd1a0904ad9e2bfb7b15e5c3","name":"Redazione","image":{"@type":"ImageObject","inLanguage":"it-IT","@id":"https:\/\/secure.gravatar.com\/avatar\/2fcdf27c78ea025fbdb44e914cc63c72249ffec9dc8aafd5c82b26240ef3f346?s=96&d=mm&r=g","url":"https:\/\/secure.gravatar.com\/avatar\/2fcdf27c78ea025fbdb44e914cc63c72249ffec9dc8aafd5c82b26240ef3f346?s=96&d=mm&r=g","contentUrl":"https:\/\/secure.gravatar.com\/avatar\/2fcdf27c78ea025fbdb44e914cc63c72249ffec9dc8aafd5c82b26240ef3f346?s=96&d=mm&r=g","caption":"Redazione"},"url":"https:\/\/www.rassegnastampa-totustuus.it\/cattolica\/author\/pietroelle\/"}]}},"_links":{"self":[{"href":"https:\/\/www.rassegnastampa-totustuus.it\/cattolica\/wp-json\/wp\/v2\/posts\/18202","targetHints":{"allow":["GET"]}}],"collection":[{"href":"https:\/\/www.rassegnastampa-totustuus.it\/cattolica\/wp-json\/wp\/v2\/posts"}],"about":[{"href":"https:\/\/www.rassegnastampa-totustuus.it\/cattolica\/wp-json\/wp\/v2\/types\/post"}],"author":[{"embeddable":true,"href":"https:\/\/www.rassegnastampa-totustuus.it\/cattolica\/wp-json\/wp\/v2\/users\/6"}],"replies":[{"embeddable":true,"href":"https:\/\/www.rassegnastampa-totustuus.it\/cattolica\/wp-json\/wp\/v2\/comments?post=18202"}],"version-history":[{"count":1,"href":"https:\/\/www.rassegnastampa-totustuus.it\/cattolica\/wp-json\/wp\/v2\/posts\/18202\/revisions"}],"predecessor-version":[{"id":18204,"href":"https:\/\/www.rassegnastampa-totustuus.it\/cattolica\/wp-json\/wp\/v2\/posts\/18202\/revisions\/18204"}],"wp:featuredmedia":[{"embeddable":true,"href":"https:\/\/www.rassegnastampa-totustuus.it\/cattolica\/wp-json\/wp\/v2\/media\/18203"}],"wp:attachment":[{"href":"https:\/\/www.rassegnastampa-totustuus.it\/cattolica\/wp-json\/wp\/v2\/media?parent=18202"}],"wp:term":[{"taxonomy":"category","embeddable":true,"href":"https:\/\/www.rassegnastampa-totustuus.it\/cattolica\/wp-json\/wp\/v2\/categories?post=18202"},{"taxonomy":"post_tag","embeddable":true,"href":"https:\/\/www.rassegnastampa-totustuus.it\/cattolica\/wp-json\/wp\/v2\/tags?post=18202"}],"curies":[{"name":"wp","href":"https:\/\/api.w.org\/{rel}","templated":true}]}}