{"id":1818,"date":"2006-01-20T00:00:00","date_gmt":"2006-01-19T23:00:00","guid":{"rendered":""},"modified":"2016-05-10T18:04:31","modified_gmt":"2016-05-10T16:04:31","slug":"ci-scrive-un-leader-cattolico-che-conosce-bene-la-morale-e-la-storia","status":"publish","type":"post","link":"https:\/\/www.rassegnastampa-totustuus.it\/cattolica\/ci-scrive-un-leader-cattolico-che-conosce-bene-la-morale-e-la-storia\/","title":{"rendered":"Ci scrive un leader cattolico che conosce bene la morale e la storia"},"content":{"rendered":"<div style=\"text-align: center;\"><strong><img loading=\"lazy\" decoding=\"async\" class=\"alignleft wp-image-34023\" src=\"https:\/\/www.rassegnastampa-totustuus.it\/cattolica\/wp-content\/uploads\/2006\/01\/Giancarlo_Cesana.jpg\" alt=\"Giancarlo_Cesana\" width=\"200\" height=\"200\" srcset=\"https:\/\/www.rassegnastampa-totustuus.it\/cattolica\/wp-content\/uploads\/2006\/01\/Giancarlo_Cesana.jpg 225w, https:\/\/www.rassegnastampa-totustuus.it\/cattolica\/wp-content\/uploads\/2006\/01\/Giancarlo_Cesana-150x150.jpg 150w\" sizes=\"auto, (max-width: 200px) 100vw, 200px\" \/>Il Foglio<\/strong> 17 gennaio 2006<\/div>\n<p style=\"text-align: justify;\"><em>Dalla questione di bancopoli sembra uscire rafforzato un atteggiamento sempre pi\u00f9 diffuso: i valori debbono essere separati dagli interessi e dalle appartenenze. Anzi, gli interessi neppure debbono esistere; la loro sussistenza \u00e8 giustificata solo se sono a favore degli altri, non di s\u00e9&#8230;<\/em><\/p>\n<p style=\"text-align: center;\">di <strong>Giancarlo Cesana<\/strong><\/p>\n<p><!--more--><\/p>\n<div style=\"text-align: justify;\">Al direttore &#8211; Mi attacco a un editoriale del Foglio di qualche tempo fa. Si rilevava che il problema non stava tanto in quello che Fassino diceva nella telefonata intercettata, ma in quello che non aveva mai detto in pubblico: la politica \u00e8 fatta dei legami svelati dalla telefonata intercettata. Vorrei fare una considerazione su quella che mi sembra una tendenza dominante nella &#8220;cultura&#8221; politica italiana, anche se questo comporter\u00e0 un certo schematismo che serve per farmi capire.<\/div>\n<p style=\"text-align: justify;\">Dalla questione di bancopoli sembra uscire rafforzato un atteggiamento sempre pi\u00f9 diffuso: i valori debbono essere separati dagli interessi e dalle appartenenze. Anzi, gli interessi neppure debbono esistere; la loro sussistenza \u00e8 giustificata solo se sono a favore degli altri, non di s\u00e9. I valori, secondo l&#8217;opinione corrente, sembra debbano essere disinteressati, purificati dalla contaminazione dei desideri personali, pure idee, che stanno in un mondo loro, dislaccalo da quello degli uomini.<\/p>\n<p style=\"text-align: justify;\">In effetti, apprendiamo dai giornali che: al presidente del partito &#8220;pi\u00f9 popolare&#8221; piacciono le barche suo malgrado; se il segretario dello stesso partito ha fatto il tifo per la Unipol, si pente; il premier non ha mai coltivato i suoi interessi in politica; il nuovo capo della Banca d&#8217;Italia \u00e8 il migliore perch\u00e9 nella sua alta funzione non appare attaccato a nulla.<\/p>\n<p style=\"text-align: justify;\">Non parliamo poi dei soldi, i quali si manifestano sotto una luce assai ambigua; sono s\u00ec un valore, ma pericolosissimo. Per trattarli, bisogna essere dotati d\u00ec una superiore verginit\u00e0, altrimenti \u00e8 meglio stame lontano e, se possibile, non conoscerli. Le coop non possono trattare i soldi perch\u00e9 evidentemente legate a un interesse collettivo, di parte, che ora negano. I grandi finanzieri e industriali, invece, possono operare sui soldi, perch\u00e9 loro di interessi di parte non ne hanno; hanno cura per l&#8217;economia e il progresso, che sono notoriamente interesse di tutti: anche gli operai piangevano quando \u00e8 morto Agnelli. Eccetera.<\/p>\n<p style=\"text-align: justify;\">Secondo il pensiero comune i valori sono di tutti, non appartengono cio\u00e8 a nessuno. Non si sta insieme a qualcuno perch\u00e9 porta un valore, perch\u00e9 senza di lui il valore sarebbe incomprensibile, ma perch\u00e9 \u00e8 d&#8217;accordo con noi, perch\u00e9 il valore &#8220;nuovo&#8221; che, eventualmente ci comunica, era gi\u00e0 nostro di diritto. Se l&#8217;amico &#8211; il compagno\u00a0di strada &#8211; sbaglia, viene abbandonato. Non si era insieme a lui, ma ai suoi valori che, una volta traditi, rendono la sua presenza inutile e dannosa.<\/p>\n<p style=\"text-align: justify;\">Come \u00e8 lontana la figura di Giovanni Paolo II, che chiedeva perdono a tutti, non per gli sbagli di oggi o di ieri, ma per gli sbagli dei cristiani in 2000 anni. Il discorso che fece Craxi in Parlamento su tangentopoli nemmeno sfiora la sensibilit\u00e0 di molti politici di oggi. Loro si definiscono persone &#8220;perbene&#8221;; sono attaccati alle idee, mica agli interessi o alle persone.<\/p>\n<p style=\"text-align: justify;\">Infatti, la nostra \u00e8 una societ\u00e0 delle idee. Dire ideologica sarebbe troppo perch\u00e9 bisognerebbe attribuire alle idee una forza di verit\u00e0, che nessuno ha il coraggio di affermare. Si sta insieme, si fa societ\u00e0, per le idee, quelle cangianti ma riconosciute, approvate da tutti e che nessuno pu\u00f2 osare di smentire.<\/p>\n<p style=\"text-align: justify;\">Si fa societ\u00e0 non per il sangue e la pelle degli uomini, ma per qualcosa di impalpabile e astratto, che si impone come minimo comune denominatore costitutivo dell&#8217;unica religione civile possibile: quella che non scomoda il comodo della maggioranza. In questo senso, la nostra \u00e8 proprio una societ\u00e0 moralistica, ovvero una societ\u00e0 in cui la morale \u00e8 conformazione al costume prevalente, o meglio, alle idee prevalenti (poich\u00e9 poi, magari, i costumi vanno dove vogliono).<\/p>\n<p style=\"text-align: justify;\">Come \u00e8 lontano il cristianesimo, il cui Dio, il valore sommo, si \u00e8 fatto uomo e si \u00e8 attaccato agli uomini. Una volta un ragazzo disse a don Giussani: &#8220;Io sto insieme alla mia morosa per Cristo&#8221;. E lui di rimando: &#8220;E a lei cosa gliene frega?&#8221;. Non si pu\u00f2 amare un valore senza amare chi lo porta.<\/p>\n<p style=\"text-align: justify;\">Non si pu\u00f2 amare la vita senza amare gli uomini. Non si pu\u00f2 sostenere o difendere l&#8217;ideale, senza sostenere e difendere la &#8211; compagnia in cui \u00e8 vissuto, cosi come \u00e8, con i suoi pregi e anche i suoi errori. Non si tratta di sentirsi colpevoli di sbagli di nostri amici, ma consapevoli s\u00ec. Bisogna essere responsabili, ovvero dare risposte che non aboliscano l&#8217;errore e chi lo commette, ma che correggano, ovvero reggano insieme il nuovo cammino da intraprendere.<\/p>\n<p style=\"text-align: justify;\">Invece, la tentazione, che \u00e8 ormai una caratteristica socialmente condivisa, \u00e8 di cancellare il peso degli errori, esorcizzare la fragilit\u00e0 umana, elevandola a diritto quando appare imbattibile (dall&#8217;aborto ai condoni fiscali); nascondendola, come la polvere sotto il tappeto, quando \u00e8 inaccettabile alle idee che per lo pi\u00f9 si professano.<\/p>\n<p style=\"text-align: justify;\">Perch\u00e9, appunto, sono le idee quelle che valgono, che indicano al mondo come dovrebbe essere, a prescindere da quello che \u00e8. Che ogni tanto arrivi qualche tsunami, che le cose in fondo vadano come sono sempre andale, senza tenere gran conto delle nostre opinioni, \u00e8 secondario. Siamo insieme per le idee, solo per quelle!<\/p>\n<p style=\"text-align: justify;\">Ma in fondo sappiamo che non \u00e8 cosi, che una societ\u00e0 solo di idee \u00e8 una societ\u00e0 di pazzi. E&#8217; una societ\u00e0 che non tiene conto della realt\u00e0: in positivo, degli interessi e degli affetti; in negativo, delle connivenze e delle complicit\u00e0, che agitano la vita degli uomini. Da dove ricaviamo questa convinzione contro tutto quello che viene esplicitamente detto?<\/p>\n<p style=\"text-align: justify;\">Dal buon senso, dalla esperienza elementare di tutti giorni II problema per\u00f2 \u00e8 che cos\u00ec, stante il suono tanto falso dei discorsi pubblici, siamo inclini a prestare pi\u00f9 attenzione alle intercettazioni telefoniche, che rivelano le uniche societ\u00e0 vere, di interessi e appartenenze, quelle segrete. Cos\u00ec non va, non va proprio.<\/p>\n<p style=\"text-align: justify;\">E&#8217; troppo e troppo giustificalo lo spazio per gli inquisitori, agenti segreti, detective e simili. La realt\u00e0 non pu\u00f2 essere lasciata al di l\u00e0 del buco di una serratura; deve essere portata al di qua, in campo aperto. E&#8217; proprio vero che &#8220;Se ci fosse un&#8217;educazione, il popolo starebbe meglio&#8221;. Diamocela.<\/p>\n","protected":false},"excerpt":{"rendered":"<p>Il Foglio 17 gennaio 2006 Dalla questione di bancopoli sembra uscire rafforzato un atteggiamento sempre pi\u00f9 diffuso: i valori debbono essere separati dagli interessi e dalle appartenenze. Anzi, gli interessi neppure debbono esistere; la loro sussistenza \u00e8 giustificata solo se sono a favore degli altri, non di s\u00e9&#8230; di Giancarlo Cesana<\/p><p><a class=\"more-link btn\" href=\"https:\/\/www.rassegnastampa-totustuus.it\/cattolica\/ci-scrive-un-leader-cattolico-che-conosce-bene-la-morale-e-la-storia\/\">Continua a leggere<\/a><\/p>\n","protected":false},"author":6,"featured_media":34023,"comment_status":"closed","ping_status":"open","sticky":false,"template":"","format":"standard","meta":{"footnotes":""},"categories":[25],"tags":[458],"class_list":["post-1818","post","type-post","status-publish","format-standard","has-post-thumbnail","hentry","category-sguardo-sul-nostro-tempo","tag-dottrina-e-morale-2","item-wrap"],"yoast_head":"<!-- This site is optimized with the Yoast SEO plugin v27.5 - https:\/\/yoast.com\/product\/yoast-seo-wordpress\/ -->\n<title>Ci scrive un leader cattolico che conosce bene la morale e la storia - Rassegna Stampa Cattolica<\/title>\n<meta name=\"description\" content=\"Rassegna Stampa Cattolica - Per una cultura che nasce dalla Rivelazione cristiana in conformit\u00e0 alla tradizione e al Magistero della Chiesa in opposizione ad ogni relativismo e totalitarismo\" \/>\n<meta name=\"robots\" content=\"index, follow, max-snippet:-1, max-image-preview:large, max-video-preview:-1\" \/>\n<link rel=\"canonical\" href=\"https:\/\/www.rassegnastampa-totustuus.it\/cattolica\/ci-scrive-un-leader-cattolico-che-conosce-bene-la-morale-e-la-storia\/\" \/>\n<meta property=\"og:locale\" content=\"it_IT\" \/>\n<meta property=\"og:type\" content=\"article\" \/>\n<meta property=\"og:title\" content=\"Ci scrive un leader cattolico che conosce bene la morale e la storia - Rassegna Stampa Cattolica\" \/>\n<meta property=\"og:description\" content=\"Rassegna Stampa Cattolica - Per una cultura che nasce dalla Rivelazione cristiana in conformit\u00e0 alla tradizione e al Magistero della Chiesa in opposizione ad ogni relativismo e totalitarismo\" \/>\n<meta property=\"og:url\" content=\"https:\/\/www.rassegnastampa-totustuus.it\/cattolica\/ci-scrive-un-leader-cattolico-che-conosce-bene-la-morale-e-la-storia\/\" \/>\n<meta property=\"og:site_name\" content=\"Rassegna Stampa Cattolica\" \/>\n<meta property=\"article:publisher\" content=\"https:\/\/www.facebook.com\/rassegnastampacattolica\" \/>\n<meta property=\"article:published_time\" content=\"2006-01-19T23:00:00+00:00\" \/>\n<meta property=\"article:modified_time\" content=\"2016-05-10T16:04:31+00:00\" \/>\n<meta property=\"og:image\" content=\"https:\/\/www.rassegnastampa-totustuus.it\/cattolica\/wp-content\/uploads\/2006\/01\/Giancarlo_Cesana.jpg\" \/>\n\t<meta property=\"og:image:width\" content=\"225\" \/>\n\t<meta property=\"og:image:height\" content=\"225\" \/>\n\t<meta property=\"og:image:type\" content=\"image\/jpeg\" \/>\n<meta name=\"author\" content=\"Redazione\" \/>\n<meta name=\"twitter:card\" content=\"summary_large_image\" \/>\n<meta name=\"twitter:creator\" content=\"@rassegnastampa9\" \/>\n<meta name=\"twitter:site\" content=\"@rassegnastampa9\" \/>\n<meta name=\"twitter:label1\" content=\"Scritto da\" \/>\n\t<meta name=\"twitter:data1\" content=\"Redazione\" \/>\n\t<meta name=\"twitter:label2\" content=\"Tempo di lettura stimato\" \/>\n\t<meta name=\"twitter:data2\" content=\"5 minuti\" \/>\n<script type=\"application\/ld+json\" class=\"yoast-schema-graph\">{\"@context\":\"https:\\\/\\\/schema.org\",\"@graph\":[{\"@type\":\"Article\",\"@id\":\"https:\\\/\\\/www.rassegnastampa-totustuus.it\\\/cattolica\\\/ci-scrive-un-leader-cattolico-che-conosce-bene-la-morale-e-la-storia\\\/#article\",\"isPartOf\":{\"@id\":\"https:\\\/\\\/www.rassegnastampa-totustuus.it\\\/cattolica\\\/ci-scrive-un-leader-cattolico-che-conosce-bene-la-morale-e-la-storia\\\/\"},\"author\":{\"name\":\"Redazione\",\"@id\":\"https:\\\/\\\/www.rassegnastampa-totustuus.it\\\/cattolica\\\/#\\\/schema\\\/person\\\/08f319d2bd1a0904ad9e2bfb7b15e5c3\"},\"headline\":\"Ci scrive un leader cattolico che conosce bene la morale e la storia\",\"datePublished\":\"2006-01-19T23:00:00+00:00\",\"dateModified\":\"2016-05-10T16:04:31+00:00\",\"mainEntityOfPage\":{\"@id\":\"https:\\\/\\\/www.rassegnastampa-totustuus.it\\\/cattolica\\\/ci-scrive-un-leader-cattolico-che-conosce-bene-la-morale-e-la-storia\\\/\"},\"wordCount\":1031,\"publisher\":{\"@id\":\"https:\\\/\\\/www.rassegnastampa-totustuus.it\\\/cattolica\\\/#organization\"},\"image\":{\"@id\":\"https:\\\/\\\/www.rassegnastampa-totustuus.it\\\/cattolica\\\/ci-scrive-un-leader-cattolico-che-conosce-bene-la-morale-e-la-storia\\\/#primaryimage\"},\"thumbnailUrl\":\"https:\\\/\\\/www.rassegnastampa-totustuus.it\\\/cattolica\\\/wp-content\\\/uploads\\\/2006\\\/01\\\/Giancarlo_Cesana.jpg\",\"keywords\":[\"dottrina e morale\"],\"articleSection\":[\"Sguardo sul nostro tempo\"],\"inLanguage\":\"it-IT\"},{\"@type\":\"WebPage\",\"@id\":\"https:\\\/\\\/www.rassegnastampa-totustuus.it\\\/cattolica\\\/ci-scrive-un-leader-cattolico-che-conosce-bene-la-morale-e-la-storia\\\/\",\"url\":\"https:\\\/\\\/www.rassegnastampa-totustuus.it\\\/cattolica\\\/ci-scrive-un-leader-cattolico-che-conosce-bene-la-morale-e-la-storia\\\/\",\"name\":\"Ci scrive un leader cattolico che conosce bene la morale e la storia - Rassegna Stampa Cattolica\",\"isPartOf\":{\"@id\":\"https:\\\/\\\/www.rassegnastampa-totustuus.it\\\/cattolica\\\/#website\"},\"primaryImageOfPage\":{\"@id\":\"https:\\\/\\\/www.rassegnastampa-totustuus.it\\\/cattolica\\\/ci-scrive-un-leader-cattolico-che-conosce-bene-la-morale-e-la-storia\\\/#primaryimage\"},\"image\":{\"@id\":\"https:\\\/\\\/www.rassegnastampa-totustuus.it\\\/cattolica\\\/ci-scrive-un-leader-cattolico-che-conosce-bene-la-morale-e-la-storia\\\/#primaryimage\"},\"thumbnailUrl\":\"https:\\\/\\\/www.rassegnastampa-totustuus.it\\\/cattolica\\\/wp-content\\\/uploads\\\/2006\\\/01\\\/Giancarlo_Cesana.jpg\",\"datePublished\":\"2006-01-19T23:00:00+00:00\",\"dateModified\":\"2016-05-10T16:04:31+00:00\",\"description\":\"Rassegna Stampa Cattolica - Per una cultura che nasce dalla Rivelazione cristiana in conformit\u00e0 alla tradizione e al Magistero della Chiesa in opposizione ad ogni relativismo e totalitarismo\",\"breadcrumb\":{\"@id\":\"https:\\\/\\\/www.rassegnastampa-totustuus.it\\\/cattolica\\\/ci-scrive-un-leader-cattolico-che-conosce-bene-la-morale-e-la-storia\\\/#breadcrumb\"},\"inLanguage\":\"it-IT\",\"potentialAction\":[{\"@type\":\"ReadAction\",\"target\":[\"https:\\\/\\\/www.rassegnastampa-totustuus.it\\\/cattolica\\\/ci-scrive-un-leader-cattolico-che-conosce-bene-la-morale-e-la-storia\\\/\"]}]},{\"@type\":\"ImageObject\",\"inLanguage\":\"it-IT\",\"@id\":\"https:\\\/\\\/www.rassegnastampa-totustuus.it\\\/cattolica\\\/ci-scrive-un-leader-cattolico-che-conosce-bene-la-morale-e-la-storia\\\/#primaryimage\",\"url\":\"https:\\\/\\\/www.rassegnastampa-totustuus.it\\\/cattolica\\\/wp-content\\\/uploads\\\/2006\\\/01\\\/Giancarlo_Cesana.jpg\",\"contentUrl\":\"https:\\\/\\\/www.rassegnastampa-totustuus.it\\\/cattolica\\\/wp-content\\\/uploads\\\/2006\\\/01\\\/Giancarlo_Cesana.jpg\",\"width\":225,\"height\":225},{\"@type\":\"BreadcrumbList\",\"@id\":\"https:\\\/\\\/www.rassegnastampa-totustuus.it\\\/cattolica\\\/ci-scrive-un-leader-cattolico-che-conosce-bene-la-morale-e-la-storia\\\/#breadcrumb\",\"itemListElement\":[{\"@type\":\"ListItem\",\"position\":1,\"name\":\"Home\",\"item\":\"https:\\\/\\\/www.rassegnastampa-totustuus.it\\\/cattolica\\\/\"},{\"@type\":\"ListItem\",\"position\":2,\"name\":\"Ci scrive un leader cattolico che conosce bene la morale e la storia\"}]},{\"@type\":\"WebSite\",\"@id\":\"https:\\\/\\\/www.rassegnastampa-totustuus.it\\\/cattolica\\\/#website\",\"url\":\"https:\\\/\\\/www.rassegnastampa-totustuus.it\\\/cattolica\\\/\",\"name\":\"Rassegna Stampa Cattolica\",\"description\":\"Per una cultura che nasce dalla Rivelazione cristiana in conformit\u00e0 alla tradizione e al Magistero della Chiesa in opposizione ad ogni relativismo e totalitarismo\",\"publisher\":{\"@id\":\"https:\\\/\\\/www.rassegnastampa-totustuus.it\\\/cattolica\\\/#organization\"},\"alternateName\":\"Rass. Cattolica\",\"potentialAction\":[{\"@type\":\"SearchAction\",\"target\":{\"@type\":\"EntryPoint\",\"urlTemplate\":\"https:\\\/\\\/www.rassegnastampa-totustuus.it\\\/cattolica\\\/?s={search_term_string}\"},\"query-input\":{\"@type\":\"PropertyValueSpecification\",\"valueRequired\":true,\"valueName\":\"search_term_string\"}}],\"inLanguage\":\"it-IT\"},{\"@type\":\"Organization\",\"@id\":\"https:\\\/\\\/www.rassegnastampa-totustuus.it\\\/cattolica\\\/#organization\",\"name\":\"Rassegna Stampa Cattolica\",\"url\":\"https:\\\/\\\/www.rassegnastampa-totustuus.it\\\/cattolica\\\/\",\"logo\":{\"@type\":\"ImageObject\",\"inLanguage\":\"it-IT\",\"@id\":\"https:\\\/\\\/www.rassegnastampa-totustuus.it\\\/cattolica\\\/#\\\/schema\\\/logo\\\/image\\\/\",\"url\":\"https:\\\/\\\/www.rassegnastampa-totustuus.it\\\/cattolica\\\/wp-content\\\/uploads\\\/2014\\\/04\\\/logo-rassegna1.gif\",\"contentUrl\":\"https:\\\/\\\/www.rassegnastampa-totustuus.it\\\/cattolica\\\/wp-content\\\/uploads\\\/2014\\\/04\\\/logo-rassegna1.gif\",\"width\":600,\"height\":163,\"caption\":\"Rassegna Stampa Cattolica\"},\"image\":{\"@id\":\"https:\\\/\\\/www.rassegnastampa-totustuus.it\\\/cattolica\\\/#\\\/schema\\\/logo\\\/image\\\/\"},\"sameAs\":[\"https:\\\/\\\/www.facebook.com\\\/rassegnastampacattolica\",\"https:\\\/\\\/x.com\\\/rassegnastampa9\"]},{\"@type\":\"Person\",\"@id\":\"https:\\\/\\\/www.rassegnastampa-totustuus.it\\\/cattolica\\\/#\\\/schema\\\/person\\\/08f319d2bd1a0904ad9e2bfb7b15e5c3\",\"name\":\"Redazione\",\"image\":{\"@type\":\"ImageObject\",\"inLanguage\":\"it-IT\",\"@id\":\"https:\\\/\\\/secure.gravatar.com\\\/avatar\\\/2fcdf27c78ea025fbdb44e914cc63c72249ffec9dc8aafd5c82b26240ef3f346?s=96&d=mm&r=g\",\"url\":\"https:\\\/\\\/secure.gravatar.com\\\/avatar\\\/2fcdf27c78ea025fbdb44e914cc63c72249ffec9dc8aafd5c82b26240ef3f346?s=96&d=mm&r=g\",\"contentUrl\":\"https:\\\/\\\/secure.gravatar.com\\\/avatar\\\/2fcdf27c78ea025fbdb44e914cc63c72249ffec9dc8aafd5c82b26240ef3f346?s=96&d=mm&r=g\",\"caption\":\"Redazione\"},\"url\":\"https:\\\/\\\/www.rassegnastampa-totustuus.it\\\/cattolica\\\/author\\\/pietroelle\\\/\"}]}<\/script>\n<!-- \/ Yoast SEO plugin. -->","yoast_head_json":{"title":"Ci scrive un leader cattolico che conosce bene la morale e la storia - Rassegna Stampa Cattolica","description":"Rassegna Stampa Cattolica - Per una cultura che nasce dalla Rivelazione cristiana in conformit\u00e0 alla tradizione e al Magistero della Chiesa in opposizione ad ogni relativismo e totalitarismo","robots":{"index":"index","follow":"follow","max-snippet":"max-snippet:-1","max-image-preview":"max-image-preview:large","max-video-preview":"max-video-preview:-1"},"canonical":"https:\/\/www.rassegnastampa-totustuus.it\/cattolica\/ci-scrive-un-leader-cattolico-che-conosce-bene-la-morale-e-la-storia\/","og_locale":"it_IT","og_type":"article","og_title":"Ci scrive un leader cattolico che conosce bene la morale e la storia - Rassegna Stampa Cattolica","og_description":"Rassegna Stampa Cattolica - Per una cultura che nasce dalla Rivelazione cristiana in conformit\u00e0 alla tradizione e al Magistero della Chiesa in opposizione ad ogni relativismo e totalitarismo","og_url":"https:\/\/www.rassegnastampa-totustuus.it\/cattolica\/ci-scrive-un-leader-cattolico-che-conosce-bene-la-morale-e-la-storia\/","og_site_name":"Rassegna Stampa Cattolica","article_publisher":"https:\/\/www.facebook.com\/rassegnastampacattolica","article_published_time":"2006-01-19T23:00:00+00:00","article_modified_time":"2016-05-10T16:04:31+00:00","og_image":[{"width":225,"height":225,"url":"https:\/\/www.rassegnastampa-totustuus.it\/cattolica\/wp-content\/uploads\/2006\/01\/Giancarlo_Cesana.jpg","type":"image\/jpeg"}],"author":"Redazione","twitter_card":"summary_large_image","twitter_creator":"@rassegnastampa9","twitter_site":"@rassegnastampa9","twitter_misc":{"Scritto da":"Redazione","Tempo di lettura stimato":"5 minuti"},"schema":{"@context":"https:\/\/schema.org","@graph":[{"@type":"Article","@id":"https:\/\/www.rassegnastampa-totustuus.it\/cattolica\/ci-scrive-un-leader-cattolico-che-conosce-bene-la-morale-e-la-storia\/#article","isPartOf":{"@id":"https:\/\/www.rassegnastampa-totustuus.it\/cattolica\/ci-scrive-un-leader-cattolico-che-conosce-bene-la-morale-e-la-storia\/"},"author":{"name":"Redazione","@id":"https:\/\/www.rassegnastampa-totustuus.it\/cattolica\/#\/schema\/person\/08f319d2bd1a0904ad9e2bfb7b15e5c3"},"headline":"Ci scrive un leader cattolico che conosce bene la morale e la storia","datePublished":"2006-01-19T23:00:00+00:00","dateModified":"2016-05-10T16:04:31+00:00","mainEntityOfPage":{"@id":"https:\/\/www.rassegnastampa-totustuus.it\/cattolica\/ci-scrive-un-leader-cattolico-che-conosce-bene-la-morale-e-la-storia\/"},"wordCount":1031,"publisher":{"@id":"https:\/\/www.rassegnastampa-totustuus.it\/cattolica\/#organization"},"image":{"@id":"https:\/\/www.rassegnastampa-totustuus.it\/cattolica\/ci-scrive-un-leader-cattolico-che-conosce-bene-la-morale-e-la-storia\/#primaryimage"},"thumbnailUrl":"https:\/\/www.rassegnastampa-totustuus.it\/cattolica\/wp-content\/uploads\/2006\/01\/Giancarlo_Cesana.jpg","keywords":["dottrina e morale"],"articleSection":["Sguardo sul nostro tempo"],"inLanguage":"it-IT"},{"@type":"WebPage","@id":"https:\/\/www.rassegnastampa-totustuus.it\/cattolica\/ci-scrive-un-leader-cattolico-che-conosce-bene-la-morale-e-la-storia\/","url":"https:\/\/www.rassegnastampa-totustuus.it\/cattolica\/ci-scrive-un-leader-cattolico-che-conosce-bene-la-morale-e-la-storia\/","name":"Ci scrive un leader cattolico che conosce bene la morale e la storia - Rassegna Stampa Cattolica","isPartOf":{"@id":"https:\/\/www.rassegnastampa-totustuus.it\/cattolica\/#website"},"primaryImageOfPage":{"@id":"https:\/\/www.rassegnastampa-totustuus.it\/cattolica\/ci-scrive-un-leader-cattolico-che-conosce-bene-la-morale-e-la-storia\/#primaryimage"},"image":{"@id":"https:\/\/www.rassegnastampa-totustuus.it\/cattolica\/ci-scrive-un-leader-cattolico-che-conosce-bene-la-morale-e-la-storia\/#primaryimage"},"thumbnailUrl":"https:\/\/www.rassegnastampa-totustuus.it\/cattolica\/wp-content\/uploads\/2006\/01\/Giancarlo_Cesana.jpg","datePublished":"2006-01-19T23:00:00+00:00","dateModified":"2016-05-10T16:04:31+00:00","description":"Rassegna Stampa Cattolica - Per una cultura che nasce dalla Rivelazione cristiana in conformit\u00e0 alla tradizione e al Magistero della Chiesa in opposizione ad ogni relativismo e totalitarismo","breadcrumb":{"@id":"https:\/\/www.rassegnastampa-totustuus.it\/cattolica\/ci-scrive-un-leader-cattolico-che-conosce-bene-la-morale-e-la-storia\/#breadcrumb"},"inLanguage":"it-IT","potentialAction":[{"@type":"ReadAction","target":["https:\/\/www.rassegnastampa-totustuus.it\/cattolica\/ci-scrive-un-leader-cattolico-che-conosce-bene-la-morale-e-la-storia\/"]}]},{"@type":"ImageObject","inLanguage":"it-IT","@id":"https:\/\/www.rassegnastampa-totustuus.it\/cattolica\/ci-scrive-un-leader-cattolico-che-conosce-bene-la-morale-e-la-storia\/#primaryimage","url":"https:\/\/www.rassegnastampa-totustuus.it\/cattolica\/wp-content\/uploads\/2006\/01\/Giancarlo_Cesana.jpg","contentUrl":"https:\/\/www.rassegnastampa-totustuus.it\/cattolica\/wp-content\/uploads\/2006\/01\/Giancarlo_Cesana.jpg","width":225,"height":225},{"@type":"BreadcrumbList","@id":"https:\/\/www.rassegnastampa-totustuus.it\/cattolica\/ci-scrive-un-leader-cattolico-che-conosce-bene-la-morale-e-la-storia\/#breadcrumb","itemListElement":[{"@type":"ListItem","position":1,"name":"Home","item":"https:\/\/www.rassegnastampa-totustuus.it\/cattolica\/"},{"@type":"ListItem","position":2,"name":"Ci scrive un leader cattolico che conosce bene la morale e la storia"}]},{"@type":"WebSite","@id":"https:\/\/www.rassegnastampa-totustuus.it\/cattolica\/#website","url":"https:\/\/www.rassegnastampa-totustuus.it\/cattolica\/","name":"Rassegna Stampa Cattolica","description":"Per una cultura che nasce dalla Rivelazione cristiana in conformit\u00e0 alla tradizione e al Magistero della Chiesa in opposizione ad ogni relativismo e totalitarismo","publisher":{"@id":"https:\/\/www.rassegnastampa-totustuus.it\/cattolica\/#organization"},"alternateName":"Rass. Cattolica","potentialAction":[{"@type":"SearchAction","target":{"@type":"EntryPoint","urlTemplate":"https:\/\/www.rassegnastampa-totustuus.it\/cattolica\/?s={search_term_string}"},"query-input":{"@type":"PropertyValueSpecification","valueRequired":true,"valueName":"search_term_string"}}],"inLanguage":"it-IT"},{"@type":"Organization","@id":"https:\/\/www.rassegnastampa-totustuus.it\/cattolica\/#organization","name":"Rassegna Stampa Cattolica","url":"https:\/\/www.rassegnastampa-totustuus.it\/cattolica\/","logo":{"@type":"ImageObject","inLanguage":"it-IT","@id":"https:\/\/www.rassegnastampa-totustuus.it\/cattolica\/#\/schema\/logo\/image\/","url":"https:\/\/www.rassegnastampa-totustuus.it\/cattolica\/wp-content\/uploads\/2014\/04\/logo-rassegna1.gif","contentUrl":"https:\/\/www.rassegnastampa-totustuus.it\/cattolica\/wp-content\/uploads\/2014\/04\/logo-rassegna1.gif","width":600,"height":163,"caption":"Rassegna Stampa Cattolica"},"image":{"@id":"https:\/\/www.rassegnastampa-totustuus.it\/cattolica\/#\/schema\/logo\/image\/"},"sameAs":["https:\/\/www.facebook.com\/rassegnastampacattolica","https:\/\/x.com\/rassegnastampa9"]},{"@type":"Person","@id":"https:\/\/www.rassegnastampa-totustuus.it\/cattolica\/#\/schema\/person\/08f319d2bd1a0904ad9e2bfb7b15e5c3","name":"Redazione","image":{"@type":"ImageObject","inLanguage":"it-IT","@id":"https:\/\/secure.gravatar.com\/avatar\/2fcdf27c78ea025fbdb44e914cc63c72249ffec9dc8aafd5c82b26240ef3f346?s=96&d=mm&r=g","url":"https:\/\/secure.gravatar.com\/avatar\/2fcdf27c78ea025fbdb44e914cc63c72249ffec9dc8aafd5c82b26240ef3f346?s=96&d=mm&r=g","contentUrl":"https:\/\/secure.gravatar.com\/avatar\/2fcdf27c78ea025fbdb44e914cc63c72249ffec9dc8aafd5c82b26240ef3f346?s=96&d=mm&r=g","caption":"Redazione"},"url":"https:\/\/www.rassegnastampa-totustuus.it\/cattolica\/author\/pietroelle\/"}]}},"_links":{"self":[{"href":"https:\/\/www.rassegnastampa-totustuus.it\/cattolica\/wp-json\/wp\/v2\/posts\/1818","targetHints":{"allow":["GET"]}}],"collection":[{"href":"https:\/\/www.rassegnastampa-totustuus.it\/cattolica\/wp-json\/wp\/v2\/posts"}],"about":[{"href":"https:\/\/www.rassegnastampa-totustuus.it\/cattolica\/wp-json\/wp\/v2\/types\/post"}],"author":[{"embeddable":true,"href":"https:\/\/www.rassegnastampa-totustuus.it\/cattolica\/wp-json\/wp\/v2\/users\/6"}],"replies":[{"embeddable":true,"href":"https:\/\/www.rassegnastampa-totustuus.it\/cattolica\/wp-json\/wp\/v2\/comments?post=1818"}],"version-history":[{"count":4,"href":"https:\/\/www.rassegnastampa-totustuus.it\/cattolica\/wp-json\/wp\/v2\/posts\/1818\/revisions"}],"predecessor-version":[{"id":34024,"href":"https:\/\/www.rassegnastampa-totustuus.it\/cattolica\/wp-json\/wp\/v2\/posts\/1818\/revisions\/34024"}],"wp:featuredmedia":[{"embeddable":true,"href":"https:\/\/www.rassegnastampa-totustuus.it\/cattolica\/wp-json\/wp\/v2\/media\/34023"}],"wp:attachment":[{"href":"https:\/\/www.rassegnastampa-totustuus.it\/cattolica\/wp-json\/wp\/v2\/media?parent=1818"}],"wp:term":[{"taxonomy":"category","embeddable":true,"href":"https:\/\/www.rassegnastampa-totustuus.it\/cattolica\/wp-json\/wp\/v2\/categories?post=1818"},{"taxonomy":"post_tag","embeddable":true,"href":"https:\/\/www.rassegnastampa-totustuus.it\/cattolica\/wp-json\/wp\/v2\/tags?post=1818"}],"curies":[{"name":"wp","href":"https:\/\/api.w.org\/{rel}","templated":true}]}}