{"id":1815,"date":"2006-01-20T00:00:00","date_gmt":"2006-01-19T23:00:00","guid":{"rendered":""},"modified":"2016-02-26T14:33:51","modified_gmt":"2016-02-26T13:33:51","slug":"riconoscere-le-convivenze","status":"publish","type":"post","link":"https:\/\/www.rassegnastampa-totustuus.it\/cattolica\/riconoscere-le-convivenze\/","title":{"rendered":"Riconoscere le convivenze?"},"content":{"rendered":"<div style=\"text-align: center;\"><a href=\"https:\/\/www.rassegnastampa-totustuus.it\/cattolica\/wp-content\/uploads\/2006\/01\/convivenze.jpg\"><img loading=\"lazy\" decoding=\"async\" class=\"alignleft wp-image-31096\" src=\"https:\/\/www.rassegnastampa-totustuus.it\/cattolica\/wp-content\/uploads\/2006\/01\/convivenze.jpg\" alt=\"convivenze\" width=\"240\" height=\"159\" \/><\/a>agenzia<strong> Zenit (<\/strong><span style=\"text-decoration: underline;\"><a href=\"http:\/\/www.zenit.org\/italian\/subscribe.html\" target=\"_blank\">http:\/\/www.zenit.org\/italian\/subscribe.html<\/a>)<\/span><\/div>\n<p style=\"text-align: justify;\"><strong>Risponde su \u201cL&#8217;Osservatore Romano\u201d il Presidente dell&#8217;Unione Giuristi Cattolici Italiani <\/strong><\/p>\n<p style=\"text-align: justify;\">CITTA\u2019 DEL VATICANO, venerd\u00ec, 13 gennaio 2006<\/p>\n<p style=\"text-align: justify;\">Presentiamo l\u2019articolo pubblicato sull\u2019edizione quotidiana del 14 gennaio de \u201cL\u2019Osservatore Romano\u201d firmato da Francesco D&#8217;Agostino sul riconoscimento delle convivenze. Il sottotitolo dell\u2019articolo \u00e8 \u201cLe scorciatoie delle provocazioni\u201d<\/p>\n<p><!--more--><\/p>\n<div style=\"text-align: justify;\">Riconoscere le convivenze? Riconoscerle per legge (introducendo nel nostro codice &#8211; in analogia con quanto \u00e8 avvenuto in Francia &#8211; un nuovo istituto, il PACS, cio\u00e8 il <em>patto civile di solidariet\u00e0<\/em>)? Riconoscerle, indipendentemente dal fatto che i partner siano di sesso diverso o dello stesso sesso? Ammetterle all&#8217;adozione?<\/div>\n<p style=\"text-align: justify;\">Queste, ed altre domande, stanno crescendo nell&#8217;opinione pubblica italiana e diventeranno, con ogni probabilit\u00e0, questioni non marginali nella prossima campagna elettorale. Di <em>fughe in avanti<\/em>, chiaramente volte a predisporre l&#8217;accettazione psicologico-sociale dell'&#8221;evento&#8221;, ne percepiamo ormai molte. Alcuni Comuni italiani hanno gi\u00e0 istituito pubblici registri per le <em>coppie di conviventi<\/em> (si \u00e8 per\u00f2 prestata ben poca attenzione al fatto che, indipendentemente dall&#8217;irrilevanza giuridica di simili registri, le conseguenti <em>registrazioni<\/em> sono state numericamente irrisorie).<\/p>\n<p style=\"text-align: justify;\">A Roma, uno dei Municipi della capitale ha tentato (ma per ora il progetto \u00e8 fallito) di fare lo stesso. Ma soprattutto \u00e8 sul piano delle <em>provocazioni<\/em> che sembra che il dibattito si stia collocando: \u00e8 tipica la convocazione, in una centralissima piazza di Roma, di una manifestazione per &#8220;benedire laicamente&#8221; le unioni di fatto di personaggi, pi\u00f9 o meno mediaticamente conosciuti, da parte di altri personaggi dotati di un carisma fornito loro dalla carica istituzionale di cui sono portatori (come pu\u00f2 essere quello di cui gode un altissimo magistrato, che ha posto deplorevolmente tale carisma al servizio di una causa che non \u00e8 istituzionalmente sua).<\/p>\n<p style=\"text-align: justify;\">In una societ\u00e0 democratica la battaglia delle idee non pu\u00f2 che essere sempre benvenuta, perch\u00e9 della societ\u00e0 democratica il dibattito e il confronto costituiscono l&#8217;essenza pi\u00f9 preziosa.<\/p>\n<p style=\"text-align: justify;\">A condizione, per\u00f2, che di dibattito e di confronto davvero si tratti. Quando invece al posto delle idee fioccano gli slogan; quando il ragionamento, soprattutto il ragionamento <em>lucido<\/em> e <em>pacato<\/em>, viene sostituito da cortei e da invettive; quando si operano assurdi corto-circuiti, appiattendo uno sull&#8217;altro <em>clericalismo<\/em> e <em>difesa del matrimonio<\/em> e chiamando a raccolta gli <em>anticlericali<\/em>, come se la lotta a favore del PACS sia una lotta per i diritti civili, oppressi dall&#8217;oscurantismo religioso, della democrazia e del suo spirito pi\u00f9 autentico non ne rimane pi\u00f9 nemmeno l&#8217;ombra.<\/p>\n<p style=\"text-align: justify;\">Siamo ancora in attesa di un argomento, di <em>un solo argomento consistente<\/em>, a favore del riconoscimento legale dei PACS. Un breve ragionamento, assolutamente laico, potr\u00e0 convincerci di quanto appena detto.<\/p>\n<p style=\"text-align: justify;\">Le coppie di fatto si dividono in due categorie: quelle che <em>non vogliono<\/em> e quelle che <em>non possono<\/em> sposarsi. Delle prime, ragionando in linea di stretto principio, non solo \u00e8 opportuno, ma \u00e8 doveroso che <em>il diritto non si occupi<\/em>: l&#8217;intenzione dei conviventi (apprezzabile o meno che sia sul piano strettamente morale) \u00e8 proprio quella &#8211; pur potendolo fare &#8211; di <em>non legarsi giuridicamente<\/em> e non si vede proprio perch\u00e9 la legge dovrebbe far loro la &#8220;violenza&#8221; di considerarle comunque legate, sia pure attraverso un labile PACS, contro la loro volont\u00e0.<\/p>\n<p style=\"text-align: justify;\">Si osserva: ma queste coppie escludono solo il matrimonio &#8220;tradizionale&#8221;, non altre forme di riconoscimento giuridico; se chiedono l&#8217;istituzione del PACS \u00e8 proprio perch\u00e9 vorrebbero usufruire di alcuni diritti (in genere di carattere economico), che non sono attualmente riconosciuti se non alle coppie sposate.<\/p>\n<p style=\"text-align: justify;\">Ma la ragione per la quale tali diritti non sono loro riconosciuti \u00e8 che esse non hanno l&#8217;intenzione di assumere quei doveri che sono parte essenziale dell&#8217;istituto matrimoniale. Non si pu\u00f2, in buona sostanza, non valutare se non come <em>parassitaria<\/em> e quindi <em>indebita<\/em> l&#8217;intenzione di coloro che pretendono un riconoscimento pubblico della loro convivenza per <em>ottenere diritti senza doveri<\/em>.<\/p>\n<p style=\"text-align: justify;\">Peraltro, i giuristi ben sanno che praticamente tutti quei diritti al cui riconoscimento aspirano i partner di una unione di fatto possono essere attivati tramite il <em>diritto volontario<\/em> e senza alcuna necessit\u00e0 di introdurre nel codice nuovi istituti. Il testamento, ad es., esiste proprio per far s\u00ec che si possa trasmettere il proprio patrimonio a chi non avendo vincoli <em>legali e\/o familiari<\/em> col testatore sarebbe escluso dalla successione legittima.<\/p>\n<p style=\"text-align: justify;\">La locazione della casa di comune residenza pu\u00f2 essere stipulata congiuntamente dai due partner, in modo tale che al momento della morte dell&#8217;uno essa possa, senza alcuna difficolt\u00e0, proseguire a carico dell&#8217;altro. Non \u00e8 vero, in altre parole, che ai conviventi vengano negati specifici <em>diritti civili<\/em>: la differenza rispetto al matrimonio sta semplicemente qui, che quei diritti che la legge riconosce automaticamente alla coppia che contrae matrimonio (assieme a corrispondente numero di doveri) nel caso delle convivenze devono essere, per dir cos\u00ec, attivati dai conviventi stessi.<\/p>\n<p style=\"text-align: justify;\">Il che, oltre tutto, \u00e8 particolarmente coerente col principio, tipicamente moderno, dell&#8217;<em>autonomia della persona<\/em>, un principio che viene costantemente rivendicato ed elogiato dalla cultura c.d. &#8220;laica&#8221; e che non si vede perch\u00e9, solo nel caso delle convivenze, debba essere messo da parte.<\/p>\n<p style=\"text-align: justify;\">Le coppie che non possono sposarsi si dividono a loro volta in due sotto-categorie. La prima \u00e8 composta da coloro che non possono ancora sposarsi per impedimenti transitori di tipo in genere legale (ad es. per la minore et\u00e0 o perch\u00e9 uno dei partner \u00e8 in attesa del divorzio, ecc.). Per queste coppie l&#8217;offerta del PACS \u00e8 senza senso: la stessa difficolt\u00e0, destinata a risolversi comunque da sola, che preclude loro le nozze precluderebbe loro anche il PACS. La seconda sotto-categoria \u00e8 composta invece da quelle coppie che vorrebbero s\u00ec sposarsi, ma ritengono di non poterlo fare, per difficolt\u00e0 economiche, e rimandano quindi, a volte <em>sine die<\/em>, il matrimonio.<\/p>\n<p style=\"text-align: justify;\">L&#8217;autentico modo di venire incontro ai bisogni sociali di queste coppie non \u00e8 certo quello di offrire loro un &#8220;piccolo matrimonio&#8221; (secondo l&#8217;incisiva e ironica definizione del Card. Ruini), come \u00e8 appunto il PACS, che non risolverebbe alcuna delle difficolt\u00e0 in questione, ma quello di attivare quelle iniziative sociali a favore della famiglia, che oltre tutto sarebbero doverose gi\u00e0 in base al dettato della nostra Costituzione.<\/p>\n<p style=\"text-align: justify;\">Cosa resta dunque delle istanze sociali, che giustificherebbero l&#8217;introduzione in Italia del PACS? Sembra nulla di nulla. A meno che non si voglia vedere dietro la richiesta del PACS una richiesta profondamente diversa, quella di una prima forma di riconoscimento legale delle coppie omosessuali, che dovrebbe aprire la strada, in tempi ora come ora imprevedibili, ma che per alcuni dovrebbero essere brevi, ad una compiuta equiparazione al matrimonio <em>tout court<\/em> del matrimonio omosessuale. Che le cose stiano proprio cos\u00ec \u00e8 fuor di dubbio, per le esplicite dichiarazioni fatte dai principali rappresentanti del movimento degli omosessuali e dai loro simpatizzanti.<\/p>\n<p style=\"text-align: justify;\">L&#8217;onest\u00e0 intellettuale vorrebbe allora che di questo e solo di questo si parlasse: se cio\u00e8 abbia una sua coerenza giuridica l&#8217;allargare l&#8217;istituto matrimoniale alle coppie omosessuali. Ma di fatto questo discorso viene sistematicamente eluso (pur venendo continuamente, ma indirettamente richiamato), perch\u00e9 nessuno \u00e8 in grado di dare argomenti consistenti per dimostrare la necessit\u00e0 di alterare in modo cos\u00ec plateale e radicale quella struttura eterosessuale del matrimonio, che appartiene a <em>tutte le culture<\/em> e a <em>tutta la storia da noi conosciuta<\/em>.<\/p>\n<p style=\"text-align: justify;\">\u00c8 noto che ci\u00f2 a cui aspirano le coppie omosessuali (peraltro nemmeno tutte, anzi solo una piccola parte di esse) \u00e8, prima ancora che il riconoscimento di diritti economici e sociali, un <em>riconoscimento simbolico<\/em> del loro rapporto. <em>Ma il diritto non esiste per offrire riconoscimenti simbolici<\/em><strong>,<\/strong> bens\u00ec per dare risposte pubbliche ad esigenze sociali, che superano la mera dimensione privata dell&#8217;esistenza. Perch\u00e9 ad es. il diritto d\u00e0 un riconoscimento pubblico al <em>matrimonio<\/em> e non all&#8217;<em>amicizia<\/em>? Perch\u00e9 l&#8217;amicizia, che pure attiva un vincolo, che pu\u00f2 essere in alcuni casi esistenzialmente ancora pi\u00f9 significativo di quello coniugale, non ha rilievo sociale, ma esclusivamente personale.<\/p>\n<p style=\"text-align: justify;\">Il matrimonio invece, fondando la famiglia, e garantendo l&#8217;ordine delle generazioni, ha un rilievo sociale del tutto caratteristico, che ne giustifica la giuridicizzazione. La coppia omosessuale non crea famiglia: lo impedisce la sua costitutiva sterilit\u00e0. Come superare questa difficolt\u00e0, se non potenziando il <em>carattere mimetico<\/em> della coppia omosessuale rispetto a quella eterosessuale?<\/p>\n<p style=\"text-align: justify;\">Di qui, la pretesa, confusa, ma dotata di una certa qual coerenza, di ammettere le coppie omosessuali (e in specie quelle &#8220;sposate&#8221;) all&#8217;adozione. Poco importa che la psicologia dell&#8217;et\u00e0 evolutiva insista nel sottolineare quanto sia rilevante l&#8217;esigenza per i bambini di possedere una doppia figura genitoriale, maschile e femminile: di fronte all&#8217;ideologia, anche le argomentazioni della scienza vengono messe da parte.<\/p>\n<p style=\"text-align: justify;\">Siamo tutti testimoni che si \u00e8 aperta una partita decisiva, inimmaginabile fino a qualche decennio fa, che ha per oggetto la famiglia e attraverso la famiglia la stessa identit\u00e0 umana. La famiglia chiede di essere difesa; ma per difenderla non c&#8217;\u00e8 bisogno di argomenti teologici o religiosi; bastano comuni argomenti umani, perch\u00e9 ci\u00f2 che la famiglia tutela e promuove \u00e8 innanzi tutto il <em>bene umano<\/em>.<\/p>\n<p style=\"text-align: justify;\">Chi ritiene che sia giunto il tempo per ripensare in modo assolutamente radicale la realt\u00e0 della famiglia ha l&#8217;onere di provare fino in fondo le sue tesi eversive e di non darle per evidenti; ha il dovere di entrare in un dialogo serrato con chi \u00e8 di diverso avviso; e soprattutto deve saper e voler rinunciare alle scorciatoie delle provocazioni e delle manifestazioni di piazza, che ben poco aiuto possono dare al confronto e al progresso delle idee. Sarebbe preoccupante se nell&#8217;Italia di oggi non ci fosse pi\u00f9 uno spazio per un tale stile dialogico.<\/p>\n","protected":false},"excerpt":{"rendered":"<p>agenzia Zenit (http:\/\/www.zenit.org\/italian\/subscribe.html) Risponde su \u201cL&#8217;Osservatore Romano\u201d il Presidente dell&#8217;Unione Giuristi Cattolici Italiani CITTA\u2019 DEL VATICANO, venerd\u00ec, 13 gennaio 2006 Presentiamo l\u2019articolo pubblicato sull\u2019edizione quotidiana del 14 gennaio de \u201cL\u2019Osservatore Romano\u201d firmato da Francesco D&#8217;Agostino sul riconoscimento delle convivenze. Il sottotitolo dell\u2019articolo \u00e8 \u201cLe scorciatoie delle provocazioni\u201d<\/p><p><a class=\"more-link btn\" href=\"https:\/\/www.rassegnastampa-totustuus.it\/cattolica\/riconoscere-le-convivenze\/\">Continua a leggere<\/a><\/p>\n","protected":false},"author":6,"featured_media":31096,"comment_status":"closed","ping_status":"open","sticky":false,"template":"","format":"standard","meta":{"footnotes":""},"categories":[7,15],"tags":[716,1187],"class_list":["post-1815","post","type-post","status-publish","format-standard","has-post-thumbnail","hentry","category-costume","category-famiglia","tag-convivenze","tag-pacs","item-wrap"],"yoast_head":"<!-- This site is optimized with the Yoast SEO plugin v27.5 - https:\/\/yoast.com\/product\/yoast-seo-wordpress\/ -->\n<title>Riconoscere le convivenze? - Rassegna Stampa Cattolica<\/title>\n<meta name=\"description\" content=\"Rassegna Stampa Cattolica - Per una cultura che nasce dalla Rivelazione cristiana in conformit\u00e0 alla tradizione e al Magistero della Chiesa in opposizione ad ogni relativismo e totalitarismo\" \/>\n<meta name=\"robots\" content=\"index, follow, max-snippet:-1, max-image-preview:large, max-video-preview:-1\" \/>\n<link rel=\"canonical\" href=\"https:\/\/www.rassegnastampa-totustuus.it\/cattolica\/riconoscere-le-convivenze\/\" \/>\n<meta property=\"og:locale\" content=\"it_IT\" \/>\n<meta property=\"og:type\" content=\"article\" \/>\n<meta property=\"og:title\" content=\"Riconoscere le convivenze? - Rassegna Stampa Cattolica\" \/>\n<meta property=\"og:description\" content=\"Rassegna Stampa Cattolica - Per una cultura che nasce dalla Rivelazione cristiana in conformit\u00e0 alla tradizione e al Magistero della Chiesa in opposizione ad ogni relativismo e totalitarismo\" \/>\n<meta property=\"og:url\" content=\"https:\/\/www.rassegnastampa-totustuus.it\/cattolica\/riconoscere-le-convivenze\/\" \/>\n<meta property=\"og:site_name\" content=\"Rassegna Stampa Cattolica\" \/>\n<meta property=\"article:publisher\" content=\"https:\/\/www.facebook.com\/rassegnastampacattolica\" \/>\n<meta property=\"article:published_time\" content=\"2006-01-19T23:00:00+00:00\" \/>\n<meta property=\"article:modified_time\" content=\"2016-02-26T13:33:51+00:00\" \/>\n<meta property=\"og:image\" content=\"https:\/\/www.rassegnastampa-totustuus.it\/cattolica\/wp-content\/uploads\/2006\/01\/convivenze.jpg\" \/>\n\t<meta property=\"og:image:width\" content=\"276\" \/>\n\t<meta property=\"og:image:height\" content=\"183\" \/>\n\t<meta property=\"og:image:type\" content=\"image\/jpeg\" \/>\n<meta name=\"author\" content=\"Redazione\" \/>\n<meta name=\"twitter:card\" content=\"summary_large_image\" \/>\n<meta name=\"twitter:creator\" content=\"@rassegnastampa9\" \/>\n<meta name=\"twitter:site\" content=\"@rassegnastampa9\" \/>\n<meta name=\"twitter:label1\" content=\"Scritto da\" \/>\n\t<meta name=\"twitter:data1\" content=\"Redazione\" \/>\n\t<meta name=\"twitter:label2\" content=\"Tempo di lettura stimato\" \/>\n\t<meta name=\"twitter:data2\" content=\"8 minuti\" \/>\n<script type=\"application\/ld+json\" class=\"yoast-schema-graph\">{\"@context\":\"https:\\\/\\\/schema.org\",\"@graph\":[{\"@type\":\"Article\",\"@id\":\"https:\\\/\\\/www.rassegnastampa-totustuus.it\\\/cattolica\\\/riconoscere-le-convivenze\\\/#article\",\"isPartOf\":{\"@id\":\"https:\\\/\\\/www.rassegnastampa-totustuus.it\\\/cattolica\\\/riconoscere-le-convivenze\\\/\"},\"author\":{\"name\":\"Redazione\",\"@id\":\"https:\\\/\\\/www.rassegnastampa-totustuus.it\\\/cattolica\\\/#\\\/schema\\\/person\\\/08f319d2bd1a0904ad9e2bfb7b15e5c3\"},\"headline\":\"Riconoscere le convivenze?\",\"datePublished\":\"2006-01-19T23:00:00+00:00\",\"dateModified\":\"2016-02-26T13:33:51+00:00\",\"mainEntityOfPage\":{\"@id\":\"https:\\\/\\\/www.rassegnastampa-totustuus.it\\\/cattolica\\\/riconoscere-le-convivenze\\\/\"},\"wordCount\":1560,\"publisher\":{\"@id\":\"https:\\\/\\\/www.rassegnastampa-totustuus.it\\\/cattolica\\\/#organization\"},\"image\":{\"@id\":\"https:\\\/\\\/www.rassegnastampa-totustuus.it\\\/cattolica\\\/riconoscere-le-convivenze\\\/#primaryimage\"},\"thumbnailUrl\":\"https:\\\/\\\/www.rassegnastampa-totustuus.it\\\/cattolica\\\/wp-content\\\/uploads\\\/2006\\\/01\\\/convivenze.jpg\",\"keywords\":[\"convivenze\",\"Pacs\"],\"articleSection\":[\"Costume\",\"Famiglia\"],\"inLanguage\":\"it-IT\"},{\"@type\":\"WebPage\",\"@id\":\"https:\\\/\\\/www.rassegnastampa-totustuus.it\\\/cattolica\\\/riconoscere-le-convivenze\\\/\",\"url\":\"https:\\\/\\\/www.rassegnastampa-totustuus.it\\\/cattolica\\\/riconoscere-le-convivenze\\\/\",\"name\":\"Riconoscere le convivenze? - Rassegna Stampa Cattolica\",\"isPartOf\":{\"@id\":\"https:\\\/\\\/www.rassegnastampa-totustuus.it\\\/cattolica\\\/#website\"},\"primaryImageOfPage\":{\"@id\":\"https:\\\/\\\/www.rassegnastampa-totustuus.it\\\/cattolica\\\/riconoscere-le-convivenze\\\/#primaryimage\"},\"image\":{\"@id\":\"https:\\\/\\\/www.rassegnastampa-totustuus.it\\\/cattolica\\\/riconoscere-le-convivenze\\\/#primaryimage\"},\"thumbnailUrl\":\"https:\\\/\\\/www.rassegnastampa-totustuus.it\\\/cattolica\\\/wp-content\\\/uploads\\\/2006\\\/01\\\/convivenze.jpg\",\"datePublished\":\"2006-01-19T23:00:00+00:00\",\"dateModified\":\"2016-02-26T13:33:51+00:00\",\"description\":\"Rassegna Stampa Cattolica - Per una cultura che nasce dalla Rivelazione cristiana in conformit\u00e0 alla tradizione e al Magistero della Chiesa in opposizione ad ogni relativismo e totalitarismo\",\"breadcrumb\":{\"@id\":\"https:\\\/\\\/www.rassegnastampa-totustuus.it\\\/cattolica\\\/riconoscere-le-convivenze\\\/#breadcrumb\"},\"inLanguage\":\"it-IT\",\"potentialAction\":[{\"@type\":\"ReadAction\",\"target\":[\"https:\\\/\\\/www.rassegnastampa-totustuus.it\\\/cattolica\\\/riconoscere-le-convivenze\\\/\"]}]},{\"@type\":\"ImageObject\",\"inLanguage\":\"it-IT\",\"@id\":\"https:\\\/\\\/www.rassegnastampa-totustuus.it\\\/cattolica\\\/riconoscere-le-convivenze\\\/#primaryimage\",\"url\":\"https:\\\/\\\/www.rassegnastampa-totustuus.it\\\/cattolica\\\/wp-content\\\/uploads\\\/2006\\\/01\\\/convivenze.jpg\",\"contentUrl\":\"https:\\\/\\\/www.rassegnastampa-totustuus.it\\\/cattolica\\\/wp-content\\\/uploads\\\/2006\\\/01\\\/convivenze.jpg\",\"width\":276,\"height\":183},{\"@type\":\"BreadcrumbList\",\"@id\":\"https:\\\/\\\/www.rassegnastampa-totustuus.it\\\/cattolica\\\/riconoscere-le-convivenze\\\/#breadcrumb\",\"itemListElement\":[{\"@type\":\"ListItem\",\"position\":1,\"name\":\"Home\",\"item\":\"https:\\\/\\\/www.rassegnastampa-totustuus.it\\\/cattolica\\\/\"},{\"@type\":\"ListItem\",\"position\":2,\"name\":\"Riconoscere le convivenze?\"}]},{\"@type\":\"WebSite\",\"@id\":\"https:\\\/\\\/www.rassegnastampa-totustuus.it\\\/cattolica\\\/#website\",\"url\":\"https:\\\/\\\/www.rassegnastampa-totustuus.it\\\/cattolica\\\/\",\"name\":\"Rassegna Stampa Cattolica\",\"description\":\"Per una cultura che nasce dalla Rivelazione cristiana in conformit\u00e0 alla tradizione e al Magistero della Chiesa in opposizione ad ogni relativismo e totalitarismo\",\"publisher\":{\"@id\":\"https:\\\/\\\/www.rassegnastampa-totustuus.it\\\/cattolica\\\/#organization\"},\"alternateName\":\"Rass. Cattolica\",\"potentialAction\":[{\"@type\":\"SearchAction\",\"target\":{\"@type\":\"EntryPoint\",\"urlTemplate\":\"https:\\\/\\\/www.rassegnastampa-totustuus.it\\\/cattolica\\\/?s={search_term_string}\"},\"query-input\":{\"@type\":\"PropertyValueSpecification\",\"valueRequired\":true,\"valueName\":\"search_term_string\"}}],\"inLanguage\":\"it-IT\"},{\"@type\":\"Organization\",\"@id\":\"https:\\\/\\\/www.rassegnastampa-totustuus.it\\\/cattolica\\\/#organization\",\"name\":\"Rassegna Stampa Cattolica\",\"url\":\"https:\\\/\\\/www.rassegnastampa-totustuus.it\\\/cattolica\\\/\",\"logo\":{\"@type\":\"ImageObject\",\"inLanguage\":\"it-IT\",\"@id\":\"https:\\\/\\\/www.rassegnastampa-totustuus.it\\\/cattolica\\\/#\\\/schema\\\/logo\\\/image\\\/\",\"url\":\"https:\\\/\\\/www.rassegnastampa-totustuus.it\\\/cattolica\\\/wp-content\\\/uploads\\\/2014\\\/04\\\/logo-rassegna1.gif\",\"contentUrl\":\"https:\\\/\\\/www.rassegnastampa-totustuus.it\\\/cattolica\\\/wp-content\\\/uploads\\\/2014\\\/04\\\/logo-rassegna1.gif\",\"width\":600,\"height\":163,\"caption\":\"Rassegna Stampa Cattolica\"},\"image\":{\"@id\":\"https:\\\/\\\/www.rassegnastampa-totustuus.it\\\/cattolica\\\/#\\\/schema\\\/logo\\\/image\\\/\"},\"sameAs\":[\"https:\\\/\\\/www.facebook.com\\\/rassegnastampacattolica\",\"https:\\\/\\\/x.com\\\/rassegnastampa9\"]},{\"@type\":\"Person\",\"@id\":\"https:\\\/\\\/www.rassegnastampa-totustuus.it\\\/cattolica\\\/#\\\/schema\\\/person\\\/08f319d2bd1a0904ad9e2bfb7b15e5c3\",\"name\":\"Redazione\",\"image\":{\"@type\":\"ImageObject\",\"inLanguage\":\"it-IT\",\"@id\":\"https:\\\/\\\/secure.gravatar.com\\\/avatar\\\/2fcdf27c78ea025fbdb44e914cc63c72249ffec9dc8aafd5c82b26240ef3f346?s=96&d=mm&r=g\",\"url\":\"https:\\\/\\\/secure.gravatar.com\\\/avatar\\\/2fcdf27c78ea025fbdb44e914cc63c72249ffec9dc8aafd5c82b26240ef3f346?s=96&d=mm&r=g\",\"contentUrl\":\"https:\\\/\\\/secure.gravatar.com\\\/avatar\\\/2fcdf27c78ea025fbdb44e914cc63c72249ffec9dc8aafd5c82b26240ef3f346?s=96&d=mm&r=g\",\"caption\":\"Redazione\"},\"url\":\"https:\\\/\\\/www.rassegnastampa-totustuus.it\\\/cattolica\\\/author\\\/pietroelle\\\/\"}]}<\/script>\n<!-- \/ Yoast SEO plugin. -->","yoast_head_json":{"title":"Riconoscere le convivenze? - Rassegna Stampa Cattolica","description":"Rassegna Stampa Cattolica - Per una cultura che nasce dalla Rivelazione cristiana in conformit\u00e0 alla tradizione e al Magistero della Chiesa in opposizione ad ogni relativismo e totalitarismo","robots":{"index":"index","follow":"follow","max-snippet":"max-snippet:-1","max-image-preview":"max-image-preview:large","max-video-preview":"max-video-preview:-1"},"canonical":"https:\/\/www.rassegnastampa-totustuus.it\/cattolica\/riconoscere-le-convivenze\/","og_locale":"it_IT","og_type":"article","og_title":"Riconoscere le convivenze? - Rassegna Stampa Cattolica","og_description":"Rassegna Stampa Cattolica - Per una cultura che nasce dalla Rivelazione cristiana in conformit\u00e0 alla tradizione e al Magistero della Chiesa in opposizione ad ogni relativismo e totalitarismo","og_url":"https:\/\/www.rassegnastampa-totustuus.it\/cattolica\/riconoscere-le-convivenze\/","og_site_name":"Rassegna Stampa Cattolica","article_publisher":"https:\/\/www.facebook.com\/rassegnastampacattolica","article_published_time":"2006-01-19T23:00:00+00:00","article_modified_time":"2016-02-26T13:33:51+00:00","og_image":[{"width":276,"height":183,"url":"https:\/\/www.rassegnastampa-totustuus.it\/cattolica\/wp-content\/uploads\/2006\/01\/convivenze.jpg","type":"image\/jpeg"}],"author":"Redazione","twitter_card":"summary_large_image","twitter_creator":"@rassegnastampa9","twitter_site":"@rassegnastampa9","twitter_misc":{"Scritto da":"Redazione","Tempo di lettura stimato":"8 minuti"},"schema":{"@context":"https:\/\/schema.org","@graph":[{"@type":"Article","@id":"https:\/\/www.rassegnastampa-totustuus.it\/cattolica\/riconoscere-le-convivenze\/#article","isPartOf":{"@id":"https:\/\/www.rassegnastampa-totustuus.it\/cattolica\/riconoscere-le-convivenze\/"},"author":{"name":"Redazione","@id":"https:\/\/www.rassegnastampa-totustuus.it\/cattolica\/#\/schema\/person\/08f319d2bd1a0904ad9e2bfb7b15e5c3"},"headline":"Riconoscere le convivenze?","datePublished":"2006-01-19T23:00:00+00:00","dateModified":"2016-02-26T13:33:51+00:00","mainEntityOfPage":{"@id":"https:\/\/www.rassegnastampa-totustuus.it\/cattolica\/riconoscere-le-convivenze\/"},"wordCount":1560,"publisher":{"@id":"https:\/\/www.rassegnastampa-totustuus.it\/cattolica\/#organization"},"image":{"@id":"https:\/\/www.rassegnastampa-totustuus.it\/cattolica\/riconoscere-le-convivenze\/#primaryimage"},"thumbnailUrl":"https:\/\/www.rassegnastampa-totustuus.it\/cattolica\/wp-content\/uploads\/2006\/01\/convivenze.jpg","keywords":["convivenze","Pacs"],"articleSection":["Costume","Famiglia"],"inLanguage":"it-IT"},{"@type":"WebPage","@id":"https:\/\/www.rassegnastampa-totustuus.it\/cattolica\/riconoscere-le-convivenze\/","url":"https:\/\/www.rassegnastampa-totustuus.it\/cattolica\/riconoscere-le-convivenze\/","name":"Riconoscere le convivenze? - Rassegna Stampa Cattolica","isPartOf":{"@id":"https:\/\/www.rassegnastampa-totustuus.it\/cattolica\/#website"},"primaryImageOfPage":{"@id":"https:\/\/www.rassegnastampa-totustuus.it\/cattolica\/riconoscere-le-convivenze\/#primaryimage"},"image":{"@id":"https:\/\/www.rassegnastampa-totustuus.it\/cattolica\/riconoscere-le-convivenze\/#primaryimage"},"thumbnailUrl":"https:\/\/www.rassegnastampa-totustuus.it\/cattolica\/wp-content\/uploads\/2006\/01\/convivenze.jpg","datePublished":"2006-01-19T23:00:00+00:00","dateModified":"2016-02-26T13:33:51+00:00","description":"Rassegna Stampa Cattolica - Per una cultura che nasce dalla Rivelazione cristiana in conformit\u00e0 alla tradizione e al Magistero della Chiesa in opposizione ad ogni relativismo e totalitarismo","breadcrumb":{"@id":"https:\/\/www.rassegnastampa-totustuus.it\/cattolica\/riconoscere-le-convivenze\/#breadcrumb"},"inLanguage":"it-IT","potentialAction":[{"@type":"ReadAction","target":["https:\/\/www.rassegnastampa-totustuus.it\/cattolica\/riconoscere-le-convivenze\/"]}]},{"@type":"ImageObject","inLanguage":"it-IT","@id":"https:\/\/www.rassegnastampa-totustuus.it\/cattolica\/riconoscere-le-convivenze\/#primaryimage","url":"https:\/\/www.rassegnastampa-totustuus.it\/cattolica\/wp-content\/uploads\/2006\/01\/convivenze.jpg","contentUrl":"https:\/\/www.rassegnastampa-totustuus.it\/cattolica\/wp-content\/uploads\/2006\/01\/convivenze.jpg","width":276,"height":183},{"@type":"BreadcrumbList","@id":"https:\/\/www.rassegnastampa-totustuus.it\/cattolica\/riconoscere-le-convivenze\/#breadcrumb","itemListElement":[{"@type":"ListItem","position":1,"name":"Home","item":"https:\/\/www.rassegnastampa-totustuus.it\/cattolica\/"},{"@type":"ListItem","position":2,"name":"Riconoscere le convivenze?"}]},{"@type":"WebSite","@id":"https:\/\/www.rassegnastampa-totustuus.it\/cattolica\/#website","url":"https:\/\/www.rassegnastampa-totustuus.it\/cattolica\/","name":"Rassegna Stampa Cattolica","description":"Per una cultura che nasce dalla Rivelazione cristiana in conformit\u00e0 alla tradizione e al Magistero della Chiesa in opposizione ad ogni relativismo e totalitarismo","publisher":{"@id":"https:\/\/www.rassegnastampa-totustuus.it\/cattolica\/#organization"},"alternateName":"Rass. Cattolica","potentialAction":[{"@type":"SearchAction","target":{"@type":"EntryPoint","urlTemplate":"https:\/\/www.rassegnastampa-totustuus.it\/cattolica\/?s={search_term_string}"},"query-input":{"@type":"PropertyValueSpecification","valueRequired":true,"valueName":"search_term_string"}}],"inLanguage":"it-IT"},{"@type":"Organization","@id":"https:\/\/www.rassegnastampa-totustuus.it\/cattolica\/#organization","name":"Rassegna Stampa Cattolica","url":"https:\/\/www.rassegnastampa-totustuus.it\/cattolica\/","logo":{"@type":"ImageObject","inLanguage":"it-IT","@id":"https:\/\/www.rassegnastampa-totustuus.it\/cattolica\/#\/schema\/logo\/image\/","url":"https:\/\/www.rassegnastampa-totustuus.it\/cattolica\/wp-content\/uploads\/2014\/04\/logo-rassegna1.gif","contentUrl":"https:\/\/www.rassegnastampa-totustuus.it\/cattolica\/wp-content\/uploads\/2014\/04\/logo-rassegna1.gif","width":600,"height":163,"caption":"Rassegna Stampa Cattolica"},"image":{"@id":"https:\/\/www.rassegnastampa-totustuus.it\/cattolica\/#\/schema\/logo\/image\/"},"sameAs":["https:\/\/www.facebook.com\/rassegnastampacattolica","https:\/\/x.com\/rassegnastampa9"]},{"@type":"Person","@id":"https:\/\/www.rassegnastampa-totustuus.it\/cattolica\/#\/schema\/person\/08f319d2bd1a0904ad9e2bfb7b15e5c3","name":"Redazione","image":{"@type":"ImageObject","inLanguage":"it-IT","@id":"https:\/\/secure.gravatar.com\/avatar\/2fcdf27c78ea025fbdb44e914cc63c72249ffec9dc8aafd5c82b26240ef3f346?s=96&d=mm&r=g","url":"https:\/\/secure.gravatar.com\/avatar\/2fcdf27c78ea025fbdb44e914cc63c72249ffec9dc8aafd5c82b26240ef3f346?s=96&d=mm&r=g","contentUrl":"https:\/\/secure.gravatar.com\/avatar\/2fcdf27c78ea025fbdb44e914cc63c72249ffec9dc8aafd5c82b26240ef3f346?s=96&d=mm&r=g","caption":"Redazione"},"url":"https:\/\/www.rassegnastampa-totustuus.it\/cattolica\/author\/pietroelle\/"}]}},"_links":{"self":[{"href":"https:\/\/www.rassegnastampa-totustuus.it\/cattolica\/wp-json\/wp\/v2\/posts\/1815","targetHints":{"allow":["GET"]}}],"collection":[{"href":"https:\/\/www.rassegnastampa-totustuus.it\/cattolica\/wp-json\/wp\/v2\/posts"}],"about":[{"href":"https:\/\/www.rassegnastampa-totustuus.it\/cattolica\/wp-json\/wp\/v2\/types\/post"}],"author":[{"embeddable":true,"href":"https:\/\/www.rassegnastampa-totustuus.it\/cattolica\/wp-json\/wp\/v2\/users\/6"}],"replies":[{"embeddable":true,"href":"https:\/\/www.rassegnastampa-totustuus.it\/cattolica\/wp-json\/wp\/v2\/comments?post=1815"}],"version-history":[{"count":5,"href":"https:\/\/www.rassegnastampa-totustuus.it\/cattolica\/wp-json\/wp\/v2\/posts\/1815\/revisions"}],"predecessor-version":[{"id":31097,"href":"https:\/\/www.rassegnastampa-totustuus.it\/cattolica\/wp-json\/wp\/v2\/posts\/1815\/revisions\/31097"}],"wp:featuredmedia":[{"embeddable":true,"href":"https:\/\/www.rassegnastampa-totustuus.it\/cattolica\/wp-json\/wp\/v2\/media\/31096"}],"wp:attachment":[{"href":"https:\/\/www.rassegnastampa-totustuus.it\/cattolica\/wp-json\/wp\/v2\/media?parent=1815"}],"wp:term":[{"taxonomy":"category","embeddable":true,"href":"https:\/\/www.rassegnastampa-totustuus.it\/cattolica\/wp-json\/wp\/v2\/categories?post=1815"},{"taxonomy":"post_tag","embeddable":true,"href":"https:\/\/www.rassegnastampa-totustuus.it\/cattolica\/wp-json\/wp\/v2\/tags?post=1815"}],"curies":[{"name":"wp","href":"https:\/\/api.w.org\/{rel}","templated":true}]}}