{"id":1804,"date":"2006-01-13T13:38:16","date_gmt":"2006-01-13T12:38:16","guid":{"rendered":""},"modified":"2016-04-21T13:03:49","modified_gmt":"2016-04-21T11:03:49","slug":"il-risorgimento-italiano-iii","status":"publish","type":"post","link":"https:\/\/www.rassegnastampa-totustuus.it\/cattolica\/il-risorgimento-italiano-iii\/","title":{"rendered":"Il Risorgimento italiano (III)"},"content":{"rendered":"<div style=\"text-align: center;\">di <strong>Marco Tangheroni<\/strong><\/div>\n<p style=\"text-align: center;\">PREMESSA<\/p>\n<p style=\"text-align: justify;\"><em>Il testo \u00e8 frutto della trascrizione, rivista dall\u2019autore, degli incontri tenutisi nei primi mesi del 1990, a cura della Croce pisana di Alleanza Cattolica e del Centro Cattolico di documentazione di Marina di Pisa. Gli incontri furono tenuti nella sala parrocchiale della Chiesa di Santa Maria del Carmine in Corso Italia, Pisa (g.c.). Nella trascrizione si \u00e8 mantenuto lo stile colloquiale. In appendice la trascrizione della conferenza del 29-11-1992 tenutasi in occasione del 5\u00b0 centenario della scoperta dell\u2019America.<\/em><\/p>\n<p style=\"text-align: justify;\"><img loading=\"lazy\" decoding=\"async\" class=\"aligncenter wp-image-33299\" src=\"https:\/\/www.rassegnastampa-totustuus.it\/cattolica\/wp-content\/uploads\/2006\/01\/Unit\u00e0_Italia.jpg\" alt=\"Unit\u00e0_Italia\" width=\"167\" height=\"200\" \/><\/p>\n<p style=\"text-align: center;\"><strong>INDICE<\/strong><\/p>\n<p style=\"text-align: center;\">Considerazioni introduttive<\/p>\n<p style=\"text-align: center;\"><a href=\"https:\/\/www.rassegnastampa-totustuus.it\/cattolica\/?p=1813\" target=\"_blank\">La crisi del Medioevo e la Riforma Protestante<\/a><\/p>\n<p style=\"text-align: center;\"><a href=\"https:\/\/www.rassegnastampa-totustuus.it\/cattolica\/?p=1803\" target=\"_blank\">La Rivoluzione Francese<\/a><\/p>\n<p style=\"text-align: center;\"><strong>Il Risorgimento Italiano\u00a0<\/strong><\/p>\n<p style=\"text-align: center;\"><strong>APPENDICE\u00a0\u00a0<\/strong><\/p>\n<p style=\"text-align: center;\"><a href=\"https:\/\/www.rassegnastampa-totustuus.it\/cattolica\/?p=1805\" target=\"_blank\">1492 \u2013 1992 : bilancio di un centenario<\/a><\/p>\n<p><!--more--><\/p>\n<div style=\"text-align: justify;\">Il Risorgimento rappresenta per la storia italiana un momento storico in un certo senso analogo a ci\u00f2 che la Rivoluzione Francese ha rappresentato per la Francia. D&#8217;altra parte esso \u00e8 stato collegato e si \u00e8 richiamato alla &#8220;grande rivoluzione&#8221;.<\/div>\n<p style=\"text-align: justify;\">Il tema \u00e8 anche di grande interesse politico e culturale. In questo corso non \u00e8 prevista una lezione sul novecento, ma si pu\u00f2 qui accennare, per esempio, agli equivoci e alle ambiguit\u00e0 sul tema da parte del fascismo: questo, infatti, da un lato pretendeva di combattere i principi dell&#8217;ottantanove,\u00a0dall&#8217;altro per\u00f2 affermava di essere il compimento del Risorgimento.<\/p>\n<p style=\"text-align: justify;\">Rispetto al mito della Rivoluzione Francese continuamente richiamato e riproposto su scala europea e mondiale, le riproposizioni del mito del Risorgimento appaiono abbastanza fiacche. Trent&#8217;anni fa in occasione del centenario della proclamazione del regno d&#8217;Italia, in una mescolanza interessante di storia e di educazione civica, il bombardamento su coloro che allora erano studenti fu enorme.<\/p>\n<p style=\"text-align: justify;\">Ci\u00f2 non toglie che nella scuola e nei mass media si tenda a conservare, sia pure in modo stanco e ripetitiva, un&#8217;immagine al tempo stesso oleografica e ideologizzata del Risorgimento (al momento della stesura delle dispense, si pu\u00f2 aggiungere che resta comunque vietato &#8220;parlare male di Garibaldi&#8221;, come dimostrato dalle violente polemiche contro Vittorio Messori e il Card. Giacomo Biffi).<\/p>\n<p style=\"text-align: justify;\">In realt\u00e0 a livello storiografico la revisione \u00e8 in atto, ma deve restare, secondo la cultura dominante, circoscritta ad una innocua cerchia di accademici. Prendiamo un esempio a livello di storia militare: l&#8217;episodio di Curtatone e Montanara che fa parte della mitologia goliardica pisana. In realt\u00e0 si tratt\u00f2 di uno scontro militare veramente insignificante, una piccola sparatoria nella quale il comandante del contingente toscano, che aveva ricevuto da Firenze l&#8217;ordine di tenere lontani dal fuoco questi giovani appartenenti alle famiglie pi\u00f9 in vista della Toscana, decise di lasciarli un poco sfogare.<\/p>\n<p style=\"text-align: justify;\">Ci\u00f2 finch\u00e9 Radetzky avvis\u00f2 il comandante toscano &#8211; tra l&#8217;altro suo amico &#8211; di ritirare il battaglione universitario\u00a0 perch\u00e9 altrimenti lo\u00a0avrebbe attaccato in modo serio.<\/p>\n<p style=\"text-align: justify;\">Il legame con la vittoria piemontese del giorno dopo a Goito \u00e8 indimostrabile e probabilmente inesistente. Comunque quel che \u00e8 certo \u00e8 che il battaglione subito dopo si sband\u00f2 e venne immediatamente sciolto.<\/p>\n<p style=\"text-align: justify;\">Proseguendo il discorso dal punto di vista della storia militare bisogna dire che il Risorgimento non ebbe molti episodi gloriosi ed anzi conobbe molte pagine negative. Se si volesse dire la verit\u00e0 bisognerebbe riconoscere che l&#8217;episodio pi\u00f9 significativo per valore e inferiorit\u00e0 di mezzi fu l&#8217;assedio di Gaeta sostenuto dal giovane re Francesco di Napoli e dalla regina Maria Sofia. Una prova di questo giudizio pu\u00f2 essere data dalla voce dell&#8217;Enciclopedia Italiana pur scritta negli anni trenta in pieno periodo di mitologia risorgimentale.<\/p>\n<p style=\"text-align: justify;\">Cos\u00ec scriveva il generale Baldini: \u201cle vicende guerresche del Risorgimento provarono che gli italiani in armi erano temprati alla disciplina e al sacrificio e che gli insuccessi che talvolta furono patiti derivarono da alcune deficienze funzionali proprie degli organismi improvvisati e delle situazioni intricate\u201d. Come si vede una maniera un po&#8217; contorta per riconoscere l&#8217;esistenza di numerosi fallimenti.<\/p>\n<p style=\"text-align: justify;\">Cosi nel 1848, quando tutta la flotta austriaca, il cui equipaggio era veneziano, si un\u00ec alle unit\u00e0 sarde e perci\u00f2 le due flotte erano padrone dell&#8217;Adriatico, fu annunciato che sarebbe stato bloccato il porto di Trieste. Ma questo infastidiva la Confederazione tedesca la quale pose il veto e la cosa non fu fatta. Credo che siano ben pochi i libri di testo che riportano l&#8217;episodio.<\/p>\n<p style=\"text-align: justify;\">E&#8217; anche interessante constatare che alla vigilia della cosiddetta terza guerra d&#8217;indipendenza, nel 1866, l&#8217;esercito italiano aveva una superiorit\u00e0 militare schiacciante, da un punto di vista numerico, su quello austriaco dato che il nuovo regno stava approfittando della guerra tra la Prussia e l&#8217;Austria; altrettanto schiacciante era la superiorit\u00e0 della flotta italiana. Eppure Quel 1866 si concluse con le sconfitte di Custoza e di Lissa.<\/p>\n<p style=\"text-align: justify;\">Non si tratta di aprire un discorso fuori luogo e in parte sbagliato sulle virt\u00f9 belliche degli italiani, ma di capire che anche dal punto di vista militare, come del resto da quello politico, il Risorgimento fu il frutto, nei suoi successi come nei suoi insuccessi, di continue interferenze delle potenze europee nella storia italiana.<\/p>\n<p style=\"text-align: justify;\">Si pensi all&#8217;appoggio inglese con i governi liberali guidati da Palmerston, a quello francese con Napoleone III, a quello tedesco con Bismark. Tutti sanno che lo stesso sbarco dei Mille non sarebbe mai avvenuto se non fosse stato protetto da navi inglesi. Ma allora perch\u00e9 non chiedersi quali solidariet\u00e0 di tipo ideologico, a cominciare da quelle di stampo massonico, erano alla base di questo sostegno?<\/p>\n<p style=\"text-align: justify;\">Bisogna anche segnalare che \u00e8 ormai liquidata l&#8217;interpretazione di tipo economicistico secondo la quale il Risorgimento avrebbe corrisposto alle necessit\u00e0 e alle volont\u00e0 delle parti pi\u00f9 illuminate e avanzate della borghesia commerciale ed industriale alla ricerca di mercati pi\u00f9 vasti. In realt\u00e0 lo studio dei ceti dirigenti &#8211; per altro anche numericamente esigui &#8211; del processo unitario ci ha fatto sapere che si trattava di ceti a base fondamentalmente agraria e rurale. Questa minoranza va dunque capita in base alle matrici di natura ideologica e culturale. Ed \u00e8 quindi su questo piano che va soprattutto condotta l&#8217;analisi di questo processo e di questo periodo.<\/p>\n<p style=\"text-align: justify;\">Subito dopo l&#8217;unit\u00e0, per dirla con Walter Maturi, venne l&#8217;epoca delle morti celebri, dei necrologi, delle commemorazioni, dei discorsi, dei monumenti, dei musei, delle lapidi che, per la verit\u00e0 sempre pi\u00f9 sporche e mal tenute, ricordano qualche &#8216;patriota&#8217; fucilato. Nel 1906 nacque la Societ\u00e0 Nazionale del Risorgimento la quale dichiarava esplicitamente di avere due scopi strettamente legati fra loro: uno scientifico, studiare il Risorgimento, e uno patriottico, procedere all&#8217;educazione nazionale del popolo attraverso la divulgazione del mito.<\/p>\n<p style=\"text-align: justify;\">Perch\u00e9 questo era necessario? Perch\u00e9 si sapeva bene che le grandi masse popolari erano rimaste estranee al processo unitario, o perch\u00e9 fedeli alla religione cattolica e alla Chiesa o perch\u00e9 legate a forme di radicalismo e socialismo. Tale societ\u00e0 si trasformer\u00e0 nel 1935 in Istituto Storico del Risorgimento Italiano per volont\u00e0 di un ministro, gi\u00e0 quadrunviro della marcia su Roma, il quale si piccava anche di essere storico, De Vecchi di Valcismon.<\/p>\n<p style=\"text-align: justify;\">Anche in questa occasione i due scopi vennero riaffermati. Ci si prometteva, infatti, da un lato, di promuovere riviste e studi, dall&#8217;altro di svolgere tutto un programma di conferenze popolari per perseguire un ideale di educazione nazionale.<\/p>\n<p style=\"text-align: justify;\">Queste notizie minori sono certo interessanti, ma \u00e8 bene ora soffermarci su alcuni temi generali molto importanti. Il prologo della fine del settecento, l&#8217;epoca delle grandi reazioni popolari alle riforme illuministiche prima e al giacobinismo poi. La storiografia nazionalistica tent\u00f2 di accreditare una interpretazione in gran parte falsa.<\/p>\n<p style=\"text-align: justify;\">Cosi Niccol\u00f2 Rodolico scriveva rivalutando questi movimenti nel suo libro <em>Il popolo all&#8217;inizio del Risorgimento nell&#8217;Italia meridionale:<\/em> &#8220;Quando\u00a0 i reggitori\u00a0 della Repubblica di San Marco, tremanti di paura per le minacce francesi, strappavano le gloriose insegne del leone alato e supplicavano la pace e i contadini del Veronese gridavano &#8216;viva San Marco&#8217; e morivano per esso in quelle Pasque che rinnovarono i Vespri.<\/p>\n<p style=\"text-align: justify;\">Quando sotto il cumulo di umiliazioni patite da prepotenti francesi e da giacobini paesani Carlo Emanuele avvilito abbandonava Torino, i montanari delle Alpi e i contadini piemontesi e monferrini continuavano disperatamente la resistenza allo straniero. Quando nella Lombardia gli austriaci si ritiravano incalzati dai francesi i contadini lombardi a Como, a Varese, a Vinasco, a Pavia osavano ribellarsi al vittorioso esercito del Bonaparte sfidando la ferocia della sua vendetta.<\/p>\n<p style=\"text-align: justify;\">Quando il mite Ferdinando III di Toscana era licenziato dai nuovi padroni e i nobili fuggivano e i girella democratici improvvisati venivano fuori con la coccarda tricolore i contadini toscani insorgevano al grido di &#8216;viva Maria&#8217;. Quando nelle Marche scappavano generali e soldati pontifici e il vecchio pontefice arrestato era condotto vi a da Roma sua non i principi cattolici osarono protestare, non Roma papale insorse, ma i contadini dai monti della Sabina alle marine marchigiane caddero a migliaia per la loro fede e per il loro paese.<\/p>\n<p style=\"text-align: justify;\">Quando vilmente il re di Napoli con cortigiani mini\u00adstri e generali fuggiva all&#8217;avanzarsi dello Championnet soli i contadini di terra del Lavoro, i montanari degli Abruzzi, i lazzaroni di Napoli si opposero all&#8217; invasore in una lotta disperata e sanguinosa&#8221;.<\/p>\n<p style=\"text-align: justify;\">Una citazione questa ch\u00e9 pone il problema della natura schiettamente popolare di questi movimenti che non possono essere interpretati nel senso di una reazione nazionale contro gli stranieri, solo casualmente indirizzata in difesa delle religione e contro le idee rivoluzionarie perch\u00e9 queste, per una sorta di capriccio della storia, si erano venute a legare alla presenza degli stranieri. Uno storico dell&#8217;epoca, che pure aveva vissuto l&#8217;esperienza della repubblica partenopea, ma osservatore intelligente, aveva gi\u00e0 analizzato acutamente le ragioni del fallimento di quella esperienza.<\/p>\n<p style=\"text-align: justify;\">Ora questo, come si comprende facilmente, \u00e8 molto imbarazzante per la storiografia &#8216;liberale&#8217;. Per esempio il Maturi parla di &#8220;rivolta delle plebi italiane contro i patrioti&#8221;. Si osservi il linguaggio: da una parte i patrioti che sarebbero nel giusto, dall&#8217;altra le plebi (in senso spregiativo) che si sollevano e ne provocano il fallimento.<\/p>\n<p style=\"text-align: justify;\">Ma imbarazzante anche per la storiografia marxista perch\u00e9 il popolo si trova contro il progresso e lo sviluppo storico, anzi difende posizioni reazionarie. Certo la reazione al processo unitario fu spesso costituita piuttosto da una resistenza passiva, da una sorta di indifferenza. E&#8217; vero per\u00f2 che sono da studiare ancora tanti piccoli episodi.<\/p>\n<p style=\"text-align: justify;\">Per esempio nelle elezioni piemontesi del 1857-1858 (cio\u00e8 nello stato ormai chiaramente avviato in una certa direzione e pieno di esuli) prevalsero quelli che sui giornali dell &#8216;epoca venivano chiamati i reazionari, le destre. Mentre in Francia per un secolo la causa legittimista fu fortemente presente nella storia di quel paese perch\u00e9 attorno ad essa si raccolsero grandissime forze, in Italia la misura di queste di nastie regionali, con l&#8217; eccezione del Regno di Napoli, non permise un legittimismo attivo.<\/p>\n<p style=\"text-align: justify;\">E&#8217; in senso molto generico che si pu\u00f2 parlare di una certa alleanza fra il trono e l&#8217;altare. La rivista dei gesuiti, <em>La Civilt\u00e0 Cattolica<\/em>, condusse una forte polemica antiliberale ma senza dimostrare particolari rimpianti verso questi stati regionali; essi, del resto, erano a distanza di pochi decenni gli eredi diretti di quegli stati che avevano gi\u00e0 svolto una politica di riforme ostili alla Chiesa. \u00a0Come detto bisogna fare una eccezione per ricordare quella che Carlo Alianello ha definito &#8220;la conquista del sud&#8221; nonch\u00e9 la successiva violenta e prolungata guerra civile che i manuali continuano a chiamare brigantaggio.<\/p>\n<p style=\"text-align: justify;\">Cos\u00ec facendo essi recepiscono passivamente i termini usati dai manifesti piemontesi; per intendersi sarebbe come se noi oggi sui libri di storia chiamassimo banditi i partigiani perch\u00e9 cos\u00ec definiti sui manifesti nazisti. Le esecuzioni furono nell&#8217;ordine di migliaia e migliaia.<\/p>\n<p style=\"text-align: justify;\">Bisogna anche riconoscere che non tutti i personaggi e i momenti del Risorgimento ebbero un orientamento anticattolico. Per esempio se si leggono le lettere dei volontari del gi\u00e0 ricordato battaglione universitario pisano, si scopre che molti portavano il giustacuore con i colori del papa. In quel 1848 Pio IX aveva benedetto il programma di una lega o di una confederazione italica.<\/p>\n<p style=\"text-align: justify;\">Risorgimento in origine significava semplicemente rinascita; cos\u00ec il Leopardi, negli anni 20 dell&#8217;ottocento, scriveva una poesia con questo titolo per parlare del suo sentirsi rinascere grazie al soggiorno pisano. Nel senso attuale la parola venne utilizzata da uno storico cattolico, il Balbo, il quale afferm\u00f2 che dopo lo sviluppo della cultura del Rinascimento era venuto il momento di uno sviluppo della civilt\u00e0 italiana.<\/p>\n<p style=\"text-align: justify;\">L&#8217;Italia doveva recuperare il suo primato; questo termine fu anche il titolo dell&#8217;opera pi\u00f9 famosa del principale esponente del neoguelfismo: il Gioberti. Ma ben presto la direzione del processo fu assunta da altre componenti, anche se queste trovarono un certo seguito in alcune fasce cattoliche liberali spesso influenzate dal giansenismo.<\/p>\n<p style=\"text-align: justify;\">Pi\u00f9 in generale l&#8217;unit\u00e0 d&#8217;Italia negli interventi, nelle parole, nelle azioni dei protagonisti del Risorgimento sembra essere molto spesso non un fine ma un mezzo per condurre una battaglia di tipo illuministico-progressista contro la Chiesa. Nel 1855 Cavour, riuscito con un&#8217;abile manovra parlamentare a far fuori D&#8217;Azeglio e a costituire una sua maggioranza che oggi definiremmo di centro-sinistra, fece votare per il Regno di Sardegna un complesso di leggi che abolivano molte congregazioni religiose e confiscavano buona parte delle propriet\u00e0 ecclesiastiche.<\/p>\n<p style=\"text-align: justify;\">Il re Vittorio Emanuele, colpito da molti lutti familiari nei quali i reazionari vedevano un segno dell&#8217;ira di Dio, si rivolse al vescovo di Casale che era anche senatore. Questi, consultatosi con Roma, propose un progetto che risolveva meglio i problemi finanziari dello stato sabaudo che erano stati addotti come pretesto. Allora Cavour e i suoi dovettero riconoscere che la questione era di principio e non finanziaria. Siamo all&#8217;inizio di una politica aggressiva e anticlericale.<\/p>\n<p style=\"text-align: justify;\">L&#8217;ultimo discorso parlamentare di Cavour (spesso presentato come un puro sostenitore della separazione tra Chiesa e stato) indicava la conquista di Roma come inizio di una rigenerazione universale. Come per la Rivoluzione Francese, non si voleva limitare le competenze della Chiesa, bens\u00ec essere i promotori di un suo rinnovamento in senso liberale e democratico; la reazione della Chiesa si manifester\u00e0 col Concilio Vaticano I. Su questo punto erano pienamente d&#8217;accordo Mazzini e Garibaldi. La divergenza era sul piano istituzionale.<\/p>\n<p style=\"text-align: justify;\">Ora, soprattutto nell&#8217;Italia meridionale, le propriet\u00e0 della Chiesa svolgevano una insostituibile funzione assistenziale ed educativa. Il programma di diffusione della propriet\u00e0 privata a danno di questi beni o dei beni comunali di uso collettivo, fu portato avanti da gruppi sociali in ascesa i quali, legatisi cos\u00ec per interesse al processo unitario, divennero puntello locale della conquista. Ci\u00f2 \u00e8 ben descritto in romanzi come <em>L&#8217;eredit\u00e0 dell<\/em>a <em>priora <\/em>di Alianello o il <em>Gattopardo <\/em>di Tommasi di Lampedusa.<\/p>\n<p style=\"text-align: justify;\">Nel 1925 uscirono contemporaneamente due libri sulla massoneria e il Risorgimento. Uno opera di uno storico di ottima formazione e di buoni studi negli archivi austriaci, il Luzio; filorisorgimentale ma ferocemente anti massonico, questi negava l&#8217;influenza della massoneria sul Risorgimento.<\/p>\n<p style=\"text-align: justify;\">L&#8217;altro libro era invece opera del Leti, storico massonico e tendeva anche in maniera eccessiva a dimostrare la tesi contraria. E&#8217; certo che in qualche caso la massoneria pu\u00f2 aver tentato di attribuirsi pi\u00f9 &#8220;meriti&#8221; di quelli reali. Ma \u00e8 anche certo che subito dopo l&#8217;unit\u00e0 l&#8217;importanza della massoneria \u00e8 al massimo: non si arriva al governo se non si \u00e8 massoni e le logge sono una specie di scuola preparatoria del ceto di governo<\/p>\n<p style=\"text-align: justify;\">In precedenza la massoneria, che in Italia aveva avuto un grande impulso da Napoleone (Giuseppe Bonaparte fu gran maestro della massoneria francese), era precedentemente molto diffusa tra i funzionari e tra gli ufficiali dell&#8217;esercito. La carboneria era una filiazione diretta della massoneria e fu la protagonista dei primi moti risorgimentali.<\/p>\n<p style=\"text-align: justify;\">Si pu\u00f2 cosi comprendere quanto detto prima sull&#8217;appoggio internazionale al Risorgimento. In Inghilterra i mass-media dell&#8217;epoca riuscirono a creare un&#8217;opinione favorevole al processo rivoluzionario italiano visto tanto pi\u00f9 favorevolmente quanto pi\u00f9 ostile al papato. Sarebbe interessante studiare gli aspetti millenaristici dell&#8217;ideologia del Risorgimento, il quale avrebbe dovuto avviare dall&#8217;Italia un rinnovamento del mondo.<\/p>\n<p style=\"text-align: justify;\">E&#8217; questo l&#8217;aspetto gnostico di gran parte del clima del Risorgimento, cui succeder\u00e0 alla fine del secolo un analogo sogno di un mondo nuovo, questa volta per\u00f2 in chiave marxista.<\/p>\n<p style=\"text-align: justify;\">Un personaggio come Filippo Buonarroti \u00e8 un buon esempio della continuit\u00e0 delle sette: aveva fatto parte della &#8220;congiura degli uguali&#8217;. di Gracco Babeuf, si dette un gran daffare nelle prime sette dell &#8216;et\u00e0 della restaurazione e si leg\u00f2 poi a Mazzini. D&#8217;altra parte lo stesso Mazzini non era contrario alle congiure e al terrorismo, ma sosteneva soltanto la necessit\u00e0 di un&#8217;azione pi\u00f9 pubblica.<\/p>\n","protected":false},"excerpt":{"rendered":"<p>di Marco Tangheroni PREMESSA Il testo \u00e8 frutto della trascrizione, rivista dall\u2019autore, degli incontri tenutisi nei primi mesi del 1990, a cura della Croce pisana di Alleanza Cattolica e del Centro Cattolico di documentazione di Marina di Pisa. Gli incontri furono tenuti nella sala parrocchiale della Chiesa di Santa Maria del Carmine in Corso Italia, &hellip; <\/p>\n<p><a class=\"more-link btn\" href=\"https:\/\/www.rassegnastampa-totustuus.it\/cattolica\/il-risorgimento-italiano-iii\/\">Continua a leggere<\/a><\/p>\n","protected":false},"author":6,"featured_media":33299,"comment_status":"closed","ping_status":"open","sticky":false,"template":"","format":"standard","meta":{"footnotes":""},"categories":[101,24,96],"tags":[2406,404],"class_list":["post-1804","post","type-post","status-publish","format-standard","has-post-thumbnail","hentry","category-risorgimento","category-storia","category-storia-italiana","tag-risorgimento","tag-storia-italiana-2","item-wrap"],"yoast_head":"<!-- This site is optimized with the Yoast SEO plugin v27.5 - https:\/\/yoast.com\/product\/yoast-seo-wordpress\/ -->\n<title>Il Risorgimento italiano (III) - Rassegna Stampa Cattolica<\/title>\n<meta name=\"description\" content=\"Rassegna Stampa Cattolica - Per una cultura che nasce dalla Rivelazione cristiana in conformit\u00e0 alla tradizione e al Magistero della Chiesa in opposizione ad ogni relativismo e totalitarismo\" \/>\n<meta name=\"robots\" content=\"index, follow, max-snippet:-1, max-image-preview:large, max-video-preview:-1\" \/>\n<link rel=\"canonical\" href=\"https:\/\/www.rassegnastampa-totustuus.it\/cattolica\/il-risorgimento-italiano-iii\/\" \/>\n<meta property=\"og:locale\" content=\"it_IT\" \/>\n<meta property=\"og:type\" content=\"article\" \/>\n<meta property=\"og:title\" content=\"Il Risorgimento italiano (III) - Rassegna Stampa Cattolica\" \/>\n<meta property=\"og:description\" content=\"Rassegna Stampa Cattolica - Per una cultura che nasce dalla Rivelazione cristiana in conformit\u00e0 alla tradizione e al Magistero della Chiesa in opposizione ad ogni relativismo e totalitarismo\" \/>\n<meta property=\"og:url\" content=\"https:\/\/www.rassegnastampa-totustuus.it\/cattolica\/il-risorgimento-italiano-iii\/\" \/>\n<meta property=\"og:site_name\" content=\"Rassegna Stampa Cattolica\" \/>\n<meta property=\"article:publisher\" content=\"https:\/\/www.facebook.com\/rassegnastampacattolica\" \/>\n<meta property=\"article:published_time\" content=\"2006-01-13T12:38:16+00:00\" \/>\n<meta property=\"article:modified_time\" content=\"2016-04-21T11:03:49+00:00\" \/>\n<meta property=\"og:image\" content=\"https:\/\/www.rassegnastampa-totustuus.it\/cattolica\/wp-content\/uploads\/2006\/01\/Unit\u00e0_Italia.jpg\" \/>\n\t<meta property=\"og:image:width\" content=\"205\" \/>\n\t<meta property=\"og:image:height\" content=\"245\" \/>\n\t<meta property=\"og:image:type\" content=\"image\/jpeg\" \/>\n<meta name=\"author\" content=\"Redazione\" \/>\n<meta name=\"twitter:card\" content=\"summary_large_image\" \/>\n<meta name=\"twitter:creator\" content=\"@rassegnastampa9\" \/>\n<meta name=\"twitter:site\" content=\"@rassegnastampa9\" \/>\n<meta name=\"twitter:label1\" content=\"Scritto da\" \/>\n\t<meta name=\"twitter:data1\" content=\"Redazione\" \/>\n\t<meta name=\"twitter:label2\" content=\"Tempo di lettura stimato\" \/>\n\t<meta name=\"twitter:data2\" content=\"13 minuti\" \/>\n<script type=\"application\/ld+json\" class=\"yoast-schema-graph\">{\"@context\":\"https:\\\/\\\/schema.org\",\"@graph\":[{\"@type\":\"Article\",\"@id\":\"https:\\\/\\\/www.rassegnastampa-totustuus.it\\\/cattolica\\\/il-risorgimento-italiano-iii\\\/#article\",\"isPartOf\":{\"@id\":\"https:\\\/\\\/www.rassegnastampa-totustuus.it\\\/cattolica\\\/il-risorgimento-italiano-iii\\\/\"},\"author\":{\"name\":\"Redazione\",\"@id\":\"https:\\\/\\\/www.rassegnastampa-totustuus.it\\\/cattolica\\\/#\\\/schema\\\/person\\\/08f319d2bd1a0904ad9e2bfb7b15e5c3\"},\"headline\":\"Il Risorgimento italiano (III)\",\"datePublished\":\"2006-01-13T12:38:16+00:00\",\"dateModified\":\"2016-04-21T11:03:49+00:00\",\"mainEntityOfPage\":{\"@id\":\"https:\\\/\\\/www.rassegnastampa-totustuus.it\\\/cattolica\\\/il-risorgimento-italiano-iii\\\/\"},\"wordCount\":2696,\"publisher\":{\"@id\":\"https:\\\/\\\/www.rassegnastampa-totustuus.it\\\/cattolica\\\/#organization\"},\"image\":{\"@id\":\"https:\\\/\\\/www.rassegnastampa-totustuus.it\\\/cattolica\\\/il-risorgimento-italiano-iii\\\/#primaryimage\"},\"thumbnailUrl\":\"https:\\\/\\\/www.rassegnastampa-totustuus.it\\\/cattolica\\\/wp-content\\\/uploads\\\/2006\\\/01\\\/Unit\u00e0_Italia.jpg\",\"keywords\":[\"Risorgimento\",\"storia italiana\"],\"articleSection\":[\"Risorgimento\",\"Storia\",\"Storia italiana\"],\"inLanguage\":\"it-IT\"},{\"@type\":\"WebPage\",\"@id\":\"https:\\\/\\\/www.rassegnastampa-totustuus.it\\\/cattolica\\\/il-risorgimento-italiano-iii\\\/\",\"url\":\"https:\\\/\\\/www.rassegnastampa-totustuus.it\\\/cattolica\\\/il-risorgimento-italiano-iii\\\/\",\"name\":\"Il Risorgimento italiano (III) - Rassegna Stampa Cattolica\",\"isPartOf\":{\"@id\":\"https:\\\/\\\/www.rassegnastampa-totustuus.it\\\/cattolica\\\/#website\"},\"primaryImageOfPage\":{\"@id\":\"https:\\\/\\\/www.rassegnastampa-totustuus.it\\\/cattolica\\\/il-risorgimento-italiano-iii\\\/#primaryimage\"},\"image\":{\"@id\":\"https:\\\/\\\/www.rassegnastampa-totustuus.it\\\/cattolica\\\/il-risorgimento-italiano-iii\\\/#primaryimage\"},\"thumbnailUrl\":\"https:\\\/\\\/www.rassegnastampa-totustuus.it\\\/cattolica\\\/wp-content\\\/uploads\\\/2006\\\/01\\\/Unit\u00e0_Italia.jpg\",\"datePublished\":\"2006-01-13T12:38:16+00:00\",\"dateModified\":\"2016-04-21T11:03:49+00:00\",\"description\":\"Rassegna Stampa Cattolica - Per una cultura che nasce dalla Rivelazione cristiana in conformit\u00e0 alla tradizione e al Magistero della Chiesa in opposizione ad ogni relativismo e totalitarismo\",\"breadcrumb\":{\"@id\":\"https:\\\/\\\/www.rassegnastampa-totustuus.it\\\/cattolica\\\/il-risorgimento-italiano-iii\\\/#breadcrumb\"},\"inLanguage\":\"it-IT\",\"potentialAction\":[{\"@type\":\"ReadAction\",\"target\":[\"https:\\\/\\\/www.rassegnastampa-totustuus.it\\\/cattolica\\\/il-risorgimento-italiano-iii\\\/\"]}]},{\"@type\":\"ImageObject\",\"inLanguage\":\"it-IT\",\"@id\":\"https:\\\/\\\/www.rassegnastampa-totustuus.it\\\/cattolica\\\/il-risorgimento-italiano-iii\\\/#primaryimage\",\"url\":\"https:\\\/\\\/www.rassegnastampa-totustuus.it\\\/cattolica\\\/wp-content\\\/uploads\\\/2006\\\/01\\\/Unit\u00e0_Italia.jpg\",\"contentUrl\":\"https:\\\/\\\/www.rassegnastampa-totustuus.it\\\/cattolica\\\/wp-content\\\/uploads\\\/2006\\\/01\\\/Unit\u00e0_Italia.jpg\",\"width\":205,\"height\":245},{\"@type\":\"BreadcrumbList\",\"@id\":\"https:\\\/\\\/www.rassegnastampa-totustuus.it\\\/cattolica\\\/il-risorgimento-italiano-iii\\\/#breadcrumb\",\"itemListElement\":[{\"@type\":\"ListItem\",\"position\":1,\"name\":\"Home\",\"item\":\"https:\\\/\\\/www.rassegnastampa-totustuus.it\\\/cattolica\\\/\"},{\"@type\":\"ListItem\",\"position\":2,\"name\":\"Il Risorgimento italiano (III)\"}]},{\"@type\":\"WebSite\",\"@id\":\"https:\\\/\\\/www.rassegnastampa-totustuus.it\\\/cattolica\\\/#website\",\"url\":\"https:\\\/\\\/www.rassegnastampa-totustuus.it\\\/cattolica\\\/\",\"name\":\"Rassegna Stampa Cattolica\",\"description\":\"Per una cultura che nasce dalla Rivelazione cristiana in conformit\u00e0 alla tradizione e al Magistero della Chiesa in opposizione ad ogni relativismo e totalitarismo\",\"publisher\":{\"@id\":\"https:\\\/\\\/www.rassegnastampa-totustuus.it\\\/cattolica\\\/#organization\"},\"alternateName\":\"Rass. Cattolica\",\"potentialAction\":[{\"@type\":\"SearchAction\",\"target\":{\"@type\":\"EntryPoint\",\"urlTemplate\":\"https:\\\/\\\/www.rassegnastampa-totustuus.it\\\/cattolica\\\/?s={search_term_string}\"},\"query-input\":{\"@type\":\"PropertyValueSpecification\",\"valueRequired\":true,\"valueName\":\"search_term_string\"}}],\"inLanguage\":\"it-IT\"},{\"@type\":\"Organization\",\"@id\":\"https:\\\/\\\/www.rassegnastampa-totustuus.it\\\/cattolica\\\/#organization\",\"name\":\"Rassegna Stampa Cattolica\",\"url\":\"https:\\\/\\\/www.rassegnastampa-totustuus.it\\\/cattolica\\\/\",\"logo\":{\"@type\":\"ImageObject\",\"inLanguage\":\"it-IT\",\"@id\":\"https:\\\/\\\/www.rassegnastampa-totustuus.it\\\/cattolica\\\/#\\\/schema\\\/logo\\\/image\\\/\",\"url\":\"https:\\\/\\\/www.rassegnastampa-totustuus.it\\\/cattolica\\\/wp-content\\\/uploads\\\/2014\\\/04\\\/logo-rassegna1.gif\",\"contentUrl\":\"https:\\\/\\\/www.rassegnastampa-totustuus.it\\\/cattolica\\\/wp-content\\\/uploads\\\/2014\\\/04\\\/logo-rassegna1.gif\",\"width\":600,\"height\":163,\"caption\":\"Rassegna Stampa Cattolica\"},\"image\":{\"@id\":\"https:\\\/\\\/www.rassegnastampa-totustuus.it\\\/cattolica\\\/#\\\/schema\\\/logo\\\/image\\\/\"},\"sameAs\":[\"https:\\\/\\\/www.facebook.com\\\/rassegnastampacattolica\",\"https:\\\/\\\/x.com\\\/rassegnastampa9\"]},{\"@type\":\"Person\",\"@id\":\"https:\\\/\\\/www.rassegnastampa-totustuus.it\\\/cattolica\\\/#\\\/schema\\\/person\\\/08f319d2bd1a0904ad9e2bfb7b15e5c3\",\"name\":\"Redazione\",\"image\":{\"@type\":\"ImageObject\",\"inLanguage\":\"it-IT\",\"@id\":\"https:\\\/\\\/secure.gravatar.com\\\/avatar\\\/2fcdf27c78ea025fbdb44e914cc63c72249ffec9dc8aafd5c82b26240ef3f346?s=96&d=mm&r=g\",\"url\":\"https:\\\/\\\/secure.gravatar.com\\\/avatar\\\/2fcdf27c78ea025fbdb44e914cc63c72249ffec9dc8aafd5c82b26240ef3f346?s=96&d=mm&r=g\",\"contentUrl\":\"https:\\\/\\\/secure.gravatar.com\\\/avatar\\\/2fcdf27c78ea025fbdb44e914cc63c72249ffec9dc8aafd5c82b26240ef3f346?s=96&d=mm&r=g\",\"caption\":\"Redazione\"},\"url\":\"https:\\\/\\\/www.rassegnastampa-totustuus.it\\\/cattolica\\\/author\\\/pietroelle\\\/\"}]}<\/script>\n<!-- \/ Yoast SEO plugin. -->","yoast_head_json":{"title":"Il Risorgimento italiano (III) - Rassegna Stampa Cattolica","description":"Rassegna Stampa Cattolica - Per una cultura che nasce dalla Rivelazione cristiana in conformit\u00e0 alla tradizione e al Magistero della Chiesa in opposizione ad ogni relativismo e totalitarismo","robots":{"index":"index","follow":"follow","max-snippet":"max-snippet:-1","max-image-preview":"max-image-preview:large","max-video-preview":"max-video-preview:-1"},"canonical":"https:\/\/www.rassegnastampa-totustuus.it\/cattolica\/il-risorgimento-italiano-iii\/","og_locale":"it_IT","og_type":"article","og_title":"Il Risorgimento italiano (III) - Rassegna Stampa Cattolica","og_description":"Rassegna Stampa Cattolica - Per una cultura che nasce dalla Rivelazione cristiana in conformit\u00e0 alla tradizione e al Magistero della Chiesa in opposizione ad ogni relativismo e totalitarismo","og_url":"https:\/\/www.rassegnastampa-totustuus.it\/cattolica\/il-risorgimento-italiano-iii\/","og_site_name":"Rassegna Stampa Cattolica","article_publisher":"https:\/\/www.facebook.com\/rassegnastampacattolica","article_published_time":"2006-01-13T12:38:16+00:00","article_modified_time":"2016-04-21T11:03:49+00:00","og_image":[{"width":205,"height":245,"url":"https:\/\/www.rassegnastampa-totustuus.it\/cattolica\/wp-content\/uploads\/2006\/01\/Unit\u00e0_Italia.jpg","type":"image\/jpeg"}],"author":"Redazione","twitter_card":"summary_large_image","twitter_creator":"@rassegnastampa9","twitter_site":"@rassegnastampa9","twitter_misc":{"Scritto da":"Redazione","Tempo di lettura stimato":"13 minuti"},"schema":{"@context":"https:\/\/schema.org","@graph":[{"@type":"Article","@id":"https:\/\/www.rassegnastampa-totustuus.it\/cattolica\/il-risorgimento-italiano-iii\/#article","isPartOf":{"@id":"https:\/\/www.rassegnastampa-totustuus.it\/cattolica\/il-risorgimento-italiano-iii\/"},"author":{"name":"Redazione","@id":"https:\/\/www.rassegnastampa-totustuus.it\/cattolica\/#\/schema\/person\/08f319d2bd1a0904ad9e2bfb7b15e5c3"},"headline":"Il Risorgimento italiano (III)","datePublished":"2006-01-13T12:38:16+00:00","dateModified":"2016-04-21T11:03:49+00:00","mainEntityOfPage":{"@id":"https:\/\/www.rassegnastampa-totustuus.it\/cattolica\/il-risorgimento-italiano-iii\/"},"wordCount":2696,"publisher":{"@id":"https:\/\/www.rassegnastampa-totustuus.it\/cattolica\/#organization"},"image":{"@id":"https:\/\/www.rassegnastampa-totustuus.it\/cattolica\/il-risorgimento-italiano-iii\/#primaryimage"},"thumbnailUrl":"https:\/\/www.rassegnastampa-totustuus.it\/cattolica\/wp-content\/uploads\/2006\/01\/Unit\u00e0_Italia.jpg","keywords":["Risorgimento","storia italiana"],"articleSection":["Risorgimento","Storia","Storia italiana"],"inLanguage":"it-IT"},{"@type":"WebPage","@id":"https:\/\/www.rassegnastampa-totustuus.it\/cattolica\/il-risorgimento-italiano-iii\/","url":"https:\/\/www.rassegnastampa-totustuus.it\/cattolica\/il-risorgimento-italiano-iii\/","name":"Il Risorgimento italiano (III) - Rassegna Stampa Cattolica","isPartOf":{"@id":"https:\/\/www.rassegnastampa-totustuus.it\/cattolica\/#website"},"primaryImageOfPage":{"@id":"https:\/\/www.rassegnastampa-totustuus.it\/cattolica\/il-risorgimento-italiano-iii\/#primaryimage"},"image":{"@id":"https:\/\/www.rassegnastampa-totustuus.it\/cattolica\/il-risorgimento-italiano-iii\/#primaryimage"},"thumbnailUrl":"https:\/\/www.rassegnastampa-totustuus.it\/cattolica\/wp-content\/uploads\/2006\/01\/Unit\u00e0_Italia.jpg","datePublished":"2006-01-13T12:38:16+00:00","dateModified":"2016-04-21T11:03:49+00:00","description":"Rassegna Stampa Cattolica - Per una cultura che nasce dalla Rivelazione cristiana in conformit\u00e0 alla tradizione e al Magistero della Chiesa in opposizione ad ogni relativismo e totalitarismo","breadcrumb":{"@id":"https:\/\/www.rassegnastampa-totustuus.it\/cattolica\/il-risorgimento-italiano-iii\/#breadcrumb"},"inLanguage":"it-IT","potentialAction":[{"@type":"ReadAction","target":["https:\/\/www.rassegnastampa-totustuus.it\/cattolica\/il-risorgimento-italiano-iii\/"]}]},{"@type":"ImageObject","inLanguage":"it-IT","@id":"https:\/\/www.rassegnastampa-totustuus.it\/cattolica\/il-risorgimento-italiano-iii\/#primaryimage","url":"https:\/\/www.rassegnastampa-totustuus.it\/cattolica\/wp-content\/uploads\/2006\/01\/Unit\u00e0_Italia.jpg","contentUrl":"https:\/\/www.rassegnastampa-totustuus.it\/cattolica\/wp-content\/uploads\/2006\/01\/Unit\u00e0_Italia.jpg","width":205,"height":245},{"@type":"BreadcrumbList","@id":"https:\/\/www.rassegnastampa-totustuus.it\/cattolica\/il-risorgimento-italiano-iii\/#breadcrumb","itemListElement":[{"@type":"ListItem","position":1,"name":"Home","item":"https:\/\/www.rassegnastampa-totustuus.it\/cattolica\/"},{"@type":"ListItem","position":2,"name":"Il Risorgimento italiano (III)"}]},{"@type":"WebSite","@id":"https:\/\/www.rassegnastampa-totustuus.it\/cattolica\/#website","url":"https:\/\/www.rassegnastampa-totustuus.it\/cattolica\/","name":"Rassegna Stampa Cattolica","description":"Per una cultura che nasce dalla Rivelazione cristiana in conformit\u00e0 alla tradizione e al Magistero della Chiesa in opposizione ad ogni relativismo e totalitarismo","publisher":{"@id":"https:\/\/www.rassegnastampa-totustuus.it\/cattolica\/#organization"},"alternateName":"Rass. Cattolica","potentialAction":[{"@type":"SearchAction","target":{"@type":"EntryPoint","urlTemplate":"https:\/\/www.rassegnastampa-totustuus.it\/cattolica\/?s={search_term_string}"},"query-input":{"@type":"PropertyValueSpecification","valueRequired":true,"valueName":"search_term_string"}}],"inLanguage":"it-IT"},{"@type":"Organization","@id":"https:\/\/www.rassegnastampa-totustuus.it\/cattolica\/#organization","name":"Rassegna Stampa Cattolica","url":"https:\/\/www.rassegnastampa-totustuus.it\/cattolica\/","logo":{"@type":"ImageObject","inLanguage":"it-IT","@id":"https:\/\/www.rassegnastampa-totustuus.it\/cattolica\/#\/schema\/logo\/image\/","url":"https:\/\/www.rassegnastampa-totustuus.it\/cattolica\/wp-content\/uploads\/2014\/04\/logo-rassegna1.gif","contentUrl":"https:\/\/www.rassegnastampa-totustuus.it\/cattolica\/wp-content\/uploads\/2014\/04\/logo-rassegna1.gif","width":600,"height":163,"caption":"Rassegna Stampa Cattolica"},"image":{"@id":"https:\/\/www.rassegnastampa-totustuus.it\/cattolica\/#\/schema\/logo\/image\/"},"sameAs":["https:\/\/www.facebook.com\/rassegnastampacattolica","https:\/\/x.com\/rassegnastampa9"]},{"@type":"Person","@id":"https:\/\/www.rassegnastampa-totustuus.it\/cattolica\/#\/schema\/person\/08f319d2bd1a0904ad9e2bfb7b15e5c3","name":"Redazione","image":{"@type":"ImageObject","inLanguage":"it-IT","@id":"https:\/\/secure.gravatar.com\/avatar\/2fcdf27c78ea025fbdb44e914cc63c72249ffec9dc8aafd5c82b26240ef3f346?s=96&d=mm&r=g","url":"https:\/\/secure.gravatar.com\/avatar\/2fcdf27c78ea025fbdb44e914cc63c72249ffec9dc8aafd5c82b26240ef3f346?s=96&d=mm&r=g","contentUrl":"https:\/\/secure.gravatar.com\/avatar\/2fcdf27c78ea025fbdb44e914cc63c72249ffec9dc8aafd5c82b26240ef3f346?s=96&d=mm&r=g","caption":"Redazione"},"url":"https:\/\/www.rassegnastampa-totustuus.it\/cattolica\/author\/pietroelle\/"}]}},"_links":{"self":[{"href":"https:\/\/www.rassegnastampa-totustuus.it\/cattolica\/wp-json\/wp\/v2\/posts\/1804","targetHints":{"allow":["GET"]}}],"collection":[{"href":"https:\/\/www.rassegnastampa-totustuus.it\/cattolica\/wp-json\/wp\/v2\/posts"}],"about":[{"href":"https:\/\/www.rassegnastampa-totustuus.it\/cattolica\/wp-json\/wp\/v2\/types\/post"}],"author":[{"embeddable":true,"href":"https:\/\/www.rassegnastampa-totustuus.it\/cattolica\/wp-json\/wp\/v2\/users\/6"}],"replies":[{"embeddable":true,"href":"https:\/\/www.rassegnastampa-totustuus.it\/cattolica\/wp-json\/wp\/v2\/comments?post=1804"}],"version-history":[{"count":4,"href":"https:\/\/www.rassegnastampa-totustuus.it\/cattolica\/wp-json\/wp\/v2\/posts\/1804\/revisions"}],"predecessor-version":[{"id":33300,"href":"https:\/\/www.rassegnastampa-totustuus.it\/cattolica\/wp-json\/wp\/v2\/posts\/1804\/revisions\/33300"}],"wp:featuredmedia":[{"embeddable":true,"href":"https:\/\/www.rassegnastampa-totustuus.it\/cattolica\/wp-json\/wp\/v2\/media\/33299"}],"wp:attachment":[{"href":"https:\/\/www.rassegnastampa-totustuus.it\/cattolica\/wp-json\/wp\/v2\/media?parent=1804"}],"wp:term":[{"taxonomy":"category","embeddable":true,"href":"https:\/\/www.rassegnastampa-totustuus.it\/cattolica\/wp-json\/wp\/v2\/categories?post=1804"},{"taxonomy":"post_tag","embeddable":true,"href":"https:\/\/www.rassegnastampa-totustuus.it\/cattolica\/wp-json\/wp\/v2\/tags?post=1804"}],"curies":[{"name":"wp","href":"https:\/\/api.w.org\/{rel}","templated":true}]}}