{"id":1800,"date":"2006-01-13T00:00:00","date_gmt":"2006-01-12T23:00:00","guid":{"rendered":""},"modified":"2016-06-13T10:22:24","modified_gmt":"2016-06-13T08:22:24","slug":"la-nostra-speranza-sono-i-giovani","status":"publish","type":"post","link":"https:\/\/www.rassegnastampa-totustuus.it\/cattolica\/la-nostra-speranza-sono-i-giovani\/","title":{"rendered":"&laquo;La nostra speranza sono i giovani&raquo;"},"content":{"rendered":"<div style=\"text-align: center;\"><strong><img loading=\"lazy\" decoding=\"async\" class=\"alignleft wp-image-34549\" src=\"https:\/\/www.rassegnastampa-totustuus.it\/cattolica\/wp-content\/uploads\/2006\/01\/giovani_Laos.jpg\" alt=\"giovani_Laos\" width=\"250\" height=\"187\" \/>Mondo e Missione<\/strong> n.12 gennaio 2006<\/div>\n<p style=\"text-align: center;\"><em>\u00a0Laos. Oltre la persecuzione, segnali di rinascita cristiana<\/em><\/p>\n<p style=\"text-align: center;\">di <strong>Gabriele Ripamonti<\/strong><\/p>\n<p><!--more--><\/p>\n<div style=\"text-align: justify;\">Piccoli, timidi segni di rinascita in un contesto politico che rimane difficile: \u00e8 questa la fotografia della situazione ecclesiale in Laos, Paese \u00ablontano\u00bb non solo geograficamente, ma anche dalla ribalta mediatica. E cos\u00ec le uniche notizie che arrivano dal Laos spesso riportano fatti di persecuzione anti-cristiana e di restrizione della libert\u00e0 religiosa.<\/div>\n<p style=\"text-align: justify;\">L\u2019ultimo caso \u00e8 di qualche settimana fa: l\u20198 dicembre scorso il governo ha inaspettatamente ritirato il permesso di celebrare quella che sarebbe stata la prima ordinazione sacerdotale negli ultimi trent\u2019anni (dopo quella di monsignor Jean Khams\u00e9 Vithavong, missionario oblato di Maria Immacolata, oggi vicario apostolico di Vientiane, avvenuta il 25 gennaio 1975). Sophone Vilavongsy, 32 anni, laotiano, anch\u2019egli missionario oblato, dovr\u00e0 aspettare ancora.E con lui un\u2019intera Chiesa, numericamente esigua ma vivace, nonostante trent\u2019anni di regime comunista e di ostilit\u00e0 all\u2019attivit\u00e0 missionaria.<\/p>\n<p style=\"text-align: justify;\">Il recente Rapporto sulla libert\u00e0 religiosa nel mondo, pubblicato a novembre dal Dipartimento di Stato Usa, indica che il Laos soffre di una persistente dicotomia in termini di politica religiosa: se la Costituzione garantisce libert\u00e0 di religione, nella pratica non mancano fatti e prese di posizioni delle autorit\u00e0 che &#8211; con arresti, condanne, imprigionamenti e blocchi all\u2019azione evangelizzatrice &#8211; smentiscono la libera attivit\u00e0 di culto.<\/p>\n<p style=\"text-align: justify;\">Ad oggi &#8211; denuncia il Rapporto Usa &#8211; sono cinque le persone detenute per motivi religiosi: si tratta di esponenti della <em>Lao Evangelical Church<\/em> (Lec), una denominazione protestante non riconosciuta dal governo. Anche due cristiani locali condannati lo scorso luglio &#8211; come riferito dal Movimento laotiano per i diritti umani (Mldu) &#8211; sono stati condannati a tre anni di carcere per non aver rinunciato alla loro fede.<\/p>\n<p style=\"text-align: justify;\">E non \u00e8 stata questa l\u2019ultima discriminazione perpetrata contro la minoranza cristiana (poco pi\u00f9 di 100 mila fedeli, di cui 45 mila cattolici): come riportato in agosto dall\u2019agenzia <em>BosNewsLife<\/em>, Phouthone Chansombat, un protestante del villaggio di Tao Tan ha dovuto rinunciare pubblicamente alla sua fede per diventare capo-comunit\u00e0.<\/p>\n<p style=\"text-align: justify;\">Questi fatti non devono per\u00f2 indurre a pensare a uno stato continuo di violente o esplicite persecuzioni: come spiega anche il Rapporto sulla libert\u00e0 religiosa 2005 di Aiuto alla Chiesa che soffre, \u00able restrizioni variano secondo la religione e le zone del Paese. Nelle citt\u00e0 maggiori i cittadini sono liberi di praticare la loro religione e non si registrano episodi di violenza\u00bb.<\/p>\n<p style=\"text-align: justify;\">Per questo, probabilmente, la vita dei cattolici scorre relativamente tranquilla a fianco del grande fiume Mekong, che bagna da nord a sud il Laos: infatti, essi abitano prevalentemente nei grandi centri urbani lungo il corso d\u2019acqua, in particolare al centro (nel vicariato di Vientiane, la capitale, e in quello di Savannakhet) e al sud (Paks\u00e9).<\/p>\n<p style=\"text-align: justify;\">In queste tre citt\u00e0 \u00e8 attiva quella che \u00e8 una delle ultime creature della Chiesa laotiana: il Gruppo dei servi, un\u2019associazione giovanile nata nel 1999 nella capitale, su iniziativa di un gruppo di ragazzi che frequentavano la Messa festiva alla cattedrale di Vientiane. Preghiera, canti nello stile di Taiz\u00e8, servizio ai poveri e aiuto agli anziani pi\u00f9 disagiati sono &#8211; lo racconta l\u2019agenzia <em>Eglises d\u2019Asie<\/em> dei Mep &#8211; i tratti di questo gruppo, che da Vantiane si \u00e8 espanso anche a Paks\u00e9 e a Savannakhet. Tanto da far dire a monsignor Vithavong che i \u00abgiovani sono la nuova fonte di energia che ridar\u00e0 vita alla Chiesa del Laos: il nostro futuro dipende da loro\u00bb.<\/p>\n<p style=\"text-align: justify;\">Sempre opera dei giovani \u00e8 l\u2019apertura e l\u2019inculturazione nei confronti delle minoranze etniche, ad esempio, i <em>hmong <\/em>e i <em>khum<\/em>. Infatti, sebbene la maggioranza dei fedeli sia di origine vietnamita, tra le etnie minoritarie (nel Paese sono in tutto 47) non mancano i cattolici. \u00c8 il caso di quel gruppo di giovani<em> khum<\/em> che gravita attorno alla cattedrale di Vientiane: nato nell\u2019agosto del 2004, oggi &#8211; secondo quanto riferisce <em>AsiaNews<\/em> &#8211; conta una quarantina di membri, impegnati nel declinare in lingua <em>khum <\/em>i contenuti della fede cristiana. Hanno gi\u00e0 tradotto le preghiere tradizionali, composto alcuni inni sacri in lingua locale, e stanno per tradurre alcuni brani del Vangelo.<\/p>\n<p style=\"text-align: justify;\">La situazione pi\u00f9 difficile per la Chiesa del Laos \u00e8 quella nel vicariato di Luang Prabang, nel nord: qui, su 1 milione 248 mila abitanti, i cattolici sono solo 3.500 distribuiti in 6 parrocchie e assistiti dall\u2019unico sacerdote, mons. Tito Bachong Thopahong. Il quale riassume in s\u00e9 molti tratti della Chiesa laotiana, visti i sei anni e mezzo trascorsi in carcere, l\u2019ultima volta (5 mesi) nel 1998. Ancora oggi mons. Thopahong non pu\u00f2 svolgere liberamente il suo ministero, dato che gli \u00e8 impedito di risiedere stabilmente a Luang Prabang, dove pu\u00f2 solo recarsi di tanto in tanto.<\/p>\n<p style=\"text-align: justify;\">Da questo si pu\u00f2 ben capire la grande novit\u00e0 che ha impreziosito la celebrazione della Pasqua dello scorso anno, quando le autorit\u00e0 locali hanno concesso a mons. Thopahong di erigere una chiesa a Ban Pong Vang, nella provincia settentrionale di Xayaburi, per le 86 famiglie cattoliche del villaggio. Un fatto storico, visto che questa \u00e8 stata la prima chiesa cattolica costruita dal 1975, da quando cio\u00e8 il partito comunista Pathet Lao ha preso il potere in Laos, espellendo tutti i missionari e perseguitando le religioni.<\/p>\n<p style=\"text-align: justify;\">Stagione in parte conclusasi nel 1991, quando il subentrante Partito rivoluzionario del popolo laotiano ha avviato un\u2019operazione di \u00abdemocrazia centralizzata\u00bb, che \u00e8 poi la situazione nella quale opera attualmente la Chiesa. Oggi la Chiesa cattolica conta 123 parrocchie, suddivise in 4 vicariati guidati da 3 vescovi; vi prestano servizio 14 sacerdoti e 76 religiose. Gli istituti religiosi stranieri sono <em>off limits<\/em>: esistono case di formazione (suore Amanti della Croce, vietnamite, e suore della carit\u00e0 di santa Giovanna Antida Thouret, francesi), ma accolgono soltanto ragazze locali.<\/p>\n<p style=\"text-align: justify;\">Parlando di Laos e di missione, comunque, non \u00e8 possibile dimenticare la figura di un grande evangelizzatore, quale mons. Marcello Zago, degli oblati di Maria Immacolata. Nativo della provincia di Treviso, classe 1932, nel 1959 part\u00ec per il Laos, dove &#8211; con un intermezzo di studi a Roma &#8211; rimase fino al 1975. Durante la sua esperienza laotiana Zago &#8211; che in seguito assumer\u00e0 un ruolo centrale nell\u2019azione di dialogo interreligioso promossa da Giovanni Paolo II, organizzando lo storico incontro di preghiera ad Assisi nel 1986 &#8211; diventa un profondo conoscitore del buddhismo, sul quale scriver\u00e0 decine di articoli specialistici, e un instancabile animatore dell\u2019impegno missionario <em>ad gentes<\/em>.<\/p>\n<p style=\"text-align: justify;\">Tanto che negli ultimi tre anni di vita (\u00e8 morto nel 2001) padre Zago, che dal 1986 al 1998 ha pure ricoperto l\u2019incarico di superiore generale della sua congregazione, divenne arcivescovo e segretario della Congregazione per l\u2019evangelizzazione dei popoli.<\/p>\n<p style=\"text-align: justify;\">Sulla sua vita e il suo operato padre Piero Gheddo ha scritto un appassionato volume, <em>Marcello Zago. Una vita per la Missione<\/em>, Edizioni Omi). Da quelle pagine emerge la statura culturale, la delicatezza umana e l\u2019impegno a tutto campo del missionario, la sua profonda spiritualit\u00e0 mista a una grande capacit\u00e0 dialogica. In una parola, il profilo di un \u00abgigante\u00bb della missione dei nostri tempi.<\/p>\n","protected":false},"excerpt":{"rendered":"<p>Mondo e Missione n.12 gennaio 2006 \u00a0Laos. Oltre la persecuzione, segnali di rinascita cristiana di Gabriele Ripamonti<\/p><p><a class=\"more-link btn\" href=\"https:\/\/www.rassegnastampa-totustuus.it\/cattolica\/la-nostra-speranza-sono-i-giovani\/\">Continua a leggere<\/a><\/p>\n","protected":false},"author":6,"featured_media":34549,"comment_status":"closed","ping_status":"open","sticky":false,"template":"","format":"standard","meta":{"footnotes":""},"categories":[5,32,44],"tags":[470],"class_list":["post-1800","post","type-post","status-publish","format-standard","has-post-thumbnail","hentry","category-chiesa","category-filosofia-del-comunismo","category-cristiani-perseguitati","tag-cristiani-perseguitati-2","item-wrap"],"yoast_head":"<!-- This site is optimized with the Yoast SEO plugin v27.5 - https:\/\/yoast.com\/product\/yoast-seo-wordpress\/ -->\n<title>&laquo;La nostra speranza sono i giovani&raquo; - Rassegna Stampa Cattolica<\/title>\n<meta name=\"description\" content=\"Rassegna Stampa Cattolica - Per una cultura che nasce dalla Rivelazione cristiana in conformit\u00e0 alla tradizione e al Magistero della Chiesa in opposizione ad ogni relativismo e totalitarismo\" \/>\n<meta name=\"robots\" content=\"index, follow, max-snippet:-1, max-image-preview:large, max-video-preview:-1\" \/>\n<link rel=\"canonical\" href=\"https:\/\/www.rassegnastampa-totustuus.it\/cattolica\/la-nostra-speranza-sono-i-giovani\/\" \/>\n<meta property=\"og:locale\" content=\"it_IT\" \/>\n<meta property=\"og:type\" content=\"article\" \/>\n<meta property=\"og:title\" content=\"&laquo;La nostra speranza sono i giovani&raquo; - Rassegna Stampa Cattolica\" \/>\n<meta property=\"og:description\" content=\"Rassegna Stampa Cattolica - Per una cultura che nasce dalla Rivelazione cristiana in conformit\u00e0 alla tradizione e al Magistero della Chiesa in opposizione ad ogni relativismo e totalitarismo\" \/>\n<meta property=\"og:url\" content=\"https:\/\/www.rassegnastampa-totustuus.it\/cattolica\/la-nostra-speranza-sono-i-giovani\/\" \/>\n<meta property=\"og:site_name\" content=\"Rassegna Stampa Cattolica\" \/>\n<meta property=\"article:publisher\" content=\"https:\/\/www.facebook.com\/rassegnastampacattolica\" \/>\n<meta property=\"article:published_time\" content=\"2006-01-12T23:00:00+00:00\" \/>\n<meta property=\"article:modified_time\" content=\"2016-06-13T08:22:24+00:00\" \/>\n<meta property=\"og:image\" content=\"https:\/\/www.rassegnastampa-totustuus.it\/cattolica\/wp-content\/uploads\/2006\/01\/giovani_Laos.jpg\" \/>\n\t<meta property=\"og:image:width\" content=\"259\" \/>\n\t<meta property=\"og:image:height\" content=\"194\" \/>\n\t<meta property=\"og:image:type\" content=\"image\/jpeg\" \/>\n<meta name=\"author\" content=\"Redazione\" \/>\n<meta name=\"twitter:card\" content=\"summary_large_image\" \/>\n<meta name=\"twitter:creator\" content=\"@rassegnastampa9\" \/>\n<meta name=\"twitter:site\" content=\"@rassegnastampa9\" \/>\n<meta name=\"twitter:label1\" content=\"Scritto da\" \/>\n\t<meta name=\"twitter:data1\" content=\"Redazione\" \/>\n\t<meta name=\"twitter:label2\" content=\"Tempo di lettura stimato\" \/>\n\t<meta name=\"twitter:data2\" content=\"6 minuti\" \/>\n<script type=\"application\/ld+json\" class=\"yoast-schema-graph\">{\"@context\":\"https:\\\/\\\/schema.org\",\"@graph\":[{\"@type\":\"Article\",\"@id\":\"https:\\\/\\\/www.rassegnastampa-totustuus.it\\\/cattolica\\\/la-nostra-speranza-sono-i-giovani\\\/#article\",\"isPartOf\":{\"@id\":\"https:\\\/\\\/www.rassegnastampa-totustuus.it\\\/cattolica\\\/la-nostra-speranza-sono-i-giovani\\\/\"},\"author\":{\"name\":\"Redazione\",\"@id\":\"https:\\\/\\\/www.rassegnastampa-totustuus.it\\\/cattolica\\\/#\\\/schema\\\/person\\\/08f319d2bd1a0904ad9e2bfb7b15e5c3\"},\"headline\":\"&laquo;La nostra speranza sono i giovani&raquo;\",\"datePublished\":\"2006-01-12T23:00:00+00:00\",\"dateModified\":\"2016-06-13T08:22:24+00:00\",\"mainEntityOfPage\":{\"@id\":\"https:\\\/\\\/www.rassegnastampa-totustuus.it\\\/cattolica\\\/la-nostra-speranza-sono-i-giovani\\\/\"},\"wordCount\":1135,\"publisher\":{\"@id\":\"https:\\\/\\\/www.rassegnastampa-totustuus.it\\\/cattolica\\\/#organization\"},\"image\":{\"@id\":\"https:\\\/\\\/www.rassegnastampa-totustuus.it\\\/cattolica\\\/la-nostra-speranza-sono-i-giovani\\\/#primaryimage\"},\"thumbnailUrl\":\"https:\\\/\\\/www.rassegnastampa-totustuus.it\\\/cattolica\\\/wp-content\\\/uploads\\\/2006\\\/01\\\/giovani_Laos.jpg\",\"keywords\":[\"cristiani perseguitati\"],\"articleSection\":[\"Chiesa\",\"Comunismo\",\"Cristiani perseguitati\"],\"inLanguage\":\"it-IT\"},{\"@type\":\"WebPage\",\"@id\":\"https:\\\/\\\/www.rassegnastampa-totustuus.it\\\/cattolica\\\/la-nostra-speranza-sono-i-giovani\\\/\",\"url\":\"https:\\\/\\\/www.rassegnastampa-totustuus.it\\\/cattolica\\\/la-nostra-speranza-sono-i-giovani\\\/\",\"name\":\"&laquo;La nostra speranza sono i giovani&raquo; - Rassegna Stampa Cattolica\",\"isPartOf\":{\"@id\":\"https:\\\/\\\/www.rassegnastampa-totustuus.it\\\/cattolica\\\/#website\"},\"primaryImageOfPage\":{\"@id\":\"https:\\\/\\\/www.rassegnastampa-totustuus.it\\\/cattolica\\\/la-nostra-speranza-sono-i-giovani\\\/#primaryimage\"},\"image\":{\"@id\":\"https:\\\/\\\/www.rassegnastampa-totustuus.it\\\/cattolica\\\/la-nostra-speranza-sono-i-giovani\\\/#primaryimage\"},\"thumbnailUrl\":\"https:\\\/\\\/www.rassegnastampa-totustuus.it\\\/cattolica\\\/wp-content\\\/uploads\\\/2006\\\/01\\\/giovani_Laos.jpg\",\"datePublished\":\"2006-01-12T23:00:00+00:00\",\"dateModified\":\"2016-06-13T08:22:24+00:00\",\"description\":\"Rassegna Stampa Cattolica - Per una cultura che nasce dalla Rivelazione cristiana in conformit\u00e0 alla tradizione e al Magistero della Chiesa in opposizione ad ogni relativismo e totalitarismo\",\"breadcrumb\":{\"@id\":\"https:\\\/\\\/www.rassegnastampa-totustuus.it\\\/cattolica\\\/la-nostra-speranza-sono-i-giovani\\\/#breadcrumb\"},\"inLanguage\":\"it-IT\",\"potentialAction\":[{\"@type\":\"ReadAction\",\"target\":[\"https:\\\/\\\/www.rassegnastampa-totustuus.it\\\/cattolica\\\/la-nostra-speranza-sono-i-giovani\\\/\"]}]},{\"@type\":\"ImageObject\",\"inLanguage\":\"it-IT\",\"@id\":\"https:\\\/\\\/www.rassegnastampa-totustuus.it\\\/cattolica\\\/la-nostra-speranza-sono-i-giovani\\\/#primaryimage\",\"url\":\"https:\\\/\\\/www.rassegnastampa-totustuus.it\\\/cattolica\\\/wp-content\\\/uploads\\\/2006\\\/01\\\/giovani_Laos.jpg\",\"contentUrl\":\"https:\\\/\\\/www.rassegnastampa-totustuus.it\\\/cattolica\\\/wp-content\\\/uploads\\\/2006\\\/01\\\/giovani_Laos.jpg\",\"width\":259,\"height\":194},{\"@type\":\"BreadcrumbList\",\"@id\":\"https:\\\/\\\/www.rassegnastampa-totustuus.it\\\/cattolica\\\/la-nostra-speranza-sono-i-giovani\\\/#breadcrumb\",\"itemListElement\":[{\"@type\":\"ListItem\",\"position\":1,\"name\":\"Home\",\"item\":\"https:\\\/\\\/www.rassegnastampa-totustuus.it\\\/cattolica\\\/\"},{\"@type\":\"ListItem\",\"position\":2,\"name\":\"&laquo;La nostra speranza sono i giovani&raquo;\"}]},{\"@type\":\"WebSite\",\"@id\":\"https:\\\/\\\/www.rassegnastampa-totustuus.it\\\/cattolica\\\/#website\",\"url\":\"https:\\\/\\\/www.rassegnastampa-totustuus.it\\\/cattolica\\\/\",\"name\":\"Rassegna Stampa Cattolica\",\"description\":\"Per una cultura che nasce dalla Rivelazione cristiana in conformit\u00e0 alla tradizione e al Magistero della Chiesa in opposizione ad ogni relativismo e totalitarismo\",\"publisher\":{\"@id\":\"https:\\\/\\\/www.rassegnastampa-totustuus.it\\\/cattolica\\\/#organization\"},\"alternateName\":\"Rass. Cattolica\",\"potentialAction\":[{\"@type\":\"SearchAction\",\"target\":{\"@type\":\"EntryPoint\",\"urlTemplate\":\"https:\\\/\\\/www.rassegnastampa-totustuus.it\\\/cattolica\\\/?s={search_term_string}\"},\"query-input\":{\"@type\":\"PropertyValueSpecification\",\"valueRequired\":true,\"valueName\":\"search_term_string\"}}],\"inLanguage\":\"it-IT\"},{\"@type\":\"Organization\",\"@id\":\"https:\\\/\\\/www.rassegnastampa-totustuus.it\\\/cattolica\\\/#organization\",\"name\":\"Rassegna Stampa Cattolica\",\"url\":\"https:\\\/\\\/www.rassegnastampa-totustuus.it\\\/cattolica\\\/\",\"logo\":{\"@type\":\"ImageObject\",\"inLanguage\":\"it-IT\",\"@id\":\"https:\\\/\\\/www.rassegnastampa-totustuus.it\\\/cattolica\\\/#\\\/schema\\\/logo\\\/image\\\/\",\"url\":\"https:\\\/\\\/www.rassegnastampa-totustuus.it\\\/cattolica\\\/wp-content\\\/uploads\\\/2014\\\/04\\\/logo-rassegna1.gif\",\"contentUrl\":\"https:\\\/\\\/www.rassegnastampa-totustuus.it\\\/cattolica\\\/wp-content\\\/uploads\\\/2014\\\/04\\\/logo-rassegna1.gif\",\"width\":600,\"height\":163,\"caption\":\"Rassegna Stampa Cattolica\"},\"image\":{\"@id\":\"https:\\\/\\\/www.rassegnastampa-totustuus.it\\\/cattolica\\\/#\\\/schema\\\/logo\\\/image\\\/\"},\"sameAs\":[\"https:\\\/\\\/www.facebook.com\\\/rassegnastampacattolica\",\"https:\\\/\\\/x.com\\\/rassegnastampa9\"]},{\"@type\":\"Person\",\"@id\":\"https:\\\/\\\/www.rassegnastampa-totustuus.it\\\/cattolica\\\/#\\\/schema\\\/person\\\/08f319d2bd1a0904ad9e2bfb7b15e5c3\",\"name\":\"Redazione\",\"image\":{\"@type\":\"ImageObject\",\"inLanguage\":\"it-IT\",\"@id\":\"https:\\\/\\\/secure.gravatar.com\\\/avatar\\\/2fcdf27c78ea025fbdb44e914cc63c72249ffec9dc8aafd5c82b26240ef3f346?s=96&d=mm&r=g\",\"url\":\"https:\\\/\\\/secure.gravatar.com\\\/avatar\\\/2fcdf27c78ea025fbdb44e914cc63c72249ffec9dc8aafd5c82b26240ef3f346?s=96&d=mm&r=g\",\"contentUrl\":\"https:\\\/\\\/secure.gravatar.com\\\/avatar\\\/2fcdf27c78ea025fbdb44e914cc63c72249ffec9dc8aafd5c82b26240ef3f346?s=96&d=mm&r=g\",\"caption\":\"Redazione\"},\"url\":\"https:\\\/\\\/www.rassegnastampa-totustuus.it\\\/cattolica\\\/author\\\/pietroelle\\\/\"}]}<\/script>\n<!-- \/ Yoast SEO plugin. -->","yoast_head_json":{"title":"&laquo;La nostra speranza sono i giovani&raquo; - Rassegna Stampa Cattolica","description":"Rassegna Stampa Cattolica - Per una cultura che nasce dalla Rivelazione cristiana in conformit\u00e0 alla tradizione e al Magistero della Chiesa in opposizione ad ogni relativismo e totalitarismo","robots":{"index":"index","follow":"follow","max-snippet":"max-snippet:-1","max-image-preview":"max-image-preview:large","max-video-preview":"max-video-preview:-1"},"canonical":"https:\/\/www.rassegnastampa-totustuus.it\/cattolica\/la-nostra-speranza-sono-i-giovani\/","og_locale":"it_IT","og_type":"article","og_title":"&laquo;La nostra speranza sono i giovani&raquo; - Rassegna Stampa Cattolica","og_description":"Rassegna Stampa Cattolica - Per una cultura che nasce dalla Rivelazione cristiana in conformit\u00e0 alla tradizione e al Magistero della Chiesa in opposizione ad ogni relativismo e totalitarismo","og_url":"https:\/\/www.rassegnastampa-totustuus.it\/cattolica\/la-nostra-speranza-sono-i-giovani\/","og_site_name":"Rassegna Stampa Cattolica","article_publisher":"https:\/\/www.facebook.com\/rassegnastampacattolica","article_published_time":"2006-01-12T23:00:00+00:00","article_modified_time":"2016-06-13T08:22:24+00:00","og_image":[{"width":259,"height":194,"url":"https:\/\/www.rassegnastampa-totustuus.it\/cattolica\/wp-content\/uploads\/2006\/01\/giovani_Laos.jpg","type":"image\/jpeg"}],"author":"Redazione","twitter_card":"summary_large_image","twitter_creator":"@rassegnastampa9","twitter_site":"@rassegnastampa9","twitter_misc":{"Scritto da":"Redazione","Tempo di lettura stimato":"6 minuti"},"schema":{"@context":"https:\/\/schema.org","@graph":[{"@type":"Article","@id":"https:\/\/www.rassegnastampa-totustuus.it\/cattolica\/la-nostra-speranza-sono-i-giovani\/#article","isPartOf":{"@id":"https:\/\/www.rassegnastampa-totustuus.it\/cattolica\/la-nostra-speranza-sono-i-giovani\/"},"author":{"name":"Redazione","@id":"https:\/\/www.rassegnastampa-totustuus.it\/cattolica\/#\/schema\/person\/08f319d2bd1a0904ad9e2bfb7b15e5c3"},"headline":"&laquo;La nostra speranza sono i giovani&raquo;","datePublished":"2006-01-12T23:00:00+00:00","dateModified":"2016-06-13T08:22:24+00:00","mainEntityOfPage":{"@id":"https:\/\/www.rassegnastampa-totustuus.it\/cattolica\/la-nostra-speranza-sono-i-giovani\/"},"wordCount":1135,"publisher":{"@id":"https:\/\/www.rassegnastampa-totustuus.it\/cattolica\/#organization"},"image":{"@id":"https:\/\/www.rassegnastampa-totustuus.it\/cattolica\/la-nostra-speranza-sono-i-giovani\/#primaryimage"},"thumbnailUrl":"https:\/\/www.rassegnastampa-totustuus.it\/cattolica\/wp-content\/uploads\/2006\/01\/giovani_Laos.jpg","keywords":["cristiani perseguitati"],"articleSection":["Chiesa","Comunismo","Cristiani perseguitati"],"inLanguage":"it-IT"},{"@type":"WebPage","@id":"https:\/\/www.rassegnastampa-totustuus.it\/cattolica\/la-nostra-speranza-sono-i-giovani\/","url":"https:\/\/www.rassegnastampa-totustuus.it\/cattolica\/la-nostra-speranza-sono-i-giovani\/","name":"&laquo;La nostra speranza sono i giovani&raquo; - Rassegna Stampa Cattolica","isPartOf":{"@id":"https:\/\/www.rassegnastampa-totustuus.it\/cattolica\/#website"},"primaryImageOfPage":{"@id":"https:\/\/www.rassegnastampa-totustuus.it\/cattolica\/la-nostra-speranza-sono-i-giovani\/#primaryimage"},"image":{"@id":"https:\/\/www.rassegnastampa-totustuus.it\/cattolica\/la-nostra-speranza-sono-i-giovani\/#primaryimage"},"thumbnailUrl":"https:\/\/www.rassegnastampa-totustuus.it\/cattolica\/wp-content\/uploads\/2006\/01\/giovani_Laos.jpg","datePublished":"2006-01-12T23:00:00+00:00","dateModified":"2016-06-13T08:22:24+00:00","description":"Rassegna Stampa Cattolica - Per una cultura che nasce dalla Rivelazione cristiana in conformit\u00e0 alla tradizione e al Magistero della Chiesa in opposizione ad ogni relativismo e totalitarismo","breadcrumb":{"@id":"https:\/\/www.rassegnastampa-totustuus.it\/cattolica\/la-nostra-speranza-sono-i-giovani\/#breadcrumb"},"inLanguage":"it-IT","potentialAction":[{"@type":"ReadAction","target":["https:\/\/www.rassegnastampa-totustuus.it\/cattolica\/la-nostra-speranza-sono-i-giovani\/"]}]},{"@type":"ImageObject","inLanguage":"it-IT","@id":"https:\/\/www.rassegnastampa-totustuus.it\/cattolica\/la-nostra-speranza-sono-i-giovani\/#primaryimage","url":"https:\/\/www.rassegnastampa-totustuus.it\/cattolica\/wp-content\/uploads\/2006\/01\/giovani_Laos.jpg","contentUrl":"https:\/\/www.rassegnastampa-totustuus.it\/cattolica\/wp-content\/uploads\/2006\/01\/giovani_Laos.jpg","width":259,"height":194},{"@type":"BreadcrumbList","@id":"https:\/\/www.rassegnastampa-totustuus.it\/cattolica\/la-nostra-speranza-sono-i-giovani\/#breadcrumb","itemListElement":[{"@type":"ListItem","position":1,"name":"Home","item":"https:\/\/www.rassegnastampa-totustuus.it\/cattolica\/"},{"@type":"ListItem","position":2,"name":"&laquo;La nostra speranza sono i giovani&raquo;"}]},{"@type":"WebSite","@id":"https:\/\/www.rassegnastampa-totustuus.it\/cattolica\/#website","url":"https:\/\/www.rassegnastampa-totustuus.it\/cattolica\/","name":"Rassegna Stampa Cattolica","description":"Per una cultura che nasce dalla Rivelazione cristiana in conformit\u00e0 alla tradizione e al Magistero della Chiesa in opposizione ad ogni relativismo e totalitarismo","publisher":{"@id":"https:\/\/www.rassegnastampa-totustuus.it\/cattolica\/#organization"},"alternateName":"Rass. Cattolica","potentialAction":[{"@type":"SearchAction","target":{"@type":"EntryPoint","urlTemplate":"https:\/\/www.rassegnastampa-totustuus.it\/cattolica\/?s={search_term_string}"},"query-input":{"@type":"PropertyValueSpecification","valueRequired":true,"valueName":"search_term_string"}}],"inLanguage":"it-IT"},{"@type":"Organization","@id":"https:\/\/www.rassegnastampa-totustuus.it\/cattolica\/#organization","name":"Rassegna Stampa Cattolica","url":"https:\/\/www.rassegnastampa-totustuus.it\/cattolica\/","logo":{"@type":"ImageObject","inLanguage":"it-IT","@id":"https:\/\/www.rassegnastampa-totustuus.it\/cattolica\/#\/schema\/logo\/image\/","url":"https:\/\/www.rassegnastampa-totustuus.it\/cattolica\/wp-content\/uploads\/2014\/04\/logo-rassegna1.gif","contentUrl":"https:\/\/www.rassegnastampa-totustuus.it\/cattolica\/wp-content\/uploads\/2014\/04\/logo-rassegna1.gif","width":600,"height":163,"caption":"Rassegna Stampa Cattolica"},"image":{"@id":"https:\/\/www.rassegnastampa-totustuus.it\/cattolica\/#\/schema\/logo\/image\/"},"sameAs":["https:\/\/www.facebook.com\/rassegnastampacattolica","https:\/\/x.com\/rassegnastampa9"]},{"@type":"Person","@id":"https:\/\/www.rassegnastampa-totustuus.it\/cattolica\/#\/schema\/person\/08f319d2bd1a0904ad9e2bfb7b15e5c3","name":"Redazione","image":{"@type":"ImageObject","inLanguage":"it-IT","@id":"https:\/\/secure.gravatar.com\/avatar\/2fcdf27c78ea025fbdb44e914cc63c72249ffec9dc8aafd5c82b26240ef3f346?s=96&d=mm&r=g","url":"https:\/\/secure.gravatar.com\/avatar\/2fcdf27c78ea025fbdb44e914cc63c72249ffec9dc8aafd5c82b26240ef3f346?s=96&d=mm&r=g","contentUrl":"https:\/\/secure.gravatar.com\/avatar\/2fcdf27c78ea025fbdb44e914cc63c72249ffec9dc8aafd5c82b26240ef3f346?s=96&d=mm&r=g","caption":"Redazione"},"url":"https:\/\/www.rassegnastampa-totustuus.it\/cattolica\/author\/pietroelle\/"}]}},"_links":{"self":[{"href":"https:\/\/www.rassegnastampa-totustuus.it\/cattolica\/wp-json\/wp\/v2\/posts\/1800","targetHints":{"allow":["GET"]}}],"collection":[{"href":"https:\/\/www.rassegnastampa-totustuus.it\/cattolica\/wp-json\/wp\/v2\/posts"}],"about":[{"href":"https:\/\/www.rassegnastampa-totustuus.it\/cattolica\/wp-json\/wp\/v2\/types\/post"}],"author":[{"embeddable":true,"href":"https:\/\/www.rassegnastampa-totustuus.it\/cattolica\/wp-json\/wp\/v2\/users\/6"}],"replies":[{"embeddable":true,"href":"https:\/\/www.rassegnastampa-totustuus.it\/cattolica\/wp-json\/wp\/v2\/comments?post=1800"}],"version-history":[{"count":4,"href":"https:\/\/www.rassegnastampa-totustuus.it\/cattolica\/wp-json\/wp\/v2\/posts\/1800\/revisions"}],"predecessor-version":[{"id":34550,"href":"https:\/\/www.rassegnastampa-totustuus.it\/cattolica\/wp-json\/wp\/v2\/posts\/1800\/revisions\/34550"}],"wp:featuredmedia":[{"embeddable":true,"href":"https:\/\/www.rassegnastampa-totustuus.it\/cattolica\/wp-json\/wp\/v2\/media\/34549"}],"wp:attachment":[{"href":"https:\/\/www.rassegnastampa-totustuus.it\/cattolica\/wp-json\/wp\/v2\/media?parent=1800"}],"wp:term":[{"taxonomy":"category","embeddable":true,"href":"https:\/\/www.rassegnastampa-totustuus.it\/cattolica\/wp-json\/wp\/v2\/categories?post=1800"},{"taxonomy":"post_tag","embeddable":true,"href":"https:\/\/www.rassegnastampa-totustuus.it\/cattolica\/wp-json\/wp\/v2\/tags?post=1800"}],"curies":[{"name":"wp","href":"https:\/\/api.w.org\/{rel}","templated":true}]}}