{"id":1796,"date":"2006-01-13T00:00:00","date_gmt":"2006-01-12T23:00:00","guid":{"rendered":""},"modified":"2016-06-09T17:10:33","modified_gmt":"2016-06-09T15:10:33","slug":"il-secolo-buio","status":"publish","type":"post","link":"https:\/\/www.rassegnastampa-totustuus.it\/cattolica\/il-secolo-buio\/","title":{"rendered":"Il secolo buio"},"content":{"rendered":"<div style=\"text-align: center;\"><strong><img loading=\"lazy\" decoding=\"async\" class=\"alignright wp-image-34485\" src=\"https:\/\/www.rassegnastampa-totustuus.it\/cattolica\/wp-content\/uploads\/2006\/01\/enciclopedie.jpg\" alt=\"enciclopedie\" width=\"250\" height=\"187\" \/>Il Foglio<\/strong> <em>5 gennaio 2005<\/em><\/div>\n<p style=\"text-align: center;\"><em>L\u2019Illuminismo \u00e8 un\u2019epoca che tradisce il suo nome. Meglio metterla sotto i riflettori<\/em><\/p>\n<p style=\"text-align: center;\"><strong>Francesco Agnoli<\/strong><\/p>\n<p><!--more--><\/p>\n<div style=\"text-align: justify;\">Nella mia veste di controriformista non mi riesce di trovare un\u2019epoca cos\u00ec oscura come l\u2019Illuminismo: et\u00e0 priva di grandi uomini, di arte e di belle lettere, come nessun\u2019altra mai. L\u2019Illuminismo \u00e8 quell\u2019epoca che non sa se fare dell\u2019uomo un dio o un animale, e finisce per farne un tacchino, che tenta di volare con le sue sole e corte ali spiumate, o un Ulisse ridicolo, che dopo aver adorato la propria ragione, si lascia convincere di essere, in realt\u00e0, solo un maiale.<\/div>\n<p style=\"text-align: justify;\">Un contributo importante, a tanto buio, viene da Voltaire, il grande teorico della tolleranza, cattivo ed arrogante come pochi: \u00e8 lui che insulta cristiani ed ebrei, parla dei negri come di esseri usi ad unirsi con le bestie, e deride la storia di Adamo ed Eva, come fosse una favola, per sostenere il poligenismo, e quindi il razzismo.In quest\u2019epoca buia (\u00e8 bello fare il verso alle sciocchezze sul medioevo cristiano), la donna, anche in virt\u00f9 delle nuove dottrine fisiocratiche, gode di una strana reputazione: \u00e8 un animale da riproduzione, e i suoi figli sono \u201cproduction\u201d, carne da lavoro, o da esercito, servitori dello Stato, \u201cuna sorta di investimento collettivo, di spesa sociale, dalla quale ci si aspettano con il tempo la resa e la moltiplicazione dei capitali investiti\u201d.<\/p>\n<p style=\"text-align: justify;\">Cos\u00ec nascono gli elogi della donna fertile che si pu\u00f2 accoppiare con tutti, di Diderot, e il contemporaneo disprezzo, senza misericordia, per le donne sterili (i cui matrimoni verranno sciolti a forza dal codice rivoluzionario); cos\u00ec Restif de la Bretonne, che ritiene le capacit\u00e0 mentali di una donna non superiori a quelle di un bambino di sedicianni, specula sull\u2019utilit\u00e0 delle prostitute, sostenendo \u201cl\u2019idea del bordello come fabbrica di uomini e della prostituta, suo malgrado, come riproduttrice al servizio dello Stato\u201d (Maria Codignola, \u201cIl paese che non c\u2019\u00e8\u201d, La Nuova Italia).<\/p>\n<p style=\"text-align: justify;\"><strong>L\u2019uomo scimmia<\/strong><\/p>\n<p style=\"text-align: justify;\">Sulla stessa linea si colloca Fourier, discepolo di illuministi come Morelly e dom Deschamps, con l\u2019 idea che l\u2019uomo debba obbedire, come gli animali, solo a passioni ed istinti: le prostitute divengono \u201cuna milizia sociale per il bene\u201d comune, senza una propria dignit\u00e0, ma \u201cdedite alla consolazione degli afflitti e alla soddisfazione delle pi\u00f9 stravaganti perversioni\u201d.<\/p>\n<p style=\"text-align: justify;\">Infine sar\u00e0 l\u2019illuminismo evoluto di Charles Darwin ad affermare tout court la indistinzione tra uomini e bestie, tra Ulisse e i porci di Circe: l\u2019uomo maschio \u00e8 solo una scimmia, che, perso il pelo, ha \u201cacquisito la barba, come ornamento per affascinare ed attirare le femmine\u201d, e la donna, superata dall\u2019uomo \u201csia nelle qualit\u00e0 fisiche che in quelle mentali\u201d, ha perso tutto il pelo, senza acquistare barba, \u201canche qui come ornamento sessuale\u201d. Qual \u00e8 allora lo scopo di quest\u2019 animale evoluto? Solo riprodursi (non c\u2019\u00e8 altra \u201ceternit\u00e0\u201d), e riprodursi bene: l\u2019animale sano, si sa, serve a qualcosa, mentre quello malato \u00e8 inutile e dannoso.<\/p>\n<p style=\"text-align: justify;\">Ecco, dopo tali pensamenti \u00e8 tutto un fiorire di filosofie che riducono l\u2019uomo a materia, il pensiero a secrezione del cervello, come l\u2019urina lo \u00e8 dei reni. Filosofie che trovano ancora, dopo due secoli, il loro divulgatore, l\u2019uomo da televisione che le dichiara \u201cscientifiche\u201d: Piero Angela. Leggetelo, il suo \u201cAmore per sempre\u201d (Mondadori), per capire perch\u00e9 amate vostra moglie o i figli; perch\u00e9 vi piace Tizio, o Tizia, piuttosto che Caio o Caia, e perch\u00e9 tradite o rimanete fedeli al vostro coniuge. E\u2019 tutta questione, secondo l\u2019autore, di capire i \u201cmeccanismi\u201d, le \u201creazioni chimiche\u201d, il gioco degli ormoni, delle ghiandole, delle influenze animalesche primordiali: tutto \u00e8 predeterminato, genetico, fisico, bestiale.<\/p>\n<p style=\"text-align: justify;\">L\u2019innamoramento? Non \u00e8 altro che \u201cil cavallo di Troia escogitato dalla evoluzione per indurre due persone ad unirsi\u2026 perch\u00e9 si riproducano\u201d; \u201cuna anestesia di parti del cervello e una attivazione di altre\u201d, \u201cun bisogno analogo a quello della sete o della fame\u201d. Se l\u2019amore \u00e8 un bisogno, come mangiare, o bere, o disfarsi, a pancia piena, di entrambi, allora lo si deve vivere secondo il bisogno, non secondo verit\u00e0, volont\u00e0, generosit\u00e0\u2026 Vari, infatti, ed equivalenti, sono i \u201ctipi d\u2019amore\u201d, da quello \u201cdi Dante e Beatrice a Moana Pozzi\u201d.<\/p>\n<p style=\"text-align: justify;\">Oggi, come all\u2019epoca di Diderot, Restifde la Bretonne e Fourier, la donna di Angela (non pi\u00f9 donna-angelo) realizza solo nella fertilit\u00e0 il fine, non suo, ma dell\u2019evoluzione, mentre l\u2019uomo conserva una \u201cinnata\u201d e\u201cgratificante\u201d \u201cvocazione poligamica\u201d: come una scimmia salterina, che abbia a noia il proprio ramo, desidera \u201cspargere ovunque il suo seme\u201d, secondo \u201cil modello dell\u2019harem\u201d, tramite il proprio \u201cannaffiatoio\u201d (da cui l\u2019esigenza neoilluminista di banche del seme e dell\u2019eterologa).<\/p>\n","protected":false},"excerpt":{"rendered":"<p>Il Foglio 5 gennaio 2005 L\u2019Illuminismo \u00e8 un\u2019epoca che tradisce il suo nome. Meglio metterla sotto i riflettori Francesco Agnoli<\/p><p><a class=\"more-link btn\" href=\"https:\/\/www.rassegnastampa-totustuus.it\/cattolica\/il-secolo-buio\/\">Continua a leggere<\/a><\/p>\n","protected":false},"author":6,"featured_media":34485,"comment_status":"closed","ping_status":"open","sticky":false,"template":"","format":"standard","meta":{"footnotes":""},"categories":[24],"tags":[945],"class_list":["post-1796","post","type-post","status-publish","format-standard","has-post-thumbnail","hentry","category-storia","tag-illuminismo","item-wrap"],"yoast_head":"<!-- This site is optimized with the Yoast SEO plugin v27.5 - https:\/\/yoast.com\/product\/yoast-seo-wordpress\/ -->\n<title>Il secolo buio - Rassegna Stampa Cattolica<\/title>\n<meta name=\"description\" content=\"Rassegna Stampa Cattolica - Per una cultura che nasce dalla Rivelazione cristiana in conformit\u00e0 alla tradizione e al Magistero della Chiesa in opposizione ad ogni relativismo e totalitarismo\" \/>\n<meta name=\"robots\" content=\"index, follow, max-snippet:-1, max-image-preview:large, max-video-preview:-1\" \/>\n<link rel=\"canonical\" href=\"https:\/\/www.rassegnastampa-totustuus.it\/cattolica\/il-secolo-buio\/\" \/>\n<meta property=\"og:locale\" content=\"it_IT\" \/>\n<meta property=\"og:type\" content=\"article\" \/>\n<meta property=\"og:title\" content=\"Il secolo buio - Rassegna Stampa Cattolica\" \/>\n<meta property=\"og:description\" content=\"Rassegna Stampa Cattolica - Per una cultura che nasce dalla Rivelazione cristiana in conformit\u00e0 alla tradizione e al Magistero della Chiesa in opposizione ad ogni relativismo e totalitarismo\" \/>\n<meta property=\"og:url\" content=\"https:\/\/www.rassegnastampa-totustuus.it\/cattolica\/il-secolo-buio\/\" \/>\n<meta property=\"og:site_name\" content=\"Rassegna Stampa Cattolica\" \/>\n<meta property=\"article:publisher\" content=\"https:\/\/www.facebook.com\/rassegnastampacattolica\" \/>\n<meta property=\"article:published_time\" content=\"2006-01-12T23:00:00+00:00\" \/>\n<meta property=\"article:modified_time\" content=\"2016-06-09T15:10:33+00:00\" \/>\n<meta property=\"og:image\" content=\"https:\/\/www.rassegnastampa-totustuus.it\/cattolica\/wp-content\/uploads\/2006\/01\/enciclopedie.jpg\" \/>\n\t<meta property=\"og:image:width\" content=\"259\" \/>\n\t<meta property=\"og:image:height\" content=\"194\" \/>\n\t<meta property=\"og:image:type\" content=\"image\/jpeg\" \/>\n<meta name=\"author\" content=\"Redazione\" \/>\n<meta name=\"twitter:card\" content=\"summary_large_image\" \/>\n<meta name=\"twitter:creator\" content=\"@rassegnastampa9\" \/>\n<meta name=\"twitter:site\" content=\"@rassegnastampa9\" \/>\n<meta name=\"twitter:label1\" content=\"Scritto da\" \/>\n\t<meta name=\"twitter:data1\" content=\"Redazione\" \/>\n\t<meta name=\"twitter:label2\" content=\"Tempo di lettura stimato\" \/>\n\t<meta name=\"twitter:data2\" content=\"4 minuti\" \/>\n<script type=\"application\/ld+json\" class=\"yoast-schema-graph\">{\"@context\":\"https:\\\/\\\/schema.org\",\"@graph\":[{\"@type\":\"Article\",\"@id\":\"https:\\\/\\\/www.rassegnastampa-totustuus.it\\\/cattolica\\\/il-secolo-buio\\\/#article\",\"isPartOf\":{\"@id\":\"https:\\\/\\\/www.rassegnastampa-totustuus.it\\\/cattolica\\\/il-secolo-buio\\\/\"},\"author\":{\"name\":\"Redazione\",\"@id\":\"https:\\\/\\\/www.rassegnastampa-totustuus.it\\\/cattolica\\\/#\\\/schema\\\/person\\\/08f319d2bd1a0904ad9e2bfb7b15e5c3\"},\"headline\":\"Il secolo buio\",\"datePublished\":\"2006-01-12T23:00:00+00:00\",\"dateModified\":\"2016-06-09T15:10:33+00:00\",\"mainEntityOfPage\":{\"@id\":\"https:\\\/\\\/www.rassegnastampa-totustuus.it\\\/cattolica\\\/il-secolo-buio\\\/\"},\"wordCount\":770,\"publisher\":{\"@id\":\"https:\\\/\\\/www.rassegnastampa-totustuus.it\\\/cattolica\\\/#organization\"},\"image\":{\"@id\":\"https:\\\/\\\/www.rassegnastampa-totustuus.it\\\/cattolica\\\/il-secolo-buio\\\/#primaryimage\"},\"thumbnailUrl\":\"https:\\\/\\\/www.rassegnastampa-totustuus.it\\\/cattolica\\\/wp-content\\\/uploads\\\/2006\\\/01\\\/enciclopedie.jpg\",\"keywords\":[\"illuminismo\"],\"articleSection\":[\"Storia\"],\"inLanguage\":\"it-IT\"},{\"@type\":\"WebPage\",\"@id\":\"https:\\\/\\\/www.rassegnastampa-totustuus.it\\\/cattolica\\\/il-secolo-buio\\\/\",\"url\":\"https:\\\/\\\/www.rassegnastampa-totustuus.it\\\/cattolica\\\/il-secolo-buio\\\/\",\"name\":\"Il secolo buio - Rassegna Stampa Cattolica\",\"isPartOf\":{\"@id\":\"https:\\\/\\\/www.rassegnastampa-totustuus.it\\\/cattolica\\\/#website\"},\"primaryImageOfPage\":{\"@id\":\"https:\\\/\\\/www.rassegnastampa-totustuus.it\\\/cattolica\\\/il-secolo-buio\\\/#primaryimage\"},\"image\":{\"@id\":\"https:\\\/\\\/www.rassegnastampa-totustuus.it\\\/cattolica\\\/il-secolo-buio\\\/#primaryimage\"},\"thumbnailUrl\":\"https:\\\/\\\/www.rassegnastampa-totustuus.it\\\/cattolica\\\/wp-content\\\/uploads\\\/2006\\\/01\\\/enciclopedie.jpg\",\"datePublished\":\"2006-01-12T23:00:00+00:00\",\"dateModified\":\"2016-06-09T15:10:33+00:00\",\"description\":\"Rassegna Stampa Cattolica - Per una cultura che nasce dalla Rivelazione cristiana in conformit\u00e0 alla tradizione e al Magistero della Chiesa in opposizione ad ogni relativismo e totalitarismo\",\"breadcrumb\":{\"@id\":\"https:\\\/\\\/www.rassegnastampa-totustuus.it\\\/cattolica\\\/il-secolo-buio\\\/#breadcrumb\"},\"inLanguage\":\"it-IT\",\"potentialAction\":[{\"@type\":\"ReadAction\",\"target\":[\"https:\\\/\\\/www.rassegnastampa-totustuus.it\\\/cattolica\\\/il-secolo-buio\\\/\"]}]},{\"@type\":\"ImageObject\",\"inLanguage\":\"it-IT\",\"@id\":\"https:\\\/\\\/www.rassegnastampa-totustuus.it\\\/cattolica\\\/il-secolo-buio\\\/#primaryimage\",\"url\":\"https:\\\/\\\/www.rassegnastampa-totustuus.it\\\/cattolica\\\/wp-content\\\/uploads\\\/2006\\\/01\\\/enciclopedie.jpg\",\"contentUrl\":\"https:\\\/\\\/www.rassegnastampa-totustuus.it\\\/cattolica\\\/wp-content\\\/uploads\\\/2006\\\/01\\\/enciclopedie.jpg\",\"width\":259,\"height\":194},{\"@type\":\"BreadcrumbList\",\"@id\":\"https:\\\/\\\/www.rassegnastampa-totustuus.it\\\/cattolica\\\/il-secolo-buio\\\/#breadcrumb\",\"itemListElement\":[{\"@type\":\"ListItem\",\"position\":1,\"name\":\"Home\",\"item\":\"https:\\\/\\\/www.rassegnastampa-totustuus.it\\\/cattolica\\\/\"},{\"@type\":\"ListItem\",\"position\":2,\"name\":\"Il secolo buio\"}]},{\"@type\":\"WebSite\",\"@id\":\"https:\\\/\\\/www.rassegnastampa-totustuus.it\\\/cattolica\\\/#website\",\"url\":\"https:\\\/\\\/www.rassegnastampa-totustuus.it\\\/cattolica\\\/\",\"name\":\"Rassegna Stampa Cattolica\",\"description\":\"Per una cultura che nasce dalla Rivelazione cristiana in conformit\u00e0 alla tradizione e al Magistero della Chiesa in opposizione ad ogni relativismo e totalitarismo\",\"publisher\":{\"@id\":\"https:\\\/\\\/www.rassegnastampa-totustuus.it\\\/cattolica\\\/#organization\"},\"alternateName\":\"Rass. Cattolica\",\"potentialAction\":[{\"@type\":\"SearchAction\",\"target\":{\"@type\":\"EntryPoint\",\"urlTemplate\":\"https:\\\/\\\/www.rassegnastampa-totustuus.it\\\/cattolica\\\/?s={search_term_string}\"},\"query-input\":{\"@type\":\"PropertyValueSpecification\",\"valueRequired\":true,\"valueName\":\"search_term_string\"}}],\"inLanguage\":\"it-IT\"},{\"@type\":\"Organization\",\"@id\":\"https:\\\/\\\/www.rassegnastampa-totustuus.it\\\/cattolica\\\/#organization\",\"name\":\"Rassegna Stampa Cattolica\",\"url\":\"https:\\\/\\\/www.rassegnastampa-totustuus.it\\\/cattolica\\\/\",\"logo\":{\"@type\":\"ImageObject\",\"inLanguage\":\"it-IT\",\"@id\":\"https:\\\/\\\/www.rassegnastampa-totustuus.it\\\/cattolica\\\/#\\\/schema\\\/logo\\\/image\\\/\",\"url\":\"https:\\\/\\\/www.rassegnastampa-totustuus.it\\\/cattolica\\\/wp-content\\\/uploads\\\/2014\\\/04\\\/logo-rassegna1.gif\",\"contentUrl\":\"https:\\\/\\\/www.rassegnastampa-totustuus.it\\\/cattolica\\\/wp-content\\\/uploads\\\/2014\\\/04\\\/logo-rassegna1.gif\",\"width\":600,\"height\":163,\"caption\":\"Rassegna Stampa Cattolica\"},\"image\":{\"@id\":\"https:\\\/\\\/www.rassegnastampa-totustuus.it\\\/cattolica\\\/#\\\/schema\\\/logo\\\/image\\\/\"},\"sameAs\":[\"https:\\\/\\\/www.facebook.com\\\/rassegnastampacattolica\",\"https:\\\/\\\/x.com\\\/rassegnastampa9\"]},{\"@type\":\"Person\",\"@id\":\"https:\\\/\\\/www.rassegnastampa-totustuus.it\\\/cattolica\\\/#\\\/schema\\\/person\\\/08f319d2bd1a0904ad9e2bfb7b15e5c3\",\"name\":\"Redazione\",\"image\":{\"@type\":\"ImageObject\",\"inLanguage\":\"it-IT\",\"@id\":\"https:\\\/\\\/secure.gravatar.com\\\/avatar\\\/2fcdf27c78ea025fbdb44e914cc63c72249ffec9dc8aafd5c82b26240ef3f346?s=96&d=mm&r=g\",\"url\":\"https:\\\/\\\/secure.gravatar.com\\\/avatar\\\/2fcdf27c78ea025fbdb44e914cc63c72249ffec9dc8aafd5c82b26240ef3f346?s=96&d=mm&r=g\",\"contentUrl\":\"https:\\\/\\\/secure.gravatar.com\\\/avatar\\\/2fcdf27c78ea025fbdb44e914cc63c72249ffec9dc8aafd5c82b26240ef3f346?s=96&d=mm&r=g\",\"caption\":\"Redazione\"},\"url\":\"https:\\\/\\\/www.rassegnastampa-totustuus.it\\\/cattolica\\\/author\\\/pietroelle\\\/\"}]}<\/script>\n<!-- \/ Yoast SEO plugin. -->","yoast_head_json":{"title":"Il secolo buio - Rassegna Stampa Cattolica","description":"Rassegna Stampa Cattolica - Per una cultura che nasce dalla Rivelazione cristiana in conformit\u00e0 alla tradizione e al Magistero della Chiesa in opposizione ad ogni relativismo e totalitarismo","robots":{"index":"index","follow":"follow","max-snippet":"max-snippet:-1","max-image-preview":"max-image-preview:large","max-video-preview":"max-video-preview:-1"},"canonical":"https:\/\/www.rassegnastampa-totustuus.it\/cattolica\/il-secolo-buio\/","og_locale":"it_IT","og_type":"article","og_title":"Il secolo buio - Rassegna Stampa Cattolica","og_description":"Rassegna Stampa Cattolica - Per una cultura che nasce dalla Rivelazione cristiana in conformit\u00e0 alla tradizione e al Magistero della Chiesa in opposizione ad ogni relativismo e totalitarismo","og_url":"https:\/\/www.rassegnastampa-totustuus.it\/cattolica\/il-secolo-buio\/","og_site_name":"Rassegna Stampa Cattolica","article_publisher":"https:\/\/www.facebook.com\/rassegnastampacattolica","article_published_time":"2006-01-12T23:00:00+00:00","article_modified_time":"2016-06-09T15:10:33+00:00","og_image":[{"width":259,"height":194,"url":"https:\/\/www.rassegnastampa-totustuus.it\/cattolica\/wp-content\/uploads\/2006\/01\/enciclopedie.jpg","type":"image\/jpeg"}],"author":"Redazione","twitter_card":"summary_large_image","twitter_creator":"@rassegnastampa9","twitter_site":"@rassegnastampa9","twitter_misc":{"Scritto da":"Redazione","Tempo di lettura stimato":"4 minuti"},"schema":{"@context":"https:\/\/schema.org","@graph":[{"@type":"Article","@id":"https:\/\/www.rassegnastampa-totustuus.it\/cattolica\/il-secolo-buio\/#article","isPartOf":{"@id":"https:\/\/www.rassegnastampa-totustuus.it\/cattolica\/il-secolo-buio\/"},"author":{"name":"Redazione","@id":"https:\/\/www.rassegnastampa-totustuus.it\/cattolica\/#\/schema\/person\/08f319d2bd1a0904ad9e2bfb7b15e5c3"},"headline":"Il secolo buio","datePublished":"2006-01-12T23:00:00+00:00","dateModified":"2016-06-09T15:10:33+00:00","mainEntityOfPage":{"@id":"https:\/\/www.rassegnastampa-totustuus.it\/cattolica\/il-secolo-buio\/"},"wordCount":770,"publisher":{"@id":"https:\/\/www.rassegnastampa-totustuus.it\/cattolica\/#organization"},"image":{"@id":"https:\/\/www.rassegnastampa-totustuus.it\/cattolica\/il-secolo-buio\/#primaryimage"},"thumbnailUrl":"https:\/\/www.rassegnastampa-totustuus.it\/cattolica\/wp-content\/uploads\/2006\/01\/enciclopedie.jpg","keywords":["illuminismo"],"articleSection":["Storia"],"inLanguage":"it-IT"},{"@type":"WebPage","@id":"https:\/\/www.rassegnastampa-totustuus.it\/cattolica\/il-secolo-buio\/","url":"https:\/\/www.rassegnastampa-totustuus.it\/cattolica\/il-secolo-buio\/","name":"Il secolo buio - Rassegna Stampa Cattolica","isPartOf":{"@id":"https:\/\/www.rassegnastampa-totustuus.it\/cattolica\/#website"},"primaryImageOfPage":{"@id":"https:\/\/www.rassegnastampa-totustuus.it\/cattolica\/il-secolo-buio\/#primaryimage"},"image":{"@id":"https:\/\/www.rassegnastampa-totustuus.it\/cattolica\/il-secolo-buio\/#primaryimage"},"thumbnailUrl":"https:\/\/www.rassegnastampa-totustuus.it\/cattolica\/wp-content\/uploads\/2006\/01\/enciclopedie.jpg","datePublished":"2006-01-12T23:00:00+00:00","dateModified":"2016-06-09T15:10:33+00:00","description":"Rassegna Stampa Cattolica - Per una cultura che nasce dalla Rivelazione cristiana in conformit\u00e0 alla tradizione e al Magistero della Chiesa in opposizione ad ogni relativismo e totalitarismo","breadcrumb":{"@id":"https:\/\/www.rassegnastampa-totustuus.it\/cattolica\/il-secolo-buio\/#breadcrumb"},"inLanguage":"it-IT","potentialAction":[{"@type":"ReadAction","target":["https:\/\/www.rassegnastampa-totustuus.it\/cattolica\/il-secolo-buio\/"]}]},{"@type":"ImageObject","inLanguage":"it-IT","@id":"https:\/\/www.rassegnastampa-totustuus.it\/cattolica\/il-secolo-buio\/#primaryimage","url":"https:\/\/www.rassegnastampa-totustuus.it\/cattolica\/wp-content\/uploads\/2006\/01\/enciclopedie.jpg","contentUrl":"https:\/\/www.rassegnastampa-totustuus.it\/cattolica\/wp-content\/uploads\/2006\/01\/enciclopedie.jpg","width":259,"height":194},{"@type":"BreadcrumbList","@id":"https:\/\/www.rassegnastampa-totustuus.it\/cattolica\/il-secolo-buio\/#breadcrumb","itemListElement":[{"@type":"ListItem","position":1,"name":"Home","item":"https:\/\/www.rassegnastampa-totustuus.it\/cattolica\/"},{"@type":"ListItem","position":2,"name":"Il secolo buio"}]},{"@type":"WebSite","@id":"https:\/\/www.rassegnastampa-totustuus.it\/cattolica\/#website","url":"https:\/\/www.rassegnastampa-totustuus.it\/cattolica\/","name":"Rassegna Stampa Cattolica","description":"Per una cultura che nasce dalla Rivelazione cristiana in conformit\u00e0 alla tradizione e al Magistero della Chiesa in opposizione ad ogni relativismo e totalitarismo","publisher":{"@id":"https:\/\/www.rassegnastampa-totustuus.it\/cattolica\/#organization"},"alternateName":"Rass. Cattolica","potentialAction":[{"@type":"SearchAction","target":{"@type":"EntryPoint","urlTemplate":"https:\/\/www.rassegnastampa-totustuus.it\/cattolica\/?s={search_term_string}"},"query-input":{"@type":"PropertyValueSpecification","valueRequired":true,"valueName":"search_term_string"}}],"inLanguage":"it-IT"},{"@type":"Organization","@id":"https:\/\/www.rassegnastampa-totustuus.it\/cattolica\/#organization","name":"Rassegna Stampa Cattolica","url":"https:\/\/www.rassegnastampa-totustuus.it\/cattolica\/","logo":{"@type":"ImageObject","inLanguage":"it-IT","@id":"https:\/\/www.rassegnastampa-totustuus.it\/cattolica\/#\/schema\/logo\/image\/","url":"https:\/\/www.rassegnastampa-totustuus.it\/cattolica\/wp-content\/uploads\/2014\/04\/logo-rassegna1.gif","contentUrl":"https:\/\/www.rassegnastampa-totustuus.it\/cattolica\/wp-content\/uploads\/2014\/04\/logo-rassegna1.gif","width":600,"height":163,"caption":"Rassegna Stampa Cattolica"},"image":{"@id":"https:\/\/www.rassegnastampa-totustuus.it\/cattolica\/#\/schema\/logo\/image\/"},"sameAs":["https:\/\/www.facebook.com\/rassegnastampacattolica","https:\/\/x.com\/rassegnastampa9"]},{"@type":"Person","@id":"https:\/\/www.rassegnastampa-totustuus.it\/cattolica\/#\/schema\/person\/08f319d2bd1a0904ad9e2bfb7b15e5c3","name":"Redazione","image":{"@type":"ImageObject","inLanguage":"it-IT","@id":"https:\/\/secure.gravatar.com\/avatar\/2fcdf27c78ea025fbdb44e914cc63c72249ffec9dc8aafd5c82b26240ef3f346?s=96&d=mm&r=g","url":"https:\/\/secure.gravatar.com\/avatar\/2fcdf27c78ea025fbdb44e914cc63c72249ffec9dc8aafd5c82b26240ef3f346?s=96&d=mm&r=g","contentUrl":"https:\/\/secure.gravatar.com\/avatar\/2fcdf27c78ea025fbdb44e914cc63c72249ffec9dc8aafd5c82b26240ef3f346?s=96&d=mm&r=g","caption":"Redazione"},"url":"https:\/\/www.rassegnastampa-totustuus.it\/cattolica\/author\/pietroelle\/"}]}},"_links":{"self":[{"href":"https:\/\/www.rassegnastampa-totustuus.it\/cattolica\/wp-json\/wp\/v2\/posts\/1796","targetHints":{"allow":["GET"]}}],"collection":[{"href":"https:\/\/www.rassegnastampa-totustuus.it\/cattolica\/wp-json\/wp\/v2\/posts"}],"about":[{"href":"https:\/\/www.rassegnastampa-totustuus.it\/cattolica\/wp-json\/wp\/v2\/types\/post"}],"author":[{"embeddable":true,"href":"https:\/\/www.rassegnastampa-totustuus.it\/cattolica\/wp-json\/wp\/v2\/users\/6"}],"replies":[{"embeddable":true,"href":"https:\/\/www.rassegnastampa-totustuus.it\/cattolica\/wp-json\/wp\/v2\/comments?post=1796"}],"version-history":[{"count":5,"href":"https:\/\/www.rassegnastampa-totustuus.it\/cattolica\/wp-json\/wp\/v2\/posts\/1796\/revisions"}],"predecessor-version":[{"id":34486,"href":"https:\/\/www.rassegnastampa-totustuus.it\/cattolica\/wp-json\/wp\/v2\/posts\/1796\/revisions\/34486"}],"wp:featuredmedia":[{"embeddable":true,"href":"https:\/\/www.rassegnastampa-totustuus.it\/cattolica\/wp-json\/wp\/v2\/media\/34485"}],"wp:attachment":[{"href":"https:\/\/www.rassegnastampa-totustuus.it\/cattolica\/wp-json\/wp\/v2\/media?parent=1796"}],"wp:term":[{"taxonomy":"category","embeddable":true,"href":"https:\/\/www.rassegnastampa-totustuus.it\/cattolica\/wp-json\/wp\/v2\/categories?post=1796"},{"taxonomy":"post_tag","embeddable":true,"href":"https:\/\/www.rassegnastampa-totustuus.it\/cattolica\/wp-json\/wp\/v2\/tags?post=1796"}],"curies":[{"name":"wp","href":"https:\/\/api.w.org\/{rel}","templated":true}]}}