{"id":1779,"date":"2006-01-05T00:00:00","date_gmt":"2006-01-04T23:00:00","guid":{"rendered":""},"modified":"2016-06-16T11:41:55","modified_gmt":"2016-06-16T09:41:55","slug":"da-dove-vengono-le-vocazioni","status":"publish","type":"post","link":"https:\/\/www.rassegnastampa-totustuus.it\/cattolica\/da-dove-vengono-le-vocazioni\/","title":{"rendered":"Da dove vengono le vocazioni"},"content":{"rendered":"<div style=\"text-align: center;\"><img loading=\"lazy\" decoding=\"async\" class=\"alignright wp-image-34990\" src=\"https:\/\/www.rassegnastampa-totustuus.it\/cattolica\/wp-content\/uploads\/2006\/01\/seminaristi.jpg\" alt=\"seminaristi\" width=\"250\" height=\"189\" \/>Rubrica \u00abArmagheddo\u00bb <strong>Mondo e Missione<\/strong> dicembre 2005\u00a0 n\u00b010<\/div>\n<p style=\"text-align: justify;\"><em>Molti oggi si chiedono come mai ci sono pochi preti, con conseguenze tristi per tutti. In Italia, ci sono poche vocazioni semplicemente perch\u00e9 \u00e8 diminuita la fede nel nostro popolo, nelle nostre famiglie e non riesce ad orientare la vita. <\/em><\/p>\n<p style=\"text-align: center;\"><strong>Piero Gheddo<\/strong><\/p>\n<p><!--more--><\/p>\n<div style=\"text-align: justify;\">Nelle conferenze che faccio in questi mesi sulla crisi della famiglia e gli esempi dei miei genitori \u00abservi di Dio\u00bb, spesso racconto che la mia vocazione sacerdotale viene, dopo che da Dio, da mamma Rosetta e da pap\u00e0 Giovanni, che nel giorno del loro matrimonio hanno offerto a Dio il loro amore e hanno chiesto la grazia che almeno uno dei loro figli diventasse sacerdote o suora.<\/div>\n<p style=\"text-align: justify;\">Questa notizia me l\u2019ha rivelata il vecchio parroco di Tronzano Vercellese, nel giorno della mia prima Messa (29 giugno 1953), dicendomi pubblicamente: \u00abOggi il Signore esaudisce la grazia richiesta da tua mamma e tuo pap\u00e0 quando si sono sposati\u00bb.<\/p>\n<p style=\"text-align: justify;\">I parenti lo sapevano, ma non me l\u2019avevano mai detto per lasciarmi libero. Mi dicevano che dall\u2019et\u00e0 di 7-8 anni a chi mi chiedeva cosa avrei fatto da grande, rispondevo deciso: \u00abIl prete\u00bb. Alle parole del parroco, il mio cuore \u00e8 stato inondato di gioia, nello scoprire che la radice della mia felicit\u00e0 di aver raggiunto una meta tanto desiderata erano mamma e pap\u00e0, ormai gi\u00e0 morti da parecchi anni; in seguito ho sempre ringraziato i genitori, pregandoli per la fedelt\u00e0 alla chiamata di Dio.<\/p>\n<p style=\"text-align: justify;\">Una signora venuta a sentirmi mi scrive a nome anche di suo marito: \u00abMi sono commossa al ricordo dei suoi genitori e voglio dirle che noi abbiamo due figli e una figlia, ancora in et\u00e0 scolastica. Con mio marito preghiamo perch\u00e9 il Signore scelga uno di loro o anche tutti e due se vuole, per diventare sacerdote.<\/p>\n<p style=\"text-align: justify;\">Con tutte le miserie che ci sono oggi nella nostra societ\u00e0, pensiamo che il modo migliore per aiutare \u00e8 di offrire a Dio i nostri figli per chiamarli al suo servizio. Preghi anche lei per questo nostro desiderio e offerta\u00bb. Ho ringraziato di questa lettera toccante, che dimostra come nelle nostre famiglie giovani c\u2019\u00e8 ancora fede e generosit\u00e0 col Signore. Quando i coniugi sono ben formati, pregano assieme e si vogliono veramente bene, accettano volentieri quei figli che il Signore manda loro e sono generosi nell\u2019offrirli a Dio.<\/p>\n<p style=\"text-align: justify;\">Molti oggi si chiedono come mai ci sono pochi preti, con conseguenze tristi per tutti: le parrocchie vengono accorpate, non ci sono coadiutori per gli oratori, i parroci non hanno mai tempo per ascoltare i singoli fedeli&#8230; Alcuni dicono a noi missionari: \u00abPerch\u00e9 andate in Paesi lontani a predicare Ges\u00f9 Cristo, quando qui in Italia abbiamo bisogno di preti come non mai?\u00bb,<\/p>\n<p style=\"text-align: justify;\">Quando mi fanno questa richiesta in pubblico, rispondo ragionando: noi missionari andiamo dove ci ha chiamato il Signore Ges\u00f9 e ci manda la Chiesa; guai se non partissimo pi\u00f9 per andare ai popoli non cristiani che, duemila anni dopo la Pasqua di Risurrezione, attendono ancora Cristo! La Chiesa non sarebbe pi\u00f9 missionaria e universale, come l\u2019ha voluta il Signore. In Italia, ci sono poche vocazioni semplicemente perch\u00e9 \u00e8 diminuita la fede nel nostro popolo, nelle nostre famiglie e non riesce ad orientare la vita. Allora \u00e8 inevitabile seguire la corrente del \u00abfanno tutti cos\u00ec\u00bb.<\/p>\n<p style=\"text-align: justify;\">Ma noi preti conosciamo famiglie giovani e credenti con tre, quattro, cinque figli. In un paese vicino a Milano, conosco due giovani sposi che hanno sette figli; gente comune, che ha occupazioni normali. Chiedo come fanno a tirare avanti e mi dicono: \u00abPadre, ci siamo sempre fidati del Signore e ce ne ha mandati tanti. Abbiamo attraversato momenti difficili, ma man mano che i figli crescevano di numero, aumentava l\u2019aiuto della gente, parenti, amici e vicini di casa. Certo, ci abituiamo ad una vita pi\u00f9 austera del comune, ma in casa nostra c\u2019\u00e8 un\u2019atmosfera di amore, gioia e speranza, che aiuta moltissimo nell\u2019educazione\u00bb.<\/p>\n<p style=\"text-align: justify;\">Mi chiedo se oggi i giovani che si sposano in chiesa e sono preparati al matrimonio, chiedono a Dio che almeno uno dei loro figli o figlie si consacrino al Signore e al servizio del prossimo. Quando parlo in pubblico del problema delle vocazioni sacerdotali e religiose, dico sempre: \u00abMamme e pap\u00e0 che mi ascoltate non pregate mai assieme perch\u00e9 il Signore vi conceda la grazia di un figlio prete o di una figlia suora? Ricordatevi che il dono pi\u00f9 bello che potete fare a Dio \u00e8 l\u2019offerta sincera di qualcuno della vostra famiglia\u00bb.<\/p>\n<p style=\"text-align: justify;\">A volte mi chiedo se noi sacerdoti sentiamo la responsabilit\u00e0 di esortare i coniugi a pregare per la vocazione di almeno uno dei loro figli? Oppure di queste cose non parliamo mai? Troppo facile pregare in genere per le vocazioni alla vita consacrata, senza dire a Dio di essere disponibili alle sue scelte anche nella nostra famiglia!<\/p>\n","protected":false},"excerpt":{"rendered":"<p>Rubrica \u00abArmagheddo\u00bb Mondo e Missione dicembre 2005\u00a0 n\u00b010 Molti oggi si chiedono come mai ci sono pochi preti, con conseguenze tristi per tutti. In Italia, ci sono poche vocazioni semplicemente perch\u00e9 \u00e8 diminuita la fede nel nostro popolo, nelle nostre famiglie e non riesce ad orientare la vita. Piero Gheddo<\/p><p><a class=\"more-link btn\" href=\"https:\/\/www.rassegnastampa-totustuus.it\/cattolica\/da-dove-vengono-le-vocazioni\/\">Continua a leggere<\/a><\/p>\n","protected":false},"author":6,"featured_media":34990,"comment_status":"closed","ping_status":"open","sticky":false,"template":"","format":"standard","meta":{"footnotes":""},"categories":[5],"tags":[1179],"class_list":["post-1779","post","type-post","status-publish","format-standard","has-post-thumbnail","hentry","category-chiesa","tag-vocazioni","item-wrap"],"yoast_head":"<!-- This site is optimized with the Yoast SEO plugin v27.5 - https:\/\/yoast.com\/product\/yoast-seo-wordpress\/ -->\n<title>Da dove vengono le vocazioni - Rassegna Stampa Cattolica<\/title>\n<meta name=\"description\" content=\"Rassegna Stampa Cattolica - Per una cultura che nasce dalla Rivelazione cristiana in conformit\u00e0 alla tradizione e al Magistero della Chiesa in opposizione ad ogni relativismo e totalitarismo\" \/>\n<meta name=\"robots\" content=\"index, follow, max-snippet:-1, max-image-preview:large, max-video-preview:-1\" \/>\n<link rel=\"canonical\" href=\"https:\/\/www.rassegnastampa-totustuus.it\/cattolica\/da-dove-vengono-le-vocazioni\/\" \/>\n<meta property=\"og:locale\" content=\"it_IT\" \/>\n<meta property=\"og:type\" content=\"article\" \/>\n<meta property=\"og:title\" content=\"Da dove vengono le vocazioni - Rassegna Stampa Cattolica\" \/>\n<meta property=\"og:description\" content=\"Rassegna Stampa Cattolica - Per una cultura che nasce dalla Rivelazione cristiana in conformit\u00e0 alla tradizione e al Magistero della Chiesa in opposizione ad ogni relativismo e totalitarismo\" \/>\n<meta property=\"og:url\" content=\"https:\/\/www.rassegnastampa-totustuus.it\/cattolica\/da-dove-vengono-le-vocazioni\/\" \/>\n<meta property=\"og:site_name\" content=\"Rassegna Stampa Cattolica\" \/>\n<meta property=\"article:publisher\" content=\"https:\/\/www.facebook.com\/rassegnastampacattolica\" \/>\n<meta property=\"article:published_time\" content=\"2006-01-04T23:00:00+00:00\" \/>\n<meta property=\"article:modified_time\" content=\"2016-06-16T09:41:55+00:00\" \/>\n<meta property=\"og:image\" content=\"https:\/\/www.rassegnastampa-totustuus.it\/cattolica\/wp-content\/uploads\/2006\/01\/seminaristi.jpg\" \/>\n\t<meta property=\"og:image:width\" content=\"258\" \/>\n\t<meta property=\"og:image:height\" content=\"195\" \/>\n\t<meta property=\"og:image:type\" content=\"image\/jpeg\" \/>\n<meta name=\"author\" content=\"Redazione\" \/>\n<meta name=\"twitter:card\" content=\"summary_large_image\" \/>\n<meta name=\"twitter:creator\" content=\"@rassegnastampa9\" \/>\n<meta name=\"twitter:site\" content=\"@rassegnastampa9\" \/>\n<meta name=\"twitter:label1\" content=\"Scritto da\" \/>\n\t<meta name=\"twitter:data1\" content=\"Redazione\" \/>\n\t<meta name=\"twitter:label2\" content=\"Tempo di lettura stimato\" \/>\n\t<meta name=\"twitter:data2\" content=\"4 minuti\" \/>\n<script type=\"application\/ld+json\" class=\"yoast-schema-graph\">{\"@context\":\"https:\\\/\\\/schema.org\",\"@graph\":[{\"@type\":\"Article\",\"@id\":\"https:\\\/\\\/www.rassegnastampa-totustuus.it\\\/cattolica\\\/da-dove-vengono-le-vocazioni\\\/#article\",\"isPartOf\":{\"@id\":\"https:\\\/\\\/www.rassegnastampa-totustuus.it\\\/cattolica\\\/da-dove-vengono-le-vocazioni\\\/\"},\"author\":{\"name\":\"Redazione\",\"@id\":\"https:\\\/\\\/www.rassegnastampa-totustuus.it\\\/cattolica\\\/#\\\/schema\\\/person\\\/08f319d2bd1a0904ad9e2bfb7b15e5c3\"},\"headline\":\"Da dove vengono le vocazioni\",\"datePublished\":\"2006-01-04T23:00:00+00:00\",\"dateModified\":\"2016-06-16T09:41:55+00:00\",\"mainEntityOfPage\":{\"@id\":\"https:\\\/\\\/www.rassegnastampa-totustuus.it\\\/cattolica\\\/da-dove-vengono-le-vocazioni\\\/\"},\"wordCount\":801,\"publisher\":{\"@id\":\"https:\\\/\\\/www.rassegnastampa-totustuus.it\\\/cattolica\\\/#organization\"},\"image\":{\"@id\":\"https:\\\/\\\/www.rassegnastampa-totustuus.it\\\/cattolica\\\/da-dove-vengono-le-vocazioni\\\/#primaryimage\"},\"thumbnailUrl\":\"https:\\\/\\\/www.rassegnastampa-totustuus.it\\\/cattolica\\\/wp-content\\\/uploads\\\/2006\\\/01\\\/seminaristi.jpg\",\"keywords\":[\"vocazioni\"],\"articleSection\":[\"Chiesa\"],\"inLanguage\":\"it-IT\"},{\"@type\":\"WebPage\",\"@id\":\"https:\\\/\\\/www.rassegnastampa-totustuus.it\\\/cattolica\\\/da-dove-vengono-le-vocazioni\\\/\",\"url\":\"https:\\\/\\\/www.rassegnastampa-totustuus.it\\\/cattolica\\\/da-dove-vengono-le-vocazioni\\\/\",\"name\":\"Da dove vengono le vocazioni - Rassegna Stampa Cattolica\",\"isPartOf\":{\"@id\":\"https:\\\/\\\/www.rassegnastampa-totustuus.it\\\/cattolica\\\/#website\"},\"primaryImageOfPage\":{\"@id\":\"https:\\\/\\\/www.rassegnastampa-totustuus.it\\\/cattolica\\\/da-dove-vengono-le-vocazioni\\\/#primaryimage\"},\"image\":{\"@id\":\"https:\\\/\\\/www.rassegnastampa-totustuus.it\\\/cattolica\\\/da-dove-vengono-le-vocazioni\\\/#primaryimage\"},\"thumbnailUrl\":\"https:\\\/\\\/www.rassegnastampa-totustuus.it\\\/cattolica\\\/wp-content\\\/uploads\\\/2006\\\/01\\\/seminaristi.jpg\",\"datePublished\":\"2006-01-04T23:00:00+00:00\",\"dateModified\":\"2016-06-16T09:41:55+00:00\",\"description\":\"Rassegna Stampa Cattolica - Per una cultura che nasce dalla Rivelazione cristiana in conformit\u00e0 alla tradizione e al Magistero della Chiesa in opposizione ad ogni relativismo e totalitarismo\",\"breadcrumb\":{\"@id\":\"https:\\\/\\\/www.rassegnastampa-totustuus.it\\\/cattolica\\\/da-dove-vengono-le-vocazioni\\\/#breadcrumb\"},\"inLanguage\":\"it-IT\",\"potentialAction\":[{\"@type\":\"ReadAction\",\"target\":[\"https:\\\/\\\/www.rassegnastampa-totustuus.it\\\/cattolica\\\/da-dove-vengono-le-vocazioni\\\/\"]}]},{\"@type\":\"ImageObject\",\"inLanguage\":\"it-IT\",\"@id\":\"https:\\\/\\\/www.rassegnastampa-totustuus.it\\\/cattolica\\\/da-dove-vengono-le-vocazioni\\\/#primaryimage\",\"url\":\"https:\\\/\\\/www.rassegnastampa-totustuus.it\\\/cattolica\\\/wp-content\\\/uploads\\\/2006\\\/01\\\/seminaristi.jpg\",\"contentUrl\":\"https:\\\/\\\/www.rassegnastampa-totustuus.it\\\/cattolica\\\/wp-content\\\/uploads\\\/2006\\\/01\\\/seminaristi.jpg\",\"width\":258,\"height\":195},{\"@type\":\"BreadcrumbList\",\"@id\":\"https:\\\/\\\/www.rassegnastampa-totustuus.it\\\/cattolica\\\/da-dove-vengono-le-vocazioni\\\/#breadcrumb\",\"itemListElement\":[{\"@type\":\"ListItem\",\"position\":1,\"name\":\"Home\",\"item\":\"https:\\\/\\\/www.rassegnastampa-totustuus.it\\\/cattolica\\\/\"},{\"@type\":\"ListItem\",\"position\":2,\"name\":\"Da dove vengono le vocazioni\"}]},{\"@type\":\"WebSite\",\"@id\":\"https:\\\/\\\/www.rassegnastampa-totustuus.it\\\/cattolica\\\/#website\",\"url\":\"https:\\\/\\\/www.rassegnastampa-totustuus.it\\\/cattolica\\\/\",\"name\":\"Rassegna Stampa Cattolica\",\"description\":\"Per una cultura che nasce dalla Rivelazione cristiana in conformit\u00e0 alla tradizione e al Magistero della Chiesa in opposizione ad ogni relativismo e totalitarismo\",\"publisher\":{\"@id\":\"https:\\\/\\\/www.rassegnastampa-totustuus.it\\\/cattolica\\\/#organization\"},\"alternateName\":\"Rass. Cattolica\",\"potentialAction\":[{\"@type\":\"SearchAction\",\"target\":{\"@type\":\"EntryPoint\",\"urlTemplate\":\"https:\\\/\\\/www.rassegnastampa-totustuus.it\\\/cattolica\\\/?s={search_term_string}\"},\"query-input\":{\"@type\":\"PropertyValueSpecification\",\"valueRequired\":true,\"valueName\":\"search_term_string\"}}],\"inLanguage\":\"it-IT\"},{\"@type\":\"Organization\",\"@id\":\"https:\\\/\\\/www.rassegnastampa-totustuus.it\\\/cattolica\\\/#organization\",\"name\":\"Rassegna Stampa Cattolica\",\"url\":\"https:\\\/\\\/www.rassegnastampa-totustuus.it\\\/cattolica\\\/\",\"logo\":{\"@type\":\"ImageObject\",\"inLanguage\":\"it-IT\",\"@id\":\"https:\\\/\\\/www.rassegnastampa-totustuus.it\\\/cattolica\\\/#\\\/schema\\\/logo\\\/image\\\/\",\"url\":\"https:\\\/\\\/www.rassegnastampa-totustuus.it\\\/cattolica\\\/wp-content\\\/uploads\\\/2014\\\/04\\\/logo-rassegna1.gif\",\"contentUrl\":\"https:\\\/\\\/www.rassegnastampa-totustuus.it\\\/cattolica\\\/wp-content\\\/uploads\\\/2014\\\/04\\\/logo-rassegna1.gif\",\"width\":600,\"height\":163,\"caption\":\"Rassegna Stampa Cattolica\"},\"image\":{\"@id\":\"https:\\\/\\\/www.rassegnastampa-totustuus.it\\\/cattolica\\\/#\\\/schema\\\/logo\\\/image\\\/\"},\"sameAs\":[\"https:\\\/\\\/www.facebook.com\\\/rassegnastampacattolica\",\"https:\\\/\\\/x.com\\\/rassegnastampa9\"]},{\"@type\":\"Person\",\"@id\":\"https:\\\/\\\/www.rassegnastampa-totustuus.it\\\/cattolica\\\/#\\\/schema\\\/person\\\/08f319d2bd1a0904ad9e2bfb7b15e5c3\",\"name\":\"Redazione\",\"image\":{\"@type\":\"ImageObject\",\"inLanguage\":\"it-IT\",\"@id\":\"https:\\\/\\\/secure.gravatar.com\\\/avatar\\\/2fcdf27c78ea025fbdb44e914cc63c72249ffec9dc8aafd5c82b26240ef3f346?s=96&d=mm&r=g\",\"url\":\"https:\\\/\\\/secure.gravatar.com\\\/avatar\\\/2fcdf27c78ea025fbdb44e914cc63c72249ffec9dc8aafd5c82b26240ef3f346?s=96&d=mm&r=g\",\"contentUrl\":\"https:\\\/\\\/secure.gravatar.com\\\/avatar\\\/2fcdf27c78ea025fbdb44e914cc63c72249ffec9dc8aafd5c82b26240ef3f346?s=96&d=mm&r=g\",\"caption\":\"Redazione\"},\"url\":\"https:\\\/\\\/www.rassegnastampa-totustuus.it\\\/cattolica\\\/author\\\/pietroelle\\\/\"}]}<\/script>\n<!-- \/ Yoast SEO plugin. -->","yoast_head_json":{"title":"Da dove vengono le vocazioni - Rassegna Stampa Cattolica","description":"Rassegna Stampa Cattolica - Per una cultura che nasce dalla Rivelazione cristiana in conformit\u00e0 alla tradizione e al Magistero della Chiesa in opposizione ad ogni relativismo e totalitarismo","robots":{"index":"index","follow":"follow","max-snippet":"max-snippet:-1","max-image-preview":"max-image-preview:large","max-video-preview":"max-video-preview:-1"},"canonical":"https:\/\/www.rassegnastampa-totustuus.it\/cattolica\/da-dove-vengono-le-vocazioni\/","og_locale":"it_IT","og_type":"article","og_title":"Da dove vengono le vocazioni - Rassegna Stampa Cattolica","og_description":"Rassegna Stampa Cattolica - Per una cultura che nasce dalla Rivelazione cristiana in conformit\u00e0 alla tradizione e al Magistero della Chiesa in opposizione ad ogni relativismo e totalitarismo","og_url":"https:\/\/www.rassegnastampa-totustuus.it\/cattolica\/da-dove-vengono-le-vocazioni\/","og_site_name":"Rassegna Stampa Cattolica","article_publisher":"https:\/\/www.facebook.com\/rassegnastampacattolica","article_published_time":"2006-01-04T23:00:00+00:00","article_modified_time":"2016-06-16T09:41:55+00:00","og_image":[{"width":258,"height":195,"url":"https:\/\/www.rassegnastampa-totustuus.it\/cattolica\/wp-content\/uploads\/2006\/01\/seminaristi.jpg","type":"image\/jpeg"}],"author":"Redazione","twitter_card":"summary_large_image","twitter_creator":"@rassegnastampa9","twitter_site":"@rassegnastampa9","twitter_misc":{"Scritto da":"Redazione","Tempo di lettura stimato":"4 minuti"},"schema":{"@context":"https:\/\/schema.org","@graph":[{"@type":"Article","@id":"https:\/\/www.rassegnastampa-totustuus.it\/cattolica\/da-dove-vengono-le-vocazioni\/#article","isPartOf":{"@id":"https:\/\/www.rassegnastampa-totustuus.it\/cattolica\/da-dove-vengono-le-vocazioni\/"},"author":{"name":"Redazione","@id":"https:\/\/www.rassegnastampa-totustuus.it\/cattolica\/#\/schema\/person\/08f319d2bd1a0904ad9e2bfb7b15e5c3"},"headline":"Da dove vengono le vocazioni","datePublished":"2006-01-04T23:00:00+00:00","dateModified":"2016-06-16T09:41:55+00:00","mainEntityOfPage":{"@id":"https:\/\/www.rassegnastampa-totustuus.it\/cattolica\/da-dove-vengono-le-vocazioni\/"},"wordCount":801,"publisher":{"@id":"https:\/\/www.rassegnastampa-totustuus.it\/cattolica\/#organization"},"image":{"@id":"https:\/\/www.rassegnastampa-totustuus.it\/cattolica\/da-dove-vengono-le-vocazioni\/#primaryimage"},"thumbnailUrl":"https:\/\/www.rassegnastampa-totustuus.it\/cattolica\/wp-content\/uploads\/2006\/01\/seminaristi.jpg","keywords":["vocazioni"],"articleSection":["Chiesa"],"inLanguage":"it-IT"},{"@type":"WebPage","@id":"https:\/\/www.rassegnastampa-totustuus.it\/cattolica\/da-dove-vengono-le-vocazioni\/","url":"https:\/\/www.rassegnastampa-totustuus.it\/cattolica\/da-dove-vengono-le-vocazioni\/","name":"Da dove vengono le vocazioni - Rassegna Stampa Cattolica","isPartOf":{"@id":"https:\/\/www.rassegnastampa-totustuus.it\/cattolica\/#website"},"primaryImageOfPage":{"@id":"https:\/\/www.rassegnastampa-totustuus.it\/cattolica\/da-dove-vengono-le-vocazioni\/#primaryimage"},"image":{"@id":"https:\/\/www.rassegnastampa-totustuus.it\/cattolica\/da-dove-vengono-le-vocazioni\/#primaryimage"},"thumbnailUrl":"https:\/\/www.rassegnastampa-totustuus.it\/cattolica\/wp-content\/uploads\/2006\/01\/seminaristi.jpg","datePublished":"2006-01-04T23:00:00+00:00","dateModified":"2016-06-16T09:41:55+00:00","description":"Rassegna Stampa Cattolica - Per una cultura che nasce dalla Rivelazione cristiana in conformit\u00e0 alla tradizione e al Magistero della Chiesa in opposizione ad ogni relativismo e totalitarismo","breadcrumb":{"@id":"https:\/\/www.rassegnastampa-totustuus.it\/cattolica\/da-dove-vengono-le-vocazioni\/#breadcrumb"},"inLanguage":"it-IT","potentialAction":[{"@type":"ReadAction","target":["https:\/\/www.rassegnastampa-totustuus.it\/cattolica\/da-dove-vengono-le-vocazioni\/"]}]},{"@type":"ImageObject","inLanguage":"it-IT","@id":"https:\/\/www.rassegnastampa-totustuus.it\/cattolica\/da-dove-vengono-le-vocazioni\/#primaryimage","url":"https:\/\/www.rassegnastampa-totustuus.it\/cattolica\/wp-content\/uploads\/2006\/01\/seminaristi.jpg","contentUrl":"https:\/\/www.rassegnastampa-totustuus.it\/cattolica\/wp-content\/uploads\/2006\/01\/seminaristi.jpg","width":258,"height":195},{"@type":"BreadcrumbList","@id":"https:\/\/www.rassegnastampa-totustuus.it\/cattolica\/da-dove-vengono-le-vocazioni\/#breadcrumb","itemListElement":[{"@type":"ListItem","position":1,"name":"Home","item":"https:\/\/www.rassegnastampa-totustuus.it\/cattolica\/"},{"@type":"ListItem","position":2,"name":"Da dove vengono le vocazioni"}]},{"@type":"WebSite","@id":"https:\/\/www.rassegnastampa-totustuus.it\/cattolica\/#website","url":"https:\/\/www.rassegnastampa-totustuus.it\/cattolica\/","name":"Rassegna Stampa Cattolica","description":"Per una cultura che nasce dalla Rivelazione cristiana in conformit\u00e0 alla tradizione e al Magistero della Chiesa in opposizione ad ogni relativismo e totalitarismo","publisher":{"@id":"https:\/\/www.rassegnastampa-totustuus.it\/cattolica\/#organization"},"alternateName":"Rass. Cattolica","potentialAction":[{"@type":"SearchAction","target":{"@type":"EntryPoint","urlTemplate":"https:\/\/www.rassegnastampa-totustuus.it\/cattolica\/?s={search_term_string}"},"query-input":{"@type":"PropertyValueSpecification","valueRequired":true,"valueName":"search_term_string"}}],"inLanguage":"it-IT"},{"@type":"Organization","@id":"https:\/\/www.rassegnastampa-totustuus.it\/cattolica\/#organization","name":"Rassegna Stampa Cattolica","url":"https:\/\/www.rassegnastampa-totustuus.it\/cattolica\/","logo":{"@type":"ImageObject","inLanguage":"it-IT","@id":"https:\/\/www.rassegnastampa-totustuus.it\/cattolica\/#\/schema\/logo\/image\/","url":"https:\/\/www.rassegnastampa-totustuus.it\/cattolica\/wp-content\/uploads\/2014\/04\/logo-rassegna1.gif","contentUrl":"https:\/\/www.rassegnastampa-totustuus.it\/cattolica\/wp-content\/uploads\/2014\/04\/logo-rassegna1.gif","width":600,"height":163,"caption":"Rassegna Stampa Cattolica"},"image":{"@id":"https:\/\/www.rassegnastampa-totustuus.it\/cattolica\/#\/schema\/logo\/image\/"},"sameAs":["https:\/\/www.facebook.com\/rassegnastampacattolica","https:\/\/x.com\/rassegnastampa9"]},{"@type":"Person","@id":"https:\/\/www.rassegnastampa-totustuus.it\/cattolica\/#\/schema\/person\/08f319d2bd1a0904ad9e2bfb7b15e5c3","name":"Redazione","image":{"@type":"ImageObject","inLanguage":"it-IT","@id":"https:\/\/secure.gravatar.com\/avatar\/2fcdf27c78ea025fbdb44e914cc63c72249ffec9dc8aafd5c82b26240ef3f346?s=96&d=mm&r=g","url":"https:\/\/secure.gravatar.com\/avatar\/2fcdf27c78ea025fbdb44e914cc63c72249ffec9dc8aafd5c82b26240ef3f346?s=96&d=mm&r=g","contentUrl":"https:\/\/secure.gravatar.com\/avatar\/2fcdf27c78ea025fbdb44e914cc63c72249ffec9dc8aafd5c82b26240ef3f346?s=96&d=mm&r=g","caption":"Redazione"},"url":"https:\/\/www.rassegnastampa-totustuus.it\/cattolica\/author\/pietroelle\/"}]}},"_links":{"self":[{"href":"https:\/\/www.rassegnastampa-totustuus.it\/cattolica\/wp-json\/wp\/v2\/posts\/1779","targetHints":{"allow":["GET"]}}],"collection":[{"href":"https:\/\/www.rassegnastampa-totustuus.it\/cattolica\/wp-json\/wp\/v2\/posts"}],"about":[{"href":"https:\/\/www.rassegnastampa-totustuus.it\/cattolica\/wp-json\/wp\/v2\/types\/post"}],"author":[{"embeddable":true,"href":"https:\/\/www.rassegnastampa-totustuus.it\/cattolica\/wp-json\/wp\/v2\/users\/6"}],"replies":[{"embeddable":true,"href":"https:\/\/www.rassegnastampa-totustuus.it\/cattolica\/wp-json\/wp\/v2\/comments?post=1779"}],"version-history":[{"count":4,"href":"https:\/\/www.rassegnastampa-totustuus.it\/cattolica\/wp-json\/wp\/v2\/posts\/1779\/revisions"}],"predecessor-version":[{"id":34991,"href":"https:\/\/www.rassegnastampa-totustuus.it\/cattolica\/wp-json\/wp\/v2\/posts\/1779\/revisions\/34991"}],"wp:featuredmedia":[{"embeddable":true,"href":"https:\/\/www.rassegnastampa-totustuus.it\/cattolica\/wp-json\/wp\/v2\/media\/34990"}],"wp:attachment":[{"href":"https:\/\/www.rassegnastampa-totustuus.it\/cattolica\/wp-json\/wp\/v2\/media?parent=1779"}],"wp:term":[{"taxonomy":"category","embeddable":true,"href":"https:\/\/www.rassegnastampa-totustuus.it\/cattolica\/wp-json\/wp\/v2\/categories?post=1779"},{"taxonomy":"post_tag","embeddable":true,"href":"https:\/\/www.rassegnastampa-totustuus.it\/cattolica\/wp-json\/wp\/v2\/tags?post=1779"}],"curies":[{"name":"wp","href":"https:\/\/api.w.org\/{rel}","templated":true}]}}