{"id":1776,"date":"2006-01-05T00:00:00","date_gmt":"2006-01-04T23:00:00","guid":{"rendered":""},"modified":"2016-03-22T10:52:09","modified_gmt":"2016-03-22T09:52:09","slug":"la-messa-divide-leuropa-dallamerica","status":"publish","type":"post","link":"https:\/\/www.rassegnastampa-totustuus.it\/cattolica\/la-messa-divide-leuropa-dallamerica\/","title":{"rendered":"La messa divide l&#8217;Europa dall&#8217;America"},"content":{"rendered":"<div style=\"text-align: center;\"><strong><img loading=\"lazy\" decoding=\"async\" class=\"alignleft wp-image-32004\" src=\"https:\/\/www.rassegnastampa-totustuus.it\/cattolica\/wp-content\/uploads\/2006\/01\/Weigel_cover.jpg\" alt=\"Weigel_cover\" width=\"130\" height=\"200\" \/>il Giornale<\/strong>, 31 dicembre 2005<\/div>\n<p style=\"text-align: justify;\"><em>\u00a0<\/em>Il cubo e la cattedrale<em>, libro di George Weigel &#8211; uno dei pi\u00f9 influenti intellettuali cattolici &#8211; \u00e8 una risposta dal punto di vista religioso al testo famosissimo di un neocon laico, <\/em>Paradiso e potere<em>, secondo cui gli europei vivono in un loro piccolo paradiso che cerca di realizzare l&#8217;ideale kantiano della pace universale. Per Weigel tutto comincia non con la Seconda, ma con la Prima guerra mondiale,\u00a0 dove vengono a scadenza le cambiali di un mondo che a partire dal 1789 aveva cercato di costruirsi intorno a ideali nazionalisti che separavano la nazione dalla memoria e dalla religione<\/em><\/p>\n<p style=\"text-align: center;\"><strong>Massimo Introvigne<\/strong><\/p>\n<p><!--more--><\/p>\n<div style=\"text-align: justify;\">Per i lettori del mensile americano <em>First Things<\/em>, \u00abBibbia\u00bb dei neo-conservatori di orientamento religioso (i cosiddetti theo-con) il libro pi\u00f9 importante del 2005 \u00e8 stato <em>Il cubo e la cattedrale<\/em> di George Weigel. Tradotto in una mezza dozzina di lingue, non \u00e8 uscito in italiano: un peccato, e un segno di miopia da parte di un certo ambiente politico e culturale nostrano, dal momento che Weigel &#8211; uno dei pi\u00f9 influenti intellettuali cattolici americani, amico, confidente e biografo di Giovanni Paolo II &#8211; quando deve offrire un esempio di uomo politico europeo contemporaneo pericoloso a s\u00e9 e agli altri torna ripetutamente sul nome di Romano Prodi.<\/div>\n<p style=\"text-align: justify;\">Ma \u00abIl cubo e la cattedrale\u00bb non \u00e8 un libro su Prodi. \u00c8 una risposta dal punto di vista religioso al testo famosissimo di un neocon laico, <em>Paradiso e potere<\/em>, secondo cui gli europei vivono in un loro piccolo paradiso che cerca di realizzare l&#8217;ideale kantiano della pace universale, finanziato dalla rinuncia a consacrare una parte del loro budget pari a quella delle altre grandi potenze economiche alla difesa, e che in realt\u00e0 riesce a sopravvivere solo perch\u00e9 \u00e8 protetto dall&#8217;esterno &#8211; come il Paradiso Terrestre &#8211; da un angelo con la spada fiammeggiante che invece crede nel potere, lo finanzia e lo esercita: gli Stati Uniti.<\/p>\n<p style=\"text-align: justify;\">Kagan spiega questa diversit\u00e0 di atteggiamento fra europei e americani (da cui discendono scelte diverse sull&#8217;Irak, le Nazioni Unite, la linea dura contro il terrorismo) con il trauma che ha colpito l&#8217;Europa dopo le due guerre mondiali, l&#8217;Olocausto e gli altri orrori del Novecento.<\/p>\n<p style=\"text-align: justify;\">Weigel risponde a Kagan che la sua analisi \u00e8 giusta, ma si ferma a met\u00e0. Non si chiede perch\u00e9 l&#8217;Europa ha conosciuto nel Novecento orrori ideologici come il nazismo e il comunismo cui gli Stati Uniti (che Weigel non idealizza affatto) sono in gran parte scampati. Per il teologo cattolico americano tutto comincia non con la Seconda, ma con la Prima guerra mondiale, \u00abinutile strage\u00bb nelle parole di Benedetto XV e \u00abonda di pazzia\u00bb in quelle di Winston Churchill, dove per Weigel vengono a scadenza le cambiali di un mondo che a partire dal 1789 aveva cercato di costruirsi intorno a ideali nazionalisti che separavano la nazione dalla memoria e dalla religione, dalla la\u00efcit\u00e9 francese al Kulturkampf tedesco.<\/p>\n<p style=\"text-align: justify;\">La radice della differenza fra Europa e America sta nel fatto che il 60% degli americani va in Chiesa contro il 20% degli europei, esito di una storia che parte da una Rivoluzione americana che si \u00e8 proposta di difendere la religione dallo Stato e da una Rivoluzione francese che ha voluto invece difendere lo Stato dalla religione. Rimanendo in Europa, da Chirac a Zapatero &#8211; secondo le parole del grande giurista ebreo ortodosso Joseph Weiler &#8211; una \u00abcristofobia\u00bb di fondo, l&#8217;avversione alla fede e al cristianesimo, spiega la mancanza di speranza (che si esprime nel non fare pi\u00f9 figli, nel \u00absuicidio demografico\u00bb denunciato da Giovanni Paolo II) e di cristiano coraggio contro il terrorismo, che spingeva appunto la Commissione Europea di Romano Prodi a \u00abcedere per non perdere\u00bb di fronte all&#8217;aggressione ultra-fondamentalista islamica.<\/p>\n<p style=\"text-align: justify;\">Due elementi che lascerebbero presagire uno scenario apocalittico, con il trionfo in Europa del fondamentalismo islamico per via sia demografica sia terroristica.<\/p>\n<p style=\"text-align: justify;\">Ma Weigel prevede anche uno scenario alternativo. I giovani della \u00abgenerazione Giovanni Paolo II\u00bb, all&#8217;Est come all&#8217;Ovest dell&#8217;Europa, mostrano spesso una sensibilit\u00e0 diversa. Tra vent&#8217;anni, potrebbero essere loro le classi dirigenti europee<\/p>\n","protected":false},"excerpt":{"rendered":"<p>il Giornale, 31 dicembre 2005 \u00a0Il cubo e la cattedrale, libro di George Weigel &#8211; uno dei pi\u00f9 influenti intellettuali cattolici &#8211; \u00e8 una risposta dal punto di vista religioso al testo famosissimo di un neocon laico, Paradiso e potere, secondo cui gli europei vivono in un loro piccolo paradiso che cerca di realizzare l&#8217;ideale &hellip; <\/p>\n<p><a class=\"more-link btn\" href=\"https:\/\/www.rassegnastampa-totustuus.it\/cattolica\/la-messa-divide-leuropa-dallamerica\/\">Continua a leggere<\/a><\/p>\n","protected":false},"author":6,"featured_media":32004,"comment_status":"closed","ping_status":"open","sticky":false,"template":"","format":"standard","meta":{"footnotes":""},"categories":[14,17,24],"tags":[1177],"class_list":["post-1776","post","type-post","status-publish","format-standard","has-post-thumbnail","hentry","category-europa-e-ue","category-libri","category-storia","tag-il-cubo-e-la-cattedrale","item-wrap"],"yoast_head":"<!-- This site is optimized with the Yoast SEO plugin v27.5 - https:\/\/yoast.com\/product\/yoast-seo-wordpress\/ -->\n<title>La messa divide l&#039;Europa dall&#039;America - Rassegna Stampa Cattolica<\/title>\n<meta name=\"description\" content=\"Rassegna Stampa Cattolica - Per una cultura che nasce dalla Rivelazione cristiana in conformit\u00e0 alla tradizione e al Magistero della Chiesa in opposizione ad ogni relativismo e totalitarismo\" \/>\n<meta name=\"robots\" content=\"index, follow, max-snippet:-1, max-image-preview:large, max-video-preview:-1\" \/>\n<link rel=\"canonical\" href=\"https:\/\/www.rassegnastampa-totustuus.it\/cattolica\/la-messa-divide-leuropa-dallamerica\/\" \/>\n<meta property=\"og:locale\" content=\"it_IT\" \/>\n<meta property=\"og:type\" content=\"article\" \/>\n<meta property=\"og:title\" content=\"La messa divide l&#039;Europa dall&#039;America - Rassegna Stampa Cattolica\" \/>\n<meta property=\"og:description\" content=\"Rassegna Stampa Cattolica - Per una cultura che nasce dalla Rivelazione cristiana in conformit\u00e0 alla tradizione e al Magistero della Chiesa in opposizione ad ogni relativismo e totalitarismo\" \/>\n<meta property=\"og:url\" content=\"https:\/\/www.rassegnastampa-totustuus.it\/cattolica\/la-messa-divide-leuropa-dallamerica\/\" \/>\n<meta property=\"og:site_name\" content=\"Rassegna Stampa Cattolica\" \/>\n<meta property=\"article:publisher\" content=\"https:\/\/www.facebook.com\/rassegnastampacattolica\" \/>\n<meta property=\"article:published_time\" content=\"2006-01-04T23:00:00+00:00\" \/>\n<meta property=\"article:modified_time\" content=\"2016-03-22T09:52:09+00:00\" \/>\n<meta property=\"og:image\" content=\"https:\/\/www.rassegnastampa-totustuus.it\/cattolica\/wp-content\/uploads\/2006\/01\/Weigel_cover.jpg\" \/>\n\t<meta property=\"og:image:width\" content=\"136\" \/>\n\t<meta property=\"og:image:height\" content=\"210\" \/>\n\t<meta property=\"og:image:type\" content=\"image\/jpeg\" \/>\n<meta name=\"author\" content=\"Redazione\" \/>\n<meta name=\"twitter:card\" content=\"summary_large_image\" \/>\n<meta name=\"twitter:creator\" content=\"@rassegnastampa9\" \/>\n<meta name=\"twitter:site\" content=\"@rassegnastampa9\" \/>\n<meta name=\"twitter:label1\" content=\"Scritto da\" \/>\n\t<meta name=\"twitter:data1\" content=\"Redazione\" \/>\n\t<meta name=\"twitter:label2\" content=\"Tempo di lettura stimato\" \/>\n\t<meta name=\"twitter:data2\" content=\"3 minuti\" \/>\n<script type=\"application\/ld+json\" class=\"yoast-schema-graph\">{\"@context\":\"https:\\\/\\\/schema.org\",\"@graph\":[{\"@type\":\"Article\",\"@id\":\"https:\\\/\\\/www.rassegnastampa-totustuus.it\\\/cattolica\\\/la-messa-divide-leuropa-dallamerica\\\/#article\",\"isPartOf\":{\"@id\":\"https:\\\/\\\/www.rassegnastampa-totustuus.it\\\/cattolica\\\/la-messa-divide-leuropa-dallamerica\\\/\"},\"author\":{\"name\":\"Redazione\",\"@id\":\"https:\\\/\\\/www.rassegnastampa-totustuus.it\\\/cattolica\\\/#\\\/schema\\\/person\\\/08f319d2bd1a0904ad9e2bfb7b15e5c3\"},\"headline\":\"La messa divide l&#8217;Europa dall&#8217;America\",\"datePublished\":\"2006-01-04T23:00:00+00:00\",\"dateModified\":\"2016-03-22T09:52:09+00:00\",\"mainEntityOfPage\":{\"@id\":\"https:\\\/\\\/www.rassegnastampa-totustuus.it\\\/cattolica\\\/la-messa-divide-leuropa-dallamerica\\\/\"},\"wordCount\":675,\"publisher\":{\"@id\":\"https:\\\/\\\/www.rassegnastampa-totustuus.it\\\/cattolica\\\/#organization\"},\"image\":{\"@id\":\"https:\\\/\\\/www.rassegnastampa-totustuus.it\\\/cattolica\\\/la-messa-divide-leuropa-dallamerica\\\/#primaryimage\"},\"thumbnailUrl\":\"https:\\\/\\\/www.rassegnastampa-totustuus.it\\\/cattolica\\\/wp-content\\\/uploads\\\/2006\\\/01\\\/Weigel_cover.jpg\",\"keywords\":[\"Il Cubo e la cattedrale\"],\"articleSection\":[\"Europa e UE\",\"Libri\",\"Storia\"],\"inLanguage\":\"it-IT\"},{\"@type\":\"WebPage\",\"@id\":\"https:\\\/\\\/www.rassegnastampa-totustuus.it\\\/cattolica\\\/la-messa-divide-leuropa-dallamerica\\\/\",\"url\":\"https:\\\/\\\/www.rassegnastampa-totustuus.it\\\/cattolica\\\/la-messa-divide-leuropa-dallamerica\\\/\",\"name\":\"La messa divide l'Europa dall'America - Rassegna Stampa Cattolica\",\"isPartOf\":{\"@id\":\"https:\\\/\\\/www.rassegnastampa-totustuus.it\\\/cattolica\\\/#website\"},\"primaryImageOfPage\":{\"@id\":\"https:\\\/\\\/www.rassegnastampa-totustuus.it\\\/cattolica\\\/la-messa-divide-leuropa-dallamerica\\\/#primaryimage\"},\"image\":{\"@id\":\"https:\\\/\\\/www.rassegnastampa-totustuus.it\\\/cattolica\\\/la-messa-divide-leuropa-dallamerica\\\/#primaryimage\"},\"thumbnailUrl\":\"https:\\\/\\\/www.rassegnastampa-totustuus.it\\\/cattolica\\\/wp-content\\\/uploads\\\/2006\\\/01\\\/Weigel_cover.jpg\",\"datePublished\":\"2006-01-04T23:00:00+00:00\",\"dateModified\":\"2016-03-22T09:52:09+00:00\",\"description\":\"Rassegna Stampa Cattolica - Per una cultura che nasce dalla Rivelazione cristiana in conformit\u00e0 alla tradizione e al Magistero della Chiesa in opposizione ad ogni relativismo e totalitarismo\",\"breadcrumb\":{\"@id\":\"https:\\\/\\\/www.rassegnastampa-totustuus.it\\\/cattolica\\\/la-messa-divide-leuropa-dallamerica\\\/#breadcrumb\"},\"inLanguage\":\"it-IT\",\"potentialAction\":[{\"@type\":\"ReadAction\",\"target\":[\"https:\\\/\\\/www.rassegnastampa-totustuus.it\\\/cattolica\\\/la-messa-divide-leuropa-dallamerica\\\/\"]}]},{\"@type\":\"ImageObject\",\"inLanguage\":\"it-IT\",\"@id\":\"https:\\\/\\\/www.rassegnastampa-totustuus.it\\\/cattolica\\\/la-messa-divide-leuropa-dallamerica\\\/#primaryimage\",\"url\":\"https:\\\/\\\/www.rassegnastampa-totustuus.it\\\/cattolica\\\/wp-content\\\/uploads\\\/2006\\\/01\\\/Weigel_cover.jpg\",\"contentUrl\":\"https:\\\/\\\/www.rassegnastampa-totustuus.it\\\/cattolica\\\/wp-content\\\/uploads\\\/2006\\\/01\\\/Weigel_cover.jpg\",\"width\":136,\"height\":210},{\"@type\":\"BreadcrumbList\",\"@id\":\"https:\\\/\\\/www.rassegnastampa-totustuus.it\\\/cattolica\\\/la-messa-divide-leuropa-dallamerica\\\/#breadcrumb\",\"itemListElement\":[{\"@type\":\"ListItem\",\"position\":1,\"name\":\"Home\",\"item\":\"https:\\\/\\\/www.rassegnastampa-totustuus.it\\\/cattolica\\\/\"},{\"@type\":\"ListItem\",\"position\":2,\"name\":\"La messa divide l&#8217;Europa dall&#8217;America\"}]},{\"@type\":\"WebSite\",\"@id\":\"https:\\\/\\\/www.rassegnastampa-totustuus.it\\\/cattolica\\\/#website\",\"url\":\"https:\\\/\\\/www.rassegnastampa-totustuus.it\\\/cattolica\\\/\",\"name\":\"Rassegna Stampa Cattolica\",\"description\":\"Per una cultura che nasce dalla Rivelazione cristiana in conformit\u00e0 alla tradizione e al Magistero della Chiesa in opposizione ad ogni relativismo e totalitarismo\",\"publisher\":{\"@id\":\"https:\\\/\\\/www.rassegnastampa-totustuus.it\\\/cattolica\\\/#organization\"},\"alternateName\":\"Rass. Cattolica\",\"potentialAction\":[{\"@type\":\"SearchAction\",\"target\":{\"@type\":\"EntryPoint\",\"urlTemplate\":\"https:\\\/\\\/www.rassegnastampa-totustuus.it\\\/cattolica\\\/?s={search_term_string}\"},\"query-input\":{\"@type\":\"PropertyValueSpecification\",\"valueRequired\":true,\"valueName\":\"search_term_string\"}}],\"inLanguage\":\"it-IT\"},{\"@type\":\"Organization\",\"@id\":\"https:\\\/\\\/www.rassegnastampa-totustuus.it\\\/cattolica\\\/#organization\",\"name\":\"Rassegna Stampa Cattolica\",\"url\":\"https:\\\/\\\/www.rassegnastampa-totustuus.it\\\/cattolica\\\/\",\"logo\":{\"@type\":\"ImageObject\",\"inLanguage\":\"it-IT\",\"@id\":\"https:\\\/\\\/www.rassegnastampa-totustuus.it\\\/cattolica\\\/#\\\/schema\\\/logo\\\/image\\\/\",\"url\":\"https:\\\/\\\/www.rassegnastampa-totustuus.it\\\/cattolica\\\/wp-content\\\/uploads\\\/2014\\\/04\\\/logo-rassegna1.gif\",\"contentUrl\":\"https:\\\/\\\/www.rassegnastampa-totustuus.it\\\/cattolica\\\/wp-content\\\/uploads\\\/2014\\\/04\\\/logo-rassegna1.gif\",\"width\":600,\"height\":163,\"caption\":\"Rassegna Stampa Cattolica\"},\"image\":{\"@id\":\"https:\\\/\\\/www.rassegnastampa-totustuus.it\\\/cattolica\\\/#\\\/schema\\\/logo\\\/image\\\/\"},\"sameAs\":[\"https:\\\/\\\/www.facebook.com\\\/rassegnastampacattolica\",\"https:\\\/\\\/x.com\\\/rassegnastampa9\"]},{\"@type\":\"Person\",\"@id\":\"https:\\\/\\\/www.rassegnastampa-totustuus.it\\\/cattolica\\\/#\\\/schema\\\/person\\\/08f319d2bd1a0904ad9e2bfb7b15e5c3\",\"name\":\"Redazione\",\"image\":{\"@type\":\"ImageObject\",\"inLanguage\":\"it-IT\",\"@id\":\"https:\\\/\\\/secure.gravatar.com\\\/avatar\\\/2fcdf27c78ea025fbdb44e914cc63c72249ffec9dc8aafd5c82b26240ef3f346?s=96&d=mm&r=g\",\"url\":\"https:\\\/\\\/secure.gravatar.com\\\/avatar\\\/2fcdf27c78ea025fbdb44e914cc63c72249ffec9dc8aafd5c82b26240ef3f346?s=96&d=mm&r=g\",\"contentUrl\":\"https:\\\/\\\/secure.gravatar.com\\\/avatar\\\/2fcdf27c78ea025fbdb44e914cc63c72249ffec9dc8aafd5c82b26240ef3f346?s=96&d=mm&r=g\",\"caption\":\"Redazione\"},\"url\":\"https:\\\/\\\/www.rassegnastampa-totustuus.it\\\/cattolica\\\/author\\\/pietroelle\\\/\"}]}<\/script>\n<!-- \/ Yoast SEO plugin. -->","yoast_head_json":{"title":"La messa divide l'Europa dall'America - Rassegna Stampa Cattolica","description":"Rassegna Stampa Cattolica - Per una cultura che nasce dalla Rivelazione cristiana in conformit\u00e0 alla tradizione e al Magistero della Chiesa in opposizione ad ogni relativismo e totalitarismo","robots":{"index":"index","follow":"follow","max-snippet":"max-snippet:-1","max-image-preview":"max-image-preview:large","max-video-preview":"max-video-preview:-1"},"canonical":"https:\/\/www.rassegnastampa-totustuus.it\/cattolica\/la-messa-divide-leuropa-dallamerica\/","og_locale":"it_IT","og_type":"article","og_title":"La messa divide l'Europa dall'America - Rassegna Stampa Cattolica","og_description":"Rassegna Stampa Cattolica - Per una cultura che nasce dalla Rivelazione cristiana in conformit\u00e0 alla tradizione e al Magistero della Chiesa in opposizione ad ogni relativismo e totalitarismo","og_url":"https:\/\/www.rassegnastampa-totustuus.it\/cattolica\/la-messa-divide-leuropa-dallamerica\/","og_site_name":"Rassegna Stampa Cattolica","article_publisher":"https:\/\/www.facebook.com\/rassegnastampacattolica","article_published_time":"2006-01-04T23:00:00+00:00","article_modified_time":"2016-03-22T09:52:09+00:00","og_image":[{"width":136,"height":210,"url":"https:\/\/www.rassegnastampa-totustuus.it\/cattolica\/wp-content\/uploads\/2006\/01\/Weigel_cover.jpg","type":"image\/jpeg"}],"author":"Redazione","twitter_card":"summary_large_image","twitter_creator":"@rassegnastampa9","twitter_site":"@rassegnastampa9","twitter_misc":{"Scritto da":"Redazione","Tempo di lettura stimato":"3 minuti"},"schema":{"@context":"https:\/\/schema.org","@graph":[{"@type":"Article","@id":"https:\/\/www.rassegnastampa-totustuus.it\/cattolica\/la-messa-divide-leuropa-dallamerica\/#article","isPartOf":{"@id":"https:\/\/www.rassegnastampa-totustuus.it\/cattolica\/la-messa-divide-leuropa-dallamerica\/"},"author":{"name":"Redazione","@id":"https:\/\/www.rassegnastampa-totustuus.it\/cattolica\/#\/schema\/person\/08f319d2bd1a0904ad9e2bfb7b15e5c3"},"headline":"La messa divide l&#8217;Europa dall&#8217;America","datePublished":"2006-01-04T23:00:00+00:00","dateModified":"2016-03-22T09:52:09+00:00","mainEntityOfPage":{"@id":"https:\/\/www.rassegnastampa-totustuus.it\/cattolica\/la-messa-divide-leuropa-dallamerica\/"},"wordCount":675,"publisher":{"@id":"https:\/\/www.rassegnastampa-totustuus.it\/cattolica\/#organization"},"image":{"@id":"https:\/\/www.rassegnastampa-totustuus.it\/cattolica\/la-messa-divide-leuropa-dallamerica\/#primaryimage"},"thumbnailUrl":"https:\/\/www.rassegnastampa-totustuus.it\/cattolica\/wp-content\/uploads\/2006\/01\/Weigel_cover.jpg","keywords":["Il Cubo e la cattedrale"],"articleSection":["Europa e UE","Libri","Storia"],"inLanguage":"it-IT"},{"@type":"WebPage","@id":"https:\/\/www.rassegnastampa-totustuus.it\/cattolica\/la-messa-divide-leuropa-dallamerica\/","url":"https:\/\/www.rassegnastampa-totustuus.it\/cattolica\/la-messa-divide-leuropa-dallamerica\/","name":"La messa divide l'Europa dall'America - Rassegna Stampa Cattolica","isPartOf":{"@id":"https:\/\/www.rassegnastampa-totustuus.it\/cattolica\/#website"},"primaryImageOfPage":{"@id":"https:\/\/www.rassegnastampa-totustuus.it\/cattolica\/la-messa-divide-leuropa-dallamerica\/#primaryimage"},"image":{"@id":"https:\/\/www.rassegnastampa-totustuus.it\/cattolica\/la-messa-divide-leuropa-dallamerica\/#primaryimage"},"thumbnailUrl":"https:\/\/www.rassegnastampa-totustuus.it\/cattolica\/wp-content\/uploads\/2006\/01\/Weigel_cover.jpg","datePublished":"2006-01-04T23:00:00+00:00","dateModified":"2016-03-22T09:52:09+00:00","description":"Rassegna Stampa Cattolica - Per una cultura che nasce dalla Rivelazione cristiana in conformit\u00e0 alla tradizione e al Magistero della Chiesa in opposizione ad ogni relativismo e totalitarismo","breadcrumb":{"@id":"https:\/\/www.rassegnastampa-totustuus.it\/cattolica\/la-messa-divide-leuropa-dallamerica\/#breadcrumb"},"inLanguage":"it-IT","potentialAction":[{"@type":"ReadAction","target":["https:\/\/www.rassegnastampa-totustuus.it\/cattolica\/la-messa-divide-leuropa-dallamerica\/"]}]},{"@type":"ImageObject","inLanguage":"it-IT","@id":"https:\/\/www.rassegnastampa-totustuus.it\/cattolica\/la-messa-divide-leuropa-dallamerica\/#primaryimage","url":"https:\/\/www.rassegnastampa-totustuus.it\/cattolica\/wp-content\/uploads\/2006\/01\/Weigel_cover.jpg","contentUrl":"https:\/\/www.rassegnastampa-totustuus.it\/cattolica\/wp-content\/uploads\/2006\/01\/Weigel_cover.jpg","width":136,"height":210},{"@type":"BreadcrumbList","@id":"https:\/\/www.rassegnastampa-totustuus.it\/cattolica\/la-messa-divide-leuropa-dallamerica\/#breadcrumb","itemListElement":[{"@type":"ListItem","position":1,"name":"Home","item":"https:\/\/www.rassegnastampa-totustuus.it\/cattolica\/"},{"@type":"ListItem","position":2,"name":"La messa divide l&#8217;Europa dall&#8217;America"}]},{"@type":"WebSite","@id":"https:\/\/www.rassegnastampa-totustuus.it\/cattolica\/#website","url":"https:\/\/www.rassegnastampa-totustuus.it\/cattolica\/","name":"Rassegna Stampa Cattolica","description":"Per una cultura che nasce dalla Rivelazione cristiana in conformit\u00e0 alla tradizione e al Magistero della Chiesa in opposizione ad ogni relativismo e totalitarismo","publisher":{"@id":"https:\/\/www.rassegnastampa-totustuus.it\/cattolica\/#organization"},"alternateName":"Rass. Cattolica","potentialAction":[{"@type":"SearchAction","target":{"@type":"EntryPoint","urlTemplate":"https:\/\/www.rassegnastampa-totustuus.it\/cattolica\/?s={search_term_string}"},"query-input":{"@type":"PropertyValueSpecification","valueRequired":true,"valueName":"search_term_string"}}],"inLanguage":"it-IT"},{"@type":"Organization","@id":"https:\/\/www.rassegnastampa-totustuus.it\/cattolica\/#organization","name":"Rassegna Stampa Cattolica","url":"https:\/\/www.rassegnastampa-totustuus.it\/cattolica\/","logo":{"@type":"ImageObject","inLanguage":"it-IT","@id":"https:\/\/www.rassegnastampa-totustuus.it\/cattolica\/#\/schema\/logo\/image\/","url":"https:\/\/www.rassegnastampa-totustuus.it\/cattolica\/wp-content\/uploads\/2014\/04\/logo-rassegna1.gif","contentUrl":"https:\/\/www.rassegnastampa-totustuus.it\/cattolica\/wp-content\/uploads\/2014\/04\/logo-rassegna1.gif","width":600,"height":163,"caption":"Rassegna Stampa Cattolica"},"image":{"@id":"https:\/\/www.rassegnastampa-totustuus.it\/cattolica\/#\/schema\/logo\/image\/"},"sameAs":["https:\/\/www.facebook.com\/rassegnastampacattolica","https:\/\/x.com\/rassegnastampa9"]},{"@type":"Person","@id":"https:\/\/www.rassegnastampa-totustuus.it\/cattolica\/#\/schema\/person\/08f319d2bd1a0904ad9e2bfb7b15e5c3","name":"Redazione","image":{"@type":"ImageObject","inLanguage":"it-IT","@id":"https:\/\/secure.gravatar.com\/avatar\/2fcdf27c78ea025fbdb44e914cc63c72249ffec9dc8aafd5c82b26240ef3f346?s=96&d=mm&r=g","url":"https:\/\/secure.gravatar.com\/avatar\/2fcdf27c78ea025fbdb44e914cc63c72249ffec9dc8aafd5c82b26240ef3f346?s=96&d=mm&r=g","contentUrl":"https:\/\/secure.gravatar.com\/avatar\/2fcdf27c78ea025fbdb44e914cc63c72249ffec9dc8aafd5c82b26240ef3f346?s=96&d=mm&r=g","caption":"Redazione"},"url":"https:\/\/www.rassegnastampa-totustuus.it\/cattolica\/author\/pietroelle\/"}]}},"_links":{"self":[{"href":"https:\/\/www.rassegnastampa-totustuus.it\/cattolica\/wp-json\/wp\/v2\/posts\/1776","targetHints":{"allow":["GET"]}}],"collection":[{"href":"https:\/\/www.rassegnastampa-totustuus.it\/cattolica\/wp-json\/wp\/v2\/posts"}],"about":[{"href":"https:\/\/www.rassegnastampa-totustuus.it\/cattolica\/wp-json\/wp\/v2\/types\/post"}],"author":[{"embeddable":true,"href":"https:\/\/www.rassegnastampa-totustuus.it\/cattolica\/wp-json\/wp\/v2\/users\/6"}],"replies":[{"embeddable":true,"href":"https:\/\/www.rassegnastampa-totustuus.it\/cattolica\/wp-json\/wp\/v2\/comments?post=1776"}],"version-history":[{"count":4,"href":"https:\/\/www.rassegnastampa-totustuus.it\/cattolica\/wp-json\/wp\/v2\/posts\/1776\/revisions"}],"predecessor-version":[{"id":32005,"href":"https:\/\/www.rassegnastampa-totustuus.it\/cattolica\/wp-json\/wp\/v2\/posts\/1776\/revisions\/32005"}],"wp:featuredmedia":[{"embeddable":true,"href":"https:\/\/www.rassegnastampa-totustuus.it\/cattolica\/wp-json\/wp\/v2\/media\/32004"}],"wp:attachment":[{"href":"https:\/\/www.rassegnastampa-totustuus.it\/cattolica\/wp-json\/wp\/v2\/media?parent=1776"}],"wp:term":[{"taxonomy":"category","embeddable":true,"href":"https:\/\/www.rassegnastampa-totustuus.it\/cattolica\/wp-json\/wp\/v2\/categories?post=1776"},{"taxonomy":"post_tag","embeddable":true,"href":"https:\/\/www.rassegnastampa-totustuus.it\/cattolica\/wp-json\/wp\/v2\/tags?post=1776"}],"curies":[{"name":"wp","href":"https:\/\/api.w.org\/{rel}","templated":true}]}}