{"id":1773,"date":"2006-01-05T00:00:00","date_gmt":"2006-01-04T23:00:00","guid":{"rendered":""},"modified":"2016-04-18T11:31:26","modified_gmt":"2016-04-18T09:31:26","slug":"il-canto-gregoriano-dovrebbe-essere-recuperato","status":"publish","type":"post","link":"https:\/\/www.rassegnastampa-totustuus.it\/cattolica\/il-canto-gregoriano-dovrebbe-essere-recuperato\/","title":{"rendered":"&#8216;Il canto gregoriano dovrebbe essere recuperato&#8217;"},"content":{"rendered":"<div style=\"text-align: center;\"><strong><img loading=\"lazy\" decoding=\"async\" class=\"alignleft wp-image-32952\" src=\"https:\/\/www.rassegnastampa-totustuus.it\/cattolica\/wp-content\/uploads\/2006\/01\/gregoriano.jpg\" alt=\"gregoriano\" width=\"250\" height=\"159\" \/>ZENIT &#8211; Il mondo visto da Roma<\/strong>\u00a0 Servizio quotidiano\u00a0 &#8211; 21 dicembre 2005<\/div>\n<p style=\"text-align: justify;\"><em>Intervista a Valent\u00ed Miserachs Grau, presidente del Pontificio Istituto di musica sacra<\/em><\/p>\n<p><!--more--><\/p>\n<div style=\"text-align: justify;\">CITT\u00c0 DEL VATICANO, Il canto gregoriano \u00e8 stato \u201cingiustamente\u201d abbandonato e sarebbe opportuno che tornasse a ricoprire un ruolo primario nella vita della Chiesa. In questi termini si \u00e8 espresso monsignor Valent\u00ed Miserachs Grau in un incontro organizzato in Vaticano dalla Congregazione per il Culto Divino e la Disciplina dei Sacramenti.<\/div>\n<p style=\"text-align: justify;\">Monsignor Miserachs Grau, musicista spagnolo, \u00e8 Presidente del Pontificio Istituto di Musica Sacra dal 1995, nonch\u00e9 Canonico e Maestro di cappella della Basilica di Santa Maria Maggiore di Roma. Miserachs, nato nella localit\u00e0 catalana di Sant Mart\u00ed de Sesgueioles ha composto pi\u00f9 di 2.000 opere. Tra le onorificenze conferitegli figurano la Encomienda de Alfonso X el Sabio e la croce \u201cPro piis meritis\u201d dell\u2019Ordine di Malta. ZENIT lo ha intervistato nella sede del Pontificio Istituto di Musica Sacra per comprendere cosa sia successo al canto gregoriano e come sia possibile recuperarlo.<\/p>\n<p style=\"text-align: justify;\"><strong>In una giornata dedicata al canto gregoriano, che si \u00e8 svolta in Vaticano, il suo appello al recupero di questa forma liturgica \u00e8 stato molto apprezzato. Significa che esiste un consenso per procedere in questa direzione?<br \/>\n<\/strong><\/p>\n<p style=\"text-align: justify;\">A mio avviso significa che vi \u00e8 un\u2019opinione generalizzata che esprime l\u2019esigenza di recuperare l\u2019uso del latino e del canto gregoriano, che \u00e8 un canto proprio della Chiesa. Il canto gregoriano \u00e8 stato abbandonato e lasciato ai concerti e ai compact disc, mentre il suo ruolo precipuo era ed \u00e8 nella liturgia.<\/p>\n<p style=\"text-align: justify;\"><strong>Non le sembra giusto che nel contesto del XXI secolo la musica della Chiesa non sia solo quella del canto gregoriano?<br \/>\n<\/strong><\/p>\n<p style=\"text-align: justify;\">Io credo che i nuovi generi musicali, nella gran parte dei casi, non hanno saputo o non hanno potuto affermarsi come tradizione irrinunciabile della Chiesa, procurando cos\u00ec un impoverimento generale. A me risulta incomprensibile il fatto che, soprattutto nei Paesi latini, negli ultimi quarant\u2019anni siano stati messi da parte sia l\u2019uso del latino sia il canto gregoriano. Il latino e il canto gregoriano, pur parte integrante della tradizione, sono stati tagliati fuori.<\/p>\n<p style=\"text-align: justify;\">\u00c8 come se avessero tagliato via le radici, ora che si parla tanto di radici. Con l\u2019abbandono del canto gregoriano si sono create le condizioni per il proliferare di nuovi prodotti musicali che molte volte non hanno la qualit\u00e0 tecnica sufficiente. Quando ce l\u2019hanno possono ben stare accanto al canto gregoriano, perch\u00e9 no?<\/p>\n<p style=\"text-align: justify;\"><strong>Perch\u00e9 non viene valorizzata la capacit\u00e0 dei fedeli di imparare le melodie in latino?<\/strong><\/p>\n<p style=\"text-align: justify;\">Si \u00e8 pensato che erano incapaci di farlo, ma questo \u00e8 falso. La gente prima sapeva cantare in latino i canti fondamentali, mentre oggi sembra che ci si stia impegnando per disimparare ci\u00f2 che gi\u00e0 si conosceva. Ovviamente non \u00e8 possibile riproporre l&#8217;intero repertorio che consta di 5.000 brani. In materia di canto liturgico il popolo non pu\u00f2 essere l&#8217;unico protagonista: \u00e8 necessario rispettare l&#8217;ordine delle cose in cui i fedeli cantano ci\u00f2 che devono cantare e il resto spetta alla &#8220;schola&#8221;, al cantore, al salmista ed chiaramente al celebrante.<\/p>\n<p style=\"text-align: justify;\">Per rilanciare il canto gregoriano in assemblea, si pu\u00f2 iniziare ricordando il &#8220;Padre Nostro&#8221;, il &#8220;Kyrie&#8221;, il &#8220;Sanctus&#8221; e &#8220;l&#8217;Agnus Dei&#8221;. I fedeli, se vengono invitati e gli si d\u00e0 lo spartito, con qualche esercitazione sono perfettamente in grado di seguire e cantare le melodie gregoriane semplici, anche se fosse la prima volta che le sentono. Cos\u00ec come si impara a cantare il repertorio gregoriano \u00e8 possibile imparare i canti nelle lingue correnti, ovviamente quelli che siano degni di essere affiancati al repertorio gregoriano.<\/p>\n<p style=\"text-align: justify;\"><strong>Secondo lei viene dedicata sufficiente attenzione alla musica sacra nella Chiesa?<\/strong><\/p>\n<p style=\"text-align: justify;\">No. Peraltro da molto tempo si sta insistendo su questo punto. Il nostro Istituto fa il suo lavoro, ma \u00e8 un&#8217;istituzione accademica, non normativa e non ha competenza in questo senso. Occorrerebbe la supervisione diretta di un ente del Vaticano sulla musica sacra; \u00e8 una necessit\u00e0. Giovanni Paolo II ha ricordato che l&#8217;aspetto musicale delle celebrazioni liturgiche non pu\u00f2 lasciare spazio ad imporovvisazione o al libero arbitrio delle singole persone, ma deve affidarsi ad una direzione concertata e al rispetto delle norme. Siamo in attesa di indicazioni ufficiali e questo compete alla Chiesa di Roma, alla Santa Sede.<\/p>\n","protected":false},"excerpt":{"rendered":"<p>ZENIT &#8211; Il mondo visto da Roma\u00a0 Servizio quotidiano\u00a0 &#8211; 21 dicembre 2005 Intervista a Valent\u00ed Miserachs Grau, presidente del Pontificio Istituto di musica sacra<\/p><p><a class=\"more-link btn\" href=\"https:\/\/www.rassegnastampa-totustuus.it\/cattolica\/il-canto-gregoriano-dovrebbe-essere-recuperato\/\">Continua a leggere<\/a><\/p>\n","protected":false},"author":6,"featured_media":32952,"comment_status":"closed","ping_status":"open","sticky":false,"template":"","format":"standard","meta":{"footnotes":""},"categories":[5,115],"tags":[1176],"class_list":["post-1773","post","type-post","status-publish","format-standard","has-post-thumbnail","hentry","category-chiesa","category-liturgia","tag-canto-gregoriano","item-wrap"],"yoast_head":"<!-- This site is optimized with the Yoast SEO plugin v27.5 - https:\/\/yoast.com\/product\/yoast-seo-wordpress\/ -->\n<title>&#039;Il canto gregoriano dovrebbe essere recuperato&#039; - Rassegna Stampa Cattolica<\/title>\n<meta name=\"description\" content=\"Rassegna Stampa Cattolica - Per una cultura che nasce dalla Rivelazione cristiana in conformit\u00e0 alla tradizione e al Magistero della Chiesa in opposizione ad ogni relativismo e totalitarismo\" \/>\n<meta name=\"robots\" content=\"index, follow, max-snippet:-1, max-image-preview:large, max-video-preview:-1\" \/>\n<link rel=\"canonical\" href=\"https:\/\/www.rassegnastampa-totustuus.it\/cattolica\/il-canto-gregoriano-dovrebbe-essere-recuperato\/\" \/>\n<meta property=\"og:locale\" content=\"it_IT\" \/>\n<meta property=\"og:type\" content=\"article\" \/>\n<meta property=\"og:title\" content=\"&#039;Il canto gregoriano dovrebbe essere recuperato&#039; - Rassegna Stampa Cattolica\" \/>\n<meta property=\"og:description\" content=\"Rassegna Stampa Cattolica - Per una cultura che nasce dalla Rivelazione cristiana in conformit\u00e0 alla tradizione e al Magistero della Chiesa in opposizione ad ogni relativismo e totalitarismo\" \/>\n<meta property=\"og:url\" content=\"https:\/\/www.rassegnastampa-totustuus.it\/cattolica\/il-canto-gregoriano-dovrebbe-essere-recuperato\/\" \/>\n<meta property=\"og:site_name\" content=\"Rassegna Stampa Cattolica\" \/>\n<meta property=\"article:publisher\" content=\"https:\/\/www.facebook.com\/rassegnastampacattolica\" \/>\n<meta property=\"article:published_time\" content=\"2006-01-04T23:00:00+00:00\" \/>\n<meta property=\"article:modified_time\" content=\"2016-04-18T09:31:26+00:00\" \/>\n<meta property=\"og:image\" content=\"https:\/\/www.rassegnastampa-totustuus.it\/cattolica\/wp-content\/uploads\/2006\/01\/gregoriano.jpg\" \/>\n\t<meta property=\"og:image:width\" content=\"281\" \/>\n\t<meta property=\"og:image:height\" content=\"179\" \/>\n\t<meta property=\"og:image:type\" content=\"image\/jpeg\" \/>\n<meta name=\"author\" content=\"Redazione\" \/>\n<meta name=\"twitter:card\" content=\"summary_large_image\" \/>\n<meta name=\"twitter:creator\" content=\"@rassegnastampa9\" \/>\n<meta name=\"twitter:site\" content=\"@rassegnastampa9\" \/>\n<meta name=\"twitter:label1\" content=\"Scritto da\" \/>\n\t<meta name=\"twitter:data1\" content=\"Redazione\" \/>\n\t<meta name=\"twitter:label2\" content=\"Tempo di lettura stimato\" \/>\n\t<meta name=\"twitter:data2\" content=\"3 minuti\" \/>\n<script type=\"application\/ld+json\" class=\"yoast-schema-graph\">{\"@context\":\"https:\\\/\\\/schema.org\",\"@graph\":[{\"@type\":\"Article\",\"@id\":\"https:\\\/\\\/www.rassegnastampa-totustuus.it\\\/cattolica\\\/il-canto-gregoriano-dovrebbe-essere-recuperato\\\/#article\",\"isPartOf\":{\"@id\":\"https:\\\/\\\/www.rassegnastampa-totustuus.it\\\/cattolica\\\/il-canto-gregoriano-dovrebbe-essere-recuperato\\\/\"},\"author\":{\"name\":\"Redazione\",\"@id\":\"https:\\\/\\\/www.rassegnastampa-totustuus.it\\\/cattolica\\\/#\\\/schema\\\/person\\\/08f319d2bd1a0904ad9e2bfb7b15e5c3\"},\"headline\":\"&#8216;Il canto gregoriano dovrebbe essere recuperato&#8217;\",\"datePublished\":\"2006-01-04T23:00:00+00:00\",\"dateModified\":\"2016-04-18T09:31:26+00:00\",\"mainEntityOfPage\":{\"@id\":\"https:\\\/\\\/www.rassegnastampa-totustuus.it\\\/cattolica\\\/il-canto-gregoriano-dovrebbe-essere-recuperato\\\/\"},\"wordCount\":696,\"publisher\":{\"@id\":\"https:\\\/\\\/www.rassegnastampa-totustuus.it\\\/cattolica\\\/#organization\"},\"image\":{\"@id\":\"https:\\\/\\\/www.rassegnastampa-totustuus.it\\\/cattolica\\\/il-canto-gregoriano-dovrebbe-essere-recuperato\\\/#primaryimage\"},\"thumbnailUrl\":\"https:\\\/\\\/www.rassegnastampa-totustuus.it\\\/cattolica\\\/wp-content\\\/uploads\\\/2006\\\/01\\\/gregoriano.jpg\",\"keywords\":[\"canto gregoriano\"],\"articleSection\":[\"Chiesa\",\"Liturgia\"],\"inLanguage\":\"it-IT\"},{\"@type\":\"WebPage\",\"@id\":\"https:\\\/\\\/www.rassegnastampa-totustuus.it\\\/cattolica\\\/il-canto-gregoriano-dovrebbe-essere-recuperato\\\/\",\"url\":\"https:\\\/\\\/www.rassegnastampa-totustuus.it\\\/cattolica\\\/il-canto-gregoriano-dovrebbe-essere-recuperato\\\/\",\"name\":\"'Il canto gregoriano dovrebbe essere recuperato' - Rassegna Stampa Cattolica\",\"isPartOf\":{\"@id\":\"https:\\\/\\\/www.rassegnastampa-totustuus.it\\\/cattolica\\\/#website\"},\"primaryImageOfPage\":{\"@id\":\"https:\\\/\\\/www.rassegnastampa-totustuus.it\\\/cattolica\\\/il-canto-gregoriano-dovrebbe-essere-recuperato\\\/#primaryimage\"},\"image\":{\"@id\":\"https:\\\/\\\/www.rassegnastampa-totustuus.it\\\/cattolica\\\/il-canto-gregoriano-dovrebbe-essere-recuperato\\\/#primaryimage\"},\"thumbnailUrl\":\"https:\\\/\\\/www.rassegnastampa-totustuus.it\\\/cattolica\\\/wp-content\\\/uploads\\\/2006\\\/01\\\/gregoriano.jpg\",\"datePublished\":\"2006-01-04T23:00:00+00:00\",\"dateModified\":\"2016-04-18T09:31:26+00:00\",\"description\":\"Rassegna Stampa Cattolica - Per una cultura che nasce dalla Rivelazione cristiana in conformit\u00e0 alla tradizione e al Magistero della Chiesa in opposizione ad ogni relativismo e totalitarismo\",\"breadcrumb\":{\"@id\":\"https:\\\/\\\/www.rassegnastampa-totustuus.it\\\/cattolica\\\/il-canto-gregoriano-dovrebbe-essere-recuperato\\\/#breadcrumb\"},\"inLanguage\":\"it-IT\",\"potentialAction\":[{\"@type\":\"ReadAction\",\"target\":[\"https:\\\/\\\/www.rassegnastampa-totustuus.it\\\/cattolica\\\/il-canto-gregoriano-dovrebbe-essere-recuperato\\\/\"]}]},{\"@type\":\"ImageObject\",\"inLanguage\":\"it-IT\",\"@id\":\"https:\\\/\\\/www.rassegnastampa-totustuus.it\\\/cattolica\\\/il-canto-gregoriano-dovrebbe-essere-recuperato\\\/#primaryimage\",\"url\":\"https:\\\/\\\/www.rassegnastampa-totustuus.it\\\/cattolica\\\/wp-content\\\/uploads\\\/2006\\\/01\\\/gregoriano.jpg\",\"contentUrl\":\"https:\\\/\\\/www.rassegnastampa-totustuus.it\\\/cattolica\\\/wp-content\\\/uploads\\\/2006\\\/01\\\/gregoriano.jpg\",\"width\":281,\"height\":179},{\"@type\":\"BreadcrumbList\",\"@id\":\"https:\\\/\\\/www.rassegnastampa-totustuus.it\\\/cattolica\\\/il-canto-gregoriano-dovrebbe-essere-recuperato\\\/#breadcrumb\",\"itemListElement\":[{\"@type\":\"ListItem\",\"position\":1,\"name\":\"Home\",\"item\":\"https:\\\/\\\/www.rassegnastampa-totustuus.it\\\/cattolica\\\/\"},{\"@type\":\"ListItem\",\"position\":2,\"name\":\"&#8216;Il canto gregoriano dovrebbe essere recuperato&#8217;\"}]},{\"@type\":\"WebSite\",\"@id\":\"https:\\\/\\\/www.rassegnastampa-totustuus.it\\\/cattolica\\\/#website\",\"url\":\"https:\\\/\\\/www.rassegnastampa-totustuus.it\\\/cattolica\\\/\",\"name\":\"Rassegna Stampa Cattolica\",\"description\":\"Per una cultura che nasce dalla Rivelazione cristiana in conformit\u00e0 alla tradizione e al Magistero della Chiesa in opposizione ad ogni relativismo e totalitarismo\",\"publisher\":{\"@id\":\"https:\\\/\\\/www.rassegnastampa-totustuus.it\\\/cattolica\\\/#organization\"},\"alternateName\":\"Rass. Cattolica\",\"potentialAction\":[{\"@type\":\"SearchAction\",\"target\":{\"@type\":\"EntryPoint\",\"urlTemplate\":\"https:\\\/\\\/www.rassegnastampa-totustuus.it\\\/cattolica\\\/?s={search_term_string}\"},\"query-input\":{\"@type\":\"PropertyValueSpecification\",\"valueRequired\":true,\"valueName\":\"search_term_string\"}}],\"inLanguage\":\"it-IT\"},{\"@type\":\"Organization\",\"@id\":\"https:\\\/\\\/www.rassegnastampa-totustuus.it\\\/cattolica\\\/#organization\",\"name\":\"Rassegna Stampa Cattolica\",\"url\":\"https:\\\/\\\/www.rassegnastampa-totustuus.it\\\/cattolica\\\/\",\"logo\":{\"@type\":\"ImageObject\",\"inLanguage\":\"it-IT\",\"@id\":\"https:\\\/\\\/www.rassegnastampa-totustuus.it\\\/cattolica\\\/#\\\/schema\\\/logo\\\/image\\\/\",\"url\":\"https:\\\/\\\/www.rassegnastampa-totustuus.it\\\/cattolica\\\/wp-content\\\/uploads\\\/2014\\\/04\\\/logo-rassegna1.gif\",\"contentUrl\":\"https:\\\/\\\/www.rassegnastampa-totustuus.it\\\/cattolica\\\/wp-content\\\/uploads\\\/2014\\\/04\\\/logo-rassegna1.gif\",\"width\":600,\"height\":163,\"caption\":\"Rassegna Stampa Cattolica\"},\"image\":{\"@id\":\"https:\\\/\\\/www.rassegnastampa-totustuus.it\\\/cattolica\\\/#\\\/schema\\\/logo\\\/image\\\/\"},\"sameAs\":[\"https:\\\/\\\/www.facebook.com\\\/rassegnastampacattolica\",\"https:\\\/\\\/x.com\\\/rassegnastampa9\"]},{\"@type\":\"Person\",\"@id\":\"https:\\\/\\\/www.rassegnastampa-totustuus.it\\\/cattolica\\\/#\\\/schema\\\/person\\\/08f319d2bd1a0904ad9e2bfb7b15e5c3\",\"name\":\"Redazione\",\"image\":{\"@type\":\"ImageObject\",\"inLanguage\":\"it-IT\",\"@id\":\"https:\\\/\\\/secure.gravatar.com\\\/avatar\\\/2fcdf27c78ea025fbdb44e914cc63c72249ffec9dc8aafd5c82b26240ef3f346?s=96&d=mm&r=g\",\"url\":\"https:\\\/\\\/secure.gravatar.com\\\/avatar\\\/2fcdf27c78ea025fbdb44e914cc63c72249ffec9dc8aafd5c82b26240ef3f346?s=96&d=mm&r=g\",\"contentUrl\":\"https:\\\/\\\/secure.gravatar.com\\\/avatar\\\/2fcdf27c78ea025fbdb44e914cc63c72249ffec9dc8aafd5c82b26240ef3f346?s=96&d=mm&r=g\",\"caption\":\"Redazione\"},\"url\":\"https:\\\/\\\/www.rassegnastampa-totustuus.it\\\/cattolica\\\/author\\\/pietroelle\\\/\"}]}<\/script>\n<!-- \/ Yoast SEO plugin. -->","yoast_head_json":{"title":"'Il canto gregoriano dovrebbe essere recuperato' - Rassegna Stampa Cattolica","description":"Rassegna Stampa Cattolica - Per una cultura che nasce dalla Rivelazione cristiana in conformit\u00e0 alla tradizione e al Magistero della Chiesa in opposizione ad ogni relativismo e totalitarismo","robots":{"index":"index","follow":"follow","max-snippet":"max-snippet:-1","max-image-preview":"max-image-preview:large","max-video-preview":"max-video-preview:-1"},"canonical":"https:\/\/www.rassegnastampa-totustuus.it\/cattolica\/il-canto-gregoriano-dovrebbe-essere-recuperato\/","og_locale":"it_IT","og_type":"article","og_title":"'Il canto gregoriano dovrebbe essere recuperato' - Rassegna Stampa Cattolica","og_description":"Rassegna Stampa Cattolica - Per una cultura che nasce dalla Rivelazione cristiana in conformit\u00e0 alla tradizione e al Magistero della Chiesa in opposizione ad ogni relativismo e totalitarismo","og_url":"https:\/\/www.rassegnastampa-totustuus.it\/cattolica\/il-canto-gregoriano-dovrebbe-essere-recuperato\/","og_site_name":"Rassegna Stampa Cattolica","article_publisher":"https:\/\/www.facebook.com\/rassegnastampacattolica","article_published_time":"2006-01-04T23:00:00+00:00","article_modified_time":"2016-04-18T09:31:26+00:00","og_image":[{"width":281,"height":179,"url":"https:\/\/www.rassegnastampa-totustuus.it\/cattolica\/wp-content\/uploads\/2006\/01\/gregoriano.jpg","type":"image\/jpeg"}],"author":"Redazione","twitter_card":"summary_large_image","twitter_creator":"@rassegnastampa9","twitter_site":"@rassegnastampa9","twitter_misc":{"Scritto da":"Redazione","Tempo di lettura stimato":"3 minuti"},"schema":{"@context":"https:\/\/schema.org","@graph":[{"@type":"Article","@id":"https:\/\/www.rassegnastampa-totustuus.it\/cattolica\/il-canto-gregoriano-dovrebbe-essere-recuperato\/#article","isPartOf":{"@id":"https:\/\/www.rassegnastampa-totustuus.it\/cattolica\/il-canto-gregoriano-dovrebbe-essere-recuperato\/"},"author":{"name":"Redazione","@id":"https:\/\/www.rassegnastampa-totustuus.it\/cattolica\/#\/schema\/person\/08f319d2bd1a0904ad9e2bfb7b15e5c3"},"headline":"&#8216;Il canto gregoriano dovrebbe essere recuperato&#8217;","datePublished":"2006-01-04T23:00:00+00:00","dateModified":"2016-04-18T09:31:26+00:00","mainEntityOfPage":{"@id":"https:\/\/www.rassegnastampa-totustuus.it\/cattolica\/il-canto-gregoriano-dovrebbe-essere-recuperato\/"},"wordCount":696,"publisher":{"@id":"https:\/\/www.rassegnastampa-totustuus.it\/cattolica\/#organization"},"image":{"@id":"https:\/\/www.rassegnastampa-totustuus.it\/cattolica\/il-canto-gregoriano-dovrebbe-essere-recuperato\/#primaryimage"},"thumbnailUrl":"https:\/\/www.rassegnastampa-totustuus.it\/cattolica\/wp-content\/uploads\/2006\/01\/gregoriano.jpg","keywords":["canto gregoriano"],"articleSection":["Chiesa","Liturgia"],"inLanguage":"it-IT"},{"@type":"WebPage","@id":"https:\/\/www.rassegnastampa-totustuus.it\/cattolica\/il-canto-gregoriano-dovrebbe-essere-recuperato\/","url":"https:\/\/www.rassegnastampa-totustuus.it\/cattolica\/il-canto-gregoriano-dovrebbe-essere-recuperato\/","name":"'Il canto gregoriano dovrebbe essere recuperato' - Rassegna Stampa Cattolica","isPartOf":{"@id":"https:\/\/www.rassegnastampa-totustuus.it\/cattolica\/#website"},"primaryImageOfPage":{"@id":"https:\/\/www.rassegnastampa-totustuus.it\/cattolica\/il-canto-gregoriano-dovrebbe-essere-recuperato\/#primaryimage"},"image":{"@id":"https:\/\/www.rassegnastampa-totustuus.it\/cattolica\/il-canto-gregoriano-dovrebbe-essere-recuperato\/#primaryimage"},"thumbnailUrl":"https:\/\/www.rassegnastampa-totustuus.it\/cattolica\/wp-content\/uploads\/2006\/01\/gregoriano.jpg","datePublished":"2006-01-04T23:00:00+00:00","dateModified":"2016-04-18T09:31:26+00:00","description":"Rassegna Stampa Cattolica - Per una cultura che nasce dalla Rivelazione cristiana in conformit\u00e0 alla tradizione e al Magistero della Chiesa in opposizione ad ogni relativismo e totalitarismo","breadcrumb":{"@id":"https:\/\/www.rassegnastampa-totustuus.it\/cattolica\/il-canto-gregoriano-dovrebbe-essere-recuperato\/#breadcrumb"},"inLanguage":"it-IT","potentialAction":[{"@type":"ReadAction","target":["https:\/\/www.rassegnastampa-totustuus.it\/cattolica\/il-canto-gregoriano-dovrebbe-essere-recuperato\/"]}]},{"@type":"ImageObject","inLanguage":"it-IT","@id":"https:\/\/www.rassegnastampa-totustuus.it\/cattolica\/il-canto-gregoriano-dovrebbe-essere-recuperato\/#primaryimage","url":"https:\/\/www.rassegnastampa-totustuus.it\/cattolica\/wp-content\/uploads\/2006\/01\/gregoriano.jpg","contentUrl":"https:\/\/www.rassegnastampa-totustuus.it\/cattolica\/wp-content\/uploads\/2006\/01\/gregoriano.jpg","width":281,"height":179},{"@type":"BreadcrumbList","@id":"https:\/\/www.rassegnastampa-totustuus.it\/cattolica\/il-canto-gregoriano-dovrebbe-essere-recuperato\/#breadcrumb","itemListElement":[{"@type":"ListItem","position":1,"name":"Home","item":"https:\/\/www.rassegnastampa-totustuus.it\/cattolica\/"},{"@type":"ListItem","position":2,"name":"&#8216;Il canto gregoriano dovrebbe essere recuperato&#8217;"}]},{"@type":"WebSite","@id":"https:\/\/www.rassegnastampa-totustuus.it\/cattolica\/#website","url":"https:\/\/www.rassegnastampa-totustuus.it\/cattolica\/","name":"Rassegna Stampa Cattolica","description":"Per una cultura che nasce dalla Rivelazione cristiana in conformit\u00e0 alla tradizione e al Magistero della Chiesa in opposizione ad ogni relativismo e totalitarismo","publisher":{"@id":"https:\/\/www.rassegnastampa-totustuus.it\/cattolica\/#organization"},"alternateName":"Rass. Cattolica","potentialAction":[{"@type":"SearchAction","target":{"@type":"EntryPoint","urlTemplate":"https:\/\/www.rassegnastampa-totustuus.it\/cattolica\/?s={search_term_string}"},"query-input":{"@type":"PropertyValueSpecification","valueRequired":true,"valueName":"search_term_string"}}],"inLanguage":"it-IT"},{"@type":"Organization","@id":"https:\/\/www.rassegnastampa-totustuus.it\/cattolica\/#organization","name":"Rassegna Stampa Cattolica","url":"https:\/\/www.rassegnastampa-totustuus.it\/cattolica\/","logo":{"@type":"ImageObject","inLanguage":"it-IT","@id":"https:\/\/www.rassegnastampa-totustuus.it\/cattolica\/#\/schema\/logo\/image\/","url":"https:\/\/www.rassegnastampa-totustuus.it\/cattolica\/wp-content\/uploads\/2014\/04\/logo-rassegna1.gif","contentUrl":"https:\/\/www.rassegnastampa-totustuus.it\/cattolica\/wp-content\/uploads\/2014\/04\/logo-rassegna1.gif","width":600,"height":163,"caption":"Rassegna Stampa Cattolica"},"image":{"@id":"https:\/\/www.rassegnastampa-totustuus.it\/cattolica\/#\/schema\/logo\/image\/"},"sameAs":["https:\/\/www.facebook.com\/rassegnastampacattolica","https:\/\/x.com\/rassegnastampa9"]},{"@type":"Person","@id":"https:\/\/www.rassegnastampa-totustuus.it\/cattolica\/#\/schema\/person\/08f319d2bd1a0904ad9e2bfb7b15e5c3","name":"Redazione","image":{"@type":"ImageObject","inLanguage":"it-IT","@id":"https:\/\/secure.gravatar.com\/avatar\/2fcdf27c78ea025fbdb44e914cc63c72249ffec9dc8aafd5c82b26240ef3f346?s=96&d=mm&r=g","url":"https:\/\/secure.gravatar.com\/avatar\/2fcdf27c78ea025fbdb44e914cc63c72249ffec9dc8aafd5c82b26240ef3f346?s=96&d=mm&r=g","contentUrl":"https:\/\/secure.gravatar.com\/avatar\/2fcdf27c78ea025fbdb44e914cc63c72249ffec9dc8aafd5c82b26240ef3f346?s=96&d=mm&r=g","caption":"Redazione"},"url":"https:\/\/www.rassegnastampa-totustuus.it\/cattolica\/author\/pietroelle\/"}]}},"_links":{"self":[{"href":"https:\/\/www.rassegnastampa-totustuus.it\/cattolica\/wp-json\/wp\/v2\/posts\/1773","targetHints":{"allow":["GET"]}}],"collection":[{"href":"https:\/\/www.rassegnastampa-totustuus.it\/cattolica\/wp-json\/wp\/v2\/posts"}],"about":[{"href":"https:\/\/www.rassegnastampa-totustuus.it\/cattolica\/wp-json\/wp\/v2\/types\/post"}],"author":[{"embeddable":true,"href":"https:\/\/www.rassegnastampa-totustuus.it\/cattolica\/wp-json\/wp\/v2\/users\/6"}],"replies":[{"embeddable":true,"href":"https:\/\/www.rassegnastampa-totustuus.it\/cattolica\/wp-json\/wp\/v2\/comments?post=1773"}],"version-history":[{"count":4,"href":"https:\/\/www.rassegnastampa-totustuus.it\/cattolica\/wp-json\/wp\/v2\/posts\/1773\/revisions"}],"predecessor-version":[{"id":32953,"href":"https:\/\/www.rassegnastampa-totustuus.it\/cattolica\/wp-json\/wp\/v2\/posts\/1773\/revisions\/32953"}],"wp:featuredmedia":[{"embeddable":true,"href":"https:\/\/www.rassegnastampa-totustuus.it\/cattolica\/wp-json\/wp\/v2\/media\/32952"}],"wp:attachment":[{"href":"https:\/\/www.rassegnastampa-totustuus.it\/cattolica\/wp-json\/wp\/v2\/media?parent=1773"}],"wp:term":[{"taxonomy":"category","embeddable":true,"href":"https:\/\/www.rassegnastampa-totustuus.it\/cattolica\/wp-json\/wp\/v2\/categories?post=1773"},{"taxonomy":"post_tag","embeddable":true,"href":"https:\/\/www.rassegnastampa-totustuus.it\/cattolica\/wp-json\/wp\/v2\/tags?post=1773"}],"curies":[{"name":"wp","href":"https:\/\/api.w.org\/{rel}","templated":true}]}}