{"id":1760,"date":"2005-12-23T00:00:00","date_gmt":"2005-12-22T23:00:00","guid":{"rendered":""},"modified":"2016-01-28T17:04:54","modified_gmt":"2016-01-28T16:04:54","slug":"le-quote-rosa-mancanti","status":"publish","type":"post","link":"https:\/\/www.rassegnastampa-totustuus.it\/cattolica\/le-quote-rosa-mancanti\/","title":{"rendered":"Le Quote Rosa mancanti"},"content":{"rendered":"<div style=\"text-align: center;\"><strong><a href=\"https:\/\/www.rassegnastampa-totustuus.it\/cattolica\/wp-content\/uploads\/2005\/12\/aborto_selettivo.jpg\"><img loading=\"lazy\" decoding=\"async\" class=\"alignleft wp-image-30018\" src=\"https:\/\/www.rassegnastampa-totustuus.it\/cattolica\/wp-content\/uploads\/2005\/12\/aborto_selettivo.jpg\" alt=\"aborto_selettivo\" width=\"250\" height=\"173\" \/><\/a>Il Foglio<\/strong> 30 novembre 2005<\/div>\n<p style=\"text-align: justify;\"><em>Duecento milioni di femmine in meno, ma che fatica dire: la causa principale \u00e8 l\u2019aborto. Le gigantesche previsioni del pi\u00f9 importante demografo francese e i piccoli giuramenti abortisti dell\u2019italiano Boselli<\/em><\/p>\n<p><!--more--><\/p>\n<div style=\"text-align: justify;\">Si pu\u00f2 dire tutto, ma dire aborto \u00e8 pi\u00f9 difficile. Si pu\u00f2 dire \u201cgenocidio nascosto\u201d, come ha fatto ieri il <em>Corriere della Sera<\/em> riportando il rapporto di Ginevra sul \u201cmassacro di Eva\u201d, cio\u00e8 il racconto freddo e documentato della sparizione di duecento milioni di donne, ma mettere la parola strage accanto all\u2019interruzione di gravidanza, all\u2019uccisione lucida di feti femmine come moderno e chirurgico olocausto misogino fa troppo orrore. Meglio prostituzione, infibulazione, meglio omicidio e stupro. Eugenetica, no.<\/div>\n<p style=\"text-align: justify;\">Ma le parole di Amartya Sen, premio Nobel per l\u2019economia, non sono cancellabili, per quanto imbarazzanti: \u201cAlmeno sessanta milioni di bambine sono state cancellate in seguito a infanticidi o aborti selettivi di feti femmine, resi possibili dai progressi tecnologici\u201d.<\/p>\n<p style=\"text-align: justify;\">I progressi tecnologici non sono poi chiss\u00e0 cosa, escluse le diagnosi preimpianto sulle nascite in provetta: sono le ecografie prenatali e le amniocentesi, sono i soliti aborti, solo che in posti come l\u2019India e la Cina i soliti aborti si possono anche forzare, imporre con le mani di un medico che guarda una donna urlare su un lettino. Una bambina non \u00e8 una vita, una bambina \u00e8 meno di niente, e allora la si pu\u00f2 ammazzare magari al nono mese di gravidanza, una siringa in fronte mentre si sta affacciando sul mondo, poi nel cestino della spazzatura e la prossima volta starai pi\u00f9 attenta, la prossima volta farai un maschio. Succede cos\u00ec, e lo sanno tutti.<\/p>\n<p style=\"text-align: justify;\">Il rapporto del Centro per il controllo democratico delle forze armate di Ginevra non \u00e8, come scrive il Corriere della Sera, il primo che racconta la tenebrosa rassegnazione dello \u201csterminio di massa pi\u00f9 spaventoso e drammatico della storia\u201d.<\/p>\n<p style=\"text-align: justify;\">Dalla tribuna della fantastica la\u00efcit\u00e9 r\u00e9publicaine, il Monde, il pi\u00f9 autorevole demografo francese, Jean-Claude Chesnais, ha spiegato le stesse cose, senza paura di dire aborto: mancano cinquanta milioni di donne all\u2019appello demografico, ha detto, e fra vent\u2019anni ne mancheranno duecento milioni perch\u00e9 l\u2019interruzione di gravidanza contro le bambine ha dimensioni immense. Era il quattordici novembre, ne ha parlato solo il Foglio: \u201cIn paesi come l\u2019India e la Cina o la Corea del Sud, macchinari portatili per le ecografie permettono, nei villaggi, di selezionare i feti maschili. Gli aborti illegali sono ancora molto diffusi.<\/p>\n<p style=\"text-align: justify;\">Questo risponde in parte a motivazioni religiose in parte economiche\u201d, ha detto Chesnais intervistato dal Monde. Macchinari portatili per le ecografie in villaggi dove l\u2019aspirina \u00e8 un lusso, e in India candide dichiarazioni di madri nemmeno pi\u00f9 disperate: una diciottenne ha strangolato le sue prime due figlie e abortito le altre tre, \u201cUccider\u00f2 anche le altre se nasceranno femmine\u201d. Non fantasie, ma documentazioni dell\u2019agenzia delle Nazioni Unite che si occupa di demografia. Non allarmismi, ma numeri.<\/p>\n<p style=\"text-align: justify;\">Come ha scritto Chesnais in un libro di ormai dieci anni fa, \u201cIl crepuscolo dell\u2019Occidente\u201d (edizioni Laffont), \u201cla demografia, attraverso i numeri, racconta la grande avventura dell\u2019umanit\u00e0\u201d. E questa nuova avventura racconta lo sterminio delle femmine, racconta \u201cuna societ\u00e0 eugenista che desidera bambini di buon livello intellettuale\u201d, racconta un formidabile decremento di fecondit\u00e0 occidentale accompagnato da un\u2019altrettanto formidabile \u201cislamizzazione, africanizzazione e arabizzazione: questo movimento storico \u00e8 ineluttabile\u201d, scriveva Chesnais dieci anni fa, \u201ced \u00e8 la questione che dominer\u00e0 le relazioni internazionali dei prossimi decenni\u201d.<\/p>\n<p style=\"text-align: justify;\"><strong>La sconvolgente metamorfosi demografica<\/strong><\/p>\n<p style=\"text-align: justify;\">Sono le quote rosa mancanti, duecento milioni di femmine in meno, sono le \u201cviolenze di genere\u201d che massacrano le donne, come ha scritto anche Dacia Maraini. Ma \u00e8 molto pi\u00f9, purtroppo, delle violenze domestiche, delle discriminazioni pesanti, dei ferri da stiro in faccia, della mancanza di diritti. E\u2019 l\u2019eliminazione culturale che diventa realt\u00e0, \u00e8 la negazione della nascita: abortire donne per poter essere donne, per sopravvivere. In Cina nelle pozzanghere delle campagne si pu\u00f2 inciampare in neonate gettate via, come i piccioni morti per le strade, schiacciati dalle macchine.<\/p>\n<p style=\"text-align: justify;\">I passanti non se ne accorgono nemmeno, le madri non sono pi\u00f9 abituate a pensare a loro come vita umana, e poi non hanno alternative. In Cina si abortisce fino alla ventesima settimana (quinto mese) in modo assolutamente legale e discrezionale, poi anche con la forza. Secondo l\u2019Us Census Bureau, nel 1985 erano gi\u00e0 stati praticati cento milioni di interventi forzati, tra sterilizzazioni e aborti, e un\u2019inchiesta di Time Magazine di circa due mesi fa ha raccontato sterilizzazioni di routine nel 2005, e aborti selettivi al nono mese. Quelli ufficialmente banditi dopo la fine sbandierata della politica del figlio unico \u2013 e comunque la pianificazione familiare continua a essere imposta dalla Costituzione cinese.<\/p>\n<p style=\"text-align: justify;\">L\u2019India invece \u00e8 diventata il paese con la percentuale pi\u00f9 bassa di donne al mondo, in soli due anni (tra il 1996 e il 1998) si sono registrati dai 51 mila ai 62 mila aborti selettivi. Il premier indiano \u00e8 arrivato a fare la pubblica denuncia degli omicidi privati, aborti che costano solo 44 dollari e avvengono dopo che il test degli ultrasuoni ha stabilito che il feto \u00e8 sano ma non \u00e8 maschio, quindi \u00e8 il nulla: \u201cL\u2019aborto selettivo \u00e8 un crimine inaccettabile: dobbiamo impedire che si faccia un cattivo uso delle tecnologie mediche pi\u00f9 avanzate e che si aggravi un fenomeno che ha gi\u00e0 raggiunto proporzioni allarmanti, creando enormi squilibri a livello demografico per il nostro paese\u201d.<\/p>\n<p style=\"text-align: justify;\">Dicono che \u00e8 un\u2019emergenza nazionale, ma i padri ancora strangolano mogli e figlie, e le femministe indiane si battono ora non per l\u2019aborto, ma per una possibilit\u00e0 di vita.<\/p>\n<p style=\"text-align: justify;\">Non sono segreti, ma sembrano cose lontane. Milioni di femmine in meno, \u00e8 terribile ma qui non succeder\u00e0 mai. Nessuno spazio per un bambino non perfetto, qui non \u00e8 cos\u00ec. A Jean-Claude Chesnais \u00e8 stato chiesto, sul Monde, se questa tendenza all\u2019iperselezione potr\u00e0 mai tentare l\u2019occidente. Lui ha risposto che l\u2019iperselezione \u00e8 gi\u00e0 una realt\u00e0. \u201cNoi abbiamo un passato eugenista. La tecnica tende a dirigere i cambiamenti della mentalit\u00e0 e a riposizionare i limiti della morale.<\/p>\n<p style=\"text-align: justify;\">L\u2019arrivo della pillola ha determinato un calo del desiderio di figli nelle femmine occidentali. E quando l\u2019aborto \u00e8 divenuto pi\u00f9 facile vi si \u00e8 pi\u00f9 largamente ricorso\u201d. In Francia e in Inghilterra, del resto, gli aborti non sono diminuiti dalla met\u00e0 degli anni Settanta, duecentomila all\u2019anno. Continua Chesnais: \u201cLe nuove tecniche d\u2019osservazione intrauterina permettono di controllare le malattie, le malformazioni e le imperfezioni.<\/p>\n<p style=\"text-align: justify;\">Soprattutto con la fecondazione artificiale. Se aveste detto nel 1940 che avreste trasportato queste tecniche dall\u2019animale all\u2019uomo, sarebbe stato considerato immorale. Invece ormai \u00e8 una banalit\u00e0, e la selezione dei donatori \u00e8 sempre pi\u00f9 forte. Sono convinto che la mondializzazione ci porter\u00e0 a classificare ancora di pi\u00f9 gli individui secondo dei criteri di qualit\u00e0\u201d.<\/p>\n<p style=\"text-align: justify;\">Cio\u00e8 a cercare bambini perfetti (nel momento perfetto), che significa escludere gli altri, eliminarli prima, buttarli via con un sospiro. Gi\u00e0 dieci anni fa, in un capitolo intitolato \u201cLe cause della metamorfosi demografica\u201d, Chesnais scriveva che \u201cla diffusione di tecniche antinatali pi\u00f9 sicure (sterilizzazione, aborto per aspirazione, Ru486 eccetera) a partire dagli anni Sessanta \u00e8 un elemento centrale\u2026 L\u2019uomo ha perso la consapevolezza di essere mortale e si dimentica di riprodursi\u201d. Chesnais prevede cambiamenti e migrazioni \u201csconvolgenti\u201d, e sono previsioni lette sui numeri e su null\u2019altro. Eugenetica antifemminile, eugenetica per il miglioramento della razza, pauperizzazione da invecchiamento.<\/p>\n<p style=\"text-align: justify;\">Non \u00e8 il bollettino della parrocchia, e nemmeno il rapporto di Ginevra lo \u00e8. Ma ieri in Italia si \u00e8 sollecitato soltanto un nuovo giuramento abortista, come negli anni Settanta. Enrico Boselli ha chiesto all\u2019Unione di prendere un impegno in caso di vittoria alle elezioni. Non un aiuto alle donne perch\u00e9 possano anche decidere di non abortire, nemmeno una promessa di attenzione forte contro l\u2019eugenetica, non un passo verso la libert\u00e0, ma il giuramento che \u201cnon verr\u00e0 toccata la legge 194, che ha portato l\u2019Italia fuori dal Medioevo cancellando la terribile piaga dell\u2019aborto clandestino\u201d.<\/p>\n<p style=\"text-align: justify;\">Boselli \u00e8 molto preoccupato per un\u2019interpretazione che ha dato alle parole dei vescovi (\u201cvanno valorizzati quegli aspetti della 194 che si pongono sul versante\u2026 dell\u2019aiuto alle donne in difficolt\u00e0\u201d), si \u00e8 convinto che questa sia \u201cun\u2019offensiva della Cei\u201d contro la legge sull\u2019aborto. In molti sono preoccupatissimi per parole mai pronunciate, quasi nessuno lo \u00e8 per i numeri di questa sconvolgente metamorfosi demografica.<\/p>\n","protected":false},"excerpt":{"rendered":"<p>Il Foglio 30 novembre 2005 Duecento milioni di femmine in meno, ma che fatica dire: la causa principale \u00e8 l\u2019aborto. Le gigantesche previsioni del pi\u00f9 importante demografo francese e i piccoli giuramenti abortisti dell\u2019italiano Boselli<\/p><p><a class=\"more-link btn\" href=\"https:\/\/www.rassegnastampa-totustuus.it\/cattolica\/le-quote-rosa-mancanti\/\">Continua a leggere<\/a><\/p>\n","protected":false},"author":6,"featured_media":30018,"comment_status":"closed","ping_status":"open","sticky":false,"template":"","format":"standard","meta":{"footnotes":""},"categories":[2,9],"tags":[1166],"class_list":["post-1760","post","type-post","status-publish","format-standard","has-post-thumbnail","hentry","category-aborto","category-demografia","tag-femmine-abortite","item-wrap"],"yoast_head":"<!-- This site is optimized with the Yoast SEO plugin v27.5 - https:\/\/yoast.com\/product\/yoast-seo-wordpress\/ -->\n<title>Le Quote Rosa mancanti - Rassegna Stampa Cattolica<\/title>\n<meta name=\"description\" content=\"Rassegna Stampa Cattolica - Per una cultura che nasce dalla Rivelazione cristiana in conformit\u00e0 alla tradizione e al Magistero della Chiesa in opposizione ad ogni relativismo e totalitarismo\" \/>\n<meta name=\"robots\" content=\"index, follow, max-snippet:-1, max-image-preview:large, max-video-preview:-1\" \/>\n<link rel=\"canonical\" href=\"https:\/\/www.rassegnastampa-totustuus.it\/cattolica\/le-quote-rosa-mancanti\/\" \/>\n<meta property=\"og:locale\" content=\"it_IT\" \/>\n<meta property=\"og:type\" content=\"article\" \/>\n<meta property=\"og:title\" content=\"Le Quote Rosa mancanti - Rassegna Stampa Cattolica\" \/>\n<meta property=\"og:description\" content=\"Rassegna Stampa Cattolica - Per una cultura che nasce dalla Rivelazione cristiana in conformit\u00e0 alla tradizione e al Magistero della Chiesa in opposizione ad ogni relativismo e totalitarismo\" \/>\n<meta property=\"og:url\" content=\"https:\/\/www.rassegnastampa-totustuus.it\/cattolica\/le-quote-rosa-mancanti\/\" \/>\n<meta property=\"og:site_name\" content=\"Rassegna Stampa Cattolica\" \/>\n<meta property=\"article:publisher\" content=\"https:\/\/www.facebook.com\/rassegnastampacattolica\" \/>\n<meta property=\"article:published_time\" content=\"2005-12-22T23:00:00+00:00\" \/>\n<meta property=\"article:modified_time\" content=\"2016-01-28T16:04:54+00:00\" \/>\n<meta property=\"og:image\" content=\"https:\/\/www.rassegnastampa-totustuus.it\/cattolica\/wp-content\/uploads\/2005\/12\/aborto_selettivo.jpg\" \/>\n\t<meta property=\"og:image:width\" content=\"270\" \/>\n\t<meta property=\"og:image:height\" content=\"187\" \/>\n\t<meta property=\"og:image:type\" content=\"image\/jpeg\" \/>\n<meta name=\"author\" content=\"Redazione\" \/>\n<meta name=\"twitter:card\" content=\"summary_large_image\" \/>\n<meta name=\"twitter:creator\" content=\"@rassegnastampa9\" \/>\n<meta name=\"twitter:site\" content=\"@rassegnastampa9\" \/>\n<meta name=\"twitter:label1\" content=\"Scritto da\" \/>\n\t<meta name=\"twitter:data1\" content=\"Redazione\" \/>\n\t<meta name=\"twitter:label2\" content=\"Tempo di lettura stimato\" \/>\n\t<meta name=\"twitter:data2\" content=\"7 minuti\" \/>\n<script type=\"application\/ld+json\" class=\"yoast-schema-graph\">{\"@context\":\"https:\\\/\\\/schema.org\",\"@graph\":[{\"@type\":\"Article\",\"@id\":\"https:\\\/\\\/www.rassegnastampa-totustuus.it\\\/cattolica\\\/le-quote-rosa-mancanti\\\/#article\",\"isPartOf\":{\"@id\":\"https:\\\/\\\/www.rassegnastampa-totustuus.it\\\/cattolica\\\/le-quote-rosa-mancanti\\\/\"},\"author\":{\"name\":\"Redazione\",\"@id\":\"https:\\\/\\\/www.rassegnastampa-totustuus.it\\\/cattolica\\\/#\\\/schema\\\/person\\\/08f319d2bd1a0904ad9e2bfb7b15e5c3\"},\"headline\":\"Le Quote Rosa mancanti\",\"datePublished\":\"2005-12-22T23:00:00+00:00\",\"dateModified\":\"2016-01-28T16:04:54+00:00\",\"mainEntityOfPage\":{\"@id\":\"https:\\\/\\\/www.rassegnastampa-totustuus.it\\\/cattolica\\\/le-quote-rosa-mancanti\\\/\"},\"wordCount\":1360,\"publisher\":{\"@id\":\"https:\\\/\\\/www.rassegnastampa-totustuus.it\\\/cattolica\\\/#organization\"},\"image\":{\"@id\":\"https:\\\/\\\/www.rassegnastampa-totustuus.it\\\/cattolica\\\/le-quote-rosa-mancanti\\\/#primaryimage\"},\"thumbnailUrl\":\"https:\\\/\\\/www.rassegnastampa-totustuus.it\\\/cattolica\\\/wp-content\\\/uploads\\\/2005\\\/12\\\/aborto_selettivo.jpg\",\"keywords\":[\"femmine abortite\"],\"articleSection\":[\"Aborto\",\"Demografia\"],\"inLanguage\":\"it-IT\"},{\"@type\":\"WebPage\",\"@id\":\"https:\\\/\\\/www.rassegnastampa-totustuus.it\\\/cattolica\\\/le-quote-rosa-mancanti\\\/\",\"url\":\"https:\\\/\\\/www.rassegnastampa-totustuus.it\\\/cattolica\\\/le-quote-rosa-mancanti\\\/\",\"name\":\"Le Quote Rosa mancanti - Rassegna Stampa Cattolica\",\"isPartOf\":{\"@id\":\"https:\\\/\\\/www.rassegnastampa-totustuus.it\\\/cattolica\\\/#website\"},\"primaryImageOfPage\":{\"@id\":\"https:\\\/\\\/www.rassegnastampa-totustuus.it\\\/cattolica\\\/le-quote-rosa-mancanti\\\/#primaryimage\"},\"image\":{\"@id\":\"https:\\\/\\\/www.rassegnastampa-totustuus.it\\\/cattolica\\\/le-quote-rosa-mancanti\\\/#primaryimage\"},\"thumbnailUrl\":\"https:\\\/\\\/www.rassegnastampa-totustuus.it\\\/cattolica\\\/wp-content\\\/uploads\\\/2005\\\/12\\\/aborto_selettivo.jpg\",\"datePublished\":\"2005-12-22T23:00:00+00:00\",\"dateModified\":\"2016-01-28T16:04:54+00:00\",\"description\":\"Rassegna Stampa Cattolica - Per una cultura che nasce dalla Rivelazione cristiana in conformit\u00e0 alla tradizione e al Magistero della Chiesa in opposizione ad ogni relativismo e totalitarismo\",\"breadcrumb\":{\"@id\":\"https:\\\/\\\/www.rassegnastampa-totustuus.it\\\/cattolica\\\/le-quote-rosa-mancanti\\\/#breadcrumb\"},\"inLanguage\":\"it-IT\",\"potentialAction\":[{\"@type\":\"ReadAction\",\"target\":[\"https:\\\/\\\/www.rassegnastampa-totustuus.it\\\/cattolica\\\/le-quote-rosa-mancanti\\\/\"]}]},{\"@type\":\"ImageObject\",\"inLanguage\":\"it-IT\",\"@id\":\"https:\\\/\\\/www.rassegnastampa-totustuus.it\\\/cattolica\\\/le-quote-rosa-mancanti\\\/#primaryimage\",\"url\":\"https:\\\/\\\/www.rassegnastampa-totustuus.it\\\/cattolica\\\/wp-content\\\/uploads\\\/2005\\\/12\\\/aborto_selettivo.jpg\",\"contentUrl\":\"https:\\\/\\\/www.rassegnastampa-totustuus.it\\\/cattolica\\\/wp-content\\\/uploads\\\/2005\\\/12\\\/aborto_selettivo.jpg\",\"width\":270,\"height\":187},{\"@type\":\"BreadcrumbList\",\"@id\":\"https:\\\/\\\/www.rassegnastampa-totustuus.it\\\/cattolica\\\/le-quote-rosa-mancanti\\\/#breadcrumb\",\"itemListElement\":[{\"@type\":\"ListItem\",\"position\":1,\"name\":\"Home\",\"item\":\"https:\\\/\\\/www.rassegnastampa-totustuus.it\\\/cattolica\\\/\"},{\"@type\":\"ListItem\",\"position\":2,\"name\":\"Le Quote Rosa mancanti\"}]},{\"@type\":\"WebSite\",\"@id\":\"https:\\\/\\\/www.rassegnastampa-totustuus.it\\\/cattolica\\\/#website\",\"url\":\"https:\\\/\\\/www.rassegnastampa-totustuus.it\\\/cattolica\\\/\",\"name\":\"Rassegna Stampa Cattolica\",\"description\":\"Per una cultura che nasce dalla Rivelazione cristiana in conformit\u00e0 alla tradizione e al Magistero della Chiesa in opposizione ad ogni relativismo e totalitarismo\",\"publisher\":{\"@id\":\"https:\\\/\\\/www.rassegnastampa-totustuus.it\\\/cattolica\\\/#organization\"},\"alternateName\":\"Rass. Cattolica\",\"potentialAction\":[{\"@type\":\"SearchAction\",\"target\":{\"@type\":\"EntryPoint\",\"urlTemplate\":\"https:\\\/\\\/www.rassegnastampa-totustuus.it\\\/cattolica\\\/?s={search_term_string}\"},\"query-input\":{\"@type\":\"PropertyValueSpecification\",\"valueRequired\":true,\"valueName\":\"search_term_string\"}}],\"inLanguage\":\"it-IT\"},{\"@type\":\"Organization\",\"@id\":\"https:\\\/\\\/www.rassegnastampa-totustuus.it\\\/cattolica\\\/#organization\",\"name\":\"Rassegna Stampa Cattolica\",\"url\":\"https:\\\/\\\/www.rassegnastampa-totustuus.it\\\/cattolica\\\/\",\"logo\":{\"@type\":\"ImageObject\",\"inLanguage\":\"it-IT\",\"@id\":\"https:\\\/\\\/www.rassegnastampa-totustuus.it\\\/cattolica\\\/#\\\/schema\\\/logo\\\/image\\\/\",\"url\":\"https:\\\/\\\/www.rassegnastampa-totustuus.it\\\/cattolica\\\/wp-content\\\/uploads\\\/2014\\\/04\\\/logo-rassegna1.gif\",\"contentUrl\":\"https:\\\/\\\/www.rassegnastampa-totustuus.it\\\/cattolica\\\/wp-content\\\/uploads\\\/2014\\\/04\\\/logo-rassegna1.gif\",\"width\":600,\"height\":163,\"caption\":\"Rassegna Stampa Cattolica\"},\"image\":{\"@id\":\"https:\\\/\\\/www.rassegnastampa-totustuus.it\\\/cattolica\\\/#\\\/schema\\\/logo\\\/image\\\/\"},\"sameAs\":[\"https:\\\/\\\/www.facebook.com\\\/rassegnastampacattolica\",\"https:\\\/\\\/x.com\\\/rassegnastampa9\"]},{\"@type\":\"Person\",\"@id\":\"https:\\\/\\\/www.rassegnastampa-totustuus.it\\\/cattolica\\\/#\\\/schema\\\/person\\\/08f319d2bd1a0904ad9e2bfb7b15e5c3\",\"name\":\"Redazione\",\"image\":{\"@type\":\"ImageObject\",\"inLanguage\":\"it-IT\",\"@id\":\"https:\\\/\\\/secure.gravatar.com\\\/avatar\\\/2fcdf27c78ea025fbdb44e914cc63c72249ffec9dc8aafd5c82b26240ef3f346?s=96&d=mm&r=g\",\"url\":\"https:\\\/\\\/secure.gravatar.com\\\/avatar\\\/2fcdf27c78ea025fbdb44e914cc63c72249ffec9dc8aafd5c82b26240ef3f346?s=96&d=mm&r=g\",\"contentUrl\":\"https:\\\/\\\/secure.gravatar.com\\\/avatar\\\/2fcdf27c78ea025fbdb44e914cc63c72249ffec9dc8aafd5c82b26240ef3f346?s=96&d=mm&r=g\",\"caption\":\"Redazione\"},\"url\":\"https:\\\/\\\/www.rassegnastampa-totustuus.it\\\/cattolica\\\/author\\\/pietroelle\\\/\"}]}<\/script>\n<!-- \/ Yoast SEO plugin. -->","yoast_head_json":{"title":"Le Quote Rosa mancanti - Rassegna Stampa Cattolica","description":"Rassegna Stampa Cattolica - Per una cultura che nasce dalla Rivelazione cristiana in conformit\u00e0 alla tradizione e al Magistero della Chiesa in opposizione ad ogni relativismo e totalitarismo","robots":{"index":"index","follow":"follow","max-snippet":"max-snippet:-1","max-image-preview":"max-image-preview:large","max-video-preview":"max-video-preview:-1"},"canonical":"https:\/\/www.rassegnastampa-totustuus.it\/cattolica\/le-quote-rosa-mancanti\/","og_locale":"it_IT","og_type":"article","og_title":"Le Quote Rosa mancanti - Rassegna Stampa Cattolica","og_description":"Rassegna Stampa Cattolica - Per una cultura che nasce dalla Rivelazione cristiana in conformit\u00e0 alla tradizione e al Magistero della Chiesa in opposizione ad ogni relativismo e totalitarismo","og_url":"https:\/\/www.rassegnastampa-totustuus.it\/cattolica\/le-quote-rosa-mancanti\/","og_site_name":"Rassegna Stampa Cattolica","article_publisher":"https:\/\/www.facebook.com\/rassegnastampacattolica","article_published_time":"2005-12-22T23:00:00+00:00","article_modified_time":"2016-01-28T16:04:54+00:00","og_image":[{"width":270,"height":187,"url":"https:\/\/www.rassegnastampa-totustuus.it\/cattolica\/wp-content\/uploads\/2005\/12\/aborto_selettivo.jpg","type":"image\/jpeg"}],"author":"Redazione","twitter_card":"summary_large_image","twitter_creator":"@rassegnastampa9","twitter_site":"@rassegnastampa9","twitter_misc":{"Scritto da":"Redazione","Tempo di lettura stimato":"7 minuti"},"schema":{"@context":"https:\/\/schema.org","@graph":[{"@type":"Article","@id":"https:\/\/www.rassegnastampa-totustuus.it\/cattolica\/le-quote-rosa-mancanti\/#article","isPartOf":{"@id":"https:\/\/www.rassegnastampa-totustuus.it\/cattolica\/le-quote-rosa-mancanti\/"},"author":{"name":"Redazione","@id":"https:\/\/www.rassegnastampa-totustuus.it\/cattolica\/#\/schema\/person\/08f319d2bd1a0904ad9e2bfb7b15e5c3"},"headline":"Le Quote Rosa mancanti","datePublished":"2005-12-22T23:00:00+00:00","dateModified":"2016-01-28T16:04:54+00:00","mainEntityOfPage":{"@id":"https:\/\/www.rassegnastampa-totustuus.it\/cattolica\/le-quote-rosa-mancanti\/"},"wordCount":1360,"publisher":{"@id":"https:\/\/www.rassegnastampa-totustuus.it\/cattolica\/#organization"},"image":{"@id":"https:\/\/www.rassegnastampa-totustuus.it\/cattolica\/le-quote-rosa-mancanti\/#primaryimage"},"thumbnailUrl":"https:\/\/www.rassegnastampa-totustuus.it\/cattolica\/wp-content\/uploads\/2005\/12\/aborto_selettivo.jpg","keywords":["femmine abortite"],"articleSection":["Aborto","Demografia"],"inLanguage":"it-IT"},{"@type":"WebPage","@id":"https:\/\/www.rassegnastampa-totustuus.it\/cattolica\/le-quote-rosa-mancanti\/","url":"https:\/\/www.rassegnastampa-totustuus.it\/cattolica\/le-quote-rosa-mancanti\/","name":"Le Quote Rosa mancanti - Rassegna Stampa Cattolica","isPartOf":{"@id":"https:\/\/www.rassegnastampa-totustuus.it\/cattolica\/#website"},"primaryImageOfPage":{"@id":"https:\/\/www.rassegnastampa-totustuus.it\/cattolica\/le-quote-rosa-mancanti\/#primaryimage"},"image":{"@id":"https:\/\/www.rassegnastampa-totustuus.it\/cattolica\/le-quote-rosa-mancanti\/#primaryimage"},"thumbnailUrl":"https:\/\/www.rassegnastampa-totustuus.it\/cattolica\/wp-content\/uploads\/2005\/12\/aborto_selettivo.jpg","datePublished":"2005-12-22T23:00:00+00:00","dateModified":"2016-01-28T16:04:54+00:00","description":"Rassegna Stampa Cattolica - Per una cultura che nasce dalla Rivelazione cristiana in conformit\u00e0 alla tradizione e al Magistero della Chiesa in opposizione ad ogni relativismo e totalitarismo","breadcrumb":{"@id":"https:\/\/www.rassegnastampa-totustuus.it\/cattolica\/le-quote-rosa-mancanti\/#breadcrumb"},"inLanguage":"it-IT","potentialAction":[{"@type":"ReadAction","target":["https:\/\/www.rassegnastampa-totustuus.it\/cattolica\/le-quote-rosa-mancanti\/"]}]},{"@type":"ImageObject","inLanguage":"it-IT","@id":"https:\/\/www.rassegnastampa-totustuus.it\/cattolica\/le-quote-rosa-mancanti\/#primaryimage","url":"https:\/\/www.rassegnastampa-totustuus.it\/cattolica\/wp-content\/uploads\/2005\/12\/aborto_selettivo.jpg","contentUrl":"https:\/\/www.rassegnastampa-totustuus.it\/cattolica\/wp-content\/uploads\/2005\/12\/aborto_selettivo.jpg","width":270,"height":187},{"@type":"BreadcrumbList","@id":"https:\/\/www.rassegnastampa-totustuus.it\/cattolica\/le-quote-rosa-mancanti\/#breadcrumb","itemListElement":[{"@type":"ListItem","position":1,"name":"Home","item":"https:\/\/www.rassegnastampa-totustuus.it\/cattolica\/"},{"@type":"ListItem","position":2,"name":"Le Quote Rosa mancanti"}]},{"@type":"WebSite","@id":"https:\/\/www.rassegnastampa-totustuus.it\/cattolica\/#website","url":"https:\/\/www.rassegnastampa-totustuus.it\/cattolica\/","name":"Rassegna Stampa Cattolica","description":"Per una cultura che nasce dalla Rivelazione cristiana in conformit\u00e0 alla tradizione e al Magistero della Chiesa in opposizione ad ogni relativismo e totalitarismo","publisher":{"@id":"https:\/\/www.rassegnastampa-totustuus.it\/cattolica\/#organization"},"alternateName":"Rass. Cattolica","potentialAction":[{"@type":"SearchAction","target":{"@type":"EntryPoint","urlTemplate":"https:\/\/www.rassegnastampa-totustuus.it\/cattolica\/?s={search_term_string}"},"query-input":{"@type":"PropertyValueSpecification","valueRequired":true,"valueName":"search_term_string"}}],"inLanguage":"it-IT"},{"@type":"Organization","@id":"https:\/\/www.rassegnastampa-totustuus.it\/cattolica\/#organization","name":"Rassegna Stampa Cattolica","url":"https:\/\/www.rassegnastampa-totustuus.it\/cattolica\/","logo":{"@type":"ImageObject","inLanguage":"it-IT","@id":"https:\/\/www.rassegnastampa-totustuus.it\/cattolica\/#\/schema\/logo\/image\/","url":"https:\/\/www.rassegnastampa-totustuus.it\/cattolica\/wp-content\/uploads\/2014\/04\/logo-rassegna1.gif","contentUrl":"https:\/\/www.rassegnastampa-totustuus.it\/cattolica\/wp-content\/uploads\/2014\/04\/logo-rassegna1.gif","width":600,"height":163,"caption":"Rassegna Stampa Cattolica"},"image":{"@id":"https:\/\/www.rassegnastampa-totustuus.it\/cattolica\/#\/schema\/logo\/image\/"},"sameAs":["https:\/\/www.facebook.com\/rassegnastampacattolica","https:\/\/x.com\/rassegnastampa9"]},{"@type":"Person","@id":"https:\/\/www.rassegnastampa-totustuus.it\/cattolica\/#\/schema\/person\/08f319d2bd1a0904ad9e2bfb7b15e5c3","name":"Redazione","image":{"@type":"ImageObject","inLanguage":"it-IT","@id":"https:\/\/secure.gravatar.com\/avatar\/2fcdf27c78ea025fbdb44e914cc63c72249ffec9dc8aafd5c82b26240ef3f346?s=96&d=mm&r=g","url":"https:\/\/secure.gravatar.com\/avatar\/2fcdf27c78ea025fbdb44e914cc63c72249ffec9dc8aafd5c82b26240ef3f346?s=96&d=mm&r=g","contentUrl":"https:\/\/secure.gravatar.com\/avatar\/2fcdf27c78ea025fbdb44e914cc63c72249ffec9dc8aafd5c82b26240ef3f346?s=96&d=mm&r=g","caption":"Redazione"},"url":"https:\/\/www.rassegnastampa-totustuus.it\/cattolica\/author\/pietroelle\/"}]}},"_links":{"self":[{"href":"https:\/\/www.rassegnastampa-totustuus.it\/cattolica\/wp-json\/wp\/v2\/posts\/1760","targetHints":{"allow":["GET"]}}],"collection":[{"href":"https:\/\/www.rassegnastampa-totustuus.it\/cattolica\/wp-json\/wp\/v2\/posts"}],"about":[{"href":"https:\/\/www.rassegnastampa-totustuus.it\/cattolica\/wp-json\/wp\/v2\/types\/post"}],"author":[{"embeddable":true,"href":"https:\/\/www.rassegnastampa-totustuus.it\/cattolica\/wp-json\/wp\/v2\/users\/6"}],"replies":[{"embeddable":true,"href":"https:\/\/www.rassegnastampa-totustuus.it\/cattolica\/wp-json\/wp\/v2\/comments?post=1760"}],"version-history":[{"count":5,"href":"https:\/\/www.rassegnastampa-totustuus.it\/cattolica\/wp-json\/wp\/v2\/posts\/1760\/revisions"}],"predecessor-version":[{"id":30019,"href":"https:\/\/www.rassegnastampa-totustuus.it\/cattolica\/wp-json\/wp\/v2\/posts\/1760\/revisions\/30019"}],"wp:featuredmedia":[{"embeddable":true,"href":"https:\/\/www.rassegnastampa-totustuus.it\/cattolica\/wp-json\/wp\/v2\/media\/30018"}],"wp:attachment":[{"href":"https:\/\/www.rassegnastampa-totustuus.it\/cattolica\/wp-json\/wp\/v2\/media?parent=1760"}],"wp:term":[{"taxonomy":"category","embeddable":true,"href":"https:\/\/www.rassegnastampa-totustuus.it\/cattolica\/wp-json\/wp\/v2\/categories?post=1760"},{"taxonomy":"post_tag","embeddable":true,"href":"https:\/\/www.rassegnastampa-totustuus.it\/cattolica\/wp-json\/wp\/v2\/tags?post=1760"}],"curies":[{"name":"wp","href":"https:\/\/api.w.org\/{rel}","templated":true}]}}