{"id":1759,"date":"2005-12-23T00:00:00","date_gmt":"2005-12-22T23:00:00","guid":{"rendered":""},"modified":"2015-11-12T12:15:15","modified_gmt":"2015-11-12T11:15:15","slug":"ru-486-i-dubbi-clinici-oscurati-dai-paraocchi-ideologici","status":"publish","type":"post","link":"https:\/\/www.rassegnastampa-totustuus.it\/cattolica\/ru-486-i-dubbi-clinici-oscurati-dai-paraocchi-ideologici\/","title":{"rendered":"RU 486, i dubbi clinici oscurati dai paraocchi ideologici"},"content":{"rendered":"<div style=\"text-align: center;\"><strong><a href=\"https:\/\/www.rassegnastampa-totustuus.it\/cattolica\/wp-content\/uploads\/2005\/12\/Ru486.jpg\"><img loading=\"lazy\" decoding=\"async\" class=\"alignleft wp-image-27562\" src=\"https:\/\/www.rassegnastampa-totustuus.it\/cattolica\/wp-content\/uploads\/2005\/12\/Ru486.jpg\" alt=\"Ru486\" width=\"200\" height=\"196\" \/><\/a>Avvenire <\/strong>4 dicembre 2005<\/div>\n<p style=\"text-align: justify;\"><em>&#8220;Cancellata&#8221; l&#8217;informazione scientifica proveniente dagli USA<\/em><\/p>\n<p style=\"text-align: center;\"><strong>Eugenia Roccella<\/strong><\/p>\n<p style=\"text-align: justify;\">Cosa diranno adesso, tutti coloro che hanno prospettato l&#8217;introduzione in Italia della pillola abortiva, la RU 486, come la nuova grande battaglia per la salute e la libert\u00e0 delle donne? Cosa dir\u00e0 chi giurava a destra e a manca &#8220;\u00e8 un metodo sicuro e indolore, il pi\u00f9 sicuro e il pi\u00f9 indolore&#8221;?. Sul New England Journal of Medicine, una delle testate scientifiche maggiormente accreditate in campo interbazionale, \u00e8 apparso il primo dicembre un articolo che mette severamente in guardia dai rischi dell&#8217;aborto chimico, e invita gli operatori a usare la massima cautela.<\/p>\n<p><!--more--><\/p>\n<p style=\"text-align: justify;\">L&#8217;autore, il dr. Michael Greene, professore alla Harvard Medical School e prestigiosa firma della rivista, ricorda come la Food and Drug Administration sia stata costretta a modificare, per ben due volte in otto mesi, le avvertenze che riguardano il mifepristone, a seguito delle morti avvenute negli Stati Uniti per choc tossico da Clostridium Sordellii.<\/p>\n<p style=\"text-align: justify;\">Inoltre sottolinea come le donne decedute fossero tutte giovani e in buona salute; nessuna di loro presentava visibili complicanze, nemmeno la febbre, e l&#8217;unico sintomo di cui si lamentavano era costituito da forti crampi addominali, problema del tutto comune tra chi assume la pillola abortiva. Morti, dunque, silenti e ingannevoli, asintomatiche e rapide, contro cui \u00e8 stato impossibile lottare. Ma soprattutto, il dr. Greene ragiona seriamente sulle percentuali di mortalit\u00e0 dell&#8217;aborto chimico.<\/p>\n<p style=\"text-align: justify;\">Poich\u00e8 la RU 486 si pu\u00f2 utilizzare solo fino all&#8217;ottava settimana di gestazione, bisogna paragonare il rischio con quello delle altre procedure abortive fino alla stessa data; \u00e8 ovvio, infatti, che l&#8217;aborto chirurgico, che si pu\u00f2 effettuare anche oltre questo limite (e in alcuni paesi anche senza limite alcuno) \u00e8 tanto pi\u00f9 rischioso quanto pi\u00f9 la gravidanza \u00e8 avanzata.<\/p>\n<p style=\"text-align: justify;\">Se confrontato con questi criteri, gli unici corretti e scientificamente ammissibili, il tasso di pericolosit\u00e0 del metodo chimico si rivela 10 volte pi\u00f9 alto di quello chirurgico. Una percentuale pesante, difficile da ignorare.<\/p>\n<p style=\"text-align: justify;\">Eppure, \u00e8 possibile che venga ignorata. In Italia i sostenitori della pillola abortiva, e purtroppo gran parte della stampa, tendono a sorvolare sui fatti per puntare euforicamente sull&#8217;ideologia: si discute sulla contrapposizione laici-cattolici, su chi vuole costringere le donne ad abortire con dolore e chi invece, avendo a cuore il loro bene, le vorrebbe far abortire con aerea leggerezza.<\/p>\n<p style=\"text-align: justify;\">Dei fatti, e delle cautele che i fatti impongono, nessuno vuole sapere, n\u00e9 discutere pubblicamente.<\/p>\n<p style=\"text-align: justify;\">Silvio Viale, il medico che per primo ha chiesto la sperimentazione della RU486, e che si \u00e8 poi candidato alla segreteria del Partito Radicale, in un&#8217;intervista apparsa sul &#8220;Secolo XIX&#8221; ha liquidato le perplessit\u00e0 espresse dalla Fda come &#8220;balle messe in giro dal movimento per la vita americano&#8221;. Vila , per\u00f2, \u00e8 in primo luogo un militante politico; meno facile \u00e8 capire perch\u00e8 i nostri pi\u00f9 diffusi e seri quotidiani si siano appiattiti su un&#8217;informazione sbilanciata, che tende a sorvolare sui rischi reali del metodo chimico.<\/p>\n<p style=\"text-align: justify;\">Il &#8220;New York Times&#8221;, tempio dei liberal americani, ha dato conto del dibattito sulla Ru 486 sempre con grande equilibrio, ospitando pi\u00f9 volte voci contrarie e notizie allarmanti.<\/p>\n<p style=\"text-align: justify;\">Non solo ha riportato esaurientemente la notizia delle morti da choc tossico, ma gi\u00e0 nel 2002 (il 25 settembre) aveva pubblicato un lungo articolo sulla diffidenza generalizzata degli operatori sanitari nei confronti dell&#8217;aborto chimico, e sui motivi per cui negli USA pochi medici lo consigliano e poche donne vi ricorrono.<\/p>\n<p style=\"text-align: justify;\">Aspettiamo fiduciosi che la nostra stampa si adegui.<\/p>\n","protected":false},"excerpt":{"rendered":"<p>Avvenire 4 dicembre 2005 &#8220;Cancellata&#8221; l&#8217;informazione scientifica proveniente dagli USA Eugenia Roccella Cosa diranno adesso, tutti coloro che hanno prospettato l&#8217;introduzione in Italia della pillola abortiva, la RU 486, come la nuova grande battaglia per la salute e la libert\u00e0 delle donne? Cosa dir\u00e0 chi giurava a destra e a manca &#8220;\u00e8 un metodo sicuro &hellip; <\/p>\n<p><a class=\"more-link btn\" href=\"https:\/\/www.rassegnastampa-totustuus.it\/cattolica\/ru-486-i-dubbi-clinici-oscurati-dai-paraocchi-ideologici\/\">Continua a leggere<\/a><\/p>\n","protected":false},"author":6,"featured_media":27562,"comment_status":"closed","ping_status":"open","sticky":false,"template":"","format":"standard","meta":{"footnotes":""},"categories":[2],"tags":[1042,1041],"class_list":["post-1759","post","type-post","status-publish","format-standard","has-post-thumbnail","hentry","category-aborto","tag-pillola-abortiva","tag-ru486","item-wrap"],"yoast_head":"<!-- This site is optimized with the Yoast SEO plugin v27.4 - https:\/\/yoast.com\/product\/yoast-seo-wordpress\/ -->\n<title>RU 486, i dubbi clinici oscurati dai paraocchi ideologici - Rassegna Stampa Cattolica<\/title>\n<meta name=\"description\" content=\"Rassegna Stampa Cattolica - Per una cultura che nasce dalla Rivelazione cristiana in conformit\u00e0 alla tradizione e al Magistero della Chiesa in opposizione ad ogni relativismo e totalitarismo\" \/>\n<meta name=\"robots\" content=\"index, follow, max-snippet:-1, max-image-preview:large, max-video-preview:-1\" \/>\n<link rel=\"canonical\" href=\"https:\/\/www.rassegnastampa-totustuus.it\/cattolica\/ru-486-i-dubbi-clinici-oscurati-dai-paraocchi-ideologici\/\" \/>\n<meta property=\"og:locale\" content=\"it_IT\" \/>\n<meta property=\"og:type\" content=\"article\" \/>\n<meta property=\"og:title\" content=\"RU 486, i dubbi clinici oscurati dai paraocchi ideologici - Rassegna Stampa Cattolica\" \/>\n<meta property=\"og:description\" content=\"Rassegna Stampa Cattolica - Per una cultura che nasce dalla Rivelazione cristiana in conformit\u00e0 alla tradizione e al Magistero della Chiesa in opposizione ad ogni relativismo e totalitarismo\" \/>\n<meta property=\"og:url\" content=\"https:\/\/www.rassegnastampa-totustuus.it\/cattolica\/ru-486-i-dubbi-clinici-oscurati-dai-paraocchi-ideologici\/\" \/>\n<meta property=\"og:site_name\" content=\"Rassegna Stampa Cattolica\" \/>\n<meta property=\"article:publisher\" content=\"https:\/\/www.facebook.com\/rassegnastampacattolica\" \/>\n<meta property=\"article:published_time\" content=\"2005-12-22T23:00:00+00:00\" \/>\n<meta property=\"article:modified_time\" content=\"2015-11-12T11:15:15+00:00\" \/>\n<meta property=\"og:image\" content=\"https:\/\/www.rassegnastampa-totustuus.it\/cattolica\/wp-content\/uploads\/2005\/12\/Ru486.jpg\" \/>\n\t<meta property=\"og:image:width\" content=\"224\" \/>\n\t<meta property=\"og:image:height\" content=\"220\" \/>\n\t<meta property=\"og:image:type\" content=\"image\/jpeg\" \/>\n<meta name=\"author\" content=\"Redazione\" \/>\n<meta name=\"twitter:card\" content=\"summary_large_image\" \/>\n<meta name=\"twitter:creator\" content=\"@rassegnastampa9\" \/>\n<meta name=\"twitter:site\" content=\"@rassegnastampa9\" \/>\n<meta name=\"twitter:label1\" content=\"Scritto da\" \/>\n\t<meta name=\"twitter:data1\" content=\"Redazione\" \/>\n\t<meta name=\"twitter:label2\" content=\"Tempo di lettura stimato\" \/>\n\t<meta name=\"twitter:data2\" content=\"3 minuti\" \/>\n<script type=\"application\/ld+json\" class=\"yoast-schema-graph\">{\"@context\":\"https:\\\/\\\/schema.org\",\"@graph\":[{\"@type\":\"Article\",\"@id\":\"https:\\\/\\\/www.rassegnastampa-totustuus.it\\\/cattolica\\\/ru-486-i-dubbi-clinici-oscurati-dai-paraocchi-ideologici\\\/#article\",\"isPartOf\":{\"@id\":\"https:\\\/\\\/www.rassegnastampa-totustuus.it\\\/cattolica\\\/ru-486-i-dubbi-clinici-oscurati-dai-paraocchi-ideologici\\\/\"},\"author\":{\"name\":\"Redazione\",\"@id\":\"https:\\\/\\\/www.rassegnastampa-totustuus.it\\\/cattolica\\\/#\\\/schema\\\/person\\\/08f319d2bd1a0904ad9e2bfb7b15e5c3\"},\"headline\":\"RU 486, i dubbi clinici oscurati dai paraocchi ideologici\",\"datePublished\":\"2005-12-22T23:00:00+00:00\",\"dateModified\":\"2015-11-12T11:15:15+00:00\",\"mainEntityOfPage\":{\"@id\":\"https:\\\/\\\/www.rassegnastampa-totustuus.it\\\/cattolica\\\/ru-486-i-dubbi-clinici-oscurati-dai-paraocchi-ideologici\\\/\"},\"wordCount\":569,\"publisher\":{\"@id\":\"https:\\\/\\\/www.rassegnastampa-totustuus.it\\\/cattolica\\\/#organization\"},\"image\":{\"@id\":\"https:\\\/\\\/www.rassegnastampa-totustuus.it\\\/cattolica\\\/ru-486-i-dubbi-clinici-oscurati-dai-paraocchi-ideologici\\\/#primaryimage\"},\"thumbnailUrl\":\"https:\\\/\\\/www.rassegnastampa-totustuus.it\\\/cattolica\\\/wp-content\\\/uploads\\\/2005\\\/12\\\/Ru486.jpg\",\"keywords\":[\"pillola abortiva\",\"Ru486\"],\"articleSection\":[\"Aborto\"],\"inLanguage\":\"it-IT\"},{\"@type\":\"WebPage\",\"@id\":\"https:\\\/\\\/www.rassegnastampa-totustuus.it\\\/cattolica\\\/ru-486-i-dubbi-clinici-oscurati-dai-paraocchi-ideologici\\\/\",\"url\":\"https:\\\/\\\/www.rassegnastampa-totustuus.it\\\/cattolica\\\/ru-486-i-dubbi-clinici-oscurati-dai-paraocchi-ideologici\\\/\",\"name\":\"RU 486, i dubbi clinici oscurati dai paraocchi ideologici - Rassegna Stampa Cattolica\",\"isPartOf\":{\"@id\":\"https:\\\/\\\/www.rassegnastampa-totustuus.it\\\/cattolica\\\/#website\"},\"primaryImageOfPage\":{\"@id\":\"https:\\\/\\\/www.rassegnastampa-totustuus.it\\\/cattolica\\\/ru-486-i-dubbi-clinici-oscurati-dai-paraocchi-ideologici\\\/#primaryimage\"},\"image\":{\"@id\":\"https:\\\/\\\/www.rassegnastampa-totustuus.it\\\/cattolica\\\/ru-486-i-dubbi-clinici-oscurati-dai-paraocchi-ideologici\\\/#primaryimage\"},\"thumbnailUrl\":\"https:\\\/\\\/www.rassegnastampa-totustuus.it\\\/cattolica\\\/wp-content\\\/uploads\\\/2005\\\/12\\\/Ru486.jpg\",\"datePublished\":\"2005-12-22T23:00:00+00:00\",\"dateModified\":\"2015-11-12T11:15:15+00:00\",\"description\":\"Rassegna Stampa Cattolica - Per una cultura che nasce dalla Rivelazione cristiana in conformit\u00e0 alla tradizione e al Magistero della Chiesa in opposizione ad ogni relativismo e totalitarismo\",\"breadcrumb\":{\"@id\":\"https:\\\/\\\/www.rassegnastampa-totustuus.it\\\/cattolica\\\/ru-486-i-dubbi-clinici-oscurati-dai-paraocchi-ideologici\\\/#breadcrumb\"},\"inLanguage\":\"it-IT\",\"potentialAction\":[{\"@type\":\"ReadAction\",\"target\":[\"https:\\\/\\\/www.rassegnastampa-totustuus.it\\\/cattolica\\\/ru-486-i-dubbi-clinici-oscurati-dai-paraocchi-ideologici\\\/\"]}]},{\"@type\":\"ImageObject\",\"inLanguage\":\"it-IT\",\"@id\":\"https:\\\/\\\/www.rassegnastampa-totustuus.it\\\/cattolica\\\/ru-486-i-dubbi-clinici-oscurati-dai-paraocchi-ideologici\\\/#primaryimage\",\"url\":\"https:\\\/\\\/www.rassegnastampa-totustuus.it\\\/cattolica\\\/wp-content\\\/uploads\\\/2005\\\/12\\\/Ru486.jpg\",\"contentUrl\":\"https:\\\/\\\/www.rassegnastampa-totustuus.it\\\/cattolica\\\/wp-content\\\/uploads\\\/2005\\\/12\\\/Ru486.jpg\",\"width\":224,\"height\":220},{\"@type\":\"BreadcrumbList\",\"@id\":\"https:\\\/\\\/www.rassegnastampa-totustuus.it\\\/cattolica\\\/ru-486-i-dubbi-clinici-oscurati-dai-paraocchi-ideologici\\\/#breadcrumb\",\"itemListElement\":[{\"@type\":\"ListItem\",\"position\":1,\"name\":\"Home\",\"item\":\"https:\\\/\\\/www.rassegnastampa-totustuus.it\\\/cattolica\\\/\"},{\"@type\":\"ListItem\",\"position\":2,\"name\":\"RU 486, i dubbi clinici oscurati dai paraocchi ideologici\"}]},{\"@type\":\"WebSite\",\"@id\":\"https:\\\/\\\/www.rassegnastampa-totustuus.it\\\/cattolica\\\/#website\",\"url\":\"https:\\\/\\\/www.rassegnastampa-totustuus.it\\\/cattolica\\\/\",\"name\":\"Rassegna Stampa Cattolica\",\"description\":\"Per una cultura che nasce dalla Rivelazione cristiana in conformit\u00e0 alla tradizione e al Magistero della Chiesa in opposizione ad ogni relativismo e totalitarismo\",\"publisher\":{\"@id\":\"https:\\\/\\\/www.rassegnastampa-totustuus.it\\\/cattolica\\\/#organization\"},\"alternateName\":\"Rass. Cattolica\",\"potentialAction\":[{\"@type\":\"SearchAction\",\"target\":{\"@type\":\"EntryPoint\",\"urlTemplate\":\"https:\\\/\\\/www.rassegnastampa-totustuus.it\\\/cattolica\\\/?s={search_term_string}\"},\"query-input\":{\"@type\":\"PropertyValueSpecification\",\"valueRequired\":true,\"valueName\":\"search_term_string\"}}],\"inLanguage\":\"it-IT\"},{\"@type\":\"Organization\",\"@id\":\"https:\\\/\\\/www.rassegnastampa-totustuus.it\\\/cattolica\\\/#organization\",\"name\":\"Rassegna Stampa Cattolica\",\"url\":\"https:\\\/\\\/www.rassegnastampa-totustuus.it\\\/cattolica\\\/\",\"logo\":{\"@type\":\"ImageObject\",\"inLanguage\":\"it-IT\",\"@id\":\"https:\\\/\\\/www.rassegnastampa-totustuus.it\\\/cattolica\\\/#\\\/schema\\\/logo\\\/image\\\/\",\"url\":\"https:\\\/\\\/www.rassegnastampa-totustuus.it\\\/cattolica\\\/wp-content\\\/uploads\\\/2014\\\/04\\\/logo-rassegna1.gif\",\"contentUrl\":\"https:\\\/\\\/www.rassegnastampa-totustuus.it\\\/cattolica\\\/wp-content\\\/uploads\\\/2014\\\/04\\\/logo-rassegna1.gif\",\"width\":600,\"height\":163,\"caption\":\"Rassegna Stampa Cattolica\"},\"image\":{\"@id\":\"https:\\\/\\\/www.rassegnastampa-totustuus.it\\\/cattolica\\\/#\\\/schema\\\/logo\\\/image\\\/\"},\"sameAs\":[\"https:\\\/\\\/www.facebook.com\\\/rassegnastampacattolica\",\"https:\\\/\\\/x.com\\\/rassegnastampa9\"]},{\"@type\":\"Person\",\"@id\":\"https:\\\/\\\/www.rassegnastampa-totustuus.it\\\/cattolica\\\/#\\\/schema\\\/person\\\/08f319d2bd1a0904ad9e2bfb7b15e5c3\",\"name\":\"Redazione\",\"image\":{\"@type\":\"ImageObject\",\"inLanguage\":\"it-IT\",\"@id\":\"https:\\\/\\\/secure.gravatar.com\\\/avatar\\\/2fcdf27c78ea025fbdb44e914cc63c72249ffec9dc8aafd5c82b26240ef3f346?s=96&d=mm&r=g\",\"url\":\"https:\\\/\\\/secure.gravatar.com\\\/avatar\\\/2fcdf27c78ea025fbdb44e914cc63c72249ffec9dc8aafd5c82b26240ef3f346?s=96&d=mm&r=g\",\"contentUrl\":\"https:\\\/\\\/secure.gravatar.com\\\/avatar\\\/2fcdf27c78ea025fbdb44e914cc63c72249ffec9dc8aafd5c82b26240ef3f346?s=96&d=mm&r=g\",\"caption\":\"Redazione\"},\"url\":\"https:\\\/\\\/www.rassegnastampa-totustuus.it\\\/cattolica\\\/author\\\/pietroelle\\\/\"}]}<\/script>\n<!-- \/ Yoast SEO plugin. -->","yoast_head_json":{"title":"RU 486, i dubbi clinici oscurati dai paraocchi ideologici - Rassegna Stampa Cattolica","description":"Rassegna Stampa Cattolica - Per una cultura che nasce dalla Rivelazione cristiana in conformit\u00e0 alla tradizione e al Magistero della Chiesa in opposizione ad ogni relativismo e totalitarismo","robots":{"index":"index","follow":"follow","max-snippet":"max-snippet:-1","max-image-preview":"max-image-preview:large","max-video-preview":"max-video-preview:-1"},"canonical":"https:\/\/www.rassegnastampa-totustuus.it\/cattolica\/ru-486-i-dubbi-clinici-oscurati-dai-paraocchi-ideologici\/","og_locale":"it_IT","og_type":"article","og_title":"RU 486, i dubbi clinici oscurati dai paraocchi ideologici - Rassegna Stampa Cattolica","og_description":"Rassegna Stampa Cattolica - Per una cultura che nasce dalla Rivelazione cristiana in conformit\u00e0 alla tradizione e al Magistero della Chiesa in opposizione ad ogni relativismo e totalitarismo","og_url":"https:\/\/www.rassegnastampa-totustuus.it\/cattolica\/ru-486-i-dubbi-clinici-oscurati-dai-paraocchi-ideologici\/","og_site_name":"Rassegna Stampa Cattolica","article_publisher":"https:\/\/www.facebook.com\/rassegnastampacattolica","article_published_time":"2005-12-22T23:00:00+00:00","article_modified_time":"2015-11-12T11:15:15+00:00","og_image":[{"width":224,"height":220,"url":"https:\/\/www.rassegnastampa-totustuus.it\/cattolica\/wp-content\/uploads\/2005\/12\/Ru486.jpg","type":"image\/jpeg"}],"author":"Redazione","twitter_card":"summary_large_image","twitter_creator":"@rassegnastampa9","twitter_site":"@rassegnastampa9","twitter_misc":{"Scritto da":"Redazione","Tempo di lettura stimato":"3 minuti"},"schema":{"@context":"https:\/\/schema.org","@graph":[{"@type":"Article","@id":"https:\/\/www.rassegnastampa-totustuus.it\/cattolica\/ru-486-i-dubbi-clinici-oscurati-dai-paraocchi-ideologici\/#article","isPartOf":{"@id":"https:\/\/www.rassegnastampa-totustuus.it\/cattolica\/ru-486-i-dubbi-clinici-oscurati-dai-paraocchi-ideologici\/"},"author":{"name":"Redazione","@id":"https:\/\/www.rassegnastampa-totustuus.it\/cattolica\/#\/schema\/person\/08f319d2bd1a0904ad9e2bfb7b15e5c3"},"headline":"RU 486, i dubbi clinici oscurati dai paraocchi ideologici","datePublished":"2005-12-22T23:00:00+00:00","dateModified":"2015-11-12T11:15:15+00:00","mainEntityOfPage":{"@id":"https:\/\/www.rassegnastampa-totustuus.it\/cattolica\/ru-486-i-dubbi-clinici-oscurati-dai-paraocchi-ideologici\/"},"wordCount":569,"publisher":{"@id":"https:\/\/www.rassegnastampa-totustuus.it\/cattolica\/#organization"},"image":{"@id":"https:\/\/www.rassegnastampa-totustuus.it\/cattolica\/ru-486-i-dubbi-clinici-oscurati-dai-paraocchi-ideologici\/#primaryimage"},"thumbnailUrl":"https:\/\/www.rassegnastampa-totustuus.it\/cattolica\/wp-content\/uploads\/2005\/12\/Ru486.jpg","keywords":["pillola abortiva","Ru486"],"articleSection":["Aborto"],"inLanguage":"it-IT"},{"@type":"WebPage","@id":"https:\/\/www.rassegnastampa-totustuus.it\/cattolica\/ru-486-i-dubbi-clinici-oscurati-dai-paraocchi-ideologici\/","url":"https:\/\/www.rassegnastampa-totustuus.it\/cattolica\/ru-486-i-dubbi-clinici-oscurati-dai-paraocchi-ideologici\/","name":"RU 486, i dubbi clinici oscurati dai paraocchi ideologici - Rassegna Stampa Cattolica","isPartOf":{"@id":"https:\/\/www.rassegnastampa-totustuus.it\/cattolica\/#website"},"primaryImageOfPage":{"@id":"https:\/\/www.rassegnastampa-totustuus.it\/cattolica\/ru-486-i-dubbi-clinici-oscurati-dai-paraocchi-ideologici\/#primaryimage"},"image":{"@id":"https:\/\/www.rassegnastampa-totustuus.it\/cattolica\/ru-486-i-dubbi-clinici-oscurati-dai-paraocchi-ideologici\/#primaryimage"},"thumbnailUrl":"https:\/\/www.rassegnastampa-totustuus.it\/cattolica\/wp-content\/uploads\/2005\/12\/Ru486.jpg","datePublished":"2005-12-22T23:00:00+00:00","dateModified":"2015-11-12T11:15:15+00:00","description":"Rassegna Stampa Cattolica - Per una cultura che nasce dalla Rivelazione cristiana in conformit\u00e0 alla tradizione e al Magistero della Chiesa in opposizione ad ogni relativismo e totalitarismo","breadcrumb":{"@id":"https:\/\/www.rassegnastampa-totustuus.it\/cattolica\/ru-486-i-dubbi-clinici-oscurati-dai-paraocchi-ideologici\/#breadcrumb"},"inLanguage":"it-IT","potentialAction":[{"@type":"ReadAction","target":["https:\/\/www.rassegnastampa-totustuus.it\/cattolica\/ru-486-i-dubbi-clinici-oscurati-dai-paraocchi-ideologici\/"]}]},{"@type":"ImageObject","inLanguage":"it-IT","@id":"https:\/\/www.rassegnastampa-totustuus.it\/cattolica\/ru-486-i-dubbi-clinici-oscurati-dai-paraocchi-ideologici\/#primaryimage","url":"https:\/\/www.rassegnastampa-totustuus.it\/cattolica\/wp-content\/uploads\/2005\/12\/Ru486.jpg","contentUrl":"https:\/\/www.rassegnastampa-totustuus.it\/cattolica\/wp-content\/uploads\/2005\/12\/Ru486.jpg","width":224,"height":220},{"@type":"BreadcrumbList","@id":"https:\/\/www.rassegnastampa-totustuus.it\/cattolica\/ru-486-i-dubbi-clinici-oscurati-dai-paraocchi-ideologici\/#breadcrumb","itemListElement":[{"@type":"ListItem","position":1,"name":"Home","item":"https:\/\/www.rassegnastampa-totustuus.it\/cattolica\/"},{"@type":"ListItem","position":2,"name":"RU 486, i dubbi clinici oscurati dai paraocchi ideologici"}]},{"@type":"WebSite","@id":"https:\/\/www.rassegnastampa-totustuus.it\/cattolica\/#website","url":"https:\/\/www.rassegnastampa-totustuus.it\/cattolica\/","name":"Rassegna Stampa Cattolica","description":"Per una cultura che nasce dalla Rivelazione cristiana in conformit\u00e0 alla tradizione e al Magistero della Chiesa in opposizione ad ogni relativismo e totalitarismo","publisher":{"@id":"https:\/\/www.rassegnastampa-totustuus.it\/cattolica\/#organization"},"alternateName":"Rass. Cattolica","potentialAction":[{"@type":"SearchAction","target":{"@type":"EntryPoint","urlTemplate":"https:\/\/www.rassegnastampa-totustuus.it\/cattolica\/?s={search_term_string}"},"query-input":{"@type":"PropertyValueSpecification","valueRequired":true,"valueName":"search_term_string"}}],"inLanguage":"it-IT"},{"@type":"Organization","@id":"https:\/\/www.rassegnastampa-totustuus.it\/cattolica\/#organization","name":"Rassegna Stampa Cattolica","url":"https:\/\/www.rassegnastampa-totustuus.it\/cattolica\/","logo":{"@type":"ImageObject","inLanguage":"it-IT","@id":"https:\/\/www.rassegnastampa-totustuus.it\/cattolica\/#\/schema\/logo\/image\/","url":"https:\/\/www.rassegnastampa-totustuus.it\/cattolica\/wp-content\/uploads\/2014\/04\/logo-rassegna1.gif","contentUrl":"https:\/\/www.rassegnastampa-totustuus.it\/cattolica\/wp-content\/uploads\/2014\/04\/logo-rassegna1.gif","width":600,"height":163,"caption":"Rassegna Stampa Cattolica"},"image":{"@id":"https:\/\/www.rassegnastampa-totustuus.it\/cattolica\/#\/schema\/logo\/image\/"},"sameAs":["https:\/\/www.facebook.com\/rassegnastampacattolica","https:\/\/x.com\/rassegnastampa9"]},{"@type":"Person","@id":"https:\/\/www.rassegnastampa-totustuus.it\/cattolica\/#\/schema\/person\/08f319d2bd1a0904ad9e2bfb7b15e5c3","name":"Redazione","image":{"@type":"ImageObject","inLanguage":"it-IT","@id":"https:\/\/secure.gravatar.com\/avatar\/2fcdf27c78ea025fbdb44e914cc63c72249ffec9dc8aafd5c82b26240ef3f346?s=96&d=mm&r=g","url":"https:\/\/secure.gravatar.com\/avatar\/2fcdf27c78ea025fbdb44e914cc63c72249ffec9dc8aafd5c82b26240ef3f346?s=96&d=mm&r=g","contentUrl":"https:\/\/secure.gravatar.com\/avatar\/2fcdf27c78ea025fbdb44e914cc63c72249ffec9dc8aafd5c82b26240ef3f346?s=96&d=mm&r=g","caption":"Redazione"},"url":"https:\/\/www.rassegnastampa-totustuus.it\/cattolica\/author\/pietroelle\/"}]}},"_links":{"self":[{"href":"https:\/\/www.rassegnastampa-totustuus.it\/cattolica\/wp-json\/wp\/v2\/posts\/1759","targetHints":{"allow":["GET"]}}],"collection":[{"href":"https:\/\/www.rassegnastampa-totustuus.it\/cattolica\/wp-json\/wp\/v2\/posts"}],"about":[{"href":"https:\/\/www.rassegnastampa-totustuus.it\/cattolica\/wp-json\/wp\/v2\/types\/post"}],"author":[{"embeddable":true,"href":"https:\/\/www.rassegnastampa-totustuus.it\/cattolica\/wp-json\/wp\/v2\/users\/6"}],"replies":[{"embeddable":true,"href":"https:\/\/www.rassegnastampa-totustuus.it\/cattolica\/wp-json\/wp\/v2\/comments?post=1759"}],"version-history":[{"count":4,"href":"https:\/\/www.rassegnastampa-totustuus.it\/cattolica\/wp-json\/wp\/v2\/posts\/1759\/revisions"}],"predecessor-version":[{"id":27563,"href":"https:\/\/www.rassegnastampa-totustuus.it\/cattolica\/wp-json\/wp\/v2\/posts\/1759\/revisions\/27563"}],"wp:featuredmedia":[{"embeddable":true,"href":"https:\/\/www.rassegnastampa-totustuus.it\/cattolica\/wp-json\/wp\/v2\/media\/27562"}],"wp:attachment":[{"href":"https:\/\/www.rassegnastampa-totustuus.it\/cattolica\/wp-json\/wp\/v2\/media?parent=1759"}],"wp:term":[{"taxonomy":"category","embeddable":true,"href":"https:\/\/www.rassegnastampa-totustuus.it\/cattolica\/wp-json\/wp\/v2\/categories?post=1759"},{"taxonomy":"post_tag","embeddable":true,"href":"https:\/\/www.rassegnastampa-totustuus.it\/cattolica\/wp-json\/wp\/v2\/tags?post=1759"}],"curies":[{"name":"wp","href":"https:\/\/api.w.org\/{rel}","templated":true}]}}