{"id":1756,"date":"2005-12-23T00:00:00","date_gmt":"2005-12-22T23:00:00","guid":{"rendered":""},"modified":"2016-06-13T12:43:41","modified_gmt":"2016-06-13T10:43:41","slug":"catholic-pride-la-fede-e-lorgoglio","status":"publish","type":"post","link":"https:\/\/www.rassegnastampa-totustuus.it\/cattolica\/catholic-pride-la-fede-e-lorgoglio\/","title":{"rendered":"\u201cCatholic pride \u2013 la fede e l\u2019orgoglio\u201d"},"content":{"rendered":"<div style=\"text-align: center;\"><strong><img loading=\"lazy\" decoding=\"async\" class=\"alignleft wp-image-34592 size-full\" src=\"https:\/\/www.rassegnastampa-totustuus.it\/cattolica\/wp-content\/uploads\/2005\/12\/catholic_pride.jpg\" alt=\"catholic_pride\" width=\"117\" height=\"192\" \/>ZENIT <\/strong>&#8211; Il mondo visto da Roma\u00a0 Servizio quotidiano<\/div>\n<div style=\"text-align: center;\">06 dicembre 2005<\/div>\n<p style=\"text-align: center;\"><em>Il libro scritto a quattro mani da Alessandro Gnocchi e Mario Palmaro<\/em><\/p>\n<p><!--more--><\/p>\n<div style=\"text-align: justify;\">ROMA, marted\u00ec, 6 dicembre 2005 (ZENIT.org).- Di fronte ad un mondo che sembra colpevolizzare chi crede in Dio, vale sicuramente la pensa di essere cattolici. E\u2019 quanto sostengono Alessandro Gnocchi e Mario Palmaro nel loro libro dal titolo \u201cCatholic pride \u2013 la fede e l\u2019orgoglio\u201d (Piemme, 192 pagine, 9,90 Euro).<\/div>\n<p style=\"text-align: justify;\">Alessandro Gnocchi \u00e8 uno studioso delle tematiche religiose nella letteratura moderna e contemporanea, oltre ad essere il maggior esperto dell\u2019opera del giornalista e scrittore umorista italiano Giovannino Guareschi (1908-1968) su cui ha pubblicato vari libri. Docente di Filosofia Teoretica al Corso di Laurea in Scienze Giuridiche dell\u2019Universit\u00e0 Europea di Roma e docente di Bioetica all\u2019Ateneo Pontificio Regina Apostolorum, Mario Palmaro \u00e8 invece autore di diverse pubblicazioni sui temi della difesa della vita, della famiglia e della storia dei Papi.<\/p>\n<p style=\"text-align: justify;\">Per saperne di pi\u00f9 sul libro ZENIT ha intervistato il professor Palmaro.<\/p>\n<p style=\"text-align: justify;\"><strong>Perch\u00e8 un libro sul Catholic pride?<\/strong><\/p>\n<p style=\"text-align: justify;\">Mi sembra innegabile che molti cattolici oggi vivano la loro fede con un senso latente di vergogna. Ognuno di noi va legittimamente orgoglioso delle persone cui vuole bene: la moglie, i figli, la madre, un fratello, un amico, il campione della squadra del cuore. Se invece qualcuno ci domanda: lei \u00e8 cattolico?, beh, spesso capita che rispondiamo un balbettante s\u00ec.<\/p>\n<p style=\"text-align: justify;\">Quasi che essere credenti della Chiesa di Cristo sia da considerare una colpa. Ovviamente, noi non vogliamo suscitare l\u2019orgoglio spirituale, che \u00e8 un peccato: nel nostro libro spieghiamo diffusamente che il cattolico \u00e8, n\u00e9 pi\u00f9 n\u00e9 meno di ogni altro uomo, un peccatore, uno che ha bisogno di essere salvato da Cristo, dall\u2019amore del Padre, dalla luce dello Spirito Santo.<\/p>\n<p style=\"text-align: justify;\">Ma l\u2019umilt\u00e0 e il senso della nostra miseria devono riguardare la nostra povera persona, non la Chiesa. Che \u00e8 invece santa. E\u2019 la nostra madre, \u00e8 la sposa di Cristo: ora, ogni volta che ci vergogniamo di lei, o che addirittura ne parliamo male, o lasciamo che altri la oltraggino, ci comportiamo come un figlio che resta indifferente di fronte alle offese fatte alla propria madre. Inoltre, noi vogliamo dire a tutto il mondo: essere cattolici non \u00e8 facile, ma \u00e8 straordinariamente bello. E\u2019 un\u2019esperienza nella quale nulla di ci\u00f2 che \u00e8 autenticamente umano viene sacrificato.<\/p>\n<p style=\"text-align: justify;\"><strong>Per una parte degli ambienti culturali, la Chiesa dovrebbe vergognarsi perch\u00e8 nel corso della storia ha istituito l&#8217;inquisizione, ha processato Galileo Galilei, ha perseguitato gli ebrei, ha discriminato le donne, continua a discriminare i gay, vieta l&#8217;aborto ecc. Nel libro si sostiene che si tratta di leggende nere. Potete fornire qualche argomento in proposito?<\/strong><\/p>\n<p style=\"text-align: justify;\">La maggior parte della accuse alla storia della Chiesa sono frutto della superficialit\u00e0, dell\u2019ignoranza, quando non della malafede. Ovviamente, esistono pagine nere nel passato degli uomini di Chiesa, come ne esistono nella vita di ognuno di noi.<\/p>\n<p style=\"text-align: justify;\">Ma nei venti secoli della Chiesa, le luci sovrastano di gran lunga le ombre. Inoltre, la Chiesa si dimostra sempre pi\u00f9 umana se paragonata al contesto storico in cui opera: istituisce con l\u2019inquisizione un processo ricco di garanzie per l\u2019imputato, in tempi in cui i tribunali secolari esercitavano una giustizia sommaria; rispetta le teorie scientifiche di Galileo e reagisce solo di fronte alla pretesa dello scienziato di rivestirle di significati teologici; quando poi lo condanna, infligge una pena che consiste negli arresti domiciliari e nella recita di alcuni Salmi penitenziali, in tempi in cui i tribunali usavano il boia con grande leggerezza.<\/p>\n<p style=\"text-align: justify;\">Sulle donne, basti ricordare che dove \u00e8 arrivato il cattolicesimo la donna \u00e8 stata riconosciuta come persona, mentre presso molte altre civilt\u00e0 essa \u00e8 tuttora discriminata. La Chiesa ama tutti gli uomini, anche le persone con problemi di omosessualit\u00e0 o le donne che hanno abortito. Ma proprio per questo amore, imitazione di Cristo, non pu\u00f2 tacere ci\u00f2 che \u00e8 peccato, proprio come Cristo quando incontra l\u2019adultera: la perdona, ma le dice: \u201cVa, e non peccare pi\u00f9\u201d.<\/p>\n<p style=\"text-align: justify;\"><strong>E\u2019 molto interessante nel libro la parte in cui lei affronta il problema di quei credenti che non ammettono pi\u00f9 l&#8217;esistenza del Diavolo. Si tratta di un progresso nella teologia cristiana o un frutto amaro del relativismo?<\/strong><\/p>\n<p style=\"text-align: justify;\">Dimenticarsi del diavolo, o addirittura affermare che non esiste, significa proprio fare il suo gioco. Soprattutto, provoca l\u2019alienazione dell\u2019uomo, che non riesce pi\u00f9 a spiegarsi il perch\u00e9 del male morale del mondo. La Chiesa ci insegna che ognuno di noi \u00e8 libero, e dunque responsabile delle sue azioni, ma al contempo ci avverte dell\u2019esistenza di una entit\u00e0 personale misteriosa, che agisce incessantemente per condurre quante pi\u00f9 anime possibili all\u2019inferno e che si compiace di ogni malvagit\u00e0 compiuta nel mondo.<\/p>\n<p style=\"text-align: justify;\">Si tratta di una verit\u00e0 che non deve essere vissuta ossessivamente, precipitando l\u2019uomo nella paura. Tuttavia, ricordarla aiuta il cristiano a evitare di affrontare una simile lotta impari con le sue sole forze, senza invocare la potenza della Grazia, attraverso i sacramenti, la preghiera, il digiuno. Si potr\u00e0 anche sorridere di fronte a queste verit\u00e0 della fede: ma la prova dei fatti dimostra che la disperazione dilaga nelle case in cui non si crede pi\u00f9 in tutto questo.<\/p>\n<p style=\"text-align: justify;\"><strong>Quali sono le argomentazioni per essere orgogliosi di essere cattolici?<\/strong><\/p>\n<p style=\"text-align: justify;\">Nella Chiesa l\u2019uomo sperimenta innanzitutto l\u2019incontro personale con Cristo, nell\u2019Eucaristia, nella preghiera e nella vita di tutti i giorni. Cristo ha voluto che il cuore di questa realt\u00e0 fossero i sacerdoti, che offrono a tutti due cose straordinarie: il corpo di Cristo e il perdono del Signore. Pensiamoci un momento: nemmeno mille angeli del cielo, nella loro potenza, potrebbero rimettere un solo peccato mortale.<\/p>\n<p style=\"text-align: justify;\">Un pover\u2019uomo, che per\u00f2 sia sacerdote, ha pi\u00f9 potere di mille angeli. La Chiesa non \u00e8 una compagnia di schiavi ma una comunit\u00e0 di amici di Cristo, fatta non solo di quelli che sono ancora in questo mondo, ma anche dalle schiere di uomini e donne che sono gi\u00e0 morti, e che pure sono pienamente vivi e vicini a noi. Inoltre, la Chiesa ci affida a Maria, una madre sollecita che ci ama dello stesso amore per Cristo, descritto in modo straordinario da Mel Gibson in The Passion.<\/p>\n<p style=\"text-align: justify;\">Il cattolico \u00e8 uno che trova nel proprio lavoro quotidiano motivo per santificarsi, che ha nella morale un cammino impegnativo da percorrere per amore di Cristo, e che conosce molto bene la notte del peccato e la luce del perdono che la Chiesa elargisce senza limiti. Esiste un\u2019altra realt\u00e0 al mondo che offra all\u2019uomo tutto questo? ZI05120602<\/p>\n<p style=\"text-align: justify;\">_____________________<\/p>\n<p style=\"text-align: justify;\"><strong><a href=\"http:\/\/www.theseuslibri.it\/product\/1070\/Catholic-pride.html\" target=\"_blank\"><strong>Catholic Pride. La fede e l&#8217;orgoglio<\/strong><\/a><\/strong>, A.<strong>Gnocchi M.Palmar<\/strong>o &#8211; Piemme 2005<\/p>\n","protected":false},"excerpt":{"rendered":"<p>ZENIT &#8211; Il mondo visto da Roma\u00a0 Servizio quotidiano 06 dicembre 2005 Il libro scritto a quattro mani da Alessandro Gnocchi e Mario Palmaro<\/p><p><a class=\"more-link btn\" href=\"https:\/\/www.rassegnastampa-totustuus.it\/cattolica\/catholic-pride-la-fede-e-lorgoglio\/\">Continua a leggere<\/a><\/p>\n","protected":false},"author":6,"featured_media":34592,"comment_status":"closed","ping_status":"open","sticky":false,"template":"","format":"standard","meta":{"footnotes":""},"categories":[5,17],"tags":[1164],"class_list":["post-1756","post","type-post","status-publish","format-standard","has-post-thumbnail","hentry","category-chiesa","category-libri","tag-catholic-pride","item-wrap"],"yoast_head":"<!-- This site is optimized with the Yoast SEO plugin v27.5 - https:\/\/yoast.com\/product\/yoast-seo-wordpress\/ -->\n<title>\u201cCatholic pride \u2013 la fede e l\u2019orgoglio\u201d - Rassegna Stampa Cattolica<\/title>\n<meta name=\"description\" content=\"Rassegna Stampa Cattolica - Per una cultura che nasce dalla Rivelazione cristiana in conformit\u00e0 alla tradizione e al Magistero della Chiesa in opposizione ad ogni relativismo e totalitarismo\" \/>\n<meta name=\"robots\" content=\"index, follow, max-snippet:-1, max-image-preview:large, max-video-preview:-1\" \/>\n<link rel=\"canonical\" href=\"https:\/\/www.rassegnastampa-totustuus.it\/cattolica\/catholic-pride-la-fede-e-lorgoglio\/\" \/>\n<meta property=\"og:locale\" content=\"it_IT\" \/>\n<meta property=\"og:type\" content=\"article\" \/>\n<meta property=\"og:title\" content=\"\u201cCatholic pride \u2013 la fede e l\u2019orgoglio\u201d - Rassegna Stampa Cattolica\" \/>\n<meta property=\"og:description\" content=\"Rassegna Stampa Cattolica - Per una cultura che nasce dalla Rivelazione cristiana in conformit\u00e0 alla tradizione e al Magistero della Chiesa in opposizione ad ogni relativismo e totalitarismo\" \/>\n<meta property=\"og:url\" content=\"https:\/\/www.rassegnastampa-totustuus.it\/cattolica\/catholic-pride-la-fede-e-lorgoglio\/\" \/>\n<meta property=\"og:site_name\" content=\"Rassegna Stampa Cattolica\" \/>\n<meta property=\"article:publisher\" content=\"https:\/\/www.facebook.com\/rassegnastampacattolica\" \/>\n<meta property=\"article:published_time\" content=\"2005-12-22T23:00:00+00:00\" \/>\n<meta property=\"article:modified_time\" content=\"2016-06-13T10:43:41+00:00\" \/>\n<meta property=\"og:image\" content=\"https:\/\/www.rassegnastampa-totustuus.it\/cattolica\/wp-content\/uploads\/2005\/12\/catholic_pride.jpg\" \/>\n\t<meta property=\"og:image:width\" content=\"117\" \/>\n\t<meta property=\"og:image:height\" content=\"192\" \/>\n\t<meta property=\"og:image:type\" content=\"image\/jpeg\" \/>\n<meta name=\"author\" content=\"Redazione\" \/>\n<meta name=\"twitter:card\" content=\"summary_large_image\" \/>\n<meta name=\"twitter:creator\" content=\"@rassegnastampa9\" \/>\n<meta name=\"twitter:site\" content=\"@rassegnastampa9\" \/>\n<meta name=\"twitter:label1\" content=\"Scritto da\" \/>\n\t<meta name=\"twitter:data1\" content=\"Redazione\" \/>\n\t<meta name=\"twitter:label2\" content=\"Tempo di lettura stimato\" \/>\n\t<meta name=\"twitter:data2\" content=\"5 minuti\" \/>\n<script type=\"application\/ld+json\" class=\"yoast-schema-graph\">{\"@context\":\"https:\\\/\\\/schema.org\",\"@graph\":[{\"@type\":\"Article\",\"@id\":\"https:\\\/\\\/www.rassegnastampa-totustuus.it\\\/cattolica\\\/catholic-pride-la-fede-e-lorgoglio\\\/#article\",\"isPartOf\":{\"@id\":\"https:\\\/\\\/www.rassegnastampa-totustuus.it\\\/cattolica\\\/catholic-pride-la-fede-e-lorgoglio\\\/\"},\"author\":{\"name\":\"Redazione\",\"@id\":\"https:\\\/\\\/www.rassegnastampa-totustuus.it\\\/cattolica\\\/#\\\/schema\\\/person\\\/08f319d2bd1a0904ad9e2bfb7b15e5c3\"},\"headline\":\"\u201cCatholic pride \u2013 la fede e l\u2019orgoglio\u201d\",\"datePublished\":\"2005-12-22T23:00:00+00:00\",\"dateModified\":\"2016-06-13T10:43:41+00:00\",\"mainEntityOfPage\":{\"@id\":\"https:\\\/\\\/www.rassegnastampa-totustuus.it\\\/cattolica\\\/catholic-pride-la-fede-e-lorgoglio\\\/\"},\"wordCount\":1093,\"publisher\":{\"@id\":\"https:\\\/\\\/www.rassegnastampa-totustuus.it\\\/cattolica\\\/#organization\"},\"image\":{\"@id\":\"https:\\\/\\\/www.rassegnastampa-totustuus.it\\\/cattolica\\\/catholic-pride-la-fede-e-lorgoglio\\\/#primaryimage\"},\"thumbnailUrl\":\"https:\\\/\\\/www.rassegnastampa-totustuus.it\\\/cattolica\\\/wp-content\\\/uploads\\\/2005\\\/12\\\/catholic_pride.jpg\",\"keywords\":[\"Catholic pride\"],\"articleSection\":[\"Chiesa\",\"Libri\"],\"inLanguage\":\"it-IT\"},{\"@type\":\"WebPage\",\"@id\":\"https:\\\/\\\/www.rassegnastampa-totustuus.it\\\/cattolica\\\/catholic-pride-la-fede-e-lorgoglio\\\/\",\"url\":\"https:\\\/\\\/www.rassegnastampa-totustuus.it\\\/cattolica\\\/catholic-pride-la-fede-e-lorgoglio\\\/\",\"name\":\"\u201cCatholic pride \u2013 la fede e l\u2019orgoglio\u201d - Rassegna Stampa Cattolica\",\"isPartOf\":{\"@id\":\"https:\\\/\\\/www.rassegnastampa-totustuus.it\\\/cattolica\\\/#website\"},\"primaryImageOfPage\":{\"@id\":\"https:\\\/\\\/www.rassegnastampa-totustuus.it\\\/cattolica\\\/catholic-pride-la-fede-e-lorgoglio\\\/#primaryimage\"},\"image\":{\"@id\":\"https:\\\/\\\/www.rassegnastampa-totustuus.it\\\/cattolica\\\/catholic-pride-la-fede-e-lorgoglio\\\/#primaryimage\"},\"thumbnailUrl\":\"https:\\\/\\\/www.rassegnastampa-totustuus.it\\\/cattolica\\\/wp-content\\\/uploads\\\/2005\\\/12\\\/catholic_pride.jpg\",\"datePublished\":\"2005-12-22T23:00:00+00:00\",\"dateModified\":\"2016-06-13T10:43:41+00:00\",\"description\":\"Rassegna Stampa Cattolica - Per una cultura che nasce dalla Rivelazione cristiana in conformit\u00e0 alla tradizione e al Magistero della Chiesa in opposizione ad ogni relativismo e totalitarismo\",\"breadcrumb\":{\"@id\":\"https:\\\/\\\/www.rassegnastampa-totustuus.it\\\/cattolica\\\/catholic-pride-la-fede-e-lorgoglio\\\/#breadcrumb\"},\"inLanguage\":\"it-IT\",\"potentialAction\":[{\"@type\":\"ReadAction\",\"target\":[\"https:\\\/\\\/www.rassegnastampa-totustuus.it\\\/cattolica\\\/catholic-pride-la-fede-e-lorgoglio\\\/\"]}]},{\"@type\":\"ImageObject\",\"inLanguage\":\"it-IT\",\"@id\":\"https:\\\/\\\/www.rassegnastampa-totustuus.it\\\/cattolica\\\/catholic-pride-la-fede-e-lorgoglio\\\/#primaryimage\",\"url\":\"https:\\\/\\\/www.rassegnastampa-totustuus.it\\\/cattolica\\\/wp-content\\\/uploads\\\/2005\\\/12\\\/catholic_pride.jpg\",\"contentUrl\":\"https:\\\/\\\/www.rassegnastampa-totustuus.it\\\/cattolica\\\/wp-content\\\/uploads\\\/2005\\\/12\\\/catholic_pride.jpg\",\"width\":117,\"height\":192},{\"@type\":\"BreadcrumbList\",\"@id\":\"https:\\\/\\\/www.rassegnastampa-totustuus.it\\\/cattolica\\\/catholic-pride-la-fede-e-lorgoglio\\\/#breadcrumb\",\"itemListElement\":[{\"@type\":\"ListItem\",\"position\":1,\"name\":\"Home\",\"item\":\"https:\\\/\\\/www.rassegnastampa-totustuus.it\\\/cattolica\\\/\"},{\"@type\":\"ListItem\",\"position\":2,\"name\":\"\u201cCatholic pride \u2013 la fede e l\u2019orgoglio\u201d\"}]},{\"@type\":\"WebSite\",\"@id\":\"https:\\\/\\\/www.rassegnastampa-totustuus.it\\\/cattolica\\\/#website\",\"url\":\"https:\\\/\\\/www.rassegnastampa-totustuus.it\\\/cattolica\\\/\",\"name\":\"Rassegna Stampa Cattolica\",\"description\":\"Per una cultura che nasce dalla Rivelazione cristiana in conformit\u00e0 alla tradizione e al Magistero della Chiesa in opposizione ad ogni relativismo e totalitarismo\",\"publisher\":{\"@id\":\"https:\\\/\\\/www.rassegnastampa-totustuus.it\\\/cattolica\\\/#organization\"},\"alternateName\":\"Rass. Cattolica\",\"potentialAction\":[{\"@type\":\"SearchAction\",\"target\":{\"@type\":\"EntryPoint\",\"urlTemplate\":\"https:\\\/\\\/www.rassegnastampa-totustuus.it\\\/cattolica\\\/?s={search_term_string}\"},\"query-input\":{\"@type\":\"PropertyValueSpecification\",\"valueRequired\":true,\"valueName\":\"search_term_string\"}}],\"inLanguage\":\"it-IT\"},{\"@type\":\"Organization\",\"@id\":\"https:\\\/\\\/www.rassegnastampa-totustuus.it\\\/cattolica\\\/#organization\",\"name\":\"Rassegna Stampa Cattolica\",\"url\":\"https:\\\/\\\/www.rassegnastampa-totustuus.it\\\/cattolica\\\/\",\"logo\":{\"@type\":\"ImageObject\",\"inLanguage\":\"it-IT\",\"@id\":\"https:\\\/\\\/www.rassegnastampa-totustuus.it\\\/cattolica\\\/#\\\/schema\\\/logo\\\/image\\\/\",\"url\":\"https:\\\/\\\/www.rassegnastampa-totustuus.it\\\/cattolica\\\/wp-content\\\/uploads\\\/2014\\\/04\\\/logo-rassegna1.gif\",\"contentUrl\":\"https:\\\/\\\/www.rassegnastampa-totustuus.it\\\/cattolica\\\/wp-content\\\/uploads\\\/2014\\\/04\\\/logo-rassegna1.gif\",\"width\":600,\"height\":163,\"caption\":\"Rassegna Stampa Cattolica\"},\"image\":{\"@id\":\"https:\\\/\\\/www.rassegnastampa-totustuus.it\\\/cattolica\\\/#\\\/schema\\\/logo\\\/image\\\/\"},\"sameAs\":[\"https:\\\/\\\/www.facebook.com\\\/rassegnastampacattolica\",\"https:\\\/\\\/x.com\\\/rassegnastampa9\"]},{\"@type\":\"Person\",\"@id\":\"https:\\\/\\\/www.rassegnastampa-totustuus.it\\\/cattolica\\\/#\\\/schema\\\/person\\\/08f319d2bd1a0904ad9e2bfb7b15e5c3\",\"name\":\"Redazione\",\"image\":{\"@type\":\"ImageObject\",\"inLanguage\":\"it-IT\",\"@id\":\"https:\\\/\\\/secure.gravatar.com\\\/avatar\\\/2fcdf27c78ea025fbdb44e914cc63c72249ffec9dc8aafd5c82b26240ef3f346?s=96&d=mm&r=g\",\"url\":\"https:\\\/\\\/secure.gravatar.com\\\/avatar\\\/2fcdf27c78ea025fbdb44e914cc63c72249ffec9dc8aafd5c82b26240ef3f346?s=96&d=mm&r=g\",\"contentUrl\":\"https:\\\/\\\/secure.gravatar.com\\\/avatar\\\/2fcdf27c78ea025fbdb44e914cc63c72249ffec9dc8aafd5c82b26240ef3f346?s=96&d=mm&r=g\",\"caption\":\"Redazione\"},\"url\":\"https:\\\/\\\/www.rassegnastampa-totustuus.it\\\/cattolica\\\/author\\\/pietroelle\\\/\"}]}<\/script>\n<!-- \/ Yoast SEO plugin. -->","yoast_head_json":{"title":"\u201cCatholic pride \u2013 la fede e l\u2019orgoglio\u201d - Rassegna Stampa Cattolica","description":"Rassegna Stampa Cattolica - Per una cultura che nasce dalla Rivelazione cristiana in conformit\u00e0 alla tradizione e al Magistero della Chiesa in opposizione ad ogni relativismo e totalitarismo","robots":{"index":"index","follow":"follow","max-snippet":"max-snippet:-1","max-image-preview":"max-image-preview:large","max-video-preview":"max-video-preview:-1"},"canonical":"https:\/\/www.rassegnastampa-totustuus.it\/cattolica\/catholic-pride-la-fede-e-lorgoglio\/","og_locale":"it_IT","og_type":"article","og_title":"\u201cCatholic pride \u2013 la fede e l\u2019orgoglio\u201d - Rassegna Stampa Cattolica","og_description":"Rassegna Stampa Cattolica - Per una cultura che nasce dalla Rivelazione cristiana in conformit\u00e0 alla tradizione e al Magistero della Chiesa in opposizione ad ogni relativismo e totalitarismo","og_url":"https:\/\/www.rassegnastampa-totustuus.it\/cattolica\/catholic-pride-la-fede-e-lorgoglio\/","og_site_name":"Rassegna Stampa Cattolica","article_publisher":"https:\/\/www.facebook.com\/rassegnastampacattolica","article_published_time":"2005-12-22T23:00:00+00:00","article_modified_time":"2016-06-13T10:43:41+00:00","og_image":[{"width":117,"height":192,"url":"https:\/\/www.rassegnastampa-totustuus.it\/cattolica\/wp-content\/uploads\/2005\/12\/catholic_pride.jpg","type":"image\/jpeg"}],"author":"Redazione","twitter_card":"summary_large_image","twitter_creator":"@rassegnastampa9","twitter_site":"@rassegnastampa9","twitter_misc":{"Scritto da":"Redazione","Tempo di lettura stimato":"5 minuti"},"schema":{"@context":"https:\/\/schema.org","@graph":[{"@type":"Article","@id":"https:\/\/www.rassegnastampa-totustuus.it\/cattolica\/catholic-pride-la-fede-e-lorgoglio\/#article","isPartOf":{"@id":"https:\/\/www.rassegnastampa-totustuus.it\/cattolica\/catholic-pride-la-fede-e-lorgoglio\/"},"author":{"name":"Redazione","@id":"https:\/\/www.rassegnastampa-totustuus.it\/cattolica\/#\/schema\/person\/08f319d2bd1a0904ad9e2bfb7b15e5c3"},"headline":"\u201cCatholic pride \u2013 la fede e l\u2019orgoglio\u201d","datePublished":"2005-12-22T23:00:00+00:00","dateModified":"2016-06-13T10:43:41+00:00","mainEntityOfPage":{"@id":"https:\/\/www.rassegnastampa-totustuus.it\/cattolica\/catholic-pride-la-fede-e-lorgoglio\/"},"wordCount":1093,"publisher":{"@id":"https:\/\/www.rassegnastampa-totustuus.it\/cattolica\/#organization"},"image":{"@id":"https:\/\/www.rassegnastampa-totustuus.it\/cattolica\/catholic-pride-la-fede-e-lorgoglio\/#primaryimage"},"thumbnailUrl":"https:\/\/www.rassegnastampa-totustuus.it\/cattolica\/wp-content\/uploads\/2005\/12\/catholic_pride.jpg","keywords":["Catholic pride"],"articleSection":["Chiesa","Libri"],"inLanguage":"it-IT"},{"@type":"WebPage","@id":"https:\/\/www.rassegnastampa-totustuus.it\/cattolica\/catholic-pride-la-fede-e-lorgoglio\/","url":"https:\/\/www.rassegnastampa-totustuus.it\/cattolica\/catholic-pride-la-fede-e-lorgoglio\/","name":"\u201cCatholic pride \u2013 la fede e l\u2019orgoglio\u201d - Rassegna Stampa Cattolica","isPartOf":{"@id":"https:\/\/www.rassegnastampa-totustuus.it\/cattolica\/#website"},"primaryImageOfPage":{"@id":"https:\/\/www.rassegnastampa-totustuus.it\/cattolica\/catholic-pride-la-fede-e-lorgoglio\/#primaryimage"},"image":{"@id":"https:\/\/www.rassegnastampa-totustuus.it\/cattolica\/catholic-pride-la-fede-e-lorgoglio\/#primaryimage"},"thumbnailUrl":"https:\/\/www.rassegnastampa-totustuus.it\/cattolica\/wp-content\/uploads\/2005\/12\/catholic_pride.jpg","datePublished":"2005-12-22T23:00:00+00:00","dateModified":"2016-06-13T10:43:41+00:00","description":"Rassegna Stampa Cattolica - Per una cultura che nasce dalla Rivelazione cristiana in conformit\u00e0 alla tradizione e al Magistero della Chiesa in opposizione ad ogni relativismo e totalitarismo","breadcrumb":{"@id":"https:\/\/www.rassegnastampa-totustuus.it\/cattolica\/catholic-pride-la-fede-e-lorgoglio\/#breadcrumb"},"inLanguage":"it-IT","potentialAction":[{"@type":"ReadAction","target":["https:\/\/www.rassegnastampa-totustuus.it\/cattolica\/catholic-pride-la-fede-e-lorgoglio\/"]}]},{"@type":"ImageObject","inLanguage":"it-IT","@id":"https:\/\/www.rassegnastampa-totustuus.it\/cattolica\/catholic-pride-la-fede-e-lorgoglio\/#primaryimage","url":"https:\/\/www.rassegnastampa-totustuus.it\/cattolica\/wp-content\/uploads\/2005\/12\/catholic_pride.jpg","contentUrl":"https:\/\/www.rassegnastampa-totustuus.it\/cattolica\/wp-content\/uploads\/2005\/12\/catholic_pride.jpg","width":117,"height":192},{"@type":"BreadcrumbList","@id":"https:\/\/www.rassegnastampa-totustuus.it\/cattolica\/catholic-pride-la-fede-e-lorgoglio\/#breadcrumb","itemListElement":[{"@type":"ListItem","position":1,"name":"Home","item":"https:\/\/www.rassegnastampa-totustuus.it\/cattolica\/"},{"@type":"ListItem","position":2,"name":"\u201cCatholic pride \u2013 la fede e l\u2019orgoglio\u201d"}]},{"@type":"WebSite","@id":"https:\/\/www.rassegnastampa-totustuus.it\/cattolica\/#website","url":"https:\/\/www.rassegnastampa-totustuus.it\/cattolica\/","name":"Rassegna Stampa Cattolica","description":"Per una cultura che nasce dalla Rivelazione cristiana in conformit\u00e0 alla tradizione e al Magistero della Chiesa in opposizione ad ogni relativismo e totalitarismo","publisher":{"@id":"https:\/\/www.rassegnastampa-totustuus.it\/cattolica\/#organization"},"alternateName":"Rass. Cattolica","potentialAction":[{"@type":"SearchAction","target":{"@type":"EntryPoint","urlTemplate":"https:\/\/www.rassegnastampa-totustuus.it\/cattolica\/?s={search_term_string}"},"query-input":{"@type":"PropertyValueSpecification","valueRequired":true,"valueName":"search_term_string"}}],"inLanguage":"it-IT"},{"@type":"Organization","@id":"https:\/\/www.rassegnastampa-totustuus.it\/cattolica\/#organization","name":"Rassegna Stampa Cattolica","url":"https:\/\/www.rassegnastampa-totustuus.it\/cattolica\/","logo":{"@type":"ImageObject","inLanguage":"it-IT","@id":"https:\/\/www.rassegnastampa-totustuus.it\/cattolica\/#\/schema\/logo\/image\/","url":"https:\/\/www.rassegnastampa-totustuus.it\/cattolica\/wp-content\/uploads\/2014\/04\/logo-rassegna1.gif","contentUrl":"https:\/\/www.rassegnastampa-totustuus.it\/cattolica\/wp-content\/uploads\/2014\/04\/logo-rassegna1.gif","width":600,"height":163,"caption":"Rassegna Stampa Cattolica"},"image":{"@id":"https:\/\/www.rassegnastampa-totustuus.it\/cattolica\/#\/schema\/logo\/image\/"},"sameAs":["https:\/\/www.facebook.com\/rassegnastampacattolica","https:\/\/x.com\/rassegnastampa9"]},{"@type":"Person","@id":"https:\/\/www.rassegnastampa-totustuus.it\/cattolica\/#\/schema\/person\/08f319d2bd1a0904ad9e2bfb7b15e5c3","name":"Redazione","image":{"@type":"ImageObject","inLanguage":"it-IT","@id":"https:\/\/secure.gravatar.com\/avatar\/2fcdf27c78ea025fbdb44e914cc63c72249ffec9dc8aafd5c82b26240ef3f346?s=96&d=mm&r=g","url":"https:\/\/secure.gravatar.com\/avatar\/2fcdf27c78ea025fbdb44e914cc63c72249ffec9dc8aafd5c82b26240ef3f346?s=96&d=mm&r=g","contentUrl":"https:\/\/secure.gravatar.com\/avatar\/2fcdf27c78ea025fbdb44e914cc63c72249ffec9dc8aafd5c82b26240ef3f346?s=96&d=mm&r=g","caption":"Redazione"},"url":"https:\/\/www.rassegnastampa-totustuus.it\/cattolica\/author\/pietroelle\/"}]}},"_links":{"self":[{"href":"https:\/\/www.rassegnastampa-totustuus.it\/cattolica\/wp-json\/wp\/v2\/posts\/1756","targetHints":{"allow":["GET"]}}],"collection":[{"href":"https:\/\/www.rassegnastampa-totustuus.it\/cattolica\/wp-json\/wp\/v2\/posts"}],"about":[{"href":"https:\/\/www.rassegnastampa-totustuus.it\/cattolica\/wp-json\/wp\/v2\/types\/post"}],"author":[{"embeddable":true,"href":"https:\/\/www.rassegnastampa-totustuus.it\/cattolica\/wp-json\/wp\/v2\/users\/6"}],"replies":[{"embeddable":true,"href":"https:\/\/www.rassegnastampa-totustuus.it\/cattolica\/wp-json\/wp\/v2\/comments?post=1756"}],"version-history":[{"count":4,"href":"https:\/\/www.rassegnastampa-totustuus.it\/cattolica\/wp-json\/wp\/v2\/posts\/1756\/revisions"}],"predecessor-version":[{"id":34593,"href":"https:\/\/www.rassegnastampa-totustuus.it\/cattolica\/wp-json\/wp\/v2\/posts\/1756\/revisions\/34593"}],"wp:featuredmedia":[{"embeddable":true,"href":"https:\/\/www.rassegnastampa-totustuus.it\/cattolica\/wp-json\/wp\/v2\/media\/34592"}],"wp:attachment":[{"href":"https:\/\/www.rassegnastampa-totustuus.it\/cattolica\/wp-json\/wp\/v2\/media?parent=1756"}],"wp:term":[{"taxonomy":"category","embeddable":true,"href":"https:\/\/www.rassegnastampa-totustuus.it\/cattolica\/wp-json\/wp\/v2\/categories?post=1756"},{"taxonomy":"post_tag","embeddable":true,"href":"https:\/\/www.rassegnastampa-totustuus.it\/cattolica\/wp-json\/wp\/v2\/tags?post=1756"}],"curies":[{"name":"wp","href":"https:\/\/api.w.org\/{rel}","templated":true}]}}