{"id":1754,"date":"2005-12-23T00:00:00","date_gmt":"2005-12-22T23:00:00","guid":{"rendered":""},"modified":"2016-01-04T19:21:52","modified_gmt":"2016-01-04T18:21:52","slug":"il-presepio-espressione-della-tradizione-e-strumento-di-evangelizzazione","status":"publish","type":"post","link":"https:\/\/www.rassegnastampa-totustuus.it\/cattolica\/il-presepio-espressione-della-tradizione-e-strumento-di-evangelizzazione\/","title":{"rendered":"Il presepio espressione della tradizione e strumento di evangelizzazione"},"content":{"rendered":"<div style=\"text-align: center;\"><strong><a href=\"https:\/\/www.rassegnastampa-totustuus.it\/cattolica\/wp-content\/uploads\/2005\/12\/presepe.jpg\"><img loading=\"lazy\" decoding=\"async\" class=\"alignright wp-image-29211\" src=\"https:\/\/www.rassegnastampa-totustuus.it\/cattolica\/wp-content\/uploads\/2005\/12\/presepe.jpg\" alt=\"presepe\" width=\"256\" height=\"156\" \/><\/a>ZENIT<\/strong> &#8211; Il mondo visto da Roma\u00a0 Servizio quotidiano\u00a0 &#8211; 07 dicembre 2005<\/div>\n<p style=\"text-align: justify;\">ROMA, mercoled\u00ec, 7 dicembre 2005 (ZENIT.org).- \u201cNonostante la secolarizzazione che ha colpito gran parte del mondo avanzato, la pratica di rappresentare la nascita di Ges\u00f9 attraverso il presepio \u00e8 una espressione artistica, religiosa e tradizionale, che sta conquistando il mondo\u201d, afferma il professor Ettore Formosa.<\/p>\n<p><!--more--><\/p>\n<div style=\"text-align: justify;\">E\u2019 questo il giudizio confidato a ZENIT dal Rappresentante italiano della Federazione Mondiale dei Presepi (Universalis Faederatio Presepistica), questo marted\u00ec, a margine della conferenza stampa di presentazione della mostra \u201cPresepi&#8230;Seguendo la Stella Cometa\u201d. La mostra, che raccoglie una selezione di presepi realizzati da alcuni dei pi\u00f9 bravi artisti italiani della scuola Napoletana, Romana, Siciliana e Leccese, rimarr\u00e0 aperta dall&#8217;8 dicembre 2005 fino all&#8217;8 gennaio 2006 presso il Centro San Carlo al Corso in via del Corso n. 437, a Roma.<\/div>\n<p style=\"text-align: justify;\">L\u2019iniziativa \u00e8 stata realizzata con il patrocinio del Comune di Lecce, del Comune di Napoli, del Comune di Ancona, del I Municipio di Roma, dell\u2019Istituto San Clemente I Papa e Martire e dell&#8217;Ordine Teutonico. Nel corso della conferenza stampa monsignor Raffaello Martinelli, Primicerio della Basilica dei SS. Ambrogio e Carlo, ha spiegato che \u201cil presepio \u00e8 dimora di Dio con gli uomini\u201d. Monsignor Martinelli ha assicurato che \u201cvisitando e contemplando il presepio, ciascuno di noi pu\u00f2 e deve richiamare alla mente l\u2019eterna e incredibile volont\u00e0 di Dio, di essere, di dimorare per sempre con noi e in noi\u201d.<\/p>\n<p style=\"text-align: justify;\">\u201cVolont\u00e0 che si attua in vari modi\u201d, ha osservato: \u201cDio dimora con me, perch\u00e9 \u2018mi ha amato e ha dato se stesso per me\u2019 (Gal 2,20), nel Suo unigenito Figlio diletto, Ges\u00f9 Cristo, Verbo fatto carne. \u2018Chiunque riconosce che Ges\u00f9 \u00e8 il Figlio di Dio, Dio dimora in lui ed egli in Dio\u2019 (1Gv 4,15)\u201d. Partendo da questa verit\u00e0 teologica la maestra presepista Giulietta Cavallo ha ricordato che il presepio pi\u00f9 antico \u00e8 raffigurato a Roma nelle catacombe di Priscilla in un affresco del secondo secolo, che ritrae Maria, Ges\u00f9 Bambino ed un profeta che indica una stella. Nello stesso luogo si trova anche un altro affresco con i Magi in abiti persiani che portano i doni.<\/p>\n<p style=\"text-align: justify;\">Secondo la maestra presepista \u00e8 molto probabile che la sacra raffigurazione della nascita di Ges\u00f9 si sia diffusa timidamente, arricchendosi di particolari attinti dai Vangeli apocrifi. Le origini della storia del presepio, ha poi spiegato, sono alquanto incerte fino a San Francesco che nel Natale del 1233, in una grotta nel bosco di Greccio (provincia di Rieti, Lazio), riprodusse la scena della Nativit\u00e0.<\/p>\n<p style=\"text-align: justify;\">Tuttavia, ha continuato, soltanto nel XV secolo si inizia ad usare la parola presepio (dal latino praesepium che significa mangiatoia). Un esempio di come il presepio diventa arte che ripropone la suggestione e la straordinariet\u00e0 dell\u2019evento di una nascita destinata a segnare profondamente il cammino dell\u2019umanit\u00e0 \u00e8 rappresentata dal presepio di Santa Maria Maggiore, con statue di Arnolfo da Cambio (1245-1302).<\/p>\n<p style=\"text-align: justify;\">La signora Cavallo ha affermato che \u201csoltanto nel 1562, a Praga, per opera dei padri Gesuiti, quando viene realizzato un insieme delle usanze religiose e del teatro liturgico, cos\u00ec come l\u2019esposizione del bimbo in culla, nasce il presepio come noi lo conosciamo oggi\u201d. Il professor Formosa ha detto a ZENIT che il presepio fu uno strumento utilizzato dai Gesuiti nell\u2019opera di evangelizzazione dell\u2019America Latina.<\/p>\n<p style=\"text-align: justify;\">Parlando dei tempi moderni, lo studioso ha sottolineato che \u201cc\u2019\u00e8 un grande ritorno della tradizione. In Spagna la costruzione del presepio \u00e8 una delle materie scolastiche. E nonostante Zapatero, quella del presepio \u00e8 una delle tradizioni pi\u00f9 radicate e pi\u00f9 forti nella cultura e nella popolazione, tanto che la scuola spagnola dei presepi \u00e8 di altissimo livello\u201d.<\/p>\n<p style=\"text-align: justify;\">\u201cL\u2019attenzione, lo studio e la cultura del presepio sta crescendo in tutto il mondo\u201d, ha rilevato il professor Formosa: \u201cL\u2019Associazione Italiana Amici del Presepio (http:\/\/www.presepio.it) organizza ogni anno una riunione ed un Convegno per approfondire questa conoscenza. A Roma c\u2019\u00e8 un Museo del Presepio, in via Tor de&#8217; Conti, 31a\u201d.<\/p>\n<p style=\"text-align: justify;\">\u201cTre giorni fa si \u00e8 aperta a Mosca una grande mostra di presepi \u2013 ha continuato \u2013. Tra le nuove associazioni di amici del presepio, l\u2019ultima in ordine di tempo \u00e8 stata costituita tre anni fa negli Stati Uniti, e, presieduta da Jim Govan, raccoglie migliaia di soci\u201d.<\/p>\n<p style=\"text-align: justify;\">\u201cProprio in questi giorno si \u00e8 aperta una grande mostra sui presepi, vicino a New York, ed \u00e8 la prima che fanno dopo tantissimi anni\u201d, ha continuato. A questo proposito, la Signora Cavallo, ha raccontato di aver visitato mostre sui presepi a Boston e Chicago e addirittura in Giappone. \u201cMolti abitanti del Sol Levante fanno il presepio in casa anche se non sono cristiani\u201d, ha raccontato.<\/p>\n<p style=\"text-align: justify;\">[Per maggiori informazioni sulla mostra \u201cPresepi&#8230;Seguendo la Stella Cometa\u201d: www.pgeventi.it] ZI05120713<\/p>\n","protected":false},"excerpt":{"rendered":"<p>ZENIT &#8211; Il mondo visto da Roma\u00a0 Servizio quotidiano\u00a0 &#8211; 07 dicembre 2005 ROMA, mercoled\u00ec, 7 dicembre 2005 (ZENIT.org).- \u201cNonostante la secolarizzazione che ha colpito gran parte del mondo avanzato, la pratica di rappresentare la nascita di Ges\u00f9 attraverso il presepio \u00e8 una espressione artistica, religiosa e tradizionale, che sta conquistando il mondo\u201d, afferma il &hellip; <\/p>\n<p><a class=\"more-link btn\" href=\"https:\/\/www.rassegnastampa-totustuus.it\/cattolica\/il-presepio-espressione-della-tradizione-e-strumento-di-evangelizzazione\/\">Continua a leggere<\/a><\/p>\n","protected":false},"author":6,"featured_media":29211,"comment_status":"closed","ping_status":"open","sticky":false,"template":"","format":"standard","meta":{"footnotes":""},"categories":[8],"tags":[1163],"class_list":["post-1754","post","type-post","status-publish","format-standard","has-post-thumbnail","hentry","category-cultura-e-tradizioni","tag-presepio","item-wrap"],"yoast_head":"<!-- This site is optimized with the Yoast SEO plugin v27.5 - https:\/\/yoast.com\/product\/yoast-seo-wordpress\/ -->\n<title>Il presepio espressione della tradizione e strumento di evangelizzazione - Rassegna Stampa Cattolica<\/title>\n<meta name=\"description\" content=\"Rassegna Stampa Cattolica - Per una cultura che nasce dalla Rivelazione cristiana in conformit\u00e0 alla tradizione e al Magistero della Chiesa in opposizione ad ogni relativismo e totalitarismo\" \/>\n<meta name=\"robots\" content=\"index, follow, max-snippet:-1, max-image-preview:large, max-video-preview:-1\" \/>\n<link rel=\"canonical\" href=\"https:\/\/www.rassegnastampa-totustuus.it\/cattolica\/il-presepio-espressione-della-tradizione-e-strumento-di-evangelizzazione\/\" \/>\n<meta property=\"og:locale\" content=\"it_IT\" \/>\n<meta property=\"og:type\" content=\"article\" \/>\n<meta property=\"og:title\" content=\"Il presepio espressione della tradizione e strumento di evangelizzazione - Rassegna Stampa Cattolica\" \/>\n<meta property=\"og:description\" content=\"Rassegna Stampa Cattolica - Per una cultura che nasce dalla Rivelazione cristiana in conformit\u00e0 alla tradizione e al Magistero della Chiesa in opposizione ad ogni relativismo e totalitarismo\" \/>\n<meta property=\"og:url\" content=\"https:\/\/www.rassegnastampa-totustuus.it\/cattolica\/il-presepio-espressione-della-tradizione-e-strumento-di-evangelizzazione\/\" \/>\n<meta property=\"og:site_name\" content=\"Rassegna Stampa Cattolica\" \/>\n<meta property=\"article:publisher\" content=\"https:\/\/www.facebook.com\/rassegnastampacattolica\" \/>\n<meta property=\"article:published_time\" content=\"2005-12-22T23:00:00+00:00\" \/>\n<meta property=\"article:modified_time\" content=\"2016-01-04T18:21:52+00:00\" \/>\n<meta property=\"og:image\" content=\"https:\/\/www.rassegnastampa-totustuus.it\/cattolica\/wp-content\/uploads\/2005\/12\/presepe.jpg\" \/>\n\t<meta property=\"og:image:width\" content=\"288\" \/>\n\t<meta property=\"og:image:height\" content=\"175\" \/>\n\t<meta property=\"og:image:type\" content=\"image\/jpeg\" \/>\n<meta name=\"author\" content=\"Redazione\" \/>\n<meta name=\"twitter:card\" content=\"summary_large_image\" \/>\n<meta name=\"twitter:creator\" content=\"@rassegnastampa9\" \/>\n<meta name=\"twitter:site\" content=\"@rassegnastampa9\" \/>\n<meta name=\"twitter:label1\" content=\"Scritto da\" \/>\n\t<meta name=\"twitter:data1\" content=\"Redazione\" \/>\n\t<meta name=\"twitter:label2\" content=\"Tempo di lettura stimato\" \/>\n\t<meta name=\"twitter:data2\" content=\"4 minuti\" \/>\n<script type=\"application\/ld+json\" class=\"yoast-schema-graph\">{\"@context\":\"https:\\\/\\\/schema.org\",\"@graph\":[{\"@type\":\"Article\",\"@id\":\"https:\\\/\\\/www.rassegnastampa-totustuus.it\\\/cattolica\\\/il-presepio-espressione-della-tradizione-e-strumento-di-evangelizzazione\\\/#article\",\"isPartOf\":{\"@id\":\"https:\\\/\\\/www.rassegnastampa-totustuus.it\\\/cattolica\\\/il-presepio-espressione-della-tradizione-e-strumento-di-evangelizzazione\\\/\"},\"author\":{\"name\":\"Redazione\",\"@id\":\"https:\\\/\\\/www.rassegnastampa-totustuus.it\\\/cattolica\\\/#\\\/schema\\\/person\\\/08f319d2bd1a0904ad9e2bfb7b15e5c3\"},\"headline\":\"Il presepio espressione della tradizione e strumento di evangelizzazione\",\"datePublished\":\"2005-12-22T23:00:00+00:00\",\"dateModified\":\"2016-01-04T18:21:52+00:00\",\"mainEntityOfPage\":{\"@id\":\"https:\\\/\\\/www.rassegnastampa-totustuus.it\\\/cattolica\\\/il-presepio-espressione-della-tradizione-e-strumento-di-evangelizzazione\\\/\"},\"wordCount\":776,\"publisher\":{\"@id\":\"https:\\\/\\\/www.rassegnastampa-totustuus.it\\\/cattolica\\\/#organization\"},\"image\":{\"@id\":\"https:\\\/\\\/www.rassegnastampa-totustuus.it\\\/cattolica\\\/il-presepio-espressione-della-tradizione-e-strumento-di-evangelizzazione\\\/#primaryimage\"},\"thumbnailUrl\":\"https:\\\/\\\/www.rassegnastampa-totustuus.it\\\/cattolica\\\/wp-content\\\/uploads\\\/2005\\\/12\\\/presepe.jpg\",\"keywords\":[\"presepio\"],\"articleSection\":[\"Cultura e tradizioni\"],\"inLanguage\":\"it-IT\"},{\"@type\":\"WebPage\",\"@id\":\"https:\\\/\\\/www.rassegnastampa-totustuus.it\\\/cattolica\\\/il-presepio-espressione-della-tradizione-e-strumento-di-evangelizzazione\\\/\",\"url\":\"https:\\\/\\\/www.rassegnastampa-totustuus.it\\\/cattolica\\\/il-presepio-espressione-della-tradizione-e-strumento-di-evangelizzazione\\\/\",\"name\":\"Il presepio espressione della tradizione e strumento di evangelizzazione - Rassegna Stampa Cattolica\",\"isPartOf\":{\"@id\":\"https:\\\/\\\/www.rassegnastampa-totustuus.it\\\/cattolica\\\/#website\"},\"primaryImageOfPage\":{\"@id\":\"https:\\\/\\\/www.rassegnastampa-totustuus.it\\\/cattolica\\\/il-presepio-espressione-della-tradizione-e-strumento-di-evangelizzazione\\\/#primaryimage\"},\"image\":{\"@id\":\"https:\\\/\\\/www.rassegnastampa-totustuus.it\\\/cattolica\\\/il-presepio-espressione-della-tradizione-e-strumento-di-evangelizzazione\\\/#primaryimage\"},\"thumbnailUrl\":\"https:\\\/\\\/www.rassegnastampa-totustuus.it\\\/cattolica\\\/wp-content\\\/uploads\\\/2005\\\/12\\\/presepe.jpg\",\"datePublished\":\"2005-12-22T23:00:00+00:00\",\"dateModified\":\"2016-01-04T18:21:52+00:00\",\"description\":\"Rassegna Stampa Cattolica - Per una cultura che nasce dalla Rivelazione cristiana in conformit\u00e0 alla tradizione e al Magistero della Chiesa in opposizione ad ogni relativismo e totalitarismo\",\"breadcrumb\":{\"@id\":\"https:\\\/\\\/www.rassegnastampa-totustuus.it\\\/cattolica\\\/il-presepio-espressione-della-tradizione-e-strumento-di-evangelizzazione\\\/#breadcrumb\"},\"inLanguage\":\"it-IT\",\"potentialAction\":[{\"@type\":\"ReadAction\",\"target\":[\"https:\\\/\\\/www.rassegnastampa-totustuus.it\\\/cattolica\\\/il-presepio-espressione-della-tradizione-e-strumento-di-evangelizzazione\\\/\"]}]},{\"@type\":\"ImageObject\",\"inLanguage\":\"it-IT\",\"@id\":\"https:\\\/\\\/www.rassegnastampa-totustuus.it\\\/cattolica\\\/il-presepio-espressione-della-tradizione-e-strumento-di-evangelizzazione\\\/#primaryimage\",\"url\":\"https:\\\/\\\/www.rassegnastampa-totustuus.it\\\/cattolica\\\/wp-content\\\/uploads\\\/2005\\\/12\\\/presepe.jpg\",\"contentUrl\":\"https:\\\/\\\/www.rassegnastampa-totustuus.it\\\/cattolica\\\/wp-content\\\/uploads\\\/2005\\\/12\\\/presepe.jpg\",\"width\":288,\"height\":175},{\"@type\":\"BreadcrumbList\",\"@id\":\"https:\\\/\\\/www.rassegnastampa-totustuus.it\\\/cattolica\\\/il-presepio-espressione-della-tradizione-e-strumento-di-evangelizzazione\\\/#breadcrumb\",\"itemListElement\":[{\"@type\":\"ListItem\",\"position\":1,\"name\":\"Home\",\"item\":\"https:\\\/\\\/www.rassegnastampa-totustuus.it\\\/cattolica\\\/\"},{\"@type\":\"ListItem\",\"position\":2,\"name\":\"Il presepio espressione della tradizione e strumento di evangelizzazione\"}]},{\"@type\":\"WebSite\",\"@id\":\"https:\\\/\\\/www.rassegnastampa-totustuus.it\\\/cattolica\\\/#website\",\"url\":\"https:\\\/\\\/www.rassegnastampa-totustuus.it\\\/cattolica\\\/\",\"name\":\"Rassegna Stampa Cattolica\",\"description\":\"Per una cultura che nasce dalla Rivelazione cristiana in conformit\u00e0 alla tradizione e al Magistero della Chiesa in opposizione ad ogni relativismo e totalitarismo\",\"publisher\":{\"@id\":\"https:\\\/\\\/www.rassegnastampa-totustuus.it\\\/cattolica\\\/#organization\"},\"alternateName\":\"Rass. Cattolica\",\"potentialAction\":[{\"@type\":\"SearchAction\",\"target\":{\"@type\":\"EntryPoint\",\"urlTemplate\":\"https:\\\/\\\/www.rassegnastampa-totustuus.it\\\/cattolica\\\/?s={search_term_string}\"},\"query-input\":{\"@type\":\"PropertyValueSpecification\",\"valueRequired\":true,\"valueName\":\"search_term_string\"}}],\"inLanguage\":\"it-IT\"},{\"@type\":\"Organization\",\"@id\":\"https:\\\/\\\/www.rassegnastampa-totustuus.it\\\/cattolica\\\/#organization\",\"name\":\"Rassegna Stampa Cattolica\",\"url\":\"https:\\\/\\\/www.rassegnastampa-totustuus.it\\\/cattolica\\\/\",\"logo\":{\"@type\":\"ImageObject\",\"inLanguage\":\"it-IT\",\"@id\":\"https:\\\/\\\/www.rassegnastampa-totustuus.it\\\/cattolica\\\/#\\\/schema\\\/logo\\\/image\\\/\",\"url\":\"https:\\\/\\\/www.rassegnastampa-totustuus.it\\\/cattolica\\\/wp-content\\\/uploads\\\/2014\\\/04\\\/logo-rassegna1.gif\",\"contentUrl\":\"https:\\\/\\\/www.rassegnastampa-totustuus.it\\\/cattolica\\\/wp-content\\\/uploads\\\/2014\\\/04\\\/logo-rassegna1.gif\",\"width\":600,\"height\":163,\"caption\":\"Rassegna Stampa Cattolica\"},\"image\":{\"@id\":\"https:\\\/\\\/www.rassegnastampa-totustuus.it\\\/cattolica\\\/#\\\/schema\\\/logo\\\/image\\\/\"},\"sameAs\":[\"https:\\\/\\\/www.facebook.com\\\/rassegnastampacattolica\",\"https:\\\/\\\/x.com\\\/rassegnastampa9\"]},{\"@type\":\"Person\",\"@id\":\"https:\\\/\\\/www.rassegnastampa-totustuus.it\\\/cattolica\\\/#\\\/schema\\\/person\\\/08f319d2bd1a0904ad9e2bfb7b15e5c3\",\"name\":\"Redazione\",\"image\":{\"@type\":\"ImageObject\",\"inLanguage\":\"it-IT\",\"@id\":\"https:\\\/\\\/secure.gravatar.com\\\/avatar\\\/2fcdf27c78ea025fbdb44e914cc63c72249ffec9dc8aafd5c82b26240ef3f346?s=96&d=mm&r=g\",\"url\":\"https:\\\/\\\/secure.gravatar.com\\\/avatar\\\/2fcdf27c78ea025fbdb44e914cc63c72249ffec9dc8aafd5c82b26240ef3f346?s=96&d=mm&r=g\",\"contentUrl\":\"https:\\\/\\\/secure.gravatar.com\\\/avatar\\\/2fcdf27c78ea025fbdb44e914cc63c72249ffec9dc8aafd5c82b26240ef3f346?s=96&d=mm&r=g\",\"caption\":\"Redazione\"},\"url\":\"https:\\\/\\\/www.rassegnastampa-totustuus.it\\\/cattolica\\\/author\\\/pietroelle\\\/\"}]}<\/script>\n<!-- \/ Yoast SEO plugin. -->","yoast_head_json":{"title":"Il presepio espressione della tradizione e strumento di evangelizzazione - Rassegna Stampa Cattolica","description":"Rassegna Stampa Cattolica - Per una cultura che nasce dalla Rivelazione cristiana in conformit\u00e0 alla tradizione e al Magistero della Chiesa in opposizione ad ogni relativismo e totalitarismo","robots":{"index":"index","follow":"follow","max-snippet":"max-snippet:-1","max-image-preview":"max-image-preview:large","max-video-preview":"max-video-preview:-1"},"canonical":"https:\/\/www.rassegnastampa-totustuus.it\/cattolica\/il-presepio-espressione-della-tradizione-e-strumento-di-evangelizzazione\/","og_locale":"it_IT","og_type":"article","og_title":"Il presepio espressione della tradizione e strumento di evangelizzazione - Rassegna Stampa Cattolica","og_description":"Rassegna Stampa Cattolica - Per una cultura che nasce dalla Rivelazione cristiana in conformit\u00e0 alla tradizione e al Magistero della Chiesa in opposizione ad ogni relativismo e totalitarismo","og_url":"https:\/\/www.rassegnastampa-totustuus.it\/cattolica\/il-presepio-espressione-della-tradizione-e-strumento-di-evangelizzazione\/","og_site_name":"Rassegna Stampa Cattolica","article_publisher":"https:\/\/www.facebook.com\/rassegnastampacattolica","article_published_time":"2005-12-22T23:00:00+00:00","article_modified_time":"2016-01-04T18:21:52+00:00","og_image":[{"width":288,"height":175,"url":"https:\/\/www.rassegnastampa-totustuus.it\/cattolica\/wp-content\/uploads\/2005\/12\/presepe.jpg","type":"image\/jpeg"}],"author":"Redazione","twitter_card":"summary_large_image","twitter_creator":"@rassegnastampa9","twitter_site":"@rassegnastampa9","twitter_misc":{"Scritto da":"Redazione","Tempo di lettura stimato":"4 minuti"},"schema":{"@context":"https:\/\/schema.org","@graph":[{"@type":"Article","@id":"https:\/\/www.rassegnastampa-totustuus.it\/cattolica\/il-presepio-espressione-della-tradizione-e-strumento-di-evangelizzazione\/#article","isPartOf":{"@id":"https:\/\/www.rassegnastampa-totustuus.it\/cattolica\/il-presepio-espressione-della-tradizione-e-strumento-di-evangelizzazione\/"},"author":{"name":"Redazione","@id":"https:\/\/www.rassegnastampa-totustuus.it\/cattolica\/#\/schema\/person\/08f319d2bd1a0904ad9e2bfb7b15e5c3"},"headline":"Il presepio espressione della tradizione e strumento di evangelizzazione","datePublished":"2005-12-22T23:00:00+00:00","dateModified":"2016-01-04T18:21:52+00:00","mainEntityOfPage":{"@id":"https:\/\/www.rassegnastampa-totustuus.it\/cattolica\/il-presepio-espressione-della-tradizione-e-strumento-di-evangelizzazione\/"},"wordCount":776,"publisher":{"@id":"https:\/\/www.rassegnastampa-totustuus.it\/cattolica\/#organization"},"image":{"@id":"https:\/\/www.rassegnastampa-totustuus.it\/cattolica\/il-presepio-espressione-della-tradizione-e-strumento-di-evangelizzazione\/#primaryimage"},"thumbnailUrl":"https:\/\/www.rassegnastampa-totustuus.it\/cattolica\/wp-content\/uploads\/2005\/12\/presepe.jpg","keywords":["presepio"],"articleSection":["Cultura e tradizioni"],"inLanguage":"it-IT"},{"@type":"WebPage","@id":"https:\/\/www.rassegnastampa-totustuus.it\/cattolica\/il-presepio-espressione-della-tradizione-e-strumento-di-evangelizzazione\/","url":"https:\/\/www.rassegnastampa-totustuus.it\/cattolica\/il-presepio-espressione-della-tradizione-e-strumento-di-evangelizzazione\/","name":"Il presepio espressione della tradizione e strumento di evangelizzazione - Rassegna Stampa Cattolica","isPartOf":{"@id":"https:\/\/www.rassegnastampa-totustuus.it\/cattolica\/#website"},"primaryImageOfPage":{"@id":"https:\/\/www.rassegnastampa-totustuus.it\/cattolica\/il-presepio-espressione-della-tradizione-e-strumento-di-evangelizzazione\/#primaryimage"},"image":{"@id":"https:\/\/www.rassegnastampa-totustuus.it\/cattolica\/il-presepio-espressione-della-tradizione-e-strumento-di-evangelizzazione\/#primaryimage"},"thumbnailUrl":"https:\/\/www.rassegnastampa-totustuus.it\/cattolica\/wp-content\/uploads\/2005\/12\/presepe.jpg","datePublished":"2005-12-22T23:00:00+00:00","dateModified":"2016-01-04T18:21:52+00:00","description":"Rassegna Stampa Cattolica - Per una cultura che nasce dalla Rivelazione cristiana in conformit\u00e0 alla tradizione e al Magistero della Chiesa in opposizione ad ogni relativismo e totalitarismo","breadcrumb":{"@id":"https:\/\/www.rassegnastampa-totustuus.it\/cattolica\/il-presepio-espressione-della-tradizione-e-strumento-di-evangelizzazione\/#breadcrumb"},"inLanguage":"it-IT","potentialAction":[{"@type":"ReadAction","target":["https:\/\/www.rassegnastampa-totustuus.it\/cattolica\/il-presepio-espressione-della-tradizione-e-strumento-di-evangelizzazione\/"]}]},{"@type":"ImageObject","inLanguage":"it-IT","@id":"https:\/\/www.rassegnastampa-totustuus.it\/cattolica\/il-presepio-espressione-della-tradizione-e-strumento-di-evangelizzazione\/#primaryimage","url":"https:\/\/www.rassegnastampa-totustuus.it\/cattolica\/wp-content\/uploads\/2005\/12\/presepe.jpg","contentUrl":"https:\/\/www.rassegnastampa-totustuus.it\/cattolica\/wp-content\/uploads\/2005\/12\/presepe.jpg","width":288,"height":175},{"@type":"BreadcrumbList","@id":"https:\/\/www.rassegnastampa-totustuus.it\/cattolica\/il-presepio-espressione-della-tradizione-e-strumento-di-evangelizzazione\/#breadcrumb","itemListElement":[{"@type":"ListItem","position":1,"name":"Home","item":"https:\/\/www.rassegnastampa-totustuus.it\/cattolica\/"},{"@type":"ListItem","position":2,"name":"Il presepio espressione della tradizione e strumento di evangelizzazione"}]},{"@type":"WebSite","@id":"https:\/\/www.rassegnastampa-totustuus.it\/cattolica\/#website","url":"https:\/\/www.rassegnastampa-totustuus.it\/cattolica\/","name":"Rassegna Stampa Cattolica","description":"Per una cultura che nasce dalla Rivelazione cristiana in conformit\u00e0 alla tradizione e al Magistero della Chiesa in opposizione ad ogni relativismo e totalitarismo","publisher":{"@id":"https:\/\/www.rassegnastampa-totustuus.it\/cattolica\/#organization"},"alternateName":"Rass. Cattolica","potentialAction":[{"@type":"SearchAction","target":{"@type":"EntryPoint","urlTemplate":"https:\/\/www.rassegnastampa-totustuus.it\/cattolica\/?s={search_term_string}"},"query-input":{"@type":"PropertyValueSpecification","valueRequired":true,"valueName":"search_term_string"}}],"inLanguage":"it-IT"},{"@type":"Organization","@id":"https:\/\/www.rassegnastampa-totustuus.it\/cattolica\/#organization","name":"Rassegna Stampa Cattolica","url":"https:\/\/www.rassegnastampa-totustuus.it\/cattolica\/","logo":{"@type":"ImageObject","inLanguage":"it-IT","@id":"https:\/\/www.rassegnastampa-totustuus.it\/cattolica\/#\/schema\/logo\/image\/","url":"https:\/\/www.rassegnastampa-totustuus.it\/cattolica\/wp-content\/uploads\/2014\/04\/logo-rassegna1.gif","contentUrl":"https:\/\/www.rassegnastampa-totustuus.it\/cattolica\/wp-content\/uploads\/2014\/04\/logo-rassegna1.gif","width":600,"height":163,"caption":"Rassegna Stampa Cattolica"},"image":{"@id":"https:\/\/www.rassegnastampa-totustuus.it\/cattolica\/#\/schema\/logo\/image\/"},"sameAs":["https:\/\/www.facebook.com\/rassegnastampacattolica","https:\/\/x.com\/rassegnastampa9"]},{"@type":"Person","@id":"https:\/\/www.rassegnastampa-totustuus.it\/cattolica\/#\/schema\/person\/08f319d2bd1a0904ad9e2bfb7b15e5c3","name":"Redazione","image":{"@type":"ImageObject","inLanguage":"it-IT","@id":"https:\/\/secure.gravatar.com\/avatar\/2fcdf27c78ea025fbdb44e914cc63c72249ffec9dc8aafd5c82b26240ef3f346?s=96&d=mm&r=g","url":"https:\/\/secure.gravatar.com\/avatar\/2fcdf27c78ea025fbdb44e914cc63c72249ffec9dc8aafd5c82b26240ef3f346?s=96&d=mm&r=g","contentUrl":"https:\/\/secure.gravatar.com\/avatar\/2fcdf27c78ea025fbdb44e914cc63c72249ffec9dc8aafd5c82b26240ef3f346?s=96&d=mm&r=g","caption":"Redazione"},"url":"https:\/\/www.rassegnastampa-totustuus.it\/cattolica\/author\/pietroelle\/"}]}},"_links":{"self":[{"href":"https:\/\/www.rassegnastampa-totustuus.it\/cattolica\/wp-json\/wp\/v2\/posts\/1754","targetHints":{"allow":["GET"]}}],"collection":[{"href":"https:\/\/www.rassegnastampa-totustuus.it\/cattolica\/wp-json\/wp\/v2\/posts"}],"about":[{"href":"https:\/\/www.rassegnastampa-totustuus.it\/cattolica\/wp-json\/wp\/v2\/types\/post"}],"author":[{"embeddable":true,"href":"https:\/\/www.rassegnastampa-totustuus.it\/cattolica\/wp-json\/wp\/v2\/users\/6"}],"replies":[{"embeddable":true,"href":"https:\/\/www.rassegnastampa-totustuus.it\/cattolica\/wp-json\/wp\/v2\/comments?post=1754"}],"version-history":[{"count":4,"href":"https:\/\/www.rassegnastampa-totustuus.it\/cattolica\/wp-json\/wp\/v2\/posts\/1754\/revisions"}],"predecessor-version":[{"id":29212,"href":"https:\/\/www.rassegnastampa-totustuus.it\/cattolica\/wp-json\/wp\/v2\/posts\/1754\/revisions\/29212"}],"wp:featuredmedia":[{"embeddable":true,"href":"https:\/\/www.rassegnastampa-totustuus.it\/cattolica\/wp-json\/wp\/v2\/media\/29211"}],"wp:attachment":[{"href":"https:\/\/www.rassegnastampa-totustuus.it\/cattolica\/wp-json\/wp\/v2\/media?parent=1754"}],"wp:term":[{"taxonomy":"category","embeddable":true,"href":"https:\/\/www.rassegnastampa-totustuus.it\/cattolica\/wp-json\/wp\/v2\/categories?post=1754"},{"taxonomy":"post_tag","embeddable":true,"href":"https:\/\/www.rassegnastampa-totustuus.it\/cattolica\/wp-json\/wp\/v2\/tags?post=1754"}],"curies":[{"name":"wp","href":"https:\/\/api.w.org\/{rel}","templated":true}]}}