{"id":1749,"date":"2005-12-16T00:00:00","date_gmt":"2005-12-15T23:00:00","guid":{"rendered":""},"modified":"2014-12-04T12:40:29","modified_gmt":"2014-12-04T11:40:29","slug":"il-colonialismo-titolo-redazionale","status":"publish","type":"post","link":"https:\/\/www.rassegnastampa-totustuus.it\/cattolica\/il-colonialismo-titolo-redazionale\/","title":{"rendered":"Il colonialismo (titolo redazionale)"},"content":{"rendered":"<div style=\"text-align: center;\"><a href=\"https:\/\/www.rassegnastampa-totustuus.it\/cattolica\/wp-content\/uploads\/2005\/12\/colonialismo.jpg\"><img loading=\"lazy\" decoding=\"async\" class=\"alignleft wp-image-14826\" src=\"https:\/\/www.rassegnastampa-totustuus.it\/cattolica\/wp-content\/uploads\/2005\/12\/colonialismo.jpg\" alt=\"colonialismo\" width=\"149\" height=\"200\" \/><\/a>Rubrica <strong>Vivaio <\/strong>su Avvenire del 2 settembre<\/div>\n<p style=\"text-align: justify;\"><em>Tra i capisaldi della mentalit\u00e0 corrente c&#8217;\u00e8 la credenza in quello che i francesi chiamano Le Grand Pillage, il &#8220;Grande Saccheggio&#8221; che avrebbe permesso all&#8217;Occidente di impossessarsi di mezzi non suoi per costruire su questi le sue fortune.\u00a0 Come spesso avviene, nessuno si cura di verificare se lo schema in questione abbia una base reale o non sia, per caso, uno dei tanti miti contemporanei.<\/em><\/p>\n<p style=\"text-align: center;\">di <strong>Vittorio Messori<\/strong><\/p>\n<p><!--more--><\/p>\n<div style=\"text-align: justify;\"><strong>Con la<\/strong> fine di agosto, finisce anche la relativa pausa estiva di questa rubrica: dal solo appuntamento domenicale, si torna all&#8217;abituale ritmo trisettimanale. Dunque, da dopodomani, 4 settembre, &#8220;Vivaio&#8221; sar\u00e0 di nuovo pubblicato anche il marted\u00ec e il gioved\u00ec.<\/div>\n<p style=\"text-align: justify;\"><strong>Si dice<\/strong> che, con la fine dei blocchi contrapposti (capitalismo a Ovest, comunismo a Est) la vera contrapposizione del mondo \u00e8, e sar\u00e0 sempre pi\u00f9, quella tra un Nord &#8220;benestante&#8221; e un Sud miserabile. E non da oggi si afferma che il benessere di quello \u00e8 dovuto anche alla rapina delle risorse di questo.<\/p>\n<p style=\"text-align: justify;\">Tra i capisaldi della mentalit\u00e0 corrente c&#8217;\u00e8 la credenza in quello che i francesi chiamano <em>Le Grand Pillage<\/em>, il &#8220;Grande Saccheggio&#8221; che avrebbe permesso all&#8217;Occidente di impossessarsi di mezzi non suoi per costruire su questi le sue fortune.Tutto il &#8220;terzomondismo&#8221; prima di scuola marxista (anche se, su questo tema. Marx fu pi\u00f9 cauto di Lenin) e poi anche di tanti ambienti cristiani, si basa su questo schema: il Nord del mondo ricco perch\u00e9 rapinatore, il Sud povero perch\u00e9 rapinato. Da qui, anche, il &#8220;mea culpa&#8221; che a tutti noi, &#8220;bianchi&#8221;, viene chiesto di recitare.<\/p>\n<p style=\"text-align: justify;\">Come spesso avviene, nessuno si cura di verificare se lo schema in questione abbia una base reale o non sia, per caso, uno dei tanti miti contemporanei.<\/p>\n<p style=\"text-align: justify;\">Qualche tempo fa, per incarico del <em>College d&#8217;Europe<\/em>, il belga L\u00e9o Moulin (ben noto anche ai cattolici per i suoi studi fondamentali sul monachesimo) ha provato a confrontarsi con i dati concreti di un problema che diventer\u00e0 sempre pi\u00f9 attuale. Le conclusioni dello studioso confermano quanto sospettavano coloro che rifiutano di accettare acriticamente gli slogan: quello del \u201cGrande Saccheggio\u201d \u00e8 in gran parte un mito, probabilmente l\u2019Occidente ha dato alle altre zone del mondo pi\u00f9 di quanto non ne abbia ricavato.<\/p>\n<p style=\"text-align: justify;\">Dunque, sia la contrizione del Nord sia le recriminazioni quando non certo vittimismo del Sud non hanno precisa giustificazione storica: le cause dello sviluppo e del sottosviluppo vanno ricercate altrove che nel mito del \u201csaccheggio\u201d<\/p>\n<p style=\"text-align: justify;\"><strong>Innanzitutto<\/strong>, Moulin fa i conti in tasca all\u2019interscambio, sin dai tempi del medio Evo, tra Europa e Medio oriente, nei cui porti giungevano le merci e i prodotti di Asia e di Africa che non solo il desiderio di lusso ma anche le esigenze vitali (le spezie, per esempio, per conservare i cibi) degli Occidentali reclamavano.<\/p>\n<p style=\"text-align: justify;\">Quell\u2019interscambio fu ampiamente deficitario per l\u2019Europa la quale \u00absanguina per arricchire l\u2019Asia\u00bb, come diceva, ancora alla fine del Cinquecento, l\u2019inglese Thomas Roe. Osserva ancora Moulin che \u00absi dimentica che per secoli l\u2019Occidente si \u00e8 svuotato del suo oro per comprare dall\u2019Oriente, spesso a prezzi da strozzinaggio e pagando dazi, gabelle, taglie. E questo non solo nel Medio Evo: anche quando i Portoghesi e gli Olandesi apparvero nei mari asiatici e rischiando ogni volta la vita, assicurarono il traffico con il Giappone, Sumatra, l\u2019Indocina e l\u2019Arabia, i maggiori vantaggi del commercio restarono\u00a0 tra le mani dei mercati astuti\u00a0 e sedentari di quei lontani Paesi.<\/p>\n<p style=\"text-align: justify;\">Prelevando diritti di mediazione sino al 75 per cento del valore delle merci, gli indiani si arricchirono favolosamente, senza per\u00f2 che l\u2019economia del loro Paese\u00a0 ne approfittasse in qualche modo\u00bb<\/p>\n<p style=\"text-align: justify;\">C\u2019\u00e8 poi il \u201ccaso americano\u201d ma, come scrive ancora lo studioso belga, \u00abi tesori delle Indie occidentali furono ben lontani dall\u2019esercitare gli effetti decisivi che si immaginano. Anche perch\u00e9 in tutta la produzione americana d\u2019oro tra il 1520 e il 1660\u00a0 fu inferiore alla produzione attuale di un solo anno delle sole miniere sudafricane\u00bb.<\/p>\n<p style=\"text-align: justify;\">C\u2019\u00e8 poi da notare che quel metallo fu estratto grazie a tecniche che solo gli europei conoscevano o che inventarono sotto la spinta delle necessit\u00e0. Si sa, infatti, che i nativi non utilizzavano che quelle poche quantit\u00e0 di argento e di oro che affioravano in superficie o che erano altrettanto facilmente estraibili.<\/p>\n<p style=\"text-align: justify;\">Dunque, per parlare con precisione, non si tratt\u00f2 di &#8220;rapina&#8221;, visto che le genti del posto non avevano n\u00e9 capacita n\u00e9. spesso, interesse e desiderio di procurarsi quel metallo a prezzo di ricerche, di fatiche, di elaborazioni tecnologiche. In ogni caso, come tutti sanno, quei &#8220;tesori&#8221; non fecero la fortuna ma il disastro della Spagna e del Portogallo, portando a una gigantesca inflazione. In ogni caso, stando sempre alle cifre di Moulin, ci\u00f2 che gli iberici portarono oltre Oceano, sotto forma di manufatti, quasi pareggia le entrate ricavate dal Nuovo Mondo.<\/p>\n<p style=\"text-align: justify;\"><strong>C\u2019\u00e8 poi<\/strong> la fase del &#8220;colonialismo&#8221; vero e proprio, di quel moderno &#8220;imperialismo&#8221; contro il quale si appuntano gli strali della polemica terzomondista, anche cattolica. Quella nuova fase comincia con il 1830, quando la Francia conquista l&#8217;Algeria, strappandola al dominio turco.<\/p>\n<p style=\"text-align: justify;\">A lungo l&#8217;esempio francese rest\u00f2 isolato e l&#8217;espansione coloniale europea non cominci\u00f2 che alcuni decenni dopo. Come ricorda Moulin, spesso siamo vittime di una sorta di illusione ottica che ci impedisce di ricordare che l&#8217;era del colonialismo europeo in Africa e in Asia fu assai breve: il suo apogeo, con la spartizione di quei due Continenti in &#8220;zone di influenza&#8221; tra le potenze europee \u00e8 al Congresso di Berlino, nel 1884.<\/p>\n<p style=\"text-align: justify;\">Ma gi\u00e0 trent&#8217;anni dopo, nel 1914, comincia la fine e la conquista italiana dell&#8217;Etiopia, nel 1936, \u00e8 gi\u00e0 terribilmente anacronistica.\u00a0Ma fu, almeno, quella brevissima stagione del \u201ccolonialismo\u201d, tanto proficua per l\u2019Europa da far pensare a una rapina dei cui frutti ancora vivremmo? Moulin non solo ne dubita ma, cifre alla mano, sembra escluderlo.<\/p>\n<p style=\"text-align: justify;\">Ancor pi\u00f9 di quanto non fosse avvenuto in America, anche in Africa e in Asia gli Europei diedero una violenta accelerazione a economie stagnanti, portando nuove\u00a0 tecniche, introducendo coltivazioni sconosciute, creando una infrastruttura\u00a0 di strade, ferrovie, porti. Se dura fu la sorte dei colonizzati, duro \u2013 e spesso mortale \u2013 fu il destino dei colonizzatori, costretti a vivere in climi e tra malattie e pericoli sconosciuti.<\/p>\n<p style=\"text-align: justify;\">Casi come quello\u00a0 del tardivo colonialismo\u00a0 italiano non solo non furono di vantaggio economico ma si rivelarono in vero salasso per la Madrepatria. E\u2019 certo che Libia, Eritrea, Somalia e poi Etiopia costarono infinitamente di pi\u00f9 di quanto non abbiano reso. E il belga Moulin cita il caso del Congo: perderlo signific\u00f2 per il Belgio un aumento del reddito nazionale. Lo stesso per l\u2019Olanda, padrona delle opulente isole asiatiche, e che proprio con la decolonizzazione vide uno sviluppo impetuoso. Per non parlare del fatto che i pi\u00f9 alti redditi si registrarono in due Paesi europei che mai ebbero colonie: Svizzera e Svezia.<\/p>\n<p style=\"text-align: justify;\">Se va dunque rivisto lo slogan del \u201cGrande Saccheggio\u201d, va valutata con l\u2019attenzione e la seriet\u00e0 che merita l\u2019osservazione spesso ripetuta da quel conoscitore vero, sul campo ben prima che sui libri, e da quel nemico degli schemi ideologici alla moda che \u00e8 padre Piero Gheddo. Il quale costata che i Paesi del terzo Mondo che se la passano meglio sono quelli che pi\u00f9 a lungo hanno avuto il dominio coloniale europeo e che, dopo l\u2019indipendenza, non hanno rotto i contatti con l\u2019Occidente.<\/p>\n<p style=\"text-align: justify;\">Il che, ovviamente, non significa ignorare o dimenticare il lato oscuro della espansione europea del passato e i guasti (forse ancora peggiori, perch\u00e9 pi\u00f9 occulti) di certo brutale neo-colonialismo di oggi. Ma se solo la verit\u00e0 fa liberi, solo il superamento di slogan propagandistici o demagogici pu\u00f2 \u00abliberare\u00bb il mondo dal sottosviluppo, ricercandone le cause vere. Che non stanno nell\u2019avidit\u00e0 o nel cinismo di noi, \u201cuomini bianchi\u201d dell\u2019Occidente.<\/p>\n","protected":false},"excerpt":{"rendered":"<p>Rubrica Vivaio su Avvenire del 2 settembre Tra i capisaldi della mentalit\u00e0 corrente c&#8217;\u00e8 la credenza in quello che i francesi chiamano Le Grand Pillage, il &#8220;Grande Saccheggio&#8221; che avrebbe permesso all&#8217;Occidente di impossessarsi di mezzi non suoi per costruire su questi le sue fortune.\u00a0 Come spesso avviene, nessuno si cura di verificare se lo &hellip; <\/p>\n<p><a class=\"more-link btn\" href=\"https:\/\/www.rassegnastampa-totustuus.it\/cattolica\/il-colonialismo-titolo-redazionale\/\">Continua a leggere<\/a><\/p>\n","protected":false},"author":6,"featured_media":14826,"comment_status":"closed","ping_status":"open","sticky":false,"template":"","format":"standard","meta":{"footnotes":""},"categories":[24,112],"tags":[203],"class_list":["post-1749","post","type-post","status-publish","format-standard","has-post-thumbnail","hentry","category-storia","category-terzomondialismo","tag-colonialismo","item-wrap"],"yoast_head":"<!-- This site is optimized with the Yoast SEO plugin v27.5 - https:\/\/yoast.com\/product\/yoast-seo-wordpress\/ -->\n<title>Il colonialismo (titolo redazionale) - Rassegna Stampa Cattolica<\/title>\n<meta name=\"description\" content=\"Rassegna Stampa Cattolica - Per una cultura che nasce dalla Rivelazione cristiana in conformit\u00e0 alla tradizione e al Magistero della Chiesa in opposizione ad ogni relativismo e totalitarismo\" \/>\n<meta name=\"robots\" content=\"index, follow, max-snippet:-1, max-image-preview:large, max-video-preview:-1\" \/>\n<link rel=\"canonical\" href=\"https:\/\/www.rassegnastampa-totustuus.it\/cattolica\/il-colonialismo-titolo-redazionale\/\" \/>\n<meta property=\"og:locale\" content=\"it_IT\" \/>\n<meta property=\"og:type\" content=\"article\" \/>\n<meta property=\"og:title\" content=\"Il colonialismo (titolo redazionale) - Rassegna Stampa Cattolica\" \/>\n<meta property=\"og:description\" content=\"Rassegna Stampa Cattolica - Per una cultura che nasce dalla Rivelazione cristiana in conformit\u00e0 alla tradizione e al Magistero della Chiesa in opposizione ad ogni relativismo e totalitarismo\" \/>\n<meta property=\"og:url\" content=\"https:\/\/www.rassegnastampa-totustuus.it\/cattolica\/il-colonialismo-titolo-redazionale\/\" \/>\n<meta property=\"og:site_name\" content=\"Rassegna Stampa Cattolica\" \/>\n<meta property=\"article:publisher\" content=\"https:\/\/www.facebook.com\/rassegnastampacattolica\" \/>\n<meta property=\"article:published_time\" content=\"2005-12-15T23:00:00+00:00\" \/>\n<meta property=\"article:modified_time\" content=\"2014-12-04T11:40:29+00:00\" \/>\n<meta property=\"og:image\" content=\"https:\/\/www.rassegnastampa-totustuus.it\/cattolica\/wp-content\/uploads\/2005\/12\/colonialismo.jpg\" \/>\n\t<meta property=\"og:image:width\" content=\"144\" \/>\n\t<meta property=\"og:image:height\" content=\"193\" \/>\n\t<meta property=\"og:image:type\" content=\"image\/jpeg\" \/>\n<meta name=\"author\" content=\"Redazione\" \/>\n<meta name=\"twitter:card\" content=\"summary_large_image\" \/>\n<meta name=\"twitter:creator\" content=\"@rassegnastampa9\" \/>\n<meta name=\"twitter:site\" content=\"@rassegnastampa9\" \/>\n<meta name=\"twitter:label1\" content=\"Scritto da\" \/>\n\t<meta name=\"twitter:data1\" content=\"Redazione\" \/>\n\t<meta name=\"twitter:label2\" content=\"Tempo di lettura stimato\" \/>\n\t<meta name=\"twitter:data2\" content=\"6 minuti\" \/>\n<script type=\"application\/ld+json\" class=\"yoast-schema-graph\">{\"@context\":\"https:\\\/\\\/schema.org\",\"@graph\":[{\"@type\":\"Article\",\"@id\":\"https:\\\/\\\/www.rassegnastampa-totustuus.it\\\/cattolica\\\/il-colonialismo-titolo-redazionale\\\/#article\",\"isPartOf\":{\"@id\":\"https:\\\/\\\/www.rassegnastampa-totustuus.it\\\/cattolica\\\/il-colonialismo-titolo-redazionale\\\/\"},\"author\":{\"name\":\"Redazione\",\"@id\":\"https:\\\/\\\/www.rassegnastampa-totustuus.it\\\/cattolica\\\/#\\\/schema\\\/person\\\/08f319d2bd1a0904ad9e2bfb7b15e5c3\"},\"headline\":\"Il colonialismo (titolo redazionale)\",\"datePublished\":\"2005-12-15T23:00:00+00:00\",\"dateModified\":\"2014-12-04T11:40:29+00:00\",\"mainEntityOfPage\":{\"@id\":\"https:\\\/\\\/www.rassegnastampa-totustuus.it\\\/cattolica\\\/il-colonialismo-titolo-redazionale\\\/\"},\"wordCount\":1295,\"publisher\":{\"@id\":\"https:\\\/\\\/www.rassegnastampa-totustuus.it\\\/cattolica\\\/#organization\"},\"image\":{\"@id\":\"https:\\\/\\\/www.rassegnastampa-totustuus.it\\\/cattolica\\\/il-colonialismo-titolo-redazionale\\\/#primaryimage\"},\"thumbnailUrl\":\"https:\\\/\\\/www.rassegnastampa-totustuus.it\\\/cattolica\\\/wp-content\\\/uploads\\\/2005\\\/12\\\/colonialismo.jpg\",\"keywords\":[\"colonialismo\"],\"articleSection\":[\"Storia\",\"Terzomondialismo\"],\"inLanguage\":\"it-IT\"},{\"@type\":\"WebPage\",\"@id\":\"https:\\\/\\\/www.rassegnastampa-totustuus.it\\\/cattolica\\\/il-colonialismo-titolo-redazionale\\\/\",\"url\":\"https:\\\/\\\/www.rassegnastampa-totustuus.it\\\/cattolica\\\/il-colonialismo-titolo-redazionale\\\/\",\"name\":\"Il colonialismo (titolo redazionale) - Rassegna Stampa Cattolica\",\"isPartOf\":{\"@id\":\"https:\\\/\\\/www.rassegnastampa-totustuus.it\\\/cattolica\\\/#website\"},\"primaryImageOfPage\":{\"@id\":\"https:\\\/\\\/www.rassegnastampa-totustuus.it\\\/cattolica\\\/il-colonialismo-titolo-redazionale\\\/#primaryimage\"},\"image\":{\"@id\":\"https:\\\/\\\/www.rassegnastampa-totustuus.it\\\/cattolica\\\/il-colonialismo-titolo-redazionale\\\/#primaryimage\"},\"thumbnailUrl\":\"https:\\\/\\\/www.rassegnastampa-totustuus.it\\\/cattolica\\\/wp-content\\\/uploads\\\/2005\\\/12\\\/colonialismo.jpg\",\"datePublished\":\"2005-12-15T23:00:00+00:00\",\"dateModified\":\"2014-12-04T11:40:29+00:00\",\"description\":\"Rassegna Stampa Cattolica - Per una cultura che nasce dalla Rivelazione cristiana in conformit\u00e0 alla tradizione e al Magistero della Chiesa in opposizione ad ogni relativismo e totalitarismo\",\"breadcrumb\":{\"@id\":\"https:\\\/\\\/www.rassegnastampa-totustuus.it\\\/cattolica\\\/il-colonialismo-titolo-redazionale\\\/#breadcrumb\"},\"inLanguage\":\"it-IT\",\"potentialAction\":[{\"@type\":\"ReadAction\",\"target\":[\"https:\\\/\\\/www.rassegnastampa-totustuus.it\\\/cattolica\\\/il-colonialismo-titolo-redazionale\\\/\"]}]},{\"@type\":\"ImageObject\",\"inLanguage\":\"it-IT\",\"@id\":\"https:\\\/\\\/www.rassegnastampa-totustuus.it\\\/cattolica\\\/il-colonialismo-titolo-redazionale\\\/#primaryimage\",\"url\":\"https:\\\/\\\/www.rassegnastampa-totustuus.it\\\/cattolica\\\/wp-content\\\/uploads\\\/2005\\\/12\\\/colonialismo.jpg\",\"contentUrl\":\"https:\\\/\\\/www.rassegnastampa-totustuus.it\\\/cattolica\\\/wp-content\\\/uploads\\\/2005\\\/12\\\/colonialismo.jpg\",\"width\":144,\"height\":193},{\"@type\":\"BreadcrumbList\",\"@id\":\"https:\\\/\\\/www.rassegnastampa-totustuus.it\\\/cattolica\\\/il-colonialismo-titolo-redazionale\\\/#breadcrumb\",\"itemListElement\":[{\"@type\":\"ListItem\",\"position\":1,\"name\":\"Home\",\"item\":\"https:\\\/\\\/www.rassegnastampa-totustuus.it\\\/cattolica\\\/\"},{\"@type\":\"ListItem\",\"position\":2,\"name\":\"Il colonialismo (titolo redazionale)\"}]},{\"@type\":\"WebSite\",\"@id\":\"https:\\\/\\\/www.rassegnastampa-totustuus.it\\\/cattolica\\\/#website\",\"url\":\"https:\\\/\\\/www.rassegnastampa-totustuus.it\\\/cattolica\\\/\",\"name\":\"Rassegna Stampa Cattolica\",\"description\":\"Per una cultura che nasce dalla Rivelazione cristiana in conformit\u00e0 alla tradizione e al Magistero della Chiesa in opposizione ad ogni relativismo e totalitarismo\",\"publisher\":{\"@id\":\"https:\\\/\\\/www.rassegnastampa-totustuus.it\\\/cattolica\\\/#organization\"},\"alternateName\":\"Rass. Cattolica\",\"potentialAction\":[{\"@type\":\"SearchAction\",\"target\":{\"@type\":\"EntryPoint\",\"urlTemplate\":\"https:\\\/\\\/www.rassegnastampa-totustuus.it\\\/cattolica\\\/?s={search_term_string}\"},\"query-input\":{\"@type\":\"PropertyValueSpecification\",\"valueRequired\":true,\"valueName\":\"search_term_string\"}}],\"inLanguage\":\"it-IT\"},{\"@type\":\"Organization\",\"@id\":\"https:\\\/\\\/www.rassegnastampa-totustuus.it\\\/cattolica\\\/#organization\",\"name\":\"Rassegna Stampa Cattolica\",\"url\":\"https:\\\/\\\/www.rassegnastampa-totustuus.it\\\/cattolica\\\/\",\"logo\":{\"@type\":\"ImageObject\",\"inLanguage\":\"it-IT\",\"@id\":\"https:\\\/\\\/www.rassegnastampa-totustuus.it\\\/cattolica\\\/#\\\/schema\\\/logo\\\/image\\\/\",\"url\":\"https:\\\/\\\/www.rassegnastampa-totustuus.it\\\/cattolica\\\/wp-content\\\/uploads\\\/2014\\\/04\\\/logo-rassegna1.gif\",\"contentUrl\":\"https:\\\/\\\/www.rassegnastampa-totustuus.it\\\/cattolica\\\/wp-content\\\/uploads\\\/2014\\\/04\\\/logo-rassegna1.gif\",\"width\":600,\"height\":163,\"caption\":\"Rassegna Stampa Cattolica\"},\"image\":{\"@id\":\"https:\\\/\\\/www.rassegnastampa-totustuus.it\\\/cattolica\\\/#\\\/schema\\\/logo\\\/image\\\/\"},\"sameAs\":[\"https:\\\/\\\/www.facebook.com\\\/rassegnastampacattolica\",\"https:\\\/\\\/x.com\\\/rassegnastampa9\"]},{\"@type\":\"Person\",\"@id\":\"https:\\\/\\\/www.rassegnastampa-totustuus.it\\\/cattolica\\\/#\\\/schema\\\/person\\\/08f319d2bd1a0904ad9e2bfb7b15e5c3\",\"name\":\"Redazione\",\"image\":{\"@type\":\"ImageObject\",\"inLanguage\":\"it-IT\",\"@id\":\"https:\\\/\\\/secure.gravatar.com\\\/avatar\\\/2fcdf27c78ea025fbdb44e914cc63c72249ffec9dc8aafd5c82b26240ef3f346?s=96&d=mm&r=g\",\"url\":\"https:\\\/\\\/secure.gravatar.com\\\/avatar\\\/2fcdf27c78ea025fbdb44e914cc63c72249ffec9dc8aafd5c82b26240ef3f346?s=96&d=mm&r=g\",\"contentUrl\":\"https:\\\/\\\/secure.gravatar.com\\\/avatar\\\/2fcdf27c78ea025fbdb44e914cc63c72249ffec9dc8aafd5c82b26240ef3f346?s=96&d=mm&r=g\",\"caption\":\"Redazione\"},\"url\":\"https:\\\/\\\/www.rassegnastampa-totustuus.it\\\/cattolica\\\/author\\\/pietroelle\\\/\"}]}<\/script>\n<!-- \/ Yoast SEO plugin. -->","yoast_head_json":{"title":"Il colonialismo (titolo redazionale) - Rassegna Stampa Cattolica","description":"Rassegna Stampa Cattolica - Per una cultura che nasce dalla Rivelazione cristiana in conformit\u00e0 alla tradizione e al Magistero della Chiesa in opposizione ad ogni relativismo e totalitarismo","robots":{"index":"index","follow":"follow","max-snippet":"max-snippet:-1","max-image-preview":"max-image-preview:large","max-video-preview":"max-video-preview:-1"},"canonical":"https:\/\/www.rassegnastampa-totustuus.it\/cattolica\/il-colonialismo-titolo-redazionale\/","og_locale":"it_IT","og_type":"article","og_title":"Il colonialismo (titolo redazionale) - Rassegna Stampa Cattolica","og_description":"Rassegna Stampa Cattolica - Per una cultura che nasce dalla Rivelazione cristiana in conformit\u00e0 alla tradizione e al Magistero della Chiesa in opposizione ad ogni relativismo e totalitarismo","og_url":"https:\/\/www.rassegnastampa-totustuus.it\/cattolica\/il-colonialismo-titolo-redazionale\/","og_site_name":"Rassegna Stampa Cattolica","article_publisher":"https:\/\/www.facebook.com\/rassegnastampacattolica","article_published_time":"2005-12-15T23:00:00+00:00","article_modified_time":"2014-12-04T11:40:29+00:00","og_image":[{"width":144,"height":193,"url":"https:\/\/www.rassegnastampa-totustuus.it\/cattolica\/wp-content\/uploads\/2005\/12\/colonialismo.jpg","type":"image\/jpeg"}],"author":"Redazione","twitter_card":"summary_large_image","twitter_creator":"@rassegnastampa9","twitter_site":"@rassegnastampa9","twitter_misc":{"Scritto da":"Redazione","Tempo di lettura stimato":"6 minuti"},"schema":{"@context":"https:\/\/schema.org","@graph":[{"@type":"Article","@id":"https:\/\/www.rassegnastampa-totustuus.it\/cattolica\/il-colonialismo-titolo-redazionale\/#article","isPartOf":{"@id":"https:\/\/www.rassegnastampa-totustuus.it\/cattolica\/il-colonialismo-titolo-redazionale\/"},"author":{"name":"Redazione","@id":"https:\/\/www.rassegnastampa-totustuus.it\/cattolica\/#\/schema\/person\/08f319d2bd1a0904ad9e2bfb7b15e5c3"},"headline":"Il colonialismo (titolo redazionale)","datePublished":"2005-12-15T23:00:00+00:00","dateModified":"2014-12-04T11:40:29+00:00","mainEntityOfPage":{"@id":"https:\/\/www.rassegnastampa-totustuus.it\/cattolica\/il-colonialismo-titolo-redazionale\/"},"wordCount":1295,"publisher":{"@id":"https:\/\/www.rassegnastampa-totustuus.it\/cattolica\/#organization"},"image":{"@id":"https:\/\/www.rassegnastampa-totustuus.it\/cattolica\/il-colonialismo-titolo-redazionale\/#primaryimage"},"thumbnailUrl":"https:\/\/www.rassegnastampa-totustuus.it\/cattolica\/wp-content\/uploads\/2005\/12\/colonialismo.jpg","keywords":["colonialismo"],"articleSection":["Storia","Terzomondialismo"],"inLanguage":"it-IT"},{"@type":"WebPage","@id":"https:\/\/www.rassegnastampa-totustuus.it\/cattolica\/il-colonialismo-titolo-redazionale\/","url":"https:\/\/www.rassegnastampa-totustuus.it\/cattolica\/il-colonialismo-titolo-redazionale\/","name":"Il colonialismo (titolo redazionale) - Rassegna Stampa Cattolica","isPartOf":{"@id":"https:\/\/www.rassegnastampa-totustuus.it\/cattolica\/#website"},"primaryImageOfPage":{"@id":"https:\/\/www.rassegnastampa-totustuus.it\/cattolica\/il-colonialismo-titolo-redazionale\/#primaryimage"},"image":{"@id":"https:\/\/www.rassegnastampa-totustuus.it\/cattolica\/il-colonialismo-titolo-redazionale\/#primaryimage"},"thumbnailUrl":"https:\/\/www.rassegnastampa-totustuus.it\/cattolica\/wp-content\/uploads\/2005\/12\/colonialismo.jpg","datePublished":"2005-12-15T23:00:00+00:00","dateModified":"2014-12-04T11:40:29+00:00","description":"Rassegna Stampa Cattolica - Per una cultura che nasce dalla Rivelazione cristiana in conformit\u00e0 alla tradizione e al Magistero della Chiesa in opposizione ad ogni relativismo e totalitarismo","breadcrumb":{"@id":"https:\/\/www.rassegnastampa-totustuus.it\/cattolica\/il-colonialismo-titolo-redazionale\/#breadcrumb"},"inLanguage":"it-IT","potentialAction":[{"@type":"ReadAction","target":["https:\/\/www.rassegnastampa-totustuus.it\/cattolica\/il-colonialismo-titolo-redazionale\/"]}]},{"@type":"ImageObject","inLanguage":"it-IT","@id":"https:\/\/www.rassegnastampa-totustuus.it\/cattolica\/il-colonialismo-titolo-redazionale\/#primaryimage","url":"https:\/\/www.rassegnastampa-totustuus.it\/cattolica\/wp-content\/uploads\/2005\/12\/colonialismo.jpg","contentUrl":"https:\/\/www.rassegnastampa-totustuus.it\/cattolica\/wp-content\/uploads\/2005\/12\/colonialismo.jpg","width":144,"height":193},{"@type":"BreadcrumbList","@id":"https:\/\/www.rassegnastampa-totustuus.it\/cattolica\/il-colonialismo-titolo-redazionale\/#breadcrumb","itemListElement":[{"@type":"ListItem","position":1,"name":"Home","item":"https:\/\/www.rassegnastampa-totustuus.it\/cattolica\/"},{"@type":"ListItem","position":2,"name":"Il colonialismo (titolo redazionale)"}]},{"@type":"WebSite","@id":"https:\/\/www.rassegnastampa-totustuus.it\/cattolica\/#website","url":"https:\/\/www.rassegnastampa-totustuus.it\/cattolica\/","name":"Rassegna Stampa Cattolica","description":"Per una cultura che nasce dalla Rivelazione cristiana in conformit\u00e0 alla tradizione e al Magistero della Chiesa in opposizione ad ogni relativismo e totalitarismo","publisher":{"@id":"https:\/\/www.rassegnastampa-totustuus.it\/cattolica\/#organization"},"alternateName":"Rass. Cattolica","potentialAction":[{"@type":"SearchAction","target":{"@type":"EntryPoint","urlTemplate":"https:\/\/www.rassegnastampa-totustuus.it\/cattolica\/?s={search_term_string}"},"query-input":{"@type":"PropertyValueSpecification","valueRequired":true,"valueName":"search_term_string"}}],"inLanguage":"it-IT"},{"@type":"Organization","@id":"https:\/\/www.rassegnastampa-totustuus.it\/cattolica\/#organization","name":"Rassegna Stampa Cattolica","url":"https:\/\/www.rassegnastampa-totustuus.it\/cattolica\/","logo":{"@type":"ImageObject","inLanguage":"it-IT","@id":"https:\/\/www.rassegnastampa-totustuus.it\/cattolica\/#\/schema\/logo\/image\/","url":"https:\/\/www.rassegnastampa-totustuus.it\/cattolica\/wp-content\/uploads\/2014\/04\/logo-rassegna1.gif","contentUrl":"https:\/\/www.rassegnastampa-totustuus.it\/cattolica\/wp-content\/uploads\/2014\/04\/logo-rassegna1.gif","width":600,"height":163,"caption":"Rassegna Stampa Cattolica"},"image":{"@id":"https:\/\/www.rassegnastampa-totustuus.it\/cattolica\/#\/schema\/logo\/image\/"},"sameAs":["https:\/\/www.facebook.com\/rassegnastampacattolica","https:\/\/x.com\/rassegnastampa9"]},{"@type":"Person","@id":"https:\/\/www.rassegnastampa-totustuus.it\/cattolica\/#\/schema\/person\/08f319d2bd1a0904ad9e2bfb7b15e5c3","name":"Redazione","image":{"@type":"ImageObject","inLanguage":"it-IT","@id":"https:\/\/secure.gravatar.com\/avatar\/2fcdf27c78ea025fbdb44e914cc63c72249ffec9dc8aafd5c82b26240ef3f346?s=96&d=mm&r=g","url":"https:\/\/secure.gravatar.com\/avatar\/2fcdf27c78ea025fbdb44e914cc63c72249ffec9dc8aafd5c82b26240ef3f346?s=96&d=mm&r=g","contentUrl":"https:\/\/secure.gravatar.com\/avatar\/2fcdf27c78ea025fbdb44e914cc63c72249ffec9dc8aafd5c82b26240ef3f346?s=96&d=mm&r=g","caption":"Redazione"},"url":"https:\/\/www.rassegnastampa-totustuus.it\/cattolica\/author\/pietroelle\/"}]}},"_links":{"self":[{"href":"https:\/\/www.rassegnastampa-totustuus.it\/cattolica\/wp-json\/wp\/v2\/posts\/1749","targetHints":{"allow":["GET"]}}],"collection":[{"href":"https:\/\/www.rassegnastampa-totustuus.it\/cattolica\/wp-json\/wp\/v2\/posts"}],"about":[{"href":"https:\/\/www.rassegnastampa-totustuus.it\/cattolica\/wp-json\/wp\/v2\/types\/post"}],"author":[{"embeddable":true,"href":"https:\/\/www.rassegnastampa-totustuus.it\/cattolica\/wp-json\/wp\/v2\/users\/6"}],"replies":[{"embeddable":true,"href":"https:\/\/www.rassegnastampa-totustuus.it\/cattolica\/wp-json\/wp\/v2\/comments?post=1749"}],"version-history":[{"count":3,"href":"https:\/\/www.rassegnastampa-totustuus.it\/cattolica\/wp-json\/wp\/v2\/posts\/1749\/revisions"}],"predecessor-version":[{"id":14827,"href":"https:\/\/www.rassegnastampa-totustuus.it\/cattolica\/wp-json\/wp\/v2\/posts\/1749\/revisions\/14827"}],"wp:featuredmedia":[{"embeddable":true,"href":"https:\/\/www.rassegnastampa-totustuus.it\/cattolica\/wp-json\/wp\/v2\/media\/14826"}],"wp:attachment":[{"href":"https:\/\/www.rassegnastampa-totustuus.it\/cattolica\/wp-json\/wp\/v2\/media?parent=1749"}],"wp:term":[{"taxonomy":"category","embeddable":true,"href":"https:\/\/www.rassegnastampa-totustuus.it\/cattolica\/wp-json\/wp\/v2\/categories?post=1749"},{"taxonomy":"post_tag","embeddable":true,"href":"https:\/\/www.rassegnastampa-totustuus.it\/cattolica\/wp-json\/wp\/v2\/tags?post=1749"}],"curies":[{"name":"wp","href":"https:\/\/api.w.org\/{rel}","templated":true}]}}