{"id":1729,"date":"2005-11-30T15:14:36","date_gmt":"2005-11-30T14:14:36","guid":{"rendered":""},"modified":"2016-03-23T09:53:17","modified_gmt":"2016-03-23T08:53:17","slug":"il-68-e-il-sogno-del-male","status":"publish","type":"post","link":"https:\/\/www.rassegnastampa-totustuus.it\/cattolica\/il-68-e-il-sogno-del-male\/","title":{"rendered":"Il &#8217;68 e il sogno del male"},"content":{"rendered":"<div style=\"text-align: center;\">\u00a0 <strong><em><img loading=\"lazy\" decoding=\"async\" class=\"alignleft wp-image-32067 size-full\" src=\"https:\/\/www.rassegnastampa-totustuus.it\/cattolica\/wp-content\/uploads\/2005\/11\/sessantotto.jpg\" alt=\"sessantotto\" width=\"250\" height=\"172\" \/>Pepe.<\/em><\/strong> Giornale di provocazione e passione umana,<\/div>\n<p style=\"text-align: center;\">anno II, luglio 2004, p. 1.4.<\/p>\n<p style=\"text-align: justify;\"><em>Molti nostalgici del &#8217;68 giustificano tutto quello che hanno fatto nel loro passato e soprattutto cercano di distinguersi dai terroristi neri e rossi che hanno insanguinato l&#8217;Italia negli anni &#8217;70, con una serie di variazioni su un unico tema: &#8220;noi eravamo dei sognatori&#8221;. Molto spesso aggiungono che le generazioni dopo di loro non sono capaci di sognare. Ma cosa sognavano i nostri padri? Quelli che hanno fatto il &#8217;68? Si pu\u00f2 proprio dire che sognassero il Male.<\/em><\/p>\n<p><!--more--><\/p>\n<div style=\"text-align: justify;\">&#8220;Definiscimi Male&#8221;. Il Male, quello con la M maiuscola, sono 2 milioni di Cambogiani sterminati dai Khmer Rossi (formatisi nel &#8217;68 parigino): un terzo della loro popolazione uccisa a sangue freddo. Il Male sono i 27 milioni di Cinesi morti per la carestia provocata dalle politiche di collettivizzazione, o i due milioni di assassinati a sangue freddo durante la Rivoluzione Culturale.<\/div>\n<p style=\"text-align: justify;\">Il Male \u00e8 il leader di un Paese che pronuncia frasi come: &#8220;Abbiamo fatto seppellire vivi 46.000 intellettuali dissidenti&#8221; vantandosene; o un altro leader che proclama: &#8220;basta 1 milione di uomini per fare la rivoluzione: gli altri devono morire tutti&#8221;.<\/p>\n<p style=\"text-align: justify;\">Il Male, per chi non lo avesse capito, \u00e8 il totalitarismo. Non \u00e8 solo il totalitarismo comunista, perch\u00e9 nel &#8217;68 si sognavano e si progettavano regimi per tutti i gusti. Chi non sognava il comunismo cinese, sognava il comunismo sovietico, chi non sognava neanche quello, sognava un regime che tornasse al [&#8230;] al nazismo, o al fascismo &#8220;sociale&#8221;, cio\u00e8 quello pi\u00f9 duro e criminale.<\/p>\n<p style=\"text-align: justify;\">Ci furono persino dei nazimaoisti, dei sinceri totalitari a tutto tondo e senza pregiudizi per il totalitarismo solo di destra o solo di sinistra: Mao o Hitler, purch\u00e9 si stermini. Una volta ne avevo incontrato anche uno, ancora convinto: &#8220;Il vero Individuo era Mao&#8221; mi disse. &#8220;E gli altri milioni che sono sottoposti al potere dell&#8217;Individuo?&#8221; &#8220;Esistono come sua funzione&#8221;.<\/p>\n<p style=\"text-align: justify;\">Ecco cos&#8217;\u00e8 il male: usare l&#8217;uomo come fosse un mattone inanimato, da incastonare nel muro di una societ\u00e0 nuova. Se il mattone non ci sta, si elimina; se per fare la nuova societ\u00e0 bastano pochi mattoni, tutti gli altri devono essere distrutti. E&#8217; il trionfo dell&#8217;annullamento dell&#8217;uomo, delle sue idee e delle sue passioni.<\/p>\n<p style=\"text-align: justify;\">Si pu\u00f2 obiettare che nel &#8217;68 vi fu un&#8217;esplosione di creativit\u00e0 individuale, di progetti, di musica e di arte nuova. Non vuol dire. Anzi: forse quello era un sintomo che il Male stava avanzando. Chi non vede le somiglianze con gli anni &#8217;10 e &#8217;20? Anche in quel decennio, alla vigilia della I Guerra Mondiale e dell&#8217;affermarsi dei primi regimi totalitari c&#8217;era un gran fermento artistico, anche pi\u00f9 esteso rispetto a quello degli anni &#8217;60 e &#8217;70.<\/p>\n<p style=\"text-align: justify;\">Gli artisti, molto spesso, si danno un gran daffare a distruggere tutto ci\u00f2 che era codificato dall&#8217;ordine costituito nella speranza che nasca un uomo nuovo. Essi non sanno, poveri illusi, che invece di &#8220;mettersi al servizio del futuro&#8221; come credono, si dovranno mettere al servizio di un dittatore. E lo dovranno pure incensare, a costo della loro stessa vita. Cos\u00ec capit\u00f2 ai futuristi russi e italiani e cos\u00ec, probabilmente, sarebbe capitato ai vari Jimmy Hendricks ed Andy Warhol, se i sogni degli utopisti sessantottini fossero andati a buon fine.<\/p>\n<p style=\"text-align: justify;\">Si dice che il &#8217;68 fu un anno di liberazione sessuale, di libert\u00e0 dalla famiglia. Anche questo non vuol dir nulla: tutti i regimi totalitari si sono preoccupati di separare l&#8217;individuo dalla famiglia, ma non per la sua libert\u00e0. Quando non resta pi\u00f9 nessuno da amare, all&#8217;individuo rimasto solo non resta che amare lo Stato e il Partito.<\/p>\n<p style=\"text-align: justify;\">Resta il fatto che, nel &#8217;68, la gente, molta gente, la gente pi\u00f9 sensibile e pi\u00f9 impegnata, voleva sottomettersi a un regime totalitario. Se ne rendevano conto? La maggior parte dice di no. Ma dobbiamo proprio crederci? Ci furono intellettuali italiani che andarono in Cina a godere: a godere nel vedere gli &#8220;intellettuali&#8221; e i &#8220;ricchi&#8221; scavare fosse e riempirle di nuovo nei campi di &#8220;rieducazione&#8221; e ce ne furono anche altri che godevano nell&#8217;assistere alle esecuzioni di massa negli stadi, per poi tornare in patria per esporre i progressi che la &#8220;giustizia proletaria&#8221; stava facendo.<\/p>\n<p style=\"text-align: justify;\">Questi uomini e queste donne furono una minoranza. La maggior parte dei sessantottini, forse, non calcolava abbastanza le conseguenze orrende della propria scelta, ma sempre di scelta consapevole si parla.<\/p>\n<p style=\"text-align: justify;\">Tutti i sessantottini volevano, consapevolmente, sfuggire alla societ\u00e0 aperta e al capitalismo, per rifugiarsi in una &#8220;comoda&#8221; identit\u00e0 collettiva, in un gruppo, dove puoi essere accettato, ma puoi anche essere epurato, dove qualsiasi scelta non viene compiuta dall&#8217;individuo (come avviene nel capitalismo), non viene pagata dall&#8217;individuo, ma \u00e8 presa dal gruppo o dal suo capo nel nome del gruppo; dove l&#8217;avere successo o meno non dipende pi\u00f9 dalla propria abilit\u00e0, n\u00e9 dalla propria fortuna, ma dalla decisione di un capo, presa, nel migliore dei modi, in base alle idee che dominano il gruppo, nel peggiore, in base al suo capriccio.<\/p>\n<p style=\"text-align: justify;\">Venti anni di diseducazione economica, nelle facolt\u00e0 di economia dove si insegnavano le dottrine di John Maynard Keynes e dei suoi allievi, avevano creato l&#8217;illusione di poter fuggire alla logica del libero mercato e di poter aumentare il benessere di un popolo con politiche appropriate.<\/p>\n<p style=\"text-align: justify;\">La sempre presente influenza sovietica e la Rivoluzione Culturale in Cina avevano fatto pensare qualcosa di ancora peggiore: che il benessere potesse crescere dalla bocca di un fucile, che eliminando fisicamente i &#8220;cattivi&#8221; si potesse creare una societ\u00e0 buona. E cos\u00ec via coi sogni: chi sognava di demolire il capitalismo per costruire una societ\u00e0 futura dove la lotta di classe si estingueva con l&#8217;estinzione dei borghesi; chi sognava di demolire il capitalismo con il ritorno a societ\u00e0 pi\u00f9 primitive, pre-moderne, castali, senza denaro e senza libert\u00e0.<\/p>\n<p style=\"text-align: justify;\">Questo fu il &#8220;sogno&#8221; chiamato &#8217;68.<\/p>\n","protected":false},"excerpt":{"rendered":"<p>\u00a0 Pepe. Giornale di provocazione e passione umana, anno II, luglio 2004, p. 1.4. Molti nostalgici del &#8217;68 giustificano tutto quello che hanno fatto nel loro passato e soprattutto cercano di distinguersi dai terroristi neri e rossi che hanno insanguinato l&#8217;Italia negli anni &#8217;70, con una serie di variazioni su un unico tema: &#8220;noi eravamo &hellip; <\/p>\n<p><a class=\"more-link btn\" href=\"https:\/\/www.rassegnastampa-totustuus.it\/cattolica\/il-68-e-il-sogno-del-male\/\">Continua a leggere<\/a><\/p>\n","protected":false},"author":6,"featured_media":32067,"comment_status":"closed","ping_status":"open","sticky":false,"template":"","format":"standard","meta":{"footnotes":""},"categories":[82,98,96],"tags":[305,1141],"class_list":["post-1729","post","type-post","status-publish","format-standard","has-post-thumbnail","hentry","category-comunismo-in-italia","category-il-68","category-storia-italiana","tag-305","tag-anni-di-piombo","item-wrap"],"yoast_head":"<!-- This site is optimized with the Yoast SEO plugin v27.5 - https:\/\/yoast.com\/product\/yoast-seo-wordpress\/ -->\n<title>Il &#039;68 e il sogno del male - Rassegna Stampa Cattolica<\/title>\n<meta name=\"description\" content=\"Rassegna Stampa Cattolica - Per una cultura che nasce dalla Rivelazione cristiana in conformit\u00e0 alla tradizione e al Magistero della Chiesa in opposizione ad ogni relativismo e totalitarismo\" \/>\n<meta name=\"robots\" content=\"index, follow, max-snippet:-1, max-image-preview:large, max-video-preview:-1\" \/>\n<link rel=\"canonical\" href=\"https:\/\/www.rassegnastampa-totustuus.it\/cattolica\/il-68-e-il-sogno-del-male\/\" \/>\n<meta property=\"og:locale\" content=\"it_IT\" \/>\n<meta property=\"og:type\" content=\"article\" \/>\n<meta property=\"og:title\" content=\"Il &#039;68 e il sogno del male - Rassegna Stampa Cattolica\" \/>\n<meta property=\"og:description\" content=\"Rassegna Stampa Cattolica - Per una cultura che nasce dalla Rivelazione cristiana in conformit\u00e0 alla tradizione e al Magistero della Chiesa in opposizione ad ogni relativismo e totalitarismo\" \/>\n<meta property=\"og:url\" content=\"https:\/\/www.rassegnastampa-totustuus.it\/cattolica\/il-68-e-il-sogno-del-male\/\" \/>\n<meta property=\"og:site_name\" content=\"Rassegna Stampa Cattolica\" \/>\n<meta property=\"article:publisher\" content=\"https:\/\/www.facebook.com\/rassegnastampacattolica\" \/>\n<meta property=\"article:published_time\" content=\"2005-11-30T14:14:36+00:00\" \/>\n<meta property=\"article:modified_time\" content=\"2016-03-23T08:53:17+00:00\" \/>\n<meta property=\"og:image\" content=\"https:\/\/www.rassegnastampa-totustuus.it\/cattolica\/wp-content\/uploads\/2005\/11\/sessantotto.jpg\" \/>\n\t<meta property=\"og:image:width\" content=\"250\" \/>\n\t<meta property=\"og:image:height\" content=\"172\" \/>\n\t<meta property=\"og:image:type\" content=\"image\/jpeg\" \/>\n<meta name=\"author\" content=\"Redazione\" \/>\n<meta name=\"twitter:card\" content=\"summary_large_image\" \/>\n<meta name=\"twitter:creator\" content=\"@rassegnastampa9\" \/>\n<meta name=\"twitter:site\" content=\"@rassegnastampa9\" \/>\n<meta name=\"twitter:label1\" content=\"Scritto da\" \/>\n\t<meta name=\"twitter:data1\" content=\"Redazione\" \/>\n\t<meta name=\"twitter:label2\" content=\"Tempo di lettura stimato\" \/>\n\t<meta name=\"twitter:data2\" content=\"5 minuti\" \/>\n<script type=\"application\/ld+json\" class=\"yoast-schema-graph\">{\"@context\":\"https:\\\/\\\/schema.org\",\"@graph\":[{\"@type\":\"Article\",\"@id\":\"https:\\\/\\\/www.rassegnastampa-totustuus.it\\\/cattolica\\\/il-68-e-il-sogno-del-male\\\/#article\",\"isPartOf\":{\"@id\":\"https:\\\/\\\/www.rassegnastampa-totustuus.it\\\/cattolica\\\/il-68-e-il-sogno-del-male\\\/\"},\"author\":{\"name\":\"Redazione\",\"@id\":\"https:\\\/\\\/www.rassegnastampa-totustuus.it\\\/cattolica\\\/#\\\/schema\\\/person\\\/08f319d2bd1a0904ad9e2bfb7b15e5c3\"},\"headline\":\"Il &#8217;68 e il sogno del male\",\"datePublished\":\"2005-11-30T14:14:36+00:00\",\"dateModified\":\"2016-03-23T08:53:17+00:00\",\"mainEntityOfPage\":{\"@id\":\"https:\\\/\\\/www.rassegnastampa-totustuus.it\\\/cattolica\\\/il-68-e-il-sogno-del-male\\\/\"},\"wordCount\":955,\"publisher\":{\"@id\":\"https:\\\/\\\/www.rassegnastampa-totustuus.it\\\/cattolica\\\/#organization\"},\"image\":{\"@id\":\"https:\\\/\\\/www.rassegnastampa-totustuus.it\\\/cattolica\\\/il-68-e-il-sogno-del-male\\\/#primaryimage\"},\"thumbnailUrl\":\"https:\\\/\\\/www.rassegnastampa-totustuus.it\\\/cattolica\\\/wp-content\\\/uploads\\\/2005\\\/11\\\/sessantotto.jpg\",\"keywords\":[\"68\",\"anni di piombo\"],\"articleSection\":[\"Comunismo in Italia\",\"Il 68\",\"Storia italiana\"],\"inLanguage\":\"it-IT\"},{\"@type\":\"WebPage\",\"@id\":\"https:\\\/\\\/www.rassegnastampa-totustuus.it\\\/cattolica\\\/il-68-e-il-sogno-del-male\\\/\",\"url\":\"https:\\\/\\\/www.rassegnastampa-totustuus.it\\\/cattolica\\\/il-68-e-il-sogno-del-male\\\/\",\"name\":\"Il '68 e il sogno del male - Rassegna Stampa Cattolica\",\"isPartOf\":{\"@id\":\"https:\\\/\\\/www.rassegnastampa-totustuus.it\\\/cattolica\\\/#website\"},\"primaryImageOfPage\":{\"@id\":\"https:\\\/\\\/www.rassegnastampa-totustuus.it\\\/cattolica\\\/il-68-e-il-sogno-del-male\\\/#primaryimage\"},\"image\":{\"@id\":\"https:\\\/\\\/www.rassegnastampa-totustuus.it\\\/cattolica\\\/il-68-e-il-sogno-del-male\\\/#primaryimage\"},\"thumbnailUrl\":\"https:\\\/\\\/www.rassegnastampa-totustuus.it\\\/cattolica\\\/wp-content\\\/uploads\\\/2005\\\/11\\\/sessantotto.jpg\",\"datePublished\":\"2005-11-30T14:14:36+00:00\",\"dateModified\":\"2016-03-23T08:53:17+00:00\",\"description\":\"Rassegna Stampa Cattolica - Per una cultura che nasce dalla Rivelazione cristiana in conformit\u00e0 alla tradizione e al Magistero della Chiesa in opposizione ad ogni relativismo e totalitarismo\",\"breadcrumb\":{\"@id\":\"https:\\\/\\\/www.rassegnastampa-totustuus.it\\\/cattolica\\\/il-68-e-il-sogno-del-male\\\/#breadcrumb\"},\"inLanguage\":\"it-IT\",\"potentialAction\":[{\"@type\":\"ReadAction\",\"target\":[\"https:\\\/\\\/www.rassegnastampa-totustuus.it\\\/cattolica\\\/il-68-e-il-sogno-del-male\\\/\"]}]},{\"@type\":\"ImageObject\",\"inLanguage\":\"it-IT\",\"@id\":\"https:\\\/\\\/www.rassegnastampa-totustuus.it\\\/cattolica\\\/il-68-e-il-sogno-del-male\\\/#primaryimage\",\"url\":\"https:\\\/\\\/www.rassegnastampa-totustuus.it\\\/cattolica\\\/wp-content\\\/uploads\\\/2005\\\/11\\\/sessantotto.jpg\",\"contentUrl\":\"https:\\\/\\\/www.rassegnastampa-totustuus.it\\\/cattolica\\\/wp-content\\\/uploads\\\/2005\\\/11\\\/sessantotto.jpg\",\"width\":250,\"height\":172},{\"@type\":\"BreadcrumbList\",\"@id\":\"https:\\\/\\\/www.rassegnastampa-totustuus.it\\\/cattolica\\\/il-68-e-il-sogno-del-male\\\/#breadcrumb\",\"itemListElement\":[{\"@type\":\"ListItem\",\"position\":1,\"name\":\"Home\",\"item\":\"https:\\\/\\\/www.rassegnastampa-totustuus.it\\\/cattolica\\\/\"},{\"@type\":\"ListItem\",\"position\":2,\"name\":\"Il &#8217;68 e il sogno del male\"}]},{\"@type\":\"WebSite\",\"@id\":\"https:\\\/\\\/www.rassegnastampa-totustuus.it\\\/cattolica\\\/#website\",\"url\":\"https:\\\/\\\/www.rassegnastampa-totustuus.it\\\/cattolica\\\/\",\"name\":\"Rassegna Stampa Cattolica\",\"description\":\"Per una cultura che nasce dalla Rivelazione cristiana in conformit\u00e0 alla tradizione e al Magistero della Chiesa in opposizione ad ogni relativismo e totalitarismo\",\"publisher\":{\"@id\":\"https:\\\/\\\/www.rassegnastampa-totustuus.it\\\/cattolica\\\/#organization\"},\"alternateName\":\"Rass. Cattolica\",\"potentialAction\":[{\"@type\":\"SearchAction\",\"target\":{\"@type\":\"EntryPoint\",\"urlTemplate\":\"https:\\\/\\\/www.rassegnastampa-totustuus.it\\\/cattolica\\\/?s={search_term_string}\"},\"query-input\":{\"@type\":\"PropertyValueSpecification\",\"valueRequired\":true,\"valueName\":\"search_term_string\"}}],\"inLanguage\":\"it-IT\"},{\"@type\":\"Organization\",\"@id\":\"https:\\\/\\\/www.rassegnastampa-totustuus.it\\\/cattolica\\\/#organization\",\"name\":\"Rassegna Stampa Cattolica\",\"url\":\"https:\\\/\\\/www.rassegnastampa-totustuus.it\\\/cattolica\\\/\",\"logo\":{\"@type\":\"ImageObject\",\"inLanguage\":\"it-IT\",\"@id\":\"https:\\\/\\\/www.rassegnastampa-totustuus.it\\\/cattolica\\\/#\\\/schema\\\/logo\\\/image\\\/\",\"url\":\"https:\\\/\\\/www.rassegnastampa-totustuus.it\\\/cattolica\\\/wp-content\\\/uploads\\\/2014\\\/04\\\/logo-rassegna1.gif\",\"contentUrl\":\"https:\\\/\\\/www.rassegnastampa-totustuus.it\\\/cattolica\\\/wp-content\\\/uploads\\\/2014\\\/04\\\/logo-rassegna1.gif\",\"width\":600,\"height\":163,\"caption\":\"Rassegna Stampa Cattolica\"},\"image\":{\"@id\":\"https:\\\/\\\/www.rassegnastampa-totustuus.it\\\/cattolica\\\/#\\\/schema\\\/logo\\\/image\\\/\"},\"sameAs\":[\"https:\\\/\\\/www.facebook.com\\\/rassegnastampacattolica\",\"https:\\\/\\\/x.com\\\/rassegnastampa9\"]},{\"@type\":\"Person\",\"@id\":\"https:\\\/\\\/www.rassegnastampa-totustuus.it\\\/cattolica\\\/#\\\/schema\\\/person\\\/08f319d2bd1a0904ad9e2bfb7b15e5c3\",\"name\":\"Redazione\",\"image\":{\"@type\":\"ImageObject\",\"inLanguage\":\"it-IT\",\"@id\":\"https:\\\/\\\/secure.gravatar.com\\\/avatar\\\/2fcdf27c78ea025fbdb44e914cc63c72249ffec9dc8aafd5c82b26240ef3f346?s=96&d=mm&r=g\",\"url\":\"https:\\\/\\\/secure.gravatar.com\\\/avatar\\\/2fcdf27c78ea025fbdb44e914cc63c72249ffec9dc8aafd5c82b26240ef3f346?s=96&d=mm&r=g\",\"contentUrl\":\"https:\\\/\\\/secure.gravatar.com\\\/avatar\\\/2fcdf27c78ea025fbdb44e914cc63c72249ffec9dc8aafd5c82b26240ef3f346?s=96&d=mm&r=g\",\"caption\":\"Redazione\"},\"url\":\"https:\\\/\\\/www.rassegnastampa-totustuus.it\\\/cattolica\\\/author\\\/pietroelle\\\/\"}]}<\/script>\n<!-- \/ Yoast SEO plugin. -->","yoast_head_json":{"title":"Il '68 e il sogno del male - Rassegna Stampa Cattolica","description":"Rassegna Stampa Cattolica - Per una cultura che nasce dalla Rivelazione cristiana in conformit\u00e0 alla tradizione e al Magistero della Chiesa in opposizione ad ogni relativismo e totalitarismo","robots":{"index":"index","follow":"follow","max-snippet":"max-snippet:-1","max-image-preview":"max-image-preview:large","max-video-preview":"max-video-preview:-1"},"canonical":"https:\/\/www.rassegnastampa-totustuus.it\/cattolica\/il-68-e-il-sogno-del-male\/","og_locale":"it_IT","og_type":"article","og_title":"Il '68 e il sogno del male - Rassegna Stampa Cattolica","og_description":"Rassegna Stampa Cattolica - Per una cultura che nasce dalla Rivelazione cristiana in conformit\u00e0 alla tradizione e al Magistero della Chiesa in opposizione ad ogni relativismo e totalitarismo","og_url":"https:\/\/www.rassegnastampa-totustuus.it\/cattolica\/il-68-e-il-sogno-del-male\/","og_site_name":"Rassegna Stampa Cattolica","article_publisher":"https:\/\/www.facebook.com\/rassegnastampacattolica","article_published_time":"2005-11-30T14:14:36+00:00","article_modified_time":"2016-03-23T08:53:17+00:00","og_image":[{"width":250,"height":172,"url":"https:\/\/www.rassegnastampa-totustuus.it\/cattolica\/wp-content\/uploads\/2005\/11\/sessantotto.jpg","type":"image\/jpeg"}],"author":"Redazione","twitter_card":"summary_large_image","twitter_creator":"@rassegnastampa9","twitter_site":"@rassegnastampa9","twitter_misc":{"Scritto da":"Redazione","Tempo di lettura stimato":"5 minuti"},"schema":{"@context":"https:\/\/schema.org","@graph":[{"@type":"Article","@id":"https:\/\/www.rassegnastampa-totustuus.it\/cattolica\/il-68-e-il-sogno-del-male\/#article","isPartOf":{"@id":"https:\/\/www.rassegnastampa-totustuus.it\/cattolica\/il-68-e-il-sogno-del-male\/"},"author":{"name":"Redazione","@id":"https:\/\/www.rassegnastampa-totustuus.it\/cattolica\/#\/schema\/person\/08f319d2bd1a0904ad9e2bfb7b15e5c3"},"headline":"Il &#8217;68 e il sogno del male","datePublished":"2005-11-30T14:14:36+00:00","dateModified":"2016-03-23T08:53:17+00:00","mainEntityOfPage":{"@id":"https:\/\/www.rassegnastampa-totustuus.it\/cattolica\/il-68-e-il-sogno-del-male\/"},"wordCount":955,"publisher":{"@id":"https:\/\/www.rassegnastampa-totustuus.it\/cattolica\/#organization"},"image":{"@id":"https:\/\/www.rassegnastampa-totustuus.it\/cattolica\/il-68-e-il-sogno-del-male\/#primaryimage"},"thumbnailUrl":"https:\/\/www.rassegnastampa-totustuus.it\/cattolica\/wp-content\/uploads\/2005\/11\/sessantotto.jpg","keywords":["68","anni di piombo"],"articleSection":["Comunismo in Italia","Il 68","Storia italiana"],"inLanguage":"it-IT"},{"@type":"WebPage","@id":"https:\/\/www.rassegnastampa-totustuus.it\/cattolica\/il-68-e-il-sogno-del-male\/","url":"https:\/\/www.rassegnastampa-totustuus.it\/cattolica\/il-68-e-il-sogno-del-male\/","name":"Il '68 e il sogno del male - Rassegna Stampa Cattolica","isPartOf":{"@id":"https:\/\/www.rassegnastampa-totustuus.it\/cattolica\/#website"},"primaryImageOfPage":{"@id":"https:\/\/www.rassegnastampa-totustuus.it\/cattolica\/il-68-e-il-sogno-del-male\/#primaryimage"},"image":{"@id":"https:\/\/www.rassegnastampa-totustuus.it\/cattolica\/il-68-e-il-sogno-del-male\/#primaryimage"},"thumbnailUrl":"https:\/\/www.rassegnastampa-totustuus.it\/cattolica\/wp-content\/uploads\/2005\/11\/sessantotto.jpg","datePublished":"2005-11-30T14:14:36+00:00","dateModified":"2016-03-23T08:53:17+00:00","description":"Rassegna Stampa Cattolica - Per una cultura che nasce dalla Rivelazione cristiana in conformit\u00e0 alla tradizione e al Magistero della Chiesa in opposizione ad ogni relativismo e totalitarismo","breadcrumb":{"@id":"https:\/\/www.rassegnastampa-totustuus.it\/cattolica\/il-68-e-il-sogno-del-male\/#breadcrumb"},"inLanguage":"it-IT","potentialAction":[{"@type":"ReadAction","target":["https:\/\/www.rassegnastampa-totustuus.it\/cattolica\/il-68-e-il-sogno-del-male\/"]}]},{"@type":"ImageObject","inLanguage":"it-IT","@id":"https:\/\/www.rassegnastampa-totustuus.it\/cattolica\/il-68-e-il-sogno-del-male\/#primaryimage","url":"https:\/\/www.rassegnastampa-totustuus.it\/cattolica\/wp-content\/uploads\/2005\/11\/sessantotto.jpg","contentUrl":"https:\/\/www.rassegnastampa-totustuus.it\/cattolica\/wp-content\/uploads\/2005\/11\/sessantotto.jpg","width":250,"height":172},{"@type":"BreadcrumbList","@id":"https:\/\/www.rassegnastampa-totustuus.it\/cattolica\/il-68-e-il-sogno-del-male\/#breadcrumb","itemListElement":[{"@type":"ListItem","position":1,"name":"Home","item":"https:\/\/www.rassegnastampa-totustuus.it\/cattolica\/"},{"@type":"ListItem","position":2,"name":"Il &#8217;68 e il sogno del male"}]},{"@type":"WebSite","@id":"https:\/\/www.rassegnastampa-totustuus.it\/cattolica\/#website","url":"https:\/\/www.rassegnastampa-totustuus.it\/cattolica\/","name":"Rassegna Stampa Cattolica","description":"Per una cultura che nasce dalla Rivelazione cristiana in conformit\u00e0 alla tradizione e al Magistero della Chiesa in opposizione ad ogni relativismo e totalitarismo","publisher":{"@id":"https:\/\/www.rassegnastampa-totustuus.it\/cattolica\/#organization"},"alternateName":"Rass. Cattolica","potentialAction":[{"@type":"SearchAction","target":{"@type":"EntryPoint","urlTemplate":"https:\/\/www.rassegnastampa-totustuus.it\/cattolica\/?s={search_term_string}"},"query-input":{"@type":"PropertyValueSpecification","valueRequired":true,"valueName":"search_term_string"}}],"inLanguage":"it-IT"},{"@type":"Organization","@id":"https:\/\/www.rassegnastampa-totustuus.it\/cattolica\/#organization","name":"Rassegna Stampa Cattolica","url":"https:\/\/www.rassegnastampa-totustuus.it\/cattolica\/","logo":{"@type":"ImageObject","inLanguage":"it-IT","@id":"https:\/\/www.rassegnastampa-totustuus.it\/cattolica\/#\/schema\/logo\/image\/","url":"https:\/\/www.rassegnastampa-totustuus.it\/cattolica\/wp-content\/uploads\/2014\/04\/logo-rassegna1.gif","contentUrl":"https:\/\/www.rassegnastampa-totustuus.it\/cattolica\/wp-content\/uploads\/2014\/04\/logo-rassegna1.gif","width":600,"height":163,"caption":"Rassegna Stampa Cattolica"},"image":{"@id":"https:\/\/www.rassegnastampa-totustuus.it\/cattolica\/#\/schema\/logo\/image\/"},"sameAs":["https:\/\/www.facebook.com\/rassegnastampacattolica","https:\/\/x.com\/rassegnastampa9"]},{"@type":"Person","@id":"https:\/\/www.rassegnastampa-totustuus.it\/cattolica\/#\/schema\/person\/08f319d2bd1a0904ad9e2bfb7b15e5c3","name":"Redazione","image":{"@type":"ImageObject","inLanguage":"it-IT","@id":"https:\/\/secure.gravatar.com\/avatar\/2fcdf27c78ea025fbdb44e914cc63c72249ffec9dc8aafd5c82b26240ef3f346?s=96&d=mm&r=g","url":"https:\/\/secure.gravatar.com\/avatar\/2fcdf27c78ea025fbdb44e914cc63c72249ffec9dc8aafd5c82b26240ef3f346?s=96&d=mm&r=g","contentUrl":"https:\/\/secure.gravatar.com\/avatar\/2fcdf27c78ea025fbdb44e914cc63c72249ffec9dc8aafd5c82b26240ef3f346?s=96&d=mm&r=g","caption":"Redazione"},"url":"https:\/\/www.rassegnastampa-totustuus.it\/cattolica\/author\/pietroelle\/"}]}},"_links":{"self":[{"href":"https:\/\/www.rassegnastampa-totustuus.it\/cattolica\/wp-json\/wp\/v2\/posts\/1729","targetHints":{"allow":["GET"]}}],"collection":[{"href":"https:\/\/www.rassegnastampa-totustuus.it\/cattolica\/wp-json\/wp\/v2\/posts"}],"about":[{"href":"https:\/\/www.rassegnastampa-totustuus.it\/cattolica\/wp-json\/wp\/v2\/types\/post"}],"author":[{"embeddable":true,"href":"https:\/\/www.rassegnastampa-totustuus.it\/cattolica\/wp-json\/wp\/v2\/users\/6"}],"replies":[{"embeddable":true,"href":"https:\/\/www.rassegnastampa-totustuus.it\/cattolica\/wp-json\/wp\/v2\/comments?post=1729"}],"version-history":[{"count":4,"href":"https:\/\/www.rassegnastampa-totustuus.it\/cattolica\/wp-json\/wp\/v2\/posts\/1729\/revisions"}],"predecessor-version":[{"id":32068,"href":"https:\/\/www.rassegnastampa-totustuus.it\/cattolica\/wp-json\/wp\/v2\/posts\/1729\/revisions\/32068"}],"wp:featuredmedia":[{"embeddable":true,"href":"https:\/\/www.rassegnastampa-totustuus.it\/cattolica\/wp-json\/wp\/v2\/media\/32067"}],"wp:attachment":[{"href":"https:\/\/www.rassegnastampa-totustuus.it\/cattolica\/wp-json\/wp\/v2\/media?parent=1729"}],"wp:term":[{"taxonomy":"category","embeddable":true,"href":"https:\/\/www.rassegnastampa-totustuus.it\/cattolica\/wp-json\/wp\/v2\/categories?post=1729"},{"taxonomy":"post_tag","embeddable":true,"href":"https:\/\/www.rassegnastampa-totustuus.it\/cattolica\/wp-json\/wp\/v2\/tags?post=1729"}],"curies":[{"name":"wp","href":"https:\/\/api.w.org\/{rel}","templated":true}]}}