{"id":1720,"date":"2005-11-25T09:11:25","date_gmt":"2005-11-25T08:11:25","guid":{"rendered":""},"modified":"2015-11-19T12:52:31","modified_gmt":"2015-11-19T11:52:31","slug":"vi-racconto-gli-orrori-dei-laogai-i-lager-cinesi","status":"publish","type":"post","link":"https:\/\/www.rassegnastampa-totustuus.it\/cattolica\/vi-racconto-gli-orrori-dei-laogai-i-lager-cinesi\/","title":{"rendered":"Vi racconto gli orrori dei laogai i lager cinesi"},"content":{"rendered":"<div style=\"text-align: center;\"><strong><a href=\"https:\/\/www.rassegnastampa-totustuus.it\/cattolica\/wp-content\/uploads\/2005\/11\/Laogai.jpg\"><img loading=\"lazy\" decoding=\"async\" class=\"alignleft wp-image-27888\" src=\"https:\/\/www.rassegnastampa-totustuus.it\/cattolica\/wp-content\/uploads\/2005\/11\/Laogai.jpg\" alt=\"Laogai\" width=\"250\" height=\"166\" \/><\/a>Il Giornale<\/strong> 21 novembre 2005<\/div>\n<p style=\"text-align: center;\">di <strong>Filippo Facci <\/strong><\/p>\n<p style=\"text-align: justify;\">Mani curate, cravatta rossa e una certezza: l\u2019economia cinese \u00e8 basata sullo schiavismo. D&#8217;accordo, ne parleremo, ma anzitutto chiediamo a Harry Wu se vuole parlarci dei suoi diciannove anni rinchiuso in un laogai. Ci guarda mestamente: \u00abDevi prima capire che cos\u2019\u00e8 davvero un laogai\u00bb.<\/p>\n<p><!--more--><\/p>\n<div style=\"text-align: justify;\">E noi credevamo di saperlo: sono dei campi di rieducazione voluti da Mao Zedong che hanno accolto non meno di cinquanta milioni di persone dalla loro costituzione, praticamente l\u2019Italia intera; si \u00e8 calcolato che non esista un cinese che non conosca almeno una persona che vi \u00e8 stata soggiogata.<\/div>\n<p style=\"text-align: justify;\">\u00c8 una detenzione che non prevede processo, non prevede imputazione, tantomeno esame o riesame giudiziario o possibilit\u00e0 di confrontarsi con un\u2019autorit\u00e0. La decisione di rinchiuderti \u00e8 a totale discrezione del Partito. \u00abMa loro\u00bb dice \u00abper definirti usano la parola prodotto, e il primo prodotto sei tu, quello che devi diventare: un nuovo socialista. Il secondo \u00e8 un prodotto vero e proprio, tipo scarpe, vestiti, spezie, tessuti, qualsiasi cosa. Ogni laogai ha due nomi: quello del centro di detenzione e quello della fabbrica.<\/p>\n<p style=\"text-align: justify;\">Tu devi affrontare una quota di lavoro quotidiano, sino a 18 ore, senn\u00f2 non ti danno da mangiare. Spesso devi lavorare in condizioni pericolose, come nelle miniere, con prodotti chimici tossici\u00bb. Una pausa, scuote la testa: \u00abMa neppure questo, in realt\u00e0, \u00e8 il laogai\u00bb. \u00c8 come se Harry Wu, cinese fuggito negli Usa, non volesse parlare di s\u00e9.<\/p>\n<p style=\"text-align: justify;\">Eppure \u00e8 presidente della Laogai Research Foundation, \u00e8 una prova vivente, fu arrestato a ventidue anni dopo che all\u2019universit\u00e0, leggendo un giornale assieme ad altri studenti, aveva semplicemente criticato l\u2019appoggio cinese all\u2019invasione sovietica di Budapest. Delazione. Manette. Nessun tribunale, nessuna prova o indizio, nessuna accusa precisa se non quella d\u2019essere un cattolico e un rivoluzionario di destra.<\/p>\n<p style=\"text-align: justify;\">\u00abIl primo giorno, a Chejang, mi dissero che per potermi rieducare sarebbe occorso molto tempo. Poi mi spiegarono che non avrei neppure potuto pregare n\u00e9 sostenere di essere una persona: perch\u00e9 mi avrebbero punito o ucciso. Mi obbligarono a confessare delle presunte colpe dopo aver costretto alla confessione anche mio padre, mio fratello, la mia fidanzata. Solo mia madre rifiut\u00f2 di farlo. Sono stato molto orgoglioso di lei\u00bb.<\/p>\n<p style=\"text-align: justify;\">Un\u2019altra pausa. L\u2019impercettibile imbarazzo di Toni Brandi, il coordinatore della Fondazione che ci sta facendo da interprete: \u00abNon ha confessato perch\u00e9 si \u00e8 suicidata\u00bb. E tutto, attorno, comincia a farsi stretto, troppo in distonia col racconto, e troppo rossa quella cravatta rossa, troppo pulita la moquette di quell\u2019hotel nel centro di Milano.<\/p>\n<p style=\"text-align: justify;\">\u00abI primi due o tre anni\u00bb, racconta Harry Wu, \u00abpensi alla tua ragazza, alla tua famiglia, alla libert\u00e0, alla dignit\u00e0: poi non pensi pi\u00f9 a niente. Perdi ogni dimensione, entri in un tunnel scuro. Preghi di nascosto. In un laogai non ci sono eroi che possano sopravvivere: a meno di suicidarti o farti torturare a morte.<\/p>\n<p style=\"text-align: justify;\">Scariche elettriche. Pestaggi manuali o con i manganelli. L\u2019utilizzo doloroso di manette ai polsi e alle caviglie. La sospensione per le braccia. La privazione del cibo e del sonno. Questo ho visto, e cos\u00ec \u00e8 stato per preti, vescovi cattolici, monaci tibetani\u00bb.<\/p>\n<p style=\"text-align: justify;\">Ci mostra la foto di un vescovo di 33 anni, e ancora altre foto in sequenza che nessun quotidiano o rotocalco potr\u00e0 mai riportare: uomini e ragazzi inginocchiati, una ragazzina immobilizzata da due soldati mentre un terzo le punta il fucile alla nuca, una foto successiva in cui \u00e8 spalmata a terra con il cranio orribilmente esploso.<\/p>\n<p style=\"text-align: justify;\">Poi un filmato. \u00c8 un dvd curato dall\u2019associazione, e dovrebbero vietarlo ai minori e agli occidentali in affari con la Cina: esecuzioni seriali, di massa, i condannati inginocchiati, prima la fucilata e poi lo stivale premuto forte sullo stomaco per controllare che morte sia stata, un ufficiale di partito che per sincerarsene usa una sbarra d\u2019acciaio, e anche di questo qualcosa sapevamo, ma come dire: il video, un video.<\/p>\n<p style=\"text-align: justify;\">Sapevamo pure delle fucilazioni e delle camere mobili di esecuzione: furgoni modificati che raggiungono direttamente il luogo dell\u2019esecuzione con il condannato legato con cinghie a un lettino di metallo, il tutto controllato da un monitor accanto al posto di guida. Poi via, si riparte verso altre esecuzioni da effettuarsi pochi minuti dopo l\u2019emissione della condanna a morte.<\/p>\n<p style=\"text-align: justify;\">Noi sapevamo che la maggior parte delle condanne \u00e8 pronunciata in stadi e piazze davanti a folle gigantesche, e che le cose, in Cina, sono tornate a peggiorare dal 2003, laddove ogni anno vengono giustiziati pi\u00f9 individui che in tutti i Paesi del mondo messi insieme.<\/p>\n<p>\u00abNel 1984, dopo un articolo di Newsweek, smisero di portare i morti in giro per le strade come pubblico esempio\u00bb, ci dice, \u00abma dal 1989 hanno ricominciato, e i familiari devono pagare le spese per le pallottole e per la cremazione\u00bb. E la faccenda degli organi? \u00abLe autorit\u00e0 prelevano gli organi dei condannati a morte in quanto appartengono ufficialmente allo Stato. I trapianti sono effettuati sotto supervisione governativa: il costo \u00e8 inferiore del 30 per cento rispetto alla media, e ne beneficiano cinesi privilegiati e cittadini occidentali e israeliani\u00bb.<\/p>\n<p>E la faccenda dei cosmetici fatti con la pelle dei morti? \u00abDai giustiziati prendono il collagene e altre sostanze che servono per la produzione di prodotti di bellezza, tutti destinati al mercato europeo\u00bb. Nel settembre scorso, della pelle di condannati o di feti, parl\u00f2 anche un\u2019inchiesta del Guardian: cit\u00f2 la testimonianza, in particolare, di un ex medico militare cinese che sosteneva d\u2019aver aiutato un chirurgo a espiantare gli organi di oltre cento giustiziati, cornee comprese: senza ovviamente aver prima chiesto il consenso a chicchessia. Il chirurgo parcheggiava il suo furgoncino vicino al luogo delle esecuzioni e, stando alla testimonianza, nel 1995 tolsero la pelle anche a un uomo poi rivelatosi vivo. \u00abDevi prima capire\u00bb, ripete, \u00abche cos\u2019\u00e8 un laogai\u00bb.<\/p>\n<p>Forse s\u00ec, forse dobbiamo capire: dobbiamo poterci raccontare, un giorno, tra vent\u2019anni, che sapevamo. \u00abI laogai sono parte integrante dell\u2019economia cinese. Le autorit\u00e0 li considerano delle fonti inesauribili di mano d\u2019opera gratuita: milioni di persone, rinchiuse, che costituiscono la popolazione di lavoratori forzati pi\u00f9 vasta del mondo. \u00c8 un modo supplementare, ma basilare, che ha fatto volare l\u2019economia: un\u2019economia di schiavit\u00f9\u00bb. Il numero dei laogai \u00e8 imprecisato: \u00e8 segreto di Stato. Secondo l&#8217;Associazione, dovrebbero essere circa un migliaio.<\/p>\n<p>I prigionieri, se la rieducazione fosse giudicata non completata, possono essere trattenuti anche dopo la fine della pena: \u00abIo avrei dovuto rimanerci per trentaquattro anni, se non fossi fuggito. Perch\u00e9 avevo delle opinioni. Perch\u00e9 ero cattolico. Perch\u00e9 ero un uomo. Il 20 novembre compio vent\u2019anni da uomo libero\u00bb. Ieri. \u00abE continuer\u00f2 a lavorare perch\u00e9 la parola laogai entri in tutti i dizionari, in tutte le lingue. Appena giunto negli Usa non ne volli parlare per cinque anni, non ci riuscivo, poi cominciai a vedere che in America la gente parlava dell\u2019Olocausto, parlava dei gulag, e per\u00f2 a proposito della Cina parlava solo della Muraglia e del cibo e naturalmente dell\u2019economia. Ma i laogai, in Cina, esistono da cinquantacinque anni\u00bb.<\/p>\n<p>Ben pi\u00f9, quindi, dei ventisette anni che ci separano dalla nascita della cosiddetta politica del figlio unico instaurata nel 1979 da Deng Xiaoping, prassi che ha spinto milioni di contadini a sbarazzarsi della progenie femminile: almeno 550mila bambine l\u2019anno secondo l\u2019organizzazione Human Rights Watch. Pi\u00f9 dei due anni che ci separano dal giro di vite giudiziario introdotto nel 2003 nel timore che l\u2019arricchimento potesse portare troppa libert\u00e0: laddove le madri e i familiari delle vittime di Tienanmen sono ancor oggi perseguitate, e i sindacati proibiti, i minori deceduti sul lavoro impressionanti per numero, per non dire dei cosiddetti morti accidentali: prigionieri che precipitano dai piani alti degli edifici detentivi e che solo il racconto di pochi scampati ha potuto testimoniare.<\/p>\n<p>A Reporter senza frontiere e ad Amnesty International \u00e8 invece toccato il compito di raccontare della rinnovata abitudine di rinchiudere i dissidenti negli ospedali psichiatrici, spesso imbottiti di psicofarmaci senza che le ragioni degli internamenti fossero state neppure ufficialmente stabilite: accade nel Paese che per un anno e mezzo riusc\u00ec e celare l\u2019epidemia Sars, giacch\u00e9 i dirigenti cinesi temevano che potesse scoraggiare gli investimenti occidentali. Cose delicate. La Cina cresce sino al 10 per cento annuo e si metter\u00e0 in vetrina ai giochi olimpici del 2008: e ci sono da quattro a sei milioni di persone, rinchiusi nei laogai cinesi, che stanno lavorando per noi. Harry Wu domenica mattina \u00e8 ripartito per Washington. Doveva incontrare Bush e festeggiare i suoi vent&#8217;anni da uomo libero. O forse bastava da uomo.<\/p>\n<p><strong>Leggi anche:<\/strong><\/p>\n<p><a href=\"modules.php?name=News&amp;file=article&amp;sid=2607\">Harry Wu, \u00abIl controrivoluzionario\u00bb<\/a><\/p>\n<p><a href=\"modules.php?name=News&amp;file=article&amp;sid=2293\">&#8216;Laogai, peggio di gulag e lager&#8217;. Parla un sopravvissuto a 19 anni di prigione<\/a><\/p>\n","protected":false},"excerpt":{"rendered":"<p>Il Giornale 21 novembre 2005 di Filippo Facci Mani curate, cravatta rossa e una certezza: l\u2019economia cinese \u00e8 basata sullo schiavismo. D&#8217;accordo, ne parleremo, ma anzitutto chiediamo a Harry Wu se vuole parlarci dei suoi diciannove anni rinchiuso in un laogai. Ci guarda mestamente: \u00abDevi prima capire che cos\u2019\u00e8 davvero un laogai\u00bb.<\/p><p><a class=\"more-link btn\" href=\"https:\/\/www.rassegnastampa-totustuus.it\/cattolica\/vi-racconto-gli-orrori-dei-laogai-i-lager-cinesi\/\">Continua a leggere<\/a><\/p>\n","protected":false},"author":6,"featured_media":27888,"comment_status":"closed","ping_status":"open","sticky":false,"template":"","format":"standard","meta":{"footnotes":""},"categories":[56,32,108],"tags":[2297,1135],"class_list":["post-1720","post","type-post","status-publish","format-standard","has-post-thumbnail","hentry","category-cina","category-filosofia-del-comunismo","category-paesi-e-continenti","tag-harry-wy","tag-laogai","item-wrap"],"yoast_head":"<!-- This site is optimized with the Yoast SEO plugin v27.5 - https:\/\/yoast.com\/product\/yoast-seo-wordpress\/ -->\n<title>Vi racconto gli orrori dei laogai i lager cinesi - Rassegna Stampa Cattolica<\/title>\n<meta name=\"description\" content=\"Rassegna Stampa Cattolica - Per una cultura che nasce dalla Rivelazione cristiana in conformit\u00e0 alla tradizione e al Magistero della Chiesa in opposizione ad ogni relativismo e totalitarismo\" \/>\n<meta name=\"robots\" content=\"index, follow, max-snippet:-1, max-image-preview:large, max-video-preview:-1\" \/>\n<link rel=\"canonical\" href=\"https:\/\/www.rassegnastampa-totustuus.it\/cattolica\/vi-racconto-gli-orrori-dei-laogai-i-lager-cinesi\/\" \/>\n<meta property=\"og:locale\" content=\"it_IT\" \/>\n<meta property=\"og:type\" content=\"article\" \/>\n<meta property=\"og:title\" content=\"Vi racconto gli orrori dei laogai i lager cinesi - Rassegna Stampa Cattolica\" \/>\n<meta property=\"og:description\" content=\"Rassegna Stampa Cattolica - Per una cultura che nasce dalla Rivelazione cristiana in conformit\u00e0 alla tradizione e al Magistero della Chiesa in opposizione ad ogni relativismo e totalitarismo\" \/>\n<meta property=\"og:url\" content=\"https:\/\/www.rassegnastampa-totustuus.it\/cattolica\/vi-racconto-gli-orrori-dei-laogai-i-lager-cinesi\/\" \/>\n<meta property=\"og:site_name\" content=\"Rassegna Stampa Cattolica\" \/>\n<meta property=\"article:publisher\" content=\"https:\/\/www.facebook.com\/rassegnastampacattolica\" \/>\n<meta property=\"article:published_time\" content=\"2005-11-25T08:11:25+00:00\" \/>\n<meta property=\"article:modified_time\" content=\"2015-11-19T11:52:31+00:00\" \/>\n<meta property=\"og:image\" content=\"https:\/\/www.rassegnastampa-totustuus.it\/cattolica\/wp-content\/uploads\/2005\/11\/Laogai.jpg\" \/>\n\t<meta property=\"og:image:width\" content=\"275\" \/>\n\t<meta property=\"og:image:height\" content=\"183\" \/>\n\t<meta property=\"og:image:type\" content=\"image\/jpeg\" \/>\n<meta name=\"author\" content=\"Redazione\" \/>\n<meta name=\"twitter:card\" content=\"summary_large_image\" \/>\n<meta name=\"twitter:creator\" content=\"@rassegnastampa9\" \/>\n<meta name=\"twitter:site\" content=\"@rassegnastampa9\" \/>\n<meta name=\"twitter:label1\" content=\"Scritto da\" \/>\n\t<meta name=\"twitter:data1\" content=\"Redazione\" \/>\n\t<meta name=\"twitter:label2\" content=\"Tempo di lettura stimato\" \/>\n\t<meta name=\"twitter:data2\" content=\"7 minuti\" \/>\n<script type=\"application\/ld+json\" class=\"yoast-schema-graph\">{\"@context\":\"https:\\\/\\\/schema.org\",\"@graph\":[{\"@type\":\"Article\",\"@id\":\"https:\\\/\\\/www.rassegnastampa-totustuus.it\\\/cattolica\\\/vi-racconto-gli-orrori-dei-laogai-i-lager-cinesi\\\/#article\",\"isPartOf\":{\"@id\":\"https:\\\/\\\/www.rassegnastampa-totustuus.it\\\/cattolica\\\/vi-racconto-gli-orrori-dei-laogai-i-lager-cinesi\\\/\"},\"author\":{\"name\":\"Redazione\",\"@id\":\"https:\\\/\\\/www.rassegnastampa-totustuus.it\\\/cattolica\\\/#\\\/schema\\\/person\\\/08f319d2bd1a0904ad9e2bfb7b15e5c3\"},\"headline\":\"Vi racconto gli orrori dei laogai i lager cinesi\",\"datePublished\":\"2005-11-25T08:11:25+00:00\",\"dateModified\":\"2015-11-19T11:52:31+00:00\",\"mainEntityOfPage\":{\"@id\":\"https:\\\/\\\/www.rassegnastampa-totustuus.it\\\/cattolica\\\/vi-racconto-gli-orrori-dei-laogai-i-lager-cinesi\\\/\"},\"wordCount\":1424,\"publisher\":{\"@id\":\"https:\\\/\\\/www.rassegnastampa-totustuus.it\\\/cattolica\\\/#organization\"},\"image\":{\"@id\":\"https:\\\/\\\/www.rassegnastampa-totustuus.it\\\/cattolica\\\/vi-racconto-gli-orrori-dei-laogai-i-lager-cinesi\\\/#primaryimage\"},\"thumbnailUrl\":\"https:\\\/\\\/www.rassegnastampa-totustuus.it\\\/cattolica\\\/wp-content\\\/uploads\\\/2005\\\/11\\\/Laogai.jpg\",\"keywords\":[\"Harry Wy\",\"laogai\"],\"articleSection\":[\"Cina\",\"Comunismo\",\"Paesi e continenti\"],\"inLanguage\":\"it-IT\"},{\"@type\":\"WebPage\",\"@id\":\"https:\\\/\\\/www.rassegnastampa-totustuus.it\\\/cattolica\\\/vi-racconto-gli-orrori-dei-laogai-i-lager-cinesi\\\/\",\"url\":\"https:\\\/\\\/www.rassegnastampa-totustuus.it\\\/cattolica\\\/vi-racconto-gli-orrori-dei-laogai-i-lager-cinesi\\\/\",\"name\":\"Vi racconto gli orrori dei laogai i lager cinesi - Rassegna Stampa Cattolica\",\"isPartOf\":{\"@id\":\"https:\\\/\\\/www.rassegnastampa-totustuus.it\\\/cattolica\\\/#website\"},\"primaryImageOfPage\":{\"@id\":\"https:\\\/\\\/www.rassegnastampa-totustuus.it\\\/cattolica\\\/vi-racconto-gli-orrori-dei-laogai-i-lager-cinesi\\\/#primaryimage\"},\"image\":{\"@id\":\"https:\\\/\\\/www.rassegnastampa-totustuus.it\\\/cattolica\\\/vi-racconto-gli-orrori-dei-laogai-i-lager-cinesi\\\/#primaryimage\"},\"thumbnailUrl\":\"https:\\\/\\\/www.rassegnastampa-totustuus.it\\\/cattolica\\\/wp-content\\\/uploads\\\/2005\\\/11\\\/Laogai.jpg\",\"datePublished\":\"2005-11-25T08:11:25+00:00\",\"dateModified\":\"2015-11-19T11:52:31+00:00\",\"description\":\"Rassegna Stampa Cattolica - Per una cultura che nasce dalla Rivelazione cristiana in conformit\u00e0 alla tradizione e al Magistero della Chiesa in opposizione ad ogni relativismo e totalitarismo\",\"breadcrumb\":{\"@id\":\"https:\\\/\\\/www.rassegnastampa-totustuus.it\\\/cattolica\\\/vi-racconto-gli-orrori-dei-laogai-i-lager-cinesi\\\/#breadcrumb\"},\"inLanguage\":\"it-IT\",\"potentialAction\":[{\"@type\":\"ReadAction\",\"target\":[\"https:\\\/\\\/www.rassegnastampa-totustuus.it\\\/cattolica\\\/vi-racconto-gli-orrori-dei-laogai-i-lager-cinesi\\\/\"]}]},{\"@type\":\"ImageObject\",\"inLanguage\":\"it-IT\",\"@id\":\"https:\\\/\\\/www.rassegnastampa-totustuus.it\\\/cattolica\\\/vi-racconto-gli-orrori-dei-laogai-i-lager-cinesi\\\/#primaryimage\",\"url\":\"https:\\\/\\\/www.rassegnastampa-totustuus.it\\\/cattolica\\\/wp-content\\\/uploads\\\/2005\\\/11\\\/Laogai.jpg\",\"contentUrl\":\"https:\\\/\\\/www.rassegnastampa-totustuus.it\\\/cattolica\\\/wp-content\\\/uploads\\\/2005\\\/11\\\/Laogai.jpg\",\"width\":275,\"height\":183},{\"@type\":\"BreadcrumbList\",\"@id\":\"https:\\\/\\\/www.rassegnastampa-totustuus.it\\\/cattolica\\\/vi-racconto-gli-orrori-dei-laogai-i-lager-cinesi\\\/#breadcrumb\",\"itemListElement\":[{\"@type\":\"ListItem\",\"position\":1,\"name\":\"Home\",\"item\":\"https:\\\/\\\/www.rassegnastampa-totustuus.it\\\/cattolica\\\/\"},{\"@type\":\"ListItem\",\"position\":2,\"name\":\"Vi racconto gli orrori dei laogai i lager cinesi\"}]},{\"@type\":\"WebSite\",\"@id\":\"https:\\\/\\\/www.rassegnastampa-totustuus.it\\\/cattolica\\\/#website\",\"url\":\"https:\\\/\\\/www.rassegnastampa-totustuus.it\\\/cattolica\\\/\",\"name\":\"Rassegna Stampa Cattolica\",\"description\":\"Per una cultura che nasce dalla Rivelazione cristiana in conformit\u00e0 alla tradizione e al Magistero della Chiesa in opposizione ad ogni relativismo e totalitarismo\",\"publisher\":{\"@id\":\"https:\\\/\\\/www.rassegnastampa-totustuus.it\\\/cattolica\\\/#organization\"},\"alternateName\":\"Rass. Cattolica\",\"potentialAction\":[{\"@type\":\"SearchAction\",\"target\":{\"@type\":\"EntryPoint\",\"urlTemplate\":\"https:\\\/\\\/www.rassegnastampa-totustuus.it\\\/cattolica\\\/?s={search_term_string}\"},\"query-input\":{\"@type\":\"PropertyValueSpecification\",\"valueRequired\":true,\"valueName\":\"search_term_string\"}}],\"inLanguage\":\"it-IT\"},{\"@type\":\"Organization\",\"@id\":\"https:\\\/\\\/www.rassegnastampa-totustuus.it\\\/cattolica\\\/#organization\",\"name\":\"Rassegna Stampa Cattolica\",\"url\":\"https:\\\/\\\/www.rassegnastampa-totustuus.it\\\/cattolica\\\/\",\"logo\":{\"@type\":\"ImageObject\",\"inLanguage\":\"it-IT\",\"@id\":\"https:\\\/\\\/www.rassegnastampa-totustuus.it\\\/cattolica\\\/#\\\/schema\\\/logo\\\/image\\\/\",\"url\":\"https:\\\/\\\/www.rassegnastampa-totustuus.it\\\/cattolica\\\/wp-content\\\/uploads\\\/2014\\\/04\\\/logo-rassegna1.gif\",\"contentUrl\":\"https:\\\/\\\/www.rassegnastampa-totustuus.it\\\/cattolica\\\/wp-content\\\/uploads\\\/2014\\\/04\\\/logo-rassegna1.gif\",\"width\":600,\"height\":163,\"caption\":\"Rassegna Stampa Cattolica\"},\"image\":{\"@id\":\"https:\\\/\\\/www.rassegnastampa-totustuus.it\\\/cattolica\\\/#\\\/schema\\\/logo\\\/image\\\/\"},\"sameAs\":[\"https:\\\/\\\/www.facebook.com\\\/rassegnastampacattolica\",\"https:\\\/\\\/x.com\\\/rassegnastampa9\"]},{\"@type\":\"Person\",\"@id\":\"https:\\\/\\\/www.rassegnastampa-totustuus.it\\\/cattolica\\\/#\\\/schema\\\/person\\\/08f319d2bd1a0904ad9e2bfb7b15e5c3\",\"name\":\"Redazione\",\"image\":{\"@type\":\"ImageObject\",\"inLanguage\":\"it-IT\",\"@id\":\"https:\\\/\\\/secure.gravatar.com\\\/avatar\\\/2fcdf27c78ea025fbdb44e914cc63c72249ffec9dc8aafd5c82b26240ef3f346?s=96&d=mm&r=g\",\"url\":\"https:\\\/\\\/secure.gravatar.com\\\/avatar\\\/2fcdf27c78ea025fbdb44e914cc63c72249ffec9dc8aafd5c82b26240ef3f346?s=96&d=mm&r=g\",\"contentUrl\":\"https:\\\/\\\/secure.gravatar.com\\\/avatar\\\/2fcdf27c78ea025fbdb44e914cc63c72249ffec9dc8aafd5c82b26240ef3f346?s=96&d=mm&r=g\",\"caption\":\"Redazione\"},\"url\":\"https:\\\/\\\/www.rassegnastampa-totustuus.it\\\/cattolica\\\/author\\\/pietroelle\\\/\"}]}<\/script>\n<!-- \/ Yoast SEO plugin. -->","yoast_head_json":{"title":"Vi racconto gli orrori dei laogai i lager cinesi - Rassegna Stampa Cattolica","description":"Rassegna Stampa Cattolica - Per una cultura che nasce dalla Rivelazione cristiana in conformit\u00e0 alla tradizione e al Magistero della Chiesa in opposizione ad ogni relativismo e totalitarismo","robots":{"index":"index","follow":"follow","max-snippet":"max-snippet:-1","max-image-preview":"max-image-preview:large","max-video-preview":"max-video-preview:-1"},"canonical":"https:\/\/www.rassegnastampa-totustuus.it\/cattolica\/vi-racconto-gli-orrori-dei-laogai-i-lager-cinesi\/","og_locale":"it_IT","og_type":"article","og_title":"Vi racconto gli orrori dei laogai i lager cinesi - Rassegna Stampa Cattolica","og_description":"Rassegna Stampa Cattolica - Per una cultura che nasce dalla Rivelazione cristiana in conformit\u00e0 alla tradizione e al Magistero della Chiesa in opposizione ad ogni relativismo e totalitarismo","og_url":"https:\/\/www.rassegnastampa-totustuus.it\/cattolica\/vi-racconto-gli-orrori-dei-laogai-i-lager-cinesi\/","og_site_name":"Rassegna Stampa Cattolica","article_publisher":"https:\/\/www.facebook.com\/rassegnastampacattolica","article_published_time":"2005-11-25T08:11:25+00:00","article_modified_time":"2015-11-19T11:52:31+00:00","og_image":[{"width":275,"height":183,"url":"https:\/\/www.rassegnastampa-totustuus.it\/cattolica\/wp-content\/uploads\/2005\/11\/Laogai.jpg","type":"image\/jpeg"}],"author":"Redazione","twitter_card":"summary_large_image","twitter_creator":"@rassegnastampa9","twitter_site":"@rassegnastampa9","twitter_misc":{"Scritto da":"Redazione","Tempo di lettura stimato":"7 minuti"},"schema":{"@context":"https:\/\/schema.org","@graph":[{"@type":"Article","@id":"https:\/\/www.rassegnastampa-totustuus.it\/cattolica\/vi-racconto-gli-orrori-dei-laogai-i-lager-cinesi\/#article","isPartOf":{"@id":"https:\/\/www.rassegnastampa-totustuus.it\/cattolica\/vi-racconto-gli-orrori-dei-laogai-i-lager-cinesi\/"},"author":{"name":"Redazione","@id":"https:\/\/www.rassegnastampa-totustuus.it\/cattolica\/#\/schema\/person\/08f319d2bd1a0904ad9e2bfb7b15e5c3"},"headline":"Vi racconto gli orrori dei laogai i lager cinesi","datePublished":"2005-11-25T08:11:25+00:00","dateModified":"2015-11-19T11:52:31+00:00","mainEntityOfPage":{"@id":"https:\/\/www.rassegnastampa-totustuus.it\/cattolica\/vi-racconto-gli-orrori-dei-laogai-i-lager-cinesi\/"},"wordCount":1424,"publisher":{"@id":"https:\/\/www.rassegnastampa-totustuus.it\/cattolica\/#organization"},"image":{"@id":"https:\/\/www.rassegnastampa-totustuus.it\/cattolica\/vi-racconto-gli-orrori-dei-laogai-i-lager-cinesi\/#primaryimage"},"thumbnailUrl":"https:\/\/www.rassegnastampa-totustuus.it\/cattolica\/wp-content\/uploads\/2005\/11\/Laogai.jpg","keywords":["Harry Wy","laogai"],"articleSection":["Cina","Comunismo","Paesi e continenti"],"inLanguage":"it-IT"},{"@type":"WebPage","@id":"https:\/\/www.rassegnastampa-totustuus.it\/cattolica\/vi-racconto-gli-orrori-dei-laogai-i-lager-cinesi\/","url":"https:\/\/www.rassegnastampa-totustuus.it\/cattolica\/vi-racconto-gli-orrori-dei-laogai-i-lager-cinesi\/","name":"Vi racconto gli orrori dei laogai i lager cinesi - Rassegna Stampa Cattolica","isPartOf":{"@id":"https:\/\/www.rassegnastampa-totustuus.it\/cattolica\/#website"},"primaryImageOfPage":{"@id":"https:\/\/www.rassegnastampa-totustuus.it\/cattolica\/vi-racconto-gli-orrori-dei-laogai-i-lager-cinesi\/#primaryimage"},"image":{"@id":"https:\/\/www.rassegnastampa-totustuus.it\/cattolica\/vi-racconto-gli-orrori-dei-laogai-i-lager-cinesi\/#primaryimage"},"thumbnailUrl":"https:\/\/www.rassegnastampa-totustuus.it\/cattolica\/wp-content\/uploads\/2005\/11\/Laogai.jpg","datePublished":"2005-11-25T08:11:25+00:00","dateModified":"2015-11-19T11:52:31+00:00","description":"Rassegna Stampa Cattolica - Per una cultura che nasce dalla Rivelazione cristiana in conformit\u00e0 alla tradizione e al Magistero della Chiesa in opposizione ad ogni relativismo e totalitarismo","breadcrumb":{"@id":"https:\/\/www.rassegnastampa-totustuus.it\/cattolica\/vi-racconto-gli-orrori-dei-laogai-i-lager-cinesi\/#breadcrumb"},"inLanguage":"it-IT","potentialAction":[{"@type":"ReadAction","target":["https:\/\/www.rassegnastampa-totustuus.it\/cattolica\/vi-racconto-gli-orrori-dei-laogai-i-lager-cinesi\/"]}]},{"@type":"ImageObject","inLanguage":"it-IT","@id":"https:\/\/www.rassegnastampa-totustuus.it\/cattolica\/vi-racconto-gli-orrori-dei-laogai-i-lager-cinesi\/#primaryimage","url":"https:\/\/www.rassegnastampa-totustuus.it\/cattolica\/wp-content\/uploads\/2005\/11\/Laogai.jpg","contentUrl":"https:\/\/www.rassegnastampa-totustuus.it\/cattolica\/wp-content\/uploads\/2005\/11\/Laogai.jpg","width":275,"height":183},{"@type":"BreadcrumbList","@id":"https:\/\/www.rassegnastampa-totustuus.it\/cattolica\/vi-racconto-gli-orrori-dei-laogai-i-lager-cinesi\/#breadcrumb","itemListElement":[{"@type":"ListItem","position":1,"name":"Home","item":"https:\/\/www.rassegnastampa-totustuus.it\/cattolica\/"},{"@type":"ListItem","position":2,"name":"Vi racconto gli orrori dei laogai i lager cinesi"}]},{"@type":"WebSite","@id":"https:\/\/www.rassegnastampa-totustuus.it\/cattolica\/#website","url":"https:\/\/www.rassegnastampa-totustuus.it\/cattolica\/","name":"Rassegna Stampa Cattolica","description":"Per una cultura che nasce dalla Rivelazione cristiana in conformit\u00e0 alla tradizione e al Magistero della Chiesa in opposizione ad ogni relativismo e totalitarismo","publisher":{"@id":"https:\/\/www.rassegnastampa-totustuus.it\/cattolica\/#organization"},"alternateName":"Rass. Cattolica","potentialAction":[{"@type":"SearchAction","target":{"@type":"EntryPoint","urlTemplate":"https:\/\/www.rassegnastampa-totustuus.it\/cattolica\/?s={search_term_string}"},"query-input":{"@type":"PropertyValueSpecification","valueRequired":true,"valueName":"search_term_string"}}],"inLanguage":"it-IT"},{"@type":"Organization","@id":"https:\/\/www.rassegnastampa-totustuus.it\/cattolica\/#organization","name":"Rassegna Stampa Cattolica","url":"https:\/\/www.rassegnastampa-totustuus.it\/cattolica\/","logo":{"@type":"ImageObject","inLanguage":"it-IT","@id":"https:\/\/www.rassegnastampa-totustuus.it\/cattolica\/#\/schema\/logo\/image\/","url":"https:\/\/www.rassegnastampa-totustuus.it\/cattolica\/wp-content\/uploads\/2014\/04\/logo-rassegna1.gif","contentUrl":"https:\/\/www.rassegnastampa-totustuus.it\/cattolica\/wp-content\/uploads\/2014\/04\/logo-rassegna1.gif","width":600,"height":163,"caption":"Rassegna Stampa Cattolica"},"image":{"@id":"https:\/\/www.rassegnastampa-totustuus.it\/cattolica\/#\/schema\/logo\/image\/"},"sameAs":["https:\/\/www.facebook.com\/rassegnastampacattolica","https:\/\/x.com\/rassegnastampa9"]},{"@type":"Person","@id":"https:\/\/www.rassegnastampa-totustuus.it\/cattolica\/#\/schema\/person\/08f319d2bd1a0904ad9e2bfb7b15e5c3","name":"Redazione","image":{"@type":"ImageObject","inLanguage":"it-IT","@id":"https:\/\/secure.gravatar.com\/avatar\/2fcdf27c78ea025fbdb44e914cc63c72249ffec9dc8aafd5c82b26240ef3f346?s=96&d=mm&r=g","url":"https:\/\/secure.gravatar.com\/avatar\/2fcdf27c78ea025fbdb44e914cc63c72249ffec9dc8aafd5c82b26240ef3f346?s=96&d=mm&r=g","contentUrl":"https:\/\/secure.gravatar.com\/avatar\/2fcdf27c78ea025fbdb44e914cc63c72249ffec9dc8aafd5c82b26240ef3f346?s=96&d=mm&r=g","caption":"Redazione"},"url":"https:\/\/www.rassegnastampa-totustuus.it\/cattolica\/author\/pietroelle\/"}]}},"_links":{"self":[{"href":"https:\/\/www.rassegnastampa-totustuus.it\/cattolica\/wp-json\/wp\/v2\/posts\/1720","targetHints":{"allow":["GET"]}}],"collection":[{"href":"https:\/\/www.rassegnastampa-totustuus.it\/cattolica\/wp-json\/wp\/v2\/posts"}],"about":[{"href":"https:\/\/www.rassegnastampa-totustuus.it\/cattolica\/wp-json\/wp\/v2\/types\/post"}],"author":[{"embeddable":true,"href":"https:\/\/www.rassegnastampa-totustuus.it\/cattolica\/wp-json\/wp\/v2\/users\/6"}],"replies":[{"embeddable":true,"href":"https:\/\/www.rassegnastampa-totustuus.it\/cattolica\/wp-json\/wp\/v2\/comments?post=1720"}],"version-history":[{"count":4,"href":"https:\/\/www.rassegnastampa-totustuus.it\/cattolica\/wp-json\/wp\/v2\/posts\/1720\/revisions"}],"predecessor-version":[{"id":27889,"href":"https:\/\/www.rassegnastampa-totustuus.it\/cattolica\/wp-json\/wp\/v2\/posts\/1720\/revisions\/27889"}],"wp:featuredmedia":[{"embeddable":true,"href":"https:\/\/www.rassegnastampa-totustuus.it\/cattolica\/wp-json\/wp\/v2\/media\/27888"}],"wp:attachment":[{"href":"https:\/\/www.rassegnastampa-totustuus.it\/cattolica\/wp-json\/wp\/v2\/media?parent=1720"}],"wp:term":[{"taxonomy":"category","embeddable":true,"href":"https:\/\/www.rassegnastampa-totustuus.it\/cattolica\/wp-json\/wp\/v2\/categories?post=1720"},{"taxonomy":"post_tag","embeddable":true,"href":"https:\/\/www.rassegnastampa-totustuus.it\/cattolica\/wp-json\/wp\/v2\/tags?post=1720"}],"curies":[{"name":"wp","href":"https:\/\/api.w.org\/{rel}","templated":true}]}}