{"id":1711,"date":"2005-11-21T09:20:36","date_gmt":"2005-11-21T08:20:36","guid":{"rendered":""},"modified":"2016-03-29T16:39:43","modified_gmt":"2016-03-29T14:39:43","slug":"letica-prima-che-regole-promuove-atteggiamenti-favorevoli-alla-vita","status":"publish","type":"post","link":"https:\/\/www.rassegnastampa-totustuus.it\/cattolica\/letica-prima-che-regole-promuove-atteggiamenti-favorevoli-alla-vita\/","title":{"rendered":"L&#8217;etica, prima che regole, promuove atteggiamenti favorevoli alla vita"},"content":{"rendered":"<div style=\"text-align: center;\"><strong><img loading=\"lazy\" decoding=\"async\" class=\"alignleft wp-image-32372\" src=\"https:\/\/www.rassegnastampa-totustuus.it\/cattolica\/wp-content\/uploads\/2005\/11\/salvifici_doloris.jpg\" alt=\"salvifici_doloris\" width=\"149\" height=\"200\" \/>RTM Rivista teologica morale<\/strong> n.148 ottobre-dicembre 2005<\/div>\n<p style=\"text-align: center;\"><strong>Luigi Lorenzetti<\/strong><\/p>\n<p style=\"text-align: justify;\">QUALIT\u00c0 E SACRALIT\u00c0 DELLA VITA: CATEGORIE ALTERNATIVE?<\/p>\n<p style=\"text-align: justify;\">Dare senso alla vita implica inevitabilmente dare senso alla sofferenza, alla morte e, in generale, alla vita biologicamente e\/o psichicamente imperfetta. Sono dimensioni della condizione umana alquanto rimosse dal pensiero filosofico e anche teologico, in ambiente laico ma anche religioso.<\/p>\n<p style=\"text-align: justify;\"><!--more--><\/p>\n<p style=\"text-align: justify;\">Basta considerare la scarsa rilevanza che ha ottenuto, rispetto ad altri interventi magisteriali, l&#8217;enciclica <em>Salvifici doloris<\/em> (1984) sul Significato cristiano del dolore umano.Di fronte alla vita sofferente, l&#8217;affermazione che la vita \u00e8 un bene, un diritto e un dovere diventa problematica. \u00c8 significativo lo spazio che ottiene la teoria della qualit\u00e0 della vita nella riflessione filosofica e medica degli anni &#8217;50 in collegamento al progresso della biomedicina e del movimento ecologista.<\/p>\n<p style=\"text-align: justify;\">Il concetto qualit\u00e0 della vita \u00e8 senza alcun dubbio positivo e impegnativo, diviene ambiguo e deviante, quando conduce a valutare la vita umana in base a determinati parametri;1 quando finisce con il discriminare tra vita e vita; quando arriva addirittura a negare lo status di persona ad alcune categorie di esseri umani (2).<\/p>\n<p style=\"text-align: justify;\">L&#8217;obiezione alla teoria della qualit\u00e0 della vita (e ai suoi sostenitori) \u00e8 immediata: in base a chi e a quale diritto si pu\u00f2 stabilire che un vita umana \u00e8 (non \u00e8) degna di essere vissuta? Quale misura pu\u00f2 stabilire che una vita abbia migliore qualit\u00e0 di un&#8217;altra? Quali quesi-ti legittimano o, viceversa, delegittimano il diritto alla vita? In base a quale criterio si limita il concetto di dignit\u00e0 e, quindi, di accettabilit\u00e0 della vita umana soltanto a quella qualitativamente significativa?<\/p>\n<p style=\"text-align: justify;\">Le risposte sono inevitabilmente opinabili e, quindi, inconcludenti. Ma v&#8217;\u00e8 un&#8217;altra osservazione. Il discorso della qualit\u00e0 della vita \u00abconduce a distinguere tra <em>la<\/em> qualit\u00e0 e <em>le<\/em> qualit\u00e0. Una cosa, infatti, \u00e8 dissertare tra gli elementi qualitativi di una corporeit\u00e0 vivente (e questo \u00e8 oggettivamente possibile), tutt&#8217;altro \u00e8 valutare il globale senso qualitativo di un&#8217;esistenza, attribuendovi (questa volta del tutto soggettivamente) un giudizio di valore\u00bb (3).<\/p>\n<p style=\"text-align: justify;\">In conclusione, il criterio qualit\u00e0, quando viene lasciato nell&#8217;indeterminatezza e ancora peggio quando viene estremizzato, si traduce semplicemente in ideologia, arroganza e prepotenza del perfetto (biologico) sul cosiddetto <em>imperfetto.<\/em><\/p>\n<p style=\"text-align: justify;\">Non \u00e8 esente da critica nemmeno il principio opposto: la sacralit\u00e0 (o santit\u00e0) della vita qualora anch&#8217;esso venga estremizzato fino a confondersi con vitalismo biologico. La vita umana \u00e8 meglio salvaguardata dalla reciprocit\u00e0 &#8211; anche dialettica &#8211; dei due principi, dove l&#8217;uno rinvia, corregge e si lascia interpretare nell&#8217;orizzonte dell&#8217;altro.<\/p>\n<p style=\"text-align: justify;\">Cos\u00ec, il principio <em>qualit\u00e0 della vita<\/em> evita il rischio dell&#8217;arbitrariet\u00e0 soggettiva e relativista; e il principio <em>santit\u00e0 della vita<\/em> non incorre in quello del dogmatismo e fondamentalismo, come se la visione teologica della vita, dono di Dio, comporti un atteggiamento passivo di fronte al vivere e al morire. In breve, tra qualit\u00e0 e santit\u00e0 della vita occorre verificare, cio\u00e8 rendere vero, un rapporto sia pure dialettico (4). Soltanto nel coordinamento della duplice prospettiva, \u00e8 possibile fondare un&#8217;autentica etica della vita.<\/p>\n<p style=\"text-align: justify;\">ETICA DI ATTEGGIAMENTI, PRIMA CHE DI REGOLE<\/p>\n<p style=\"text-align: justify;\">L&#8217;etica della vita, prima che regole morali da osservare, incoraggia e promuove atteggiamenti favorevoli alla vita. Regole morali e giuridiche sono necessarie ma non bastano, possono fare ben poco, anzi saranno avvertite come imposizioni arbitrarie e dispotiche se nel soggetto non c&#8217;\u00e8 un atteggiamento positivo corrispondente: <em>rispetto<\/em>, <em>compassione<\/em>, <em>autolimitazione <\/em>(5).<\/p>\n<p style=\"text-align: justify;\">Si tratta di atteggiamenti largamente condivisi dalla coscienza collettiva anche se diversamente interpretati e, proprio per questo, sono luogo di dialogo e di confronto tra la cultura laica e religiosa. Tali atteggiamenti non offrono la soluzione concreta ai diversi problemi morali, offrono, per\u00f2, la giusta prospettiva entro la quale si pu\u00f2 trovarla.<\/p>\n<p style=\"text-align: justify;\"><em>Il rispetto<\/em><\/p>\n<p style=\"text-align: justify;\">II rispetto (etimologicamente <em>re-spectare<\/em>, guardare di nuovo), \u00e8 un modo specifico di accostarsi alla realt\u00e0 che si manifesta, a un tempo, in termini di vicinanza e distanza. \u00c8 un guardare l&#8217;altro, gli altri (umani ed extraumani) per il loro valore specifico e non per la loro utilit\u00e0 verso terzi. La persona rispettosa non rivolge a s\u00e9, quale unico centro, quanto la ricorda e non si trova in difficolt\u00e0 nel riconoscere precisi limiti nel rapporto con gli altri. Il rispetto \u00e8 capace di rapportarsi all&#8217;altro senza doverne prendere possesso.<\/p>\n<p style=\"text-align: justify;\">La persona consumistica, al contrario, tende a sfruttare ogni realt\u00e0 che rientra nel suo orizzonte, a servirsene per il proprio tornaconto, a rivendicare i propri diritti e a calpestare quelli di altri, specie se deboli e quindi facilmente dominabili sena correre seri pericoli.<\/p>\n<p style=\"text-align: justify;\">L&#8217;atteggiamento o disposizione <em>rispetto della vita<\/em>, non \u00e8 alternativo alla faticosa ricerca del giudizio morale concreto ai controversi problemi relativi alla vita e alla morte, alla nascita e alla fase terminale, alla salute e alla malattia; e ai diversi interventi sulla vita umana ed extraumana. Tale atteggiamento, tuttavia, ma offre l&#8217;orizzonte giusto entro cui tale giudizio si pu\u00f2 formulare. Che significa rispetto della vita nei laboratori degli scienziati, che fanno esperimenti sui primi stadi della vita di embrioni umani?<\/p>\n<p style=\"text-align: justify;\">Che cosa esige il rispetto della persona del malato e del moribondo nei reparti di medicina intensiva dei nostri ospedali? E, a proposito della protezione della vita nelle sue forme non umane, quali cambiamenti esige il rispetto della vita degli animali per quanto riguarda il diritto\u00a0 e i limiti degli esperimenti medici su di essi e il nostro dovere dio allevarli tenendo conto delle loro esperienze specifiche?<\/p>\n<p style=\"text-align: justify;\">Che cosa comporta il rispetto delle forme fenomeniche della vita presenti nel nostro ambiente naturale, della molteplicit\u00e0 delle specie vegetali e animali? Che cosa comportano i divieti di inquinare l\u2019aria e l\u2019acqua e il dovere di salvaguardare i tesori fossili della nostra terra?<\/p>\n<p style=\"text-align: justify;\"><em>La compassione<\/em><\/p>\n<p style=\"text-align: justify;\">Il concetto <em>compassione <\/em>ottiene largo consenso, sebbene vada incontro a diverse e opposte interpretazioni che riflettono le diverse antropologie di riferimento. F. Nietzsche, ad es. vede nella compassione solo \u00abun moltiplicatore della miseria\u00bb e una corrispondente \u00abperdita di vita\u00bb. M. Scheler, al contrario, nel solco di una lunga tradizione filosofico-morale, parla della simpatia come di una reale immedesimazione che da luogo a una identificazione con la persona\u00a0 dell\u2019altro e a una genuina partecipazione all\u2019altrui sofferenza.<\/p>\n<p style=\"text-align: justify;\">Di tale interpretazione non c\u2019\u00e8 traccia\u00a0 nella liberalizzazione dell\u2019eutanasia. Se compassione \u00e8 <em>sopportare\u00a0 con<\/em> la sofferenza dell\u2019altro, l\u2019eutanasia \u00e8 precisamente il suo rovescio . la compassione reale (non riducibile a mero sentimento)\u00a0 pu\u00f2 scaturire solo dalla capacit\u00e0 relazionale dell\u2019uomo\u00a0 che pu\u00f2 solitamente <em>sopportare con<\/em>\u00a0 anche la situazione pi\u00f9 difficile del suo prossimo, nella consapevolezza che la vita, anche in condizioni di sofferenza, abbia senso. Quando una sofferenza irrimediabile appare come priva di senso, viene inevitabilmente meno la disponibilit\u00e0 a <em>sopportare con<\/em> una sofferenza inevitabile.<\/p>\n<p style=\"text-align: justify;\"><em>L\u2019autolimitazione<\/em><\/p>\n<p style=\"text-align: justify;\">L\u2019autolimitazione si coniuga con il principio di responsabilit\u00e0: \u00abNon tutto quello che si pu\u00f2 tecnicamente fare, \u00e8 anche bene (moralmente) farlo\u00bb. Il concetto di autolimitazione non \u00e8 contro il progresso, al contrario ne assicura l\u2019autenticit\u00e0; non \u00e8 contro la libert\u00e0 della scienza, ne garantisce il buon uso; non \u00e8 contro la creativit\u00e0 umana, ne dischiude il giusto orizzonte. E\u2019 il giusto atteggiamento\u00a0 che guida e modera\u00a0 la volont\u00e0 prometeica di estendere continuamente i confini del dominio sulla natura e pianificare la propria esistenza biologica.<\/p>\n<p style=\"text-align: justify;\">L&#8217;autolimitazione coltiva il senso del limite e della giusta misura, si oppone alla dismisura, all&#8217;eccesso. Ricorda che i limiti non sono semplicemente da superare e trasgredire, occorre imparare a convivere con loro, pur nel tentativo di lasciare aperto un margine di possibilit\u00e0 ulteriore.<\/p>\n<p style=\"text-align: justify;\">Soprattutto l&#8217;autolimitazione si fa attenta a che l&#8217;eventuale traguardo nella lotta contro le malattie e le miserie fisiche coincida con il bene di tutti e non venga raggiunto con il seminare per strada morti e feriti. La virt\u00f9 dell&#8217;autolimitazione non \u00e8 destinata solo a cambiare gli stili di vita individuali, ma anche quelli sociali e pubblici.<\/p>\n<p style=\"text-align: justify;\">D&#8217;altra parte, la tutela dell\u2019ambiente naturale Pambiente naturale e la conservazione della creazione esigono oggi un cambiamento di mentalit\u00e0 privata e collettiva. Le societ\u00e0 democratiche dell&#8217;Occidente, favorevoli al principio di massima libert\u00e0 possibile, sono costrette a introdurre limitazioni che cambiano in maniera incisiva abitudini individuali di vita.<\/p>\n<p style=\"text-align: justify;\"><strong>Note<\/strong><\/p>\n<p style=\"text-align: justify;\"><strong>Luigi Lorenzetti<\/strong>, docente di etica teologica allo Studio teologico S. Antonio di Bologna e all&#8217;Istituto superiore di scienze religiose di Trento, direttore della Rivista di Teologia Morale<\/p>\n<p style=\"text-align: justify;\"><strong>1)<\/strong> EV 23: \u00abLa cosiddetta qualit\u00e0 della vita \u00e8 interpretata in modo prevalente o esclusivo come efficienza economica, consumismo disordinato, bellezza e godibilit\u00e0 della vita fisica, dimenticando le dimensioni pi\u00f9 profonde &#8211; relazionali, spirituali, religiose &#8211; dell&#8217;esistenza\u00bb.<\/p>\n<div align=\"justify\"><strong>2)<\/strong> Cf. H.T. HENGELHARDT, Manuale di bioetica, Mondadori, Milano 1991,126: \u00abCi\u00f2 che caratterizza le persone \u00e8 la loro capacit\u00e0 di essere autocoscienti, razionali e interessate al merito di biasimo ed elogio (&#8230;) D&#8217;altra parte, non tutti gli esseri umani sono persone. Non tutti gli esseri umani sono autocoscienti, razionali, capaci di concepire la possibilit\u00e0 di biasimare e lodare. I feti, gli infanti, i ritardati mentali gravi e coloro che sono in coma senza speranza costituiscono esempi di non-persone. Tali entit\u00e0 sono membri della specie umana. Non hanno status, in s\u00e9 e per s\u00e9, nella comunit\u00e0 morale\u00bb.<\/div>\n<div align=\"justify\"><strong>3)<\/strong> LEONE S., La prospettiva teologica in bioetica, ISB, Acireale (CT) 2002,293<\/div>\n<div align=\"justify\"><strong>4)<\/strong> Cf. C. ZUCCARO, \u00abLa vita umana: sacralit\u00e0, qualit\u00e0, responsabilit\u00e0\u00bb, in ID., La vita umana nella riflessione etica, Queriniana, Brescia 200,25-42.<\/div>\n<div align=\"justify\"><strong>5)<\/strong> Cf. E. SCHOCKENHOFF, \u00abAtteggiamenti cristiani fondamentali dell&#8217;etica della vita\u00bb, in la, Etica della vita. Un compendio teologico, Queriniana, Brescia 1977,454-476<\/div>\n","protected":false},"excerpt":{"rendered":"<p>RTM Rivista teologica morale n.148 ottobre-dicembre 2005 Luigi Lorenzetti QUALIT\u00c0 E SACRALIT\u00c0 DELLA VITA: CATEGORIE ALTERNATIVE? Dare senso alla vita implica inevitabilmente dare senso alla sofferenza, alla morte e, in generale, alla vita biologicamente e\/o psichicamente imperfetta. Sono dimensioni della condizione umana alquanto rimosse dal pensiero filosofico e anche teologico, in ambiente laico ma anche &hellip; <\/p>\n<p><a class=\"more-link btn\" href=\"https:\/\/www.rassegnastampa-totustuus.it\/cattolica\/letica-prima-che-regole-promuove-atteggiamenti-favorevoli-alla-vita\/\">Continua a leggere<\/a><\/p>\n","protected":false},"author":6,"featured_media":32372,"comment_status":"closed","ping_status":"open","sticky":false,"template":"","format":"standard","meta":{"footnotes":""},"categories":[57,25],"tags":[1129,1142],"class_list":["post-1711","post","type-post","status-publish","format-standard","has-post-thumbnail","hentry","category-filosofia","category-sguardo-sul-nostro-tempo","tag-etica","tag-qualita-della-vita","item-wrap"],"yoast_head":"<!-- This site is optimized with the Yoast SEO plugin v27.5 - https:\/\/yoast.com\/product\/yoast-seo-wordpress\/ -->\n<title>L&#039;etica, prima che regole, promuove atteggiamenti favorevoli alla vita - Rassegna Stampa Cattolica<\/title>\n<meta name=\"description\" content=\"Rassegna Stampa Cattolica - Per una cultura che nasce dalla Rivelazione cristiana in conformit\u00e0 alla tradizione e al Magistero della Chiesa in opposizione ad ogni relativismo e totalitarismo\" \/>\n<meta name=\"robots\" content=\"index, follow, max-snippet:-1, max-image-preview:large, max-video-preview:-1\" \/>\n<link rel=\"canonical\" href=\"https:\/\/www.rassegnastampa-totustuus.it\/cattolica\/letica-prima-che-regole-promuove-atteggiamenti-favorevoli-alla-vita\/\" \/>\n<meta property=\"og:locale\" content=\"it_IT\" \/>\n<meta property=\"og:type\" content=\"article\" \/>\n<meta property=\"og:title\" content=\"L&#039;etica, prima che regole, promuove atteggiamenti favorevoli alla vita - Rassegna Stampa Cattolica\" \/>\n<meta property=\"og:description\" content=\"Rassegna Stampa Cattolica - Per una cultura che nasce dalla Rivelazione cristiana in conformit\u00e0 alla tradizione e al Magistero della Chiesa in opposizione ad ogni relativismo e totalitarismo\" \/>\n<meta property=\"og:url\" content=\"https:\/\/www.rassegnastampa-totustuus.it\/cattolica\/letica-prima-che-regole-promuove-atteggiamenti-favorevoli-alla-vita\/\" \/>\n<meta property=\"og:site_name\" content=\"Rassegna Stampa Cattolica\" \/>\n<meta property=\"article:publisher\" content=\"https:\/\/www.facebook.com\/rassegnastampacattolica\" \/>\n<meta property=\"article:published_time\" content=\"2005-11-21T08:20:36+00:00\" \/>\n<meta property=\"article:modified_time\" content=\"2016-03-29T14:39:43+00:00\" \/>\n<meta property=\"og:image\" content=\"https:\/\/www.rassegnastampa-totustuus.it\/cattolica\/wp-content\/uploads\/2005\/11\/salvifici_doloris.jpg\" \/>\n\t<meta property=\"og:image:width\" content=\"194\" \/>\n\t<meta property=\"og:image:height\" content=\"260\" \/>\n\t<meta property=\"og:image:type\" content=\"image\/jpeg\" \/>\n<meta name=\"author\" content=\"Redazione\" \/>\n<meta name=\"twitter:card\" content=\"summary_large_image\" \/>\n<meta name=\"twitter:creator\" content=\"@rassegnastampa9\" \/>\n<meta name=\"twitter:site\" content=\"@rassegnastampa9\" \/>\n<meta name=\"twitter:label1\" content=\"Scritto da\" \/>\n\t<meta name=\"twitter:data1\" content=\"Redazione\" \/>\n\t<meta name=\"twitter:label2\" content=\"Tempo di lettura stimato\" \/>\n\t<meta name=\"twitter:data2\" content=\"7 minuti\" \/>\n<script type=\"application\/ld+json\" class=\"yoast-schema-graph\">{\"@context\":\"https:\\\/\\\/schema.org\",\"@graph\":[{\"@type\":\"Article\",\"@id\":\"https:\\\/\\\/www.rassegnastampa-totustuus.it\\\/cattolica\\\/letica-prima-che-regole-promuove-atteggiamenti-favorevoli-alla-vita\\\/#article\",\"isPartOf\":{\"@id\":\"https:\\\/\\\/www.rassegnastampa-totustuus.it\\\/cattolica\\\/letica-prima-che-regole-promuove-atteggiamenti-favorevoli-alla-vita\\\/\"},\"author\":{\"name\":\"Redazione\",\"@id\":\"https:\\\/\\\/www.rassegnastampa-totustuus.it\\\/cattolica\\\/#\\\/schema\\\/person\\\/08f319d2bd1a0904ad9e2bfb7b15e5c3\"},\"headline\":\"L&#8217;etica, prima che regole, promuove atteggiamenti favorevoli alla vita\",\"datePublished\":\"2005-11-21T08:20:36+00:00\",\"dateModified\":\"2016-03-29T14:39:43+00:00\",\"mainEntityOfPage\":{\"@id\":\"https:\\\/\\\/www.rassegnastampa-totustuus.it\\\/cattolica\\\/letica-prima-che-regole-promuove-atteggiamenti-favorevoli-alla-vita\\\/\"},\"wordCount\":1535,\"publisher\":{\"@id\":\"https:\\\/\\\/www.rassegnastampa-totustuus.it\\\/cattolica\\\/#organization\"},\"image\":{\"@id\":\"https:\\\/\\\/www.rassegnastampa-totustuus.it\\\/cattolica\\\/letica-prima-che-regole-promuove-atteggiamenti-favorevoli-alla-vita\\\/#primaryimage\"},\"thumbnailUrl\":\"https:\\\/\\\/www.rassegnastampa-totustuus.it\\\/cattolica\\\/wp-content\\\/uploads\\\/2005\\\/11\\\/salvifici_doloris.jpg\",\"keywords\":[\"etica\",\"qualit\u00e0 della vita\"],\"articleSection\":[\"Filosofia\",\"Sguardo sul nostro tempo\"],\"inLanguage\":\"it-IT\"},{\"@type\":\"WebPage\",\"@id\":\"https:\\\/\\\/www.rassegnastampa-totustuus.it\\\/cattolica\\\/letica-prima-che-regole-promuove-atteggiamenti-favorevoli-alla-vita\\\/\",\"url\":\"https:\\\/\\\/www.rassegnastampa-totustuus.it\\\/cattolica\\\/letica-prima-che-regole-promuove-atteggiamenti-favorevoli-alla-vita\\\/\",\"name\":\"L'etica, prima che regole, promuove atteggiamenti favorevoli alla vita - Rassegna Stampa Cattolica\",\"isPartOf\":{\"@id\":\"https:\\\/\\\/www.rassegnastampa-totustuus.it\\\/cattolica\\\/#website\"},\"primaryImageOfPage\":{\"@id\":\"https:\\\/\\\/www.rassegnastampa-totustuus.it\\\/cattolica\\\/letica-prima-che-regole-promuove-atteggiamenti-favorevoli-alla-vita\\\/#primaryimage\"},\"image\":{\"@id\":\"https:\\\/\\\/www.rassegnastampa-totustuus.it\\\/cattolica\\\/letica-prima-che-regole-promuove-atteggiamenti-favorevoli-alla-vita\\\/#primaryimage\"},\"thumbnailUrl\":\"https:\\\/\\\/www.rassegnastampa-totustuus.it\\\/cattolica\\\/wp-content\\\/uploads\\\/2005\\\/11\\\/salvifici_doloris.jpg\",\"datePublished\":\"2005-11-21T08:20:36+00:00\",\"dateModified\":\"2016-03-29T14:39:43+00:00\",\"description\":\"Rassegna Stampa Cattolica - Per una cultura che nasce dalla Rivelazione cristiana in conformit\u00e0 alla tradizione e al Magistero della Chiesa in opposizione ad ogni relativismo e totalitarismo\",\"breadcrumb\":{\"@id\":\"https:\\\/\\\/www.rassegnastampa-totustuus.it\\\/cattolica\\\/letica-prima-che-regole-promuove-atteggiamenti-favorevoli-alla-vita\\\/#breadcrumb\"},\"inLanguage\":\"it-IT\",\"potentialAction\":[{\"@type\":\"ReadAction\",\"target\":[\"https:\\\/\\\/www.rassegnastampa-totustuus.it\\\/cattolica\\\/letica-prima-che-regole-promuove-atteggiamenti-favorevoli-alla-vita\\\/\"]}]},{\"@type\":\"ImageObject\",\"inLanguage\":\"it-IT\",\"@id\":\"https:\\\/\\\/www.rassegnastampa-totustuus.it\\\/cattolica\\\/letica-prima-che-regole-promuove-atteggiamenti-favorevoli-alla-vita\\\/#primaryimage\",\"url\":\"https:\\\/\\\/www.rassegnastampa-totustuus.it\\\/cattolica\\\/wp-content\\\/uploads\\\/2005\\\/11\\\/salvifici_doloris.jpg\",\"contentUrl\":\"https:\\\/\\\/www.rassegnastampa-totustuus.it\\\/cattolica\\\/wp-content\\\/uploads\\\/2005\\\/11\\\/salvifici_doloris.jpg\",\"width\":194,\"height\":260},{\"@type\":\"BreadcrumbList\",\"@id\":\"https:\\\/\\\/www.rassegnastampa-totustuus.it\\\/cattolica\\\/letica-prima-che-regole-promuove-atteggiamenti-favorevoli-alla-vita\\\/#breadcrumb\",\"itemListElement\":[{\"@type\":\"ListItem\",\"position\":1,\"name\":\"Home\",\"item\":\"https:\\\/\\\/www.rassegnastampa-totustuus.it\\\/cattolica\\\/\"},{\"@type\":\"ListItem\",\"position\":2,\"name\":\"L&#8217;etica, prima che regole, promuove atteggiamenti favorevoli alla vita\"}]},{\"@type\":\"WebSite\",\"@id\":\"https:\\\/\\\/www.rassegnastampa-totustuus.it\\\/cattolica\\\/#website\",\"url\":\"https:\\\/\\\/www.rassegnastampa-totustuus.it\\\/cattolica\\\/\",\"name\":\"Rassegna Stampa Cattolica\",\"description\":\"Per una cultura che nasce dalla Rivelazione cristiana in conformit\u00e0 alla tradizione e al Magistero della Chiesa in opposizione ad ogni relativismo e totalitarismo\",\"publisher\":{\"@id\":\"https:\\\/\\\/www.rassegnastampa-totustuus.it\\\/cattolica\\\/#organization\"},\"alternateName\":\"Rass. Cattolica\",\"potentialAction\":[{\"@type\":\"SearchAction\",\"target\":{\"@type\":\"EntryPoint\",\"urlTemplate\":\"https:\\\/\\\/www.rassegnastampa-totustuus.it\\\/cattolica\\\/?s={search_term_string}\"},\"query-input\":{\"@type\":\"PropertyValueSpecification\",\"valueRequired\":true,\"valueName\":\"search_term_string\"}}],\"inLanguage\":\"it-IT\"},{\"@type\":\"Organization\",\"@id\":\"https:\\\/\\\/www.rassegnastampa-totustuus.it\\\/cattolica\\\/#organization\",\"name\":\"Rassegna Stampa Cattolica\",\"url\":\"https:\\\/\\\/www.rassegnastampa-totustuus.it\\\/cattolica\\\/\",\"logo\":{\"@type\":\"ImageObject\",\"inLanguage\":\"it-IT\",\"@id\":\"https:\\\/\\\/www.rassegnastampa-totustuus.it\\\/cattolica\\\/#\\\/schema\\\/logo\\\/image\\\/\",\"url\":\"https:\\\/\\\/www.rassegnastampa-totustuus.it\\\/cattolica\\\/wp-content\\\/uploads\\\/2014\\\/04\\\/logo-rassegna1.gif\",\"contentUrl\":\"https:\\\/\\\/www.rassegnastampa-totustuus.it\\\/cattolica\\\/wp-content\\\/uploads\\\/2014\\\/04\\\/logo-rassegna1.gif\",\"width\":600,\"height\":163,\"caption\":\"Rassegna Stampa Cattolica\"},\"image\":{\"@id\":\"https:\\\/\\\/www.rassegnastampa-totustuus.it\\\/cattolica\\\/#\\\/schema\\\/logo\\\/image\\\/\"},\"sameAs\":[\"https:\\\/\\\/www.facebook.com\\\/rassegnastampacattolica\",\"https:\\\/\\\/x.com\\\/rassegnastampa9\"]},{\"@type\":\"Person\",\"@id\":\"https:\\\/\\\/www.rassegnastampa-totustuus.it\\\/cattolica\\\/#\\\/schema\\\/person\\\/08f319d2bd1a0904ad9e2bfb7b15e5c3\",\"name\":\"Redazione\",\"image\":{\"@type\":\"ImageObject\",\"inLanguage\":\"it-IT\",\"@id\":\"https:\\\/\\\/secure.gravatar.com\\\/avatar\\\/2fcdf27c78ea025fbdb44e914cc63c72249ffec9dc8aafd5c82b26240ef3f346?s=96&d=mm&r=g\",\"url\":\"https:\\\/\\\/secure.gravatar.com\\\/avatar\\\/2fcdf27c78ea025fbdb44e914cc63c72249ffec9dc8aafd5c82b26240ef3f346?s=96&d=mm&r=g\",\"contentUrl\":\"https:\\\/\\\/secure.gravatar.com\\\/avatar\\\/2fcdf27c78ea025fbdb44e914cc63c72249ffec9dc8aafd5c82b26240ef3f346?s=96&d=mm&r=g\",\"caption\":\"Redazione\"},\"url\":\"https:\\\/\\\/www.rassegnastampa-totustuus.it\\\/cattolica\\\/author\\\/pietroelle\\\/\"}]}<\/script>\n<!-- \/ Yoast SEO plugin. -->","yoast_head_json":{"title":"L'etica, prima che regole, promuove atteggiamenti favorevoli alla vita - Rassegna Stampa Cattolica","description":"Rassegna Stampa Cattolica - Per una cultura che nasce dalla Rivelazione cristiana in conformit\u00e0 alla tradizione e al Magistero della Chiesa in opposizione ad ogni relativismo e totalitarismo","robots":{"index":"index","follow":"follow","max-snippet":"max-snippet:-1","max-image-preview":"max-image-preview:large","max-video-preview":"max-video-preview:-1"},"canonical":"https:\/\/www.rassegnastampa-totustuus.it\/cattolica\/letica-prima-che-regole-promuove-atteggiamenti-favorevoli-alla-vita\/","og_locale":"it_IT","og_type":"article","og_title":"L'etica, prima che regole, promuove atteggiamenti favorevoli alla vita - Rassegna Stampa Cattolica","og_description":"Rassegna Stampa Cattolica - Per una cultura che nasce dalla Rivelazione cristiana in conformit\u00e0 alla tradizione e al Magistero della Chiesa in opposizione ad ogni relativismo e totalitarismo","og_url":"https:\/\/www.rassegnastampa-totustuus.it\/cattolica\/letica-prima-che-regole-promuove-atteggiamenti-favorevoli-alla-vita\/","og_site_name":"Rassegna Stampa Cattolica","article_publisher":"https:\/\/www.facebook.com\/rassegnastampacattolica","article_published_time":"2005-11-21T08:20:36+00:00","article_modified_time":"2016-03-29T14:39:43+00:00","og_image":[{"width":194,"height":260,"url":"https:\/\/www.rassegnastampa-totustuus.it\/cattolica\/wp-content\/uploads\/2005\/11\/salvifici_doloris.jpg","type":"image\/jpeg"}],"author":"Redazione","twitter_card":"summary_large_image","twitter_creator":"@rassegnastampa9","twitter_site":"@rassegnastampa9","twitter_misc":{"Scritto da":"Redazione","Tempo di lettura stimato":"7 minuti"},"schema":{"@context":"https:\/\/schema.org","@graph":[{"@type":"Article","@id":"https:\/\/www.rassegnastampa-totustuus.it\/cattolica\/letica-prima-che-regole-promuove-atteggiamenti-favorevoli-alla-vita\/#article","isPartOf":{"@id":"https:\/\/www.rassegnastampa-totustuus.it\/cattolica\/letica-prima-che-regole-promuove-atteggiamenti-favorevoli-alla-vita\/"},"author":{"name":"Redazione","@id":"https:\/\/www.rassegnastampa-totustuus.it\/cattolica\/#\/schema\/person\/08f319d2bd1a0904ad9e2bfb7b15e5c3"},"headline":"L&#8217;etica, prima che regole, promuove atteggiamenti favorevoli alla vita","datePublished":"2005-11-21T08:20:36+00:00","dateModified":"2016-03-29T14:39:43+00:00","mainEntityOfPage":{"@id":"https:\/\/www.rassegnastampa-totustuus.it\/cattolica\/letica-prima-che-regole-promuove-atteggiamenti-favorevoli-alla-vita\/"},"wordCount":1535,"publisher":{"@id":"https:\/\/www.rassegnastampa-totustuus.it\/cattolica\/#organization"},"image":{"@id":"https:\/\/www.rassegnastampa-totustuus.it\/cattolica\/letica-prima-che-regole-promuove-atteggiamenti-favorevoli-alla-vita\/#primaryimage"},"thumbnailUrl":"https:\/\/www.rassegnastampa-totustuus.it\/cattolica\/wp-content\/uploads\/2005\/11\/salvifici_doloris.jpg","keywords":["etica","qualit\u00e0 della vita"],"articleSection":["Filosofia","Sguardo sul nostro tempo"],"inLanguage":"it-IT"},{"@type":"WebPage","@id":"https:\/\/www.rassegnastampa-totustuus.it\/cattolica\/letica-prima-che-regole-promuove-atteggiamenti-favorevoli-alla-vita\/","url":"https:\/\/www.rassegnastampa-totustuus.it\/cattolica\/letica-prima-che-regole-promuove-atteggiamenti-favorevoli-alla-vita\/","name":"L'etica, prima che regole, promuove atteggiamenti favorevoli alla vita - Rassegna Stampa Cattolica","isPartOf":{"@id":"https:\/\/www.rassegnastampa-totustuus.it\/cattolica\/#website"},"primaryImageOfPage":{"@id":"https:\/\/www.rassegnastampa-totustuus.it\/cattolica\/letica-prima-che-regole-promuove-atteggiamenti-favorevoli-alla-vita\/#primaryimage"},"image":{"@id":"https:\/\/www.rassegnastampa-totustuus.it\/cattolica\/letica-prima-che-regole-promuove-atteggiamenti-favorevoli-alla-vita\/#primaryimage"},"thumbnailUrl":"https:\/\/www.rassegnastampa-totustuus.it\/cattolica\/wp-content\/uploads\/2005\/11\/salvifici_doloris.jpg","datePublished":"2005-11-21T08:20:36+00:00","dateModified":"2016-03-29T14:39:43+00:00","description":"Rassegna Stampa Cattolica - Per una cultura che nasce dalla Rivelazione cristiana in conformit\u00e0 alla tradizione e al Magistero della Chiesa in opposizione ad ogni relativismo e totalitarismo","breadcrumb":{"@id":"https:\/\/www.rassegnastampa-totustuus.it\/cattolica\/letica-prima-che-regole-promuove-atteggiamenti-favorevoli-alla-vita\/#breadcrumb"},"inLanguage":"it-IT","potentialAction":[{"@type":"ReadAction","target":["https:\/\/www.rassegnastampa-totustuus.it\/cattolica\/letica-prima-che-regole-promuove-atteggiamenti-favorevoli-alla-vita\/"]}]},{"@type":"ImageObject","inLanguage":"it-IT","@id":"https:\/\/www.rassegnastampa-totustuus.it\/cattolica\/letica-prima-che-regole-promuove-atteggiamenti-favorevoli-alla-vita\/#primaryimage","url":"https:\/\/www.rassegnastampa-totustuus.it\/cattolica\/wp-content\/uploads\/2005\/11\/salvifici_doloris.jpg","contentUrl":"https:\/\/www.rassegnastampa-totustuus.it\/cattolica\/wp-content\/uploads\/2005\/11\/salvifici_doloris.jpg","width":194,"height":260},{"@type":"BreadcrumbList","@id":"https:\/\/www.rassegnastampa-totustuus.it\/cattolica\/letica-prima-che-regole-promuove-atteggiamenti-favorevoli-alla-vita\/#breadcrumb","itemListElement":[{"@type":"ListItem","position":1,"name":"Home","item":"https:\/\/www.rassegnastampa-totustuus.it\/cattolica\/"},{"@type":"ListItem","position":2,"name":"L&#8217;etica, prima che regole, promuove atteggiamenti favorevoli alla vita"}]},{"@type":"WebSite","@id":"https:\/\/www.rassegnastampa-totustuus.it\/cattolica\/#website","url":"https:\/\/www.rassegnastampa-totustuus.it\/cattolica\/","name":"Rassegna Stampa Cattolica","description":"Per una cultura che nasce dalla Rivelazione cristiana in conformit\u00e0 alla tradizione e al Magistero della Chiesa in opposizione ad ogni relativismo e totalitarismo","publisher":{"@id":"https:\/\/www.rassegnastampa-totustuus.it\/cattolica\/#organization"},"alternateName":"Rass. Cattolica","potentialAction":[{"@type":"SearchAction","target":{"@type":"EntryPoint","urlTemplate":"https:\/\/www.rassegnastampa-totustuus.it\/cattolica\/?s={search_term_string}"},"query-input":{"@type":"PropertyValueSpecification","valueRequired":true,"valueName":"search_term_string"}}],"inLanguage":"it-IT"},{"@type":"Organization","@id":"https:\/\/www.rassegnastampa-totustuus.it\/cattolica\/#organization","name":"Rassegna Stampa Cattolica","url":"https:\/\/www.rassegnastampa-totustuus.it\/cattolica\/","logo":{"@type":"ImageObject","inLanguage":"it-IT","@id":"https:\/\/www.rassegnastampa-totustuus.it\/cattolica\/#\/schema\/logo\/image\/","url":"https:\/\/www.rassegnastampa-totustuus.it\/cattolica\/wp-content\/uploads\/2014\/04\/logo-rassegna1.gif","contentUrl":"https:\/\/www.rassegnastampa-totustuus.it\/cattolica\/wp-content\/uploads\/2014\/04\/logo-rassegna1.gif","width":600,"height":163,"caption":"Rassegna Stampa Cattolica"},"image":{"@id":"https:\/\/www.rassegnastampa-totustuus.it\/cattolica\/#\/schema\/logo\/image\/"},"sameAs":["https:\/\/www.facebook.com\/rassegnastampacattolica","https:\/\/x.com\/rassegnastampa9"]},{"@type":"Person","@id":"https:\/\/www.rassegnastampa-totustuus.it\/cattolica\/#\/schema\/person\/08f319d2bd1a0904ad9e2bfb7b15e5c3","name":"Redazione","image":{"@type":"ImageObject","inLanguage":"it-IT","@id":"https:\/\/secure.gravatar.com\/avatar\/2fcdf27c78ea025fbdb44e914cc63c72249ffec9dc8aafd5c82b26240ef3f346?s=96&d=mm&r=g","url":"https:\/\/secure.gravatar.com\/avatar\/2fcdf27c78ea025fbdb44e914cc63c72249ffec9dc8aafd5c82b26240ef3f346?s=96&d=mm&r=g","contentUrl":"https:\/\/secure.gravatar.com\/avatar\/2fcdf27c78ea025fbdb44e914cc63c72249ffec9dc8aafd5c82b26240ef3f346?s=96&d=mm&r=g","caption":"Redazione"},"url":"https:\/\/www.rassegnastampa-totustuus.it\/cattolica\/author\/pietroelle\/"}]}},"_links":{"self":[{"href":"https:\/\/www.rassegnastampa-totustuus.it\/cattolica\/wp-json\/wp\/v2\/posts\/1711","targetHints":{"allow":["GET"]}}],"collection":[{"href":"https:\/\/www.rassegnastampa-totustuus.it\/cattolica\/wp-json\/wp\/v2\/posts"}],"about":[{"href":"https:\/\/www.rassegnastampa-totustuus.it\/cattolica\/wp-json\/wp\/v2\/types\/post"}],"author":[{"embeddable":true,"href":"https:\/\/www.rassegnastampa-totustuus.it\/cattolica\/wp-json\/wp\/v2\/users\/6"}],"replies":[{"embeddable":true,"href":"https:\/\/www.rassegnastampa-totustuus.it\/cattolica\/wp-json\/wp\/v2\/comments?post=1711"}],"version-history":[{"count":4,"href":"https:\/\/www.rassegnastampa-totustuus.it\/cattolica\/wp-json\/wp\/v2\/posts\/1711\/revisions"}],"predecessor-version":[{"id":32373,"href":"https:\/\/www.rassegnastampa-totustuus.it\/cattolica\/wp-json\/wp\/v2\/posts\/1711\/revisions\/32373"}],"wp:featuredmedia":[{"embeddable":true,"href":"https:\/\/www.rassegnastampa-totustuus.it\/cattolica\/wp-json\/wp\/v2\/media\/32372"}],"wp:attachment":[{"href":"https:\/\/www.rassegnastampa-totustuus.it\/cattolica\/wp-json\/wp\/v2\/media?parent=1711"}],"wp:term":[{"taxonomy":"category","embeddable":true,"href":"https:\/\/www.rassegnastampa-totustuus.it\/cattolica\/wp-json\/wp\/v2\/categories?post=1711"},{"taxonomy":"post_tag","embeddable":true,"href":"https:\/\/www.rassegnastampa-totustuus.it\/cattolica\/wp-json\/wp\/v2\/tags?post=1711"}],"curies":[{"name":"wp","href":"https:\/\/api.w.org\/{rel}","templated":true}]}}