{"id":1654,"date":"2005-11-03T18:13:18","date_gmt":"2005-11-03T17:13:18","guid":{"rendered":""},"modified":"2019-07-05T08:47:28","modified_gmt":"2019-07-05T06:47:28","slug":"metz-yeghern-il-grande-male-quarta-parte","status":"publish","type":"post","link":"https:\/\/www.rassegnastampa-totustuus.it\/cattolica\/metz-yeghern-il-grande-male-quarta-parte\/","title":{"rendered":"Metz Yeghern, il Grande Male (quarta parte)"},"content":{"rendered":"<div style=\"text-align: center;\">Pubblicato su <strong>Nuova Umanit\u00e0<\/strong> n.161 settembre-ottobre 2005<\/div>\n<div style=\"text-align: center;\"><a href=\"https:\/\/www.rassegnastampa-totustuus.it\/cattolica\/wp-content\/uploads\/2005\/11\/metz-yeghern.jpg\"><img loading=\"lazy\" decoding=\"async\" class=\"aligncenter wp-image-14403\" src=\"https:\/\/www.rassegnastampa-totustuus.it\/cattolica\/wp-content\/uploads\/2005\/11\/metz-yeghern.jpg\" alt=\"metz yeghern\" width=\"250\" height=\"166\"><\/a><\/div>\n<p style=\"text-align: center;\">&nbsp;di <strong>Giovanni Guaita<\/strong><\/p>\n<p><!--more--><\/p>\n<div style=\"text-align: center;\"><strong>METZ YEGHERN E SHOAH<\/strong><\/div>\n<p style=\"text-align: justify;\">La Turchia moderna nel XX secolo ha avuto un ruolo unico che le ha garantito, se non la simpatia, almeno il sostegno di gran parte della diplomazia internazionale. Stato musulmano non arabo e &#8220;laico&#8221;, essa si \u00e8 posta ad alternativa importante per l&#8217;Occidente al fondamentalismo islamico. Inoltre, alleata degli americani e membro della NATO, ha costituito il pi\u00f9 sicuro baluardo in Medioriente contro il comunismo sovietico.<\/p>\n<p style=\"text-align: justify;\">Certamente, il fatto che gli Stati moderni e l&#8217;opinione pubblica internazionale non abbiano a suo tempo, n\u00e9 perseguito giuridicamente le autorit\u00e0 turche, n\u00e9 condannato adeguatamente il primo grande genocidio del XX secolo, \u00e8 una delle cause per le quali nuovi crimini d\u00ec genocidio e innumerevoli altri tentativi di \u00abpulizie etniche\u00bb si sono ripetuti fino alla fine del millennio.<\/p>\n<p style=\"text-align: justify;\"><a href=\"https:\/\/www.rassegnastampa-totustuus.it\/cattolica\/wp-content\/uploads\/2005\/11\/hitler.jpg\"><img loading=\"lazy\" decoding=\"async\" class=\"alignleft wp-image-14449\" src=\"https:\/\/www.rassegnastampa-totustuus.it\/cattolica\/wp-content\/uploads\/2005\/11\/hitler.jpg\" alt=\"hitler\" width=\"133\" height=\"200\"><\/a>Il 22 agosto 1939, alla vigilia dell&#8217;invasione della Polonia, Hitler diceva agli ufficiali superiori del III Reich: \u00abLa nostra forza sta nella nostra rapidit\u00e0 e nella nostra brutalit\u00e0. \u00c8 con coscienza e a cuor leggero che Gengis Khan ha mandato a morte migliaia di donne e bambini. E la Storia non vede in lui che il grande fondatore di uno Stato (&#8230;). Ho dato l&#8217;ordine a unit\u00e0 speciali delle SS di mandare a morte senza rimpianti e senza piet\u00e0 uomini, donne e bambini di origini e lingua polacca. Soltanto cos\u00ec otterremo lo spazio vitale di cui abbiamo bisogno. Chi parla ancora oggi dello Sterminio degli armeni?\u00bb.<\/p>\n<p style=\"text-align: justify;\">Diversi storici si rifanno a queste espressioni per paragonare i due pi\u00f9 grandi genocidi del XX secolo. Tuttavia, le parole del F\u00fchrer non si riferiscono allo sterminio degli ebrei, ma all&#8217;invasione tedesca della Polonia; inoltre, l&#8217;autenticit\u00e0 di questa frase, che non figura nel testo ufficiale di quel discorso di Hitler, \u00e8 stata messa in dubbio. Alcuni testimoni, comunque, sostengono che il F\u00fchrer anche in altre occasioni si sia riferito al genocidio degli armeni (41).<\/p>\n<p style=\"text-align: justify;\">Comunque stiano le cose, se anche queste testuali parole dovessero non essere state pronunciate apertamente da Hitler, tale senza dubbio dovette essere la logica spietata di quanti si resero responsabili dello sterminio degli ebrei, degli zingari e di altri popoli durante la Seconda Guerra mondiale. Ci\u00f2 mostra chiaramente che i crimini contro interi popoli, che non ricevono una condanna inequivocabile ed esplicita da parte dell&#8217;opinione pubblica mondiale, sciolgono le mani ad altri carnefici e portano a nuovi e peggiori delitti contro persone innocenti. In questo senso, il genocidio degli armeni, che mise in guardia il mondo circa il pericolo imminente del nazismo &#8211; e, purtroppo, non fu ascoltato -, pu\u00f2 senz&#8217;altro essere considerato anche un&#8217;anticipazione e una causa remota dell&#8217;Olocausto del popolo di Israele.<\/p>\n<p style=\"text-align: justify;\">Quel testimone d&#8217;eccezione dei due grandi genocidi del XX secolo che fu il tedesco Armin Wegner vedeva molto chiaramente il loro legame. Scriveva infatti, molto pi\u00f9 tardi: \u00abAll&#8217;inizio degli anni &#8217;20, quando il testimone di questi orrori, immaginando che qualcosa di simile potesse succedere anche in Occidente, illustrava quanto aveva visto con una gran quantit\u00e0 di fotografie e tutti i documenti che aveva potuto raccogliere nei lager della morte, gli abitanti della Germania e dei paesi vicini, conosciuti quei fatti, furono presi dalla paura, ma pensarono tranquillamente: il deserto dell&#8217;Arabia&#8230; \u00e8 cos\u00ec lontano!\u00bb.<\/p>\n<p style=\"text-align: justify;\">Molti parallelismi corrono tra la fase pi\u00f9 terribile del genocidio degli armeni (le deportazioni e le stragi degli anni 1915-1923) e quello degli ebrei durante il nazismo (42). Entrambi questi crimini sono stati compiuti in concomitanza con un grande conflitto (le Guerre mondiali) al fine di passare inosservati o di rendere improbabile e difficile l&#8217;intervento degli altri Paesi.<\/p>\n<p style=\"text-align: justify;\">Sotto numerosi aspetti, il partito dei \u00abGiovani Turchi\u00bb e l&#8217;Organizzazione Speciale sono paragonabili al partito nazista e alle SS, cos\u00ec come simili sono i loro rapporti: materialmente le deportazioni sono compiute da un corpo paramilitare non sottoposto a controllo se non da parte del partito, ma lo Stato in quanto tale rimane come estraneo alle brutalit\u00e0.<\/p>\n<p style=\"text-align: justify;\">In entrambi i casi, notevole \u00e8 la disciplina interna degli esecutori del genocidio e nel contempo la disinformazione degli amministratori statali. Ancora, comune \u00e8 l&#8217;utilizzo di un&#8217;ideologia nazionalistica e la creazione di un&#8217;atmosfera sociale ostile ai perseguitati, accusati di complotti a danno dello Stato. Infine, identico \u00e8 il metodo di realizzazione, il copione del genocidio: dalle confessioni di complotti estorte sono tortura, all&#8217;arresto dell\u2019<em>intellighenzia<\/em>, all&#8217;immediata esecuzione dei giovani e di chi poteva opporsi, alla deportazione di tutti gli altri.<\/p>\n<p style=\"text-align: justify;\"><a href=\"https:\/\/www.rassegnastampa-totustuus.it\/cattolica\/wp-content\/uploads\/2005\/11\/armenian-diaspora.jpg\"><img loading=\"lazy\" decoding=\"async\" class=\"alignright wp-image-14450 size-full\" src=\"https:\/\/www.rassegnastampa-totustuus.it\/cattolica\/wp-content\/uploads\/2005\/11\/armenian-diaspora.jpg\" alt=\"armenian diaspora\" width=\"284\" height=\"178\"><\/a>Ma il genocidio degli armeni ha avuto un&#8217;unicit\u00e0 che lo distingue da quello degli ebrei, a parte il fatto di essere stato il primo (di tale portata) di una purtroppo lunga serie (43), e a parte il fatto di essere stato il pi\u00f9 lungo nella sua esecuzione (44). A differenza della Shoah, il Metz Yeghern \u00e8 avvenuto nella patria storica stessa del popolo sterminato, l&#8217;Armenia occidentale, dove gli armeni avevano abitato per pi\u00f9 di tremila anni. Uno dei risultati del genocidio, oltre allo sterminio della popolazione, \u00e8 quello di aver privato l&#8217;Armenia di circa nove decimi della sua terra e di aver forzato i pochi superstiti alla dispersione per il mondo intero.<\/p>\n<p style=\"text-align: justify;\">L&#8217;Armenia occidentale, riconosciuta oggi dalla comunit\u00e0 internazionale come territorio turco, \u00e8 culla dell&#8217;antichissima civilt\u00e0 armena e ne \u00e8 sempre stata la residenza; qui \u00e8 il monte Ararat, al-. l&#8217;ombra del quale essa ha avuto origine, qui sono fiorite le antiche i capitali di Tushpa, Van, Tigranakert, Ani. Ci\u00f2 significa che questo popolo, oltre ad essere stato quasi annientato, \u00e8 stato forzato ad abbandonare definitivamente la terra in cui aveva sempre vissuto.<\/p>\n<p style=\"text-align: justify;\">\u00abCi\u00f2 che diventa subito evidente a chiunque si occupi del caso armeno &#8211; ha scritto B.L. Zekiyan &#8211; \u00e8 il completo sradicamento di un intero popolo dalla sua patria, dal suo Paese ancestrale dove la sua identit\u00e0, lingua, cultura e genio si sono formati e espressi in un processo continuo di circa tremila anni di storia. Ci\u00f2 che ci pare essere la peculiarit\u00e0 pi\u00f9 caratteristica di questo sradicamento \u00e8 che non si tratta in alcun modo di una situazione solamente di fatto, ma di un&#8217;autentica proscrizione <em>de jure <\/em>e del tutto violenta dalla propria terra: \u00e8 una condizione di esilio che si rinnova perpetuamente f\u00ecntanto che l&#8217;immagine della patria non \u00e8 cancellata dalla memoria collettiva del popolo\u00bb (45).<\/p>\n<p style=\"text-align: center;\"><strong>STORICIDIO E CULTURICIDIO<\/strong><\/p>\n<p style=\"text-align: justify;\">La Turchia moderna nel XX secolo ha avuto un ruolo unico che le ha garantito, se non la simpatia, almeno il sostegno di gran parte della diplomazia internazionale. Stato musulmano non arabo e &#8220;laico&#8221;, essa si \u00e8 posta ad alternativa importante per l&#8217;Occidente al fondamentalismo islamico. Inoltre, alleata degli americani e membro della NATO, ha costituito il pi\u00f9 sicuro baluardo in Medioriente contro il comunismo sovietico.<\/p>\n<p style=\"text-align: justify;\">Certamente, il fatto che gli Stati moderni e l&#8217;opinione pubblica internazionale non abbiano a suo tempo, n\u00e9 perseguito giuridicamente le autorit\u00e0 turche, n\u00e9 condannato adeguatamente il primo grande genocidio del XX secolo, \u00e8 una delle cause per le quali nuovi crimini d\u00ec genocidio e innumerevoli altri tentativi di \u00abpulizie etniche\u00bb si sono ripetuti fino alla fine del millennio<\/p>\n<p style=\"text-align: justify;\">.Il 22 agosto 1939, alla vigilia dell&#8217;invasione della Polonia, Hitler diceva agli ufficiali superiori del III Reich: \u00abLa nostra forza sta nella nostra rapidit\u00e0 e nella nostra brutalit\u00e0. \u00c8 con coscienza e a cuor leggero che Gengis Khan ha mandato a morte migliaia di donne e bambini. E la Storia non vede in lui che il grande fondatore di uno Stato (&#8230;). Ho dato l&#8217;ordine a unit\u00e0 speciali delle SS di mandare a morte senza rimpianti e senza piet\u00e0 uomini, donne e bambini di origini e lingua polacca. Soltanto cos\u00ec otterremo lo spazio vitale di cui abbiamo bisogno. Chi parla ancora oggi dello Sterminio degli armeni?\u00bb.<\/p>\n<p style=\"text-align: justify;\">Diversi storici si rifanno a queste espressioni per paragonare i due pi\u00f9 grandi genocidi del XX secolo. Tuttavia, le parole del F\u00fchrer non si riferiscono allo sterminio degli ebrei, ma all&#8217;invasione tedesca della Polonia; inoltre, l&#8217;autenticit\u00e0 di questa frase, che non figura nel testo ufficiale di quel discorso di Hitler, \u00e8 stata messa in dubbio. Alcuni testimoni, comunque, sostengono che il F\u00fchrer anche in altre occasioni si sia riferito al genocidio degli armeni (41).<\/p>\n<p style=\"text-align: justify;\">Comunque stiano le cose, se anche queste testuali parole dovessero non essere state pronunciate apertamente da Hitler, tale senza dubbio dovette essere la logica spietata di quanti si resero responsabili dello sterminio degli ebrei, degli zingari e di altri popoli durante la Seconda Guerra mondiale.<\/p>\n<p style=\"text-align: justify;\">Ci\u00f2 mostra chiaramente che i crimini contro interi popoli, che non ricevono una condanna inequivocabile ed esplicita da parte dell&#8217;opinione pubblica mondiale, sciolgono le mani ad altri carnefici e portano a nuovi e peggiori delitti contro persone innocenti. In questo senso, il genocidio degli armeni, che mise in guardia il mondo circa il pericolo imminente del nazismo &#8211; e, purtroppo, non fu ascoltato -, pu\u00f2 senz&#8217;altro essere considerato anche un&#8217;anticipazione e una causa remota dell&#8217;Olocausto del popolo di Israele.<\/p>\n<p style=\"text-align: justify;\">Quel testimone d&#8217;eccezione dei due grandi genocidi del XX secolo che fu il tedesco Armin Wegner vedeva molto chiaramente il loro legame. Scriveva infatti, molto pi\u00f9 tardi: \u00abAll&#8217;inizio degli anni &#8217;20, quando il testimone di questi orrori, immaginando che qualcosa di simile potesse succedere anche in Occidente, illustrava quanto aveva visto con una gran quantit\u00e0 di fotografie e tutti i documenti che aveva potuto raccogliere nei lager della morte, gli abitanti della Germania e dei paesi vicini, conosciuti quei fatti, furono presi dalla paura, ma pensarono tranquillamente: il deserto dell&#8217;Arabia&#8230; \u00e8 cos\u00ec lontano!\u00bb.<\/p>\n<div id=\"attachment_14451\" style=\"width: 148px\" class=\"wp-caption alignleft\"><a href=\"https:\/\/www.rassegnastampa-totustuus.it\/cattolica\/wp-content\/uploads\/2005\/11\/armenian-genocide-22.jpg\"><img loading=\"lazy\" decoding=\"async\" aria-describedby=\"caption-attachment-14451\" class=\"wp-image-14451\" src=\"https:\/\/www.rassegnastampa-totustuus.it\/cattolica\/wp-content\/uploads\/2005\/11\/armenian-genocide-22.jpg\" alt=\"armenian genocide 22\" width=\"148\" height=\"200\"><\/a><p id=\"caption-attachment-14451\" class=\"wp-caption-text\">bambino armeno durante la deportazione<\/p><\/div>\n<p style=\"text-align: justify;\">Molti parallelismi corrono tra la fase pi\u00f9 terribile del genocidio degli armeni (le deportazioni e le stragi degli anni 1915-1923) e quello degli ebrei durante il nazismo (42). Entrambi questi crimini sono stati compiuti in concomitanza con un grande conflitto (le Guerre mondiali) al fine di passare inosservati o di rendere improbabile e difficile l&#8217;intervento degli altri Paesi. Sotto numerosi aspetti, il partito dei \u00abGiovani Turchi\u00bb e l&#8217;Organizzazione Speciale sono paragonabili al partito nazista e alle SS, cos\u00ec come simili sono i loro rapporti: materialmente le deportazioni sono compiute da un corpo paramilitare non sottoposto a controllo se non da parte del partito, ma lo Stato in quanto tale rimane come estraneo alle brutalit\u00e0.<\/p>\n<p style=\"text-align: justify;\">In entrambi i casi, notevole \u00e8 la disciplina interna degli esecutori del genocidio e nel contempo la disinformazione degli amministratori statali. Ancora, comune \u00e8 l&#8217;utilizzo di un&#8217;ideologia nazionalistica e la creazione di un&#8217;atmosfera sociale ostile ai perseguitati, accusati di complotti a danno dello Stato. Infine, identico \u00e8 il metodo di realizzazione, il copione del genocidio: dalle confessioni di complotti estorte sono tortura, all&#8217;arresto all&#8217;immediata esecuzione dei giovani e di chi poteva opporsi, alla deportazione di tutti gli altri.<\/p>\n<div id=\"attachment_14452\" style=\"width: 163px\" class=\"wp-caption alignleft\"><a href=\"https:\/\/www.rassegnastampa-totustuus.it\/cattolica\/wp-content\/uploads\/2005\/11\/ebrei-nei-lager-1.jpg\"><img loading=\"lazy\" decoding=\"async\" aria-describedby=\"caption-attachment-14452\" class=\"wp-image-14452\" src=\"https:\/\/www.rassegnastampa-totustuus.it\/cattolica\/wp-content\/uploads\/2005\/11\/ebrei-nei-lager-1.jpg\" alt=\"ebrei nei lager 1\" width=\"163\" height=\"200\"><\/a><p id=\"caption-attachment-14452\" class=\"wp-caption-text\">bambini ad Auschwitz<\/p><\/div>\n<p style=\"text-align: justify;\">Ma il genocidio degli armeni ha avuto un&#8217;unicit\u00e0 che lo distingue da quello degli ebrei, a parte il fatto di essere stato il primo (di tale portata) di una purtroppo lunga serie (43), e a parte il fatto di essere stato il pi\u00f9 lungo nella sua esecuzione (44). A differenza della Shoah, il Metz Yeghern \u00e8 avvenuto nella patria storica stessa del popolo sterminato, l&#8217;Armenia occidentale, dove gli armeni avevano abitato per pi\u00f9 di tremila anni. Uno dei risultati del genocidio, oltre allo sterminio della popolazione, \u00e8 quello di aver privato l&#8217;Armenia di circa nove decimi della sua terra e di aver forzato i pochi superstiti alla dispersione per il mondo intero.<\/p>\n<p style=\"text-align: justify;\">L&#8217;Armenia occidentale, riconosciuta oggi dalla comunit\u00e0 internazionale come territorio turco, \u00e8 culla dell&#8217;antichissima civilt\u00e0 armena e ne \u00e8 sempre stata la residenza; qui \u00e8 il monte Ararat, al-. l&#8217;ombra del quale essa ha avuto origine, qui sono fiorite le antiche i capitali di Tushpa, Van, Tigranakert, Ani. Ci\u00f2 significa che questo popolo, oltre ad essere stato quasi annientato, \u00e8 stato forzato ad abbandonare definitivamente la terra in cui aveva sempre vissuto.<\/p>\n<p style=\"text-align: justify;\">\u00abCi\u00f2 che diventa subito evidente a chiunque si occupi del caso armeno &#8211; ha scritto B.L. Zekiyan &#8211; \u00e8 il completo sradicamento di un intero popolo dalla sua patria, dal suo Paese ancestrale dove la sua identit\u00e0, lingua, cultura e genio si sono formati e espressi in un processo continuo di circa tremila anni di storia. Ci\u00f2 che ci pare essere la peculiarit\u00e0 pi\u00f9 caratteristica di questo sradicamento \u00e8 che non si tratta in alcun modo di una situazione solamente di fatto, ma di un&#8217;autentica proscrizione e del tutto violenta dalla propria terra: \u00e8 una condizione di esilio che si rinnova perpetuamente f\u00ecntanto che l&#8217;immagine della patria non \u00e8 cancellata dalla memoria collettiva del popolo\u00bb (45).<\/p>\n<p style=\"text-align: justify;\">Con il genocidio, la trimillenaria cultura armena \u00e8 stata sradicata, calpestata. La scomparsa degli armeni dall\u2019Anatolia ha significato anche la scomparsa delle loro citt\u00e0, chiese, scuole, biblioteche, monasteri, universit\u00e0. Il genocidio ha causato un danno irreparabile anche alla letteratura armena e universale: durante le ruberie e gli incendi che hanno accompagnato la deportazione sono stati distrutti manoscritti antichissimi e unici. Grazie alla venerazione degli armeni&#8221; per il loro patrimonio culturale \u00e8 stata salvata una piccola parte di libri antichi: a volte i deportati li nascondevano seppellendoli sotto la sabbia, lungo le vie della deportazione.<\/p>\n<p style=\"text-align: justify;\">A partire dal 1920 la Turchia ha trasformato in moschee centinaia di chiese e monasteri armeni, ma soprattutto ha distrutto o lasciato cadere in rovina monumenti secolari della cultura armena. Al momento dell&#8217;entrata in guerra dell&#8217;impero ottomano, nel 1914, in Turchia esistevano 210 monasteri armeni, 700 chiese maggiori e 1.639 chiese parrocchiali. Nel 1974 delle 913 chiese armene ancora conosciute in Turchia, 464 erano totalmente distrutte, 252 ridotte a rovine e solo 197 in stato relativamente decente. Nei decenni che seguirono molti altri monumenti dell&#8217;arte armena rimasti in territorio turco sono stati distrutti.<\/p>\n<p style=\"text-align: justify;\"><a href=\"https:\/\/www.rassegnastampa-totustuus.it\/cattolica\/wp-content\/uploads\/2005\/11\/chiesa-armena.jpg\"><img loading=\"lazy\" decoding=\"async\" class=\"alignright wp-image-14453\" src=\"https:\/\/www.rassegnastampa-totustuus.it\/cattolica\/wp-content\/uploads\/2005\/11\/chiesa-armena.jpg\" alt=\"chiesa armena\" width=\"150\" height=\"200\"><\/a>Tra le chiese e i monasteri scomparsi e distrutti sono anche centri di fondamentale importanza per la cultura armena e universale, come gli innumerevoli monasteri che punteggiavano le rive del lago di Van, simili a quello dove visse e oper\u00f2 Gregorio di Narek (46), in pessimo stato sono autentici capolavori di architettura, come le celebri chiese di Ani o il gioiello della chiesa di Santa Croce di Aghtamar, con la straordinaria sinfonia dei suoi bassorilievi. Nello stesso stato di abbandono e profanazione sono i monumenti armeni dei tenitori attribuiti dal potere sovietico all&#8217;Azerbaigian, per esempio nel Nakhitchevan (47).<\/p>\n<p style=\"text-align: justify;\">La Turchia teme la muta testimonianza dei capolavori dell&#8217;architettura armena. Ha per questo creato zone vietate ai turisti. Dagli anni &#8217;20 del XX secolo lo studio dei monumenti di architettura armeni in territorio turco \u00e8 stato praticamente vietato o comunque impedito. Gli storici e architetti locali ricorrono sfacciatamente alla menzogna, arrivando ad attribuire al popolo turco capolavori architettonici armeni anche universalmente conosciuti.<\/p>\n<p style=\"text-align: justify;\">Insomma, il genocidio degli armeni a cavallo tra XIX e XX secolo, oltre ad avere barbaramente privato della vita due milioni di esseri umani dopo atroci tormenti, sparpagliato i sopravvissuti per il resto del mondo, derubato un popolo di nove decimi della sua patria storica, ha anche causato un enorme danno alla cultura: tanto armena che universale. Anche per questo esso deve essere considerato un crimine contro l&#8217;umanit\u00e0 tutta intera.<\/p>\n<div id=\"attachment_14454\" style=\"width: 250px\" class=\"wp-caption alignleft\"><a href=\"https:\/\/www.rassegnastampa-totustuus.it\/cattolica\/wp-content\/uploads\/2005\/11\/Komitas-Vardapet.jpg\"><img loading=\"lazy\" decoding=\"async\" aria-describedby=\"caption-attachment-14454\" class=\"wp-image-14454\" src=\"https:\/\/www.rassegnastampa-totustuus.it\/cattolica\/wp-content\/uploads\/2005\/11\/Komitas-Vardapet.jpg\" alt=\"Komitas Vardapet\" width=\"250\" height=\"150\"><\/a><p id=\"caption-attachment-14454\" class=\"wp-caption-text\">Komitas Vardapet<\/p><\/div>\n<p style=\"text-align: justify;\">Infine, sempre relativamente al danno culturale, oltre alla repentina scomparsa di grandissima parte dell&#8217;intellighenzia armena di Costantinopoli nell&#8217;aprile 1915, le violenze di quell&#8217;anno hanno avuto anche conseguenze pi\u00f9 remote, come la morte per follia del musicista armeno Komitas a Parigi nel 1935: il Metz Yeghern ha fatto, a distanza di anni, ancora una vittima; e chiss\u00e0 quante altre, sconosciute agli storici&#8230; Ma se il genocidio, a vent&#8217;anni di distanza, ha causato la morte fisica di Komitas, esso, gi\u00e0 molto prima, ha privato la cultura mondiale di questo genio musicale, spegnendone per sempre il talento.<\/p>\n<p style=\"text-align: justify;\">Infatti, dopo gli orrori di cui fu testimone in Turchia nel 1915, Komitas non compose pi\u00f9 (48). E come avrebbe potuto? Dotato di una sensibilit\u00e0 straordinaria, questo geniale musicista e santo sacerdote visse, in maniera tragica, la stessa esperienza di cui Armin Wegner scriveva alla madre dalla Turchia, durante il genocidio: \u00abPosso io ancora vivere? Ho ancora il diritto di respirare, di fare progetti per anni futuri cos\u00ec fantasticamente irreali, quando attorno a me c&#8217;\u00e8 un abisso di occhi morti?\u00bb (49) .<\/p>\n<p style=\"text-align: center;\"><a href=\"https:\/\/www.rassegnastampa-totustuus.it\/cattolica\/?p=1653\" target=\"_blank\" rel=\"noopener noreferrer\"><strong>vai alle note<\/strong><\/a><\/p>\n","protected":false},"excerpt":{"rendered":"<p>Pubblicato su Nuova Umanit\u00e0 n.161 settembre-ottobre 2005 &nbsp;di Giovanni Guaita<\/p><p><a class=\"more-link btn\" href=\"https:\/\/www.rassegnastampa-totustuus.it\/cattolica\/metz-yeghern-il-grande-male-quarta-parte\/\">Continua a leggere<\/a><\/p>\n","protected":false},"author":6,"featured_media":14403,"comment_status":"closed","ping_status":"open","sticky":false,"template":"","format":"standard","meta":{"footnotes":""},"categories":[33,44,87,24],"tags":[906,264,535],"class_list":["post-1654","post","type-post","status-publish","format-standard","has-post-thumbnail","hentry","category-cristiani-nell-islam","category-cristiani-perseguitati","category-genocidio-armeno","category-storia","tag-genocidio-armeno-2","tag-persecuzioni","tag-turchia","item-wrap"],"yoast_head":"<!-- This site is optimized with the Yoast SEO plugin v27.4 - https:\/\/yoast.com\/product\/yoast-seo-wordpress\/ -->\n<title>Metz Yeghern, il Grande Male (quarta parte) - Rassegna Stampa Cattolica<\/title>\n<meta name=\"description\" content=\"Rassegna Stampa Cattolica - Per una cultura che nasce dalla Rivelazione cristiana in conformit\u00e0 alla tradizione e al Magistero della Chiesa in opposizione ad ogni relativismo e totalitarismo\" \/>\n<meta name=\"robots\" content=\"index, follow, max-snippet:-1, max-image-preview:large, max-video-preview:-1\" \/>\n<link rel=\"canonical\" href=\"https:\/\/www.rassegnastampa-totustuus.it\/cattolica\/metz-yeghern-il-grande-male-quarta-parte\/\" \/>\n<meta property=\"og:locale\" content=\"it_IT\" \/>\n<meta property=\"og:type\" content=\"article\" \/>\n<meta property=\"og:title\" content=\"Metz Yeghern, il Grande Male (quarta parte) - Rassegna Stampa Cattolica\" \/>\n<meta property=\"og:description\" content=\"Rassegna Stampa Cattolica - Per una cultura che nasce dalla Rivelazione cristiana in conformit\u00e0 alla tradizione e al Magistero della Chiesa in opposizione ad ogni relativismo e totalitarismo\" \/>\n<meta property=\"og:url\" content=\"https:\/\/www.rassegnastampa-totustuus.it\/cattolica\/metz-yeghern-il-grande-male-quarta-parte\/\" \/>\n<meta property=\"og:site_name\" content=\"Rassegna Stampa Cattolica\" \/>\n<meta property=\"article:publisher\" content=\"https:\/\/www.facebook.com\/rassegnastampacattolica\" \/>\n<meta property=\"article:published_time\" content=\"2005-11-03T17:13:18+00:00\" \/>\n<meta property=\"article:modified_time\" content=\"2019-07-05T06:47:28+00:00\" \/>\n<meta property=\"og:image\" content=\"https:\/\/www.rassegnastampa-totustuus.it\/cattolica\/wp-content\/uploads\/2005\/11\/metz-yeghern.jpg\" \/>\n\t<meta property=\"og:image:width\" content=\"275\" \/>\n\t<meta property=\"og:image:height\" content=\"183\" \/>\n\t<meta property=\"og:image:type\" content=\"image\/jpeg\" \/>\n<meta name=\"author\" content=\"Redazione\" \/>\n<meta name=\"twitter:card\" content=\"summary_large_image\" \/>\n<meta name=\"twitter:creator\" content=\"@rassegnastampa9\" \/>\n<meta name=\"twitter:site\" content=\"@rassegnastampa9\" \/>\n<meta name=\"twitter:label1\" content=\"Scritto da\" \/>\n\t<meta name=\"twitter:data1\" content=\"Redazione\" \/>\n\t<meta name=\"twitter:label2\" content=\"Tempo di lettura stimato\" \/>\n\t<meta name=\"twitter:data2\" content=\"13 minuti\" \/>\n<script type=\"application\/ld+json\" class=\"yoast-schema-graph\">{\"@context\":\"https:\\\/\\\/schema.org\",\"@graph\":[{\"@type\":\"Article\",\"@id\":\"https:\\\/\\\/www.rassegnastampa-totustuus.it\\\/cattolica\\\/metz-yeghern-il-grande-male-quarta-parte\\\/#article\",\"isPartOf\":{\"@id\":\"https:\\\/\\\/www.rassegnastampa-totustuus.it\\\/cattolica\\\/metz-yeghern-il-grande-male-quarta-parte\\\/\"},\"author\":{\"name\":\"Redazione\",\"@id\":\"https:\\\/\\\/www.rassegnastampa-totustuus.it\\\/cattolica\\\/#\\\/schema\\\/person\\\/08f319d2bd1a0904ad9e2bfb7b15e5c3\"},\"headline\":\"Metz Yeghern, il Grande Male (quarta parte)\",\"datePublished\":\"2005-11-03T17:13:18+00:00\",\"dateModified\":\"2019-07-05T06:47:28+00:00\",\"mainEntityOfPage\":{\"@id\":\"https:\\\/\\\/www.rassegnastampa-totustuus.it\\\/cattolica\\\/metz-yeghern-il-grande-male-quarta-parte\\\/\"},\"wordCount\":2678,\"publisher\":{\"@id\":\"https:\\\/\\\/www.rassegnastampa-totustuus.it\\\/cattolica\\\/#organization\"},\"image\":{\"@id\":\"https:\\\/\\\/www.rassegnastampa-totustuus.it\\\/cattolica\\\/metz-yeghern-il-grande-male-quarta-parte\\\/#primaryimage\"},\"thumbnailUrl\":\"https:\\\/\\\/www.rassegnastampa-totustuus.it\\\/cattolica\\\/wp-content\\\/uploads\\\/2005\\\/11\\\/metz-yeghern.jpg\",\"keywords\":[\"genocidio armeno\",\"persecuzioni\",\"Turchia\"],\"articleSection\":[\"Cristiani nell'islam\",\"Cristiani perseguitati\",\"Genocidio armeno\",\"Storia\"],\"inLanguage\":\"it-IT\"},{\"@type\":\"WebPage\",\"@id\":\"https:\\\/\\\/www.rassegnastampa-totustuus.it\\\/cattolica\\\/metz-yeghern-il-grande-male-quarta-parte\\\/\",\"url\":\"https:\\\/\\\/www.rassegnastampa-totustuus.it\\\/cattolica\\\/metz-yeghern-il-grande-male-quarta-parte\\\/\",\"name\":\"Metz Yeghern, il Grande Male (quarta parte) - Rassegna Stampa Cattolica\",\"isPartOf\":{\"@id\":\"https:\\\/\\\/www.rassegnastampa-totustuus.it\\\/cattolica\\\/#website\"},\"primaryImageOfPage\":{\"@id\":\"https:\\\/\\\/www.rassegnastampa-totustuus.it\\\/cattolica\\\/metz-yeghern-il-grande-male-quarta-parte\\\/#primaryimage\"},\"image\":{\"@id\":\"https:\\\/\\\/www.rassegnastampa-totustuus.it\\\/cattolica\\\/metz-yeghern-il-grande-male-quarta-parte\\\/#primaryimage\"},\"thumbnailUrl\":\"https:\\\/\\\/www.rassegnastampa-totustuus.it\\\/cattolica\\\/wp-content\\\/uploads\\\/2005\\\/11\\\/metz-yeghern.jpg\",\"datePublished\":\"2005-11-03T17:13:18+00:00\",\"dateModified\":\"2019-07-05T06:47:28+00:00\",\"description\":\"Rassegna Stampa Cattolica - Per una cultura che nasce dalla Rivelazione cristiana in conformit\u00e0 alla tradizione e al Magistero della Chiesa in opposizione ad ogni relativismo e totalitarismo\",\"breadcrumb\":{\"@id\":\"https:\\\/\\\/www.rassegnastampa-totustuus.it\\\/cattolica\\\/metz-yeghern-il-grande-male-quarta-parte\\\/#breadcrumb\"},\"inLanguage\":\"it-IT\",\"potentialAction\":[{\"@type\":\"ReadAction\",\"target\":[\"https:\\\/\\\/www.rassegnastampa-totustuus.it\\\/cattolica\\\/metz-yeghern-il-grande-male-quarta-parte\\\/\"]}]},{\"@type\":\"ImageObject\",\"inLanguage\":\"it-IT\",\"@id\":\"https:\\\/\\\/www.rassegnastampa-totustuus.it\\\/cattolica\\\/metz-yeghern-il-grande-male-quarta-parte\\\/#primaryimage\",\"url\":\"https:\\\/\\\/www.rassegnastampa-totustuus.it\\\/cattolica\\\/wp-content\\\/uploads\\\/2005\\\/11\\\/metz-yeghern.jpg\",\"contentUrl\":\"https:\\\/\\\/www.rassegnastampa-totustuus.it\\\/cattolica\\\/wp-content\\\/uploads\\\/2005\\\/11\\\/metz-yeghern.jpg\",\"width\":275,\"height\":183},{\"@type\":\"BreadcrumbList\",\"@id\":\"https:\\\/\\\/www.rassegnastampa-totustuus.it\\\/cattolica\\\/metz-yeghern-il-grande-male-quarta-parte\\\/#breadcrumb\",\"itemListElement\":[{\"@type\":\"ListItem\",\"position\":1,\"name\":\"Home\",\"item\":\"https:\\\/\\\/www.rassegnastampa-totustuus.it\\\/cattolica\\\/\"},{\"@type\":\"ListItem\",\"position\":2,\"name\":\"Metz Yeghern, il Grande Male (quarta parte)\"}]},{\"@type\":\"WebSite\",\"@id\":\"https:\\\/\\\/www.rassegnastampa-totustuus.it\\\/cattolica\\\/#website\",\"url\":\"https:\\\/\\\/www.rassegnastampa-totustuus.it\\\/cattolica\\\/\",\"name\":\"Rassegna Stampa Cattolica\",\"description\":\"Per una cultura che nasce dalla Rivelazione cristiana in conformit\u00e0 alla tradizione e al Magistero della Chiesa in opposizione ad ogni relativismo e totalitarismo\",\"publisher\":{\"@id\":\"https:\\\/\\\/www.rassegnastampa-totustuus.it\\\/cattolica\\\/#organization\"},\"alternateName\":\"Rass. Cattolica\",\"potentialAction\":[{\"@type\":\"SearchAction\",\"target\":{\"@type\":\"EntryPoint\",\"urlTemplate\":\"https:\\\/\\\/www.rassegnastampa-totustuus.it\\\/cattolica\\\/?s={search_term_string}\"},\"query-input\":{\"@type\":\"PropertyValueSpecification\",\"valueRequired\":true,\"valueName\":\"search_term_string\"}}],\"inLanguage\":\"it-IT\"},{\"@type\":\"Organization\",\"@id\":\"https:\\\/\\\/www.rassegnastampa-totustuus.it\\\/cattolica\\\/#organization\",\"name\":\"Rassegna Stampa Cattolica\",\"url\":\"https:\\\/\\\/www.rassegnastampa-totustuus.it\\\/cattolica\\\/\",\"logo\":{\"@type\":\"ImageObject\",\"inLanguage\":\"it-IT\",\"@id\":\"https:\\\/\\\/www.rassegnastampa-totustuus.it\\\/cattolica\\\/#\\\/schema\\\/logo\\\/image\\\/\",\"url\":\"https:\\\/\\\/www.rassegnastampa-totustuus.it\\\/cattolica\\\/wp-content\\\/uploads\\\/2014\\\/04\\\/logo-rassegna1.gif\",\"contentUrl\":\"https:\\\/\\\/www.rassegnastampa-totustuus.it\\\/cattolica\\\/wp-content\\\/uploads\\\/2014\\\/04\\\/logo-rassegna1.gif\",\"width\":600,\"height\":163,\"caption\":\"Rassegna Stampa Cattolica\"},\"image\":{\"@id\":\"https:\\\/\\\/www.rassegnastampa-totustuus.it\\\/cattolica\\\/#\\\/schema\\\/logo\\\/image\\\/\"},\"sameAs\":[\"https:\\\/\\\/www.facebook.com\\\/rassegnastampacattolica\",\"https:\\\/\\\/x.com\\\/rassegnastampa9\"]},{\"@type\":\"Person\",\"@id\":\"https:\\\/\\\/www.rassegnastampa-totustuus.it\\\/cattolica\\\/#\\\/schema\\\/person\\\/08f319d2bd1a0904ad9e2bfb7b15e5c3\",\"name\":\"Redazione\",\"image\":{\"@type\":\"ImageObject\",\"inLanguage\":\"it-IT\",\"@id\":\"https:\\\/\\\/secure.gravatar.com\\\/avatar\\\/2fcdf27c78ea025fbdb44e914cc63c72249ffec9dc8aafd5c82b26240ef3f346?s=96&d=mm&r=g\",\"url\":\"https:\\\/\\\/secure.gravatar.com\\\/avatar\\\/2fcdf27c78ea025fbdb44e914cc63c72249ffec9dc8aafd5c82b26240ef3f346?s=96&d=mm&r=g\",\"contentUrl\":\"https:\\\/\\\/secure.gravatar.com\\\/avatar\\\/2fcdf27c78ea025fbdb44e914cc63c72249ffec9dc8aafd5c82b26240ef3f346?s=96&d=mm&r=g\",\"caption\":\"Redazione\"},\"url\":\"https:\\\/\\\/www.rassegnastampa-totustuus.it\\\/cattolica\\\/author\\\/pietroelle\\\/\"}]}<\/script>\n<!-- \/ Yoast SEO plugin. -->","yoast_head_json":{"title":"Metz Yeghern, il Grande Male (quarta parte) - Rassegna Stampa Cattolica","description":"Rassegna Stampa Cattolica - Per una cultura che nasce dalla Rivelazione cristiana in conformit\u00e0 alla tradizione e al Magistero della Chiesa in opposizione ad ogni relativismo e totalitarismo","robots":{"index":"index","follow":"follow","max-snippet":"max-snippet:-1","max-image-preview":"max-image-preview:large","max-video-preview":"max-video-preview:-1"},"canonical":"https:\/\/www.rassegnastampa-totustuus.it\/cattolica\/metz-yeghern-il-grande-male-quarta-parte\/","og_locale":"it_IT","og_type":"article","og_title":"Metz Yeghern, il Grande Male (quarta parte) - Rassegna Stampa Cattolica","og_description":"Rassegna Stampa Cattolica - Per una cultura che nasce dalla Rivelazione cristiana in conformit\u00e0 alla tradizione e al Magistero della Chiesa in opposizione ad ogni relativismo e totalitarismo","og_url":"https:\/\/www.rassegnastampa-totustuus.it\/cattolica\/metz-yeghern-il-grande-male-quarta-parte\/","og_site_name":"Rassegna Stampa Cattolica","article_publisher":"https:\/\/www.facebook.com\/rassegnastampacattolica","article_published_time":"2005-11-03T17:13:18+00:00","article_modified_time":"2019-07-05T06:47:28+00:00","og_image":[{"width":275,"height":183,"url":"https:\/\/www.rassegnastampa-totustuus.it\/cattolica\/wp-content\/uploads\/2005\/11\/metz-yeghern.jpg","type":"image\/jpeg"}],"author":"Redazione","twitter_card":"summary_large_image","twitter_creator":"@rassegnastampa9","twitter_site":"@rassegnastampa9","twitter_misc":{"Scritto da":"Redazione","Tempo di lettura stimato":"13 minuti"},"schema":{"@context":"https:\/\/schema.org","@graph":[{"@type":"Article","@id":"https:\/\/www.rassegnastampa-totustuus.it\/cattolica\/metz-yeghern-il-grande-male-quarta-parte\/#article","isPartOf":{"@id":"https:\/\/www.rassegnastampa-totustuus.it\/cattolica\/metz-yeghern-il-grande-male-quarta-parte\/"},"author":{"name":"Redazione","@id":"https:\/\/www.rassegnastampa-totustuus.it\/cattolica\/#\/schema\/person\/08f319d2bd1a0904ad9e2bfb7b15e5c3"},"headline":"Metz Yeghern, il Grande Male (quarta parte)","datePublished":"2005-11-03T17:13:18+00:00","dateModified":"2019-07-05T06:47:28+00:00","mainEntityOfPage":{"@id":"https:\/\/www.rassegnastampa-totustuus.it\/cattolica\/metz-yeghern-il-grande-male-quarta-parte\/"},"wordCount":2678,"publisher":{"@id":"https:\/\/www.rassegnastampa-totustuus.it\/cattolica\/#organization"},"image":{"@id":"https:\/\/www.rassegnastampa-totustuus.it\/cattolica\/metz-yeghern-il-grande-male-quarta-parte\/#primaryimage"},"thumbnailUrl":"https:\/\/www.rassegnastampa-totustuus.it\/cattolica\/wp-content\/uploads\/2005\/11\/metz-yeghern.jpg","keywords":["genocidio armeno","persecuzioni","Turchia"],"articleSection":["Cristiani nell'islam","Cristiani perseguitati","Genocidio armeno","Storia"],"inLanguage":"it-IT"},{"@type":"WebPage","@id":"https:\/\/www.rassegnastampa-totustuus.it\/cattolica\/metz-yeghern-il-grande-male-quarta-parte\/","url":"https:\/\/www.rassegnastampa-totustuus.it\/cattolica\/metz-yeghern-il-grande-male-quarta-parte\/","name":"Metz Yeghern, il Grande Male (quarta parte) - Rassegna Stampa Cattolica","isPartOf":{"@id":"https:\/\/www.rassegnastampa-totustuus.it\/cattolica\/#website"},"primaryImageOfPage":{"@id":"https:\/\/www.rassegnastampa-totustuus.it\/cattolica\/metz-yeghern-il-grande-male-quarta-parte\/#primaryimage"},"image":{"@id":"https:\/\/www.rassegnastampa-totustuus.it\/cattolica\/metz-yeghern-il-grande-male-quarta-parte\/#primaryimage"},"thumbnailUrl":"https:\/\/www.rassegnastampa-totustuus.it\/cattolica\/wp-content\/uploads\/2005\/11\/metz-yeghern.jpg","datePublished":"2005-11-03T17:13:18+00:00","dateModified":"2019-07-05T06:47:28+00:00","description":"Rassegna Stampa Cattolica - Per una cultura che nasce dalla Rivelazione cristiana in conformit\u00e0 alla tradizione e al Magistero della Chiesa in opposizione ad ogni relativismo e totalitarismo","breadcrumb":{"@id":"https:\/\/www.rassegnastampa-totustuus.it\/cattolica\/metz-yeghern-il-grande-male-quarta-parte\/#breadcrumb"},"inLanguage":"it-IT","potentialAction":[{"@type":"ReadAction","target":["https:\/\/www.rassegnastampa-totustuus.it\/cattolica\/metz-yeghern-il-grande-male-quarta-parte\/"]}]},{"@type":"ImageObject","inLanguage":"it-IT","@id":"https:\/\/www.rassegnastampa-totustuus.it\/cattolica\/metz-yeghern-il-grande-male-quarta-parte\/#primaryimage","url":"https:\/\/www.rassegnastampa-totustuus.it\/cattolica\/wp-content\/uploads\/2005\/11\/metz-yeghern.jpg","contentUrl":"https:\/\/www.rassegnastampa-totustuus.it\/cattolica\/wp-content\/uploads\/2005\/11\/metz-yeghern.jpg","width":275,"height":183},{"@type":"BreadcrumbList","@id":"https:\/\/www.rassegnastampa-totustuus.it\/cattolica\/metz-yeghern-il-grande-male-quarta-parte\/#breadcrumb","itemListElement":[{"@type":"ListItem","position":1,"name":"Home","item":"https:\/\/www.rassegnastampa-totustuus.it\/cattolica\/"},{"@type":"ListItem","position":2,"name":"Metz Yeghern, il Grande Male (quarta parte)"}]},{"@type":"WebSite","@id":"https:\/\/www.rassegnastampa-totustuus.it\/cattolica\/#website","url":"https:\/\/www.rassegnastampa-totustuus.it\/cattolica\/","name":"Rassegna Stampa Cattolica","description":"Per una cultura che nasce dalla Rivelazione cristiana in conformit\u00e0 alla tradizione e al Magistero della Chiesa in opposizione ad ogni relativismo e totalitarismo","publisher":{"@id":"https:\/\/www.rassegnastampa-totustuus.it\/cattolica\/#organization"},"alternateName":"Rass. Cattolica","potentialAction":[{"@type":"SearchAction","target":{"@type":"EntryPoint","urlTemplate":"https:\/\/www.rassegnastampa-totustuus.it\/cattolica\/?s={search_term_string}"},"query-input":{"@type":"PropertyValueSpecification","valueRequired":true,"valueName":"search_term_string"}}],"inLanguage":"it-IT"},{"@type":"Organization","@id":"https:\/\/www.rassegnastampa-totustuus.it\/cattolica\/#organization","name":"Rassegna Stampa Cattolica","url":"https:\/\/www.rassegnastampa-totustuus.it\/cattolica\/","logo":{"@type":"ImageObject","inLanguage":"it-IT","@id":"https:\/\/www.rassegnastampa-totustuus.it\/cattolica\/#\/schema\/logo\/image\/","url":"https:\/\/www.rassegnastampa-totustuus.it\/cattolica\/wp-content\/uploads\/2014\/04\/logo-rassegna1.gif","contentUrl":"https:\/\/www.rassegnastampa-totustuus.it\/cattolica\/wp-content\/uploads\/2014\/04\/logo-rassegna1.gif","width":600,"height":163,"caption":"Rassegna Stampa Cattolica"},"image":{"@id":"https:\/\/www.rassegnastampa-totustuus.it\/cattolica\/#\/schema\/logo\/image\/"},"sameAs":["https:\/\/www.facebook.com\/rassegnastampacattolica","https:\/\/x.com\/rassegnastampa9"]},{"@type":"Person","@id":"https:\/\/www.rassegnastampa-totustuus.it\/cattolica\/#\/schema\/person\/08f319d2bd1a0904ad9e2bfb7b15e5c3","name":"Redazione","image":{"@type":"ImageObject","inLanguage":"it-IT","@id":"https:\/\/secure.gravatar.com\/avatar\/2fcdf27c78ea025fbdb44e914cc63c72249ffec9dc8aafd5c82b26240ef3f346?s=96&d=mm&r=g","url":"https:\/\/secure.gravatar.com\/avatar\/2fcdf27c78ea025fbdb44e914cc63c72249ffec9dc8aafd5c82b26240ef3f346?s=96&d=mm&r=g","contentUrl":"https:\/\/secure.gravatar.com\/avatar\/2fcdf27c78ea025fbdb44e914cc63c72249ffec9dc8aafd5c82b26240ef3f346?s=96&d=mm&r=g","caption":"Redazione"},"url":"https:\/\/www.rassegnastampa-totustuus.it\/cattolica\/author\/pietroelle\/"}]}},"_links":{"self":[{"href":"https:\/\/www.rassegnastampa-totustuus.it\/cattolica\/wp-json\/wp\/v2\/posts\/1654","targetHints":{"allow":["GET"]}}],"collection":[{"href":"https:\/\/www.rassegnastampa-totustuus.it\/cattolica\/wp-json\/wp\/v2\/posts"}],"about":[{"href":"https:\/\/www.rassegnastampa-totustuus.it\/cattolica\/wp-json\/wp\/v2\/types\/post"}],"author":[{"embeddable":true,"href":"https:\/\/www.rassegnastampa-totustuus.it\/cattolica\/wp-json\/wp\/v2\/users\/6"}],"replies":[{"embeddable":true,"href":"https:\/\/www.rassegnastampa-totustuus.it\/cattolica\/wp-json\/wp\/v2\/comments?post=1654"}],"version-history":[{"count":2,"href":"https:\/\/www.rassegnastampa-totustuus.it\/cattolica\/wp-json\/wp\/v2\/posts\/1654\/revisions"}],"predecessor-version":[{"id":43503,"href":"https:\/\/www.rassegnastampa-totustuus.it\/cattolica\/wp-json\/wp\/v2\/posts\/1654\/revisions\/43503"}],"wp:featuredmedia":[{"embeddable":true,"href":"https:\/\/www.rassegnastampa-totustuus.it\/cattolica\/wp-json\/wp\/v2\/media\/14403"}],"wp:attachment":[{"href":"https:\/\/www.rassegnastampa-totustuus.it\/cattolica\/wp-json\/wp\/v2\/media?parent=1654"}],"wp:term":[{"taxonomy":"category","embeddable":true,"href":"https:\/\/www.rassegnastampa-totustuus.it\/cattolica\/wp-json\/wp\/v2\/categories?post=1654"},{"taxonomy":"post_tag","embeddable":true,"href":"https:\/\/www.rassegnastampa-totustuus.it\/cattolica\/wp-json\/wp\/v2\/tags?post=1654"}],"curies":[{"name":"wp","href":"https:\/\/api.w.org\/{rel}","templated":true}]}}