{"id":1640,"date":"2005-10-28T11:09:24","date_gmt":"2005-10-28T09:09:24","guid":{"rendered":""},"modified":"2016-03-22T15:20:14","modified_gmt":"2016-03-22T14:20:14","slug":"una-chiave-di-lettura-dellateismo-delleuropa-note","status":"publish","type":"post","link":"https:\/\/www.rassegnastampa-totustuus.it\/cattolica\/una-chiave-di-lettura-dellateismo-delleuropa-note\/","title":{"rendered":"Una chiave di lettura dell&#8217;ateismo dell&#8217;Europa (Note)"},"content":{"rendered":"<div style=\"text-align: center;\">Pubblicato su <strong>Nuova Umanit\u00e0<\/strong> n.161 settembre-ottobre 2005<\/div>\n<p style=\"text-align: justify;\"><em>Una riflessione dopo la lettura del libro di Andre Glucksmann, <\/em>La troisi\u00e8-me mori de Dieu<em> (Paris 2004) sulla deriva ateistica e sulle radici del nichilismo in Europa<\/em><\/p>\n<p style=\"text-align: center;\">di <strong>Giuseppe Maria Zanghi<\/strong><\/p>\n<p style=\"text-align: center;\"><strong>NOTE<\/strong><\/p>\n<p><!--more--><\/p>\n<div style=\"text-align: justify;\"><strong>1)<\/strong> C&#8217;\u00e8 un grande positivo della cultura contemporanea, forte e autentico. Riportiamo le parole con cui lo esprimeva, sinteticamente, Giovanni Paolo II parlando a Bruxelles alle massime istituzioni della Comunit\u00e0 Europea (21 maggio 1985): \u00abGli ultimi secoli che hanno modellato l&#8217;Europa contemporanea sono segnali da un&#8217;intensa espansione dell&#8217;attivit\u00e0 umana: si assiste a un rapido sviluppo delle scienze e delle tecniche. Contemporaneamente, la riflessione dell&#8217;uomo su se stesso esplora la ricchezza della persona e le basi della vita sociale. \u00c8 il tempo in cui i filosofi tracciano nuove vie per l&#8217;attivit\u00e0 razionale. \u00c8 il tempo in cui grandi giuristi riprendono i fondamenti del diritto. I valori della libert\u00e0 e della uguaglianza sono riconosciuti come i primi diritti dell&#8217;uomo. Tutto questo conduce a nuove visioni del mondo, alle rivoluzioni industriali, a profondi cambiamenti nelle strutture sociali\u00bb. Ma questo sfondo positivo non fa dimenticare a Giovanni Paolo n le ombre dense che gravano sulla cultura dell&#8217;Occidente: &#8220;Tuttavia, la crescita delle ricchezze di ogni tipo porta con s\u00e9 ben poco progresso nell&#8217;equit\u00e0. Si accusano particolarismi nazionali, le lotte per la preponderanza segnano la storia delle potenze. Nel corso di questi periodi una certa ebbrezza coglie l&#8217;uomo cosciente delle sue capacit\u00e0 di progresso. L&#8217;ottimismo razionalista che gli ispirano le sue conquiste lo conduce alla negazione di ogni ideale trascendente che sfugga alla padronanza del proprio genio. Diverse correnti di pensiero, filosofiche e ideologiche, screditano l&#8217;adesione a una fede conducono a un sospetto su Dio che rimbalza sull&#8217;uomo stesso, privandolo di una piena coscienza delle ragioni di vivere. Si cerca di erigere in assoluto la potenza dell&#8217;uomo o il dinamismo della sua storia, ma la conseguenza che ne deriva \u00e8 l&#8217;emergere di ideologie e di sistemi politici che ostacolano la libert\u00e0 dell&#8217;uomo e diminuiscono la sua generosit\u00e0. La negazione pratica di molti valori spirituali induce l&#8217;uomo a volere ad ogni costo la soddisfazione della sua affettivit\u00e0 e a misconoscere i fondamenti dell&#8217;etica. Egli chiede la libert\u00e0 e frigge le responsabilit\u00e0; aspira all&#8217;opulenza e non giunge a cancellare la povert\u00e0 a lui vicina; professa l&#8217;uguaglianza di tutti e cede troppo spesso all&#8217;intolleranza razziale. Malgrado tutto quello che rivendica per se stesso, e tutto quello che in effetti gli \u00e8 accessibile, l&#8217;uomo contemporaneo \u00e8 tentato dal dubbio sul senso della vita, dall&#8217;angoscia e dal nichilismo\u00bb.<\/div>\n<p style=\"text-align: justify;\"><strong>2) <\/strong>Cf. <em>L\u2019Osservatore Romano<\/em>, 7 ottobre 1982<\/p>\n<p style=\"text-align: justify;\"><strong>3)<\/strong> La storia culturale dell&#8217;Occidente europeo cristiano non \u00e8 stata quella dell&#8217;Oriente europeo cristiano, che ha avuto un suo diverso cammino. Se esso ha meglio custodito tesori preziosi della cultura cristiana (primo fra tutti quello della spiritualit\u00e0 del pensare e dell&#8217;apofatismo dei concetti), dall&#8217;altra, per vari motivi, si \u00e8 in certo modo &#8220;immobilizzato&#8221; in forme date come da non superarsi. Ricordiamo d&#8217;altronde che la deriva nichilista, anche se importata dall\u2019Occidente europeo, non \u00e8 stata affatto sconosciuta all&#8217;Oriente cristiano e in esso ha trovato terreno. 1 Demoni di Dostoevskij ne sono testimonianza insuperabile. Mi sembra di poter dire, oggi, proprio dopo l&#8217;infezione nichilista e la tragedia marxista, che i due &#8220;cristianesimi&#8221; europei siano pi\u00f9 vicini, e possano contribuire, in una unit\u00e0 ritrovata, alla elaborazione di una cultura cristiana nuova.<\/p>\n<p style=\"text-align: justify;\"><strong>4)<\/strong> Senza dimenticare per\u00f2 le increspature d\u2019ansia e il rigetto di alcuni grandi solitari (per tutti: Leopardi), o di corifei\u00a0 stessi del positivismo ma con una loro nascosta inquietudine (un esempio, non grandissimo ma efficace: J.Verne)<\/p>\n<p style=\"text-align: justify;\"><strong>5)<\/strong> II Nulla di tanti spirituali pre-cristiani o non cristiani, era, \u00e8, l&#8217;eccesso di Luce che acceca il cercatore di essa, fino a quando la Luce stessa non assuma l&#8217;incapacit\u00e0 di vedete dell&#8217;uomo e lo conduca alla visione. Si pensi alla suggestione plotiniana dell&#8217;occhio spalancalo sul sole che deve apparire. Il Nulla che il nichilismo partorisce nel Sacro di cui parliamo \u00e8 invece ci\u00f2 che resta nella frammentazione estrema della razionalit\u00e0 affermata come unica conoscenza dell&#8217;uomo: ira i frammenti della ragione emerge Nulla come &#8220;verit\u00e0&#8221; della ragione: non nel senso d\u00ec rivelazione dei limiti di essa per il loro superamento, ma nel senso di dichiarazione che dietro la ragione c&#8217;\u00e8 Nulla! Assoluta e inconsolata immanenza! E questo Nulla si da come l&#8217;unico Pensiero. Notava assai bene e dolorosamente Mario Luzi: \u00abChi \u00e8 consapevole, chi \u00e8 inconscio? \/ Nessuno da questa riposta. \/ Nessuno sa niente. \/ O un pensiero pensa per tutti \/ e tutto \u00e8 quel pensiero \/ diffuso e onnipresente \/ muto \/ non fosse qualche canto d&#8217;amore che si leva \/ di tanto in tanto?&#8230;\u00bb. Per questo, s\u00ec pensi, come un esempio, all&#8217;opera di Adorno, in particolare alla Dialettica negativa. E, ancora, alle ripercussioni che l&#8217;opera di Foucault ha avuto sul e nel pensiero tecnologico.&#8221;<\/p>\n<p style=\"text-align: justify;\"><strong>6)<\/strong> \u00abL&#8217;Osservatore Romano\u00bb, 6 novembre 1982.<\/p>\n<p style=\"text-align: justify;\"><strong>7)<\/strong> Diciamo: anche. Perch\u00e9 le cause della deriva della cultura contemporanea sono molteplici e complesse. N\u00e9 dobbiamo dimenticare quello che la Scrittura chiama il \u00abmistero dell\u2019iniquit\u00e0\u00bb (2 Ts 2, 7), che \u00e8 all&#8217;opera nel mondo (cf. 1 Gv 2,18), tanto pi\u00f9 terribilmente quanto pi\u00f9 s&#8217;avvicina il momento della sua fine definitiva (cf Ap 12).<\/p>\n<p style=\"text-align: justify;\"><strong>8)<\/strong> Bruno Forte parla di \u00abesilio della Trinit\u00e0\u00bb, \u00abII Dio dei cristiani &#8211; si domanda &#8211; \u00e8 un Dio cristiano? (&#8230;) Non \u00e8 esagerato affermate che siamo messi davanti ad un esilio della Trinit\u00e0 dalla teoria e dalla prassi dei cristiani. \u00c8 forse per\u00f2 proprio questo esilio che fa sperimentare la nostalgia e motiva la bellezza di un ritrovamento della &#8220;patria trinitaria&#8221; nella teologia e nella vita\u00bb (<em>Trinit\u00e0 come storia<\/em>. Milano 1985, pp. 13-14). Cf., per tutto questo, Piero Coda, <em>Evento pasquale. Trinit\u00e0 e storia<\/em>. Roma 1984; e soprattutto il pi\u00f9 recente <em>Il Logos e il Nulla<\/em>, Roma 2003.<\/p>\n<p style=\"text-align: justify;\"><strong>9)<\/strong> J Maritain, <em>Scienza e saggezza<\/em>, vers. It, Torino 1964, p.73.<\/p>\n<p style=\"text-align: justify;\"><strong>10)<\/strong> Il sentiero aperto in maniera aurorale da Tommaso d\u2019Aquino \u00e8 stato ato quasi non battuto.<\/p>\n<p style=\"text-align: justify;\"><strong>11)<\/strong> \u00c8 su questa base, penso, che si pu\u00f2 dialogare, per un esempio, con il pensiero di Jaspers e soprattutto di Heidegger. L&#8217;Essere, che quest&#8217;ultimo dice &#8220;per cenni oracolari&#8221;, pu\u00f2 certamente richiamare quel Sacro anonimo di cui abbiamo parlato; ma potrebbe anche rimandare alla Divinit\u00e0 in s\u00e9 anipostatica <em>che per\u00f2 \u00e8 solo e tutta Tre Ipostasi<\/em>. Non <em>una<\/em> sola Ipostasi (l\u2019Ente sommo), ma Tre Ipostasi, che nel loro inessere reciproco, nel loro \u201cNon\u201d relativo, fanno \u201capparire\u201d la Divinit\u00e0<\/p>\n<p style=\"text-align: justify;\"><strong>12)<\/strong> II grande compito della teologia \u00e8 quello di assumere le categorie del pensiero ricevute dalle culture evangelizzale e, <em>aprendole al Cristo nello Spirito<\/em>, farle espressione della Novit\u00e0 Rivelata, fin dove \u00e8 possibile. Un compito atduo, e non del tutto riuscito. Scriveva un grande teologo russo, Sergej Bulgakov: \u00abII dogma della Santissima Trinit\u00e0 si present\u00f2 a! pensiero teologico come un problema speculativo, eccessivamente difficile; sorpassava tutte le acquisizioni che filosofie e religioni, e la problematica stessa del mondo antico avevano raggiunto fino ad allora. (&#8230;). Nello stesso tempo, era impossibile fare a meno di questa stessa filosofia pagana, che rappresentava una scuola filosofica indispensabile e insostituibile per la teologia cristiana; era quasi un suo naturale antico testamento. (&#8230;) La filosofia fu in certo qual modo un <em>destino<\/em> per la teologia cristiana; impossibile non vedere in questo fatto una predeterminazione ed una preelezione voluta dall&#8217;alto. Si pu\u00f2 dire che, se generalmente la filosofia costituisce una cultura intellettuale indispensabile per la teologia, la filosofia antica, proprio da questo punto di vista, si trovava in posizione unica e privilegiala. (&#8230;) (Abbiamo) una trasformazione del pensiero pagano in pensiero cristiano; una nuova creazione, perch\u00e9 tale \u00e8 in effetti la teologia cristiana, considerata alla luce della storia della filosofia. Ma questa trasformazione non sembra raggiunta in modo uniforme (&#8230;). In un certo senso, \u00e8 veramente possibile parlare di ellenizzazione della teologia cristiana, di una eccessiva influenza e di una illegittima penetrazione di elementi estranei\u00bb. Occorreva riportare una \u00abvittoria spirituale sull&#8217;oppositore, anche se valido, ottenere la sua conversione definitiva al cristianesimo (&#8230;). Questa vittoria, tuttavia, pu\u00f2 essere ottenuta soltanto nella <em>lotta <\/em>ardua e pericolosa; non \u00e8 immediata n\u00e9 facile. E cosi costatiamo non soltanto la vittoria, ma la disfatta (&#8230;). La filosofia pagana talvolta penetra realmente nella teologia cristiana senza fondersi con essa\u00bb (<em>Il Paraclito<\/em>, trad, it., Bologna 1971, pp. 83-85), Analogamente, e con una sensibilit\u00e0 pi\u00f9 moderna, si esprime Hans Urs von Balthasar, in riferimento a \u00abl&#8217;espressione filosofica raggiunta dai grandi carismi dei fondatori nella storia spirituale della cultura. Solo raramente i carismi si sono riflessi in purezza nella filosofia e dunque solo raramente la trascendenza filosofica \u00e8 stata una iniziazione autentica all&#8217;incontro con la gloria di Dio. Non ultima ragione fu che la dimensione della intersoggetrivit\u00e0, in cui si fonda l&#8217;erica del Vangelo, non poteva trovare nel pensiero antico classico una fondazione filosofica sufficiente e non \u00e8 riuscita a farsi tema davvero capitale della filosofia cristiana. \u00c8 avvenuto cos\u00ec che la teologia agostiniana della <em>caritas <\/em>\u00a0avesse quale sottofondo concettuale una metafisica in gran pane neoplatonica, dunque non dialogica, alla quale anche la teologia benedettina della <em>caritas<\/em> si rivolge come a ritroso (in Bernardo e la sua scuola), mentre lo specifico francescano delle origini trova in Bonaventura pure un\u2019interpretazione a ritroso in Agostino e in Dionigi, il carisma domenicano (arduo da afferrare) la trova inoltre in Aristotele e presso Eckharc in Parmenide, lo specifico originario ignaziano presso Suarez si ripiega all&#8217;indietro verso Scoto, cosicch\u00e9 la sua filosof\u00eca manca di intima unit\u00e0 con i commentali degli <em>Esercizi<\/em>. In tal modo si osserva che il pensiero, nel suo sviluppo storico, non assorbe le ispirazioni di tempra cristiana, non cerca di camminare pari passo con esse, ma ricuce per esse un vestito di fortuna dall&#8217;enorme magazzino speculativo gi\u00e0 esistente\u00bb (Gloria, vol. V, trad. it., Milano 1978, p. 31). Come conclusione riportiamo la domanda che si pone uno dei pi\u00f9 acuii teologi protestanti, Jurgen Moltmann: \u00abLa dottrina cristiana di Dio \u00e8 caratterizzata dal fatto che, per amore del Cristo, essa parla e deve parlare del Dio trinitario. La dottrina trinitaria \u00e8 lo <em>specifico cristiano<\/em> nel concetto di Dio. Ha essa potuto affermarsi nei confronti del monoteismo metaf\u00ecsico, di quello politico, di quello patriarcale e di quello psicologico o ne \u00e8 stata soggiogata?\u00bb (Sulla Trinit\u00e0, Napoli 1982, p. 21).<\/p>\n<p style=\"text-align: justify;\"><strong>13) <\/strong>In fondo, i grandi spirituali di tutte le grandi religioni hanno sempre custodito nella loro vita e nel loro pensiero il <em>non-<\/em>essere come chiave della verit\u00e0. Per l&#8217;Islam scriveva Rami: \u00abL&#8217;Opera ha tessuto un velo attorno all&#8217;Operaio e tu non puoi vederlo fuorch\u00e9 nell&#8217;Opera e per l&#8217;Opera; e poich\u00e9 l&#8217;Officina \u00e8 il luogo dove abita l&#8217;Operaio, colui che ne \u00e8 fuori \u00e8 di Lui ignaro. Vai dunque all&#8217;Officina, cio\u00e8 al Nulla\u00bb (Poesie mistiche, Milano 1980, p. 12). Ma per concludere; \u00abSe ti fai Nulla, sarai trasformato in Essere puro\u00bb (ibid., p.146). E il &#8220;neti neti&#8221; (nulla nulla) dell&#8217;induismo \u00e8 sulla stessa linea: fino al punto di negare teoreticamente consistenza d&#8217;essere al mondo (cf. la dottrina ind\u00f9 dell\u2019<em>Advaita<\/em>). Questo non-essere gelosamente custodito, ha salvato, a mio avviso, quelle culture proprio dalla deriva nichilista, che nasce quando il non-essere \u00e8 percepito dal pensiero nella sua finitezza come &#8220;opposto&#8221; all&#8217;essere e non come la piaga aperta nella &#8220;compattezza&#8221; dell&#8217;essere dalla persona, piaga che lo rivela amore. Se il cristianesimo non si pu\u00f2 porre sulla stessa linea di quelle teorizzazioni &#8211; il &#8220;nada, nada&#8221; della <em>Salita del Monte Carmelo<\/em> di san Giovanni della Croce \u00e8 un momento che si apre nei bagliori luminosi della <em>Fiamma viva d&#8217;amore<\/em> e del <em>Cantico spirituale<\/em> -, \u00e8 perch\u00e9 la kenosi del Verbo di Dio culmina non nella tenebra del non-dicibile, in un non-essere al di l\u00e0 dell&#8217;essere, ma in un non-essere che \u00e8 la rivelazione dell&#8217;essere-come-amore: \u00e8 la gloria della risurrezione, dove la parola dell&#8217;uomo e la vita dell&#8217;uomo sono condotte ad &#8220;essere&#8221; (ma sempre nella distinzione) Parola di Dio e Vita di Dio aperta in Trinit\u00e0. Il non-essere resta, dunque, nel cristianesimo, ma rivelato adesso nel suo vero senso. E questo \u00e8 indisgiungibile dalla rivelazione dell&#8217;Essere Assoluto come Trinit\u00e0. Se questo non passa nell&#8217;uomo, l&#8217;uomo si appro-pria dell&#8217;essere suo, che gli era stato donato nella creazione, ma, non accettandolo nella sua finitezza n\u00e9 tantomeno ascoltandolo nella sua confessione di indigenza (= non-essere) di fronte all&#8217;oceano dell&#8217;infinito, lo chiude alla Croce del Cristo, che glielo &#8220;spiega&#8221; e glielo ridona nello splendore della Verit\u00e0. Allora espelle da s\u00e9 il non-essere come alieno. Essendo ci\u00f2, per\u00f2, non-verit\u00e0, l&#8217;uomo carica la sua vita di non-verit\u00e0. Il nichilismo entra nell&#8217;orizzonte della cultura.<\/p>\n<p style=\"text-align: justify;\"><strong>14) <\/strong>Il magnifico &#8220;sogno&#8221; trinitario di san Sergio di Radonez attende ancora la sua realizzazione!<\/p>\n<p style=\"text-align: justify;\"><strong>15) <\/strong>Cos\u00ec scriveva Kant: \u00abDalla dottrina della Trinit\u00e0, presa alla lettera, noti \u00e8 assolutamente possibile trarre nulla per la pratica, anche se si credesse di comprenderla, tanto meno poi se ci si accorge che essa supera ogni nostro concetto\u00bb (<em>Il conflitto delle falsit\u00e0<\/em>, trad. il,, Genova 1953, p. 47).<\/p>\n<p style=\"text-align: justify;\"><strong>16) <\/strong>Non voglio dimenticare le altre grandi culture dell&#8217;oggi, che inevitabilmente dovranno sempre pi\u00f9 da vicino dialogare con l&#8217;evangelo cristiano, con le &#8220;notti oscure&#8221; &#8211; e l&#8217;Europa lo vive nella sua carne &#8211; che ci\u00f2 comporta (per l&#8217;induismo lo aveva ben compreso J. Monchanin; e la cultura cristiana che conosciamo dovr\u00e0 a sua volta aprirsi, a contatto intimo con quelle culture, a delle trasformazioni-compimenti cui non potr\u00e0 sottrarsi. &#8216;<\/p>\n<p style=\"text-align: justify;\"><strong>17) <\/strong>Vogliamo dire che \u00e8 in una dimensione pi\u00f9 profonda di quella delle culture &#8220;ufficiali&#8221; che si annuncia e realizza l&#8217;inizio di una uscita dalla Notte: nella dimensione, cio\u00e8, ove agisce lo Spirito Santo, lo Spirito del Risorto, con i suoi carismi, antichi e nuovi. \u00c8 da qui che inizia il cammino per giungere a una nuova cultura espressa.<strong><strong><a href=\"http:\/\/www.rassegnastampa.totustuus.it\/modules.php?name=News&amp;file=article&amp;sid=1639\">\u00a0<\/a><\/strong><\/strong><\/p>\n<p style=\"text-align: center;\"><a href=\"https:\/\/www.rassegnastampa-totustuus.it\/cattolica\/?p=1639\"><strong>torna al testo<\/strong><\/a><\/p>\n","protected":false},"excerpt":{"rendered":"<p>Pubblicato su Nuova Umanit\u00e0 n.161 settembre-ottobre 2005 Una riflessione dopo la lettura del libro di Andre Glucksmann, La troisi\u00e8-me mori de Dieu (Paris 2004) sulla deriva ateistica e sulle radici del nichilismo in Europa di Giuseppe Maria Zanghi NOTE<\/p><p><a class=\"more-link btn\" href=\"https:\/\/www.rassegnastampa-totustuus.it\/cattolica\/una-chiave-di-lettura-dellateismo-delleuropa-note\/\">Continua a leggere<\/a><\/p>\n","protected":false},"author":6,"featured_media":32015,"comment_status":"closed","ping_status":"open","sticky":false,"template":"","format":"standard","meta":{"footnotes":""},"categories":[14,103],"tags":[1107,280],"class_list":["post-1640","post","type-post","status-publish","format-standard","has-post-thumbnail","hentry","category-europa-e-ue","category-laicismo","tag-ateismo","tag-nichilismo","item-wrap"],"yoast_head":"<!-- This site is optimized with the Yoast SEO plugin v27.5 - https:\/\/yoast.com\/product\/yoast-seo-wordpress\/ -->\n<title>Una chiave di lettura dell&#039;ateismo dell&#039;Europa (Note) - Rassegna Stampa Cattolica<\/title>\n<meta name=\"description\" content=\"Rassegna Stampa Cattolica - Per una cultura che nasce dalla Rivelazione cristiana in conformit\u00e0 alla tradizione e al Magistero della Chiesa in opposizione ad ogni relativismo e totalitarismo\" \/>\n<meta name=\"robots\" content=\"index, follow, max-snippet:-1, max-image-preview:large, max-video-preview:-1\" \/>\n<link rel=\"canonical\" href=\"https:\/\/www.rassegnastampa-totustuus.it\/cattolica\/una-chiave-di-lettura-dellateismo-delleuropa-note\/\" \/>\n<meta property=\"og:locale\" content=\"it_IT\" \/>\n<meta property=\"og:type\" content=\"article\" \/>\n<meta property=\"og:title\" content=\"Una chiave di lettura dell&#039;ateismo dell&#039;Europa (Note) - Rassegna Stampa Cattolica\" \/>\n<meta property=\"og:description\" content=\"Rassegna Stampa Cattolica - Per una cultura che nasce dalla Rivelazione cristiana in conformit\u00e0 alla tradizione e al Magistero della Chiesa in opposizione ad ogni relativismo e totalitarismo\" \/>\n<meta property=\"og:url\" content=\"https:\/\/www.rassegnastampa-totustuus.it\/cattolica\/una-chiave-di-lettura-dellateismo-delleuropa-note\/\" \/>\n<meta property=\"og:site_name\" content=\"Rassegna Stampa Cattolica\" \/>\n<meta property=\"article:publisher\" content=\"https:\/\/www.facebook.com\/rassegnastampacattolica\" \/>\n<meta property=\"article:published_time\" content=\"2005-10-28T09:09:24+00:00\" \/>\n<meta property=\"article:modified_time\" content=\"2016-03-22T14:20:14+00:00\" \/>\n<meta property=\"og:image\" content=\"https:\/\/www.rassegnastampa-totustuus.it\/cattolica\/wp-content\/uploads\/2005\/10\/Andre_Glucksmann.jpg\" \/>\n\t<meta property=\"og:image:width\" content=\"275\" \/>\n\t<meta property=\"og:image:height\" content=\"183\" \/>\n\t<meta property=\"og:image:type\" content=\"image\/jpeg\" \/>\n<meta name=\"author\" content=\"Redazione\" \/>\n<meta name=\"twitter:card\" content=\"summary_large_image\" \/>\n<meta name=\"twitter:creator\" content=\"@rassegnastampa9\" \/>\n<meta name=\"twitter:site\" content=\"@rassegnastampa9\" \/>\n<meta name=\"twitter:label1\" content=\"Scritto da\" \/>\n\t<meta name=\"twitter:data1\" content=\"Redazione\" \/>\n\t<meta name=\"twitter:label2\" content=\"Tempo di lettura stimato\" \/>\n\t<meta name=\"twitter:data2\" content=\"11 minuti\" \/>\n<script type=\"application\/ld+json\" class=\"yoast-schema-graph\">{\"@context\":\"https:\\\/\\\/schema.org\",\"@graph\":[{\"@type\":\"Article\",\"@id\":\"https:\\\/\\\/www.rassegnastampa-totustuus.it\\\/cattolica\\\/una-chiave-di-lettura-dellateismo-delleuropa-note\\\/#article\",\"isPartOf\":{\"@id\":\"https:\\\/\\\/www.rassegnastampa-totustuus.it\\\/cattolica\\\/una-chiave-di-lettura-dellateismo-delleuropa-note\\\/\"},\"author\":{\"name\":\"Redazione\",\"@id\":\"https:\\\/\\\/www.rassegnastampa-totustuus.it\\\/cattolica\\\/#\\\/schema\\\/person\\\/08f319d2bd1a0904ad9e2bfb7b15e5c3\"},\"headline\":\"Una chiave di lettura dell&#8217;ateismo dell&#8217;Europa (Note)\",\"datePublished\":\"2005-10-28T09:09:24+00:00\",\"dateModified\":\"2016-03-22T14:20:14+00:00\",\"mainEntityOfPage\":{\"@id\":\"https:\\\/\\\/www.rassegnastampa-totustuus.it\\\/cattolica\\\/una-chiave-di-lettura-dellateismo-delleuropa-note\\\/\"},\"wordCount\":2249,\"publisher\":{\"@id\":\"https:\\\/\\\/www.rassegnastampa-totustuus.it\\\/cattolica\\\/#organization\"},\"image\":{\"@id\":\"https:\\\/\\\/www.rassegnastampa-totustuus.it\\\/cattolica\\\/una-chiave-di-lettura-dellateismo-delleuropa-note\\\/#primaryimage\"},\"thumbnailUrl\":\"https:\\\/\\\/www.rassegnastampa-totustuus.it\\\/cattolica\\\/wp-content\\\/uploads\\\/2005\\\/10\\\/Andre_Glucksmann.jpg\",\"keywords\":[\"ateismo\",\"nichilismo\"],\"articleSection\":[\"Europa e UE\",\"Laicismo\"],\"inLanguage\":\"it-IT\"},{\"@type\":\"WebPage\",\"@id\":\"https:\\\/\\\/www.rassegnastampa-totustuus.it\\\/cattolica\\\/una-chiave-di-lettura-dellateismo-delleuropa-note\\\/\",\"url\":\"https:\\\/\\\/www.rassegnastampa-totustuus.it\\\/cattolica\\\/una-chiave-di-lettura-dellateismo-delleuropa-note\\\/\",\"name\":\"Una chiave di lettura dell'ateismo dell'Europa (Note) - Rassegna Stampa Cattolica\",\"isPartOf\":{\"@id\":\"https:\\\/\\\/www.rassegnastampa-totustuus.it\\\/cattolica\\\/#website\"},\"primaryImageOfPage\":{\"@id\":\"https:\\\/\\\/www.rassegnastampa-totustuus.it\\\/cattolica\\\/una-chiave-di-lettura-dellateismo-delleuropa-note\\\/#primaryimage\"},\"image\":{\"@id\":\"https:\\\/\\\/www.rassegnastampa-totustuus.it\\\/cattolica\\\/una-chiave-di-lettura-dellateismo-delleuropa-note\\\/#primaryimage\"},\"thumbnailUrl\":\"https:\\\/\\\/www.rassegnastampa-totustuus.it\\\/cattolica\\\/wp-content\\\/uploads\\\/2005\\\/10\\\/Andre_Glucksmann.jpg\",\"datePublished\":\"2005-10-28T09:09:24+00:00\",\"dateModified\":\"2016-03-22T14:20:14+00:00\",\"description\":\"Rassegna Stampa Cattolica - Per una cultura che nasce dalla Rivelazione cristiana in conformit\u00e0 alla tradizione e al Magistero della Chiesa in opposizione ad ogni relativismo e totalitarismo\",\"breadcrumb\":{\"@id\":\"https:\\\/\\\/www.rassegnastampa-totustuus.it\\\/cattolica\\\/una-chiave-di-lettura-dellateismo-delleuropa-note\\\/#breadcrumb\"},\"inLanguage\":\"it-IT\",\"potentialAction\":[{\"@type\":\"ReadAction\",\"target\":[\"https:\\\/\\\/www.rassegnastampa-totustuus.it\\\/cattolica\\\/una-chiave-di-lettura-dellateismo-delleuropa-note\\\/\"]}]},{\"@type\":\"ImageObject\",\"inLanguage\":\"it-IT\",\"@id\":\"https:\\\/\\\/www.rassegnastampa-totustuus.it\\\/cattolica\\\/una-chiave-di-lettura-dellateismo-delleuropa-note\\\/#primaryimage\",\"url\":\"https:\\\/\\\/www.rassegnastampa-totustuus.it\\\/cattolica\\\/wp-content\\\/uploads\\\/2005\\\/10\\\/Andre_Glucksmann.jpg\",\"contentUrl\":\"https:\\\/\\\/www.rassegnastampa-totustuus.it\\\/cattolica\\\/wp-content\\\/uploads\\\/2005\\\/10\\\/Andre_Glucksmann.jpg\",\"width\":275,\"height\":183},{\"@type\":\"BreadcrumbList\",\"@id\":\"https:\\\/\\\/www.rassegnastampa-totustuus.it\\\/cattolica\\\/una-chiave-di-lettura-dellateismo-delleuropa-note\\\/#breadcrumb\",\"itemListElement\":[{\"@type\":\"ListItem\",\"position\":1,\"name\":\"Home\",\"item\":\"https:\\\/\\\/www.rassegnastampa-totustuus.it\\\/cattolica\\\/\"},{\"@type\":\"ListItem\",\"position\":2,\"name\":\"Una chiave di lettura dell&#8217;ateismo dell&#8217;Europa (Note)\"}]},{\"@type\":\"WebSite\",\"@id\":\"https:\\\/\\\/www.rassegnastampa-totustuus.it\\\/cattolica\\\/#website\",\"url\":\"https:\\\/\\\/www.rassegnastampa-totustuus.it\\\/cattolica\\\/\",\"name\":\"Rassegna Stampa Cattolica\",\"description\":\"Per una cultura che nasce dalla Rivelazione cristiana in conformit\u00e0 alla tradizione e al Magistero della Chiesa in opposizione ad ogni relativismo e totalitarismo\",\"publisher\":{\"@id\":\"https:\\\/\\\/www.rassegnastampa-totustuus.it\\\/cattolica\\\/#organization\"},\"alternateName\":\"Rass. Cattolica\",\"potentialAction\":[{\"@type\":\"SearchAction\",\"target\":{\"@type\":\"EntryPoint\",\"urlTemplate\":\"https:\\\/\\\/www.rassegnastampa-totustuus.it\\\/cattolica\\\/?s={search_term_string}\"},\"query-input\":{\"@type\":\"PropertyValueSpecification\",\"valueRequired\":true,\"valueName\":\"search_term_string\"}}],\"inLanguage\":\"it-IT\"},{\"@type\":\"Organization\",\"@id\":\"https:\\\/\\\/www.rassegnastampa-totustuus.it\\\/cattolica\\\/#organization\",\"name\":\"Rassegna Stampa Cattolica\",\"url\":\"https:\\\/\\\/www.rassegnastampa-totustuus.it\\\/cattolica\\\/\",\"logo\":{\"@type\":\"ImageObject\",\"inLanguage\":\"it-IT\",\"@id\":\"https:\\\/\\\/www.rassegnastampa-totustuus.it\\\/cattolica\\\/#\\\/schema\\\/logo\\\/image\\\/\",\"url\":\"https:\\\/\\\/www.rassegnastampa-totustuus.it\\\/cattolica\\\/wp-content\\\/uploads\\\/2014\\\/04\\\/logo-rassegna1.gif\",\"contentUrl\":\"https:\\\/\\\/www.rassegnastampa-totustuus.it\\\/cattolica\\\/wp-content\\\/uploads\\\/2014\\\/04\\\/logo-rassegna1.gif\",\"width\":600,\"height\":163,\"caption\":\"Rassegna Stampa Cattolica\"},\"image\":{\"@id\":\"https:\\\/\\\/www.rassegnastampa-totustuus.it\\\/cattolica\\\/#\\\/schema\\\/logo\\\/image\\\/\"},\"sameAs\":[\"https:\\\/\\\/www.facebook.com\\\/rassegnastampacattolica\",\"https:\\\/\\\/x.com\\\/rassegnastampa9\"]},{\"@type\":\"Person\",\"@id\":\"https:\\\/\\\/www.rassegnastampa-totustuus.it\\\/cattolica\\\/#\\\/schema\\\/person\\\/08f319d2bd1a0904ad9e2bfb7b15e5c3\",\"name\":\"Redazione\",\"image\":{\"@type\":\"ImageObject\",\"inLanguage\":\"it-IT\",\"@id\":\"https:\\\/\\\/secure.gravatar.com\\\/avatar\\\/2fcdf27c78ea025fbdb44e914cc63c72249ffec9dc8aafd5c82b26240ef3f346?s=96&d=mm&r=g\",\"url\":\"https:\\\/\\\/secure.gravatar.com\\\/avatar\\\/2fcdf27c78ea025fbdb44e914cc63c72249ffec9dc8aafd5c82b26240ef3f346?s=96&d=mm&r=g\",\"contentUrl\":\"https:\\\/\\\/secure.gravatar.com\\\/avatar\\\/2fcdf27c78ea025fbdb44e914cc63c72249ffec9dc8aafd5c82b26240ef3f346?s=96&d=mm&r=g\",\"caption\":\"Redazione\"},\"url\":\"https:\\\/\\\/www.rassegnastampa-totustuus.it\\\/cattolica\\\/author\\\/pietroelle\\\/\"}]}<\/script>\n<!-- \/ Yoast SEO plugin. -->","yoast_head_json":{"title":"Una chiave di lettura dell'ateismo dell'Europa (Note) - Rassegna Stampa Cattolica","description":"Rassegna Stampa Cattolica - Per una cultura che nasce dalla Rivelazione cristiana in conformit\u00e0 alla tradizione e al Magistero della Chiesa in opposizione ad ogni relativismo e totalitarismo","robots":{"index":"index","follow":"follow","max-snippet":"max-snippet:-1","max-image-preview":"max-image-preview:large","max-video-preview":"max-video-preview:-1"},"canonical":"https:\/\/www.rassegnastampa-totustuus.it\/cattolica\/una-chiave-di-lettura-dellateismo-delleuropa-note\/","og_locale":"it_IT","og_type":"article","og_title":"Una chiave di lettura dell'ateismo dell'Europa (Note) - Rassegna Stampa Cattolica","og_description":"Rassegna Stampa Cattolica - Per una cultura che nasce dalla Rivelazione cristiana in conformit\u00e0 alla tradizione e al Magistero della Chiesa in opposizione ad ogni relativismo e totalitarismo","og_url":"https:\/\/www.rassegnastampa-totustuus.it\/cattolica\/una-chiave-di-lettura-dellateismo-delleuropa-note\/","og_site_name":"Rassegna Stampa Cattolica","article_publisher":"https:\/\/www.facebook.com\/rassegnastampacattolica","article_published_time":"2005-10-28T09:09:24+00:00","article_modified_time":"2016-03-22T14:20:14+00:00","og_image":[{"width":275,"height":183,"url":"https:\/\/www.rassegnastampa-totustuus.it\/cattolica\/wp-content\/uploads\/2005\/10\/Andre_Glucksmann.jpg","type":"image\/jpeg"}],"author":"Redazione","twitter_card":"summary_large_image","twitter_creator":"@rassegnastampa9","twitter_site":"@rassegnastampa9","twitter_misc":{"Scritto da":"Redazione","Tempo di lettura stimato":"11 minuti"},"schema":{"@context":"https:\/\/schema.org","@graph":[{"@type":"Article","@id":"https:\/\/www.rassegnastampa-totustuus.it\/cattolica\/una-chiave-di-lettura-dellateismo-delleuropa-note\/#article","isPartOf":{"@id":"https:\/\/www.rassegnastampa-totustuus.it\/cattolica\/una-chiave-di-lettura-dellateismo-delleuropa-note\/"},"author":{"name":"Redazione","@id":"https:\/\/www.rassegnastampa-totustuus.it\/cattolica\/#\/schema\/person\/08f319d2bd1a0904ad9e2bfb7b15e5c3"},"headline":"Una chiave di lettura dell&#8217;ateismo dell&#8217;Europa (Note)","datePublished":"2005-10-28T09:09:24+00:00","dateModified":"2016-03-22T14:20:14+00:00","mainEntityOfPage":{"@id":"https:\/\/www.rassegnastampa-totustuus.it\/cattolica\/una-chiave-di-lettura-dellateismo-delleuropa-note\/"},"wordCount":2249,"publisher":{"@id":"https:\/\/www.rassegnastampa-totustuus.it\/cattolica\/#organization"},"image":{"@id":"https:\/\/www.rassegnastampa-totustuus.it\/cattolica\/una-chiave-di-lettura-dellateismo-delleuropa-note\/#primaryimage"},"thumbnailUrl":"https:\/\/www.rassegnastampa-totustuus.it\/cattolica\/wp-content\/uploads\/2005\/10\/Andre_Glucksmann.jpg","keywords":["ateismo","nichilismo"],"articleSection":["Europa e UE","Laicismo"],"inLanguage":"it-IT"},{"@type":"WebPage","@id":"https:\/\/www.rassegnastampa-totustuus.it\/cattolica\/una-chiave-di-lettura-dellateismo-delleuropa-note\/","url":"https:\/\/www.rassegnastampa-totustuus.it\/cattolica\/una-chiave-di-lettura-dellateismo-delleuropa-note\/","name":"Una chiave di lettura dell'ateismo dell'Europa (Note) - Rassegna Stampa Cattolica","isPartOf":{"@id":"https:\/\/www.rassegnastampa-totustuus.it\/cattolica\/#website"},"primaryImageOfPage":{"@id":"https:\/\/www.rassegnastampa-totustuus.it\/cattolica\/una-chiave-di-lettura-dellateismo-delleuropa-note\/#primaryimage"},"image":{"@id":"https:\/\/www.rassegnastampa-totustuus.it\/cattolica\/una-chiave-di-lettura-dellateismo-delleuropa-note\/#primaryimage"},"thumbnailUrl":"https:\/\/www.rassegnastampa-totustuus.it\/cattolica\/wp-content\/uploads\/2005\/10\/Andre_Glucksmann.jpg","datePublished":"2005-10-28T09:09:24+00:00","dateModified":"2016-03-22T14:20:14+00:00","description":"Rassegna Stampa Cattolica - Per una cultura che nasce dalla Rivelazione cristiana in conformit\u00e0 alla tradizione e al Magistero della Chiesa in opposizione ad ogni relativismo e totalitarismo","breadcrumb":{"@id":"https:\/\/www.rassegnastampa-totustuus.it\/cattolica\/una-chiave-di-lettura-dellateismo-delleuropa-note\/#breadcrumb"},"inLanguage":"it-IT","potentialAction":[{"@type":"ReadAction","target":["https:\/\/www.rassegnastampa-totustuus.it\/cattolica\/una-chiave-di-lettura-dellateismo-delleuropa-note\/"]}]},{"@type":"ImageObject","inLanguage":"it-IT","@id":"https:\/\/www.rassegnastampa-totustuus.it\/cattolica\/una-chiave-di-lettura-dellateismo-delleuropa-note\/#primaryimage","url":"https:\/\/www.rassegnastampa-totustuus.it\/cattolica\/wp-content\/uploads\/2005\/10\/Andre_Glucksmann.jpg","contentUrl":"https:\/\/www.rassegnastampa-totustuus.it\/cattolica\/wp-content\/uploads\/2005\/10\/Andre_Glucksmann.jpg","width":275,"height":183},{"@type":"BreadcrumbList","@id":"https:\/\/www.rassegnastampa-totustuus.it\/cattolica\/una-chiave-di-lettura-dellateismo-delleuropa-note\/#breadcrumb","itemListElement":[{"@type":"ListItem","position":1,"name":"Home","item":"https:\/\/www.rassegnastampa-totustuus.it\/cattolica\/"},{"@type":"ListItem","position":2,"name":"Una chiave di lettura dell&#8217;ateismo dell&#8217;Europa (Note)"}]},{"@type":"WebSite","@id":"https:\/\/www.rassegnastampa-totustuus.it\/cattolica\/#website","url":"https:\/\/www.rassegnastampa-totustuus.it\/cattolica\/","name":"Rassegna Stampa Cattolica","description":"Per una cultura che nasce dalla Rivelazione cristiana in conformit\u00e0 alla tradizione e al Magistero della Chiesa in opposizione ad ogni relativismo e totalitarismo","publisher":{"@id":"https:\/\/www.rassegnastampa-totustuus.it\/cattolica\/#organization"},"alternateName":"Rass. Cattolica","potentialAction":[{"@type":"SearchAction","target":{"@type":"EntryPoint","urlTemplate":"https:\/\/www.rassegnastampa-totustuus.it\/cattolica\/?s={search_term_string}"},"query-input":{"@type":"PropertyValueSpecification","valueRequired":true,"valueName":"search_term_string"}}],"inLanguage":"it-IT"},{"@type":"Organization","@id":"https:\/\/www.rassegnastampa-totustuus.it\/cattolica\/#organization","name":"Rassegna Stampa Cattolica","url":"https:\/\/www.rassegnastampa-totustuus.it\/cattolica\/","logo":{"@type":"ImageObject","inLanguage":"it-IT","@id":"https:\/\/www.rassegnastampa-totustuus.it\/cattolica\/#\/schema\/logo\/image\/","url":"https:\/\/www.rassegnastampa-totustuus.it\/cattolica\/wp-content\/uploads\/2014\/04\/logo-rassegna1.gif","contentUrl":"https:\/\/www.rassegnastampa-totustuus.it\/cattolica\/wp-content\/uploads\/2014\/04\/logo-rassegna1.gif","width":600,"height":163,"caption":"Rassegna Stampa Cattolica"},"image":{"@id":"https:\/\/www.rassegnastampa-totustuus.it\/cattolica\/#\/schema\/logo\/image\/"},"sameAs":["https:\/\/www.facebook.com\/rassegnastampacattolica","https:\/\/x.com\/rassegnastampa9"]},{"@type":"Person","@id":"https:\/\/www.rassegnastampa-totustuus.it\/cattolica\/#\/schema\/person\/08f319d2bd1a0904ad9e2bfb7b15e5c3","name":"Redazione","image":{"@type":"ImageObject","inLanguage":"it-IT","@id":"https:\/\/secure.gravatar.com\/avatar\/2fcdf27c78ea025fbdb44e914cc63c72249ffec9dc8aafd5c82b26240ef3f346?s=96&d=mm&r=g","url":"https:\/\/secure.gravatar.com\/avatar\/2fcdf27c78ea025fbdb44e914cc63c72249ffec9dc8aafd5c82b26240ef3f346?s=96&d=mm&r=g","contentUrl":"https:\/\/secure.gravatar.com\/avatar\/2fcdf27c78ea025fbdb44e914cc63c72249ffec9dc8aafd5c82b26240ef3f346?s=96&d=mm&r=g","caption":"Redazione"},"url":"https:\/\/www.rassegnastampa-totustuus.it\/cattolica\/author\/pietroelle\/"}]}},"_links":{"self":[{"href":"https:\/\/www.rassegnastampa-totustuus.it\/cattolica\/wp-json\/wp\/v2\/posts\/1640","targetHints":{"allow":["GET"]}}],"collection":[{"href":"https:\/\/www.rassegnastampa-totustuus.it\/cattolica\/wp-json\/wp\/v2\/posts"}],"about":[{"href":"https:\/\/www.rassegnastampa-totustuus.it\/cattolica\/wp-json\/wp\/v2\/types\/post"}],"author":[{"embeddable":true,"href":"https:\/\/www.rassegnastampa-totustuus.it\/cattolica\/wp-json\/wp\/v2\/users\/6"}],"replies":[{"embeddable":true,"href":"https:\/\/www.rassegnastampa-totustuus.it\/cattolica\/wp-json\/wp\/v2\/comments?post=1640"}],"version-history":[{"count":3,"href":"https:\/\/www.rassegnastampa-totustuus.it\/cattolica\/wp-json\/wp\/v2\/posts\/1640\/revisions"}],"predecessor-version":[{"id":14487,"href":"https:\/\/www.rassegnastampa-totustuus.it\/cattolica\/wp-json\/wp\/v2\/posts\/1640\/revisions\/14487"}],"wp:featuredmedia":[{"embeddable":true,"href":"https:\/\/www.rassegnastampa-totustuus.it\/cattolica\/wp-json\/wp\/v2\/media\/32015"}],"wp:attachment":[{"href":"https:\/\/www.rassegnastampa-totustuus.it\/cattolica\/wp-json\/wp\/v2\/media?parent=1640"}],"wp:term":[{"taxonomy":"category","embeddable":true,"href":"https:\/\/www.rassegnastampa-totustuus.it\/cattolica\/wp-json\/wp\/v2\/categories?post=1640"},{"taxonomy":"post_tag","embeddable":true,"href":"https:\/\/www.rassegnastampa-totustuus.it\/cattolica\/wp-json\/wp\/v2\/tags?post=1640"}],"curies":[{"name":"wp","href":"https:\/\/api.w.org\/{rel}","templated":true}]}}