{"id":1630,"date":"2005-10-25T18:07:35","date_gmt":"2005-10-25T16:07:35","guid":{"rendered":""},"modified":"2015-02-24T15:07:23","modified_gmt":"2015-02-24T14:07:23","slug":"la-guerra-nazionale-spagnola-di-fronte-alla-morale-e-al-diritto-indice","status":"publish","type":"post","link":"https:\/\/www.rassegnastampa-totustuus.it\/cattolica\/la-guerra-nazionale-spagnola-di-fronte-alla-morale-e-al-diritto-indice\/","title":{"rendered":"La guerra nazionale spagnola di fronte alla morale e al diritto  (indice)"},"content":{"rendered":"<div style=\"text-align: center;\">del padre <strong>Ignacio G. Menendez<\/strong> &#8211; Reigada O.P<\/div>\n<p style=\"text-align: center;\"><em>Docente di Teologia Morale, membro dell\u2019associazione Francisco de Vitoria<\/em><\/p>\n<p style=\"text-align: center;\"><a href=\"https:\/\/www.rassegnastampa-totustuus.it\/cattolica\/wp-content\/uploads\/2009\/05\/guerra_Spagna.jpg\"><img loading=\"lazy\" decoding=\"async\" class=\"alignnone wp-image-19745\" src=\"https:\/\/www.rassegnastampa-totustuus.it\/cattolica\/wp-content\/uploads\/2009\/05\/guerra_Spagna.jpg\" alt=\"guerra_Spagna\" width=\"250\" height=\"184\" \/><\/a><\/p>\n<p style=\"text-align: center;\"><strong>INDICE<\/strong><\/p>\n<p><!--more--><\/p>\n<div style=\"text-align: center;\"><strong><a href=\"https:\/\/www.rassegnastampa-totustuus.it\/cattolica\/?p=3312\" target=\"_blank\">PARTE PRIMA<\/a><br \/>\n<\/strong><\/div>\n<p style=\"text-align: center;\"><strong>introduzione<\/strong><\/p>\n<p style=\"text-align: center;\"><strong>PRIMA PROPOSIZIONE<\/strong><\/p>\n<p style=\"text-align: justify;\">l governo del Fronte Popolare \u00e8 illegittimo, tirannico, traditore della Patria e della Nazione,\u00a0<span style=\"font-size: 12px;\">nemico di Dio e della Chiesa<\/span><\/p>\n<p style=\"text-align: center;\"><strong>SECONDA PROPOSIZIONE<\/strong><\/p>\n<p style=\"text-align: justify;\">La rivolta armata contro il Fronte Popolare e il suo governo non solo \u00e8 giusta e lecita, ma anche obbligatoria, costituendo per il Governo Nazionale ed i suoi aderenti\u00a0<span style=\"font-size: 12px;\">la guerra pi\u00f9 santa che la storia abbia conosciuto<\/span><\/p>\n<p style=\"text-align: center;\"><strong>TERZA PROPOSIZIONE<\/strong><\/p>\n<p style=\"text-align: justify;\">Il Governo Nazionale \u00e8 legittimo e cattolico, e sta compiendo un dovere patriottico, umanitario e religioso.<\/p>\n<p style=\"text-align: center;\"><strong>QUARTA PROPOSIZIONE<\/strong><\/p>\n<p style=\"text-align: justify;\">Ogni aiuto o sostegno prestato, direttamente o indirettamente, al Fronte Popolare, \u00e8 illecito; cos\u00ec come, nelle attuali circostanze, lo \u00e8 ugualmente ogni opposizione al legittimo Governo Nazionale.<\/p>\n<p style=\"text-align: center;\"><strong>QUINTA PROPOSIZIONE<\/strong><\/p>\n<p style=\"text-align: justify;\">I nazionalisti baschi, come cristiani, se non come spagnoli, prendendo le armi contro il Governo Nazionale e a fianco del Fronte Popolare, operano illecitamente<\/p>\n<p style=\"text-align: center;\"><strong><a href=\"https:\/\/www.rassegnastampa-totustuus.it\/cattolica\/?p=3313\" target=\"_blank\">PARTE SECONDA<\/a><\/strong><\/p>\n<p style=\"text-align: center;\"><strong>La sottomissione al potere costituito, prassi e dottrina della Chiesa<\/strong><\/p>\n<p style=\"text-align: justify;\"><strong>1\u00b0<\/strong> La Chiesa ed i cristiani, in quanto tali, non devono difendersi con la forza delle armi.<\/p>\n<p style=\"text-align: justify;\"><strong style=\"font-size: 12px;\">2\u00b0<\/strong><span style=\"font-size: 12px;\"> La Chiesa non si mette a dichiarare la legittimit\u00e0 o illegittimit\u00e0 di un potere costituito e, pertanto, la sua attitudine non pu\u00f2 essere altra che la sottomissione e l&#8217;obbedienza al potere, qualunque sia.<\/span><\/p>\n<p style=\"text-align: justify;\"><strong style=\"font-size: 12px;\">3\u00b0<\/strong><span style=\"font-size: 12px;\"> I poteri politici, anche quando abbiano usurpato il potere ingiustamente, devono essere ubbiditi in tutto quello che di giusto comandano, fino a che detengono il potere di fatto.<\/span><\/p>\n<p style=\"text-align: justify;\"><strong style=\"font-size: 12px;\">4\u00b0<\/strong><span style=\"font-size: 12px;\"> Bisogna obbedire anche alle leggi ingiuste finch\u00e9 non comandano qualcosa di illecito, perch\u00e9, se non osservate, potrebbero fare seguire dei mali maggiori alla societ\u00e0 e all&#8217;individuo.<\/span><\/p>\n<p style=\"text-align: justify;\"><strong>5\u00b0<\/strong> La difesa in armi della Patria dal tiranno, che sia tale per origine o per modo di governare, non \u00e8 lecita se vi \u00e8 la speranza fondata di poterla effettuare con mezzi pacifici e legali, a meno che non vi sia pericolo nell&#8217;aspettare.<\/p>\n<p style=\"text-align: justify;\"><strong style=\"font-size: 12px;\">6\u00b0<\/strong><span style=\"font-size: 12px;\"> La difesa armata dal tiranno non \u00e8 lecita quando la tirannia non \u00e8 molto violenta ed i mali che ne vengono sono minori di quelli che si calcola potrebbero venire dalla difesa armata<\/span><\/p>\n<p style=\"text-align: justify;\"><strong>A)<\/strong> Anche se la Chiesa ed i cristiani in quanto tali non si difendono con le armi, i popoli cristiani possono difendere la Chiesa qualora la vedano ingiustamente oppressa, sia in s\u00e9 stessa che in un determinato paese, come possono anche difendere qualunque altra causa giusta, in quanto uomini e cittadini<\/p>\n<p style=\"text-align: justify;\"><strong>B)<\/strong> La Chiesa non dichiara legittima l\u2019autorit\u00e0 solo perch\u00e9 \u00e8 in possesso del potere; di conseguenza, quella ingiustamente usurpata rimarr\u00e0 illegittima e la sottomissione e l\u2019obbedienza che di fatto le si render\u00e0, saranno solo in vista del bene comune.<\/p>\n<p style=\"text-align: justify;\"><strong>C)<\/strong> La Chiesa, nel prescrivere la sottomissione al potere costituito, non intende abolire nessun diritto dei cittadini, ancor meno quando quei diritti costituiscono nello stesso tempo un dovere.<\/p>\n<p style=\"text-align: justify;\"><strong>D)<\/strong> La difesa armata contro il tiranno, che sia tale per usurpazione o per il modo di governo, non si oppone alla dottrina della sottomissione, quando si verificano le condizioni stabilite nella prima serie di proposizioni.<\/p>\n<p style=\"text-align: justify;\"><strong>E)<\/strong> Il popolo spagnolo ha osservato fedelmente la dottrina della sottomissione e dell\u2019obbedienza, cos\u00ec come ora compie il suo dovere in difesa della religione e della Patria, avendo osservato tutte le condizioni necessarie perch\u00e9 la sollevazione fosse lecita.<\/p>\n<p style=\"text-align: center;\"><strong><a href=\"https:\/\/www.rassegnastampa-totustuus.it\/cattolica\/?p=3314\" target=\"_blank\">APPENDICE.<\/a><\/strong><\/p>\n<p style=\"text-align: center;\"><strong>Sulla cattolicit\u00e0 del governo nazionale<\/strong><\/p>\n<p style=\"text-align: center;\"><strong>PARTE TERZA<\/strong><\/p>\n<p style=\"text-align: center;\"><strong><a href=\"https:\/\/www.rassegnastampa-totustuus.it\/cattolica\/?p=190\" target=\"_blank\">Intorno alla &#8220;guerra santa&#8221; (risposta a J Maritain)<\/a><\/strong><\/p>\n","protected":false},"excerpt":{"rendered":"<p>del padre Ignacio G. Menendez &#8211; Reigada O.P Docente di Teologia Morale, membro dell\u2019associazione Francisco de Vitoria INDICE<\/p><p><a class=\"more-link btn\" href=\"https:\/\/www.rassegnastampa-totustuus.it\/cattolica\/la-guerra-nazionale-spagnola-di-fronte-alla-morale-e-al-diritto-indice\/\">Continua a leggere<\/a><\/p>\n","protected":false},"author":6,"featured_media":19745,"comment_status":"closed","ping_status":"open","sticky":false,"template":"","format":"standard","meta":{"footnotes":""},"categories":[6,89,24],"tags":[2404],"class_list":["post-1630","post","type-post","status-publish","format-standard","has-post-thumbnail","hentry","category-cristiani-e-guerra","category-guerra-di-spagna","category-storia","tag-guerra-di-spagna","item-wrap"],"yoast_head":"<!-- This site is optimized with the Yoast SEO plugin v27.4 - https:\/\/yoast.com\/product\/yoast-seo-wordpress\/ -->\n<title>La guerra nazionale spagnola di fronte alla morale e al diritto (indice) - Rassegna Stampa Cattolica<\/title>\n<meta name=\"description\" content=\"Rassegna Stampa Cattolica - Per una cultura che nasce dalla Rivelazione cristiana in conformit\u00e0 alla tradizione e al Magistero della Chiesa in opposizione ad ogni relativismo e totalitarismo\" \/>\n<meta name=\"robots\" content=\"index, follow, max-snippet:-1, max-image-preview:large, max-video-preview:-1\" \/>\n<link rel=\"canonical\" href=\"https:\/\/www.rassegnastampa-totustuus.it\/cattolica\/la-guerra-nazionale-spagnola-di-fronte-alla-morale-e-al-diritto-indice\/\" \/>\n<meta property=\"og:locale\" content=\"it_IT\" \/>\n<meta property=\"og:type\" content=\"article\" \/>\n<meta property=\"og:title\" content=\"La guerra nazionale spagnola di fronte alla morale e al diritto (indice) - Rassegna Stampa Cattolica\" \/>\n<meta property=\"og:description\" content=\"Rassegna Stampa Cattolica - Per una cultura che nasce dalla Rivelazione cristiana in conformit\u00e0 alla tradizione e al Magistero della Chiesa in opposizione ad ogni relativismo e totalitarismo\" \/>\n<meta property=\"og:url\" content=\"https:\/\/www.rassegnastampa-totustuus.it\/cattolica\/la-guerra-nazionale-spagnola-di-fronte-alla-morale-e-al-diritto-indice\/\" \/>\n<meta property=\"og:site_name\" content=\"Rassegna Stampa Cattolica\" \/>\n<meta property=\"article:publisher\" content=\"https:\/\/www.facebook.com\/rassegnastampacattolica\" \/>\n<meta property=\"article:published_time\" content=\"2005-10-25T16:07:35+00:00\" \/>\n<meta property=\"article:modified_time\" content=\"2015-02-24T14:07:23+00:00\" \/>\n<meta property=\"og:image\" content=\"https:\/\/www.rassegnastampa-totustuus.it\/cattolica\/wp-content\/uploads\/2009\/05\/guerra_Spagna.jpg\" \/>\n\t<meta property=\"og:image:width\" content=\"262\" \/>\n\t<meta property=\"og:image:height\" content=\"193\" \/>\n\t<meta property=\"og:image:type\" content=\"image\/jpeg\" \/>\n<meta name=\"author\" content=\"Redazione\" \/>\n<meta name=\"twitter:card\" content=\"summary_large_image\" \/>\n<meta name=\"twitter:creator\" content=\"@rassegnastampa9\" \/>\n<meta name=\"twitter:site\" content=\"@rassegnastampa9\" \/>\n<meta name=\"twitter:label1\" content=\"Scritto da\" \/>\n\t<meta name=\"twitter:data1\" content=\"Redazione\" \/>\n\t<meta name=\"twitter:label2\" content=\"Tempo di lettura stimato\" \/>\n\t<meta name=\"twitter:data2\" content=\"3 minuti\" \/>\n<script type=\"application\/ld+json\" class=\"yoast-schema-graph\">{\"@context\":\"https:\\\/\\\/schema.org\",\"@graph\":[{\"@type\":\"Article\",\"@id\":\"https:\\\/\\\/www.rassegnastampa-totustuus.it\\\/cattolica\\\/la-guerra-nazionale-spagnola-di-fronte-alla-morale-e-al-diritto-indice\\\/#article\",\"isPartOf\":{\"@id\":\"https:\\\/\\\/www.rassegnastampa-totustuus.it\\\/cattolica\\\/la-guerra-nazionale-spagnola-di-fronte-alla-morale-e-al-diritto-indice\\\/\"},\"author\":{\"name\":\"Redazione\",\"@id\":\"https:\\\/\\\/www.rassegnastampa-totustuus.it\\\/cattolica\\\/#\\\/schema\\\/person\\\/08f319d2bd1a0904ad9e2bfb7b15e5c3\"},\"headline\":\"La guerra nazionale spagnola di fronte alla morale e al diritto (indice)\",\"datePublished\":\"2005-10-25T16:07:35+00:00\",\"dateModified\":\"2015-02-24T14:07:23+00:00\",\"mainEntityOfPage\":{\"@id\":\"https:\\\/\\\/www.rassegnastampa-totustuus.it\\\/cattolica\\\/la-guerra-nazionale-spagnola-di-fronte-alla-morale-e-al-diritto-indice\\\/\"},\"wordCount\":565,\"publisher\":{\"@id\":\"https:\\\/\\\/www.rassegnastampa-totustuus.it\\\/cattolica\\\/#organization\"},\"image\":{\"@id\":\"https:\\\/\\\/www.rassegnastampa-totustuus.it\\\/cattolica\\\/la-guerra-nazionale-spagnola-di-fronte-alla-morale-e-al-diritto-indice\\\/#primaryimage\"},\"thumbnailUrl\":\"https:\\\/\\\/www.rassegnastampa-totustuus.it\\\/cattolica\\\/wp-content\\\/uploads\\\/2009\\\/05\\\/guerra_Spagna.jpg\",\"keywords\":[\"Guerra di Spagna\"],\"articleSection\":[\"Cristiani e guerra\",\"Guerra di Spagna\",\"Storia\"],\"inLanguage\":\"it-IT\"},{\"@type\":\"WebPage\",\"@id\":\"https:\\\/\\\/www.rassegnastampa-totustuus.it\\\/cattolica\\\/la-guerra-nazionale-spagnola-di-fronte-alla-morale-e-al-diritto-indice\\\/\",\"url\":\"https:\\\/\\\/www.rassegnastampa-totustuus.it\\\/cattolica\\\/la-guerra-nazionale-spagnola-di-fronte-alla-morale-e-al-diritto-indice\\\/\",\"name\":\"La guerra nazionale spagnola di fronte alla morale e al diritto (indice) - Rassegna Stampa Cattolica\",\"isPartOf\":{\"@id\":\"https:\\\/\\\/www.rassegnastampa-totustuus.it\\\/cattolica\\\/#website\"},\"primaryImageOfPage\":{\"@id\":\"https:\\\/\\\/www.rassegnastampa-totustuus.it\\\/cattolica\\\/la-guerra-nazionale-spagnola-di-fronte-alla-morale-e-al-diritto-indice\\\/#primaryimage\"},\"image\":{\"@id\":\"https:\\\/\\\/www.rassegnastampa-totustuus.it\\\/cattolica\\\/la-guerra-nazionale-spagnola-di-fronte-alla-morale-e-al-diritto-indice\\\/#primaryimage\"},\"thumbnailUrl\":\"https:\\\/\\\/www.rassegnastampa-totustuus.it\\\/cattolica\\\/wp-content\\\/uploads\\\/2009\\\/05\\\/guerra_Spagna.jpg\",\"datePublished\":\"2005-10-25T16:07:35+00:00\",\"dateModified\":\"2015-02-24T14:07:23+00:00\",\"description\":\"Rassegna Stampa Cattolica - Per una cultura che nasce dalla Rivelazione cristiana in conformit\u00e0 alla tradizione e al Magistero della Chiesa in opposizione ad ogni relativismo e totalitarismo\",\"breadcrumb\":{\"@id\":\"https:\\\/\\\/www.rassegnastampa-totustuus.it\\\/cattolica\\\/la-guerra-nazionale-spagnola-di-fronte-alla-morale-e-al-diritto-indice\\\/#breadcrumb\"},\"inLanguage\":\"it-IT\",\"potentialAction\":[{\"@type\":\"ReadAction\",\"target\":[\"https:\\\/\\\/www.rassegnastampa-totustuus.it\\\/cattolica\\\/la-guerra-nazionale-spagnola-di-fronte-alla-morale-e-al-diritto-indice\\\/\"]}]},{\"@type\":\"ImageObject\",\"inLanguage\":\"it-IT\",\"@id\":\"https:\\\/\\\/www.rassegnastampa-totustuus.it\\\/cattolica\\\/la-guerra-nazionale-spagnola-di-fronte-alla-morale-e-al-diritto-indice\\\/#primaryimage\",\"url\":\"https:\\\/\\\/www.rassegnastampa-totustuus.it\\\/cattolica\\\/wp-content\\\/uploads\\\/2009\\\/05\\\/guerra_Spagna.jpg\",\"contentUrl\":\"https:\\\/\\\/www.rassegnastampa-totustuus.it\\\/cattolica\\\/wp-content\\\/uploads\\\/2009\\\/05\\\/guerra_Spagna.jpg\",\"width\":262,\"height\":193},{\"@type\":\"BreadcrumbList\",\"@id\":\"https:\\\/\\\/www.rassegnastampa-totustuus.it\\\/cattolica\\\/la-guerra-nazionale-spagnola-di-fronte-alla-morale-e-al-diritto-indice\\\/#breadcrumb\",\"itemListElement\":[{\"@type\":\"ListItem\",\"position\":1,\"name\":\"Home\",\"item\":\"https:\\\/\\\/www.rassegnastampa-totustuus.it\\\/cattolica\\\/\"},{\"@type\":\"ListItem\",\"position\":2,\"name\":\"La guerra nazionale spagnola di fronte alla morale e al diritto (indice)\"}]},{\"@type\":\"WebSite\",\"@id\":\"https:\\\/\\\/www.rassegnastampa-totustuus.it\\\/cattolica\\\/#website\",\"url\":\"https:\\\/\\\/www.rassegnastampa-totustuus.it\\\/cattolica\\\/\",\"name\":\"Rassegna Stampa Cattolica\",\"description\":\"Per una cultura che nasce dalla Rivelazione cristiana in conformit\u00e0 alla tradizione e al Magistero della Chiesa in opposizione ad ogni relativismo e totalitarismo\",\"publisher\":{\"@id\":\"https:\\\/\\\/www.rassegnastampa-totustuus.it\\\/cattolica\\\/#organization\"},\"alternateName\":\"Rass. Cattolica\",\"potentialAction\":[{\"@type\":\"SearchAction\",\"target\":{\"@type\":\"EntryPoint\",\"urlTemplate\":\"https:\\\/\\\/www.rassegnastampa-totustuus.it\\\/cattolica\\\/?s={search_term_string}\"},\"query-input\":{\"@type\":\"PropertyValueSpecification\",\"valueRequired\":true,\"valueName\":\"search_term_string\"}}],\"inLanguage\":\"it-IT\"},{\"@type\":\"Organization\",\"@id\":\"https:\\\/\\\/www.rassegnastampa-totustuus.it\\\/cattolica\\\/#organization\",\"name\":\"Rassegna Stampa Cattolica\",\"url\":\"https:\\\/\\\/www.rassegnastampa-totustuus.it\\\/cattolica\\\/\",\"logo\":{\"@type\":\"ImageObject\",\"inLanguage\":\"it-IT\",\"@id\":\"https:\\\/\\\/www.rassegnastampa-totustuus.it\\\/cattolica\\\/#\\\/schema\\\/logo\\\/image\\\/\",\"url\":\"https:\\\/\\\/www.rassegnastampa-totustuus.it\\\/cattolica\\\/wp-content\\\/uploads\\\/2014\\\/04\\\/logo-rassegna1.gif\",\"contentUrl\":\"https:\\\/\\\/www.rassegnastampa-totustuus.it\\\/cattolica\\\/wp-content\\\/uploads\\\/2014\\\/04\\\/logo-rassegna1.gif\",\"width\":600,\"height\":163,\"caption\":\"Rassegna Stampa Cattolica\"},\"image\":{\"@id\":\"https:\\\/\\\/www.rassegnastampa-totustuus.it\\\/cattolica\\\/#\\\/schema\\\/logo\\\/image\\\/\"},\"sameAs\":[\"https:\\\/\\\/www.facebook.com\\\/rassegnastampacattolica\",\"https:\\\/\\\/x.com\\\/rassegnastampa9\"]},{\"@type\":\"Person\",\"@id\":\"https:\\\/\\\/www.rassegnastampa-totustuus.it\\\/cattolica\\\/#\\\/schema\\\/person\\\/08f319d2bd1a0904ad9e2bfb7b15e5c3\",\"name\":\"Redazione\",\"image\":{\"@type\":\"ImageObject\",\"inLanguage\":\"it-IT\",\"@id\":\"https:\\\/\\\/secure.gravatar.com\\\/avatar\\\/2fcdf27c78ea025fbdb44e914cc63c72249ffec9dc8aafd5c82b26240ef3f346?s=96&d=mm&r=g\",\"url\":\"https:\\\/\\\/secure.gravatar.com\\\/avatar\\\/2fcdf27c78ea025fbdb44e914cc63c72249ffec9dc8aafd5c82b26240ef3f346?s=96&d=mm&r=g\",\"contentUrl\":\"https:\\\/\\\/secure.gravatar.com\\\/avatar\\\/2fcdf27c78ea025fbdb44e914cc63c72249ffec9dc8aafd5c82b26240ef3f346?s=96&d=mm&r=g\",\"caption\":\"Redazione\"},\"url\":\"https:\\\/\\\/www.rassegnastampa-totustuus.it\\\/cattolica\\\/author\\\/pietroelle\\\/\"}]}<\/script>\n<!-- \/ Yoast SEO plugin. -->","yoast_head_json":{"title":"La guerra nazionale spagnola di fronte alla morale e al diritto (indice) - Rassegna Stampa Cattolica","description":"Rassegna Stampa Cattolica - Per una cultura che nasce dalla Rivelazione cristiana in conformit\u00e0 alla tradizione e al Magistero della Chiesa in opposizione ad ogni relativismo e totalitarismo","robots":{"index":"index","follow":"follow","max-snippet":"max-snippet:-1","max-image-preview":"max-image-preview:large","max-video-preview":"max-video-preview:-1"},"canonical":"https:\/\/www.rassegnastampa-totustuus.it\/cattolica\/la-guerra-nazionale-spagnola-di-fronte-alla-morale-e-al-diritto-indice\/","og_locale":"it_IT","og_type":"article","og_title":"La guerra nazionale spagnola di fronte alla morale e al diritto (indice) - Rassegna Stampa Cattolica","og_description":"Rassegna Stampa Cattolica - Per una cultura che nasce dalla Rivelazione cristiana in conformit\u00e0 alla tradizione e al Magistero della Chiesa in opposizione ad ogni relativismo e totalitarismo","og_url":"https:\/\/www.rassegnastampa-totustuus.it\/cattolica\/la-guerra-nazionale-spagnola-di-fronte-alla-morale-e-al-diritto-indice\/","og_site_name":"Rassegna Stampa Cattolica","article_publisher":"https:\/\/www.facebook.com\/rassegnastampacattolica","article_published_time":"2005-10-25T16:07:35+00:00","article_modified_time":"2015-02-24T14:07:23+00:00","og_image":[{"width":262,"height":193,"url":"https:\/\/www.rassegnastampa-totustuus.it\/cattolica\/wp-content\/uploads\/2009\/05\/guerra_Spagna.jpg","type":"image\/jpeg"}],"author":"Redazione","twitter_card":"summary_large_image","twitter_creator":"@rassegnastampa9","twitter_site":"@rassegnastampa9","twitter_misc":{"Scritto da":"Redazione","Tempo di lettura stimato":"3 minuti"},"schema":{"@context":"https:\/\/schema.org","@graph":[{"@type":"Article","@id":"https:\/\/www.rassegnastampa-totustuus.it\/cattolica\/la-guerra-nazionale-spagnola-di-fronte-alla-morale-e-al-diritto-indice\/#article","isPartOf":{"@id":"https:\/\/www.rassegnastampa-totustuus.it\/cattolica\/la-guerra-nazionale-spagnola-di-fronte-alla-morale-e-al-diritto-indice\/"},"author":{"name":"Redazione","@id":"https:\/\/www.rassegnastampa-totustuus.it\/cattolica\/#\/schema\/person\/08f319d2bd1a0904ad9e2bfb7b15e5c3"},"headline":"La guerra nazionale spagnola di fronte alla morale e al diritto (indice)","datePublished":"2005-10-25T16:07:35+00:00","dateModified":"2015-02-24T14:07:23+00:00","mainEntityOfPage":{"@id":"https:\/\/www.rassegnastampa-totustuus.it\/cattolica\/la-guerra-nazionale-spagnola-di-fronte-alla-morale-e-al-diritto-indice\/"},"wordCount":565,"publisher":{"@id":"https:\/\/www.rassegnastampa-totustuus.it\/cattolica\/#organization"},"image":{"@id":"https:\/\/www.rassegnastampa-totustuus.it\/cattolica\/la-guerra-nazionale-spagnola-di-fronte-alla-morale-e-al-diritto-indice\/#primaryimage"},"thumbnailUrl":"https:\/\/www.rassegnastampa-totustuus.it\/cattolica\/wp-content\/uploads\/2009\/05\/guerra_Spagna.jpg","keywords":["Guerra di Spagna"],"articleSection":["Cristiani e guerra","Guerra di Spagna","Storia"],"inLanguage":"it-IT"},{"@type":"WebPage","@id":"https:\/\/www.rassegnastampa-totustuus.it\/cattolica\/la-guerra-nazionale-spagnola-di-fronte-alla-morale-e-al-diritto-indice\/","url":"https:\/\/www.rassegnastampa-totustuus.it\/cattolica\/la-guerra-nazionale-spagnola-di-fronte-alla-morale-e-al-diritto-indice\/","name":"La guerra nazionale spagnola di fronte alla morale e al diritto (indice) - Rassegna Stampa Cattolica","isPartOf":{"@id":"https:\/\/www.rassegnastampa-totustuus.it\/cattolica\/#website"},"primaryImageOfPage":{"@id":"https:\/\/www.rassegnastampa-totustuus.it\/cattolica\/la-guerra-nazionale-spagnola-di-fronte-alla-morale-e-al-diritto-indice\/#primaryimage"},"image":{"@id":"https:\/\/www.rassegnastampa-totustuus.it\/cattolica\/la-guerra-nazionale-spagnola-di-fronte-alla-morale-e-al-diritto-indice\/#primaryimage"},"thumbnailUrl":"https:\/\/www.rassegnastampa-totustuus.it\/cattolica\/wp-content\/uploads\/2009\/05\/guerra_Spagna.jpg","datePublished":"2005-10-25T16:07:35+00:00","dateModified":"2015-02-24T14:07:23+00:00","description":"Rassegna Stampa Cattolica - Per una cultura che nasce dalla Rivelazione cristiana in conformit\u00e0 alla tradizione e al Magistero della Chiesa in opposizione ad ogni relativismo e totalitarismo","breadcrumb":{"@id":"https:\/\/www.rassegnastampa-totustuus.it\/cattolica\/la-guerra-nazionale-spagnola-di-fronte-alla-morale-e-al-diritto-indice\/#breadcrumb"},"inLanguage":"it-IT","potentialAction":[{"@type":"ReadAction","target":["https:\/\/www.rassegnastampa-totustuus.it\/cattolica\/la-guerra-nazionale-spagnola-di-fronte-alla-morale-e-al-diritto-indice\/"]}]},{"@type":"ImageObject","inLanguage":"it-IT","@id":"https:\/\/www.rassegnastampa-totustuus.it\/cattolica\/la-guerra-nazionale-spagnola-di-fronte-alla-morale-e-al-diritto-indice\/#primaryimage","url":"https:\/\/www.rassegnastampa-totustuus.it\/cattolica\/wp-content\/uploads\/2009\/05\/guerra_Spagna.jpg","contentUrl":"https:\/\/www.rassegnastampa-totustuus.it\/cattolica\/wp-content\/uploads\/2009\/05\/guerra_Spagna.jpg","width":262,"height":193},{"@type":"BreadcrumbList","@id":"https:\/\/www.rassegnastampa-totustuus.it\/cattolica\/la-guerra-nazionale-spagnola-di-fronte-alla-morale-e-al-diritto-indice\/#breadcrumb","itemListElement":[{"@type":"ListItem","position":1,"name":"Home","item":"https:\/\/www.rassegnastampa-totustuus.it\/cattolica\/"},{"@type":"ListItem","position":2,"name":"La guerra nazionale spagnola di fronte alla morale e al diritto (indice)"}]},{"@type":"WebSite","@id":"https:\/\/www.rassegnastampa-totustuus.it\/cattolica\/#website","url":"https:\/\/www.rassegnastampa-totustuus.it\/cattolica\/","name":"Rassegna Stampa Cattolica","description":"Per una cultura che nasce dalla Rivelazione cristiana in conformit\u00e0 alla tradizione e al Magistero della Chiesa in opposizione ad ogni relativismo e totalitarismo","publisher":{"@id":"https:\/\/www.rassegnastampa-totustuus.it\/cattolica\/#organization"},"alternateName":"Rass. Cattolica","potentialAction":[{"@type":"SearchAction","target":{"@type":"EntryPoint","urlTemplate":"https:\/\/www.rassegnastampa-totustuus.it\/cattolica\/?s={search_term_string}"},"query-input":{"@type":"PropertyValueSpecification","valueRequired":true,"valueName":"search_term_string"}}],"inLanguage":"it-IT"},{"@type":"Organization","@id":"https:\/\/www.rassegnastampa-totustuus.it\/cattolica\/#organization","name":"Rassegna Stampa Cattolica","url":"https:\/\/www.rassegnastampa-totustuus.it\/cattolica\/","logo":{"@type":"ImageObject","inLanguage":"it-IT","@id":"https:\/\/www.rassegnastampa-totustuus.it\/cattolica\/#\/schema\/logo\/image\/","url":"https:\/\/www.rassegnastampa-totustuus.it\/cattolica\/wp-content\/uploads\/2014\/04\/logo-rassegna1.gif","contentUrl":"https:\/\/www.rassegnastampa-totustuus.it\/cattolica\/wp-content\/uploads\/2014\/04\/logo-rassegna1.gif","width":600,"height":163,"caption":"Rassegna Stampa Cattolica"},"image":{"@id":"https:\/\/www.rassegnastampa-totustuus.it\/cattolica\/#\/schema\/logo\/image\/"},"sameAs":["https:\/\/www.facebook.com\/rassegnastampacattolica","https:\/\/x.com\/rassegnastampa9"]},{"@type":"Person","@id":"https:\/\/www.rassegnastampa-totustuus.it\/cattolica\/#\/schema\/person\/08f319d2bd1a0904ad9e2bfb7b15e5c3","name":"Redazione","image":{"@type":"ImageObject","inLanguage":"it-IT","@id":"https:\/\/secure.gravatar.com\/avatar\/2fcdf27c78ea025fbdb44e914cc63c72249ffec9dc8aafd5c82b26240ef3f346?s=96&d=mm&r=g","url":"https:\/\/secure.gravatar.com\/avatar\/2fcdf27c78ea025fbdb44e914cc63c72249ffec9dc8aafd5c82b26240ef3f346?s=96&d=mm&r=g","contentUrl":"https:\/\/secure.gravatar.com\/avatar\/2fcdf27c78ea025fbdb44e914cc63c72249ffec9dc8aafd5c82b26240ef3f346?s=96&d=mm&r=g","caption":"Redazione"},"url":"https:\/\/www.rassegnastampa-totustuus.it\/cattolica\/author\/pietroelle\/"}]}},"_links":{"self":[{"href":"https:\/\/www.rassegnastampa-totustuus.it\/cattolica\/wp-json\/wp\/v2\/posts\/1630","targetHints":{"allow":["GET"]}}],"collection":[{"href":"https:\/\/www.rassegnastampa-totustuus.it\/cattolica\/wp-json\/wp\/v2\/posts"}],"about":[{"href":"https:\/\/www.rassegnastampa-totustuus.it\/cattolica\/wp-json\/wp\/v2\/types\/post"}],"author":[{"embeddable":true,"href":"https:\/\/www.rassegnastampa-totustuus.it\/cattolica\/wp-json\/wp\/v2\/users\/6"}],"replies":[{"embeddable":true,"href":"https:\/\/www.rassegnastampa-totustuus.it\/cattolica\/wp-json\/wp\/v2\/comments?post=1630"}],"version-history":[{"count":3,"href":"https:\/\/www.rassegnastampa-totustuus.it\/cattolica\/wp-json\/wp\/v2\/posts\/1630\/revisions"}],"predecessor-version":[{"id":19755,"href":"https:\/\/www.rassegnastampa-totustuus.it\/cattolica\/wp-json\/wp\/v2\/posts\/1630\/revisions\/19755"}],"wp:featuredmedia":[{"embeddable":true,"href":"https:\/\/www.rassegnastampa-totustuus.it\/cattolica\/wp-json\/wp\/v2\/media\/19745"}],"wp:attachment":[{"href":"https:\/\/www.rassegnastampa-totustuus.it\/cattolica\/wp-json\/wp\/v2\/media?parent=1630"}],"wp:term":[{"taxonomy":"category","embeddable":true,"href":"https:\/\/www.rassegnastampa-totustuus.it\/cattolica\/wp-json\/wp\/v2\/categories?post=1630"},{"taxonomy":"post_tag","embeddable":true,"href":"https:\/\/www.rassegnastampa-totustuus.it\/cattolica\/wp-json\/wp\/v2\/tags?post=1630"}],"curies":[{"name":"wp","href":"https:\/\/api.w.org\/{rel}","templated":true}]}}